{"id":7683,"date":"2024-06-19T08:47:40","date_gmt":"2024-06-19T06:47:40","guid":{"rendered":"https:\/\/allasorias.hu\/hirek\/?p=7683"},"modified":"2024-06-19T08:49:15","modified_gmt":"2024-06-19T06:49:15","slug":"munkaerohianyra-lehet-szamitani","status":"publish","type":"post","link":"https:\/\/allasorias.hu\/hirek\/munkaerohianyra-lehet-szamitani\/","title":{"rendered":"Munkaer\u0151hi\u00e1nyra lehet sz\u00e1m\u00edtani"},"content":{"rendered":"<p><strong>Egy\u00a0 tanulm\u00e1ny szerint egyetemi \u00e9s k\u00f6z\u00e9pfok\u00fa szakmai v\u00e9gzetts\u00e9g\u0171 alkalmazottat tal\u00e1lni a legnehezebb, illetve a k\u00f6zelj\u00f6v\u0151ben a m\u00e9rn\u00f6ki \u00e9s informatikai v\u00e9gzetts\u00e9g\u0171 munkav\u00e1llal\u00f3k tal\u00e1lnak a legk\u00f6nnyebben munk\u00e1t.<\/strong><\/p>\n<p>A Munkaad\u00f3k \u00e9s Gy\u00e1riparosok Orsz\u00e1gos Sz\u00f6vets\u00e9ge (MGYOSZ) konferenci\u00e1j\u00e1n bemutatt\u00e1k, milyen munkaer\u0151piaci v\u00e1ltoz\u00e1sokra lehet sz\u00e1m\u00edtani az elk\u00f6vetkez\u0151 t\u00edz \u00e9v sor\u00e1n. Dr. Czomba S\u00e1ndor foglalkoztat\u00e1spolitik\u00e1\u00e9rt felel\u0151s \u00e1llamtitk\u00e1r elmondta, hogy az el\u0151rejelz\u00e9sek szerint 2030-ra 300 000 ember fog hi\u00e1nyozni a hazai munkaer\u0151piacr\u00f3l, mely t\u00f6bbek k\u00f6z\u00f6tt a demogr\u00e1fiai trendeknek, a munkaer\u0151piaci tartal\u00e9kok kimer\u00fcl\u00e9s\u00e9nek, illetve a k\u00e9pzetts\u00e9g hi\u00e1ny\u00e1nak lesz k\u00f6sz\u00f6nhet\u0151.<\/p>\n<p>B\u00e1lint Adrienn, az MGYOSZ Foglalkoztat\u00e1s \u00e9s Szoci\u00e1lis \u00fcgyek igazgat\u00f3jak\u00e9nt ismertette az egy \u00e9vig tart\u00f3 kutat\u00e1suk eredm\u00e9ny\u00e9t, mely szerint a n\u00f6vekv\u0151 munkaer\u0151- \u00e9s k\u00e9szs\u00e9ghi\u00e1ny m\u00e1r most tapasztalhat\u00f3. Ennek legf\u0151bb okai jelenleg az elv\u00e1ndorl\u00e1s, a mobilit\u00e1s hi\u00e1nya, illetve az oktat\u00e1s, mely s\u00fcrg\u0151s reformra szorul. Ez ut\u00f3bbi sem jelentene azonnali megold\u00e1st, \u201cEnnek t\u00edz \u00e9ven bel\u00fcl m\u00e9g nem lesz k\u00e9zzelfoghat\u00f3 hat\u00e1sa a munkaer\u0151piacra\u201d \u2013 hangoztt el.<\/p>\n<h2>K\u00fclf\u00f6ldi munkav\u00e1llal\u00f3kra sz\u00fcks\u00e9g van<\/h2>\n<p>A kutat\u00e1s alapj\u00e1n a <a href=\"https:\/\/allasorias.hu\/allasok\/mernok-muszaki-villamossagi\">m\u00e9rn\u00f6ki \u00e9s informatikai munkak\u00f6r\u00f6k<\/a> lesznek (tov\u00e1bbra is) a legkeresettebbek, ezen bel\u00fcl a data analyst, a cloud engineer \u00e9s a business intelligence developer poz\u00edci\u00f3kra v\u00e1rhat\u00f3 a legnagyobb kereslet. A hagyom\u00e1nyos munkak\u00f6r\u00f6k k\u00f6z\u00fcl \u2013 a mesters\u00e9ges intelligencia \u00e9s a robotiz\u00e1ci\u00f3 terjed\u00e9se ellen\u00e9re \u2013 pedig biztos megmaradnak a HR, a p\u00e9nz\u00fcgy, illetve a munkav\u00e9delemmel foglalkoz\u00f3 szakemberek. Ami v\u00e1rhat\u00f3an elt\u0171nik (vagy jelent\u0151sen cs\u00f6kken a ter\u00fcleten dolgoz\u00f3k sz\u00e1ma), az a f\u0151leg monoton fizikai \u00e9s szellemi munk\u00e1t ig\u00e9nyl\u0151 munkak\u00f6r\u00f6k. Abban mindenki egyet\u00e9rtett, hogy a k\u00fclf\u00f6ldi munkav\u00e1llal\u00f3kra sz\u00fcks\u00e9g van az orsz\u00e1gban.<\/p>\n<p>Forr\u00e1s: <a href=\"https:\/\/forbes.hu\/uzlet\/300ezer-munkavallalo-fog-hianyozni-2030-ra\/\" target=\"_blank\" rel=\"nofollow noopener noreferrer\">forbes.hu<\/a><\/p>\n","protected":false},"excerpt":{"rendered":"<p>Egy\u00a0 tanulm\u00e1ny szerint egyetemi \u00e9s k\u00f6z\u00e9pfok\u00fa szakmai v\u00e9gzetts\u00e9g\u0171 alkalmazottat tal\u00e1lni a legnehezebb, illetve a k\u00f6zelj\u00f6v\u0151ben a m\u00e9rn\u00f6ki \u00e9s informatikai v\u00e9gzetts\u00e9g\u0171 munkav\u00e1llal\u00f3k tal\u00e1lnak a legk\u00f6nnyebben munk\u00e1t. A Munkaad\u00f3k \u00e9s Gy\u00e1riparosok Orsz\u00e1gos Sz\u00f6vets\u00e9ge (MGYOSZ) konferenci\u00e1j\u00e1n bemutatt\u00e1k, milyen munkaer\u0151piaci v\u00e1ltoz\u00e1sokra lehet sz\u00e1m\u00edtani az elk\u00f6vetkez\u0151 t\u00edz \u00e9v sor\u00e1n. Dr. Czomba S\u00e1ndor foglalkoztat\u00e1spolitik\u00e1\u00e9rt felel\u0151s \u00e1llamtitk\u00e1r elmondta, hogy az el\u0151rejelz\u00e9sek szerint [&hellip;]<\/p>\n","protected":false},"author":1,"featured_media":7684,"comment_status":"closed","ping_status":"closed","sticky":false,"template":"","format":"standard","meta":{"_monsterinsights_skip_tracking":false,"footnotes":""},"categories":[200],"tags":[296],"class_list":["post-7683","post","type-post","status-publish","format-standard","has-post-thumbnail","hentry","category-munkaeropiac","tag-munkaerohiany"],"aioseo_notices":[],"aioseo_head":"\n\t\t<!-- All in One SEO 5.0.0.1 - aioseo.com -->\n\t<meta name=\"description\" content=\"2030-ra 300 000 ember fog hi\u00e1nyozni a hazai munkaer\u0151piacr\u00f3l, a munkaer\u0151piaci tartal\u00e9kok kimer\u00fcl\u00e9s\u00e9nek, illetve a k\u00e9pzetts\u00e9g hi\u00e1ny\u00e1nak k\u00f6sz\u00f6nhet\u0151en.\" \/>\n\t<meta name=\"robots\" content=\"max-image-preview:large\" \/>\n\t<meta name=\"author\" content=\"Juh\u00e1sz P\u00e9ter\"\/>\n\t<meta name=\"keywords\" content=\"munkaer\u0151hi\u00e1ny\" \/>\n\t<link rel=\"canonical\" href=\"https:\/\/allasorias.hu\/hirek\/munkaerohianyra-lehet-szamitani\/\" \/>\n\t<meta name=\"generator\" content=\"All in One SEO (AIOSEO) 5.0.0.1\" \/>\n\t\t<meta property=\"og:locale\" content=\"hu_HU\" \/>\n\t\t<meta property=\"og:site_name\" content=\"AllasOrias.hu | H\u00edrek-lapszemle | \u00dczleti h\u00edrek az \u00e1ll\u00e1s \u00e9s a munka vil\u00e1g\u00e1b\u00f3l\" \/>\n\t\t<meta property=\"og:type\" content=\"article\" \/>\n\t\t<meta property=\"og:title\" content=\"Munkaer\u0151hi\u00e1nyra lehet sz\u00e1m\u00edtani | Allasorias.hu\/Hirek\" \/>\n\t\t<meta property=\"og:description\" content=\"2030-ra 300 000 ember fog hi\u00e1nyozni a hazai munkaer\u0151piacr\u00f3l, a munkaer\u0151piaci tartal\u00e9kok kimer\u00fcl\u00e9s\u00e9nek, illetve a k\u00e9pzetts\u00e9g hi\u00e1ny\u00e1nak k\u00f6sz\u00f6nhet\u0151en.\" \/>\n\t\t<meta property=\"og:url\" content=\"https:\/\/allasorias.hu\/hirek\/munkaerohianyra-lehet-szamitani\/\" \/>\n\t\t<meta property=\"og:image\" content=\"https:\/\/allasorias.hu\/hirek\/wp-content\/uploads\/2024\/06\/munkaerohiany-varhato.jpg\" \/>\n\t\t<meta property=\"og:image:secure_url\" content=\"https:\/\/allasorias.hu\/hirek\/wp-content\/uploads\/2024\/06\/munkaerohiany-varhato.jpg\" \/>\n\t\t<meta property=\"og:image:width\" content=\"1280\" \/>\n\t\t<meta property=\"og:image:height\" content=\"854\" \/>\n\t\t<meta property=\"article:published_time\" content=\"2024-06-19T06:47:40+00:00\" \/>\n\t\t<meta property=\"article:modified_time\" content=\"2024-06-19T06:49:15+00:00\" \/>\n\t\t<meta property=\"article:publisher\" content=\"https:\/\/www.facebook.com\/allasorias\" \/>\n\t\t<meta name=\"twitter:card\" content=\"summary_large_image\" \/>\n\t\t<meta name=\"twitter:title\" content=\"Munkaer\u0151hi\u00e1nyra lehet sz\u00e1m\u00edtani | Allasorias.hu\/Hirek\" \/>\n\t\t<meta name=\"twitter:description\" content=\"2030-ra 300 000 ember fog hi\u00e1nyozni a hazai munkaer\u0151piacr\u00f3l, a munkaer\u0151piaci tartal\u00e9kok kimer\u00fcl\u00e9s\u00e9nek, illetve a k\u00e9pzetts\u00e9g hi\u00e1ny\u00e1nak k\u00f6sz\u00f6nhet\u0151en.\" \/>\n\t\t<meta name=\"twitter:image\" content=\"https:\/\/allasorias.hu\/hirek\/wp-content\/uploads\/2024\/06\/munkaerohiany-varhato.jpg\" \/>\n\t\t<meta name=\"twitter:label1\" content=\"Written by\" \/>\n\t\t<meta name=\"twitter:data1\" content=\"Juh\u00e1sz P\u00e9ter\" \/>\n\t\t<meta name=\"twitter:label2\" content=\"Est. reading time\" \/>\n\t\t<meta name=\"twitter:data2\" content=\"2 minutes\" \/>\n\t\t<script type=\"application\/ld+json\" class=\"aioseo-schema\">\n\t\t\t{\"@context\":\"https:\\\/\\\/schema.org\",\"@graph\":[{\"@type\":\"Article\",\"@id\":\"https:\\\/\\\/allasorias.hu\\\/hirek\\\/munkaerohianyra-lehet-szamitani\\\/#article\",\"name\":\"Munkaer\\u0151hi\\u00e1nyra lehet sz\\u00e1m\\u00edtani | Allasorias.hu\\\/Hirek\",\"headline\":\"Munkaer\\u0151hi\\u00e1nyra lehet sz\\u00e1m\\u00edtani\",\"author\":{\"@id\":\"https:\\\/\\\/allasorias.hu\\\/hirek\\\/author\\\/admin-allasorias\\\/#author\"},\"publisher\":{\"@id\":\"https:\\\/\\\/allasorias.hu\\\/hirek\\\/#organization\"},\"image\":{\"@type\":\"ImageObject\",\"url\":\"https:\\\/\\\/allasorias.hu\\\/hirek\\\/wp-content\\\/uploads\\\/2024\\\/06\\\/munkaerohiany-varhato.jpg\",\"width\":1280,\"height\":854,\"caption\":\"Munkaer\\u0151hi\\u00e1nyra lehet sz\\u00e1m\\u00edtani  - Allasorias.hu\\\/Hirek\"},\"datePublished\":\"2024-06-19T08:47:40+02:00\",\"dateModified\":\"2024-06-19T08:49:15+02:00\",\"inLanguage\":\"hu-HU\",\"mainEntityOfPage\":{\"@id\":\"https:\\\/\\\/allasorias.hu\\\/hirek\\\/munkaerohianyra-lehet-szamitani\\\/#webpage\"},\"isPartOf\":{\"@id\":\"https:\\\/\\\/allasorias.hu\\\/hirek\\\/munkaerohianyra-lehet-szamitani\\\/#webpage\"},\"articleSection\":\"Munkaer\\u0151piac, munkaer\\u0151hi\\u00e1ny\"},{\"@type\":\"BreadcrumbList\",\"@id\":\"https:\\\/\\\/allasorias.hu\\\/hirek\\\/munkaerohianyra-lehet-szamitani\\\/#breadcrumblist\",\"itemListElement\":[{\"@type\":\"ListItem\",\"@id\":\"https:\\\/\\\/allasorias.hu\\\/hirek#listItem\",\"position\":1,\"name\":\"Home\",\"item\":\"https:\\\/\\\/allasorias.hu\\\/hirek\",\"nextItem\":{\"@type\":\"ListItem\",\"@id\":\"https:\\\/\\\/allasorias.hu\\\/hirek\\\/temak\\\/munkaeropiac\\\/#listItem\",\"name\":\"Munkaer\\u0151piac\"}},{\"@type\":\"ListItem\",\"@id\":\"https:\\\/\\\/allasorias.hu\\\/hirek\\\/temak\\\/munkaeropiac\\\/#listItem\",\"position\":2,\"name\":\"Munkaer\\u0151piac\",\"item\":\"https:\\\/\\\/allasorias.hu\\\/hirek\\\/temak\\\/munkaeropiac\\\/\",\"nextItem\":{\"@type\":\"ListItem\",\"@id\":\"https:\\\/\\\/allasorias.hu\\\/hirek\\\/munkaerohianyra-lehet-szamitani\\\/#listItem\",\"name\":\"Munkaer\\u0151hi\\u00e1nyra lehet sz\\u00e1m\\u00edtani\"},\"previousItem\":{\"@type\":\"ListItem\",\"@id\":\"https:\\\/\\\/allasorias.hu\\\/hirek#listItem\",\"name\":\"Home\"}},{\"@type\":\"ListItem\",\"@id\":\"https:\\\/\\\/allasorias.hu\\\/hirek\\\/munkaerohianyra-lehet-szamitani\\\/#listItem\",\"position\":3,\"name\":\"Munkaer\\u0151hi\\u00e1nyra lehet sz\\u00e1m\\u00edtani\",\"previousItem\":{\"@type\":\"ListItem\",\"@id\":\"https:\\\/\\\/allasorias.hu\\\/hirek\\\/temak\\\/munkaeropiac\\\/#listItem\",\"name\":\"Munkaer\\u0151piac\"}}]},{\"@type\":\"Organization\",\"@id\":\"https:\\\/\\\/allasorias.hu\\\/hirek\\\/#organization\",\"name\":\"AllasOrias.hu | H\\u00edrek-lapszemle\",\"description\":\"\\u00dczleti h\\u00edrek az \\u00e1ll\\u00e1s \\u00e9s a munka vil\\u00e1g\\u00e1b\\u00f3l\",\"url\":\"https:\\\/\\\/allasorias.hu\\\/hirek\\\/\",\"logo\":{\"@type\":\"ImageObject\",\"url\":\"https:\\\/\\\/allasorias.hu\\\/hirek\\\/wp-content\\\/uploads\\\/2022\\\/10\\\/allasorias_site_facebok_logo.png\",\"@id\":\"https:\\\/\\\/allasorias.hu\\\/hirek\\\/munkaerohianyra-lehet-szamitani\\\/#organizationLogo\"},\"image\":{\"@id\":\"https:\\\/\\\/allasorias.hu\\\/hirek\\\/munkaerohianyra-lehet-szamitani\\\/#organizationLogo\"},\"sameAs\":[\"https:\\\/\\\/www.facebook.com\\\/allasorias\",\"https:\\\/\\\/www.linkedin.com\\\/company\\\/allasorias\"]},{\"@type\":\"Person\",\"@id\":\"https:\\\/\\\/allasorias.hu\\\/hirek\\\/author\\\/admin-allasorias\\\/#author\",\"url\":\"https:\\\/\\\/allasorias.hu\\\/hirek\\\/author\\\/admin-allasorias\\\/\",\"name\":\"Juh\\u00e1sz P\\u00e9ter\",\"image\":{\"@type\":\"ImageObject\",\"@id\":\"https:\\\/\\\/allasorias.hu\\\/hirek\\\/munkaerohianyra-lehet-szamitani\\\/#authorImage\",\"url\":\"https:\\\/\\\/secure.gravatar.com\\\/avatar\\\/36e6bcb83148978b992977cb0f54d22feb0cce8a0a849a9410532bb2623ba4c6?s=96&d=mm&r=g\",\"width\":96,\"height\":96,\"caption\":\"Juh\\u00e1sz P\\u00e9ter\"}},{\"@type\":\"WebPage\",\"@id\":\"https:\\\/\\\/allasorias.hu\\\/hirek\\\/munkaerohianyra-lehet-szamitani\\\/#webpage\",\"url\":\"https:\\\/\\\/allasorias.hu\\\/hirek\\\/munkaerohianyra-lehet-szamitani\\\/\",\"name\":\"Munkaer\\u0151hi\\u00e1nyra lehet sz\\u00e1m\\u00edtani | Allasorias.hu\\\/Hirek\",\"description\":\"2030-ra 300 000 ember fog hi\\u00e1nyozni a hazai munkaer\\u0151piacr\\u00f3l, a munkaer\\u0151piaci tartal\\u00e9kok kimer\\u00fcl\\u00e9s\\u00e9nek, illetve a k\\u00e9pzetts\\u00e9g hi\\u00e1ny\\u00e1nak k\\u00f6sz\\u00f6nhet\\u0151en.\",\"inLanguage\":\"hu-HU\",\"isPartOf\":{\"@id\":\"https:\\\/\\\/allasorias.hu\\\/hirek\\\/#website\"},\"breadcrumb\":{\"@id\":\"https:\\\/\\\/allasorias.hu\\\/hirek\\\/munkaerohianyra-lehet-szamitani\\\/#breadcrumblist\"},\"author\":{\"@id\":\"https:\\\/\\\/allasorias.hu\\\/hirek\\\/author\\\/admin-allasorias\\\/#author\"},\"creator\":{\"@id\":\"https:\\\/\\\/allasorias.hu\\\/hirek\\\/author\\\/admin-allasorias\\\/#author\"},\"image\":{\"@type\":\"ImageObject\",\"url\":\"https:\\\/\\\/allasorias.hu\\\/hirek\\\/wp-content\\\/uploads\\\/2024\\\/06\\\/munkaerohiany-varhato.jpg\",\"@id\":\"https:\\\/\\\/allasorias.hu\\\/hirek\\\/munkaerohianyra-lehet-szamitani\\\/#mainImage\",\"width\":1280,\"height\":854,\"caption\":\"Munkaer\\u0151hi\\u00e1nyra lehet sz\\u00e1m\\u00edtani  - Allasorias.hu\\\/Hirek\"},\"primaryImageOfPage\":{\"@id\":\"https:\\\/\\\/allasorias.hu\\\/hirek\\\/munkaerohianyra-lehet-szamitani\\\/#mainImage\"},\"datePublished\":\"2024-06-19T08:47:40+02:00\",\"dateModified\":\"2024-06-19T08:49:15+02:00\"},{\"@type\":\"WebSite\",\"@id\":\"https:\\\/\\\/allasorias.hu\\\/hirek\\\/#website\",\"url\":\"https:\\\/\\\/allasorias.hu\\\/hirek\\\/\",\"name\":\"AllasOrias.hu | H\\u00edrek-lapszemle\",\"description\":\"\\u00dczleti h\\u00edrek az \\u00e1ll\\u00e1s \\u00e9s a munka vil\\u00e1g\\u00e1b\\u00f3l\",\"inLanguage\":\"hu-HU\",\"publisher\":{\"@id\":\"https:\\\/\\\/allasorias.hu\\\/hirek\\\/#organization\"}}]}\n\t\t<\/script>\n\t\t<!-- All in One SEO -->\n\n","aioseo_head_json":{"title":"Munkaer\u0151hi\u00e1nyra lehet sz\u00e1m\u00edtani | Allasorias.hu\/Hirek","description":"2030-ra 300 000 ember fog hi\u00e1nyozni a hazai munkaer\u0151piacr\u00f3l, a munkaer\u0151piaci tartal\u00e9kok kimer\u00fcl\u00e9s\u00e9nek, illetve a k\u00e9pzetts\u00e9g hi\u00e1ny\u00e1nak k\u00f6sz\u00f6nhet\u0151en.","canonical_url":"https:\/\/allasorias.hu\/hirek\/munkaerohianyra-lehet-szamitani\/","robots":"max-image-preview:large","keywords":"munkaer\u0151hi\u00e1ny","webmasterTools":{"miscellaneous":""},"schema":{"@context":"https:\/\/schema.org","@graph":[{"@type":"Article","@id":"https:\/\/allasorias.hu\/hirek\/munkaerohianyra-lehet-szamitani\/#article","name":"Munkaer\u0151hi\u00e1nyra lehet sz\u00e1m\u00edtani | Allasorias.hu\/Hirek","headline":"Munkaer\u0151hi\u00e1nyra lehet sz\u00e1m\u00edtani","author":{"@id":"https:\/\/allasorias.hu\/hirek\/author\/admin-allasorias\/#author"},"publisher":{"@id":"https:\/\/allasorias.hu\/hirek\/#organization"},"image":{"@type":"ImageObject","url":"https:\/\/allasorias.hu\/hirek\/wp-content\/uploads\/2024\/06\/munkaerohiany-varhato.jpg","width":1280,"height":854,"caption":"Munkaer\u0151hi\u00e1nyra lehet sz\u00e1m\u00edtani  - Allasorias.hu\/Hirek"},"datePublished":"2024-06-19T08:47:40+02:00","dateModified":"2024-06-19T08:49:15+02:00","inLanguage":"hu-HU","mainEntityOfPage":{"@id":"https:\/\/allasorias.hu\/hirek\/munkaerohianyra-lehet-szamitani\/#webpage"},"isPartOf":{"@id":"https:\/\/allasorias.hu\/hirek\/munkaerohianyra-lehet-szamitani\/#webpage"},"articleSection":"Munkaer\u0151piac, munkaer\u0151hi\u00e1ny"},{"@type":"BreadcrumbList","@id":"https:\/\/allasorias.hu\/hirek\/munkaerohianyra-lehet-szamitani\/#breadcrumblist","itemListElement":[{"@type":"ListItem","@id":"https:\/\/allasorias.hu\/hirek#listItem","position":1,"name":"Home","item":"https:\/\/allasorias.hu\/hirek","nextItem":{"@type":"ListItem","@id":"https:\/\/allasorias.hu\/hirek\/temak\/munkaeropiac\/#listItem","name":"Munkaer\u0151piac"}},{"@type":"ListItem","@id":"https:\/\/allasorias.hu\/hirek\/temak\/munkaeropiac\/#listItem","position":2,"name":"Munkaer\u0151piac","item":"https:\/\/allasorias.hu\/hirek\/temak\/munkaeropiac\/","nextItem":{"@type":"ListItem","@id":"https:\/\/allasorias.hu\/hirek\/munkaerohianyra-lehet-szamitani\/#listItem","name":"Munkaer\u0151hi\u00e1nyra lehet sz\u00e1m\u00edtani"},"previousItem":{"@type":"ListItem","@id":"https:\/\/allasorias.hu\/hirek#listItem","name":"Home"}},{"@type":"ListItem","@id":"https:\/\/allasorias.hu\/hirek\/munkaerohianyra-lehet-szamitani\/#listItem","position":3,"name":"Munkaer\u0151hi\u00e1nyra lehet sz\u00e1m\u00edtani","previousItem":{"@type":"ListItem","@id":"https:\/\/allasorias.hu\/hirek\/temak\/munkaeropiac\/#listItem","name":"Munkaer\u0151piac"}}]},{"@type":"Organization","@id":"https:\/\/allasorias.hu\/hirek\/#organization","name":"AllasOrias.hu | H\u00edrek-lapszemle","description":"\u00dczleti h\u00edrek az \u00e1ll\u00e1s \u00e9s a munka vil\u00e1g\u00e1b\u00f3l","url":"https:\/\/allasorias.hu\/hirek\/","logo":{"@type":"ImageObject","url":"https:\/\/allasorias.hu\/hirek\/wp-content\/uploads\/2022\/10\/allasorias_site_facebok_logo.png","@id":"https:\/\/allasorias.hu\/hirek\/munkaerohianyra-lehet-szamitani\/#organizationLogo"},"image":{"@id":"https:\/\/allasorias.hu\/hirek\/munkaerohianyra-lehet-szamitani\/#organizationLogo"},"sameAs":["https:\/\/www.facebook.com\/allasorias","https:\/\/www.linkedin.com\/company\/allasorias"]},{"@type":"Person","@id":"https:\/\/allasorias.hu\/hirek\/author\/admin-allasorias\/#author","url":"https:\/\/allasorias.hu\/hirek\/author\/admin-allasorias\/","name":"Juh\u00e1sz P\u00e9ter","image":{"@type":"ImageObject","@id":"https:\/\/allasorias.hu\/hirek\/munkaerohianyra-lehet-szamitani\/#authorImage","url":"https:\/\/secure.gravatar.com\/avatar\/36e6bcb83148978b992977cb0f54d22feb0cce8a0a849a9410532bb2623ba4c6?s=96&d=mm&r=g","width":96,"height":96,"caption":"Juh\u00e1sz P\u00e9ter"}},{"@type":"WebPage","@id":"https:\/\/allasorias.hu\/hirek\/munkaerohianyra-lehet-szamitani\/#webpage","url":"https:\/\/allasorias.hu\/hirek\/munkaerohianyra-lehet-szamitani\/","name":"Munkaer\u0151hi\u00e1nyra lehet sz\u00e1m\u00edtani | Allasorias.hu\/Hirek","description":"2030-ra 300 000 ember fog hi\u00e1nyozni a hazai munkaer\u0151piacr\u00f3l, a munkaer\u0151piaci tartal\u00e9kok kimer\u00fcl\u00e9s\u00e9nek, illetve a k\u00e9pzetts\u00e9g hi\u00e1ny\u00e1nak k\u00f6sz\u00f6nhet\u0151en.","inLanguage":"hu-HU","isPartOf":{"@id":"https:\/\/allasorias.hu\/hirek\/#website"},"breadcrumb":{"@id":"https:\/\/allasorias.hu\/hirek\/munkaerohianyra-lehet-szamitani\/#breadcrumblist"},"author":{"@id":"https:\/\/allasorias.hu\/hirek\/author\/admin-allasorias\/#author"},"creator":{"@id":"https:\/\/allasorias.hu\/hirek\/author\/admin-allasorias\/#author"},"image":{"@type":"ImageObject","url":"https:\/\/allasorias.hu\/hirek\/wp-content\/uploads\/2024\/06\/munkaerohiany-varhato.jpg","@id":"https:\/\/allasorias.hu\/hirek\/munkaerohianyra-lehet-szamitani\/#mainImage","width":1280,"height":854,"caption":"Munkaer\u0151hi\u00e1nyra lehet sz\u00e1m\u00edtani  - Allasorias.hu\/Hirek"},"primaryImageOfPage":{"@id":"https:\/\/allasorias.hu\/hirek\/munkaerohianyra-lehet-szamitani\/#mainImage"},"datePublished":"2024-06-19T08:47:40+02:00","dateModified":"2024-06-19T08:49:15+02:00"},{"@type":"WebSite","@id":"https:\/\/allasorias.hu\/hirek\/#website","url":"https:\/\/allasorias.hu\/hirek\/","name":"AllasOrias.hu | H\u00edrek-lapszemle","description":"\u00dczleti h\u00edrek az \u00e1ll\u00e1s \u00e9s a munka vil\u00e1g\u00e1b\u00f3l","inLanguage":"hu-HU","publisher":{"@id":"https:\/\/allasorias.hu\/hirek\/#organization"}}]},"og:locale":"hu_HU","og:site_name":"AllasOrias.hu | H\u00edrek-lapszemle | \u00dczleti h\u00edrek az \u00e1ll\u00e1s \u00e9s a munka vil\u00e1g\u00e1b\u00f3l","og:type":"article","og:title":"Munkaer\u0151hi\u00e1nyra lehet sz\u00e1m\u00edtani | Allasorias.hu\/Hirek","og:description":"2030-ra 300 000 ember fog hi\u00e1nyozni a hazai munkaer\u0151piacr\u00f3l, a munkaer\u0151piaci tartal\u00e9kok kimer\u00fcl\u00e9s\u00e9nek, illetve a k\u00e9pzetts\u00e9g hi\u00e1ny\u00e1nak k\u00f6sz\u00f6nhet\u0151en.","og:url":"https:\/\/allasorias.hu\/hirek\/munkaerohianyra-lehet-szamitani\/","og:image":"https:\/\/allasorias.hu\/hirek\/wp-content\/uploads\/2024\/06\/munkaerohiany-varhato.jpg","og:image:secure_url":"https:\/\/allasorias.hu\/hirek\/wp-content\/uploads\/2024\/06\/munkaerohiany-varhato.jpg","og:image:width":1280,"og:image:height":854,"article:published_time":"2024-06-19T06:47:40+00:00","article:modified_time":"2024-06-19T06:49:15+00:00","article:publisher":"https:\/\/www.facebook.com\/allasorias","twitter:card":"summary_large_image","twitter:title":"Munkaer\u0151hi\u00e1nyra lehet sz\u00e1m\u00edtani | Allasorias.hu\/Hirek","twitter:description":"2030-ra 300 000 ember fog hi\u00e1nyozni a hazai munkaer\u0151piacr\u00f3l, a munkaer\u0151piaci tartal\u00e9kok kimer\u00fcl\u00e9s\u00e9nek, illetve a k\u00e9pzetts\u00e9g hi\u00e1ny\u00e1nak k\u00f6sz\u00f6nhet\u0151en.","twitter:image":"https:\/\/allasorias.hu\/hirek\/wp-content\/uploads\/2024\/06\/munkaerohiany-varhato.jpg","twitter:label1":"Written by","twitter:data1":"Juh\u00e1sz P\u00e9ter","twitter:label2":"Est. reading time","twitter:data2":"2 minutes"},"aioseo_meta_data":{"post_id":"7683","title":"#post_title | Allasorias.hu\/Hirek","description":"2030-ra 300 000 ember fog hi\u00e1nyozni a hazai munkaer\u0151piacr\u00f3l, a munkaer\u0151piaci tartal\u00e9kok kimer\u00fcl\u00e9s\u00e9nek, illetve a k\u00e9pzetts\u00e9g hi\u00e1ny\u00e1nak k\u00f6sz\u00f6nhet\u0151en.","keywords":null,"keyphrases":{"focus":{"keyphrase":"","score":0,"analysis":{"keyphraseInTitle":{"score":0,"maxScore":9,"error":1}}},"additional":[]},"primary_term":null,"canonical_url":null,"og_title":null,"og_description":null,"og_object_type":"default","og_image_type":"default","og_image_url":null,"og_image_width":null,"og_image_height":null,"og_image_custom_url":null,"og_image_custom_fields":null,"og_video":"","og_custom_url":null,"og_article_section":null,"og_article_tags":null,"twitter_use_og":true,"twitter_card":"default","twitter_image_type":"default","twitter_image_url":null,"twitter_image_custom_url":null,"twitter_image_custom_fields":null,"twitter_title":null,"twitter_description":null,"schema":{"blockGraphs":[],"customGraphs":[],"default":{"data":{"Article":[],"Course":[],"Dataset":[],"FAQPage":[],"Movie":[],"Person":[],"Product":[],"ProductReview":[],"Car":[],"Recipe":[],"Service":[],"SoftwareApplication":[],"WebPage":[]},"graphName":"Article","isEnabled":true},"graphs":[]},"schema_type":"default","schema_type_options":null,"pillar_content":false,"robots_default":true,"robots_noindex":false,"robots_noarchive":false,"robots_nosnippet":false,"robots_nofollow":false,"robots_noimageindex":false,"robots_noodp":false,"robots_notranslate":false,"robots_max_snippet":"-1","robots_max_videopreview":"-1","robots_max_imagepreview":"large","priority":null,"frequency":"default","location":null,"local_seo":null,"breadcrumb_settings":null,"limit_modified_date":false,"ai":null,"created":"2024-06-19 06:29:48","updated":"2025-10-02 20:02:09","seo_analyzer_scan_date":null,"focus_keyword":null,"additional_keywords":null,"truseo_locale":null},"aioseo_breadcrumb":"<div class=\"aioseo-breadcrumbs\"><span class=\"aioseo-breadcrumb\">\n\t\t\t<a href=\"https:\/\/allasorias.hu\/hirek\" title=\"Home\">Home<\/a>\n\t\t<\/span><span class=\"aioseo-breadcrumb-separator\">&raquo;<\/span><span class=\"aioseo-breadcrumb\">\n\t\t\t<a href=\"https:\/\/allasorias.hu\/hirek\/temak\/munkaeropiac\/\" title=\"Munkaer\u0151piac\">Munkaer\u0151piac<\/a>\n\t\t<\/span><span class=\"aioseo-breadcrumb-separator\">&raquo;<\/span><span class=\"aioseo-breadcrumb\">\n\t\t\tMunkaer\u0151hi\u00e1nyra lehet sz\u00e1m\u00edtani\n\t\t<\/span><\/div>","aioseo_breadcrumb_json":[{"label":"Home","link":"https:\/\/allasorias.hu\/hirek"},{"label":"Munkaer\u0151piac","link":"https:\/\/allasorias.hu\/hirek\/temak\/munkaeropiac\/"},{"label":"Munkaer\u0151hi\u00e1nyra lehet sz\u00e1m\u00edtani","link":"https:\/\/allasorias.hu\/hirek\/munkaerohianyra-lehet-szamitani\/"}],"_links":{"self":[{"href":"https:\/\/allasorias.hu\/hirek\/wp-json\/wp\/v2\/posts\/7683","targetHints":{"allow":["GET"]}}],"collection":[{"href":"https:\/\/allasorias.hu\/hirek\/wp-json\/wp\/v2\/posts"}],"about":[{"href":"https:\/\/allasorias.hu\/hirek\/wp-json\/wp\/v2\/types\/post"}],"author":[{"embeddable":true,"href":"https:\/\/allasorias.hu\/hirek\/wp-json\/wp\/v2\/users\/1"}],"replies":[{"embeddable":true,"href":"https:\/\/allasorias.hu\/hirek\/wp-json\/wp\/v2\/comments?post=7683"}],"version-history":[{"count":2,"href":"https:\/\/allasorias.hu\/hirek\/wp-json\/wp\/v2\/posts\/7683\/revisions"}],"predecessor-version":[{"id":7686,"href":"https:\/\/allasorias.hu\/hirek\/wp-json\/wp\/v2\/posts\/7683\/revisions\/7686"}],"wp:featuredmedia":[{"embeddable":true,"href":"https:\/\/allasorias.hu\/hirek\/wp-json\/wp\/v2\/media\/7684"}],"wp:attachment":[{"href":"https:\/\/allasorias.hu\/hirek\/wp-json\/wp\/v2\/media?parent=7683"}],"wp:term":[{"taxonomy":"category","embeddable":true,"href":"https:\/\/allasorias.hu\/hirek\/wp-json\/wp\/v2\/categories?post=7683"},{"taxonomy":"post_tag","embeddable":true,"href":"https:\/\/allasorias.hu\/hirek\/wp-json\/wp\/v2\/tags?post=7683"}],"curies":[{"name":"wp","href":"https:\/\/api.w.org\/{rel}","templated":true}]}}