{"id":7680,"date":"2024-06-18T09:48:10","date_gmt":"2024-06-18T07:48:10","guid":{"rendered":"https:\/\/allasorias.hu\/hirek\/?p=7680"},"modified":"2025-05-09T16:06:07","modified_gmt":"2025-05-09T14:06:07","slug":"nagy-mertekben-emelkedett-a-munkaerokoltseg","status":"publish","type":"post","link":"https:\/\/allasorias.hu\/hirek\/nagy-mertekben-emelkedett-a-munkaerokoltseg\/","title":{"rendered":"Nagy m\u00e9rt\u00e9kben emelkedett a munkaer\u0151k\u00f6lts\u00e9g"},"content":{"rendered":"<p><strong>Uni\u00f3s \u00e1tlagban 5,5, Magyarorsz\u00e1gon 13,7 sz\u00e1zal\u00e9kos volt az \u00e9ves munkaer\u0151k\u00f6lts\u00e9g-n\u00f6veked\u00e9s 2024 elej\u00e9n<\/strong><\/p>\n<p>2024 els\u0151 negyed\u00e9v\u00e9ben \u00e1tlagosan 5,5 sz\u00e1zal\u00e9kkal haladta meg a munkaer\u0151k\u00f6lts\u00e9g az Eur\u00f3pai Uni\u00f3ban az egy \u00e9vvel kor\u00e1bbi szintet, 7 tag\u00e1llamban regisztr\u00e1ltak 10 sz\u00e1zal\u00e9kn\u00e1l nagyobb m\u00e9rt\u00e9k\u0171 n\u00f6veked\u00e9st \u2013 t\u00e1j\u00e9koztatott az Eurostat. A munkaer\u0151k\u00f6lts\u00e9g k\u00e9t f\u0151 \u00f6sszetev\u0151je: a <strong>b\u00e9rk\u00f6lts\u00e9gek<\/strong> \u00e9s a <strong>b\u00e9ren k\u00edv\u00fcli k\u00f6lts\u00e9gek<\/strong>. Az EU eg\u00e9sz\u00e9t tekintve az Eurostat adatai szerint 2024 els\u0151 negyed\u00e9v\u00e9ben az el\u0151bbi kateg\u00f3ri\u00e1ban 5,8 sz\u00e1zal\u00e9kos, az ut\u00f3bbiban 4,8 sz\u00e1zal\u00e9kos volt az \u00e9ves emelked\u00e9s.<\/p>\n<p>A versenyszf\u00e9r\u00e1n k\u00edv\u00fcl a munkaer\u0151k\u00f6lts\u00e9g uni\u00f3s \u00e1tlagban 5,6 sz\u00e1zal\u00e9kkal, a versenyszf\u00e9r\u00e1ban pedig 5,5 sz\u00e1zal\u00e9kkal n\u0151tt, ut\u00f3bbin bel\u00fcl az iparban 5,5 sz\u00e1zal\u00e9kkal, az \u00e9p\u00edt\u0151iparban 5,8 sz\u00e1zal\u00e9kkal, a szolg\u00e1ltat\u00e1sok ter\u00fclet\u00e9n pedig 5,5 sz\u00e1zal\u00e9kkal. 2024 els\u0151 negyed\u00e9v\u00e9ben a gazdas\u00e1g eg\u00e9sz\u00e9t tekintve az el\u0151z\u0151 \u00e9v azonos negyed\u00e9v\u00e9hez k\u00e9pest a legnagyobb m\u00e9rt\u00e9kben:<\/p>\n<ul>\n<li>Rom\u00e1ni\u00e1ban (+16,4 sz\u00e1zal\u00e9k),<\/li>\n<li>Bulg\u00e1ri\u00e1ban (+15,8 sz\u00e1zal\u00e9k),<\/li>\n<li>Horv\u00e1torsz\u00e1gban (+15,3 sz\u00e1zal\u00e9k),<\/li>\n<li>Lengyelorsz\u00e1gban (14,1 sz\u00e1zal\u00e9k)<\/li>\n<li>\u00e9s Magyarorsz\u00e1gon (+13,7 sz\u00e1zal\u00e9k) emelkedett a munkaer\u0151k\u00f6lts\u00e9g.<\/li>\n<li>10 sz\u00e1zal\u00e9k feletti volt a n\u00f6veked\u00e9s m\u00e9g Lettorsz\u00e1gban (+12,7 sz\u00e1zal\u00e9k)<\/li>\n<li>\u00e9s Litv\u00e1ni\u00e1ban (+11,1 sz\u00e1zal\u00e9k).<\/li>\n<\/ul>\n<p>Forr\u00e1s: <a href=\"https:\/\/uzletem.hu\/europai-unio\/unios-atlagban-55-magyarorszagon-137-szazalekos-volt-az-eves-munkaerokoltseg-novekedes-2024-elejen\/rsslink\/rss2\" target=\"_blank\" rel=\"nofollow noopener noreferrer\">uzletem.hu<\/a><\/p>\n","protected":false},"excerpt":{"rendered":"<p>Uni\u00f3s \u00e1tlagban 5,5, Magyarorsz\u00e1gon 13,7 sz\u00e1zal\u00e9kos volt az \u00e9ves munkaer\u0151k\u00f6lts\u00e9g-n\u00f6veked\u00e9s 2024 elej\u00e9n 2024 els\u0151 negyed\u00e9v\u00e9ben \u00e1tlagosan 5,5 sz\u00e1zal\u00e9kkal haladta meg a munkaer\u0151k\u00f6lts\u00e9g az Eur\u00f3pai Uni\u00f3ban az egy \u00e9vvel kor\u00e1bbi szintet, 7 tag\u00e1llamban regisztr\u00e1ltak 10 sz\u00e1zal\u00e9kn\u00e1l nagyobb m\u00e9rt\u00e9k\u0171 n\u00f6veked\u00e9st \u2013 t\u00e1j\u00e9koztatott az Eurostat. A munkaer\u0151k\u00f6lts\u00e9g k\u00e9t f\u0151 \u00f6sszetev\u0151je: a b\u00e9rk\u00f6lts\u00e9gek \u00e9s a b\u00e9ren k\u00edv\u00fcli k\u00f6lts\u00e9gek. Az [&hellip;]<\/p>\n","protected":false},"author":1,"featured_media":7681,"comment_status":"closed","ping_status":"closed","sticky":false,"template":"","format":"standard","meta":{"_monsterinsights_skip_tracking":false,"footnotes":""},"categories":[198],"tags":[768],"class_list":["post-7680","post","type-post","status-publish","format-standard","has-post-thumbnail","hentry","category-gazdasag","tag-munkaerokoltseg"],"aioseo_notices":[],"aioseo_head":"\n\t\t<!-- All in One SEO 5.0.0.1 - aioseo.com -->\n\t<meta name=\"description\" content=\"Uni\u00f3s \u00e1tlagban 5,5, Magyarorsz\u00e1gon 13,7 sz\u00e1zal\u00e9kos volt az \u00e9ves munkaer\u0151k\u00f6lts\u00e9g-n\u00f6veked\u00e9s 2024 elej\u00e9n.\" \/>\n\t<meta name=\"robots\" content=\"max-image-preview:large\" \/>\n\t<meta name=\"author\" content=\"Juh\u00e1sz P\u00e9ter\"\/>\n\t<meta name=\"keywords\" content=\"munkaer\u0151k\u00f6lts\u00e9g\" \/>\n\t<link rel=\"canonical\" href=\"https:\/\/allasorias.hu\/hirek\/nagy-mertekben-emelkedett-a-munkaerokoltseg\/\" \/>\n\t<meta name=\"generator\" content=\"All in One SEO (AIOSEO) 5.0.0.1\" \/>\n\t\t<meta property=\"og:locale\" content=\"hu_HU\" \/>\n\t\t<meta property=\"og:site_name\" content=\"AllasOrias.hu | H\u00edrek-lapszemle | \u00dczleti h\u00edrek az \u00e1ll\u00e1s \u00e9s a munka vil\u00e1g\u00e1b\u00f3l\" \/>\n\t\t<meta property=\"og:type\" content=\"article\" \/>\n\t\t<meta property=\"og:title\" content=\"Munkaer\u0151k\u00f6lts\u00e9g jelent\u0151s emelked\u00e9se tapasztalhat\u00f3\" \/>\n\t\t<meta property=\"og:description\" content=\"Uni\u00f3s \u00e1tlagban 5,5, Magyarorsz\u00e1gon 13,7 sz\u00e1zal\u00e9kos volt az \u00e9ves munkaer\u0151k\u00f6lts\u00e9g-n\u00f6veked\u00e9s 2024 elej\u00e9n.\" \/>\n\t\t<meta property=\"og:url\" content=\"https:\/\/allasorias.hu\/hirek\/nagy-mertekben-emelkedett-a-munkaerokoltseg\/\" \/>\n\t\t<meta property=\"og:image\" content=\"https:\/\/allasorias.hu\/hirek\/wp-content\/uploads\/2024\/06\/munkaerokoltseg-emelkedes.jpg\" \/>\n\t\t<meta property=\"og:image:secure_url\" content=\"https:\/\/allasorias.hu\/hirek\/wp-content\/uploads\/2024\/06\/munkaerokoltseg-emelkedes.jpg\" \/>\n\t\t<meta property=\"og:image:width\" content=\"1280\" \/>\n\t\t<meta property=\"og:image:height\" content=\"853\" \/>\n\t\t<meta property=\"article:published_time\" content=\"2024-06-18T07:48:10+00:00\" \/>\n\t\t<meta property=\"article:modified_time\" content=\"2025-05-09T14:06:07+00:00\" \/>\n\t\t<meta property=\"article:publisher\" content=\"https:\/\/www.facebook.com\/allasorias\" \/>\n\t\t<meta name=\"twitter:card\" content=\"summary_large_image\" \/>\n\t\t<meta name=\"twitter:title\" content=\"Munkaer\u0151k\u00f6lts\u00e9g jelent\u0151s emelked\u00e9se tapasztalhat\u00f3\" \/>\n\t\t<meta name=\"twitter:description\" content=\"Uni\u00f3s \u00e1tlagban 5,5, Magyarorsz\u00e1gon 13,7 sz\u00e1zal\u00e9kos volt az \u00e9ves munkaer\u0151k\u00f6lts\u00e9g-n\u00f6veked\u00e9s 2024 elej\u00e9n.\" \/>\n\t\t<meta name=\"twitter:image\" content=\"https:\/\/allasorias.hu\/hirek\/wp-content\/uploads\/2024\/06\/munkaerokoltseg-emelkedes.jpg\" \/>\n\t\t<meta name=\"twitter:label1\" content=\"Written by\" \/>\n\t\t<meta name=\"twitter:data1\" content=\"Juh\u00e1sz P\u00e9ter\" \/>\n\t\t<meta name=\"twitter:label2\" content=\"Est. reading time\" \/>\n\t\t<meta name=\"twitter:data2\" content=\"1 minute\" \/>\n\t\t<script type=\"application\/ld+json\" class=\"aioseo-schema\">\n\t\t\t{\"@context\":\"https:\\\/\\\/schema.org\",\"@graph\":[{\"@type\":\"Article\",\"@id\":\"https:\\\/\\\/allasorias.hu\\\/hirek\\\/nagy-mertekben-emelkedett-a-munkaerokoltseg\\\/#article\",\"name\":\"Munkaer\\u0151k\\u00f6lts\\u00e9g jelent\\u0151s emelked\\u00e9se tapasztalhat\\u00f3\",\"headline\":\"Nagy m\\u00e9rt\\u00e9kben emelkedett a munkaer\\u0151k\\u00f6lts\\u00e9g\",\"author\":{\"@id\":\"https:\\\/\\\/allasorias.hu\\\/hirek\\\/author\\\/admin-allasorias\\\/#author\"},\"publisher\":{\"@id\":\"https:\\\/\\\/allasorias.hu\\\/hirek\\\/#organization\"},\"image\":{\"@type\":\"ImageObject\",\"url\":\"https:\\\/\\\/allasorias.hu\\\/hirek\\\/wp-content\\\/uploads\\\/2024\\\/06\\\/munkaerokoltseg-emelkedes.jpg\",\"width\":1280,\"height\":853,\"caption\":\"Nagy m\\u00e9rt\\u00e9kben emelkedett a munkaer\\u0151k\\u00f6lts\\u00e9g - Allasorias.hu\\\/Hirek\"},\"datePublished\":\"2024-06-18T09:48:10+02:00\",\"dateModified\":\"2025-05-09T16:06:07+02:00\",\"inLanguage\":\"hu-HU\",\"mainEntityOfPage\":{\"@id\":\"https:\\\/\\\/allasorias.hu\\\/hirek\\\/nagy-mertekben-emelkedett-a-munkaerokoltseg\\\/#webpage\"},\"isPartOf\":{\"@id\":\"https:\\\/\\\/allasorias.hu\\\/hirek\\\/nagy-mertekben-emelkedett-a-munkaerokoltseg\\\/#webpage\"},\"articleSection\":\"Gazdas\\u00e1g, munkaer\\u0151k\\u00f6lts\\u00e9g\"},{\"@type\":\"BreadcrumbList\",\"@id\":\"https:\\\/\\\/allasorias.hu\\\/hirek\\\/nagy-mertekben-emelkedett-a-munkaerokoltseg\\\/#breadcrumblist\",\"itemListElement\":[{\"@type\":\"ListItem\",\"@id\":\"https:\\\/\\\/allasorias.hu\\\/hirek#listItem\",\"position\":1,\"name\":\"Home\",\"item\":\"https:\\\/\\\/allasorias.hu\\\/hirek\",\"nextItem\":{\"@type\":\"ListItem\",\"@id\":\"https:\\\/\\\/allasorias.hu\\\/hirek\\\/temak\\\/gazdasag\\\/#listItem\",\"name\":\"Gazdas\\u00e1g\"}},{\"@type\":\"ListItem\",\"@id\":\"https:\\\/\\\/allasorias.hu\\\/hirek\\\/temak\\\/gazdasag\\\/#listItem\",\"position\":2,\"name\":\"Gazdas\\u00e1g\",\"item\":\"https:\\\/\\\/allasorias.hu\\\/hirek\\\/temak\\\/gazdasag\\\/\",\"nextItem\":{\"@type\":\"ListItem\",\"@id\":\"https:\\\/\\\/allasorias.hu\\\/hirek\\\/nagy-mertekben-emelkedett-a-munkaerokoltseg\\\/#listItem\",\"name\":\"Nagy m\\u00e9rt\\u00e9kben emelkedett a munkaer\\u0151k\\u00f6lts\\u00e9g\"},\"previousItem\":{\"@type\":\"ListItem\",\"@id\":\"https:\\\/\\\/allasorias.hu\\\/hirek#listItem\",\"name\":\"Home\"}},{\"@type\":\"ListItem\",\"@id\":\"https:\\\/\\\/allasorias.hu\\\/hirek\\\/nagy-mertekben-emelkedett-a-munkaerokoltseg\\\/#listItem\",\"position\":3,\"name\":\"Nagy m\\u00e9rt\\u00e9kben emelkedett a munkaer\\u0151k\\u00f6lts\\u00e9g\",\"previousItem\":{\"@type\":\"ListItem\",\"@id\":\"https:\\\/\\\/allasorias.hu\\\/hirek\\\/temak\\\/gazdasag\\\/#listItem\",\"name\":\"Gazdas\\u00e1g\"}}]},{\"@type\":\"Organization\",\"@id\":\"https:\\\/\\\/allasorias.hu\\\/hirek\\\/#organization\",\"name\":\"AllasOrias.hu | H\\u00edrek-lapszemle\",\"description\":\"\\u00dczleti h\\u00edrek az \\u00e1ll\\u00e1s \\u00e9s a munka vil\\u00e1g\\u00e1b\\u00f3l\",\"url\":\"https:\\\/\\\/allasorias.hu\\\/hirek\\\/\",\"logo\":{\"@type\":\"ImageObject\",\"url\":\"https:\\\/\\\/allasorias.hu\\\/hirek\\\/wp-content\\\/uploads\\\/2022\\\/10\\\/allasorias_site_facebok_logo.png\",\"@id\":\"https:\\\/\\\/allasorias.hu\\\/hirek\\\/nagy-mertekben-emelkedett-a-munkaerokoltseg\\\/#organizationLogo\"},\"image\":{\"@id\":\"https:\\\/\\\/allasorias.hu\\\/hirek\\\/nagy-mertekben-emelkedett-a-munkaerokoltseg\\\/#organizationLogo\"},\"sameAs\":[\"https:\\\/\\\/www.facebook.com\\\/allasorias\",\"https:\\\/\\\/www.linkedin.com\\\/company\\\/allasorias\"]},{\"@type\":\"Person\",\"@id\":\"https:\\\/\\\/allasorias.hu\\\/hirek\\\/author\\\/admin-allasorias\\\/#author\",\"url\":\"https:\\\/\\\/allasorias.hu\\\/hirek\\\/author\\\/admin-allasorias\\\/\",\"name\":\"Juh\\u00e1sz P\\u00e9ter\",\"image\":{\"@type\":\"ImageObject\",\"@id\":\"https:\\\/\\\/allasorias.hu\\\/hirek\\\/nagy-mertekben-emelkedett-a-munkaerokoltseg\\\/#authorImage\",\"url\":\"https:\\\/\\\/secure.gravatar.com\\\/avatar\\\/36e6bcb83148978b992977cb0f54d22feb0cce8a0a849a9410532bb2623ba4c6?s=96&d=mm&r=g\",\"width\":96,\"height\":96,\"caption\":\"Juh\\u00e1sz P\\u00e9ter\"}},{\"@type\":\"WebPage\",\"@id\":\"https:\\\/\\\/allasorias.hu\\\/hirek\\\/nagy-mertekben-emelkedett-a-munkaerokoltseg\\\/#webpage\",\"url\":\"https:\\\/\\\/allasorias.hu\\\/hirek\\\/nagy-mertekben-emelkedett-a-munkaerokoltseg\\\/\",\"name\":\"Munkaer\\u0151k\\u00f6lts\\u00e9g jelent\\u0151s emelked\\u00e9se tapasztalhat\\u00f3\",\"description\":\"Uni\\u00f3s \\u00e1tlagban 5,5, Magyarorsz\\u00e1gon 13,7 sz\\u00e1zal\\u00e9kos volt az \\u00e9ves munkaer\\u0151k\\u00f6lts\\u00e9g-n\\u00f6veked\\u00e9s 2024 elej\\u00e9n.\",\"inLanguage\":\"hu-HU\",\"isPartOf\":{\"@id\":\"https:\\\/\\\/allasorias.hu\\\/hirek\\\/#website\"},\"breadcrumb\":{\"@id\":\"https:\\\/\\\/allasorias.hu\\\/hirek\\\/nagy-mertekben-emelkedett-a-munkaerokoltseg\\\/#breadcrumblist\"},\"author\":{\"@id\":\"https:\\\/\\\/allasorias.hu\\\/hirek\\\/author\\\/admin-allasorias\\\/#author\"},\"creator\":{\"@id\":\"https:\\\/\\\/allasorias.hu\\\/hirek\\\/author\\\/admin-allasorias\\\/#author\"},\"image\":{\"@type\":\"ImageObject\",\"url\":\"https:\\\/\\\/allasorias.hu\\\/hirek\\\/wp-content\\\/uploads\\\/2024\\\/06\\\/munkaerokoltseg-emelkedes.jpg\",\"@id\":\"https:\\\/\\\/allasorias.hu\\\/hirek\\\/nagy-mertekben-emelkedett-a-munkaerokoltseg\\\/#mainImage\",\"width\":1280,\"height\":853,\"caption\":\"Nagy m\\u00e9rt\\u00e9kben emelkedett a munkaer\\u0151k\\u00f6lts\\u00e9g - Allasorias.hu\\\/Hirek\"},\"primaryImageOfPage\":{\"@id\":\"https:\\\/\\\/allasorias.hu\\\/hirek\\\/nagy-mertekben-emelkedett-a-munkaerokoltseg\\\/#mainImage\"},\"datePublished\":\"2024-06-18T09:48:10+02:00\",\"dateModified\":\"2025-05-09T16:06:07+02:00\"},{\"@type\":\"WebSite\",\"@id\":\"https:\\\/\\\/allasorias.hu\\\/hirek\\\/#website\",\"url\":\"https:\\\/\\\/allasorias.hu\\\/hirek\\\/\",\"name\":\"AllasOrias.hu | H\\u00edrek-lapszemle\",\"description\":\"\\u00dczleti h\\u00edrek az \\u00e1ll\\u00e1s \\u00e9s a munka vil\\u00e1g\\u00e1b\\u00f3l\",\"inLanguage\":\"hu-HU\",\"publisher\":{\"@id\":\"https:\\\/\\\/allasorias.hu\\\/hirek\\\/#organization\"}}]}\n\t\t<\/script>\n\t\t<!-- All in One SEO -->\n\n","aioseo_head_json":{"title":"Munkaer\u0151k\u00f6lts\u00e9g jelent\u0151s emelked\u00e9se tapasztalhat\u00f3","description":"Uni\u00f3s \u00e1tlagban 5,5, Magyarorsz\u00e1gon 13,7 sz\u00e1zal\u00e9kos volt az \u00e9ves munkaer\u0151k\u00f6lts\u00e9g-n\u00f6veked\u00e9s 2024 elej\u00e9n.","canonical_url":"https:\/\/allasorias.hu\/hirek\/nagy-mertekben-emelkedett-a-munkaerokoltseg\/","robots":"max-image-preview:large","keywords":"munkaer\u0151k\u00f6lts\u00e9g","webmasterTools":{"miscellaneous":""},"schema":{"@context":"https:\/\/schema.org","@graph":[{"@type":"Article","@id":"https:\/\/allasorias.hu\/hirek\/nagy-mertekben-emelkedett-a-munkaerokoltseg\/#article","name":"Munkaer\u0151k\u00f6lts\u00e9g jelent\u0151s emelked\u00e9se tapasztalhat\u00f3","headline":"Nagy m\u00e9rt\u00e9kben emelkedett a munkaer\u0151k\u00f6lts\u00e9g","author":{"@id":"https:\/\/allasorias.hu\/hirek\/author\/admin-allasorias\/#author"},"publisher":{"@id":"https:\/\/allasorias.hu\/hirek\/#organization"},"image":{"@type":"ImageObject","url":"https:\/\/allasorias.hu\/hirek\/wp-content\/uploads\/2024\/06\/munkaerokoltseg-emelkedes.jpg","width":1280,"height":853,"caption":"Nagy m\u00e9rt\u00e9kben emelkedett a munkaer\u0151k\u00f6lts\u00e9g - Allasorias.hu\/Hirek"},"datePublished":"2024-06-18T09:48:10+02:00","dateModified":"2025-05-09T16:06:07+02:00","inLanguage":"hu-HU","mainEntityOfPage":{"@id":"https:\/\/allasorias.hu\/hirek\/nagy-mertekben-emelkedett-a-munkaerokoltseg\/#webpage"},"isPartOf":{"@id":"https:\/\/allasorias.hu\/hirek\/nagy-mertekben-emelkedett-a-munkaerokoltseg\/#webpage"},"articleSection":"Gazdas\u00e1g, munkaer\u0151k\u00f6lts\u00e9g"},{"@type":"BreadcrumbList","@id":"https:\/\/allasorias.hu\/hirek\/nagy-mertekben-emelkedett-a-munkaerokoltseg\/#breadcrumblist","itemListElement":[{"@type":"ListItem","@id":"https:\/\/allasorias.hu\/hirek#listItem","position":1,"name":"Home","item":"https:\/\/allasorias.hu\/hirek","nextItem":{"@type":"ListItem","@id":"https:\/\/allasorias.hu\/hirek\/temak\/gazdasag\/#listItem","name":"Gazdas\u00e1g"}},{"@type":"ListItem","@id":"https:\/\/allasorias.hu\/hirek\/temak\/gazdasag\/#listItem","position":2,"name":"Gazdas\u00e1g","item":"https:\/\/allasorias.hu\/hirek\/temak\/gazdasag\/","nextItem":{"@type":"ListItem","@id":"https:\/\/allasorias.hu\/hirek\/nagy-mertekben-emelkedett-a-munkaerokoltseg\/#listItem","name":"Nagy m\u00e9rt\u00e9kben emelkedett a munkaer\u0151k\u00f6lts\u00e9g"},"previousItem":{"@type":"ListItem","@id":"https:\/\/allasorias.hu\/hirek#listItem","name":"Home"}},{"@type":"ListItem","@id":"https:\/\/allasorias.hu\/hirek\/nagy-mertekben-emelkedett-a-munkaerokoltseg\/#listItem","position":3,"name":"Nagy m\u00e9rt\u00e9kben emelkedett a munkaer\u0151k\u00f6lts\u00e9g","previousItem":{"@type":"ListItem","@id":"https:\/\/allasorias.hu\/hirek\/temak\/gazdasag\/#listItem","name":"Gazdas\u00e1g"}}]},{"@type":"Organization","@id":"https:\/\/allasorias.hu\/hirek\/#organization","name":"AllasOrias.hu | H\u00edrek-lapszemle","description":"\u00dczleti h\u00edrek az \u00e1ll\u00e1s \u00e9s a munka vil\u00e1g\u00e1b\u00f3l","url":"https:\/\/allasorias.hu\/hirek\/","logo":{"@type":"ImageObject","url":"https:\/\/allasorias.hu\/hirek\/wp-content\/uploads\/2022\/10\/allasorias_site_facebok_logo.png","@id":"https:\/\/allasorias.hu\/hirek\/nagy-mertekben-emelkedett-a-munkaerokoltseg\/#organizationLogo"},"image":{"@id":"https:\/\/allasorias.hu\/hirek\/nagy-mertekben-emelkedett-a-munkaerokoltseg\/#organizationLogo"},"sameAs":["https:\/\/www.facebook.com\/allasorias","https:\/\/www.linkedin.com\/company\/allasorias"]},{"@type":"Person","@id":"https:\/\/allasorias.hu\/hirek\/author\/admin-allasorias\/#author","url":"https:\/\/allasorias.hu\/hirek\/author\/admin-allasorias\/","name":"Juh\u00e1sz P\u00e9ter","image":{"@type":"ImageObject","@id":"https:\/\/allasorias.hu\/hirek\/nagy-mertekben-emelkedett-a-munkaerokoltseg\/#authorImage","url":"https:\/\/secure.gravatar.com\/avatar\/36e6bcb83148978b992977cb0f54d22feb0cce8a0a849a9410532bb2623ba4c6?s=96&d=mm&r=g","width":96,"height":96,"caption":"Juh\u00e1sz P\u00e9ter"}},{"@type":"WebPage","@id":"https:\/\/allasorias.hu\/hirek\/nagy-mertekben-emelkedett-a-munkaerokoltseg\/#webpage","url":"https:\/\/allasorias.hu\/hirek\/nagy-mertekben-emelkedett-a-munkaerokoltseg\/","name":"Munkaer\u0151k\u00f6lts\u00e9g jelent\u0151s emelked\u00e9se tapasztalhat\u00f3","description":"Uni\u00f3s \u00e1tlagban 5,5, Magyarorsz\u00e1gon 13,7 sz\u00e1zal\u00e9kos volt az \u00e9ves munkaer\u0151k\u00f6lts\u00e9g-n\u00f6veked\u00e9s 2024 elej\u00e9n.","inLanguage":"hu-HU","isPartOf":{"@id":"https:\/\/allasorias.hu\/hirek\/#website"},"breadcrumb":{"@id":"https:\/\/allasorias.hu\/hirek\/nagy-mertekben-emelkedett-a-munkaerokoltseg\/#breadcrumblist"},"author":{"@id":"https:\/\/allasorias.hu\/hirek\/author\/admin-allasorias\/#author"},"creator":{"@id":"https:\/\/allasorias.hu\/hirek\/author\/admin-allasorias\/#author"},"image":{"@type":"ImageObject","url":"https:\/\/allasorias.hu\/hirek\/wp-content\/uploads\/2024\/06\/munkaerokoltseg-emelkedes.jpg","@id":"https:\/\/allasorias.hu\/hirek\/nagy-mertekben-emelkedett-a-munkaerokoltseg\/#mainImage","width":1280,"height":853,"caption":"Nagy m\u00e9rt\u00e9kben emelkedett a munkaer\u0151k\u00f6lts\u00e9g - Allasorias.hu\/Hirek"},"primaryImageOfPage":{"@id":"https:\/\/allasorias.hu\/hirek\/nagy-mertekben-emelkedett-a-munkaerokoltseg\/#mainImage"},"datePublished":"2024-06-18T09:48:10+02:00","dateModified":"2025-05-09T16:06:07+02:00"},{"@type":"WebSite","@id":"https:\/\/allasorias.hu\/hirek\/#website","url":"https:\/\/allasorias.hu\/hirek\/","name":"AllasOrias.hu | H\u00edrek-lapszemle","description":"\u00dczleti h\u00edrek az \u00e1ll\u00e1s \u00e9s a munka vil\u00e1g\u00e1b\u00f3l","inLanguage":"hu-HU","publisher":{"@id":"https:\/\/allasorias.hu\/hirek\/#organization"}}]},"og:locale":"hu_HU","og:site_name":"AllasOrias.hu | H\u00edrek-lapszemle | \u00dczleti h\u00edrek az \u00e1ll\u00e1s \u00e9s a munka vil\u00e1g\u00e1b\u00f3l","og:type":"article","og:title":"Munkaer\u0151k\u00f6lts\u00e9g jelent\u0151s emelked\u00e9se tapasztalhat\u00f3","og:description":"Uni\u00f3s \u00e1tlagban 5,5, Magyarorsz\u00e1gon 13,7 sz\u00e1zal\u00e9kos volt az \u00e9ves munkaer\u0151k\u00f6lts\u00e9g-n\u00f6veked\u00e9s 2024 elej\u00e9n.","og:url":"https:\/\/allasorias.hu\/hirek\/nagy-mertekben-emelkedett-a-munkaerokoltseg\/","og:image":"https:\/\/allasorias.hu\/hirek\/wp-content\/uploads\/2024\/06\/munkaerokoltseg-emelkedes.jpg","og:image:secure_url":"https:\/\/allasorias.hu\/hirek\/wp-content\/uploads\/2024\/06\/munkaerokoltseg-emelkedes.jpg","og:image:width":1280,"og:image:height":853,"article:published_time":"2024-06-18T07:48:10+00:00","article:modified_time":"2025-05-09T14:06:07+00:00","article:publisher":"https:\/\/www.facebook.com\/allasorias","twitter:card":"summary_large_image","twitter:title":"Munkaer\u0151k\u00f6lts\u00e9g jelent\u0151s emelked\u00e9se tapasztalhat\u00f3","twitter:description":"Uni\u00f3s \u00e1tlagban 5,5, Magyarorsz\u00e1gon 13,7 sz\u00e1zal\u00e9kos volt az \u00e9ves munkaer\u0151k\u00f6lts\u00e9g-n\u00f6veked\u00e9s 2024 elej\u00e9n.","twitter:image":"https:\/\/allasorias.hu\/hirek\/wp-content\/uploads\/2024\/06\/munkaerokoltseg-emelkedes.jpg","twitter:label1":"Written by","twitter:data1":"Juh\u00e1sz P\u00e9ter","twitter:label2":"Est. reading time","twitter:data2":"1 minute"},"aioseo_meta_data":{"post_id":"7680","title":"Munkaer\u0151k\u00f6lts\u00e9g jelent\u0151s emelked\u00e9se tapasztalhat\u00f3","description":"Uni\u00f3s \u00e1tlagban 5,5, Magyarorsz\u00e1gon 13,7 sz\u00e1zal\u00e9kos volt az \u00e9ves munkaer\u0151k\u00f6lts\u00e9g-n\u00f6veked\u00e9s 2024 elej\u00e9n.","keywords":null,"keyphrases":{"focus":{"keyphrase":"","score":0,"analysis":{"keyphraseInTitle":{"score":0,"maxScore":9,"error":1}}},"additional":[]},"primary_term":null,"canonical_url":null,"og_title":null,"og_description":null,"og_object_type":"default","og_image_type":"default","og_image_url":null,"og_image_width":null,"og_image_height":null,"og_image_custom_url":null,"og_image_custom_fields":null,"og_video":"","og_custom_url":null,"og_article_section":null,"og_article_tags":null,"twitter_use_og":true,"twitter_card":"default","twitter_image_type":"default","twitter_image_url":null,"twitter_image_custom_url":null,"twitter_image_custom_fields":null,"twitter_title":null,"twitter_description":null,"schema":{"blockGraphs":[],"customGraphs":[],"default":{"data":{"Article":[],"Course":[],"Dataset":[],"FAQPage":[],"Movie":[],"Person":[],"Product":[],"ProductReview":[],"Car":[],"Recipe":[],"Service":[],"SoftwareApplication":[],"WebPage":[]},"graphName":"Article","isEnabled":true},"graphs":[]},"schema_type":"default","schema_type_options":null,"pillar_content":false,"robots_default":true,"robots_noindex":false,"robots_noarchive":false,"robots_nosnippet":false,"robots_nofollow":false,"robots_noimageindex":false,"robots_noodp":false,"robots_notranslate":false,"robots_max_snippet":"-1","robots_max_videopreview":"-1","robots_max_imagepreview":"large","priority":null,"frequency":"default","location":null,"local_seo":null,"breadcrumb_settings":null,"limit_modified_date":false,"ai":null,"created":"2024-06-18 07:39:28","updated":"2025-10-02 20:02:09","seo_analyzer_scan_date":null,"focus_keyword":null,"additional_keywords":null,"truseo_locale":null},"aioseo_breadcrumb":"<div class=\"aioseo-breadcrumbs\"><span class=\"aioseo-breadcrumb\">\n\t\t\t<a href=\"https:\/\/allasorias.hu\/hirek\" title=\"Home\">Home<\/a>\n\t\t<\/span><span class=\"aioseo-breadcrumb-separator\">&raquo;<\/span><span class=\"aioseo-breadcrumb\">\n\t\t\t<a href=\"https:\/\/allasorias.hu\/hirek\/temak\/gazdasag\/\" title=\"Gazdas\u00e1g\">Gazdas\u00e1g<\/a>\n\t\t<\/span><span class=\"aioseo-breadcrumb-separator\">&raquo;<\/span><span class=\"aioseo-breadcrumb\">\n\t\t\tNagy m\u00e9rt\u00e9kben emelkedett a munkaer\u0151k\u00f6lts\u00e9g\n\t\t<\/span><\/div>","aioseo_breadcrumb_json":[{"label":"Home","link":"https:\/\/allasorias.hu\/hirek"},{"label":"Gazdas\u00e1g","link":"https:\/\/allasorias.hu\/hirek\/temak\/gazdasag\/"},{"label":"Nagy m\u00e9rt\u00e9kben emelkedett a munkaer\u0151k\u00f6lts\u00e9g","link":"https:\/\/allasorias.hu\/hirek\/nagy-mertekben-emelkedett-a-munkaerokoltseg\/"}],"_links":{"self":[{"href":"https:\/\/allasorias.hu\/hirek\/wp-json\/wp\/v2\/posts\/7680","targetHints":{"allow":["GET"]}}],"collection":[{"href":"https:\/\/allasorias.hu\/hirek\/wp-json\/wp\/v2\/posts"}],"about":[{"href":"https:\/\/allasorias.hu\/hirek\/wp-json\/wp\/v2\/types\/post"}],"author":[{"embeddable":true,"href":"https:\/\/allasorias.hu\/hirek\/wp-json\/wp\/v2\/users\/1"}],"replies":[{"embeddable":true,"href":"https:\/\/allasorias.hu\/hirek\/wp-json\/wp\/v2\/comments?post=7680"}],"version-history":[{"count":1,"href":"https:\/\/allasorias.hu\/hirek\/wp-json\/wp\/v2\/posts\/7680\/revisions"}],"predecessor-version":[{"id":7682,"href":"https:\/\/allasorias.hu\/hirek\/wp-json\/wp\/v2\/posts\/7680\/revisions\/7682"}],"wp:featuredmedia":[{"embeddable":true,"href":"https:\/\/allasorias.hu\/hirek\/wp-json\/wp\/v2\/media\/7681"}],"wp:attachment":[{"href":"https:\/\/allasorias.hu\/hirek\/wp-json\/wp\/v2\/media?parent=7680"}],"wp:term":[{"taxonomy":"category","embeddable":true,"href":"https:\/\/allasorias.hu\/hirek\/wp-json\/wp\/v2\/categories?post=7680"},{"taxonomy":"post_tag","embeddable":true,"href":"https:\/\/allasorias.hu\/hirek\/wp-json\/wp\/v2\/tags?post=7680"}],"curies":[{"name":"wp","href":"https:\/\/api.w.org\/{rel}","templated":true}]}}