{"id":7674,"date":"2024-06-14T08:00:00","date_gmt":"2024-06-14T06:00:00","guid":{"rendered":"https:\/\/allasorias.hu\/hirek\/?p=7674"},"modified":"2024-06-13T10:14:43","modified_gmt":"2024-06-13T08:14:43","slug":"tamogatjak-a-munkaeropiacot","status":"publish","type":"post","link":"https:\/\/allasorias.hu\/hirek\/tamogatjak-a-munkaeropiacot\/","title":{"rendered":"T\u00e1mogatj\u00e1k a munkaer\u0151piacot"},"content":{"rendered":"<p><strong>A legnagyobb ar\u00e1ny\u00fa t\u00e1mogat\u00e1sokat, amelyek \u00e9rt\u00e9ke meghaladja az 5 milli\u00e1rd forintot, Borsod-Aba\u00faj-Zempl\u00e9n, Szabolcs-Szatm\u00e1r-Bereg, Hajd\u00fa-Bihar \u00e9s Pest v\u00e1rmegye kapta. Az \u00e1llamtitk\u00e1r t\u00e1j\u00e9koztat\u00e1sa szerint Magyarorsz\u00e1gon 120 ezerre tehet\u0151 azoknak az inakt\u00edvaknak a sz\u00e1ma, akik elvileg munk\u00e1ra k\u00e9pes \u00e1llapotban lehetnek.<\/strong><\/p>\n<p>T\u00f6bb mint 70 milli\u00e1rd forint \u00e1ll rendelkez\u00e9sre a munkaer\u0151piac b\u0151v\u00edt\u00e9s\u00e9re, \u00edgy p\u00e9ld\u00e1ul az inakt\u00edvak felkutat\u00e1s\u00e1ra a Ter\u00fclet- \u00e9s telep\u00fcl\u00e9sfejleszt\u00e9si operat\u00edv program (TOP) pluszban \u2013 mondta a Nemzetgazdas\u00e1gi Miniszt\u00e9rium (NGM) foglalkoztat\u00e1spolitik\u00e1\u00e9rt felel\u0151s \u00e1llamtitk\u00e1ra Budapesten sajt\u00f3t\u00e1j\u00e9koztat\u00f3n. Czomba S\u00e1ndor hozz\u00e1tette, az Eur\u00f3pai Uni\u00f3 \u00e9s a magyar k\u00f6lts\u00e9gvet\u00e9s t\u00e1rsfinansz\u00edroz\u00e1s\u00e1ban val\u00f3sul meg ez a program, amelybe 33 ezer embert akarnak bevonni.<\/p>\n<h2>Orsz\u00e1gos szint\u0171 t\u00e1mogat\u00e1s<\/h2>\n<p>A c\u00e9lcsoportot az inakt\u00edvak mellett a tart\u00f3s munkan\u00e9lk\u00fcliek, a gyes-r\u0151l, gyed-r\u0151l visszat\u00e9r\u0151k \u00e9s a valamilyen szempontb\u00f3l h\u00e1tr\u00e1nyos helyzet\u0171 \u00e1ll\u00e1skeres\u0151k adj\u00e1k. A c\u00e9l az, hogy sz\u00e1mukra vagy konkr\u00e9t munk\u00e1t biztos\u00edtsanak, vagy k\u00f6zelebb hozz\u00e1k \u0151ket a munkalehet\u0151s\u00e9ghez. Ennek \u00e9rdek\u00e9ben a programban b\u00e9r-, k\u00e9pz\u00e9si \u00e9s lakhat\u00e1si t\u00e1mogat\u00e1st is biztos\u00edtani lehet az \u00e9rintetteknek. Az \u00e1llamtitk\u00e1r kiemelte, hogy orsz\u00e1gos szinten \u2013 Budapest kiv\u00e9tel\u00e9vel \u2013 val\u00f3sul meg a program, a keret\u00f6sszeg le van osztva v\u00e1rmegy\u00e9kre.<\/p>\n<p>A legnagyobb ar\u00e1ny\u00fa t\u00e1mogat\u00e1sokat, amelyek \u00e9rt\u00e9ke meghaladja az 5 milli\u00e1rd forintot, Borsod-Aba\u00faj-Zempl\u00e9n, Szabolcs-Szatm\u00e1r-Bereg, Hajd\u00fa-Bihar \u00e9s Pest v\u00e1rmegye kapta. Az \u00e1llamtitk\u00e1r t\u00e1j\u00e9koztat\u00e1sa szerint Magyarorsz\u00e1gon 120 ezerre tehet\u0151 azoknak az inakt\u00edvaknak a sz\u00e1ma, akik elvileg munk\u00e1ra k\u00e9pes \u00e1llapotban lehetnek. \u00dagy gondolj\u00e1k, hogy k\u00f6z\u00fcl\u00fck t\u00e9nylegesen 45-50 ezer ember sz\u00f3l\u00edthat\u00f3 meg.<\/p>\n<p>Az ipar teljes\u00edtm\u00e9ny\u00e9nek helyre\u00e1ll\u00e1s\u00e1t tov\u00e1bbra is a h\u00e1bor\u00fa negat\u00edv hat\u00e1sai miatt gyeng\u00e9lked\u0151 eur\u00f3pai gazdas\u00e1g, k\u00fcl\u00f6n\u00f6sen Magyarorsz\u00e1g legfontosabb k\u00fclpiaca, a n\u00e9met gazdas\u00e1g alacsony teljes\u00edtm\u00e9nye k\u00e9slelteti. Czomba S\u00e1ndor b\u00edzik abban, hogy sikeres lesz a program, hiszen a helyi k\u00f6z\u00f6ss\u00e9gek, az ott m\u0171k\u00f6d\u0151 v\u00e1llalkoz\u00e1sok, \u00f6nkorm\u00e1nyzatok, korm\u00e1nyhivatalok egy\u00fcttes gondolkod\u00e1s\u00e1val igyekeznek seg\u00edteni azokon, akik norm\u00e1l k\u00f6r\u00fclm\u00e9nyek k\u00f6z\u00f6tt nem vagy csak nehezen tal\u00e1ln\u00e1k meg a munkalehet\u0151s\u00e9get.<\/p>\n<h2>Magyarorsz\u00e1g teljes\u00edte a legjobban az Uni\u00f3ban<\/h2>\n<p>Laurent Sens, az Eur\u00f3pai Bizotts\u00e1g Foglalkoztat\u00e1si F\u0151igazgat\u00f3s\u00e1g\u00e1nak oszt\u00e1lyvezet\u0151je elmondta, hogy az Eur\u00f3pai Uni\u00f3ban a foglalkoztat\u00e1st tekintve az egyik legjobban teljes\u00edt\u0151 tag\u00e1llam Magyarorsz\u00e1g, hiszen a foglalkoztat\u00e1si r\u00e1ta 81, a munkan\u00e9lk\u00fclis\u00e9gi r\u00e1ta pedig 4 sz\u00e1zal\u00e9k k\u00f6r\u00fcli. Hozz\u00e1tette: az uni\u00f3ban a k\u00fcl\u00f6nb\u00f6z\u0151 foglalkoztat\u00e1spolitikai int\u00e9zked\u00e9sek egyik legfontosabb c\u00e9lkit\u0171z\u00e9se az, hogy meg tudj\u00e1k sz\u00f3l\u00edtani azokat a szem\u00e9lyeket, akik nem szerepelnek a munkaer\u0151-k\u00edn\u00e1latban. A mostani programot \u00fagy jellemezte, hogy hozz\u00e1j\u00e1rul a magyar gazdas\u00e1g er\u0151s\u00edt\u00e9shez.<\/p>\n<p>Forr\u00e1s: <a href=\"https:\/\/hirado.hu\/belfold\/cikk\/2024\/06\/12\/czomba-sandor-a-top-plusz-programban-tobb-mint-hetvenmilliard-forintbol-bovitik-a-munkaeropiacot\" target=\"_blank\" rel=\"nofollow noopener noreferrer\">hirado.hu<\/a><\/p>\n","protected":false},"excerpt":{"rendered":"<p>A legnagyobb ar\u00e1ny\u00fa t\u00e1mogat\u00e1sokat, amelyek \u00e9rt\u00e9ke meghaladja az 5 milli\u00e1rd forintot, Borsod-Aba\u00faj-Zempl\u00e9n, Szabolcs-Szatm\u00e1r-Bereg, Hajd\u00fa-Bihar \u00e9s Pest v\u00e1rmegye kapta. Az \u00e1llamtitk\u00e1r t\u00e1j\u00e9koztat\u00e1sa szerint Magyarorsz\u00e1gon 120 ezerre tehet\u0151 azoknak az inakt\u00edvaknak a sz\u00e1ma, akik elvileg munk\u00e1ra k\u00e9pes \u00e1llapotban lehetnek. T\u00f6bb mint 70 milli\u00e1rd forint \u00e1ll rendelkez\u00e9sre a munkaer\u0151piac b\u0151v\u00edt\u00e9s\u00e9re, \u00edgy p\u00e9ld\u00e1ul az inakt\u00edvak felkutat\u00e1s\u00e1ra a Ter\u00fclet- \u00e9s [&hellip;]<\/p>\n","protected":false},"author":1,"featured_media":7675,"comment_status":"closed","ping_status":"closed","sticky":false,"template":"","format":"standard","meta":{"_monsterinsights_skip_tracking":false,"footnotes":""},"categories":[200],"tags":[441,592],"class_list":["post-7674","post","type-post","status-publish","format-standard","has-post-thumbnail","hentry","category-munkaeropiac","tag-bovites","tag-tamogatas"],"aioseo_notices":[],"aioseo_head":"\n\t\t<!-- All in One SEO 5.0.0.1 - aioseo.com -->\n\t<meta name=\"description\" content=\"T\u00f6bb mint 70 milli\u00e1rd forint \u00e1ll rendelkez\u00e9sre a munkaer\u0151piac b\u0151v\u00edt\u00e9s\u00e9re, \u00edgy p\u00e9ld\u00e1ul az inakt\u00edvak felkutat\u00e1s\u00e1ra a (TOP) pluszban.\" \/>\n\t<meta name=\"robots\" content=\"max-image-preview:large\" \/>\n\t<meta name=\"author\" content=\"Juh\u00e1sz P\u00e9ter\"\/>\n\t<meta name=\"keywords\" content=\"b\u0151v\u00edt\u00e9s,t\u00e1mogat\u00e1s\" \/>\n\t<link rel=\"canonical\" href=\"https:\/\/allasorias.hu\/hirek\/tamogatjak-a-munkaeropiacot\/\" \/>\n\t<meta name=\"generator\" content=\"All in One SEO (AIOSEO) 5.0.0.1\" \/>\n\t\t<meta property=\"og:locale\" content=\"hu_HU\" \/>\n\t\t<meta property=\"og:site_name\" content=\"AllasOrias.hu | H\u00edrek-lapszemle | \u00dczleti h\u00edrek az \u00e1ll\u00e1s \u00e9s a munka vil\u00e1g\u00e1b\u00f3l\" \/>\n\t\t<meta property=\"og:type\" content=\"article\" \/>\n\t\t<meta property=\"og:title\" content=\"T\u00e1mogatj\u00e1k a munkaer\u0151piacot | Allasorias.hu\/Hirek\" \/>\n\t\t<meta property=\"og:description\" content=\"T\u00f6bb mint 70 milli\u00e1rd forint \u00e1ll rendelkez\u00e9sre a munkaer\u0151piac b\u0151v\u00edt\u00e9s\u00e9re, \u00edgy p\u00e9ld\u00e1ul az inakt\u00edvak felkutat\u00e1s\u00e1ra a (TOP) pluszban.\" \/>\n\t\t<meta property=\"og:url\" content=\"https:\/\/allasorias.hu\/hirek\/tamogatjak-a-munkaeropiacot\/\" \/>\n\t\t<meta property=\"og:image\" content=\"https:\/\/allasorias.hu\/hirek\/wp-content\/uploads\/2024\/06\/tamogatjak-a-munkaeropiacot.jpg\" \/>\n\t\t<meta property=\"og:image:secure_url\" content=\"https:\/\/allasorias.hu\/hirek\/wp-content\/uploads\/2024\/06\/tamogatjak-a-munkaeropiacot.jpg\" \/>\n\t\t<meta property=\"og:image:width\" content=\"1280\" \/>\n\t\t<meta property=\"og:image:height\" content=\"853\" \/>\n\t\t<meta property=\"article:published_time\" content=\"2024-06-14T06:00:00+00:00\" \/>\n\t\t<meta property=\"article:modified_time\" content=\"2024-06-13T08:14:43+00:00\" \/>\n\t\t<meta property=\"article:publisher\" content=\"https:\/\/www.facebook.com\/allasorias\" \/>\n\t\t<meta name=\"twitter:card\" content=\"summary_large_image\" \/>\n\t\t<meta name=\"twitter:title\" content=\"T\u00e1mogatj\u00e1k a munkaer\u0151piacot | Allasorias.hu\/Hirek\" \/>\n\t\t<meta name=\"twitter:description\" content=\"T\u00f6bb mint 70 milli\u00e1rd forint \u00e1ll rendelkez\u00e9sre a munkaer\u0151piac b\u0151v\u00edt\u00e9s\u00e9re, \u00edgy p\u00e9ld\u00e1ul az inakt\u00edvak felkutat\u00e1s\u00e1ra a (TOP) pluszban.\" \/>\n\t\t<meta name=\"twitter:image\" content=\"https:\/\/allasorias.hu\/hirek\/wp-content\/uploads\/2024\/06\/tamogatjak-a-munkaeropiacot.jpg\" \/>\n\t\t<meta name=\"twitter:label1\" content=\"Written by\" \/>\n\t\t<meta name=\"twitter:data1\" content=\"Juh\u00e1sz P\u00e9ter\" \/>\n\t\t<meta name=\"twitter:label2\" content=\"Est. reading time\" \/>\n\t\t<meta name=\"twitter:data2\" content=\"3 minutes\" \/>\n\t\t<script type=\"application\/ld+json\" class=\"aioseo-schema\">\n\t\t\t{\"@context\":\"https:\\\/\\\/schema.org\",\"@graph\":[{\"@type\":\"Article\",\"@id\":\"https:\\\/\\\/allasorias.hu\\\/hirek\\\/tamogatjak-a-munkaeropiacot\\\/#article\",\"name\":\"T\\u00e1mogatj\\u00e1k a munkaer\\u0151piacot | Allasorias.hu\\\/Hirek\",\"headline\":\"T\\u00e1mogatj\\u00e1k a munkaer\\u0151piacot\",\"author\":{\"@id\":\"https:\\\/\\\/allasorias.hu\\\/hirek\\\/author\\\/admin-allasorias\\\/#author\"},\"publisher\":{\"@id\":\"https:\\\/\\\/allasorias.hu\\\/hirek\\\/#organization\"},\"image\":{\"@type\":\"ImageObject\",\"url\":\"https:\\\/\\\/allasorias.hu\\\/hirek\\\/wp-content\\\/uploads\\\/2024\\\/06\\\/tamogatjak-a-munkaeropiacot.jpg\",\"width\":1280,\"height\":853,\"caption\":\"T\\u00e1mogatj\\u00e1k a munkaer\\u0151piacot - Allasorias.hu\\\/Hirek\"},\"datePublished\":\"2024-06-14T08:00:00+02:00\",\"dateModified\":\"2024-06-13T10:14:43+02:00\",\"inLanguage\":\"hu-HU\",\"mainEntityOfPage\":{\"@id\":\"https:\\\/\\\/allasorias.hu\\\/hirek\\\/tamogatjak-a-munkaeropiacot\\\/#webpage\"},\"isPartOf\":{\"@id\":\"https:\\\/\\\/allasorias.hu\\\/hirek\\\/tamogatjak-a-munkaeropiacot\\\/#webpage\"},\"articleSection\":\"Munkaer\\u0151piac, b\\u0151v\\u00edt\\u00e9s, t\\u00e1mogat\\u00e1s\"},{\"@type\":\"BreadcrumbList\",\"@id\":\"https:\\\/\\\/allasorias.hu\\\/hirek\\\/tamogatjak-a-munkaeropiacot\\\/#breadcrumblist\",\"itemListElement\":[{\"@type\":\"ListItem\",\"@id\":\"https:\\\/\\\/allasorias.hu\\\/hirek#listItem\",\"position\":1,\"name\":\"Home\",\"item\":\"https:\\\/\\\/allasorias.hu\\\/hirek\",\"nextItem\":{\"@type\":\"ListItem\",\"@id\":\"https:\\\/\\\/allasorias.hu\\\/hirek\\\/temak\\\/munkaeropiac\\\/#listItem\",\"name\":\"Munkaer\\u0151piac\"}},{\"@type\":\"ListItem\",\"@id\":\"https:\\\/\\\/allasorias.hu\\\/hirek\\\/temak\\\/munkaeropiac\\\/#listItem\",\"position\":2,\"name\":\"Munkaer\\u0151piac\",\"item\":\"https:\\\/\\\/allasorias.hu\\\/hirek\\\/temak\\\/munkaeropiac\\\/\",\"nextItem\":{\"@type\":\"ListItem\",\"@id\":\"https:\\\/\\\/allasorias.hu\\\/hirek\\\/tamogatjak-a-munkaeropiacot\\\/#listItem\",\"name\":\"T\\u00e1mogatj\\u00e1k a munkaer\\u0151piacot\"},\"previousItem\":{\"@type\":\"ListItem\",\"@id\":\"https:\\\/\\\/allasorias.hu\\\/hirek#listItem\",\"name\":\"Home\"}},{\"@type\":\"ListItem\",\"@id\":\"https:\\\/\\\/allasorias.hu\\\/hirek\\\/tamogatjak-a-munkaeropiacot\\\/#listItem\",\"position\":3,\"name\":\"T\\u00e1mogatj\\u00e1k a munkaer\\u0151piacot\",\"previousItem\":{\"@type\":\"ListItem\",\"@id\":\"https:\\\/\\\/allasorias.hu\\\/hirek\\\/temak\\\/munkaeropiac\\\/#listItem\",\"name\":\"Munkaer\\u0151piac\"}}]},{\"@type\":\"Organization\",\"@id\":\"https:\\\/\\\/allasorias.hu\\\/hirek\\\/#organization\",\"name\":\"AllasOrias.hu | H\\u00edrek-lapszemle\",\"description\":\"\\u00dczleti h\\u00edrek az \\u00e1ll\\u00e1s \\u00e9s a munka vil\\u00e1g\\u00e1b\\u00f3l\",\"url\":\"https:\\\/\\\/allasorias.hu\\\/hirek\\\/\",\"logo\":{\"@type\":\"ImageObject\",\"url\":\"https:\\\/\\\/allasorias.hu\\\/hirek\\\/wp-content\\\/uploads\\\/2022\\\/10\\\/allasorias_site_facebok_logo.png\",\"@id\":\"https:\\\/\\\/allasorias.hu\\\/hirek\\\/tamogatjak-a-munkaeropiacot\\\/#organizationLogo\"},\"image\":{\"@id\":\"https:\\\/\\\/allasorias.hu\\\/hirek\\\/tamogatjak-a-munkaeropiacot\\\/#organizationLogo\"},\"sameAs\":[\"https:\\\/\\\/www.facebook.com\\\/allasorias\",\"https:\\\/\\\/www.linkedin.com\\\/company\\\/allasorias\"]},{\"@type\":\"Person\",\"@id\":\"https:\\\/\\\/allasorias.hu\\\/hirek\\\/author\\\/admin-allasorias\\\/#author\",\"url\":\"https:\\\/\\\/allasorias.hu\\\/hirek\\\/author\\\/admin-allasorias\\\/\",\"name\":\"Juh\\u00e1sz P\\u00e9ter\",\"image\":{\"@type\":\"ImageObject\",\"@id\":\"https:\\\/\\\/allasorias.hu\\\/hirek\\\/tamogatjak-a-munkaeropiacot\\\/#authorImage\",\"url\":\"https:\\\/\\\/secure.gravatar.com\\\/avatar\\\/36e6bcb83148978b992977cb0f54d22feb0cce8a0a849a9410532bb2623ba4c6?s=96&d=mm&r=g\",\"width\":96,\"height\":96,\"caption\":\"Juh\\u00e1sz P\\u00e9ter\"}},{\"@type\":\"WebPage\",\"@id\":\"https:\\\/\\\/allasorias.hu\\\/hirek\\\/tamogatjak-a-munkaeropiacot\\\/#webpage\",\"url\":\"https:\\\/\\\/allasorias.hu\\\/hirek\\\/tamogatjak-a-munkaeropiacot\\\/\",\"name\":\"T\\u00e1mogatj\\u00e1k a munkaer\\u0151piacot | Allasorias.hu\\\/Hirek\",\"description\":\"T\\u00f6bb mint 70 milli\\u00e1rd forint \\u00e1ll rendelkez\\u00e9sre a munkaer\\u0151piac b\\u0151v\\u00edt\\u00e9s\\u00e9re, \\u00edgy p\\u00e9ld\\u00e1ul az inakt\\u00edvak felkutat\\u00e1s\\u00e1ra a (TOP) pluszban.\",\"inLanguage\":\"hu-HU\",\"isPartOf\":{\"@id\":\"https:\\\/\\\/allasorias.hu\\\/hirek\\\/#website\"},\"breadcrumb\":{\"@id\":\"https:\\\/\\\/allasorias.hu\\\/hirek\\\/tamogatjak-a-munkaeropiacot\\\/#breadcrumblist\"},\"author\":{\"@id\":\"https:\\\/\\\/allasorias.hu\\\/hirek\\\/author\\\/admin-allasorias\\\/#author\"},\"creator\":{\"@id\":\"https:\\\/\\\/allasorias.hu\\\/hirek\\\/author\\\/admin-allasorias\\\/#author\"},\"image\":{\"@type\":\"ImageObject\",\"url\":\"https:\\\/\\\/allasorias.hu\\\/hirek\\\/wp-content\\\/uploads\\\/2024\\\/06\\\/tamogatjak-a-munkaeropiacot.jpg\",\"@id\":\"https:\\\/\\\/allasorias.hu\\\/hirek\\\/tamogatjak-a-munkaeropiacot\\\/#mainImage\",\"width\":1280,\"height\":853,\"caption\":\"T\\u00e1mogatj\\u00e1k a munkaer\\u0151piacot - Allasorias.hu\\\/Hirek\"},\"primaryImageOfPage\":{\"@id\":\"https:\\\/\\\/allasorias.hu\\\/hirek\\\/tamogatjak-a-munkaeropiacot\\\/#mainImage\"},\"datePublished\":\"2024-06-14T08:00:00+02:00\",\"dateModified\":\"2024-06-13T10:14:43+02:00\"},{\"@type\":\"WebSite\",\"@id\":\"https:\\\/\\\/allasorias.hu\\\/hirek\\\/#website\",\"url\":\"https:\\\/\\\/allasorias.hu\\\/hirek\\\/\",\"name\":\"AllasOrias.hu | H\\u00edrek-lapszemle\",\"description\":\"\\u00dczleti h\\u00edrek az \\u00e1ll\\u00e1s \\u00e9s a munka vil\\u00e1g\\u00e1b\\u00f3l\",\"inLanguage\":\"hu-HU\",\"publisher\":{\"@id\":\"https:\\\/\\\/allasorias.hu\\\/hirek\\\/#organization\"}}]}\n\t\t<\/script>\n\t\t<!-- All in One SEO -->\n\n","aioseo_head_json":{"title":"T\u00e1mogatj\u00e1k a munkaer\u0151piacot | Allasorias.hu\/Hirek","description":"T\u00f6bb mint 70 milli\u00e1rd forint \u00e1ll rendelkez\u00e9sre a munkaer\u0151piac b\u0151v\u00edt\u00e9s\u00e9re, \u00edgy p\u00e9ld\u00e1ul az inakt\u00edvak felkutat\u00e1s\u00e1ra a (TOP) pluszban.","canonical_url":"https:\/\/allasorias.hu\/hirek\/tamogatjak-a-munkaeropiacot\/","robots":"max-image-preview:large","keywords":"b\u0151v\u00edt\u00e9s,t\u00e1mogat\u00e1s","webmasterTools":{"miscellaneous":""},"schema":{"@context":"https:\/\/schema.org","@graph":[{"@type":"Article","@id":"https:\/\/allasorias.hu\/hirek\/tamogatjak-a-munkaeropiacot\/#article","name":"T\u00e1mogatj\u00e1k a munkaer\u0151piacot | Allasorias.hu\/Hirek","headline":"T\u00e1mogatj\u00e1k a munkaer\u0151piacot","author":{"@id":"https:\/\/allasorias.hu\/hirek\/author\/admin-allasorias\/#author"},"publisher":{"@id":"https:\/\/allasorias.hu\/hirek\/#organization"},"image":{"@type":"ImageObject","url":"https:\/\/allasorias.hu\/hirek\/wp-content\/uploads\/2024\/06\/tamogatjak-a-munkaeropiacot.jpg","width":1280,"height":853,"caption":"T\u00e1mogatj\u00e1k a munkaer\u0151piacot - Allasorias.hu\/Hirek"},"datePublished":"2024-06-14T08:00:00+02:00","dateModified":"2024-06-13T10:14:43+02:00","inLanguage":"hu-HU","mainEntityOfPage":{"@id":"https:\/\/allasorias.hu\/hirek\/tamogatjak-a-munkaeropiacot\/#webpage"},"isPartOf":{"@id":"https:\/\/allasorias.hu\/hirek\/tamogatjak-a-munkaeropiacot\/#webpage"},"articleSection":"Munkaer\u0151piac, b\u0151v\u00edt\u00e9s, t\u00e1mogat\u00e1s"},{"@type":"BreadcrumbList","@id":"https:\/\/allasorias.hu\/hirek\/tamogatjak-a-munkaeropiacot\/#breadcrumblist","itemListElement":[{"@type":"ListItem","@id":"https:\/\/allasorias.hu\/hirek#listItem","position":1,"name":"Home","item":"https:\/\/allasorias.hu\/hirek","nextItem":{"@type":"ListItem","@id":"https:\/\/allasorias.hu\/hirek\/temak\/munkaeropiac\/#listItem","name":"Munkaer\u0151piac"}},{"@type":"ListItem","@id":"https:\/\/allasorias.hu\/hirek\/temak\/munkaeropiac\/#listItem","position":2,"name":"Munkaer\u0151piac","item":"https:\/\/allasorias.hu\/hirek\/temak\/munkaeropiac\/","nextItem":{"@type":"ListItem","@id":"https:\/\/allasorias.hu\/hirek\/tamogatjak-a-munkaeropiacot\/#listItem","name":"T\u00e1mogatj\u00e1k a munkaer\u0151piacot"},"previousItem":{"@type":"ListItem","@id":"https:\/\/allasorias.hu\/hirek#listItem","name":"Home"}},{"@type":"ListItem","@id":"https:\/\/allasorias.hu\/hirek\/tamogatjak-a-munkaeropiacot\/#listItem","position":3,"name":"T\u00e1mogatj\u00e1k a munkaer\u0151piacot","previousItem":{"@type":"ListItem","@id":"https:\/\/allasorias.hu\/hirek\/temak\/munkaeropiac\/#listItem","name":"Munkaer\u0151piac"}}]},{"@type":"Organization","@id":"https:\/\/allasorias.hu\/hirek\/#organization","name":"AllasOrias.hu | H\u00edrek-lapszemle","description":"\u00dczleti h\u00edrek az \u00e1ll\u00e1s \u00e9s a munka vil\u00e1g\u00e1b\u00f3l","url":"https:\/\/allasorias.hu\/hirek\/","logo":{"@type":"ImageObject","url":"https:\/\/allasorias.hu\/hirek\/wp-content\/uploads\/2022\/10\/allasorias_site_facebok_logo.png","@id":"https:\/\/allasorias.hu\/hirek\/tamogatjak-a-munkaeropiacot\/#organizationLogo"},"image":{"@id":"https:\/\/allasorias.hu\/hirek\/tamogatjak-a-munkaeropiacot\/#organizationLogo"},"sameAs":["https:\/\/www.facebook.com\/allasorias","https:\/\/www.linkedin.com\/company\/allasorias"]},{"@type":"Person","@id":"https:\/\/allasorias.hu\/hirek\/author\/admin-allasorias\/#author","url":"https:\/\/allasorias.hu\/hirek\/author\/admin-allasorias\/","name":"Juh\u00e1sz P\u00e9ter","image":{"@type":"ImageObject","@id":"https:\/\/allasorias.hu\/hirek\/tamogatjak-a-munkaeropiacot\/#authorImage","url":"https:\/\/secure.gravatar.com\/avatar\/36e6bcb83148978b992977cb0f54d22feb0cce8a0a849a9410532bb2623ba4c6?s=96&d=mm&r=g","width":96,"height":96,"caption":"Juh\u00e1sz P\u00e9ter"}},{"@type":"WebPage","@id":"https:\/\/allasorias.hu\/hirek\/tamogatjak-a-munkaeropiacot\/#webpage","url":"https:\/\/allasorias.hu\/hirek\/tamogatjak-a-munkaeropiacot\/","name":"T\u00e1mogatj\u00e1k a munkaer\u0151piacot | Allasorias.hu\/Hirek","description":"T\u00f6bb mint 70 milli\u00e1rd forint \u00e1ll rendelkez\u00e9sre a munkaer\u0151piac b\u0151v\u00edt\u00e9s\u00e9re, \u00edgy p\u00e9ld\u00e1ul az inakt\u00edvak felkutat\u00e1s\u00e1ra a (TOP) pluszban.","inLanguage":"hu-HU","isPartOf":{"@id":"https:\/\/allasorias.hu\/hirek\/#website"},"breadcrumb":{"@id":"https:\/\/allasorias.hu\/hirek\/tamogatjak-a-munkaeropiacot\/#breadcrumblist"},"author":{"@id":"https:\/\/allasorias.hu\/hirek\/author\/admin-allasorias\/#author"},"creator":{"@id":"https:\/\/allasorias.hu\/hirek\/author\/admin-allasorias\/#author"},"image":{"@type":"ImageObject","url":"https:\/\/allasorias.hu\/hirek\/wp-content\/uploads\/2024\/06\/tamogatjak-a-munkaeropiacot.jpg","@id":"https:\/\/allasorias.hu\/hirek\/tamogatjak-a-munkaeropiacot\/#mainImage","width":1280,"height":853,"caption":"T\u00e1mogatj\u00e1k a munkaer\u0151piacot - Allasorias.hu\/Hirek"},"primaryImageOfPage":{"@id":"https:\/\/allasorias.hu\/hirek\/tamogatjak-a-munkaeropiacot\/#mainImage"},"datePublished":"2024-06-14T08:00:00+02:00","dateModified":"2024-06-13T10:14:43+02:00"},{"@type":"WebSite","@id":"https:\/\/allasorias.hu\/hirek\/#website","url":"https:\/\/allasorias.hu\/hirek\/","name":"AllasOrias.hu | H\u00edrek-lapszemle","description":"\u00dczleti h\u00edrek az \u00e1ll\u00e1s \u00e9s a munka vil\u00e1g\u00e1b\u00f3l","inLanguage":"hu-HU","publisher":{"@id":"https:\/\/allasorias.hu\/hirek\/#organization"}}]},"og:locale":"hu_HU","og:site_name":"AllasOrias.hu | H\u00edrek-lapszemle | \u00dczleti h\u00edrek az \u00e1ll\u00e1s \u00e9s a munka vil\u00e1g\u00e1b\u00f3l","og:type":"article","og:title":"T\u00e1mogatj\u00e1k a munkaer\u0151piacot | Allasorias.hu\/Hirek","og:description":"T\u00f6bb mint 70 milli\u00e1rd forint \u00e1ll rendelkez\u00e9sre a munkaer\u0151piac b\u0151v\u00edt\u00e9s\u00e9re, \u00edgy p\u00e9ld\u00e1ul az inakt\u00edvak felkutat\u00e1s\u00e1ra a (TOP) pluszban.","og:url":"https:\/\/allasorias.hu\/hirek\/tamogatjak-a-munkaeropiacot\/","og:image":"https:\/\/allasorias.hu\/hirek\/wp-content\/uploads\/2024\/06\/tamogatjak-a-munkaeropiacot.jpg","og:image:secure_url":"https:\/\/allasorias.hu\/hirek\/wp-content\/uploads\/2024\/06\/tamogatjak-a-munkaeropiacot.jpg","og:image:width":1280,"og:image:height":853,"article:published_time":"2024-06-14T06:00:00+00:00","article:modified_time":"2024-06-13T08:14:43+00:00","article:publisher":"https:\/\/www.facebook.com\/allasorias","twitter:card":"summary_large_image","twitter:title":"T\u00e1mogatj\u00e1k a munkaer\u0151piacot | Allasorias.hu\/Hirek","twitter:description":"T\u00f6bb mint 70 milli\u00e1rd forint \u00e1ll rendelkez\u00e9sre a munkaer\u0151piac b\u0151v\u00edt\u00e9s\u00e9re, \u00edgy p\u00e9ld\u00e1ul az inakt\u00edvak felkutat\u00e1s\u00e1ra a (TOP) pluszban.","twitter:image":"https:\/\/allasorias.hu\/hirek\/wp-content\/uploads\/2024\/06\/tamogatjak-a-munkaeropiacot.jpg","twitter:label1":"Written by","twitter:data1":"Juh\u00e1sz P\u00e9ter","twitter:label2":"Est. reading time","twitter:data2":"3 minutes"},"aioseo_meta_data":{"post_id":"7674","title":"#post_title | Allasorias.hu\/Hirek","description":"T\u00f6bb mint 70 milli\u00e1rd forint \u00e1ll rendelkez\u00e9sre a munkaer\u0151piac b\u0151v\u00edt\u00e9s\u00e9re, \u00edgy p\u00e9ld\u00e1ul az inakt\u00edvak felkutat\u00e1s\u00e1ra a (TOP) pluszban.","keywords":null,"keyphrases":{"focus":{"keyphrase":"","score":0,"analysis":{"keyphraseInTitle":{"score":0,"maxScore":9,"error":1}}},"additional":[]},"primary_term":null,"canonical_url":null,"og_title":null,"og_description":null,"og_object_type":"default","og_image_type":"default","og_image_url":null,"og_image_width":null,"og_image_height":null,"og_image_custom_url":null,"og_image_custom_fields":null,"og_video":"","og_custom_url":null,"og_article_section":null,"og_article_tags":null,"twitter_use_og":true,"twitter_card":"default","twitter_image_type":"default","twitter_image_url":null,"twitter_image_custom_url":null,"twitter_image_custom_fields":null,"twitter_title":null,"twitter_description":null,"schema":{"blockGraphs":[],"customGraphs":[],"default":{"data":{"Article":[],"Course":[],"Dataset":[],"FAQPage":[],"Movie":[],"Person":[],"Product":[],"ProductReview":[],"Car":[],"Recipe":[],"Service":[],"SoftwareApplication":[],"WebPage":[]},"graphName":"Article","isEnabled":true},"graphs":[]},"schema_type":"default","schema_type_options":null,"pillar_content":false,"robots_default":true,"robots_noindex":false,"robots_noarchive":false,"robots_nosnippet":false,"robots_nofollow":false,"robots_noimageindex":false,"robots_noodp":false,"robots_notranslate":false,"robots_max_snippet":"-1","robots_max_videopreview":"-1","robots_max_imagepreview":"large","priority":null,"frequency":"default","location":null,"local_seo":null,"breadcrumb_settings":null,"limit_modified_date":false,"ai":null,"created":"2024-06-13 07:54:00","updated":"2025-10-02 19:59:30","seo_analyzer_scan_date":null,"focus_keyword":null,"additional_keywords":null,"truseo_locale":null},"aioseo_breadcrumb":"<div class=\"aioseo-breadcrumbs\"><span class=\"aioseo-breadcrumb\">\n\t\t\t<a href=\"https:\/\/allasorias.hu\/hirek\" title=\"Home\">Home<\/a>\n\t\t<\/span><span class=\"aioseo-breadcrumb-separator\">&raquo;<\/span><span class=\"aioseo-breadcrumb\">\n\t\t\t<a href=\"https:\/\/allasorias.hu\/hirek\/temak\/munkaeropiac\/\" title=\"Munkaer\u0151piac\">Munkaer\u0151piac<\/a>\n\t\t<\/span><span class=\"aioseo-breadcrumb-separator\">&raquo;<\/span><span class=\"aioseo-breadcrumb\">\n\t\t\tT\u00e1mogatj\u00e1k a munkaer\u0151piacot\n\t\t<\/span><\/div>","aioseo_breadcrumb_json":[{"label":"Home","link":"https:\/\/allasorias.hu\/hirek"},{"label":"Munkaer\u0151piac","link":"https:\/\/allasorias.hu\/hirek\/temak\/munkaeropiac\/"},{"label":"T\u00e1mogatj\u00e1k a munkaer\u0151piacot","link":"https:\/\/allasorias.hu\/hirek\/tamogatjak-a-munkaeropiacot\/"}],"_links":{"self":[{"href":"https:\/\/allasorias.hu\/hirek\/wp-json\/wp\/v2\/posts\/7674","targetHints":{"allow":["GET"]}}],"collection":[{"href":"https:\/\/allasorias.hu\/hirek\/wp-json\/wp\/v2\/posts"}],"about":[{"href":"https:\/\/allasorias.hu\/hirek\/wp-json\/wp\/v2\/types\/post"}],"author":[{"embeddable":true,"href":"https:\/\/allasorias.hu\/hirek\/wp-json\/wp\/v2\/users\/1"}],"replies":[{"embeddable":true,"href":"https:\/\/allasorias.hu\/hirek\/wp-json\/wp\/v2\/comments?post=7674"}],"version-history":[{"count":1,"href":"https:\/\/allasorias.hu\/hirek\/wp-json\/wp\/v2\/posts\/7674\/revisions"}],"predecessor-version":[{"id":7676,"href":"https:\/\/allasorias.hu\/hirek\/wp-json\/wp\/v2\/posts\/7674\/revisions\/7676"}],"wp:featuredmedia":[{"embeddable":true,"href":"https:\/\/allasorias.hu\/hirek\/wp-json\/wp\/v2\/media\/7675"}],"wp:attachment":[{"href":"https:\/\/allasorias.hu\/hirek\/wp-json\/wp\/v2\/media?parent=7674"}],"wp:term":[{"taxonomy":"category","embeddable":true,"href":"https:\/\/allasorias.hu\/hirek\/wp-json\/wp\/v2\/categories?post=7674"},{"taxonomy":"post_tag","embeddable":true,"href":"https:\/\/allasorias.hu\/hirek\/wp-json\/wp\/v2\/tags?post=7674"}],"curies":[{"name":"wp","href":"https:\/\/api.w.org\/{rel}","templated":true}]}}