{"id":7652,"date":"2024-06-07T08:34:29","date_gmt":"2024-06-07T06:34:29","guid":{"rendered":"https:\/\/allasorias.hu\/hirek\/?p=7652"},"modified":"2024-06-07T08:38:23","modified_gmt":"2024-06-07T06:38:23","slug":"a-logisztikai-vallalatok-lehetosegei","status":"publish","type":"post","link":"https:\/\/allasorias.hu\/hirek\/a-logisztikai-vallalatok-lehetosegei\/","title":{"rendered":"A logisztikai v\u00e1llalatok lehet\u0151s\u00e9gei"},"content":{"rendered":"<p><strong>Automatiz\u00e1l\u00e1s, robotika \u00e9s digitaliz\u00e1ci\u00f3, v\u00e1ltoz\u00f3 fogyaszt\u00f3i szok\u00e1sok, a glob\u00e1lis ell\u00e1t\u00e1si l\u00e1ncok folyamatos neh\u00e9zs\u00e9gei, kiberbiztons\u00e1g, fenntarthat\u00f3s\u00e1g, valamint a munkaer\u0151hi\u00e1ny \u00e9s \u00e1tstruktur\u00e1l\u00f3d\u00f3 kompetencia ig\u00e9nyek form\u00e1lj\u00e1k szinte minden nap \u00fajra a logisztikai\u00a0 szektort, melyre a v\u00e1llalatoknak \u00e9s a HR szakembereiknek v\u00e1laszt kell adni.<\/strong><\/p>\n<p>\u201e<em>Minden a HR strat\u00e9giai c\u00e9lok \u00e9s az ipar\u00e1gi kih\u00edv\u00e1sok \u00f6sszhangj\u00e1n m\u00falik. A logisztikai v\u00e1llalatok sz\u00e1m\u00e1ra kulcsfontoss\u00e1g\u00fa a j\u00f3l struktur\u00e1lt HR koncepci\u00f3 kialak\u00edt\u00e1sa, amely \u00f6sszhangban \u00e1ll az ipar\u00e1gi trendekkel \u00e9s v\u00e1ltoz\u00e1sokkal<\/em>\u201d \u2013 mondta J\u00e1hny \u00c1kos, a Get Work Trend Kft. \u00fcgyvezet\u0151je. A szakember szerint mindez mag\u00e1ban foglalja az ipar\u00e1g- \u00e9s trendelemz\u00e9st, a v\u00e1llalati c\u00e9lokhoz illeszked\u0151 munkaer\u0151 gazd\u00e1lkod\u00e1s kialak\u00edt\u00e1s\u00e1t, a k\u00e9pz\u00e9s-fejleszt\u00e9s strat\u00e9gi\u00e1j\u00e1nak megalkot\u00e1s\u00e1t.<\/p>\n<p>Az ipar\u00e1gi kih\u00edv\u00e1sok miatt a toborz\u00e1si strat\u00e9gi\u00e1k kiemelked\u0151 szerepet j\u00e1tszanak a logisztikai v\u00e1llalatok m\u0171k\u00f6d\u00e9s\u00e9ben.<\/p>\n<ul>\n<li>El\u0151t\u00e9rbe ker\u00fclt a c\u00e9lzott toborz\u00e1si kamp\u00e1nyok m\u0171k\u00f6dtet\u00e9se, melyek az ipar\u00e1gspecifikus \u00e1ll\u00e1scsoport port\u00e1lok \u00e9s f\u00f3rumok haszn\u00e1lat\u00e1n kereszt\u00fcl val\u00f3sulnak meg.<\/li>\n<li>Az AI alkalmaz\u00e1sok \u00e1ltal t\u00e1mogatott piacelemz\u00e9sek seg\u00edts\u00e9g\u00e9vel pontosabban meghat\u00e1rozhatjuk a c\u00e9lcsoportokat, amely lehet\u0151v\u00e9 teszi a hat\u00e9konyabb toborz\u00e1st.<\/li>\n<li>A gyors felv\u00e9teli elj\u00e1r\u00e1sok kialak\u00edt\u00e1sa \u00e9s m\u0171k\u00f6dtet\u00e9se, k\u00fcl\u00f6n\u00f6sen a kulcspoz\u00edci\u00f3k eset\u00e9ben, mint a teherg\u00e9pj\u00e1rm\u0171-vezet\u0151k \u00e9s rakt\u00e1ri dolgoz\u00f3k, szint\u00e9n fontos elem.<\/li>\n<li>Az online tesztek alkalmaz\u00e1sa lehet\u0151v\u00e9 teszi a jel\u00f6ltek k\u00e9szs\u00e9geinek gyors \u00e9s \u00e1tfog\u00f3 felm\u00e9r\u00e9s\u00e9t, m\u00edg a jel\u00f6lt\u00e9lm\u00e9ny nyomon k\u00f6vet\u00e9se \u00e9s a folyamatos t\u00e1j\u00e9koztat\u00e1s biztos\u00edtja a jelentkez\u00e9si folyamat min\u0151s\u00e9g\u00e9t.<\/li>\n<li>A szakmai egy\u00fcttm\u0171k\u00f6d\u00e9sek kialak\u00edt\u00e1sa oktat\u00e1si int\u00e9zm\u00e9nyekkel \u00e9s szakmai f\u00f3rumokkal, valamint a rendezv\u00e9nyeken val\u00f3 akt\u00edv r\u00e9szv\u00e9tel hozz\u00e1j\u00e1rul a munk\u00e1ltat\u00f3i m\u00e1rka er\u0151s\u00edt\u00e9s\u00e9hez.<\/li>\n<li>A munkaer\u0151-megtart\u00e1s\u00e1nak strat\u00e9gi\u00e1i k\u00f6z\u00f6tt szerepel a versenyk\u00e9pes kompenz\u00e1ci\u00f3menedzsment, amely mag\u00e1ban foglalja az olyan juttat\u00e1sokat, mint az \u00fczemanyag-t\u00e1mogat\u00e1s, g\u00e9pj\u00e1rm\u0171-karbantart\u00e1si kedvezm\u00e9nyek, eg\u00e9szs\u00e9gv\u00e9delmi programok, lojalit\u00e1si b\u00f3nuszok \u00e9s teljes\u00edtm\u00e9nyalap\u00fa juttat\u00e1sok.<\/li>\n<li>A munkak\u00f6r specifikus beilleszt\u00e9si programok \u00e9s a kiterjedt k\u00e9pz\u00e9si \u00e9s fejleszt\u00e9si programok, amelyek a jelenlegi piaci kih\u00edv\u00e1soknak megfelel\u0151 k\u00e9szs\u00e9geket fejlesztik, kulcsfontoss\u00e1g\u00faak.<\/li>\n<li>A tehets\u00e9gmenedzsment programok, mint a mentor\u00e1l\u00e1s \u00e9s ut\u00e1np\u00f3tl\u00e1s-tervez\u00e9s, tov\u00e1bb\u00e1 az eredm\u00e9nyes \u00e9s hat\u00e9kony visszajelz\u00e9si \u00e9s teljes\u00edtm\u00e9ny\u00e9rt\u00e9kel\u00e9si rendszerek, a munkav\u00e1llal\u00f3i visszajelz\u00e9s gy\u0171jt\u00e9se \u00e9s az el\u00e9gedetts\u00e9gm\u00e9r\u00e9s mind hozz\u00e1j\u00e1rulnak a munkaer\u0151 megtart\u00e1s\u00e1hoz.<\/li>\n<\/ul>\n<p>A technol\u00f3giai fejl\u0151d\u00e9s jelent\u0151s hat\u00e1ssal van a <a href=\"https:\/\/allasorias.hu\/allasok\/raktarozas-logisztika\">logisztikai munkak\u00f6r\u00f6kre<\/a>, \u00faj k\u00e9szs\u00e9geket ig\u00e9nyelve a munkaer\u0151t\u0151l. A logisztikai szektorban dolgoz\u00f3 HR szakembereknek azokra a kulcskompetenci\u00e1kra kell f\u00f3kusz\u00e1lniuk, amelyek el\u0151seg\u00edtik a hat\u00e9kony munkaer\u0151 kezel\u00e9s\u00e9t. Ide tartoznak az ell\u00e1t\u00e1sil\u00e1nc-menedzsment, logisztikai p\u00e9nz\u00fcgyek, sz\u00e1ll\u00edtm\u00e1nyoz\u00e1s \u00e9s fuvaroz\u00e1s, valamint a k\u00f6rnyezettudatoss\u00e1g \u00e9s fenntarthat\u00f3s\u00e1g. Ezen fel\u00fcl fontos a technol\u00f3giai fejl\u0151d\u00e9shez kapcsol\u00f3d\u00f3 \u00faj k\u00e9szs\u00e9gek, mint a digitaliz\u00e1ci\u00f3 \u00e9s robotika meg\u00e9rt\u00e9se \u00e9s alkalmaz\u00e1sa.<\/p>\n<p>Forr\u00e1s: <a href=\"https:\/\/10perc.hu\/hir\/gazdasag\/2024\/06\/04\/munkaeropiaci-kihivasok-a-logisztikai-szektorban-megoldasok-es-lehetosegek-2024-ben\" target=\"_blank\" rel=\"nofollow noopener noreferrer\">10perc.hu<\/a><\/p>\n","protected":false},"excerpt":{"rendered":"<p>Automatiz\u00e1l\u00e1s, robotika \u00e9s digitaliz\u00e1ci\u00f3, v\u00e1ltoz\u00f3 fogyaszt\u00f3i szok\u00e1sok, a glob\u00e1lis ell\u00e1t\u00e1si l\u00e1ncok folyamatos neh\u00e9zs\u00e9gei, kiberbiztons\u00e1g, fenntarthat\u00f3s\u00e1g, valamint a munkaer\u0151hi\u00e1ny \u00e9s \u00e1tstruktur\u00e1l\u00f3d\u00f3 kompetencia ig\u00e9nyek form\u00e1lj\u00e1k szinte minden nap \u00fajra a logisztikai\u00a0 szektort, melyre a v\u00e1llalatoknak \u00e9s a HR szakembereiknek v\u00e1laszt kell adni. \u201eMinden a HR strat\u00e9giai c\u00e9lok \u00e9s az ipar\u00e1gi kih\u00edv\u00e1sok \u00f6sszhangj\u00e1n m\u00falik. A logisztikai v\u00e1llalatok sz\u00e1m\u00e1ra [&hellip;]<\/p>\n","protected":false},"author":1,"featured_media":7655,"comment_status":"closed","ping_status":"closed","sticky":false,"template":"","format":"standard","meta":{"_monsterinsights_skip_tracking":false,"footnotes":""},"categories":[200],"tags":[766],"class_list":["post-7652","post","type-post","status-publish","format-standard","has-post-thumbnail","hentry","category-munkaeropiac","tag-logisztika"],"aioseo_notices":[],"aioseo_head":"\n\t\t<!-- All in One SEO 5.0.0.1 - aioseo.com -->\n\t<meta name=\"description\" content=\"A logisztikai v\u00e1llalatok sz\u00e1m\u00e1ra kulcsfontoss\u00e1g\u00fa a j\u00f3l struktur\u00e1lt HR koncepci\u00f3 kialak\u00edt\u00e1sa, amely \u00f6sszhangban \u00e1ll az ipar\u00e1gi trendekkel \u00e9s v\u00e1ltoz\u00e1sokkal.\" \/>\n\t<meta name=\"robots\" content=\"max-image-preview:large\" \/>\n\t<meta name=\"author\" content=\"Juh\u00e1sz P\u00e9ter\"\/>\n\t<meta name=\"keywords\" content=\"logisztika\" \/>\n\t<link rel=\"canonical\" href=\"https:\/\/allasorias.hu\/hirek\/a-logisztikai-vallalatok-lehetosegei\/\" \/>\n\t<meta name=\"generator\" content=\"All in One SEO (AIOSEO) 5.0.0.1\" \/>\n\t\t<meta property=\"og:locale\" content=\"hu_HU\" \/>\n\t\t<meta property=\"og:site_name\" content=\"AllasOrias.hu | H\u00edrek-lapszemle | \u00dczleti h\u00edrek az \u00e1ll\u00e1s \u00e9s a munka vil\u00e1g\u00e1b\u00f3l\" \/>\n\t\t<meta property=\"og:type\" content=\"article\" \/>\n\t\t<meta property=\"og:title\" content=\"A logisztikai v\u00e1llalatok lehet\u0151s\u00e9gei | Allasorias.hu\/Hirek\" \/>\n\t\t<meta property=\"og:description\" content=\"A logisztikai v\u00e1llalatok sz\u00e1m\u00e1ra kulcsfontoss\u00e1g\u00fa a j\u00f3l struktur\u00e1lt HR koncepci\u00f3 kialak\u00edt\u00e1sa, amely \u00f6sszhangban \u00e1ll az ipar\u00e1gi trendekkel \u00e9s v\u00e1ltoz\u00e1sokkal.\" \/>\n\t\t<meta property=\"og:url\" content=\"https:\/\/allasorias.hu\/hirek\/a-logisztikai-vallalatok-lehetosegei\/\" \/>\n\t\t<meta property=\"og:image\" content=\"https:\/\/allasorias.hu\/hirek\/wp-content\/uploads\/2024\/06\/logisztikai-vallalatok.jpg\" \/>\n\t\t<meta property=\"og:image:secure_url\" content=\"https:\/\/allasorias.hu\/hirek\/wp-content\/uploads\/2024\/06\/logisztikai-vallalatok.jpg\" \/>\n\t\t<meta property=\"og:image:width\" content=\"1280\" \/>\n\t\t<meta property=\"og:image:height\" content=\"853\" \/>\n\t\t<meta property=\"article:published_time\" content=\"2024-06-07T06:34:29+00:00\" \/>\n\t\t<meta property=\"article:modified_time\" content=\"2024-06-07T06:38:23+00:00\" \/>\n\t\t<meta property=\"article:publisher\" content=\"https:\/\/www.facebook.com\/allasorias\" \/>\n\t\t<meta name=\"twitter:card\" content=\"summary_large_image\" \/>\n\t\t<meta name=\"twitter:title\" content=\"A logisztikai v\u00e1llalatok lehet\u0151s\u00e9gei | Allasorias.hu\/Hirek\" \/>\n\t\t<meta name=\"twitter:description\" content=\"A logisztikai v\u00e1llalatok sz\u00e1m\u00e1ra kulcsfontoss\u00e1g\u00fa a j\u00f3l struktur\u00e1lt HR koncepci\u00f3 kialak\u00edt\u00e1sa, amely \u00f6sszhangban \u00e1ll az ipar\u00e1gi trendekkel \u00e9s v\u00e1ltoz\u00e1sokkal.\" \/>\n\t\t<meta name=\"twitter:image\" content=\"https:\/\/allasorias.hu\/hirek\/wp-content\/uploads\/2024\/06\/logisztikai-vallalatok.jpg\" \/>\n\t\t<meta name=\"twitter:label1\" content=\"Written by\" \/>\n\t\t<meta name=\"twitter:data1\" content=\"Juh\u00e1sz P\u00e9ter\" \/>\n\t\t<meta name=\"twitter:label2\" content=\"Est. reading time\" \/>\n\t\t<meta name=\"twitter:data2\" content=\"3 minutes\" \/>\n\t\t<script type=\"application\/ld+json\" class=\"aioseo-schema\">\n\t\t\t{\"@context\":\"https:\\\/\\\/schema.org\",\"@graph\":[{\"@type\":\"Article\",\"@id\":\"https:\\\/\\\/allasorias.hu\\\/hirek\\\/a-logisztikai-vallalatok-lehetosegei\\\/#article\",\"name\":\"A logisztikai v\\u00e1llalatok lehet\\u0151s\\u00e9gei | Allasorias.hu\\\/Hirek\",\"headline\":\"A logisztikai v\\u00e1llalatok lehet\\u0151s\\u00e9gei\",\"author\":{\"@id\":\"https:\\\/\\\/allasorias.hu\\\/hirek\\\/author\\\/admin-allasorias\\\/#author\"},\"publisher\":{\"@id\":\"https:\\\/\\\/allasorias.hu\\\/hirek\\\/#organization\"},\"image\":{\"@type\":\"ImageObject\",\"url\":\"https:\\\/\\\/allasorias.hu\\\/hirek\\\/wp-content\\\/uploads\\\/2024\\\/06\\\/logisztikai-vallalatok.jpg\",\"width\":1280,\"height\":853,\"caption\":\"A logisztikai v\\u00e1llalatok lehet\\u0151s\\u00e9gei - Allasorias.hu\\\/Hirek\"},\"datePublished\":\"2024-06-07T08:34:29+02:00\",\"dateModified\":\"2024-06-07T08:38:23+02:00\",\"inLanguage\":\"hu-HU\",\"mainEntityOfPage\":{\"@id\":\"https:\\\/\\\/allasorias.hu\\\/hirek\\\/a-logisztikai-vallalatok-lehetosegei\\\/#webpage\"},\"isPartOf\":{\"@id\":\"https:\\\/\\\/allasorias.hu\\\/hirek\\\/a-logisztikai-vallalatok-lehetosegei\\\/#webpage\"},\"articleSection\":\"Munkaer\\u0151piac, logisztika\"},{\"@type\":\"BreadcrumbList\",\"@id\":\"https:\\\/\\\/allasorias.hu\\\/hirek\\\/a-logisztikai-vallalatok-lehetosegei\\\/#breadcrumblist\",\"itemListElement\":[{\"@type\":\"ListItem\",\"@id\":\"https:\\\/\\\/allasorias.hu\\\/hirek#listItem\",\"position\":1,\"name\":\"Home\",\"item\":\"https:\\\/\\\/allasorias.hu\\\/hirek\",\"nextItem\":{\"@type\":\"ListItem\",\"@id\":\"https:\\\/\\\/allasorias.hu\\\/hirek\\\/temak\\\/munkaeropiac\\\/#listItem\",\"name\":\"Munkaer\\u0151piac\"}},{\"@type\":\"ListItem\",\"@id\":\"https:\\\/\\\/allasorias.hu\\\/hirek\\\/temak\\\/munkaeropiac\\\/#listItem\",\"position\":2,\"name\":\"Munkaer\\u0151piac\",\"item\":\"https:\\\/\\\/allasorias.hu\\\/hirek\\\/temak\\\/munkaeropiac\\\/\",\"nextItem\":{\"@type\":\"ListItem\",\"@id\":\"https:\\\/\\\/allasorias.hu\\\/hirek\\\/a-logisztikai-vallalatok-lehetosegei\\\/#listItem\",\"name\":\"A logisztikai v\\u00e1llalatok lehet\\u0151s\\u00e9gei\"},\"previousItem\":{\"@type\":\"ListItem\",\"@id\":\"https:\\\/\\\/allasorias.hu\\\/hirek#listItem\",\"name\":\"Home\"}},{\"@type\":\"ListItem\",\"@id\":\"https:\\\/\\\/allasorias.hu\\\/hirek\\\/a-logisztikai-vallalatok-lehetosegei\\\/#listItem\",\"position\":3,\"name\":\"A logisztikai v\\u00e1llalatok lehet\\u0151s\\u00e9gei\",\"previousItem\":{\"@type\":\"ListItem\",\"@id\":\"https:\\\/\\\/allasorias.hu\\\/hirek\\\/temak\\\/munkaeropiac\\\/#listItem\",\"name\":\"Munkaer\\u0151piac\"}}]},{\"@type\":\"Organization\",\"@id\":\"https:\\\/\\\/allasorias.hu\\\/hirek\\\/#organization\",\"name\":\"AllasOrias.hu | H\\u00edrek-lapszemle\",\"description\":\"\\u00dczleti h\\u00edrek az \\u00e1ll\\u00e1s \\u00e9s a munka vil\\u00e1g\\u00e1b\\u00f3l\",\"url\":\"https:\\\/\\\/allasorias.hu\\\/hirek\\\/\",\"logo\":{\"@type\":\"ImageObject\",\"url\":\"https:\\\/\\\/allasorias.hu\\\/hirek\\\/wp-content\\\/uploads\\\/2022\\\/10\\\/allasorias_site_facebok_logo.png\",\"@id\":\"https:\\\/\\\/allasorias.hu\\\/hirek\\\/a-logisztikai-vallalatok-lehetosegei\\\/#organizationLogo\"},\"image\":{\"@id\":\"https:\\\/\\\/allasorias.hu\\\/hirek\\\/a-logisztikai-vallalatok-lehetosegei\\\/#organizationLogo\"},\"sameAs\":[\"https:\\\/\\\/www.facebook.com\\\/allasorias\",\"https:\\\/\\\/www.linkedin.com\\\/company\\\/allasorias\"]},{\"@type\":\"Person\",\"@id\":\"https:\\\/\\\/allasorias.hu\\\/hirek\\\/author\\\/admin-allasorias\\\/#author\",\"url\":\"https:\\\/\\\/allasorias.hu\\\/hirek\\\/author\\\/admin-allasorias\\\/\",\"name\":\"Juh\\u00e1sz P\\u00e9ter\",\"image\":{\"@type\":\"ImageObject\",\"@id\":\"https:\\\/\\\/allasorias.hu\\\/hirek\\\/a-logisztikai-vallalatok-lehetosegei\\\/#authorImage\",\"url\":\"https:\\\/\\\/secure.gravatar.com\\\/avatar\\\/36e6bcb83148978b992977cb0f54d22feb0cce8a0a849a9410532bb2623ba4c6?s=96&d=mm&r=g\",\"width\":96,\"height\":96,\"caption\":\"Juh\\u00e1sz P\\u00e9ter\"}},{\"@type\":\"WebPage\",\"@id\":\"https:\\\/\\\/allasorias.hu\\\/hirek\\\/a-logisztikai-vallalatok-lehetosegei\\\/#webpage\",\"url\":\"https:\\\/\\\/allasorias.hu\\\/hirek\\\/a-logisztikai-vallalatok-lehetosegei\\\/\",\"name\":\"A logisztikai v\\u00e1llalatok lehet\\u0151s\\u00e9gei | Allasorias.hu\\\/Hirek\",\"description\":\"A logisztikai v\\u00e1llalatok sz\\u00e1m\\u00e1ra kulcsfontoss\\u00e1g\\u00fa a j\\u00f3l struktur\\u00e1lt HR koncepci\\u00f3 kialak\\u00edt\\u00e1sa, amely \\u00f6sszhangban \\u00e1ll az ipar\\u00e1gi trendekkel \\u00e9s v\\u00e1ltoz\\u00e1sokkal.\",\"inLanguage\":\"hu-HU\",\"isPartOf\":{\"@id\":\"https:\\\/\\\/allasorias.hu\\\/hirek\\\/#website\"},\"breadcrumb\":{\"@id\":\"https:\\\/\\\/allasorias.hu\\\/hirek\\\/a-logisztikai-vallalatok-lehetosegei\\\/#breadcrumblist\"},\"author\":{\"@id\":\"https:\\\/\\\/allasorias.hu\\\/hirek\\\/author\\\/admin-allasorias\\\/#author\"},\"creator\":{\"@id\":\"https:\\\/\\\/allasorias.hu\\\/hirek\\\/author\\\/admin-allasorias\\\/#author\"},\"image\":{\"@type\":\"ImageObject\",\"url\":\"https:\\\/\\\/allasorias.hu\\\/hirek\\\/wp-content\\\/uploads\\\/2024\\\/06\\\/logisztikai-vallalatok.jpg\",\"@id\":\"https:\\\/\\\/allasorias.hu\\\/hirek\\\/a-logisztikai-vallalatok-lehetosegei\\\/#mainImage\",\"width\":1280,\"height\":853,\"caption\":\"A logisztikai v\\u00e1llalatok lehet\\u0151s\\u00e9gei - Allasorias.hu\\\/Hirek\"},\"primaryImageOfPage\":{\"@id\":\"https:\\\/\\\/allasorias.hu\\\/hirek\\\/a-logisztikai-vallalatok-lehetosegei\\\/#mainImage\"},\"datePublished\":\"2024-06-07T08:34:29+02:00\",\"dateModified\":\"2024-06-07T08:38:23+02:00\"},{\"@type\":\"WebSite\",\"@id\":\"https:\\\/\\\/allasorias.hu\\\/hirek\\\/#website\",\"url\":\"https:\\\/\\\/allasorias.hu\\\/hirek\\\/\",\"name\":\"AllasOrias.hu | H\\u00edrek-lapszemle\",\"description\":\"\\u00dczleti h\\u00edrek az \\u00e1ll\\u00e1s \\u00e9s a munka vil\\u00e1g\\u00e1b\\u00f3l\",\"inLanguage\":\"hu-HU\",\"publisher\":{\"@id\":\"https:\\\/\\\/allasorias.hu\\\/hirek\\\/#organization\"}}]}\n\t\t<\/script>\n\t\t<!-- All in One SEO -->\n\n","aioseo_head_json":{"title":"A logisztikai v\u00e1llalatok lehet\u0151s\u00e9gei | Allasorias.hu\/Hirek","description":"A logisztikai v\u00e1llalatok sz\u00e1m\u00e1ra kulcsfontoss\u00e1g\u00fa a j\u00f3l struktur\u00e1lt HR koncepci\u00f3 kialak\u00edt\u00e1sa, amely \u00f6sszhangban \u00e1ll az ipar\u00e1gi trendekkel \u00e9s v\u00e1ltoz\u00e1sokkal.","canonical_url":"https:\/\/allasorias.hu\/hirek\/a-logisztikai-vallalatok-lehetosegei\/","robots":"max-image-preview:large","keywords":"logisztika","webmasterTools":{"miscellaneous":""},"schema":{"@context":"https:\/\/schema.org","@graph":[{"@type":"Article","@id":"https:\/\/allasorias.hu\/hirek\/a-logisztikai-vallalatok-lehetosegei\/#article","name":"A logisztikai v\u00e1llalatok lehet\u0151s\u00e9gei | Allasorias.hu\/Hirek","headline":"A logisztikai v\u00e1llalatok lehet\u0151s\u00e9gei","author":{"@id":"https:\/\/allasorias.hu\/hirek\/author\/admin-allasorias\/#author"},"publisher":{"@id":"https:\/\/allasorias.hu\/hirek\/#organization"},"image":{"@type":"ImageObject","url":"https:\/\/allasorias.hu\/hirek\/wp-content\/uploads\/2024\/06\/logisztikai-vallalatok.jpg","width":1280,"height":853,"caption":"A logisztikai v\u00e1llalatok lehet\u0151s\u00e9gei - Allasorias.hu\/Hirek"},"datePublished":"2024-06-07T08:34:29+02:00","dateModified":"2024-06-07T08:38:23+02:00","inLanguage":"hu-HU","mainEntityOfPage":{"@id":"https:\/\/allasorias.hu\/hirek\/a-logisztikai-vallalatok-lehetosegei\/#webpage"},"isPartOf":{"@id":"https:\/\/allasorias.hu\/hirek\/a-logisztikai-vallalatok-lehetosegei\/#webpage"},"articleSection":"Munkaer\u0151piac, logisztika"},{"@type":"BreadcrumbList","@id":"https:\/\/allasorias.hu\/hirek\/a-logisztikai-vallalatok-lehetosegei\/#breadcrumblist","itemListElement":[{"@type":"ListItem","@id":"https:\/\/allasorias.hu\/hirek#listItem","position":1,"name":"Home","item":"https:\/\/allasorias.hu\/hirek","nextItem":{"@type":"ListItem","@id":"https:\/\/allasorias.hu\/hirek\/temak\/munkaeropiac\/#listItem","name":"Munkaer\u0151piac"}},{"@type":"ListItem","@id":"https:\/\/allasorias.hu\/hirek\/temak\/munkaeropiac\/#listItem","position":2,"name":"Munkaer\u0151piac","item":"https:\/\/allasorias.hu\/hirek\/temak\/munkaeropiac\/","nextItem":{"@type":"ListItem","@id":"https:\/\/allasorias.hu\/hirek\/a-logisztikai-vallalatok-lehetosegei\/#listItem","name":"A logisztikai v\u00e1llalatok lehet\u0151s\u00e9gei"},"previousItem":{"@type":"ListItem","@id":"https:\/\/allasorias.hu\/hirek#listItem","name":"Home"}},{"@type":"ListItem","@id":"https:\/\/allasorias.hu\/hirek\/a-logisztikai-vallalatok-lehetosegei\/#listItem","position":3,"name":"A logisztikai v\u00e1llalatok lehet\u0151s\u00e9gei","previousItem":{"@type":"ListItem","@id":"https:\/\/allasorias.hu\/hirek\/temak\/munkaeropiac\/#listItem","name":"Munkaer\u0151piac"}}]},{"@type":"Organization","@id":"https:\/\/allasorias.hu\/hirek\/#organization","name":"AllasOrias.hu | H\u00edrek-lapszemle","description":"\u00dczleti h\u00edrek az \u00e1ll\u00e1s \u00e9s a munka vil\u00e1g\u00e1b\u00f3l","url":"https:\/\/allasorias.hu\/hirek\/","logo":{"@type":"ImageObject","url":"https:\/\/allasorias.hu\/hirek\/wp-content\/uploads\/2022\/10\/allasorias_site_facebok_logo.png","@id":"https:\/\/allasorias.hu\/hirek\/a-logisztikai-vallalatok-lehetosegei\/#organizationLogo"},"image":{"@id":"https:\/\/allasorias.hu\/hirek\/a-logisztikai-vallalatok-lehetosegei\/#organizationLogo"},"sameAs":["https:\/\/www.facebook.com\/allasorias","https:\/\/www.linkedin.com\/company\/allasorias"]},{"@type":"Person","@id":"https:\/\/allasorias.hu\/hirek\/author\/admin-allasorias\/#author","url":"https:\/\/allasorias.hu\/hirek\/author\/admin-allasorias\/","name":"Juh\u00e1sz P\u00e9ter","image":{"@type":"ImageObject","@id":"https:\/\/allasorias.hu\/hirek\/a-logisztikai-vallalatok-lehetosegei\/#authorImage","url":"https:\/\/secure.gravatar.com\/avatar\/36e6bcb83148978b992977cb0f54d22feb0cce8a0a849a9410532bb2623ba4c6?s=96&d=mm&r=g","width":96,"height":96,"caption":"Juh\u00e1sz P\u00e9ter"}},{"@type":"WebPage","@id":"https:\/\/allasorias.hu\/hirek\/a-logisztikai-vallalatok-lehetosegei\/#webpage","url":"https:\/\/allasorias.hu\/hirek\/a-logisztikai-vallalatok-lehetosegei\/","name":"A logisztikai v\u00e1llalatok lehet\u0151s\u00e9gei | Allasorias.hu\/Hirek","description":"A logisztikai v\u00e1llalatok sz\u00e1m\u00e1ra kulcsfontoss\u00e1g\u00fa a j\u00f3l struktur\u00e1lt HR koncepci\u00f3 kialak\u00edt\u00e1sa, amely \u00f6sszhangban \u00e1ll az ipar\u00e1gi trendekkel \u00e9s v\u00e1ltoz\u00e1sokkal.","inLanguage":"hu-HU","isPartOf":{"@id":"https:\/\/allasorias.hu\/hirek\/#website"},"breadcrumb":{"@id":"https:\/\/allasorias.hu\/hirek\/a-logisztikai-vallalatok-lehetosegei\/#breadcrumblist"},"author":{"@id":"https:\/\/allasorias.hu\/hirek\/author\/admin-allasorias\/#author"},"creator":{"@id":"https:\/\/allasorias.hu\/hirek\/author\/admin-allasorias\/#author"},"image":{"@type":"ImageObject","url":"https:\/\/allasorias.hu\/hirek\/wp-content\/uploads\/2024\/06\/logisztikai-vallalatok.jpg","@id":"https:\/\/allasorias.hu\/hirek\/a-logisztikai-vallalatok-lehetosegei\/#mainImage","width":1280,"height":853,"caption":"A logisztikai v\u00e1llalatok lehet\u0151s\u00e9gei - Allasorias.hu\/Hirek"},"primaryImageOfPage":{"@id":"https:\/\/allasorias.hu\/hirek\/a-logisztikai-vallalatok-lehetosegei\/#mainImage"},"datePublished":"2024-06-07T08:34:29+02:00","dateModified":"2024-06-07T08:38:23+02:00"},{"@type":"WebSite","@id":"https:\/\/allasorias.hu\/hirek\/#website","url":"https:\/\/allasorias.hu\/hirek\/","name":"AllasOrias.hu | H\u00edrek-lapszemle","description":"\u00dczleti h\u00edrek az \u00e1ll\u00e1s \u00e9s a munka vil\u00e1g\u00e1b\u00f3l","inLanguage":"hu-HU","publisher":{"@id":"https:\/\/allasorias.hu\/hirek\/#organization"}}]},"og:locale":"hu_HU","og:site_name":"AllasOrias.hu | H\u00edrek-lapszemle | \u00dczleti h\u00edrek az \u00e1ll\u00e1s \u00e9s a munka vil\u00e1g\u00e1b\u00f3l","og:type":"article","og:title":"A logisztikai v\u00e1llalatok lehet\u0151s\u00e9gei | Allasorias.hu\/Hirek","og:description":"A logisztikai v\u00e1llalatok sz\u00e1m\u00e1ra kulcsfontoss\u00e1g\u00fa a j\u00f3l struktur\u00e1lt HR koncepci\u00f3 kialak\u00edt\u00e1sa, amely \u00f6sszhangban \u00e1ll az ipar\u00e1gi trendekkel \u00e9s v\u00e1ltoz\u00e1sokkal.","og:url":"https:\/\/allasorias.hu\/hirek\/a-logisztikai-vallalatok-lehetosegei\/","og:image":"https:\/\/allasorias.hu\/hirek\/wp-content\/uploads\/2024\/06\/logisztikai-vallalatok.jpg","og:image:secure_url":"https:\/\/allasorias.hu\/hirek\/wp-content\/uploads\/2024\/06\/logisztikai-vallalatok.jpg","og:image:width":1280,"og:image:height":853,"article:published_time":"2024-06-07T06:34:29+00:00","article:modified_time":"2024-06-07T06:38:23+00:00","article:publisher":"https:\/\/www.facebook.com\/allasorias","twitter:card":"summary_large_image","twitter:title":"A logisztikai v\u00e1llalatok lehet\u0151s\u00e9gei | Allasorias.hu\/Hirek","twitter:description":"A logisztikai v\u00e1llalatok sz\u00e1m\u00e1ra kulcsfontoss\u00e1g\u00fa a j\u00f3l struktur\u00e1lt HR koncepci\u00f3 kialak\u00edt\u00e1sa, amely \u00f6sszhangban \u00e1ll az ipar\u00e1gi trendekkel \u00e9s v\u00e1ltoz\u00e1sokkal.","twitter:image":"https:\/\/allasorias.hu\/hirek\/wp-content\/uploads\/2024\/06\/logisztikai-vallalatok.jpg","twitter:label1":"Written by","twitter:data1":"Juh\u00e1sz P\u00e9ter","twitter:label2":"Est. reading time","twitter:data2":"3 minutes"},"aioseo_meta_data":{"post_id":"7652","title":"#post_title | Allasorias.hu\/Hirek","description":"A logisztikai v\u00e1llalatok sz\u00e1m\u00e1ra kulcsfontoss\u00e1g\u00fa a j\u00f3l struktur\u00e1lt HR koncepci\u00f3 kialak\u00edt\u00e1sa, amely \u00f6sszhangban \u00e1ll az ipar\u00e1gi trendekkel \u00e9s v\u00e1ltoz\u00e1sokkal.","keywords":null,"keyphrases":{"focus":{"keyphrase":"","score":0,"analysis":{"keyphraseInTitle":{"score":0,"maxScore":9,"error":1}}},"additional":[]},"primary_term":null,"canonical_url":null,"og_title":null,"og_description":null,"og_object_type":"default","og_image_type":"default","og_image_url":null,"og_image_width":null,"og_image_height":null,"og_image_custom_url":null,"og_image_custom_fields":null,"og_video":"","og_custom_url":null,"og_article_section":null,"og_article_tags":null,"twitter_use_og":true,"twitter_card":"default","twitter_image_type":"default","twitter_image_url":null,"twitter_image_custom_url":null,"twitter_image_custom_fields":null,"twitter_title":null,"twitter_description":null,"schema":{"blockGraphs":[],"customGraphs":[],"default":{"data":{"Article":[],"Course":[],"Dataset":[],"FAQPage":[],"Movie":[],"Person":[],"Product":[],"ProductReview":[],"Car":[],"Recipe":[],"Service":[],"SoftwareApplication":[],"WebPage":[]},"graphName":"Article","isEnabled":true},"graphs":[]},"schema_type":"default","schema_type_options":null,"pillar_content":false,"robots_default":true,"robots_noindex":false,"robots_noarchive":false,"robots_nosnippet":false,"robots_nofollow":false,"robots_noimageindex":false,"robots_noodp":false,"robots_notranslate":false,"robots_max_snippet":"-1","robots_max_videopreview":"-1","robots_max_imagepreview":"large","priority":null,"frequency":"default","location":null,"local_seo":null,"breadcrumb_settings":null,"limit_modified_date":false,"ai":null,"created":"2024-06-07 06:16:33","updated":"2025-10-02 19:58:17","seo_analyzer_scan_date":null,"focus_keyword":null,"additional_keywords":null,"truseo_locale":null},"aioseo_breadcrumb":"<div class=\"aioseo-breadcrumbs\"><span class=\"aioseo-breadcrumb\">\n\t\t\t<a href=\"https:\/\/allasorias.hu\/hirek\" title=\"Home\">Home<\/a>\n\t\t<\/span><span class=\"aioseo-breadcrumb-separator\">&raquo;<\/span><span class=\"aioseo-breadcrumb\">\n\t\t\t<a href=\"https:\/\/allasorias.hu\/hirek\/temak\/munkaeropiac\/\" title=\"Munkaer\u0151piac\">Munkaer\u0151piac<\/a>\n\t\t<\/span><span class=\"aioseo-breadcrumb-separator\">&raquo;<\/span><span class=\"aioseo-breadcrumb\">\n\t\t\tA logisztikai v\u00e1llalatok lehet\u0151s\u00e9gei\n\t\t<\/span><\/div>","aioseo_breadcrumb_json":[{"label":"Home","link":"https:\/\/allasorias.hu\/hirek"},{"label":"Munkaer\u0151piac","link":"https:\/\/allasorias.hu\/hirek\/temak\/munkaeropiac\/"},{"label":"A logisztikai v\u00e1llalatok lehet\u0151s\u00e9gei","link":"https:\/\/allasorias.hu\/hirek\/a-logisztikai-vallalatok-lehetosegei\/"}],"_links":{"self":[{"href":"https:\/\/allasorias.hu\/hirek\/wp-json\/wp\/v2\/posts\/7652","targetHints":{"allow":["GET"]}}],"collection":[{"href":"https:\/\/allasorias.hu\/hirek\/wp-json\/wp\/v2\/posts"}],"about":[{"href":"https:\/\/allasorias.hu\/hirek\/wp-json\/wp\/v2\/types\/post"}],"author":[{"embeddable":true,"href":"https:\/\/allasorias.hu\/hirek\/wp-json\/wp\/v2\/users\/1"}],"replies":[{"embeddable":true,"href":"https:\/\/allasorias.hu\/hirek\/wp-json\/wp\/v2\/comments?post=7652"}],"version-history":[{"count":3,"href":"https:\/\/allasorias.hu\/hirek\/wp-json\/wp\/v2\/posts\/7652\/revisions"}],"predecessor-version":[{"id":7656,"href":"https:\/\/allasorias.hu\/hirek\/wp-json\/wp\/v2\/posts\/7652\/revisions\/7656"}],"wp:featuredmedia":[{"embeddable":true,"href":"https:\/\/allasorias.hu\/hirek\/wp-json\/wp\/v2\/media\/7655"}],"wp:attachment":[{"href":"https:\/\/allasorias.hu\/hirek\/wp-json\/wp\/v2\/media?parent=7652"}],"wp:term":[{"taxonomy":"category","embeddable":true,"href":"https:\/\/allasorias.hu\/hirek\/wp-json\/wp\/v2\/categories?post=7652"},{"taxonomy":"post_tag","embeddable":true,"href":"https:\/\/allasorias.hu\/hirek\/wp-json\/wp\/v2\/tags?post=7652"}],"curies":[{"name":"wp","href":"https:\/\/api.w.org\/{rel}","templated":true}]}}