{"id":7634,"date":"2024-06-03T09:38:26","date_gmt":"2024-06-03T07:38:26","guid":{"rendered":"https:\/\/allasorias.hu\/hirek\/?p=7634"},"modified":"2025-05-09T15:55:49","modified_gmt":"2025-05-09T13:55:49","slug":"megszoktak-a-dolgozok-az-otthonrol-vegezheto-munkat","status":"publish","type":"post","link":"https:\/\/allasorias.hu\/hirek\/megszoktak-a-dolgozok-az-otthonrol-vegezheto-munkat\/","title":{"rendered":"Megszokt\u00e1k a dolgoz\u00f3k az otthonr\u00f3l v\u00e9gezhet\u0151 munk\u00e1t"},"content":{"rendered":"<p><strong>Egy felm\u00e9r\u00e9s szerint ragaszkodnak a munkav\u00e1llal\u00f3k az <a href=\"https:\/\/allasorias.hu\/hirek\/nepszeru-az-otthoni-munka\/\">otthonr\u00f3l v\u00e9gezhet\u0151 munk\u00e1hoz<\/a>, ha minden nap be kellene j\u00e1rni, ink\u00e1bb v\u00e1ltan\u00e1nak.<\/strong><\/p>\n<p>A megk\u00e9rdezettek fele szerint a munkaad\u00f3nak olyan juttat\u00e1sokat kellene felaj\u00e1nlaniuk, amelyek arra \u00f6szt\u00f6nzik a munkav\u00e1llal\u00f3kat, hogy hetente t\u00f6bbet j\u00e1rjanak be az irod\u00e1ba. Az Office Freedom friss kutat\u00e1s\u00e1ban &#8211; amit a HR News szeml\u00e9zett- arr\u00f3l k\u00e9rdezt\u00e9k az Egyes\u00fclt Kir\u00e1lys\u00e1g munkav\u00e1llal\u00f3it, hogy hogyan viszonyulnak a munk\u00e1hoz 2024-ben. A v\u00e1laszad\u00f3k t\u00f6bbs\u00e9g\u00e9nek nem tetszene, ha arra k\u00e9nyszer\u00edten\u00e9k \u0151ket, hogy be kelljen j\u00e1rniuk az irod\u00e1ba &#8211; der\u00fclt ki a felm\u00e9r\u00e9sb\u0151l.<\/p>\n<h2>\u00d6szt\u00f6nz\u0151 juttat\u00e1sok<\/h2>\n<p>Arra a k\u00e9rd\u00e9sre, hogy mit v\u00e1laszolnak a k\u00f6vetkez\u0151 \u00e1ll\u00edt\u00e1sra: \u201e<em>Ha \u00fajra azt mondan\u00e1k, hogy heti \u00f6t napot kell bej\u00f6nn\u00f6m az irod\u00e1ba, akkor felmondan\u00e9k<\/em>\u201d:<\/p>\n<ul>\n<li>majdnem a fele, 48,2%-uk egyet\u00e9rtett.<\/li>\n<li>A v\u00e1laszad\u00f3k kisebb r\u00e9sze nem \u00e9rtett egyet az \u00e1ll\u00edt\u00e1ssal (24,4%),<\/li>\n<li>m\u00edg 27,5% egyik v\u00e1laszt sem jel\u00f6lte meg.<\/li>\n<\/ul>\n<p>A v\u00e1laszad\u00f3k 49,7%-a egyet\u00e9rtett azzal az \u00e1ll\u00edt\u00e1ssal, hogy: \u201e<em>Szerintem a munk\u00e1ltat\u00f3knak olyan juttat\u00e1sokat kellene felaj\u00e1nlaniuk, amelyek arra \u00f6szt\u00f6nzik a munkav\u00e1llal\u00f3kat, hogy hetente t\u00f6bbet j\u00e1rjanak be az irod\u00e1ba<\/em>\u201d.<\/p>\n<ul>\n<li>A megk\u00e9rdezettek kevesebb mint a fele (49,7%) \u00e9rtett egyet az \u00e1ll\u00edt\u00e1ssal,<\/li>\n<li>m\u00edg 17,17% nem \u00e9rtett egyet,<\/li>\n<li>33,2% pedig nem tudott d\u00f6nteni a k\u00e9t v\u00e1lasz k\u00f6z\u00fcl.<\/li>\n<\/ul>\n<p>Ha azonban a felm\u00e9r\u00e9s eredm\u00e9nyeinek kor szerinti megoszl\u00e1s\u00e1t n\u00e9zz\u00fck, \u00e9rdekes \u00f6sszef\u00fcgg\u00e9st tal\u00e1lunk a v\u00e1laszad\u00f3k \u00e9letkora \u00e9s a \u201ejuttat\u00e1sok\u201d felaj\u00e1nl\u00e1s\u00e1hoz val\u00f3 hozz\u00e1\u00e1ll\u00e1suk k\u00f6z\u00f6tt. A 18-24 \u00e9ves koroszt\u00e1lyban a v\u00e1laszad\u00f3k 70%-a \u00e9rtett egyet azzal, hogy a juttat\u00e1sokat fel kell aj\u00e1nlani, ezzel szemben az id\u0151sebb, 55 \u00e9v felettieknek csak a 33,5%-a.<\/p>\n<h2>Legn\u00e9pszer\u0171bb juttat\u00e1sok<\/h2>\n<p>Amikor a legn\u00e9pszer\u0171bb juttat\u00e1sokr\u00f3l volt sz\u00f3, amelyeket fel lehetne aj\u00e1nlani a munkav\u00e1llal\u00f3k irod\u00e1ba cs\u00e1b\u00edt\u00e1s\u00e1ra:<\/p>\n<ul>\n<li>a korai befejez\u00e9s ker\u00fclt az \u00e9lre, a v\u00e1laszad\u00f3k majdnem fele (49,5%) ezt a lehet\u0151s\u00e9get v\u00e1lasztotta.<\/li>\n<li>A m\u00e1sodik helyen a t\u00e1mogatott eb\u00e9d (39,2%),<\/li>\n<li>a harmadikon a t\u00e1mogatott utaz\u00e1s (38,8%)<\/li>\n<li>\u00e9s a negyedik helyen a rugalmas gyermekgondoz\u00e1si id\u0151 (36,4%) \u00e1llt.<\/li>\n<li>A t\u00f6bb k\u00f6z\u00f6ss\u00e9gi esem\u00e9ny (24,6%) az \u00f6t\u00f6dik helyen \u00e1llt,<\/li>\n<li>m\u00edg 22%-uk a garant\u00e1lt \u00edr\u00f3teret szerette volna,<\/li>\n<li>amelyet szorosan k\u00f6vetett a t\u00e1mogatott edz\u0151termi b\u00e9rlet 18,2%-kal.<\/li>\n<\/ul>\n<p>Forr\u00e1s: <a href=\"https:\/\/www.hrportal.hu\/c\/a-munkavallalok-majdnem-fele-felmondana-ha-ujra-heti-ot-napot-kellene-az-irodaban-dolgoznia-20240531.html\" target=\"_blank\" rel=\"nofollow noopener noreferrer\">hrportal.hu<\/a><\/p>\n","protected":false},"excerpt":{"rendered":"<p>Egy felm\u00e9r\u00e9s szerint ragaszkodnak a munkav\u00e1llal\u00f3k az otthonr\u00f3l v\u00e9gezhet\u0151 munk\u00e1hoz, ha minden nap be kellene j\u00e1rni, ink\u00e1bb v\u00e1ltan\u00e1nak. A megk\u00e9rdezettek fele szerint a munkaad\u00f3nak olyan juttat\u00e1sokat kellene felaj\u00e1nlaniuk, amelyek arra \u00f6szt\u00f6nzik a munkav\u00e1llal\u00f3kat, hogy hetente t\u00f6bbet j\u00e1rjanak be az irod\u00e1ba. Az Office Freedom friss kutat\u00e1s\u00e1ban &#8211; amit a HR News szeml\u00e9zett- arr\u00f3l k\u00e9rdezt\u00e9k az Egyes\u00fclt [&hellip;]<\/p>\n","protected":false},"author":1,"featured_media":7637,"comment_status":"closed","ping_status":"closed","sticky":false,"template":"","format":"standard","meta":{"_monsterinsights_skip_tracking":false,"footnotes":""},"categories":[200],"tags":[761,436],"class_list":["post-7634","post","type-post","status-publish","format-standard","has-post-thumbnail","hentry","category-munkaeropiac","tag-juttatasok","tag-otthoni-munka"],"aioseo_notices":[],"aioseo_head":"\n\t\t<!-- All in One SEO 5.0.0.1 - aioseo.com -->\n\t<meta name=\"description\" content=\"Egy felm\u00e9r\u00e9s szerint ragaszkodnak a munkav\u00e1llal\u00f3k az otthonr\u00f3l v\u00e9gezhet\u0151 munk\u00e1hoz, ha minden nap be kellene j\u00e1rni, ink\u00e1bb v\u00e1ltan\u00e1nak.\" \/>\n\t<meta name=\"robots\" content=\"max-image-preview:large\" \/>\n\t<meta name=\"author\" content=\"Juh\u00e1sz P\u00e9ter\"\/>\n\t<meta name=\"keywords\" content=\"juttat\u00e1sok,otthoni munka\" \/>\n\t<link rel=\"canonical\" href=\"https:\/\/allasorias.hu\/hirek\/megszoktak-a-dolgozok-az-otthonrol-vegezheto-munkat\/\" \/>\n\t<meta name=\"generator\" content=\"All in One SEO (AIOSEO) 5.0.0.1\" \/>\n\t\t<meta property=\"og:locale\" content=\"hu_HU\" \/>\n\t\t<meta property=\"og:site_name\" content=\"AllasOrias.hu | H\u00edrek-lapszemle | \u00dczleti h\u00edrek az \u00e1ll\u00e1s \u00e9s a munka vil\u00e1g\u00e1b\u00f3l\" \/>\n\t\t<meta property=\"og:type\" content=\"article\" \/>\n\t\t<meta property=\"og:title\" content=\"Dolgoz\u00f3k megszokt\u00e1k az otthoni munkav\u00e9gz\u00e9st\" \/>\n\t\t<meta property=\"og:description\" content=\"Egy felm\u00e9r\u00e9s szerint ragaszkodnak a munkav\u00e1llal\u00f3k az otthonr\u00f3l v\u00e9gezhet\u0151 munk\u00e1hoz, ha minden nap be kellene j\u00e1rni, ink\u00e1bb v\u00e1ltan\u00e1nak.\" \/>\n\t\t<meta property=\"og:url\" content=\"https:\/\/allasorias.hu\/hirek\/megszoktak-a-dolgozok-az-otthonrol-vegezheto-munkat\/\" \/>\n\t\t<meta property=\"og:image\" content=\"https:\/\/allasorias.hu\/hirek\/wp-content\/uploads\/2024\/06\/otthoni-munkavegzes.jpg\" \/>\n\t\t<meta property=\"og:image:secure_url\" content=\"https:\/\/allasorias.hu\/hirek\/wp-content\/uploads\/2024\/06\/otthoni-munkavegzes.jpg\" \/>\n\t\t<meta property=\"og:image:width\" content=\"1280\" \/>\n\t\t<meta property=\"og:image:height\" content=\"853\" \/>\n\t\t<meta property=\"article:published_time\" content=\"2024-06-03T07:38:26+00:00\" \/>\n\t\t<meta property=\"article:modified_time\" content=\"2025-05-09T13:55:49+00:00\" \/>\n\t\t<meta property=\"article:publisher\" content=\"https:\/\/www.facebook.com\/allasorias\" \/>\n\t\t<meta name=\"twitter:card\" content=\"summary_large_image\" \/>\n\t\t<meta name=\"twitter:title\" content=\"Dolgoz\u00f3k megszokt\u00e1k az otthoni munkav\u00e9gz\u00e9st\" \/>\n\t\t<meta name=\"twitter:description\" content=\"Egy felm\u00e9r\u00e9s szerint ragaszkodnak a munkav\u00e1llal\u00f3k az otthonr\u00f3l v\u00e9gezhet\u0151 munk\u00e1hoz, ha minden nap be kellene j\u00e1rni, ink\u00e1bb v\u00e1ltan\u00e1nak.\" \/>\n\t\t<meta name=\"twitter:image\" content=\"https:\/\/allasorias.hu\/hirek\/wp-content\/uploads\/2024\/06\/otthoni-munkavegzes.jpg\" \/>\n\t\t<meta name=\"twitter:label1\" content=\"Written by\" \/>\n\t\t<meta name=\"twitter:data1\" content=\"Juh\u00e1sz P\u00e9ter\" \/>\n\t\t<meta name=\"twitter:label2\" content=\"Est. reading time\" \/>\n\t\t<meta name=\"twitter:data2\" content=\"2 minutes\" \/>\n\t\t<script type=\"application\/ld+json\" class=\"aioseo-schema\">\n\t\t\t{\"@context\":\"https:\\\/\\\/schema.org\",\"@graph\":[{\"@type\":\"Article\",\"@id\":\"https:\\\/\\\/allasorias.hu\\\/hirek\\\/megszoktak-a-dolgozok-az-otthonrol-vegezheto-munkat\\\/#article\",\"name\":\"Dolgoz\\u00f3k megszokt\\u00e1k az otthoni munkav\\u00e9gz\\u00e9st\",\"headline\":\"Megszokt\\u00e1k a dolgoz\\u00f3k az otthonr\\u00f3l v\\u00e9gezhet\\u0151 munk\\u00e1t\",\"author\":{\"@id\":\"https:\\\/\\\/allasorias.hu\\\/hirek\\\/author\\\/admin-allasorias\\\/#author\"},\"publisher\":{\"@id\":\"https:\\\/\\\/allasorias.hu\\\/hirek\\\/#organization\"},\"image\":{\"@type\":\"ImageObject\",\"url\":\"https:\\\/\\\/allasorias.hu\\\/hirek\\\/wp-content\\\/uploads\\\/2024\\\/06\\\/otthoni-munkavegzes.jpg\",\"width\":1280,\"height\":853,\"caption\":\"Megszokt\\u00e1k a dolgoz\\u00f3k az otthonr\\u00f3l v\\u00e9gezhet\\u0151 munk\\u00e1t - Allasorias.hu\\\/Hirek\"},\"datePublished\":\"2024-06-03T09:38:26+02:00\",\"dateModified\":\"2025-05-09T15:55:49+02:00\",\"inLanguage\":\"hu-HU\",\"mainEntityOfPage\":{\"@id\":\"https:\\\/\\\/allasorias.hu\\\/hirek\\\/megszoktak-a-dolgozok-az-otthonrol-vegezheto-munkat\\\/#webpage\"},\"isPartOf\":{\"@id\":\"https:\\\/\\\/allasorias.hu\\\/hirek\\\/megszoktak-a-dolgozok-az-otthonrol-vegezheto-munkat\\\/#webpage\"},\"articleSection\":\"Munkaer\\u0151piac, juttat\\u00e1sok, otthoni munka\"},{\"@type\":\"BreadcrumbList\",\"@id\":\"https:\\\/\\\/allasorias.hu\\\/hirek\\\/megszoktak-a-dolgozok-az-otthonrol-vegezheto-munkat\\\/#breadcrumblist\",\"itemListElement\":[{\"@type\":\"ListItem\",\"@id\":\"https:\\\/\\\/allasorias.hu\\\/hirek#listItem\",\"position\":1,\"name\":\"Home\",\"item\":\"https:\\\/\\\/allasorias.hu\\\/hirek\",\"nextItem\":{\"@type\":\"ListItem\",\"@id\":\"https:\\\/\\\/allasorias.hu\\\/hirek\\\/temak\\\/munkaeropiac\\\/#listItem\",\"name\":\"Munkaer\\u0151piac\"}},{\"@type\":\"ListItem\",\"@id\":\"https:\\\/\\\/allasorias.hu\\\/hirek\\\/temak\\\/munkaeropiac\\\/#listItem\",\"position\":2,\"name\":\"Munkaer\\u0151piac\",\"item\":\"https:\\\/\\\/allasorias.hu\\\/hirek\\\/temak\\\/munkaeropiac\\\/\",\"nextItem\":{\"@type\":\"ListItem\",\"@id\":\"https:\\\/\\\/allasorias.hu\\\/hirek\\\/megszoktak-a-dolgozok-az-otthonrol-vegezheto-munkat\\\/#listItem\",\"name\":\"Megszokt\\u00e1k a dolgoz\\u00f3k az otthonr\\u00f3l v\\u00e9gezhet\\u0151 munk\\u00e1t\"},\"previousItem\":{\"@type\":\"ListItem\",\"@id\":\"https:\\\/\\\/allasorias.hu\\\/hirek#listItem\",\"name\":\"Home\"}},{\"@type\":\"ListItem\",\"@id\":\"https:\\\/\\\/allasorias.hu\\\/hirek\\\/megszoktak-a-dolgozok-az-otthonrol-vegezheto-munkat\\\/#listItem\",\"position\":3,\"name\":\"Megszokt\\u00e1k a dolgoz\\u00f3k az otthonr\\u00f3l v\\u00e9gezhet\\u0151 munk\\u00e1t\",\"previousItem\":{\"@type\":\"ListItem\",\"@id\":\"https:\\\/\\\/allasorias.hu\\\/hirek\\\/temak\\\/munkaeropiac\\\/#listItem\",\"name\":\"Munkaer\\u0151piac\"}}]},{\"@type\":\"Organization\",\"@id\":\"https:\\\/\\\/allasorias.hu\\\/hirek\\\/#organization\",\"name\":\"AllasOrias.hu | H\\u00edrek-lapszemle\",\"description\":\"\\u00dczleti h\\u00edrek az \\u00e1ll\\u00e1s \\u00e9s a munka vil\\u00e1g\\u00e1b\\u00f3l\",\"url\":\"https:\\\/\\\/allasorias.hu\\\/hirek\\\/\",\"logo\":{\"@type\":\"ImageObject\",\"url\":\"https:\\\/\\\/allasorias.hu\\\/hirek\\\/wp-content\\\/uploads\\\/2022\\\/10\\\/allasorias_site_facebok_logo.png\",\"@id\":\"https:\\\/\\\/allasorias.hu\\\/hirek\\\/megszoktak-a-dolgozok-az-otthonrol-vegezheto-munkat\\\/#organizationLogo\"},\"image\":{\"@id\":\"https:\\\/\\\/allasorias.hu\\\/hirek\\\/megszoktak-a-dolgozok-az-otthonrol-vegezheto-munkat\\\/#organizationLogo\"},\"sameAs\":[\"https:\\\/\\\/www.facebook.com\\\/allasorias\",\"https:\\\/\\\/www.linkedin.com\\\/company\\\/allasorias\"]},{\"@type\":\"Person\",\"@id\":\"https:\\\/\\\/allasorias.hu\\\/hirek\\\/author\\\/admin-allasorias\\\/#author\",\"url\":\"https:\\\/\\\/allasorias.hu\\\/hirek\\\/author\\\/admin-allasorias\\\/\",\"name\":\"Juh\\u00e1sz P\\u00e9ter\",\"image\":{\"@type\":\"ImageObject\",\"@id\":\"https:\\\/\\\/allasorias.hu\\\/hirek\\\/megszoktak-a-dolgozok-az-otthonrol-vegezheto-munkat\\\/#authorImage\",\"url\":\"https:\\\/\\\/secure.gravatar.com\\\/avatar\\\/36e6bcb83148978b992977cb0f54d22feb0cce8a0a849a9410532bb2623ba4c6?s=96&d=mm&r=g\",\"width\":96,\"height\":96,\"caption\":\"Juh\\u00e1sz P\\u00e9ter\"}},{\"@type\":\"WebPage\",\"@id\":\"https:\\\/\\\/allasorias.hu\\\/hirek\\\/megszoktak-a-dolgozok-az-otthonrol-vegezheto-munkat\\\/#webpage\",\"url\":\"https:\\\/\\\/allasorias.hu\\\/hirek\\\/megszoktak-a-dolgozok-az-otthonrol-vegezheto-munkat\\\/\",\"name\":\"Dolgoz\\u00f3k megszokt\\u00e1k az otthoni munkav\\u00e9gz\\u00e9st\",\"description\":\"Egy felm\\u00e9r\\u00e9s szerint ragaszkodnak a munkav\\u00e1llal\\u00f3k az otthonr\\u00f3l v\\u00e9gezhet\\u0151 munk\\u00e1hoz, ha minden nap be kellene j\\u00e1rni, ink\\u00e1bb v\\u00e1ltan\\u00e1nak.\",\"inLanguage\":\"hu-HU\",\"isPartOf\":{\"@id\":\"https:\\\/\\\/allasorias.hu\\\/hirek\\\/#website\"},\"breadcrumb\":{\"@id\":\"https:\\\/\\\/allasorias.hu\\\/hirek\\\/megszoktak-a-dolgozok-az-otthonrol-vegezheto-munkat\\\/#breadcrumblist\"},\"author\":{\"@id\":\"https:\\\/\\\/allasorias.hu\\\/hirek\\\/author\\\/admin-allasorias\\\/#author\"},\"creator\":{\"@id\":\"https:\\\/\\\/allasorias.hu\\\/hirek\\\/author\\\/admin-allasorias\\\/#author\"},\"image\":{\"@type\":\"ImageObject\",\"url\":\"https:\\\/\\\/allasorias.hu\\\/hirek\\\/wp-content\\\/uploads\\\/2024\\\/06\\\/otthoni-munkavegzes.jpg\",\"@id\":\"https:\\\/\\\/allasorias.hu\\\/hirek\\\/megszoktak-a-dolgozok-az-otthonrol-vegezheto-munkat\\\/#mainImage\",\"width\":1280,\"height\":853,\"caption\":\"Megszokt\\u00e1k a dolgoz\\u00f3k az otthonr\\u00f3l v\\u00e9gezhet\\u0151 munk\\u00e1t - Allasorias.hu\\\/Hirek\"},\"primaryImageOfPage\":{\"@id\":\"https:\\\/\\\/allasorias.hu\\\/hirek\\\/megszoktak-a-dolgozok-az-otthonrol-vegezheto-munkat\\\/#mainImage\"},\"datePublished\":\"2024-06-03T09:38:26+02:00\",\"dateModified\":\"2025-05-09T15:55:49+02:00\"},{\"@type\":\"WebSite\",\"@id\":\"https:\\\/\\\/allasorias.hu\\\/hirek\\\/#website\",\"url\":\"https:\\\/\\\/allasorias.hu\\\/hirek\\\/\",\"name\":\"AllasOrias.hu | H\\u00edrek-lapszemle\",\"description\":\"\\u00dczleti h\\u00edrek az \\u00e1ll\\u00e1s \\u00e9s a munka vil\\u00e1g\\u00e1b\\u00f3l\",\"inLanguage\":\"hu-HU\",\"publisher\":{\"@id\":\"https:\\\/\\\/allasorias.hu\\\/hirek\\\/#organization\"}}]}\n\t\t<\/script>\n\t\t<!-- All in One SEO -->\n\n","aioseo_head_json":{"title":"Dolgoz\u00f3k megszokt\u00e1k az otthoni munkav\u00e9gz\u00e9st","description":"Egy felm\u00e9r\u00e9s szerint ragaszkodnak a munkav\u00e1llal\u00f3k az otthonr\u00f3l v\u00e9gezhet\u0151 munk\u00e1hoz, ha minden nap be kellene j\u00e1rni, ink\u00e1bb v\u00e1ltan\u00e1nak.","canonical_url":"https:\/\/allasorias.hu\/hirek\/megszoktak-a-dolgozok-az-otthonrol-vegezheto-munkat\/","robots":"max-image-preview:large","keywords":"juttat\u00e1sok,otthoni munka","webmasterTools":{"miscellaneous":""},"schema":{"@context":"https:\/\/schema.org","@graph":[{"@type":"Article","@id":"https:\/\/allasorias.hu\/hirek\/megszoktak-a-dolgozok-az-otthonrol-vegezheto-munkat\/#article","name":"Dolgoz\u00f3k megszokt\u00e1k az otthoni munkav\u00e9gz\u00e9st","headline":"Megszokt\u00e1k a dolgoz\u00f3k az otthonr\u00f3l v\u00e9gezhet\u0151 munk\u00e1t","author":{"@id":"https:\/\/allasorias.hu\/hirek\/author\/admin-allasorias\/#author"},"publisher":{"@id":"https:\/\/allasorias.hu\/hirek\/#organization"},"image":{"@type":"ImageObject","url":"https:\/\/allasorias.hu\/hirek\/wp-content\/uploads\/2024\/06\/otthoni-munkavegzes.jpg","width":1280,"height":853,"caption":"Megszokt\u00e1k a dolgoz\u00f3k az otthonr\u00f3l v\u00e9gezhet\u0151 munk\u00e1t - Allasorias.hu\/Hirek"},"datePublished":"2024-06-03T09:38:26+02:00","dateModified":"2025-05-09T15:55:49+02:00","inLanguage":"hu-HU","mainEntityOfPage":{"@id":"https:\/\/allasorias.hu\/hirek\/megszoktak-a-dolgozok-az-otthonrol-vegezheto-munkat\/#webpage"},"isPartOf":{"@id":"https:\/\/allasorias.hu\/hirek\/megszoktak-a-dolgozok-az-otthonrol-vegezheto-munkat\/#webpage"},"articleSection":"Munkaer\u0151piac, juttat\u00e1sok, otthoni munka"},{"@type":"BreadcrumbList","@id":"https:\/\/allasorias.hu\/hirek\/megszoktak-a-dolgozok-az-otthonrol-vegezheto-munkat\/#breadcrumblist","itemListElement":[{"@type":"ListItem","@id":"https:\/\/allasorias.hu\/hirek#listItem","position":1,"name":"Home","item":"https:\/\/allasorias.hu\/hirek","nextItem":{"@type":"ListItem","@id":"https:\/\/allasorias.hu\/hirek\/temak\/munkaeropiac\/#listItem","name":"Munkaer\u0151piac"}},{"@type":"ListItem","@id":"https:\/\/allasorias.hu\/hirek\/temak\/munkaeropiac\/#listItem","position":2,"name":"Munkaer\u0151piac","item":"https:\/\/allasorias.hu\/hirek\/temak\/munkaeropiac\/","nextItem":{"@type":"ListItem","@id":"https:\/\/allasorias.hu\/hirek\/megszoktak-a-dolgozok-az-otthonrol-vegezheto-munkat\/#listItem","name":"Megszokt\u00e1k a dolgoz\u00f3k az otthonr\u00f3l v\u00e9gezhet\u0151 munk\u00e1t"},"previousItem":{"@type":"ListItem","@id":"https:\/\/allasorias.hu\/hirek#listItem","name":"Home"}},{"@type":"ListItem","@id":"https:\/\/allasorias.hu\/hirek\/megszoktak-a-dolgozok-az-otthonrol-vegezheto-munkat\/#listItem","position":3,"name":"Megszokt\u00e1k a dolgoz\u00f3k az otthonr\u00f3l v\u00e9gezhet\u0151 munk\u00e1t","previousItem":{"@type":"ListItem","@id":"https:\/\/allasorias.hu\/hirek\/temak\/munkaeropiac\/#listItem","name":"Munkaer\u0151piac"}}]},{"@type":"Organization","@id":"https:\/\/allasorias.hu\/hirek\/#organization","name":"AllasOrias.hu | H\u00edrek-lapszemle","description":"\u00dczleti h\u00edrek az \u00e1ll\u00e1s \u00e9s a munka vil\u00e1g\u00e1b\u00f3l","url":"https:\/\/allasorias.hu\/hirek\/","logo":{"@type":"ImageObject","url":"https:\/\/allasorias.hu\/hirek\/wp-content\/uploads\/2022\/10\/allasorias_site_facebok_logo.png","@id":"https:\/\/allasorias.hu\/hirek\/megszoktak-a-dolgozok-az-otthonrol-vegezheto-munkat\/#organizationLogo"},"image":{"@id":"https:\/\/allasorias.hu\/hirek\/megszoktak-a-dolgozok-az-otthonrol-vegezheto-munkat\/#organizationLogo"},"sameAs":["https:\/\/www.facebook.com\/allasorias","https:\/\/www.linkedin.com\/company\/allasorias"]},{"@type":"Person","@id":"https:\/\/allasorias.hu\/hirek\/author\/admin-allasorias\/#author","url":"https:\/\/allasorias.hu\/hirek\/author\/admin-allasorias\/","name":"Juh\u00e1sz P\u00e9ter","image":{"@type":"ImageObject","@id":"https:\/\/allasorias.hu\/hirek\/megszoktak-a-dolgozok-az-otthonrol-vegezheto-munkat\/#authorImage","url":"https:\/\/secure.gravatar.com\/avatar\/36e6bcb83148978b992977cb0f54d22feb0cce8a0a849a9410532bb2623ba4c6?s=96&d=mm&r=g","width":96,"height":96,"caption":"Juh\u00e1sz P\u00e9ter"}},{"@type":"WebPage","@id":"https:\/\/allasorias.hu\/hirek\/megszoktak-a-dolgozok-az-otthonrol-vegezheto-munkat\/#webpage","url":"https:\/\/allasorias.hu\/hirek\/megszoktak-a-dolgozok-az-otthonrol-vegezheto-munkat\/","name":"Dolgoz\u00f3k megszokt\u00e1k az otthoni munkav\u00e9gz\u00e9st","description":"Egy felm\u00e9r\u00e9s szerint ragaszkodnak a munkav\u00e1llal\u00f3k az otthonr\u00f3l v\u00e9gezhet\u0151 munk\u00e1hoz, ha minden nap be kellene j\u00e1rni, ink\u00e1bb v\u00e1ltan\u00e1nak.","inLanguage":"hu-HU","isPartOf":{"@id":"https:\/\/allasorias.hu\/hirek\/#website"},"breadcrumb":{"@id":"https:\/\/allasorias.hu\/hirek\/megszoktak-a-dolgozok-az-otthonrol-vegezheto-munkat\/#breadcrumblist"},"author":{"@id":"https:\/\/allasorias.hu\/hirek\/author\/admin-allasorias\/#author"},"creator":{"@id":"https:\/\/allasorias.hu\/hirek\/author\/admin-allasorias\/#author"},"image":{"@type":"ImageObject","url":"https:\/\/allasorias.hu\/hirek\/wp-content\/uploads\/2024\/06\/otthoni-munkavegzes.jpg","@id":"https:\/\/allasorias.hu\/hirek\/megszoktak-a-dolgozok-az-otthonrol-vegezheto-munkat\/#mainImage","width":1280,"height":853,"caption":"Megszokt\u00e1k a dolgoz\u00f3k az otthonr\u00f3l v\u00e9gezhet\u0151 munk\u00e1t - Allasorias.hu\/Hirek"},"primaryImageOfPage":{"@id":"https:\/\/allasorias.hu\/hirek\/megszoktak-a-dolgozok-az-otthonrol-vegezheto-munkat\/#mainImage"},"datePublished":"2024-06-03T09:38:26+02:00","dateModified":"2025-05-09T15:55:49+02:00"},{"@type":"WebSite","@id":"https:\/\/allasorias.hu\/hirek\/#website","url":"https:\/\/allasorias.hu\/hirek\/","name":"AllasOrias.hu | H\u00edrek-lapszemle","description":"\u00dczleti h\u00edrek az \u00e1ll\u00e1s \u00e9s a munka vil\u00e1g\u00e1b\u00f3l","inLanguage":"hu-HU","publisher":{"@id":"https:\/\/allasorias.hu\/hirek\/#organization"}}]},"og:locale":"hu_HU","og:site_name":"AllasOrias.hu | H\u00edrek-lapszemle | \u00dczleti h\u00edrek az \u00e1ll\u00e1s \u00e9s a munka vil\u00e1g\u00e1b\u00f3l","og:type":"article","og:title":"Dolgoz\u00f3k megszokt\u00e1k az otthoni munkav\u00e9gz\u00e9st","og:description":"Egy felm\u00e9r\u00e9s szerint ragaszkodnak a munkav\u00e1llal\u00f3k az otthonr\u00f3l v\u00e9gezhet\u0151 munk\u00e1hoz, ha minden nap be kellene j\u00e1rni, ink\u00e1bb v\u00e1ltan\u00e1nak.","og:url":"https:\/\/allasorias.hu\/hirek\/megszoktak-a-dolgozok-az-otthonrol-vegezheto-munkat\/","og:image":"https:\/\/allasorias.hu\/hirek\/wp-content\/uploads\/2024\/06\/otthoni-munkavegzes.jpg","og:image:secure_url":"https:\/\/allasorias.hu\/hirek\/wp-content\/uploads\/2024\/06\/otthoni-munkavegzes.jpg","og:image:width":1280,"og:image:height":853,"article:published_time":"2024-06-03T07:38:26+00:00","article:modified_time":"2025-05-09T13:55:49+00:00","article:publisher":"https:\/\/www.facebook.com\/allasorias","twitter:card":"summary_large_image","twitter:title":"Dolgoz\u00f3k megszokt\u00e1k az otthoni munkav\u00e9gz\u00e9st","twitter:description":"Egy felm\u00e9r\u00e9s szerint ragaszkodnak a munkav\u00e1llal\u00f3k az otthonr\u00f3l v\u00e9gezhet\u0151 munk\u00e1hoz, ha minden nap be kellene j\u00e1rni, ink\u00e1bb v\u00e1ltan\u00e1nak.","twitter:image":"https:\/\/allasorias.hu\/hirek\/wp-content\/uploads\/2024\/06\/otthoni-munkavegzes.jpg","twitter:label1":"Written by","twitter:data1":"Juh\u00e1sz P\u00e9ter","twitter:label2":"Est. reading time","twitter:data2":"2 minutes"},"aioseo_meta_data":{"post_id":"7634","title":"Dolgoz\u00f3k megszokt\u00e1k az otthoni munkav\u00e9gz\u00e9st","description":"Egy felm\u00e9r\u00e9s szerint ragaszkodnak a munkav\u00e1llal\u00f3k az otthonr\u00f3l v\u00e9gezhet\u0151 munk\u00e1hoz, ha minden nap be kellene j\u00e1rni, ink\u00e1bb v\u00e1ltan\u00e1nak.","keywords":null,"keyphrases":{"focus":{"keyphrase":"","score":0,"analysis":{"keyphraseInTitle":{"score":0,"maxScore":9,"error":1}}},"additional":[]},"primary_term":null,"canonical_url":null,"og_title":null,"og_description":null,"og_object_type":"default","og_image_type":"default","og_image_url":null,"og_image_width":null,"og_image_height":null,"og_image_custom_url":null,"og_image_custom_fields":null,"og_video":"","og_custom_url":null,"og_article_section":null,"og_article_tags":null,"twitter_use_og":true,"twitter_card":"default","twitter_image_type":"default","twitter_image_url":null,"twitter_image_custom_url":null,"twitter_image_custom_fields":null,"twitter_title":null,"twitter_description":null,"schema":{"blockGraphs":[],"customGraphs":[],"default":{"data":{"Article":[],"Course":[],"Dataset":[],"FAQPage":[],"Movie":[],"Person":[],"Product":[],"ProductReview":[],"Car":[],"Recipe":[],"Service":[],"SoftwareApplication":[],"WebPage":[]},"graphName":"Article","isEnabled":true},"graphs":[]},"schema_type":"default","schema_type_options":null,"pillar_content":false,"robots_default":true,"robots_noindex":false,"robots_noarchive":false,"robots_nosnippet":false,"robots_nofollow":false,"robots_noimageindex":false,"robots_noodp":false,"robots_notranslate":false,"robots_max_snippet":"-1","robots_max_videopreview":"-1","robots_max_imagepreview":"large","priority":null,"frequency":"default","location":null,"local_seo":null,"breadcrumb_settings":null,"limit_modified_date":false,"ai":null,"created":"2024-06-03 07:27:56","updated":"2025-10-02 19:58:17","seo_analyzer_scan_date":null,"focus_keyword":null,"additional_keywords":null,"truseo_locale":null},"aioseo_breadcrumb":"<div class=\"aioseo-breadcrumbs\"><span class=\"aioseo-breadcrumb\">\n\t\t\t<a href=\"https:\/\/allasorias.hu\/hirek\" title=\"Home\">Home<\/a>\n\t\t<\/span><span class=\"aioseo-breadcrumb-separator\">&raquo;<\/span><span class=\"aioseo-breadcrumb\">\n\t\t\t<a href=\"https:\/\/allasorias.hu\/hirek\/temak\/munkaeropiac\/\" title=\"Munkaer\u0151piac\">Munkaer\u0151piac<\/a>\n\t\t<\/span><span class=\"aioseo-breadcrumb-separator\">&raquo;<\/span><span class=\"aioseo-breadcrumb\">\n\t\t\tMegszokt\u00e1k a dolgoz\u00f3k az otthonr\u00f3l v\u00e9gezhet\u0151 munk\u00e1t\n\t\t<\/span><\/div>","aioseo_breadcrumb_json":[{"label":"Home","link":"https:\/\/allasorias.hu\/hirek"},{"label":"Munkaer\u0151piac","link":"https:\/\/allasorias.hu\/hirek\/temak\/munkaeropiac\/"},{"label":"Megszokt\u00e1k a dolgoz\u00f3k az otthonr\u00f3l v\u00e9gezhet\u0151 munk\u00e1t","link":"https:\/\/allasorias.hu\/hirek\/megszoktak-a-dolgozok-az-otthonrol-vegezheto-munkat\/"}],"_links":{"self":[{"href":"https:\/\/allasorias.hu\/hirek\/wp-json\/wp\/v2\/posts\/7634","targetHints":{"allow":["GET"]}}],"collection":[{"href":"https:\/\/allasorias.hu\/hirek\/wp-json\/wp\/v2\/posts"}],"about":[{"href":"https:\/\/allasorias.hu\/hirek\/wp-json\/wp\/v2\/types\/post"}],"author":[{"embeddable":true,"href":"https:\/\/allasorias.hu\/hirek\/wp-json\/wp\/v2\/users\/1"}],"replies":[{"embeddable":true,"href":"https:\/\/allasorias.hu\/hirek\/wp-json\/wp\/v2\/comments?post=7634"}],"version-history":[{"count":3,"href":"https:\/\/allasorias.hu\/hirek\/wp-json\/wp\/v2\/posts\/7634\/revisions"}],"predecessor-version":[{"id":7639,"href":"https:\/\/allasorias.hu\/hirek\/wp-json\/wp\/v2\/posts\/7634\/revisions\/7639"}],"wp:featuredmedia":[{"embeddable":true,"href":"https:\/\/allasorias.hu\/hirek\/wp-json\/wp\/v2\/media\/7637"}],"wp:attachment":[{"href":"https:\/\/allasorias.hu\/hirek\/wp-json\/wp\/v2\/media?parent=7634"}],"wp:term":[{"taxonomy":"category","embeddable":true,"href":"https:\/\/allasorias.hu\/hirek\/wp-json\/wp\/v2\/categories?post=7634"},{"taxonomy":"post_tag","embeddable":true,"href":"https:\/\/allasorias.hu\/hirek\/wp-json\/wp\/v2\/tags?post=7634"}],"curies":[{"name":"wp","href":"https:\/\/api.w.org\/{rel}","templated":true}]}}