{"id":7619,"date":"2024-05-28T10:41:02","date_gmt":"2024-05-28T08:41:02","guid":{"rendered":"https:\/\/allasorias.hu\/hirek\/?p=7619"},"modified":"2024-05-28T13:14:09","modified_gmt":"2024-05-28T11:14:09","slug":"szukseges-a-kulso-munkaero","status":"publish","type":"post","link":"https:\/\/allasorias.hu\/hirek\/szukseges-a-kulso-munkaero\/","title":{"rendered":"Sz\u00fcks\u00e9ges a k\u00fcls\u0151 munkaer\u0151"},"content":{"rendered":"<p><strong>Az ENSZ adatai szerint 2020-ban t\u00f6bb mint 714 ezer olyan magyar \u00e9lt k\u00fclf\u00f6ld\u00f6n, aki Magyarorsz\u00e1gon sz\u00fcletett \u2013 \u00edrja a N\u00f6veked\u00e9s.hu a Magyar K\u00f6zgazdas\u00e1gi T\u00e1rsas\u00e1g konferenci\u00e1j\u00e1r\u00f3l besz\u00e1molva, melyen a <a href=\"https:\/\/allasorias.hu\/hirek\/tobb-mint-hetszazezer-magyar-dolgozik-kulfoldon\/\">k\u00fclf\u00f6ld\u00f6n dolgoz\u00f3 magyarok<\/a> hazacs\u00e1b\u00edt\u00e1s\u00e1nak lehet\u0151s\u00e9geit \u00e9s k\u00f6vetkezm\u00e9nyeit boncolgatt\u00e1k.<\/strong><\/p>\n<p>Az ENSZ adatai alapj\u00e1n \u00f6t \u00e9vente nagyj\u00e1b\u00f3l 100 ezer Magyarorsz\u00e1gon sz\u00fcletett magyar k\u00f6lt\u00f6zik m\u00e1s orsz\u00e1gba. A folyamat \u00e9rz\u00e9kenyen \u00e9rinti a munkaer\u0151piacot is.\u00a0 2010-2015 \u00e9s 2015 \u00e9s 2020 k\u00f6z\u00f6tt 100-100 ezerrel n\u0151tt a k\u00fclf\u00f6ld\u00f6n \u00e9l\u0151 magyarok sz\u00e1ma. \u201e<em>A munkaer\u0151hi\u00e1ny Magyarorsz\u00e1gon a l\u00e9tsz\u00e1mhi\u00e1ny mellett, a k\u00e9szs\u00e9ghi\u00e1ny ter\u00fclet\u00e9n is fenn\u00e1ll. Teh\u00e1t nemcsak sz\u00e1m\u00e1ban nem elegend\u0151 a rendelkez\u00e9sre \u00e1ll\u00f3 munkaer\u0151, hanem k\u00e9pzetts\u00e9gbeli, k\u00e9szs\u00e9gbeli \u00e9s tud\u00e1sbeli \u00f6sszet\u00e9tel\u00e9t tekintve sem. A demogr\u00e1fiai folyamatok miatt, ha haza is j\u00f6nnek a k\u00fclf\u00f6ld\u00f6n dolgoz\u00f3 magyarok, hossz\u00fat\u00e1von musz\u00e1j lesz k\u00fcls\u0151 munkaer\u0151forr\u00e1sra hagyatkoznia a munkaer\u0151piacnak<\/em>\u201d\u2013 mondta a lap szerint az egyik felsz\u00f3lal\u00f3, B\u00e1lint Adrienn, a Magyar Gy\u00e1riparosok Orsz\u00e1gos Sz\u00f6vets\u00e9g\u00e9nek foglalkoztat\u00e1s\u00e9rt \u00e9s szoci\u00e1lis \u00fcgyek\u00e9rt felel\u0151s igazgat\u00f3ja.<\/p>\n<p>Egy m\u00e1sik r\u00e9sztvev\u0151, Szab\u00f3 Barna, az Egyens\u00faly Int\u00e9zet vezet\u0151 k\u00f6zgazd\u00e1sza ugyanakkor amellett \u00e9rvelt, hogy 2023 \u00e9s 2028 k\u00f6z\u00f6tt a ki-\u00e9s bev\u00e1ndorl\u00e1s dinamik\u00e1ja \u201enull\u00e1hoz k\u00f6zeli, enyhe negat\u00edv hat\u00e1ssal lesz a magyar munkaer\u0151-k\u00edn\u00e1lat nagys\u00e1g\u00e1ra\u201d. Tavaly \u00e9v v\u00e9g\u00e9n a KSH tett k\u00f6zz\u00e9 adatokat a k\u00fclf\u00f6ld\u00f6n dolgoz\u00f3 magyarok sz\u00e1m\u00e1r\u00f3l, \u00e1m a magyar statisztikai hivatal sz\u00e1mai durv\u00e1n elt\u00e9rnek att\u00f3l, mint amir\u0151l az ENSZ-re hivatkozva \u00edr a N\u00f6veked\u00e9s.hu. A KSH szerint ugyanis csup\u00e1n 109 ezer magyar dolgozik k\u00fclf\u00f6ld\u00f6n.<\/p>\n<p>Forr\u00e1s: <a href=\"https:\/\/www.szeretlekmagyarorszag.hu\/hirek\/tobb-mint-714-ezer-magyar-mar-elhagyta-az-orszagot\/\" target=\"_blank\" rel=\"nofollow noopener noreferrer\">szeretlekmagyarorszag.hu<\/a><\/p>\n","protected":false},"excerpt":{"rendered":"<p>Az ENSZ adatai szerint 2020-ban t\u00f6bb mint 714 ezer olyan magyar \u00e9lt k\u00fclf\u00f6ld\u00f6n, aki Magyarorsz\u00e1gon sz\u00fcletett \u2013 \u00edrja a N\u00f6veked\u00e9s.hu a Magyar K\u00f6zgazdas\u00e1gi T\u00e1rsas\u00e1g konferenci\u00e1j\u00e1r\u00f3l besz\u00e1molva, melyen a k\u00fclf\u00f6ld\u00f6n dolgoz\u00f3 magyarok hazacs\u00e1b\u00edt\u00e1s\u00e1nak lehet\u0151s\u00e9geit \u00e9s k\u00f6vetkezm\u00e9nyeit boncolgatt\u00e1k. Az ENSZ adatai alapj\u00e1n \u00f6t \u00e9vente nagyj\u00e1b\u00f3l 100 ezer Magyarorsz\u00e1gon sz\u00fcletett magyar k\u00f6lt\u00f6zik m\u00e1s orsz\u00e1gba. A folyamat \u00e9rz\u00e9kenyen \u00e9rinti [&hellip;]<\/p>\n","protected":false},"author":1,"featured_media":7620,"comment_status":"closed","ping_status":"closed","sticky":false,"template":"","format":"standard","meta":{"_monsterinsights_skip_tracking":false,"footnotes":""},"categories":[200],"tags":[],"class_list":["post-7619","post","type-post","status-publish","format-standard","has-post-thumbnail","hentry","category-munkaeropiac"],"aioseo_notices":[],"aioseo_head":"\n\t\t<!-- All in One SEO 5.0.0.1 - aioseo.com -->\n\t<meta name=\"description\" content=\"Az ENSZ adatai szerint 2020-ban t\u00f6bb mint 714 ezer olyan magyar \u00e9lt k\u00fclf\u00f6ld\u00f6n, aki Magyarorsz\u00e1gon sz\u00fcletett \u2013 \u00edrja a N\u00f6veked\u00e9s.hu.\" \/>\n\t<meta name=\"robots\" content=\"max-image-preview:large\" \/>\n\t<meta name=\"author\" content=\"Juh\u00e1sz P\u00e9ter\"\/>\n\t<link rel=\"canonical\" href=\"https:\/\/allasorias.hu\/hirek\/szukseges-a-kulso-munkaero\/\" \/>\n\t<meta name=\"generator\" content=\"All in One SEO (AIOSEO) 5.0.0.1\" \/>\n\t\t<meta property=\"og:locale\" content=\"hu_HU\" \/>\n\t\t<meta property=\"og:site_name\" content=\"AllasOrias.hu | H\u00edrek-lapszemle | \u00dczleti h\u00edrek az \u00e1ll\u00e1s \u00e9s a munka vil\u00e1g\u00e1b\u00f3l\" \/>\n\t\t<meta property=\"og:type\" content=\"article\" \/>\n\t\t<meta property=\"og:title\" content=\"Sz\u00fcks\u00e9ges a k\u00fcls\u0151 munkaer\u0151 | Allasorias.hu\/Hirek\" \/>\n\t\t<meta property=\"og:description\" content=\"Az ENSZ adatai szerint 2020-ban t\u00f6bb mint 714 ezer olyan magyar \u00e9lt k\u00fclf\u00f6ld\u00f6n, aki Magyarorsz\u00e1gon sz\u00fcletett \u2013 \u00edrja a N\u00f6veked\u00e9s.hu.\" \/>\n\t\t<meta property=\"og:url\" content=\"https:\/\/allasorias.hu\/hirek\/szukseges-a-kulso-munkaero\/\" \/>\n\t\t<meta property=\"og:image\" content=\"https:\/\/allasorias.hu\/hirek\/wp-content\/uploads\/2024\/05\/kulso-munkaero.jpg\" \/>\n\t\t<meta property=\"og:image:secure_url\" content=\"https:\/\/allasorias.hu\/hirek\/wp-content\/uploads\/2024\/05\/kulso-munkaero.jpg\" \/>\n\t\t<meta property=\"og:image:width\" content=\"1280\" \/>\n\t\t<meta property=\"og:image:height\" content=\"853\" \/>\n\t\t<meta property=\"article:published_time\" content=\"2024-05-28T08:41:02+00:00\" \/>\n\t\t<meta property=\"article:modified_time\" content=\"2024-05-28T11:14:09+00:00\" \/>\n\t\t<meta property=\"article:publisher\" content=\"https:\/\/www.facebook.com\/allasorias\" \/>\n\t\t<meta name=\"twitter:card\" content=\"summary_large_image\" \/>\n\t\t<meta name=\"twitter:title\" content=\"Sz\u00fcks\u00e9ges a k\u00fcls\u0151 munkaer\u0151 | Allasorias.hu\/Hirek\" \/>\n\t\t<meta name=\"twitter:description\" content=\"Az ENSZ adatai szerint 2020-ban t\u00f6bb mint 714 ezer olyan magyar \u00e9lt k\u00fclf\u00f6ld\u00f6n, aki Magyarorsz\u00e1gon sz\u00fcletett \u2013 \u00edrja a N\u00f6veked\u00e9s.hu.\" \/>\n\t\t<meta name=\"twitter:image\" content=\"https:\/\/allasorias.hu\/hirek\/wp-content\/uploads\/2024\/05\/kulso-munkaero.jpg\" \/>\n\t\t<meta name=\"twitter:label1\" content=\"Written by\" \/>\n\t\t<meta name=\"twitter:data1\" content=\"Juh\u00e1sz P\u00e9ter\" \/>\n\t\t<meta name=\"twitter:label2\" content=\"Est. reading time\" \/>\n\t\t<meta name=\"twitter:data2\" content=\"2 minutes\" \/>\n\t\t<script type=\"application\/ld+json\" class=\"aioseo-schema\">\n\t\t\t{\"@context\":\"https:\\\/\\\/schema.org\",\"@graph\":[{\"@type\":\"Article\",\"@id\":\"https:\\\/\\\/allasorias.hu\\\/hirek\\\/szukseges-a-kulso-munkaero\\\/#article\",\"name\":\"Sz\\u00fcks\\u00e9ges a k\\u00fcls\\u0151 munkaer\\u0151 | Allasorias.hu\\\/Hirek\",\"headline\":\"Sz\\u00fcks\\u00e9ges a k\\u00fcls\\u0151 munkaer\\u0151\",\"author\":{\"@id\":\"https:\\\/\\\/allasorias.hu\\\/hirek\\\/author\\\/admin-allasorias\\\/#author\"},\"publisher\":{\"@id\":\"https:\\\/\\\/allasorias.hu\\\/hirek\\\/#organization\"},\"image\":{\"@type\":\"ImageObject\",\"url\":\"https:\\\/\\\/allasorias.hu\\\/hirek\\\/wp-content\\\/uploads\\\/2024\\\/05\\\/kulso-munkaero.jpg\",\"width\":1280,\"height\":853,\"caption\":\"Sz\\u00fcks\\u00e9ges a k\\u00fcls\\u0151 munkaer\\u0151 - Allasorias.hu\\\/Hirek\"},\"datePublished\":\"2024-05-28T10:41:02+02:00\",\"dateModified\":\"2024-05-28T13:14:09+02:00\",\"inLanguage\":\"hu-HU\",\"mainEntityOfPage\":{\"@id\":\"https:\\\/\\\/allasorias.hu\\\/hirek\\\/szukseges-a-kulso-munkaero\\\/#webpage\"},\"isPartOf\":{\"@id\":\"https:\\\/\\\/allasorias.hu\\\/hirek\\\/szukseges-a-kulso-munkaero\\\/#webpage\"},\"articleSection\":\"Munkaer\\u0151piac\"},{\"@type\":\"BreadcrumbList\",\"@id\":\"https:\\\/\\\/allasorias.hu\\\/hirek\\\/szukseges-a-kulso-munkaero\\\/#breadcrumblist\",\"itemListElement\":[{\"@type\":\"ListItem\",\"@id\":\"https:\\\/\\\/allasorias.hu\\\/hirek#listItem\",\"position\":1,\"name\":\"Home\",\"item\":\"https:\\\/\\\/allasorias.hu\\\/hirek\",\"nextItem\":{\"@type\":\"ListItem\",\"@id\":\"https:\\\/\\\/allasorias.hu\\\/hirek\\\/temak\\\/munkaeropiac\\\/#listItem\",\"name\":\"Munkaer\\u0151piac\"}},{\"@type\":\"ListItem\",\"@id\":\"https:\\\/\\\/allasorias.hu\\\/hirek\\\/temak\\\/munkaeropiac\\\/#listItem\",\"position\":2,\"name\":\"Munkaer\\u0151piac\",\"item\":\"https:\\\/\\\/allasorias.hu\\\/hirek\\\/temak\\\/munkaeropiac\\\/\",\"nextItem\":{\"@type\":\"ListItem\",\"@id\":\"https:\\\/\\\/allasorias.hu\\\/hirek\\\/szukseges-a-kulso-munkaero\\\/#listItem\",\"name\":\"Sz\\u00fcks\\u00e9ges a k\\u00fcls\\u0151 munkaer\\u0151\"},\"previousItem\":{\"@type\":\"ListItem\",\"@id\":\"https:\\\/\\\/allasorias.hu\\\/hirek#listItem\",\"name\":\"Home\"}},{\"@type\":\"ListItem\",\"@id\":\"https:\\\/\\\/allasorias.hu\\\/hirek\\\/szukseges-a-kulso-munkaero\\\/#listItem\",\"position\":3,\"name\":\"Sz\\u00fcks\\u00e9ges a k\\u00fcls\\u0151 munkaer\\u0151\",\"previousItem\":{\"@type\":\"ListItem\",\"@id\":\"https:\\\/\\\/allasorias.hu\\\/hirek\\\/temak\\\/munkaeropiac\\\/#listItem\",\"name\":\"Munkaer\\u0151piac\"}}]},{\"@type\":\"Organization\",\"@id\":\"https:\\\/\\\/allasorias.hu\\\/hirek\\\/#organization\",\"name\":\"AllasOrias.hu | H\\u00edrek-lapszemle\",\"description\":\"\\u00dczleti h\\u00edrek az \\u00e1ll\\u00e1s \\u00e9s a munka vil\\u00e1g\\u00e1b\\u00f3l\",\"url\":\"https:\\\/\\\/allasorias.hu\\\/hirek\\\/\",\"logo\":{\"@type\":\"ImageObject\",\"url\":\"https:\\\/\\\/allasorias.hu\\\/hirek\\\/wp-content\\\/uploads\\\/2022\\\/10\\\/allasorias_site_facebok_logo.png\",\"@id\":\"https:\\\/\\\/allasorias.hu\\\/hirek\\\/szukseges-a-kulso-munkaero\\\/#organizationLogo\"},\"image\":{\"@id\":\"https:\\\/\\\/allasorias.hu\\\/hirek\\\/szukseges-a-kulso-munkaero\\\/#organizationLogo\"},\"sameAs\":[\"https:\\\/\\\/www.facebook.com\\\/allasorias\",\"https:\\\/\\\/www.linkedin.com\\\/company\\\/allasorias\"]},{\"@type\":\"Person\",\"@id\":\"https:\\\/\\\/allasorias.hu\\\/hirek\\\/author\\\/admin-allasorias\\\/#author\",\"url\":\"https:\\\/\\\/allasorias.hu\\\/hirek\\\/author\\\/admin-allasorias\\\/\",\"name\":\"Juh\\u00e1sz P\\u00e9ter\",\"image\":{\"@type\":\"ImageObject\",\"@id\":\"https:\\\/\\\/allasorias.hu\\\/hirek\\\/szukseges-a-kulso-munkaero\\\/#authorImage\",\"url\":\"https:\\\/\\\/secure.gravatar.com\\\/avatar\\\/36e6bcb83148978b992977cb0f54d22feb0cce8a0a849a9410532bb2623ba4c6?s=96&d=mm&r=g\",\"width\":96,\"height\":96,\"caption\":\"Juh\\u00e1sz P\\u00e9ter\"}},{\"@type\":\"WebPage\",\"@id\":\"https:\\\/\\\/allasorias.hu\\\/hirek\\\/szukseges-a-kulso-munkaero\\\/#webpage\",\"url\":\"https:\\\/\\\/allasorias.hu\\\/hirek\\\/szukseges-a-kulso-munkaero\\\/\",\"name\":\"Sz\\u00fcks\\u00e9ges a k\\u00fcls\\u0151 munkaer\\u0151 | Allasorias.hu\\\/Hirek\",\"description\":\"Az ENSZ adatai szerint 2020-ban t\\u00f6bb mint 714 ezer olyan magyar \\u00e9lt k\\u00fclf\\u00f6ld\\u00f6n, aki Magyarorsz\\u00e1gon sz\\u00fcletett \\u2013 \\u00edrja a N\\u00f6veked\\u00e9s.hu.\",\"inLanguage\":\"hu-HU\",\"isPartOf\":{\"@id\":\"https:\\\/\\\/allasorias.hu\\\/hirek\\\/#website\"},\"breadcrumb\":{\"@id\":\"https:\\\/\\\/allasorias.hu\\\/hirek\\\/szukseges-a-kulso-munkaero\\\/#breadcrumblist\"},\"author\":{\"@id\":\"https:\\\/\\\/allasorias.hu\\\/hirek\\\/author\\\/admin-allasorias\\\/#author\"},\"creator\":{\"@id\":\"https:\\\/\\\/allasorias.hu\\\/hirek\\\/author\\\/admin-allasorias\\\/#author\"},\"image\":{\"@type\":\"ImageObject\",\"url\":\"https:\\\/\\\/allasorias.hu\\\/hirek\\\/wp-content\\\/uploads\\\/2024\\\/05\\\/kulso-munkaero.jpg\",\"@id\":\"https:\\\/\\\/allasorias.hu\\\/hirek\\\/szukseges-a-kulso-munkaero\\\/#mainImage\",\"width\":1280,\"height\":853,\"caption\":\"Sz\\u00fcks\\u00e9ges a k\\u00fcls\\u0151 munkaer\\u0151 - Allasorias.hu\\\/Hirek\"},\"primaryImageOfPage\":{\"@id\":\"https:\\\/\\\/allasorias.hu\\\/hirek\\\/szukseges-a-kulso-munkaero\\\/#mainImage\"},\"datePublished\":\"2024-05-28T10:41:02+02:00\",\"dateModified\":\"2024-05-28T13:14:09+02:00\"},{\"@type\":\"WebSite\",\"@id\":\"https:\\\/\\\/allasorias.hu\\\/hirek\\\/#website\",\"url\":\"https:\\\/\\\/allasorias.hu\\\/hirek\\\/\",\"name\":\"AllasOrias.hu | H\\u00edrek-lapszemle\",\"description\":\"\\u00dczleti h\\u00edrek az \\u00e1ll\\u00e1s \\u00e9s a munka vil\\u00e1g\\u00e1b\\u00f3l\",\"inLanguage\":\"hu-HU\",\"publisher\":{\"@id\":\"https:\\\/\\\/allasorias.hu\\\/hirek\\\/#organization\"}}]}\n\t\t<\/script>\n\t\t<!-- All in One SEO -->\n\n","aioseo_head_json":{"title":"Sz\u00fcks\u00e9ges a k\u00fcls\u0151 munkaer\u0151 | Allasorias.hu\/Hirek","description":"Az ENSZ adatai szerint 2020-ban t\u00f6bb mint 714 ezer olyan magyar \u00e9lt k\u00fclf\u00f6ld\u00f6n, aki Magyarorsz\u00e1gon sz\u00fcletett \u2013 \u00edrja a N\u00f6veked\u00e9s.hu.","canonical_url":"https:\/\/allasorias.hu\/hirek\/szukseges-a-kulso-munkaero\/","robots":"max-image-preview:large","keywords":"","webmasterTools":{"miscellaneous":""},"schema":{"@context":"https:\/\/schema.org","@graph":[{"@type":"Article","@id":"https:\/\/allasorias.hu\/hirek\/szukseges-a-kulso-munkaero\/#article","name":"Sz\u00fcks\u00e9ges a k\u00fcls\u0151 munkaer\u0151 | Allasorias.hu\/Hirek","headline":"Sz\u00fcks\u00e9ges a k\u00fcls\u0151 munkaer\u0151","author":{"@id":"https:\/\/allasorias.hu\/hirek\/author\/admin-allasorias\/#author"},"publisher":{"@id":"https:\/\/allasorias.hu\/hirek\/#organization"},"image":{"@type":"ImageObject","url":"https:\/\/allasorias.hu\/hirek\/wp-content\/uploads\/2024\/05\/kulso-munkaero.jpg","width":1280,"height":853,"caption":"Sz\u00fcks\u00e9ges a k\u00fcls\u0151 munkaer\u0151 - Allasorias.hu\/Hirek"},"datePublished":"2024-05-28T10:41:02+02:00","dateModified":"2024-05-28T13:14:09+02:00","inLanguage":"hu-HU","mainEntityOfPage":{"@id":"https:\/\/allasorias.hu\/hirek\/szukseges-a-kulso-munkaero\/#webpage"},"isPartOf":{"@id":"https:\/\/allasorias.hu\/hirek\/szukseges-a-kulso-munkaero\/#webpage"},"articleSection":"Munkaer\u0151piac"},{"@type":"BreadcrumbList","@id":"https:\/\/allasorias.hu\/hirek\/szukseges-a-kulso-munkaero\/#breadcrumblist","itemListElement":[{"@type":"ListItem","@id":"https:\/\/allasorias.hu\/hirek#listItem","position":1,"name":"Home","item":"https:\/\/allasorias.hu\/hirek","nextItem":{"@type":"ListItem","@id":"https:\/\/allasorias.hu\/hirek\/temak\/munkaeropiac\/#listItem","name":"Munkaer\u0151piac"}},{"@type":"ListItem","@id":"https:\/\/allasorias.hu\/hirek\/temak\/munkaeropiac\/#listItem","position":2,"name":"Munkaer\u0151piac","item":"https:\/\/allasorias.hu\/hirek\/temak\/munkaeropiac\/","nextItem":{"@type":"ListItem","@id":"https:\/\/allasorias.hu\/hirek\/szukseges-a-kulso-munkaero\/#listItem","name":"Sz\u00fcks\u00e9ges a k\u00fcls\u0151 munkaer\u0151"},"previousItem":{"@type":"ListItem","@id":"https:\/\/allasorias.hu\/hirek#listItem","name":"Home"}},{"@type":"ListItem","@id":"https:\/\/allasorias.hu\/hirek\/szukseges-a-kulso-munkaero\/#listItem","position":3,"name":"Sz\u00fcks\u00e9ges a k\u00fcls\u0151 munkaer\u0151","previousItem":{"@type":"ListItem","@id":"https:\/\/allasorias.hu\/hirek\/temak\/munkaeropiac\/#listItem","name":"Munkaer\u0151piac"}}]},{"@type":"Organization","@id":"https:\/\/allasorias.hu\/hirek\/#organization","name":"AllasOrias.hu | H\u00edrek-lapszemle","description":"\u00dczleti h\u00edrek az \u00e1ll\u00e1s \u00e9s a munka vil\u00e1g\u00e1b\u00f3l","url":"https:\/\/allasorias.hu\/hirek\/","logo":{"@type":"ImageObject","url":"https:\/\/allasorias.hu\/hirek\/wp-content\/uploads\/2022\/10\/allasorias_site_facebok_logo.png","@id":"https:\/\/allasorias.hu\/hirek\/szukseges-a-kulso-munkaero\/#organizationLogo"},"image":{"@id":"https:\/\/allasorias.hu\/hirek\/szukseges-a-kulso-munkaero\/#organizationLogo"},"sameAs":["https:\/\/www.facebook.com\/allasorias","https:\/\/www.linkedin.com\/company\/allasorias"]},{"@type":"Person","@id":"https:\/\/allasorias.hu\/hirek\/author\/admin-allasorias\/#author","url":"https:\/\/allasorias.hu\/hirek\/author\/admin-allasorias\/","name":"Juh\u00e1sz P\u00e9ter","image":{"@type":"ImageObject","@id":"https:\/\/allasorias.hu\/hirek\/szukseges-a-kulso-munkaero\/#authorImage","url":"https:\/\/secure.gravatar.com\/avatar\/36e6bcb83148978b992977cb0f54d22feb0cce8a0a849a9410532bb2623ba4c6?s=96&d=mm&r=g","width":96,"height":96,"caption":"Juh\u00e1sz P\u00e9ter"}},{"@type":"WebPage","@id":"https:\/\/allasorias.hu\/hirek\/szukseges-a-kulso-munkaero\/#webpage","url":"https:\/\/allasorias.hu\/hirek\/szukseges-a-kulso-munkaero\/","name":"Sz\u00fcks\u00e9ges a k\u00fcls\u0151 munkaer\u0151 | Allasorias.hu\/Hirek","description":"Az ENSZ adatai szerint 2020-ban t\u00f6bb mint 714 ezer olyan magyar \u00e9lt k\u00fclf\u00f6ld\u00f6n, aki Magyarorsz\u00e1gon sz\u00fcletett \u2013 \u00edrja a N\u00f6veked\u00e9s.hu.","inLanguage":"hu-HU","isPartOf":{"@id":"https:\/\/allasorias.hu\/hirek\/#website"},"breadcrumb":{"@id":"https:\/\/allasorias.hu\/hirek\/szukseges-a-kulso-munkaero\/#breadcrumblist"},"author":{"@id":"https:\/\/allasorias.hu\/hirek\/author\/admin-allasorias\/#author"},"creator":{"@id":"https:\/\/allasorias.hu\/hirek\/author\/admin-allasorias\/#author"},"image":{"@type":"ImageObject","url":"https:\/\/allasorias.hu\/hirek\/wp-content\/uploads\/2024\/05\/kulso-munkaero.jpg","@id":"https:\/\/allasorias.hu\/hirek\/szukseges-a-kulso-munkaero\/#mainImage","width":1280,"height":853,"caption":"Sz\u00fcks\u00e9ges a k\u00fcls\u0151 munkaer\u0151 - Allasorias.hu\/Hirek"},"primaryImageOfPage":{"@id":"https:\/\/allasorias.hu\/hirek\/szukseges-a-kulso-munkaero\/#mainImage"},"datePublished":"2024-05-28T10:41:02+02:00","dateModified":"2024-05-28T13:14:09+02:00"},{"@type":"WebSite","@id":"https:\/\/allasorias.hu\/hirek\/#website","url":"https:\/\/allasorias.hu\/hirek\/","name":"AllasOrias.hu | H\u00edrek-lapszemle","description":"\u00dczleti h\u00edrek az \u00e1ll\u00e1s \u00e9s a munka vil\u00e1g\u00e1b\u00f3l","inLanguage":"hu-HU","publisher":{"@id":"https:\/\/allasorias.hu\/hirek\/#organization"}}]},"og:locale":"hu_HU","og:site_name":"AllasOrias.hu | H\u00edrek-lapszemle | \u00dczleti h\u00edrek az \u00e1ll\u00e1s \u00e9s a munka vil\u00e1g\u00e1b\u00f3l","og:type":"article","og:title":"Sz\u00fcks\u00e9ges a k\u00fcls\u0151 munkaer\u0151 | Allasorias.hu\/Hirek","og:description":"Az ENSZ adatai szerint 2020-ban t\u00f6bb mint 714 ezer olyan magyar \u00e9lt k\u00fclf\u00f6ld\u00f6n, aki Magyarorsz\u00e1gon sz\u00fcletett \u2013 \u00edrja a N\u00f6veked\u00e9s.hu.","og:url":"https:\/\/allasorias.hu\/hirek\/szukseges-a-kulso-munkaero\/","og:image":"https:\/\/allasorias.hu\/hirek\/wp-content\/uploads\/2024\/05\/kulso-munkaero.jpg","og:image:secure_url":"https:\/\/allasorias.hu\/hirek\/wp-content\/uploads\/2024\/05\/kulso-munkaero.jpg","og:image:width":1280,"og:image:height":853,"article:published_time":"2024-05-28T08:41:02+00:00","article:modified_time":"2024-05-28T11:14:09+00:00","article:publisher":"https:\/\/www.facebook.com\/allasorias","twitter:card":"summary_large_image","twitter:title":"Sz\u00fcks\u00e9ges a k\u00fcls\u0151 munkaer\u0151 | Allasorias.hu\/Hirek","twitter:description":"Az ENSZ adatai szerint 2020-ban t\u00f6bb mint 714 ezer olyan magyar \u00e9lt k\u00fclf\u00f6ld\u00f6n, aki Magyarorsz\u00e1gon sz\u00fcletett \u2013 \u00edrja a N\u00f6veked\u00e9s.hu.","twitter:image":"https:\/\/allasorias.hu\/hirek\/wp-content\/uploads\/2024\/05\/kulso-munkaero.jpg","twitter:label1":"Written by","twitter:data1":"Juh\u00e1sz P\u00e9ter","twitter:label2":"Est. reading time","twitter:data2":"2 minutes"},"aioseo_meta_data":{"post_id":"7619","title":"#post_title | Allasorias.hu\/Hirek","description":"Az ENSZ adatai szerint 2020-ban t\u00f6bb mint 714 ezer olyan magyar \u00e9lt k\u00fclf\u00f6ld\u00f6n, aki Magyarorsz\u00e1gon sz\u00fcletett \u2013 \u00edrja a N\u00f6veked\u00e9s.hu.","keywords":[],"keyphrases":{"focus":{"keyphrase":"","score":0,"analysis":{"keyphraseInTitle":{"score":0,"maxScore":9,"error":1}}},"additional":[]},"primary_term":null,"canonical_url":null,"og_title":null,"og_description":null,"og_object_type":"default","og_image_type":"default","og_image_url":null,"og_image_width":null,"og_image_height":null,"og_image_custom_url":null,"og_image_custom_fields":null,"og_video":"","og_custom_url":null,"og_article_section":null,"og_article_tags":[],"twitter_use_og":true,"twitter_card":"default","twitter_image_type":"default","twitter_image_url":null,"twitter_image_custom_url":null,"twitter_image_custom_fields":null,"twitter_title":null,"twitter_description":null,"schema":{"blockGraphs":[],"customGraphs":[],"default":{"data":{"Article":[],"Course":[],"Dataset":[],"FAQPage":[],"Movie":[],"Person":[],"Product":[],"ProductReview":[],"Car":[],"Recipe":[],"Service":[],"SoftwareApplication":[],"WebPage":[]},"graphName":"Article","isEnabled":true},"graphs":[]},"schema_type":"default","schema_type_options":null,"pillar_content":false,"robots_default":true,"robots_noindex":false,"robots_noarchive":false,"robots_nosnippet":false,"robots_nofollow":false,"robots_noimageindex":false,"robots_noodp":false,"robots_notranslate":false,"robots_max_snippet":"-1","robots_max_videopreview":"-1","robots_max_imagepreview":"large","priority":null,"frequency":"default","location":null,"local_seo":null,"breadcrumb_settings":null,"limit_modified_date":false,"ai":null,"created":"2024-05-28 08:08:42","updated":"2025-10-02 19:57:32","seo_analyzer_scan_date":null,"focus_keyword":null,"additional_keywords":null,"truseo_locale":null},"aioseo_breadcrumb":"<div class=\"aioseo-breadcrumbs\"><span class=\"aioseo-breadcrumb\">\n\t\t\t<a href=\"https:\/\/allasorias.hu\/hirek\" title=\"Home\">Home<\/a>\n\t\t<\/span><span class=\"aioseo-breadcrumb-separator\">&raquo;<\/span><span class=\"aioseo-breadcrumb\">\n\t\t\t<a href=\"https:\/\/allasorias.hu\/hirek\/temak\/munkaeropiac\/\" title=\"Munkaer\u0151piac\">Munkaer\u0151piac<\/a>\n\t\t<\/span><span class=\"aioseo-breadcrumb-separator\">&raquo;<\/span><span class=\"aioseo-breadcrumb\">\n\t\t\tSz\u00fcks\u00e9ges a k\u00fcls\u0151 munkaer\u0151\n\t\t<\/span><\/div>","aioseo_breadcrumb_json":[{"label":"Home","link":"https:\/\/allasorias.hu\/hirek"},{"label":"Munkaer\u0151piac","link":"https:\/\/allasorias.hu\/hirek\/temak\/munkaeropiac\/"},{"label":"Sz\u00fcks\u00e9ges a k\u00fcls\u0151 munkaer\u0151","link":"https:\/\/allasorias.hu\/hirek\/szukseges-a-kulso-munkaero\/"}],"_links":{"self":[{"href":"https:\/\/allasorias.hu\/hirek\/wp-json\/wp\/v2\/posts\/7619","targetHints":{"allow":["GET"]}}],"collection":[{"href":"https:\/\/allasorias.hu\/hirek\/wp-json\/wp\/v2\/posts"}],"about":[{"href":"https:\/\/allasorias.hu\/hirek\/wp-json\/wp\/v2\/types\/post"}],"author":[{"embeddable":true,"href":"https:\/\/allasorias.hu\/hirek\/wp-json\/wp\/v2\/users\/1"}],"replies":[{"embeddable":true,"href":"https:\/\/allasorias.hu\/hirek\/wp-json\/wp\/v2\/comments?post=7619"}],"version-history":[{"count":3,"href":"https:\/\/allasorias.hu\/hirek\/wp-json\/wp\/v2\/posts\/7619\/revisions"}],"predecessor-version":[{"id":7623,"href":"https:\/\/allasorias.hu\/hirek\/wp-json\/wp\/v2\/posts\/7619\/revisions\/7623"}],"wp:featuredmedia":[{"embeddable":true,"href":"https:\/\/allasorias.hu\/hirek\/wp-json\/wp\/v2\/media\/7620"}],"wp:attachment":[{"href":"https:\/\/allasorias.hu\/hirek\/wp-json\/wp\/v2\/media?parent=7619"}],"wp:term":[{"taxonomy":"category","embeddable":true,"href":"https:\/\/allasorias.hu\/hirek\/wp-json\/wp\/v2\/categories?post=7619"},{"taxonomy":"post_tag","embeddable":true,"href":"https:\/\/allasorias.hu\/hirek\/wp-json\/wp\/v2\/tags?post=7619"}],"curies":[{"name":"wp","href":"https:\/\/api.w.org\/{rel}","templated":true}]}}