{"id":7599,"date":"2024-05-16T09:42:54","date_gmt":"2024-05-16T07:42:54","guid":{"rendered":"https:\/\/allasorias.hu\/hirek\/?p=7599"},"modified":"2024-05-27T09:44:51","modified_gmt":"2024-05-27T07:44:51","slug":"tobb-a-no-a-munkanelkuliek-kozott","status":"publish","type":"post","link":"https:\/\/allasorias.hu\/hirek\/tobb-a-no-a-munkanelkuliek-kozott\/","title":{"rendered":"T\u00f6bb a n\u0151 a munkan\u00e9lk\u00fcliek k\u00f6z\u00f6tt"},"content":{"rendered":"<p><strong>A n\u0151k k\u00f6r\u00e9ben 5,3 sz\u00e1zal\u00e9kra emelkedett a munkan\u00e9lk\u00fclis\u00e9g a febru\u00e1ri 5,1 sz\u00e1zal\u00e9kr\u00f3l, a f\u00e9rfiak eset\u00e9ben 4,7 sz\u00e1zal\u00e9kr\u00f3l 4,6 sz\u00e1zal\u00e9kra cs\u00f6kkent. A fiatalok (15 \u00e9s 24 \u00e9v k\u00f6z\u00f6ttiek) eset\u00e9ben a r\u00e1ta nem v\u00e1ltozott febru\u00e1rhoz k\u00e9pest, 10,9 sz\u00e1zal\u00e9k maradt m\u00e1rciusban. <\/strong><\/p>\n<p>A Gazdas\u00e1gi Egy\u00fcttm\u0171k\u00f6d\u00e9si \u00e9s Fejleszt\u00e9si Szervezet (OECD) orsz\u00e1gaiban \u00e1tlagosan 4,9 sz\u00e1zal\u00e9k volt a munkan\u00e9lk\u00fclis\u00e9g m\u00e1rciusban, a\u00a0 nem v\u00e9gleges adatok szerint, ami megegyezett a febru\u00e1rival &#8211; \u00e1ll a p\u00e1rizsi sz\u00e9khely\u0171 szervezet honlapj\u00e1n. A r\u00e1ta t\u00f6bb mint m\u00e1sf\u00e9l \u00e9ve, 2022 j\u00faliusa \u00f3ta 5 sz\u00e1zal\u00e9k alatt mozog. M\u00e1rciusban a munkan\u00e9lk\u00fclis\u00e9g 22 OECD-orsz\u00e1gban stagn\u00e1lt, nyolcban pedig n\u0151tt (k\u00f6zt\u00fck Ausztri\u00e1ban, Sv\u00e9dorsz\u00e1gban \u00e9s Norv\u00e9gi\u00e1ban). Cs\u00f6kken\u00e9st k\u00e9t orsz\u00e1gban, Chil\u00e9ben \u00e9s G\u00f6r\u00f6gorsz\u00e1gban jegyeztek f\u00f6l.<\/p>\n<p>Az OECD-orsz\u00e1gokban a munkan\u00e9lk\u00fcliek sz\u00e1ma harmadik \u00e9ve cs\u00f6kkent tavaly, \u00e1tlagban 33,23 milli\u00f3 volt, ami az adat 2001. \u00e9vi kezel\u00e9se \u00f3ta a legalacsonyabb. 2022-ben a munkan\u00e9lk\u00fcliek \u00e1tlagos sz\u00e1ma 33,96 milli\u00f3 volt. A munkan\u00e9lk\u00fclis\u00e9gi r\u00e1ta 4,8 sz\u00e1zal\u00e9k volt tavaly az egy \u00e9vvel kor\u00e1bbi 5 sz\u00e1zal\u00e9k ut\u00e1n. Tavaly a n\u0151k k\u00f6r\u00e9ben 5 sz\u00e1zal\u00e9kra cs\u00f6kkent az \u00e1tlagos munkan\u00e9lk\u00fclis\u00e9g a 2022. \u00e9vi 5,3 sz\u00e1zal\u00e9kr\u00f3l, a f\u00e9rfiak eset\u00e9ben 4,8 sz\u00e1zal\u00e9kr\u00f3l 4,7 sz\u00e1zal\u00e9kra m\u00e9rs\u00e9kl\u0151d\u00f6tt. A fiatalok (15 \u00e9s 24 \u00e9v k\u00f6z\u00f6ttiek) tavalyi \u00e1tlagos munkan\u00e9lk\u00fclis\u00e9gi r\u00e1t\u00e1ja 10,6 sz\u00e1zal\u00e9kra s\u00fcllyedt a 2022. \u00e9vi 10,9 sz\u00e1zal\u00e9kr\u00f3l.<\/p>\n<p>Forr\u00e1s: <a href=\"https:\/\/www.hrportal.hu\/c\/oecd-orszagok-a-nok-koreben-emelkedett-a-ferfiakeban-csokkent-a-munkanelkuliseg-20240517.html\" target=\"_blank\" rel=\"nofollow noopener noreferrer\">hrportal.hu<\/a><\/p>\n","protected":false},"excerpt":{"rendered":"<p>A n\u0151k k\u00f6r\u00e9ben 5,3 sz\u00e1zal\u00e9kra emelkedett a munkan\u00e9lk\u00fclis\u00e9g a febru\u00e1ri 5,1 sz\u00e1zal\u00e9kr\u00f3l, a f\u00e9rfiak eset\u00e9ben 4,7 sz\u00e1zal\u00e9kr\u00f3l 4,6 sz\u00e1zal\u00e9kra cs\u00f6kkent. A fiatalok (15 \u00e9s 24 \u00e9v k\u00f6z\u00f6ttiek) eset\u00e9ben a r\u00e1ta nem v\u00e1ltozott febru\u00e1rhoz k\u00e9pest, 10,9 sz\u00e1zal\u00e9k maradt m\u00e1rciusban. A Gazdas\u00e1gi Egy\u00fcttm\u0171k\u00f6d\u00e9si \u00e9s Fejleszt\u00e9si Szervezet (OECD) orsz\u00e1gaiban \u00e1tlagosan 4,9 sz\u00e1zal\u00e9k volt a munkan\u00e9lk\u00fclis\u00e9g m\u00e1rciusban, a\u00a0 nem [&hellip;]<\/p>\n","protected":false},"author":1,"featured_media":7600,"comment_status":"closed","ping_status":"closed","sticky":false,"template":"","format":"standard","meta":{"_monsterinsights_skip_tracking":false,"footnotes":""},"categories":[200],"tags":[81,267],"class_list":["post-7599","post","type-post","status-publish","format-standard","has-post-thumbnail","hentry","category-munkaeropiac","tag-munkanelkuliseg-2","tag-statisztika"],"aioseo_notices":[],"aioseo_head":"\n\t\t<!-- All in One SEO 5.0.0.1 - aioseo.com -->\n\t<meta name=\"description\" content=\"A n\u0151k k\u00f6r\u00e9ben 5,3 sz\u00e1zal\u00e9kra emelkedett a munkan\u00e9lk\u00fclis\u00e9g a febru\u00e1ri 5,1 sz\u00e1zal\u00e9kr\u00f3l, a f\u00e9rfiak eset\u00e9ben 4,7 sz\u00e1zal\u00e9kr\u00f3l 4,6 sz\u00e1zal\u00e9kra cs\u00f6kkent.\" \/>\n\t<meta name=\"robots\" content=\"max-image-preview:large\" \/>\n\t<meta name=\"author\" content=\"Juh\u00e1sz P\u00e9ter\"\/>\n\t<meta name=\"keywords\" content=\"munkan\u00e9lk\u00fclis\u00e9g,statisztika\" \/>\n\t<link rel=\"canonical\" href=\"https:\/\/allasorias.hu\/hirek\/tobb-a-no-a-munkanelkuliek-kozott\/\" \/>\n\t<meta name=\"generator\" content=\"All in One SEO (AIOSEO) 5.0.0.1\" \/>\n\t\t<meta property=\"og:locale\" content=\"hu_HU\" \/>\n\t\t<meta property=\"og:site_name\" content=\"AllasOrias.hu | H\u00edrek-lapszemle | \u00dczleti h\u00edrek az \u00e1ll\u00e1s \u00e9s a munka vil\u00e1g\u00e1b\u00f3l\" \/>\n\t\t<meta property=\"og:type\" content=\"article\" \/>\n\t\t<meta property=\"og:title\" content=\"T\u00f6bb a n\u0151 a munkan\u00e9lk\u00fcliek k\u00f6z\u00f6tt | Allasorias.hu\/Hirek\" \/>\n\t\t<meta property=\"og:description\" content=\"A n\u0151k k\u00f6r\u00e9ben 5,3 sz\u00e1zal\u00e9kra emelkedett a munkan\u00e9lk\u00fclis\u00e9g a febru\u00e1ri 5,1 sz\u00e1zal\u00e9kr\u00f3l, a f\u00e9rfiak eset\u00e9ben 4,7 sz\u00e1zal\u00e9kr\u00f3l 4,6 sz\u00e1zal\u00e9kra cs\u00f6kkent.\" \/>\n\t\t<meta property=\"og:url\" content=\"https:\/\/allasorias.hu\/hirek\/tobb-a-no-a-munkanelkuliek-kozott\/\" \/>\n\t\t<meta property=\"og:image\" content=\"https:\/\/allasorias.hu\/hirek\/wp-content\/uploads\/2024\/05\/munkanelkulisegi-statisztika-2024.jpg\" \/>\n\t\t<meta property=\"og:image:secure_url\" content=\"https:\/\/allasorias.hu\/hirek\/wp-content\/uploads\/2024\/05\/munkanelkulisegi-statisztika-2024.jpg\" \/>\n\t\t<meta property=\"og:image:width\" content=\"1280\" \/>\n\t\t<meta property=\"og:image:height\" content=\"670\" \/>\n\t\t<meta property=\"article:published_time\" content=\"2024-05-16T07:42:54+00:00\" \/>\n\t\t<meta property=\"article:modified_time\" content=\"2024-05-27T07:44:51+00:00\" \/>\n\t\t<meta property=\"article:publisher\" content=\"https:\/\/www.facebook.com\/allasorias\" \/>\n\t\t<meta name=\"twitter:card\" content=\"summary_large_image\" \/>\n\t\t<meta name=\"twitter:title\" content=\"T\u00f6bb a n\u0151 a munkan\u00e9lk\u00fcliek k\u00f6z\u00f6tt | Allasorias.hu\/Hirek\" \/>\n\t\t<meta name=\"twitter:description\" content=\"A n\u0151k k\u00f6r\u00e9ben 5,3 sz\u00e1zal\u00e9kra emelkedett a munkan\u00e9lk\u00fclis\u00e9g a febru\u00e1ri 5,1 sz\u00e1zal\u00e9kr\u00f3l, a f\u00e9rfiak eset\u00e9ben 4,7 sz\u00e1zal\u00e9kr\u00f3l 4,6 sz\u00e1zal\u00e9kra cs\u00f6kkent.\" \/>\n\t\t<meta name=\"twitter:image\" content=\"https:\/\/allasorias.hu\/hirek\/wp-content\/uploads\/2024\/05\/munkanelkulisegi-statisztika-2024.jpg\" \/>\n\t\t<meta name=\"twitter:label1\" content=\"Written by\" \/>\n\t\t<meta name=\"twitter:data1\" content=\"Juh\u00e1sz P\u00e9ter\" \/>\n\t\t<meta name=\"twitter:label2\" content=\"Est. reading time\" \/>\n\t\t<meta name=\"twitter:data2\" content=\"2 minutes\" \/>\n\t\t<script type=\"application\/ld+json\" class=\"aioseo-schema\">\n\t\t\t{\"@context\":\"https:\\\/\\\/schema.org\",\"@graph\":[{\"@type\":\"Article\",\"@id\":\"https:\\\/\\\/allasorias.hu\\\/hirek\\\/tobb-a-no-a-munkanelkuliek-kozott\\\/#article\",\"name\":\"T\\u00f6bb a n\\u0151 a munkan\\u00e9lk\\u00fcliek k\\u00f6z\\u00f6tt | Allasorias.hu\\\/Hirek\",\"headline\":\"T\\u00f6bb a n\\u0151 a munkan\\u00e9lk\\u00fcliek k\\u00f6z\\u00f6tt\",\"author\":{\"@id\":\"https:\\\/\\\/allasorias.hu\\\/hirek\\\/author\\\/admin-allasorias\\\/#author\"},\"publisher\":{\"@id\":\"https:\\\/\\\/allasorias.hu\\\/hirek\\\/#organization\"},\"image\":{\"@type\":\"ImageObject\",\"url\":\"https:\\\/\\\/allasorias.hu\\\/hirek\\\/wp-content\\\/uploads\\\/2024\\\/05\\\/munkanelkulisegi-statisztika-2024.jpg\",\"width\":1280,\"height\":670,\"caption\":\"T\\u00f6bb a n\\u0151 a munkan\\u00e9lk\\u00fcliek k\\u00f6z\\u00f6tt - Allasorias.hu\\\/Hirek\"},\"datePublished\":\"2024-05-16T09:42:54+02:00\",\"dateModified\":\"2024-05-27T09:44:51+02:00\",\"inLanguage\":\"hu-HU\",\"mainEntityOfPage\":{\"@id\":\"https:\\\/\\\/allasorias.hu\\\/hirek\\\/tobb-a-no-a-munkanelkuliek-kozott\\\/#webpage\"},\"isPartOf\":{\"@id\":\"https:\\\/\\\/allasorias.hu\\\/hirek\\\/tobb-a-no-a-munkanelkuliek-kozott\\\/#webpage\"},\"articleSection\":\"Munkaer\\u0151piac, munkan\\u00e9lk\\u00fclis\\u00e9g, statisztika\"},{\"@type\":\"BreadcrumbList\",\"@id\":\"https:\\\/\\\/allasorias.hu\\\/hirek\\\/tobb-a-no-a-munkanelkuliek-kozott\\\/#breadcrumblist\",\"itemListElement\":[{\"@type\":\"ListItem\",\"@id\":\"https:\\\/\\\/allasorias.hu\\\/hirek#listItem\",\"position\":1,\"name\":\"Home\",\"item\":\"https:\\\/\\\/allasorias.hu\\\/hirek\",\"nextItem\":{\"@type\":\"ListItem\",\"@id\":\"https:\\\/\\\/allasorias.hu\\\/hirek\\\/temak\\\/munkaeropiac\\\/#listItem\",\"name\":\"Munkaer\\u0151piac\"}},{\"@type\":\"ListItem\",\"@id\":\"https:\\\/\\\/allasorias.hu\\\/hirek\\\/temak\\\/munkaeropiac\\\/#listItem\",\"position\":2,\"name\":\"Munkaer\\u0151piac\",\"item\":\"https:\\\/\\\/allasorias.hu\\\/hirek\\\/temak\\\/munkaeropiac\\\/\",\"nextItem\":{\"@type\":\"ListItem\",\"@id\":\"https:\\\/\\\/allasorias.hu\\\/hirek\\\/tobb-a-no-a-munkanelkuliek-kozott\\\/#listItem\",\"name\":\"T\\u00f6bb a n\\u0151 a munkan\\u00e9lk\\u00fcliek k\\u00f6z\\u00f6tt\"},\"previousItem\":{\"@type\":\"ListItem\",\"@id\":\"https:\\\/\\\/allasorias.hu\\\/hirek#listItem\",\"name\":\"Home\"}},{\"@type\":\"ListItem\",\"@id\":\"https:\\\/\\\/allasorias.hu\\\/hirek\\\/tobb-a-no-a-munkanelkuliek-kozott\\\/#listItem\",\"position\":3,\"name\":\"T\\u00f6bb a n\\u0151 a munkan\\u00e9lk\\u00fcliek k\\u00f6z\\u00f6tt\",\"previousItem\":{\"@type\":\"ListItem\",\"@id\":\"https:\\\/\\\/allasorias.hu\\\/hirek\\\/temak\\\/munkaeropiac\\\/#listItem\",\"name\":\"Munkaer\\u0151piac\"}}]},{\"@type\":\"Organization\",\"@id\":\"https:\\\/\\\/allasorias.hu\\\/hirek\\\/#organization\",\"name\":\"AllasOrias.hu | H\\u00edrek-lapszemle\",\"description\":\"\\u00dczleti h\\u00edrek az \\u00e1ll\\u00e1s \\u00e9s a munka vil\\u00e1g\\u00e1b\\u00f3l\",\"url\":\"https:\\\/\\\/allasorias.hu\\\/hirek\\\/\",\"logo\":{\"@type\":\"ImageObject\",\"url\":\"https:\\\/\\\/allasorias.hu\\\/hirek\\\/wp-content\\\/uploads\\\/2022\\\/10\\\/allasorias_site_facebok_logo.png\",\"@id\":\"https:\\\/\\\/allasorias.hu\\\/hirek\\\/tobb-a-no-a-munkanelkuliek-kozott\\\/#organizationLogo\"},\"image\":{\"@id\":\"https:\\\/\\\/allasorias.hu\\\/hirek\\\/tobb-a-no-a-munkanelkuliek-kozott\\\/#organizationLogo\"},\"sameAs\":[\"https:\\\/\\\/www.facebook.com\\\/allasorias\",\"https:\\\/\\\/www.linkedin.com\\\/company\\\/allasorias\"]},{\"@type\":\"Person\",\"@id\":\"https:\\\/\\\/allasorias.hu\\\/hirek\\\/author\\\/admin-allasorias\\\/#author\",\"url\":\"https:\\\/\\\/allasorias.hu\\\/hirek\\\/author\\\/admin-allasorias\\\/\",\"name\":\"Juh\\u00e1sz P\\u00e9ter\",\"image\":{\"@type\":\"ImageObject\",\"@id\":\"https:\\\/\\\/allasorias.hu\\\/hirek\\\/tobb-a-no-a-munkanelkuliek-kozott\\\/#authorImage\",\"url\":\"https:\\\/\\\/secure.gravatar.com\\\/avatar\\\/36e6bcb83148978b992977cb0f54d22feb0cce8a0a849a9410532bb2623ba4c6?s=96&d=mm&r=g\",\"width\":96,\"height\":96,\"caption\":\"Juh\\u00e1sz P\\u00e9ter\"}},{\"@type\":\"WebPage\",\"@id\":\"https:\\\/\\\/allasorias.hu\\\/hirek\\\/tobb-a-no-a-munkanelkuliek-kozott\\\/#webpage\",\"url\":\"https:\\\/\\\/allasorias.hu\\\/hirek\\\/tobb-a-no-a-munkanelkuliek-kozott\\\/\",\"name\":\"T\\u00f6bb a n\\u0151 a munkan\\u00e9lk\\u00fcliek k\\u00f6z\\u00f6tt | Allasorias.hu\\\/Hirek\",\"description\":\"A n\\u0151k k\\u00f6r\\u00e9ben 5,3 sz\\u00e1zal\\u00e9kra emelkedett a munkan\\u00e9lk\\u00fclis\\u00e9g a febru\\u00e1ri 5,1 sz\\u00e1zal\\u00e9kr\\u00f3l, a f\\u00e9rfiak eset\\u00e9ben 4,7 sz\\u00e1zal\\u00e9kr\\u00f3l 4,6 sz\\u00e1zal\\u00e9kra cs\\u00f6kkent.\",\"inLanguage\":\"hu-HU\",\"isPartOf\":{\"@id\":\"https:\\\/\\\/allasorias.hu\\\/hirek\\\/#website\"},\"breadcrumb\":{\"@id\":\"https:\\\/\\\/allasorias.hu\\\/hirek\\\/tobb-a-no-a-munkanelkuliek-kozott\\\/#breadcrumblist\"},\"author\":{\"@id\":\"https:\\\/\\\/allasorias.hu\\\/hirek\\\/author\\\/admin-allasorias\\\/#author\"},\"creator\":{\"@id\":\"https:\\\/\\\/allasorias.hu\\\/hirek\\\/author\\\/admin-allasorias\\\/#author\"},\"image\":{\"@type\":\"ImageObject\",\"url\":\"https:\\\/\\\/allasorias.hu\\\/hirek\\\/wp-content\\\/uploads\\\/2024\\\/05\\\/munkanelkulisegi-statisztika-2024.jpg\",\"@id\":\"https:\\\/\\\/allasorias.hu\\\/hirek\\\/tobb-a-no-a-munkanelkuliek-kozott\\\/#mainImage\",\"width\":1280,\"height\":670,\"caption\":\"T\\u00f6bb a n\\u0151 a munkan\\u00e9lk\\u00fcliek k\\u00f6z\\u00f6tt - Allasorias.hu\\\/Hirek\"},\"primaryImageOfPage\":{\"@id\":\"https:\\\/\\\/allasorias.hu\\\/hirek\\\/tobb-a-no-a-munkanelkuliek-kozott\\\/#mainImage\"},\"datePublished\":\"2024-05-16T09:42:54+02:00\",\"dateModified\":\"2024-05-27T09:44:51+02:00\"},{\"@type\":\"WebSite\",\"@id\":\"https:\\\/\\\/allasorias.hu\\\/hirek\\\/#website\",\"url\":\"https:\\\/\\\/allasorias.hu\\\/hirek\\\/\",\"name\":\"AllasOrias.hu | H\\u00edrek-lapszemle\",\"description\":\"\\u00dczleti h\\u00edrek az \\u00e1ll\\u00e1s \\u00e9s a munka vil\\u00e1g\\u00e1b\\u00f3l\",\"inLanguage\":\"hu-HU\",\"publisher\":{\"@id\":\"https:\\\/\\\/allasorias.hu\\\/hirek\\\/#organization\"}}]}\n\t\t<\/script>\n\t\t<!-- All in One SEO -->\n\n","aioseo_head_json":{"title":"T\u00f6bb a n\u0151 a munkan\u00e9lk\u00fcliek k\u00f6z\u00f6tt | Allasorias.hu\/Hirek","description":"A n\u0151k k\u00f6r\u00e9ben 5,3 sz\u00e1zal\u00e9kra emelkedett a munkan\u00e9lk\u00fclis\u00e9g a febru\u00e1ri 5,1 sz\u00e1zal\u00e9kr\u00f3l, a f\u00e9rfiak eset\u00e9ben 4,7 sz\u00e1zal\u00e9kr\u00f3l 4,6 sz\u00e1zal\u00e9kra cs\u00f6kkent.","canonical_url":"https:\/\/allasorias.hu\/hirek\/tobb-a-no-a-munkanelkuliek-kozott\/","robots":"max-image-preview:large","keywords":"munkan\u00e9lk\u00fclis\u00e9g,statisztika","webmasterTools":{"miscellaneous":""},"schema":{"@context":"https:\/\/schema.org","@graph":[{"@type":"Article","@id":"https:\/\/allasorias.hu\/hirek\/tobb-a-no-a-munkanelkuliek-kozott\/#article","name":"T\u00f6bb a n\u0151 a munkan\u00e9lk\u00fcliek k\u00f6z\u00f6tt | Allasorias.hu\/Hirek","headline":"T\u00f6bb a n\u0151 a munkan\u00e9lk\u00fcliek k\u00f6z\u00f6tt","author":{"@id":"https:\/\/allasorias.hu\/hirek\/author\/admin-allasorias\/#author"},"publisher":{"@id":"https:\/\/allasorias.hu\/hirek\/#organization"},"image":{"@type":"ImageObject","url":"https:\/\/allasorias.hu\/hirek\/wp-content\/uploads\/2024\/05\/munkanelkulisegi-statisztika-2024.jpg","width":1280,"height":670,"caption":"T\u00f6bb a n\u0151 a munkan\u00e9lk\u00fcliek k\u00f6z\u00f6tt - Allasorias.hu\/Hirek"},"datePublished":"2024-05-16T09:42:54+02:00","dateModified":"2024-05-27T09:44:51+02:00","inLanguage":"hu-HU","mainEntityOfPage":{"@id":"https:\/\/allasorias.hu\/hirek\/tobb-a-no-a-munkanelkuliek-kozott\/#webpage"},"isPartOf":{"@id":"https:\/\/allasorias.hu\/hirek\/tobb-a-no-a-munkanelkuliek-kozott\/#webpage"},"articleSection":"Munkaer\u0151piac, munkan\u00e9lk\u00fclis\u00e9g, statisztika"},{"@type":"BreadcrumbList","@id":"https:\/\/allasorias.hu\/hirek\/tobb-a-no-a-munkanelkuliek-kozott\/#breadcrumblist","itemListElement":[{"@type":"ListItem","@id":"https:\/\/allasorias.hu\/hirek#listItem","position":1,"name":"Home","item":"https:\/\/allasorias.hu\/hirek","nextItem":{"@type":"ListItem","@id":"https:\/\/allasorias.hu\/hirek\/temak\/munkaeropiac\/#listItem","name":"Munkaer\u0151piac"}},{"@type":"ListItem","@id":"https:\/\/allasorias.hu\/hirek\/temak\/munkaeropiac\/#listItem","position":2,"name":"Munkaer\u0151piac","item":"https:\/\/allasorias.hu\/hirek\/temak\/munkaeropiac\/","nextItem":{"@type":"ListItem","@id":"https:\/\/allasorias.hu\/hirek\/tobb-a-no-a-munkanelkuliek-kozott\/#listItem","name":"T\u00f6bb a n\u0151 a munkan\u00e9lk\u00fcliek k\u00f6z\u00f6tt"},"previousItem":{"@type":"ListItem","@id":"https:\/\/allasorias.hu\/hirek#listItem","name":"Home"}},{"@type":"ListItem","@id":"https:\/\/allasorias.hu\/hirek\/tobb-a-no-a-munkanelkuliek-kozott\/#listItem","position":3,"name":"T\u00f6bb a n\u0151 a munkan\u00e9lk\u00fcliek k\u00f6z\u00f6tt","previousItem":{"@type":"ListItem","@id":"https:\/\/allasorias.hu\/hirek\/temak\/munkaeropiac\/#listItem","name":"Munkaer\u0151piac"}}]},{"@type":"Organization","@id":"https:\/\/allasorias.hu\/hirek\/#organization","name":"AllasOrias.hu | H\u00edrek-lapszemle","description":"\u00dczleti h\u00edrek az \u00e1ll\u00e1s \u00e9s a munka vil\u00e1g\u00e1b\u00f3l","url":"https:\/\/allasorias.hu\/hirek\/","logo":{"@type":"ImageObject","url":"https:\/\/allasorias.hu\/hirek\/wp-content\/uploads\/2022\/10\/allasorias_site_facebok_logo.png","@id":"https:\/\/allasorias.hu\/hirek\/tobb-a-no-a-munkanelkuliek-kozott\/#organizationLogo"},"image":{"@id":"https:\/\/allasorias.hu\/hirek\/tobb-a-no-a-munkanelkuliek-kozott\/#organizationLogo"},"sameAs":["https:\/\/www.facebook.com\/allasorias","https:\/\/www.linkedin.com\/company\/allasorias"]},{"@type":"Person","@id":"https:\/\/allasorias.hu\/hirek\/author\/admin-allasorias\/#author","url":"https:\/\/allasorias.hu\/hirek\/author\/admin-allasorias\/","name":"Juh\u00e1sz P\u00e9ter","image":{"@type":"ImageObject","@id":"https:\/\/allasorias.hu\/hirek\/tobb-a-no-a-munkanelkuliek-kozott\/#authorImage","url":"https:\/\/secure.gravatar.com\/avatar\/36e6bcb83148978b992977cb0f54d22feb0cce8a0a849a9410532bb2623ba4c6?s=96&d=mm&r=g","width":96,"height":96,"caption":"Juh\u00e1sz P\u00e9ter"}},{"@type":"WebPage","@id":"https:\/\/allasorias.hu\/hirek\/tobb-a-no-a-munkanelkuliek-kozott\/#webpage","url":"https:\/\/allasorias.hu\/hirek\/tobb-a-no-a-munkanelkuliek-kozott\/","name":"T\u00f6bb a n\u0151 a munkan\u00e9lk\u00fcliek k\u00f6z\u00f6tt | Allasorias.hu\/Hirek","description":"A n\u0151k k\u00f6r\u00e9ben 5,3 sz\u00e1zal\u00e9kra emelkedett a munkan\u00e9lk\u00fclis\u00e9g a febru\u00e1ri 5,1 sz\u00e1zal\u00e9kr\u00f3l, a f\u00e9rfiak eset\u00e9ben 4,7 sz\u00e1zal\u00e9kr\u00f3l 4,6 sz\u00e1zal\u00e9kra cs\u00f6kkent.","inLanguage":"hu-HU","isPartOf":{"@id":"https:\/\/allasorias.hu\/hirek\/#website"},"breadcrumb":{"@id":"https:\/\/allasorias.hu\/hirek\/tobb-a-no-a-munkanelkuliek-kozott\/#breadcrumblist"},"author":{"@id":"https:\/\/allasorias.hu\/hirek\/author\/admin-allasorias\/#author"},"creator":{"@id":"https:\/\/allasorias.hu\/hirek\/author\/admin-allasorias\/#author"},"image":{"@type":"ImageObject","url":"https:\/\/allasorias.hu\/hirek\/wp-content\/uploads\/2024\/05\/munkanelkulisegi-statisztika-2024.jpg","@id":"https:\/\/allasorias.hu\/hirek\/tobb-a-no-a-munkanelkuliek-kozott\/#mainImage","width":1280,"height":670,"caption":"T\u00f6bb a n\u0151 a munkan\u00e9lk\u00fcliek k\u00f6z\u00f6tt - Allasorias.hu\/Hirek"},"primaryImageOfPage":{"@id":"https:\/\/allasorias.hu\/hirek\/tobb-a-no-a-munkanelkuliek-kozott\/#mainImage"},"datePublished":"2024-05-16T09:42:54+02:00","dateModified":"2024-05-27T09:44:51+02:00"},{"@type":"WebSite","@id":"https:\/\/allasorias.hu\/hirek\/#website","url":"https:\/\/allasorias.hu\/hirek\/","name":"AllasOrias.hu | H\u00edrek-lapszemle","description":"\u00dczleti h\u00edrek az \u00e1ll\u00e1s \u00e9s a munka vil\u00e1g\u00e1b\u00f3l","inLanguage":"hu-HU","publisher":{"@id":"https:\/\/allasorias.hu\/hirek\/#organization"}}]},"og:locale":"hu_HU","og:site_name":"AllasOrias.hu | H\u00edrek-lapszemle | \u00dczleti h\u00edrek az \u00e1ll\u00e1s \u00e9s a munka vil\u00e1g\u00e1b\u00f3l","og:type":"article","og:title":"T\u00f6bb a n\u0151 a munkan\u00e9lk\u00fcliek k\u00f6z\u00f6tt | Allasorias.hu\/Hirek","og:description":"A n\u0151k k\u00f6r\u00e9ben 5,3 sz\u00e1zal\u00e9kra emelkedett a munkan\u00e9lk\u00fclis\u00e9g a febru\u00e1ri 5,1 sz\u00e1zal\u00e9kr\u00f3l, a f\u00e9rfiak eset\u00e9ben 4,7 sz\u00e1zal\u00e9kr\u00f3l 4,6 sz\u00e1zal\u00e9kra cs\u00f6kkent.","og:url":"https:\/\/allasorias.hu\/hirek\/tobb-a-no-a-munkanelkuliek-kozott\/","og:image":"https:\/\/allasorias.hu\/hirek\/wp-content\/uploads\/2024\/05\/munkanelkulisegi-statisztika-2024.jpg","og:image:secure_url":"https:\/\/allasorias.hu\/hirek\/wp-content\/uploads\/2024\/05\/munkanelkulisegi-statisztika-2024.jpg","og:image:width":1280,"og:image:height":670,"article:published_time":"2024-05-16T07:42:54+00:00","article:modified_time":"2024-05-27T07:44:51+00:00","article:publisher":"https:\/\/www.facebook.com\/allasorias","twitter:card":"summary_large_image","twitter:title":"T\u00f6bb a n\u0151 a munkan\u00e9lk\u00fcliek k\u00f6z\u00f6tt | Allasorias.hu\/Hirek","twitter:description":"A n\u0151k k\u00f6r\u00e9ben 5,3 sz\u00e1zal\u00e9kra emelkedett a munkan\u00e9lk\u00fclis\u00e9g a febru\u00e1ri 5,1 sz\u00e1zal\u00e9kr\u00f3l, a f\u00e9rfiak eset\u00e9ben 4,7 sz\u00e1zal\u00e9kr\u00f3l 4,6 sz\u00e1zal\u00e9kra cs\u00f6kkent.","twitter:image":"https:\/\/allasorias.hu\/hirek\/wp-content\/uploads\/2024\/05\/munkanelkulisegi-statisztika-2024.jpg","twitter:label1":"Written by","twitter:data1":"Juh\u00e1sz P\u00e9ter","twitter:label2":"Est. reading time","twitter:data2":"2 minutes"},"aioseo_meta_data":{"post_id":"7599","title":"#post_title | Allasorias.hu\/Hirek","description":"A n\u0151k k\u00f6r\u00e9ben 5,3 sz\u00e1zal\u00e9kra emelkedett a munkan\u00e9lk\u00fclis\u00e9g a febru\u00e1ri 5,1 sz\u00e1zal\u00e9kr\u00f3l, a f\u00e9rfiak eset\u00e9ben 4,7 sz\u00e1zal\u00e9kr\u00f3l 4,6 sz\u00e1zal\u00e9kra cs\u00f6kkent.","keywords":[],"keyphrases":{"focus":{"keyphrase":"","score":0,"analysis":{"keyphraseInTitle":{"score":0,"maxScore":9,"error":1}}},"additional":[]},"primary_term":null,"canonical_url":null,"og_title":null,"og_description":null,"og_object_type":"default","og_image_type":"default","og_image_url":null,"og_image_width":null,"og_image_height":null,"og_image_custom_url":null,"og_image_custom_fields":null,"og_video":"","og_custom_url":null,"og_article_section":null,"og_article_tags":[],"twitter_use_og":true,"twitter_card":"default","twitter_image_type":"default","twitter_image_url":null,"twitter_image_custom_url":null,"twitter_image_custom_fields":null,"twitter_title":null,"twitter_description":null,"schema":{"blockGraphs":[],"customGraphs":[],"default":{"data":{"Article":[],"Course":[],"Dataset":[],"FAQPage":[],"Movie":[],"Person":[],"Product":[],"ProductReview":[],"Car":[],"Recipe":[],"Service":[],"SoftwareApplication":[],"WebPage":[]},"graphName":"Article","isEnabled":true},"graphs":[]},"schema_type":"default","schema_type_options":null,"pillar_content":false,"robots_default":true,"robots_noindex":false,"robots_noarchive":false,"robots_nosnippet":false,"robots_nofollow":false,"robots_noimageindex":false,"robots_noodp":false,"robots_notranslate":false,"robots_max_snippet":"-1","robots_max_videopreview":"-1","robots_max_imagepreview":"large","priority":null,"frequency":"default","location":null,"local_seo":null,"breadcrumb_settings":null,"limit_modified_date":false,"ai":null,"created":"2024-05-27 07:12:51","updated":"2025-10-02 19:55:11","seo_analyzer_scan_date":null,"focus_keyword":null,"additional_keywords":null,"truseo_locale":null},"aioseo_breadcrumb":"<div class=\"aioseo-breadcrumbs\"><span class=\"aioseo-breadcrumb\">\n\t\t\t<a href=\"https:\/\/allasorias.hu\/hirek\" title=\"Home\">Home<\/a>\n\t\t<\/span><span class=\"aioseo-breadcrumb-separator\">&raquo;<\/span><span class=\"aioseo-breadcrumb\">\n\t\t\t<a href=\"https:\/\/allasorias.hu\/hirek\/temak\/munkaeropiac\/\" title=\"Munkaer\u0151piac\">Munkaer\u0151piac<\/a>\n\t\t<\/span><span class=\"aioseo-breadcrumb-separator\">&raquo;<\/span><span class=\"aioseo-breadcrumb\">\n\t\t\tT\u00f6bb a n\u0151 a munkan\u00e9lk\u00fcliek k\u00f6z\u00f6tt\n\t\t<\/span><\/div>","aioseo_breadcrumb_json":[{"label":"Home","link":"https:\/\/allasorias.hu\/hirek"},{"label":"Munkaer\u0151piac","link":"https:\/\/allasorias.hu\/hirek\/temak\/munkaeropiac\/"},{"label":"T\u00f6bb a n\u0151 a munkan\u00e9lk\u00fcliek k\u00f6z\u00f6tt","link":"https:\/\/allasorias.hu\/hirek\/tobb-a-no-a-munkanelkuliek-kozott\/"}],"_links":{"self":[{"href":"https:\/\/allasorias.hu\/hirek\/wp-json\/wp\/v2\/posts\/7599","targetHints":{"allow":["GET"]}}],"collection":[{"href":"https:\/\/allasorias.hu\/hirek\/wp-json\/wp\/v2\/posts"}],"about":[{"href":"https:\/\/allasorias.hu\/hirek\/wp-json\/wp\/v2\/types\/post"}],"author":[{"embeddable":true,"href":"https:\/\/allasorias.hu\/hirek\/wp-json\/wp\/v2\/users\/1"}],"replies":[{"embeddable":true,"href":"https:\/\/allasorias.hu\/hirek\/wp-json\/wp\/v2\/comments?post=7599"}],"version-history":[{"count":1,"href":"https:\/\/allasorias.hu\/hirek\/wp-json\/wp\/v2\/posts\/7599\/revisions"}],"predecessor-version":[{"id":7601,"href":"https:\/\/allasorias.hu\/hirek\/wp-json\/wp\/v2\/posts\/7599\/revisions\/7601"}],"wp:featuredmedia":[{"embeddable":true,"href":"https:\/\/allasorias.hu\/hirek\/wp-json\/wp\/v2\/media\/7600"}],"wp:attachment":[{"href":"https:\/\/allasorias.hu\/hirek\/wp-json\/wp\/v2\/media?parent=7599"}],"wp:term":[{"taxonomy":"category","embeddable":true,"href":"https:\/\/allasorias.hu\/hirek\/wp-json\/wp\/v2\/categories?post=7599"},{"taxonomy":"post_tag","embeddable":true,"href":"https:\/\/allasorias.hu\/hirek\/wp-json\/wp\/v2\/tags?post=7599"}],"curies":[{"name":"wp","href":"https:\/\/api.w.org\/{rel}","templated":true}]}}