{"id":7593,"date":"2024-05-15T16:14:47","date_gmt":"2024-05-15T14:14:47","guid":{"rendered":"https:\/\/allasorias.hu\/hirek\/?p=7593"},"modified":"2024-05-15T16:15:58","modified_gmt":"2024-05-15T14:15:58","slug":"fejlesztik-a-szakkepzest","status":"publish","type":"post","link":"https:\/\/allasorias.hu\/hirek\/fejlesztik-a-szakkepzest\/","title":{"rendered":"Fejlesztik a szakk\u00e9pz\u00e9st"},"content":{"rendered":"<p><strong>A szakk\u00e9pz\u00e9s dinamikusan k\u00f6veti azokat az elv\u00e1r\u00e1sokat, amelyeket a gazdas\u00e1g t\u00e1maszt. Az elm\u00falt id\u0151szakban <a href=\"https:\/\/allasorias.hu\/hirek\/megujult-a-szakkepzesi-rendszer-kedvezo-hatasok\/\">teljesen \u00e1talakult a szakk\u00e9pz\u00e9s<\/a> \u00e9s l\u00e9p\u00e9st tud tartani a folyamatosan fejl\u0151d\u0151 ipar ig\u00e9nyeivel.<\/strong><\/p>\n<p>Mintegy harminc sz\u00e1zal\u00e9kkal emelkedett a szakk\u00e9pz\u00e9sbe jelentkez\u0151k sz\u00e1ma 2020 \u00f3ta &#8211; mondta \u00fajs\u00e1g\u00edr\u00f3knak a Kultur\u00e1lis \u00e9s Innov\u00e1ci\u00f3s Miniszt\u00e9rium (KIM) szakk\u00e9pz\u00e9s\u00e9rt felel\u0151s helyettes \u00e1llamtitk\u00e1ra Ny\u00edregyh\u00e1z\u00e1n. P\u00f6l\u00f6skei G\u00e1born\u00e9 a Ny\u00edregyh\u00e1zi Szakk\u00e9pz\u00e9si Centrum fejleszt\u00e9s\u00e9t c\u00e9lz\u00f3 projekt nyit\u00f3rendezv\u00e9ny\u00e9n kifejtette, a szakk\u00e9pz\u00e9s dinamikusan k\u00f6veti azokat az elv\u00e1r\u00e1sokat, amelyeket a gazdas\u00e1g t\u00e1maszt.<\/p>\n<h2>K\u00e9pz\u00e9si k\u00f6rnyezet meg\u00faj\u00edt\u00e1sa<\/h2>\n<p>Az elm\u00falt id\u0151szakban teljesen \u00e1talakult a szakk\u00e9pz\u00e9s \u00e9s l\u00e9p\u00e9st tud tartani a folyamatosan fejl\u0151d\u0151 ipar ig\u00e9nyeivel. A helyettes \u00e1llamtitk\u00e1r hozz\u00e1tette, a k\u00e9pz\u00e9si k\u00f6rnyezet meg\u00faj\u00edt\u00e1s\u00e1ra is sz\u00fcks\u00e9g van, ami egyar\u00e1nt igaz a g\u00e9pekre \u00e9s eszk\u00f6z\u00f6kre vagy \u00e9ppen a tanm\u0171helyekre. \u00dagy fogalmazott, min\u0151s\u00e9gi k\u00e9pzett munkaer\u0151re van sz\u00fcks\u00e9g. Ehhez pedig a tananyagot \u00e9s a m\u00f3dszertant is \u00e1t kellett alak\u00edtani a kor szellem\u00e9nek megfelel\u0151en. Azt mondta, az ig\u00e9nyeket a gazdas\u00e1g szerepl\u0151i fogalmazt\u00e1k meg, akik az oktat\u00e1sban is szerepet v\u00e1llaltak. &#8222;A tartalmat \u00e9s a m\u00f3dszertant folyamatosan fejleszteni kell, amibe bele tartozik a projektoktat\u00e1s \u00e9s a digit\u00e1lis tananyagok be\u00e9p\u00edt\u00e9se a tan\u00edt\u00e1sba, ami jelenleg komoly kih\u00edv\u00e1s&#8221; &#8211; emelte ki a helyettes \u00e1llamtitk\u00e1r.<\/p>\n<p>Hozz\u00e1tette, ennek a kih\u00edv\u00e1snak a kezel\u00e9s\u00e9ben sz\u00e1m\u00edt az egyetemek seg\u00edts\u00e9g\u00e9re is, hiszen az &#8222;egyetem \u00e9s szakk\u00e9pz\u00e9s kapcsolata ma m\u00e1r szinte elv\u00e1laszthatatlan&#8221;. P\u00f6l\u00f6skei G\u00e1born\u00e9 eml\u00e9keztetett, 2020 \u00f3ta k\u00f6zel a dupl\u00e1j\u00e1ra n\u0151tt a szakk\u00e9pz\u00e9sben dolgoz\u00f3 tan\u00e1rok \u00e9s oktat\u00f3k b\u00e9re. Emellett folyamatos tov\u00e1bbk\u00e9pz\u00e9sekkel seg\u00edtik munk\u00e1jukat. A helyettes \u00e1llamtitk\u00e1r arr\u00f3l is sz\u00f3lt, hogy a 21. sz\u00e1zadi szakk\u00e9pz\u0151int\u00e9zm\u00e9ny-fejleszt\u00e9si program lehet\u0151v\u00e9 teszi azt, hogy a di\u00e1kok tanul\u00e1si k\u00f6rnyezet\u00e9t is fejlessz\u00e9k.<\/p>\n<h2>96 milli\u00e1rd forint t\u00e1mogat\u00e1s<\/h2>\n<p>&#8222;<em>Fontos, hogy olyan eszk\u00f6z\u00f6k\u00f6n tanuljanak a gyerekek, amelyek val\u00f3ban a 21. sz\u00e1zadi oktat\u00e1st tudj\u00e1k szolg\u00e1lni<\/em>&#8221; &#8211; fogalmazott nyit\u00f3besz\u00e9d\u00e9ben P\u00f6l\u00f6skei G\u00e1born\u00e9. Kiemelte, a programra orsz\u00e1gosan 96 milli\u00e1rd forintot k\u00f6lt a korm\u00e1ny. Ebb\u0151l a forr\u00e1sb\u00f3l a Ny\u00edregyh\u00e1zi Szakk\u00e9pz\u00e9si Centrum 4,6 milli\u00e1rd forintot ford\u00edthat fejleszt\u00e9sre. Nyul Zolt\u00e1n, az \u00c9p\u00edt\u00e9si \u00e9s K\u00f6zleked\u00e9si Miniszt\u00e9rium (\u00c9KM) magas\u00e9p\u00edt\u00e9s\u00e9rt felel\u0151s helyettes \u00e1llamtitk\u00e1ra a projektnyit\u00f3 rendezv\u00e9nyen azt mondta, az oktat\u00e1s eredm\u00e9nyess\u00e9ge csak \u00fagy v\u00e1rhat\u00f3 el, ha azokhoz az infrastruktur\u00e1lis felt\u00e9telek biztos\u00edtva vannak. Hozz\u00e1tette, a fejleszt\u00e9si forr\u00e1sokat \u00fagy kell felhaszn\u00e1lni, hogy a lehet\u0151 leggazdas\u00e1gosabb \u00fczemeltet\u00e9st tegye lehet\u0151v\u00e9.<\/p>\n<p>Kov\u00e1cs Ferenc (Fidesz-KDNP) Ny\u00edregyh\u00e1za polg\u00e1rmestere arr\u00f3l besz\u00e9lt, a beruh\u00e1z\u00e1ssal tov\u00e1bb emelkedik a megyesz\u00e9khely szakk\u00e9pz\u00e9si sz\u00ednvonala. Kiemelte, a v\u00e1rosban \u00f6t nagy k\u00fclf\u00f6ldi c\u00e9g fektet be, ezekb\u0151l a beruh\u00e1z\u00e1sokb\u00f3l kett\u0151 j\u00f6v\u0151re m\u00e1r elkezdi a termel\u00e9st. A 4,6 milli\u00e1rd forintos forr\u00e1sb\u00f3l a Ny\u00edregyh\u00e1zi Szakk\u00e9pz\u00e9si Centrum n\u00e9gy szakk\u00e9pz\u0151 int\u00e9zm\u00e9nye r\u00e9szes\u00fcl. A projekt r\u00e9szek\u00e9nt \u00e9p\u00fcleteket, tanm\u0171helyeket \u00e9s tornatermeket \u00faj\u00edtanak fel. Emellett moderniz\u00e1lj\u00e1k h\u00e1rom koll\u00e9gium berendez\u00e9seit valamint 12 ezer eszk\u00f6zt is beszereznek.<br \/>\nForr\u00e1s: <a href=\"https:\/\/api.hrportal.hu\/hr\/poloskei-gaborne-harminc-szazalekkal-nott-a-szakkepzesbe-jelentkezok-szama-20240514.html\" target=\"_blank\" rel=\"nofollow noopener noreferrer\">hrportal.hu<\/a><\/p>\n","protected":false},"excerpt":{"rendered":"<p>A szakk\u00e9pz\u00e9s dinamikusan k\u00f6veti azokat az elv\u00e1r\u00e1sokat, amelyeket a gazdas\u00e1g t\u00e1maszt. Az elm\u00falt id\u0151szakban teljesen \u00e1talakult a szakk\u00e9pz\u00e9s \u00e9s l\u00e9p\u00e9st tud tartani a folyamatosan fejl\u0151d\u0151 ipar ig\u00e9nyeivel. Mintegy harminc sz\u00e1zal\u00e9kkal emelkedett a szakk\u00e9pz\u00e9sbe jelentkez\u0151k sz\u00e1ma 2020 \u00f3ta &#8211; mondta \u00fajs\u00e1g\u00edr\u00f3knak a Kultur\u00e1lis \u00e9s Innov\u00e1ci\u00f3s Miniszt\u00e9rium (KIM) szakk\u00e9pz\u00e9s\u00e9rt felel\u0151s helyettes \u00e1llamtitk\u00e1ra Ny\u00edregyh\u00e1z\u00e1n. P\u00f6l\u00f6skei G\u00e1born\u00e9 a Ny\u00edregyh\u00e1zi [&hellip;]<\/p>\n","protected":false},"author":1,"featured_media":7594,"comment_status":"closed","ping_status":"closed","sticky":false,"template":"","format":"standard","meta":{"_monsterinsights_skip_tracking":false,"footnotes":""},"categories":[200],"tags":[216,614],"class_list":["post-7593","post","type-post","status-publish","format-standard","has-post-thumbnail","hentry","category-munkaeropiac","tag-fejlesztes","tag-szakkepzes"],"aioseo_notices":[],"aioseo_head":"\n\t\t<!-- All in One SEO 5.0.0.1 - aioseo.com -->\n\t<meta name=\"description\" content=\"A szakk\u00e9pz\u00e9s dinamikusan k\u00f6veti azokat az elv\u00e1r\u00e1sokat, amelyeket a gazdas\u00e1g t\u00e1maszt. Az elm\u00falt id\u0151szakban teljesen \u00e1talakult a szakk\u00e9pz\u00e9s.\" \/>\n\t<meta name=\"robots\" content=\"max-image-preview:large\" \/>\n\t<meta name=\"author\" content=\"Juh\u00e1sz P\u00e9ter\"\/>\n\t<meta name=\"keywords\" content=\"fejleszt\u00e9s,szakk\u00e9pz\u00e9s\" \/>\n\t<link rel=\"canonical\" href=\"https:\/\/allasorias.hu\/hirek\/fejlesztik-a-szakkepzest\/\" \/>\n\t<meta name=\"generator\" content=\"All in One SEO (AIOSEO) 5.0.0.1\" \/>\n\t\t<meta property=\"og:locale\" content=\"hu_HU\" \/>\n\t\t<meta property=\"og:site_name\" content=\"AllasOrias.hu | H\u00edrek-lapszemle | \u00dczleti h\u00edrek az \u00e1ll\u00e1s \u00e9s a munka vil\u00e1g\u00e1b\u00f3l\" \/>\n\t\t<meta property=\"og:type\" content=\"article\" \/>\n\t\t<meta property=\"og:title\" content=\"Fejlesztik a szakk\u00e9pz\u00e9st | AllasOrias.hu | H\u00edrek-lapszemle\" \/>\n\t\t<meta property=\"og:description\" content=\"A szakk\u00e9pz\u00e9s dinamikusan k\u00f6veti azokat az elv\u00e1r\u00e1sokat, amelyeket a gazdas\u00e1g t\u00e1maszt. Az elm\u00falt id\u0151szakban teljesen \u00e1talakult a szakk\u00e9pz\u00e9s.\" \/>\n\t\t<meta property=\"og:url\" content=\"https:\/\/allasorias.hu\/hirek\/fejlesztik-a-szakkepzest\/\" \/>\n\t\t<meta property=\"og:image\" content=\"https:\/\/allasorias.hu\/hirek\/wp-content\/uploads\/2024\/05\/fejlesztik-a-szakkepzest.jpg\" \/>\n\t\t<meta property=\"og:image:secure_url\" content=\"https:\/\/allasorias.hu\/hirek\/wp-content\/uploads\/2024\/05\/fejlesztik-a-szakkepzest.jpg\" \/>\n\t\t<meta property=\"og:image:width\" content=\"1280\" \/>\n\t\t<meta property=\"og:image:height\" content=\"853\" \/>\n\t\t<meta property=\"article:published_time\" content=\"2024-05-15T14:14:47+00:00\" \/>\n\t\t<meta property=\"article:modified_time\" content=\"2024-05-15T14:15:58+00:00\" \/>\n\t\t<meta property=\"article:publisher\" content=\"https:\/\/www.facebook.com\/allasorias\" \/>\n\t\t<meta name=\"twitter:card\" content=\"summary_large_image\" \/>\n\t\t<meta name=\"twitter:title\" content=\"Fejlesztik a szakk\u00e9pz\u00e9st | AllasOrias.hu | H\u00edrek-lapszemle\" \/>\n\t\t<meta name=\"twitter:description\" content=\"A szakk\u00e9pz\u00e9s dinamikusan k\u00f6veti azokat az elv\u00e1r\u00e1sokat, amelyeket a gazdas\u00e1g t\u00e1maszt. Az elm\u00falt id\u0151szakban teljesen \u00e1talakult a szakk\u00e9pz\u00e9s.\" \/>\n\t\t<meta name=\"twitter:image\" content=\"https:\/\/allasorias.hu\/hirek\/wp-content\/uploads\/2024\/05\/fejlesztik-a-szakkepzest.jpg\" \/>\n\t\t<meta name=\"twitter:label1\" content=\"Written by\" \/>\n\t\t<meta name=\"twitter:data1\" content=\"Juh\u00e1sz P\u00e9ter\" \/>\n\t\t<meta name=\"twitter:label2\" content=\"Est. reading time\" \/>\n\t\t<meta name=\"twitter:data2\" content=\"3 minutes\" \/>\n\t\t<script type=\"application\/ld+json\" class=\"aioseo-schema\">\n\t\t\t{\"@context\":\"https:\\\/\\\/schema.org\",\"@graph\":[{\"@type\":\"Article\",\"@id\":\"https:\\\/\\\/allasorias.hu\\\/hirek\\\/fejlesztik-a-szakkepzest\\\/#article\",\"name\":\"Fejlesztik a szakk\\u00e9pz\\u00e9st | AllasOrias.hu | H\\u00edrek-lapszemle\",\"headline\":\"Fejlesztik a szakk\\u00e9pz\\u00e9st\",\"author\":{\"@id\":\"https:\\\/\\\/allasorias.hu\\\/hirek\\\/author\\\/admin-allasorias\\\/#author\"},\"publisher\":{\"@id\":\"https:\\\/\\\/allasorias.hu\\\/hirek\\\/#organization\"},\"image\":{\"@type\":\"ImageObject\",\"url\":\"https:\\\/\\\/allasorias.hu\\\/hirek\\\/wp-content\\\/uploads\\\/2024\\\/05\\\/fejlesztik-a-szakkepzest.jpg\",\"width\":1280,\"height\":853,\"caption\":\"Fejlesztik a szakk\\u00e9pz\\u00e9st - Allasorias.hu\\\/Hirek\"},\"datePublished\":\"2024-05-15T16:14:47+02:00\",\"dateModified\":\"2024-05-15T16:15:58+02:00\",\"inLanguage\":\"hu-HU\",\"mainEntityOfPage\":{\"@id\":\"https:\\\/\\\/allasorias.hu\\\/hirek\\\/fejlesztik-a-szakkepzest\\\/#webpage\"},\"isPartOf\":{\"@id\":\"https:\\\/\\\/allasorias.hu\\\/hirek\\\/fejlesztik-a-szakkepzest\\\/#webpage\"},\"articleSection\":\"Munkaer\\u0151piac, Fejleszt\\u00e9s, szakk\\u00e9pz\\u00e9s\"},{\"@type\":\"BreadcrumbList\",\"@id\":\"https:\\\/\\\/allasorias.hu\\\/hirek\\\/fejlesztik-a-szakkepzest\\\/#breadcrumblist\",\"itemListElement\":[{\"@type\":\"ListItem\",\"@id\":\"https:\\\/\\\/allasorias.hu\\\/hirek#listItem\",\"position\":1,\"name\":\"Home\",\"item\":\"https:\\\/\\\/allasorias.hu\\\/hirek\",\"nextItem\":{\"@type\":\"ListItem\",\"@id\":\"https:\\\/\\\/allasorias.hu\\\/hirek\\\/temak\\\/munkaeropiac\\\/#listItem\",\"name\":\"Munkaer\\u0151piac\"}},{\"@type\":\"ListItem\",\"@id\":\"https:\\\/\\\/allasorias.hu\\\/hirek\\\/temak\\\/munkaeropiac\\\/#listItem\",\"position\":2,\"name\":\"Munkaer\\u0151piac\",\"item\":\"https:\\\/\\\/allasorias.hu\\\/hirek\\\/temak\\\/munkaeropiac\\\/\",\"nextItem\":{\"@type\":\"ListItem\",\"@id\":\"https:\\\/\\\/allasorias.hu\\\/hirek\\\/fejlesztik-a-szakkepzest\\\/#listItem\",\"name\":\"Fejlesztik a szakk\\u00e9pz\\u00e9st\"},\"previousItem\":{\"@type\":\"ListItem\",\"@id\":\"https:\\\/\\\/allasorias.hu\\\/hirek#listItem\",\"name\":\"Home\"}},{\"@type\":\"ListItem\",\"@id\":\"https:\\\/\\\/allasorias.hu\\\/hirek\\\/fejlesztik-a-szakkepzest\\\/#listItem\",\"position\":3,\"name\":\"Fejlesztik a szakk\\u00e9pz\\u00e9st\",\"previousItem\":{\"@type\":\"ListItem\",\"@id\":\"https:\\\/\\\/allasorias.hu\\\/hirek\\\/temak\\\/munkaeropiac\\\/#listItem\",\"name\":\"Munkaer\\u0151piac\"}}]},{\"@type\":\"Organization\",\"@id\":\"https:\\\/\\\/allasorias.hu\\\/hirek\\\/#organization\",\"name\":\"AllasOrias.hu | H\\u00edrek-lapszemle\",\"description\":\"\\u00dczleti h\\u00edrek az \\u00e1ll\\u00e1s \\u00e9s a munka vil\\u00e1g\\u00e1b\\u00f3l\",\"url\":\"https:\\\/\\\/allasorias.hu\\\/hirek\\\/\",\"logo\":{\"@type\":\"ImageObject\",\"url\":\"https:\\\/\\\/allasorias.hu\\\/hirek\\\/wp-content\\\/uploads\\\/2022\\\/10\\\/allasorias_site_facebok_logo.png\",\"@id\":\"https:\\\/\\\/allasorias.hu\\\/hirek\\\/fejlesztik-a-szakkepzest\\\/#organizationLogo\"},\"image\":{\"@id\":\"https:\\\/\\\/allasorias.hu\\\/hirek\\\/fejlesztik-a-szakkepzest\\\/#organizationLogo\"},\"sameAs\":[\"https:\\\/\\\/www.facebook.com\\\/allasorias\",\"https:\\\/\\\/www.linkedin.com\\\/company\\\/allasorias\"]},{\"@type\":\"Person\",\"@id\":\"https:\\\/\\\/allasorias.hu\\\/hirek\\\/author\\\/admin-allasorias\\\/#author\",\"url\":\"https:\\\/\\\/allasorias.hu\\\/hirek\\\/author\\\/admin-allasorias\\\/\",\"name\":\"Juh\\u00e1sz P\\u00e9ter\",\"image\":{\"@type\":\"ImageObject\",\"@id\":\"https:\\\/\\\/allasorias.hu\\\/hirek\\\/fejlesztik-a-szakkepzest\\\/#authorImage\",\"url\":\"https:\\\/\\\/secure.gravatar.com\\\/avatar\\\/36e6bcb83148978b992977cb0f54d22feb0cce8a0a849a9410532bb2623ba4c6?s=96&d=mm&r=g\",\"width\":96,\"height\":96,\"caption\":\"Juh\\u00e1sz P\\u00e9ter\"}},{\"@type\":\"WebPage\",\"@id\":\"https:\\\/\\\/allasorias.hu\\\/hirek\\\/fejlesztik-a-szakkepzest\\\/#webpage\",\"url\":\"https:\\\/\\\/allasorias.hu\\\/hirek\\\/fejlesztik-a-szakkepzest\\\/\",\"name\":\"Fejlesztik a szakk\\u00e9pz\\u00e9st | AllasOrias.hu | H\\u00edrek-lapszemle\",\"description\":\"A szakk\\u00e9pz\\u00e9s dinamikusan k\\u00f6veti azokat az elv\\u00e1r\\u00e1sokat, amelyeket a gazdas\\u00e1g t\\u00e1maszt. Az elm\\u00falt id\\u0151szakban teljesen \\u00e1talakult a szakk\\u00e9pz\\u00e9s.\",\"inLanguage\":\"hu-HU\",\"isPartOf\":{\"@id\":\"https:\\\/\\\/allasorias.hu\\\/hirek\\\/#website\"},\"breadcrumb\":{\"@id\":\"https:\\\/\\\/allasorias.hu\\\/hirek\\\/fejlesztik-a-szakkepzest\\\/#breadcrumblist\"},\"author\":{\"@id\":\"https:\\\/\\\/allasorias.hu\\\/hirek\\\/author\\\/admin-allasorias\\\/#author\"},\"creator\":{\"@id\":\"https:\\\/\\\/allasorias.hu\\\/hirek\\\/author\\\/admin-allasorias\\\/#author\"},\"image\":{\"@type\":\"ImageObject\",\"url\":\"https:\\\/\\\/allasorias.hu\\\/hirek\\\/wp-content\\\/uploads\\\/2024\\\/05\\\/fejlesztik-a-szakkepzest.jpg\",\"@id\":\"https:\\\/\\\/allasorias.hu\\\/hirek\\\/fejlesztik-a-szakkepzest\\\/#mainImage\",\"width\":1280,\"height\":853,\"caption\":\"Fejlesztik a szakk\\u00e9pz\\u00e9st - Allasorias.hu\\\/Hirek\"},\"primaryImageOfPage\":{\"@id\":\"https:\\\/\\\/allasorias.hu\\\/hirek\\\/fejlesztik-a-szakkepzest\\\/#mainImage\"},\"datePublished\":\"2024-05-15T16:14:47+02:00\",\"dateModified\":\"2024-05-15T16:15:58+02:00\"},{\"@type\":\"WebSite\",\"@id\":\"https:\\\/\\\/allasorias.hu\\\/hirek\\\/#website\",\"url\":\"https:\\\/\\\/allasorias.hu\\\/hirek\\\/\",\"name\":\"AllasOrias.hu | H\\u00edrek-lapszemle\",\"description\":\"\\u00dczleti h\\u00edrek az \\u00e1ll\\u00e1s \\u00e9s a munka vil\\u00e1g\\u00e1b\\u00f3l\",\"inLanguage\":\"hu-HU\",\"publisher\":{\"@id\":\"https:\\\/\\\/allasorias.hu\\\/hirek\\\/#organization\"}}]}\n\t\t<\/script>\n\t\t<!-- All in One SEO -->\n\n","aioseo_head_json":{"title":"Fejlesztik a szakk\u00e9pz\u00e9st | AllasOrias.hu | H\u00edrek-lapszemle","description":"A szakk\u00e9pz\u00e9s dinamikusan k\u00f6veti azokat az elv\u00e1r\u00e1sokat, amelyeket a gazdas\u00e1g t\u00e1maszt. Az elm\u00falt id\u0151szakban teljesen \u00e1talakult a szakk\u00e9pz\u00e9s.","canonical_url":"https:\/\/allasorias.hu\/hirek\/fejlesztik-a-szakkepzest\/","robots":"max-image-preview:large","keywords":"fejleszt\u00e9s,szakk\u00e9pz\u00e9s","webmasterTools":{"miscellaneous":""},"schema":{"@context":"https:\/\/schema.org","@graph":[{"@type":"Article","@id":"https:\/\/allasorias.hu\/hirek\/fejlesztik-a-szakkepzest\/#article","name":"Fejlesztik a szakk\u00e9pz\u00e9st | AllasOrias.hu | H\u00edrek-lapszemle","headline":"Fejlesztik a szakk\u00e9pz\u00e9st","author":{"@id":"https:\/\/allasorias.hu\/hirek\/author\/admin-allasorias\/#author"},"publisher":{"@id":"https:\/\/allasorias.hu\/hirek\/#organization"},"image":{"@type":"ImageObject","url":"https:\/\/allasorias.hu\/hirek\/wp-content\/uploads\/2024\/05\/fejlesztik-a-szakkepzest.jpg","width":1280,"height":853,"caption":"Fejlesztik a szakk\u00e9pz\u00e9st - Allasorias.hu\/Hirek"},"datePublished":"2024-05-15T16:14:47+02:00","dateModified":"2024-05-15T16:15:58+02:00","inLanguage":"hu-HU","mainEntityOfPage":{"@id":"https:\/\/allasorias.hu\/hirek\/fejlesztik-a-szakkepzest\/#webpage"},"isPartOf":{"@id":"https:\/\/allasorias.hu\/hirek\/fejlesztik-a-szakkepzest\/#webpage"},"articleSection":"Munkaer\u0151piac, Fejleszt\u00e9s, szakk\u00e9pz\u00e9s"},{"@type":"BreadcrumbList","@id":"https:\/\/allasorias.hu\/hirek\/fejlesztik-a-szakkepzest\/#breadcrumblist","itemListElement":[{"@type":"ListItem","@id":"https:\/\/allasorias.hu\/hirek#listItem","position":1,"name":"Home","item":"https:\/\/allasorias.hu\/hirek","nextItem":{"@type":"ListItem","@id":"https:\/\/allasorias.hu\/hirek\/temak\/munkaeropiac\/#listItem","name":"Munkaer\u0151piac"}},{"@type":"ListItem","@id":"https:\/\/allasorias.hu\/hirek\/temak\/munkaeropiac\/#listItem","position":2,"name":"Munkaer\u0151piac","item":"https:\/\/allasorias.hu\/hirek\/temak\/munkaeropiac\/","nextItem":{"@type":"ListItem","@id":"https:\/\/allasorias.hu\/hirek\/fejlesztik-a-szakkepzest\/#listItem","name":"Fejlesztik a szakk\u00e9pz\u00e9st"},"previousItem":{"@type":"ListItem","@id":"https:\/\/allasorias.hu\/hirek#listItem","name":"Home"}},{"@type":"ListItem","@id":"https:\/\/allasorias.hu\/hirek\/fejlesztik-a-szakkepzest\/#listItem","position":3,"name":"Fejlesztik a szakk\u00e9pz\u00e9st","previousItem":{"@type":"ListItem","@id":"https:\/\/allasorias.hu\/hirek\/temak\/munkaeropiac\/#listItem","name":"Munkaer\u0151piac"}}]},{"@type":"Organization","@id":"https:\/\/allasorias.hu\/hirek\/#organization","name":"AllasOrias.hu | H\u00edrek-lapszemle","description":"\u00dczleti h\u00edrek az \u00e1ll\u00e1s \u00e9s a munka vil\u00e1g\u00e1b\u00f3l","url":"https:\/\/allasorias.hu\/hirek\/","logo":{"@type":"ImageObject","url":"https:\/\/allasorias.hu\/hirek\/wp-content\/uploads\/2022\/10\/allasorias_site_facebok_logo.png","@id":"https:\/\/allasorias.hu\/hirek\/fejlesztik-a-szakkepzest\/#organizationLogo"},"image":{"@id":"https:\/\/allasorias.hu\/hirek\/fejlesztik-a-szakkepzest\/#organizationLogo"},"sameAs":["https:\/\/www.facebook.com\/allasorias","https:\/\/www.linkedin.com\/company\/allasorias"]},{"@type":"Person","@id":"https:\/\/allasorias.hu\/hirek\/author\/admin-allasorias\/#author","url":"https:\/\/allasorias.hu\/hirek\/author\/admin-allasorias\/","name":"Juh\u00e1sz P\u00e9ter","image":{"@type":"ImageObject","@id":"https:\/\/allasorias.hu\/hirek\/fejlesztik-a-szakkepzest\/#authorImage","url":"https:\/\/secure.gravatar.com\/avatar\/36e6bcb83148978b992977cb0f54d22feb0cce8a0a849a9410532bb2623ba4c6?s=96&d=mm&r=g","width":96,"height":96,"caption":"Juh\u00e1sz P\u00e9ter"}},{"@type":"WebPage","@id":"https:\/\/allasorias.hu\/hirek\/fejlesztik-a-szakkepzest\/#webpage","url":"https:\/\/allasorias.hu\/hirek\/fejlesztik-a-szakkepzest\/","name":"Fejlesztik a szakk\u00e9pz\u00e9st | AllasOrias.hu | H\u00edrek-lapszemle","description":"A szakk\u00e9pz\u00e9s dinamikusan k\u00f6veti azokat az elv\u00e1r\u00e1sokat, amelyeket a gazdas\u00e1g t\u00e1maszt. Az elm\u00falt id\u0151szakban teljesen \u00e1talakult a szakk\u00e9pz\u00e9s.","inLanguage":"hu-HU","isPartOf":{"@id":"https:\/\/allasorias.hu\/hirek\/#website"},"breadcrumb":{"@id":"https:\/\/allasorias.hu\/hirek\/fejlesztik-a-szakkepzest\/#breadcrumblist"},"author":{"@id":"https:\/\/allasorias.hu\/hirek\/author\/admin-allasorias\/#author"},"creator":{"@id":"https:\/\/allasorias.hu\/hirek\/author\/admin-allasorias\/#author"},"image":{"@type":"ImageObject","url":"https:\/\/allasorias.hu\/hirek\/wp-content\/uploads\/2024\/05\/fejlesztik-a-szakkepzest.jpg","@id":"https:\/\/allasorias.hu\/hirek\/fejlesztik-a-szakkepzest\/#mainImage","width":1280,"height":853,"caption":"Fejlesztik a szakk\u00e9pz\u00e9st - Allasorias.hu\/Hirek"},"primaryImageOfPage":{"@id":"https:\/\/allasorias.hu\/hirek\/fejlesztik-a-szakkepzest\/#mainImage"},"datePublished":"2024-05-15T16:14:47+02:00","dateModified":"2024-05-15T16:15:58+02:00"},{"@type":"WebSite","@id":"https:\/\/allasorias.hu\/hirek\/#website","url":"https:\/\/allasorias.hu\/hirek\/","name":"AllasOrias.hu | H\u00edrek-lapszemle","description":"\u00dczleti h\u00edrek az \u00e1ll\u00e1s \u00e9s a munka vil\u00e1g\u00e1b\u00f3l","inLanguage":"hu-HU","publisher":{"@id":"https:\/\/allasorias.hu\/hirek\/#organization"}}]},"og:locale":"hu_HU","og:site_name":"AllasOrias.hu | H\u00edrek-lapszemle | \u00dczleti h\u00edrek az \u00e1ll\u00e1s \u00e9s a munka vil\u00e1g\u00e1b\u00f3l","og:type":"article","og:title":"Fejlesztik a szakk\u00e9pz\u00e9st | AllasOrias.hu | H\u00edrek-lapszemle","og:description":"A szakk\u00e9pz\u00e9s dinamikusan k\u00f6veti azokat az elv\u00e1r\u00e1sokat, amelyeket a gazdas\u00e1g t\u00e1maszt. Az elm\u00falt id\u0151szakban teljesen \u00e1talakult a szakk\u00e9pz\u00e9s.","og:url":"https:\/\/allasorias.hu\/hirek\/fejlesztik-a-szakkepzest\/","og:image":"https:\/\/allasorias.hu\/hirek\/wp-content\/uploads\/2024\/05\/fejlesztik-a-szakkepzest.jpg","og:image:secure_url":"https:\/\/allasorias.hu\/hirek\/wp-content\/uploads\/2024\/05\/fejlesztik-a-szakkepzest.jpg","og:image:width":1280,"og:image:height":853,"article:published_time":"2024-05-15T14:14:47+00:00","article:modified_time":"2024-05-15T14:15:58+00:00","article:publisher":"https:\/\/www.facebook.com\/allasorias","twitter:card":"summary_large_image","twitter:title":"Fejlesztik a szakk\u00e9pz\u00e9st | AllasOrias.hu | H\u00edrek-lapszemle","twitter:description":"A szakk\u00e9pz\u00e9s dinamikusan k\u00f6veti azokat az elv\u00e1r\u00e1sokat, amelyeket a gazdas\u00e1g t\u00e1maszt. Az elm\u00falt id\u0151szakban teljesen \u00e1talakult a szakk\u00e9pz\u00e9s.","twitter:image":"https:\/\/allasorias.hu\/hirek\/wp-content\/uploads\/2024\/05\/fejlesztik-a-szakkepzest.jpg","twitter:label1":"Written by","twitter:data1":"Juh\u00e1sz P\u00e9ter","twitter:label2":"Est. reading time","twitter:data2":"3 minutes"},"aioseo_meta_data":{"post_id":"7593","title":null,"description":"A szakk\u00e9pz\u00e9s dinamikusan k\u00f6veti azokat az elv\u00e1r\u00e1sokat, amelyeket a gazdas\u00e1g t\u00e1maszt. Az elm\u00falt id\u0151szakban teljesen \u00e1talakult a szakk\u00e9pz\u00e9s.","keywords":[],"keyphrases":{"focus":{"keyphrase":"","score":0,"analysis":{"keyphraseInTitle":{"score":0,"maxScore":9,"error":1}}},"additional":[]},"primary_term":null,"canonical_url":null,"og_title":null,"og_description":null,"og_object_type":"default","og_image_type":"default","og_image_url":null,"og_image_width":null,"og_image_height":null,"og_image_custom_url":null,"og_image_custom_fields":null,"og_video":"","og_custom_url":null,"og_article_section":null,"og_article_tags":[],"twitter_use_og":true,"twitter_card":"default","twitter_image_type":"default","twitter_image_url":null,"twitter_image_custom_url":null,"twitter_image_custom_fields":null,"twitter_title":null,"twitter_description":null,"schema":{"blockGraphs":[],"customGraphs":[],"default":{"data":{"Article":[],"Course":[],"Dataset":[],"FAQPage":[],"Movie":[],"Person":[],"Product":[],"ProductReview":[],"Car":[],"Recipe":[],"Service":[],"SoftwareApplication":[],"WebPage":[]},"graphName":"Article","isEnabled":true},"graphs":[]},"schema_type":"default","schema_type_options":null,"pillar_content":false,"robots_default":true,"robots_noindex":false,"robots_noarchive":false,"robots_nosnippet":false,"robots_nofollow":false,"robots_noimageindex":false,"robots_noodp":false,"robots_notranslate":false,"robots_max_snippet":"-1","robots_max_videopreview":"-1","robots_max_imagepreview":"large","priority":null,"frequency":"default","location":null,"local_seo":null,"breadcrumb_settings":null,"limit_modified_date":false,"ai":null,"created":"2024-05-15 13:11:21","updated":"2025-10-02 19:54:09","seo_analyzer_scan_date":null,"focus_keyword":null,"additional_keywords":null,"truseo_locale":null},"aioseo_breadcrumb":"<div class=\"aioseo-breadcrumbs\"><span class=\"aioseo-breadcrumb\">\n\t\t\t<a href=\"https:\/\/allasorias.hu\/hirek\" title=\"Home\">Home<\/a>\n\t\t<\/span><span class=\"aioseo-breadcrumb-separator\">&raquo;<\/span><span class=\"aioseo-breadcrumb\">\n\t\t\t<a href=\"https:\/\/allasorias.hu\/hirek\/temak\/munkaeropiac\/\" title=\"Munkaer\u0151piac\">Munkaer\u0151piac<\/a>\n\t\t<\/span><span class=\"aioseo-breadcrumb-separator\">&raquo;<\/span><span class=\"aioseo-breadcrumb\">\n\t\t\tFejlesztik a szakk\u00e9pz\u00e9st\n\t\t<\/span><\/div>","aioseo_breadcrumb_json":[{"label":"Home","link":"https:\/\/allasorias.hu\/hirek"},{"label":"Munkaer\u0151piac","link":"https:\/\/allasorias.hu\/hirek\/temak\/munkaeropiac\/"},{"label":"Fejlesztik a szakk\u00e9pz\u00e9st","link":"https:\/\/allasorias.hu\/hirek\/fejlesztik-a-szakkepzest\/"}],"_links":{"self":[{"href":"https:\/\/allasorias.hu\/hirek\/wp-json\/wp\/v2\/posts\/7593","targetHints":{"allow":["GET"]}}],"collection":[{"href":"https:\/\/allasorias.hu\/hirek\/wp-json\/wp\/v2\/posts"}],"about":[{"href":"https:\/\/allasorias.hu\/hirek\/wp-json\/wp\/v2\/types\/post"}],"author":[{"embeddable":true,"href":"https:\/\/allasorias.hu\/hirek\/wp-json\/wp\/v2\/users\/1"}],"replies":[{"embeddable":true,"href":"https:\/\/allasorias.hu\/hirek\/wp-json\/wp\/v2\/comments?post=7593"}],"version-history":[{"count":3,"href":"https:\/\/allasorias.hu\/hirek\/wp-json\/wp\/v2\/posts\/7593\/revisions"}],"predecessor-version":[{"id":7597,"href":"https:\/\/allasorias.hu\/hirek\/wp-json\/wp\/v2\/posts\/7593\/revisions\/7597"}],"wp:featuredmedia":[{"embeddable":true,"href":"https:\/\/allasorias.hu\/hirek\/wp-json\/wp\/v2\/media\/7594"}],"wp:attachment":[{"href":"https:\/\/allasorias.hu\/hirek\/wp-json\/wp\/v2\/media?parent=7593"}],"wp:term":[{"taxonomy":"category","embeddable":true,"href":"https:\/\/allasorias.hu\/hirek\/wp-json\/wp\/v2\/categories?post=7593"},{"taxonomy":"post_tag","embeddable":true,"href":"https:\/\/allasorias.hu\/hirek\/wp-json\/wp\/v2\/tags?post=7593"}],"curies":[{"name":"wp","href":"https:\/\/api.w.org\/{rel}","templated":true}]}}