{"id":7583,"date":"2024-05-13T11:09:18","date_gmt":"2024-05-13T09:09:18","guid":{"rendered":"https:\/\/allasorias.hu\/hirek\/?p=7583"},"modified":"2024-05-13T11:09:18","modified_gmt":"2024-05-13T09:09:18","slug":"kepzesi-program-munkat-keresoknek","status":"publish","type":"post","link":"https:\/\/allasorias.hu\/hirek\/kepzesi-program-munkat-keresoknek\/","title":{"rendered":"K\u00e9pz\u00e9si program munk\u00e1t keres\u0151knek"},"content":{"rendered":"<p><strong>Munk\u00e1t keres\u0151knek ind\u00edtanak k\u00e9pz\u00e9st haz\u00e1nkban. A programban els\u0151k\u00e9nt a korm\u00e1nyhivatal az \u00e1ll\u00e1skeres\u0151k preferenci\u00e1it vizsg\u00e1lja meg, seg\u00edt \u00f6sszhangba hozni a munkaer\u0151piaci keresletet az \u00e1ll\u00e1skeres\u0151i k\u00edn\u00e1lattal, majd erre \u00e9p\u00fcl r\u00e1 a szakk\u00e9pz\u00e9si centrumok \u00e1ltal lebonyol\u00edtott k\u00e9pz\u00e9s. <\/strong><\/p>\n<p>Az \u00e9v v\u00e9g\u00e9ig mintegy h\u00faszezer \u00e1ll\u00e1skeres\u0151 vehet r\u00e9szt egy feln\u0151ttk\u00e9pz\u00e9st biztos\u00edt\u00f3 orsz\u00e1gos programban \u2013 mondta a Kultur\u00e1lis \u00e9s Innov\u00e1ci\u00f3s Miniszt\u00e9rium fels\u0151oktat\u00e1s\u00e9rt, innov\u00e1ci\u00f3\u00e9rt, szakk\u00e9pz\u00e9s\u00e9rt \u00e9s feln\u0151ttk\u00e9pz\u00e9s\u00e9rt felel\u0151s \u00e1llamtitk\u00e1ra a projekt Hajd\u00fa-Bihar v\u00e1rmegyei ind\u00edt\u00e1s\u00e1nak alkalm\u00e1b\u00f3l Hajd\u00fan\u00e1n\u00e1son. Hank\u00f3 Bal\u00e1zs kifejtette, a debreceni \u00e9s a beretty\u00f3\u00fajfalui szakk\u00e9pz\u00e9si centrumok koordin\u00e1l\u00e1sban megval\u00f3sul\u00f3 v\u00e1rmegyei programr\u00e9szben tizennyolc helysz\u00ednen, 57 k\u00e9pz\u00e9si csoportban, 643 \u00e1ll\u00e1skeres\u0151 intenz\u00edv k\u00e9pz\u00e9se kezd\u0151dik el, \u0151k n\u00e9h\u00e1ny h\u00f3nap alatt r\u00e9szszakm\u00e1t \u00e9s szakm\u00e1t szerezhetnek vagy szakk\u00e9pes\u00edt\u00e9st kaphatnak.<\/p>\n<p>A programot az\u00e9rt ind\u00edtott\u00e1k el, hogy szakm\u00e1t adjanak minden dolgozni v\u00e1gy\u00f3nak, olyat, amelyben r\u00f6gt\u00f6n elhelyezkedhet, mert van ir\u00e1nta munkaer\u0151piaci kereslet \u2013 k\u00f6z\u00f6lte a megnyit\u00f3 esem\u00e9nyen az \u00e1llamtitk\u00e1r, hozz\u00e1t\u00e9ve, a r\u00e9sztvev\u0151k sz\u00e1m\u00e1ra a k\u00e9pz\u00e9seket sz\u00e1z sz\u00e1zal\u00e9kban t\u00e1mogatj\u00e1k. Hank\u00f3 Bal\u00e1zs elmondta, az els\u0151sorban munkaer\u0151piaci f\u00f3kusz\u00fa feln\u0151ttk\u00e9pz\u00e9si program lebonyol\u00edt\u00e1s\u00e1ban a v\u00e1rmegyei korm\u00e1nyhivatal mellett a szakk\u00e9pz\u00e9si centrumok vesznek r\u00e9szt, de partnerek m\u00e9g az egyetemek, m\u00e1s feln\u0151ttk\u00e9pz\u00e9si int\u00e9zm\u00e9nyek, illetve a kereskedelmi \u00e9s iparkamara is.<\/p>\n<p>Az \u00e1llamtitk\u00e1r kifejtette, a programban els\u0151k\u00e9nt a korm\u00e1nyhivatal az \u00e1ll\u00e1skeres\u0151k preferenci\u00e1it vizsg\u00e1lja meg, seg\u00edt \u00f6sszhangba hozni a munkaer\u0151piaci keresletet az \u00e1ll\u00e1skeres\u0151i k\u00edn\u00e1lattal, majd erre \u00e9p\u00fcl r\u00e1 a szakk\u00e9pz\u00e9si centrumok \u00e1ltal lebonyol\u00edtott k\u00e9pz\u00e9s. Az esem\u00e9nyen Tirp\u00e1k Zsolt, a Debreceni Szakk\u00e9pz\u00e9si Centrum f\u0151igazgat\u00f3ja hangs\u00falyozta, a v\u00e1rmegy\u00e9ben m\u00e1r elkezd\u0151dtek az els\u0151 k\u00e9pz\u00e9sek, Derecsk\u00e9n p\u00e9ld\u00e1ul t\u00edz \u00e1ll\u00e1skeres\u0151 sz\u00e1m\u00e1ra ind\u00edtottak el betegk\u00eds\u00e9r\u0151-k\u00e9pz\u00e9st.<\/p>\n<p>Forr\u00e1s: <a href=\"https:\/\/www.magyarhirlap.hu\/gazdasag\/20240510-hanko-balazs-az-ev-vegeig-huszezer-allaskereso-vehet-reszt-egy-felnottkepzesi-programban\" target=\"_blank\" rel=\"nofollow noopener noreferrer\">magyarhirlap.hu<\/a><\/p>\n","protected":false},"excerpt":{"rendered":"<p>Munk\u00e1t keres\u0151knek ind\u00edtanak k\u00e9pz\u00e9st haz\u00e1nkban. A programban els\u0151k\u00e9nt a korm\u00e1nyhivatal az \u00e1ll\u00e1skeres\u0151k preferenci\u00e1it vizsg\u00e1lja meg, seg\u00edt \u00f6sszhangba hozni a munkaer\u0151piaci keresletet az \u00e1ll\u00e1skeres\u0151i k\u00edn\u00e1lattal, majd erre \u00e9p\u00fcl r\u00e1 a szakk\u00e9pz\u00e9si centrumok \u00e1ltal lebonyol\u00edtott k\u00e9pz\u00e9s. Az \u00e9v v\u00e9g\u00e9ig mintegy h\u00faszezer \u00e1ll\u00e1skeres\u0151 vehet r\u00e9szt egy feln\u0151ttk\u00e9pz\u00e9st biztos\u00edt\u00f3 orsz\u00e1gos programban \u2013 mondta a Kultur\u00e1lis \u00e9s Innov\u00e1ci\u00f3s Miniszt\u00e9rium fels\u0151oktat\u00e1s\u00e9rt, [&hellip;]<\/p>\n","protected":false},"author":1,"featured_media":7584,"comment_status":"closed","ping_status":"closed","sticky":false,"template":"","format":"standard","meta":{"_monsterinsights_skip_tracking":false,"footnotes":""},"categories":[200],"tags":[568,380],"class_list":["post-7583","post","type-post","status-publish","format-standard","has-post-thumbnail","hentry","category-munkaeropiac","tag-felnottkepzes","tag-kepzes"],"aioseo_notices":[],"aioseo_head":"\n\t\t<!-- All in One SEO 5.0.0.1 - aioseo.com -->\n\t<meta name=\"description\" content=\"Munk\u00e1t keres\u0151knek ind\u00edtanak k\u00e9pz\u00e9st haz\u00e1nkban. A programban els\u0151k\u00e9nt a korm\u00e1nyhivatal az \u00e1ll\u00e1skeres\u0151k preferenci\u00e1it vizsg\u00e1lja meg\" \/>\n\t<meta name=\"robots\" content=\"max-image-preview:large\" \/>\n\t<meta name=\"author\" content=\"Juh\u00e1sz P\u00e9ter\"\/>\n\t<meta name=\"keywords\" content=\"feln\u0151ttk\u00e9pz\u00e9s,k\u00e9pz\u00e9s\" \/>\n\t<link rel=\"canonical\" href=\"https:\/\/allasorias.hu\/hirek\/kepzesi-program-munkat-keresoknek\/\" \/>\n\t<meta name=\"generator\" content=\"All in One SEO (AIOSEO) 5.0.0.1\" \/>\n\t\t<meta property=\"og:locale\" content=\"hu_HU\" \/>\n\t\t<meta property=\"og:site_name\" content=\"AllasOrias.hu | H\u00edrek-lapszemle | \u00dczleti h\u00edrek az \u00e1ll\u00e1s \u00e9s a munka vil\u00e1g\u00e1b\u00f3l\" \/>\n\t\t<meta property=\"og:type\" content=\"article\" \/>\n\t\t<meta property=\"og:title\" content=\"K\u00e9pz\u00e9si program munk\u00e1t keres\u0151knek | Allasorias.hu\/Hirek\" \/>\n\t\t<meta property=\"og:description\" content=\"Munk\u00e1t keres\u0151knek ind\u00edtanak k\u00e9pz\u00e9st haz\u00e1nkban. A programban els\u0151k\u00e9nt a korm\u00e1nyhivatal az \u00e1ll\u00e1skeres\u0151k preferenci\u00e1it vizsg\u00e1lja meg\" \/>\n\t\t<meta property=\"og:url\" content=\"https:\/\/allasorias.hu\/hirek\/kepzesi-program-munkat-keresoknek\/\" \/>\n\t\t<meta property=\"og:image\" content=\"https:\/\/allasorias.hu\/hirek\/wp-content\/uploads\/2024\/05\/felnottkepzesi-program.jpg\" \/>\n\t\t<meta property=\"og:image:secure_url\" content=\"https:\/\/allasorias.hu\/hirek\/wp-content\/uploads\/2024\/05\/felnottkepzesi-program.jpg\" \/>\n\t\t<meta property=\"og:image:width\" content=\"1280\" \/>\n\t\t<meta property=\"og:image:height\" content=\"853\" \/>\n\t\t<meta property=\"article:published_time\" content=\"2024-05-13T09:09:18+00:00\" \/>\n\t\t<meta property=\"article:modified_time\" content=\"2024-05-13T09:09:18+00:00\" \/>\n\t\t<meta property=\"article:publisher\" content=\"https:\/\/www.facebook.com\/allasorias\" \/>\n\t\t<meta name=\"twitter:card\" content=\"summary_large_image\" \/>\n\t\t<meta name=\"twitter:title\" content=\"K\u00e9pz\u00e9si program munk\u00e1t keres\u0151knek | Allasorias.hu\/Hirek\" \/>\n\t\t<meta name=\"twitter:description\" content=\"Munk\u00e1t keres\u0151knek ind\u00edtanak k\u00e9pz\u00e9st haz\u00e1nkban. A programban els\u0151k\u00e9nt a korm\u00e1nyhivatal az \u00e1ll\u00e1skeres\u0151k preferenci\u00e1it vizsg\u00e1lja meg\" \/>\n\t\t<meta name=\"twitter:image\" content=\"https:\/\/allasorias.hu\/hirek\/wp-content\/uploads\/2024\/05\/felnottkepzesi-program.jpg\" \/>\n\t\t<meta name=\"twitter:label1\" content=\"Written by\" \/>\n\t\t<meta name=\"twitter:data1\" content=\"Juh\u00e1sz P\u00e9ter\" \/>\n\t\t<meta name=\"twitter:label2\" content=\"Est. reading time\" \/>\n\t\t<meta name=\"twitter:data2\" content=\"2 minutes\" \/>\n\t\t<script type=\"application\/ld+json\" class=\"aioseo-schema\">\n\t\t\t{\"@context\":\"https:\\\/\\\/schema.org\",\"@graph\":[{\"@type\":\"Article\",\"@id\":\"https:\\\/\\\/allasorias.hu\\\/hirek\\\/kepzesi-program-munkat-keresoknek\\\/#article\",\"name\":\"K\\u00e9pz\\u00e9si program munk\\u00e1t keres\\u0151knek | Allasorias.hu\\\/Hirek\",\"headline\":\"K\\u00e9pz\\u00e9si program munk\\u00e1t keres\\u0151knek\",\"author\":{\"@id\":\"https:\\\/\\\/allasorias.hu\\\/hirek\\\/author\\\/admin-allasorias\\\/#author\"},\"publisher\":{\"@id\":\"https:\\\/\\\/allasorias.hu\\\/hirek\\\/#organization\"},\"image\":{\"@type\":\"ImageObject\",\"url\":\"https:\\\/\\\/allasorias.hu\\\/hirek\\\/wp-content\\\/uploads\\\/2024\\\/05\\\/felnottkepzesi-program.jpg\",\"width\":1280,\"height\":853,\"caption\":\"K\\u00e9pz\\u00e9si program munk\\u00e1t keres\\u0151knek - Allasorias.hu\\\/Hirek\"},\"datePublished\":\"2024-05-13T11:09:18+02:00\",\"dateModified\":\"2024-05-13T11:09:18+02:00\",\"inLanguage\":\"hu-HU\",\"mainEntityOfPage\":{\"@id\":\"https:\\\/\\\/allasorias.hu\\\/hirek\\\/kepzesi-program-munkat-keresoknek\\\/#webpage\"},\"isPartOf\":{\"@id\":\"https:\\\/\\\/allasorias.hu\\\/hirek\\\/kepzesi-program-munkat-keresoknek\\\/#webpage\"},\"articleSection\":\"Munkaer\\u0151piac, feln\\u0151ttk\\u00e9pz\\u00e9s, k\\u00e9pz\\u00e9s\"},{\"@type\":\"BreadcrumbList\",\"@id\":\"https:\\\/\\\/allasorias.hu\\\/hirek\\\/kepzesi-program-munkat-keresoknek\\\/#breadcrumblist\",\"itemListElement\":[{\"@type\":\"ListItem\",\"@id\":\"https:\\\/\\\/allasorias.hu\\\/hirek#listItem\",\"position\":1,\"name\":\"Home\",\"item\":\"https:\\\/\\\/allasorias.hu\\\/hirek\",\"nextItem\":{\"@type\":\"ListItem\",\"@id\":\"https:\\\/\\\/allasorias.hu\\\/hirek\\\/temak\\\/munkaeropiac\\\/#listItem\",\"name\":\"Munkaer\\u0151piac\"}},{\"@type\":\"ListItem\",\"@id\":\"https:\\\/\\\/allasorias.hu\\\/hirek\\\/temak\\\/munkaeropiac\\\/#listItem\",\"position\":2,\"name\":\"Munkaer\\u0151piac\",\"item\":\"https:\\\/\\\/allasorias.hu\\\/hirek\\\/temak\\\/munkaeropiac\\\/\",\"nextItem\":{\"@type\":\"ListItem\",\"@id\":\"https:\\\/\\\/allasorias.hu\\\/hirek\\\/kepzesi-program-munkat-keresoknek\\\/#listItem\",\"name\":\"K\\u00e9pz\\u00e9si program munk\\u00e1t keres\\u0151knek\"},\"previousItem\":{\"@type\":\"ListItem\",\"@id\":\"https:\\\/\\\/allasorias.hu\\\/hirek#listItem\",\"name\":\"Home\"}},{\"@type\":\"ListItem\",\"@id\":\"https:\\\/\\\/allasorias.hu\\\/hirek\\\/kepzesi-program-munkat-keresoknek\\\/#listItem\",\"position\":3,\"name\":\"K\\u00e9pz\\u00e9si program munk\\u00e1t keres\\u0151knek\",\"previousItem\":{\"@type\":\"ListItem\",\"@id\":\"https:\\\/\\\/allasorias.hu\\\/hirek\\\/temak\\\/munkaeropiac\\\/#listItem\",\"name\":\"Munkaer\\u0151piac\"}}]},{\"@type\":\"Organization\",\"@id\":\"https:\\\/\\\/allasorias.hu\\\/hirek\\\/#organization\",\"name\":\"AllasOrias.hu | H\\u00edrek-lapszemle\",\"description\":\"\\u00dczleti h\\u00edrek az \\u00e1ll\\u00e1s \\u00e9s a munka vil\\u00e1g\\u00e1b\\u00f3l\",\"url\":\"https:\\\/\\\/allasorias.hu\\\/hirek\\\/\",\"logo\":{\"@type\":\"ImageObject\",\"url\":\"https:\\\/\\\/allasorias.hu\\\/hirek\\\/wp-content\\\/uploads\\\/2022\\\/10\\\/allasorias_site_facebok_logo.png\",\"@id\":\"https:\\\/\\\/allasorias.hu\\\/hirek\\\/kepzesi-program-munkat-keresoknek\\\/#organizationLogo\"},\"image\":{\"@id\":\"https:\\\/\\\/allasorias.hu\\\/hirek\\\/kepzesi-program-munkat-keresoknek\\\/#organizationLogo\"},\"sameAs\":[\"https:\\\/\\\/www.facebook.com\\\/allasorias\",\"https:\\\/\\\/www.linkedin.com\\\/company\\\/allasorias\"]},{\"@type\":\"Person\",\"@id\":\"https:\\\/\\\/allasorias.hu\\\/hirek\\\/author\\\/admin-allasorias\\\/#author\",\"url\":\"https:\\\/\\\/allasorias.hu\\\/hirek\\\/author\\\/admin-allasorias\\\/\",\"name\":\"Juh\\u00e1sz P\\u00e9ter\",\"image\":{\"@type\":\"ImageObject\",\"@id\":\"https:\\\/\\\/allasorias.hu\\\/hirek\\\/kepzesi-program-munkat-keresoknek\\\/#authorImage\",\"url\":\"https:\\\/\\\/secure.gravatar.com\\\/avatar\\\/36e6bcb83148978b992977cb0f54d22feb0cce8a0a849a9410532bb2623ba4c6?s=96&d=mm&r=g\",\"width\":96,\"height\":96,\"caption\":\"Juh\\u00e1sz P\\u00e9ter\"}},{\"@type\":\"WebPage\",\"@id\":\"https:\\\/\\\/allasorias.hu\\\/hirek\\\/kepzesi-program-munkat-keresoknek\\\/#webpage\",\"url\":\"https:\\\/\\\/allasorias.hu\\\/hirek\\\/kepzesi-program-munkat-keresoknek\\\/\",\"name\":\"K\\u00e9pz\\u00e9si program munk\\u00e1t keres\\u0151knek | Allasorias.hu\\\/Hirek\",\"description\":\"Munk\\u00e1t keres\\u0151knek ind\\u00edtanak k\\u00e9pz\\u00e9st haz\\u00e1nkban. A programban els\\u0151k\\u00e9nt a korm\\u00e1nyhivatal az \\u00e1ll\\u00e1skeres\\u0151k preferenci\\u00e1it vizsg\\u00e1lja meg\",\"inLanguage\":\"hu-HU\",\"isPartOf\":{\"@id\":\"https:\\\/\\\/allasorias.hu\\\/hirek\\\/#website\"},\"breadcrumb\":{\"@id\":\"https:\\\/\\\/allasorias.hu\\\/hirek\\\/kepzesi-program-munkat-keresoknek\\\/#breadcrumblist\"},\"author\":{\"@id\":\"https:\\\/\\\/allasorias.hu\\\/hirek\\\/author\\\/admin-allasorias\\\/#author\"},\"creator\":{\"@id\":\"https:\\\/\\\/allasorias.hu\\\/hirek\\\/author\\\/admin-allasorias\\\/#author\"},\"image\":{\"@type\":\"ImageObject\",\"url\":\"https:\\\/\\\/allasorias.hu\\\/hirek\\\/wp-content\\\/uploads\\\/2024\\\/05\\\/felnottkepzesi-program.jpg\",\"@id\":\"https:\\\/\\\/allasorias.hu\\\/hirek\\\/kepzesi-program-munkat-keresoknek\\\/#mainImage\",\"width\":1280,\"height\":853,\"caption\":\"K\\u00e9pz\\u00e9si program munk\\u00e1t keres\\u0151knek - Allasorias.hu\\\/Hirek\"},\"primaryImageOfPage\":{\"@id\":\"https:\\\/\\\/allasorias.hu\\\/hirek\\\/kepzesi-program-munkat-keresoknek\\\/#mainImage\"},\"datePublished\":\"2024-05-13T11:09:18+02:00\",\"dateModified\":\"2024-05-13T11:09:18+02:00\"},{\"@type\":\"WebSite\",\"@id\":\"https:\\\/\\\/allasorias.hu\\\/hirek\\\/#website\",\"url\":\"https:\\\/\\\/allasorias.hu\\\/hirek\\\/\",\"name\":\"AllasOrias.hu | H\\u00edrek-lapszemle\",\"description\":\"\\u00dczleti h\\u00edrek az \\u00e1ll\\u00e1s \\u00e9s a munka vil\\u00e1g\\u00e1b\\u00f3l\",\"inLanguage\":\"hu-HU\",\"publisher\":{\"@id\":\"https:\\\/\\\/allasorias.hu\\\/hirek\\\/#organization\"}}]}\n\t\t<\/script>\n\t\t<!-- All in One SEO -->\n\n","aioseo_head_json":{"title":"K\u00e9pz\u00e9si program munk\u00e1t keres\u0151knek | Allasorias.hu\/Hirek","description":"Munk\u00e1t keres\u0151knek ind\u00edtanak k\u00e9pz\u00e9st haz\u00e1nkban. A programban els\u0151k\u00e9nt a korm\u00e1nyhivatal az \u00e1ll\u00e1skeres\u0151k preferenci\u00e1it vizsg\u00e1lja meg","canonical_url":"https:\/\/allasorias.hu\/hirek\/kepzesi-program-munkat-keresoknek\/","robots":"max-image-preview:large","keywords":"feln\u0151ttk\u00e9pz\u00e9s,k\u00e9pz\u00e9s","webmasterTools":{"miscellaneous":""},"schema":{"@context":"https:\/\/schema.org","@graph":[{"@type":"Article","@id":"https:\/\/allasorias.hu\/hirek\/kepzesi-program-munkat-keresoknek\/#article","name":"K\u00e9pz\u00e9si program munk\u00e1t keres\u0151knek | Allasorias.hu\/Hirek","headline":"K\u00e9pz\u00e9si program munk\u00e1t keres\u0151knek","author":{"@id":"https:\/\/allasorias.hu\/hirek\/author\/admin-allasorias\/#author"},"publisher":{"@id":"https:\/\/allasorias.hu\/hirek\/#organization"},"image":{"@type":"ImageObject","url":"https:\/\/allasorias.hu\/hirek\/wp-content\/uploads\/2024\/05\/felnottkepzesi-program.jpg","width":1280,"height":853,"caption":"K\u00e9pz\u00e9si program munk\u00e1t keres\u0151knek - Allasorias.hu\/Hirek"},"datePublished":"2024-05-13T11:09:18+02:00","dateModified":"2024-05-13T11:09:18+02:00","inLanguage":"hu-HU","mainEntityOfPage":{"@id":"https:\/\/allasorias.hu\/hirek\/kepzesi-program-munkat-keresoknek\/#webpage"},"isPartOf":{"@id":"https:\/\/allasorias.hu\/hirek\/kepzesi-program-munkat-keresoknek\/#webpage"},"articleSection":"Munkaer\u0151piac, feln\u0151ttk\u00e9pz\u00e9s, k\u00e9pz\u00e9s"},{"@type":"BreadcrumbList","@id":"https:\/\/allasorias.hu\/hirek\/kepzesi-program-munkat-keresoknek\/#breadcrumblist","itemListElement":[{"@type":"ListItem","@id":"https:\/\/allasorias.hu\/hirek#listItem","position":1,"name":"Home","item":"https:\/\/allasorias.hu\/hirek","nextItem":{"@type":"ListItem","@id":"https:\/\/allasorias.hu\/hirek\/temak\/munkaeropiac\/#listItem","name":"Munkaer\u0151piac"}},{"@type":"ListItem","@id":"https:\/\/allasorias.hu\/hirek\/temak\/munkaeropiac\/#listItem","position":2,"name":"Munkaer\u0151piac","item":"https:\/\/allasorias.hu\/hirek\/temak\/munkaeropiac\/","nextItem":{"@type":"ListItem","@id":"https:\/\/allasorias.hu\/hirek\/kepzesi-program-munkat-keresoknek\/#listItem","name":"K\u00e9pz\u00e9si program munk\u00e1t keres\u0151knek"},"previousItem":{"@type":"ListItem","@id":"https:\/\/allasorias.hu\/hirek#listItem","name":"Home"}},{"@type":"ListItem","@id":"https:\/\/allasorias.hu\/hirek\/kepzesi-program-munkat-keresoknek\/#listItem","position":3,"name":"K\u00e9pz\u00e9si program munk\u00e1t keres\u0151knek","previousItem":{"@type":"ListItem","@id":"https:\/\/allasorias.hu\/hirek\/temak\/munkaeropiac\/#listItem","name":"Munkaer\u0151piac"}}]},{"@type":"Organization","@id":"https:\/\/allasorias.hu\/hirek\/#organization","name":"AllasOrias.hu | H\u00edrek-lapszemle","description":"\u00dczleti h\u00edrek az \u00e1ll\u00e1s \u00e9s a munka vil\u00e1g\u00e1b\u00f3l","url":"https:\/\/allasorias.hu\/hirek\/","logo":{"@type":"ImageObject","url":"https:\/\/allasorias.hu\/hirek\/wp-content\/uploads\/2022\/10\/allasorias_site_facebok_logo.png","@id":"https:\/\/allasorias.hu\/hirek\/kepzesi-program-munkat-keresoknek\/#organizationLogo"},"image":{"@id":"https:\/\/allasorias.hu\/hirek\/kepzesi-program-munkat-keresoknek\/#organizationLogo"},"sameAs":["https:\/\/www.facebook.com\/allasorias","https:\/\/www.linkedin.com\/company\/allasorias"]},{"@type":"Person","@id":"https:\/\/allasorias.hu\/hirek\/author\/admin-allasorias\/#author","url":"https:\/\/allasorias.hu\/hirek\/author\/admin-allasorias\/","name":"Juh\u00e1sz P\u00e9ter","image":{"@type":"ImageObject","@id":"https:\/\/allasorias.hu\/hirek\/kepzesi-program-munkat-keresoknek\/#authorImage","url":"https:\/\/secure.gravatar.com\/avatar\/36e6bcb83148978b992977cb0f54d22feb0cce8a0a849a9410532bb2623ba4c6?s=96&d=mm&r=g","width":96,"height":96,"caption":"Juh\u00e1sz P\u00e9ter"}},{"@type":"WebPage","@id":"https:\/\/allasorias.hu\/hirek\/kepzesi-program-munkat-keresoknek\/#webpage","url":"https:\/\/allasorias.hu\/hirek\/kepzesi-program-munkat-keresoknek\/","name":"K\u00e9pz\u00e9si program munk\u00e1t keres\u0151knek | Allasorias.hu\/Hirek","description":"Munk\u00e1t keres\u0151knek ind\u00edtanak k\u00e9pz\u00e9st haz\u00e1nkban. A programban els\u0151k\u00e9nt a korm\u00e1nyhivatal az \u00e1ll\u00e1skeres\u0151k preferenci\u00e1it vizsg\u00e1lja meg","inLanguage":"hu-HU","isPartOf":{"@id":"https:\/\/allasorias.hu\/hirek\/#website"},"breadcrumb":{"@id":"https:\/\/allasorias.hu\/hirek\/kepzesi-program-munkat-keresoknek\/#breadcrumblist"},"author":{"@id":"https:\/\/allasorias.hu\/hirek\/author\/admin-allasorias\/#author"},"creator":{"@id":"https:\/\/allasorias.hu\/hirek\/author\/admin-allasorias\/#author"},"image":{"@type":"ImageObject","url":"https:\/\/allasorias.hu\/hirek\/wp-content\/uploads\/2024\/05\/felnottkepzesi-program.jpg","@id":"https:\/\/allasorias.hu\/hirek\/kepzesi-program-munkat-keresoknek\/#mainImage","width":1280,"height":853,"caption":"K\u00e9pz\u00e9si program munk\u00e1t keres\u0151knek - Allasorias.hu\/Hirek"},"primaryImageOfPage":{"@id":"https:\/\/allasorias.hu\/hirek\/kepzesi-program-munkat-keresoknek\/#mainImage"},"datePublished":"2024-05-13T11:09:18+02:00","dateModified":"2024-05-13T11:09:18+02:00"},{"@type":"WebSite","@id":"https:\/\/allasorias.hu\/hirek\/#website","url":"https:\/\/allasorias.hu\/hirek\/","name":"AllasOrias.hu | H\u00edrek-lapszemle","description":"\u00dczleti h\u00edrek az \u00e1ll\u00e1s \u00e9s a munka vil\u00e1g\u00e1b\u00f3l","inLanguage":"hu-HU","publisher":{"@id":"https:\/\/allasorias.hu\/hirek\/#organization"}}]},"og:locale":"hu_HU","og:site_name":"AllasOrias.hu | H\u00edrek-lapszemle | \u00dczleti h\u00edrek az \u00e1ll\u00e1s \u00e9s a munka vil\u00e1g\u00e1b\u00f3l","og:type":"article","og:title":"K\u00e9pz\u00e9si program munk\u00e1t keres\u0151knek | Allasorias.hu\/Hirek","og:description":"Munk\u00e1t keres\u0151knek ind\u00edtanak k\u00e9pz\u00e9st haz\u00e1nkban. A programban els\u0151k\u00e9nt a korm\u00e1nyhivatal az \u00e1ll\u00e1skeres\u0151k preferenci\u00e1it vizsg\u00e1lja meg","og:url":"https:\/\/allasorias.hu\/hirek\/kepzesi-program-munkat-keresoknek\/","og:image":"https:\/\/allasorias.hu\/hirek\/wp-content\/uploads\/2024\/05\/felnottkepzesi-program.jpg","og:image:secure_url":"https:\/\/allasorias.hu\/hirek\/wp-content\/uploads\/2024\/05\/felnottkepzesi-program.jpg","og:image:width":1280,"og:image:height":853,"article:published_time":"2024-05-13T09:09:18+00:00","article:modified_time":"2024-05-13T09:09:18+00:00","article:publisher":"https:\/\/www.facebook.com\/allasorias","twitter:card":"summary_large_image","twitter:title":"K\u00e9pz\u00e9si program munk\u00e1t keres\u0151knek | Allasorias.hu\/Hirek","twitter:description":"Munk\u00e1t keres\u0151knek ind\u00edtanak k\u00e9pz\u00e9st haz\u00e1nkban. A programban els\u0151k\u00e9nt a korm\u00e1nyhivatal az \u00e1ll\u00e1skeres\u0151k preferenci\u00e1it vizsg\u00e1lja meg","twitter:image":"https:\/\/allasorias.hu\/hirek\/wp-content\/uploads\/2024\/05\/felnottkepzesi-program.jpg","twitter:label1":"Written by","twitter:data1":"Juh\u00e1sz P\u00e9ter","twitter:label2":"Est. reading time","twitter:data2":"2 minutes"},"aioseo_meta_data":{"post_id":"7583","title":"#post_title | Allasorias.hu\/Hirek","description":"Munk\u00e1t keres\u0151knek ind\u00edtanak k\u00e9pz\u00e9st haz\u00e1nkban. A programban els\u0151k\u00e9nt a korm\u00e1nyhivatal az \u00e1ll\u00e1skeres\u0151k preferenci\u00e1it vizsg\u00e1lja meg","keywords":[],"keyphrases":{"focus":{"keyphrase":"","score":0,"analysis":{"keyphraseInTitle":{"score":0,"maxScore":9,"error":1}}},"additional":[]},"primary_term":null,"canonical_url":null,"og_title":null,"og_description":null,"og_object_type":"default","og_image_type":"default","og_image_url":null,"og_image_width":null,"og_image_height":null,"og_image_custom_url":null,"og_image_custom_fields":null,"og_video":"","og_custom_url":null,"og_article_section":null,"og_article_tags":[],"twitter_use_og":true,"twitter_card":"default","twitter_image_type":"default","twitter_image_url":null,"twitter_image_custom_url":null,"twitter_image_custom_fields":null,"twitter_title":null,"twitter_description":null,"schema":{"blockGraphs":[],"customGraphs":[],"default":{"data":{"Article":[],"Course":[],"Dataset":[],"FAQPage":[],"Movie":[],"Person":[],"Product":[],"ProductReview":[],"Car":[],"Recipe":[],"Service":[],"SoftwareApplication":[],"WebPage":[]},"graphName":"Article","isEnabled":true},"graphs":[]},"schema_type":"default","schema_type_options":null,"pillar_content":false,"robots_default":true,"robots_noindex":false,"robots_noarchive":false,"robots_nosnippet":false,"robots_nofollow":false,"robots_noimageindex":false,"robots_noodp":false,"robots_notranslate":false,"robots_max_snippet":"-1","robots_max_videopreview":"-1","robots_max_imagepreview":"large","priority":null,"frequency":"default","location":null,"local_seo":null,"breadcrumb_settings":null,"limit_modified_date":false,"ai":null,"created":"2024-05-13 08:32:06","updated":"2025-10-02 19:54:09","seo_analyzer_scan_date":null,"focus_keyword":null,"additional_keywords":null,"truseo_locale":null},"aioseo_breadcrumb":"<div class=\"aioseo-breadcrumbs\"><span class=\"aioseo-breadcrumb\">\n\t\t\t<a href=\"https:\/\/allasorias.hu\/hirek\" title=\"Home\">Home<\/a>\n\t\t<\/span><span class=\"aioseo-breadcrumb-separator\">&raquo;<\/span><span class=\"aioseo-breadcrumb\">\n\t\t\t<a href=\"https:\/\/allasorias.hu\/hirek\/temak\/munkaeropiac\/\" title=\"Munkaer\u0151piac\">Munkaer\u0151piac<\/a>\n\t\t<\/span><span class=\"aioseo-breadcrumb-separator\">&raquo;<\/span><span class=\"aioseo-breadcrumb\">\n\t\t\tK\u00e9pz\u00e9si program munk\u00e1t keres\u0151knek\n\t\t<\/span><\/div>","aioseo_breadcrumb_json":[{"label":"Home","link":"https:\/\/allasorias.hu\/hirek"},{"label":"Munkaer\u0151piac","link":"https:\/\/allasorias.hu\/hirek\/temak\/munkaeropiac\/"},{"label":"K\u00e9pz\u00e9si program munk\u00e1t keres\u0151knek","link":"https:\/\/allasorias.hu\/hirek\/kepzesi-program-munkat-keresoknek\/"}],"_links":{"self":[{"href":"https:\/\/allasorias.hu\/hirek\/wp-json\/wp\/v2\/posts\/7583","targetHints":{"allow":["GET"]}}],"collection":[{"href":"https:\/\/allasorias.hu\/hirek\/wp-json\/wp\/v2\/posts"}],"about":[{"href":"https:\/\/allasorias.hu\/hirek\/wp-json\/wp\/v2\/types\/post"}],"author":[{"embeddable":true,"href":"https:\/\/allasorias.hu\/hirek\/wp-json\/wp\/v2\/users\/1"}],"replies":[{"embeddable":true,"href":"https:\/\/allasorias.hu\/hirek\/wp-json\/wp\/v2\/comments?post=7583"}],"version-history":[{"count":1,"href":"https:\/\/allasorias.hu\/hirek\/wp-json\/wp\/v2\/posts\/7583\/revisions"}],"predecessor-version":[{"id":7585,"href":"https:\/\/allasorias.hu\/hirek\/wp-json\/wp\/v2\/posts\/7583\/revisions\/7585"}],"wp:featuredmedia":[{"embeddable":true,"href":"https:\/\/allasorias.hu\/hirek\/wp-json\/wp\/v2\/media\/7584"}],"wp:attachment":[{"href":"https:\/\/allasorias.hu\/hirek\/wp-json\/wp\/v2\/media?parent=7583"}],"wp:term":[{"taxonomy":"category","embeddable":true,"href":"https:\/\/allasorias.hu\/hirek\/wp-json\/wp\/v2\/categories?post=7583"},{"taxonomy":"post_tag","embeddable":true,"href":"https:\/\/allasorias.hu\/hirek\/wp-json\/wp\/v2\/tags?post=7583"}],"curies":[{"name":"wp","href":"https:\/\/api.w.org\/{rel}","templated":true}]}}