{"id":7580,"date":"2024-05-10T11:08:23","date_gmt":"2024-05-10T09:08:23","guid":{"rendered":"https:\/\/allasorias.hu\/hirek\/?p=7580"},"modified":"2024-05-10T11:08:23","modified_gmt":"2024-05-10T09:08:23","slug":"mit-er-a-magyar-fizetes","status":"publish","type":"post","link":"https:\/\/allasorias.hu\/hirek\/mit-er-a-magyar-fizetes\/","title":{"rendered":"Mit \u00e9r a magyar fizet\u00e9s?"},"content":{"rendered":"<p><strong>Az Eurostat adatai szerint a magyar b\u00e9rk\u00f6lts\u00e9g a harmadik legalacsonyabb az Eur\u00f3pai Uni\u00f3ban. A jelenlegi fizet\u00e9sek \u00e9s a magas \u00e1fakulcs miatt a v\u00e1s\u00e1rl\u00f3k nem tudnak t\u00f6bb p\u00e9nzt elk\u00f6lteni a boltokban. Az elt\u00e9r\u0151 \u00e1rsz\u00ednvonal miatt m\u00e1r a rom\u00e1n v\u00e1s\u00e1rl\u00f3er\u0151 is megel\u0151zte a magyart. Guly\u00e1s Gergely Minisztereln\u00f6ks\u00e9get vezet\u0151 miniszter szerint az ad\u00f3kedvezm\u00e9nyek javul\u00e1sa a k\u00f6lts\u00e9gvet\u00e9s helyzet\u00e9t\u0151l f\u00fcgg. <\/strong><\/p>\n<p>A B\u00e9k\u00e9s v\u00e1rmegyei Murony kisboltj\u00e1ban egy alkalmazott a szakmunk\u00e1soknak j\u00e1r\u00f3 k\u00f6telez\u0151 b\u00e9rminimum\u00e9rt, havi nett\u00f3 216 800 forint\u00e9rt dolgozik f\u0151\u00e1ll\u00e1sban. A dolgoz\u00f3 az RTL H\u00edrad\u00f3 k\u00e9rd\u00e9s\u00e9re elmondta, hogy a biztos meg\u00e9lhet\u00e9shez m\u00e1sod\u00e1ll\u00e1st kell hogy v\u00e1llaljon, mivel k\u00f6lts\u00e9gei j\u00f3val magasabbak, mint a fizet\u00e9se.<\/p>\n<p>Moln\u00e1r L\u00e1szl\u00f3, a GKI Gazdas\u00e1gkutat\u00f3 Zrt. vez\u00e9rigazgat\u00f3ja szerint nem lehet t\u00fal magas v\u00e1s\u00e1rl\u00f3er\u0151t v\u00e1rni, am\u00edg a magyar b\u00e9rek uni\u00f3s \u00f6sszehasonl\u00edt\u00e1sban az utols\u00f3 h\u00e1rom helyen vannak. A dolgoz\u00f3kat r\u00e1ad\u00e1sul a magas \u00e1fakulcs is s\u00fajtja.\u00a0 Az elt\u00e9r\u0151 \u00e1rsz\u00ednvonal miatt m\u00e1r a rom\u00e1n v\u00e1s\u00e1rl\u00f3er\u0151 is megel\u0151zte a magyart. Az Eurostat szerint egy \u00e1tlagos k\u00e9tgyerekes csal\u00e1d is 2 sz\u00e1zal\u00e9kkal t\u00f6bbet v\u00e1s\u00e1rolhat Rom\u00e1ni\u00e1ban, mint Magyarorsz\u00e1gon.<\/p>\n<p>A m\u00e1jus 9-\u00e9n tartott Korm\u00e1nyinf\u00f3n Guly\u00e1s Gergely Minisztereln\u00f6ks\u00e9get vezet\u0151 miniszter elmondta, hogy a magyar korm\u00e1ny pr\u00f3b\u00e1l megfelelni a jelent\u0151s hi\u00e1nycs\u00f6kkent\u00e9snek, \u00e9s hogy a magyar csal\u00e1dok min\u00e9l t\u00f6bb forr\u00e1shoz juthassanak. A politikus kiemelte, hogy az ad\u00f3kedvezm\u00e9nyek javul\u00e1sa a k\u00f6lts\u00e9gvet\u00e9s helyzet\u00e9t\u0151l f\u00fcgg. Ahogy szabad forr\u00e1s rendelkez\u00e9sre \u00e1ll, \u00fagy a priorit\u00e1si list\u00e1n a legfontosabb c\u00e9lkit\u0171z\u00e9sek k\u00f6z\u00f6tt, els\u0151 helyen van az ad\u00f3kedvezm\u00e9nyek m\u00e9rt\u00e9k\u00e9nek n\u00f6vel\u00e9se\u2013 fejtette ki Guly\u00e1s Gergely.<\/p>\n<p>Forr\u00e1s: <a href=\"https:\/\/index.hu\/gazdasag\/2024\/05\/10\/berkoltseg-eurostat-unio-vasarloero-romania-bulgaria-fizetes-adokedvezmeny-dolgozok\/\" target=\"_blank\" rel=\"nofollow noopener noreferrer\">index.hu<\/a><\/p>\n","protected":false},"excerpt":{"rendered":"<p>Az Eurostat adatai szerint a magyar b\u00e9rk\u00f6lts\u00e9g a harmadik legalacsonyabb az Eur\u00f3pai Uni\u00f3ban. A jelenlegi fizet\u00e9sek \u00e9s a magas \u00e1fakulcs miatt a v\u00e1s\u00e1rl\u00f3k nem tudnak t\u00f6bb p\u00e9nzt elk\u00f6lteni a boltokban. Az elt\u00e9r\u0151 \u00e1rsz\u00ednvonal miatt m\u00e1r a rom\u00e1n v\u00e1s\u00e1rl\u00f3er\u0151 is megel\u0151zte a magyart. Guly\u00e1s Gergely Minisztereln\u00f6ks\u00e9get vezet\u0151 miniszter szerint az ad\u00f3kedvezm\u00e9nyek javul\u00e1sa a k\u00f6lts\u00e9gvet\u00e9s helyzet\u00e9t\u0151l f\u00fcgg. [&hellip;]<\/p>\n","protected":false},"author":1,"featured_media":7581,"comment_status":"closed","ping_status":"closed","sticky":false,"template":"","format":"standard","meta":{"_monsterinsights_skip_tracking":false,"footnotes":""},"categories":[198],"tags":[],"class_list":["post-7580","post","type-post","status-publish","format-standard","has-post-thumbnail","hentry","category-gazdasag"],"aioseo_notices":[],"aioseo_head":"\n\t\t<!-- All in One SEO 5.0.0.1 - aioseo.com -->\n\t<meta name=\"description\" content=\"A jelenlegi fizet\u00e9sek \u00e9s a magas \u00e1fakulcs miatt a v\u00e1s\u00e1rl\u00f3k nem tudnak t\u00f6bb p\u00e9nzt elk\u00f6lteni a boltokban.\" \/>\n\t<meta name=\"robots\" content=\"max-image-preview:large\" \/>\n\t<meta name=\"author\" content=\"Juh\u00e1sz P\u00e9ter\"\/>\n\t<link rel=\"canonical\" href=\"https:\/\/allasorias.hu\/hirek\/mit-er-a-magyar-fizetes\/\" \/>\n\t<meta name=\"generator\" content=\"All in One SEO (AIOSEO) 5.0.0.1\" \/>\n\t\t<meta property=\"og:locale\" content=\"hu_HU\" \/>\n\t\t<meta property=\"og:site_name\" content=\"AllasOrias.hu | H\u00edrek-lapszemle | \u00dczleti h\u00edrek az \u00e1ll\u00e1s \u00e9s a munka vil\u00e1g\u00e1b\u00f3l\" \/>\n\t\t<meta property=\"og:type\" content=\"article\" \/>\n\t\t<meta property=\"og:title\" content=\"Mit \u00e9r a magyar fizet\u00e9s? | AllasOrias.hu | H\u00edrek-lapszemle\" \/>\n\t\t<meta property=\"og:description\" content=\"A jelenlegi fizet\u00e9sek \u00e9s a magas \u00e1fakulcs miatt a v\u00e1s\u00e1rl\u00f3k nem tudnak t\u00f6bb p\u00e9nzt elk\u00f6lteni a boltokban.\" \/>\n\t\t<meta property=\"og:url\" content=\"https:\/\/allasorias.hu\/hirek\/mit-er-a-magyar-fizetes\/\" \/>\n\t\t<meta property=\"og:image\" content=\"https:\/\/allasorias.hu\/hirek\/wp-content\/uploads\/2024\/05\/magyar-fizetes.jpg\" \/>\n\t\t<meta property=\"og:image:secure_url\" content=\"https:\/\/allasorias.hu\/hirek\/wp-content\/uploads\/2024\/05\/magyar-fizetes.jpg\" \/>\n\t\t<meta property=\"og:image:width\" content=\"1280\" \/>\n\t\t<meta property=\"og:image:height\" content=\"854\" \/>\n\t\t<meta property=\"article:published_time\" content=\"2024-05-10T09:08:23+00:00\" \/>\n\t\t<meta property=\"article:modified_time\" content=\"2024-05-10T09:08:23+00:00\" \/>\n\t\t<meta property=\"article:publisher\" content=\"https:\/\/www.facebook.com\/allasorias\" \/>\n\t\t<meta name=\"twitter:card\" content=\"summary_large_image\" \/>\n\t\t<meta name=\"twitter:title\" content=\"Mit \u00e9r a magyar fizet\u00e9s? | AllasOrias.hu | H\u00edrek-lapszemle\" \/>\n\t\t<meta name=\"twitter:description\" content=\"A jelenlegi fizet\u00e9sek \u00e9s a magas \u00e1fakulcs miatt a v\u00e1s\u00e1rl\u00f3k nem tudnak t\u00f6bb p\u00e9nzt elk\u00f6lteni a boltokban.\" \/>\n\t\t<meta name=\"twitter:image\" content=\"https:\/\/allasorias.hu\/hirek\/wp-content\/uploads\/2024\/05\/magyar-fizetes.jpg\" \/>\n\t\t<meta name=\"twitter:label1\" content=\"Written by\" \/>\n\t\t<meta name=\"twitter:data1\" content=\"Juh\u00e1sz P\u00e9ter\" \/>\n\t\t<meta name=\"twitter:label2\" content=\"Est. reading time\" \/>\n\t\t<meta name=\"twitter:data2\" content=\"2 minutes\" \/>\n\t\t<script type=\"application\/ld+json\" class=\"aioseo-schema\">\n\t\t\t{\"@context\":\"https:\\\/\\\/schema.org\",\"@graph\":[{\"@type\":\"Article\",\"@id\":\"https:\\\/\\\/allasorias.hu\\\/hirek\\\/mit-er-a-magyar-fizetes\\\/#article\",\"name\":\"Mit \\u00e9r a magyar fizet\\u00e9s? | AllasOrias.hu | H\\u00edrek-lapszemle\",\"headline\":\"Mit \\u00e9r a magyar fizet\\u00e9s?\",\"author\":{\"@id\":\"https:\\\/\\\/allasorias.hu\\\/hirek\\\/author\\\/admin-allasorias\\\/#author\"},\"publisher\":{\"@id\":\"https:\\\/\\\/allasorias.hu\\\/hirek\\\/#organization\"},\"image\":{\"@type\":\"ImageObject\",\"url\":\"https:\\\/\\\/allasorias.hu\\\/hirek\\\/wp-content\\\/uploads\\\/2024\\\/05\\\/magyar-fizetes.jpg\",\"width\":1280,\"height\":854,\"caption\":\"Mit \\u00e9r a magyar fizet\\u00e9s?  - Allasorias.hu\\\/Hirek\"},\"datePublished\":\"2024-05-10T11:08:23+02:00\",\"dateModified\":\"2024-05-10T11:08:23+02:00\",\"inLanguage\":\"hu-HU\",\"mainEntityOfPage\":{\"@id\":\"https:\\\/\\\/allasorias.hu\\\/hirek\\\/mit-er-a-magyar-fizetes\\\/#webpage\"},\"isPartOf\":{\"@id\":\"https:\\\/\\\/allasorias.hu\\\/hirek\\\/mit-er-a-magyar-fizetes\\\/#webpage\"},\"articleSection\":\"Gazdas\\u00e1g\"},{\"@type\":\"BreadcrumbList\",\"@id\":\"https:\\\/\\\/allasorias.hu\\\/hirek\\\/mit-er-a-magyar-fizetes\\\/#breadcrumblist\",\"itemListElement\":[{\"@type\":\"ListItem\",\"@id\":\"https:\\\/\\\/allasorias.hu\\\/hirek#listItem\",\"position\":1,\"name\":\"Home\",\"item\":\"https:\\\/\\\/allasorias.hu\\\/hirek\",\"nextItem\":{\"@type\":\"ListItem\",\"@id\":\"https:\\\/\\\/allasorias.hu\\\/hirek\\\/temak\\\/gazdasag\\\/#listItem\",\"name\":\"Gazdas\\u00e1g\"}},{\"@type\":\"ListItem\",\"@id\":\"https:\\\/\\\/allasorias.hu\\\/hirek\\\/temak\\\/gazdasag\\\/#listItem\",\"position\":2,\"name\":\"Gazdas\\u00e1g\",\"item\":\"https:\\\/\\\/allasorias.hu\\\/hirek\\\/temak\\\/gazdasag\\\/\",\"nextItem\":{\"@type\":\"ListItem\",\"@id\":\"https:\\\/\\\/allasorias.hu\\\/hirek\\\/mit-er-a-magyar-fizetes\\\/#listItem\",\"name\":\"Mit \\u00e9r a magyar fizet\\u00e9s?\"},\"previousItem\":{\"@type\":\"ListItem\",\"@id\":\"https:\\\/\\\/allasorias.hu\\\/hirek#listItem\",\"name\":\"Home\"}},{\"@type\":\"ListItem\",\"@id\":\"https:\\\/\\\/allasorias.hu\\\/hirek\\\/mit-er-a-magyar-fizetes\\\/#listItem\",\"position\":3,\"name\":\"Mit \\u00e9r a magyar fizet\\u00e9s?\",\"previousItem\":{\"@type\":\"ListItem\",\"@id\":\"https:\\\/\\\/allasorias.hu\\\/hirek\\\/temak\\\/gazdasag\\\/#listItem\",\"name\":\"Gazdas\\u00e1g\"}}]},{\"@type\":\"Organization\",\"@id\":\"https:\\\/\\\/allasorias.hu\\\/hirek\\\/#organization\",\"name\":\"AllasOrias.hu | H\\u00edrek-lapszemle\",\"description\":\"\\u00dczleti h\\u00edrek az \\u00e1ll\\u00e1s \\u00e9s a munka vil\\u00e1g\\u00e1b\\u00f3l\",\"url\":\"https:\\\/\\\/allasorias.hu\\\/hirek\\\/\",\"logo\":{\"@type\":\"ImageObject\",\"url\":\"https:\\\/\\\/allasorias.hu\\\/hirek\\\/wp-content\\\/uploads\\\/2022\\\/10\\\/allasorias_site_facebok_logo.png\",\"@id\":\"https:\\\/\\\/allasorias.hu\\\/hirek\\\/mit-er-a-magyar-fizetes\\\/#organizationLogo\"},\"image\":{\"@id\":\"https:\\\/\\\/allasorias.hu\\\/hirek\\\/mit-er-a-magyar-fizetes\\\/#organizationLogo\"},\"sameAs\":[\"https:\\\/\\\/www.facebook.com\\\/allasorias\",\"https:\\\/\\\/www.linkedin.com\\\/company\\\/allasorias\"]},{\"@type\":\"Person\",\"@id\":\"https:\\\/\\\/allasorias.hu\\\/hirek\\\/author\\\/admin-allasorias\\\/#author\",\"url\":\"https:\\\/\\\/allasorias.hu\\\/hirek\\\/author\\\/admin-allasorias\\\/\",\"name\":\"Juh\\u00e1sz P\\u00e9ter\",\"image\":{\"@type\":\"ImageObject\",\"@id\":\"https:\\\/\\\/allasorias.hu\\\/hirek\\\/mit-er-a-magyar-fizetes\\\/#authorImage\",\"url\":\"https:\\\/\\\/secure.gravatar.com\\\/avatar\\\/36e6bcb83148978b992977cb0f54d22feb0cce8a0a849a9410532bb2623ba4c6?s=96&d=mm&r=g\",\"width\":96,\"height\":96,\"caption\":\"Juh\\u00e1sz P\\u00e9ter\"}},{\"@type\":\"WebPage\",\"@id\":\"https:\\\/\\\/allasorias.hu\\\/hirek\\\/mit-er-a-magyar-fizetes\\\/#webpage\",\"url\":\"https:\\\/\\\/allasorias.hu\\\/hirek\\\/mit-er-a-magyar-fizetes\\\/\",\"name\":\"Mit \\u00e9r a magyar fizet\\u00e9s? | AllasOrias.hu | H\\u00edrek-lapszemle\",\"description\":\"A jelenlegi fizet\\u00e9sek \\u00e9s a magas \\u00e1fakulcs miatt a v\\u00e1s\\u00e1rl\\u00f3k nem tudnak t\\u00f6bb p\\u00e9nzt elk\\u00f6lteni a boltokban.\",\"inLanguage\":\"hu-HU\",\"isPartOf\":{\"@id\":\"https:\\\/\\\/allasorias.hu\\\/hirek\\\/#website\"},\"breadcrumb\":{\"@id\":\"https:\\\/\\\/allasorias.hu\\\/hirek\\\/mit-er-a-magyar-fizetes\\\/#breadcrumblist\"},\"author\":{\"@id\":\"https:\\\/\\\/allasorias.hu\\\/hirek\\\/author\\\/admin-allasorias\\\/#author\"},\"creator\":{\"@id\":\"https:\\\/\\\/allasorias.hu\\\/hirek\\\/author\\\/admin-allasorias\\\/#author\"},\"image\":{\"@type\":\"ImageObject\",\"url\":\"https:\\\/\\\/allasorias.hu\\\/hirek\\\/wp-content\\\/uploads\\\/2024\\\/05\\\/magyar-fizetes.jpg\",\"@id\":\"https:\\\/\\\/allasorias.hu\\\/hirek\\\/mit-er-a-magyar-fizetes\\\/#mainImage\",\"width\":1280,\"height\":854,\"caption\":\"Mit \\u00e9r a magyar fizet\\u00e9s?  - Allasorias.hu\\\/Hirek\"},\"primaryImageOfPage\":{\"@id\":\"https:\\\/\\\/allasorias.hu\\\/hirek\\\/mit-er-a-magyar-fizetes\\\/#mainImage\"},\"datePublished\":\"2024-05-10T11:08:23+02:00\",\"dateModified\":\"2024-05-10T11:08:23+02:00\"},{\"@type\":\"WebSite\",\"@id\":\"https:\\\/\\\/allasorias.hu\\\/hirek\\\/#website\",\"url\":\"https:\\\/\\\/allasorias.hu\\\/hirek\\\/\",\"name\":\"AllasOrias.hu | H\\u00edrek-lapszemle\",\"description\":\"\\u00dczleti h\\u00edrek az \\u00e1ll\\u00e1s \\u00e9s a munka vil\\u00e1g\\u00e1b\\u00f3l\",\"inLanguage\":\"hu-HU\",\"publisher\":{\"@id\":\"https:\\\/\\\/allasorias.hu\\\/hirek\\\/#organization\"}}]}\n\t\t<\/script>\n\t\t<!-- All in One SEO -->\n\n","aioseo_head_json":{"title":"Mit \u00e9r a magyar fizet\u00e9s? | AllasOrias.hu | H\u00edrek-lapszemle","description":"A jelenlegi fizet\u00e9sek \u00e9s a magas \u00e1fakulcs miatt a v\u00e1s\u00e1rl\u00f3k nem tudnak t\u00f6bb p\u00e9nzt elk\u00f6lteni a boltokban.","canonical_url":"https:\/\/allasorias.hu\/hirek\/mit-er-a-magyar-fizetes\/","robots":"max-image-preview:large","keywords":"","webmasterTools":{"miscellaneous":""},"schema":{"@context":"https:\/\/schema.org","@graph":[{"@type":"Article","@id":"https:\/\/allasorias.hu\/hirek\/mit-er-a-magyar-fizetes\/#article","name":"Mit \u00e9r a magyar fizet\u00e9s? | AllasOrias.hu | H\u00edrek-lapszemle","headline":"Mit \u00e9r a magyar fizet\u00e9s?","author":{"@id":"https:\/\/allasorias.hu\/hirek\/author\/admin-allasorias\/#author"},"publisher":{"@id":"https:\/\/allasorias.hu\/hirek\/#organization"},"image":{"@type":"ImageObject","url":"https:\/\/allasorias.hu\/hirek\/wp-content\/uploads\/2024\/05\/magyar-fizetes.jpg","width":1280,"height":854,"caption":"Mit \u00e9r a magyar fizet\u00e9s?  - Allasorias.hu\/Hirek"},"datePublished":"2024-05-10T11:08:23+02:00","dateModified":"2024-05-10T11:08:23+02:00","inLanguage":"hu-HU","mainEntityOfPage":{"@id":"https:\/\/allasorias.hu\/hirek\/mit-er-a-magyar-fizetes\/#webpage"},"isPartOf":{"@id":"https:\/\/allasorias.hu\/hirek\/mit-er-a-magyar-fizetes\/#webpage"},"articleSection":"Gazdas\u00e1g"},{"@type":"BreadcrumbList","@id":"https:\/\/allasorias.hu\/hirek\/mit-er-a-magyar-fizetes\/#breadcrumblist","itemListElement":[{"@type":"ListItem","@id":"https:\/\/allasorias.hu\/hirek#listItem","position":1,"name":"Home","item":"https:\/\/allasorias.hu\/hirek","nextItem":{"@type":"ListItem","@id":"https:\/\/allasorias.hu\/hirek\/temak\/gazdasag\/#listItem","name":"Gazdas\u00e1g"}},{"@type":"ListItem","@id":"https:\/\/allasorias.hu\/hirek\/temak\/gazdasag\/#listItem","position":2,"name":"Gazdas\u00e1g","item":"https:\/\/allasorias.hu\/hirek\/temak\/gazdasag\/","nextItem":{"@type":"ListItem","@id":"https:\/\/allasorias.hu\/hirek\/mit-er-a-magyar-fizetes\/#listItem","name":"Mit \u00e9r a magyar fizet\u00e9s?"},"previousItem":{"@type":"ListItem","@id":"https:\/\/allasorias.hu\/hirek#listItem","name":"Home"}},{"@type":"ListItem","@id":"https:\/\/allasorias.hu\/hirek\/mit-er-a-magyar-fizetes\/#listItem","position":3,"name":"Mit \u00e9r a magyar fizet\u00e9s?","previousItem":{"@type":"ListItem","@id":"https:\/\/allasorias.hu\/hirek\/temak\/gazdasag\/#listItem","name":"Gazdas\u00e1g"}}]},{"@type":"Organization","@id":"https:\/\/allasorias.hu\/hirek\/#organization","name":"AllasOrias.hu | H\u00edrek-lapszemle","description":"\u00dczleti h\u00edrek az \u00e1ll\u00e1s \u00e9s a munka vil\u00e1g\u00e1b\u00f3l","url":"https:\/\/allasorias.hu\/hirek\/","logo":{"@type":"ImageObject","url":"https:\/\/allasorias.hu\/hirek\/wp-content\/uploads\/2022\/10\/allasorias_site_facebok_logo.png","@id":"https:\/\/allasorias.hu\/hirek\/mit-er-a-magyar-fizetes\/#organizationLogo"},"image":{"@id":"https:\/\/allasorias.hu\/hirek\/mit-er-a-magyar-fizetes\/#organizationLogo"},"sameAs":["https:\/\/www.facebook.com\/allasorias","https:\/\/www.linkedin.com\/company\/allasorias"]},{"@type":"Person","@id":"https:\/\/allasorias.hu\/hirek\/author\/admin-allasorias\/#author","url":"https:\/\/allasorias.hu\/hirek\/author\/admin-allasorias\/","name":"Juh\u00e1sz P\u00e9ter","image":{"@type":"ImageObject","@id":"https:\/\/allasorias.hu\/hirek\/mit-er-a-magyar-fizetes\/#authorImage","url":"https:\/\/secure.gravatar.com\/avatar\/36e6bcb83148978b992977cb0f54d22feb0cce8a0a849a9410532bb2623ba4c6?s=96&d=mm&r=g","width":96,"height":96,"caption":"Juh\u00e1sz P\u00e9ter"}},{"@type":"WebPage","@id":"https:\/\/allasorias.hu\/hirek\/mit-er-a-magyar-fizetes\/#webpage","url":"https:\/\/allasorias.hu\/hirek\/mit-er-a-magyar-fizetes\/","name":"Mit \u00e9r a magyar fizet\u00e9s? | AllasOrias.hu | H\u00edrek-lapszemle","description":"A jelenlegi fizet\u00e9sek \u00e9s a magas \u00e1fakulcs miatt a v\u00e1s\u00e1rl\u00f3k nem tudnak t\u00f6bb p\u00e9nzt elk\u00f6lteni a boltokban.","inLanguage":"hu-HU","isPartOf":{"@id":"https:\/\/allasorias.hu\/hirek\/#website"},"breadcrumb":{"@id":"https:\/\/allasorias.hu\/hirek\/mit-er-a-magyar-fizetes\/#breadcrumblist"},"author":{"@id":"https:\/\/allasorias.hu\/hirek\/author\/admin-allasorias\/#author"},"creator":{"@id":"https:\/\/allasorias.hu\/hirek\/author\/admin-allasorias\/#author"},"image":{"@type":"ImageObject","url":"https:\/\/allasorias.hu\/hirek\/wp-content\/uploads\/2024\/05\/magyar-fizetes.jpg","@id":"https:\/\/allasorias.hu\/hirek\/mit-er-a-magyar-fizetes\/#mainImage","width":1280,"height":854,"caption":"Mit \u00e9r a magyar fizet\u00e9s?  - Allasorias.hu\/Hirek"},"primaryImageOfPage":{"@id":"https:\/\/allasorias.hu\/hirek\/mit-er-a-magyar-fizetes\/#mainImage"},"datePublished":"2024-05-10T11:08:23+02:00","dateModified":"2024-05-10T11:08:23+02:00"},{"@type":"WebSite","@id":"https:\/\/allasorias.hu\/hirek\/#website","url":"https:\/\/allasorias.hu\/hirek\/","name":"AllasOrias.hu | H\u00edrek-lapszemle","description":"\u00dczleti h\u00edrek az \u00e1ll\u00e1s \u00e9s a munka vil\u00e1g\u00e1b\u00f3l","inLanguage":"hu-HU","publisher":{"@id":"https:\/\/allasorias.hu\/hirek\/#organization"}}]},"og:locale":"hu_HU","og:site_name":"AllasOrias.hu | H\u00edrek-lapszemle | \u00dczleti h\u00edrek az \u00e1ll\u00e1s \u00e9s a munka vil\u00e1g\u00e1b\u00f3l","og:type":"article","og:title":"Mit \u00e9r a magyar fizet\u00e9s? | AllasOrias.hu | H\u00edrek-lapszemle","og:description":"A jelenlegi fizet\u00e9sek \u00e9s a magas \u00e1fakulcs miatt a v\u00e1s\u00e1rl\u00f3k nem tudnak t\u00f6bb p\u00e9nzt elk\u00f6lteni a boltokban.","og:url":"https:\/\/allasorias.hu\/hirek\/mit-er-a-magyar-fizetes\/","og:image":"https:\/\/allasorias.hu\/hirek\/wp-content\/uploads\/2024\/05\/magyar-fizetes.jpg","og:image:secure_url":"https:\/\/allasorias.hu\/hirek\/wp-content\/uploads\/2024\/05\/magyar-fizetes.jpg","og:image:width":1280,"og:image:height":854,"article:published_time":"2024-05-10T09:08:23+00:00","article:modified_time":"2024-05-10T09:08:23+00:00","article:publisher":"https:\/\/www.facebook.com\/allasorias","twitter:card":"summary_large_image","twitter:title":"Mit \u00e9r a magyar fizet\u00e9s? | AllasOrias.hu | H\u00edrek-lapszemle","twitter:description":"A jelenlegi fizet\u00e9sek \u00e9s a magas \u00e1fakulcs miatt a v\u00e1s\u00e1rl\u00f3k nem tudnak t\u00f6bb p\u00e9nzt elk\u00f6lteni a boltokban.","twitter:image":"https:\/\/allasorias.hu\/hirek\/wp-content\/uploads\/2024\/05\/magyar-fizetes.jpg","twitter:label1":"Written by","twitter:data1":"Juh\u00e1sz P\u00e9ter","twitter:label2":"Est. reading time","twitter:data2":"2 minutes"},"aioseo_meta_data":{"post_id":"7580","title":null,"description":"A jelenlegi fizet\u00e9sek \u00e9s a magas \u00e1fakulcs miatt a v\u00e1s\u00e1rl\u00f3k nem tudnak t\u00f6bb p\u00e9nzt elk\u00f6lteni a boltokban.","keywords":[],"keyphrases":{"focus":{"keyphrase":"","score":0,"analysis":{"keyphraseInTitle":{"score":0,"maxScore":9,"error":1}}},"additional":[]},"primary_term":null,"canonical_url":null,"og_title":null,"og_description":null,"og_object_type":"default","og_image_type":"default","og_image_url":null,"og_image_width":null,"og_image_height":null,"og_image_custom_url":null,"og_image_custom_fields":null,"og_video":"","og_custom_url":null,"og_article_section":null,"og_article_tags":[],"twitter_use_og":true,"twitter_card":"default","twitter_image_type":"default","twitter_image_url":null,"twitter_image_custom_url":null,"twitter_image_custom_fields":null,"twitter_title":null,"twitter_description":null,"schema":{"blockGraphs":[],"customGraphs":[],"default":{"data":{"Article":[],"Course":[],"Dataset":[],"FAQPage":[],"Movie":[],"Person":[],"Product":[],"ProductReview":[],"Car":[],"Recipe":[],"Service":[],"SoftwareApplication":[],"WebPage":[]},"graphName":"Article","isEnabled":true},"graphs":[]},"schema_type":"default","schema_type_options":null,"pillar_content":false,"robots_default":true,"robots_noindex":false,"robots_noarchive":false,"robots_nosnippet":false,"robots_nofollow":false,"robots_noimageindex":false,"robots_noodp":false,"robots_notranslate":false,"robots_max_snippet":"-1","robots_max_videopreview":"-1","robots_max_imagepreview":"large","priority":null,"frequency":"default","location":null,"local_seo":null,"breadcrumb_settings":null,"limit_modified_date":false,"ai":null,"created":"2024-05-10 08:54:01","updated":"2025-10-02 19:54:08","seo_analyzer_scan_date":null,"focus_keyword":null,"additional_keywords":null,"truseo_locale":null},"aioseo_breadcrumb":"<div class=\"aioseo-breadcrumbs\"><span class=\"aioseo-breadcrumb\">\n\t\t\t<a href=\"https:\/\/allasorias.hu\/hirek\" title=\"Home\">Home<\/a>\n\t\t<\/span><span class=\"aioseo-breadcrumb-separator\">&raquo;<\/span><span class=\"aioseo-breadcrumb\">\n\t\t\t<a href=\"https:\/\/allasorias.hu\/hirek\/temak\/gazdasag\/\" title=\"Gazdas\u00e1g\">Gazdas\u00e1g<\/a>\n\t\t<\/span><span class=\"aioseo-breadcrumb-separator\">&raquo;<\/span><span class=\"aioseo-breadcrumb\">\n\t\t\tMit \u00e9r a magyar fizet\u00e9s?\n\t\t<\/span><\/div>","aioseo_breadcrumb_json":[{"label":"Home","link":"https:\/\/allasorias.hu\/hirek"},{"label":"Gazdas\u00e1g","link":"https:\/\/allasorias.hu\/hirek\/temak\/gazdasag\/"},{"label":"Mit \u00e9r a magyar fizet\u00e9s?","link":"https:\/\/allasorias.hu\/hirek\/mit-er-a-magyar-fizetes\/"}],"_links":{"self":[{"href":"https:\/\/allasorias.hu\/hirek\/wp-json\/wp\/v2\/posts\/7580","targetHints":{"allow":["GET"]}}],"collection":[{"href":"https:\/\/allasorias.hu\/hirek\/wp-json\/wp\/v2\/posts"}],"about":[{"href":"https:\/\/allasorias.hu\/hirek\/wp-json\/wp\/v2\/types\/post"}],"author":[{"embeddable":true,"href":"https:\/\/allasorias.hu\/hirek\/wp-json\/wp\/v2\/users\/1"}],"replies":[{"embeddable":true,"href":"https:\/\/allasorias.hu\/hirek\/wp-json\/wp\/v2\/comments?post=7580"}],"version-history":[{"count":1,"href":"https:\/\/allasorias.hu\/hirek\/wp-json\/wp\/v2\/posts\/7580\/revisions"}],"predecessor-version":[{"id":7582,"href":"https:\/\/allasorias.hu\/hirek\/wp-json\/wp\/v2\/posts\/7580\/revisions\/7582"}],"wp:featuredmedia":[{"embeddable":true,"href":"https:\/\/allasorias.hu\/hirek\/wp-json\/wp\/v2\/media\/7581"}],"wp:attachment":[{"href":"https:\/\/allasorias.hu\/hirek\/wp-json\/wp\/v2\/media?parent=7580"}],"wp:term":[{"taxonomy":"category","embeddable":true,"href":"https:\/\/allasorias.hu\/hirek\/wp-json\/wp\/v2\/categories?post=7580"},{"taxonomy":"post_tag","embeddable":true,"href":"https:\/\/allasorias.hu\/hirek\/wp-json\/wp\/v2\/tags?post=7580"}],"curies":[{"name":"wp","href":"https:\/\/api.w.org\/{rel}","templated":true}]}}