{"id":7567,"date":"2024-05-07T16:10:07","date_gmt":"2024-05-07T14:10:07","guid":{"rendered":"https:\/\/allasorias.hu\/hirek\/?p=7567"},"modified":"2025-05-09T14:28:05","modified_gmt":"2025-05-09T12:28:05","slug":"keves-kisgyermekes-anyat-foglalkoztatnak-hazankban","status":"publish","type":"post","link":"https:\/\/allasorias.hu\/hirek\/keves-kisgyermekes-anyat-foglalkoztatnak-hazankban\/","title":{"rendered":"Kev\u00e9s kisgyermekes any\u00e1t foglalkoztatnak haz\u00e1nkban"},"content":{"rendered":"<p><strong>A K\u00f6zponti Statisztikai Hivatal (KSH) adatai szerint az orsz\u00e1gban k\u00f6r\u00fclbel\u00fcl 300 ezer f\u0151nyi potenci\u00e1lis munkaer\u0151 \u00e1ll rendelkez\u00e9sre a kisgyermekes any\u00e1k k\u00f6z\u00f6tt, de foglalkoztat\u00e1suk ter\u00e9n nagy a lemarad\u00e1s &#8211; \u00edrja a Digital Hungary. A Jobtain munkaer\u0151-k\u00f6zvet\u00edt\u0151 c\u00e9g orsz\u00e1gos kutat\u00e1sa r\u00e1mutatott, hogy a n\u0151k k\u00f6r\u00e9ben a 25-49 \u00e9ves koroszt\u00e1lyban a h\u00e1rom vagy t\u00f6bbgyermekesek foglalkoztat\u00e1si r\u00e1t\u00e1ja ugyan 10 \u00e9v alatt 20 sz\u00e1zal\u00e9kkal n\u0151tt, azonban m\u00e9g mindig elmarad az ide\u00e1lis \u00e1llapotokt\u00f3l. Jelenleg csak 66 sz\u00e1zal\u00e9k dolgozik ebben a korcsoportban. <\/strong><\/p>\n<p>Ez az ar\u00e1ny alacsonynak sz\u00e1m\u00edt, f\u0151leg eur\u00f3pai \u00f6sszehasonl\u00edt\u00e1sban. Az egy vagy k\u00e9t gyermekes any\u00e1k munkaer\u0151piacra val\u00f3 visszat\u00e9r\u00e9se is sz\u00e1mos neh\u00e9zs\u00e9gbe \u00fctk\u00f6zik. A kutat\u00e1sban r\u00e9szt vev\u0151 HR-vezet\u0151k \u00e9s kisgyermekes any\u00e1k elmondt\u00e1k, hogy milyen tapasztalataik vannak a sz\u00fcl\u00e9si szabads\u00e1gr\u00f3l, a gyermekv\u00e1llal\u00e1s ut\u00e1ni munk\u00e1ba \u00e1ll\u00e1sr\u00f3l. A v\u00e1laszok r\u00e1mutattak, hogy a gyermekv\u00e1llal\u00e1sban \u00e9s sz\u00fcl\u00e9si szabads\u00e1gban a hazai v\u00e1llalatok \u00e1ltal\u00e1ban t\u00e1mogat\u00f3ak.<\/p>\n<h2>T\u00e1mogatj\u00e1k a sz\u00fcl\u00e9s el\u0151tt \u00e1ll\u00f3 any\u00e1kat<\/h2>\n<p>Az \u00e9desany\u00e1k nem tapasztalnak negat\u00edv reakci\u00f3kat a munkahely\u00fck\u00f6n, \u00e9s <a href=\"https:\/\/allasorias.hu\/hirek\/segitik-a-kisgyermekesek-munkaba-jutasat\/\">t\u00e1mogat\u00e1st kapnak a munk\u00e1ltat\u00f3t\u00f3l<\/a> az adminisztrat\u00edv \u00fcgyint\u00e9z\u00e9sben. S\u0151t, sok esetben k\u00f6z\u00f6sen k\u00e9sz\u00edtenek tervet a HR-oszt\u00e1llyal a munk\u00e1b\u00f3l val\u00f3 t\u00e1voz\u00e1s \u00fctemez\u00e9s\u00e9re. N\u00e9h\u00e1ny c\u00e9gn\u00e9l apr\u00f3bb aj\u00e1nd\u00e9kokkal vagy ak\u00e1r komolyabb \u00e9rt\u00e9k\u0171 babacsomagokkal is kedveskednek a v\u00e1rand\u00f3s any\u00e1knak. \u201eA c\u00e9gek HR vezet\u0151i is \u00fagy l\u00e1tj\u00e1k, hogy t\u00e1mogat\u00f3ak a sz\u00fcl\u00e9s el\u0151tt \u00e1ll\u00f3 any\u00e1kkal\u201d &#8211; mondta el Chapman-Varga Anna, a Jobtain \u201cAnya dolgozik!\u201d projektcsoportj\u00e1nak vezet\u0151je. &#8211; &#8222;<em>Fizikai munkak\u00f6r\u00f6kben &#8211; de sz\u00fcks\u00e9g eset\u00e9n szellemi poz\u00edci\u00f3ban is &#8211; eg\u00e9szs\u00e9g\u00fcgyi felm\u00e9r\u00e9s alapj\u00e1n javasolj\u00e1k a munk\u00e1ban val\u00f3 k\u00f6nny\u00edt\u00e9st, felment\u00e9st.<\/em>&#8221;<\/p>\n<p>A gondok azonban a sz\u00fcl\u00e9si szabads\u00e1g letelte ut\u00e1n jelentkeznek. A v\u00e1llalatok r\u00e9sz\u00e9r\u0151l \u00e1ltal\u00e1ban nem kapcsol\u00f3dik a sz\u00fcl\u00e9si szabads\u00e1gra menetelhez egy\u00e9b t\u00e1mogat\u00e1s az akad\u00e1lymentes\u00edtett adminisztr\u00e1ci\u00f3n k\u00edv\u00fcl. A c\u00e9gek nem tekintik priorit\u00e1snak a tov\u00e1bbi juttat\u00e1sok bevezet\u00e9s\u00e9t, csup\u00e1n egy sz\u00fcl\u00e9s ut\u00e1ni babacsomag aj\u00e1nd\u00e9koz\u00e1s\u00e1t l\u00e1tj\u00e1k megval\u00f3s\u00edthat\u00f3nak. Az \u00e9desany\u00e1k t\u00f6bbs\u00e9ge viszont \u00fagy v\u00e9li, hogy az \u00e1llami t\u00e1mogat\u00e1sok \u00f6sszege elszakadt a val\u00f3s\u00e1gt\u00f3l, nem k\u00f6vetik a gyermekgondoz\u00e1s k\u00f6lts\u00e9geinek emelked\u00e9s\u00e9t.<\/p>\n<h2>Els\u0151sorban anyagi megfontol\u00e1sb\u00f3l t\u00e9rnek vissza<\/h2>\n<p>A Jobtain kutat\u00e1sa r\u00e1vil\u00e1g\u00edt arra, hogy az any\u00e1k a gyermek\u00fck m\u00e1sodik \u00e9let\u00e9v\u00e9t k\u00f6vet\u0151en t\u00e9rnek vissza \u00e1ltal\u00e1ban a munkaer\u0151piacra, els\u0151sorban anyagi megfontol\u00e1sokb\u00f3l. A d\u00f6nt\u00e9st azonban befoly\u00e1solja a karrier \u00e9s a feln\u0151tt t\u00e1rsas\u00e1g hi\u00e1nya is. Sokan k\u00e9nyszerk\u00e9nt \u00e9lik meg a visszat\u00e9r\u00e9st, \u00e9s f\u00e9lnek att\u00f3l, hogy nem tudnak majd egyszerre megfelelni a munkahelyi elv\u00e1r\u00e1soknak \u00e9s a csal\u00e1di k\u00f6telezetts\u00e9geknek.<\/p>\n<p>A kor\u00e1bbi kutat\u00e1sok alapj\u00e1n a c\u00e9gek a kisgyermekes any\u00e1k munkaer\u0151piaci visszat\u00e9r\u00e9sekor ugyanazokat az elv\u00e1r\u00e1sokat t\u00e1masztj\u00e1k vel\u00fck szemben, mint a gyermekv\u00e1llal\u00e1s el\u0151tt. Ennek az elv\u00e1r\u00e1snak viszont szinte lehetetlen megfelelni, k\u00fcl\u00f6n\u00f6sen t\u00e1mogat\u00f3 csal\u00e1di h\u00e1tt\u00e9r hi\u00e1ny\u00e1ban vagy egyed\u00fcl\u00e1ll\u00f3 anyak\u00e9nt. A Jobtain kutat\u00e1sa is r\u00e1mutatott, hogy sok kisgyermekes anya pr\u00f3b\u00e1l munkahelyet v\u00e1ltani, mert a kor\u00e1bbi poz\u00edci\u00f3juk megsz\u0171nt, vagy nem tudj\u00e1k \u00f6sszehangolni a gyereknevel\u00e9st a munkaid\u0151vel.<\/p>\n<p>Forr\u00e1s: <a href=\"https:\/\/10perc.hu\/hir\/gazdasag\/2024\/05\/06\/magyar-cegek-lemaradnak-a-kisgyermekes-anyak-foglalkoztatasaban\" target=\"_blank\" rel=\"nofollow noopener noreferrer\">10perc.hu<\/a><\/p>\n","protected":false},"excerpt":{"rendered":"<p>A K\u00f6zponti Statisztikai Hivatal (KSH) adatai szerint az orsz\u00e1gban k\u00f6r\u00fclbel\u00fcl 300 ezer f\u0151nyi potenci\u00e1lis munkaer\u0151 \u00e1ll rendelkez\u00e9sre a kisgyermekes any\u00e1k k\u00f6z\u00f6tt, de foglalkoztat\u00e1suk ter\u00e9n nagy a lemarad\u00e1s &#8211; \u00edrja a Digital Hungary. A Jobtain munkaer\u0151-k\u00f6zvet\u00edt\u0151 c\u00e9g orsz\u00e1gos kutat\u00e1sa r\u00e1mutatott, hogy a n\u0151k k\u00f6r\u00e9ben a 25-49 \u00e9ves koroszt\u00e1lyban a h\u00e1rom vagy t\u00f6bbgyermekesek foglalkoztat\u00e1si r\u00e1t\u00e1ja ugyan 10 [&hellip;]<\/p>\n","protected":false},"author":1,"featured_media":7568,"comment_status":"closed","ping_status":"closed","sticky":false,"template":"","format":"standard","meta":{"_monsterinsights_skip_tracking":false,"footnotes":""},"categories":[200],"tags":[363,753],"class_list":["post-7567","post","type-post","status-publish","format-standard","has-post-thumbnail","hentry","category-munkaeropiac","tag-kisgyermekes-anyak","tag-szulesi-szabadsag"],"aioseo_notices":[],"aioseo_head":"\n\t\t<!-- All in One SEO 5.0.0.1 - aioseo.com -->\n\t<meta name=\"description\" content=\"A K\u00f6zponti Statisztikai Hivatal (KSH) adatai szerint az orsz\u00e1gban k\u00f6r\u00fclbel\u00fcl 300 ezer f\u0151nyi potenci\u00e1lis munkaer\u0151 \u00e1ll rendelkez\u00e9sre a kisgyermekes any\u00e1k k\u00f6z\u00f6tt.\" \/>\n\t<meta name=\"robots\" content=\"max-image-preview:large\" \/>\n\t<meta name=\"author\" content=\"Juh\u00e1sz P\u00e9ter\"\/>\n\t<meta name=\"keywords\" content=\"kisgyermekes any\u00e1k,sz\u00fcl\u00e9si szabads\u00e1g\" \/>\n\t<link rel=\"canonical\" href=\"https:\/\/allasorias.hu\/hirek\/keves-kisgyermekes-anyat-foglalkoztatnak-hazankban\/\" \/>\n\t<meta name=\"generator\" content=\"All in One SEO (AIOSEO) 5.0.0.1\" \/>\n\t\t<meta property=\"og:locale\" content=\"hu_HU\" \/>\n\t\t<meta property=\"og:site_name\" content=\"AllasOrias.hu | H\u00edrek-lapszemle | \u00dczleti h\u00edrek az \u00e1ll\u00e1s \u00e9s a munka vil\u00e1g\u00e1b\u00f3l\" \/>\n\t\t<meta property=\"og:type\" content=\"article\" \/>\n\t\t<meta property=\"og:title\" content=\"Kisgyermekes any\u00e1k foglalkoztat\u00e1sa alacsony\" \/>\n\t\t<meta property=\"og:description\" content=\"A K\u00f6zponti Statisztikai Hivatal (KSH) adatai szerint az orsz\u00e1gban k\u00f6r\u00fclbel\u00fcl 300 ezer f\u0151nyi potenci\u00e1lis munkaer\u0151 \u00e1ll rendelkez\u00e9sre a kisgyermekes any\u00e1k k\u00f6z\u00f6tt.\" \/>\n\t\t<meta property=\"og:url\" content=\"https:\/\/allasorias.hu\/hirek\/keves-kisgyermekes-anyat-foglalkoztatnak-hazankban\/\" \/>\n\t\t<meta property=\"og:image\" content=\"https:\/\/allasorias.hu\/hirek\/wp-content\/uploads\/2024\/05\/kisgyermekes-anyak-foglalkoztatasa.jpg\" \/>\n\t\t<meta property=\"og:image:secure_url\" content=\"https:\/\/allasorias.hu\/hirek\/wp-content\/uploads\/2024\/05\/kisgyermekes-anyak-foglalkoztatasa.jpg\" \/>\n\t\t<meta property=\"og:image:width\" content=\"1280\" \/>\n\t\t<meta property=\"og:image:height\" content=\"853\" \/>\n\t\t<meta property=\"article:published_time\" content=\"2024-05-07T14:10:07+00:00\" \/>\n\t\t<meta property=\"article:modified_time\" content=\"2025-05-09T12:28:05+00:00\" \/>\n\t\t<meta property=\"article:publisher\" content=\"https:\/\/www.facebook.com\/allasorias\" \/>\n\t\t<meta name=\"twitter:card\" content=\"summary_large_image\" \/>\n\t\t<meta name=\"twitter:title\" content=\"Kisgyermekes any\u00e1k foglalkoztat\u00e1sa alacsony\" \/>\n\t\t<meta name=\"twitter:description\" content=\"A K\u00f6zponti Statisztikai Hivatal (KSH) adatai szerint az orsz\u00e1gban k\u00f6r\u00fclbel\u00fcl 300 ezer f\u0151nyi potenci\u00e1lis munkaer\u0151 \u00e1ll rendelkez\u00e9sre a kisgyermekes any\u00e1k k\u00f6z\u00f6tt.\" \/>\n\t\t<meta name=\"twitter:image\" content=\"https:\/\/allasorias.hu\/hirek\/wp-content\/uploads\/2024\/05\/kisgyermekes-anyak-foglalkoztatasa.jpg\" \/>\n\t\t<meta name=\"twitter:label1\" content=\"Written by\" \/>\n\t\t<meta name=\"twitter:data1\" content=\"Juh\u00e1sz P\u00e9ter\" \/>\n\t\t<meta name=\"twitter:label2\" content=\"Est. reading time\" \/>\n\t\t<meta name=\"twitter:data2\" content=\"3 minutes\" \/>\n\t\t<script type=\"application\/ld+json\" class=\"aioseo-schema\">\n\t\t\t{\"@context\":\"https:\\\/\\\/schema.org\",\"@graph\":[{\"@type\":\"Article\",\"@id\":\"https:\\\/\\\/allasorias.hu\\\/hirek\\\/keves-kisgyermekes-anyat-foglalkoztatnak-hazankban\\\/#article\",\"name\":\"Kisgyermekes any\\u00e1k foglalkoztat\\u00e1sa alacsony\",\"headline\":\"Kev\\u00e9s kisgyermekes any\\u00e1t foglalkoztatnak haz\\u00e1nkban\",\"author\":{\"@id\":\"https:\\\/\\\/allasorias.hu\\\/hirek\\\/author\\\/admin-allasorias\\\/#author\"},\"publisher\":{\"@id\":\"https:\\\/\\\/allasorias.hu\\\/hirek\\\/#organization\"},\"image\":{\"@type\":\"ImageObject\",\"url\":\"https:\\\/\\\/allasorias.hu\\\/hirek\\\/wp-content\\\/uploads\\\/2024\\\/05\\\/kisgyermekes-anyak-foglalkoztatasa.jpg\",\"width\":1280,\"height\":853,\"caption\":\"Kev\\u00e9s kisgyermekes any\\u00e1t foglalkoztatnak haz\\u00e1nkban - Allasorias.hu\\\/Hirek\"},\"datePublished\":\"2024-05-07T16:10:07+02:00\",\"dateModified\":\"2025-05-09T14:28:05+02:00\",\"inLanguage\":\"hu-HU\",\"mainEntityOfPage\":{\"@id\":\"https:\\\/\\\/allasorias.hu\\\/hirek\\\/keves-kisgyermekes-anyat-foglalkoztatnak-hazankban\\\/#webpage\"},\"isPartOf\":{\"@id\":\"https:\\\/\\\/allasorias.hu\\\/hirek\\\/keves-kisgyermekes-anyat-foglalkoztatnak-hazankban\\\/#webpage\"},\"articleSection\":\"Munkaer\\u0151piac, kisgyermekes any\\u00e1k, sz\\u00fcl\\u00e9si szabads\\u00e1g\"},{\"@type\":\"BreadcrumbList\",\"@id\":\"https:\\\/\\\/allasorias.hu\\\/hirek\\\/keves-kisgyermekes-anyat-foglalkoztatnak-hazankban\\\/#breadcrumblist\",\"itemListElement\":[{\"@type\":\"ListItem\",\"@id\":\"https:\\\/\\\/allasorias.hu\\\/hirek#listItem\",\"position\":1,\"name\":\"Home\",\"item\":\"https:\\\/\\\/allasorias.hu\\\/hirek\",\"nextItem\":{\"@type\":\"ListItem\",\"@id\":\"https:\\\/\\\/allasorias.hu\\\/hirek\\\/temak\\\/munkaeropiac\\\/#listItem\",\"name\":\"Munkaer\\u0151piac\"}},{\"@type\":\"ListItem\",\"@id\":\"https:\\\/\\\/allasorias.hu\\\/hirek\\\/temak\\\/munkaeropiac\\\/#listItem\",\"position\":2,\"name\":\"Munkaer\\u0151piac\",\"item\":\"https:\\\/\\\/allasorias.hu\\\/hirek\\\/temak\\\/munkaeropiac\\\/\",\"nextItem\":{\"@type\":\"ListItem\",\"@id\":\"https:\\\/\\\/allasorias.hu\\\/hirek\\\/keves-kisgyermekes-anyat-foglalkoztatnak-hazankban\\\/#listItem\",\"name\":\"Kev\\u00e9s kisgyermekes any\\u00e1t foglalkoztatnak haz\\u00e1nkban\"},\"previousItem\":{\"@type\":\"ListItem\",\"@id\":\"https:\\\/\\\/allasorias.hu\\\/hirek#listItem\",\"name\":\"Home\"}},{\"@type\":\"ListItem\",\"@id\":\"https:\\\/\\\/allasorias.hu\\\/hirek\\\/keves-kisgyermekes-anyat-foglalkoztatnak-hazankban\\\/#listItem\",\"position\":3,\"name\":\"Kev\\u00e9s kisgyermekes any\\u00e1t foglalkoztatnak haz\\u00e1nkban\",\"previousItem\":{\"@type\":\"ListItem\",\"@id\":\"https:\\\/\\\/allasorias.hu\\\/hirek\\\/temak\\\/munkaeropiac\\\/#listItem\",\"name\":\"Munkaer\\u0151piac\"}}]},{\"@type\":\"Organization\",\"@id\":\"https:\\\/\\\/allasorias.hu\\\/hirek\\\/#organization\",\"name\":\"AllasOrias.hu | H\\u00edrek-lapszemle\",\"description\":\"\\u00dczleti h\\u00edrek az \\u00e1ll\\u00e1s \\u00e9s a munka vil\\u00e1g\\u00e1b\\u00f3l\",\"url\":\"https:\\\/\\\/allasorias.hu\\\/hirek\\\/\",\"logo\":{\"@type\":\"ImageObject\",\"url\":\"https:\\\/\\\/allasorias.hu\\\/hirek\\\/wp-content\\\/uploads\\\/2022\\\/10\\\/allasorias_site_facebok_logo.png\",\"@id\":\"https:\\\/\\\/allasorias.hu\\\/hirek\\\/keves-kisgyermekes-anyat-foglalkoztatnak-hazankban\\\/#organizationLogo\"},\"image\":{\"@id\":\"https:\\\/\\\/allasorias.hu\\\/hirek\\\/keves-kisgyermekes-anyat-foglalkoztatnak-hazankban\\\/#organizationLogo\"},\"sameAs\":[\"https:\\\/\\\/www.facebook.com\\\/allasorias\",\"https:\\\/\\\/www.linkedin.com\\\/company\\\/allasorias\"]},{\"@type\":\"Person\",\"@id\":\"https:\\\/\\\/allasorias.hu\\\/hirek\\\/author\\\/admin-allasorias\\\/#author\",\"url\":\"https:\\\/\\\/allasorias.hu\\\/hirek\\\/author\\\/admin-allasorias\\\/\",\"name\":\"Juh\\u00e1sz P\\u00e9ter\",\"image\":{\"@type\":\"ImageObject\",\"@id\":\"https:\\\/\\\/allasorias.hu\\\/hirek\\\/keves-kisgyermekes-anyat-foglalkoztatnak-hazankban\\\/#authorImage\",\"url\":\"https:\\\/\\\/secure.gravatar.com\\\/avatar\\\/36e6bcb83148978b992977cb0f54d22feb0cce8a0a849a9410532bb2623ba4c6?s=96&d=mm&r=g\",\"width\":96,\"height\":96,\"caption\":\"Juh\\u00e1sz P\\u00e9ter\"}},{\"@type\":\"WebPage\",\"@id\":\"https:\\\/\\\/allasorias.hu\\\/hirek\\\/keves-kisgyermekes-anyat-foglalkoztatnak-hazankban\\\/#webpage\",\"url\":\"https:\\\/\\\/allasorias.hu\\\/hirek\\\/keves-kisgyermekes-anyat-foglalkoztatnak-hazankban\\\/\",\"name\":\"Kisgyermekes any\\u00e1k foglalkoztat\\u00e1sa alacsony\",\"description\":\"A K\\u00f6zponti Statisztikai Hivatal (KSH) adatai szerint az orsz\\u00e1gban k\\u00f6r\\u00fclbel\\u00fcl 300 ezer f\\u0151nyi potenci\\u00e1lis munkaer\\u0151 \\u00e1ll rendelkez\\u00e9sre a kisgyermekes any\\u00e1k k\\u00f6z\\u00f6tt.\",\"inLanguage\":\"hu-HU\",\"isPartOf\":{\"@id\":\"https:\\\/\\\/allasorias.hu\\\/hirek\\\/#website\"},\"breadcrumb\":{\"@id\":\"https:\\\/\\\/allasorias.hu\\\/hirek\\\/keves-kisgyermekes-anyat-foglalkoztatnak-hazankban\\\/#breadcrumblist\"},\"author\":{\"@id\":\"https:\\\/\\\/allasorias.hu\\\/hirek\\\/author\\\/admin-allasorias\\\/#author\"},\"creator\":{\"@id\":\"https:\\\/\\\/allasorias.hu\\\/hirek\\\/author\\\/admin-allasorias\\\/#author\"},\"image\":{\"@type\":\"ImageObject\",\"url\":\"https:\\\/\\\/allasorias.hu\\\/hirek\\\/wp-content\\\/uploads\\\/2024\\\/05\\\/kisgyermekes-anyak-foglalkoztatasa.jpg\",\"@id\":\"https:\\\/\\\/allasorias.hu\\\/hirek\\\/keves-kisgyermekes-anyat-foglalkoztatnak-hazankban\\\/#mainImage\",\"width\":1280,\"height\":853,\"caption\":\"Kev\\u00e9s kisgyermekes any\\u00e1t foglalkoztatnak haz\\u00e1nkban - Allasorias.hu\\\/Hirek\"},\"primaryImageOfPage\":{\"@id\":\"https:\\\/\\\/allasorias.hu\\\/hirek\\\/keves-kisgyermekes-anyat-foglalkoztatnak-hazankban\\\/#mainImage\"},\"datePublished\":\"2024-05-07T16:10:07+02:00\",\"dateModified\":\"2025-05-09T14:28:05+02:00\"},{\"@type\":\"WebSite\",\"@id\":\"https:\\\/\\\/allasorias.hu\\\/hirek\\\/#website\",\"url\":\"https:\\\/\\\/allasorias.hu\\\/hirek\\\/\",\"name\":\"AllasOrias.hu | H\\u00edrek-lapszemle\",\"description\":\"\\u00dczleti h\\u00edrek az \\u00e1ll\\u00e1s \\u00e9s a munka vil\\u00e1g\\u00e1b\\u00f3l\",\"inLanguage\":\"hu-HU\",\"publisher\":{\"@id\":\"https:\\\/\\\/allasorias.hu\\\/hirek\\\/#organization\"}}]}\n\t\t<\/script>\n\t\t<!-- All in One SEO -->\n\n","aioseo_head_json":{"title":"Kisgyermekes any\u00e1k foglalkoztat\u00e1sa alacsony","description":"A K\u00f6zponti Statisztikai Hivatal (KSH) adatai szerint az orsz\u00e1gban k\u00f6r\u00fclbel\u00fcl 300 ezer f\u0151nyi potenci\u00e1lis munkaer\u0151 \u00e1ll rendelkez\u00e9sre a kisgyermekes any\u00e1k k\u00f6z\u00f6tt.","canonical_url":"https:\/\/allasorias.hu\/hirek\/keves-kisgyermekes-anyat-foglalkoztatnak-hazankban\/","robots":"max-image-preview:large","keywords":"kisgyermekes any\u00e1k,sz\u00fcl\u00e9si szabads\u00e1g","webmasterTools":{"miscellaneous":""},"schema":{"@context":"https:\/\/schema.org","@graph":[{"@type":"Article","@id":"https:\/\/allasorias.hu\/hirek\/keves-kisgyermekes-anyat-foglalkoztatnak-hazankban\/#article","name":"Kisgyermekes any\u00e1k foglalkoztat\u00e1sa alacsony","headline":"Kev\u00e9s kisgyermekes any\u00e1t foglalkoztatnak haz\u00e1nkban","author":{"@id":"https:\/\/allasorias.hu\/hirek\/author\/admin-allasorias\/#author"},"publisher":{"@id":"https:\/\/allasorias.hu\/hirek\/#organization"},"image":{"@type":"ImageObject","url":"https:\/\/allasorias.hu\/hirek\/wp-content\/uploads\/2024\/05\/kisgyermekes-anyak-foglalkoztatasa.jpg","width":1280,"height":853,"caption":"Kev\u00e9s kisgyermekes any\u00e1t foglalkoztatnak haz\u00e1nkban - Allasorias.hu\/Hirek"},"datePublished":"2024-05-07T16:10:07+02:00","dateModified":"2025-05-09T14:28:05+02:00","inLanguage":"hu-HU","mainEntityOfPage":{"@id":"https:\/\/allasorias.hu\/hirek\/keves-kisgyermekes-anyat-foglalkoztatnak-hazankban\/#webpage"},"isPartOf":{"@id":"https:\/\/allasorias.hu\/hirek\/keves-kisgyermekes-anyat-foglalkoztatnak-hazankban\/#webpage"},"articleSection":"Munkaer\u0151piac, kisgyermekes any\u00e1k, sz\u00fcl\u00e9si szabads\u00e1g"},{"@type":"BreadcrumbList","@id":"https:\/\/allasorias.hu\/hirek\/keves-kisgyermekes-anyat-foglalkoztatnak-hazankban\/#breadcrumblist","itemListElement":[{"@type":"ListItem","@id":"https:\/\/allasorias.hu\/hirek#listItem","position":1,"name":"Home","item":"https:\/\/allasorias.hu\/hirek","nextItem":{"@type":"ListItem","@id":"https:\/\/allasorias.hu\/hirek\/temak\/munkaeropiac\/#listItem","name":"Munkaer\u0151piac"}},{"@type":"ListItem","@id":"https:\/\/allasorias.hu\/hirek\/temak\/munkaeropiac\/#listItem","position":2,"name":"Munkaer\u0151piac","item":"https:\/\/allasorias.hu\/hirek\/temak\/munkaeropiac\/","nextItem":{"@type":"ListItem","@id":"https:\/\/allasorias.hu\/hirek\/keves-kisgyermekes-anyat-foglalkoztatnak-hazankban\/#listItem","name":"Kev\u00e9s kisgyermekes any\u00e1t foglalkoztatnak haz\u00e1nkban"},"previousItem":{"@type":"ListItem","@id":"https:\/\/allasorias.hu\/hirek#listItem","name":"Home"}},{"@type":"ListItem","@id":"https:\/\/allasorias.hu\/hirek\/keves-kisgyermekes-anyat-foglalkoztatnak-hazankban\/#listItem","position":3,"name":"Kev\u00e9s kisgyermekes any\u00e1t foglalkoztatnak haz\u00e1nkban","previousItem":{"@type":"ListItem","@id":"https:\/\/allasorias.hu\/hirek\/temak\/munkaeropiac\/#listItem","name":"Munkaer\u0151piac"}}]},{"@type":"Organization","@id":"https:\/\/allasorias.hu\/hirek\/#organization","name":"AllasOrias.hu | H\u00edrek-lapszemle","description":"\u00dczleti h\u00edrek az \u00e1ll\u00e1s \u00e9s a munka vil\u00e1g\u00e1b\u00f3l","url":"https:\/\/allasorias.hu\/hirek\/","logo":{"@type":"ImageObject","url":"https:\/\/allasorias.hu\/hirek\/wp-content\/uploads\/2022\/10\/allasorias_site_facebok_logo.png","@id":"https:\/\/allasorias.hu\/hirek\/keves-kisgyermekes-anyat-foglalkoztatnak-hazankban\/#organizationLogo"},"image":{"@id":"https:\/\/allasorias.hu\/hirek\/keves-kisgyermekes-anyat-foglalkoztatnak-hazankban\/#organizationLogo"},"sameAs":["https:\/\/www.facebook.com\/allasorias","https:\/\/www.linkedin.com\/company\/allasorias"]},{"@type":"Person","@id":"https:\/\/allasorias.hu\/hirek\/author\/admin-allasorias\/#author","url":"https:\/\/allasorias.hu\/hirek\/author\/admin-allasorias\/","name":"Juh\u00e1sz P\u00e9ter","image":{"@type":"ImageObject","@id":"https:\/\/allasorias.hu\/hirek\/keves-kisgyermekes-anyat-foglalkoztatnak-hazankban\/#authorImage","url":"https:\/\/secure.gravatar.com\/avatar\/36e6bcb83148978b992977cb0f54d22feb0cce8a0a849a9410532bb2623ba4c6?s=96&d=mm&r=g","width":96,"height":96,"caption":"Juh\u00e1sz P\u00e9ter"}},{"@type":"WebPage","@id":"https:\/\/allasorias.hu\/hirek\/keves-kisgyermekes-anyat-foglalkoztatnak-hazankban\/#webpage","url":"https:\/\/allasorias.hu\/hirek\/keves-kisgyermekes-anyat-foglalkoztatnak-hazankban\/","name":"Kisgyermekes any\u00e1k foglalkoztat\u00e1sa alacsony","description":"A K\u00f6zponti Statisztikai Hivatal (KSH) adatai szerint az orsz\u00e1gban k\u00f6r\u00fclbel\u00fcl 300 ezer f\u0151nyi potenci\u00e1lis munkaer\u0151 \u00e1ll rendelkez\u00e9sre a kisgyermekes any\u00e1k k\u00f6z\u00f6tt.","inLanguage":"hu-HU","isPartOf":{"@id":"https:\/\/allasorias.hu\/hirek\/#website"},"breadcrumb":{"@id":"https:\/\/allasorias.hu\/hirek\/keves-kisgyermekes-anyat-foglalkoztatnak-hazankban\/#breadcrumblist"},"author":{"@id":"https:\/\/allasorias.hu\/hirek\/author\/admin-allasorias\/#author"},"creator":{"@id":"https:\/\/allasorias.hu\/hirek\/author\/admin-allasorias\/#author"},"image":{"@type":"ImageObject","url":"https:\/\/allasorias.hu\/hirek\/wp-content\/uploads\/2024\/05\/kisgyermekes-anyak-foglalkoztatasa.jpg","@id":"https:\/\/allasorias.hu\/hirek\/keves-kisgyermekes-anyat-foglalkoztatnak-hazankban\/#mainImage","width":1280,"height":853,"caption":"Kev\u00e9s kisgyermekes any\u00e1t foglalkoztatnak haz\u00e1nkban - Allasorias.hu\/Hirek"},"primaryImageOfPage":{"@id":"https:\/\/allasorias.hu\/hirek\/keves-kisgyermekes-anyat-foglalkoztatnak-hazankban\/#mainImage"},"datePublished":"2024-05-07T16:10:07+02:00","dateModified":"2025-05-09T14:28:05+02:00"},{"@type":"WebSite","@id":"https:\/\/allasorias.hu\/hirek\/#website","url":"https:\/\/allasorias.hu\/hirek\/","name":"AllasOrias.hu | H\u00edrek-lapszemle","description":"\u00dczleti h\u00edrek az \u00e1ll\u00e1s \u00e9s a munka vil\u00e1g\u00e1b\u00f3l","inLanguage":"hu-HU","publisher":{"@id":"https:\/\/allasorias.hu\/hirek\/#organization"}}]},"og:locale":"hu_HU","og:site_name":"AllasOrias.hu | H\u00edrek-lapszemle | \u00dczleti h\u00edrek az \u00e1ll\u00e1s \u00e9s a munka vil\u00e1g\u00e1b\u00f3l","og:type":"article","og:title":"Kisgyermekes any\u00e1k foglalkoztat\u00e1sa alacsony","og:description":"A K\u00f6zponti Statisztikai Hivatal (KSH) adatai szerint az orsz\u00e1gban k\u00f6r\u00fclbel\u00fcl 300 ezer f\u0151nyi potenci\u00e1lis munkaer\u0151 \u00e1ll rendelkez\u00e9sre a kisgyermekes any\u00e1k k\u00f6z\u00f6tt.","og:url":"https:\/\/allasorias.hu\/hirek\/keves-kisgyermekes-anyat-foglalkoztatnak-hazankban\/","og:image":"https:\/\/allasorias.hu\/hirek\/wp-content\/uploads\/2024\/05\/kisgyermekes-anyak-foglalkoztatasa.jpg","og:image:secure_url":"https:\/\/allasorias.hu\/hirek\/wp-content\/uploads\/2024\/05\/kisgyermekes-anyak-foglalkoztatasa.jpg","og:image:width":1280,"og:image:height":853,"article:published_time":"2024-05-07T14:10:07+00:00","article:modified_time":"2025-05-09T12:28:05+00:00","article:publisher":"https:\/\/www.facebook.com\/allasorias","twitter:card":"summary_large_image","twitter:title":"Kisgyermekes any\u00e1k foglalkoztat\u00e1sa alacsony","twitter:description":"A K\u00f6zponti Statisztikai Hivatal (KSH) adatai szerint az orsz\u00e1gban k\u00f6r\u00fclbel\u00fcl 300 ezer f\u0151nyi potenci\u00e1lis munkaer\u0151 \u00e1ll rendelkez\u00e9sre a kisgyermekes any\u00e1k k\u00f6z\u00f6tt.","twitter:image":"https:\/\/allasorias.hu\/hirek\/wp-content\/uploads\/2024\/05\/kisgyermekes-anyak-foglalkoztatasa.jpg","twitter:label1":"Written by","twitter:data1":"Juh\u00e1sz P\u00e9ter","twitter:label2":"Est. reading time","twitter:data2":"3 minutes"},"aioseo_meta_data":{"post_id":"7567","title":"Kisgyermekes any\u00e1k foglalkoztat\u00e1sa alacsony","description":"A K\u00f6zponti Statisztikai Hivatal (KSH) adatai szerint az orsz\u00e1gban k\u00f6r\u00fclbel\u00fcl 300 ezer f\u0151nyi potenci\u00e1lis munkaer\u0151 \u00e1ll rendelkez\u00e9sre a kisgyermekes any\u00e1k k\u00f6z\u00f6tt.","keywords":null,"keyphrases":{"focus":{"keyphrase":"","score":0,"analysis":{"keyphraseInTitle":{"score":0,"maxScore":9,"error":1}}},"additional":[]},"primary_term":null,"canonical_url":null,"og_title":null,"og_description":null,"og_object_type":"default","og_image_type":"default","og_image_url":null,"og_image_width":null,"og_image_height":null,"og_image_custom_url":null,"og_image_custom_fields":null,"og_video":"","og_custom_url":null,"og_article_section":null,"og_article_tags":null,"twitter_use_og":true,"twitter_card":"default","twitter_image_type":"default","twitter_image_url":null,"twitter_image_custom_url":null,"twitter_image_custom_fields":null,"twitter_title":null,"twitter_description":null,"schema":{"blockGraphs":[],"customGraphs":[],"default":{"data":{"Article":[],"Course":[],"Dataset":[],"FAQPage":[],"Movie":[],"Person":[],"Product":[],"ProductReview":[],"Car":[],"Recipe":[],"Service":[],"SoftwareApplication":[],"WebPage":[]},"graphName":"Article","isEnabled":true},"graphs":[]},"schema_type":"default","schema_type_options":null,"pillar_content":false,"robots_default":true,"robots_noindex":false,"robots_noarchive":false,"robots_nosnippet":false,"robots_nofollow":false,"robots_noimageindex":false,"robots_noodp":false,"robots_notranslate":false,"robots_max_snippet":"-1","robots_max_videopreview":"-1","robots_max_imagepreview":"large","priority":null,"frequency":"default","location":null,"local_seo":null,"breadcrumb_settings":null,"limit_modified_date":false,"ai":null,"created":"2024-05-07 13:50:05","updated":"2025-10-02 19:51:18","seo_analyzer_scan_date":null,"focus_keyword":null,"additional_keywords":null,"truseo_locale":null},"aioseo_breadcrumb":"<div class=\"aioseo-breadcrumbs\"><span class=\"aioseo-breadcrumb\">\n\t\t\t<a href=\"https:\/\/allasorias.hu\/hirek\" title=\"Home\">Home<\/a>\n\t\t<\/span><span class=\"aioseo-breadcrumb-separator\">&raquo;<\/span><span class=\"aioseo-breadcrumb\">\n\t\t\t<a href=\"https:\/\/allasorias.hu\/hirek\/temak\/munkaeropiac\/\" title=\"Munkaer\u0151piac\">Munkaer\u0151piac<\/a>\n\t\t<\/span><span class=\"aioseo-breadcrumb-separator\">&raquo;<\/span><span class=\"aioseo-breadcrumb\">\n\t\t\tKev\u00e9s kisgyermekes any\u00e1t foglalkoztatnak haz\u00e1nkban\n\t\t<\/span><\/div>","aioseo_breadcrumb_json":[{"label":"Home","link":"https:\/\/allasorias.hu\/hirek"},{"label":"Munkaer\u0151piac","link":"https:\/\/allasorias.hu\/hirek\/temak\/munkaeropiac\/"},{"label":"Kev\u00e9s kisgyermekes any\u00e1t foglalkoztatnak haz\u00e1nkban","link":"https:\/\/allasorias.hu\/hirek\/keves-kisgyermekes-anyat-foglalkoztatnak-hazankban\/"}],"_links":{"self":[{"href":"https:\/\/allasorias.hu\/hirek\/wp-json\/wp\/v2\/posts\/7567","targetHints":{"allow":["GET"]}}],"collection":[{"href":"https:\/\/allasorias.hu\/hirek\/wp-json\/wp\/v2\/posts"}],"about":[{"href":"https:\/\/allasorias.hu\/hirek\/wp-json\/wp\/v2\/types\/post"}],"author":[{"embeddable":true,"href":"https:\/\/allasorias.hu\/hirek\/wp-json\/wp\/v2\/users\/1"}],"replies":[{"embeddable":true,"href":"https:\/\/allasorias.hu\/hirek\/wp-json\/wp\/v2\/comments?post=7567"}],"version-history":[{"count":2,"href":"https:\/\/allasorias.hu\/hirek\/wp-json\/wp\/v2\/posts\/7567\/revisions"}],"predecessor-version":[{"id":7570,"href":"https:\/\/allasorias.hu\/hirek\/wp-json\/wp\/v2\/posts\/7567\/revisions\/7570"}],"wp:featuredmedia":[{"embeddable":true,"href":"https:\/\/allasorias.hu\/hirek\/wp-json\/wp\/v2\/media\/7568"}],"wp:attachment":[{"href":"https:\/\/allasorias.hu\/hirek\/wp-json\/wp\/v2\/media?parent=7567"}],"wp:term":[{"taxonomy":"category","embeddable":true,"href":"https:\/\/allasorias.hu\/hirek\/wp-json\/wp\/v2\/categories?post=7567"},{"taxonomy":"post_tag","embeddable":true,"href":"https:\/\/allasorias.hu\/hirek\/wp-json\/wp\/v2\/tags?post=7567"}],"curies":[{"name":"wp","href":"https:\/\/api.w.org\/{rel}","templated":true}]}}