{"id":7563,"date":"2024-05-06T11:58:35","date_gmt":"2024-05-06T09:58:35","guid":{"rendered":"https:\/\/allasorias.hu\/hirek\/?p=7563"},"modified":"2025-05-09T15:56:27","modified_gmt":"2025-05-09T13:56:27","slug":"megujult-a-szakkepzesi-rendszer-kedvezo-hatasok","status":"publish","type":"post","link":"https:\/\/allasorias.hu\/hirek\/megujult-a-szakkepzesi-rendszer-kedvezo-hatasok\/","title":{"rendered":"Meg\u00fajult a szakk\u00e9pz\u00e9si rendszer \u2013 kedvez\u0151 hat\u00e1sok"},"content":{"rendered":"<p><strong>A 2020-ban meg\u00fajult szakk\u00e9pz\u00e9si rendszer jobban felk\u00e9sz\u00edt a munkaer\u0151piaci ig\u00e9nyekre, \u00f6szt\u00f6nd\u00edjakkal t\u00e1mogatja a fiatalokat, \u00e9s az \u00e1ltal\u00e1nos iskolai tanulm\u00e1nyokat befejez\u0151 di\u00e1koknak m\u00e1r nem szakm\u00e1t kell v\u00e1lasztaniuk, hanem egy \u00e9rdekl\u0151d\u00e9s\u00fcknek megfelel\u0151 ir\u00e1nyt, azaz \u00e1gazatot.<\/strong><\/p>\n<p>2024-ben is a legt\u00f6bben a technikumokat v\u00e1lasztott\u00e1k az \u00e1ltal\u00e1nos iskola nyolcadik oszt\u00e1ly\u00e1nak elv\u00e9gz\u00e9s\u00e9t k\u00f6vet\u0151en \u2013 k\u00f6z\u00f6lte az Orsz\u00e1gos Sajt\u00f3szolg\u00e1lat az Innov\u00e1ci\u00f3s \u00e9s Fels\u0151oktat\u00e1s\u00e9rt Felel\u0151s \u00c1llamtitk\u00e1rs\u00e1g K\u00f6zlem\u00e9nye alapj\u00e1n. A komm\u00fcnik\u00e9 szerint t\u00edzb\u0151l hat fiatal v\u00e1lasztja a szakk\u00e9pz\u00e9st. Lesz\u00f6gezt\u00e9k, hogy a szakk\u00e9pz\u00e9s \u00e1talak\u00edt\u00e1s\u00e1nak is k\u00f6sz\u00f6nhet\u0151, hogy 2010 \u00f3ta a fiatalok munkan\u00e9lk\u00fclis\u00e9ge is k\u00f6zel harmad\u00e1ra cs\u00f6kkent.<\/p>\n<h2>\u00d6szt\u00f6nd\u00edj \u00e9s munkab\u00e9r<\/h2>\n<p>\u201e<em>A fiatalok munkav\u00e1llal\u00e1s\u00e1t k\u00fcl\u00f6n programokkal, meg\u00e9lhet\u00e9s\u00fcket 25 \u00e9v alatt SZJA-mentess\u00e9ggel is t\u00e1mogatjuk<\/em>\u201d \u2013 tett\u00e9k hozz\u00e1. Felh\u00edvt\u00e1k a figyelmet, hogy az \u00e1gazati alapoktat\u00e1s ideje alatt minden tanul\u00f3 \u00e1ltal\u00e1nos havi \u00f6szt\u00f6nd\u00edjban r\u00e9szes\u00fcl. A szakmai oktat\u00e1s tov\u00e1bbi r\u00e9sz\u00e9ben a tanul\u00f3k \u00f6szt\u00f6nd\u00edjat kapnak, amely tanulm\u00e1nyi eredm\u00e9nyeik alapj\u00e1n ak\u00e1r a havi 59 ezer forint \u00f6sszeget is el\u00e9rheti. A v\u00e1llalati helysz\u00edn\u0171 du\u00e1lis k\u00e9pz\u00e9sben r\u00e9szt vev\u0151 tanul\u00f3k \u00f6szt\u00f6nd\u00edj helyett munkab\u00e9rt kapnak, mely el\u00e9rheti a 168 ezer forintot is havonta.<\/p>\n<h2>P\u00e1lyakezd\u00e9si juttat\u00e1s \u00e9s t\u00f6bbletpontok<\/h2>\n<p>Szint\u00e9n a meg\u00fajult szakk\u00e9pz\u00e9si rendszer v\u00edvm\u00e1nya a p\u00e1lyakezd\u00e9si juttat\u00e1s. A tanul\u00f3k vizsgaeredm\u00e9nyt\u0151l f\u00fcgg\u0151en 150 ezer \u00e9s 300 ezer forint k\u00f6z\u00f6tti \u00f6sszeget egyszerre, a sikeres szakmai vizsg\u00e1t k\u00f6vet\u0151en kaphatnak k\u00e9zhez, amit szakmai karrierj\u00fck beind\u00edt\u00e1s\u00e1ra, ak\u00e1r eszk\u00f6z\u00f6k beszerz\u00e9s\u00e9re is ford\u00edthatnak. A szakk\u00e9pz\u00e9s n\u00e9pszer\u0171s\u00e9g\u00e9hez hozz\u00e1j\u00e1rul, hogy a technikumban v\u00e9gzettek jelent\u0151s el\u0151ny\u00f6ket, t\u00f6bbletpontokat, kreditelismer\u00e9st, valamint ak\u00e1r el\u0151zetes jogviszonyt is kaphatnak szakir\u00e1ny\u00fa fels\u0151oktat\u00e1si tov\u00e1bbtanul\u00e1s eset\u00e9n.<\/p>\n<p>A jelentkez\u0151k sz\u00e1m\u00e1nak n\u00f6veked\u00e9se \u00e9s a javul\u00f3 tanulm\u00e1nyi eredm\u00e9nyek is azt igazolj\u00e1k, hogy a tanul\u00f3k \u00e9s magyar csal\u00e1dok sz\u00e1m\u00e1ra is bev\u00e1lt az \u00faj szakk\u00e9pz\u00e9si rendszer \u2013 mondta Hank\u00f3 Bal\u00e1zs, innov\u00e1ci\u00f3\u00e9rt, fels\u0151oktat\u00e1s\u00e9rt, szakk\u00e9pz\u00e9s\u00e9rt \u00e9s feln\u0151ttk\u00e9pz\u00e9s\u00e9rt felel\u0151s \u00e1llamtitk\u00e1r. Hozz\u00e1tette, hogy <a href=\"https:\/\/allasorias.hu\/hirek\/a-magyar-szakkepzes-europa-bajnok\/\">sz\u00e1mos korszer\u0171 szakm\u00e1ban \u2013 asztalos, v\u00edz-g\u00e1z-f\u0171t\u00e9s szerel\u0151, sz\u00e1raz\u00e9p\u00edt\u0151 \u2013 Eur\u00f3pa-bajnokok vagyunk<\/a>, a magyar szakk\u00e9pz\u00e9s fejleszt\u00e9s\u00e9t pedig folytatni kell, hogy Eur\u00f3pa-bajnokb\u00f3l vil\u00e1gbajnok legyen.<\/p>\n<p>Forr\u00e1s: <a href=\"https:\/\/index.hu\/belfold\/2024\/05\/04\/oktatas-technikumok-szakkepzes-munkaeropiac-osztondij\/\" target=\"_blank\" rel=\"nofollow noopener noreferrer\">index.hu<\/a><\/p>\n","protected":false},"excerpt":{"rendered":"<p>A 2020-ban meg\u00fajult szakk\u00e9pz\u00e9si rendszer jobban felk\u00e9sz\u00edt a munkaer\u0151piaci ig\u00e9nyekre, \u00f6szt\u00f6nd\u00edjakkal t\u00e1mogatja a fiatalokat, \u00e9s az \u00e1ltal\u00e1nos iskolai tanulm\u00e1nyokat befejez\u0151 di\u00e1koknak m\u00e1r nem szakm\u00e1t kell v\u00e1lasztaniuk, hanem egy \u00e9rdekl\u0151d\u00e9s\u00fcknek megfelel\u0151 ir\u00e1nyt, azaz \u00e1gazatot. 2024-ben is a legt\u00f6bben a technikumokat v\u00e1lasztott\u00e1k az \u00e1ltal\u00e1nos iskola nyolcadik oszt\u00e1ly\u00e1nak elv\u00e9gz\u00e9s\u00e9t k\u00f6vet\u0151en \u2013 k\u00f6z\u00f6lte az Orsz\u00e1gos Sajt\u00f3szolg\u00e1lat az Innov\u00e1ci\u00f3s \u00e9s [&hellip;]<\/p>\n","protected":false},"author":1,"featured_media":7564,"comment_status":"closed","ping_status":"closed","sticky":false,"template":"","format":"standard","meta":{"_monsterinsights_skip_tracking":false,"footnotes":""},"categories":[200],"tags":[614,752],"class_list":["post-7563","post","type-post","status-publish","format-standard","has-post-thumbnail","hentry","category-munkaeropiac","tag-szakkepzes","tag-szakkepzesi-rendszer"],"aioseo_notices":[],"aioseo_head":"\n\t\t<!-- All in One SEO 5.0.0.1 - aioseo.com -->\n\t<meta name=\"description\" content=\"2024-ben is a legt\u00f6bben a technikumokat v\u00e1lasztott\u00e1k az \u00e1ltal\u00e1nos iskola nyolcadik oszt\u00e1ly\u00e1nak elv\u00e9gz\u00e9s\u00e9t k\u00f6vet\u0151en. T\u00edzb\u0151l hat fiatal v\u00e1lasztja a szakk\u00e9pz\u00e9st.\" \/>\n\t<meta name=\"robots\" content=\"max-image-preview:large\" \/>\n\t<meta name=\"author\" content=\"Juh\u00e1sz P\u00e9ter\"\/>\n\t<meta name=\"keywords\" content=\"szakk\u00e9pz\u00e9s,szakk\u00e9pz\u00e9si rendszer\" \/>\n\t<link rel=\"canonical\" href=\"https:\/\/allasorias.hu\/hirek\/megujult-a-szakkepzesi-rendszer-kedvezo-hatasok\/\" \/>\n\t<meta name=\"generator\" content=\"All in One SEO (AIOSEO) 5.0.0.1\" \/>\n\t\t<meta property=\"og:locale\" content=\"hu_HU\" \/>\n\t\t<meta property=\"og:site_name\" content=\"AllasOrias.hu | H\u00edrek-lapszemle | \u00dczleti h\u00edrek az \u00e1ll\u00e1s \u00e9s a munka vil\u00e1g\u00e1b\u00f3l\" \/>\n\t\t<meta property=\"og:type\" content=\"article\" \/>\n\t\t<meta property=\"og:title\" content=\"Szakk\u00e9pz\u00e9si rendszer meg\u00fajult, pozit\u00edv hat\u00e1sokkal\" \/>\n\t\t<meta property=\"og:description\" content=\"2024-ben is a legt\u00f6bben a technikumokat v\u00e1lasztott\u00e1k az \u00e1ltal\u00e1nos iskola nyolcadik oszt\u00e1ly\u00e1nak elv\u00e9gz\u00e9s\u00e9t k\u00f6vet\u0151en. T\u00edzb\u0151l hat fiatal v\u00e1lasztja a szakk\u00e9pz\u00e9st.\" \/>\n\t\t<meta property=\"og:url\" content=\"https:\/\/allasorias.hu\/hirek\/megujult-a-szakkepzesi-rendszer-kedvezo-hatasok\/\" \/>\n\t\t<meta property=\"og:image\" content=\"https:\/\/allasorias.hu\/hirek\/wp-content\/uploads\/2024\/05\/megujult-szakkepzesi-rendszer.jpg\" \/>\n\t\t<meta property=\"og:image:secure_url\" content=\"https:\/\/allasorias.hu\/hirek\/wp-content\/uploads\/2024\/05\/megujult-szakkepzesi-rendszer.jpg\" \/>\n\t\t<meta property=\"og:image:width\" content=\"1280\" \/>\n\t\t<meta property=\"og:image:height\" content=\"853\" \/>\n\t\t<meta property=\"article:published_time\" content=\"2024-05-06T09:58:35+00:00\" \/>\n\t\t<meta property=\"article:modified_time\" content=\"2025-05-09T13:56:27+00:00\" \/>\n\t\t<meta property=\"article:publisher\" content=\"https:\/\/www.facebook.com\/allasorias\" \/>\n\t\t<meta name=\"twitter:card\" content=\"summary_large_image\" \/>\n\t\t<meta name=\"twitter:title\" content=\"Szakk\u00e9pz\u00e9si rendszer meg\u00fajult, pozit\u00edv hat\u00e1sokkal\" \/>\n\t\t<meta name=\"twitter:description\" content=\"2024-ben is a legt\u00f6bben a technikumokat v\u00e1lasztott\u00e1k az \u00e1ltal\u00e1nos iskola nyolcadik oszt\u00e1ly\u00e1nak elv\u00e9gz\u00e9s\u00e9t k\u00f6vet\u0151en. T\u00edzb\u0151l hat fiatal v\u00e1lasztja a szakk\u00e9pz\u00e9st.\" \/>\n\t\t<meta name=\"twitter:image\" content=\"https:\/\/allasorias.hu\/hirek\/wp-content\/uploads\/2024\/05\/megujult-szakkepzesi-rendszer.jpg\" \/>\n\t\t<meta name=\"twitter:label1\" content=\"Written by\" \/>\n\t\t<meta name=\"twitter:data1\" content=\"Juh\u00e1sz P\u00e9ter\" \/>\n\t\t<meta name=\"twitter:label2\" content=\"Est. reading time\" \/>\n\t\t<meta name=\"twitter:data2\" content=\"2 minutes\" \/>\n\t\t<script type=\"application\/ld+json\" class=\"aioseo-schema\">\n\t\t\t{\"@context\":\"https:\\\/\\\/schema.org\",\"@graph\":[{\"@type\":\"Article\",\"@id\":\"https:\\\/\\\/allasorias.hu\\\/hirek\\\/megujult-a-szakkepzesi-rendszer-kedvezo-hatasok\\\/#article\",\"name\":\"Szakk\\u00e9pz\\u00e9si rendszer meg\\u00fajult, pozit\\u00edv hat\\u00e1sokkal\",\"headline\":\"Meg\\u00fajult a szakk\\u00e9pz\\u00e9si rendszer \\u2013 kedvez\\u0151 hat\\u00e1sok\",\"author\":{\"@id\":\"https:\\\/\\\/allasorias.hu\\\/hirek\\\/author\\\/admin-allasorias\\\/#author\"},\"publisher\":{\"@id\":\"https:\\\/\\\/allasorias.hu\\\/hirek\\\/#organization\"},\"image\":{\"@type\":\"ImageObject\",\"url\":\"https:\\\/\\\/allasorias.hu\\\/hirek\\\/wp-content\\\/uploads\\\/2024\\\/05\\\/megujult-szakkepzesi-rendszer.jpg\",\"width\":1280,\"height\":853,\"caption\":\"Meg\\u00fajult a szakk\\u00e9pz\\u00e9si rendszer \\u2013 kedvez\\u0151 hat\\u00e1sok - Allasorias.hu\\\/Hirek\"},\"datePublished\":\"2024-05-06T11:58:35+02:00\",\"dateModified\":\"2025-05-09T15:56:27+02:00\",\"inLanguage\":\"hu-HU\",\"mainEntityOfPage\":{\"@id\":\"https:\\\/\\\/allasorias.hu\\\/hirek\\\/megujult-a-szakkepzesi-rendszer-kedvezo-hatasok\\\/#webpage\"},\"isPartOf\":{\"@id\":\"https:\\\/\\\/allasorias.hu\\\/hirek\\\/megujult-a-szakkepzesi-rendszer-kedvezo-hatasok\\\/#webpage\"},\"articleSection\":\"Munkaer\\u0151piac, szakk\\u00e9pz\\u00e9s, szakk\\u00e9pz\\u00e9si rendszer\"},{\"@type\":\"BreadcrumbList\",\"@id\":\"https:\\\/\\\/allasorias.hu\\\/hirek\\\/megujult-a-szakkepzesi-rendszer-kedvezo-hatasok\\\/#breadcrumblist\",\"itemListElement\":[{\"@type\":\"ListItem\",\"@id\":\"https:\\\/\\\/allasorias.hu\\\/hirek#listItem\",\"position\":1,\"name\":\"Home\",\"item\":\"https:\\\/\\\/allasorias.hu\\\/hirek\",\"nextItem\":{\"@type\":\"ListItem\",\"@id\":\"https:\\\/\\\/allasorias.hu\\\/hirek\\\/temak\\\/munkaeropiac\\\/#listItem\",\"name\":\"Munkaer\\u0151piac\"}},{\"@type\":\"ListItem\",\"@id\":\"https:\\\/\\\/allasorias.hu\\\/hirek\\\/temak\\\/munkaeropiac\\\/#listItem\",\"position\":2,\"name\":\"Munkaer\\u0151piac\",\"item\":\"https:\\\/\\\/allasorias.hu\\\/hirek\\\/temak\\\/munkaeropiac\\\/\",\"nextItem\":{\"@type\":\"ListItem\",\"@id\":\"https:\\\/\\\/allasorias.hu\\\/hirek\\\/megujult-a-szakkepzesi-rendszer-kedvezo-hatasok\\\/#listItem\",\"name\":\"Meg\\u00fajult a szakk\\u00e9pz\\u00e9si rendszer \\u2013 kedvez\\u0151 hat\\u00e1sok\"},\"previousItem\":{\"@type\":\"ListItem\",\"@id\":\"https:\\\/\\\/allasorias.hu\\\/hirek#listItem\",\"name\":\"Home\"}},{\"@type\":\"ListItem\",\"@id\":\"https:\\\/\\\/allasorias.hu\\\/hirek\\\/megujult-a-szakkepzesi-rendszer-kedvezo-hatasok\\\/#listItem\",\"position\":3,\"name\":\"Meg\\u00fajult a szakk\\u00e9pz\\u00e9si rendszer \\u2013 kedvez\\u0151 hat\\u00e1sok\",\"previousItem\":{\"@type\":\"ListItem\",\"@id\":\"https:\\\/\\\/allasorias.hu\\\/hirek\\\/temak\\\/munkaeropiac\\\/#listItem\",\"name\":\"Munkaer\\u0151piac\"}}]},{\"@type\":\"Organization\",\"@id\":\"https:\\\/\\\/allasorias.hu\\\/hirek\\\/#organization\",\"name\":\"AllasOrias.hu | H\\u00edrek-lapszemle\",\"description\":\"\\u00dczleti h\\u00edrek az \\u00e1ll\\u00e1s \\u00e9s a munka vil\\u00e1g\\u00e1b\\u00f3l\",\"url\":\"https:\\\/\\\/allasorias.hu\\\/hirek\\\/\",\"logo\":{\"@type\":\"ImageObject\",\"url\":\"https:\\\/\\\/allasorias.hu\\\/hirek\\\/wp-content\\\/uploads\\\/2022\\\/10\\\/allasorias_site_facebok_logo.png\",\"@id\":\"https:\\\/\\\/allasorias.hu\\\/hirek\\\/megujult-a-szakkepzesi-rendszer-kedvezo-hatasok\\\/#organizationLogo\"},\"image\":{\"@id\":\"https:\\\/\\\/allasorias.hu\\\/hirek\\\/megujult-a-szakkepzesi-rendszer-kedvezo-hatasok\\\/#organizationLogo\"},\"sameAs\":[\"https:\\\/\\\/www.facebook.com\\\/allasorias\",\"https:\\\/\\\/www.linkedin.com\\\/company\\\/allasorias\"]},{\"@type\":\"Person\",\"@id\":\"https:\\\/\\\/allasorias.hu\\\/hirek\\\/author\\\/admin-allasorias\\\/#author\",\"url\":\"https:\\\/\\\/allasorias.hu\\\/hirek\\\/author\\\/admin-allasorias\\\/\",\"name\":\"Juh\\u00e1sz P\\u00e9ter\",\"image\":{\"@type\":\"ImageObject\",\"@id\":\"https:\\\/\\\/allasorias.hu\\\/hirek\\\/megujult-a-szakkepzesi-rendszer-kedvezo-hatasok\\\/#authorImage\",\"url\":\"https:\\\/\\\/secure.gravatar.com\\\/avatar\\\/36e6bcb83148978b992977cb0f54d22feb0cce8a0a849a9410532bb2623ba4c6?s=96&d=mm&r=g\",\"width\":96,\"height\":96,\"caption\":\"Juh\\u00e1sz P\\u00e9ter\"}},{\"@type\":\"WebPage\",\"@id\":\"https:\\\/\\\/allasorias.hu\\\/hirek\\\/megujult-a-szakkepzesi-rendszer-kedvezo-hatasok\\\/#webpage\",\"url\":\"https:\\\/\\\/allasorias.hu\\\/hirek\\\/megujult-a-szakkepzesi-rendszer-kedvezo-hatasok\\\/\",\"name\":\"Szakk\\u00e9pz\\u00e9si rendszer meg\\u00fajult, pozit\\u00edv hat\\u00e1sokkal\",\"description\":\"2024-ben is a legt\\u00f6bben a technikumokat v\\u00e1lasztott\\u00e1k az \\u00e1ltal\\u00e1nos iskola nyolcadik oszt\\u00e1ly\\u00e1nak elv\\u00e9gz\\u00e9s\\u00e9t k\\u00f6vet\\u0151en. T\\u00edzb\\u0151l hat fiatal v\\u00e1lasztja a szakk\\u00e9pz\\u00e9st.\",\"inLanguage\":\"hu-HU\",\"isPartOf\":{\"@id\":\"https:\\\/\\\/allasorias.hu\\\/hirek\\\/#website\"},\"breadcrumb\":{\"@id\":\"https:\\\/\\\/allasorias.hu\\\/hirek\\\/megujult-a-szakkepzesi-rendszer-kedvezo-hatasok\\\/#breadcrumblist\"},\"author\":{\"@id\":\"https:\\\/\\\/allasorias.hu\\\/hirek\\\/author\\\/admin-allasorias\\\/#author\"},\"creator\":{\"@id\":\"https:\\\/\\\/allasorias.hu\\\/hirek\\\/author\\\/admin-allasorias\\\/#author\"},\"image\":{\"@type\":\"ImageObject\",\"url\":\"https:\\\/\\\/allasorias.hu\\\/hirek\\\/wp-content\\\/uploads\\\/2024\\\/05\\\/megujult-szakkepzesi-rendszer.jpg\",\"@id\":\"https:\\\/\\\/allasorias.hu\\\/hirek\\\/megujult-a-szakkepzesi-rendszer-kedvezo-hatasok\\\/#mainImage\",\"width\":1280,\"height\":853,\"caption\":\"Meg\\u00fajult a szakk\\u00e9pz\\u00e9si rendszer \\u2013 kedvez\\u0151 hat\\u00e1sok - Allasorias.hu\\\/Hirek\"},\"primaryImageOfPage\":{\"@id\":\"https:\\\/\\\/allasorias.hu\\\/hirek\\\/megujult-a-szakkepzesi-rendszer-kedvezo-hatasok\\\/#mainImage\"},\"datePublished\":\"2024-05-06T11:58:35+02:00\",\"dateModified\":\"2025-05-09T15:56:27+02:00\"},{\"@type\":\"WebSite\",\"@id\":\"https:\\\/\\\/allasorias.hu\\\/hirek\\\/#website\",\"url\":\"https:\\\/\\\/allasorias.hu\\\/hirek\\\/\",\"name\":\"AllasOrias.hu | H\\u00edrek-lapszemle\",\"description\":\"\\u00dczleti h\\u00edrek az \\u00e1ll\\u00e1s \\u00e9s a munka vil\\u00e1g\\u00e1b\\u00f3l\",\"inLanguage\":\"hu-HU\",\"publisher\":{\"@id\":\"https:\\\/\\\/allasorias.hu\\\/hirek\\\/#organization\"}}]}\n\t\t<\/script>\n\t\t<!-- All in One SEO -->\n\n","aioseo_head_json":{"title":"Szakk\u00e9pz\u00e9si rendszer meg\u00fajult, pozit\u00edv hat\u00e1sokkal","description":"2024-ben is a legt\u00f6bben a technikumokat v\u00e1lasztott\u00e1k az \u00e1ltal\u00e1nos iskola nyolcadik oszt\u00e1ly\u00e1nak elv\u00e9gz\u00e9s\u00e9t k\u00f6vet\u0151en. T\u00edzb\u0151l hat fiatal v\u00e1lasztja a szakk\u00e9pz\u00e9st.","canonical_url":"https:\/\/allasorias.hu\/hirek\/megujult-a-szakkepzesi-rendszer-kedvezo-hatasok\/","robots":"max-image-preview:large","keywords":"szakk\u00e9pz\u00e9s,szakk\u00e9pz\u00e9si rendszer","webmasterTools":{"miscellaneous":""},"schema":{"@context":"https:\/\/schema.org","@graph":[{"@type":"Article","@id":"https:\/\/allasorias.hu\/hirek\/megujult-a-szakkepzesi-rendszer-kedvezo-hatasok\/#article","name":"Szakk\u00e9pz\u00e9si rendszer meg\u00fajult, pozit\u00edv hat\u00e1sokkal","headline":"Meg\u00fajult a szakk\u00e9pz\u00e9si rendszer \u2013 kedvez\u0151 hat\u00e1sok","author":{"@id":"https:\/\/allasorias.hu\/hirek\/author\/admin-allasorias\/#author"},"publisher":{"@id":"https:\/\/allasorias.hu\/hirek\/#organization"},"image":{"@type":"ImageObject","url":"https:\/\/allasorias.hu\/hirek\/wp-content\/uploads\/2024\/05\/megujult-szakkepzesi-rendszer.jpg","width":1280,"height":853,"caption":"Meg\u00fajult a szakk\u00e9pz\u00e9si rendszer \u2013 kedvez\u0151 hat\u00e1sok - Allasorias.hu\/Hirek"},"datePublished":"2024-05-06T11:58:35+02:00","dateModified":"2025-05-09T15:56:27+02:00","inLanguage":"hu-HU","mainEntityOfPage":{"@id":"https:\/\/allasorias.hu\/hirek\/megujult-a-szakkepzesi-rendszer-kedvezo-hatasok\/#webpage"},"isPartOf":{"@id":"https:\/\/allasorias.hu\/hirek\/megujult-a-szakkepzesi-rendszer-kedvezo-hatasok\/#webpage"},"articleSection":"Munkaer\u0151piac, szakk\u00e9pz\u00e9s, szakk\u00e9pz\u00e9si rendszer"},{"@type":"BreadcrumbList","@id":"https:\/\/allasorias.hu\/hirek\/megujult-a-szakkepzesi-rendszer-kedvezo-hatasok\/#breadcrumblist","itemListElement":[{"@type":"ListItem","@id":"https:\/\/allasorias.hu\/hirek#listItem","position":1,"name":"Home","item":"https:\/\/allasorias.hu\/hirek","nextItem":{"@type":"ListItem","@id":"https:\/\/allasorias.hu\/hirek\/temak\/munkaeropiac\/#listItem","name":"Munkaer\u0151piac"}},{"@type":"ListItem","@id":"https:\/\/allasorias.hu\/hirek\/temak\/munkaeropiac\/#listItem","position":2,"name":"Munkaer\u0151piac","item":"https:\/\/allasorias.hu\/hirek\/temak\/munkaeropiac\/","nextItem":{"@type":"ListItem","@id":"https:\/\/allasorias.hu\/hirek\/megujult-a-szakkepzesi-rendszer-kedvezo-hatasok\/#listItem","name":"Meg\u00fajult a szakk\u00e9pz\u00e9si rendszer \u2013 kedvez\u0151 hat\u00e1sok"},"previousItem":{"@type":"ListItem","@id":"https:\/\/allasorias.hu\/hirek#listItem","name":"Home"}},{"@type":"ListItem","@id":"https:\/\/allasorias.hu\/hirek\/megujult-a-szakkepzesi-rendszer-kedvezo-hatasok\/#listItem","position":3,"name":"Meg\u00fajult a szakk\u00e9pz\u00e9si rendszer \u2013 kedvez\u0151 hat\u00e1sok","previousItem":{"@type":"ListItem","@id":"https:\/\/allasorias.hu\/hirek\/temak\/munkaeropiac\/#listItem","name":"Munkaer\u0151piac"}}]},{"@type":"Organization","@id":"https:\/\/allasorias.hu\/hirek\/#organization","name":"AllasOrias.hu | H\u00edrek-lapszemle","description":"\u00dczleti h\u00edrek az \u00e1ll\u00e1s \u00e9s a munka vil\u00e1g\u00e1b\u00f3l","url":"https:\/\/allasorias.hu\/hirek\/","logo":{"@type":"ImageObject","url":"https:\/\/allasorias.hu\/hirek\/wp-content\/uploads\/2022\/10\/allasorias_site_facebok_logo.png","@id":"https:\/\/allasorias.hu\/hirek\/megujult-a-szakkepzesi-rendszer-kedvezo-hatasok\/#organizationLogo"},"image":{"@id":"https:\/\/allasorias.hu\/hirek\/megujult-a-szakkepzesi-rendszer-kedvezo-hatasok\/#organizationLogo"},"sameAs":["https:\/\/www.facebook.com\/allasorias","https:\/\/www.linkedin.com\/company\/allasorias"]},{"@type":"Person","@id":"https:\/\/allasorias.hu\/hirek\/author\/admin-allasorias\/#author","url":"https:\/\/allasorias.hu\/hirek\/author\/admin-allasorias\/","name":"Juh\u00e1sz P\u00e9ter","image":{"@type":"ImageObject","@id":"https:\/\/allasorias.hu\/hirek\/megujult-a-szakkepzesi-rendszer-kedvezo-hatasok\/#authorImage","url":"https:\/\/secure.gravatar.com\/avatar\/36e6bcb83148978b992977cb0f54d22feb0cce8a0a849a9410532bb2623ba4c6?s=96&d=mm&r=g","width":96,"height":96,"caption":"Juh\u00e1sz P\u00e9ter"}},{"@type":"WebPage","@id":"https:\/\/allasorias.hu\/hirek\/megujult-a-szakkepzesi-rendszer-kedvezo-hatasok\/#webpage","url":"https:\/\/allasorias.hu\/hirek\/megujult-a-szakkepzesi-rendszer-kedvezo-hatasok\/","name":"Szakk\u00e9pz\u00e9si rendszer meg\u00fajult, pozit\u00edv hat\u00e1sokkal","description":"2024-ben is a legt\u00f6bben a technikumokat v\u00e1lasztott\u00e1k az \u00e1ltal\u00e1nos iskola nyolcadik oszt\u00e1ly\u00e1nak elv\u00e9gz\u00e9s\u00e9t k\u00f6vet\u0151en. T\u00edzb\u0151l hat fiatal v\u00e1lasztja a szakk\u00e9pz\u00e9st.","inLanguage":"hu-HU","isPartOf":{"@id":"https:\/\/allasorias.hu\/hirek\/#website"},"breadcrumb":{"@id":"https:\/\/allasorias.hu\/hirek\/megujult-a-szakkepzesi-rendszer-kedvezo-hatasok\/#breadcrumblist"},"author":{"@id":"https:\/\/allasorias.hu\/hirek\/author\/admin-allasorias\/#author"},"creator":{"@id":"https:\/\/allasorias.hu\/hirek\/author\/admin-allasorias\/#author"},"image":{"@type":"ImageObject","url":"https:\/\/allasorias.hu\/hirek\/wp-content\/uploads\/2024\/05\/megujult-szakkepzesi-rendszer.jpg","@id":"https:\/\/allasorias.hu\/hirek\/megujult-a-szakkepzesi-rendszer-kedvezo-hatasok\/#mainImage","width":1280,"height":853,"caption":"Meg\u00fajult a szakk\u00e9pz\u00e9si rendszer \u2013 kedvez\u0151 hat\u00e1sok - Allasorias.hu\/Hirek"},"primaryImageOfPage":{"@id":"https:\/\/allasorias.hu\/hirek\/megujult-a-szakkepzesi-rendszer-kedvezo-hatasok\/#mainImage"},"datePublished":"2024-05-06T11:58:35+02:00","dateModified":"2025-05-09T15:56:27+02:00"},{"@type":"WebSite","@id":"https:\/\/allasorias.hu\/hirek\/#website","url":"https:\/\/allasorias.hu\/hirek\/","name":"AllasOrias.hu | H\u00edrek-lapszemle","description":"\u00dczleti h\u00edrek az \u00e1ll\u00e1s \u00e9s a munka vil\u00e1g\u00e1b\u00f3l","inLanguage":"hu-HU","publisher":{"@id":"https:\/\/allasorias.hu\/hirek\/#organization"}}]},"og:locale":"hu_HU","og:site_name":"AllasOrias.hu | H\u00edrek-lapszemle | \u00dczleti h\u00edrek az \u00e1ll\u00e1s \u00e9s a munka vil\u00e1g\u00e1b\u00f3l","og:type":"article","og:title":"Szakk\u00e9pz\u00e9si rendszer meg\u00fajult, pozit\u00edv hat\u00e1sokkal","og:description":"2024-ben is a legt\u00f6bben a technikumokat v\u00e1lasztott\u00e1k az \u00e1ltal\u00e1nos iskola nyolcadik oszt\u00e1ly\u00e1nak elv\u00e9gz\u00e9s\u00e9t k\u00f6vet\u0151en. T\u00edzb\u0151l hat fiatal v\u00e1lasztja a szakk\u00e9pz\u00e9st.","og:url":"https:\/\/allasorias.hu\/hirek\/megujult-a-szakkepzesi-rendszer-kedvezo-hatasok\/","og:image":"https:\/\/allasorias.hu\/hirek\/wp-content\/uploads\/2024\/05\/megujult-szakkepzesi-rendszer.jpg","og:image:secure_url":"https:\/\/allasorias.hu\/hirek\/wp-content\/uploads\/2024\/05\/megujult-szakkepzesi-rendszer.jpg","og:image:width":1280,"og:image:height":853,"article:published_time":"2024-05-06T09:58:35+00:00","article:modified_time":"2025-05-09T13:56:27+00:00","article:publisher":"https:\/\/www.facebook.com\/allasorias","twitter:card":"summary_large_image","twitter:title":"Szakk\u00e9pz\u00e9si rendszer meg\u00fajult, pozit\u00edv hat\u00e1sokkal","twitter:description":"2024-ben is a legt\u00f6bben a technikumokat v\u00e1lasztott\u00e1k az \u00e1ltal\u00e1nos iskola nyolcadik oszt\u00e1ly\u00e1nak elv\u00e9gz\u00e9s\u00e9t k\u00f6vet\u0151en. T\u00edzb\u0151l hat fiatal v\u00e1lasztja a szakk\u00e9pz\u00e9st.","twitter:image":"https:\/\/allasorias.hu\/hirek\/wp-content\/uploads\/2024\/05\/megujult-szakkepzesi-rendszer.jpg","twitter:label1":"Written by","twitter:data1":"Juh\u00e1sz P\u00e9ter","twitter:label2":"Est. reading time","twitter:data2":"2 minutes"},"aioseo_meta_data":{"post_id":"7563","title":"Szakk\u00e9pz\u00e9si rendszer meg\u00fajult, pozit\u00edv hat\u00e1sokkal","description":"2024-ben is a legt\u00f6bben a technikumokat v\u00e1lasztott\u00e1k az \u00e1ltal\u00e1nos iskola nyolcadik oszt\u00e1ly\u00e1nak elv\u00e9gz\u00e9s\u00e9t k\u00f6vet\u0151en. T\u00edzb\u0151l hat fiatal v\u00e1lasztja a szakk\u00e9pz\u00e9st.","keywords":null,"keyphrases":{"focus":{"keyphrase":"","score":0,"analysis":{"keyphraseInTitle":{"score":0,"maxScore":9,"error":1}}},"additional":[]},"primary_term":null,"canonical_url":null,"og_title":null,"og_description":null,"og_object_type":"default","og_image_type":"default","og_image_url":null,"og_image_width":null,"og_image_height":null,"og_image_custom_url":null,"og_image_custom_fields":null,"og_video":"","og_custom_url":null,"og_article_section":null,"og_article_tags":null,"twitter_use_og":true,"twitter_card":"default","twitter_image_type":"default","twitter_image_url":null,"twitter_image_custom_url":null,"twitter_image_custom_fields":null,"twitter_title":null,"twitter_description":null,"schema":{"blockGraphs":[],"customGraphs":[],"default":{"data":{"Article":[],"Course":[],"Dataset":[],"FAQPage":[],"Movie":[],"Person":[],"Product":[],"ProductReview":[],"Car":[],"Recipe":[],"Service":[],"SoftwareApplication":[],"WebPage":[]},"graphName":"Article","isEnabled":true},"graphs":[]},"schema_type":"default","schema_type_options":null,"pillar_content":false,"robots_default":true,"robots_noindex":false,"robots_noarchive":false,"robots_nosnippet":false,"robots_nofollow":false,"robots_noimageindex":false,"robots_noodp":false,"robots_notranslate":false,"robots_max_snippet":"-1","robots_max_videopreview":"-1","robots_max_imagepreview":"large","priority":null,"frequency":"default","location":null,"local_seo":null,"breadcrumb_settings":null,"limit_modified_date":false,"ai":null,"created":"2024-05-06 09:45:24","updated":"2025-10-02 19:51:18","seo_analyzer_scan_date":null,"focus_keyword":null,"additional_keywords":null,"truseo_locale":null},"aioseo_breadcrumb":"<div class=\"aioseo-breadcrumbs\"><span class=\"aioseo-breadcrumb\">\n\t\t\t<a href=\"https:\/\/allasorias.hu\/hirek\" title=\"Home\">Home<\/a>\n\t\t<\/span><span class=\"aioseo-breadcrumb-separator\">&raquo;<\/span><span class=\"aioseo-breadcrumb\">\n\t\t\t<a href=\"https:\/\/allasorias.hu\/hirek\/temak\/munkaeropiac\/\" title=\"Munkaer\u0151piac\">Munkaer\u0151piac<\/a>\n\t\t<\/span><span class=\"aioseo-breadcrumb-separator\">&raquo;<\/span><span class=\"aioseo-breadcrumb\">\n\t\t\tMeg\u00fajult a szakk\u00e9pz\u00e9si rendszer \u2013 kedvez\u0151 hat\u00e1sok\n\t\t<\/span><\/div>","aioseo_breadcrumb_json":[{"label":"Home","link":"https:\/\/allasorias.hu\/hirek"},{"label":"Munkaer\u0151piac","link":"https:\/\/allasorias.hu\/hirek\/temak\/munkaeropiac\/"},{"label":"Meg\u00fajult a szakk\u00e9pz\u00e9si rendszer \u2013 kedvez\u0151 hat\u00e1sok","link":"https:\/\/allasorias.hu\/hirek\/megujult-a-szakkepzesi-rendszer-kedvezo-hatasok\/"}],"_links":{"self":[{"href":"https:\/\/allasorias.hu\/hirek\/wp-json\/wp\/v2\/posts\/7563","targetHints":{"allow":["GET"]}}],"collection":[{"href":"https:\/\/allasorias.hu\/hirek\/wp-json\/wp\/v2\/posts"}],"about":[{"href":"https:\/\/allasorias.hu\/hirek\/wp-json\/wp\/v2\/types\/post"}],"author":[{"embeddable":true,"href":"https:\/\/allasorias.hu\/hirek\/wp-json\/wp\/v2\/users\/1"}],"replies":[{"embeddable":true,"href":"https:\/\/allasorias.hu\/hirek\/wp-json\/wp\/v2\/comments?post=7563"}],"version-history":[{"count":2,"href":"https:\/\/allasorias.hu\/hirek\/wp-json\/wp\/v2\/posts\/7563\/revisions"}],"predecessor-version":[{"id":7566,"href":"https:\/\/allasorias.hu\/hirek\/wp-json\/wp\/v2\/posts\/7563\/revisions\/7566"}],"wp:featuredmedia":[{"embeddable":true,"href":"https:\/\/allasorias.hu\/hirek\/wp-json\/wp\/v2\/media\/7564"}],"wp:attachment":[{"href":"https:\/\/allasorias.hu\/hirek\/wp-json\/wp\/v2\/media?parent=7563"}],"wp:term":[{"taxonomy":"category","embeddable":true,"href":"https:\/\/allasorias.hu\/hirek\/wp-json\/wp\/v2\/categories?post=7563"},{"taxonomy":"post_tag","embeddable":true,"href":"https:\/\/allasorias.hu\/hirek\/wp-json\/wp\/v2\/tags?post=7563"}],"curies":[{"name":"wp","href":"https:\/\/api.w.org\/{rel}","templated":true}]}}