{"id":7546,"date":"2024-04-26T10:02:15","date_gmt":"2024-04-26T08:02:15","guid":{"rendered":"https:\/\/allasorias.hu\/hirek\/?p=7546"},"modified":"2024-04-26T10:02:15","modified_gmt":"2024-04-26T08:02:15","slug":"elismeresre-palyazhatnak-a-munkahelyek","status":"publish","type":"post","link":"https:\/\/allasorias.hu\/hirek\/elismeresre-palyazhatnak-a-munkahelyek\/","title":{"rendered":"Elismer\u00e9sre p\u00e1ly\u00e1zhatnak a munkahelyek"},"content":{"rendered":"<p><strong>Id\u00e9n els\u0151 alkalommal hirdette meg a Soksz\u00edn\u0171 \u00e9s M\u00e9lt\u00e1nyos Munkahely elismer\u00e9st a <a href=\"https:\/\/hblf.hu\/\" target=\"_blank\" rel=\"nofollow noopener noreferrer\">HBLF<\/a>. A kit\u00fcntet\u00e9sre b\u00e1rmelyik itthon m\u0171k\u00f6d\u0151 hazai vagy glob\u00e1lis c\u00e9g p\u00e1ly\u00e1zhat; elnyer\u00e9se nagyban seg\u00edtheti a jelentkez\u0151ket abban, hogy tov\u00e1bb er\u0151s\u00edts\u00e9k a munk\u00e1ltat\u00f3i m\u00e1rk\u00e1jukat, valamint fejlessz\u00e9k a k\u00f6rnyezeti, t\u00e1rsadalmi \u00e9s v\u00e1llalatir\u00e1ny\u00edt\u00e1si (ESG) folyamataikat. <\/strong><\/p>\n<p>A Soksz\u00edn\u0171 \u00e9s M\u00e9lt\u00e1nyos Munkahely elismer\u00e9st azok az idehaza m\u0171k\u00f6d\u0151 c\u00e9gek \u00e9rdemelhetik ki, amelyek a gyakorlatban is hozz\u00e1j\u00e1rulnak a befogad\u00f3 v\u00e1llalati kult\u00fara \u00e9s es\u00e9lyegyenl\u0151s\u00e9g megteremt\u00e9s\u00e9hez. A HBLF kezdem\u00e9nyez\u00e9s\u00e9nek c\u00e9lja, hogy kiemelje a ter\u00fcleten l\u00e1tv\u00e1nyos eredm\u00e9nyeket el\u00e9r\u0151 v\u00e1llalatokat \u00e9s p\u00e9ld\u00e1t mutasson az \u00fczleti szerepl\u0151k sz\u00e1m\u00e1ra. \u201e<em>Az Eur\u00f3pai Soksz\u00edn\u0171s\u00e9gi Karta kiz\u00e1r\u00f3lagos magyarorsz\u00e1gi k\u00e9pvisel\u0151jek\u00e9nt az es\u00e9lyegyenl\u0151s\u00e9get t\u00e1mogat\u00f3 kult\u00fara el\u0151mozd\u00edt\u00e1sa a HBLF tev\u00e9kenys\u00e9g\u00e9nek egyik kiemelt ter\u00fclete. A Soksz\u00edn\u0171 \u00e9s M\u00e9lt\u00e1nyos Munkahely elismer\u00e9s lehet\u0151s\u00e9get k\u00edn\u00e1l j\u00f3 gyakorlatok megoszt\u00e1s\u00e1ra, a v\u00e1llalatok munk\u00e1ltat\u00f3i m\u00e1rk\u00e1j\u00e1nak \u00e9p\u00edt\u00e9s\u00e9re, tov\u00e1bb\u00e1 seg\u00edti a felk\u00e9sz\u00fcl\u00e9st az ESG besz\u00e1mol\u00f3kra is<\/em>\u201d \u2013 mondta Istenesn\u00e9 Solti Andrea, a HBLF Eln\u00f6ke.<\/p>\n<p>A p\u00e1ly\u00e1zatokat az EY objekt\u00edv krit\u00e9riumrendszere alapj\u00e1n \u00e9rt\u00e9kelik, \u00edgy figyelembe veszik t\u00f6bbek k\u00f6z\u00f6tt a foglalkoztatott f\u00e9rfiak \u00e9s n\u0151k ar\u00e1ny\u00e1t \u00e9s fizet\u00e9sbeli k\u00fcl\u00f6nbs\u00e9geit, valamint a t\u00e1rsas\u00e1g strat\u00e9gi\u00e1j\u00e1t a soksz\u00edn\u0171 (nem, kor, kultur\u00e1lis h\u00e1tt\u00e9r, stb. szempontj\u00e1b\u00f3l) \u00e9s elfogad\u00f3 munkahely kialak\u00edt\u00e1s\u00e1hoz. \u201e<em>A soksz\u00edn\u0171 \u00e9s m\u00e9lt\u00e1nyos v\u00e1llalati kult\u00fara kialak\u00edt\u00e1sa \u00e9vek \u00f3ta strat\u00e9giai k\u00e9rd\u00e9s a szervezetek \u00e9let\u00e9ben, hiszen a t\u00e1rsadalmi hasznoss\u00e1g\u00e1n t\u00fal versenyel\u0151nyt is jelent sz\u00e1mukra. Nagy \u00f6r\u00f6m sz\u00e1munkra, hogy egy ilyen fontos kezdem\u00e9nyez\u00e9st tudunk szakmailag t\u00e1mogatni. \u2013 hangs\u00falyozta Farkas Margit, az EY Partnere. A befogad\u00f3 \u00e9s egyenl\u0151 es\u00e9lyeket biztos\u00edt\u00f3 c\u00e9gek r\u00e1ad\u00e1sul k\u00f6nnyebben vonzz\u00e1k magukhoz \u00e9s tartj\u00e1k meg a tehets\u00e9ges munkav\u00e1llal\u00f3kat, valamint a k\u00fcl\u00f6nb\u00f6z\u0151 n\u00e9z\u0151pontok szinergi\u00e1j\u00e1t is a hasznukra tudj\u00e1k ford\u00edtani az \u00fczleti \u00e9letben<\/em>\u201d tette hozz\u00e1. A p\u00e1ly\u00e1zatot 2024. m\u00e1jus 31-ig ny\u00fajthatj\u00e1k be a jelentkez\u0151k.<\/p>\n<p>Forr\u00e1s: <a href=\"https:\/\/www.hrportal.hu\/hr\/mar-lehet-palyazni-a-sokszinu-es-meltanyos-munkahely-elismeresre-20240425.html\" target=\"_blank\" rel=\"nofollow noopener noreferrer\">hrportal.hu<\/a><\/p>\n","protected":false},"excerpt":{"rendered":"<p>Id\u00e9n els\u0151 alkalommal hirdette meg a Soksz\u00edn\u0171 \u00e9s M\u00e9lt\u00e1nyos Munkahely elismer\u00e9st a HBLF. A kit\u00fcntet\u00e9sre b\u00e1rmelyik itthon m\u0171k\u00f6d\u0151 hazai vagy glob\u00e1lis c\u00e9g p\u00e1ly\u00e1zhat; elnyer\u00e9se nagyban seg\u00edtheti a jelentkez\u0151ket abban, hogy tov\u00e1bb er\u0151s\u00edts\u00e9k a munk\u00e1ltat\u00f3i m\u00e1rk\u00e1jukat, valamint fejlessz\u00e9k a k\u00f6rnyezeti, t\u00e1rsadalmi \u00e9s v\u00e1llalatir\u00e1ny\u00edt\u00e1si (ESG) folyamataikat. A Soksz\u00edn\u0171 \u00e9s M\u00e9lt\u00e1nyos Munkahely elismer\u00e9st azok az idehaza m\u0171k\u00f6d\u0151 c\u00e9gek [&hellip;]<\/p>\n","protected":false},"author":1,"featured_media":7547,"comment_status":"closed","ping_status":"closed","sticky":false,"template":"","format":"standard","meta":{"_monsterinsights_skip_tracking":false,"footnotes":""},"categories":[200],"tags":[747,746],"class_list":["post-7546","post","type-post","status-publish","format-standard","has-post-thumbnail","hentry","category-munkaeropiac","tag-eselyegyenloseg","tag-sokszinu-es-meltanyos-munkahely"],"aioseo_notices":[],"aioseo_head":"\n\t\t<!-- All in One SEO 5.0.0.1 - aioseo.com -->\n\t<meta name=\"description\" content=\"Id\u00e9n els\u0151 alkalommal hirdette meg a Soksz\u00edn\u0171 \u00e9s M\u00e9lt\u00e1nyos Munkahely elismer\u00e9st a HBLF. A kit\u00fcntet\u00e9sre b\u00e1rmelyik itthon m\u0171k\u00f6d\u0151 hazai vagy glob\u00e1lis c\u00e9g p\u00e1ly\u00e1zhat.\" \/>\n\t<meta name=\"robots\" content=\"max-image-preview:large\" \/>\n\t<meta name=\"author\" content=\"Juh\u00e1sz P\u00e9ter\"\/>\n\t<meta name=\"keywords\" content=\"es\u00e9lyegyenl\u0151s\u00e9g,soksz\u00edn\u0171 \u00e9s m\u00e9lt\u00e1nyos munkahely\" \/>\n\t<link rel=\"canonical\" href=\"https:\/\/allasorias.hu\/hirek\/elismeresre-palyazhatnak-a-munkahelyek\/\" \/>\n\t<meta name=\"generator\" content=\"All in One SEO (AIOSEO) 5.0.0.1\" \/>\n\t\t<meta property=\"og:locale\" content=\"hu_HU\" \/>\n\t\t<meta property=\"og:site_name\" content=\"AllasOrias.hu | H\u00edrek-lapszemle | \u00dczleti h\u00edrek az \u00e1ll\u00e1s \u00e9s a munka vil\u00e1g\u00e1b\u00f3l\" \/>\n\t\t<meta property=\"og:type\" content=\"article\" \/>\n\t\t<meta property=\"og:title\" content=\"Elismer\u00e9sre p\u00e1ly\u00e1zhatnak a munkahelyek | Allasorias.hu\/Hirek\" \/>\n\t\t<meta property=\"og:description\" content=\"Id\u00e9n els\u0151 alkalommal hirdette meg a Soksz\u00edn\u0171 \u00e9s M\u00e9lt\u00e1nyos Munkahely elismer\u00e9st a HBLF. A kit\u00fcntet\u00e9sre b\u00e1rmelyik itthon m\u0171k\u00f6d\u0151 hazai vagy glob\u00e1lis c\u00e9g p\u00e1ly\u00e1zhat.\" \/>\n\t\t<meta property=\"og:url\" content=\"https:\/\/allasorias.hu\/hirek\/elismeresre-palyazhatnak-a-munkahelyek\/\" \/>\n\t\t<meta property=\"og:image\" content=\"https:\/\/allasorias.hu\/hirek\/wp-content\/uploads\/2024\/04\/elismeresre-palyazhatnak-a-munkahelyek.jpg\" \/>\n\t\t<meta property=\"og:image:secure_url\" content=\"https:\/\/allasorias.hu\/hirek\/wp-content\/uploads\/2024\/04\/elismeresre-palyazhatnak-a-munkahelyek.jpg\" \/>\n\t\t<meta property=\"og:image:width\" content=\"1280\" \/>\n\t\t<meta property=\"og:image:height\" content=\"853\" \/>\n\t\t<meta property=\"article:published_time\" content=\"2024-04-26T08:02:15+00:00\" \/>\n\t\t<meta property=\"article:modified_time\" content=\"2024-04-26T08:02:15+00:00\" \/>\n\t\t<meta property=\"article:publisher\" content=\"https:\/\/www.facebook.com\/allasorias\" \/>\n\t\t<meta name=\"twitter:card\" content=\"summary_large_image\" \/>\n\t\t<meta name=\"twitter:title\" content=\"Elismer\u00e9sre p\u00e1ly\u00e1zhatnak a munkahelyek | Allasorias.hu\/Hirek\" \/>\n\t\t<meta name=\"twitter:description\" content=\"Id\u00e9n els\u0151 alkalommal hirdette meg a Soksz\u00edn\u0171 \u00e9s M\u00e9lt\u00e1nyos Munkahely elismer\u00e9st a HBLF. A kit\u00fcntet\u00e9sre b\u00e1rmelyik itthon m\u0171k\u00f6d\u0151 hazai vagy glob\u00e1lis c\u00e9g p\u00e1ly\u00e1zhat.\" \/>\n\t\t<meta name=\"twitter:image\" content=\"https:\/\/allasorias.hu\/hirek\/wp-content\/uploads\/2024\/04\/elismeresre-palyazhatnak-a-munkahelyek.jpg\" \/>\n\t\t<meta name=\"twitter:label1\" content=\"Written by\" \/>\n\t\t<meta name=\"twitter:data1\" content=\"Juh\u00e1sz P\u00e9ter\" \/>\n\t\t<meta name=\"twitter:label2\" content=\"Est. reading time\" \/>\n\t\t<meta name=\"twitter:data2\" content=\"2 minutes\" \/>\n\t\t<script type=\"application\/ld+json\" class=\"aioseo-schema\">\n\t\t\t{\"@context\":\"https:\\\/\\\/schema.org\",\"@graph\":[{\"@type\":\"Article\",\"@id\":\"https:\\\/\\\/allasorias.hu\\\/hirek\\\/elismeresre-palyazhatnak-a-munkahelyek\\\/#article\",\"name\":\"Elismer\\u00e9sre p\\u00e1ly\\u00e1zhatnak a munkahelyek | Allasorias.hu\\\/Hirek\",\"headline\":\"Elismer\\u00e9sre p\\u00e1ly\\u00e1zhatnak a munkahelyek\",\"author\":{\"@id\":\"https:\\\/\\\/allasorias.hu\\\/hirek\\\/author\\\/admin-allasorias\\\/#author\"},\"publisher\":{\"@id\":\"https:\\\/\\\/allasorias.hu\\\/hirek\\\/#organization\"},\"image\":{\"@type\":\"ImageObject\",\"url\":\"https:\\\/\\\/allasorias.hu\\\/hirek\\\/wp-content\\\/uploads\\\/2024\\\/04\\\/elismeresre-palyazhatnak-a-munkahelyek.jpg\",\"width\":1280,\"height\":853,\"caption\":\"Elismer\\u00e9sre p\\u00e1ly\\u00e1zhatnak a munkahelyek - Allasorias.hu\\\/Hirek\"},\"datePublished\":\"2024-04-26T10:02:15+02:00\",\"dateModified\":\"2024-04-26T10:02:15+02:00\",\"inLanguage\":\"hu-HU\",\"mainEntityOfPage\":{\"@id\":\"https:\\\/\\\/allasorias.hu\\\/hirek\\\/elismeresre-palyazhatnak-a-munkahelyek\\\/#webpage\"},\"isPartOf\":{\"@id\":\"https:\\\/\\\/allasorias.hu\\\/hirek\\\/elismeresre-palyazhatnak-a-munkahelyek\\\/#webpage\"},\"articleSection\":\"Munkaer\\u0151piac, es\\u00e9lyegyenl\\u0151s\\u00e9g, Soksz\\u00edn\\u0171 \\u00e9s M\\u00e9lt\\u00e1nyos Munkahely\"},{\"@type\":\"BreadcrumbList\",\"@id\":\"https:\\\/\\\/allasorias.hu\\\/hirek\\\/elismeresre-palyazhatnak-a-munkahelyek\\\/#breadcrumblist\",\"itemListElement\":[{\"@type\":\"ListItem\",\"@id\":\"https:\\\/\\\/allasorias.hu\\\/hirek#listItem\",\"position\":1,\"name\":\"Home\",\"item\":\"https:\\\/\\\/allasorias.hu\\\/hirek\",\"nextItem\":{\"@type\":\"ListItem\",\"@id\":\"https:\\\/\\\/allasorias.hu\\\/hirek\\\/temak\\\/munkaeropiac\\\/#listItem\",\"name\":\"Munkaer\\u0151piac\"}},{\"@type\":\"ListItem\",\"@id\":\"https:\\\/\\\/allasorias.hu\\\/hirek\\\/temak\\\/munkaeropiac\\\/#listItem\",\"position\":2,\"name\":\"Munkaer\\u0151piac\",\"item\":\"https:\\\/\\\/allasorias.hu\\\/hirek\\\/temak\\\/munkaeropiac\\\/\",\"nextItem\":{\"@type\":\"ListItem\",\"@id\":\"https:\\\/\\\/allasorias.hu\\\/hirek\\\/elismeresre-palyazhatnak-a-munkahelyek\\\/#listItem\",\"name\":\"Elismer\\u00e9sre p\\u00e1ly\\u00e1zhatnak a munkahelyek\"},\"previousItem\":{\"@type\":\"ListItem\",\"@id\":\"https:\\\/\\\/allasorias.hu\\\/hirek#listItem\",\"name\":\"Home\"}},{\"@type\":\"ListItem\",\"@id\":\"https:\\\/\\\/allasorias.hu\\\/hirek\\\/elismeresre-palyazhatnak-a-munkahelyek\\\/#listItem\",\"position\":3,\"name\":\"Elismer\\u00e9sre p\\u00e1ly\\u00e1zhatnak a munkahelyek\",\"previousItem\":{\"@type\":\"ListItem\",\"@id\":\"https:\\\/\\\/allasorias.hu\\\/hirek\\\/temak\\\/munkaeropiac\\\/#listItem\",\"name\":\"Munkaer\\u0151piac\"}}]},{\"@type\":\"Organization\",\"@id\":\"https:\\\/\\\/allasorias.hu\\\/hirek\\\/#organization\",\"name\":\"AllasOrias.hu | H\\u00edrek-lapszemle\",\"description\":\"\\u00dczleti h\\u00edrek az \\u00e1ll\\u00e1s \\u00e9s a munka vil\\u00e1g\\u00e1b\\u00f3l\",\"url\":\"https:\\\/\\\/allasorias.hu\\\/hirek\\\/\",\"logo\":{\"@type\":\"ImageObject\",\"url\":\"https:\\\/\\\/allasorias.hu\\\/hirek\\\/wp-content\\\/uploads\\\/2022\\\/10\\\/allasorias_site_facebok_logo.png\",\"@id\":\"https:\\\/\\\/allasorias.hu\\\/hirek\\\/elismeresre-palyazhatnak-a-munkahelyek\\\/#organizationLogo\"},\"image\":{\"@id\":\"https:\\\/\\\/allasorias.hu\\\/hirek\\\/elismeresre-palyazhatnak-a-munkahelyek\\\/#organizationLogo\"},\"sameAs\":[\"https:\\\/\\\/www.facebook.com\\\/allasorias\",\"https:\\\/\\\/www.linkedin.com\\\/company\\\/allasorias\"]},{\"@type\":\"Person\",\"@id\":\"https:\\\/\\\/allasorias.hu\\\/hirek\\\/author\\\/admin-allasorias\\\/#author\",\"url\":\"https:\\\/\\\/allasorias.hu\\\/hirek\\\/author\\\/admin-allasorias\\\/\",\"name\":\"Juh\\u00e1sz P\\u00e9ter\",\"image\":{\"@type\":\"ImageObject\",\"@id\":\"https:\\\/\\\/allasorias.hu\\\/hirek\\\/elismeresre-palyazhatnak-a-munkahelyek\\\/#authorImage\",\"url\":\"https:\\\/\\\/secure.gravatar.com\\\/avatar\\\/36e6bcb83148978b992977cb0f54d22feb0cce8a0a849a9410532bb2623ba4c6?s=96&d=mm&r=g\",\"width\":96,\"height\":96,\"caption\":\"Juh\\u00e1sz P\\u00e9ter\"}},{\"@type\":\"WebPage\",\"@id\":\"https:\\\/\\\/allasorias.hu\\\/hirek\\\/elismeresre-palyazhatnak-a-munkahelyek\\\/#webpage\",\"url\":\"https:\\\/\\\/allasorias.hu\\\/hirek\\\/elismeresre-palyazhatnak-a-munkahelyek\\\/\",\"name\":\"Elismer\\u00e9sre p\\u00e1ly\\u00e1zhatnak a munkahelyek | Allasorias.hu\\\/Hirek\",\"description\":\"Id\\u00e9n els\\u0151 alkalommal hirdette meg a Soksz\\u00edn\\u0171 \\u00e9s M\\u00e9lt\\u00e1nyos Munkahely elismer\\u00e9st a HBLF. A kit\\u00fcntet\\u00e9sre b\\u00e1rmelyik itthon m\\u0171k\\u00f6d\\u0151 hazai vagy glob\\u00e1lis c\\u00e9g p\\u00e1ly\\u00e1zhat.\",\"inLanguage\":\"hu-HU\",\"isPartOf\":{\"@id\":\"https:\\\/\\\/allasorias.hu\\\/hirek\\\/#website\"},\"breadcrumb\":{\"@id\":\"https:\\\/\\\/allasorias.hu\\\/hirek\\\/elismeresre-palyazhatnak-a-munkahelyek\\\/#breadcrumblist\"},\"author\":{\"@id\":\"https:\\\/\\\/allasorias.hu\\\/hirek\\\/author\\\/admin-allasorias\\\/#author\"},\"creator\":{\"@id\":\"https:\\\/\\\/allasorias.hu\\\/hirek\\\/author\\\/admin-allasorias\\\/#author\"},\"image\":{\"@type\":\"ImageObject\",\"url\":\"https:\\\/\\\/allasorias.hu\\\/hirek\\\/wp-content\\\/uploads\\\/2024\\\/04\\\/elismeresre-palyazhatnak-a-munkahelyek.jpg\",\"@id\":\"https:\\\/\\\/allasorias.hu\\\/hirek\\\/elismeresre-palyazhatnak-a-munkahelyek\\\/#mainImage\",\"width\":1280,\"height\":853,\"caption\":\"Elismer\\u00e9sre p\\u00e1ly\\u00e1zhatnak a munkahelyek - Allasorias.hu\\\/Hirek\"},\"primaryImageOfPage\":{\"@id\":\"https:\\\/\\\/allasorias.hu\\\/hirek\\\/elismeresre-palyazhatnak-a-munkahelyek\\\/#mainImage\"},\"datePublished\":\"2024-04-26T10:02:15+02:00\",\"dateModified\":\"2024-04-26T10:02:15+02:00\"},{\"@type\":\"WebSite\",\"@id\":\"https:\\\/\\\/allasorias.hu\\\/hirek\\\/#website\",\"url\":\"https:\\\/\\\/allasorias.hu\\\/hirek\\\/\",\"name\":\"AllasOrias.hu | H\\u00edrek-lapszemle\",\"description\":\"\\u00dczleti h\\u00edrek az \\u00e1ll\\u00e1s \\u00e9s a munka vil\\u00e1g\\u00e1b\\u00f3l\",\"inLanguage\":\"hu-HU\",\"publisher\":{\"@id\":\"https:\\\/\\\/allasorias.hu\\\/hirek\\\/#organization\"}}]}\n\t\t<\/script>\n\t\t<!-- All in One SEO -->\n\n","aioseo_head_json":{"title":"Elismer\u00e9sre p\u00e1ly\u00e1zhatnak a munkahelyek | Allasorias.hu\/Hirek","description":"Id\u00e9n els\u0151 alkalommal hirdette meg a Soksz\u00edn\u0171 \u00e9s M\u00e9lt\u00e1nyos Munkahely elismer\u00e9st a HBLF. A kit\u00fcntet\u00e9sre b\u00e1rmelyik itthon m\u0171k\u00f6d\u0151 hazai vagy glob\u00e1lis c\u00e9g p\u00e1ly\u00e1zhat.","canonical_url":"https:\/\/allasorias.hu\/hirek\/elismeresre-palyazhatnak-a-munkahelyek\/","robots":"max-image-preview:large","keywords":"es\u00e9lyegyenl\u0151s\u00e9g,soksz\u00edn\u0171 \u00e9s m\u00e9lt\u00e1nyos munkahely","webmasterTools":{"miscellaneous":""},"schema":{"@context":"https:\/\/schema.org","@graph":[{"@type":"Article","@id":"https:\/\/allasorias.hu\/hirek\/elismeresre-palyazhatnak-a-munkahelyek\/#article","name":"Elismer\u00e9sre p\u00e1ly\u00e1zhatnak a munkahelyek | Allasorias.hu\/Hirek","headline":"Elismer\u00e9sre p\u00e1ly\u00e1zhatnak a munkahelyek","author":{"@id":"https:\/\/allasorias.hu\/hirek\/author\/admin-allasorias\/#author"},"publisher":{"@id":"https:\/\/allasorias.hu\/hirek\/#organization"},"image":{"@type":"ImageObject","url":"https:\/\/allasorias.hu\/hirek\/wp-content\/uploads\/2024\/04\/elismeresre-palyazhatnak-a-munkahelyek.jpg","width":1280,"height":853,"caption":"Elismer\u00e9sre p\u00e1ly\u00e1zhatnak a munkahelyek - Allasorias.hu\/Hirek"},"datePublished":"2024-04-26T10:02:15+02:00","dateModified":"2024-04-26T10:02:15+02:00","inLanguage":"hu-HU","mainEntityOfPage":{"@id":"https:\/\/allasorias.hu\/hirek\/elismeresre-palyazhatnak-a-munkahelyek\/#webpage"},"isPartOf":{"@id":"https:\/\/allasorias.hu\/hirek\/elismeresre-palyazhatnak-a-munkahelyek\/#webpage"},"articleSection":"Munkaer\u0151piac, es\u00e9lyegyenl\u0151s\u00e9g, Soksz\u00edn\u0171 \u00e9s M\u00e9lt\u00e1nyos Munkahely"},{"@type":"BreadcrumbList","@id":"https:\/\/allasorias.hu\/hirek\/elismeresre-palyazhatnak-a-munkahelyek\/#breadcrumblist","itemListElement":[{"@type":"ListItem","@id":"https:\/\/allasorias.hu\/hirek#listItem","position":1,"name":"Home","item":"https:\/\/allasorias.hu\/hirek","nextItem":{"@type":"ListItem","@id":"https:\/\/allasorias.hu\/hirek\/temak\/munkaeropiac\/#listItem","name":"Munkaer\u0151piac"}},{"@type":"ListItem","@id":"https:\/\/allasorias.hu\/hirek\/temak\/munkaeropiac\/#listItem","position":2,"name":"Munkaer\u0151piac","item":"https:\/\/allasorias.hu\/hirek\/temak\/munkaeropiac\/","nextItem":{"@type":"ListItem","@id":"https:\/\/allasorias.hu\/hirek\/elismeresre-palyazhatnak-a-munkahelyek\/#listItem","name":"Elismer\u00e9sre p\u00e1ly\u00e1zhatnak a munkahelyek"},"previousItem":{"@type":"ListItem","@id":"https:\/\/allasorias.hu\/hirek#listItem","name":"Home"}},{"@type":"ListItem","@id":"https:\/\/allasorias.hu\/hirek\/elismeresre-palyazhatnak-a-munkahelyek\/#listItem","position":3,"name":"Elismer\u00e9sre p\u00e1ly\u00e1zhatnak a munkahelyek","previousItem":{"@type":"ListItem","@id":"https:\/\/allasorias.hu\/hirek\/temak\/munkaeropiac\/#listItem","name":"Munkaer\u0151piac"}}]},{"@type":"Organization","@id":"https:\/\/allasorias.hu\/hirek\/#organization","name":"AllasOrias.hu | H\u00edrek-lapszemle","description":"\u00dczleti h\u00edrek az \u00e1ll\u00e1s \u00e9s a munka vil\u00e1g\u00e1b\u00f3l","url":"https:\/\/allasorias.hu\/hirek\/","logo":{"@type":"ImageObject","url":"https:\/\/allasorias.hu\/hirek\/wp-content\/uploads\/2022\/10\/allasorias_site_facebok_logo.png","@id":"https:\/\/allasorias.hu\/hirek\/elismeresre-palyazhatnak-a-munkahelyek\/#organizationLogo"},"image":{"@id":"https:\/\/allasorias.hu\/hirek\/elismeresre-palyazhatnak-a-munkahelyek\/#organizationLogo"},"sameAs":["https:\/\/www.facebook.com\/allasorias","https:\/\/www.linkedin.com\/company\/allasorias"]},{"@type":"Person","@id":"https:\/\/allasorias.hu\/hirek\/author\/admin-allasorias\/#author","url":"https:\/\/allasorias.hu\/hirek\/author\/admin-allasorias\/","name":"Juh\u00e1sz P\u00e9ter","image":{"@type":"ImageObject","@id":"https:\/\/allasorias.hu\/hirek\/elismeresre-palyazhatnak-a-munkahelyek\/#authorImage","url":"https:\/\/secure.gravatar.com\/avatar\/36e6bcb83148978b992977cb0f54d22feb0cce8a0a849a9410532bb2623ba4c6?s=96&d=mm&r=g","width":96,"height":96,"caption":"Juh\u00e1sz P\u00e9ter"}},{"@type":"WebPage","@id":"https:\/\/allasorias.hu\/hirek\/elismeresre-palyazhatnak-a-munkahelyek\/#webpage","url":"https:\/\/allasorias.hu\/hirek\/elismeresre-palyazhatnak-a-munkahelyek\/","name":"Elismer\u00e9sre p\u00e1ly\u00e1zhatnak a munkahelyek | Allasorias.hu\/Hirek","description":"Id\u00e9n els\u0151 alkalommal hirdette meg a Soksz\u00edn\u0171 \u00e9s M\u00e9lt\u00e1nyos Munkahely elismer\u00e9st a HBLF. A kit\u00fcntet\u00e9sre b\u00e1rmelyik itthon m\u0171k\u00f6d\u0151 hazai vagy glob\u00e1lis c\u00e9g p\u00e1ly\u00e1zhat.","inLanguage":"hu-HU","isPartOf":{"@id":"https:\/\/allasorias.hu\/hirek\/#website"},"breadcrumb":{"@id":"https:\/\/allasorias.hu\/hirek\/elismeresre-palyazhatnak-a-munkahelyek\/#breadcrumblist"},"author":{"@id":"https:\/\/allasorias.hu\/hirek\/author\/admin-allasorias\/#author"},"creator":{"@id":"https:\/\/allasorias.hu\/hirek\/author\/admin-allasorias\/#author"},"image":{"@type":"ImageObject","url":"https:\/\/allasorias.hu\/hirek\/wp-content\/uploads\/2024\/04\/elismeresre-palyazhatnak-a-munkahelyek.jpg","@id":"https:\/\/allasorias.hu\/hirek\/elismeresre-palyazhatnak-a-munkahelyek\/#mainImage","width":1280,"height":853,"caption":"Elismer\u00e9sre p\u00e1ly\u00e1zhatnak a munkahelyek - Allasorias.hu\/Hirek"},"primaryImageOfPage":{"@id":"https:\/\/allasorias.hu\/hirek\/elismeresre-palyazhatnak-a-munkahelyek\/#mainImage"},"datePublished":"2024-04-26T10:02:15+02:00","dateModified":"2024-04-26T10:02:15+02:00"},{"@type":"WebSite","@id":"https:\/\/allasorias.hu\/hirek\/#website","url":"https:\/\/allasorias.hu\/hirek\/","name":"AllasOrias.hu | H\u00edrek-lapszemle","description":"\u00dczleti h\u00edrek az \u00e1ll\u00e1s \u00e9s a munka vil\u00e1g\u00e1b\u00f3l","inLanguage":"hu-HU","publisher":{"@id":"https:\/\/allasorias.hu\/hirek\/#organization"}}]},"og:locale":"hu_HU","og:site_name":"AllasOrias.hu | H\u00edrek-lapszemle | \u00dczleti h\u00edrek az \u00e1ll\u00e1s \u00e9s a munka vil\u00e1g\u00e1b\u00f3l","og:type":"article","og:title":"Elismer\u00e9sre p\u00e1ly\u00e1zhatnak a munkahelyek | Allasorias.hu\/Hirek","og:description":"Id\u00e9n els\u0151 alkalommal hirdette meg a Soksz\u00edn\u0171 \u00e9s M\u00e9lt\u00e1nyos Munkahely elismer\u00e9st a HBLF. A kit\u00fcntet\u00e9sre b\u00e1rmelyik itthon m\u0171k\u00f6d\u0151 hazai vagy glob\u00e1lis c\u00e9g p\u00e1ly\u00e1zhat.","og:url":"https:\/\/allasorias.hu\/hirek\/elismeresre-palyazhatnak-a-munkahelyek\/","og:image":"https:\/\/allasorias.hu\/hirek\/wp-content\/uploads\/2024\/04\/elismeresre-palyazhatnak-a-munkahelyek.jpg","og:image:secure_url":"https:\/\/allasorias.hu\/hirek\/wp-content\/uploads\/2024\/04\/elismeresre-palyazhatnak-a-munkahelyek.jpg","og:image:width":1280,"og:image:height":853,"article:published_time":"2024-04-26T08:02:15+00:00","article:modified_time":"2024-04-26T08:02:15+00:00","article:publisher":"https:\/\/www.facebook.com\/allasorias","twitter:card":"summary_large_image","twitter:title":"Elismer\u00e9sre p\u00e1ly\u00e1zhatnak a munkahelyek | Allasorias.hu\/Hirek","twitter:description":"Id\u00e9n els\u0151 alkalommal hirdette meg a Soksz\u00edn\u0171 \u00e9s M\u00e9lt\u00e1nyos Munkahely elismer\u00e9st a HBLF. A kit\u00fcntet\u00e9sre b\u00e1rmelyik itthon m\u0171k\u00f6d\u0151 hazai vagy glob\u00e1lis c\u00e9g p\u00e1ly\u00e1zhat.","twitter:image":"https:\/\/allasorias.hu\/hirek\/wp-content\/uploads\/2024\/04\/elismeresre-palyazhatnak-a-munkahelyek.jpg","twitter:label1":"Written by","twitter:data1":"Juh\u00e1sz P\u00e9ter","twitter:label2":"Est. reading time","twitter:data2":"2 minutes"},"aioseo_meta_data":{"post_id":"7546","title":"#post_title | Allasorias.hu\/Hirek","description":"Id\u00e9n els\u0151 alkalommal hirdette meg a Soksz\u00edn\u0171 \u00e9s M\u00e9lt\u00e1nyos Munkahely elismer\u00e9st a HBLF. A kit\u00fcntet\u00e9sre b\u00e1rmelyik itthon m\u0171k\u00f6d\u0151 hazai vagy glob\u00e1lis c\u00e9g p\u00e1ly\u00e1zhat.","keywords":[],"keyphrases":{"focus":{"keyphrase":"","score":0,"analysis":{"keyphraseInTitle":{"score":0,"maxScore":9,"error":1}}},"additional":[]},"primary_term":null,"canonical_url":null,"og_title":null,"og_description":null,"og_object_type":"default","og_image_type":"default","og_image_url":null,"og_image_width":null,"og_image_height":null,"og_image_custom_url":null,"og_image_custom_fields":null,"og_video":"","og_custom_url":null,"og_article_section":null,"og_article_tags":[],"twitter_use_og":true,"twitter_card":"default","twitter_image_type":"default","twitter_image_url":null,"twitter_image_custom_url":null,"twitter_image_custom_fields":null,"twitter_title":null,"twitter_description":null,"schema":{"blockGraphs":[],"customGraphs":[],"default":{"data":{"Article":[],"Course":[],"Dataset":[],"FAQPage":[],"Movie":[],"Person":[],"Product":[],"ProductReview":[],"Car":[],"Recipe":[],"Service":[],"SoftwareApplication":[],"WebPage":[]},"graphName":"Article","isEnabled":true},"graphs":[]},"schema_type":"default","schema_type_options":null,"pillar_content":false,"robots_default":true,"robots_noindex":false,"robots_noarchive":false,"robots_nosnippet":false,"robots_nofollow":false,"robots_noimageindex":false,"robots_noodp":false,"robots_notranslate":false,"robots_max_snippet":"-1","robots_max_videopreview":"-1","robots_max_imagepreview":"large","priority":null,"frequency":"default","location":null,"local_seo":null,"breadcrumb_settings":null,"limit_modified_date":false,"ai":null,"created":"2024-04-26 07:52:12","updated":"2025-10-02 19:50:43","seo_analyzer_scan_date":null,"focus_keyword":null,"additional_keywords":null,"truseo_locale":null},"aioseo_breadcrumb":"<div class=\"aioseo-breadcrumbs\"><span class=\"aioseo-breadcrumb\">\n\t\t\t<a href=\"https:\/\/allasorias.hu\/hirek\" title=\"Home\">Home<\/a>\n\t\t<\/span><span class=\"aioseo-breadcrumb-separator\">&raquo;<\/span><span class=\"aioseo-breadcrumb\">\n\t\t\t<a href=\"https:\/\/allasorias.hu\/hirek\/temak\/munkaeropiac\/\" title=\"Munkaer\u0151piac\">Munkaer\u0151piac<\/a>\n\t\t<\/span><span class=\"aioseo-breadcrumb-separator\">&raquo;<\/span><span class=\"aioseo-breadcrumb\">\n\t\t\tElismer\u00e9sre p\u00e1ly\u00e1zhatnak a munkahelyek\n\t\t<\/span><\/div>","aioseo_breadcrumb_json":[{"label":"Home","link":"https:\/\/allasorias.hu\/hirek"},{"label":"Munkaer\u0151piac","link":"https:\/\/allasorias.hu\/hirek\/temak\/munkaeropiac\/"},{"label":"Elismer\u00e9sre p\u00e1ly\u00e1zhatnak a munkahelyek","link":"https:\/\/allasorias.hu\/hirek\/elismeresre-palyazhatnak-a-munkahelyek\/"}],"_links":{"self":[{"href":"https:\/\/allasorias.hu\/hirek\/wp-json\/wp\/v2\/posts\/7546","targetHints":{"allow":["GET"]}}],"collection":[{"href":"https:\/\/allasorias.hu\/hirek\/wp-json\/wp\/v2\/posts"}],"about":[{"href":"https:\/\/allasorias.hu\/hirek\/wp-json\/wp\/v2\/types\/post"}],"author":[{"embeddable":true,"href":"https:\/\/allasorias.hu\/hirek\/wp-json\/wp\/v2\/users\/1"}],"replies":[{"embeddable":true,"href":"https:\/\/allasorias.hu\/hirek\/wp-json\/wp\/v2\/comments?post=7546"}],"version-history":[{"count":1,"href":"https:\/\/allasorias.hu\/hirek\/wp-json\/wp\/v2\/posts\/7546\/revisions"}],"predecessor-version":[{"id":7548,"href":"https:\/\/allasorias.hu\/hirek\/wp-json\/wp\/v2\/posts\/7546\/revisions\/7548"}],"wp:featuredmedia":[{"embeddable":true,"href":"https:\/\/allasorias.hu\/hirek\/wp-json\/wp\/v2\/media\/7547"}],"wp:attachment":[{"href":"https:\/\/allasorias.hu\/hirek\/wp-json\/wp\/v2\/media?parent=7546"}],"wp:term":[{"taxonomy":"category","embeddable":true,"href":"https:\/\/allasorias.hu\/hirek\/wp-json\/wp\/v2\/categories?post=7546"},{"taxonomy":"post_tag","embeddable":true,"href":"https:\/\/allasorias.hu\/hirek\/wp-json\/wp\/v2\/tags?post=7546"}],"curies":[{"name":"wp","href":"https:\/\/api.w.org\/{rel}","templated":true}]}}