{"id":7542,"date":"2024-04-25T09:35:52","date_gmt":"2024-04-25T07:35:52","guid":{"rendered":"https:\/\/allasorias.hu\/hirek\/?p=7542"},"modified":"2025-05-09T15:36:43","modified_gmt":"2025-05-09T13:36:43","slug":"london-es-ausztria-vonzo-a-magyarok-szamara","status":"publish","type":"post","link":"https:\/\/allasorias.hu\/hirek\/london-es-ausztria-vonzo-a-magyarok-szamara\/","title":{"rendered":"London \u00e9s Ausztria vonz\u00f3 a magyarok sz\u00e1m\u00e1ra"},"content":{"rendered":"<p><strong>Id\u00e9n is a legt\u00f6bben <a href=\"https:\/\/allasorias.hu\/hirek\/mi-az-oka-a-munkaero-vandorlasnak\/\">haz\u00e1nkb\u00f3l v\u00e1ndoroln\u00e1nak \u00e1t a nyugati szomsz\u00e9dos orsz\u00e1gba<\/a>,\u00a0 Ausztria nagyon keresett a nemzetk\u00f6zi \u00e1ll\u00e1skeres\u0151k k\u00f6r\u00e9ben a magas \u00e9letmin\u0151s\u00e9g \u00e9s a vonz\u00f3 munkalehet\u0151s\u00e9gek miatt. Ez der\u00fcl ki a Boston Consulting Group tan\u00e1csad\u00f3 c\u00e9g \u00e9s a Stepstone \u00e1ll\u00e1sb\u00f6rze friss tanulm\u00e1ny\u00e1b\u00f3l, amely szerint nyugati szomsz\u00e9dunk a vizsg\u00e1lt, 185 orsz\u00e1g k\u00f6z\u00fcl id\u00e9n a 11. helyen szerepel a vil\u00e1g legn\u00e9pszer\u0171bb munkahelyeinek rangsor\u00e1ban.<\/strong><\/p>\n<p>Ez pedig n\u00e9gy hellyel jobb, mint a legut\u00f3bbi, 2020-as felm\u00e9r\u00e9s sor\u00e1n. A mintegy 150 ezer k\u00fclf\u00f6ldi \u00e1ll\u00e1skeres\u0151 megk\u00e9rdez\u00e9s\u00e9vel k\u00e9sz\u00fclt tanulm\u00e1nyban v\u00e1rosonk\u00e9nt n\u00e9zve a sz\u00f6vets\u00e9gi f\u0151v\u00e1ros, B\u00e9cs a kor\u00e1bbi 22. helyr\u0151l a 23.-ra l\u00e9pett vissza, m\u00edg 2018-ban m\u00e9g a 13. volt a list\u00e1n. \u201e<em>Ausztri\u00e1ban \u00fct\u0151k\u00e1rty\u00e1t jelent a magas \u00e9letmin\u0151s\u00e9g a legokosabb elm\u00e9k\u00e9rt zajl\u00f3, glob\u00e1lis versenyben<\/em>&#8221; \u2013 \u00e1llap\u00edtotta meg Heike Dorninger, a b\u00e9csi BCG iroda vezet\u0151je, megjegyezve, hogy ezt az el\u0151nyt nem is k\u00edv\u00e1nj\u00e1k bonyolult bev\u00e1ndorl\u00e1si elj\u00e1r\u00e1sokkal, nehezen megszerezhet\u0151 v\u00edzum- vagy munkav\u00e1llal\u00e1si enged\u00e9lyekkel kij\u00e1tszani, ez\u00e9rt az osztr\u00e1k munkaad\u00f3k t\u00f6rekednek a b\u00fcrokratikus akad\u00e1lyok proakt\u00edv kezel\u00e9s\u00e9re.<\/p>\n<p>A Kurier \u00e1ltal id\u00e9zett felm\u00e9r\u00e9s azt is\u00a0 meg\u00e1llap\u00edtotta, hogy az osztr\u00e1kok is tiszt\u00e1ban vannak orsz\u00e1guk el\u0151nyeivel, mivel mind\u00f6ssze 11 sz\u00e1zal\u00e9kuk lenne hajland\u00f3 munka miatt elhagyni a haz\u00e1j\u00e1t, akkor is f\u0151k\u00e9nt N\u00e9metorsz\u00e1gba \u00e9s Sv\u00e1jcba menn\u00e9nek dolgozni, illetve az USA \u00e9s Olaszorsz\u00e1g vonz\u00f3 sz\u00e1mukra. Ausztria viszont k\u00fcl\u00f6n\u00f6sen vonz\u00f3 k\u00fclf\u00f6ld\u00f6n:<\/p>\n<ul>\n<li>a legt\u00f6bben 2024-ben is Magyarorsz\u00e1gr\u00f3l szeretn\u00e9nek \u00e1tk\u00f6lt\u00f6zni a jobb meg\u00e9lhet\u00e9s rem\u00e9ny\u00e9ben (36 sz\u00e1zal\u00e9k),<\/li>\n<li>\u0151ket k\u00f6vetik a Bosznia-Hercegovin\u00e1ban (30 sz\u00e1zal\u00e9k),<\/li>\n<li>Szlov\u00e9ni\u00e1ban (22 sz\u00e1zal\u00e9k),<\/li>\n<li>Szerbi\u00e1ban (20 sz\u00e1zal\u00e9k)<\/li>\n<li>\u00e9s a N\u00e9metorsz\u00e1gban (14 sz\u00e1zal\u00e9k) \u00e9l\u0151k.<\/li>\n<\/ul>\n<h2>A v\u00e1rosok k\u00f6z\u00f6tt London a legn\u00e9pszer\u0171bb<\/h2>\n<p>A magyarok munkav\u00e1llal\u00e1si kedve m\u00e1r nem \u00fajkelet\u0171 tendencia: az osztr\u00e1k k\u00f6zszolg\u00e1lati telev\u00edzi\u00f3 statisztikai \u00f6sszefoglal\u00f3ja szerint a 2010 \u00f3ta eltelt tizenn\u00e9gy \u00e9vben \u00f6sszesen 324 179 magyar v\u00e1ndorolt ki az orsz\u00e1gb\u00f3l \u2013 ez a sz\u00e1m t\u00f6bb, mint Debrecen \u00e9s Ny\u00edregyh\u00e1za teljes lakoss\u00e1ga. Tavaly m\u00e1r t\u00f6bben k\u00f6lt\u00f6ztek Ausztri\u00e1ba, mint ah\u00e1nyan t\u00edz \u00e9vvel kor\u00e1bban \u00f6sszesen elhagyt\u00e1k Magyarorsz\u00e1got. A BCG idei rangsor\u00e1nak dobog\u00f3sai k\u00f6z\u00f6tt Ausztr\u00e1lia, az Egyes\u00fclt \u00c1llamok \u00e9s Kanada \u00e1ll, m\u00edg a v\u00e1rosok k\u00f6z\u00f6tt a legn\u00e9pszer\u0171bb London, megel\u0151zve Amszterdamot \u00e9s Dubait.<\/p>\n<p>A kutat\u00f3k meg\u00e1llap\u00edtj\u00e1k, hogy az olyan glob\u00e1lis kih\u00edv\u00e1sok ellen\u00e9re, mint a geopolitikai fesz\u00fclts\u00e9gek, a tart\u00f3s infl\u00e1ci\u00f3 \u00e9s a recesszi\u00f3t\u00f3l val\u00f3 f\u00e9lelem, a megk\u00e9rdezettek mintegy negyede keres akt\u00edvan k\u00fclf\u00f6ldi munkalehet\u0151s\u00e9get \u2013 ehhez t\u00f6bb mint minden hatodik \u00e1ll\u00e1skeres\u0151 nyitott arra, hogy az \u00faj lehet\u0151s\u00e9g miatt \u00e1t is k\u00f6lt\u00f6zz\u00f6n a k\u00fclf\u00f6ldi orsz\u00e1gba. Az osztr\u00e1k korm\u00e1ny nem b\u00edzza a v\u00e9letlenre a szakk\u00e9pzett munkaer\u0151hi\u00e1ny okozta neh\u00e9zs\u00e9gek kezel\u00e9s\u00e9t, amelyre egy nemzetk\u00f6zi szak\u00e9rt\u0151kkel m\u0171k\u00f6d\u0151 strat\u00e9giai bizotts\u00e1g \u00e1ltal hoznak int\u00e9zked\u00e9seket.<\/p>\n<p>A tervek szerint 2027-re \u00e9vente \u2013 a mostani 6-7 ezer helyett \u2013 legal\u00e1bb 15 ezer harmadik orsz\u00e1gbeli, legal\u00e1bb \u00e9retts\u00e9givel rendelkez\u0151 embernek adn\u00e1nak \u00fagynevezett piros-feh\u00e9r-piros (RWR) k\u00e1rty\u00e1t. A munkav\u00e1llal\u00e1si enged\u00e9llyel f\u0151k\u00e9nt Bosznia-Hercegovin\u00e1b\u00f3l, Indi\u00e1b\u00f3l \u00e9s az Orosz F\u00f6der\u00e1ci\u00f3 ter\u00fclet\u00e9r\u0151l \u00e9rkeznek a szakk\u00e9pzett dolgoz\u00f3k. Emellett az Eur\u00f3pai Munkaer\u0151-piaci Szolg\u00e1ltat\u00e1sok H\u00e1l\u00f3zat\u00e1n (EURES) kereszt\u00fcl az uni\u00f3s polg\u00e1rokat is akt\u00edvan toborozz\u00e1k, akik legink\u00e1bb B\u00e9csben helyezkednek el.<\/p>\n<p>A hi\u00e1nyszakm\u00e1k list\u00e1ja nemr\u00e9g olyan \u00e1ll\u00e1slehet\u0151s\u00e9gekkel b\u0151v\u00fclt Ausztri\u00e1ban, mint a &#8222;z\u00f6ld munkahelyek\u201d a mobilit\u00e1si szektorban, p\u00e9ld\u00e1ul v\u00e1rj\u00e1k a jelentkez\u0151ket a mozdonyvezet\u0151i munkak\u00f6rbe, tov\u00e1bb\u00e1 nagy a v\u00e1rakoz\u00e1s az \u00e1pol\u00e1s \u00e9s gondoz\u00e1s ter\u00fclet\u00e9n. Az\u00a0 \u00f6sszesen mintegy 200 ezer \u00fcres \u00e1ll\u00e1s bet\u00f6lt\u00e9s\u00e9re a F\u00fcl\u00f6p-szigetekkel is meg\u00e1llapod\u00e1st k\u00f6t\u00f6ttek az ottani munkaer\u0151-potenci\u00e1l fejleszt\u00e9se \u00e9rdek\u00e9ben.\u00a0 Ennek r\u00e9szek\u00e9nt az osztr\u00e1k \u00e1llam fizet az orsz\u00e1gba \u00e9rkez\u0151 filipp\u00edn\u00f3 \u00e1pol\u00f3n\u0151knek, hogy tanuljanak n\u00e9met\u00fcl, azzal a felt\u00e9tellel, hogy t\u00f6bb \u00e9vig ott fognak dolgozni \u2013 sz\u00e1mol be a Deutsche Welle.<\/p>\n<p>Forr\u00e1s: <a href=\"https:\/\/www.economx.hu\/gazdasag\/ausztria-munkavallalok-magyarok.788818.html\" target=\"_blank\" rel=\"nofollow noopener noreferrer\">economx.hu<\/a><\/p>\n","protected":false},"excerpt":{"rendered":"<p>Id\u00e9n is a legt\u00f6bben haz\u00e1nkb\u00f3l v\u00e1ndoroln\u00e1nak \u00e1t a nyugati szomsz\u00e9dos orsz\u00e1gba,\u00a0 Ausztria nagyon keresett a nemzetk\u00f6zi \u00e1ll\u00e1skeres\u0151k k\u00f6r\u00e9ben a magas \u00e9letmin\u0151s\u00e9g \u00e9s a vonz\u00f3 munkalehet\u0151s\u00e9gek miatt. Ez der\u00fcl ki a Boston Consulting Group tan\u00e1csad\u00f3 c\u00e9g \u00e9s a Stepstone \u00e1ll\u00e1sb\u00f6rze friss tanulm\u00e1ny\u00e1b\u00f3l, amely szerint nyugati szomsz\u00e9dunk a vizsg\u00e1lt, 185 orsz\u00e1g k\u00f6z\u00fcl id\u00e9n a 11. helyen szerepel [&hellip;]<\/p>\n","protected":false},"author":1,"featured_media":7543,"comment_status":"closed","ping_status":"closed","sticky":false,"template":"","format":"standard","meta":{"_monsterinsights_skip_tracking":false,"footnotes":""},"categories":[201],"tags":[579,580],"class_list":["post-7542","post","type-post","status-publish","format-standard","has-post-thumbnail","hentry","category-kulfold","tag-kivandorlas","tag-kulfoldi-munka"],"aioseo_notices":[],"aioseo_head":"\n\t\t<!-- All in One SEO 5.0.0.1 - aioseo.com -->\n\t<meta name=\"description\" content=\"Id\u00e9n is a legt\u00f6bben haz\u00e1nkb\u00f3l v\u00e1ndoroln\u00e1nak \u00e1t a nyugati szomsz\u00e9dos orsz\u00e1gba, Ausztria nagyon keresett a nemzetk\u00f6zi \u00e1ll\u00e1skeres\u0151k k\u00f6r\u00e9ben\" \/>\n\t<meta name=\"robots\" content=\"max-image-preview:large\" \/>\n\t<meta name=\"author\" content=\"Juh\u00e1sz P\u00e9ter\"\/>\n\t<meta name=\"keywords\" content=\"kiv\u00e1ndorl\u00e1s,k\u00fclf\u00f6ldi munka\" \/>\n\t<link rel=\"canonical\" href=\"https:\/\/allasorias.hu\/hirek\/london-es-ausztria-vonzo-a-magyarok-szamara\/\" \/>\n\t<meta name=\"generator\" content=\"All in One SEO (AIOSEO) 5.0.0.1\" \/>\n\t\t<meta property=\"og:locale\" content=\"hu_HU\" \/>\n\t\t<meta property=\"og:site_name\" content=\"AllasOrias.hu | H\u00edrek-lapszemle | \u00dczleti h\u00edrek az \u00e1ll\u00e1s \u00e9s a munka vil\u00e1g\u00e1b\u00f3l\" \/>\n\t\t<meta property=\"og:type\" content=\"article\" \/>\n\t\t<meta property=\"og:title\" content=\"London \u00e9s Ausztria vonz\u00f3 c\u00e9lpont a magyaroknak\" \/>\n\t\t<meta property=\"og:description\" content=\"Id\u00e9n is a legt\u00f6bben haz\u00e1nkb\u00f3l v\u00e1ndoroln\u00e1nak \u00e1t a nyugati szomsz\u00e9dos orsz\u00e1gba, Ausztria nagyon keresett a nemzetk\u00f6zi \u00e1ll\u00e1skeres\u0151k k\u00f6r\u00e9ben\" \/>\n\t\t<meta property=\"og:url\" content=\"https:\/\/allasorias.hu\/hirek\/london-es-ausztria-vonzo-a-magyarok-szamara\/\" \/>\n\t\t<meta property=\"og:image\" content=\"https:\/\/allasorias.hu\/hirek\/wp-content\/uploads\/2024\/04\/kulfoldi-munkavegzes-ausztria.jpg\" \/>\n\t\t<meta property=\"og:image:secure_url\" content=\"https:\/\/allasorias.hu\/hirek\/wp-content\/uploads\/2024\/04\/kulfoldi-munkavegzes-ausztria.jpg\" \/>\n\t\t<meta property=\"og:image:width\" content=\"1280\" \/>\n\t\t<meta property=\"og:image:height\" content=\"640\" \/>\n\t\t<meta property=\"article:published_time\" content=\"2024-04-25T07:35:52+00:00\" \/>\n\t\t<meta property=\"article:modified_time\" content=\"2025-05-09T13:36:43+00:00\" \/>\n\t\t<meta property=\"article:publisher\" content=\"https:\/\/www.facebook.com\/allasorias\" \/>\n\t\t<meta name=\"twitter:card\" content=\"summary_large_image\" \/>\n\t\t<meta name=\"twitter:title\" content=\"London \u00e9s Ausztria vonz\u00f3 c\u00e9lpont a magyaroknak\" \/>\n\t\t<meta name=\"twitter:description\" content=\"Id\u00e9n is a legt\u00f6bben haz\u00e1nkb\u00f3l v\u00e1ndoroln\u00e1nak \u00e1t a nyugati szomsz\u00e9dos orsz\u00e1gba, Ausztria nagyon keresett a nemzetk\u00f6zi \u00e1ll\u00e1skeres\u0151k k\u00f6r\u00e9ben\" \/>\n\t\t<meta name=\"twitter:image\" content=\"https:\/\/allasorias.hu\/hirek\/wp-content\/uploads\/2024\/04\/kulfoldi-munkavegzes-ausztria.jpg\" \/>\n\t\t<meta name=\"twitter:label1\" content=\"Written by\" \/>\n\t\t<meta name=\"twitter:data1\" content=\"Juh\u00e1sz P\u00e9ter\" \/>\n\t\t<meta name=\"twitter:label2\" content=\"Est. reading time\" \/>\n\t\t<meta name=\"twitter:data2\" content=\"4 minutes\" \/>\n\t\t<script type=\"application\/ld+json\" class=\"aioseo-schema\">\n\t\t\t{\"@context\":\"https:\\\/\\\/schema.org\",\"@graph\":[{\"@type\":\"Article\",\"@id\":\"https:\\\/\\\/allasorias.hu\\\/hirek\\\/london-es-ausztria-vonzo-a-magyarok-szamara\\\/#article\",\"name\":\"London \\u00e9s Ausztria vonz\\u00f3 c\\u00e9lpont a magyaroknak\",\"headline\":\"London \\u00e9s Ausztria vonz\\u00f3 a magyarok sz\\u00e1m\\u00e1ra\",\"author\":{\"@id\":\"https:\\\/\\\/allasorias.hu\\\/hirek\\\/author\\\/admin-allasorias\\\/#author\"},\"publisher\":{\"@id\":\"https:\\\/\\\/allasorias.hu\\\/hirek\\\/#organization\"},\"image\":{\"@type\":\"ImageObject\",\"url\":\"https:\\\/\\\/allasorias.hu\\\/hirek\\\/wp-content\\\/uploads\\\/2024\\\/04\\\/kulfoldi-munkavegzes-ausztria.jpg\",\"width\":1280,\"height\":640,\"caption\":\"London \\u00e9s Ausztria vonz\\u00f3 a magyarok sz\\u00e1m\\u00e1ra - Allasorias.hu\\\/Hirek\"},\"datePublished\":\"2024-04-25T09:35:52+02:00\",\"dateModified\":\"2025-05-09T15:36:43+02:00\",\"inLanguage\":\"hu-HU\",\"mainEntityOfPage\":{\"@id\":\"https:\\\/\\\/allasorias.hu\\\/hirek\\\/london-es-ausztria-vonzo-a-magyarok-szamara\\\/#webpage\"},\"isPartOf\":{\"@id\":\"https:\\\/\\\/allasorias.hu\\\/hirek\\\/london-es-ausztria-vonzo-a-magyarok-szamara\\\/#webpage\"},\"articleSection\":\"K\\u00fclf\\u00f6ld, kiv\\u00e1ndorl\\u00e1s, k\\u00fclf\\u00f6ldi munka\"},{\"@type\":\"BreadcrumbList\",\"@id\":\"https:\\\/\\\/allasorias.hu\\\/hirek\\\/london-es-ausztria-vonzo-a-magyarok-szamara\\\/#breadcrumblist\",\"itemListElement\":[{\"@type\":\"ListItem\",\"@id\":\"https:\\\/\\\/allasorias.hu\\\/hirek#listItem\",\"position\":1,\"name\":\"Home\",\"item\":\"https:\\\/\\\/allasorias.hu\\\/hirek\",\"nextItem\":{\"@type\":\"ListItem\",\"@id\":\"https:\\\/\\\/allasorias.hu\\\/hirek\\\/temak\\\/kulfold\\\/#listItem\",\"name\":\"K\\u00fclf\\u00f6ld\"}},{\"@type\":\"ListItem\",\"@id\":\"https:\\\/\\\/allasorias.hu\\\/hirek\\\/temak\\\/kulfold\\\/#listItem\",\"position\":2,\"name\":\"K\\u00fclf\\u00f6ld\",\"item\":\"https:\\\/\\\/allasorias.hu\\\/hirek\\\/temak\\\/kulfold\\\/\",\"nextItem\":{\"@type\":\"ListItem\",\"@id\":\"https:\\\/\\\/allasorias.hu\\\/hirek\\\/london-es-ausztria-vonzo-a-magyarok-szamara\\\/#listItem\",\"name\":\"London \\u00e9s Ausztria vonz\\u00f3 a magyarok sz\\u00e1m\\u00e1ra\"},\"previousItem\":{\"@type\":\"ListItem\",\"@id\":\"https:\\\/\\\/allasorias.hu\\\/hirek#listItem\",\"name\":\"Home\"}},{\"@type\":\"ListItem\",\"@id\":\"https:\\\/\\\/allasorias.hu\\\/hirek\\\/london-es-ausztria-vonzo-a-magyarok-szamara\\\/#listItem\",\"position\":3,\"name\":\"London \\u00e9s Ausztria vonz\\u00f3 a magyarok sz\\u00e1m\\u00e1ra\",\"previousItem\":{\"@type\":\"ListItem\",\"@id\":\"https:\\\/\\\/allasorias.hu\\\/hirek\\\/temak\\\/kulfold\\\/#listItem\",\"name\":\"K\\u00fclf\\u00f6ld\"}}]},{\"@type\":\"Organization\",\"@id\":\"https:\\\/\\\/allasorias.hu\\\/hirek\\\/#organization\",\"name\":\"AllasOrias.hu | H\\u00edrek-lapszemle\",\"description\":\"\\u00dczleti h\\u00edrek az \\u00e1ll\\u00e1s \\u00e9s a munka vil\\u00e1g\\u00e1b\\u00f3l\",\"url\":\"https:\\\/\\\/allasorias.hu\\\/hirek\\\/\",\"logo\":{\"@type\":\"ImageObject\",\"url\":\"https:\\\/\\\/allasorias.hu\\\/hirek\\\/wp-content\\\/uploads\\\/2022\\\/10\\\/allasorias_site_facebok_logo.png\",\"@id\":\"https:\\\/\\\/allasorias.hu\\\/hirek\\\/london-es-ausztria-vonzo-a-magyarok-szamara\\\/#organizationLogo\"},\"image\":{\"@id\":\"https:\\\/\\\/allasorias.hu\\\/hirek\\\/london-es-ausztria-vonzo-a-magyarok-szamara\\\/#organizationLogo\"},\"sameAs\":[\"https:\\\/\\\/www.facebook.com\\\/allasorias\",\"https:\\\/\\\/www.linkedin.com\\\/company\\\/allasorias\"]},{\"@type\":\"Person\",\"@id\":\"https:\\\/\\\/allasorias.hu\\\/hirek\\\/author\\\/admin-allasorias\\\/#author\",\"url\":\"https:\\\/\\\/allasorias.hu\\\/hirek\\\/author\\\/admin-allasorias\\\/\",\"name\":\"Juh\\u00e1sz P\\u00e9ter\",\"image\":{\"@type\":\"ImageObject\",\"@id\":\"https:\\\/\\\/allasorias.hu\\\/hirek\\\/london-es-ausztria-vonzo-a-magyarok-szamara\\\/#authorImage\",\"url\":\"https:\\\/\\\/secure.gravatar.com\\\/avatar\\\/36e6bcb83148978b992977cb0f54d22feb0cce8a0a849a9410532bb2623ba4c6?s=96&d=mm&r=g\",\"width\":96,\"height\":96,\"caption\":\"Juh\\u00e1sz P\\u00e9ter\"}},{\"@type\":\"WebPage\",\"@id\":\"https:\\\/\\\/allasorias.hu\\\/hirek\\\/london-es-ausztria-vonzo-a-magyarok-szamara\\\/#webpage\",\"url\":\"https:\\\/\\\/allasorias.hu\\\/hirek\\\/london-es-ausztria-vonzo-a-magyarok-szamara\\\/\",\"name\":\"London \\u00e9s Ausztria vonz\\u00f3 c\\u00e9lpont a magyaroknak\",\"description\":\"Id\\u00e9n is a legt\\u00f6bben haz\\u00e1nkb\\u00f3l v\\u00e1ndoroln\\u00e1nak \\u00e1t a nyugati szomsz\\u00e9dos orsz\\u00e1gba, Ausztria nagyon keresett a nemzetk\\u00f6zi \\u00e1ll\\u00e1skeres\\u0151k k\\u00f6r\\u00e9ben\",\"inLanguage\":\"hu-HU\",\"isPartOf\":{\"@id\":\"https:\\\/\\\/allasorias.hu\\\/hirek\\\/#website\"},\"breadcrumb\":{\"@id\":\"https:\\\/\\\/allasorias.hu\\\/hirek\\\/london-es-ausztria-vonzo-a-magyarok-szamara\\\/#breadcrumblist\"},\"author\":{\"@id\":\"https:\\\/\\\/allasorias.hu\\\/hirek\\\/author\\\/admin-allasorias\\\/#author\"},\"creator\":{\"@id\":\"https:\\\/\\\/allasorias.hu\\\/hirek\\\/author\\\/admin-allasorias\\\/#author\"},\"image\":{\"@type\":\"ImageObject\",\"url\":\"https:\\\/\\\/allasorias.hu\\\/hirek\\\/wp-content\\\/uploads\\\/2024\\\/04\\\/kulfoldi-munkavegzes-ausztria.jpg\",\"@id\":\"https:\\\/\\\/allasorias.hu\\\/hirek\\\/london-es-ausztria-vonzo-a-magyarok-szamara\\\/#mainImage\",\"width\":1280,\"height\":640,\"caption\":\"London \\u00e9s Ausztria vonz\\u00f3 a magyarok sz\\u00e1m\\u00e1ra - Allasorias.hu\\\/Hirek\"},\"primaryImageOfPage\":{\"@id\":\"https:\\\/\\\/allasorias.hu\\\/hirek\\\/london-es-ausztria-vonzo-a-magyarok-szamara\\\/#mainImage\"},\"datePublished\":\"2024-04-25T09:35:52+02:00\",\"dateModified\":\"2025-05-09T15:36:43+02:00\"},{\"@type\":\"WebSite\",\"@id\":\"https:\\\/\\\/allasorias.hu\\\/hirek\\\/#website\",\"url\":\"https:\\\/\\\/allasorias.hu\\\/hirek\\\/\",\"name\":\"AllasOrias.hu | H\\u00edrek-lapszemle\",\"description\":\"\\u00dczleti h\\u00edrek az \\u00e1ll\\u00e1s \\u00e9s a munka vil\\u00e1g\\u00e1b\\u00f3l\",\"inLanguage\":\"hu-HU\",\"publisher\":{\"@id\":\"https:\\\/\\\/allasorias.hu\\\/hirek\\\/#organization\"}}]}\n\t\t<\/script>\n\t\t<!-- All in One SEO -->\n\n","aioseo_head_json":{"title":"London \u00e9s Ausztria vonz\u00f3 c\u00e9lpont a magyaroknak","description":"Id\u00e9n is a legt\u00f6bben haz\u00e1nkb\u00f3l v\u00e1ndoroln\u00e1nak \u00e1t a nyugati szomsz\u00e9dos orsz\u00e1gba, Ausztria nagyon keresett a nemzetk\u00f6zi \u00e1ll\u00e1skeres\u0151k k\u00f6r\u00e9ben","canonical_url":"https:\/\/allasorias.hu\/hirek\/london-es-ausztria-vonzo-a-magyarok-szamara\/","robots":"max-image-preview:large","keywords":"kiv\u00e1ndorl\u00e1s,k\u00fclf\u00f6ldi munka","webmasterTools":{"miscellaneous":""},"schema":{"@context":"https:\/\/schema.org","@graph":[{"@type":"Article","@id":"https:\/\/allasorias.hu\/hirek\/london-es-ausztria-vonzo-a-magyarok-szamara\/#article","name":"London \u00e9s Ausztria vonz\u00f3 c\u00e9lpont a magyaroknak","headline":"London \u00e9s Ausztria vonz\u00f3 a magyarok sz\u00e1m\u00e1ra","author":{"@id":"https:\/\/allasorias.hu\/hirek\/author\/admin-allasorias\/#author"},"publisher":{"@id":"https:\/\/allasorias.hu\/hirek\/#organization"},"image":{"@type":"ImageObject","url":"https:\/\/allasorias.hu\/hirek\/wp-content\/uploads\/2024\/04\/kulfoldi-munkavegzes-ausztria.jpg","width":1280,"height":640,"caption":"London \u00e9s Ausztria vonz\u00f3 a magyarok sz\u00e1m\u00e1ra - Allasorias.hu\/Hirek"},"datePublished":"2024-04-25T09:35:52+02:00","dateModified":"2025-05-09T15:36:43+02:00","inLanguage":"hu-HU","mainEntityOfPage":{"@id":"https:\/\/allasorias.hu\/hirek\/london-es-ausztria-vonzo-a-magyarok-szamara\/#webpage"},"isPartOf":{"@id":"https:\/\/allasorias.hu\/hirek\/london-es-ausztria-vonzo-a-magyarok-szamara\/#webpage"},"articleSection":"K\u00fclf\u00f6ld, kiv\u00e1ndorl\u00e1s, k\u00fclf\u00f6ldi munka"},{"@type":"BreadcrumbList","@id":"https:\/\/allasorias.hu\/hirek\/london-es-ausztria-vonzo-a-magyarok-szamara\/#breadcrumblist","itemListElement":[{"@type":"ListItem","@id":"https:\/\/allasorias.hu\/hirek#listItem","position":1,"name":"Home","item":"https:\/\/allasorias.hu\/hirek","nextItem":{"@type":"ListItem","@id":"https:\/\/allasorias.hu\/hirek\/temak\/kulfold\/#listItem","name":"K\u00fclf\u00f6ld"}},{"@type":"ListItem","@id":"https:\/\/allasorias.hu\/hirek\/temak\/kulfold\/#listItem","position":2,"name":"K\u00fclf\u00f6ld","item":"https:\/\/allasorias.hu\/hirek\/temak\/kulfold\/","nextItem":{"@type":"ListItem","@id":"https:\/\/allasorias.hu\/hirek\/london-es-ausztria-vonzo-a-magyarok-szamara\/#listItem","name":"London \u00e9s Ausztria vonz\u00f3 a magyarok sz\u00e1m\u00e1ra"},"previousItem":{"@type":"ListItem","@id":"https:\/\/allasorias.hu\/hirek#listItem","name":"Home"}},{"@type":"ListItem","@id":"https:\/\/allasorias.hu\/hirek\/london-es-ausztria-vonzo-a-magyarok-szamara\/#listItem","position":3,"name":"London \u00e9s Ausztria vonz\u00f3 a magyarok sz\u00e1m\u00e1ra","previousItem":{"@type":"ListItem","@id":"https:\/\/allasorias.hu\/hirek\/temak\/kulfold\/#listItem","name":"K\u00fclf\u00f6ld"}}]},{"@type":"Organization","@id":"https:\/\/allasorias.hu\/hirek\/#organization","name":"AllasOrias.hu | H\u00edrek-lapszemle","description":"\u00dczleti h\u00edrek az \u00e1ll\u00e1s \u00e9s a munka vil\u00e1g\u00e1b\u00f3l","url":"https:\/\/allasorias.hu\/hirek\/","logo":{"@type":"ImageObject","url":"https:\/\/allasorias.hu\/hirek\/wp-content\/uploads\/2022\/10\/allasorias_site_facebok_logo.png","@id":"https:\/\/allasorias.hu\/hirek\/london-es-ausztria-vonzo-a-magyarok-szamara\/#organizationLogo"},"image":{"@id":"https:\/\/allasorias.hu\/hirek\/london-es-ausztria-vonzo-a-magyarok-szamara\/#organizationLogo"},"sameAs":["https:\/\/www.facebook.com\/allasorias","https:\/\/www.linkedin.com\/company\/allasorias"]},{"@type":"Person","@id":"https:\/\/allasorias.hu\/hirek\/author\/admin-allasorias\/#author","url":"https:\/\/allasorias.hu\/hirek\/author\/admin-allasorias\/","name":"Juh\u00e1sz P\u00e9ter","image":{"@type":"ImageObject","@id":"https:\/\/allasorias.hu\/hirek\/london-es-ausztria-vonzo-a-magyarok-szamara\/#authorImage","url":"https:\/\/secure.gravatar.com\/avatar\/36e6bcb83148978b992977cb0f54d22feb0cce8a0a849a9410532bb2623ba4c6?s=96&d=mm&r=g","width":96,"height":96,"caption":"Juh\u00e1sz P\u00e9ter"}},{"@type":"WebPage","@id":"https:\/\/allasorias.hu\/hirek\/london-es-ausztria-vonzo-a-magyarok-szamara\/#webpage","url":"https:\/\/allasorias.hu\/hirek\/london-es-ausztria-vonzo-a-magyarok-szamara\/","name":"London \u00e9s Ausztria vonz\u00f3 c\u00e9lpont a magyaroknak","description":"Id\u00e9n is a legt\u00f6bben haz\u00e1nkb\u00f3l v\u00e1ndoroln\u00e1nak \u00e1t a nyugati szomsz\u00e9dos orsz\u00e1gba, Ausztria nagyon keresett a nemzetk\u00f6zi \u00e1ll\u00e1skeres\u0151k k\u00f6r\u00e9ben","inLanguage":"hu-HU","isPartOf":{"@id":"https:\/\/allasorias.hu\/hirek\/#website"},"breadcrumb":{"@id":"https:\/\/allasorias.hu\/hirek\/london-es-ausztria-vonzo-a-magyarok-szamara\/#breadcrumblist"},"author":{"@id":"https:\/\/allasorias.hu\/hirek\/author\/admin-allasorias\/#author"},"creator":{"@id":"https:\/\/allasorias.hu\/hirek\/author\/admin-allasorias\/#author"},"image":{"@type":"ImageObject","url":"https:\/\/allasorias.hu\/hirek\/wp-content\/uploads\/2024\/04\/kulfoldi-munkavegzes-ausztria.jpg","@id":"https:\/\/allasorias.hu\/hirek\/london-es-ausztria-vonzo-a-magyarok-szamara\/#mainImage","width":1280,"height":640,"caption":"London \u00e9s Ausztria vonz\u00f3 a magyarok sz\u00e1m\u00e1ra - Allasorias.hu\/Hirek"},"primaryImageOfPage":{"@id":"https:\/\/allasorias.hu\/hirek\/london-es-ausztria-vonzo-a-magyarok-szamara\/#mainImage"},"datePublished":"2024-04-25T09:35:52+02:00","dateModified":"2025-05-09T15:36:43+02:00"},{"@type":"WebSite","@id":"https:\/\/allasorias.hu\/hirek\/#website","url":"https:\/\/allasorias.hu\/hirek\/","name":"AllasOrias.hu | H\u00edrek-lapszemle","description":"\u00dczleti h\u00edrek az \u00e1ll\u00e1s \u00e9s a munka vil\u00e1g\u00e1b\u00f3l","inLanguage":"hu-HU","publisher":{"@id":"https:\/\/allasorias.hu\/hirek\/#organization"}}]},"og:locale":"hu_HU","og:site_name":"AllasOrias.hu | H\u00edrek-lapszemle | \u00dczleti h\u00edrek az \u00e1ll\u00e1s \u00e9s a munka vil\u00e1g\u00e1b\u00f3l","og:type":"article","og:title":"London \u00e9s Ausztria vonz\u00f3 c\u00e9lpont a magyaroknak","og:description":"Id\u00e9n is a legt\u00f6bben haz\u00e1nkb\u00f3l v\u00e1ndoroln\u00e1nak \u00e1t a nyugati szomsz\u00e9dos orsz\u00e1gba, Ausztria nagyon keresett a nemzetk\u00f6zi \u00e1ll\u00e1skeres\u0151k k\u00f6r\u00e9ben","og:url":"https:\/\/allasorias.hu\/hirek\/london-es-ausztria-vonzo-a-magyarok-szamara\/","og:image":"https:\/\/allasorias.hu\/hirek\/wp-content\/uploads\/2024\/04\/kulfoldi-munkavegzes-ausztria.jpg","og:image:secure_url":"https:\/\/allasorias.hu\/hirek\/wp-content\/uploads\/2024\/04\/kulfoldi-munkavegzes-ausztria.jpg","og:image:width":1280,"og:image:height":640,"article:published_time":"2024-04-25T07:35:52+00:00","article:modified_time":"2025-05-09T13:36:43+00:00","article:publisher":"https:\/\/www.facebook.com\/allasorias","twitter:card":"summary_large_image","twitter:title":"London \u00e9s Ausztria vonz\u00f3 c\u00e9lpont a magyaroknak","twitter:description":"Id\u00e9n is a legt\u00f6bben haz\u00e1nkb\u00f3l v\u00e1ndoroln\u00e1nak \u00e1t a nyugati szomsz\u00e9dos orsz\u00e1gba, Ausztria nagyon keresett a nemzetk\u00f6zi \u00e1ll\u00e1skeres\u0151k k\u00f6r\u00e9ben","twitter:image":"https:\/\/allasorias.hu\/hirek\/wp-content\/uploads\/2024\/04\/kulfoldi-munkavegzes-ausztria.jpg","twitter:label1":"Written by","twitter:data1":"Juh\u00e1sz P\u00e9ter","twitter:label2":"Est. reading time","twitter:data2":"4 minutes"},"aioseo_meta_data":{"post_id":"7542","title":"London \u00e9s Ausztria vonz\u00f3 c\u00e9lpont a magyaroknak","description":"Id\u00e9n is a legt\u00f6bben haz\u00e1nkb\u00f3l v\u00e1ndoroln\u00e1nak \u00e1t a nyugati szomsz\u00e9dos orsz\u00e1gba, Ausztria nagyon keresett a nemzetk\u00f6zi \u00e1ll\u00e1skeres\u0151k k\u00f6r\u00e9ben","keywords":null,"keyphrases":{"focus":{"keyphrase":"","score":0,"analysis":{"keyphraseInTitle":{"score":0,"maxScore":9,"error":1}}},"additional":[]},"primary_term":null,"canonical_url":null,"og_title":null,"og_description":null,"og_object_type":"default","og_image_type":"default","og_image_url":null,"og_image_width":null,"og_image_height":null,"og_image_custom_url":null,"og_image_custom_fields":null,"og_video":"","og_custom_url":null,"og_article_section":null,"og_article_tags":null,"twitter_use_og":true,"twitter_card":"default","twitter_image_type":"default","twitter_image_url":null,"twitter_image_custom_url":null,"twitter_image_custom_fields":null,"twitter_title":null,"twitter_description":null,"schema":{"blockGraphs":[],"customGraphs":[],"default":{"data":{"Article":[],"Course":[],"Dataset":[],"FAQPage":[],"Movie":[],"Person":[],"Product":[],"ProductReview":[],"Car":[],"Recipe":[],"Service":[],"SoftwareApplication":[],"WebPage":[]},"graphName":"Article","isEnabled":true},"graphs":[]},"schema_type":"default","schema_type_options":null,"pillar_content":false,"robots_default":true,"robots_noindex":false,"robots_noarchive":false,"robots_nosnippet":false,"robots_nofollow":false,"robots_noimageindex":false,"robots_noodp":false,"robots_notranslate":false,"robots_max_snippet":"-1","robots_max_videopreview":"-1","robots_max_imagepreview":"large","priority":null,"frequency":"default","location":null,"local_seo":null,"breadcrumb_settings":null,"limit_modified_date":false,"ai":null,"created":"2024-04-25 07:21:19","updated":"2025-10-02 19:50:43","seo_analyzer_scan_date":null,"focus_keyword":null,"additional_keywords":null,"truseo_locale":null},"aioseo_breadcrumb":"<div class=\"aioseo-breadcrumbs\"><span class=\"aioseo-breadcrumb\">\n\t\t\t<a href=\"https:\/\/allasorias.hu\/hirek\" title=\"Home\">Home<\/a>\n\t\t<\/span><span class=\"aioseo-breadcrumb-separator\">&raquo;<\/span><span class=\"aioseo-breadcrumb\">\n\t\t\t<a href=\"https:\/\/allasorias.hu\/hirek\/temak\/kulfold\/\" title=\"K\u00fclf\u00f6ld\">K\u00fclf\u00f6ld<\/a>\n\t\t<\/span><span class=\"aioseo-breadcrumb-separator\">&raquo;<\/span><span class=\"aioseo-breadcrumb\">\n\t\t\tLondon \u00e9s Ausztria vonz\u00f3 a magyarok sz\u00e1m\u00e1ra\n\t\t<\/span><\/div>","aioseo_breadcrumb_json":[{"label":"Home","link":"https:\/\/allasorias.hu\/hirek"},{"label":"K\u00fclf\u00f6ld","link":"https:\/\/allasorias.hu\/hirek\/temak\/kulfold\/"},{"label":"London \u00e9s Ausztria vonz\u00f3 a magyarok sz\u00e1m\u00e1ra","link":"https:\/\/allasorias.hu\/hirek\/london-es-ausztria-vonzo-a-magyarok-szamara\/"}],"_links":{"self":[{"href":"https:\/\/allasorias.hu\/hirek\/wp-json\/wp\/v2\/posts\/7542","targetHints":{"allow":["GET"]}}],"collection":[{"href":"https:\/\/allasorias.hu\/hirek\/wp-json\/wp\/v2\/posts"}],"about":[{"href":"https:\/\/allasorias.hu\/hirek\/wp-json\/wp\/v2\/types\/post"}],"author":[{"embeddable":true,"href":"https:\/\/allasorias.hu\/hirek\/wp-json\/wp\/v2\/users\/1"}],"replies":[{"embeddable":true,"href":"https:\/\/allasorias.hu\/hirek\/wp-json\/wp\/v2\/comments?post=7542"}],"version-history":[{"count":3,"href":"https:\/\/allasorias.hu\/hirek\/wp-json\/wp\/v2\/posts\/7542\/revisions"}],"predecessor-version":[{"id":8436,"href":"https:\/\/allasorias.hu\/hirek\/wp-json\/wp\/v2\/posts\/7542\/revisions\/8436"}],"wp:featuredmedia":[{"embeddable":true,"href":"https:\/\/allasorias.hu\/hirek\/wp-json\/wp\/v2\/media\/7543"}],"wp:attachment":[{"href":"https:\/\/allasorias.hu\/hirek\/wp-json\/wp\/v2\/media?parent=7542"}],"wp:term":[{"taxonomy":"category","embeddable":true,"href":"https:\/\/allasorias.hu\/hirek\/wp-json\/wp\/v2\/categories?post=7542"},{"taxonomy":"post_tag","embeddable":true,"href":"https:\/\/allasorias.hu\/hirek\/wp-json\/wp\/v2\/tags?post=7542"}],"curies":[{"name":"wp","href":"https:\/\/api.w.org\/{rel}","templated":true}]}}