{"id":7539,"date":"2024-04-24T09:10:04","date_gmt":"2024-04-24T07:10:04","guid":{"rendered":"https:\/\/allasorias.hu\/hirek\/?p=7539"},"modified":"2024-04-24T09:10:04","modified_gmt":"2024-04-24T07:10:04","slug":"segitseg-a-munkat-keresoknek","status":"publish","type":"post","link":"https:\/\/allasorias.hu\/hirek\/segitseg-a-munkat-keresoknek\/","title":{"rendered":"Seg\u00edts\u00e9g a munk\u00e1t keres\u0151knek"},"content":{"rendered":"<p><strong>A tart\u00f3s \u00e1ll\u00e1skeres\u0151k elhelyezked\u00e9s\u00e9t seg\u00edti az 1,7 milli\u00e1rd forint hazai forr\u00e1sb\u00f3l megval\u00f3sul\u00f3 program, amelyre h\u00e9tf\u0151t\u0151l lehet jelentkezni &#8211; mondta a Nemzetgazdas\u00e1gi Miniszt\u00e9rium (NGM) foglalkoztat\u00e1spolitik\u00e1\u00e9rt felel\u0151s \u00e1llamtitk\u00e1ra az M1 aktu\u00e1lis csatorn\u00e1n.<\/strong><\/p>\n<p>Czomba S\u00e1ndor felh\u00edvta a figyelmet: az \u00e1tlagosn\u00e1l komplexebb seg\u00edts\u00e9gre van sz\u00fcks\u00e9g\u00fck a munkaer\u0151piacon h\u00e1tr\u00e1nyos helyzetben l\u00e9v\u0151 \u00e1ll\u00e1skeres\u0151knek,<\/p>\n<ul>\n<li>egyebek mellett az alacsony k\u00e9pzetts\u00e9g\u0171eknek,<\/li>\n<li>a 24 \u00e9v alattiaknak<\/li>\n<li>vagy az 50 \u00e9v felettieknek, akik egy vagy k\u00e9t \u00e9ve regisztr\u00e1lt \u00e1ll\u00e1skeres\u0151k.<\/li>\n<\/ul>\n<p>Az \u00e1llamtitk\u00e1r ismertette: az \u00faj pilot program els\u0151 h\u00e1rom h\u00f3napja a munka kipr\u00f3b\u00e1l\u00e1sa, amelynek sor\u00e1n a r\u00e9sztvev\u0151k komplex seg\u00edts\u00e9get kapnak a beilleszked\u00e9shez. Ebben az id\u0151szakban a munkav\u00e1llal\u00f3 foglalkoztat\u00e1s\u00e1hoz havi 200 ezer forintig b\u00e9rt\u00e1mogat\u00e1s is ig\u00e9nybe vehet\u0151, ezen t\u00fal a munkav\u00e1llal\u00f3 havi 53 ezer forint munk\u00e1ban marad\u00e1st \u00f6szt\u00f6nz\u0151 juttat\u00e1sban is r\u00e9szes\u00fclhet. Ha a munk\u00e1ltat\u00f3 legal\u00e1bb \u00f6t h\u00e1tr\u00e1nyos helyzet\u0171 \u00e1ll\u00e1skeres\u0151t foglalkoztat, akkor a program keret\u00e9ben az \u0151ket seg\u00edt\u0151 mentor b\u00e9rk\u00f6lts\u00e9g\u00e9t is t\u00e1mogatj\u00e1k, 375 ezer forintig &#8211; tette hozz\u00e1.<\/p>\n<h2>500-600 embernek seg\u00edt a program<\/h2>\n<p>Az \u00e1ll\u00e1skeres\u0151 alkalmass\u00e1ga, illetve tov\u00e1bbi foglalkoztat\u00e1sa eset\u00e9n a munkaad\u00f3 \u00fajabb 6 h\u00f3napig megkaphatja a b\u00e9rt\u00e1mogat\u00e1st, a munk\u00e1ban marad\u00e1st \u00f6szt\u00f6nz\u0151 juttat\u00e1s pedig 67 ezer forintra n\u0151. Emellett a mentorok munk\u00e1j\u00e1nak t\u00e1mogat\u00e1s\u00e1hoz is ny\u00fajthat\u00f3 minden munkav\u00e1llal\u00f3 ut\u00e1n havi 100 ezer forint &#8211; k\u00f6z\u00f6lte Czomba S\u00e1ndor.Az 1,7 milli\u00e1rd forint 500-600 ember bevon\u00e1s\u00e1t teszi lehet\u0151v\u00e9, de a program m\u0171k\u00f6d\u00e9s\u00e9nek \u00e9rt\u00e9kel\u00e9se ut\u00e1n, annak sikeress\u00e9ge eset\u00e9n sz\u00e9les\u00edtik majd a lehet\u0151s\u00e9get &#8211; jelezte.<\/p>\n<h2>Els\u0151sorban magyarokkal t\u00f6ltik be az \u00fcres \u00e1ll\u00e1shelyeket<\/h2>\n<p>Az NGM \u00e1llamtitk\u00e1ra a Kossuth r\u00e1di\u00f3 J\u00f3 reggelt, Magyarorsz\u00e1g! c\u00edm\u0171 m\u0171sor\u00e1ban hangs\u00falyozta: am\u00edg van potenci\u00e1lis magyar munkav\u00e1llal\u00f3, addig magyarokkal t\u00f6ltik be az \u00fcres \u00e1ll\u00e1shelyeket. Ha egy hazai munkaad\u00f3 harmadik orsz\u00e1gbeli munkav\u00e1llal\u00f3t szeretne foglalkoztatni, akkor el\u0151sz\u00f6r megkeresik a regiszterben l\u00e9v\u0151 magyarokat \u00e9s nekik aj\u00e1nlj\u00e1k fel a munka lehet\u0151s\u00e9g\u00e9t. Sokan \u00f6nhib\u00e1jukon k\u00edv\u00fcl ker\u00fcltek olyan \u00e9lethelyzetbe, hogy nem tudtak munk\u00e1t v\u00e1llalni; ez a program kifejezetten arr\u00f3l sz\u00f3l, hogy ezeket az embereket seg\u00edts\u00e9k munk\u00e1ba &#8211; emelte ki Czomba S\u00e1ndor.<\/p>\n<p>Forr\u00e1s: <a href=\"https:\/\/www.ma.hu\/uzlet\/399547\/Czomba_Sandor_munkahoz_juthatnak_a_tartos_allaskeresok\" target=\"_blank\" rel=\"nofollow noopener noreferrer\">ma.hu<\/a><\/p>\n<p>&nbsp;<\/p>\n","protected":false},"excerpt":{"rendered":"<p>A tart\u00f3s \u00e1ll\u00e1skeres\u0151k elhelyezked\u00e9s\u00e9t seg\u00edti az 1,7 milli\u00e1rd forint hazai forr\u00e1sb\u00f3l megval\u00f3sul\u00f3 program, amelyre h\u00e9tf\u0151t\u0151l lehet jelentkezni &#8211; mondta a Nemzetgazdas\u00e1gi Miniszt\u00e9rium (NGM) foglalkoztat\u00e1spolitik\u00e1\u00e9rt felel\u0151s \u00e1llamtitk\u00e1ra az M1 aktu\u00e1lis csatorn\u00e1n. Czomba S\u00e1ndor felh\u00edvta a figyelmet: az \u00e1tlagosn\u00e1l komplexebb seg\u00edts\u00e9gre van sz\u00fcks\u00e9g\u00fck a munkaer\u0151piacon h\u00e1tr\u00e1nyos helyzetben l\u00e9v\u0151 \u00e1ll\u00e1skeres\u0151knek, egyebek mellett az alacsony k\u00e9pzetts\u00e9g\u0171eknek, a 24 \u00e9v [&hellip;]<\/p>\n","protected":false},"author":1,"featured_media":7540,"comment_status":"closed","ping_status":"closed","sticky":false,"template":"","format":"standard","meta":{"_monsterinsights_skip_tracking":false,"footnotes":""},"categories":[200],"tags":[745,592],"class_list":["post-7539","post","type-post","status-publish","format-standard","has-post-thumbnail","hentry","category-munkaeropiac","tag-program","tag-tamogatas"],"aioseo_notices":[],"aioseo_head":"\n\t\t<!-- All in One SEO 5.0.0.1 - aioseo.com -->\n\t<meta name=\"description\" content=\"A tart\u00f3s \u00e1ll\u00e1skeres\u0151k elhelyezked\u00e9s\u00e9t seg\u00edti az 1,7 milli\u00e1rd forint hazai forr\u00e1sb\u00f3l megval\u00f3sul\u00f3 program, amelyre h\u00e9tf\u0151t\u0151l lehet jelentkezni.\" \/>\n\t<meta name=\"robots\" content=\"max-image-preview:large\" \/>\n\t<meta name=\"author\" content=\"Juh\u00e1sz P\u00e9ter\"\/>\n\t<meta name=\"keywords\" content=\"program,t\u00e1mogat\u00e1s\" \/>\n\t<link rel=\"canonical\" href=\"https:\/\/allasorias.hu\/hirek\/segitseg-a-munkat-keresoknek\/\" \/>\n\t<meta name=\"generator\" content=\"All in One SEO (AIOSEO) 5.0.0.1\" \/>\n\t\t<meta property=\"og:locale\" content=\"hu_HU\" \/>\n\t\t<meta property=\"og:site_name\" content=\"AllasOrias.hu | H\u00edrek-lapszemle | \u00dczleti h\u00edrek az \u00e1ll\u00e1s \u00e9s a munka vil\u00e1g\u00e1b\u00f3l\" \/>\n\t\t<meta property=\"og:type\" content=\"article\" \/>\n\t\t<meta property=\"og:title\" content=\"Seg\u00edts\u00e9g a munk\u00e1t keres\u0151knek | Allasorias.hu\/Hirek\" \/>\n\t\t<meta property=\"og:description\" content=\"A tart\u00f3s \u00e1ll\u00e1skeres\u0151k elhelyezked\u00e9s\u00e9t seg\u00edti az 1,7 milli\u00e1rd forint hazai forr\u00e1sb\u00f3l megval\u00f3sul\u00f3 program, amelyre h\u00e9tf\u0151t\u0151l lehet jelentkezni.\" \/>\n\t\t<meta property=\"og:url\" content=\"https:\/\/allasorias.hu\/hirek\/segitseg-a-munkat-keresoknek\/\" \/>\n\t\t<meta property=\"og:image\" content=\"https:\/\/allasorias.hu\/hirek\/wp-content\/uploads\/2024\/04\/tamogatasi-program.jpg\" \/>\n\t\t<meta property=\"og:image:secure_url\" content=\"https:\/\/allasorias.hu\/hirek\/wp-content\/uploads\/2024\/04\/tamogatasi-program.jpg\" \/>\n\t\t<meta property=\"og:image:width\" content=\"1280\" \/>\n\t\t<meta property=\"og:image:height\" content=\"827\" \/>\n\t\t<meta property=\"article:published_time\" content=\"2024-04-24T07:10:04+00:00\" \/>\n\t\t<meta property=\"article:modified_time\" content=\"2024-04-24T07:10:04+00:00\" \/>\n\t\t<meta property=\"article:publisher\" content=\"https:\/\/www.facebook.com\/allasorias\" \/>\n\t\t<meta name=\"twitter:card\" content=\"summary_large_image\" \/>\n\t\t<meta name=\"twitter:title\" content=\"Seg\u00edts\u00e9g a munk\u00e1t keres\u0151knek | Allasorias.hu\/Hirek\" \/>\n\t\t<meta name=\"twitter:description\" content=\"A tart\u00f3s \u00e1ll\u00e1skeres\u0151k elhelyezked\u00e9s\u00e9t seg\u00edti az 1,7 milli\u00e1rd forint hazai forr\u00e1sb\u00f3l megval\u00f3sul\u00f3 program, amelyre h\u00e9tf\u0151t\u0151l lehet jelentkezni.\" \/>\n\t\t<meta name=\"twitter:image\" content=\"https:\/\/allasorias.hu\/hirek\/wp-content\/uploads\/2024\/04\/tamogatasi-program.jpg\" \/>\n\t\t<meta name=\"twitter:label1\" content=\"Written by\" \/>\n\t\t<meta name=\"twitter:data1\" content=\"Juh\u00e1sz P\u00e9ter\" \/>\n\t\t<meta name=\"twitter:label2\" content=\"Est. reading time\" \/>\n\t\t<meta name=\"twitter:data2\" content=\"2 minutes\" \/>\n\t\t<script type=\"application\/ld+json\" class=\"aioseo-schema\">\n\t\t\t{\"@context\":\"https:\\\/\\\/schema.org\",\"@graph\":[{\"@type\":\"Article\",\"@id\":\"https:\\\/\\\/allasorias.hu\\\/hirek\\\/segitseg-a-munkat-keresoknek\\\/#article\",\"name\":\"Seg\\u00edts\\u00e9g a munk\\u00e1t keres\\u0151knek | Allasorias.hu\\\/Hirek\",\"headline\":\"Seg\\u00edts\\u00e9g a munk\\u00e1t keres\\u0151knek\",\"author\":{\"@id\":\"https:\\\/\\\/allasorias.hu\\\/hirek\\\/author\\\/admin-allasorias\\\/#author\"},\"publisher\":{\"@id\":\"https:\\\/\\\/allasorias.hu\\\/hirek\\\/#organization\"},\"image\":{\"@type\":\"ImageObject\",\"url\":\"https:\\\/\\\/allasorias.hu\\\/hirek\\\/wp-content\\\/uploads\\\/2024\\\/04\\\/tamogatasi-program.jpg\",\"width\":1280,\"height\":827,\"caption\":\"Seg\\u00edts\\u00e9g a munk\\u00e1t keres\\u0151knek - Allasorias.hu\\\/Hirek\"},\"datePublished\":\"2024-04-24T09:10:04+02:00\",\"dateModified\":\"2024-04-24T09:10:04+02:00\",\"inLanguage\":\"hu-HU\",\"mainEntityOfPage\":{\"@id\":\"https:\\\/\\\/allasorias.hu\\\/hirek\\\/segitseg-a-munkat-keresoknek\\\/#webpage\"},\"isPartOf\":{\"@id\":\"https:\\\/\\\/allasorias.hu\\\/hirek\\\/segitseg-a-munkat-keresoknek\\\/#webpage\"},\"articleSection\":\"Munkaer\\u0151piac, program, t\\u00e1mogat\\u00e1s\"},{\"@type\":\"BreadcrumbList\",\"@id\":\"https:\\\/\\\/allasorias.hu\\\/hirek\\\/segitseg-a-munkat-keresoknek\\\/#breadcrumblist\",\"itemListElement\":[{\"@type\":\"ListItem\",\"@id\":\"https:\\\/\\\/allasorias.hu\\\/hirek#listItem\",\"position\":1,\"name\":\"Home\",\"item\":\"https:\\\/\\\/allasorias.hu\\\/hirek\",\"nextItem\":{\"@type\":\"ListItem\",\"@id\":\"https:\\\/\\\/allasorias.hu\\\/hirek\\\/temak\\\/munkaeropiac\\\/#listItem\",\"name\":\"Munkaer\\u0151piac\"}},{\"@type\":\"ListItem\",\"@id\":\"https:\\\/\\\/allasorias.hu\\\/hirek\\\/temak\\\/munkaeropiac\\\/#listItem\",\"position\":2,\"name\":\"Munkaer\\u0151piac\",\"item\":\"https:\\\/\\\/allasorias.hu\\\/hirek\\\/temak\\\/munkaeropiac\\\/\",\"nextItem\":{\"@type\":\"ListItem\",\"@id\":\"https:\\\/\\\/allasorias.hu\\\/hirek\\\/segitseg-a-munkat-keresoknek\\\/#listItem\",\"name\":\"Seg\\u00edts\\u00e9g a munk\\u00e1t keres\\u0151knek\"},\"previousItem\":{\"@type\":\"ListItem\",\"@id\":\"https:\\\/\\\/allasorias.hu\\\/hirek#listItem\",\"name\":\"Home\"}},{\"@type\":\"ListItem\",\"@id\":\"https:\\\/\\\/allasorias.hu\\\/hirek\\\/segitseg-a-munkat-keresoknek\\\/#listItem\",\"position\":3,\"name\":\"Seg\\u00edts\\u00e9g a munk\\u00e1t keres\\u0151knek\",\"previousItem\":{\"@type\":\"ListItem\",\"@id\":\"https:\\\/\\\/allasorias.hu\\\/hirek\\\/temak\\\/munkaeropiac\\\/#listItem\",\"name\":\"Munkaer\\u0151piac\"}}]},{\"@type\":\"Organization\",\"@id\":\"https:\\\/\\\/allasorias.hu\\\/hirek\\\/#organization\",\"name\":\"AllasOrias.hu | H\\u00edrek-lapszemle\",\"description\":\"\\u00dczleti h\\u00edrek az \\u00e1ll\\u00e1s \\u00e9s a munka vil\\u00e1g\\u00e1b\\u00f3l\",\"url\":\"https:\\\/\\\/allasorias.hu\\\/hirek\\\/\",\"logo\":{\"@type\":\"ImageObject\",\"url\":\"https:\\\/\\\/allasorias.hu\\\/hirek\\\/wp-content\\\/uploads\\\/2022\\\/10\\\/allasorias_site_facebok_logo.png\",\"@id\":\"https:\\\/\\\/allasorias.hu\\\/hirek\\\/segitseg-a-munkat-keresoknek\\\/#organizationLogo\"},\"image\":{\"@id\":\"https:\\\/\\\/allasorias.hu\\\/hirek\\\/segitseg-a-munkat-keresoknek\\\/#organizationLogo\"},\"sameAs\":[\"https:\\\/\\\/www.facebook.com\\\/allasorias\",\"https:\\\/\\\/www.linkedin.com\\\/company\\\/allasorias\"]},{\"@type\":\"Person\",\"@id\":\"https:\\\/\\\/allasorias.hu\\\/hirek\\\/author\\\/admin-allasorias\\\/#author\",\"url\":\"https:\\\/\\\/allasorias.hu\\\/hirek\\\/author\\\/admin-allasorias\\\/\",\"name\":\"Juh\\u00e1sz P\\u00e9ter\",\"image\":{\"@type\":\"ImageObject\",\"@id\":\"https:\\\/\\\/allasorias.hu\\\/hirek\\\/segitseg-a-munkat-keresoknek\\\/#authorImage\",\"url\":\"https:\\\/\\\/secure.gravatar.com\\\/avatar\\\/36e6bcb83148978b992977cb0f54d22feb0cce8a0a849a9410532bb2623ba4c6?s=96&d=mm&r=g\",\"width\":96,\"height\":96,\"caption\":\"Juh\\u00e1sz P\\u00e9ter\"}},{\"@type\":\"WebPage\",\"@id\":\"https:\\\/\\\/allasorias.hu\\\/hirek\\\/segitseg-a-munkat-keresoknek\\\/#webpage\",\"url\":\"https:\\\/\\\/allasorias.hu\\\/hirek\\\/segitseg-a-munkat-keresoknek\\\/\",\"name\":\"Seg\\u00edts\\u00e9g a munk\\u00e1t keres\\u0151knek | Allasorias.hu\\\/Hirek\",\"description\":\"A tart\\u00f3s \\u00e1ll\\u00e1skeres\\u0151k elhelyezked\\u00e9s\\u00e9t seg\\u00edti az 1,7 milli\\u00e1rd forint hazai forr\\u00e1sb\\u00f3l megval\\u00f3sul\\u00f3 program, amelyre h\\u00e9tf\\u0151t\\u0151l lehet jelentkezni.\",\"inLanguage\":\"hu-HU\",\"isPartOf\":{\"@id\":\"https:\\\/\\\/allasorias.hu\\\/hirek\\\/#website\"},\"breadcrumb\":{\"@id\":\"https:\\\/\\\/allasorias.hu\\\/hirek\\\/segitseg-a-munkat-keresoknek\\\/#breadcrumblist\"},\"author\":{\"@id\":\"https:\\\/\\\/allasorias.hu\\\/hirek\\\/author\\\/admin-allasorias\\\/#author\"},\"creator\":{\"@id\":\"https:\\\/\\\/allasorias.hu\\\/hirek\\\/author\\\/admin-allasorias\\\/#author\"},\"image\":{\"@type\":\"ImageObject\",\"url\":\"https:\\\/\\\/allasorias.hu\\\/hirek\\\/wp-content\\\/uploads\\\/2024\\\/04\\\/tamogatasi-program.jpg\",\"@id\":\"https:\\\/\\\/allasorias.hu\\\/hirek\\\/segitseg-a-munkat-keresoknek\\\/#mainImage\",\"width\":1280,\"height\":827,\"caption\":\"Seg\\u00edts\\u00e9g a munk\\u00e1t keres\\u0151knek - Allasorias.hu\\\/Hirek\"},\"primaryImageOfPage\":{\"@id\":\"https:\\\/\\\/allasorias.hu\\\/hirek\\\/segitseg-a-munkat-keresoknek\\\/#mainImage\"},\"datePublished\":\"2024-04-24T09:10:04+02:00\",\"dateModified\":\"2024-04-24T09:10:04+02:00\"},{\"@type\":\"WebSite\",\"@id\":\"https:\\\/\\\/allasorias.hu\\\/hirek\\\/#website\",\"url\":\"https:\\\/\\\/allasorias.hu\\\/hirek\\\/\",\"name\":\"AllasOrias.hu | H\\u00edrek-lapszemle\",\"description\":\"\\u00dczleti h\\u00edrek az \\u00e1ll\\u00e1s \\u00e9s a munka vil\\u00e1g\\u00e1b\\u00f3l\",\"inLanguage\":\"hu-HU\",\"publisher\":{\"@id\":\"https:\\\/\\\/allasorias.hu\\\/hirek\\\/#organization\"}}]}\n\t\t<\/script>\n\t\t<!-- All in One SEO -->\n\n","aioseo_head_json":{"title":"Seg\u00edts\u00e9g a munk\u00e1t keres\u0151knek | Allasorias.hu\/Hirek","description":"A tart\u00f3s \u00e1ll\u00e1skeres\u0151k elhelyezked\u00e9s\u00e9t seg\u00edti az 1,7 milli\u00e1rd forint hazai forr\u00e1sb\u00f3l megval\u00f3sul\u00f3 program, amelyre h\u00e9tf\u0151t\u0151l lehet jelentkezni.","canonical_url":"https:\/\/allasorias.hu\/hirek\/segitseg-a-munkat-keresoknek\/","robots":"max-image-preview:large","keywords":"program,t\u00e1mogat\u00e1s","webmasterTools":{"miscellaneous":""},"schema":{"@context":"https:\/\/schema.org","@graph":[{"@type":"Article","@id":"https:\/\/allasorias.hu\/hirek\/segitseg-a-munkat-keresoknek\/#article","name":"Seg\u00edts\u00e9g a munk\u00e1t keres\u0151knek | Allasorias.hu\/Hirek","headline":"Seg\u00edts\u00e9g a munk\u00e1t keres\u0151knek","author":{"@id":"https:\/\/allasorias.hu\/hirek\/author\/admin-allasorias\/#author"},"publisher":{"@id":"https:\/\/allasorias.hu\/hirek\/#organization"},"image":{"@type":"ImageObject","url":"https:\/\/allasorias.hu\/hirek\/wp-content\/uploads\/2024\/04\/tamogatasi-program.jpg","width":1280,"height":827,"caption":"Seg\u00edts\u00e9g a munk\u00e1t keres\u0151knek - Allasorias.hu\/Hirek"},"datePublished":"2024-04-24T09:10:04+02:00","dateModified":"2024-04-24T09:10:04+02:00","inLanguage":"hu-HU","mainEntityOfPage":{"@id":"https:\/\/allasorias.hu\/hirek\/segitseg-a-munkat-keresoknek\/#webpage"},"isPartOf":{"@id":"https:\/\/allasorias.hu\/hirek\/segitseg-a-munkat-keresoknek\/#webpage"},"articleSection":"Munkaer\u0151piac, program, t\u00e1mogat\u00e1s"},{"@type":"BreadcrumbList","@id":"https:\/\/allasorias.hu\/hirek\/segitseg-a-munkat-keresoknek\/#breadcrumblist","itemListElement":[{"@type":"ListItem","@id":"https:\/\/allasorias.hu\/hirek#listItem","position":1,"name":"Home","item":"https:\/\/allasorias.hu\/hirek","nextItem":{"@type":"ListItem","@id":"https:\/\/allasorias.hu\/hirek\/temak\/munkaeropiac\/#listItem","name":"Munkaer\u0151piac"}},{"@type":"ListItem","@id":"https:\/\/allasorias.hu\/hirek\/temak\/munkaeropiac\/#listItem","position":2,"name":"Munkaer\u0151piac","item":"https:\/\/allasorias.hu\/hirek\/temak\/munkaeropiac\/","nextItem":{"@type":"ListItem","@id":"https:\/\/allasorias.hu\/hirek\/segitseg-a-munkat-keresoknek\/#listItem","name":"Seg\u00edts\u00e9g a munk\u00e1t keres\u0151knek"},"previousItem":{"@type":"ListItem","@id":"https:\/\/allasorias.hu\/hirek#listItem","name":"Home"}},{"@type":"ListItem","@id":"https:\/\/allasorias.hu\/hirek\/segitseg-a-munkat-keresoknek\/#listItem","position":3,"name":"Seg\u00edts\u00e9g a munk\u00e1t keres\u0151knek","previousItem":{"@type":"ListItem","@id":"https:\/\/allasorias.hu\/hirek\/temak\/munkaeropiac\/#listItem","name":"Munkaer\u0151piac"}}]},{"@type":"Organization","@id":"https:\/\/allasorias.hu\/hirek\/#organization","name":"AllasOrias.hu | H\u00edrek-lapszemle","description":"\u00dczleti h\u00edrek az \u00e1ll\u00e1s \u00e9s a munka vil\u00e1g\u00e1b\u00f3l","url":"https:\/\/allasorias.hu\/hirek\/","logo":{"@type":"ImageObject","url":"https:\/\/allasorias.hu\/hirek\/wp-content\/uploads\/2022\/10\/allasorias_site_facebok_logo.png","@id":"https:\/\/allasorias.hu\/hirek\/segitseg-a-munkat-keresoknek\/#organizationLogo"},"image":{"@id":"https:\/\/allasorias.hu\/hirek\/segitseg-a-munkat-keresoknek\/#organizationLogo"},"sameAs":["https:\/\/www.facebook.com\/allasorias","https:\/\/www.linkedin.com\/company\/allasorias"]},{"@type":"Person","@id":"https:\/\/allasorias.hu\/hirek\/author\/admin-allasorias\/#author","url":"https:\/\/allasorias.hu\/hirek\/author\/admin-allasorias\/","name":"Juh\u00e1sz P\u00e9ter","image":{"@type":"ImageObject","@id":"https:\/\/allasorias.hu\/hirek\/segitseg-a-munkat-keresoknek\/#authorImage","url":"https:\/\/secure.gravatar.com\/avatar\/36e6bcb83148978b992977cb0f54d22feb0cce8a0a849a9410532bb2623ba4c6?s=96&d=mm&r=g","width":96,"height":96,"caption":"Juh\u00e1sz P\u00e9ter"}},{"@type":"WebPage","@id":"https:\/\/allasorias.hu\/hirek\/segitseg-a-munkat-keresoknek\/#webpage","url":"https:\/\/allasorias.hu\/hirek\/segitseg-a-munkat-keresoknek\/","name":"Seg\u00edts\u00e9g a munk\u00e1t keres\u0151knek | Allasorias.hu\/Hirek","description":"A tart\u00f3s \u00e1ll\u00e1skeres\u0151k elhelyezked\u00e9s\u00e9t seg\u00edti az 1,7 milli\u00e1rd forint hazai forr\u00e1sb\u00f3l megval\u00f3sul\u00f3 program, amelyre h\u00e9tf\u0151t\u0151l lehet jelentkezni.","inLanguage":"hu-HU","isPartOf":{"@id":"https:\/\/allasorias.hu\/hirek\/#website"},"breadcrumb":{"@id":"https:\/\/allasorias.hu\/hirek\/segitseg-a-munkat-keresoknek\/#breadcrumblist"},"author":{"@id":"https:\/\/allasorias.hu\/hirek\/author\/admin-allasorias\/#author"},"creator":{"@id":"https:\/\/allasorias.hu\/hirek\/author\/admin-allasorias\/#author"},"image":{"@type":"ImageObject","url":"https:\/\/allasorias.hu\/hirek\/wp-content\/uploads\/2024\/04\/tamogatasi-program.jpg","@id":"https:\/\/allasorias.hu\/hirek\/segitseg-a-munkat-keresoknek\/#mainImage","width":1280,"height":827,"caption":"Seg\u00edts\u00e9g a munk\u00e1t keres\u0151knek - Allasorias.hu\/Hirek"},"primaryImageOfPage":{"@id":"https:\/\/allasorias.hu\/hirek\/segitseg-a-munkat-keresoknek\/#mainImage"},"datePublished":"2024-04-24T09:10:04+02:00","dateModified":"2024-04-24T09:10:04+02:00"},{"@type":"WebSite","@id":"https:\/\/allasorias.hu\/hirek\/#website","url":"https:\/\/allasorias.hu\/hirek\/","name":"AllasOrias.hu | H\u00edrek-lapszemle","description":"\u00dczleti h\u00edrek az \u00e1ll\u00e1s \u00e9s a munka vil\u00e1g\u00e1b\u00f3l","inLanguage":"hu-HU","publisher":{"@id":"https:\/\/allasorias.hu\/hirek\/#organization"}}]},"og:locale":"hu_HU","og:site_name":"AllasOrias.hu | H\u00edrek-lapszemle | \u00dczleti h\u00edrek az \u00e1ll\u00e1s \u00e9s a munka vil\u00e1g\u00e1b\u00f3l","og:type":"article","og:title":"Seg\u00edts\u00e9g a munk\u00e1t keres\u0151knek | Allasorias.hu\/Hirek","og:description":"A tart\u00f3s \u00e1ll\u00e1skeres\u0151k elhelyezked\u00e9s\u00e9t seg\u00edti az 1,7 milli\u00e1rd forint hazai forr\u00e1sb\u00f3l megval\u00f3sul\u00f3 program, amelyre h\u00e9tf\u0151t\u0151l lehet jelentkezni.","og:url":"https:\/\/allasorias.hu\/hirek\/segitseg-a-munkat-keresoknek\/","og:image":"https:\/\/allasorias.hu\/hirek\/wp-content\/uploads\/2024\/04\/tamogatasi-program.jpg","og:image:secure_url":"https:\/\/allasorias.hu\/hirek\/wp-content\/uploads\/2024\/04\/tamogatasi-program.jpg","og:image:width":1280,"og:image:height":827,"article:published_time":"2024-04-24T07:10:04+00:00","article:modified_time":"2024-04-24T07:10:04+00:00","article:publisher":"https:\/\/www.facebook.com\/allasorias","twitter:card":"summary_large_image","twitter:title":"Seg\u00edts\u00e9g a munk\u00e1t keres\u0151knek | Allasorias.hu\/Hirek","twitter:description":"A tart\u00f3s \u00e1ll\u00e1skeres\u0151k elhelyezked\u00e9s\u00e9t seg\u00edti az 1,7 milli\u00e1rd forint hazai forr\u00e1sb\u00f3l megval\u00f3sul\u00f3 program, amelyre h\u00e9tf\u0151t\u0151l lehet jelentkezni.","twitter:image":"https:\/\/allasorias.hu\/hirek\/wp-content\/uploads\/2024\/04\/tamogatasi-program.jpg","twitter:label1":"Written by","twitter:data1":"Juh\u00e1sz P\u00e9ter","twitter:label2":"Est. reading time","twitter:data2":"2 minutes"},"aioseo_meta_data":{"post_id":"7539","title":"#post_title | Allasorias.hu\/Hirek","description":"A tart\u00f3s \u00e1ll\u00e1skeres\u0151k elhelyezked\u00e9s\u00e9t seg\u00edti az 1,7 milli\u00e1rd forint hazai forr\u00e1sb\u00f3l megval\u00f3sul\u00f3 program, amelyre h\u00e9tf\u0151t\u0151l lehet jelentkezni.","keywords":[],"keyphrases":{"focus":{"keyphrase":"","score":0,"analysis":{"keyphraseInTitle":{"score":0,"maxScore":9,"error":1}}},"additional":[]},"primary_term":null,"canonical_url":null,"og_title":null,"og_description":null,"og_object_type":"default","og_image_type":"default","og_image_url":null,"og_image_width":null,"og_image_height":null,"og_image_custom_url":null,"og_image_custom_fields":null,"og_video":"","og_custom_url":null,"og_article_section":null,"og_article_tags":[],"twitter_use_og":true,"twitter_card":"default","twitter_image_type":"default","twitter_image_url":null,"twitter_image_custom_url":null,"twitter_image_custom_fields":null,"twitter_title":null,"twitter_description":null,"schema":{"blockGraphs":[],"customGraphs":[],"default":{"data":{"Article":[],"Course":[],"Dataset":[],"FAQPage":[],"Movie":[],"Person":[],"Product":[],"ProductReview":[],"Car":[],"Recipe":[],"Service":[],"SoftwareApplication":[],"WebPage":[]},"graphName":"Article","isEnabled":true},"graphs":[]},"schema_type":"default","schema_type_options":null,"pillar_content":false,"robots_default":true,"robots_noindex":false,"robots_noarchive":false,"robots_nosnippet":false,"robots_nofollow":false,"robots_noimageindex":false,"robots_noodp":false,"robots_notranslate":false,"robots_max_snippet":"-1","robots_max_videopreview":"-1","robots_max_imagepreview":"large","priority":null,"frequency":"default","location":null,"local_seo":null,"breadcrumb_settings":null,"limit_modified_date":false,"ai":null,"created":"2024-04-24 06:49:11","updated":"2025-10-02 19:50:43","seo_analyzer_scan_date":null,"focus_keyword":null,"additional_keywords":null,"truseo_locale":null},"aioseo_breadcrumb":"<div class=\"aioseo-breadcrumbs\"><span class=\"aioseo-breadcrumb\">\n\t\t\t<a href=\"https:\/\/allasorias.hu\/hirek\" title=\"Home\">Home<\/a>\n\t\t<\/span><span class=\"aioseo-breadcrumb-separator\">&raquo;<\/span><span class=\"aioseo-breadcrumb\">\n\t\t\t<a href=\"https:\/\/allasorias.hu\/hirek\/temak\/munkaeropiac\/\" title=\"Munkaer\u0151piac\">Munkaer\u0151piac<\/a>\n\t\t<\/span><span class=\"aioseo-breadcrumb-separator\">&raquo;<\/span><span class=\"aioseo-breadcrumb\">\n\t\t\tSeg\u00edts\u00e9g a munk\u00e1t keres\u0151knek\n\t\t<\/span><\/div>","aioseo_breadcrumb_json":[{"label":"Home","link":"https:\/\/allasorias.hu\/hirek"},{"label":"Munkaer\u0151piac","link":"https:\/\/allasorias.hu\/hirek\/temak\/munkaeropiac\/"},{"label":"Seg\u00edts\u00e9g a munk\u00e1t keres\u0151knek","link":"https:\/\/allasorias.hu\/hirek\/segitseg-a-munkat-keresoknek\/"}],"_links":{"self":[{"href":"https:\/\/allasorias.hu\/hirek\/wp-json\/wp\/v2\/posts\/7539","targetHints":{"allow":["GET"]}}],"collection":[{"href":"https:\/\/allasorias.hu\/hirek\/wp-json\/wp\/v2\/posts"}],"about":[{"href":"https:\/\/allasorias.hu\/hirek\/wp-json\/wp\/v2\/types\/post"}],"author":[{"embeddable":true,"href":"https:\/\/allasorias.hu\/hirek\/wp-json\/wp\/v2\/users\/1"}],"replies":[{"embeddable":true,"href":"https:\/\/allasorias.hu\/hirek\/wp-json\/wp\/v2\/comments?post=7539"}],"version-history":[{"count":1,"href":"https:\/\/allasorias.hu\/hirek\/wp-json\/wp\/v2\/posts\/7539\/revisions"}],"predecessor-version":[{"id":7541,"href":"https:\/\/allasorias.hu\/hirek\/wp-json\/wp\/v2\/posts\/7539\/revisions\/7541"}],"wp:featuredmedia":[{"embeddable":true,"href":"https:\/\/allasorias.hu\/hirek\/wp-json\/wp\/v2\/media\/7540"}],"wp:attachment":[{"href":"https:\/\/allasorias.hu\/hirek\/wp-json\/wp\/v2\/media?parent=7539"}],"wp:term":[{"taxonomy":"category","embeddable":true,"href":"https:\/\/allasorias.hu\/hirek\/wp-json\/wp\/v2\/categories?post=7539"},{"taxonomy":"post_tag","embeddable":true,"href":"https:\/\/allasorias.hu\/hirek\/wp-json\/wp\/v2\/tags?post=7539"}],"curies":[{"name":"wp","href":"https:\/\/api.w.org\/{rel}","templated":true}]}}