{"id":7509,"date":"2024-04-15T10:12:27","date_gmt":"2024-04-15T08:12:27","guid":{"rendered":"https:\/\/allasorias.hu\/hirek\/?p=7509"},"modified":"2024-04-15T10:13:26","modified_gmt":"2024-04-15T08:13:26","slug":"hol-tart-a-munkanelkuliseg","status":"publish","type":"post","link":"https:\/\/allasorias.hu\/hirek\/hol-tart-a-munkanelkuliseg\/","title":{"rendered":"Hol tart a munkan\u00e9lk\u00fclis\u00e9g?"},"content":{"rendered":"<p><strong>A legfrissebb munkaer\u0151piaci adatok szerint Magyarorsz\u00e1gon kis m\u00e9rt\u00e9kben n\u0151tt a munkan\u00e9lk\u00fclis\u00e9gi r\u00e1ta, mik\u00f6zben tov\u00e1bbra is 4,7 milli\u00f3an dolgoznak, a regisztr\u00e1lt \u00e1ll\u00e1skeres\u0151k sz\u00e1ma pedig t\u00f6rt\u00e9nelmi m\u00e9lyponton van.\u00a0<\/strong><\/p>\n<p>A nemzetgazdas\u00e1gi miniszter szombaton a Tranzit V\u00e1laszt\u00e1sok \u00e9ve \u2013 v\u00e1ltoz\u00e1sok \u00e9ve c\u00edm\u0171 tavaszi konferenci\u00e1j\u00e1n tartott el\u0151ad\u00e1s\u00e1ban elemezte a magyarorsz\u00e1gi munkaer\u0151piacon zajl\u00f3 folyamatokat. A Nemzetgazdas\u00e1gi Miniszt\u00e9rium k\u00f6zlem\u00e9nye szerint a rendezv\u00e9nyen a t\u00e1rcavezet\u0151 kiemelte, hogy a gazdas\u00e1gi n\u00f6veked\u00e9s \u00fajraind\u00edt\u00e1sa, majd tov\u00e1bbi emel\u00e9se \u00e9rdek\u00e9ben a munkaer\u0151piaci aktivit\u00e1s b\u0151v\u00edt\u00e9se sz\u00fcks\u00e9ges. A korm\u00e1ny c\u00e9lja, hogy az EU-s fejletts\u00e9g 90 sz\u00e1zal\u00e9k\u00e1nak el\u00e9r\u00e9s\u00e9hez 85 sz\u00e1zal\u00e9kra emelje a foglalkoztatotts\u00e1g szintj\u00e9t a 20-64 \u00e9vesek k\u00f6r\u00e9ben \u2013 jelentette ki.<\/p>\n<p>Nagy M\u00e1rton r\u00e1vil\u00e1g\u00edtott arra, hogy a munkan\u00e9lk\u00fclis\u00e9g emelked\u00e9se egyr\u00e9szt \u00e1tmeneti, m\u00e1sr\u00e9szt azt jelzi, hogy egyre t\u00f6bb, kor\u00e1bban inakt\u00edv l\u00e9p be a munkaer\u0151piacra. Ez a gazdas\u00e1g sz\u00e1m\u00e1ra kifejezetten el\u0151ny\u00f6s, a korm\u00e1ny c\u00e9ljaival \u00f6sszhangban mobiliz\u00e1l\u00f3dik a hazai munkaer\u0151piaci tartal\u00e9k, teret nyitva a foglalkoztatotts\u00e1g tov\u00e1bbi n\u00f6veked\u00e9se el\u0151tt. Ismertette: az inakt\u00edv n\u00e9pess\u00e9g szinte minden korcsoportban cs\u00f6kkent, de az inakt\u00edv st\u00e1tuszb\u00f3l a munkaer\u0151piacra l\u00e9p\u00e9s legink\u00e1bb a 15 \u00e9s 34 \u00e9v k\u00f6z\u00f6tti, f\u0151k\u00e9nt alacsonyabb v\u00e9gzetts\u00e9g\u0171 fiatalok \u00e9s az 55 \u00e9s 64 \u00e9v k\u00f6z\u00f6tti, nyugd\u00edj el\u0151tt \u00e1ll\u00f3 szakk\u00e9pzettek k\u00f6r\u00e9ben tapasztalhat\u00f3.<\/p>\n<h2>Budapest k\u00f6rny\u00e9k\u00e9r\u0151l \u00e9s Kelet-Magyarorsz\u00e1gr\u00f3l keresnek a legt\u00f6bben munk\u00e1t<\/h2>\n<p>Az inakt\u00edvak k\u00f6z\u00fcl a legt\u00f6bben Budapestr\u0151l \u00e9s vonz\u00e1sk\u00f6rzet\u00e9b\u0151l, valamint Kelet-Magyarorsz\u00e1gr\u00f3l szeretn\u00e9nek a munkaer\u0151piacra l\u00e9pni \u00e9s jellemz\u0151en a nagy ipari parkok vonz\u00e1sk\u00f6rzet\u00e9ben tal\u00e1lnak munk\u00e1ra, mivel ezeken a ter\u00fcleteken emelkedik legink\u00e1bb a foglalkoztat\u00e1s. Nagy M\u00e1rton felh\u00edvta a figyelmet arra is, hogy a magyar munkaer\u0151piacon folyamatban van egy bels\u0151, \u00e1gazati \u00e1trendez\u0151d\u00e9s: 2023 eleje \u00f3ta legnagyobb m\u00e9rt\u00e9kben \u2013 49 ezerrel \u2013 a k\u00f6zigazgat\u00e1sban cs\u00f6kkent a foglalkoztatottak sz\u00e1ma, ezzel egyidej\u0171leg a legjelent\u0151sebb n\u00f6veked\u00e9s a feldolgoz\u00f3iparban volt tapasztalhat\u00f3.<\/p>\n<p>Pozit\u00edv folyamatnak min\u0151s\u00edtette, hogy trendszer\u0171en cs\u00f6kken a k\u00f6zfoglalkoztatottak sz\u00e1ma, akik szint\u00e9n az els\u0151dleges munkaer\u0151piacon tudnak elhelyezkedni. Nagy M\u00e1rton hangs\u00falyozta: <a href=\"https:\/\/allasorias.hu\/hirek\/a-munkaalapu-tarsadalom-a-cel\/\">Magyarorsz\u00e1g munkaalap\u00fa<\/a> \u00e9s nem seg\u00e9lyalap\u00fa, haz\u00e1nkban van az egyik legalacsonyabb munkan\u00e9lk\u00fclis\u00e9g \u00e9s legmagasabb foglalkoztatotts\u00e1g, \u00edgy a munkaalap\u00fa t\u00e1rsadalom alappill\u00e9rei megszil\u00e1rdultak \u00e9s tov\u00e1bb er\u0151s\u00f6dnek. A Gyurcs\u00e1ny-korszakhoz k\u00e9pest egymilli\u00f3val dolgoznak t\u00f6bben, \u00e1tlagosan m\u00e1r h\u00e1romszor magasabb fizet\u00e9s\u00e9rt \u2013 jelezte a nemzetgazdas\u00e1gi miniszter. A Gazdas\u00e1gfejleszt\u00e9si \u00e9s Innov\u00e1ci\u00f3s Operat\u00edv Program Plusz keretei k\u00f6z\u00f6tt a korm\u00e1ny 2030-ig t\u00f6bb mint 460 milli\u00e1rd forint uni\u00f3s forr\u00e1s bevon\u00e1s\u00e1val seg\u00edti a foglalkoztat\u00e1s \u00e9s az aktivit\u00e1s tov\u00e1bbi n\u00f6vel\u00e9s\u00e9t, a munkaer\u0151-tartal\u00e9kok mozg\u00f3s\u00edt\u00e1s\u00e1t, a munk\u00e1ban \u00e1ll\u00f3k k\u00e9pz\u00e9s\u00e9t, valamint a munkak\u00f6r\u00fclm\u00e9nyek jav\u00edt\u00e1s\u00e1t \u2013 \u00e1ll a k\u00f6zlem\u00e9nyben.<\/p>\n<p>Forr\u00e1s: <a href=\"https:\/\/hirklikk.hu\/kozelet\/nagy-marton-szerint-a-munkanelkuliseg-emelkedese-egyreszt-atmeneti\/430679\" target=\"_blank\" rel=\"nofollow noopener noreferrer\">hirklikk.hu<\/a><\/p>\n","protected":false},"excerpt":{"rendered":"<p>A legfrissebb munkaer\u0151piaci adatok szerint Magyarorsz\u00e1gon kis m\u00e9rt\u00e9kben n\u0151tt a munkan\u00e9lk\u00fclis\u00e9gi r\u00e1ta, mik\u00f6zben tov\u00e1bbra is 4,7 milli\u00f3an dolgoznak, a regisztr\u00e1lt \u00e1ll\u00e1skeres\u0151k sz\u00e1ma pedig t\u00f6rt\u00e9nelmi m\u00e9lyponton van.\u00a0 A nemzetgazdas\u00e1gi miniszter szombaton a Tranzit V\u00e1laszt\u00e1sok \u00e9ve \u2013 v\u00e1ltoz\u00e1sok \u00e9ve c\u00edm\u0171 tavaszi konferenci\u00e1j\u00e1n tartott el\u0151ad\u00e1s\u00e1ban elemezte a magyarorsz\u00e1gi munkaer\u0151piacon zajl\u00f3 folyamatokat. A Nemzetgazdas\u00e1gi Miniszt\u00e9rium k\u00f6zlem\u00e9nye szerint a rendezv\u00e9nyen [&hellip;]<\/p>\n","protected":false},"author":1,"featured_media":7510,"comment_status":"closed","ping_status":"closed","sticky":false,"template":"","format":"standard","meta":{"_monsterinsights_skip_tracking":false,"footnotes":""},"categories":[200],"tags":[81],"class_list":["post-7509","post","type-post","status-publish","format-standard","has-post-thumbnail","hentry","category-munkaeropiac","tag-munkanelkuliseg-2"],"aioseo_notices":[],"aioseo_head":"\n\t\t<!-- All in One SEO 5.0.0.1 - aioseo.com -->\n\t<meta name=\"description\" content=\"A legfrissebb munkaer\u0151piaci adatok szerint Magyarorsz\u00e1gon kis m\u00e9rt\u00e9kben n\u0151tt a munkan\u00e9lk\u00fclis\u00e9gi r\u00e1ta, mik\u00f6zben tov\u00e1bbra is 4,7 milli\u00f3an dolgoznak\" \/>\n\t<meta name=\"robots\" content=\"max-image-preview:large\" \/>\n\t<meta name=\"author\" content=\"Juh\u00e1sz P\u00e9ter\"\/>\n\t<meta name=\"keywords\" content=\"munkan\u00e9lk\u00fclis\u00e9g\" \/>\n\t<link rel=\"canonical\" href=\"https:\/\/allasorias.hu\/hirek\/hol-tart-a-munkanelkuliseg\/\" \/>\n\t<meta name=\"generator\" content=\"All in One SEO (AIOSEO) 5.0.0.1\" \/>\n\t\t<meta property=\"og:locale\" content=\"hu_HU\" \/>\n\t\t<meta property=\"og:site_name\" content=\"AllasOrias.hu | H\u00edrek-lapszemle | \u00dczleti h\u00edrek az \u00e1ll\u00e1s \u00e9s a munka vil\u00e1g\u00e1b\u00f3l\" \/>\n\t\t<meta property=\"og:type\" content=\"article\" \/>\n\t\t<meta property=\"og:title\" content=\"Hol tart a munkan\u00e9lk\u00fclis\u00e9g? | Allasorias.hu\/Hirek\" \/>\n\t\t<meta property=\"og:description\" content=\"A legfrissebb munkaer\u0151piaci adatok szerint Magyarorsz\u00e1gon kis m\u00e9rt\u00e9kben n\u0151tt a munkan\u00e9lk\u00fclis\u00e9gi r\u00e1ta, mik\u00f6zben tov\u00e1bbra is 4,7 milli\u00f3an dolgoznak\" \/>\n\t\t<meta property=\"og:url\" content=\"https:\/\/allasorias.hu\/hirek\/hol-tart-a-munkanelkuliseg\/\" \/>\n\t\t<meta property=\"og:image\" content=\"https:\/\/allasorias.hu\/hirek\/wp-content\/uploads\/2024\/04\/munkanelkulisegi-statisztika.jpg\" \/>\n\t\t<meta property=\"og:image:secure_url\" content=\"https:\/\/allasorias.hu\/hirek\/wp-content\/uploads\/2024\/04\/munkanelkulisegi-statisztika.jpg\" \/>\n\t\t<meta property=\"og:image:width\" content=\"1280\" \/>\n\t\t<meta property=\"og:image:height\" content=\"853\" \/>\n\t\t<meta property=\"article:published_time\" content=\"2024-04-15T08:12:27+00:00\" \/>\n\t\t<meta property=\"article:modified_time\" content=\"2024-04-15T08:13:26+00:00\" \/>\n\t\t<meta property=\"article:publisher\" content=\"https:\/\/www.facebook.com\/allasorias\" \/>\n\t\t<meta name=\"twitter:card\" content=\"summary_large_image\" \/>\n\t\t<meta name=\"twitter:title\" content=\"Hol tart a munkan\u00e9lk\u00fclis\u00e9g? | Allasorias.hu\/Hirek\" \/>\n\t\t<meta name=\"twitter:description\" content=\"A legfrissebb munkaer\u0151piaci adatok szerint Magyarorsz\u00e1gon kis m\u00e9rt\u00e9kben n\u0151tt a munkan\u00e9lk\u00fclis\u00e9gi r\u00e1ta, mik\u00f6zben tov\u00e1bbra is 4,7 milli\u00f3an dolgoznak\" \/>\n\t\t<meta name=\"twitter:image\" content=\"https:\/\/allasorias.hu\/hirek\/wp-content\/uploads\/2024\/04\/munkanelkulisegi-statisztika.jpg\" \/>\n\t\t<meta name=\"twitter:label1\" content=\"Written by\" \/>\n\t\t<meta name=\"twitter:data1\" content=\"Juh\u00e1sz P\u00e9ter\" \/>\n\t\t<meta name=\"twitter:label2\" content=\"Est. reading time\" \/>\n\t\t<meta name=\"twitter:data2\" content=\"3 minutes\" \/>\n\t\t<script type=\"application\/ld+json\" class=\"aioseo-schema\">\n\t\t\t{\"@context\":\"https:\\\/\\\/schema.org\",\"@graph\":[{\"@type\":\"Article\",\"@id\":\"https:\\\/\\\/allasorias.hu\\\/hirek\\\/hol-tart-a-munkanelkuliseg\\\/#article\",\"name\":\"Hol tart a munkan\\u00e9lk\\u00fclis\\u00e9g? | Allasorias.hu\\\/Hirek\",\"headline\":\"Hol tart a munkan\\u00e9lk\\u00fclis\\u00e9g?\",\"author\":{\"@id\":\"https:\\\/\\\/allasorias.hu\\\/hirek\\\/author\\\/admin-allasorias\\\/#author\"},\"publisher\":{\"@id\":\"https:\\\/\\\/allasorias.hu\\\/hirek\\\/#organization\"},\"image\":{\"@type\":\"ImageObject\",\"url\":\"https:\\\/\\\/allasorias.hu\\\/hirek\\\/wp-content\\\/uploads\\\/2024\\\/04\\\/munkanelkulisegi-statisztika.jpg\",\"width\":1280,\"height\":853,\"caption\":\"Hol tart a munkan\\u00e9lk\\u00fclis\\u00e9g? - Allasorias.hu\\\/Hirek\"},\"datePublished\":\"2024-04-15T10:12:27+02:00\",\"dateModified\":\"2024-04-15T10:13:26+02:00\",\"inLanguage\":\"hu-HU\",\"mainEntityOfPage\":{\"@id\":\"https:\\\/\\\/allasorias.hu\\\/hirek\\\/hol-tart-a-munkanelkuliseg\\\/#webpage\"},\"isPartOf\":{\"@id\":\"https:\\\/\\\/allasorias.hu\\\/hirek\\\/hol-tart-a-munkanelkuliseg\\\/#webpage\"},\"articleSection\":\"Munkaer\\u0151piac, munkan\\u00e9lk\\u00fclis\\u00e9g\"},{\"@type\":\"BreadcrumbList\",\"@id\":\"https:\\\/\\\/allasorias.hu\\\/hirek\\\/hol-tart-a-munkanelkuliseg\\\/#breadcrumblist\",\"itemListElement\":[{\"@type\":\"ListItem\",\"@id\":\"https:\\\/\\\/allasorias.hu\\\/hirek#listItem\",\"position\":1,\"name\":\"Home\",\"item\":\"https:\\\/\\\/allasorias.hu\\\/hirek\",\"nextItem\":{\"@type\":\"ListItem\",\"@id\":\"https:\\\/\\\/allasorias.hu\\\/hirek\\\/temak\\\/munkaeropiac\\\/#listItem\",\"name\":\"Munkaer\\u0151piac\"}},{\"@type\":\"ListItem\",\"@id\":\"https:\\\/\\\/allasorias.hu\\\/hirek\\\/temak\\\/munkaeropiac\\\/#listItem\",\"position\":2,\"name\":\"Munkaer\\u0151piac\",\"item\":\"https:\\\/\\\/allasorias.hu\\\/hirek\\\/temak\\\/munkaeropiac\\\/\",\"nextItem\":{\"@type\":\"ListItem\",\"@id\":\"https:\\\/\\\/allasorias.hu\\\/hirek\\\/hol-tart-a-munkanelkuliseg\\\/#listItem\",\"name\":\"Hol tart a munkan\\u00e9lk\\u00fclis\\u00e9g?\"},\"previousItem\":{\"@type\":\"ListItem\",\"@id\":\"https:\\\/\\\/allasorias.hu\\\/hirek#listItem\",\"name\":\"Home\"}},{\"@type\":\"ListItem\",\"@id\":\"https:\\\/\\\/allasorias.hu\\\/hirek\\\/hol-tart-a-munkanelkuliseg\\\/#listItem\",\"position\":3,\"name\":\"Hol tart a munkan\\u00e9lk\\u00fclis\\u00e9g?\",\"previousItem\":{\"@type\":\"ListItem\",\"@id\":\"https:\\\/\\\/allasorias.hu\\\/hirek\\\/temak\\\/munkaeropiac\\\/#listItem\",\"name\":\"Munkaer\\u0151piac\"}}]},{\"@type\":\"Organization\",\"@id\":\"https:\\\/\\\/allasorias.hu\\\/hirek\\\/#organization\",\"name\":\"AllasOrias.hu | H\\u00edrek-lapszemle\",\"description\":\"\\u00dczleti h\\u00edrek az \\u00e1ll\\u00e1s \\u00e9s a munka vil\\u00e1g\\u00e1b\\u00f3l\",\"url\":\"https:\\\/\\\/allasorias.hu\\\/hirek\\\/\",\"logo\":{\"@type\":\"ImageObject\",\"url\":\"https:\\\/\\\/allasorias.hu\\\/hirek\\\/wp-content\\\/uploads\\\/2022\\\/10\\\/allasorias_site_facebok_logo.png\",\"@id\":\"https:\\\/\\\/allasorias.hu\\\/hirek\\\/hol-tart-a-munkanelkuliseg\\\/#organizationLogo\"},\"image\":{\"@id\":\"https:\\\/\\\/allasorias.hu\\\/hirek\\\/hol-tart-a-munkanelkuliseg\\\/#organizationLogo\"},\"sameAs\":[\"https:\\\/\\\/www.facebook.com\\\/allasorias\",\"https:\\\/\\\/www.linkedin.com\\\/company\\\/allasorias\"]},{\"@type\":\"Person\",\"@id\":\"https:\\\/\\\/allasorias.hu\\\/hirek\\\/author\\\/admin-allasorias\\\/#author\",\"url\":\"https:\\\/\\\/allasorias.hu\\\/hirek\\\/author\\\/admin-allasorias\\\/\",\"name\":\"Juh\\u00e1sz P\\u00e9ter\",\"image\":{\"@type\":\"ImageObject\",\"@id\":\"https:\\\/\\\/allasorias.hu\\\/hirek\\\/hol-tart-a-munkanelkuliseg\\\/#authorImage\",\"url\":\"https:\\\/\\\/secure.gravatar.com\\\/avatar\\\/36e6bcb83148978b992977cb0f54d22feb0cce8a0a849a9410532bb2623ba4c6?s=96&d=mm&r=g\",\"width\":96,\"height\":96,\"caption\":\"Juh\\u00e1sz P\\u00e9ter\"}},{\"@type\":\"WebPage\",\"@id\":\"https:\\\/\\\/allasorias.hu\\\/hirek\\\/hol-tart-a-munkanelkuliseg\\\/#webpage\",\"url\":\"https:\\\/\\\/allasorias.hu\\\/hirek\\\/hol-tart-a-munkanelkuliseg\\\/\",\"name\":\"Hol tart a munkan\\u00e9lk\\u00fclis\\u00e9g? | Allasorias.hu\\\/Hirek\",\"description\":\"A legfrissebb munkaer\\u0151piaci adatok szerint Magyarorsz\\u00e1gon kis m\\u00e9rt\\u00e9kben n\\u0151tt a munkan\\u00e9lk\\u00fclis\\u00e9gi r\\u00e1ta, mik\\u00f6zben tov\\u00e1bbra is 4,7 milli\\u00f3an dolgoznak\",\"inLanguage\":\"hu-HU\",\"isPartOf\":{\"@id\":\"https:\\\/\\\/allasorias.hu\\\/hirek\\\/#website\"},\"breadcrumb\":{\"@id\":\"https:\\\/\\\/allasorias.hu\\\/hirek\\\/hol-tart-a-munkanelkuliseg\\\/#breadcrumblist\"},\"author\":{\"@id\":\"https:\\\/\\\/allasorias.hu\\\/hirek\\\/author\\\/admin-allasorias\\\/#author\"},\"creator\":{\"@id\":\"https:\\\/\\\/allasorias.hu\\\/hirek\\\/author\\\/admin-allasorias\\\/#author\"},\"image\":{\"@type\":\"ImageObject\",\"url\":\"https:\\\/\\\/allasorias.hu\\\/hirek\\\/wp-content\\\/uploads\\\/2024\\\/04\\\/munkanelkulisegi-statisztika.jpg\",\"@id\":\"https:\\\/\\\/allasorias.hu\\\/hirek\\\/hol-tart-a-munkanelkuliseg\\\/#mainImage\",\"width\":1280,\"height\":853,\"caption\":\"Hol tart a munkan\\u00e9lk\\u00fclis\\u00e9g? - Allasorias.hu\\\/Hirek\"},\"primaryImageOfPage\":{\"@id\":\"https:\\\/\\\/allasorias.hu\\\/hirek\\\/hol-tart-a-munkanelkuliseg\\\/#mainImage\"},\"datePublished\":\"2024-04-15T10:12:27+02:00\",\"dateModified\":\"2024-04-15T10:13:26+02:00\"},{\"@type\":\"WebSite\",\"@id\":\"https:\\\/\\\/allasorias.hu\\\/hirek\\\/#website\",\"url\":\"https:\\\/\\\/allasorias.hu\\\/hirek\\\/\",\"name\":\"AllasOrias.hu | H\\u00edrek-lapszemle\",\"description\":\"\\u00dczleti h\\u00edrek az \\u00e1ll\\u00e1s \\u00e9s a munka vil\\u00e1g\\u00e1b\\u00f3l\",\"inLanguage\":\"hu-HU\",\"publisher\":{\"@id\":\"https:\\\/\\\/allasorias.hu\\\/hirek\\\/#organization\"}}]}\n\t\t<\/script>\n\t\t<!-- All in One SEO -->\n\n","aioseo_head_json":{"title":"Hol tart a munkan\u00e9lk\u00fclis\u00e9g? | Allasorias.hu\/Hirek","description":"A legfrissebb munkaer\u0151piaci adatok szerint Magyarorsz\u00e1gon kis m\u00e9rt\u00e9kben n\u0151tt a munkan\u00e9lk\u00fclis\u00e9gi r\u00e1ta, mik\u00f6zben tov\u00e1bbra is 4,7 milli\u00f3an dolgoznak","canonical_url":"https:\/\/allasorias.hu\/hirek\/hol-tart-a-munkanelkuliseg\/","robots":"max-image-preview:large","keywords":"munkan\u00e9lk\u00fclis\u00e9g","webmasterTools":{"miscellaneous":""},"schema":{"@context":"https:\/\/schema.org","@graph":[{"@type":"Article","@id":"https:\/\/allasorias.hu\/hirek\/hol-tart-a-munkanelkuliseg\/#article","name":"Hol tart a munkan\u00e9lk\u00fclis\u00e9g? | Allasorias.hu\/Hirek","headline":"Hol tart a munkan\u00e9lk\u00fclis\u00e9g?","author":{"@id":"https:\/\/allasorias.hu\/hirek\/author\/admin-allasorias\/#author"},"publisher":{"@id":"https:\/\/allasorias.hu\/hirek\/#organization"},"image":{"@type":"ImageObject","url":"https:\/\/allasorias.hu\/hirek\/wp-content\/uploads\/2024\/04\/munkanelkulisegi-statisztika.jpg","width":1280,"height":853,"caption":"Hol tart a munkan\u00e9lk\u00fclis\u00e9g? - Allasorias.hu\/Hirek"},"datePublished":"2024-04-15T10:12:27+02:00","dateModified":"2024-04-15T10:13:26+02:00","inLanguage":"hu-HU","mainEntityOfPage":{"@id":"https:\/\/allasorias.hu\/hirek\/hol-tart-a-munkanelkuliseg\/#webpage"},"isPartOf":{"@id":"https:\/\/allasorias.hu\/hirek\/hol-tart-a-munkanelkuliseg\/#webpage"},"articleSection":"Munkaer\u0151piac, munkan\u00e9lk\u00fclis\u00e9g"},{"@type":"BreadcrumbList","@id":"https:\/\/allasorias.hu\/hirek\/hol-tart-a-munkanelkuliseg\/#breadcrumblist","itemListElement":[{"@type":"ListItem","@id":"https:\/\/allasorias.hu\/hirek#listItem","position":1,"name":"Home","item":"https:\/\/allasorias.hu\/hirek","nextItem":{"@type":"ListItem","@id":"https:\/\/allasorias.hu\/hirek\/temak\/munkaeropiac\/#listItem","name":"Munkaer\u0151piac"}},{"@type":"ListItem","@id":"https:\/\/allasorias.hu\/hirek\/temak\/munkaeropiac\/#listItem","position":2,"name":"Munkaer\u0151piac","item":"https:\/\/allasorias.hu\/hirek\/temak\/munkaeropiac\/","nextItem":{"@type":"ListItem","@id":"https:\/\/allasorias.hu\/hirek\/hol-tart-a-munkanelkuliseg\/#listItem","name":"Hol tart a munkan\u00e9lk\u00fclis\u00e9g?"},"previousItem":{"@type":"ListItem","@id":"https:\/\/allasorias.hu\/hirek#listItem","name":"Home"}},{"@type":"ListItem","@id":"https:\/\/allasorias.hu\/hirek\/hol-tart-a-munkanelkuliseg\/#listItem","position":3,"name":"Hol tart a munkan\u00e9lk\u00fclis\u00e9g?","previousItem":{"@type":"ListItem","@id":"https:\/\/allasorias.hu\/hirek\/temak\/munkaeropiac\/#listItem","name":"Munkaer\u0151piac"}}]},{"@type":"Organization","@id":"https:\/\/allasorias.hu\/hirek\/#organization","name":"AllasOrias.hu | H\u00edrek-lapszemle","description":"\u00dczleti h\u00edrek az \u00e1ll\u00e1s \u00e9s a munka vil\u00e1g\u00e1b\u00f3l","url":"https:\/\/allasorias.hu\/hirek\/","logo":{"@type":"ImageObject","url":"https:\/\/allasorias.hu\/hirek\/wp-content\/uploads\/2022\/10\/allasorias_site_facebok_logo.png","@id":"https:\/\/allasorias.hu\/hirek\/hol-tart-a-munkanelkuliseg\/#organizationLogo"},"image":{"@id":"https:\/\/allasorias.hu\/hirek\/hol-tart-a-munkanelkuliseg\/#organizationLogo"},"sameAs":["https:\/\/www.facebook.com\/allasorias","https:\/\/www.linkedin.com\/company\/allasorias"]},{"@type":"Person","@id":"https:\/\/allasorias.hu\/hirek\/author\/admin-allasorias\/#author","url":"https:\/\/allasorias.hu\/hirek\/author\/admin-allasorias\/","name":"Juh\u00e1sz P\u00e9ter","image":{"@type":"ImageObject","@id":"https:\/\/allasorias.hu\/hirek\/hol-tart-a-munkanelkuliseg\/#authorImage","url":"https:\/\/secure.gravatar.com\/avatar\/36e6bcb83148978b992977cb0f54d22feb0cce8a0a849a9410532bb2623ba4c6?s=96&d=mm&r=g","width":96,"height":96,"caption":"Juh\u00e1sz P\u00e9ter"}},{"@type":"WebPage","@id":"https:\/\/allasorias.hu\/hirek\/hol-tart-a-munkanelkuliseg\/#webpage","url":"https:\/\/allasorias.hu\/hirek\/hol-tart-a-munkanelkuliseg\/","name":"Hol tart a munkan\u00e9lk\u00fclis\u00e9g? | Allasorias.hu\/Hirek","description":"A legfrissebb munkaer\u0151piaci adatok szerint Magyarorsz\u00e1gon kis m\u00e9rt\u00e9kben n\u0151tt a munkan\u00e9lk\u00fclis\u00e9gi r\u00e1ta, mik\u00f6zben tov\u00e1bbra is 4,7 milli\u00f3an dolgoznak","inLanguage":"hu-HU","isPartOf":{"@id":"https:\/\/allasorias.hu\/hirek\/#website"},"breadcrumb":{"@id":"https:\/\/allasorias.hu\/hirek\/hol-tart-a-munkanelkuliseg\/#breadcrumblist"},"author":{"@id":"https:\/\/allasorias.hu\/hirek\/author\/admin-allasorias\/#author"},"creator":{"@id":"https:\/\/allasorias.hu\/hirek\/author\/admin-allasorias\/#author"},"image":{"@type":"ImageObject","url":"https:\/\/allasorias.hu\/hirek\/wp-content\/uploads\/2024\/04\/munkanelkulisegi-statisztika.jpg","@id":"https:\/\/allasorias.hu\/hirek\/hol-tart-a-munkanelkuliseg\/#mainImage","width":1280,"height":853,"caption":"Hol tart a munkan\u00e9lk\u00fclis\u00e9g? - Allasorias.hu\/Hirek"},"primaryImageOfPage":{"@id":"https:\/\/allasorias.hu\/hirek\/hol-tart-a-munkanelkuliseg\/#mainImage"},"datePublished":"2024-04-15T10:12:27+02:00","dateModified":"2024-04-15T10:13:26+02:00"},{"@type":"WebSite","@id":"https:\/\/allasorias.hu\/hirek\/#website","url":"https:\/\/allasorias.hu\/hirek\/","name":"AllasOrias.hu | H\u00edrek-lapszemle","description":"\u00dczleti h\u00edrek az \u00e1ll\u00e1s \u00e9s a munka vil\u00e1g\u00e1b\u00f3l","inLanguage":"hu-HU","publisher":{"@id":"https:\/\/allasorias.hu\/hirek\/#organization"}}]},"og:locale":"hu_HU","og:site_name":"AllasOrias.hu | H\u00edrek-lapszemle | \u00dczleti h\u00edrek az \u00e1ll\u00e1s \u00e9s a munka vil\u00e1g\u00e1b\u00f3l","og:type":"article","og:title":"Hol tart a munkan\u00e9lk\u00fclis\u00e9g? | Allasorias.hu\/Hirek","og:description":"A legfrissebb munkaer\u0151piaci adatok szerint Magyarorsz\u00e1gon kis m\u00e9rt\u00e9kben n\u0151tt a munkan\u00e9lk\u00fclis\u00e9gi r\u00e1ta, mik\u00f6zben tov\u00e1bbra is 4,7 milli\u00f3an dolgoznak","og:url":"https:\/\/allasorias.hu\/hirek\/hol-tart-a-munkanelkuliseg\/","og:image":"https:\/\/allasorias.hu\/hirek\/wp-content\/uploads\/2024\/04\/munkanelkulisegi-statisztika.jpg","og:image:secure_url":"https:\/\/allasorias.hu\/hirek\/wp-content\/uploads\/2024\/04\/munkanelkulisegi-statisztika.jpg","og:image:width":1280,"og:image:height":853,"article:published_time":"2024-04-15T08:12:27+00:00","article:modified_time":"2024-04-15T08:13:26+00:00","article:publisher":"https:\/\/www.facebook.com\/allasorias","twitter:card":"summary_large_image","twitter:title":"Hol tart a munkan\u00e9lk\u00fclis\u00e9g? | Allasorias.hu\/Hirek","twitter:description":"A legfrissebb munkaer\u0151piaci adatok szerint Magyarorsz\u00e1gon kis m\u00e9rt\u00e9kben n\u0151tt a munkan\u00e9lk\u00fclis\u00e9gi r\u00e1ta, mik\u00f6zben tov\u00e1bbra is 4,7 milli\u00f3an dolgoznak","twitter:image":"https:\/\/allasorias.hu\/hirek\/wp-content\/uploads\/2024\/04\/munkanelkulisegi-statisztika.jpg","twitter:label1":"Written by","twitter:data1":"Juh\u00e1sz P\u00e9ter","twitter:label2":"Est. reading time","twitter:data2":"3 minutes"},"aioseo_meta_data":{"post_id":"7509","title":"#post_title | Allasorias.hu\/Hirek","description":"A legfrissebb munkaer\u0151piaci adatok szerint Magyarorsz\u00e1gon kis m\u00e9rt\u00e9kben n\u0151tt a munkan\u00e9lk\u00fclis\u00e9gi r\u00e1ta, mik\u00f6zben tov\u00e1bbra is 4,7 milli\u00f3an dolgoznak","keywords":[],"keyphrases":{"focus":{"keyphrase":"","score":0,"analysis":{"keyphraseInTitle":{"score":0,"maxScore":9,"error":1}}},"additional":[]},"primary_term":null,"canonical_url":null,"og_title":null,"og_description":null,"og_object_type":"default","og_image_type":"default","og_image_url":null,"og_image_width":null,"og_image_height":null,"og_image_custom_url":null,"og_image_custom_fields":null,"og_video":"","og_custom_url":null,"og_article_section":null,"og_article_tags":[],"twitter_use_og":true,"twitter_card":"default","twitter_image_type":"default","twitter_image_url":null,"twitter_image_custom_url":null,"twitter_image_custom_fields":null,"twitter_title":null,"twitter_description":null,"schema":{"blockGraphs":[],"customGraphs":[],"default":{"data":{"Article":[],"Course":[],"Dataset":[],"FAQPage":[],"Movie":[],"Person":[],"Product":[],"ProductReview":[],"Car":[],"Recipe":[],"Service":[],"SoftwareApplication":[],"WebPage":[]},"graphName":"Article","isEnabled":true},"graphs":[]},"schema_type":"default","schema_type_options":null,"pillar_content":false,"robots_default":true,"robots_noindex":false,"robots_noarchive":false,"robots_nosnippet":false,"robots_nofollow":false,"robots_noimageindex":false,"robots_noodp":false,"robots_notranslate":false,"robots_max_snippet":"-1","robots_max_videopreview":"-1","robots_max_imagepreview":"large","priority":null,"frequency":"default","location":null,"local_seo":null,"breadcrumb_settings":null,"limit_modified_date":false,"ai":null,"created":"2024-04-15 07:02:41","updated":"2025-10-02 19:49:48","seo_analyzer_scan_date":null,"focus_keyword":null,"additional_keywords":null,"truseo_locale":null},"aioseo_breadcrumb":"<div class=\"aioseo-breadcrumbs\"><span class=\"aioseo-breadcrumb\">\n\t\t\t<a href=\"https:\/\/allasorias.hu\/hirek\" title=\"Home\">Home<\/a>\n\t\t<\/span><span class=\"aioseo-breadcrumb-separator\">&raquo;<\/span><span class=\"aioseo-breadcrumb\">\n\t\t\t<a href=\"https:\/\/allasorias.hu\/hirek\/temak\/munkaeropiac\/\" title=\"Munkaer\u0151piac\">Munkaer\u0151piac<\/a>\n\t\t<\/span><span class=\"aioseo-breadcrumb-separator\">&raquo;<\/span><span class=\"aioseo-breadcrumb\">\n\t\t\tHol tart a munkan\u00e9lk\u00fclis\u00e9g?\n\t\t<\/span><\/div>","aioseo_breadcrumb_json":[{"label":"Home","link":"https:\/\/allasorias.hu\/hirek"},{"label":"Munkaer\u0151piac","link":"https:\/\/allasorias.hu\/hirek\/temak\/munkaeropiac\/"},{"label":"Hol tart a munkan\u00e9lk\u00fclis\u00e9g?","link":"https:\/\/allasorias.hu\/hirek\/hol-tart-a-munkanelkuliseg\/"}],"_links":{"self":[{"href":"https:\/\/allasorias.hu\/hirek\/wp-json\/wp\/v2\/posts\/7509","targetHints":{"allow":["GET"]}}],"collection":[{"href":"https:\/\/allasorias.hu\/hirek\/wp-json\/wp\/v2\/posts"}],"about":[{"href":"https:\/\/allasorias.hu\/hirek\/wp-json\/wp\/v2\/types\/post"}],"author":[{"embeddable":true,"href":"https:\/\/allasorias.hu\/hirek\/wp-json\/wp\/v2\/users\/1"}],"replies":[{"embeddable":true,"href":"https:\/\/allasorias.hu\/hirek\/wp-json\/wp\/v2\/comments?post=7509"}],"version-history":[{"count":2,"href":"https:\/\/allasorias.hu\/hirek\/wp-json\/wp\/v2\/posts\/7509\/revisions"}],"predecessor-version":[{"id":7512,"href":"https:\/\/allasorias.hu\/hirek\/wp-json\/wp\/v2\/posts\/7509\/revisions\/7512"}],"wp:featuredmedia":[{"embeddable":true,"href":"https:\/\/allasorias.hu\/hirek\/wp-json\/wp\/v2\/media\/7510"}],"wp:attachment":[{"href":"https:\/\/allasorias.hu\/hirek\/wp-json\/wp\/v2\/media?parent=7509"}],"wp:term":[{"taxonomy":"category","embeddable":true,"href":"https:\/\/allasorias.hu\/hirek\/wp-json\/wp\/v2\/categories?post=7509"},{"taxonomy":"post_tag","embeddable":true,"href":"https:\/\/allasorias.hu\/hirek\/wp-json\/wp\/v2\/tags?post=7509"}],"curies":[{"name":"wp","href":"https:\/\/api.w.org\/{rel}","templated":true}]}}