{"id":7502,"date":"2024-04-11T09:59:56","date_gmt":"2024-04-11T07:59:56","guid":{"rendered":"https:\/\/allasorias.hu\/hirek\/?p=7502"},"modified":"2025-05-09T12:00:29","modified_gmt":"2025-05-09T10:00:29","slug":"ha-nincs-eleg-magyar-johetnek-a-kulfoldi-munkavallalok","status":"publish","type":"post","link":"https:\/\/allasorias.hu\/hirek\/ha-nincs-eleg-magyar-johetnek-a-kulfoldi-munkavallalok\/","title":{"rendered":"Ha nincs el\u00e9g magyar, j\u00f6hetnek a k\u00fclf\u00f6ldi munkav\u00e1llal\u00f3k"},"content":{"rendered":"<p><strong>A szakemberek szerint 2024 t\u00f6bb szempontb\u00f3l is a v\u00e1ltoz\u00e1sok \u00e9ve a munkaer\u0151piacon. Munkav\u00e1llal\u00f3i oldalon \u00fagy t\u0171nhet, nehezebb most munk\u00e1t tal\u00e1lni, mint kor\u00e1bban: t\u00f6bb f\u00f3rumon is arr\u00f3l besz\u00e9lnek az \u00e1ll\u00e1skeres\u0151k, hogy v\u00e9gzetts\u00e9gt\u0151l f\u00fcggetlen\u00fcl z\u00e1rt ajt\u00f3kon kopogtatnak, ha \u00faj munkahelyen szeretn\u00e9nek elhelyezkedni. <\/strong><\/p>\n<p>B\u00e1r a hi\u00e1nyszakm\u00e1kban nem k\u00e9rd\u00e9s, hogy tov\u00e1bbra is keresik a c\u00e9gek a munkaer\u0151t, m\u00e1s ter\u00fcleteken ez nem ilyen egy\u00e9rtelm\u0171. Egyesek szerint stagn\u00e1l\u00e1s figyelhet\u0151 meg, m\u00edg m\u00e1sok szerint ugyan\u00fagy a kereslet-k\u00edn\u00e1lat szab\u00e1lyoz, mint eddig. Milyen most a munkaer\u0151-piaci helyzet, mit tapasztalhatnak a munkav\u00e1llal\u00f3k \u00e9s a munkaad\u00f3k? Ezt a t\u00e9m\u00e1t j\u00e1rja kicsit k\u00f6rbe a 25 \u00e9ves Man at Work.<\/p>\n<h2>Csak akkor j\u00f6hetnek a k\u00fclf\u00f6ldi munkav\u00e1llal\u00f3k, amikor m\u00e1r nincs el\u00e9g magyar<\/h2>\n<p>Munkaad\u00f3i oldalr\u00f3l sz\u00e1mos k\u00fcls\u0151, gazdas\u00e1gi t\u00e9nyez\u0151 indokolhatja ezt a (val\u00f3sz\u00edn\u0171leg \u00e1tmeneti) stopot, m\u00e1r ha val\u00f3ban besz\u00e9lhet\u00fcnk stagn\u00e1l\u00e1sr\u00f3l a munkaer\u0151-felv\u00e9telt tekintve. \u201e<em>A Man at Work-n\u00e9l azt l\u00e1tjuk, ha jelenleg meg is figyelhet\u0151 egy kis \u00f3vatoss\u00e1g n\u00e9h\u00e1ny partner\u00fcnk r\u00e9sz\u00e9r\u0151l, ez a k\u00e9s\u0151bbiekben val\u00f3sz\u00edn\u0171leg enyh\u00fclni fog. Ann\u00e1l is ink\u00e1bb, mert a h\u00edrek szerint tov\u00e1bbra is 300 ezer f\u0151 hi\u00e1nyzik a magyar munkaer\u0151-piacr\u00f3l, ami szint\u00e9n azt jelzi, hogy a c\u00e9geknek kell a munkaer\u0151<\/em>\u201d \u2013 mondta Baradits Bulcs\u00fa, a Man at Work munkaer\u0151-k\u00f6lcs\u00f6nz\u00e9si \u00fczlet\u00e1gvezet\u0151je. Ehhez kapcsol\u00f3d\u00f3an az \u00fczlet\u00e1gvezet\u0151 kiemelte azt is, hogy min\u0151s\u00edtett k\u00f6lcs\u00f6nz\u0151k\u00e9nt a Man at Work k\u00fcl\u00f6n\u00f6sen figyel arra, hogy \u2013 b\u00e1r j\u00f3 tapasztalataik vannak a harmadik orsz\u00e1gbeli munkav\u00e1llal\u00f3kkal \u2013 <a href=\"https:\/\/allasorias.hu\/hirek\/szukseg-van-a-kulfoldi-munkaerore\/\">k\u00fclf\u00f6ldi munkav\u00e1llal\u00f3t csak akkor aj\u00e1nljon ki a partnereihez, amikor m\u00e1r nincs el\u00e9g magyar \u00e1ll\u00e1skeres\u0151<\/a>.<\/p>\n<h2>Fontos a munkaer\u0151 megtart\u00e1sa<\/h2>\n<p>\u201e<em>A magyar munkaer\u0151-toborz\u00e1s, illetve \u00e9s az \u00faj emberek felv\u00e9tele bizonyos szektorokban val\u00f3ban nehezebb lehet, ez\u00e9rt is szoktuk kiemelni partnereinknek a megtart\u00e1s fontoss\u00e1g\u00e1t. Az el\u00e9gedett munkaer\u0151 l\u00e9nyeges szerepet kap egyr\u00e9szt a termel\u00e9s szempontj\u00e1b\u00f3l, de seg\u00edthet a toborz\u00e1sban is az aj\u00e1nl\u00f3i rendszeren kereszt\u00fcl<\/em>\u201d \u2013 magyar\u00e1zta Baradits Bulcs\u00fa. B\u00e1r a hi\u00e1nyszakm\u00e1kban nem k\u00e9rd\u00e9s, hogy tov\u00e1bbra is keresik a c\u00e9gek a munkaer\u0151t, m\u00e1s ter\u00fcleteken ez nem ilyen egy\u00e9rtelm\u0171.\u00a0 A k\u00e9rd\u00e9st teh\u00e1t az, hogyan gondoskodhat egy c\u00e9g az el\u00e9gedett munkaer\u0151r\u0151l, akit hosszabb t\u00e1von is meg tudnak tartani? Az egyik legjobb \u00fat persze, ha kinevelik \u2013 erre szolg\u00e1lnak a k\u00fcl\u00f6nb\u00f6z\u0151, \u00e9s egyre t\u00f6bb v\u00e1llalatn\u00e1l el\u00e9rhet\u0151 gyakornoki programok \u2013, illetve a beilleszked\u00e9st seg\u00edt\u0151 kezdem\u00e9nyez\u00e9sek is.<\/p>\n<p>Forr\u00e1s: <a href=\"https:\/\/piacesprofit.hu\/cikkek\/gazdasag\/miert-nehezebb-most-munkat-talalni-.html?oldal=1\" target=\"_blank\" rel=\"nofollow noopener noreferrer\">piacesprofit.hu<\/a><\/p>\n","protected":false},"excerpt":{"rendered":"<p>A szakemberek szerint 2024 t\u00f6bb szempontb\u00f3l is a v\u00e1ltoz\u00e1sok \u00e9ve a munkaer\u0151piacon. Munkav\u00e1llal\u00f3i oldalon \u00fagy t\u0171nhet, nehezebb most munk\u00e1t tal\u00e1lni, mint kor\u00e1bban: t\u00f6bb f\u00f3rumon is arr\u00f3l besz\u00e9lnek az \u00e1ll\u00e1skeres\u0151k, hogy v\u00e9gzetts\u00e9gt\u0151l f\u00fcggetlen\u00fcl z\u00e1rt ajt\u00f3kon kopogtatnak, ha \u00faj munkahelyen szeretn\u00e9nek elhelyezkedni. B\u00e1r a hi\u00e1nyszakm\u00e1kban nem k\u00e9rd\u00e9s, hogy tov\u00e1bbra is keresik a c\u00e9gek a munkaer\u0151t, m\u00e1s ter\u00fcleteken [&hellip;]<\/p>\n","protected":false},"author":1,"featured_media":7503,"comment_status":"closed","ping_status":"closed","sticky":false,"template":"","format":"standard","meta":{"_monsterinsights_skip_tracking":false,"footnotes":""},"categories":[200],"tags":[478,637],"class_list":["post-7502","post","type-post","status-publish","format-standard","has-post-thumbnail","hentry","category-munkaeropiac","tag-kulfoldi-munkavallalok","tag-vendegmunka"],"aioseo_notices":[],"aioseo_head":"\n\t\t<!-- All in One SEO 5.0.0.1 - aioseo.com -->\n\t<meta name=\"description\" content=\"A szakemberek szerint 2024 t\u00f6bb szempontb\u00f3l is a v\u00e1ltoz\u00e1sok \u00e9ve a munkaer\u0151piacon. Munkav\u00e1llal\u00f3i oldalon \u00fagy t\u0171nhet, nehezebb most munk\u00e1t tal\u00e1lni, mint kor\u00e1bban.\" \/>\n\t<meta name=\"robots\" content=\"max-image-preview:large\" \/>\n\t<meta name=\"author\" content=\"Juh\u00e1sz P\u00e9ter\"\/>\n\t<meta name=\"keywords\" content=\"k\u00fclf\u00f6ldi munkav\u00e1llal\u00f3k,vend\u00e9gmunka\" \/>\n\t<link rel=\"canonical\" href=\"https:\/\/allasorias.hu\/hirek\/ha-nincs-eleg-magyar-johetnek-a-kulfoldi-munkavallalok\/\" \/>\n\t<meta name=\"generator\" content=\"All in One SEO (AIOSEO) 5.0.0.1\" \/>\n\t\t<meta property=\"og:locale\" content=\"hu_HU\" \/>\n\t\t<meta property=\"og:site_name\" content=\"AllasOrias.hu | H\u00edrek-lapszemle | \u00dczleti h\u00edrek az \u00e1ll\u00e1s \u00e9s a munka vil\u00e1g\u00e1b\u00f3l\" \/>\n\t\t<meta property=\"og:type\" content=\"article\" \/>\n\t\t<meta property=\"og:title\" content=\"Kev\u00e9s magyar eset\u00e9n j\u00f6nnek a k\u00fclf\u00f6ldiek\" \/>\n\t\t<meta property=\"og:description\" content=\"A szakemberek szerint 2024 t\u00f6bb szempontb\u00f3l is a v\u00e1ltoz\u00e1sok \u00e9ve a munkaer\u0151piacon. Munkav\u00e1llal\u00f3i oldalon \u00fagy t\u0171nhet, nehezebb most munk\u00e1t tal\u00e1lni, mint kor\u00e1bban.\" \/>\n\t\t<meta property=\"og:url\" content=\"https:\/\/allasorias.hu\/hirek\/ha-nincs-eleg-magyar-johetnek-a-kulfoldi-munkavallalok\/\" \/>\n\t\t<meta property=\"og:image\" content=\"https:\/\/allasorias.hu\/hirek\/wp-content\/uploads\/2024\/04\/kulfoldi-munkavallalok.jpg\" \/>\n\t\t<meta property=\"og:image:secure_url\" content=\"https:\/\/allasorias.hu\/hirek\/wp-content\/uploads\/2024\/04\/kulfoldi-munkavallalok.jpg\" \/>\n\t\t<meta property=\"og:image:width\" content=\"1280\" \/>\n\t\t<meta property=\"og:image:height\" content=\"720\" \/>\n\t\t<meta property=\"article:published_time\" content=\"2024-04-11T07:59:56+00:00\" \/>\n\t\t<meta property=\"article:modified_time\" content=\"2025-05-09T10:00:29+00:00\" \/>\n\t\t<meta property=\"article:publisher\" content=\"https:\/\/www.facebook.com\/allasorias\" \/>\n\t\t<meta name=\"twitter:card\" content=\"summary_large_image\" \/>\n\t\t<meta name=\"twitter:title\" content=\"Kev\u00e9s magyar eset\u00e9n j\u00f6nnek a k\u00fclf\u00f6ldiek\" \/>\n\t\t<meta name=\"twitter:description\" content=\"A szakemberek szerint 2024 t\u00f6bb szempontb\u00f3l is a v\u00e1ltoz\u00e1sok \u00e9ve a munkaer\u0151piacon. Munkav\u00e1llal\u00f3i oldalon \u00fagy t\u0171nhet, nehezebb most munk\u00e1t tal\u00e1lni, mint kor\u00e1bban.\" \/>\n\t\t<meta name=\"twitter:image\" content=\"https:\/\/allasorias.hu\/hirek\/wp-content\/uploads\/2024\/04\/kulfoldi-munkavallalok.jpg\" \/>\n\t\t<meta name=\"twitter:label1\" content=\"Written by\" \/>\n\t\t<meta name=\"twitter:data1\" content=\"Juh\u00e1sz P\u00e9ter\" \/>\n\t\t<meta name=\"twitter:label2\" content=\"Est. reading time\" \/>\n\t\t<meta name=\"twitter:data2\" content=\"3 minutes\" \/>\n\t\t<script type=\"application\/ld+json\" class=\"aioseo-schema\">\n\t\t\t{\"@context\":\"https:\\\/\\\/schema.org\",\"@graph\":[{\"@type\":\"Article\",\"@id\":\"https:\\\/\\\/allasorias.hu\\\/hirek\\\/ha-nincs-eleg-magyar-johetnek-a-kulfoldi-munkavallalok\\\/#article\",\"name\":\"Kev\\u00e9s magyar eset\\u00e9n j\\u00f6nnek a k\\u00fclf\\u00f6ldiek\",\"headline\":\"Ha nincs el\\u00e9g magyar, j\\u00f6hetnek a k\\u00fclf\\u00f6ldi munkav\\u00e1llal\\u00f3k\",\"author\":{\"@id\":\"https:\\\/\\\/allasorias.hu\\\/hirek\\\/author\\\/admin-allasorias\\\/#author\"},\"publisher\":{\"@id\":\"https:\\\/\\\/allasorias.hu\\\/hirek\\\/#organization\"},\"image\":{\"@type\":\"ImageObject\",\"url\":\"https:\\\/\\\/allasorias.hu\\\/hirek\\\/wp-content\\\/uploads\\\/2024\\\/04\\\/kulfoldi-munkavallalok.jpg\",\"width\":1280,\"height\":720,\"caption\":\"Ha nincs el\\u00e9g magyar, j\\u00f6hetnek a k\\u00fclf\\u00f6ldi munkav\\u00e1llal\\u00f3k  - Allasorias.hu\\\/Hirek\"},\"datePublished\":\"2024-04-11T09:59:56+02:00\",\"dateModified\":\"2025-05-09T12:00:29+02:00\",\"inLanguage\":\"hu-HU\",\"mainEntityOfPage\":{\"@id\":\"https:\\\/\\\/allasorias.hu\\\/hirek\\\/ha-nincs-eleg-magyar-johetnek-a-kulfoldi-munkavallalok\\\/#webpage\"},\"isPartOf\":{\"@id\":\"https:\\\/\\\/allasorias.hu\\\/hirek\\\/ha-nincs-eleg-magyar-johetnek-a-kulfoldi-munkavallalok\\\/#webpage\"},\"articleSection\":\"Munkaer\\u0151piac, k\\u00fclf\\u00f6ldi munkav\\u00e1llal\\u00f3k, vend\\u00e9gmunka\"},{\"@type\":\"BreadcrumbList\",\"@id\":\"https:\\\/\\\/allasorias.hu\\\/hirek\\\/ha-nincs-eleg-magyar-johetnek-a-kulfoldi-munkavallalok\\\/#breadcrumblist\",\"itemListElement\":[{\"@type\":\"ListItem\",\"@id\":\"https:\\\/\\\/allasorias.hu\\\/hirek#listItem\",\"position\":1,\"name\":\"Home\",\"item\":\"https:\\\/\\\/allasorias.hu\\\/hirek\",\"nextItem\":{\"@type\":\"ListItem\",\"@id\":\"https:\\\/\\\/allasorias.hu\\\/hirek\\\/temak\\\/munkaeropiac\\\/#listItem\",\"name\":\"Munkaer\\u0151piac\"}},{\"@type\":\"ListItem\",\"@id\":\"https:\\\/\\\/allasorias.hu\\\/hirek\\\/temak\\\/munkaeropiac\\\/#listItem\",\"position\":2,\"name\":\"Munkaer\\u0151piac\",\"item\":\"https:\\\/\\\/allasorias.hu\\\/hirek\\\/temak\\\/munkaeropiac\\\/\",\"nextItem\":{\"@type\":\"ListItem\",\"@id\":\"https:\\\/\\\/allasorias.hu\\\/hirek\\\/ha-nincs-eleg-magyar-johetnek-a-kulfoldi-munkavallalok\\\/#listItem\",\"name\":\"Ha nincs el\\u00e9g magyar, j\\u00f6hetnek a k\\u00fclf\\u00f6ldi munkav\\u00e1llal\\u00f3k\"},\"previousItem\":{\"@type\":\"ListItem\",\"@id\":\"https:\\\/\\\/allasorias.hu\\\/hirek#listItem\",\"name\":\"Home\"}},{\"@type\":\"ListItem\",\"@id\":\"https:\\\/\\\/allasorias.hu\\\/hirek\\\/ha-nincs-eleg-magyar-johetnek-a-kulfoldi-munkavallalok\\\/#listItem\",\"position\":3,\"name\":\"Ha nincs el\\u00e9g magyar, j\\u00f6hetnek a k\\u00fclf\\u00f6ldi munkav\\u00e1llal\\u00f3k\",\"previousItem\":{\"@type\":\"ListItem\",\"@id\":\"https:\\\/\\\/allasorias.hu\\\/hirek\\\/temak\\\/munkaeropiac\\\/#listItem\",\"name\":\"Munkaer\\u0151piac\"}}]},{\"@type\":\"Organization\",\"@id\":\"https:\\\/\\\/allasorias.hu\\\/hirek\\\/#organization\",\"name\":\"AllasOrias.hu | H\\u00edrek-lapszemle\",\"description\":\"\\u00dczleti h\\u00edrek az \\u00e1ll\\u00e1s \\u00e9s a munka vil\\u00e1g\\u00e1b\\u00f3l\",\"url\":\"https:\\\/\\\/allasorias.hu\\\/hirek\\\/\",\"logo\":{\"@type\":\"ImageObject\",\"url\":\"https:\\\/\\\/allasorias.hu\\\/hirek\\\/wp-content\\\/uploads\\\/2022\\\/10\\\/allasorias_site_facebok_logo.png\",\"@id\":\"https:\\\/\\\/allasorias.hu\\\/hirek\\\/ha-nincs-eleg-magyar-johetnek-a-kulfoldi-munkavallalok\\\/#organizationLogo\"},\"image\":{\"@id\":\"https:\\\/\\\/allasorias.hu\\\/hirek\\\/ha-nincs-eleg-magyar-johetnek-a-kulfoldi-munkavallalok\\\/#organizationLogo\"},\"sameAs\":[\"https:\\\/\\\/www.facebook.com\\\/allasorias\",\"https:\\\/\\\/www.linkedin.com\\\/company\\\/allasorias\"]},{\"@type\":\"Person\",\"@id\":\"https:\\\/\\\/allasorias.hu\\\/hirek\\\/author\\\/admin-allasorias\\\/#author\",\"url\":\"https:\\\/\\\/allasorias.hu\\\/hirek\\\/author\\\/admin-allasorias\\\/\",\"name\":\"Juh\\u00e1sz P\\u00e9ter\",\"image\":{\"@type\":\"ImageObject\",\"@id\":\"https:\\\/\\\/allasorias.hu\\\/hirek\\\/ha-nincs-eleg-magyar-johetnek-a-kulfoldi-munkavallalok\\\/#authorImage\",\"url\":\"https:\\\/\\\/secure.gravatar.com\\\/avatar\\\/36e6bcb83148978b992977cb0f54d22feb0cce8a0a849a9410532bb2623ba4c6?s=96&d=mm&r=g\",\"width\":96,\"height\":96,\"caption\":\"Juh\\u00e1sz P\\u00e9ter\"}},{\"@type\":\"WebPage\",\"@id\":\"https:\\\/\\\/allasorias.hu\\\/hirek\\\/ha-nincs-eleg-magyar-johetnek-a-kulfoldi-munkavallalok\\\/#webpage\",\"url\":\"https:\\\/\\\/allasorias.hu\\\/hirek\\\/ha-nincs-eleg-magyar-johetnek-a-kulfoldi-munkavallalok\\\/\",\"name\":\"Kev\\u00e9s magyar eset\\u00e9n j\\u00f6nnek a k\\u00fclf\\u00f6ldiek\",\"description\":\"A szakemberek szerint 2024 t\\u00f6bb szempontb\\u00f3l is a v\\u00e1ltoz\\u00e1sok \\u00e9ve a munkaer\\u0151piacon. Munkav\\u00e1llal\\u00f3i oldalon \\u00fagy t\\u0171nhet, nehezebb most munk\\u00e1t tal\\u00e1lni, mint kor\\u00e1bban.\",\"inLanguage\":\"hu-HU\",\"isPartOf\":{\"@id\":\"https:\\\/\\\/allasorias.hu\\\/hirek\\\/#website\"},\"breadcrumb\":{\"@id\":\"https:\\\/\\\/allasorias.hu\\\/hirek\\\/ha-nincs-eleg-magyar-johetnek-a-kulfoldi-munkavallalok\\\/#breadcrumblist\"},\"author\":{\"@id\":\"https:\\\/\\\/allasorias.hu\\\/hirek\\\/author\\\/admin-allasorias\\\/#author\"},\"creator\":{\"@id\":\"https:\\\/\\\/allasorias.hu\\\/hirek\\\/author\\\/admin-allasorias\\\/#author\"},\"image\":{\"@type\":\"ImageObject\",\"url\":\"https:\\\/\\\/allasorias.hu\\\/hirek\\\/wp-content\\\/uploads\\\/2024\\\/04\\\/kulfoldi-munkavallalok.jpg\",\"@id\":\"https:\\\/\\\/allasorias.hu\\\/hirek\\\/ha-nincs-eleg-magyar-johetnek-a-kulfoldi-munkavallalok\\\/#mainImage\",\"width\":1280,\"height\":720,\"caption\":\"Ha nincs el\\u00e9g magyar, j\\u00f6hetnek a k\\u00fclf\\u00f6ldi munkav\\u00e1llal\\u00f3k  - Allasorias.hu\\\/Hirek\"},\"primaryImageOfPage\":{\"@id\":\"https:\\\/\\\/allasorias.hu\\\/hirek\\\/ha-nincs-eleg-magyar-johetnek-a-kulfoldi-munkavallalok\\\/#mainImage\"},\"datePublished\":\"2024-04-11T09:59:56+02:00\",\"dateModified\":\"2025-05-09T12:00:29+02:00\"},{\"@type\":\"WebSite\",\"@id\":\"https:\\\/\\\/allasorias.hu\\\/hirek\\\/#website\",\"url\":\"https:\\\/\\\/allasorias.hu\\\/hirek\\\/\",\"name\":\"AllasOrias.hu | H\\u00edrek-lapszemle\",\"description\":\"\\u00dczleti h\\u00edrek az \\u00e1ll\\u00e1s \\u00e9s a munka vil\\u00e1g\\u00e1b\\u00f3l\",\"inLanguage\":\"hu-HU\",\"publisher\":{\"@id\":\"https:\\\/\\\/allasorias.hu\\\/hirek\\\/#organization\"}}]}\n\t\t<\/script>\n\t\t<!-- All in One SEO -->\n\n","aioseo_head_json":{"title":"Kev\u00e9s magyar eset\u00e9n j\u00f6nnek a k\u00fclf\u00f6ldiek","description":"A szakemberek szerint 2024 t\u00f6bb szempontb\u00f3l is a v\u00e1ltoz\u00e1sok \u00e9ve a munkaer\u0151piacon. Munkav\u00e1llal\u00f3i oldalon \u00fagy t\u0171nhet, nehezebb most munk\u00e1t tal\u00e1lni, mint kor\u00e1bban.","canonical_url":"https:\/\/allasorias.hu\/hirek\/ha-nincs-eleg-magyar-johetnek-a-kulfoldi-munkavallalok\/","robots":"max-image-preview:large","keywords":"k\u00fclf\u00f6ldi munkav\u00e1llal\u00f3k,vend\u00e9gmunka","webmasterTools":{"miscellaneous":""},"schema":{"@context":"https:\/\/schema.org","@graph":[{"@type":"Article","@id":"https:\/\/allasorias.hu\/hirek\/ha-nincs-eleg-magyar-johetnek-a-kulfoldi-munkavallalok\/#article","name":"Kev\u00e9s magyar eset\u00e9n j\u00f6nnek a k\u00fclf\u00f6ldiek","headline":"Ha nincs el\u00e9g magyar, j\u00f6hetnek a k\u00fclf\u00f6ldi munkav\u00e1llal\u00f3k","author":{"@id":"https:\/\/allasorias.hu\/hirek\/author\/admin-allasorias\/#author"},"publisher":{"@id":"https:\/\/allasorias.hu\/hirek\/#organization"},"image":{"@type":"ImageObject","url":"https:\/\/allasorias.hu\/hirek\/wp-content\/uploads\/2024\/04\/kulfoldi-munkavallalok.jpg","width":1280,"height":720,"caption":"Ha nincs el\u00e9g magyar, j\u00f6hetnek a k\u00fclf\u00f6ldi munkav\u00e1llal\u00f3k  - Allasorias.hu\/Hirek"},"datePublished":"2024-04-11T09:59:56+02:00","dateModified":"2025-05-09T12:00:29+02:00","inLanguage":"hu-HU","mainEntityOfPage":{"@id":"https:\/\/allasorias.hu\/hirek\/ha-nincs-eleg-magyar-johetnek-a-kulfoldi-munkavallalok\/#webpage"},"isPartOf":{"@id":"https:\/\/allasorias.hu\/hirek\/ha-nincs-eleg-magyar-johetnek-a-kulfoldi-munkavallalok\/#webpage"},"articleSection":"Munkaer\u0151piac, k\u00fclf\u00f6ldi munkav\u00e1llal\u00f3k, vend\u00e9gmunka"},{"@type":"BreadcrumbList","@id":"https:\/\/allasorias.hu\/hirek\/ha-nincs-eleg-magyar-johetnek-a-kulfoldi-munkavallalok\/#breadcrumblist","itemListElement":[{"@type":"ListItem","@id":"https:\/\/allasorias.hu\/hirek#listItem","position":1,"name":"Home","item":"https:\/\/allasorias.hu\/hirek","nextItem":{"@type":"ListItem","@id":"https:\/\/allasorias.hu\/hirek\/temak\/munkaeropiac\/#listItem","name":"Munkaer\u0151piac"}},{"@type":"ListItem","@id":"https:\/\/allasorias.hu\/hirek\/temak\/munkaeropiac\/#listItem","position":2,"name":"Munkaer\u0151piac","item":"https:\/\/allasorias.hu\/hirek\/temak\/munkaeropiac\/","nextItem":{"@type":"ListItem","@id":"https:\/\/allasorias.hu\/hirek\/ha-nincs-eleg-magyar-johetnek-a-kulfoldi-munkavallalok\/#listItem","name":"Ha nincs el\u00e9g magyar, j\u00f6hetnek a k\u00fclf\u00f6ldi munkav\u00e1llal\u00f3k"},"previousItem":{"@type":"ListItem","@id":"https:\/\/allasorias.hu\/hirek#listItem","name":"Home"}},{"@type":"ListItem","@id":"https:\/\/allasorias.hu\/hirek\/ha-nincs-eleg-magyar-johetnek-a-kulfoldi-munkavallalok\/#listItem","position":3,"name":"Ha nincs el\u00e9g magyar, j\u00f6hetnek a k\u00fclf\u00f6ldi munkav\u00e1llal\u00f3k","previousItem":{"@type":"ListItem","@id":"https:\/\/allasorias.hu\/hirek\/temak\/munkaeropiac\/#listItem","name":"Munkaer\u0151piac"}}]},{"@type":"Organization","@id":"https:\/\/allasorias.hu\/hirek\/#organization","name":"AllasOrias.hu | H\u00edrek-lapszemle","description":"\u00dczleti h\u00edrek az \u00e1ll\u00e1s \u00e9s a munka vil\u00e1g\u00e1b\u00f3l","url":"https:\/\/allasorias.hu\/hirek\/","logo":{"@type":"ImageObject","url":"https:\/\/allasorias.hu\/hirek\/wp-content\/uploads\/2022\/10\/allasorias_site_facebok_logo.png","@id":"https:\/\/allasorias.hu\/hirek\/ha-nincs-eleg-magyar-johetnek-a-kulfoldi-munkavallalok\/#organizationLogo"},"image":{"@id":"https:\/\/allasorias.hu\/hirek\/ha-nincs-eleg-magyar-johetnek-a-kulfoldi-munkavallalok\/#organizationLogo"},"sameAs":["https:\/\/www.facebook.com\/allasorias","https:\/\/www.linkedin.com\/company\/allasorias"]},{"@type":"Person","@id":"https:\/\/allasorias.hu\/hirek\/author\/admin-allasorias\/#author","url":"https:\/\/allasorias.hu\/hirek\/author\/admin-allasorias\/","name":"Juh\u00e1sz P\u00e9ter","image":{"@type":"ImageObject","@id":"https:\/\/allasorias.hu\/hirek\/ha-nincs-eleg-magyar-johetnek-a-kulfoldi-munkavallalok\/#authorImage","url":"https:\/\/secure.gravatar.com\/avatar\/36e6bcb83148978b992977cb0f54d22feb0cce8a0a849a9410532bb2623ba4c6?s=96&d=mm&r=g","width":96,"height":96,"caption":"Juh\u00e1sz P\u00e9ter"}},{"@type":"WebPage","@id":"https:\/\/allasorias.hu\/hirek\/ha-nincs-eleg-magyar-johetnek-a-kulfoldi-munkavallalok\/#webpage","url":"https:\/\/allasorias.hu\/hirek\/ha-nincs-eleg-magyar-johetnek-a-kulfoldi-munkavallalok\/","name":"Kev\u00e9s magyar eset\u00e9n j\u00f6nnek a k\u00fclf\u00f6ldiek","description":"A szakemberek szerint 2024 t\u00f6bb szempontb\u00f3l is a v\u00e1ltoz\u00e1sok \u00e9ve a munkaer\u0151piacon. Munkav\u00e1llal\u00f3i oldalon \u00fagy t\u0171nhet, nehezebb most munk\u00e1t tal\u00e1lni, mint kor\u00e1bban.","inLanguage":"hu-HU","isPartOf":{"@id":"https:\/\/allasorias.hu\/hirek\/#website"},"breadcrumb":{"@id":"https:\/\/allasorias.hu\/hirek\/ha-nincs-eleg-magyar-johetnek-a-kulfoldi-munkavallalok\/#breadcrumblist"},"author":{"@id":"https:\/\/allasorias.hu\/hirek\/author\/admin-allasorias\/#author"},"creator":{"@id":"https:\/\/allasorias.hu\/hirek\/author\/admin-allasorias\/#author"},"image":{"@type":"ImageObject","url":"https:\/\/allasorias.hu\/hirek\/wp-content\/uploads\/2024\/04\/kulfoldi-munkavallalok.jpg","@id":"https:\/\/allasorias.hu\/hirek\/ha-nincs-eleg-magyar-johetnek-a-kulfoldi-munkavallalok\/#mainImage","width":1280,"height":720,"caption":"Ha nincs el\u00e9g magyar, j\u00f6hetnek a k\u00fclf\u00f6ldi munkav\u00e1llal\u00f3k  - Allasorias.hu\/Hirek"},"primaryImageOfPage":{"@id":"https:\/\/allasorias.hu\/hirek\/ha-nincs-eleg-magyar-johetnek-a-kulfoldi-munkavallalok\/#mainImage"},"datePublished":"2024-04-11T09:59:56+02:00","dateModified":"2025-05-09T12:00:29+02:00"},{"@type":"WebSite","@id":"https:\/\/allasorias.hu\/hirek\/#website","url":"https:\/\/allasorias.hu\/hirek\/","name":"AllasOrias.hu | H\u00edrek-lapszemle","description":"\u00dczleti h\u00edrek az \u00e1ll\u00e1s \u00e9s a munka vil\u00e1g\u00e1b\u00f3l","inLanguage":"hu-HU","publisher":{"@id":"https:\/\/allasorias.hu\/hirek\/#organization"}}]},"og:locale":"hu_HU","og:site_name":"AllasOrias.hu | H\u00edrek-lapszemle | \u00dczleti h\u00edrek az \u00e1ll\u00e1s \u00e9s a munka vil\u00e1g\u00e1b\u00f3l","og:type":"article","og:title":"Kev\u00e9s magyar eset\u00e9n j\u00f6nnek a k\u00fclf\u00f6ldiek","og:description":"A szakemberek szerint 2024 t\u00f6bb szempontb\u00f3l is a v\u00e1ltoz\u00e1sok \u00e9ve a munkaer\u0151piacon. Munkav\u00e1llal\u00f3i oldalon \u00fagy t\u0171nhet, nehezebb most munk\u00e1t tal\u00e1lni, mint kor\u00e1bban.","og:url":"https:\/\/allasorias.hu\/hirek\/ha-nincs-eleg-magyar-johetnek-a-kulfoldi-munkavallalok\/","og:image":"https:\/\/allasorias.hu\/hirek\/wp-content\/uploads\/2024\/04\/kulfoldi-munkavallalok.jpg","og:image:secure_url":"https:\/\/allasorias.hu\/hirek\/wp-content\/uploads\/2024\/04\/kulfoldi-munkavallalok.jpg","og:image:width":1280,"og:image:height":720,"article:published_time":"2024-04-11T07:59:56+00:00","article:modified_time":"2025-05-09T10:00:29+00:00","article:publisher":"https:\/\/www.facebook.com\/allasorias","twitter:card":"summary_large_image","twitter:title":"Kev\u00e9s magyar eset\u00e9n j\u00f6nnek a k\u00fclf\u00f6ldiek","twitter:description":"A szakemberek szerint 2024 t\u00f6bb szempontb\u00f3l is a v\u00e1ltoz\u00e1sok \u00e9ve a munkaer\u0151piacon. Munkav\u00e1llal\u00f3i oldalon \u00fagy t\u0171nhet, nehezebb most munk\u00e1t tal\u00e1lni, mint kor\u00e1bban.","twitter:image":"https:\/\/allasorias.hu\/hirek\/wp-content\/uploads\/2024\/04\/kulfoldi-munkavallalok.jpg","twitter:label1":"Written by","twitter:data1":"Juh\u00e1sz P\u00e9ter","twitter:label2":"Est. reading time","twitter:data2":"3 minutes"},"aioseo_meta_data":{"post_id":"7502","title":"Kev\u00e9s magyar eset\u00e9n j\u00f6nnek a k\u00fclf\u00f6ldiek","description":"A szakemberek szerint 2024 t\u00f6bb szempontb\u00f3l is a v\u00e1ltoz\u00e1sok \u00e9ve a munkaer\u0151piacon. Munkav\u00e1llal\u00f3i oldalon \u00fagy t\u0171nhet, nehezebb most munk\u00e1t tal\u00e1lni, mint kor\u00e1bban.","keywords":null,"keyphrases":{"focus":{"keyphrase":"","score":0,"analysis":{"keyphraseInTitle":{"score":0,"maxScore":9,"error":1}}},"additional":[]},"primary_term":null,"canonical_url":null,"og_title":null,"og_description":null,"og_object_type":"default","og_image_type":"default","og_image_url":null,"og_image_width":null,"og_image_height":null,"og_image_custom_url":null,"og_image_custom_fields":null,"og_video":"","og_custom_url":null,"og_article_section":null,"og_article_tags":null,"twitter_use_og":true,"twitter_card":"default","twitter_image_type":"default","twitter_image_url":null,"twitter_image_custom_url":null,"twitter_image_custom_fields":null,"twitter_title":null,"twitter_description":null,"schema":{"blockGraphs":[],"customGraphs":[],"default":{"data":{"Article":[],"Course":[],"Dataset":[],"FAQPage":[],"Movie":[],"Person":[],"Product":[],"ProductReview":[],"Car":[],"Recipe":[],"Service":[],"SoftwareApplication":[],"WebPage":[]},"graphName":"Article","isEnabled":true},"graphs":[]},"schema_type":"default","schema_type_options":null,"pillar_content":false,"robots_default":true,"robots_noindex":false,"robots_noarchive":false,"robots_nosnippet":false,"robots_nofollow":false,"robots_noimageindex":false,"robots_noodp":false,"robots_notranslate":false,"robots_max_snippet":"-1","robots_max_videopreview":"-1","robots_max_imagepreview":"large","priority":null,"frequency":"default","location":null,"local_seo":null,"breadcrumb_settings":null,"limit_modified_date":false,"ai":null,"created":"2024-04-11 07:47:41","updated":"2025-10-02 19:49:14","seo_analyzer_scan_date":null,"focus_keyword":null,"additional_keywords":null,"truseo_locale":null},"aioseo_breadcrumb":"<div class=\"aioseo-breadcrumbs\"><span class=\"aioseo-breadcrumb\">\n\t\t\t<a href=\"https:\/\/allasorias.hu\/hirek\" title=\"Home\">Home<\/a>\n\t\t<\/span><span class=\"aioseo-breadcrumb-separator\">&raquo;<\/span><span class=\"aioseo-breadcrumb\">\n\t\t\t<a href=\"https:\/\/allasorias.hu\/hirek\/temak\/munkaeropiac\/\" title=\"Munkaer\u0151piac\">Munkaer\u0151piac<\/a>\n\t\t<\/span><span class=\"aioseo-breadcrumb-separator\">&raquo;<\/span><span class=\"aioseo-breadcrumb\">\n\t\t\tHa nincs el\u00e9g magyar, j\u00f6hetnek a k\u00fclf\u00f6ldi munkav\u00e1llal\u00f3k\n\t\t<\/span><\/div>","aioseo_breadcrumb_json":[{"label":"Home","link":"https:\/\/allasorias.hu\/hirek"},{"label":"Munkaer\u0151piac","link":"https:\/\/allasorias.hu\/hirek\/temak\/munkaeropiac\/"},{"label":"Ha nincs el\u00e9g magyar, j\u00f6hetnek a k\u00fclf\u00f6ldi munkav\u00e1llal\u00f3k","link":"https:\/\/allasorias.hu\/hirek\/ha-nincs-eleg-magyar-johetnek-a-kulfoldi-munkavallalok\/"}],"_links":{"self":[{"href":"https:\/\/allasorias.hu\/hirek\/wp-json\/wp\/v2\/posts\/7502","targetHints":{"allow":["GET"]}}],"collection":[{"href":"https:\/\/allasorias.hu\/hirek\/wp-json\/wp\/v2\/posts"}],"about":[{"href":"https:\/\/allasorias.hu\/hirek\/wp-json\/wp\/v2\/types\/post"}],"author":[{"embeddable":true,"href":"https:\/\/allasorias.hu\/hirek\/wp-json\/wp\/v2\/users\/1"}],"replies":[{"embeddable":true,"href":"https:\/\/allasorias.hu\/hirek\/wp-json\/wp\/v2\/comments?post=7502"}],"version-history":[{"count":2,"href":"https:\/\/allasorias.hu\/hirek\/wp-json\/wp\/v2\/posts\/7502\/revisions"}],"predecessor-version":[{"id":7505,"href":"https:\/\/allasorias.hu\/hirek\/wp-json\/wp\/v2\/posts\/7502\/revisions\/7505"}],"wp:featuredmedia":[{"embeddable":true,"href":"https:\/\/allasorias.hu\/hirek\/wp-json\/wp\/v2\/media\/7503"}],"wp:attachment":[{"href":"https:\/\/allasorias.hu\/hirek\/wp-json\/wp\/v2\/media?parent=7502"}],"wp:term":[{"taxonomy":"category","embeddable":true,"href":"https:\/\/allasorias.hu\/hirek\/wp-json\/wp\/v2\/categories?post=7502"},{"taxonomy":"post_tag","embeddable":true,"href":"https:\/\/allasorias.hu\/hirek\/wp-json\/wp\/v2\/tags?post=7502"}],"curies":[{"name":"wp","href":"https:\/\/api.w.org\/{rel}","templated":true}]}}