{"id":7498,"date":"2024-04-10T10:42:03","date_gmt":"2024-04-10T08:42:03","guid":{"rendered":"https:\/\/allasorias.hu\/hirek\/?p=7498"},"modified":"2024-04-10T10:43:43","modified_gmt":"2024-04-10T08:43:43","slug":"szamitanak-a-diakmunkara","status":"publish","type":"post","link":"https:\/\/allasorias.hu\/hirek\/szamitanak-a-diakmunkara\/","title":{"rendered":"Sz\u00e1m\u00edtanak a di\u00e1kmunk\u00e1ra"},"content":{"rendered":"<p><strong>A hazai v\u00e1llalatok kezdik felismerni, hogy a di\u00e1kok jelentik sz\u00e1mukra az egyik legf\u0151bb munkaer\u0151piaci tartal\u00e9kot, ennek megfelel\u0151en a kor\u00e1bban hagyom\u00e1nyosnak sz\u00e1m\u00edt\u00f3 kiskereskedelem, vend\u00e9gl\u00e1t\u00e1s, logisztika mellett szinte minden \u00e1gazatban megjelentek a di\u00e1k munkav\u00e1llal\u00f3k, r\u00e1ad\u00e1sul igen v\u00e1ltozatos munkak\u00f6r\u00f6kben, ak\u00e1r nagyobb felel\u0151ss\u00e9ggel j\u00e1r\u00f3 gyakornoki poz\u00edci\u00f3kban is.<\/strong><\/p>\n<p>Magyarorsz\u00e1gon az \u00e9letkora \u00e9s a hallgat\u00f3i st\u00e1tusza alapj\u00e1n <a href=\"https:\/\/allasorias.hu\/allasok\/diakmunka\">mintegy f\u00e9lmilli\u00f3 di\u00e1k v\u00e1llalhat munk\u00e1t<\/a>, \u00e9s nagyj\u00e1b\u00f3l 50 sz\u00e1zal\u00e9kuk rendszeresen vagy alkalmank\u00e9nt \u00e9l is ezzel a lehet\u0151s\u00e9ggel. Negyedmilli\u00f3 fiatal, a v\u00e1ltoz\u00e1sokhoz, \u00faj helyzetekhez gyorsan alkalmazkod\u00f3, a modern technol\u00f3gi\u00e1t\u00f3l sem idegenked\u0151, a c\u00e9g mindennapjaiba friss szeml\u00e9letet hoz\u00f3 munkav\u00e1llal\u00f3 \u00e9rhet\u0151 el, akik k\u00e9s\u0151bb ak\u00e1r hosszabb t\u00e1von is azokn\u00e1l a t\u00e1rsas\u00e1gokn\u00e1l helyezkedhetnek el, amelyek di\u00e1kk\u00e9nt is alkalmazt\u00e1k \u0151ket. A di\u00e1kok megemelkedett foglalkoztatotts\u00e1ga egy\u00e9bk\u00e9nt abb\u00f3l is l\u00e1tszik, hogy beindult eset\u00fckben is a b\u00e9rverseny, egyel\u0151re f\u0151k\u00e9nt azokban az ipar\u00e1gakban, ahol viszonylag nagy a fluktu\u00e1ci\u00f3, mint p\u00e9ld\u00e1ul a gy\u00e1rt\u00e1s, logisztika.<\/p>\n<h2>N\u0151 a di\u00e1k\u00f3rab\u00e9r<\/h2>\n<p>M\u00edg tavaly 1750 forint volt az \u00e1tlagos di\u00e1k\u00f3rab\u00e9r, addig id\u00e9n m\u00e1r 2000 forintn\u00e1l tartunk, \u00e9s a ny\u00e1ri szezonban tov\u00e1bbi 20-30 sz\u00e1zal\u00e9kos emelked\u00e9sre lehet sz\u00e1m\u00edtani. M\u0171szaki \u00e9s m\u00e9rn\u00f6ki munkak\u00f6r\u00f6kben m\u00e1r \u00f3r\u00e1nk\u00e9nt 2500 forint felett, p\u00e9nz\u00fcgyi \u00e9s gazdas\u00e1gi ter\u00fcleten 2000-2200 forintn\u00e1l, m\u00edg az IT-s munkak\u00f6r\u00f6kn\u00e9l 3500 forintos \u00f3rab\u00e9r felett j\u00e1runk \u2013 mondta Papp Tam\u00e1s, a Work Force Csoport di\u00e1kmunka \u00fczlet\u00e1g\u00e1nak vezet\u0151je.<\/p>\n<p>A t\u00e9m\u00e1val foglalkoz\u00f3 hrport\u00e1l.hu kiemeli: a di\u00e1kok foglalkoztat\u00e1sa a legk\u00f6lts\u00e9ghat\u00e9konyabb, hiszen a c\u00e9geknek csup\u00e1n a di\u00e1kb\u00e9reket, illetve a szolg\u00e1ltat\u00e1si d\u00edjat kell kifizetni\u00fck. Nincs t\u00e1pp\u00e9nz vagy szabads\u00e1g, a foglalkoztat\u00e1sukkal j\u00e1r\u00f3 adminisztrat\u00edv feladatokat pedig az iskolasz\u00f6vetkezet v\u00e9gzi. A di\u00e1k munkav\u00e1llal\u00f3k nem emelik a statisztikai l\u00e9tsz\u00e1mot, ami azokn\u00e1l a c\u00e9gekn\u00e9l lehet kimondottan el\u0151ny\u00f6s, amelyek tervezik, hogy \u00e1llami vagy eur\u00f3pai uni\u00f3s forr\u00e1sb\u00f3l finansz\u00edrozott p\u00e1ly\u00e1zaton indulnak, ahol sz\u00e1m\u00edt a foglalkoztatottak statisztikai l\u00e9tsz\u00e1ma \u2013 tette hozz\u00e1 Papp Tam\u00e1s.<\/p>\n<h2>Kedvez\u0151bb foglalkoztat\u00e1s<\/h2>\n<p>A di\u00e1kok foglalkoztat\u00e1s\u00e1nak k\u00f6lts\u00e9gei a f\u0151\u00e1ll\u00e1s\u00fa munkat\u00e1rsakhoz k\u00e9pest j\u00f3val alacsonyabbak, de m\u00e9g az egyszer\u0171s\u00edtett foglalkoztat\u00e1sn\u00e1l (EFO) is kedvez\u0151bb ez a megold\u00e1s a c\u00e9gek sz\u00e1m\u00e1ra. A Job Force sz\u00e1m\u00edt\u00e1sai szerint havi nett\u00f3 300 ezer forintos fizet\u00e9s mellett az EFO keret\u00e9ben alkalmazott koll\u00e9ga 356 ezer forintos munk\u00e1ltat\u00f3i k\u00f6lts\u00e9get jelent, m\u00edg a di\u00e1k munkav\u00e1llal\u00f3 eset\u00e9ben ez az \u00f6sszeg 346 ezer forint. Jelent\u0151s p\u00e9nzmegtakar\u00edt\u00e1s lehet a c\u00e9geknek az a t\u00e9ny is, hogy a ny\u00e1r elej\u00e9n v\u00e9gzett fiatal okt\u00f3ber v\u00e9g\u00e9ig di\u00e1k jogviszonnyal rendelkezik, ennek minden foglalkoztat\u00e1si el\u0151ny\u00e9vel. A Job Force tapasztalatai alapj\u00e1n napjainkban a di\u00e1kok sz\u00e1m\u00e1ra is egyre fontosabb a fenntarthat\u00f3s\u00e1g, a k\u00f6rnyezetv\u00e9delem, vagy a t\u00e1rsadalmi szerepv\u00e1llal\u00e1s, sz\u00edvesebben dolgoznak olyan t\u00e1rsas\u00e1gokn\u00e1l, amelyek komolyan veszik ezeket a k\u00e9rd\u00e9seket.<\/p>\n<p>Forr\u00e1s: <a href=\"https:\/\/www.economx.hu\/belfold\/diakmunka-foglalkoztatottsag-oraber-emelkedes-munkaeropiac.788035.html\" target=\"_blank\" rel=\"nofollow noopener noreferrer\">economx.hu<\/a><\/p>\n","protected":false},"excerpt":{"rendered":"<p>A hazai v\u00e1llalatok kezdik felismerni, hogy a di\u00e1kok jelentik sz\u00e1mukra az egyik legf\u0151bb munkaer\u0151piaci tartal\u00e9kot, ennek megfelel\u0151en a kor\u00e1bban hagyom\u00e1nyosnak sz\u00e1m\u00edt\u00f3 kiskereskedelem, vend\u00e9gl\u00e1t\u00e1s, logisztika mellett szinte minden \u00e1gazatban megjelentek a di\u00e1k munkav\u00e1llal\u00f3k, r\u00e1ad\u00e1sul igen v\u00e1ltozatos munkak\u00f6r\u00f6kben, ak\u00e1r nagyobb felel\u0151ss\u00e9ggel j\u00e1r\u00f3 gyakornoki poz\u00edci\u00f3kban is. Magyarorsz\u00e1gon az \u00e9letkora \u00e9s a hallgat\u00f3i st\u00e1tusza alapj\u00e1n mintegy f\u00e9lmilli\u00f3 di\u00e1k v\u00e1llalhat [&hellip;]<\/p>\n","protected":false},"author":1,"featured_media":7499,"comment_status":"closed","ping_status":"closed","sticky":false,"template":"","format":"standard","meta":{"_monsterinsights_skip_tracking":false,"footnotes":""},"categories":[200],"tags":[534,739],"class_list":["post-7498","post","type-post","status-publish","format-standard","has-post-thumbnail","hentry","category-munkaeropiac","tag-diakmunka","tag-diakok"],"aioseo_notices":[],"aioseo_head":"\n\t\t<!-- All in One SEO 5.0.0.1 - aioseo.com -->\n\t<meta name=\"description\" content=\"A hazai v\u00e1llalatok kezdik felismerni, hogy a di\u00e1kok jelentik sz\u00e1mukra az egyik legf\u0151bb munkaer\u0151piaci tartal\u00e9kot\" \/>\n\t<meta name=\"robots\" content=\"max-image-preview:large\" \/>\n\t<meta name=\"author\" content=\"Juh\u00e1sz P\u00e9ter\"\/>\n\t<meta name=\"keywords\" content=\"di\u00e1kmunka,di\u00e1kok\" \/>\n\t<link rel=\"canonical\" href=\"https:\/\/allasorias.hu\/hirek\/szamitanak-a-diakmunkara\/\" \/>\n\t<meta name=\"generator\" content=\"All in One SEO (AIOSEO) 5.0.0.1\" \/>\n\t\t<meta property=\"og:locale\" content=\"hu_HU\" \/>\n\t\t<meta property=\"og:site_name\" content=\"AllasOrias.hu | H\u00edrek-lapszemle | \u00dczleti h\u00edrek az \u00e1ll\u00e1s \u00e9s a munka vil\u00e1g\u00e1b\u00f3l\" \/>\n\t\t<meta property=\"og:type\" content=\"article\" \/>\n\t\t<meta property=\"og:title\" content=\"Sz\u00e1m\u00edtanak a di\u00e1kmunk\u00e1ra | AllasOrias.hu | H\u00edrek-lapszemle\" \/>\n\t\t<meta property=\"og:description\" content=\"A hazai v\u00e1llalatok kezdik felismerni, hogy a di\u00e1kok jelentik sz\u00e1mukra az egyik legf\u0151bb munkaer\u0151piaci tartal\u00e9kot\" \/>\n\t\t<meta property=\"og:url\" content=\"https:\/\/allasorias.hu\/hirek\/szamitanak-a-diakmunkara\/\" \/>\n\t\t<meta property=\"og:image\" content=\"https:\/\/allasorias.hu\/hirek\/wp-content\/uploads\/2024\/04\/diakmunka-elterjedese.jpg\" \/>\n\t\t<meta property=\"og:image:secure_url\" content=\"https:\/\/allasorias.hu\/hirek\/wp-content\/uploads\/2024\/04\/diakmunka-elterjedese.jpg\" \/>\n\t\t<meta property=\"og:image:width\" content=\"1280\" \/>\n\t\t<meta property=\"og:image:height\" content=\"853\" \/>\n\t\t<meta property=\"article:published_time\" content=\"2024-04-10T08:42:03+00:00\" \/>\n\t\t<meta property=\"article:modified_time\" content=\"2024-04-10T08:43:43+00:00\" \/>\n\t\t<meta property=\"article:publisher\" content=\"https:\/\/www.facebook.com\/allasorias\" \/>\n\t\t<meta name=\"twitter:card\" content=\"summary_large_image\" \/>\n\t\t<meta name=\"twitter:title\" content=\"Sz\u00e1m\u00edtanak a di\u00e1kmunk\u00e1ra | AllasOrias.hu | H\u00edrek-lapszemle\" \/>\n\t\t<meta name=\"twitter:description\" content=\"A hazai v\u00e1llalatok kezdik felismerni, hogy a di\u00e1kok jelentik sz\u00e1mukra az egyik legf\u0151bb munkaer\u0151piaci tartal\u00e9kot\" \/>\n\t\t<meta name=\"twitter:image\" content=\"https:\/\/allasorias.hu\/hirek\/wp-content\/uploads\/2024\/04\/diakmunka-elterjedese.jpg\" \/>\n\t\t<meta name=\"twitter:label1\" content=\"Written by\" \/>\n\t\t<meta name=\"twitter:data1\" content=\"Juh\u00e1sz P\u00e9ter\" \/>\n\t\t<meta name=\"twitter:label2\" content=\"Est. reading time\" \/>\n\t\t<meta name=\"twitter:data2\" content=\"3 minutes\" \/>\n\t\t<script type=\"application\/ld+json\" class=\"aioseo-schema\">\n\t\t\t{\"@context\":\"https:\\\/\\\/schema.org\",\"@graph\":[{\"@type\":\"Article\",\"@id\":\"https:\\\/\\\/allasorias.hu\\\/hirek\\\/szamitanak-a-diakmunkara\\\/#article\",\"name\":\"Sz\\u00e1m\\u00edtanak a di\\u00e1kmunk\\u00e1ra | AllasOrias.hu | H\\u00edrek-lapszemle\",\"headline\":\"Sz\\u00e1m\\u00edtanak a di\\u00e1kmunk\\u00e1ra\",\"author\":{\"@id\":\"https:\\\/\\\/allasorias.hu\\\/hirek\\\/author\\\/admin-allasorias\\\/#author\"},\"publisher\":{\"@id\":\"https:\\\/\\\/allasorias.hu\\\/hirek\\\/#organization\"},\"image\":{\"@type\":\"ImageObject\",\"url\":\"https:\\\/\\\/allasorias.hu\\\/hirek\\\/wp-content\\\/uploads\\\/2024\\\/04\\\/diakmunka-elterjedese.jpg\",\"width\":1280,\"height\":853,\"caption\":\"Sz\\u00e1m\\u00edtanak a di\\u00e1kmunk\\u00e1ra - Allasorias.hu\\\/Hirek\"},\"datePublished\":\"2024-04-10T10:42:03+02:00\",\"dateModified\":\"2024-04-10T10:43:43+02:00\",\"inLanguage\":\"hu-HU\",\"mainEntityOfPage\":{\"@id\":\"https:\\\/\\\/allasorias.hu\\\/hirek\\\/szamitanak-a-diakmunkara\\\/#webpage\"},\"isPartOf\":{\"@id\":\"https:\\\/\\\/allasorias.hu\\\/hirek\\\/szamitanak-a-diakmunkara\\\/#webpage\"},\"articleSection\":\"Munkaer\\u0151piac, di\\u00e1kmunka, di\\u00e1kok\"},{\"@type\":\"BreadcrumbList\",\"@id\":\"https:\\\/\\\/allasorias.hu\\\/hirek\\\/szamitanak-a-diakmunkara\\\/#breadcrumblist\",\"itemListElement\":[{\"@type\":\"ListItem\",\"@id\":\"https:\\\/\\\/allasorias.hu\\\/hirek#listItem\",\"position\":1,\"name\":\"Home\",\"item\":\"https:\\\/\\\/allasorias.hu\\\/hirek\",\"nextItem\":{\"@type\":\"ListItem\",\"@id\":\"https:\\\/\\\/allasorias.hu\\\/hirek\\\/temak\\\/munkaeropiac\\\/#listItem\",\"name\":\"Munkaer\\u0151piac\"}},{\"@type\":\"ListItem\",\"@id\":\"https:\\\/\\\/allasorias.hu\\\/hirek\\\/temak\\\/munkaeropiac\\\/#listItem\",\"position\":2,\"name\":\"Munkaer\\u0151piac\",\"item\":\"https:\\\/\\\/allasorias.hu\\\/hirek\\\/temak\\\/munkaeropiac\\\/\",\"nextItem\":{\"@type\":\"ListItem\",\"@id\":\"https:\\\/\\\/allasorias.hu\\\/hirek\\\/szamitanak-a-diakmunkara\\\/#listItem\",\"name\":\"Sz\\u00e1m\\u00edtanak a di\\u00e1kmunk\\u00e1ra\"},\"previousItem\":{\"@type\":\"ListItem\",\"@id\":\"https:\\\/\\\/allasorias.hu\\\/hirek#listItem\",\"name\":\"Home\"}},{\"@type\":\"ListItem\",\"@id\":\"https:\\\/\\\/allasorias.hu\\\/hirek\\\/szamitanak-a-diakmunkara\\\/#listItem\",\"position\":3,\"name\":\"Sz\\u00e1m\\u00edtanak a di\\u00e1kmunk\\u00e1ra\",\"previousItem\":{\"@type\":\"ListItem\",\"@id\":\"https:\\\/\\\/allasorias.hu\\\/hirek\\\/temak\\\/munkaeropiac\\\/#listItem\",\"name\":\"Munkaer\\u0151piac\"}}]},{\"@type\":\"Organization\",\"@id\":\"https:\\\/\\\/allasorias.hu\\\/hirek\\\/#organization\",\"name\":\"AllasOrias.hu | H\\u00edrek-lapszemle\",\"description\":\"\\u00dczleti h\\u00edrek az \\u00e1ll\\u00e1s \\u00e9s a munka vil\\u00e1g\\u00e1b\\u00f3l\",\"url\":\"https:\\\/\\\/allasorias.hu\\\/hirek\\\/\",\"logo\":{\"@type\":\"ImageObject\",\"url\":\"https:\\\/\\\/allasorias.hu\\\/hirek\\\/wp-content\\\/uploads\\\/2022\\\/10\\\/allasorias_site_facebok_logo.png\",\"@id\":\"https:\\\/\\\/allasorias.hu\\\/hirek\\\/szamitanak-a-diakmunkara\\\/#organizationLogo\"},\"image\":{\"@id\":\"https:\\\/\\\/allasorias.hu\\\/hirek\\\/szamitanak-a-diakmunkara\\\/#organizationLogo\"},\"sameAs\":[\"https:\\\/\\\/www.facebook.com\\\/allasorias\",\"https:\\\/\\\/www.linkedin.com\\\/company\\\/allasorias\"]},{\"@type\":\"Person\",\"@id\":\"https:\\\/\\\/allasorias.hu\\\/hirek\\\/author\\\/admin-allasorias\\\/#author\",\"url\":\"https:\\\/\\\/allasorias.hu\\\/hirek\\\/author\\\/admin-allasorias\\\/\",\"name\":\"Juh\\u00e1sz P\\u00e9ter\",\"image\":{\"@type\":\"ImageObject\",\"@id\":\"https:\\\/\\\/allasorias.hu\\\/hirek\\\/szamitanak-a-diakmunkara\\\/#authorImage\",\"url\":\"https:\\\/\\\/secure.gravatar.com\\\/avatar\\\/36e6bcb83148978b992977cb0f54d22feb0cce8a0a849a9410532bb2623ba4c6?s=96&d=mm&r=g\",\"width\":96,\"height\":96,\"caption\":\"Juh\\u00e1sz P\\u00e9ter\"}},{\"@type\":\"WebPage\",\"@id\":\"https:\\\/\\\/allasorias.hu\\\/hirek\\\/szamitanak-a-diakmunkara\\\/#webpage\",\"url\":\"https:\\\/\\\/allasorias.hu\\\/hirek\\\/szamitanak-a-diakmunkara\\\/\",\"name\":\"Sz\\u00e1m\\u00edtanak a di\\u00e1kmunk\\u00e1ra | AllasOrias.hu | H\\u00edrek-lapszemle\",\"description\":\"A hazai v\\u00e1llalatok kezdik felismerni, hogy a di\\u00e1kok jelentik sz\\u00e1mukra az egyik legf\\u0151bb munkaer\\u0151piaci tartal\\u00e9kot\",\"inLanguage\":\"hu-HU\",\"isPartOf\":{\"@id\":\"https:\\\/\\\/allasorias.hu\\\/hirek\\\/#website\"},\"breadcrumb\":{\"@id\":\"https:\\\/\\\/allasorias.hu\\\/hirek\\\/szamitanak-a-diakmunkara\\\/#breadcrumblist\"},\"author\":{\"@id\":\"https:\\\/\\\/allasorias.hu\\\/hirek\\\/author\\\/admin-allasorias\\\/#author\"},\"creator\":{\"@id\":\"https:\\\/\\\/allasorias.hu\\\/hirek\\\/author\\\/admin-allasorias\\\/#author\"},\"image\":{\"@type\":\"ImageObject\",\"url\":\"https:\\\/\\\/allasorias.hu\\\/hirek\\\/wp-content\\\/uploads\\\/2024\\\/04\\\/diakmunka-elterjedese.jpg\",\"@id\":\"https:\\\/\\\/allasorias.hu\\\/hirek\\\/szamitanak-a-diakmunkara\\\/#mainImage\",\"width\":1280,\"height\":853,\"caption\":\"Sz\\u00e1m\\u00edtanak a di\\u00e1kmunk\\u00e1ra - Allasorias.hu\\\/Hirek\"},\"primaryImageOfPage\":{\"@id\":\"https:\\\/\\\/allasorias.hu\\\/hirek\\\/szamitanak-a-diakmunkara\\\/#mainImage\"},\"datePublished\":\"2024-04-10T10:42:03+02:00\",\"dateModified\":\"2024-04-10T10:43:43+02:00\"},{\"@type\":\"WebSite\",\"@id\":\"https:\\\/\\\/allasorias.hu\\\/hirek\\\/#website\",\"url\":\"https:\\\/\\\/allasorias.hu\\\/hirek\\\/\",\"name\":\"AllasOrias.hu | H\\u00edrek-lapszemle\",\"description\":\"\\u00dczleti h\\u00edrek az \\u00e1ll\\u00e1s \\u00e9s a munka vil\\u00e1g\\u00e1b\\u00f3l\",\"inLanguage\":\"hu-HU\",\"publisher\":{\"@id\":\"https:\\\/\\\/allasorias.hu\\\/hirek\\\/#organization\"}}]}\n\t\t<\/script>\n\t\t<!-- All in One SEO -->\n\n","aioseo_head_json":{"title":"Sz\u00e1m\u00edtanak a di\u00e1kmunk\u00e1ra | AllasOrias.hu | H\u00edrek-lapszemle","description":"A hazai v\u00e1llalatok kezdik felismerni, hogy a di\u00e1kok jelentik sz\u00e1mukra az egyik legf\u0151bb munkaer\u0151piaci tartal\u00e9kot","canonical_url":"https:\/\/allasorias.hu\/hirek\/szamitanak-a-diakmunkara\/","robots":"max-image-preview:large","keywords":"di\u00e1kmunka,di\u00e1kok","webmasterTools":{"miscellaneous":""},"schema":{"@context":"https:\/\/schema.org","@graph":[{"@type":"Article","@id":"https:\/\/allasorias.hu\/hirek\/szamitanak-a-diakmunkara\/#article","name":"Sz\u00e1m\u00edtanak a di\u00e1kmunk\u00e1ra | AllasOrias.hu | H\u00edrek-lapszemle","headline":"Sz\u00e1m\u00edtanak a di\u00e1kmunk\u00e1ra","author":{"@id":"https:\/\/allasorias.hu\/hirek\/author\/admin-allasorias\/#author"},"publisher":{"@id":"https:\/\/allasorias.hu\/hirek\/#organization"},"image":{"@type":"ImageObject","url":"https:\/\/allasorias.hu\/hirek\/wp-content\/uploads\/2024\/04\/diakmunka-elterjedese.jpg","width":1280,"height":853,"caption":"Sz\u00e1m\u00edtanak a di\u00e1kmunk\u00e1ra - Allasorias.hu\/Hirek"},"datePublished":"2024-04-10T10:42:03+02:00","dateModified":"2024-04-10T10:43:43+02:00","inLanguage":"hu-HU","mainEntityOfPage":{"@id":"https:\/\/allasorias.hu\/hirek\/szamitanak-a-diakmunkara\/#webpage"},"isPartOf":{"@id":"https:\/\/allasorias.hu\/hirek\/szamitanak-a-diakmunkara\/#webpage"},"articleSection":"Munkaer\u0151piac, di\u00e1kmunka, di\u00e1kok"},{"@type":"BreadcrumbList","@id":"https:\/\/allasorias.hu\/hirek\/szamitanak-a-diakmunkara\/#breadcrumblist","itemListElement":[{"@type":"ListItem","@id":"https:\/\/allasorias.hu\/hirek#listItem","position":1,"name":"Home","item":"https:\/\/allasorias.hu\/hirek","nextItem":{"@type":"ListItem","@id":"https:\/\/allasorias.hu\/hirek\/temak\/munkaeropiac\/#listItem","name":"Munkaer\u0151piac"}},{"@type":"ListItem","@id":"https:\/\/allasorias.hu\/hirek\/temak\/munkaeropiac\/#listItem","position":2,"name":"Munkaer\u0151piac","item":"https:\/\/allasorias.hu\/hirek\/temak\/munkaeropiac\/","nextItem":{"@type":"ListItem","@id":"https:\/\/allasorias.hu\/hirek\/szamitanak-a-diakmunkara\/#listItem","name":"Sz\u00e1m\u00edtanak a di\u00e1kmunk\u00e1ra"},"previousItem":{"@type":"ListItem","@id":"https:\/\/allasorias.hu\/hirek#listItem","name":"Home"}},{"@type":"ListItem","@id":"https:\/\/allasorias.hu\/hirek\/szamitanak-a-diakmunkara\/#listItem","position":3,"name":"Sz\u00e1m\u00edtanak a di\u00e1kmunk\u00e1ra","previousItem":{"@type":"ListItem","@id":"https:\/\/allasorias.hu\/hirek\/temak\/munkaeropiac\/#listItem","name":"Munkaer\u0151piac"}}]},{"@type":"Organization","@id":"https:\/\/allasorias.hu\/hirek\/#organization","name":"AllasOrias.hu | H\u00edrek-lapszemle","description":"\u00dczleti h\u00edrek az \u00e1ll\u00e1s \u00e9s a munka vil\u00e1g\u00e1b\u00f3l","url":"https:\/\/allasorias.hu\/hirek\/","logo":{"@type":"ImageObject","url":"https:\/\/allasorias.hu\/hirek\/wp-content\/uploads\/2022\/10\/allasorias_site_facebok_logo.png","@id":"https:\/\/allasorias.hu\/hirek\/szamitanak-a-diakmunkara\/#organizationLogo"},"image":{"@id":"https:\/\/allasorias.hu\/hirek\/szamitanak-a-diakmunkara\/#organizationLogo"},"sameAs":["https:\/\/www.facebook.com\/allasorias","https:\/\/www.linkedin.com\/company\/allasorias"]},{"@type":"Person","@id":"https:\/\/allasorias.hu\/hirek\/author\/admin-allasorias\/#author","url":"https:\/\/allasorias.hu\/hirek\/author\/admin-allasorias\/","name":"Juh\u00e1sz P\u00e9ter","image":{"@type":"ImageObject","@id":"https:\/\/allasorias.hu\/hirek\/szamitanak-a-diakmunkara\/#authorImage","url":"https:\/\/secure.gravatar.com\/avatar\/36e6bcb83148978b992977cb0f54d22feb0cce8a0a849a9410532bb2623ba4c6?s=96&d=mm&r=g","width":96,"height":96,"caption":"Juh\u00e1sz P\u00e9ter"}},{"@type":"WebPage","@id":"https:\/\/allasorias.hu\/hirek\/szamitanak-a-diakmunkara\/#webpage","url":"https:\/\/allasorias.hu\/hirek\/szamitanak-a-diakmunkara\/","name":"Sz\u00e1m\u00edtanak a di\u00e1kmunk\u00e1ra | AllasOrias.hu | H\u00edrek-lapszemle","description":"A hazai v\u00e1llalatok kezdik felismerni, hogy a di\u00e1kok jelentik sz\u00e1mukra az egyik legf\u0151bb munkaer\u0151piaci tartal\u00e9kot","inLanguage":"hu-HU","isPartOf":{"@id":"https:\/\/allasorias.hu\/hirek\/#website"},"breadcrumb":{"@id":"https:\/\/allasorias.hu\/hirek\/szamitanak-a-diakmunkara\/#breadcrumblist"},"author":{"@id":"https:\/\/allasorias.hu\/hirek\/author\/admin-allasorias\/#author"},"creator":{"@id":"https:\/\/allasorias.hu\/hirek\/author\/admin-allasorias\/#author"},"image":{"@type":"ImageObject","url":"https:\/\/allasorias.hu\/hirek\/wp-content\/uploads\/2024\/04\/diakmunka-elterjedese.jpg","@id":"https:\/\/allasorias.hu\/hirek\/szamitanak-a-diakmunkara\/#mainImage","width":1280,"height":853,"caption":"Sz\u00e1m\u00edtanak a di\u00e1kmunk\u00e1ra - Allasorias.hu\/Hirek"},"primaryImageOfPage":{"@id":"https:\/\/allasorias.hu\/hirek\/szamitanak-a-diakmunkara\/#mainImage"},"datePublished":"2024-04-10T10:42:03+02:00","dateModified":"2024-04-10T10:43:43+02:00"},{"@type":"WebSite","@id":"https:\/\/allasorias.hu\/hirek\/#website","url":"https:\/\/allasorias.hu\/hirek\/","name":"AllasOrias.hu | H\u00edrek-lapszemle","description":"\u00dczleti h\u00edrek az \u00e1ll\u00e1s \u00e9s a munka vil\u00e1g\u00e1b\u00f3l","inLanguage":"hu-HU","publisher":{"@id":"https:\/\/allasorias.hu\/hirek\/#organization"}}]},"og:locale":"hu_HU","og:site_name":"AllasOrias.hu | H\u00edrek-lapszemle | \u00dczleti h\u00edrek az \u00e1ll\u00e1s \u00e9s a munka vil\u00e1g\u00e1b\u00f3l","og:type":"article","og:title":"Sz\u00e1m\u00edtanak a di\u00e1kmunk\u00e1ra | AllasOrias.hu | H\u00edrek-lapszemle","og:description":"A hazai v\u00e1llalatok kezdik felismerni, hogy a di\u00e1kok jelentik sz\u00e1mukra az egyik legf\u0151bb munkaer\u0151piaci tartal\u00e9kot","og:url":"https:\/\/allasorias.hu\/hirek\/szamitanak-a-diakmunkara\/","og:image":"https:\/\/allasorias.hu\/hirek\/wp-content\/uploads\/2024\/04\/diakmunka-elterjedese.jpg","og:image:secure_url":"https:\/\/allasorias.hu\/hirek\/wp-content\/uploads\/2024\/04\/diakmunka-elterjedese.jpg","og:image:width":1280,"og:image:height":853,"article:published_time":"2024-04-10T08:42:03+00:00","article:modified_time":"2024-04-10T08:43:43+00:00","article:publisher":"https:\/\/www.facebook.com\/allasorias","twitter:card":"summary_large_image","twitter:title":"Sz\u00e1m\u00edtanak a di\u00e1kmunk\u00e1ra | AllasOrias.hu | H\u00edrek-lapszemle","twitter:description":"A hazai v\u00e1llalatok kezdik felismerni, hogy a di\u00e1kok jelentik sz\u00e1mukra az egyik legf\u0151bb munkaer\u0151piaci tartal\u00e9kot","twitter:image":"https:\/\/allasorias.hu\/hirek\/wp-content\/uploads\/2024\/04\/diakmunka-elterjedese.jpg","twitter:label1":"Written by","twitter:data1":"Juh\u00e1sz P\u00e9ter","twitter:label2":"Est. reading time","twitter:data2":"3 minutes"},"aioseo_meta_data":{"post_id":"7498","title":null,"description":"A hazai v\u00e1llalatok kezdik felismerni, hogy a di\u00e1kok jelentik sz\u00e1mukra az egyik legf\u0151bb munkaer\u0151piaci tartal\u00e9kot","keywords":[],"keyphrases":{"focus":{"keyphrase":"","score":0,"analysis":{"keyphraseInTitle":{"score":0,"maxScore":9,"error":1}}},"additional":[]},"primary_term":null,"canonical_url":null,"og_title":null,"og_description":null,"og_object_type":"default","og_image_type":"default","og_image_url":null,"og_image_width":null,"og_image_height":null,"og_image_custom_url":null,"og_image_custom_fields":null,"og_video":"","og_custom_url":null,"og_article_section":null,"og_article_tags":[],"twitter_use_og":true,"twitter_card":"default","twitter_image_type":"default","twitter_image_url":null,"twitter_image_custom_url":null,"twitter_image_custom_fields":null,"twitter_title":null,"twitter_description":null,"schema":{"blockGraphs":[],"customGraphs":[],"default":{"data":{"Article":[],"Course":[],"Dataset":[],"FAQPage":[],"Movie":[],"Person":[],"Product":[],"ProductReview":[],"Car":[],"Recipe":[],"Service":[],"SoftwareApplication":[],"WebPage":[]},"graphName":"Article","isEnabled":true},"graphs":[]},"schema_type":"default","schema_type_options":null,"pillar_content":false,"robots_default":true,"robots_noindex":false,"robots_noarchive":false,"robots_nosnippet":false,"robots_nofollow":false,"robots_noimageindex":false,"robots_noodp":false,"robots_notranslate":false,"robots_max_snippet":"-1","robots_max_videopreview":"-1","robots_max_imagepreview":"large","priority":null,"frequency":"default","location":null,"local_seo":null,"breadcrumb_settings":null,"limit_modified_date":false,"ai":null,"created":"2024-04-10 08:32:08","updated":"2025-10-02 19:49:14","seo_analyzer_scan_date":null,"focus_keyword":null,"additional_keywords":null,"truseo_locale":null},"aioseo_breadcrumb":"<div class=\"aioseo-breadcrumbs\"><span class=\"aioseo-breadcrumb\">\n\t\t\t<a href=\"https:\/\/allasorias.hu\/hirek\" title=\"Home\">Home<\/a>\n\t\t<\/span><span class=\"aioseo-breadcrumb-separator\">&raquo;<\/span><span class=\"aioseo-breadcrumb\">\n\t\t\t<a href=\"https:\/\/allasorias.hu\/hirek\/temak\/munkaeropiac\/\" title=\"Munkaer\u0151piac\">Munkaer\u0151piac<\/a>\n\t\t<\/span><span class=\"aioseo-breadcrumb-separator\">&raquo;<\/span><span class=\"aioseo-breadcrumb\">\n\t\t\tSz\u00e1m\u00edtanak a di\u00e1kmunk\u00e1ra\n\t\t<\/span><\/div>","aioseo_breadcrumb_json":[{"label":"Home","link":"https:\/\/allasorias.hu\/hirek"},{"label":"Munkaer\u0151piac","link":"https:\/\/allasorias.hu\/hirek\/temak\/munkaeropiac\/"},{"label":"Sz\u00e1m\u00edtanak a di\u00e1kmunk\u00e1ra","link":"https:\/\/allasorias.hu\/hirek\/szamitanak-a-diakmunkara\/"}],"_links":{"self":[{"href":"https:\/\/allasorias.hu\/hirek\/wp-json\/wp\/v2\/posts\/7498","targetHints":{"allow":["GET"]}}],"collection":[{"href":"https:\/\/allasorias.hu\/hirek\/wp-json\/wp\/v2\/posts"}],"about":[{"href":"https:\/\/allasorias.hu\/hirek\/wp-json\/wp\/v2\/types\/post"}],"author":[{"embeddable":true,"href":"https:\/\/allasorias.hu\/hirek\/wp-json\/wp\/v2\/users\/1"}],"replies":[{"embeddable":true,"href":"https:\/\/allasorias.hu\/hirek\/wp-json\/wp\/v2\/comments?post=7498"}],"version-history":[{"count":2,"href":"https:\/\/allasorias.hu\/hirek\/wp-json\/wp\/v2\/posts\/7498\/revisions"}],"predecessor-version":[{"id":7501,"href":"https:\/\/allasorias.hu\/hirek\/wp-json\/wp\/v2\/posts\/7498\/revisions\/7501"}],"wp:featuredmedia":[{"embeddable":true,"href":"https:\/\/allasorias.hu\/hirek\/wp-json\/wp\/v2\/media\/7499"}],"wp:attachment":[{"href":"https:\/\/allasorias.hu\/hirek\/wp-json\/wp\/v2\/media?parent=7498"}],"wp:term":[{"taxonomy":"category","embeddable":true,"href":"https:\/\/allasorias.hu\/hirek\/wp-json\/wp\/v2\/categories?post=7498"},{"taxonomy":"post_tag","embeddable":true,"href":"https:\/\/allasorias.hu\/hirek\/wp-json\/wp\/v2\/tags?post=7498"}],"curies":[{"name":"wp","href":"https:\/\/api.w.org\/{rel}","templated":true}]}}