{"id":7423,"date":"2024-03-14T14:15:37","date_gmt":"2024-03-14T12:15:37","guid":{"rendered":"https:\/\/allasorias.hu\/hirek\/?p=7423"},"modified":"2024-03-18T14:16:36","modified_gmt":"2024-03-18T12:16:36","slug":"jol-erezni-magunkat-a-munkahelyen-palyazat","status":"publish","type":"post","link":"https:\/\/allasorias.hu\/hirek\/jol-erezni-magunkat-a-munkahelyen-palyazat\/","title":{"rendered":"J\u00f3l \u00e9rezni magunkat a munkahelyen &#8211; p\u00e1ly\u00e1zat"},"content":{"rendered":"<p><strong>Boldog Munkahely D\u00edjra\u00a0 lehet p\u00e1ly\u00e1zni.\u00a0 Az \u00e9rt\u00e9kteremt\u0151 munka, a mag\u00e1n\u00e9let tiszteletben tart\u00e1sa, a t\u00e1mogat\u00f3 csapat, a szakmailag felk\u00e9sz\u00fclt vezet\u0151k mind olyan t\u00e9nyez\u0151k, amelyek befoly\u00e1solj\u00e1k a munkav\u00e1llal\u00f3 \u00e9rz\u00e9seit, \u00e9s ez \u00e1ltal a hat\u00e9konys\u00e1g\u00e1t \u00e9s lojalit\u00e1s\u00e1t is.<\/strong><\/p>\n<p>Els\u0151 alkalommal ker\u00fcl kioszt\u00e1sra a Boldog Munkahely D\u00edj, amelyet a Digital M\u00e9dia Hungary t\u00e1mogat\u00e1s\u00e1val m\u0171k\u00f6d\u0151 HR \u00e9s c\u00e9gvezet\u00e9si projekt, a Human Hungary h\u00edvott \u00e9letre. A szervez\u0151k m\u00e1rcius 21-ig v\u00e1rj\u00e1k a p\u00e1ly\u00e1zati anyagokat. A munkav\u00e1llal\u00f3k munkahely-v\u00e1laszt\u00e1si preferenci\u00e1i k\u00f6z\u00f6tt a versenyk\u00e9pes alapb\u00e9ren \u00e9s az egy\u00e9b p\u00e9nzbeli juttat\u00e1sokon k\u00edv\u00fcl a munkav\u00e9gz\u00e9s k\u00f6r\u00fclm\u00e9nyei, h\u00e9tk\u00f6znapjuk min\u0151s\u00e9ge is kiemelten fontos t\u00e9nyez\u0151.<\/p>\n<p>A munkav\u00e1llal\u00f3k bevonz\u00e1s\u00e1hoz \u00e9s megtart\u00e1s\u00e1hoz elengedhetetlen, hogy a munkaad\u00f3k felt\u00e9rk\u00e9pezz\u00e9k ezeket a ter\u00fcleteket \u00e9s energi\u00e1t fektessenek a fizik\u00e1lisan, ment\u00e1lisan, emocion\u00e1lisan is a t\u00e1mogat\u00f3 munkahelyi k\u00f6rnyezet kialak\u00edt\u00e1s\u00e1ba. A szervezet sz\u00e1mos m\u00f3don tudja seg\u00edteni a munkat\u00e1rsakat abban, hogy a k\u00fcl\u00f6nb\u00f6z\u0151 j\u00f3ll\u00e9t-ig\u00e9nyeik min\u00e9l magasabb szinten tudjanak megval\u00f3sulni. Ezek k\u00f6z\u00e9 tartoznak az olyan gyakorlatok be\u00e9p\u00edt\u00e9se a c\u00e9ges m\u0171k\u00f6d\u00e9sbe, mint:<\/p>\n<ul>\n<li>a pozit\u00edv \u00e9rzelmek meg\u00e9l\u00e9s\u00e9nek, kifejez\u00e9s\u00e9nek lehet\u0151s\u00e9ge;<\/li>\n<li>a munkav\u00e1llal\u00f3i \u00f6tletek, javaslatok szorgalmaz\u00e1sa, meghallgat\u00e1sa, megval\u00f3s\u00edt\u00e1sa;<\/li>\n<li>a fizikai \u00e9s <a href=\"https:\/\/allasorias.hu\/hirek\/fontos-a-dolgozok-mentalis-egeszsege\/\">ment\u00e1lis eg\u00e9szs\u00e9g meg\u0151rz\u00e9s\u00e9t t\u00e1mogat\u00f3 tev\u00e9kenys\u00e9gek<\/a> (sport\/szabadid\u0151s, \u00fcd\u00fcl\u00e9si lehet\u0151s\u00e9gek, k\u00e9pz\u00e9sek biztos\u00edt\u00e1sa stb.);<\/li>\n<li>egy\u00fcttm\u0171k\u00f6d\u00e9s a neh\u00e9zs\u00e9gek kezel\u00e9s\u00e9ben, a stresszhelyzetekkel val\u00f3 megk\u00fczd\u00e9sben;<\/li>\n<li>emberi kapcsolatok kialak\u00edt\u00e1s\u00e1nak el\u0151mozd\u00edt\u00e1sa (k\u00f6z\u00f6ss\u00e9gi programok, terek \u00e9s egy\u00e9b lehet\u0151s\u00e9gek).<\/li>\n<\/ul>\n<h2>B\u00e1rmely magyarorsz\u00e1gi munkahely p\u00e1ly\u00e1zhat<\/h2>\n<p>A harmonikus egy\u00fcttm\u0171k\u00f6d\u00e9s sikeres kialak\u00edt\u00e1sa n\u00f6veli a munkav\u00e1llal\u00f3 \u00e9rzelmi elk\u00f6telez\u0151d\u00e9s\u00e9t a szervezete fel\u00e9, fokozza a produktivit\u00e1st \u00e9s jav\u00edtja a teljes\u00edtm\u00e9nyt, ezzel hozz\u00e1j\u00e1rulva a szervezet hossz\u00fa t\u00e1v\u00fa siker\u00e9hez. A Boldog Munkahely D\u00edj azzal a c\u00e9llal j\u00f6tt l\u00e9tre, hogy \u00e9vente elismerje azokat a szervezeteket, v\u00e1llalatokat, amelyek er\u0151fesz\u00edt\u00e9st tesznek a munkav\u00e1llal\u00f3ik boldogs\u00e1g\u00e1\u00e9rt, azaz a pszichol\u00f3giai, szoci\u00e1lis \u00e9s \u00e9rzelmi j\u00f3ll\u00e9t\u00fck\u00e9rt. Ezen t\u00falmen\u0151en a d\u00edj \u00e1ltal elismert szervezetek p\u00e9ldak\u00e9nt szolg\u00e1lhatnak m\u00e1s v\u00e1llalkoz\u00e1soknak \u00e9s inspir\u00e1ci\u00f3t ny\u00fajthatnak sz\u00e1mukra abban, hogy akt\u00edvan foglalkozzanak a munkahelyi k\u00f6rnyezet fejleszt\u00e9s\u00e9vel \u00e9s hasonl\u00f3 pozit\u00edv v\u00e1ltoz\u00e1sokat vezessenek be a saj\u00e1t munkahely\u00fck\u00f6n is. Az elismer\u00e9sre p\u00e1ly\u00e1zhat b\u00e1rmely kis-, k\u00f6z\u00e9p- vagy nagyv\u00e1llalat, civil szervezet, illetve k\u00f6zigazgat\u00e1si int\u00e9zm\u00e9ny Magyarorsz\u00e1g ter\u00fclet\u00e9n l\u00e9v\u0151 munkahelyeikkel. A Boldog Munkahely D\u00edj a Digital-Media Hungary 2024 Konferenci\u00e1n ker\u00fcl kioszt\u00e1sra 2024. \u00e1prilis 23-\u00e1n.<\/p>\n<p>Forr\u00e1s: <a href=\"https:\/\/www.hrportal.hu\/hr\/aprilisban-debutal-a-boldog-munkahely-dij-mar-lehet-palyazni-20240229.html\" target=\"_blank\" rel=\"nofollow noopener noreferrer\">hrportal.hu<\/a><\/p>\n","protected":false},"excerpt":{"rendered":"<p>Boldog Munkahely D\u00edjra\u00a0 lehet p\u00e1ly\u00e1zni.\u00a0 Az \u00e9rt\u00e9kteremt\u0151 munka, a mag\u00e1n\u00e9let tiszteletben tart\u00e1sa, a t\u00e1mogat\u00f3 csapat, a szakmailag felk\u00e9sz\u00fclt vezet\u0151k mind olyan t\u00e9nyez\u0151k, amelyek befoly\u00e1solj\u00e1k a munkav\u00e1llal\u00f3 \u00e9rz\u00e9seit, \u00e9s ez \u00e1ltal a hat\u00e9konys\u00e1g\u00e1t \u00e9s lojalit\u00e1s\u00e1t is. Els\u0151 alkalommal ker\u00fcl kioszt\u00e1sra a Boldog Munkahely D\u00edj, amelyet a Digital M\u00e9dia Hungary t\u00e1mogat\u00e1s\u00e1val m\u0171k\u00f6d\u0151 HR \u00e9s c\u00e9gvezet\u00e9si projekt, a [&hellip;]<\/p>\n","protected":false},"author":1,"featured_media":7424,"comment_status":"closed","ping_status":"closed","sticky":false,"template":"","format":"standard","meta":{"_monsterinsights_skip_tracking":false,"footnotes":""},"categories":[200],"tags":[723,722],"class_list":["post-7423","post","type-post","status-publish","format-standard","has-post-thumbnail","hentry","category-munkaeropiac","tag-boldog-munkahely","tag-boldog-munkahely-dij"],"aioseo_notices":[],"aioseo_head":"\n\t\t<!-- All in One SEO 5.0.0.1 - aioseo.com -->\n\t<meta name=\"description\" content=\"Els\u0151 alkalommal ker\u00fcl kioszt\u00e1sra a Boldog Munkahely D\u00edj. A szervez\u0151k m\u00e1rcius 21-ig v\u00e1rj\u00e1k a p\u00e1ly\u00e1zati anyagokat.\" \/>\n\t<meta name=\"robots\" content=\"max-image-preview:large\" \/>\n\t<meta name=\"author\" content=\"Juh\u00e1sz P\u00e9ter\"\/>\n\t<meta name=\"keywords\" content=\"boldog munkahely,boldog munkahely d\u00edj\" \/>\n\t<link rel=\"canonical\" href=\"https:\/\/allasorias.hu\/hirek\/jol-erezni-magunkat-a-munkahelyen-palyazat\/\" \/>\n\t<meta name=\"generator\" content=\"All in One SEO (AIOSEO) 5.0.0.1\" \/>\n\t\t<meta property=\"og:locale\" content=\"hu_HU\" \/>\n\t\t<meta property=\"og:site_name\" content=\"AllasOrias.hu | H\u00edrek-lapszemle | \u00dczleti h\u00edrek az \u00e1ll\u00e1s \u00e9s a munka vil\u00e1g\u00e1b\u00f3l\" \/>\n\t\t<meta property=\"og:type\" content=\"article\" \/>\n\t\t<meta property=\"og:title\" content=\"J\u00f3l \u00e9rezni magunkat a munkahelyen \u2013 p\u00e1ly\u00e1zat | Allasorias.hu\" \/>\n\t\t<meta property=\"og:description\" content=\"Els\u0151 alkalommal ker\u00fcl kioszt\u00e1sra a Boldog Munkahely D\u00edj. A szervez\u0151k m\u00e1rcius 21-ig v\u00e1rj\u00e1k a p\u00e1ly\u00e1zati anyagokat.\" \/>\n\t\t<meta property=\"og:url\" content=\"https:\/\/allasorias.hu\/hirek\/jol-erezni-magunkat-a-munkahelyen-palyazat\/\" \/>\n\t\t<meta property=\"og:image\" content=\"https:\/\/allasorias.hu\/hirek\/wp-content\/uploads\/2024\/03\/boldog-munkahely-dij.jpg\" \/>\n\t\t<meta property=\"og:image:secure_url\" content=\"https:\/\/allasorias.hu\/hirek\/wp-content\/uploads\/2024\/03\/boldog-munkahely-dij.jpg\" \/>\n\t\t<meta property=\"og:image:width\" content=\"1280\" \/>\n\t\t<meta property=\"og:image:height\" content=\"853\" \/>\n\t\t<meta property=\"article:published_time\" content=\"2024-03-14T12:15:37+00:00\" \/>\n\t\t<meta property=\"article:modified_time\" content=\"2024-03-18T12:16:36+00:00\" \/>\n\t\t<meta property=\"article:publisher\" content=\"https:\/\/www.facebook.com\/allasorias\" \/>\n\t\t<meta name=\"twitter:card\" content=\"summary_large_image\" \/>\n\t\t<meta name=\"twitter:title\" content=\"J\u00f3l \u00e9rezni magunkat a munkahelyen \u2013 p\u00e1ly\u00e1zat | Allasorias.hu\" \/>\n\t\t<meta name=\"twitter:description\" content=\"Els\u0151 alkalommal ker\u00fcl kioszt\u00e1sra a Boldog Munkahely D\u00edj. A szervez\u0151k m\u00e1rcius 21-ig v\u00e1rj\u00e1k a p\u00e1ly\u00e1zati anyagokat.\" \/>\n\t\t<meta name=\"twitter:image\" content=\"https:\/\/allasorias.hu\/hirek\/wp-content\/uploads\/2024\/03\/boldog-munkahely-dij.jpg\" \/>\n\t\t<meta name=\"twitter:label1\" content=\"Written by\" \/>\n\t\t<meta name=\"twitter:data1\" content=\"Juh\u00e1sz P\u00e9ter\" \/>\n\t\t<meta name=\"twitter:label2\" content=\"Est. reading time\" \/>\n\t\t<meta name=\"twitter:data2\" content=\"3 minutes\" \/>\n\t\t<script type=\"application\/ld+json\" class=\"aioseo-schema\">\n\t\t\t{\"@context\":\"https:\\\/\\\/schema.org\",\"@graph\":[{\"@type\":\"Article\",\"@id\":\"https:\\\/\\\/allasorias.hu\\\/hirek\\\/jol-erezni-magunkat-a-munkahelyen-palyazat\\\/#article\",\"name\":\"J\\u00f3l \\u00e9rezni magunkat a munkahelyen \\u2013 p\\u00e1ly\\u00e1zat | Allasorias.hu\",\"headline\":\"J\\u00f3l \\u00e9rezni magunkat a munkahelyen &#8211; p\\u00e1ly\\u00e1zat\",\"author\":{\"@id\":\"https:\\\/\\\/allasorias.hu\\\/hirek\\\/author\\\/admin-allasorias\\\/#author\"},\"publisher\":{\"@id\":\"https:\\\/\\\/allasorias.hu\\\/hirek\\\/#organization\"},\"image\":{\"@type\":\"ImageObject\",\"url\":\"https:\\\/\\\/allasorias.hu\\\/hirek\\\/wp-content\\\/uploads\\\/2024\\\/03\\\/boldog-munkahely-dij.jpg\",\"width\":1280,\"height\":853,\"caption\":\"J\\u00f3l \\u00e9rezni magunkat a munkahelyen - p\\u00e1ly\\u00e1zat - Allasorias.hu\\\/Hirek\"},\"datePublished\":\"2024-03-14T14:15:37+02:00\",\"dateModified\":\"2024-03-18T14:16:36+02:00\",\"inLanguage\":\"hu-HU\",\"mainEntityOfPage\":{\"@id\":\"https:\\\/\\\/allasorias.hu\\\/hirek\\\/jol-erezni-magunkat-a-munkahelyen-palyazat\\\/#webpage\"},\"isPartOf\":{\"@id\":\"https:\\\/\\\/allasorias.hu\\\/hirek\\\/jol-erezni-magunkat-a-munkahelyen-palyazat\\\/#webpage\"},\"articleSection\":\"Munkaer\\u0151piac, boldog munkahely, Boldog Munkahely D\\u00edj\"},{\"@type\":\"BreadcrumbList\",\"@id\":\"https:\\\/\\\/allasorias.hu\\\/hirek\\\/jol-erezni-magunkat-a-munkahelyen-palyazat\\\/#breadcrumblist\",\"itemListElement\":[{\"@type\":\"ListItem\",\"@id\":\"https:\\\/\\\/allasorias.hu\\\/hirek#listItem\",\"position\":1,\"name\":\"Home\",\"item\":\"https:\\\/\\\/allasorias.hu\\\/hirek\",\"nextItem\":{\"@type\":\"ListItem\",\"@id\":\"https:\\\/\\\/allasorias.hu\\\/hirek\\\/temak\\\/munkaeropiac\\\/#listItem\",\"name\":\"Munkaer\\u0151piac\"}},{\"@type\":\"ListItem\",\"@id\":\"https:\\\/\\\/allasorias.hu\\\/hirek\\\/temak\\\/munkaeropiac\\\/#listItem\",\"position\":2,\"name\":\"Munkaer\\u0151piac\",\"item\":\"https:\\\/\\\/allasorias.hu\\\/hirek\\\/temak\\\/munkaeropiac\\\/\",\"nextItem\":{\"@type\":\"ListItem\",\"@id\":\"https:\\\/\\\/allasorias.hu\\\/hirek\\\/jol-erezni-magunkat-a-munkahelyen-palyazat\\\/#listItem\",\"name\":\"J\\u00f3l \\u00e9rezni magunkat a munkahelyen &#8211; p\\u00e1ly\\u00e1zat\"},\"previousItem\":{\"@type\":\"ListItem\",\"@id\":\"https:\\\/\\\/allasorias.hu\\\/hirek#listItem\",\"name\":\"Home\"}},{\"@type\":\"ListItem\",\"@id\":\"https:\\\/\\\/allasorias.hu\\\/hirek\\\/jol-erezni-magunkat-a-munkahelyen-palyazat\\\/#listItem\",\"position\":3,\"name\":\"J\\u00f3l \\u00e9rezni magunkat a munkahelyen &#8211; p\\u00e1ly\\u00e1zat\",\"previousItem\":{\"@type\":\"ListItem\",\"@id\":\"https:\\\/\\\/allasorias.hu\\\/hirek\\\/temak\\\/munkaeropiac\\\/#listItem\",\"name\":\"Munkaer\\u0151piac\"}}]},{\"@type\":\"Organization\",\"@id\":\"https:\\\/\\\/allasorias.hu\\\/hirek\\\/#organization\",\"name\":\"AllasOrias.hu | H\\u00edrek-lapszemle\",\"description\":\"\\u00dczleti h\\u00edrek az \\u00e1ll\\u00e1s \\u00e9s a munka vil\\u00e1g\\u00e1b\\u00f3l\",\"url\":\"https:\\\/\\\/allasorias.hu\\\/hirek\\\/\",\"logo\":{\"@type\":\"ImageObject\",\"url\":\"https:\\\/\\\/allasorias.hu\\\/hirek\\\/wp-content\\\/uploads\\\/2022\\\/10\\\/allasorias_site_facebok_logo.png\",\"@id\":\"https:\\\/\\\/allasorias.hu\\\/hirek\\\/jol-erezni-magunkat-a-munkahelyen-palyazat\\\/#organizationLogo\"},\"image\":{\"@id\":\"https:\\\/\\\/allasorias.hu\\\/hirek\\\/jol-erezni-magunkat-a-munkahelyen-palyazat\\\/#organizationLogo\"},\"sameAs\":[\"https:\\\/\\\/www.facebook.com\\\/allasorias\",\"https:\\\/\\\/www.linkedin.com\\\/company\\\/allasorias\"]},{\"@type\":\"Person\",\"@id\":\"https:\\\/\\\/allasorias.hu\\\/hirek\\\/author\\\/admin-allasorias\\\/#author\",\"url\":\"https:\\\/\\\/allasorias.hu\\\/hirek\\\/author\\\/admin-allasorias\\\/\",\"name\":\"Juh\\u00e1sz P\\u00e9ter\",\"image\":{\"@type\":\"ImageObject\",\"@id\":\"https:\\\/\\\/allasorias.hu\\\/hirek\\\/jol-erezni-magunkat-a-munkahelyen-palyazat\\\/#authorImage\",\"url\":\"https:\\\/\\\/secure.gravatar.com\\\/avatar\\\/36e6bcb83148978b992977cb0f54d22feb0cce8a0a849a9410532bb2623ba4c6?s=96&d=mm&r=g\",\"width\":96,\"height\":96,\"caption\":\"Juh\\u00e1sz P\\u00e9ter\"}},{\"@type\":\"WebPage\",\"@id\":\"https:\\\/\\\/allasorias.hu\\\/hirek\\\/jol-erezni-magunkat-a-munkahelyen-palyazat\\\/#webpage\",\"url\":\"https:\\\/\\\/allasorias.hu\\\/hirek\\\/jol-erezni-magunkat-a-munkahelyen-palyazat\\\/\",\"name\":\"J\\u00f3l \\u00e9rezni magunkat a munkahelyen \\u2013 p\\u00e1ly\\u00e1zat | Allasorias.hu\",\"description\":\"Els\\u0151 alkalommal ker\\u00fcl kioszt\\u00e1sra a Boldog Munkahely D\\u00edj. A szervez\\u0151k m\\u00e1rcius 21-ig v\\u00e1rj\\u00e1k a p\\u00e1ly\\u00e1zati anyagokat.\",\"inLanguage\":\"hu-HU\",\"isPartOf\":{\"@id\":\"https:\\\/\\\/allasorias.hu\\\/hirek\\\/#website\"},\"breadcrumb\":{\"@id\":\"https:\\\/\\\/allasorias.hu\\\/hirek\\\/jol-erezni-magunkat-a-munkahelyen-palyazat\\\/#breadcrumblist\"},\"author\":{\"@id\":\"https:\\\/\\\/allasorias.hu\\\/hirek\\\/author\\\/admin-allasorias\\\/#author\"},\"creator\":{\"@id\":\"https:\\\/\\\/allasorias.hu\\\/hirek\\\/author\\\/admin-allasorias\\\/#author\"},\"image\":{\"@type\":\"ImageObject\",\"url\":\"https:\\\/\\\/allasorias.hu\\\/hirek\\\/wp-content\\\/uploads\\\/2024\\\/03\\\/boldog-munkahely-dij.jpg\",\"@id\":\"https:\\\/\\\/allasorias.hu\\\/hirek\\\/jol-erezni-magunkat-a-munkahelyen-palyazat\\\/#mainImage\",\"width\":1280,\"height\":853,\"caption\":\"J\\u00f3l \\u00e9rezni magunkat a munkahelyen - p\\u00e1ly\\u00e1zat - Allasorias.hu\\\/Hirek\"},\"primaryImageOfPage\":{\"@id\":\"https:\\\/\\\/allasorias.hu\\\/hirek\\\/jol-erezni-magunkat-a-munkahelyen-palyazat\\\/#mainImage\"},\"datePublished\":\"2024-03-14T14:15:37+02:00\",\"dateModified\":\"2024-03-18T14:16:36+02:00\"},{\"@type\":\"WebSite\",\"@id\":\"https:\\\/\\\/allasorias.hu\\\/hirek\\\/#website\",\"url\":\"https:\\\/\\\/allasorias.hu\\\/hirek\\\/\",\"name\":\"AllasOrias.hu | H\\u00edrek-lapszemle\",\"description\":\"\\u00dczleti h\\u00edrek az \\u00e1ll\\u00e1s \\u00e9s a munka vil\\u00e1g\\u00e1b\\u00f3l\",\"inLanguage\":\"hu-HU\",\"publisher\":{\"@id\":\"https:\\\/\\\/allasorias.hu\\\/hirek\\\/#organization\"}}]}\n\t\t<\/script>\n\t\t<!-- All in One SEO -->\n\n","aioseo_head_json":{"title":"J\u00f3l \u00e9rezni magunkat a munkahelyen \u2013 p\u00e1ly\u00e1zat | Allasorias.hu","description":"Els\u0151 alkalommal ker\u00fcl kioszt\u00e1sra a Boldog Munkahely D\u00edj. A szervez\u0151k m\u00e1rcius 21-ig v\u00e1rj\u00e1k a p\u00e1ly\u00e1zati anyagokat.","canonical_url":"https:\/\/allasorias.hu\/hirek\/jol-erezni-magunkat-a-munkahelyen-palyazat\/","robots":"max-image-preview:large","keywords":"boldog munkahely,boldog munkahely d\u00edj","webmasterTools":{"miscellaneous":""},"schema":{"@context":"https:\/\/schema.org","@graph":[{"@type":"Article","@id":"https:\/\/allasorias.hu\/hirek\/jol-erezni-magunkat-a-munkahelyen-palyazat\/#article","name":"J\u00f3l \u00e9rezni magunkat a munkahelyen \u2013 p\u00e1ly\u00e1zat | Allasorias.hu","headline":"J\u00f3l \u00e9rezni magunkat a munkahelyen &#8211; p\u00e1ly\u00e1zat","author":{"@id":"https:\/\/allasorias.hu\/hirek\/author\/admin-allasorias\/#author"},"publisher":{"@id":"https:\/\/allasorias.hu\/hirek\/#organization"},"image":{"@type":"ImageObject","url":"https:\/\/allasorias.hu\/hirek\/wp-content\/uploads\/2024\/03\/boldog-munkahely-dij.jpg","width":1280,"height":853,"caption":"J\u00f3l \u00e9rezni magunkat a munkahelyen - p\u00e1ly\u00e1zat - Allasorias.hu\/Hirek"},"datePublished":"2024-03-14T14:15:37+02:00","dateModified":"2024-03-18T14:16:36+02:00","inLanguage":"hu-HU","mainEntityOfPage":{"@id":"https:\/\/allasorias.hu\/hirek\/jol-erezni-magunkat-a-munkahelyen-palyazat\/#webpage"},"isPartOf":{"@id":"https:\/\/allasorias.hu\/hirek\/jol-erezni-magunkat-a-munkahelyen-palyazat\/#webpage"},"articleSection":"Munkaer\u0151piac, boldog munkahely, Boldog Munkahely D\u00edj"},{"@type":"BreadcrumbList","@id":"https:\/\/allasorias.hu\/hirek\/jol-erezni-magunkat-a-munkahelyen-palyazat\/#breadcrumblist","itemListElement":[{"@type":"ListItem","@id":"https:\/\/allasorias.hu\/hirek#listItem","position":1,"name":"Home","item":"https:\/\/allasorias.hu\/hirek","nextItem":{"@type":"ListItem","@id":"https:\/\/allasorias.hu\/hirek\/temak\/munkaeropiac\/#listItem","name":"Munkaer\u0151piac"}},{"@type":"ListItem","@id":"https:\/\/allasorias.hu\/hirek\/temak\/munkaeropiac\/#listItem","position":2,"name":"Munkaer\u0151piac","item":"https:\/\/allasorias.hu\/hirek\/temak\/munkaeropiac\/","nextItem":{"@type":"ListItem","@id":"https:\/\/allasorias.hu\/hirek\/jol-erezni-magunkat-a-munkahelyen-palyazat\/#listItem","name":"J\u00f3l \u00e9rezni magunkat a munkahelyen &#8211; p\u00e1ly\u00e1zat"},"previousItem":{"@type":"ListItem","@id":"https:\/\/allasorias.hu\/hirek#listItem","name":"Home"}},{"@type":"ListItem","@id":"https:\/\/allasorias.hu\/hirek\/jol-erezni-magunkat-a-munkahelyen-palyazat\/#listItem","position":3,"name":"J\u00f3l \u00e9rezni magunkat a munkahelyen &#8211; p\u00e1ly\u00e1zat","previousItem":{"@type":"ListItem","@id":"https:\/\/allasorias.hu\/hirek\/temak\/munkaeropiac\/#listItem","name":"Munkaer\u0151piac"}}]},{"@type":"Organization","@id":"https:\/\/allasorias.hu\/hirek\/#organization","name":"AllasOrias.hu | H\u00edrek-lapszemle","description":"\u00dczleti h\u00edrek az \u00e1ll\u00e1s \u00e9s a munka vil\u00e1g\u00e1b\u00f3l","url":"https:\/\/allasorias.hu\/hirek\/","logo":{"@type":"ImageObject","url":"https:\/\/allasorias.hu\/hirek\/wp-content\/uploads\/2022\/10\/allasorias_site_facebok_logo.png","@id":"https:\/\/allasorias.hu\/hirek\/jol-erezni-magunkat-a-munkahelyen-palyazat\/#organizationLogo"},"image":{"@id":"https:\/\/allasorias.hu\/hirek\/jol-erezni-magunkat-a-munkahelyen-palyazat\/#organizationLogo"},"sameAs":["https:\/\/www.facebook.com\/allasorias","https:\/\/www.linkedin.com\/company\/allasorias"]},{"@type":"Person","@id":"https:\/\/allasorias.hu\/hirek\/author\/admin-allasorias\/#author","url":"https:\/\/allasorias.hu\/hirek\/author\/admin-allasorias\/","name":"Juh\u00e1sz P\u00e9ter","image":{"@type":"ImageObject","@id":"https:\/\/allasorias.hu\/hirek\/jol-erezni-magunkat-a-munkahelyen-palyazat\/#authorImage","url":"https:\/\/secure.gravatar.com\/avatar\/36e6bcb83148978b992977cb0f54d22feb0cce8a0a849a9410532bb2623ba4c6?s=96&d=mm&r=g","width":96,"height":96,"caption":"Juh\u00e1sz P\u00e9ter"}},{"@type":"WebPage","@id":"https:\/\/allasorias.hu\/hirek\/jol-erezni-magunkat-a-munkahelyen-palyazat\/#webpage","url":"https:\/\/allasorias.hu\/hirek\/jol-erezni-magunkat-a-munkahelyen-palyazat\/","name":"J\u00f3l \u00e9rezni magunkat a munkahelyen \u2013 p\u00e1ly\u00e1zat | Allasorias.hu","description":"Els\u0151 alkalommal ker\u00fcl kioszt\u00e1sra a Boldog Munkahely D\u00edj. A szervez\u0151k m\u00e1rcius 21-ig v\u00e1rj\u00e1k a p\u00e1ly\u00e1zati anyagokat.","inLanguage":"hu-HU","isPartOf":{"@id":"https:\/\/allasorias.hu\/hirek\/#website"},"breadcrumb":{"@id":"https:\/\/allasorias.hu\/hirek\/jol-erezni-magunkat-a-munkahelyen-palyazat\/#breadcrumblist"},"author":{"@id":"https:\/\/allasorias.hu\/hirek\/author\/admin-allasorias\/#author"},"creator":{"@id":"https:\/\/allasorias.hu\/hirek\/author\/admin-allasorias\/#author"},"image":{"@type":"ImageObject","url":"https:\/\/allasorias.hu\/hirek\/wp-content\/uploads\/2024\/03\/boldog-munkahely-dij.jpg","@id":"https:\/\/allasorias.hu\/hirek\/jol-erezni-magunkat-a-munkahelyen-palyazat\/#mainImage","width":1280,"height":853,"caption":"J\u00f3l \u00e9rezni magunkat a munkahelyen - p\u00e1ly\u00e1zat - Allasorias.hu\/Hirek"},"primaryImageOfPage":{"@id":"https:\/\/allasorias.hu\/hirek\/jol-erezni-magunkat-a-munkahelyen-palyazat\/#mainImage"},"datePublished":"2024-03-14T14:15:37+02:00","dateModified":"2024-03-18T14:16:36+02:00"},{"@type":"WebSite","@id":"https:\/\/allasorias.hu\/hirek\/#website","url":"https:\/\/allasorias.hu\/hirek\/","name":"AllasOrias.hu | H\u00edrek-lapszemle","description":"\u00dczleti h\u00edrek az \u00e1ll\u00e1s \u00e9s a munka vil\u00e1g\u00e1b\u00f3l","inLanguage":"hu-HU","publisher":{"@id":"https:\/\/allasorias.hu\/hirek\/#organization"}}]},"og:locale":"hu_HU","og:site_name":"AllasOrias.hu | H\u00edrek-lapszemle | \u00dczleti h\u00edrek az \u00e1ll\u00e1s \u00e9s a munka vil\u00e1g\u00e1b\u00f3l","og:type":"article","og:title":"J\u00f3l \u00e9rezni magunkat a munkahelyen \u2013 p\u00e1ly\u00e1zat | Allasorias.hu","og:description":"Els\u0151 alkalommal ker\u00fcl kioszt\u00e1sra a Boldog Munkahely D\u00edj. A szervez\u0151k m\u00e1rcius 21-ig v\u00e1rj\u00e1k a p\u00e1ly\u00e1zati anyagokat.","og:url":"https:\/\/allasorias.hu\/hirek\/jol-erezni-magunkat-a-munkahelyen-palyazat\/","og:image":"https:\/\/allasorias.hu\/hirek\/wp-content\/uploads\/2024\/03\/boldog-munkahely-dij.jpg","og:image:secure_url":"https:\/\/allasorias.hu\/hirek\/wp-content\/uploads\/2024\/03\/boldog-munkahely-dij.jpg","og:image:width":1280,"og:image:height":853,"article:published_time":"2024-03-14T12:15:37+00:00","article:modified_time":"2024-03-18T12:16:36+00:00","article:publisher":"https:\/\/www.facebook.com\/allasorias","twitter:card":"summary_large_image","twitter:title":"J\u00f3l \u00e9rezni magunkat a munkahelyen \u2013 p\u00e1ly\u00e1zat | Allasorias.hu","twitter:description":"Els\u0151 alkalommal ker\u00fcl kioszt\u00e1sra a Boldog Munkahely D\u00edj. A szervez\u0151k m\u00e1rcius 21-ig v\u00e1rj\u00e1k a p\u00e1ly\u00e1zati anyagokat.","twitter:image":"https:\/\/allasorias.hu\/hirek\/wp-content\/uploads\/2024\/03\/boldog-munkahely-dij.jpg","twitter:label1":"Written by","twitter:data1":"Juh\u00e1sz P\u00e9ter","twitter:label2":"Est. reading time","twitter:data2":"3 minutes"},"aioseo_meta_data":{"post_id":"7423","title":"#post_title | Allasorias.hu","description":"Els\u0151 alkalommal ker\u00fcl kioszt\u00e1sra a Boldog Munkahely D\u00edj. A szervez\u0151k m\u00e1rcius 21-ig v\u00e1rj\u00e1k a p\u00e1ly\u00e1zati anyagokat.","keywords":[],"keyphrases":{"focus":{"keyphrase":"","score":0,"analysis":{"keyphraseInTitle":{"score":0,"maxScore":9,"error":1}}},"additional":[]},"primary_term":null,"canonical_url":null,"og_title":null,"og_description":null,"og_object_type":"default","og_image_type":"default","og_image_url":null,"og_image_width":null,"og_image_height":null,"og_image_custom_url":null,"og_image_custom_fields":null,"og_video":"","og_custom_url":null,"og_article_section":null,"og_article_tags":[],"twitter_use_og":true,"twitter_card":"default","twitter_image_type":"default","twitter_image_url":null,"twitter_image_custom_url":null,"twitter_image_custom_fields":null,"twitter_title":null,"twitter_description":null,"schema":{"blockGraphs":[],"customGraphs":[],"default":{"data":{"Article":[],"Course":[],"Dataset":[],"FAQPage":[],"Movie":[],"Person":[],"Product":[],"ProductReview":[],"Car":[],"Recipe":[],"Service":[],"SoftwareApplication":[],"WebPage":[]},"graphName":"Article","isEnabled":true},"graphs":[]},"schema_type":"default","schema_type_options":null,"pillar_content":false,"robots_default":true,"robots_noindex":false,"robots_noarchive":false,"robots_nosnippet":false,"robots_nofollow":false,"robots_noimageindex":false,"robots_noodp":false,"robots_notranslate":false,"robots_max_snippet":"-1","robots_max_videopreview":"-1","robots_max_imagepreview":"large","priority":null,"frequency":"default","location":null,"local_seo":null,"breadcrumb_settings":null,"limit_modified_date":false,"ai":null,"created":"2024-03-18 12:04:53","updated":"2025-10-02 19:42:57","seo_analyzer_scan_date":null,"focus_keyword":null,"additional_keywords":null,"truseo_locale":null},"aioseo_breadcrumb":"<div class=\"aioseo-breadcrumbs\"><span class=\"aioseo-breadcrumb\">\n\t\t\t<a href=\"https:\/\/allasorias.hu\/hirek\" title=\"Home\">Home<\/a>\n\t\t<\/span><span class=\"aioseo-breadcrumb-separator\">&raquo;<\/span><span class=\"aioseo-breadcrumb\">\n\t\t\t<a href=\"https:\/\/allasorias.hu\/hirek\/temak\/munkaeropiac\/\" title=\"Munkaer\u0151piac\">Munkaer\u0151piac<\/a>\n\t\t<\/span><span class=\"aioseo-breadcrumb-separator\">&raquo;<\/span><span class=\"aioseo-breadcrumb\">\n\t\t\tJ\u00f3l \u00e9rezni magunkat a munkahelyen \u2013 p\u00e1ly\u00e1zat\n\t\t<\/span><\/div>","aioseo_breadcrumb_json":[{"label":"Home","link":"https:\/\/allasorias.hu\/hirek"},{"label":"Munkaer\u0151piac","link":"https:\/\/allasorias.hu\/hirek\/temak\/munkaeropiac\/"},{"label":"J\u00f3l \u00e9rezni magunkat a munkahelyen &#8211; p\u00e1ly\u00e1zat","link":"https:\/\/allasorias.hu\/hirek\/jol-erezni-magunkat-a-munkahelyen-palyazat\/"}],"_links":{"self":[{"href":"https:\/\/allasorias.hu\/hirek\/wp-json\/wp\/v2\/posts\/7423","targetHints":{"allow":["GET"]}}],"collection":[{"href":"https:\/\/allasorias.hu\/hirek\/wp-json\/wp\/v2\/posts"}],"about":[{"href":"https:\/\/allasorias.hu\/hirek\/wp-json\/wp\/v2\/types\/post"}],"author":[{"embeddable":true,"href":"https:\/\/allasorias.hu\/hirek\/wp-json\/wp\/v2\/users\/1"}],"replies":[{"embeddable":true,"href":"https:\/\/allasorias.hu\/hirek\/wp-json\/wp\/v2\/comments?post=7423"}],"version-history":[{"count":2,"href":"https:\/\/allasorias.hu\/hirek\/wp-json\/wp\/v2\/posts\/7423\/revisions"}],"predecessor-version":[{"id":7426,"href":"https:\/\/allasorias.hu\/hirek\/wp-json\/wp\/v2\/posts\/7423\/revisions\/7426"}],"wp:featuredmedia":[{"embeddable":true,"href":"https:\/\/allasorias.hu\/hirek\/wp-json\/wp\/v2\/media\/7424"}],"wp:attachment":[{"href":"https:\/\/allasorias.hu\/hirek\/wp-json\/wp\/v2\/media?parent=7423"}],"wp:term":[{"taxonomy":"category","embeddable":true,"href":"https:\/\/allasorias.hu\/hirek\/wp-json\/wp\/v2\/categories?post=7423"},{"taxonomy":"post_tag","embeddable":true,"href":"https:\/\/allasorias.hu\/hirek\/wp-json\/wp\/v2\/tags?post=7423"}],"curies":[{"name":"wp","href":"https:\/\/api.w.org\/{rel}","templated":true}]}}