{"id":7416,"date":"2024-03-12T12:03:51","date_gmt":"2024-03-12T10:03:51","guid":{"rendered":"https:\/\/allasorias.hu\/hirek\/?p=7416"},"modified":"2024-03-12T12:03:51","modified_gmt":"2024-03-12T10:03:51","slug":"alacsonyak-a-berek-a-kozszferaban","status":"publish","type":"post","link":"https:\/\/allasorias.hu\/hirek\/alacsonyak-a-berek-a-kozszferaban\/","title":{"rendered":"Alacsonyak a b\u00e9rek a k\u00f6zszf\u00e9r\u00e1ban"},"content":{"rendered":"<p><strong>Az illetm\u00e9nyek emel\u00e9s\u00e9re lenne sz\u00fcks\u00e9g a k\u00f6zszf\u00e9r\u00e1ban, miut\u00e1n a minim\u00e1l b\u00e9r emelkedett \u00e9s a munkak\u00f6r\u00fclm\u00e9nyek is v\u00e1ltoztak. Emiatt sokan elhagyj\u00e1k munkahely\u00fcket.<\/strong><\/p>\n<p>A szakszervezeti vezet\u0151 szerint a munkak\u00f6r\u00fclm\u00e9nyek is romlottak \u00e9s illetm\u00e9nyrendez\u00e9sre lenne sz\u00fcks\u00e9g. Boros P\u00e9tern\u00e9, a Magyar K\u00f6ztisztvisel\u0151k, K\u00f6zalkalmazottak \u00e9s K\u00f6zszolg\u00e1lati Dolgoz\u00f3k Szakszervezet\u00e9nek eln\u00f6ke kijelentette: legal\u00e1bb 25 sz\u00e1zal\u00e9kos fizet\u00e9semel\u00e9st k\u00f6vetelnek a korm\u00e1nyt\u00f3l \u2013 \u00edrja a N\u00e9pszava. Hozz\u00e1tette, hogy egyre t\u00f6bben hagyj\u00e1k ott a ter\u00fcletet az alacsony b\u00e9rek miatt.<\/p>\n<p>Egy 62 \u00e9ves, diplom\u00e1s korm\u00e1nytisztvisel\u0151, aki tanker\u00fcletn\u00e9l dolgozik, arr\u00f3l t\u00e1j\u00e9koztatta, hogy brutt\u00f3 450 ezer, azaz nett\u00f3 269 ezer forint az illetm\u00e9nye. Ek\u00f6zben a garant\u00e1lt b\u00e9rminimum 2023 december\u00e9t\u0151l brutt\u00f3 326 ezer forint, aminek a nett\u00f3ja 216 ezer forint. A szakszervezet eln\u00f6ke szerint kritikus a helyzet \u00e9s nem emel\u00e9sre, hanem illetm\u00e9nyrendez\u00e9sre lenne sz\u00fcks\u00e9g, aminek elfogadhat\u00f3 m\u00e9rt\u00e9ke havi brutt\u00f3 900 ezer forint lenne.\u00a0 Hozz\u00e1tette, hogy a munkak\u00f6r\u00fclm\u00e9nyek is romlottak. A Korm\u00e1nyzati igazgat\u00e1sr\u00f3l sz\u00f3l\u00f3 t\u00f6rv\u00e9ny \u00e9rtelm\u00e9ben megv\u00e1ltozott a h\u00e9tf\u0151t\u0151l cs\u00fct\u00f6rt\u00f6kig tart\u00f3 munkarend, \u00edgy m\u00e1r nem 8:00-t\u00f3l 16:30-ig kell a munkahelyen lenni, hanem 8:00-t\u00f3l 17:00-ig, ami a csal\u00e1dos dolgoz\u00f3knak probl\u00e9m\u00e1t okoz.<\/p>\n<p>Forr\u00e1s: <a href=\"https:\/\/www.hrportal.hu\/c\/beremelest-kovetelnek-a-teruleti-kozigazgatasban-dolgozok-20240312.html\">hrportal.hu<\/a><\/p>\n","protected":false},"excerpt":{"rendered":"<p>Az illetm\u00e9nyek emel\u00e9s\u00e9re lenne sz\u00fcks\u00e9g a k\u00f6zszf\u00e9r\u00e1ban, miut\u00e1n a minim\u00e1l b\u00e9r emelkedett \u00e9s a munkak\u00f6r\u00fclm\u00e9nyek is v\u00e1ltoztak. Emiatt sokan elhagyj\u00e1k munkahely\u00fcket. A szakszervezeti vezet\u0151 szerint a munkak\u00f6r\u00fclm\u00e9nyek is romlottak \u00e9s illetm\u00e9nyrendez\u00e9sre lenne sz\u00fcks\u00e9g. Boros P\u00e9tern\u00e9, a Magyar K\u00f6ztisztvisel\u0151k, K\u00f6zalkalmazottak \u00e9s K\u00f6zszolg\u00e1lati Dolgoz\u00f3k Szakszervezet\u00e9nek eln\u00f6ke kijelentette: legal\u00e1bb 25 sz\u00e1zal\u00e9kos fizet\u00e9semel\u00e9st k\u00f6vetelnek a korm\u00e1nyt\u00f3l \u2013 \u00edrja a [&hellip;]<\/p>\n","protected":false},"author":1,"featured_media":7417,"comment_status":"closed","ping_status":"closed","sticky":false,"template":"","format":"standard","meta":{"_monsterinsights_skip_tracking":false,"footnotes":""},"categories":[200],"tags":[721,720],"class_list":["post-7416","post","type-post","status-publish","format-standard","has-post-thumbnail","hentry","category-munkaeropiac","tag-kozalkalmazottak","tag-kozszfera"],"aioseo_notices":[],"aioseo_head":"\n\t\t<!-- All in One SEO 5.0.0.1 - aioseo.com -->\n\t<meta name=\"description\" content=\"Az illetm\u00e9nyek emel\u00e9s\u00e9re lenne sz\u00fcks\u00e9g a k\u00f6zszf\u00e9r\u00e1ban, miut\u00e1n a minim\u00e1l b\u00e9r emelkedett \u00e9s a munkak\u00f6r\u00fclm\u00e9nyek is v\u00e1ltoztak. Emiatt sokan elhagyj\u00e1k munkahely\u00fcket.\" \/>\n\t<meta name=\"robots\" content=\"max-image-preview:large\" \/>\n\t<meta name=\"author\" content=\"Juh\u00e1sz P\u00e9ter\"\/>\n\t<meta name=\"keywords\" content=\"k\u00f6zalkalmazottak,k\u00f6zszf\u00e9ra\" \/>\n\t<link rel=\"canonical\" href=\"https:\/\/allasorias.hu\/hirek\/alacsonyak-a-berek-a-kozszferaban\/\" \/>\n\t<meta name=\"generator\" content=\"All in One SEO (AIOSEO) 5.0.0.1\" \/>\n\t\t<meta property=\"og:locale\" content=\"hu_HU\" \/>\n\t\t<meta property=\"og:site_name\" content=\"AllasOrias.hu | H\u00edrek-lapszemle | \u00dczleti h\u00edrek az \u00e1ll\u00e1s \u00e9s a munka vil\u00e1g\u00e1b\u00f3l\" \/>\n\t\t<meta property=\"og:type\" content=\"article\" \/>\n\t\t<meta property=\"og:title\" content=\"Alacsonyak a b\u00e9rek a k\u00f6zszf\u00e9r\u00e1ban | Allasorias.hu\/Hirek\" \/>\n\t\t<meta property=\"og:description\" content=\"Az illetm\u00e9nyek emel\u00e9s\u00e9re lenne sz\u00fcks\u00e9g a k\u00f6zszf\u00e9r\u00e1ban, miut\u00e1n a minim\u00e1l b\u00e9r emelkedett \u00e9s a munkak\u00f6r\u00fclm\u00e9nyek is v\u00e1ltoztak. Emiatt sokan elhagyj\u00e1k munkahely\u00fcket.\" \/>\n\t\t<meta property=\"og:url\" content=\"https:\/\/allasorias.hu\/hirek\/alacsonyak-a-berek-a-kozszferaban\/\" \/>\n\t\t<meta property=\"og:image\" content=\"https:\/\/allasorias.hu\/hirek\/wp-content\/uploads\/2024\/03\/berek-a-kozszferaban.jpg\" \/>\n\t\t<meta property=\"og:image:secure_url\" content=\"https:\/\/allasorias.hu\/hirek\/wp-content\/uploads\/2024\/03\/berek-a-kozszferaban.jpg\" \/>\n\t\t<meta property=\"og:image:width\" content=\"1280\" \/>\n\t\t<meta property=\"og:image:height\" content=\"853\" \/>\n\t\t<meta property=\"article:published_time\" content=\"2024-03-12T10:03:51+00:00\" \/>\n\t\t<meta property=\"article:modified_time\" content=\"2024-03-12T10:03:51+00:00\" \/>\n\t\t<meta property=\"article:publisher\" content=\"https:\/\/www.facebook.com\/allasorias\" \/>\n\t\t<meta name=\"twitter:card\" content=\"summary_large_image\" \/>\n\t\t<meta name=\"twitter:title\" content=\"Alacsonyak a b\u00e9rek a k\u00f6zszf\u00e9r\u00e1ban | Allasorias.hu\/Hirek\" \/>\n\t\t<meta name=\"twitter:description\" content=\"Az illetm\u00e9nyek emel\u00e9s\u00e9re lenne sz\u00fcks\u00e9g a k\u00f6zszf\u00e9r\u00e1ban, miut\u00e1n a minim\u00e1l b\u00e9r emelkedett \u00e9s a munkak\u00f6r\u00fclm\u00e9nyek is v\u00e1ltoztak. Emiatt sokan elhagyj\u00e1k munkahely\u00fcket.\" \/>\n\t\t<meta name=\"twitter:image\" content=\"https:\/\/allasorias.hu\/hirek\/wp-content\/uploads\/2024\/03\/berek-a-kozszferaban.jpg\" \/>\n\t\t<meta name=\"twitter:label1\" content=\"Written by\" \/>\n\t\t<meta name=\"twitter:data1\" content=\"Juh\u00e1sz P\u00e9ter\" \/>\n\t\t<meta name=\"twitter:label2\" content=\"Est. reading time\" \/>\n\t\t<meta name=\"twitter:data2\" content=\"1 minute\" \/>\n\t\t<script type=\"application\/ld+json\" class=\"aioseo-schema\">\n\t\t\t{\"@context\":\"https:\\\/\\\/schema.org\",\"@graph\":[{\"@type\":\"Article\",\"@id\":\"https:\\\/\\\/allasorias.hu\\\/hirek\\\/alacsonyak-a-berek-a-kozszferaban\\\/#article\",\"name\":\"Alacsonyak a b\\u00e9rek a k\\u00f6zszf\\u00e9r\\u00e1ban | Allasorias.hu\\\/Hirek\",\"headline\":\"Alacsonyak a b\\u00e9rek a k\\u00f6zszf\\u00e9r\\u00e1ban\",\"author\":{\"@id\":\"https:\\\/\\\/allasorias.hu\\\/hirek\\\/author\\\/admin-allasorias\\\/#author\"},\"publisher\":{\"@id\":\"https:\\\/\\\/allasorias.hu\\\/hirek\\\/#organization\"},\"image\":{\"@type\":\"ImageObject\",\"url\":\"https:\\\/\\\/allasorias.hu\\\/hirek\\\/wp-content\\\/uploads\\\/2024\\\/03\\\/berek-a-kozszferaban.jpg\",\"width\":1280,\"height\":853,\"caption\":\"Alacsonyak a b\\u00e9rek a k\\u00f6zszf\\u00e9r\\u00e1ban - Allasorias.hu\\\/Hirek\"},\"datePublished\":\"2024-03-12T12:03:51+02:00\",\"dateModified\":\"2024-03-12T12:03:51+02:00\",\"inLanguage\":\"hu-HU\",\"mainEntityOfPage\":{\"@id\":\"https:\\\/\\\/allasorias.hu\\\/hirek\\\/alacsonyak-a-berek-a-kozszferaban\\\/#webpage\"},\"isPartOf\":{\"@id\":\"https:\\\/\\\/allasorias.hu\\\/hirek\\\/alacsonyak-a-berek-a-kozszferaban\\\/#webpage\"},\"articleSection\":\"Munkaer\\u0151piac, k\\u00f6zalkalmazottak, k\\u00f6zszf\\u00e9ra\"},{\"@type\":\"BreadcrumbList\",\"@id\":\"https:\\\/\\\/allasorias.hu\\\/hirek\\\/alacsonyak-a-berek-a-kozszferaban\\\/#breadcrumblist\",\"itemListElement\":[{\"@type\":\"ListItem\",\"@id\":\"https:\\\/\\\/allasorias.hu\\\/hirek#listItem\",\"position\":1,\"name\":\"Home\",\"item\":\"https:\\\/\\\/allasorias.hu\\\/hirek\",\"nextItem\":{\"@type\":\"ListItem\",\"@id\":\"https:\\\/\\\/allasorias.hu\\\/hirek\\\/temak\\\/munkaeropiac\\\/#listItem\",\"name\":\"Munkaer\\u0151piac\"}},{\"@type\":\"ListItem\",\"@id\":\"https:\\\/\\\/allasorias.hu\\\/hirek\\\/temak\\\/munkaeropiac\\\/#listItem\",\"position\":2,\"name\":\"Munkaer\\u0151piac\",\"item\":\"https:\\\/\\\/allasorias.hu\\\/hirek\\\/temak\\\/munkaeropiac\\\/\",\"nextItem\":{\"@type\":\"ListItem\",\"@id\":\"https:\\\/\\\/allasorias.hu\\\/hirek\\\/alacsonyak-a-berek-a-kozszferaban\\\/#listItem\",\"name\":\"Alacsonyak a b\\u00e9rek a k\\u00f6zszf\\u00e9r\\u00e1ban\"},\"previousItem\":{\"@type\":\"ListItem\",\"@id\":\"https:\\\/\\\/allasorias.hu\\\/hirek#listItem\",\"name\":\"Home\"}},{\"@type\":\"ListItem\",\"@id\":\"https:\\\/\\\/allasorias.hu\\\/hirek\\\/alacsonyak-a-berek-a-kozszferaban\\\/#listItem\",\"position\":3,\"name\":\"Alacsonyak a b\\u00e9rek a k\\u00f6zszf\\u00e9r\\u00e1ban\",\"previousItem\":{\"@type\":\"ListItem\",\"@id\":\"https:\\\/\\\/allasorias.hu\\\/hirek\\\/temak\\\/munkaeropiac\\\/#listItem\",\"name\":\"Munkaer\\u0151piac\"}}]},{\"@type\":\"Organization\",\"@id\":\"https:\\\/\\\/allasorias.hu\\\/hirek\\\/#organization\",\"name\":\"AllasOrias.hu | H\\u00edrek-lapszemle\",\"description\":\"\\u00dczleti h\\u00edrek az \\u00e1ll\\u00e1s \\u00e9s a munka vil\\u00e1g\\u00e1b\\u00f3l\",\"url\":\"https:\\\/\\\/allasorias.hu\\\/hirek\\\/\",\"logo\":{\"@type\":\"ImageObject\",\"url\":\"https:\\\/\\\/allasorias.hu\\\/hirek\\\/wp-content\\\/uploads\\\/2022\\\/10\\\/allasorias_site_facebok_logo.png\",\"@id\":\"https:\\\/\\\/allasorias.hu\\\/hirek\\\/alacsonyak-a-berek-a-kozszferaban\\\/#organizationLogo\"},\"image\":{\"@id\":\"https:\\\/\\\/allasorias.hu\\\/hirek\\\/alacsonyak-a-berek-a-kozszferaban\\\/#organizationLogo\"},\"sameAs\":[\"https:\\\/\\\/www.facebook.com\\\/allasorias\",\"https:\\\/\\\/www.linkedin.com\\\/company\\\/allasorias\"]},{\"@type\":\"Person\",\"@id\":\"https:\\\/\\\/allasorias.hu\\\/hirek\\\/author\\\/admin-allasorias\\\/#author\",\"url\":\"https:\\\/\\\/allasorias.hu\\\/hirek\\\/author\\\/admin-allasorias\\\/\",\"name\":\"Juh\\u00e1sz P\\u00e9ter\",\"image\":{\"@type\":\"ImageObject\",\"@id\":\"https:\\\/\\\/allasorias.hu\\\/hirek\\\/alacsonyak-a-berek-a-kozszferaban\\\/#authorImage\",\"url\":\"https:\\\/\\\/secure.gravatar.com\\\/avatar\\\/36e6bcb83148978b992977cb0f54d22feb0cce8a0a849a9410532bb2623ba4c6?s=96&d=mm&r=g\",\"width\":96,\"height\":96,\"caption\":\"Juh\\u00e1sz P\\u00e9ter\"}},{\"@type\":\"WebPage\",\"@id\":\"https:\\\/\\\/allasorias.hu\\\/hirek\\\/alacsonyak-a-berek-a-kozszferaban\\\/#webpage\",\"url\":\"https:\\\/\\\/allasorias.hu\\\/hirek\\\/alacsonyak-a-berek-a-kozszferaban\\\/\",\"name\":\"Alacsonyak a b\\u00e9rek a k\\u00f6zszf\\u00e9r\\u00e1ban | Allasorias.hu\\\/Hirek\",\"description\":\"Az illetm\\u00e9nyek emel\\u00e9s\\u00e9re lenne sz\\u00fcks\\u00e9g a k\\u00f6zszf\\u00e9r\\u00e1ban, miut\\u00e1n a minim\\u00e1l b\\u00e9r emelkedett \\u00e9s a munkak\\u00f6r\\u00fclm\\u00e9nyek is v\\u00e1ltoztak. Emiatt sokan elhagyj\\u00e1k munkahely\\u00fcket.\",\"inLanguage\":\"hu-HU\",\"isPartOf\":{\"@id\":\"https:\\\/\\\/allasorias.hu\\\/hirek\\\/#website\"},\"breadcrumb\":{\"@id\":\"https:\\\/\\\/allasorias.hu\\\/hirek\\\/alacsonyak-a-berek-a-kozszferaban\\\/#breadcrumblist\"},\"author\":{\"@id\":\"https:\\\/\\\/allasorias.hu\\\/hirek\\\/author\\\/admin-allasorias\\\/#author\"},\"creator\":{\"@id\":\"https:\\\/\\\/allasorias.hu\\\/hirek\\\/author\\\/admin-allasorias\\\/#author\"},\"image\":{\"@type\":\"ImageObject\",\"url\":\"https:\\\/\\\/allasorias.hu\\\/hirek\\\/wp-content\\\/uploads\\\/2024\\\/03\\\/berek-a-kozszferaban.jpg\",\"@id\":\"https:\\\/\\\/allasorias.hu\\\/hirek\\\/alacsonyak-a-berek-a-kozszferaban\\\/#mainImage\",\"width\":1280,\"height\":853,\"caption\":\"Alacsonyak a b\\u00e9rek a k\\u00f6zszf\\u00e9r\\u00e1ban - Allasorias.hu\\\/Hirek\"},\"primaryImageOfPage\":{\"@id\":\"https:\\\/\\\/allasorias.hu\\\/hirek\\\/alacsonyak-a-berek-a-kozszferaban\\\/#mainImage\"},\"datePublished\":\"2024-03-12T12:03:51+02:00\",\"dateModified\":\"2024-03-12T12:03:51+02:00\"},{\"@type\":\"WebSite\",\"@id\":\"https:\\\/\\\/allasorias.hu\\\/hirek\\\/#website\",\"url\":\"https:\\\/\\\/allasorias.hu\\\/hirek\\\/\",\"name\":\"AllasOrias.hu | H\\u00edrek-lapszemle\",\"description\":\"\\u00dczleti h\\u00edrek az \\u00e1ll\\u00e1s \\u00e9s a munka vil\\u00e1g\\u00e1b\\u00f3l\",\"inLanguage\":\"hu-HU\",\"publisher\":{\"@id\":\"https:\\\/\\\/allasorias.hu\\\/hirek\\\/#organization\"}}]}\n\t\t<\/script>\n\t\t<!-- All in One SEO -->\n\n","aioseo_head_json":{"title":"Alacsonyak a b\u00e9rek a k\u00f6zszf\u00e9r\u00e1ban | Allasorias.hu\/Hirek","description":"Az illetm\u00e9nyek emel\u00e9s\u00e9re lenne sz\u00fcks\u00e9g a k\u00f6zszf\u00e9r\u00e1ban, miut\u00e1n a minim\u00e1l b\u00e9r emelkedett \u00e9s a munkak\u00f6r\u00fclm\u00e9nyek is v\u00e1ltoztak. Emiatt sokan elhagyj\u00e1k munkahely\u00fcket.","canonical_url":"https:\/\/allasorias.hu\/hirek\/alacsonyak-a-berek-a-kozszferaban\/","robots":"max-image-preview:large","keywords":"k\u00f6zalkalmazottak,k\u00f6zszf\u00e9ra","webmasterTools":{"miscellaneous":""},"schema":{"@context":"https:\/\/schema.org","@graph":[{"@type":"Article","@id":"https:\/\/allasorias.hu\/hirek\/alacsonyak-a-berek-a-kozszferaban\/#article","name":"Alacsonyak a b\u00e9rek a k\u00f6zszf\u00e9r\u00e1ban | Allasorias.hu\/Hirek","headline":"Alacsonyak a b\u00e9rek a k\u00f6zszf\u00e9r\u00e1ban","author":{"@id":"https:\/\/allasorias.hu\/hirek\/author\/admin-allasorias\/#author"},"publisher":{"@id":"https:\/\/allasorias.hu\/hirek\/#organization"},"image":{"@type":"ImageObject","url":"https:\/\/allasorias.hu\/hirek\/wp-content\/uploads\/2024\/03\/berek-a-kozszferaban.jpg","width":1280,"height":853,"caption":"Alacsonyak a b\u00e9rek a k\u00f6zszf\u00e9r\u00e1ban - Allasorias.hu\/Hirek"},"datePublished":"2024-03-12T12:03:51+02:00","dateModified":"2024-03-12T12:03:51+02:00","inLanguage":"hu-HU","mainEntityOfPage":{"@id":"https:\/\/allasorias.hu\/hirek\/alacsonyak-a-berek-a-kozszferaban\/#webpage"},"isPartOf":{"@id":"https:\/\/allasorias.hu\/hirek\/alacsonyak-a-berek-a-kozszferaban\/#webpage"},"articleSection":"Munkaer\u0151piac, k\u00f6zalkalmazottak, k\u00f6zszf\u00e9ra"},{"@type":"BreadcrumbList","@id":"https:\/\/allasorias.hu\/hirek\/alacsonyak-a-berek-a-kozszferaban\/#breadcrumblist","itemListElement":[{"@type":"ListItem","@id":"https:\/\/allasorias.hu\/hirek#listItem","position":1,"name":"Home","item":"https:\/\/allasorias.hu\/hirek","nextItem":{"@type":"ListItem","@id":"https:\/\/allasorias.hu\/hirek\/temak\/munkaeropiac\/#listItem","name":"Munkaer\u0151piac"}},{"@type":"ListItem","@id":"https:\/\/allasorias.hu\/hirek\/temak\/munkaeropiac\/#listItem","position":2,"name":"Munkaer\u0151piac","item":"https:\/\/allasorias.hu\/hirek\/temak\/munkaeropiac\/","nextItem":{"@type":"ListItem","@id":"https:\/\/allasorias.hu\/hirek\/alacsonyak-a-berek-a-kozszferaban\/#listItem","name":"Alacsonyak a b\u00e9rek a k\u00f6zszf\u00e9r\u00e1ban"},"previousItem":{"@type":"ListItem","@id":"https:\/\/allasorias.hu\/hirek#listItem","name":"Home"}},{"@type":"ListItem","@id":"https:\/\/allasorias.hu\/hirek\/alacsonyak-a-berek-a-kozszferaban\/#listItem","position":3,"name":"Alacsonyak a b\u00e9rek a k\u00f6zszf\u00e9r\u00e1ban","previousItem":{"@type":"ListItem","@id":"https:\/\/allasorias.hu\/hirek\/temak\/munkaeropiac\/#listItem","name":"Munkaer\u0151piac"}}]},{"@type":"Organization","@id":"https:\/\/allasorias.hu\/hirek\/#organization","name":"AllasOrias.hu | H\u00edrek-lapszemle","description":"\u00dczleti h\u00edrek az \u00e1ll\u00e1s \u00e9s a munka vil\u00e1g\u00e1b\u00f3l","url":"https:\/\/allasorias.hu\/hirek\/","logo":{"@type":"ImageObject","url":"https:\/\/allasorias.hu\/hirek\/wp-content\/uploads\/2022\/10\/allasorias_site_facebok_logo.png","@id":"https:\/\/allasorias.hu\/hirek\/alacsonyak-a-berek-a-kozszferaban\/#organizationLogo"},"image":{"@id":"https:\/\/allasorias.hu\/hirek\/alacsonyak-a-berek-a-kozszferaban\/#organizationLogo"},"sameAs":["https:\/\/www.facebook.com\/allasorias","https:\/\/www.linkedin.com\/company\/allasorias"]},{"@type":"Person","@id":"https:\/\/allasorias.hu\/hirek\/author\/admin-allasorias\/#author","url":"https:\/\/allasorias.hu\/hirek\/author\/admin-allasorias\/","name":"Juh\u00e1sz P\u00e9ter","image":{"@type":"ImageObject","@id":"https:\/\/allasorias.hu\/hirek\/alacsonyak-a-berek-a-kozszferaban\/#authorImage","url":"https:\/\/secure.gravatar.com\/avatar\/36e6bcb83148978b992977cb0f54d22feb0cce8a0a849a9410532bb2623ba4c6?s=96&d=mm&r=g","width":96,"height":96,"caption":"Juh\u00e1sz P\u00e9ter"}},{"@type":"WebPage","@id":"https:\/\/allasorias.hu\/hirek\/alacsonyak-a-berek-a-kozszferaban\/#webpage","url":"https:\/\/allasorias.hu\/hirek\/alacsonyak-a-berek-a-kozszferaban\/","name":"Alacsonyak a b\u00e9rek a k\u00f6zszf\u00e9r\u00e1ban | Allasorias.hu\/Hirek","description":"Az illetm\u00e9nyek emel\u00e9s\u00e9re lenne sz\u00fcks\u00e9g a k\u00f6zszf\u00e9r\u00e1ban, miut\u00e1n a minim\u00e1l b\u00e9r emelkedett \u00e9s a munkak\u00f6r\u00fclm\u00e9nyek is v\u00e1ltoztak. Emiatt sokan elhagyj\u00e1k munkahely\u00fcket.","inLanguage":"hu-HU","isPartOf":{"@id":"https:\/\/allasorias.hu\/hirek\/#website"},"breadcrumb":{"@id":"https:\/\/allasorias.hu\/hirek\/alacsonyak-a-berek-a-kozszferaban\/#breadcrumblist"},"author":{"@id":"https:\/\/allasorias.hu\/hirek\/author\/admin-allasorias\/#author"},"creator":{"@id":"https:\/\/allasorias.hu\/hirek\/author\/admin-allasorias\/#author"},"image":{"@type":"ImageObject","url":"https:\/\/allasorias.hu\/hirek\/wp-content\/uploads\/2024\/03\/berek-a-kozszferaban.jpg","@id":"https:\/\/allasorias.hu\/hirek\/alacsonyak-a-berek-a-kozszferaban\/#mainImage","width":1280,"height":853,"caption":"Alacsonyak a b\u00e9rek a k\u00f6zszf\u00e9r\u00e1ban - Allasorias.hu\/Hirek"},"primaryImageOfPage":{"@id":"https:\/\/allasorias.hu\/hirek\/alacsonyak-a-berek-a-kozszferaban\/#mainImage"},"datePublished":"2024-03-12T12:03:51+02:00","dateModified":"2024-03-12T12:03:51+02:00"},{"@type":"WebSite","@id":"https:\/\/allasorias.hu\/hirek\/#website","url":"https:\/\/allasorias.hu\/hirek\/","name":"AllasOrias.hu | H\u00edrek-lapszemle","description":"\u00dczleti h\u00edrek az \u00e1ll\u00e1s \u00e9s a munka vil\u00e1g\u00e1b\u00f3l","inLanguage":"hu-HU","publisher":{"@id":"https:\/\/allasorias.hu\/hirek\/#organization"}}]},"og:locale":"hu_HU","og:site_name":"AllasOrias.hu | H\u00edrek-lapszemle | \u00dczleti h\u00edrek az \u00e1ll\u00e1s \u00e9s a munka vil\u00e1g\u00e1b\u00f3l","og:type":"article","og:title":"Alacsonyak a b\u00e9rek a k\u00f6zszf\u00e9r\u00e1ban | Allasorias.hu\/Hirek","og:description":"Az illetm\u00e9nyek emel\u00e9s\u00e9re lenne sz\u00fcks\u00e9g a k\u00f6zszf\u00e9r\u00e1ban, miut\u00e1n a minim\u00e1l b\u00e9r emelkedett \u00e9s a munkak\u00f6r\u00fclm\u00e9nyek is v\u00e1ltoztak. Emiatt sokan elhagyj\u00e1k munkahely\u00fcket.","og:url":"https:\/\/allasorias.hu\/hirek\/alacsonyak-a-berek-a-kozszferaban\/","og:image":"https:\/\/allasorias.hu\/hirek\/wp-content\/uploads\/2024\/03\/berek-a-kozszferaban.jpg","og:image:secure_url":"https:\/\/allasorias.hu\/hirek\/wp-content\/uploads\/2024\/03\/berek-a-kozszferaban.jpg","og:image:width":1280,"og:image:height":853,"article:published_time":"2024-03-12T10:03:51+00:00","article:modified_time":"2024-03-12T10:03:51+00:00","article:publisher":"https:\/\/www.facebook.com\/allasorias","twitter:card":"summary_large_image","twitter:title":"Alacsonyak a b\u00e9rek a k\u00f6zszf\u00e9r\u00e1ban | Allasorias.hu\/Hirek","twitter:description":"Az illetm\u00e9nyek emel\u00e9s\u00e9re lenne sz\u00fcks\u00e9g a k\u00f6zszf\u00e9r\u00e1ban, miut\u00e1n a minim\u00e1l b\u00e9r emelkedett \u00e9s a munkak\u00f6r\u00fclm\u00e9nyek is v\u00e1ltoztak. Emiatt sokan elhagyj\u00e1k munkahely\u00fcket.","twitter:image":"https:\/\/allasorias.hu\/hirek\/wp-content\/uploads\/2024\/03\/berek-a-kozszferaban.jpg","twitter:label1":"Written by","twitter:data1":"Juh\u00e1sz P\u00e9ter","twitter:label2":"Est. reading time","twitter:data2":"1 minute"},"aioseo_meta_data":{"post_id":"7416","title":"#post_title | Allasorias.hu\/Hirek","description":"Az illetm\u00e9nyek emel\u00e9s\u00e9re lenne sz\u00fcks\u00e9g a k\u00f6zszf\u00e9r\u00e1ban, miut\u00e1n a minim\u00e1l b\u00e9r emelkedett \u00e9s a munkak\u00f6r\u00fclm\u00e9nyek is v\u00e1ltoztak. Emiatt sokan elhagyj\u00e1k munkahely\u00fcket.","keywords":[],"keyphrases":{"focus":{"keyphrase":"","score":0,"analysis":{"keyphraseInTitle":{"score":0,"maxScore":9,"error":1}}},"additional":[]},"primary_term":null,"canonical_url":null,"og_title":null,"og_description":null,"og_object_type":"default","og_image_type":"default","og_image_url":null,"og_image_width":null,"og_image_height":null,"og_image_custom_url":null,"og_image_custom_fields":null,"og_video":"","og_custom_url":null,"og_article_section":null,"og_article_tags":[],"twitter_use_og":true,"twitter_card":"default","twitter_image_type":"default","twitter_image_url":null,"twitter_image_custom_url":null,"twitter_image_custom_fields":null,"twitter_title":null,"twitter_description":null,"schema":{"blockGraphs":[],"customGraphs":[],"default":{"data":{"Article":[],"Course":[],"Dataset":[],"FAQPage":[],"Movie":[],"Person":[],"Product":[],"ProductReview":[],"Car":[],"Recipe":[],"Service":[],"SoftwareApplication":[],"WebPage":[]},"graphName":"Article","isEnabled":true},"graphs":[]},"schema_type":"default","schema_type_options":null,"pillar_content":false,"robots_default":true,"robots_noindex":false,"robots_noarchive":false,"robots_nosnippet":false,"robots_nofollow":false,"robots_noimageindex":false,"robots_noodp":false,"robots_notranslate":false,"robots_max_snippet":"-1","robots_max_videopreview":"-1","robots_max_imagepreview":"large","priority":null,"frequency":"default","location":null,"local_seo":null,"breadcrumb_settings":null,"limit_modified_date":false,"ai":null,"created":"2024-03-12 09:38:40","updated":"2025-10-02 19:42:57","seo_analyzer_scan_date":null,"focus_keyword":null,"additional_keywords":null,"truseo_locale":null},"aioseo_breadcrumb":"<div class=\"aioseo-breadcrumbs\"><span class=\"aioseo-breadcrumb\">\n\t\t\t<a href=\"https:\/\/allasorias.hu\/hirek\" title=\"Home\">Home<\/a>\n\t\t<\/span><span class=\"aioseo-breadcrumb-separator\">&raquo;<\/span><span class=\"aioseo-breadcrumb\">\n\t\t\t<a href=\"https:\/\/allasorias.hu\/hirek\/temak\/munkaeropiac\/\" title=\"Munkaer\u0151piac\">Munkaer\u0151piac<\/a>\n\t\t<\/span><span class=\"aioseo-breadcrumb-separator\">&raquo;<\/span><span class=\"aioseo-breadcrumb\">\n\t\t\tAlacsonyak a b\u00e9rek a k\u00f6zszf\u00e9r\u00e1ban\n\t\t<\/span><\/div>","aioseo_breadcrumb_json":[{"label":"Home","link":"https:\/\/allasorias.hu\/hirek"},{"label":"Munkaer\u0151piac","link":"https:\/\/allasorias.hu\/hirek\/temak\/munkaeropiac\/"},{"label":"Alacsonyak a b\u00e9rek a k\u00f6zszf\u00e9r\u00e1ban","link":"https:\/\/allasorias.hu\/hirek\/alacsonyak-a-berek-a-kozszferaban\/"}],"_links":{"self":[{"href":"https:\/\/allasorias.hu\/hirek\/wp-json\/wp\/v2\/posts\/7416","targetHints":{"allow":["GET"]}}],"collection":[{"href":"https:\/\/allasorias.hu\/hirek\/wp-json\/wp\/v2\/posts"}],"about":[{"href":"https:\/\/allasorias.hu\/hirek\/wp-json\/wp\/v2\/types\/post"}],"author":[{"embeddable":true,"href":"https:\/\/allasorias.hu\/hirek\/wp-json\/wp\/v2\/users\/1"}],"replies":[{"embeddable":true,"href":"https:\/\/allasorias.hu\/hirek\/wp-json\/wp\/v2\/comments?post=7416"}],"version-history":[{"count":1,"href":"https:\/\/allasorias.hu\/hirek\/wp-json\/wp\/v2\/posts\/7416\/revisions"}],"predecessor-version":[{"id":7418,"href":"https:\/\/allasorias.hu\/hirek\/wp-json\/wp\/v2\/posts\/7416\/revisions\/7418"}],"wp:featuredmedia":[{"embeddable":true,"href":"https:\/\/allasorias.hu\/hirek\/wp-json\/wp\/v2\/media\/7417"}],"wp:attachment":[{"href":"https:\/\/allasorias.hu\/hirek\/wp-json\/wp\/v2\/media?parent=7416"}],"wp:term":[{"taxonomy":"category","embeddable":true,"href":"https:\/\/allasorias.hu\/hirek\/wp-json\/wp\/v2\/categories?post=7416"},{"taxonomy":"post_tag","embeddable":true,"href":"https:\/\/allasorias.hu\/hirek\/wp-json\/wp\/v2\/tags?post=7416"}],"curies":[{"name":"wp","href":"https:\/\/api.w.org\/{rel}","templated":true}]}}