{"id":7411,"date":"2024-03-11T10:54:22","date_gmt":"2024-03-11T08:54:22","guid":{"rendered":"https:\/\/allasorias.hu\/hirek\/?p=7411"},"modified":"2024-03-11T10:57:01","modified_gmt":"2024-03-11T08:57:01","slug":"ujabb-palyazat-nyilik-meg-kepzesekhez","status":"publish","type":"post","link":"https:\/\/allasorias.hu\/hirek\/ujabb-palyazat-nyilik-meg-kepzesekhez\/","title":{"rendered":"\u00dajabb p\u00e1ly\u00e1zat ny\u00edlik meg k\u00e9pz\u00e9sekhez"},"content":{"rendered":"<p><strong>Az egyik legfontosabb kih\u00edv\u00e1s a munkaer\u0151piaci aktivit\u00e1s tov\u00e1bbi n\u00f6vel\u00e9se annak ellen\u00e9re, hogy Magyarorsz\u00e1gon soha nem l\u00e1tott m\u00e9rt\u00e9k\u0171 a foglalkoztatotts\u00e1g &#8211; mondta a Kultur\u00e1lis \u00e9s Innov\u00e1ci\u00f3s Miniszt\u00e9rium (KIM) parlamenti \u00e1llamtitk\u00e1ra a 24. Nemzetk\u00f6zi K\u0151konferenci\u00e1n elmondott k\u00f6sz\u00f6nt\u0151j\u00e9ben\u00a0 Pilisv\u00f6r\u00f6sv\u00e1ron. <\/strong><\/p>\n<p>Vit\u00e1lyos Eszter hangs\u00falyozta: az aktivit\u00e1s n\u00f6vel\u00e9s\u00e9nek fontos r\u00e9sze a munkaer\u0151 folyamatos k\u00e9pz\u00e9se \u00e9s \u00e1tk\u00e9pz\u00e9se. Felh\u00edvta a figyelmet arra, hogy keddt\u0151l \u00fajabb 15 milli\u00e1rd forintos keret\u0171 p\u00e1ly\u00e1zat ny\u00edlik meg munkahelyi k\u00e9pz\u00e9sek megval\u00f3s\u00edt\u00e1s\u00e1hoz. Az uni\u00f3s forr\u00e1sokb\u00f3l megval\u00f3sul\u00f3 program c\u00e9lja, hogy a v\u00e1llalatoknak ny\u00fajtott, felt\u00e9telesen visszat\u00e9r\u00edtend\u0151 t\u00e1mogat\u00e1sokon kereszt\u00fcl seg\u00edtse a munkav\u00e1llal\u00f3ik k\u00e9pz\u00e9s\u00e9t. A t\u00e1mogat\u00e1s hozz\u00e1j\u00e1rul a v\u00e1llalkoz\u00e1sok termel\u00e9kenys\u00e9g\u00e9nek jav\u00edt\u00e1s\u00e1hoz \u00e9s a munkav\u00e1llal\u00f3k kompetenci\u00e1j\u00e1nak fejleszt\u00e9s\u00e9hez.<\/p>\n<p>A program kor\u00e1bbi szakaszaiban eddig mintegy 1200 v\u00e1llalkoz\u00e1s t\u00f6bb mint 50 ezer munkav\u00e1llal\u00f3ja r\u00e9szes\u00fclt k\u00e9pz\u00e9si t\u00e1mogat\u00e1sban &#8211; mondta. Vit\u00e1lyos Eszter eml\u00e9keztetett arra, hogy a korm\u00e1ny kiemelt feladat\u00e1nak tekinti a tud\u00e1salap\u00fa gazdas\u00e1g megteremt\u00e9s\u00e9t, a versenyk\u00e9pess\u00e9g jav\u00edt\u00e1s\u00e1t. Ennek egyik alapvet\u0151 felt\u00e9tele a k\u00e9pzett, a t\u00e1rsadalmi v\u00e1ltoz\u00e1sokhoz \u00e9s a munkaer\u0151piaci ig\u00e9nyekhez alkalmazkodni k\u00e9pes \u00e9s tud\u00f3 munkaer\u0151.<\/p>\n<h2>96 milli\u00e1rd forint szakk\u00e9pz\u00e9sre<\/h2>\n<p>Hank\u00f3 Bal\u00e1zs, a KIM innov\u00e1ci\u00f3\u00e9rt \u00e9s fels\u0151oktat\u00e1s\u00e9rt felel\u0151s \u00e1llamtitk\u00e1ra eml\u00e9keztetett: 2020-t\u00f3l az\u00e9rt alak\u00edtott\u00e1k \u00e1t a szakk\u00e9pz\u00e9st, hogy megfelel\u0151 ut\u00e1np\u00f3tl\u00e1s legyen azokban a szakm\u00e1kban \u00e9s hivat\u00e1sokban, amelyre a magyar t\u00e1rsadalomnak, a magyar gazdas\u00e1gnak alapoznia sz\u00fcks\u00e9ges. A szakk\u00e9pz\u00e9s terveir\u0151l sz\u00f3lva kiemelte, hogy elind\u00edtott\u00e1k a 21. sz\u00e1zadi szakk\u00e9pz\u0151 iskolafejleszt\u00e9si programot, \u00e9s 96 milli\u00e1rd forintot k\u00f6ltenek arra, hogy 31 szakk\u00e9pz\u0151 int\u00e9zm\u00e9ny \u00fajuljon meg. Szavai szerint ahhoz, hogy a magyar gazdas\u00e1g el\u0151re tudjon l\u00e9pni, a jelenlegi 78 sz\u00e1zal\u00e9kr\u00f3l 85 sz\u00e1zal\u00e9kra kell emelni a <a href=\"https:\/\/allasorias.hu\/hirek\/a-foglalkoztatas-nagy-kerdesei\/\">foglalkoztat\u00e1si r\u00e1t\u00e1t<\/a>.<\/p>\n<p>Az elk\u00f6vetkez\u0151 \u00e9vekben is rendelkez\u00e9sre \u00e1ll a megfelel\u0151 forr\u00e1s, amelynek seg\u00edts\u00e9g\u00e9vel a v\u00e1llalkoz\u00e1sokn\u00e1l dolgoz\u00f3k olyan gyakorlati k\u00e9pz\u00e9st kaphatnak, ami magasabb szintre, innov\u00e1ci\u00f3ra teszi alkalmass\u00e1 a v\u00e1llalkoz\u00e1sokat. A fels\u0151oktat\u00e1sban azt szeretn\u00e9k, hogy 2030-ra legyen legal\u00e1bb egy olyan magyar egyetem, amely a vil\u00e1g legjobb 100 egyeteme k\u00f6z\u00e9 ker\u00fcl, \u00e9s h\u00e1rom, amelyet Eur\u00f3pa legjobb 100 egyeteme k\u00f6z\u00f6tt tartanak nyilv\u00e1n. &#8222;<em>Azon vagyunk, hogy a magyar innov\u00e1ci\u00f3, a magyar kreativit\u00e1s Eur\u00f3pa legjobb t\u00edz innov\u00e1tor orsz\u00e1ga k\u00f6z\u00e9 ker\u00fclhessen<\/em>&#8221; &#8211; hangs\u00falyozta az \u00e1llamtitk\u00e1r. Fetter \u00c1d\u00e1m polg\u00e1rmester a tan\u00e1cskoz\u00e1st \u00fcdv\u00f6z\u00f6lve eml\u00e9keztetett, hogy imm\u00e1r 24. alkalommal ad helyet Pilisv\u00f6r\u00f6sv\u00e1r a k\u00f6ves szakma nemzetk\u00f6zi konferenci\u00e1j\u00e1nak.<\/p>\n<p>Forr\u00e1s: <a href=\"https:\/\/www.hrportal.hu\/c\/vitalyos-eszter-az-egyik-legfontosabb-kihivas-a-munkaeropiaci-aktivitas-tovabbi-novelese-20240310.html\" target=\"_blank\" rel=\"nofollow noopener noreferrer\">hrportal.hu<\/a><\/p>\n<p>&nbsp;<\/p>\n","protected":false},"excerpt":{"rendered":"<p>Az egyik legfontosabb kih\u00edv\u00e1s a munkaer\u0151piaci aktivit\u00e1s tov\u00e1bbi n\u00f6vel\u00e9se annak ellen\u00e9re, hogy Magyarorsz\u00e1gon soha nem l\u00e1tott m\u00e9rt\u00e9k\u0171 a foglalkoztatotts\u00e1g &#8211; mondta a Kultur\u00e1lis \u00e9s Innov\u00e1ci\u00f3s Miniszt\u00e9rium (KIM) parlamenti \u00e1llamtitk\u00e1ra a 24. Nemzetk\u00f6zi K\u0151konferenci\u00e1n elmondott k\u00f6sz\u00f6nt\u0151j\u00e9ben\u00a0 Pilisv\u00f6r\u00f6sv\u00e1ron. Vit\u00e1lyos Eszter hangs\u00falyozta: az aktivit\u00e1s n\u00f6vel\u00e9s\u00e9nek fontos r\u00e9sze a munkaer\u0151 folyamatos k\u00e9pz\u00e9se \u00e9s \u00e1tk\u00e9pz\u00e9se. Felh\u00edvta a figyelmet arra, hogy [&hellip;]<\/p>\n","protected":false},"author":1,"featured_media":7412,"comment_status":"closed","ping_status":"closed","sticky":false,"template":"","format":"standard","meta":{"_monsterinsights_skip_tracking":false,"footnotes":""},"categories":[200],"tags":[705,614],"class_list":["post-7411","post","type-post","status-publish","format-standard","has-post-thumbnail","hentry","category-munkaeropiac","tag-palyazat","tag-szakkepzes"],"aioseo_notices":[],"aioseo_head":"\n\t\t<!-- All in One SEO 5.0.0.1 - aioseo.com -->\n\t<meta name=\"description\" content=\"Az egyik legfontosabb kih\u00edv\u00e1s a munkaer\u0151piaci aktivit\u00e1s tov\u00e1bbi n\u00f6vel\u00e9se annak ellen\u00e9re, hogy Magyarorsz\u00e1gon soha nem l\u00e1tott m\u00e9rt\u00e9k\u0171 a foglalkoztatotts\u00e1g,\" \/>\n\t<meta name=\"robots\" content=\"max-image-preview:large\" \/>\n\t<meta name=\"author\" content=\"Juh\u00e1sz P\u00e9ter\"\/>\n\t<meta name=\"keywords\" content=\"p\u00e1ly\u00e1zat,szakk\u00e9pz\u00e9s\" \/>\n\t<link rel=\"canonical\" href=\"https:\/\/allasorias.hu\/hirek\/ujabb-palyazat-nyilik-meg-kepzesekhez\/\" \/>\n\t<meta name=\"generator\" content=\"All in One SEO (AIOSEO) 5.0.0.1\" \/>\n\t\t<meta property=\"og:locale\" content=\"hu_HU\" \/>\n\t\t<meta property=\"og:site_name\" content=\"AllasOrias.hu | H\u00edrek-lapszemle | \u00dczleti h\u00edrek az \u00e1ll\u00e1s \u00e9s a munka vil\u00e1g\u00e1b\u00f3l\" \/>\n\t\t<meta property=\"og:type\" content=\"article\" \/>\n\t\t<meta property=\"og:title\" content=\"\u00dajabb p\u00e1ly\u00e1zat ny\u00edlik meg k\u00e9pz\u00e9sekhez | Allasorias.hu\/Hirek\" \/>\n\t\t<meta property=\"og:description\" content=\"Az egyik legfontosabb kih\u00edv\u00e1s a munkaer\u0151piaci aktivit\u00e1s tov\u00e1bbi n\u00f6vel\u00e9se annak ellen\u00e9re, hogy Magyarorsz\u00e1gon soha nem l\u00e1tott m\u00e9rt\u00e9k\u0171 a foglalkoztatotts\u00e1g,\" \/>\n\t\t<meta property=\"og:url\" content=\"https:\/\/allasorias.hu\/hirek\/ujabb-palyazat-nyilik-meg-kepzesekhez\/\" \/>\n\t\t<meta property=\"og:image\" content=\"https:\/\/allasorias.hu\/hirek\/wp-content\/uploads\/2024\/03\/palyazat-szakkepzeshez.jpg\" \/>\n\t\t<meta property=\"og:image:secure_url\" content=\"https:\/\/allasorias.hu\/hirek\/wp-content\/uploads\/2024\/03\/palyazat-szakkepzeshez.jpg\" \/>\n\t\t<meta property=\"og:image:width\" content=\"1280\" \/>\n\t\t<meta property=\"og:image:height\" content=\"854\" \/>\n\t\t<meta property=\"article:published_time\" content=\"2024-03-11T08:54:22+00:00\" \/>\n\t\t<meta property=\"article:modified_time\" content=\"2024-03-11T08:57:01+00:00\" \/>\n\t\t<meta property=\"article:publisher\" content=\"https:\/\/www.facebook.com\/allasorias\" \/>\n\t\t<meta name=\"twitter:card\" content=\"summary_large_image\" \/>\n\t\t<meta name=\"twitter:title\" content=\"\u00dajabb p\u00e1ly\u00e1zat ny\u00edlik meg k\u00e9pz\u00e9sekhez | Allasorias.hu\/Hirek\" \/>\n\t\t<meta name=\"twitter:description\" content=\"Az egyik legfontosabb kih\u00edv\u00e1s a munkaer\u0151piaci aktivit\u00e1s tov\u00e1bbi n\u00f6vel\u00e9se annak ellen\u00e9re, hogy Magyarorsz\u00e1gon soha nem l\u00e1tott m\u00e9rt\u00e9k\u0171 a foglalkoztatotts\u00e1g,\" \/>\n\t\t<meta name=\"twitter:image\" content=\"https:\/\/allasorias.hu\/hirek\/wp-content\/uploads\/2024\/03\/palyazat-szakkepzeshez.jpg\" \/>\n\t\t<meta name=\"twitter:label1\" content=\"Written by\" \/>\n\t\t<meta name=\"twitter:data1\" content=\"Juh\u00e1sz P\u00e9ter\" \/>\n\t\t<meta name=\"twitter:label2\" content=\"Est. reading time\" \/>\n\t\t<meta name=\"twitter:data2\" content=\"3 minutes\" \/>\n\t\t<script type=\"application\/ld+json\" class=\"aioseo-schema\">\n\t\t\t{\"@context\":\"https:\\\/\\\/schema.org\",\"@graph\":[{\"@type\":\"Article\",\"@id\":\"https:\\\/\\\/allasorias.hu\\\/hirek\\\/ujabb-palyazat-nyilik-meg-kepzesekhez\\\/#article\",\"name\":\"\\u00dajabb p\\u00e1ly\\u00e1zat ny\\u00edlik meg k\\u00e9pz\\u00e9sekhez | Allasorias.hu\\\/Hirek\",\"headline\":\"\\u00dajabb p\\u00e1ly\\u00e1zat ny\\u00edlik meg k\\u00e9pz\\u00e9sekhez\",\"author\":{\"@id\":\"https:\\\/\\\/allasorias.hu\\\/hirek\\\/author\\\/admin-allasorias\\\/#author\"},\"publisher\":{\"@id\":\"https:\\\/\\\/allasorias.hu\\\/hirek\\\/#organization\"},\"image\":{\"@type\":\"ImageObject\",\"url\":\"https:\\\/\\\/allasorias.hu\\\/hirek\\\/wp-content\\\/uploads\\\/2024\\\/03\\\/palyazat-szakkepzeshez.jpg\",\"width\":1280,\"height\":854,\"caption\":\"\\u00dajabb p\\u00e1ly\\u00e1zat ny\\u00edlik meg k\\u00e9pz\\u00e9sekhez - Allasorias.hu\\\/Hirek\"},\"datePublished\":\"2024-03-11T10:54:22+02:00\",\"dateModified\":\"2024-03-11T10:57:01+02:00\",\"inLanguage\":\"hu-HU\",\"mainEntityOfPage\":{\"@id\":\"https:\\\/\\\/allasorias.hu\\\/hirek\\\/ujabb-palyazat-nyilik-meg-kepzesekhez\\\/#webpage\"},\"isPartOf\":{\"@id\":\"https:\\\/\\\/allasorias.hu\\\/hirek\\\/ujabb-palyazat-nyilik-meg-kepzesekhez\\\/#webpage\"},\"articleSection\":\"Munkaer\\u0151piac, p\\u00e1ly\\u00e1zat, szakk\\u00e9pz\\u00e9s\"},{\"@type\":\"BreadcrumbList\",\"@id\":\"https:\\\/\\\/allasorias.hu\\\/hirek\\\/ujabb-palyazat-nyilik-meg-kepzesekhez\\\/#breadcrumblist\",\"itemListElement\":[{\"@type\":\"ListItem\",\"@id\":\"https:\\\/\\\/allasorias.hu\\\/hirek#listItem\",\"position\":1,\"name\":\"Home\",\"item\":\"https:\\\/\\\/allasorias.hu\\\/hirek\",\"nextItem\":{\"@type\":\"ListItem\",\"@id\":\"https:\\\/\\\/allasorias.hu\\\/hirek\\\/temak\\\/munkaeropiac\\\/#listItem\",\"name\":\"Munkaer\\u0151piac\"}},{\"@type\":\"ListItem\",\"@id\":\"https:\\\/\\\/allasorias.hu\\\/hirek\\\/temak\\\/munkaeropiac\\\/#listItem\",\"position\":2,\"name\":\"Munkaer\\u0151piac\",\"item\":\"https:\\\/\\\/allasorias.hu\\\/hirek\\\/temak\\\/munkaeropiac\\\/\",\"nextItem\":{\"@type\":\"ListItem\",\"@id\":\"https:\\\/\\\/allasorias.hu\\\/hirek\\\/ujabb-palyazat-nyilik-meg-kepzesekhez\\\/#listItem\",\"name\":\"\\u00dajabb p\\u00e1ly\\u00e1zat ny\\u00edlik meg k\\u00e9pz\\u00e9sekhez\"},\"previousItem\":{\"@type\":\"ListItem\",\"@id\":\"https:\\\/\\\/allasorias.hu\\\/hirek#listItem\",\"name\":\"Home\"}},{\"@type\":\"ListItem\",\"@id\":\"https:\\\/\\\/allasorias.hu\\\/hirek\\\/ujabb-palyazat-nyilik-meg-kepzesekhez\\\/#listItem\",\"position\":3,\"name\":\"\\u00dajabb p\\u00e1ly\\u00e1zat ny\\u00edlik meg k\\u00e9pz\\u00e9sekhez\",\"previousItem\":{\"@type\":\"ListItem\",\"@id\":\"https:\\\/\\\/allasorias.hu\\\/hirek\\\/temak\\\/munkaeropiac\\\/#listItem\",\"name\":\"Munkaer\\u0151piac\"}}]},{\"@type\":\"Organization\",\"@id\":\"https:\\\/\\\/allasorias.hu\\\/hirek\\\/#organization\",\"name\":\"AllasOrias.hu | H\\u00edrek-lapszemle\",\"description\":\"\\u00dczleti h\\u00edrek az \\u00e1ll\\u00e1s \\u00e9s a munka vil\\u00e1g\\u00e1b\\u00f3l\",\"url\":\"https:\\\/\\\/allasorias.hu\\\/hirek\\\/\",\"logo\":{\"@type\":\"ImageObject\",\"url\":\"https:\\\/\\\/allasorias.hu\\\/hirek\\\/wp-content\\\/uploads\\\/2022\\\/10\\\/allasorias_site_facebok_logo.png\",\"@id\":\"https:\\\/\\\/allasorias.hu\\\/hirek\\\/ujabb-palyazat-nyilik-meg-kepzesekhez\\\/#organizationLogo\"},\"image\":{\"@id\":\"https:\\\/\\\/allasorias.hu\\\/hirek\\\/ujabb-palyazat-nyilik-meg-kepzesekhez\\\/#organizationLogo\"},\"sameAs\":[\"https:\\\/\\\/www.facebook.com\\\/allasorias\",\"https:\\\/\\\/www.linkedin.com\\\/company\\\/allasorias\"]},{\"@type\":\"Person\",\"@id\":\"https:\\\/\\\/allasorias.hu\\\/hirek\\\/author\\\/admin-allasorias\\\/#author\",\"url\":\"https:\\\/\\\/allasorias.hu\\\/hirek\\\/author\\\/admin-allasorias\\\/\",\"name\":\"Juh\\u00e1sz P\\u00e9ter\",\"image\":{\"@type\":\"ImageObject\",\"@id\":\"https:\\\/\\\/allasorias.hu\\\/hirek\\\/ujabb-palyazat-nyilik-meg-kepzesekhez\\\/#authorImage\",\"url\":\"https:\\\/\\\/secure.gravatar.com\\\/avatar\\\/36e6bcb83148978b992977cb0f54d22feb0cce8a0a849a9410532bb2623ba4c6?s=96&d=mm&r=g\",\"width\":96,\"height\":96,\"caption\":\"Juh\\u00e1sz P\\u00e9ter\"}},{\"@type\":\"WebPage\",\"@id\":\"https:\\\/\\\/allasorias.hu\\\/hirek\\\/ujabb-palyazat-nyilik-meg-kepzesekhez\\\/#webpage\",\"url\":\"https:\\\/\\\/allasorias.hu\\\/hirek\\\/ujabb-palyazat-nyilik-meg-kepzesekhez\\\/\",\"name\":\"\\u00dajabb p\\u00e1ly\\u00e1zat ny\\u00edlik meg k\\u00e9pz\\u00e9sekhez | Allasorias.hu\\\/Hirek\",\"description\":\"Az egyik legfontosabb kih\\u00edv\\u00e1s a munkaer\\u0151piaci aktivit\\u00e1s tov\\u00e1bbi n\\u00f6vel\\u00e9se annak ellen\\u00e9re, hogy Magyarorsz\\u00e1gon soha nem l\\u00e1tott m\\u00e9rt\\u00e9k\\u0171 a foglalkoztatotts\\u00e1g,\",\"inLanguage\":\"hu-HU\",\"isPartOf\":{\"@id\":\"https:\\\/\\\/allasorias.hu\\\/hirek\\\/#website\"},\"breadcrumb\":{\"@id\":\"https:\\\/\\\/allasorias.hu\\\/hirek\\\/ujabb-palyazat-nyilik-meg-kepzesekhez\\\/#breadcrumblist\"},\"author\":{\"@id\":\"https:\\\/\\\/allasorias.hu\\\/hirek\\\/author\\\/admin-allasorias\\\/#author\"},\"creator\":{\"@id\":\"https:\\\/\\\/allasorias.hu\\\/hirek\\\/author\\\/admin-allasorias\\\/#author\"},\"image\":{\"@type\":\"ImageObject\",\"url\":\"https:\\\/\\\/allasorias.hu\\\/hirek\\\/wp-content\\\/uploads\\\/2024\\\/03\\\/palyazat-szakkepzeshez.jpg\",\"@id\":\"https:\\\/\\\/allasorias.hu\\\/hirek\\\/ujabb-palyazat-nyilik-meg-kepzesekhez\\\/#mainImage\",\"width\":1280,\"height\":854,\"caption\":\"\\u00dajabb p\\u00e1ly\\u00e1zat ny\\u00edlik meg k\\u00e9pz\\u00e9sekhez - Allasorias.hu\\\/Hirek\"},\"primaryImageOfPage\":{\"@id\":\"https:\\\/\\\/allasorias.hu\\\/hirek\\\/ujabb-palyazat-nyilik-meg-kepzesekhez\\\/#mainImage\"},\"datePublished\":\"2024-03-11T10:54:22+02:00\",\"dateModified\":\"2024-03-11T10:57:01+02:00\"},{\"@type\":\"WebSite\",\"@id\":\"https:\\\/\\\/allasorias.hu\\\/hirek\\\/#website\",\"url\":\"https:\\\/\\\/allasorias.hu\\\/hirek\\\/\",\"name\":\"AllasOrias.hu | H\\u00edrek-lapszemle\",\"description\":\"\\u00dczleti h\\u00edrek az \\u00e1ll\\u00e1s \\u00e9s a munka vil\\u00e1g\\u00e1b\\u00f3l\",\"inLanguage\":\"hu-HU\",\"publisher\":{\"@id\":\"https:\\\/\\\/allasorias.hu\\\/hirek\\\/#organization\"}}]}\n\t\t<\/script>\n\t\t<!-- All in One SEO -->\n\n","aioseo_head_json":{"title":"\u00dajabb p\u00e1ly\u00e1zat ny\u00edlik meg k\u00e9pz\u00e9sekhez | Allasorias.hu\/Hirek","description":"Az egyik legfontosabb kih\u00edv\u00e1s a munkaer\u0151piaci aktivit\u00e1s tov\u00e1bbi n\u00f6vel\u00e9se annak ellen\u00e9re, hogy Magyarorsz\u00e1gon soha nem l\u00e1tott m\u00e9rt\u00e9k\u0171 a foglalkoztatotts\u00e1g,","canonical_url":"https:\/\/allasorias.hu\/hirek\/ujabb-palyazat-nyilik-meg-kepzesekhez\/","robots":"max-image-preview:large","keywords":"p\u00e1ly\u00e1zat,szakk\u00e9pz\u00e9s","webmasterTools":{"miscellaneous":""},"schema":{"@context":"https:\/\/schema.org","@graph":[{"@type":"Article","@id":"https:\/\/allasorias.hu\/hirek\/ujabb-palyazat-nyilik-meg-kepzesekhez\/#article","name":"\u00dajabb p\u00e1ly\u00e1zat ny\u00edlik meg k\u00e9pz\u00e9sekhez | Allasorias.hu\/Hirek","headline":"\u00dajabb p\u00e1ly\u00e1zat ny\u00edlik meg k\u00e9pz\u00e9sekhez","author":{"@id":"https:\/\/allasorias.hu\/hirek\/author\/admin-allasorias\/#author"},"publisher":{"@id":"https:\/\/allasorias.hu\/hirek\/#organization"},"image":{"@type":"ImageObject","url":"https:\/\/allasorias.hu\/hirek\/wp-content\/uploads\/2024\/03\/palyazat-szakkepzeshez.jpg","width":1280,"height":854,"caption":"\u00dajabb p\u00e1ly\u00e1zat ny\u00edlik meg k\u00e9pz\u00e9sekhez - Allasorias.hu\/Hirek"},"datePublished":"2024-03-11T10:54:22+02:00","dateModified":"2024-03-11T10:57:01+02:00","inLanguage":"hu-HU","mainEntityOfPage":{"@id":"https:\/\/allasorias.hu\/hirek\/ujabb-palyazat-nyilik-meg-kepzesekhez\/#webpage"},"isPartOf":{"@id":"https:\/\/allasorias.hu\/hirek\/ujabb-palyazat-nyilik-meg-kepzesekhez\/#webpage"},"articleSection":"Munkaer\u0151piac, p\u00e1ly\u00e1zat, szakk\u00e9pz\u00e9s"},{"@type":"BreadcrumbList","@id":"https:\/\/allasorias.hu\/hirek\/ujabb-palyazat-nyilik-meg-kepzesekhez\/#breadcrumblist","itemListElement":[{"@type":"ListItem","@id":"https:\/\/allasorias.hu\/hirek#listItem","position":1,"name":"Home","item":"https:\/\/allasorias.hu\/hirek","nextItem":{"@type":"ListItem","@id":"https:\/\/allasorias.hu\/hirek\/temak\/munkaeropiac\/#listItem","name":"Munkaer\u0151piac"}},{"@type":"ListItem","@id":"https:\/\/allasorias.hu\/hirek\/temak\/munkaeropiac\/#listItem","position":2,"name":"Munkaer\u0151piac","item":"https:\/\/allasorias.hu\/hirek\/temak\/munkaeropiac\/","nextItem":{"@type":"ListItem","@id":"https:\/\/allasorias.hu\/hirek\/ujabb-palyazat-nyilik-meg-kepzesekhez\/#listItem","name":"\u00dajabb p\u00e1ly\u00e1zat ny\u00edlik meg k\u00e9pz\u00e9sekhez"},"previousItem":{"@type":"ListItem","@id":"https:\/\/allasorias.hu\/hirek#listItem","name":"Home"}},{"@type":"ListItem","@id":"https:\/\/allasorias.hu\/hirek\/ujabb-palyazat-nyilik-meg-kepzesekhez\/#listItem","position":3,"name":"\u00dajabb p\u00e1ly\u00e1zat ny\u00edlik meg k\u00e9pz\u00e9sekhez","previousItem":{"@type":"ListItem","@id":"https:\/\/allasorias.hu\/hirek\/temak\/munkaeropiac\/#listItem","name":"Munkaer\u0151piac"}}]},{"@type":"Organization","@id":"https:\/\/allasorias.hu\/hirek\/#organization","name":"AllasOrias.hu | H\u00edrek-lapszemle","description":"\u00dczleti h\u00edrek az \u00e1ll\u00e1s \u00e9s a munka vil\u00e1g\u00e1b\u00f3l","url":"https:\/\/allasorias.hu\/hirek\/","logo":{"@type":"ImageObject","url":"https:\/\/allasorias.hu\/hirek\/wp-content\/uploads\/2022\/10\/allasorias_site_facebok_logo.png","@id":"https:\/\/allasorias.hu\/hirek\/ujabb-palyazat-nyilik-meg-kepzesekhez\/#organizationLogo"},"image":{"@id":"https:\/\/allasorias.hu\/hirek\/ujabb-palyazat-nyilik-meg-kepzesekhez\/#organizationLogo"},"sameAs":["https:\/\/www.facebook.com\/allasorias","https:\/\/www.linkedin.com\/company\/allasorias"]},{"@type":"Person","@id":"https:\/\/allasorias.hu\/hirek\/author\/admin-allasorias\/#author","url":"https:\/\/allasorias.hu\/hirek\/author\/admin-allasorias\/","name":"Juh\u00e1sz P\u00e9ter","image":{"@type":"ImageObject","@id":"https:\/\/allasorias.hu\/hirek\/ujabb-palyazat-nyilik-meg-kepzesekhez\/#authorImage","url":"https:\/\/secure.gravatar.com\/avatar\/36e6bcb83148978b992977cb0f54d22feb0cce8a0a849a9410532bb2623ba4c6?s=96&d=mm&r=g","width":96,"height":96,"caption":"Juh\u00e1sz P\u00e9ter"}},{"@type":"WebPage","@id":"https:\/\/allasorias.hu\/hirek\/ujabb-palyazat-nyilik-meg-kepzesekhez\/#webpage","url":"https:\/\/allasorias.hu\/hirek\/ujabb-palyazat-nyilik-meg-kepzesekhez\/","name":"\u00dajabb p\u00e1ly\u00e1zat ny\u00edlik meg k\u00e9pz\u00e9sekhez | Allasorias.hu\/Hirek","description":"Az egyik legfontosabb kih\u00edv\u00e1s a munkaer\u0151piaci aktivit\u00e1s tov\u00e1bbi n\u00f6vel\u00e9se annak ellen\u00e9re, hogy Magyarorsz\u00e1gon soha nem l\u00e1tott m\u00e9rt\u00e9k\u0171 a foglalkoztatotts\u00e1g,","inLanguage":"hu-HU","isPartOf":{"@id":"https:\/\/allasorias.hu\/hirek\/#website"},"breadcrumb":{"@id":"https:\/\/allasorias.hu\/hirek\/ujabb-palyazat-nyilik-meg-kepzesekhez\/#breadcrumblist"},"author":{"@id":"https:\/\/allasorias.hu\/hirek\/author\/admin-allasorias\/#author"},"creator":{"@id":"https:\/\/allasorias.hu\/hirek\/author\/admin-allasorias\/#author"},"image":{"@type":"ImageObject","url":"https:\/\/allasorias.hu\/hirek\/wp-content\/uploads\/2024\/03\/palyazat-szakkepzeshez.jpg","@id":"https:\/\/allasorias.hu\/hirek\/ujabb-palyazat-nyilik-meg-kepzesekhez\/#mainImage","width":1280,"height":854,"caption":"\u00dajabb p\u00e1ly\u00e1zat ny\u00edlik meg k\u00e9pz\u00e9sekhez - Allasorias.hu\/Hirek"},"primaryImageOfPage":{"@id":"https:\/\/allasorias.hu\/hirek\/ujabb-palyazat-nyilik-meg-kepzesekhez\/#mainImage"},"datePublished":"2024-03-11T10:54:22+02:00","dateModified":"2024-03-11T10:57:01+02:00"},{"@type":"WebSite","@id":"https:\/\/allasorias.hu\/hirek\/#website","url":"https:\/\/allasorias.hu\/hirek\/","name":"AllasOrias.hu | H\u00edrek-lapszemle","description":"\u00dczleti h\u00edrek az \u00e1ll\u00e1s \u00e9s a munka vil\u00e1g\u00e1b\u00f3l","inLanguage":"hu-HU","publisher":{"@id":"https:\/\/allasorias.hu\/hirek\/#organization"}}]},"og:locale":"hu_HU","og:site_name":"AllasOrias.hu | H\u00edrek-lapszemle | \u00dczleti h\u00edrek az \u00e1ll\u00e1s \u00e9s a munka vil\u00e1g\u00e1b\u00f3l","og:type":"article","og:title":"\u00dajabb p\u00e1ly\u00e1zat ny\u00edlik meg k\u00e9pz\u00e9sekhez | Allasorias.hu\/Hirek","og:description":"Az egyik legfontosabb kih\u00edv\u00e1s a munkaer\u0151piaci aktivit\u00e1s tov\u00e1bbi n\u00f6vel\u00e9se annak ellen\u00e9re, hogy Magyarorsz\u00e1gon soha nem l\u00e1tott m\u00e9rt\u00e9k\u0171 a foglalkoztatotts\u00e1g,","og:url":"https:\/\/allasorias.hu\/hirek\/ujabb-palyazat-nyilik-meg-kepzesekhez\/","og:image":"https:\/\/allasorias.hu\/hirek\/wp-content\/uploads\/2024\/03\/palyazat-szakkepzeshez.jpg","og:image:secure_url":"https:\/\/allasorias.hu\/hirek\/wp-content\/uploads\/2024\/03\/palyazat-szakkepzeshez.jpg","og:image:width":1280,"og:image:height":854,"article:published_time":"2024-03-11T08:54:22+00:00","article:modified_time":"2024-03-11T08:57:01+00:00","article:publisher":"https:\/\/www.facebook.com\/allasorias","twitter:card":"summary_large_image","twitter:title":"\u00dajabb p\u00e1ly\u00e1zat ny\u00edlik meg k\u00e9pz\u00e9sekhez | Allasorias.hu\/Hirek","twitter:description":"Az egyik legfontosabb kih\u00edv\u00e1s a munkaer\u0151piaci aktivit\u00e1s tov\u00e1bbi n\u00f6vel\u00e9se annak ellen\u00e9re, hogy Magyarorsz\u00e1gon soha nem l\u00e1tott m\u00e9rt\u00e9k\u0171 a foglalkoztatotts\u00e1g,","twitter:image":"https:\/\/allasorias.hu\/hirek\/wp-content\/uploads\/2024\/03\/palyazat-szakkepzeshez.jpg","twitter:label1":"Written by","twitter:data1":"Juh\u00e1sz P\u00e9ter","twitter:label2":"Est. reading time","twitter:data2":"3 minutes"},"aioseo_meta_data":{"post_id":"7411","title":"#post_title | Allasorias.hu\/Hirek","description":"Az egyik legfontosabb kih\u00edv\u00e1s a munkaer\u0151piaci aktivit\u00e1s tov\u00e1bbi n\u00f6vel\u00e9se annak ellen\u00e9re, hogy Magyarorsz\u00e1gon soha nem l\u00e1tott m\u00e9rt\u00e9k\u0171 a foglalkoztatotts\u00e1g,","keywords":[],"keyphrases":{"focus":{"keyphrase":"","score":0,"analysis":{"keyphraseInTitle":{"score":0,"maxScore":9,"error":1}}},"additional":[]},"primary_term":null,"canonical_url":null,"og_title":null,"og_description":null,"og_object_type":"default","og_image_type":"default","og_image_url":null,"og_image_width":null,"og_image_height":null,"og_image_custom_url":null,"og_image_custom_fields":null,"og_video":"","og_custom_url":null,"og_article_section":null,"og_article_tags":[],"twitter_use_og":true,"twitter_card":"default","twitter_image_type":"default","twitter_image_url":null,"twitter_image_custom_url":null,"twitter_image_custom_fields":null,"twitter_title":null,"twitter_description":null,"schema":{"blockGraphs":[],"customGraphs":[],"default":{"data":{"Article":[],"Course":[],"Dataset":[],"FAQPage":[],"Movie":[],"Person":[],"Product":[],"ProductReview":[],"Car":[],"Recipe":[],"Service":[],"SoftwareApplication":[],"WebPage":[]},"graphName":"Article","isEnabled":true},"graphs":[]},"schema_type":"default","schema_type_options":null,"pillar_content":false,"robots_default":true,"robots_noindex":false,"robots_noarchive":false,"robots_nosnippet":false,"robots_nofollow":false,"robots_noimageindex":false,"robots_noodp":false,"robots_notranslate":false,"robots_max_snippet":"-1","robots_max_videopreview":"-1","robots_max_imagepreview":"large","priority":null,"frequency":"default","location":null,"local_seo":null,"breadcrumb_settings":null,"limit_modified_date":false,"ai":null,"created":"2024-03-11 08:40:00","updated":"2025-10-02 19:42:57","seo_analyzer_scan_date":null,"focus_keyword":null,"additional_keywords":null,"truseo_locale":null},"aioseo_breadcrumb":"<div class=\"aioseo-breadcrumbs\"><span class=\"aioseo-breadcrumb\">\n\t\t\t<a href=\"https:\/\/allasorias.hu\/hirek\" title=\"Home\">Home<\/a>\n\t\t<\/span><span class=\"aioseo-breadcrumb-separator\">&raquo;<\/span><span class=\"aioseo-breadcrumb\">\n\t\t\t<a href=\"https:\/\/allasorias.hu\/hirek\/temak\/munkaeropiac\/\" title=\"Munkaer\u0151piac\">Munkaer\u0151piac<\/a>\n\t\t<\/span><span class=\"aioseo-breadcrumb-separator\">&raquo;<\/span><span class=\"aioseo-breadcrumb\">\n\t\t\t\u00dajabb p\u00e1ly\u00e1zat ny\u00edlik meg k\u00e9pz\u00e9sekhez\n\t\t<\/span><\/div>","aioseo_breadcrumb_json":[{"label":"Home","link":"https:\/\/allasorias.hu\/hirek"},{"label":"Munkaer\u0151piac","link":"https:\/\/allasorias.hu\/hirek\/temak\/munkaeropiac\/"},{"label":"\u00dajabb p\u00e1ly\u00e1zat ny\u00edlik meg k\u00e9pz\u00e9sekhez","link":"https:\/\/allasorias.hu\/hirek\/ujabb-palyazat-nyilik-meg-kepzesekhez\/"}],"_links":{"self":[{"href":"https:\/\/allasorias.hu\/hirek\/wp-json\/wp\/v2\/posts\/7411","targetHints":{"allow":["GET"]}}],"collection":[{"href":"https:\/\/allasorias.hu\/hirek\/wp-json\/wp\/v2\/posts"}],"about":[{"href":"https:\/\/allasorias.hu\/hirek\/wp-json\/wp\/v2\/types\/post"}],"author":[{"embeddable":true,"href":"https:\/\/allasorias.hu\/hirek\/wp-json\/wp\/v2\/users\/1"}],"replies":[{"embeddable":true,"href":"https:\/\/allasorias.hu\/hirek\/wp-json\/wp\/v2\/comments?post=7411"}],"version-history":[{"count":2,"href":"https:\/\/allasorias.hu\/hirek\/wp-json\/wp\/v2\/posts\/7411\/revisions"}],"predecessor-version":[{"id":7414,"href":"https:\/\/allasorias.hu\/hirek\/wp-json\/wp\/v2\/posts\/7411\/revisions\/7414"}],"wp:featuredmedia":[{"embeddable":true,"href":"https:\/\/allasorias.hu\/hirek\/wp-json\/wp\/v2\/media\/7412"}],"wp:attachment":[{"href":"https:\/\/allasorias.hu\/hirek\/wp-json\/wp\/v2\/media?parent=7411"}],"wp:term":[{"taxonomy":"category","embeddable":true,"href":"https:\/\/allasorias.hu\/hirek\/wp-json\/wp\/v2\/categories?post=7411"},{"taxonomy":"post_tag","embeddable":true,"href":"https:\/\/allasorias.hu\/hirek\/wp-json\/wp\/v2\/tags?post=7411"}],"curies":[{"name":"wp","href":"https:\/\/api.w.org\/{rel}","templated":true}]}}