{"id":7400,"date":"2024-03-07T10:06:13","date_gmt":"2024-03-07T08:06:13","guid":{"rendered":"https:\/\/allasorias.hu\/hirek\/?p=7400"},"modified":"2024-03-08T15:07:19","modified_gmt":"2024-03-08T13:07:19","slug":"nem-vehetik-el-a-magyarok-munkahelyeit","status":"publish","type":"post","link":"https:\/\/allasorias.hu\/hirek\/nem-vehetik-el-a-magyarok-munkahelyeit\/","title":{"rendered":"Nem vehetik el a magyarok munkahelyeit"},"content":{"rendered":"<p><strong>Jelenleg 120 ezer harmadik orsz\u00e1gbeli munkav\u00e1llal\u00f3 dolgozik Magyarorsz\u00e1gon, \u0151k tavaly \u00e9s tavalyel\u0151tt kaptak enged\u00e9lyt, \u00e9s kett\u0151 plusz egy \u00e9vig tart\u00f3zkodhatnak az orsz\u00e1gban. Az \u00e1llamtitk\u00e1r szerint <a href=\"https:\/\/allasorias.hu\/hirek\/nem-veszelyeztetik-a-munkahelyeket-a-vendegmunkasok\/\">nincsenek vesz\u00e9lyben a magyar munkahelyek<\/a>.<\/strong><\/p>\n<p>\u201eT\u00f6rv\u00e9nyileg garant\u00e1lt, hogy ha van magyar munkav\u00e1llal\u00f3 egy \u00e1ll\u00e1sra, akkor azt harmadik orsz\u00e1gbeli szem\u00e9ly nem kaphatja meg\u201d \u2013 mondta az InfoR\u00e1di\u00f3 Ar\u00e9na c\u00edm\u0171 m\u0171sor\u00e1ban a Nemzetgazdas\u00e1gi Miniszt\u00e9rium foglalkoztat\u00e1spolitik\u00e1\u00e9rt felel\u0151s \u00e1llamtitk\u00e1ra. A sz\u00e1m nagys\u00e1g\u00e1t azzal illusztr\u00e1lta a politikus, hogy:<\/p>\n<ul>\n<li>Csehorsz\u00e1gban \u00f6tmilli\u00f3 foglalkoztatott van, akik k\u00f6z\u00fcl \u00f6tsz\u00e1zezer k\u00fclf\u00f6ldi, ez 10 sz\u00e1zal\u00e9kos r\u00e1ta.<\/li>\n<li>Lengyelorsz\u00e1gban 16 milli\u00f3 foglalkoztatott van, k\u00f6zel egymilli\u00f3 a vend\u00e9gmunk\u00e1s, ez 6 sz\u00e1zal\u00e9kos r\u00e1ta.<\/li>\n<li>Szlov\u00e1ki\u00e1ban 2,5 milli\u00f3 munkav\u00e1llal\u00f3b\u00f3l 97 ezer a k\u00fclf\u00f6ldi, ez 3,8 sz\u00e1zal\u00e9k.<\/li>\n<li>Magyarorsz\u00e1gon a 4,7 milli\u00f3 dolgoz\u00f3b\u00f3l 120 ezer \u00e9rkezett k\u00fclf\u00f6ldr\u0151l, teh\u00e1t 2,4 sz\u00e1zal\u00e9k a magyar r\u00e1ta.<\/li>\n<\/ul>\n<p>Ez\u00e9rt arra h\u00edvta fel a figyelmet, nem igazak azok az \u00e1ll\u00edt\u00e1sok, hogy el\u00f6z\u00f6nl\u00f6ttek benn\u00fcnket m\u00e1r most a harmadik orsz\u00e1gbeli munk\u00e1sok, ez nem politikai, hanem szakmai k\u00e9rd\u00e9s. \u201eMi vil\u00e1goss\u00e1 tett\u00fck az idegenrend\u00e9szeti t\u00f6rv\u00e9nnyel kapcsolatban is, hogy addig, ameddig magyar ember van orsz\u00e1ghat\u00e1ron bel\u00fcl, tud, akar \u00e9s k\u00e9pes dolgozni, akkor az \u00f6v\u00e9 a munkahely. Ezt jogszab\u00e1lyban is r\u00f6gz\u00edtett\u00fck\u201d \u2013 er\u0151s\u00edtette meg az \u00e1llamtitk\u00e1r.<\/p>\n<p>Forr\u00e1s: <a href=\"https:\/\/mandiner.hu\/belfold\/2024\/03\/egyre-tobb-a-harmadik-vilagbeli-munkas-magyarorszagon-reagalt-az-allamtitkar\" target=\"_blank\" rel=\"nofollow noopener noreferrer\">mandiner.hu<\/a><\/p>\n","protected":false},"excerpt":{"rendered":"<p>Jelenleg 120 ezer harmadik orsz\u00e1gbeli munkav\u00e1llal\u00f3 dolgozik Magyarorsz\u00e1gon, \u0151k tavaly \u00e9s tavalyel\u0151tt kaptak enged\u00e9lyt, \u00e9s kett\u0151 plusz egy \u00e9vig tart\u00f3zkodhatnak az orsz\u00e1gban. Az \u00e1llamtitk\u00e1r szerint nincsenek vesz\u00e9lyben a magyar munkahelyek. \u201eT\u00f6rv\u00e9nyileg garant\u00e1lt, hogy ha van magyar munkav\u00e1llal\u00f3 egy \u00e1ll\u00e1sra, akkor azt harmadik orsz\u00e1gbeli szem\u00e9ly nem kaphatja meg\u201d \u2013 mondta az InfoR\u00e1di\u00f3 Ar\u00e9na c\u00edm\u0171 m\u0171sor\u00e1ban a [&hellip;]<\/p>\n","protected":false},"author":1,"featured_media":7401,"comment_status":"closed","ping_status":"closed","sticky":false,"template":"","format":"standard","meta":{"_monsterinsights_skip_tracking":false,"footnotes":""},"categories":[200],"tags":[477,717],"class_list":["post-7400","post","type-post","status-publish","format-standard","has-post-thumbnail","hentry","category-munkaeropiac","tag-kulfoldi-munkasok","tag-magyar-munkavallalok"],"aioseo_notices":[],"aioseo_head":"\n\t\t<!-- All in One SEO 5.0.0.1 - aioseo.com -->\n\t<meta name=\"description\" content=\"Magyarorsz\u00e1gon a 4,7 milli\u00f3 dolgoz\u00f3b\u00f3l 120 ezer \u00e9rkezett k\u00fclf\u00f6ldr\u0151l, teh\u00e1t 2,4 sz\u00e1zal\u00e9k a magyar r\u00e1ta.\" \/>\n\t<meta name=\"robots\" content=\"max-image-preview:large\" \/>\n\t<meta name=\"author\" content=\"Juh\u00e1sz P\u00e9ter\"\/>\n\t<meta name=\"keywords\" content=\"k\u00fclf\u00f6ldi munk\u00e1sok,magyar munkav\u00e1llal\u00f3k\" \/>\n\t<link rel=\"canonical\" href=\"https:\/\/allasorias.hu\/hirek\/nem-vehetik-el-a-magyarok-munkahelyeit\/\" \/>\n\t<meta name=\"generator\" content=\"All in One SEO (AIOSEO) 5.0.0.1\" \/>\n\t\t<meta property=\"og:locale\" content=\"hu_HU\" \/>\n\t\t<meta property=\"og:site_name\" content=\"AllasOrias.hu | H\u00edrek-lapszemle | \u00dczleti h\u00edrek az \u00e1ll\u00e1s \u00e9s a munka vil\u00e1g\u00e1b\u00f3l\" \/>\n\t\t<meta property=\"og:type\" content=\"article\" \/>\n\t\t<meta property=\"og:title\" content=\"Nem vehetik el a magyarok munkahelyeit |\" \/>\n\t\t<meta property=\"og:description\" content=\"Magyarorsz\u00e1gon a 4,7 milli\u00f3 dolgoz\u00f3b\u00f3l 120 ezer \u00e9rkezett k\u00fclf\u00f6ldr\u0151l, teh\u00e1t 2,4 sz\u00e1zal\u00e9k a magyar r\u00e1ta.\" \/>\n\t\t<meta property=\"og:url\" content=\"https:\/\/allasorias.hu\/hirek\/nem-vehetik-el-a-magyarok-munkahelyeit\/\" \/>\n\t\t<meta property=\"og:image\" content=\"https:\/\/allasorias.hu\/hirek\/wp-content\/uploads\/2024\/03\/magyar-es-kulfoldi-munkavallalok.jpg\" \/>\n\t\t<meta property=\"og:image:secure_url\" content=\"https:\/\/allasorias.hu\/hirek\/wp-content\/uploads\/2024\/03\/magyar-es-kulfoldi-munkavallalok.jpg\" \/>\n\t\t<meta property=\"og:image:width\" content=\"1280\" \/>\n\t\t<meta property=\"og:image:height\" content=\"853\" \/>\n\t\t<meta property=\"article:published_time\" content=\"2024-03-07T08:06:13+00:00\" \/>\n\t\t<meta property=\"article:modified_time\" content=\"2024-03-08T13:07:19+00:00\" \/>\n\t\t<meta property=\"article:publisher\" content=\"https:\/\/www.facebook.com\/allasorias\" \/>\n\t\t<meta name=\"twitter:card\" content=\"summary_large_image\" \/>\n\t\t<meta name=\"twitter:title\" content=\"Nem vehetik el a magyarok munkahelyeit |\" \/>\n\t\t<meta name=\"twitter:description\" content=\"Magyarorsz\u00e1gon a 4,7 milli\u00f3 dolgoz\u00f3b\u00f3l 120 ezer \u00e9rkezett k\u00fclf\u00f6ldr\u0151l, teh\u00e1t 2,4 sz\u00e1zal\u00e9k a magyar r\u00e1ta.\" \/>\n\t\t<meta name=\"twitter:image\" content=\"https:\/\/allasorias.hu\/hirek\/wp-content\/uploads\/2024\/03\/magyar-es-kulfoldi-munkavallalok.jpg\" \/>\n\t\t<meta name=\"twitter:label1\" content=\"Written by\" \/>\n\t\t<meta name=\"twitter:data1\" content=\"Juh\u00e1sz P\u00e9ter\" \/>\n\t\t<meta name=\"twitter:label2\" content=\"Est. reading time\" \/>\n\t\t<meta name=\"twitter:data2\" content=\"1 minute\" \/>\n\t\t<script type=\"application\/ld+json\" class=\"aioseo-schema\">\n\t\t\t{\"@context\":\"https:\\\/\\\/schema.org\",\"@graph\":[{\"@type\":\"Article\",\"@id\":\"https:\\\/\\\/allasorias.hu\\\/hirek\\\/nem-vehetik-el-a-magyarok-munkahelyeit\\\/#article\",\"name\":\"Nem vehetik el a magyarok munkahelyeit |\",\"headline\":\"Nem vehetik el a magyarok munkahelyeit\",\"author\":{\"@id\":\"https:\\\/\\\/allasorias.hu\\\/hirek\\\/author\\\/admin-allasorias\\\/#author\"},\"publisher\":{\"@id\":\"https:\\\/\\\/allasorias.hu\\\/hirek\\\/#organization\"},\"image\":{\"@type\":\"ImageObject\",\"url\":\"https:\\\/\\\/allasorias.hu\\\/hirek\\\/wp-content\\\/uploads\\\/2024\\\/03\\\/magyar-es-kulfoldi-munkavallalok.jpg\",\"width\":1280,\"height\":853,\"caption\":\"Nem vehetik el a magyarok munkahelyeit - Allasorias.hu\\\/Hirek\"},\"datePublished\":\"2024-03-07T10:06:13+02:00\",\"dateModified\":\"2024-03-08T15:07:19+02:00\",\"inLanguage\":\"hu-HU\",\"mainEntityOfPage\":{\"@id\":\"https:\\\/\\\/allasorias.hu\\\/hirek\\\/nem-vehetik-el-a-magyarok-munkahelyeit\\\/#webpage\"},\"isPartOf\":{\"@id\":\"https:\\\/\\\/allasorias.hu\\\/hirek\\\/nem-vehetik-el-a-magyarok-munkahelyeit\\\/#webpage\"},\"articleSection\":\"Munkaer\\u0151piac, k\\u00fclf\\u00f6ldi munk\\u00e1sok, magyar munkav\\u00e1llal\\u00f3k\"},{\"@type\":\"BreadcrumbList\",\"@id\":\"https:\\\/\\\/allasorias.hu\\\/hirek\\\/nem-vehetik-el-a-magyarok-munkahelyeit\\\/#breadcrumblist\",\"itemListElement\":[{\"@type\":\"ListItem\",\"@id\":\"https:\\\/\\\/allasorias.hu\\\/hirek#listItem\",\"position\":1,\"name\":\"Home\",\"item\":\"https:\\\/\\\/allasorias.hu\\\/hirek\",\"nextItem\":{\"@type\":\"ListItem\",\"@id\":\"https:\\\/\\\/allasorias.hu\\\/hirek\\\/temak\\\/munkaeropiac\\\/#listItem\",\"name\":\"Munkaer\\u0151piac\"}},{\"@type\":\"ListItem\",\"@id\":\"https:\\\/\\\/allasorias.hu\\\/hirek\\\/temak\\\/munkaeropiac\\\/#listItem\",\"position\":2,\"name\":\"Munkaer\\u0151piac\",\"item\":\"https:\\\/\\\/allasorias.hu\\\/hirek\\\/temak\\\/munkaeropiac\\\/\",\"nextItem\":{\"@type\":\"ListItem\",\"@id\":\"https:\\\/\\\/allasorias.hu\\\/hirek\\\/nem-vehetik-el-a-magyarok-munkahelyeit\\\/#listItem\",\"name\":\"Nem vehetik el a magyarok munkahelyeit\"},\"previousItem\":{\"@type\":\"ListItem\",\"@id\":\"https:\\\/\\\/allasorias.hu\\\/hirek#listItem\",\"name\":\"Home\"}},{\"@type\":\"ListItem\",\"@id\":\"https:\\\/\\\/allasorias.hu\\\/hirek\\\/nem-vehetik-el-a-magyarok-munkahelyeit\\\/#listItem\",\"position\":3,\"name\":\"Nem vehetik el a magyarok munkahelyeit\",\"previousItem\":{\"@type\":\"ListItem\",\"@id\":\"https:\\\/\\\/allasorias.hu\\\/hirek\\\/temak\\\/munkaeropiac\\\/#listItem\",\"name\":\"Munkaer\\u0151piac\"}}]},{\"@type\":\"Organization\",\"@id\":\"https:\\\/\\\/allasorias.hu\\\/hirek\\\/#organization\",\"name\":\"AllasOrias.hu | H\\u00edrek-lapszemle\",\"description\":\"\\u00dczleti h\\u00edrek az \\u00e1ll\\u00e1s \\u00e9s a munka vil\\u00e1g\\u00e1b\\u00f3l\",\"url\":\"https:\\\/\\\/allasorias.hu\\\/hirek\\\/\",\"logo\":{\"@type\":\"ImageObject\",\"url\":\"https:\\\/\\\/allasorias.hu\\\/hirek\\\/wp-content\\\/uploads\\\/2022\\\/10\\\/allasorias_site_facebok_logo.png\",\"@id\":\"https:\\\/\\\/allasorias.hu\\\/hirek\\\/nem-vehetik-el-a-magyarok-munkahelyeit\\\/#organizationLogo\"},\"image\":{\"@id\":\"https:\\\/\\\/allasorias.hu\\\/hirek\\\/nem-vehetik-el-a-magyarok-munkahelyeit\\\/#organizationLogo\"},\"sameAs\":[\"https:\\\/\\\/www.facebook.com\\\/allasorias\",\"https:\\\/\\\/www.linkedin.com\\\/company\\\/allasorias\"]},{\"@type\":\"Person\",\"@id\":\"https:\\\/\\\/allasorias.hu\\\/hirek\\\/author\\\/admin-allasorias\\\/#author\",\"url\":\"https:\\\/\\\/allasorias.hu\\\/hirek\\\/author\\\/admin-allasorias\\\/\",\"name\":\"Juh\\u00e1sz P\\u00e9ter\",\"image\":{\"@type\":\"ImageObject\",\"@id\":\"https:\\\/\\\/allasorias.hu\\\/hirek\\\/nem-vehetik-el-a-magyarok-munkahelyeit\\\/#authorImage\",\"url\":\"https:\\\/\\\/secure.gravatar.com\\\/avatar\\\/36e6bcb83148978b992977cb0f54d22feb0cce8a0a849a9410532bb2623ba4c6?s=96&d=mm&r=g\",\"width\":96,\"height\":96,\"caption\":\"Juh\\u00e1sz P\\u00e9ter\"}},{\"@type\":\"WebPage\",\"@id\":\"https:\\\/\\\/allasorias.hu\\\/hirek\\\/nem-vehetik-el-a-magyarok-munkahelyeit\\\/#webpage\",\"url\":\"https:\\\/\\\/allasorias.hu\\\/hirek\\\/nem-vehetik-el-a-magyarok-munkahelyeit\\\/\",\"name\":\"Nem vehetik el a magyarok munkahelyeit |\",\"description\":\"Magyarorsz\\u00e1gon a 4,7 milli\\u00f3 dolgoz\\u00f3b\\u00f3l 120 ezer \\u00e9rkezett k\\u00fclf\\u00f6ldr\\u0151l, teh\\u00e1t 2,4 sz\\u00e1zal\\u00e9k a magyar r\\u00e1ta.\",\"inLanguage\":\"hu-HU\",\"isPartOf\":{\"@id\":\"https:\\\/\\\/allasorias.hu\\\/hirek\\\/#website\"},\"breadcrumb\":{\"@id\":\"https:\\\/\\\/allasorias.hu\\\/hirek\\\/nem-vehetik-el-a-magyarok-munkahelyeit\\\/#breadcrumblist\"},\"author\":{\"@id\":\"https:\\\/\\\/allasorias.hu\\\/hirek\\\/author\\\/admin-allasorias\\\/#author\"},\"creator\":{\"@id\":\"https:\\\/\\\/allasorias.hu\\\/hirek\\\/author\\\/admin-allasorias\\\/#author\"},\"image\":{\"@type\":\"ImageObject\",\"url\":\"https:\\\/\\\/allasorias.hu\\\/hirek\\\/wp-content\\\/uploads\\\/2024\\\/03\\\/magyar-es-kulfoldi-munkavallalok.jpg\",\"@id\":\"https:\\\/\\\/allasorias.hu\\\/hirek\\\/nem-vehetik-el-a-magyarok-munkahelyeit\\\/#mainImage\",\"width\":1280,\"height\":853,\"caption\":\"Nem vehetik el a magyarok munkahelyeit - Allasorias.hu\\\/Hirek\"},\"primaryImageOfPage\":{\"@id\":\"https:\\\/\\\/allasorias.hu\\\/hirek\\\/nem-vehetik-el-a-magyarok-munkahelyeit\\\/#mainImage\"},\"datePublished\":\"2024-03-07T10:06:13+02:00\",\"dateModified\":\"2024-03-08T15:07:19+02:00\"},{\"@type\":\"WebSite\",\"@id\":\"https:\\\/\\\/allasorias.hu\\\/hirek\\\/#website\",\"url\":\"https:\\\/\\\/allasorias.hu\\\/hirek\\\/\",\"name\":\"AllasOrias.hu | H\\u00edrek-lapszemle\",\"description\":\"\\u00dczleti h\\u00edrek az \\u00e1ll\\u00e1s \\u00e9s a munka vil\\u00e1g\\u00e1b\\u00f3l\",\"inLanguage\":\"hu-HU\",\"publisher\":{\"@id\":\"https:\\\/\\\/allasorias.hu\\\/hirek\\\/#organization\"}}]}\n\t\t<\/script>\n\t\t<!-- All in One SEO -->\n\n","aioseo_head_json":{"title":"Nem vehetik el a magyarok munkahelyeit |","description":"Magyarorsz\u00e1gon a 4,7 milli\u00f3 dolgoz\u00f3b\u00f3l 120 ezer \u00e9rkezett k\u00fclf\u00f6ldr\u0151l, teh\u00e1t 2,4 sz\u00e1zal\u00e9k a magyar r\u00e1ta.","canonical_url":"https:\/\/allasorias.hu\/hirek\/nem-vehetik-el-a-magyarok-munkahelyeit\/","robots":"max-image-preview:large","keywords":"k\u00fclf\u00f6ldi munk\u00e1sok,magyar munkav\u00e1llal\u00f3k","webmasterTools":{"miscellaneous":""},"schema":{"@context":"https:\/\/schema.org","@graph":[{"@type":"Article","@id":"https:\/\/allasorias.hu\/hirek\/nem-vehetik-el-a-magyarok-munkahelyeit\/#article","name":"Nem vehetik el a magyarok munkahelyeit |","headline":"Nem vehetik el a magyarok munkahelyeit","author":{"@id":"https:\/\/allasorias.hu\/hirek\/author\/admin-allasorias\/#author"},"publisher":{"@id":"https:\/\/allasorias.hu\/hirek\/#organization"},"image":{"@type":"ImageObject","url":"https:\/\/allasorias.hu\/hirek\/wp-content\/uploads\/2024\/03\/magyar-es-kulfoldi-munkavallalok.jpg","width":1280,"height":853,"caption":"Nem vehetik el a magyarok munkahelyeit - Allasorias.hu\/Hirek"},"datePublished":"2024-03-07T10:06:13+02:00","dateModified":"2024-03-08T15:07:19+02:00","inLanguage":"hu-HU","mainEntityOfPage":{"@id":"https:\/\/allasorias.hu\/hirek\/nem-vehetik-el-a-magyarok-munkahelyeit\/#webpage"},"isPartOf":{"@id":"https:\/\/allasorias.hu\/hirek\/nem-vehetik-el-a-magyarok-munkahelyeit\/#webpage"},"articleSection":"Munkaer\u0151piac, k\u00fclf\u00f6ldi munk\u00e1sok, magyar munkav\u00e1llal\u00f3k"},{"@type":"BreadcrumbList","@id":"https:\/\/allasorias.hu\/hirek\/nem-vehetik-el-a-magyarok-munkahelyeit\/#breadcrumblist","itemListElement":[{"@type":"ListItem","@id":"https:\/\/allasorias.hu\/hirek#listItem","position":1,"name":"Home","item":"https:\/\/allasorias.hu\/hirek","nextItem":{"@type":"ListItem","@id":"https:\/\/allasorias.hu\/hirek\/temak\/munkaeropiac\/#listItem","name":"Munkaer\u0151piac"}},{"@type":"ListItem","@id":"https:\/\/allasorias.hu\/hirek\/temak\/munkaeropiac\/#listItem","position":2,"name":"Munkaer\u0151piac","item":"https:\/\/allasorias.hu\/hirek\/temak\/munkaeropiac\/","nextItem":{"@type":"ListItem","@id":"https:\/\/allasorias.hu\/hirek\/nem-vehetik-el-a-magyarok-munkahelyeit\/#listItem","name":"Nem vehetik el a magyarok munkahelyeit"},"previousItem":{"@type":"ListItem","@id":"https:\/\/allasorias.hu\/hirek#listItem","name":"Home"}},{"@type":"ListItem","@id":"https:\/\/allasorias.hu\/hirek\/nem-vehetik-el-a-magyarok-munkahelyeit\/#listItem","position":3,"name":"Nem vehetik el a magyarok munkahelyeit","previousItem":{"@type":"ListItem","@id":"https:\/\/allasorias.hu\/hirek\/temak\/munkaeropiac\/#listItem","name":"Munkaer\u0151piac"}}]},{"@type":"Organization","@id":"https:\/\/allasorias.hu\/hirek\/#organization","name":"AllasOrias.hu | H\u00edrek-lapszemle","description":"\u00dczleti h\u00edrek az \u00e1ll\u00e1s \u00e9s a munka vil\u00e1g\u00e1b\u00f3l","url":"https:\/\/allasorias.hu\/hirek\/","logo":{"@type":"ImageObject","url":"https:\/\/allasorias.hu\/hirek\/wp-content\/uploads\/2022\/10\/allasorias_site_facebok_logo.png","@id":"https:\/\/allasorias.hu\/hirek\/nem-vehetik-el-a-magyarok-munkahelyeit\/#organizationLogo"},"image":{"@id":"https:\/\/allasorias.hu\/hirek\/nem-vehetik-el-a-magyarok-munkahelyeit\/#organizationLogo"},"sameAs":["https:\/\/www.facebook.com\/allasorias","https:\/\/www.linkedin.com\/company\/allasorias"]},{"@type":"Person","@id":"https:\/\/allasorias.hu\/hirek\/author\/admin-allasorias\/#author","url":"https:\/\/allasorias.hu\/hirek\/author\/admin-allasorias\/","name":"Juh\u00e1sz P\u00e9ter","image":{"@type":"ImageObject","@id":"https:\/\/allasorias.hu\/hirek\/nem-vehetik-el-a-magyarok-munkahelyeit\/#authorImage","url":"https:\/\/secure.gravatar.com\/avatar\/36e6bcb83148978b992977cb0f54d22feb0cce8a0a849a9410532bb2623ba4c6?s=96&d=mm&r=g","width":96,"height":96,"caption":"Juh\u00e1sz P\u00e9ter"}},{"@type":"WebPage","@id":"https:\/\/allasorias.hu\/hirek\/nem-vehetik-el-a-magyarok-munkahelyeit\/#webpage","url":"https:\/\/allasorias.hu\/hirek\/nem-vehetik-el-a-magyarok-munkahelyeit\/","name":"Nem vehetik el a magyarok munkahelyeit |","description":"Magyarorsz\u00e1gon a 4,7 milli\u00f3 dolgoz\u00f3b\u00f3l 120 ezer \u00e9rkezett k\u00fclf\u00f6ldr\u0151l, teh\u00e1t 2,4 sz\u00e1zal\u00e9k a magyar r\u00e1ta.","inLanguage":"hu-HU","isPartOf":{"@id":"https:\/\/allasorias.hu\/hirek\/#website"},"breadcrumb":{"@id":"https:\/\/allasorias.hu\/hirek\/nem-vehetik-el-a-magyarok-munkahelyeit\/#breadcrumblist"},"author":{"@id":"https:\/\/allasorias.hu\/hirek\/author\/admin-allasorias\/#author"},"creator":{"@id":"https:\/\/allasorias.hu\/hirek\/author\/admin-allasorias\/#author"},"image":{"@type":"ImageObject","url":"https:\/\/allasorias.hu\/hirek\/wp-content\/uploads\/2024\/03\/magyar-es-kulfoldi-munkavallalok.jpg","@id":"https:\/\/allasorias.hu\/hirek\/nem-vehetik-el-a-magyarok-munkahelyeit\/#mainImage","width":1280,"height":853,"caption":"Nem vehetik el a magyarok munkahelyeit - Allasorias.hu\/Hirek"},"primaryImageOfPage":{"@id":"https:\/\/allasorias.hu\/hirek\/nem-vehetik-el-a-magyarok-munkahelyeit\/#mainImage"},"datePublished":"2024-03-07T10:06:13+02:00","dateModified":"2024-03-08T15:07:19+02:00"},{"@type":"WebSite","@id":"https:\/\/allasorias.hu\/hirek\/#website","url":"https:\/\/allasorias.hu\/hirek\/","name":"AllasOrias.hu | H\u00edrek-lapszemle","description":"\u00dczleti h\u00edrek az \u00e1ll\u00e1s \u00e9s a munka vil\u00e1g\u00e1b\u00f3l","inLanguage":"hu-HU","publisher":{"@id":"https:\/\/allasorias.hu\/hirek\/#organization"}}]},"og:locale":"hu_HU","og:site_name":"AllasOrias.hu | H\u00edrek-lapszemle | \u00dczleti h\u00edrek az \u00e1ll\u00e1s \u00e9s a munka vil\u00e1g\u00e1b\u00f3l","og:type":"article","og:title":"Nem vehetik el a magyarok munkahelyeit |","og:description":"Magyarorsz\u00e1gon a 4,7 milli\u00f3 dolgoz\u00f3b\u00f3l 120 ezer \u00e9rkezett k\u00fclf\u00f6ldr\u0151l, teh\u00e1t 2,4 sz\u00e1zal\u00e9k a magyar r\u00e1ta.","og:url":"https:\/\/allasorias.hu\/hirek\/nem-vehetik-el-a-magyarok-munkahelyeit\/","og:image":"https:\/\/allasorias.hu\/hirek\/wp-content\/uploads\/2024\/03\/magyar-es-kulfoldi-munkavallalok.jpg","og:image:secure_url":"https:\/\/allasorias.hu\/hirek\/wp-content\/uploads\/2024\/03\/magyar-es-kulfoldi-munkavallalok.jpg","og:image:width":1280,"og:image:height":853,"article:published_time":"2024-03-07T08:06:13+00:00","article:modified_time":"2024-03-08T13:07:19+00:00","article:publisher":"https:\/\/www.facebook.com\/allasorias","twitter:card":"summary_large_image","twitter:title":"Nem vehetik el a magyarok munkahelyeit |","twitter:description":"Magyarorsz\u00e1gon a 4,7 milli\u00f3 dolgoz\u00f3b\u00f3l 120 ezer \u00e9rkezett k\u00fclf\u00f6ldr\u0151l, teh\u00e1t 2,4 sz\u00e1zal\u00e9k a magyar r\u00e1ta.","twitter:image":"https:\/\/allasorias.hu\/hirek\/wp-content\/uploads\/2024\/03\/magyar-es-kulfoldi-munkavallalok.jpg","twitter:label1":"Written by","twitter:data1":"Juh\u00e1sz P\u00e9ter","twitter:label2":"Est. reading time","twitter:data2":"1 minute"},"aioseo_meta_data":{"post_id":"7400","title":"#post_title |","description":"Magyarorsz\u00e1gon a 4,7 milli\u00f3 dolgoz\u00f3b\u00f3l 120 ezer \u00e9rkezett k\u00fclf\u00f6ldr\u0151l, teh\u00e1t 2,4 sz\u00e1zal\u00e9k a magyar r\u00e1ta.","keywords":[],"keyphrases":{"focus":{"keyphrase":"","score":0,"analysis":{"keyphraseInTitle":{"score":0,"maxScore":9,"error":1}}},"additional":[]},"primary_term":null,"canonical_url":null,"og_title":null,"og_description":null,"og_object_type":"default","og_image_type":"default","og_image_url":null,"og_image_width":null,"og_image_height":null,"og_image_custom_url":null,"og_image_custom_fields":null,"og_video":"","og_custom_url":null,"og_article_section":null,"og_article_tags":[],"twitter_use_og":true,"twitter_card":"default","twitter_image_type":"default","twitter_image_url":null,"twitter_image_custom_url":null,"twitter_image_custom_fields":null,"twitter_title":null,"twitter_description":null,"schema":{"blockGraphs":[],"customGraphs":[],"default":{"data":{"Article":[],"Course":[],"Dataset":[],"FAQPage":[],"Movie":[],"Person":[],"Product":[],"ProductReview":[],"Car":[],"Recipe":[],"Service":[],"SoftwareApplication":[],"WebPage":[]},"graphName":"Article","isEnabled":true},"graphs":[]},"schema_type":"default","schema_type_options":null,"pillar_content":false,"robots_default":true,"robots_noindex":false,"robots_noarchive":false,"robots_nosnippet":false,"robots_nofollow":false,"robots_noimageindex":false,"robots_noodp":false,"robots_notranslate":false,"robots_max_snippet":"-1","robots_max_videopreview":"-1","robots_max_imagepreview":"large","priority":null,"frequency":"default","location":null,"local_seo":null,"breadcrumb_settings":null,"limit_modified_date":false,"ai":null,"created":"2024-03-08 08:06:13","updated":"2025-10-02 19:41:05","seo_analyzer_scan_date":null,"focus_keyword":null,"additional_keywords":null,"truseo_locale":null},"aioseo_breadcrumb":"<div class=\"aioseo-breadcrumbs\"><span class=\"aioseo-breadcrumb\">\n\t\t\t<a href=\"https:\/\/allasorias.hu\/hirek\" title=\"Home\">Home<\/a>\n\t\t<\/span><span class=\"aioseo-breadcrumb-separator\">&raquo;<\/span><span class=\"aioseo-breadcrumb\">\n\t\t\t<a href=\"https:\/\/allasorias.hu\/hirek\/temak\/munkaeropiac\/\" title=\"Munkaer\u0151piac\">Munkaer\u0151piac<\/a>\n\t\t<\/span><span class=\"aioseo-breadcrumb-separator\">&raquo;<\/span><span class=\"aioseo-breadcrumb\">\n\t\t\tNem vehetik el a magyarok munkahelyeit\n\t\t<\/span><\/div>","aioseo_breadcrumb_json":[{"label":"Home","link":"https:\/\/allasorias.hu\/hirek"},{"label":"Munkaer\u0151piac","link":"https:\/\/allasorias.hu\/hirek\/temak\/munkaeropiac\/"},{"label":"Nem vehetik el a magyarok munkahelyeit","link":"https:\/\/allasorias.hu\/hirek\/nem-vehetik-el-a-magyarok-munkahelyeit\/"}],"_links":{"self":[{"href":"https:\/\/allasorias.hu\/hirek\/wp-json\/wp\/v2\/posts\/7400","targetHints":{"allow":["GET"]}}],"collection":[{"href":"https:\/\/allasorias.hu\/hirek\/wp-json\/wp\/v2\/posts"}],"about":[{"href":"https:\/\/allasorias.hu\/hirek\/wp-json\/wp\/v2\/types\/post"}],"author":[{"embeddable":true,"href":"https:\/\/allasorias.hu\/hirek\/wp-json\/wp\/v2\/users\/1"}],"replies":[{"embeddable":true,"href":"https:\/\/allasorias.hu\/hirek\/wp-json\/wp\/v2\/comments?post=7400"}],"version-history":[{"count":3,"href":"https:\/\/allasorias.hu\/hirek\/wp-json\/wp\/v2\/posts\/7400\/revisions"}],"predecessor-version":[{"id":7404,"href":"https:\/\/allasorias.hu\/hirek\/wp-json\/wp\/v2\/posts\/7400\/revisions\/7404"}],"wp:featuredmedia":[{"embeddable":true,"href":"https:\/\/allasorias.hu\/hirek\/wp-json\/wp\/v2\/media\/7401"}],"wp:attachment":[{"href":"https:\/\/allasorias.hu\/hirek\/wp-json\/wp\/v2\/media?parent=7400"}],"wp:term":[{"taxonomy":"category","embeddable":true,"href":"https:\/\/allasorias.hu\/hirek\/wp-json\/wp\/v2\/categories?post=7400"},{"taxonomy":"post_tag","embeddable":true,"href":"https:\/\/allasorias.hu\/hirek\/wp-json\/wp\/v2\/tags?post=7400"}],"curies":[{"name":"wp","href":"https:\/\/api.w.org\/{rel}","templated":true}]}}