{"id":7395,"date":"2024-03-06T15:05:52","date_gmt":"2024-03-06T13:05:52","guid":{"rendered":"https:\/\/allasorias.hu\/hirek\/?p=7395"},"modified":"2025-05-13T16:06:11","modified_gmt":"2025-05-13T14:06:11","slug":"vitatja-a-hr-es-szuksegesseget-a-szakember","status":"publish","type":"post","link":"https:\/\/allasorias.hu\/hirek\/vitatja-a-hr-es-szuksegesseget-a-szakember\/","title":{"rendered":"Vitatja a HR-es sz\u00fcks\u00e9gess\u00e9g\u00e9t a szakember"},"content":{"rendered":"<p><strong>Vitatja a HR-es szakemberek sz\u00fcks\u00e9gess\u00e9g\u00e9t egy szakember. Az alkalmazottak interj\u00faztat\u00e1s\u00e1t szigor\u00faan a k\u00f6zvetlen felettes v\u00e9gzi a c\u00e9g\u00e9n\u00e9l. Szerinte erre az\u00e9rt van sz\u00fcks\u00e9g, mivel a HR-eseknek sokszor nincs meg a megfelel\u0151 szaktud\u00e1suk, hogy k\u00fcl\u00f6nb\u00f6z\u0151 szerepk\u00f6r\u00f6kben milyen k\u00e9szs\u00e9gek kritikusak.<\/strong><\/p>\n<p>A c\u00e9geimben nincs HR oszt\u00e1ly, egyetlen HR-es sem dolgozik n\u00e1lam &#8211; jelentette ki Chamath Palihapitiya, a Social Capital alap\u00edt\u00f3ja, a Facebook egykori aleln\u00f6ke egy podcastban a napokban. Sz\u00e9ls\u0151s\u00e9gesen negat\u00edv v\u00e9lem\u00e9nye van a HR-r\u0151l.<\/p>\n<h2>Jogi probl\u00e9m\u00e1k eset\u00e9n k\u00fcls\u0151s \u00fcgyv\u00e9di iroda<\/h2>\n<p>A n\u00e9pszer\u0171 <a href=\"https:\/\/www.youtube.com\/watch?v=-Am0vMW3fA0\" target=\"_blank\" rel=\"nofollow noopener noreferrer\">All-In podcast legut\u00f3bbi epiz\u00f3dj\u00e1ban<\/a>, a milli\u00e1rdos\u00a0 kock\u00e1zatit\u0151ke-befektet\u0151 kifejtette, hogy azokban a c\u00e9gekben, amelyekben t\u00f6bbs\u00e9gi tulajdonos, nemcsak hogy HR oszt\u00e1ly, de m\u00e9g egyetlen HR-es sincs. Elmond\u00e1sa szerint nincs sz\u00fcks\u00e9g HR-re, m\u00e1sk\u00e9pp kell struktur\u00e1lni a c\u00e9g m\u0171k\u00f6d\u00e9s\u00e9t. Ha jogi k\u00e9rd\u00e9seket (munkaszerz\u0151d\u00e9s k\u00e9sz\u00edt\u00e9se, felmond\u00e1s, bels\u0151 szab\u00e1lyoz\u00e1s) vagy ha munkav\u00e1llal\u00f3i panaszok mer\u00fclnek fel, azokat k\u00fcls\u0151s \u00fcgyv\u00e9di irod\u00e1ra b\u00edzza.<\/p>\n<h2>HR oszt\u00e1ly helyett saj\u00e1t test\u00fclet (bizotts\u00e1g)<\/h2>\n<p>Ez a szolg\u00e1ltat\u00f3 harmadik f\u00e9lk\u00e9nt, elfogulatlanul, specialistak\u00e9nt v\u00e9gzi a munk\u00e1t, garant\u00e1lja az \u00fcgyek bizalmas kezel\u00e9s\u00e9t, fair kivizsg\u00e1l\u00e1s\u00e1t. Persze egy <a href=\"https:\/\/allasorias.hu\/hirek\/tert-hodit-a-digitalis-technologia-a-hr-teruleten-is\/\">HR oszt\u00e1ly<\/a> nemcsak jogi k\u00e9rd\u00e9sekkel foglalkozik, hanem az alkalmazottak j\u00f3l-l\u00e9t\u00e9vel, felv\u00e9tel\u00e9vel, k\u00e9pz\u00e9s\u00e9vel is. Palihapitiya ezekben a feladatokban a munkav\u00e1llal\u00f3kra sz\u00e1m\u00edt: felhatalmaz\u00e1st ad, nagyobb felel\u0151ss\u00e9ggel ruh\u00e1zza fel \u0151ket. Az alkalmazottak egy-egy oszt\u00e1lyon saj\u00e1t test\u00fcletet (bizotts\u00e1got) hozhatnak l\u00e9tre. Ebben fontos szempont a soksz\u00edn\u0171s\u00e9g, \u00e1m nem a klasszikus &#8211; nem, \u00e9letkor, b\u0151rsz\u00edn &#8211; \u00e9rtelemben, hanem \u00e9lethelyzet alapj\u00e1n.<\/p>\n<p>P\u00e9ld\u00e1ul egy csapatba ker\u00fcl csal\u00e1dos, egyed\u00fcl\u00e1ll\u00f3, beteg partner\u00e9t gondoz\u00f3 munkav\u00e1llal\u00f3. A tagok \u00edgy bizonyos csoportok \u00e9rdekeit v\u00e9dik, \u00e9s keresik a kompromisszumot egym\u00e1ssal. A v\u00e9g\u00e9n az \u00e1ltaluk el\u0151terjesztett b\u00e9ren k\u00edv\u00fcli juttat\u00e1s csomagra szavaz a c\u00e9g minden alkalmazottja, hogy eld\u00f6nts\u00e9k melyik a legjobb sz\u00e1mukra.<\/p>\n<p>Forr\u00e1s: <a href=\"https:\/\/www.hrportal.hu\/hr\/nincs-szukseg-hr-re-allitja-a-korabbi-facebook-alelnok-20240305.html\" target=\"_blank\" rel=\"nofollow noopener noreferrer\">hrportal.hu<\/a><\/p>\n<p>&nbsp;<\/p>\n","protected":false},"excerpt":{"rendered":"<p>Vitatja a HR-es szakemberek sz\u00fcks\u00e9gess\u00e9g\u00e9t egy szakember. Az alkalmazottak interj\u00faztat\u00e1s\u00e1t szigor\u00faan a k\u00f6zvetlen felettes v\u00e9gzi a c\u00e9g\u00e9n\u00e9l. Szerinte erre az\u00e9rt van sz\u00fcks\u00e9g, mivel a HR-eseknek sokszor nincs meg a megfelel\u0151 szaktud\u00e1suk, hogy k\u00fcl\u00f6nb\u00f6z\u0151 szerepk\u00f6r\u00f6kben milyen k\u00e9szs\u00e9gek kritikusak. A c\u00e9geimben nincs HR oszt\u00e1ly, egyetlen HR-es sem dolgozik n\u00e1lam &#8211; jelentette ki Chamath Palihapitiya, a Social Capital [&hellip;]<\/p>\n","protected":false},"author":1,"featured_media":7396,"comment_status":"closed","ping_status":"closed","sticky":false,"template":"","format":"standard","meta":{"_monsterinsights_skip_tracking":false,"footnotes":""},"categories":[200],"tags":[537],"class_list":["post-7395","post","type-post","status-publish","format-standard","has-post-thumbnail","hentry","category-munkaeropiac","tag-hr"],"aioseo_notices":[],"aioseo_head":"\n\t\t<!-- All in One SEO 5.0.0.1 - aioseo.com -->\n\t<meta name=\"description\" content=\"A c\u00e9geimben nincs HR oszt\u00e1ly, egyetlen HR-es sem dolgozik n\u00e1lam - jelentette ki Chamath Palihapitiya, a Social Capital alap\u00edt\u00f3ja.\" \/>\n\t<meta name=\"robots\" content=\"max-image-preview:large\" \/>\n\t<meta name=\"author\" content=\"Juh\u00e1sz P\u00e9ter\"\/>\n\t<meta name=\"keywords\" content=\"hr\" \/>\n\t<link rel=\"canonical\" href=\"https:\/\/allasorias.hu\/hirek\/vitatja-a-hr-es-szuksegesseget-a-szakember\/\" \/>\n\t<meta name=\"generator\" content=\"All in One SEO (AIOSEO) 5.0.0.1\" \/>\n\t\t<meta property=\"og:locale\" content=\"hu_HU\" \/>\n\t\t<meta property=\"og:site_name\" content=\"AllasOrias.hu | H\u00edrek-lapszemle | \u00dczleti h\u00edrek az \u00e1ll\u00e1s \u00e9s a munka vil\u00e1g\u00e1b\u00f3l\" \/>\n\t\t<meta property=\"og:type\" content=\"article\" \/>\n\t\t<meta property=\"og:title\" content=\"A HR-szakma l\u00e9tjogosults\u00e1g\u00e1t is vitatj\u00e1k\" \/>\n\t\t<meta property=\"og:description\" content=\"A c\u00e9geimben nincs HR oszt\u00e1ly, egyetlen HR-es sem dolgozik n\u00e1lam - jelentette ki Chamath Palihapitiya, a Social Capital alap\u00edt\u00f3ja.\" \/>\n\t\t<meta property=\"og:url\" content=\"https:\/\/allasorias.hu\/hirek\/vitatja-a-hr-es-szuksegesseget-a-szakember\/\" \/>\n\t\t<meta property=\"og:image\" content=\"https:\/\/allasorias.hu\/hirek\/wp-content\/uploads\/2024\/03\/szukseges-e-a-hr.jpg\" \/>\n\t\t<meta property=\"og:image:secure_url\" content=\"https:\/\/allasorias.hu\/hirek\/wp-content\/uploads\/2024\/03\/szukseges-e-a-hr.jpg\" \/>\n\t\t<meta property=\"og:image:width\" content=\"1280\" \/>\n\t\t<meta property=\"og:image:height\" content=\"852\" \/>\n\t\t<meta property=\"article:published_time\" content=\"2024-03-06T13:05:52+00:00\" \/>\n\t\t<meta property=\"article:modified_time\" content=\"2025-05-13T14:06:11+00:00\" \/>\n\t\t<meta property=\"article:publisher\" content=\"https:\/\/www.facebook.com\/allasorias\" \/>\n\t\t<meta name=\"twitter:card\" content=\"summary_large_image\" \/>\n\t\t<meta name=\"twitter:title\" content=\"A HR-szakma l\u00e9tjogosults\u00e1g\u00e1t is vitatj\u00e1k\" \/>\n\t\t<meta name=\"twitter:description\" content=\"A c\u00e9geimben nincs HR oszt\u00e1ly, egyetlen HR-es sem dolgozik n\u00e1lam - jelentette ki Chamath Palihapitiya, a Social Capital alap\u00edt\u00f3ja.\" \/>\n\t\t<meta name=\"twitter:image\" content=\"https:\/\/allasorias.hu\/hirek\/wp-content\/uploads\/2024\/03\/szukseges-e-a-hr.jpg\" \/>\n\t\t<meta name=\"twitter:label1\" content=\"Written by\" \/>\n\t\t<meta name=\"twitter:data1\" content=\"Juh\u00e1sz P\u00e9ter\" \/>\n\t\t<meta name=\"twitter:label2\" content=\"Est. reading time\" \/>\n\t\t<meta name=\"twitter:data2\" content=\"2 minutes\" \/>\n\t\t<script type=\"application\/ld+json\" class=\"aioseo-schema\">\n\t\t\t{\"@context\":\"https:\\\/\\\/schema.org\",\"@graph\":[{\"@type\":\"Article\",\"@id\":\"https:\\\/\\\/allasorias.hu\\\/hirek\\\/vitatja-a-hr-es-szuksegesseget-a-szakember\\\/#article\",\"name\":\"A HR-szakma l\\u00e9tjogosults\\u00e1g\\u00e1t is vitatj\\u00e1k\",\"headline\":\"Vitatja a HR-es sz\\u00fcks\\u00e9gess\\u00e9g\\u00e9t a szakember\",\"author\":{\"@id\":\"https:\\\/\\\/allasorias.hu\\\/hirek\\\/author\\\/admin-allasorias\\\/#author\"},\"publisher\":{\"@id\":\"https:\\\/\\\/allasorias.hu\\\/hirek\\\/#organization\"},\"image\":{\"@type\":\"ImageObject\",\"url\":\"https:\\\/\\\/allasorias.hu\\\/hirek\\\/wp-content\\\/uploads\\\/2024\\\/03\\\/szukseges-e-a-hr.jpg\",\"width\":1280,\"height\":852,\"caption\":\"Vitatja a HR-es sz\\u00fcks\\u00e9gess\\u00e9g\\u00e9t a szakember - Allasorias.hu\\\/Hirek\"},\"datePublished\":\"2024-03-06T15:05:52+02:00\",\"dateModified\":\"2025-05-13T16:06:11+02:00\",\"inLanguage\":\"hu-HU\",\"mainEntityOfPage\":{\"@id\":\"https:\\\/\\\/allasorias.hu\\\/hirek\\\/vitatja-a-hr-es-szuksegesseget-a-szakember\\\/#webpage\"},\"isPartOf\":{\"@id\":\"https:\\\/\\\/allasorias.hu\\\/hirek\\\/vitatja-a-hr-es-szuksegesseget-a-szakember\\\/#webpage\"},\"articleSection\":\"Munkaer\\u0151piac, hr\"},{\"@type\":\"BreadcrumbList\",\"@id\":\"https:\\\/\\\/allasorias.hu\\\/hirek\\\/vitatja-a-hr-es-szuksegesseget-a-szakember\\\/#breadcrumblist\",\"itemListElement\":[{\"@type\":\"ListItem\",\"@id\":\"https:\\\/\\\/allasorias.hu\\\/hirek#listItem\",\"position\":1,\"name\":\"Home\",\"item\":\"https:\\\/\\\/allasorias.hu\\\/hirek\",\"nextItem\":{\"@type\":\"ListItem\",\"@id\":\"https:\\\/\\\/allasorias.hu\\\/hirek\\\/temak\\\/munkaeropiac\\\/#listItem\",\"name\":\"Munkaer\\u0151piac\"}},{\"@type\":\"ListItem\",\"@id\":\"https:\\\/\\\/allasorias.hu\\\/hirek\\\/temak\\\/munkaeropiac\\\/#listItem\",\"position\":2,\"name\":\"Munkaer\\u0151piac\",\"item\":\"https:\\\/\\\/allasorias.hu\\\/hirek\\\/temak\\\/munkaeropiac\\\/\",\"nextItem\":{\"@type\":\"ListItem\",\"@id\":\"https:\\\/\\\/allasorias.hu\\\/hirek\\\/vitatja-a-hr-es-szuksegesseget-a-szakember\\\/#listItem\",\"name\":\"Vitatja a HR-es sz\\u00fcks\\u00e9gess\\u00e9g\\u00e9t a szakember\"},\"previousItem\":{\"@type\":\"ListItem\",\"@id\":\"https:\\\/\\\/allasorias.hu\\\/hirek#listItem\",\"name\":\"Home\"}},{\"@type\":\"ListItem\",\"@id\":\"https:\\\/\\\/allasorias.hu\\\/hirek\\\/vitatja-a-hr-es-szuksegesseget-a-szakember\\\/#listItem\",\"position\":3,\"name\":\"Vitatja a HR-es sz\\u00fcks\\u00e9gess\\u00e9g\\u00e9t a szakember\",\"previousItem\":{\"@type\":\"ListItem\",\"@id\":\"https:\\\/\\\/allasorias.hu\\\/hirek\\\/temak\\\/munkaeropiac\\\/#listItem\",\"name\":\"Munkaer\\u0151piac\"}}]},{\"@type\":\"Organization\",\"@id\":\"https:\\\/\\\/allasorias.hu\\\/hirek\\\/#organization\",\"name\":\"AllasOrias.hu | H\\u00edrek-lapszemle\",\"description\":\"\\u00dczleti h\\u00edrek az \\u00e1ll\\u00e1s \\u00e9s a munka vil\\u00e1g\\u00e1b\\u00f3l\",\"url\":\"https:\\\/\\\/allasorias.hu\\\/hirek\\\/\",\"logo\":{\"@type\":\"ImageObject\",\"url\":\"https:\\\/\\\/allasorias.hu\\\/hirek\\\/wp-content\\\/uploads\\\/2022\\\/10\\\/allasorias_site_facebok_logo.png\",\"@id\":\"https:\\\/\\\/allasorias.hu\\\/hirek\\\/vitatja-a-hr-es-szuksegesseget-a-szakember\\\/#organizationLogo\"},\"image\":{\"@id\":\"https:\\\/\\\/allasorias.hu\\\/hirek\\\/vitatja-a-hr-es-szuksegesseget-a-szakember\\\/#organizationLogo\"},\"sameAs\":[\"https:\\\/\\\/www.facebook.com\\\/allasorias\",\"https:\\\/\\\/www.linkedin.com\\\/company\\\/allasorias\"]},{\"@type\":\"Person\",\"@id\":\"https:\\\/\\\/allasorias.hu\\\/hirek\\\/author\\\/admin-allasorias\\\/#author\",\"url\":\"https:\\\/\\\/allasorias.hu\\\/hirek\\\/author\\\/admin-allasorias\\\/\",\"name\":\"Juh\\u00e1sz P\\u00e9ter\",\"image\":{\"@type\":\"ImageObject\",\"@id\":\"https:\\\/\\\/allasorias.hu\\\/hirek\\\/vitatja-a-hr-es-szuksegesseget-a-szakember\\\/#authorImage\",\"url\":\"https:\\\/\\\/secure.gravatar.com\\\/avatar\\\/36e6bcb83148978b992977cb0f54d22feb0cce8a0a849a9410532bb2623ba4c6?s=96&d=mm&r=g\",\"width\":96,\"height\":96,\"caption\":\"Juh\\u00e1sz P\\u00e9ter\"}},{\"@type\":\"WebPage\",\"@id\":\"https:\\\/\\\/allasorias.hu\\\/hirek\\\/vitatja-a-hr-es-szuksegesseget-a-szakember\\\/#webpage\",\"url\":\"https:\\\/\\\/allasorias.hu\\\/hirek\\\/vitatja-a-hr-es-szuksegesseget-a-szakember\\\/\",\"name\":\"A HR-szakma l\\u00e9tjogosults\\u00e1g\\u00e1t is vitatj\\u00e1k\",\"description\":\"A c\\u00e9geimben nincs HR oszt\\u00e1ly, egyetlen HR-es sem dolgozik n\\u00e1lam - jelentette ki Chamath Palihapitiya, a Social Capital alap\\u00edt\\u00f3ja.\",\"inLanguage\":\"hu-HU\",\"isPartOf\":{\"@id\":\"https:\\\/\\\/allasorias.hu\\\/hirek\\\/#website\"},\"breadcrumb\":{\"@id\":\"https:\\\/\\\/allasorias.hu\\\/hirek\\\/vitatja-a-hr-es-szuksegesseget-a-szakember\\\/#breadcrumblist\"},\"author\":{\"@id\":\"https:\\\/\\\/allasorias.hu\\\/hirek\\\/author\\\/admin-allasorias\\\/#author\"},\"creator\":{\"@id\":\"https:\\\/\\\/allasorias.hu\\\/hirek\\\/author\\\/admin-allasorias\\\/#author\"},\"image\":{\"@type\":\"ImageObject\",\"url\":\"https:\\\/\\\/allasorias.hu\\\/hirek\\\/wp-content\\\/uploads\\\/2024\\\/03\\\/szukseges-e-a-hr.jpg\",\"@id\":\"https:\\\/\\\/allasorias.hu\\\/hirek\\\/vitatja-a-hr-es-szuksegesseget-a-szakember\\\/#mainImage\",\"width\":1280,\"height\":852,\"caption\":\"Vitatja a HR-es sz\\u00fcks\\u00e9gess\\u00e9g\\u00e9t a szakember - Allasorias.hu\\\/Hirek\"},\"primaryImageOfPage\":{\"@id\":\"https:\\\/\\\/allasorias.hu\\\/hirek\\\/vitatja-a-hr-es-szuksegesseget-a-szakember\\\/#mainImage\"},\"datePublished\":\"2024-03-06T15:05:52+02:00\",\"dateModified\":\"2025-05-13T16:06:11+02:00\"},{\"@type\":\"WebSite\",\"@id\":\"https:\\\/\\\/allasorias.hu\\\/hirek\\\/#website\",\"url\":\"https:\\\/\\\/allasorias.hu\\\/hirek\\\/\",\"name\":\"AllasOrias.hu | H\\u00edrek-lapszemle\",\"description\":\"\\u00dczleti h\\u00edrek az \\u00e1ll\\u00e1s \\u00e9s a munka vil\\u00e1g\\u00e1b\\u00f3l\",\"inLanguage\":\"hu-HU\",\"publisher\":{\"@id\":\"https:\\\/\\\/allasorias.hu\\\/hirek\\\/#organization\"}}]}\n\t\t<\/script>\n\t\t<!-- All in One SEO -->\n\n","aioseo_head_json":{"title":"A HR-szakma l\u00e9tjogosults\u00e1g\u00e1t is vitatj\u00e1k","description":"A c\u00e9geimben nincs HR oszt\u00e1ly, egyetlen HR-es sem dolgozik n\u00e1lam - jelentette ki Chamath Palihapitiya, a Social Capital alap\u00edt\u00f3ja.","canonical_url":"https:\/\/allasorias.hu\/hirek\/vitatja-a-hr-es-szuksegesseget-a-szakember\/","robots":"max-image-preview:large","keywords":"hr","webmasterTools":{"miscellaneous":""},"schema":{"@context":"https:\/\/schema.org","@graph":[{"@type":"Article","@id":"https:\/\/allasorias.hu\/hirek\/vitatja-a-hr-es-szuksegesseget-a-szakember\/#article","name":"A HR-szakma l\u00e9tjogosults\u00e1g\u00e1t is vitatj\u00e1k","headline":"Vitatja a HR-es sz\u00fcks\u00e9gess\u00e9g\u00e9t a szakember","author":{"@id":"https:\/\/allasorias.hu\/hirek\/author\/admin-allasorias\/#author"},"publisher":{"@id":"https:\/\/allasorias.hu\/hirek\/#organization"},"image":{"@type":"ImageObject","url":"https:\/\/allasorias.hu\/hirek\/wp-content\/uploads\/2024\/03\/szukseges-e-a-hr.jpg","width":1280,"height":852,"caption":"Vitatja a HR-es sz\u00fcks\u00e9gess\u00e9g\u00e9t a szakember - Allasorias.hu\/Hirek"},"datePublished":"2024-03-06T15:05:52+02:00","dateModified":"2025-05-13T16:06:11+02:00","inLanguage":"hu-HU","mainEntityOfPage":{"@id":"https:\/\/allasorias.hu\/hirek\/vitatja-a-hr-es-szuksegesseget-a-szakember\/#webpage"},"isPartOf":{"@id":"https:\/\/allasorias.hu\/hirek\/vitatja-a-hr-es-szuksegesseget-a-szakember\/#webpage"},"articleSection":"Munkaer\u0151piac, hr"},{"@type":"BreadcrumbList","@id":"https:\/\/allasorias.hu\/hirek\/vitatja-a-hr-es-szuksegesseget-a-szakember\/#breadcrumblist","itemListElement":[{"@type":"ListItem","@id":"https:\/\/allasorias.hu\/hirek#listItem","position":1,"name":"Home","item":"https:\/\/allasorias.hu\/hirek","nextItem":{"@type":"ListItem","@id":"https:\/\/allasorias.hu\/hirek\/temak\/munkaeropiac\/#listItem","name":"Munkaer\u0151piac"}},{"@type":"ListItem","@id":"https:\/\/allasorias.hu\/hirek\/temak\/munkaeropiac\/#listItem","position":2,"name":"Munkaer\u0151piac","item":"https:\/\/allasorias.hu\/hirek\/temak\/munkaeropiac\/","nextItem":{"@type":"ListItem","@id":"https:\/\/allasorias.hu\/hirek\/vitatja-a-hr-es-szuksegesseget-a-szakember\/#listItem","name":"Vitatja a HR-es sz\u00fcks\u00e9gess\u00e9g\u00e9t a szakember"},"previousItem":{"@type":"ListItem","@id":"https:\/\/allasorias.hu\/hirek#listItem","name":"Home"}},{"@type":"ListItem","@id":"https:\/\/allasorias.hu\/hirek\/vitatja-a-hr-es-szuksegesseget-a-szakember\/#listItem","position":3,"name":"Vitatja a HR-es sz\u00fcks\u00e9gess\u00e9g\u00e9t a szakember","previousItem":{"@type":"ListItem","@id":"https:\/\/allasorias.hu\/hirek\/temak\/munkaeropiac\/#listItem","name":"Munkaer\u0151piac"}}]},{"@type":"Organization","@id":"https:\/\/allasorias.hu\/hirek\/#organization","name":"AllasOrias.hu | H\u00edrek-lapszemle","description":"\u00dczleti h\u00edrek az \u00e1ll\u00e1s \u00e9s a munka vil\u00e1g\u00e1b\u00f3l","url":"https:\/\/allasorias.hu\/hirek\/","logo":{"@type":"ImageObject","url":"https:\/\/allasorias.hu\/hirek\/wp-content\/uploads\/2022\/10\/allasorias_site_facebok_logo.png","@id":"https:\/\/allasorias.hu\/hirek\/vitatja-a-hr-es-szuksegesseget-a-szakember\/#organizationLogo"},"image":{"@id":"https:\/\/allasorias.hu\/hirek\/vitatja-a-hr-es-szuksegesseget-a-szakember\/#organizationLogo"},"sameAs":["https:\/\/www.facebook.com\/allasorias","https:\/\/www.linkedin.com\/company\/allasorias"]},{"@type":"Person","@id":"https:\/\/allasorias.hu\/hirek\/author\/admin-allasorias\/#author","url":"https:\/\/allasorias.hu\/hirek\/author\/admin-allasorias\/","name":"Juh\u00e1sz P\u00e9ter","image":{"@type":"ImageObject","@id":"https:\/\/allasorias.hu\/hirek\/vitatja-a-hr-es-szuksegesseget-a-szakember\/#authorImage","url":"https:\/\/secure.gravatar.com\/avatar\/36e6bcb83148978b992977cb0f54d22feb0cce8a0a849a9410532bb2623ba4c6?s=96&d=mm&r=g","width":96,"height":96,"caption":"Juh\u00e1sz P\u00e9ter"}},{"@type":"WebPage","@id":"https:\/\/allasorias.hu\/hirek\/vitatja-a-hr-es-szuksegesseget-a-szakember\/#webpage","url":"https:\/\/allasorias.hu\/hirek\/vitatja-a-hr-es-szuksegesseget-a-szakember\/","name":"A HR-szakma l\u00e9tjogosults\u00e1g\u00e1t is vitatj\u00e1k","description":"A c\u00e9geimben nincs HR oszt\u00e1ly, egyetlen HR-es sem dolgozik n\u00e1lam - jelentette ki Chamath Palihapitiya, a Social Capital alap\u00edt\u00f3ja.","inLanguage":"hu-HU","isPartOf":{"@id":"https:\/\/allasorias.hu\/hirek\/#website"},"breadcrumb":{"@id":"https:\/\/allasorias.hu\/hirek\/vitatja-a-hr-es-szuksegesseget-a-szakember\/#breadcrumblist"},"author":{"@id":"https:\/\/allasorias.hu\/hirek\/author\/admin-allasorias\/#author"},"creator":{"@id":"https:\/\/allasorias.hu\/hirek\/author\/admin-allasorias\/#author"},"image":{"@type":"ImageObject","url":"https:\/\/allasorias.hu\/hirek\/wp-content\/uploads\/2024\/03\/szukseges-e-a-hr.jpg","@id":"https:\/\/allasorias.hu\/hirek\/vitatja-a-hr-es-szuksegesseget-a-szakember\/#mainImage","width":1280,"height":852,"caption":"Vitatja a HR-es sz\u00fcks\u00e9gess\u00e9g\u00e9t a szakember - Allasorias.hu\/Hirek"},"primaryImageOfPage":{"@id":"https:\/\/allasorias.hu\/hirek\/vitatja-a-hr-es-szuksegesseget-a-szakember\/#mainImage"},"datePublished":"2024-03-06T15:05:52+02:00","dateModified":"2025-05-13T16:06:11+02:00"},{"@type":"WebSite","@id":"https:\/\/allasorias.hu\/hirek\/#website","url":"https:\/\/allasorias.hu\/hirek\/","name":"AllasOrias.hu | H\u00edrek-lapszemle","description":"\u00dczleti h\u00edrek az \u00e1ll\u00e1s \u00e9s a munka vil\u00e1g\u00e1b\u00f3l","inLanguage":"hu-HU","publisher":{"@id":"https:\/\/allasorias.hu\/hirek\/#organization"}}]},"og:locale":"hu_HU","og:site_name":"AllasOrias.hu | H\u00edrek-lapszemle | \u00dczleti h\u00edrek az \u00e1ll\u00e1s \u00e9s a munka vil\u00e1g\u00e1b\u00f3l","og:type":"article","og:title":"A HR-szakma l\u00e9tjogosults\u00e1g\u00e1t is vitatj\u00e1k","og:description":"A c\u00e9geimben nincs HR oszt\u00e1ly, egyetlen HR-es sem dolgozik n\u00e1lam - jelentette ki Chamath Palihapitiya, a Social Capital alap\u00edt\u00f3ja.","og:url":"https:\/\/allasorias.hu\/hirek\/vitatja-a-hr-es-szuksegesseget-a-szakember\/","og:image":"https:\/\/allasorias.hu\/hirek\/wp-content\/uploads\/2024\/03\/szukseges-e-a-hr.jpg","og:image:secure_url":"https:\/\/allasorias.hu\/hirek\/wp-content\/uploads\/2024\/03\/szukseges-e-a-hr.jpg","og:image:width":1280,"og:image:height":852,"article:published_time":"2024-03-06T13:05:52+00:00","article:modified_time":"2025-05-13T14:06:11+00:00","article:publisher":"https:\/\/www.facebook.com\/allasorias","twitter:card":"summary_large_image","twitter:title":"A HR-szakma l\u00e9tjogosults\u00e1g\u00e1t is vitatj\u00e1k","twitter:description":"A c\u00e9geimben nincs HR oszt\u00e1ly, egyetlen HR-es sem dolgozik n\u00e1lam - jelentette ki Chamath Palihapitiya, a Social Capital alap\u00edt\u00f3ja.","twitter:image":"https:\/\/allasorias.hu\/hirek\/wp-content\/uploads\/2024\/03\/szukseges-e-a-hr.jpg","twitter:label1":"Written by","twitter:data1":"Juh\u00e1sz P\u00e9ter","twitter:label2":"Est. reading time","twitter:data2":"2 minutes"},"aioseo_meta_data":{"post_id":"7395","title":"A HR-szakma l\u00e9tjogosults\u00e1g\u00e1t is vitatj\u00e1k","description":"A c\u00e9geimben nincs HR oszt\u00e1ly, egyetlen HR-es sem dolgozik n\u00e1lam - jelentette ki Chamath Palihapitiya, a Social Capital alap\u00edt\u00f3ja.","keywords":null,"keyphrases":{"focus":{"keyphrase":"","score":0,"analysis":{"keyphraseInTitle":{"score":0,"maxScore":9,"error":1}}},"additional":[]},"primary_term":null,"canonical_url":null,"og_title":null,"og_description":null,"og_object_type":"default","og_image_type":"default","og_image_url":null,"og_image_width":null,"og_image_height":null,"og_image_custom_url":null,"og_image_custom_fields":null,"og_video":"","og_custom_url":null,"og_article_section":null,"og_article_tags":null,"twitter_use_og":true,"twitter_card":"default","twitter_image_type":"default","twitter_image_url":null,"twitter_image_custom_url":null,"twitter_image_custom_fields":null,"twitter_title":null,"twitter_description":null,"schema":{"blockGraphs":[],"customGraphs":[],"default":{"data":{"Article":[],"Course":[],"Dataset":[],"FAQPage":[],"Movie":[],"Person":[],"Product":[],"ProductReview":[],"Car":[],"Recipe":[],"Service":[],"SoftwareApplication":[],"WebPage":[]},"graphName":"Article","isEnabled":true},"graphs":[]},"schema_type":"default","schema_type_options":null,"pillar_content":false,"robots_default":true,"robots_noindex":false,"robots_noarchive":false,"robots_nosnippet":false,"robots_nofollow":false,"robots_noimageindex":false,"robots_noodp":false,"robots_notranslate":false,"robots_max_snippet":"-1","robots_max_videopreview":"-1","robots_max_imagepreview":"large","priority":null,"frequency":"default","location":null,"local_seo":null,"breadcrumb_settings":null,"limit_modified_date":false,"ai":null,"created":"2024-03-06 12:53:47","updated":"2025-10-02 19:41:05","seo_analyzer_scan_date":null,"focus_keyword":null,"additional_keywords":null,"truseo_locale":null},"aioseo_breadcrumb":"<div class=\"aioseo-breadcrumbs\"><span class=\"aioseo-breadcrumb\">\n\t\t\t<a href=\"https:\/\/allasorias.hu\/hirek\" title=\"Home\">Home<\/a>\n\t\t<\/span><span class=\"aioseo-breadcrumb-separator\">&raquo;<\/span><span class=\"aioseo-breadcrumb\">\n\t\t\t<a href=\"https:\/\/allasorias.hu\/hirek\/temak\/munkaeropiac\/\" title=\"Munkaer\u0151piac\">Munkaer\u0151piac<\/a>\n\t\t<\/span><span class=\"aioseo-breadcrumb-separator\">&raquo;<\/span><span class=\"aioseo-breadcrumb\">\n\t\t\tVitatja a HR-es sz\u00fcks\u00e9gess\u00e9g\u00e9t a szakember\n\t\t<\/span><\/div>","aioseo_breadcrumb_json":[{"label":"Home","link":"https:\/\/allasorias.hu\/hirek"},{"label":"Munkaer\u0151piac","link":"https:\/\/allasorias.hu\/hirek\/temak\/munkaeropiac\/"},{"label":"Vitatja a HR-es sz\u00fcks\u00e9gess\u00e9g\u00e9t a szakember","link":"https:\/\/allasorias.hu\/hirek\/vitatja-a-hr-es-szuksegesseget-a-szakember\/"}],"_links":{"self":[{"href":"https:\/\/allasorias.hu\/hirek\/wp-json\/wp\/v2\/posts\/7395","targetHints":{"allow":["GET"]}}],"collection":[{"href":"https:\/\/allasorias.hu\/hirek\/wp-json\/wp\/v2\/posts"}],"about":[{"href":"https:\/\/allasorias.hu\/hirek\/wp-json\/wp\/v2\/types\/post"}],"author":[{"embeddable":true,"href":"https:\/\/allasorias.hu\/hirek\/wp-json\/wp\/v2\/users\/1"}],"replies":[{"embeddable":true,"href":"https:\/\/allasorias.hu\/hirek\/wp-json\/wp\/v2\/comments?post=7395"}],"version-history":[{"count":2,"href":"https:\/\/allasorias.hu\/hirek\/wp-json\/wp\/v2\/posts\/7395\/revisions"}],"predecessor-version":[{"id":7398,"href":"https:\/\/allasorias.hu\/hirek\/wp-json\/wp\/v2\/posts\/7395\/revisions\/7398"}],"wp:featuredmedia":[{"embeddable":true,"href":"https:\/\/allasorias.hu\/hirek\/wp-json\/wp\/v2\/media\/7396"}],"wp:attachment":[{"href":"https:\/\/allasorias.hu\/hirek\/wp-json\/wp\/v2\/media?parent=7395"}],"wp:term":[{"taxonomy":"category","embeddable":true,"href":"https:\/\/allasorias.hu\/hirek\/wp-json\/wp\/v2\/categories?post=7395"},{"taxonomy":"post_tag","embeddable":true,"href":"https:\/\/allasorias.hu\/hirek\/wp-json\/wp\/v2\/tags?post=7395"}],"curies":[{"name":"wp","href":"https:\/\/api.w.org\/{rel}","templated":true}]}}