{"id":7392,"date":"2024-03-05T11:09:05","date_gmt":"2024-03-05T09:09:05","guid":{"rendered":"https:\/\/allasorias.hu\/hirek\/?p=7392"},"modified":"2024-03-05T11:09:14","modified_gmt":"2024-03-05T09:09:14","slug":"pozitiv-egyuttmukodes-a-munkaero-megtartasaert","status":"publish","type":"post","link":"https:\/\/allasorias.hu\/hirek\/pozitiv-egyuttmukodes-a-munkaero-megtartasaert\/","title":{"rendered":"Pozit\u00edv egy\u00fcttm\u0171k\u00f6d\u00e9s a munkaer\u0151 megtart\u00e1s\u00e1\u00e9rt"},"content":{"rendered":"<p><strong>Szerbia, Alb\u00e1nia \u00e9s \u00c9szak-Maced\u00f3nia \u00e1llampolg\u00e1rainak, akik a Nyitott Balk\u00e1n kezdem\u00e9nyez\u00e9s valamelyik orsz\u00e1g\u00e1ban szeretn\u00e9nek elhelyezkedni, rendelkezni\u00fck kell egy azonos\u00edt\u00f3sz\u00e1mmal, amelyre n\u00e9h\u00e1ny l\u00e9p\u00e9sben elektronikusan regisztr\u00e1lhatnak, \u00e9s azzal el is h\u00e1rulnak az adminisztrat\u00edv akad\u00e1lyok, szabadon v\u00e1llalhatnak munk\u00e1t a sz\u00f3ban forg\u00f3 orsz\u00e1gok b\u00e1rmelyik\u00e9ben.<\/strong><\/p>\n<p>A Nyitott Balk\u00e1n orsz\u00e1gai \u2013 Alb\u00e1nia, \u00c9szak-Maced\u00f3nia \u00e9s Szerbia &#8211; k\u00f6z\u00f6tti egys\u00e9ges munkaer\u0151piac m\u00e1rcius 1-t\u0151l hivatalosan is m\u0171k\u00f6dni kezdett. Az \u00e9rintett orsz\u00e1gok \u00e1llampolg\u00e1rai mostant\u00f3l adminisztrat\u00edv akad\u00e1lyok n\u00e9lk\u00fcl munk\u00e1t v\u00e1llalhatnak a t\u00e9rs\u00e9gben, ak\u00e1r id\u00e9nyjelleggel is &#8211; \u00edrja a vg.hu. A k\u00fclf\u00f6ldi befektet\u0151k ugyanis ez \u00e1ltal egys\u00e9ges piaci potenci\u00e1lk\u00e9nt tekinthetnek a t\u00e9rs\u00e9gre. A szerkezeti munkaer\u0151hi\u00e1ny nagy gond mindh\u00e1rom \u00e9rintett orsz\u00e1gban. A munkaer\u0151 adminisztrat\u00edv akad\u00e1lyok n\u00e9lk\u00fcli szabad mozg\u00e1s\u00e1nak ez\u00e9rt sz\u00e1mos el\u0151ny\u00e9re sz\u00e1m\u00edtanak. A Szerbiai Gazdas\u00e1gi Kamara k\u00f6zlem\u00e9nye szerint a mintegy 11 milli\u00f3 lakos szabad munkaer\u0151piaci hozz\u00e1f\u00e9r\u00e9se megakad\u00e1lyozza majd a r\u00e9gi\u00f3b\u00f3l a tov\u00e1bbi agyelsz\u00edv\u00e1st, cs\u00f6kkenti a fiatalok elv\u00e1ndorl\u00e1s\u00e1t.<\/p>\n<p>Forr\u00e1s: <a href=\"https:\/\/www.hrportal.hu\/c\/egysegben-az-ero-igy-enyhiti-a-munkaerohianyt-es-csokkenti-az-agyelszivast-harom-orszag-20240304.html\" target=\"_blank\" rel=\"nofollow noopener noreferrer\">hrportal.hu<\/a><\/p>\n","protected":false},"excerpt":{"rendered":"<p>Szerbia, Alb\u00e1nia \u00e9s \u00c9szak-Maced\u00f3nia \u00e1llampolg\u00e1rainak, akik a Nyitott Balk\u00e1n kezdem\u00e9nyez\u00e9s valamelyik orsz\u00e1g\u00e1ban szeretn\u00e9nek elhelyezkedni, rendelkezni\u00fck kell egy azonos\u00edt\u00f3sz\u00e1mmal, amelyre n\u00e9h\u00e1ny l\u00e9p\u00e9sben elektronikusan regisztr\u00e1lhatnak, \u00e9s azzal el is h\u00e1rulnak az adminisztrat\u00edv akad\u00e1lyok, szabadon v\u00e1llalhatnak munk\u00e1t a sz\u00f3ban forg\u00f3 orsz\u00e1gok b\u00e1rmelyik\u00e9ben. A Nyitott Balk\u00e1n orsz\u00e1gai \u2013 Alb\u00e1nia, \u00c9szak-Maced\u00f3nia \u00e9s Szerbia &#8211; k\u00f6z\u00f6tti egys\u00e9ges munkaer\u0151piac m\u00e1rcius 1-t\u0151l hivatalosan [&hellip;]<\/p>\n","protected":false},"author":1,"featured_media":7393,"comment_status":"closed","ping_status":"closed","sticky":false,"template":"","format":"standard","meta":{"_monsterinsights_skip_tracking":false,"footnotes":""},"categories":[201],"tags":[716],"class_list":["post-7392","post","type-post","status-publish","format-standard","has-post-thumbnail","hentry","category-kulfold","tag-nyitott-balkan-kezdemenyezes"],"aioseo_notices":[],"aioseo_head":"\n\t\t<!-- All in One SEO 5.0.0.1 - aioseo.com -->\n\t<meta name=\"description\" content=\"A Nyitott Balk\u00e1n orsz\u00e1gai \u2013 Alb\u00e1nia, \u00c9szak-Maced\u00f3nia \u00e9s Szerbia - k\u00f6z\u00f6tti egys\u00e9ges munkaer\u0151piac m\u00e1rcius 1-t\u0151l hivatalosan is m\u0171k\u00f6dni kezdett.\" \/>\n\t<meta name=\"robots\" content=\"max-image-preview:large\" \/>\n\t<meta name=\"author\" content=\"Juh\u00e1sz P\u00e9ter\"\/>\n\t<meta name=\"keywords\" content=\"nyitott balk\u00e1n kezdem\u00e9nyez\u00e9s\" \/>\n\t<link rel=\"canonical\" href=\"https:\/\/allasorias.hu\/hirek\/pozitiv-egyuttmukodes-a-munkaero-megtartasaert\/\" \/>\n\t<meta name=\"generator\" content=\"All in One SEO (AIOSEO) 5.0.0.1\" \/>\n\t\t<meta property=\"og:locale\" content=\"hu_HU\" \/>\n\t\t<meta property=\"og:site_name\" content=\"AllasOrias.hu | H\u00edrek-lapszemle | \u00dczleti h\u00edrek az \u00e1ll\u00e1s \u00e9s a munka vil\u00e1g\u00e1b\u00f3l\" \/>\n\t\t<meta property=\"og:type\" content=\"article\" \/>\n\t\t<meta property=\"og:title\" content=\"Pozit\u00edv egy\u00fcttm\u0171k\u00f6d\u00e9s a munkaer\u0151 megtart\u00e1s\u00e1\u00e9rt |\" \/>\n\t\t<meta property=\"og:description\" content=\"A Nyitott Balk\u00e1n orsz\u00e1gai \u2013 Alb\u00e1nia, \u00c9szak-Maced\u00f3nia \u00e9s Szerbia - k\u00f6z\u00f6tti egys\u00e9ges munkaer\u0151piac m\u00e1rcius 1-t\u0151l hivatalosan is m\u0171k\u00f6dni kezdett.\" \/>\n\t\t<meta property=\"og:url\" content=\"https:\/\/allasorias.hu\/hirek\/pozitiv-egyuttmukodes-a-munkaero-megtartasaert\/\" \/>\n\t\t<meta property=\"og:image\" content=\"https:\/\/allasorias.hu\/hirek\/wp-content\/uploads\/2024\/03\/nyitott-balkan-kezdemenyezes.jpg\" \/>\n\t\t<meta property=\"og:image:secure_url\" content=\"https:\/\/allasorias.hu\/hirek\/wp-content\/uploads\/2024\/03\/nyitott-balkan-kezdemenyezes.jpg\" \/>\n\t\t<meta property=\"og:image:width\" content=\"1024\" \/>\n\t\t<meta property=\"og:image:height\" content=\"682\" \/>\n\t\t<meta property=\"article:published_time\" content=\"2024-03-05T09:09:05+00:00\" \/>\n\t\t<meta property=\"article:modified_time\" content=\"2024-03-05T09:09:14+00:00\" \/>\n\t\t<meta property=\"article:publisher\" content=\"https:\/\/www.facebook.com\/allasorias\" \/>\n\t\t<meta name=\"twitter:card\" content=\"summary_large_image\" \/>\n\t\t<meta name=\"twitter:title\" content=\"Pozit\u00edv egy\u00fcttm\u0171k\u00f6d\u00e9s a munkaer\u0151 megtart\u00e1s\u00e1\u00e9rt |\" \/>\n\t\t<meta name=\"twitter:description\" content=\"A Nyitott Balk\u00e1n orsz\u00e1gai \u2013 Alb\u00e1nia, \u00c9szak-Maced\u00f3nia \u00e9s Szerbia - k\u00f6z\u00f6tti egys\u00e9ges munkaer\u0151piac m\u00e1rcius 1-t\u0151l hivatalosan is m\u0171k\u00f6dni kezdett.\" \/>\n\t\t<meta name=\"twitter:image\" content=\"https:\/\/allasorias.hu\/hirek\/wp-content\/uploads\/2024\/03\/nyitott-balkan-kezdemenyezes.jpg\" \/>\n\t\t<meta name=\"twitter:label1\" content=\"Written by\" \/>\n\t\t<meta name=\"twitter:data1\" content=\"Juh\u00e1sz P\u00e9ter\" \/>\n\t\t<meta name=\"twitter:label2\" content=\"Est. reading time\" \/>\n\t\t<meta name=\"twitter:data2\" content=\"1 minute\" \/>\n\t\t<script type=\"application\/ld+json\" class=\"aioseo-schema\">\n\t\t\t{\"@context\":\"https:\\\/\\\/schema.org\",\"@graph\":[{\"@type\":\"Article\",\"@id\":\"https:\\\/\\\/allasorias.hu\\\/hirek\\\/pozitiv-egyuttmukodes-a-munkaero-megtartasaert\\\/#article\",\"name\":\"Pozit\\u00edv egy\\u00fcttm\\u0171k\\u00f6d\\u00e9s a munkaer\\u0151 megtart\\u00e1s\\u00e1\\u00e9rt |\",\"headline\":\"Pozit\\u00edv egy\\u00fcttm\\u0171k\\u00f6d\\u00e9s a munkaer\\u0151 megtart\\u00e1s\\u00e1\\u00e9rt\",\"author\":{\"@id\":\"https:\\\/\\\/allasorias.hu\\\/hirek\\\/author\\\/admin-allasorias\\\/#author\"},\"publisher\":{\"@id\":\"https:\\\/\\\/allasorias.hu\\\/hirek\\\/#organization\"},\"image\":{\"@type\":\"ImageObject\",\"url\":\"https:\\\/\\\/allasorias.hu\\\/hirek\\\/wp-content\\\/uploads\\\/2024\\\/03\\\/nyitott-balkan-kezdemenyezes.jpg\",\"width\":1024,\"height\":682,\"caption\":\"Pozit\\u00edv egy\\u00fcttm\\u0171k\\u00f6d\\u00e9s a munkaer\\u0151 megtart\\u00e1s\\u00e1\\u00e9rt  - Allasorias.hu\\\/Hirek\"},\"datePublished\":\"2024-03-05T11:09:05+02:00\",\"dateModified\":\"2024-03-05T11:09:14+02:00\",\"inLanguage\":\"hu-HU\",\"mainEntityOfPage\":{\"@id\":\"https:\\\/\\\/allasorias.hu\\\/hirek\\\/pozitiv-egyuttmukodes-a-munkaero-megtartasaert\\\/#webpage\"},\"isPartOf\":{\"@id\":\"https:\\\/\\\/allasorias.hu\\\/hirek\\\/pozitiv-egyuttmukodes-a-munkaero-megtartasaert\\\/#webpage\"},\"articleSection\":\"K\\u00fclf\\u00f6ld, Nyitott Balk\\u00e1n kezdem\\u00e9nyez\\u00e9s\"},{\"@type\":\"BreadcrumbList\",\"@id\":\"https:\\\/\\\/allasorias.hu\\\/hirek\\\/pozitiv-egyuttmukodes-a-munkaero-megtartasaert\\\/#breadcrumblist\",\"itemListElement\":[{\"@type\":\"ListItem\",\"@id\":\"https:\\\/\\\/allasorias.hu\\\/hirek#listItem\",\"position\":1,\"name\":\"Home\",\"item\":\"https:\\\/\\\/allasorias.hu\\\/hirek\",\"nextItem\":{\"@type\":\"ListItem\",\"@id\":\"https:\\\/\\\/allasorias.hu\\\/hirek\\\/temak\\\/kulfold\\\/#listItem\",\"name\":\"K\\u00fclf\\u00f6ld\"}},{\"@type\":\"ListItem\",\"@id\":\"https:\\\/\\\/allasorias.hu\\\/hirek\\\/temak\\\/kulfold\\\/#listItem\",\"position\":2,\"name\":\"K\\u00fclf\\u00f6ld\",\"item\":\"https:\\\/\\\/allasorias.hu\\\/hirek\\\/temak\\\/kulfold\\\/\",\"nextItem\":{\"@type\":\"ListItem\",\"@id\":\"https:\\\/\\\/allasorias.hu\\\/hirek\\\/pozitiv-egyuttmukodes-a-munkaero-megtartasaert\\\/#listItem\",\"name\":\"Pozit\\u00edv egy\\u00fcttm\\u0171k\\u00f6d\\u00e9s a munkaer\\u0151 megtart\\u00e1s\\u00e1\\u00e9rt\"},\"previousItem\":{\"@type\":\"ListItem\",\"@id\":\"https:\\\/\\\/allasorias.hu\\\/hirek#listItem\",\"name\":\"Home\"}},{\"@type\":\"ListItem\",\"@id\":\"https:\\\/\\\/allasorias.hu\\\/hirek\\\/pozitiv-egyuttmukodes-a-munkaero-megtartasaert\\\/#listItem\",\"position\":3,\"name\":\"Pozit\\u00edv egy\\u00fcttm\\u0171k\\u00f6d\\u00e9s a munkaer\\u0151 megtart\\u00e1s\\u00e1\\u00e9rt\",\"previousItem\":{\"@type\":\"ListItem\",\"@id\":\"https:\\\/\\\/allasorias.hu\\\/hirek\\\/temak\\\/kulfold\\\/#listItem\",\"name\":\"K\\u00fclf\\u00f6ld\"}}]},{\"@type\":\"Organization\",\"@id\":\"https:\\\/\\\/allasorias.hu\\\/hirek\\\/#organization\",\"name\":\"AllasOrias.hu | H\\u00edrek-lapszemle\",\"description\":\"\\u00dczleti h\\u00edrek az \\u00e1ll\\u00e1s \\u00e9s a munka vil\\u00e1g\\u00e1b\\u00f3l\",\"url\":\"https:\\\/\\\/allasorias.hu\\\/hirek\\\/\",\"logo\":{\"@type\":\"ImageObject\",\"url\":\"https:\\\/\\\/allasorias.hu\\\/hirek\\\/wp-content\\\/uploads\\\/2022\\\/10\\\/allasorias_site_facebok_logo.png\",\"@id\":\"https:\\\/\\\/allasorias.hu\\\/hirek\\\/pozitiv-egyuttmukodes-a-munkaero-megtartasaert\\\/#organizationLogo\"},\"image\":{\"@id\":\"https:\\\/\\\/allasorias.hu\\\/hirek\\\/pozitiv-egyuttmukodes-a-munkaero-megtartasaert\\\/#organizationLogo\"},\"sameAs\":[\"https:\\\/\\\/www.facebook.com\\\/allasorias\",\"https:\\\/\\\/www.linkedin.com\\\/company\\\/allasorias\"]},{\"@type\":\"Person\",\"@id\":\"https:\\\/\\\/allasorias.hu\\\/hirek\\\/author\\\/admin-allasorias\\\/#author\",\"url\":\"https:\\\/\\\/allasorias.hu\\\/hirek\\\/author\\\/admin-allasorias\\\/\",\"name\":\"Juh\\u00e1sz P\\u00e9ter\",\"image\":{\"@type\":\"ImageObject\",\"@id\":\"https:\\\/\\\/allasorias.hu\\\/hirek\\\/pozitiv-egyuttmukodes-a-munkaero-megtartasaert\\\/#authorImage\",\"url\":\"https:\\\/\\\/secure.gravatar.com\\\/avatar\\\/36e6bcb83148978b992977cb0f54d22feb0cce8a0a849a9410532bb2623ba4c6?s=96&d=mm&r=g\",\"width\":96,\"height\":96,\"caption\":\"Juh\\u00e1sz P\\u00e9ter\"}},{\"@type\":\"WebPage\",\"@id\":\"https:\\\/\\\/allasorias.hu\\\/hirek\\\/pozitiv-egyuttmukodes-a-munkaero-megtartasaert\\\/#webpage\",\"url\":\"https:\\\/\\\/allasorias.hu\\\/hirek\\\/pozitiv-egyuttmukodes-a-munkaero-megtartasaert\\\/\",\"name\":\"Pozit\\u00edv egy\\u00fcttm\\u0171k\\u00f6d\\u00e9s a munkaer\\u0151 megtart\\u00e1s\\u00e1\\u00e9rt |\",\"description\":\"A Nyitott Balk\\u00e1n orsz\\u00e1gai \\u2013 Alb\\u00e1nia, \\u00c9szak-Maced\\u00f3nia \\u00e9s Szerbia - k\\u00f6z\\u00f6tti egys\\u00e9ges munkaer\\u0151piac m\\u00e1rcius 1-t\\u0151l hivatalosan is m\\u0171k\\u00f6dni kezdett.\",\"inLanguage\":\"hu-HU\",\"isPartOf\":{\"@id\":\"https:\\\/\\\/allasorias.hu\\\/hirek\\\/#website\"},\"breadcrumb\":{\"@id\":\"https:\\\/\\\/allasorias.hu\\\/hirek\\\/pozitiv-egyuttmukodes-a-munkaero-megtartasaert\\\/#breadcrumblist\"},\"author\":{\"@id\":\"https:\\\/\\\/allasorias.hu\\\/hirek\\\/author\\\/admin-allasorias\\\/#author\"},\"creator\":{\"@id\":\"https:\\\/\\\/allasorias.hu\\\/hirek\\\/author\\\/admin-allasorias\\\/#author\"},\"image\":{\"@type\":\"ImageObject\",\"url\":\"https:\\\/\\\/allasorias.hu\\\/hirek\\\/wp-content\\\/uploads\\\/2024\\\/03\\\/nyitott-balkan-kezdemenyezes.jpg\",\"@id\":\"https:\\\/\\\/allasorias.hu\\\/hirek\\\/pozitiv-egyuttmukodes-a-munkaero-megtartasaert\\\/#mainImage\",\"width\":1024,\"height\":682,\"caption\":\"Pozit\\u00edv egy\\u00fcttm\\u0171k\\u00f6d\\u00e9s a munkaer\\u0151 megtart\\u00e1s\\u00e1\\u00e9rt  - Allasorias.hu\\\/Hirek\"},\"primaryImageOfPage\":{\"@id\":\"https:\\\/\\\/allasorias.hu\\\/hirek\\\/pozitiv-egyuttmukodes-a-munkaero-megtartasaert\\\/#mainImage\"},\"datePublished\":\"2024-03-05T11:09:05+02:00\",\"dateModified\":\"2024-03-05T11:09:14+02:00\"},{\"@type\":\"WebSite\",\"@id\":\"https:\\\/\\\/allasorias.hu\\\/hirek\\\/#website\",\"url\":\"https:\\\/\\\/allasorias.hu\\\/hirek\\\/\",\"name\":\"AllasOrias.hu | H\\u00edrek-lapszemle\",\"description\":\"\\u00dczleti h\\u00edrek az \\u00e1ll\\u00e1s \\u00e9s a munka vil\\u00e1g\\u00e1b\\u00f3l\",\"inLanguage\":\"hu-HU\",\"publisher\":{\"@id\":\"https:\\\/\\\/allasorias.hu\\\/hirek\\\/#organization\"}}]}\n\t\t<\/script>\n\t\t<!-- All in One SEO -->\n\n","aioseo_head_json":{"title":"Pozit\u00edv egy\u00fcttm\u0171k\u00f6d\u00e9s a munkaer\u0151 megtart\u00e1s\u00e1\u00e9rt |","description":"A Nyitott Balk\u00e1n orsz\u00e1gai \u2013 Alb\u00e1nia, \u00c9szak-Maced\u00f3nia \u00e9s Szerbia - k\u00f6z\u00f6tti egys\u00e9ges munkaer\u0151piac m\u00e1rcius 1-t\u0151l hivatalosan is m\u0171k\u00f6dni kezdett.","canonical_url":"https:\/\/allasorias.hu\/hirek\/pozitiv-egyuttmukodes-a-munkaero-megtartasaert\/","robots":"max-image-preview:large","keywords":"nyitott balk\u00e1n kezdem\u00e9nyez\u00e9s","webmasterTools":{"miscellaneous":""},"schema":{"@context":"https:\/\/schema.org","@graph":[{"@type":"Article","@id":"https:\/\/allasorias.hu\/hirek\/pozitiv-egyuttmukodes-a-munkaero-megtartasaert\/#article","name":"Pozit\u00edv egy\u00fcttm\u0171k\u00f6d\u00e9s a munkaer\u0151 megtart\u00e1s\u00e1\u00e9rt |","headline":"Pozit\u00edv egy\u00fcttm\u0171k\u00f6d\u00e9s a munkaer\u0151 megtart\u00e1s\u00e1\u00e9rt","author":{"@id":"https:\/\/allasorias.hu\/hirek\/author\/admin-allasorias\/#author"},"publisher":{"@id":"https:\/\/allasorias.hu\/hirek\/#organization"},"image":{"@type":"ImageObject","url":"https:\/\/allasorias.hu\/hirek\/wp-content\/uploads\/2024\/03\/nyitott-balkan-kezdemenyezes.jpg","width":1024,"height":682,"caption":"Pozit\u00edv egy\u00fcttm\u0171k\u00f6d\u00e9s a munkaer\u0151 megtart\u00e1s\u00e1\u00e9rt  - Allasorias.hu\/Hirek"},"datePublished":"2024-03-05T11:09:05+02:00","dateModified":"2024-03-05T11:09:14+02:00","inLanguage":"hu-HU","mainEntityOfPage":{"@id":"https:\/\/allasorias.hu\/hirek\/pozitiv-egyuttmukodes-a-munkaero-megtartasaert\/#webpage"},"isPartOf":{"@id":"https:\/\/allasorias.hu\/hirek\/pozitiv-egyuttmukodes-a-munkaero-megtartasaert\/#webpage"},"articleSection":"K\u00fclf\u00f6ld, Nyitott Balk\u00e1n kezdem\u00e9nyez\u00e9s"},{"@type":"BreadcrumbList","@id":"https:\/\/allasorias.hu\/hirek\/pozitiv-egyuttmukodes-a-munkaero-megtartasaert\/#breadcrumblist","itemListElement":[{"@type":"ListItem","@id":"https:\/\/allasorias.hu\/hirek#listItem","position":1,"name":"Home","item":"https:\/\/allasorias.hu\/hirek","nextItem":{"@type":"ListItem","@id":"https:\/\/allasorias.hu\/hirek\/temak\/kulfold\/#listItem","name":"K\u00fclf\u00f6ld"}},{"@type":"ListItem","@id":"https:\/\/allasorias.hu\/hirek\/temak\/kulfold\/#listItem","position":2,"name":"K\u00fclf\u00f6ld","item":"https:\/\/allasorias.hu\/hirek\/temak\/kulfold\/","nextItem":{"@type":"ListItem","@id":"https:\/\/allasorias.hu\/hirek\/pozitiv-egyuttmukodes-a-munkaero-megtartasaert\/#listItem","name":"Pozit\u00edv egy\u00fcttm\u0171k\u00f6d\u00e9s a munkaer\u0151 megtart\u00e1s\u00e1\u00e9rt"},"previousItem":{"@type":"ListItem","@id":"https:\/\/allasorias.hu\/hirek#listItem","name":"Home"}},{"@type":"ListItem","@id":"https:\/\/allasorias.hu\/hirek\/pozitiv-egyuttmukodes-a-munkaero-megtartasaert\/#listItem","position":3,"name":"Pozit\u00edv egy\u00fcttm\u0171k\u00f6d\u00e9s a munkaer\u0151 megtart\u00e1s\u00e1\u00e9rt","previousItem":{"@type":"ListItem","@id":"https:\/\/allasorias.hu\/hirek\/temak\/kulfold\/#listItem","name":"K\u00fclf\u00f6ld"}}]},{"@type":"Organization","@id":"https:\/\/allasorias.hu\/hirek\/#organization","name":"AllasOrias.hu | H\u00edrek-lapszemle","description":"\u00dczleti h\u00edrek az \u00e1ll\u00e1s \u00e9s a munka vil\u00e1g\u00e1b\u00f3l","url":"https:\/\/allasorias.hu\/hirek\/","logo":{"@type":"ImageObject","url":"https:\/\/allasorias.hu\/hirek\/wp-content\/uploads\/2022\/10\/allasorias_site_facebok_logo.png","@id":"https:\/\/allasorias.hu\/hirek\/pozitiv-egyuttmukodes-a-munkaero-megtartasaert\/#organizationLogo"},"image":{"@id":"https:\/\/allasorias.hu\/hirek\/pozitiv-egyuttmukodes-a-munkaero-megtartasaert\/#organizationLogo"},"sameAs":["https:\/\/www.facebook.com\/allasorias","https:\/\/www.linkedin.com\/company\/allasorias"]},{"@type":"Person","@id":"https:\/\/allasorias.hu\/hirek\/author\/admin-allasorias\/#author","url":"https:\/\/allasorias.hu\/hirek\/author\/admin-allasorias\/","name":"Juh\u00e1sz P\u00e9ter","image":{"@type":"ImageObject","@id":"https:\/\/allasorias.hu\/hirek\/pozitiv-egyuttmukodes-a-munkaero-megtartasaert\/#authorImage","url":"https:\/\/secure.gravatar.com\/avatar\/36e6bcb83148978b992977cb0f54d22feb0cce8a0a849a9410532bb2623ba4c6?s=96&d=mm&r=g","width":96,"height":96,"caption":"Juh\u00e1sz P\u00e9ter"}},{"@type":"WebPage","@id":"https:\/\/allasorias.hu\/hirek\/pozitiv-egyuttmukodes-a-munkaero-megtartasaert\/#webpage","url":"https:\/\/allasorias.hu\/hirek\/pozitiv-egyuttmukodes-a-munkaero-megtartasaert\/","name":"Pozit\u00edv egy\u00fcttm\u0171k\u00f6d\u00e9s a munkaer\u0151 megtart\u00e1s\u00e1\u00e9rt |","description":"A Nyitott Balk\u00e1n orsz\u00e1gai \u2013 Alb\u00e1nia, \u00c9szak-Maced\u00f3nia \u00e9s Szerbia - k\u00f6z\u00f6tti egys\u00e9ges munkaer\u0151piac m\u00e1rcius 1-t\u0151l hivatalosan is m\u0171k\u00f6dni kezdett.","inLanguage":"hu-HU","isPartOf":{"@id":"https:\/\/allasorias.hu\/hirek\/#website"},"breadcrumb":{"@id":"https:\/\/allasorias.hu\/hirek\/pozitiv-egyuttmukodes-a-munkaero-megtartasaert\/#breadcrumblist"},"author":{"@id":"https:\/\/allasorias.hu\/hirek\/author\/admin-allasorias\/#author"},"creator":{"@id":"https:\/\/allasorias.hu\/hirek\/author\/admin-allasorias\/#author"},"image":{"@type":"ImageObject","url":"https:\/\/allasorias.hu\/hirek\/wp-content\/uploads\/2024\/03\/nyitott-balkan-kezdemenyezes.jpg","@id":"https:\/\/allasorias.hu\/hirek\/pozitiv-egyuttmukodes-a-munkaero-megtartasaert\/#mainImage","width":1024,"height":682,"caption":"Pozit\u00edv egy\u00fcttm\u0171k\u00f6d\u00e9s a munkaer\u0151 megtart\u00e1s\u00e1\u00e9rt  - Allasorias.hu\/Hirek"},"primaryImageOfPage":{"@id":"https:\/\/allasorias.hu\/hirek\/pozitiv-egyuttmukodes-a-munkaero-megtartasaert\/#mainImage"},"datePublished":"2024-03-05T11:09:05+02:00","dateModified":"2024-03-05T11:09:14+02:00"},{"@type":"WebSite","@id":"https:\/\/allasorias.hu\/hirek\/#website","url":"https:\/\/allasorias.hu\/hirek\/","name":"AllasOrias.hu | H\u00edrek-lapszemle","description":"\u00dczleti h\u00edrek az \u00e1ll\u00e1s \u00e9s a munka vil\u00e1g\u00e1b\u00f3l","inLanguage":"hu-HU","publisher":{"@id":"https:\/\/allasorias.hu\/hirek\/#organization"}}]},"og:locale":"hu_HU","og:site_name":"AllasOrias.hu | H\u00edrek-lapszemle | \u00dczleti h\u00edrek az \u00e1ll\u00e1s \u00e9s a munka vil\u00e1g\u00e1b\u00f3l","og:type":"article","og:title":"Pozit\u00edv egy\u00fcttm\u0171k\u00f6d\u00e9s a munkaer\u0151 megtart\u00e1s\u00e1\u00e9rt |","og:description":"A Nyitott Balk\u00e1n orsz\u00e1gai \u2013 Alb\u00e1nia, \u00c9szak-Maced\u00f3nia \u00e9s Szerbia - k\u00f6z\u00f6tti egys\u00e9ges munkaer\u0151piac m\u00e1rcius 1-t\u0151l hivatalosan is m\u0171k\u00f6dni kezdett.","og:url":"https:\/\/allasorias.hu\/hirek\/pozitiv-egyuttmukodes-a-munkaero-megtartasaert\/","og:image":"https:\/\/allasorias.hu\/hirek\/wp-content\/uploads\/2024\/03\/nyitott-balkan-kezdemenyezes.jpg","og:image:secure_url":"https:\/\/allasorias.hu\/hirek\/wp-content\/uploads\/2024\/03\/nyitott-balkan-kezdemenyezes.jpg","og:image:width":1024,"og:image:height":682,"article:published_time":"2024-03-05T09:09:05+00:00","article:modified_time":"2024-03-05T09:09:14+00:00","article:publisher":"https:\/\/www.facebook.com\/allasorias","twitter:card":"summary_large_image","twitter:title":"Pozit\u00edv egy\u00fcttm\u0171k\u00f6d\u00e9s a munkaer\u0151 megtart\u00e1s\u00e1\u00e9rt |","twitter:description":"A Nyitott Balk\u00e1n orsz\u00e1gai \u2013 Alb\u00e1nia, \u00c9szak-Maced\u00f3nia \u00e9s Szerbia - k\u00f6z\u00f6tti egys\u00e9ges munkaer\u0151piac m\u00e1rcius 1-t\u0151l hivatalosan is m\u0171k\u00f6dni kezdett.","twitter:image":"https:\/\/allasorias.hu\/hirek\/wp-content\/uploads\/2024\/03\/nyitott-balkan-kezdemenyezes.jpg","twitter:label1":"Written by","twitter:data1":"Juh\u00e1sz P\u00e9ter","twitter:label2":"Est. reading time","twitter:data2":"1 minute"},"aioseo_meta_data":{"post_id":"7392","title":"#post_title |","description":"A Nyitott Balk\u00e1n orsz\u00e1gai \u2013 Alb\u00e1nia, \u00c9szak-Maced\u00f3nia \u00e9s Szerbia - k\u00f6z\u00f6tti egys\u00e9ges munkaer\u0151piac m\u00e1rcius 1-t\u0151l hivatalosan is m\u0171k\u00f6dni kezdett.","keywords":[],"keyphrases":{"focus":{"keyphrase":"","score":0,"analysis":{"keyphraseInTitle":{"score":0,"maxScore":9,"error":1}}},"additional":[]},"primary_term":null,"canonical_url":null,"og_title":null,"og_description":null,"og_object_type":"default","og_image_type":"default","og_image_url":null,"og_image_width":null,"og_image_height":null,"og_image_custom_url":null,"og_image_custom_fields":null,"og_video":"","og_custom_url":null,"og_article_section":null,"og_article_tags":[],"twitter_use_og":true,"twitter_card":"default","twitter_image_type":"default","twitter_image_url":null,"twitter_image_custom_url":null,"twitter_image_custom_fields":null,"twitter_title":null,"twitter_description":null,"schema":{"blockGraphs":[],"customGraphs":[],"default":{"data":{"Article":[],"Course":[],"Dataset":[],"FAQPage":[],"Movie":[],"Person":[],"Product":[],"ProductReview":[],"Car":[],"Recipe":[],"Service":[],"SoftwareApplication":[],"WebPage":[]},"graphName":"Article","isEnabled":true},"graphs":[]},"schema_type":"default","schema_type_options":null,"pillar_content":false,"robots_default":true,"robots_noindex":false,"robots_noarchive":false,"robots_nosnippet":false,"robots_nofollow":false,"robots_noimageindex":false,"robots_noodp":false,"robots_notranslate":false,"robots_max_snippet":"-1","robots_max_videopreview":"-1","robots_max_imagepreview":"large","priority":null,"frequency":"default","location":null,"local_seo":null,"breadcrumb_settings":null,"limit_modified_date":false,"ai":null,"created":"2024-03-05 08:52:02","updated":"2025-10-02 19:41:05","seo_analyzer_scan_date":null,"focus_keyword":null,"additional_keywords":null,"truseo_locale":null},"aioseo_breadcrumb":"<div class=\"aioseo-breadcrumbs\"><span class=\"aioseo-breadcrumb\">\n\t\t\t<a href=\"https:\/\/allasorias.hu\/hirek\" title=\"Home\">Home<\/a>\n\t\t<\/span><span class=\"aioseo-breadcrumb-separator\">&raquo;<\/span><span class=\"aioseo-breadcrumb\">\n\t\t\t<a href=\"https:\/\/allasorias.hu\/hirek\/temak\/kulfold\/\" title=\"K\u00fclf\u00f6ld\">K\u00fclf\u00f6ld<\/a>\n\t\t<\/span><span class=\"aioseo-breadcrumb-separator\">&raquo;<\/span><span class=\"aioseo-breadcrumb\">\n\t\t\tPozit\u00edv egy\u00fcttm\u0171k\u00f6d\u00e9s a munkaer\u0151 megtart\u00e1s\u00e1\u00e9rt\n\t\t<\/span><\/div>","aioseo_breadcrumb_json":[{"label":"Home","link":"https:\/\/allasorias.hu\/hirek"},{"label":"K\u00fclf\u00f6ld","link":"https:\/\/allasorias.hu\/hirek\/temak\/kulfold\/"},{"label":"Pozit\u00edv egy\u00fcttm\u0171k\u00f6d\u00e9s a munkaer\u0151 megtart\u00e1s\u00e1\u00e9rt","link":"https:\/\/allasorias.hu\/hirek\/pozitiv-egyuttmukodes-a-munkaero-megtartasaert\/"}],"_links":{"self":[{"href":"https:\/\/allasorias.hu\/hirek\/wp-json\/wp\/v2\/posts\/7392","targetHints":{"allow":["GET"]}}],"collection":[{"href":"https:\/\/allasorias.hu\/hirek\/wp-json\/wp\/v2\/posts"}],"about":[{"href":"https:\/\/allasorias.hu\/hirek\/wp-json\/wp\/v2\/types\/post"}],"author":[{"embeddable":true,"href":"https:\/\/allasorias.hu\/hirek\/wp-json\/wp\/v2\/users\/1"}],"replies":[{"embeddable":true,"href":"https:\/\/allasorias.hu\/hirek\/wp-json\/wp\/v2\/comments?post=7392"}],"version-history":[{"count":1,"href":"https:\/\/allasorias.hu\/hirek\/wp-json\/wp\/v2\/posts\/7392\/revisions"}],"predecessor-version":[{"id":7394,"href":"https:\/\/allasorias.hu\/hirek\/wp-json\/wp\/v2\/posts\/7392\/revisions\/7394"}],"wp:featuredmedia":[{"embeddable":true,"href":"https:\/\/allasorias.hu\/hirek\/wp-json\/wp\/v2\/media\/7393"}],"wp:attachment":[{"href":"https:\/\/allasorias.hu\/hirek\/wp-json\/wp\/v2\/media?parent=7392"}],"wp:term":[{"taxonomy":"category","embeddable":true,"href":"https:\/\/allasorias.hu\/hirek\/wp-json\/wp\/v2\/categories?post=7392"},{"taxonomy":"post_tag","embeddable":true,"href":"https:\/\/allasorias.hu\/hirek\/wp-json\/wp\/v2\/tags?post=7392"}],"curies":[{"name":"wp","href":"https:\/\/api.w.org\/{rel}","templated":true}]}}