{"id":7388,"date":"2024-03-04T12:51:29","date_gmt":"2024-03-04T10:51:29","guid":{"rendered":"https:\/\/allasorias.hu\/hirek\/?p=7388"},"modified":"2025-05-13T13:16:08","modified_gmt":"2025-05-13T11:16:08","slug":"nemileg-derulatobbak-a-fiatalok-az-elhelyezkedesuket-illetoen","status":"publish","type":"post","link":"https:\/\/allasorias.hu\/hirek\/nemileg-derulatobbak-a-fiatalok-az-elhelyezkedesuket-illetoen\/","title":{"rendered":"N\u00e9mileg der\u0171l\u00e1t\u00f3bbak a fiatalok az elhelyezked\u00e9s\u00fcket illet\u0151en"},"content":{"rendered":"<p><strong>Valamelyest javult a fiatalok bizalmi indexe a j\u00f6v\u0151j\u00fcket illet\u0151en, de m\u00e9g mindig sokan bor\u00fal\u00e1t\u00f3ak.<\/strong><\/p>\n<p>A nappali tagozaton tanul\u00f3 egyetemist\u00e1k 42 sz\u00e1zal\u00e9ka gondolja azt, hogy ink\u00e1bb k\u00f6nnyen vagy nagyon k\u00f6nnyen fog \u00e1ll\u00e1st tal\u00e1lni, miut\u00e1n befejezte a tanulm\u00e1nyait. T\u00edz \u00e9vvel ezel\u0151tt valamivel pesszimist\u00e1bbak voltak a v\u00e1laszad\u00f3k, mint az elm\u00falt \u00e9vekben: akkor 30 \u00e9s 40 sz\u00e1zal\u00e9k k\u00f6z\u00f6tt alakult az optimist\u00e1k ar\u00e1nya, m\u00edg az elm\u00falt \u00e9vekben \u00e1ltal\u00e1ban 40 sz\u00e1zal\u00e9k felett volt. A K&amp;H ifj\u00fas\u00e1gi index\u00e9nek meg\u00e1llap\u00edt\u00e1sa szerint ez az ar\u00e1ny ugyan n\u00e9gy sz\u00e1zal\u00e9kkal jobb az el\u0151z\u0151 negyed\u00e9vi v\u00e1laszokn\u00e1l, \u00e1m hosszabb t\u00e1von vizsg\u00e1lva, egy \u00e1tlagos \u00e9rt\u00e9k \u2013 jegyzi meg az Economx.<\/p>\n<p>Voltak negyed\u00e9vek, amikor az \u00e9rintettek k\u00f6r\u00fclbel\u00fcl fele, 48-50 sz\u00e1zal\u00e9ka volt ezen a v\u00e9lem\u00e9nyen: 2020 \u00e9s 2022 elej\u00e9n m\u00e9g az 50 sz\u00e1zal\u00e9kot is el\u00e9rte a bizakod\u00f3k ar\u00e1nya. <a href=\"https:\/\/allasorias.hu\/hirek\/tanulas-es-munka-egyutt\/\">K\u00fclf\u00f6ldi munkav\u00e9gz\u00e9st a di\u00e1kok 45 sz\u00e1zal\u00e9ka tervezett<\/a> komolyabban 2023 utols\u00f3 negyed\u00e9v\u00e9ben. 2012 v\u00e9g\u00e9n volt jellemz\u0151 a legnagyobb kiv\u00e1ndorl\u00e1si kedv, akkor a di\u00e1kok k\u00f6zel 60 sz\u00e1zal\u00e9ka tervezte a k\u00fclf\u00f6ldi munkav\u00e1llal\u00e1st. A felm\u00e9r\u00e9sb\u0151l az is kider\u00fcl, hogy a fiatalok k\u00f6zel 60 sz\u00e1zal\u00e9k\u00e1t \u00e9rdekli, amit tanul. Ez n\u00e9mi visszaes\u00e9s ahhoz k\u00e9pest, hogy erre a k\u00e9rd\u00e9sre kor\u00e1bban hagyom\u00e1nyosan 70 sz\u00e1zal\u00e9kos ar\u00e1ny szokott \u00e9rkezni.<\/p>\n<p>Forr\u00e1s: <a href=\"https:\/\/hirklikk.hu\/kozelet\/borulatok-a-fiatalok-a-jovobeli-a-munkaeropiaci-lehetosegeikkel-kapcsolatban\/428902\" target=\"_blank\" rel=\"nofollow noopener noreferrer\">hirklikk.hu<\/a><\/p>\n","protected":false},"excerpt":{"rendered":"<p>Valamelyest javult a fiatalok bizalmi indexe a j\u00f6v\u0151j\u00fcket illet\u0151en, de m\u00e9g mindig sokan bor\u00fal\u00e1t\u00f3ak. A nappali tagozaton tanul\u00f3 egyetemist\u00e1k 42 sz\u00e1zal\u00e9ka gondolja azt, hogy ink\u00e1bb k\u00f6nnyen vagy nagyon k\u00f6nnyen fog \u00e1ll\u00e1st tal\u00e1lni, miut\u00e1n befejezte a tanulm\u00e1nyait. T\u00edz \u00e9vvel ezel\u0151tt valamivel pesszimist\u00e1bbak voltak a v\u00e1laszad\u00f3k, mint az elm\u00falt \u00e9vekben: akkor 30 \u00e9s 40 sz\u00e1zal\u00e9k k\u00f6z\u00f6tt alakult [&hellip;]<\/p>\n","protected":false},"author":1,"featured_media":7389,"comment_status":"closed","ping_status":"closed","sticky":false,"template":"","format":"standard","meta":{"_monsterinsights_skip_tracking":false,"footnotes":""},"categories":[200],"tags":[],"class_list":["post-7388","post","type-post","status-publish","format-standard","has-post-thumbnail","hentry","category-munkaeropiac"],"aioseo_notices":[],"aioseo_head":"\n\t\t<!-- All in One SEO 5.0.0.1 - aioseo.com -->\n\t<meta name=\"description\" content=\"A nappali tagozaton tanul\u00f3 egyetemist\u00e1k 42 sz\u00e1zal\u00e9ka gondolja azt, hogy ink\u00e1bb k\u00f6nnyen vagy nagyon k\u00f6nnyen fog \u00e1ll\u00e1st tal\u00e1lni, miut\u00e1n befejezte a tanulm\u00e1nyait.\" \/>\n\t<meta name=\"robots\" content=\"max-image-preview:large\" \/>\n\t<meta name=\"author\" content=\"Juh\u00e1sz P\u00e9ter\"\/>\n\t<link rel=\"canonical\" href=\"https:\/\/allasorias.hu\/hirek\/nemileg-derulatobbak-a-fiatalok-az-elhelyezkedesuket-illetoen\/\" \/>\n\t<meta name=\"generator\" content=\"All in One SEO (AIOSEO) 5.0.0.1\" \/>\n\t\t<meta property=\"og:locale\" content=\"hu_HU\" \/>\n\t\t<meta property=\"og:site_name\" content=\"AllasOrias.hu | H\u00edrek-lapszemle | \u00dczleti h\u00edrek az \u00e1ll\u00e1s \u00e9s a munka vil\u00e1g\u00e1b\u00f3l\" \/>\n\t\t<meta property=\"og:type\" content=\"article\" \/>\n\t\t<meta property=\"og:title\" content=\"Der\u0171l\u00e1t\u00f3bbak a fiatalok az \u00e1ll\u00e1skeres\u00e9sn\u00e9l\" \/>\n\t\t<meta property=\"og:description\" content=\"A nappali tagozaton tanul\u00f3 egyetemist\u00e1k 42 sz\u00e1zal\u00e9ka gondolja azt, hogy ink\u00e1bb k\u00f6nnyen vagy nagyon k\u00f6nnyen fog \u00e1ll\u00e1st tal\u00e1lni, miut\u00e1n befejezte a tanulm\u00e1nyait.\" \/>\n\t\t<meta property=\"og:url\" content=\"https:\/\/allasorias.hu\/hirek\/nemileg-derulatobbak-a-fiatalok-az-elhelyezkedesuket-illetoen\/\" \/>\n\t\t<meta property=\"og:image\" content=\"https:\/\/allasorias.hu\/hirek\/wp-content\/uploads\/2024\/03\/egyetemistak-elhelyezkedese.jpg\" \/>\n\t\t<meta property=\"og:image:secure_url\" content=\"https:\/\/allasorias.hu\/hirek\/wp-content\/uploads\/2024\/03\/egyetemistak-elhelyezkedese.jpg\" \/>\n\t\t<meta property=\"og:image:width\" content=\"1280\" \/>\n\t\t<meta property=\"og:image:height\" content=\"853\" \/>\n\t\t<meta property=\"article:published_time\" content=\"2024-03-04T10:51:29+00:00\" \/>\n\t\t<meta property=\"article:modified_time\" content=\"2025-05-13T11:16:08+00:00\" \/>\n\t\t<meta property=\"article:publisher\" content=\"https:\/\/www.facebook.com\/allasorias\" \/>\n\t\t<meta name=\"twitter:card\" content=\"summary_large_image\" \/>\n\t\t<meta name=\"twitter:title\" content=\"Der\u0171l\u00e1t\u00f3bbak a fiatalok az \u00e1ll\u00e1skeres\u00e9sn\u00e9l\" \/>\n\t\t<meta name=\"twitter:description\" content=\"A nappali tagozaton tanul\u00f3 egyetemist\u00e1k 42 sz\u00e1zal\u00e9ka gondolja azt, hogy ink\u00e1bb k\u00f6nnyen vagy nagyon k\u00f6nnyen fog \u00e1ll\u00e1st tal\u00e1lni, miut\u00e1n befejezte a tanulm\u00e1nyait.\" \/>\n\t\t<meta name=\"twitter:image\" content=\"https:\/\/allasorias.hu\/hirek\/wp-content\/uploads\/2024\/03\/egyetemistak-elhelyezkedese.jpg\" \/>\n\t\t<meta name=\"twitter:label1\" content=\"Written by\" \/>\n\t\t<meta name=\"twitter:data1\" content=\"Juh\u00e1sz P\u00e9ter\" \/>\n\t\t<meta name=\"twitter:label2\" content=\"Est. reading time\" \/>\n\t\t<meta name=\"twitter:data2\" content=\"1 minute\" \/>\n\t\t<script type=\"application\/ld+json\" class=\"aioseo-schema\">\n\t\t\t{\"@context\":\"https:\\\/\\\/schema.org\",\"@graph\":[{\"@type\":\"Article\",\"@id\":\"https:\\\/\\\/allasorias.hu\\\/hirek\\\/nemileg-derulatobbak-a-fiatalok-az-elhelyezkedesuket-illetoen\\\/#article\",\"name\":\"Der\\u0171l\\u00e1t\\u00f3bbak a fiatalok az \\u00e1ll\\u00e1skeres\\u00e9sn\\u00e9l\",\"headline\":\"N\\u00e9mileg der\\u0171l\\u00e1t\\u00f3bbak a fiatalok az elhelyezked\\u00e9s\\u00fcket illet\\u0151en\",\"author\":{\"@id\":\"https:\\\/\\\/allasorias.hu\\\/hirek\\\/author\\\/admin-allasorias\\\/#author\"},\"publisher\":{\"@id\":\"https:\\\/\\\/allasorias.hu\\\/hirek\\\/#organization\"},\"image\":{\"@type\":\"ImageObject\",\"url\":\"https:\\\/\\\/allasorias.hu\\\/hirek\\\/wp-content\\\/uploads\\\/2024\\\/03\\\/egyetemistak-elhelyezkedese.jpg\",\"width\":1280,\"height\":853,\"caption\":\"N\\u00e9mileg der\\u0171l\\u00e1t\\u00f3bbak a fiatalok az elhelyezked\\u00e9s\\u00fcket illet\\u0151en - Allasorias.hu\\\/Hirek\"},\"datePublished\":\"2024-03-04T12:51:29+02:00\",\"dateModified\":\"2025-05-13T13:16:08+02:00\",\"inLanguage\":\"hu-HU\",\"mainEntityOfPage\":{\"@id\":\"https:\\\/\\\/allasorias.hu\\\/hirek\\\/nemileg-derulatobbak-a-fiatalok-az-elhelyezkedesuket-illetoen\\\/#webpage\"},\"isPartOf\":{\"@id\":\"https:\\\/\\\/allasorias.hu\\\/hirek\\\/nemileg-derulatobbak-a-fiatalok-az-elhelyezkedesuket-illetoen\\\/#webpage\"},\"articleSection\":\"Munkaer\\u0151piac\"},{\"@type\":\"BreadcrumbList\",\"@id\":\"https:\\\/\\\/allasorias.hu\\\/hirek\\\/nemileg-derulatobbak-a-fiatalok-az-elhelyezkedesuket-illetoen\\\/#breadcrumblist\",\"itemListElement\":[{\"@type\":\"ListItem\",\"@id\":\"https:\\\/\\\/allasorias.hu\\\/hirek#listItem\",\"position\":1,\"name\":\"Home\",\"item\":\"https:\\\/\\\/allasorias.hu\\\/hirek\",\"nextItem\":{\"@type\":\"ListItem\",\"@id\":\"https:\\\/\\\/allasorias.hu\\\/hirek\\\/temak\\\/munkaeropiac\\\/#listItem\",\"name\":\"Munkaer\\u0151piac\"}},{\"@type\":\"ListItem\",\"@id\":\"https:\\\/\\\/allasorias.hu\\\/hirek\\\/temak\\\/munkaeropiac\\\/#listItem\",\"position\":2,\"name\":\"Munkaer\\u0151piac\",\"item\":\"https:\\\/\\\/allasorias.hu\\\/hirek\\\/temak\\\/munkaeropiac\\\/\",\"nextItem\":{\"@type\":\"ListItem\",\"@id\":\"https:\\\/\\\/allasorias.hu\\\/hirek\\\/nemileg-derulatobbak-a-fiatalok-az-elhelyezkedesuket-illetoen\\\/#listItem\",\"name\":\"N\\u00e9mileg der\\u0171l\\u00e1t\\u00f3bbak a fiatalok az elhelyezked\\u00e9s\\u00fcket illet\\u0151en\"},\"previousItem\":{\"@type\":\"ListItem\",\"@id\":\"https:\\\/\\\/allasorias.hu\\\/hirek#listItem\",\"name\":\"Home\"}},{\"@type\":\"ListItem\",\"@id\":\"https:\\\/\\\/allasorias.hu\\\/hirek\\\/nemileg-derulatobbak-a-fiatalok-az-elhelyezkedesuket-illetoen\\\/#listItem\",\"position\":3,\"name\":\"N\\u00e9mileg der\\u0171l\\u00e1t\\u00f3bbak a fiatalok az elhelyezked\\u00e9s\\u00fcket illet\\u0151en\",\"previousItem\":{\"@type\":\"ListItem\",\"@id\":\"https:\\\/\\\/allasorias.hu\\\/hirek\\\/temak\\\/munkaeropiac\\\/#listItem\",\"name\":\"Munkaer\\u0151piac\"}}]},{\"@type\":\"Organization\",\"@id\":\"https:\\\/\\\/allasorias.hu\\\/hirek\\\/#organization\",\"name\":\"AllasOrias.hu | H\\u00edrek-lapszemle\",\"description\":\"\\u00dczleti h\\u00edrek az \\u00e1ll\\u00e1s \\u00e9s a munka vil\\u00e1g\\u00e1b\\u00f3l\",\"url\":\"https:\\\/\\\/allasorias.hu\\\/hirek\\\/\",\"logo\":{\"@type\":\"ImageObject\",\"url\":\"https:\\\/\\\/allasorias.hu\\\/hirek\\\/wp-content\\\/uploads\\\/2022\\\/10\\\/allasorias_site_facebok_logo.png\",\"@id\":\"https:\\\/\\\/allasorias.hu\\\/hirek\\\/nemileg-derulatobbak-a-fiatalok-az-elhelyezkedesuket-illetoen\\\/#organizationLogo\"},\"image\":{\"@id\":\"https:\\\/\\\/allasorias.hu\\\/hirek\\\/nemileg-derulatobbak-a-fiatalok-az-elhelyezkedesuket-illetoen\\\/#organizationLogo\"},\"sameAs\":[\"https:\\\/\\\/www.facebook.com\\\/allasorias\",\"https:\\\/\\\/www.linkedin.com\\\/company\\\/allasorias\"]},{\"@type\":\"Person\",\"@id\":\"https:\\\/\\\/allasorias.hu\\\/hirek\\\/author\\\/admin-allasorias\\\/#author\",\"url\":\"https:\\\/\\\/allasorias.hu\\\/hirek\\\/author\\\/admin-allasorias\\\/\",\"name\":\"Juh\\u00e1sz P\\u00e9ter\",\"image\":{\"@type\":\"ImageObject\",\"@id\":\"https:\\\/\\\/allasorias.hu\\\/hirek\\\/nemileg-derulatobbak-a-fiatalok-az-elhelyezkedesuket-illetoen\\\/#authorImage\",\"url\":\"https:\\\/\\\/secure.gravatar.com\\\/avatar\\\/36e6bcb83148978b992977cb0f54d22feb0cce8a0a849a9410532bb2623ba4c6?s=96&d=mm&r=g\",\"width\":96,\"height\":96,\"caption\":\"Juh\\u00e1sz P\\u00e9ter\"}},{\"@type\":\"WebPage\",\"@id\":\"https:\\\/\\\/allasorias.hu\\\/hirek\\\/nemileg-derulatobbak-a-fiatalok-az-elhelyezkedesuket-illetoen\\\/#webpage\",\"url\":\"https:\\\/\\\/allasorias.hu\\\/hirek\\\/nemileg-derulatobbak-a-fiatalok-az-elhelyezkedesuket-illetoen\\\/\",\"name\":\"Der\\u0171l\\u00e1t\\u00f3bbak a fiatalok az \\u00e1ll\\u00e1skeres\\u00e9sn\\u00e9l\",\"description\":\"A nappali tagozaton tanul\\u00f3 egyetemist\\u00e1k 42 sz\\u00e1zal\\u00e9ka gondolja azt, hogy ink\\u00e1bb k\\u00f6nnyen vagy nagyon k\\u00f6nnyen fog \\u00e1ll\\u00e1st tal\\u00e1lni, miut\\u00e1n befejezte a tanulm\\u00e1nyait.\",\"inLanguage\":\"hu-HU\",\"isPartOf\":{\"@id\":\"https:\\\/\\\/allasorias.hu\\\/hirek\\\/#website\"},\"breadcrumb\":{\"@id\":\"https:\\\/\\\/allasorias.hu\\\/hirek\\\/nemileg-derulatobbak-a-fiatalok-az-elhelyezkedesuket-illetoen\\\/#breadcrumblist\"},\"author\":{\"@id\":\"https:\\\/\\\/allasorias.hu\\\/hirek\\\/author\\\/admin-allasorias\\\/#author\"},\"creator\":{\"@id\":\"https:\\\/\\\/allasorias.hu\\\/hirek\\\/author\\\/admin-allasorias\\\/#author\"},\"image\":{\"@type\":\"ImageObject\",\"url\":\"https:\\\/\\\/allasorias.hu\\\/hirek\\\/wp-content\\\/uploads\\\/2024\\\/03\\\/egyetemistak-elhelyezkedese.jpg\",\"@id\":\"https:\\\/\\\/allasorias.hu\\\/hirek\\\/nemileg-derulatobbak-a-fiatalok-az-elhelyezkedesuket-illetoen\\\/#mainImage\",\"width\":1280,\"height\":853,\"caption\":\"N\\u00e9mileg der\\u0171l\\u00e1t\\u00f3bbak a fiatalok az elhelyezked\\u00e9s\\u00fcket illet\\u0151en - Allasorias.hu\\\/Hirek\"},\"primaryImageOfPage\":{\"@id\":\"https:\\\/\\\/allasorias.hu\\\/hirek\\\/nemileg-derulatobbak-a-fiatalok-az-elhelyezkedesuket-illetoen\\\/#mainImage\"},\"datePublished\":\"2024-03-04T12:51:29+02:00\",\"dateModified\":\"2025-05-13T13:16:08+02:00\"},{\"@type\":\"WebSite\",\"@id\":\"https:\\\/\\\/allasorias.hu\\\/hirek\\\/#website\",\"url\":\"https:\\\/\\\/allasorias.hu\\\/hirek\\\/\",\"name\":\"AllasOrias.hu | H\\u00edrek-lapszemle\",\"description\":\"\\u00dczleti h\\u00edrek az \\u00e1ll\\u00e1s \\u00e9s a munka vil\\u00e1g\\u00e1b\\u00f3l\",\"inLanguage\":\"hu-HU\",\"publisher\":{\"@id\":\"https:\\\/\\\/allasorias.hu\\\/hirek\\\/#organization\"}}]}\n\t\t<\/script>\n\t\t<!-- All in One SEO -->\n\n","aioseo_head_json":{"title":"Der\u0171l\u00e1t\u00f3bbak a fiatalok az \u00e1ll\u00e1skeres\u00e9sn\u00e9l","description":"A nappali tagozaton tanul\u00f3 egyetemist\u00e1k 42 sz\u00e1zal\u00e9ka gondolja azt, hogy ink\u00e1bb k\u00f6nnyen vagy nagyon k\u00f6nnyen fog \u00e1ll\u00e1st tal\u00e1lni, miut\u00e1n befejezte a tanulm\u00e1nyait.","canonical_url":"https:\/\/allasorias.hu\/hirek\/nemileg-derulatobbak-a-fiatalok-az-elhelyezkedesuket-illetoen\/","robots":"max-image-preview:large","keywords":"","webmasterTools":{"miscellaneous":""},"schema":{"@context":"https:\/\/schema.org","@graph":[{"@type":"Article","@id":"https:\/\/allasorias.hu\/hirek\/nemileg-derulatobbak-a-fiatalok-az-elhelyezkedesuket-illetoen\/#article","name":"Der\u0171l\u00e1t\u00f3bbak a fiatalok az \u00e1ll\u00e1skeres\u00e9sn\u00e9l","headline":"N\u00e9mileg der\u0171l\u00e1t\u00f3bbak a fiatalok az elhelyezked\u00e9s\u00fcket illet\u0151en","author":{"@id":"https:\/\/allasorias.hu\/hirek\/author\/admin-allasorias\/#author"},"publisher":{"@id":"https:\/\/allasorias.hu\/hirek\/#organization"},"image":{"@type":"ImageObject","url":"https:\/\/allasorias.hu\/hirek\/wp-content\/uploads\/2024\/03\/egyetemistak-elhelyezkedese.jpg","width":1280,"height":853,"caption":"N\u00e9mileg der\u0171l\u00e1t\u00f3bbak a fiatalok az elhelyezked\u00e9s\u00fcket illet\u0151en - Allasorias.hu\/Hirek"},"datePublished":"2024-03-04T12:51:29+02:00","dateModified":"2025-05-13T13:16:08+02:00","inLanguage":"hu-HU","mainEntityOfPage":{"@id":"https:\/\/allasorias.hu\/hirek\/nemileg-derulatobbak-a-fiatalok-az-elhelyezkedesuket-illetoen\/#webpage"},"isPartOf":{"@id":"https:\/\/allasorias.hu\/hirek\/nemileg-derulatobbak-a-fiatalok-az-elhelyezkedesuket-illetoen\/#webpage"},"articleSection":"Munkaer\u0151piac"},{"@type":"BreadcrumbList","@id":"https:\/\/allasorias.hu\/hirek\/nemileg-derulatobbak-a-fiatalok-az-elhelyezkedesuket-illetoen\/#breadcrumblist","itemListElement":[{"@type":"ListItem","@id":"https:\/\/allasorias.hu\/hirek#listItem","position":1,"name":"Home","item":"https:\/\/allasorias.hu\/hirek","nextItem":{"@type":"ListItem","@id":"https:\/\/allasorias.hu\/hirek\/temak\/munkaeropiac\/#listItem","name":"Munkaer\u0151piac"}},{"@type":"ListItem","@id":"https:\/\/allasorias.hu\/hirek\/temak\/munkaeropiac\/#listItem","position":2,"name":"Munkaer\u0151piac","item":"https:\/\/allasorias.hu\/hirek\/temak\/munkaeropiac\/","nextItem":{"@type":"ListItem","@id":"https:\/\/allasorias.hu\/hirek\/nemileg-derulatobbak-a-fiatalok-az-elhelyezkedesuket-illetoen\/#listItem","name":"N\u00e9mileg der\u0171l\u00e1t\u00f3bbak a fiatalok az elhelyezked\u00e9s\u00fcket illet\u0151en"},"previousItem":{"@type":"ListItem","@id":"https:\/\/allasorias.hu\/hirek#listItem","name":"Home"}},{"@type":"ListItem","@id":"https:\/\/allasorias.hu\/hirek\/nemileg-derulatobbak-a-fiatalok-az-elhelyezkedesuket-illetoen\/#listItem","position":3,"name":"N\u00e9mileg der\u0171l\u00e1t\u00f3bbak a fiatalok az elhelyezked\u00e9s\u00fcket illet\u0151en","previousItem":{"@type":"ListItem","@id":"https:\/\/allasorias.hu\/hirek\/temak\/munkaeropiac\/#listItem","name":"Munkaer\u0151piac"}}]},{"@type":"Organization","@id":"https:\/\/allasorias.hu\/hirek\/#organization","name":"AllasOrias.hu | H\u00edrek-lapszemle","description":"\u00dczleti h\u00edrek az \u00e1ll\u00e1s \u00e9s a munka vil\u00e1g\u00e1b\u00f3l","url":"https:\/\/allasorias.hu\/hirek\/","logo":{"@type":"ImageObject","url":"https:\/\/allasorias.hu\/hirek\/wp-content\/uploads\/2022\/10\/allasorias_site_facebok_logo.png","@id":"https:\/\/allasorias.hu\/hirek\/nemileg-derulatobbak-a-fiatalok-az-elhelyezkedesuket-illetoen\/#organizationLogo"},"image":{"@id":"https:\/\/allasorias.hu\/hirek\/nemileg-derulatobbak-a-fiatalok-az-elhelyezkedesuket-illetoen\/#organizationLogo"},"sameAs":["https:\/\/www.facebook.com\/allasorias","https:\/\/www.linkedin.com\/company\/allasorias"]},{"@type":"Person","@id":"https:\/\/allasorias.hu\/hirek\/author\/admin-allasorias\/#author","url":"https:\/\/allasorias.hu\/hirek\/author\/admin-allasorias\/","name":"Juh\u00e1sz P\u00e9ter","image":{"@type":"ImageObject","@id":"https:\/\/allasorias.hu\/hirek\/nemileg-derulatobbak-a-fiatalok-az-elhelyezkedesuket-illetoen\/#authorImage","url":"https:\/\/secure.gravatar.com\/avatar\/36e6bcb83148978b992977cb0f54d22feb0cce8a0a849a9410532bb2623ba4c6?s=96&d=mm&r=g","width":96,"height":96,"caption":"Juh\u00e1sz P\u00e9ter"}},{"@type":"WebPage","@id":"https:\/\/allasorias.hu\/hirek\/nemileg-derulatobbak-a-fiatalok-az-elhelyezkedesuket-illetoen\/#webpage","url":"https:\/\/allasorias.hu\/hirek\/nemileg-derulatobbak-a-fiatalok-az-elhelyezkedesuket-illetoen\/","name":"Der\u0171l\u00e1t\u00f3bbak a fiatalok az \u00e1ll\u00e1skeres\u00e9sn\u00e9l","description":"A nappali tagozaton tanul\u00f3 egyetemist\u00e1k 42 sz\u00e1zal\u00e9ka gondolja azt, hogy ink\u00e1bb k\u00f6nnyen vagy nagyon k\u00f6nnyen fog \u00e1ll\u00e1st tal\u00e1lni, miut\u00e1n befejezte a tanulm\u00e1nyait.","inLanguage":"hu-HU","isPartOf":{"@id":"https:\/\/allasorias.hu\/hirek\/#website"},"breadcrumb":{"@id":"https:\/\/allasorias.hu\/hirek\/nemileg-derulatobbak-a-fiatalok-az-elhelyezkedesuket-illetoen\/#breadcrumblist"},"author":{"@id":"https:\/\/allasorias.hu\/hirek\/author\/admin-allasorias\/#author"},"creator":{"@id":"https:\/\/allasorias.hu\/hirek\/author\/admin-allasorias\/#author"},"image":{"@type":"ImageObject","url":"https:\/\/allasorias.hu\/hirek\/wp-content\/uploads\/2024\/03\/egyetemistak-elhelyezkedese.jpg","@id":"https:\/\/allasorias.hu\/hirek\/nemileg-derulatobbak-a-fiatalok-az-elhelyezkedesuket-illetoen\/#mainImage","width":1280,"height":853,"caption":"N\u00e9mileg der\u0171l\u00e1t\u00f3bbak a fiatalok az elhelyezked\u00e9s\u00fcket illet\u0151en - Allasorias.hu\/Hirek"},"primaryImageOfPage":{"@id":"https:\/\/allasorias.hu\/hirek\/nemileg-derulatobbak-a-fiatalok-az-elhelyezkedesuket-illetoen\/#mainImage"},"datePublished":"2024-03-04T12:51:29+02:00","dateModified":"2025-05-13T13:16:08+02:00"},{"@type":"WebSite","@id":"https:\/\/allasorias.hu\/hirek\/#website","url":"https:\/\/allasorias.hu\/hirek\/","name":"AllasOrias.hu | H\u00edrek-lapszemle","description":"\u00dczleti h\u00edrek az \u00e1ll\u00e1s \u00e9s a munka vil\u00e1g\u00e1b\u00f3l","inLanguage":"hu-HU","publisher":{"@id":"https:\/\/allasorias.hu\/hirek\/#organization"}}]},"og:locale":"hu_HU","og:site_name":"AllasOrias.hu | H\u00edrek-lapszemle | \u00dczleti h\u00edrek az \u00e1ll\u00e1s \u00e9s a munka vil\u00e1g\u00e1b\u00f3l","og:type":"article","og:title":"Der\u0171l\u00e1t\u00f3bbak a fiatalok az \u00e1ll\u00e1skeres\u00e9sn\u00e9l","og:description":"A nappali tagozaton tanul\u00f3 egyetemist\u00e1k 42 sz\u00e1zal\u00e9ka gondolja azt, hogy ink\u00e1bb k\u00f6nnyen vagy nagyon k\u00f6nnyen fog \u00e1ll\u00e1st tal\u00e1lni, miut\u00e1n befejezte a tanulm\u00e1nyait.","og:url":"https:\/\/allasorias.hu\/hirek\/nemileg-derulatobbak-a-fiatalok-az-elhelyezkedesuket-illetoen\/","og:image":"https:\/\/allasorias.hu\/hirek\/wp-content\/uploads\/2024\/03\/egyetemistak-elhelyezkedese.jpg","og:image:secure_url":"https:\/\/allasorias.hu\/hirek\/wp-content\/uploads\/2024\/03\/egyetemistak-elhelyezkedese.jpg","og:image:width":1280,"og:image:height":853,"article:published_time":"2024-03-04T10:51:29+00:00","article:modified_time":"2025-05-13T11:16:08+00:00","article:publisher":"https:\/\/www.facebook.com\/allasorias","twitter:card":"summary_large_image","twitter:title":"Der\u0171l\u00e1t\u00f3bbak a fiatalok az \u00e1ll\u00e1skeres\u00e9sn\u00e9l","twitter:description":"A nappali tagozaton tanul\u00f3 egyetemist\u00e1k 42 sz\u00e1zal\u00e9ka gondolja azt, hogy ink\u00e1bb k\u00f6nnyen vagy nagyon k\u00f6nnyen fog \u00e1ll\u00e1st tal\u00e1lni, miut\u00e1n befejezte a tanulm\u00e1nyait.","twitter:image":"https:\/\/allasorias.hu\/hirek\/wp-content\/uploads\/2024\/03\/egyetemistak-elhelyezkedese.jpg","twitter:label1":"Written by","twitter:data1":"Juh\u00e1sz P\u00e9ter","twitter:label2":"Est. reading time","twitter:data2":"1 minute"},"aioseo_meta_data":{"post_id":"7388","title":"Der\u0171l\u00e1t\u00f3bbak a fiatalok az \u00e1ll\u00e1skeres\u00e9sn\u00e9l","description":"A nappali tagozaton tanul\u00f3 egyetemist\u00e1k 42 sz\u00e1zal\u00e9ka gondolja azt, hogy ink\u00e1bb k\u00f6nnyen vagy nagyon k\u00f6nnyen fog \u00e1ll\u00e1st tal\u00e1lni, miut\u00e1n befejezte a tanulm\u00e1nyait.","keywords":null,"keyphrases":{"focus":{"keyphrase":"","score":0,"analysis":{"keyphraseInTitle":{"score":0,"maxScore":9,"error":1}}},"additional":[]},"primary_term":null,"canonical_url":null,"og_title":null,"og_description":null,"og_object_type":"default","og_image_type":"default","og_image_url":null,"og_image_width":null,"og_image_height":null,"og_image_custom_url":null,"og_image_custom_fields":null,"og_video":"","og_custom_url":null,"og_article_section":null,"og_article_tags":null,"twitter_use_og":true,"twitter_card":"default","twitter_image_type":"default","twitter_image_url":null,"twitter_image_custom_url":null,"twitter_image_custom_fields":null,"twitter_title":null,"twitter_description":null,"schema":{"blockGraphs":[],"customGraphs":[],"default":{"data":{"Article":[],"Course":[],"Dataset":[],"FAQPage":[],"Movie":[],"Person":[],"Product":[],"ProductReview":[],"Car":[],"Recipe":[],"Service":[],"SoftwareApplication":[],"WebPage":[]},"graphName":"Article","isEnabled":true},"graphs":[]},"schema_type":"default","schema_type_options":null,"pillar_content":false,"robots_default":true,"robots_noindex":false,"robots_noarchive":false,"robots_nosnippet":false,"robots_nofollow":false,"robots_noimageindex":false,"robots_noodp":false,"robots_notranslate":false,"robots_max_snippet":"-1","robots_max_videopreview":"-1","robots_max_imagepreview":"large","priority":null,"frequency":"default","location":null,"local_seo":null,"breadcrumb_settings":null,"limit_modified_date":false,"ai":null,"created":"2024-03-04 10:25:26","updated":"2025-10-02 19:41:05","seo_analyzer_scan_date":null,"focus_keyword":null,"additional_keywords":null,"truseo_locale":null},"aioseo_breadcrumb":"<div class=\"aioseo-breadcrumbs\"><span class=\"aioseo-breadcrumb\">\n\t\t\t<a href=\"https:\/\/allasorias.hu\/hirek\" title=\"Home\">Home<\/a>\n\t\t<\/span><span class=\"aioseo-breadcrumb-separator\">&raquo;<\/span><span class=\"aioseo-breadcrumb\">\n\t\t\t<a href=\"https:\/\/allasorias.hu\/hirek\/temak\/munkaeropiac\/\" title=\"Munkaer\u0151piac\">Munkaer\u0151piac<\/a>\n\t\t<\/span><span class=\"aioseo-breadcrumb-separator\">&raquo;<\/span><span class=\"aioseo-breadcrumb\">\n\t\t\tN\u00e9mileg der\u0171l\u00e1t\u00f3bbak a fiatalok az elhelyezked\u00e9s\u00fcket illet\u0151en\n\t\t<\/span><\/div>","aioseo_breadcrumb_json":[{"label":"Home","link":"https:\/\/allasorias.hu\/hirek"},{"label":"Munkaer\u0151piac","link":"https:\/\/allasorias.hu\/hirek\/temak\/munkaeropiac\/"},{"label":"N\u00e9mileg der\u0171l\u00e1t\u00f3bbak a fiatalok az elhelyezked\u00e9s\u00fcket illet\u0151en","link":"https:\/\/allasorias.hu\/hirek\/nemileg-derulatobbak-a-fiatalok-az-elhelyezkedesuket-illetoen\/"}],"_links":{"self":[{"href":"https:\/\/allasorias.hu\/hirek\/wp-json\/wp\/v2\/posts\/7388","targetHints":{"allow":["GET"]}}],"collection":[{"href":"https:\/\/allasorias.hu\/hirek\/wp-json\/wp\/v2\/posts"}],"about":[{"href":"https:\/\/allasorias.hu\/hirek\/wp-json\/wp\/v2\/types\/post"}],"author":[{"embeddable":true,"href":"https:\/\/allasorias.hu\/hirek\/wp-json\/wp\/v2\/users\/1"}],"replies":[{"embeddable":true,"href":"https:\/\/allasorias.hu\/hirek\/wp-json\/wp\/v2\/comments?post=7388"}],"version-history":[{"count":2,"href":"https:\/\/allasorias.hu\/hirek\/wp-json\/wp\/v2\/posts\/7388\/revisions"}],"predecessor-version":[{"id":7391,"href":"https:\/\/allasorias.hu\/hirek\/wp-json\/wp\/v2\/posts\/7388\/revisions\/7391"}],"wp:featuredmedia":[{"embeddable":true,"href":"https:\/\/allasorias.hu\/hirek\/wp-json\/wp\/v2\/media\/7389"}],"wp:attachment":[{"href":"https:\/\/allasorias.hu\/hirek\/wp-json\/wp\/v2\/media?parent=7388"}],"wp:term":[{"taxonomy":"category","embeddable":true,"href":"https:\/\/allasorias.hu\/hirek\/wp-json\/wp\/v2\/categories?post=7388"},{"taxonomy":"post_tag","embeddable":true,"href":"https:\/\/allasorias.hu\/hirek\/wp-json\/wp\/v2\/tags?post=7388"}],"curies":[{"name":"wp","href":"https:\/\/api.w.org\/{rel}","templated":true}]}}