{"id":7369,"date":"2024-02-26T09:40:40","date_gmt":"2024-02-26T07:40:40","guid":{"rendered":"https:\/\/allasorias.hu\/hirek\/?p=7369"},"modified":"2024-02-26T09:41:52","modified_gmt":"2024-02-26T07:41:52","slug":"biztos-labakon-all-hazankban-a-munkaeropiac","status":"publish","type":"post","link":"https:\/\/allasorias.hu\/hirek\/biztos-labakon-all-hazankban-a-munkaeropiac\/","title":{"rendered":"Biztos l\u00e1bakon \u00e1ll haz\u00e1nkban a munkaer\u0151piac"},"content":{"rendered":"<p><strong>A szak\u00e9rt\u0151 els\u0151sorban a munkav\u00e9gz\u00e9sre alkalmas id\u0151sekre \u00e9s munkaer\u0151piacon jelen nem l\u00e9v\u0151 fiatalokra sz\u00e1m\u00edt a hazai munkaer\u0151piacon, elhelyezked\u00e9s\u00fcket t\u00f6bb program seg\u00edti a k\u00f6vetkez\u0151 id\u0151szakban. Hetvenmilli\u00e1rd forintos keret\u00f6sszeg jut p\u00e9ld\u00e1ul \u00e1tk\u00e9pz\u00e9sekre \u00e9s tov\u00e1bbk\u00e9pz\u00e9sekre, hogy a munkav\u00e1llal\u00f3k megfeleljenek a gyorsan v\u00e1ltoz\u00f3 elv\u00e1r\u00e1soknak. <\/strong><\/p>\n<p>Stabil a belf\u00f6ldi munkaer\u0151piac, a foglalkoztatotts\u00e1g a rendszerv\u00e1lt\u00e1s ut\u00e1ni rekordj\u00e1t el\u00e9rve cs\u00facsk\u00f6zelbe jutott Magyarorsz\u00e1gon &#8211; mondta a Nemzetgazdas\u00e1gi Miniszt\u00e9rium (NGM) vezet\u0151 k\u00f6zgazd\u00e1sza az M1 aktu\u00e1lis csatorna m\u0171sorban. Suppan Gergely a szezon\u00e1lis munkalehet\u0151s\u00e9gek miatt a k\u00f6vetkez\u0151 h\u00f3napokban a munkaer\u0151piac tov\u00e1bbi \u00e9l\u00e9nk\u00fcl\u00e9s\u00e9re sz\u00e1m\u00edt, ezen fel\u00fcl szerinte az \u00e1ll\u00e1skeres\u0151k \u00e9s az inakt\u00edvak is n\u00f6velhetik a munk\u00e1t v\u00e1llal\u00f3k sz\u00e1m\u00e1t.<\/p>\n<p><a href=\"https:\/\/allasorias.hu\/hirek\/tobbszaz-milliard-forint-foglalkoztatasra\/\">Tov\u00e1bbi 200 milli\u00e1rd forintos keret \u00e1ll rendelkez\u00e9sre<\/a> inakt\u00edvak munk\u00e1ba \u00e1ll\u00e1s\u00e1nak \u00f6szt\u00f6nz\u00e9s\u00e9re, az \u00f6sszeg tov\u00e1bbk\u00e9pz\u00e9sek, \u00e1tk\u00e9pz\u00e9sek mellett a munk\u00e1ba j\u00e1r\u00e1s t\u00e1mogat\u00e1s\u00e1ra \u00e9s b\u00e9rt\u00e1mogat\u00e1sra is ford\u00edthat\u00f3. A forr\u00e1s hozz\u00e1j\u00e1rulhat ahhoz, hogy a korm\u00e1ny terveinek megfelel\u0151en 78 sz\u00e1zal\u00e9kr\u00f3l 85 sz\u00e1zal\u00e9kra n\u0151j\u00f6n az akt\u00edv munkav\u00e1llal\u00f3k ar\u00e1nya a 15 \u00e9s 64 \u00e9v k\u00f6z\u00f6tti n\u00e9pess\u00e9gben &#8211; tette hozz\u00e1.<\/p>\n<p>Suppan Gergely sz\u00e1m\u00edt a re\u00e1lb\u00e9rek tov\u00e1bbi emelked\u00e9s\u00e9re is a k\u00f6vetkez\u0151 h\u00f3napokban. A kedvez\u0151tlen folyamatokat tavaly \u0151sszel siker\u00fclt meg\u00e1ll\u00edtani, az infl\u00e1ci\u00f3 gyors cs\u00f6kken\u00e9s\u00e9vel egy\u00fctt m\u00e1r 2023 v\u00e9g\u00e9re jelent\u0151sen n\u0151tt a fizet\u00e9sek v\u00e1s\u00e1rl\u00f3ereje. Csehorsz\u00e1gban k\u00e9tszer hosszabb ideig, N\u00e9metorsz\u00e1gban \u00e9s Olaszorsz\u00e1gban enn\u00e9l is tov\u00e1bb tartott a re\u00e1lb\u00e9rek cs\u00f6kken\u00e9se a belf\u00f6ldihez k\u00e9pest &#8211; jegyezte meg. A k\u00f6zgazd\u00e1sz szerint a pedag\u00f3gusok b\u00e9r\u00e9nek n\u00f6vel\u00e9se, valamint a t\u00f6bbnyire 10 sz\u00e1zal\u00e9k feletti emel\u00e9seket r\u00f6gz\u00edt\u0151 b\u00e9rmeg\u00e1llapod\u00e1sok \u00fajabb lend\u00fcletet adhatnak a v\u00e1s\u00e1rl\u00f3er\u0151nek.<\/p>\n<p>Forr\u00e1s: <a href=\"https:\/\/profitline.hu\/stabil-a-hazai-munkaeropiac-458959\" target=\"_blank\" rel=\"nofollow noopener noreferrer\">profitline.hu<\/a><\/p>\n<p>&nbsp;<\/p>\n","protected":false},"excerpt":{"rendered":"<p>A szak\u00e9rt\u0151 els\u0151sorban a munkav\u00e9gz\u00e9sre alkalmas id\u0151sekre \u00e9s munkaer\u0151piacon jelen nem l\u00e9v\u0151 fiatalokra sz\u00e1m\u00edt a hazai munkaer\u0151piacon, elhelyezked\u00e9s\u00fcket t\u00f6bb program seg\u00edti a k\u00f6vetkez\u0151 id\u0151szakban. Hetvenmilli\u00e1rd forintos keret\u00f6sszeg jut p\u00e9ld\u00e1ul \u00e1tk\u00e9pz\u00e9sekre \u00e9s tov\u00e1bbk\u00e9pz\u00e9sekre, hogy a munkav\u00e1llal\u00f3k megfeleljenek a gyorsan v\u00e1ltoz\u00f3 elv\u00e1r\u00e1soknak. Stabil a belf\u00f6ldi munkaer\u0151piac, a foglalkoztatotts\u00e1g a rendszerv\u00e1lt\u00e1s ut\u00e1ni rekordj\u00e1t el\u00e9rve cs\u00facsk\u00f6zelbe jutott Magyarorsz\u00e1gon &#8211; [&hellip;]<\/p>\n","protected":false},"author":1,"featured_media":7370,"comment_status":"closed","ping_status":"closed","sticky":false,"template":"","format":"standard","meta":{"_monsterinsights_skip_tracking":false,"footnotes":""},"categories":[200],"tags":[711],"class_list":["post-7369","post","type-post","status-publish","format-standard","has-post-thumbnail","hentry","category-munkaeropiac","tag-munkaeropiaci-helyzet"],"aioseo_notices":[],"aioseo_head":"\n\t\t<!-- All in One SEO 5.0.0.1 - aioseo.com -->\n\t<meta name=\"description\" content=\"A munkav\u00e9gz\u00e9sre alkalmas id\u0151sekre \u00e9s munkaer\u0151piacon jelen nem l\u00e9v\u0151 fiatalokra sz\u00e1m\u00edt a hazai munkaer\u0151piacon, elhelyezked\u00e9s\u00fcket t\u00f6bb program seg\u00edti.\" \/>\n\t<meta name=\"robots\" content=\"max-image-preview:large\" \/>\n\t<meta name=\"author\" content=\"Juh\u00e1sz P\u00e9ter\"\/>\n\t<meta name=\"keywords\" content=\"munkaer\u0151piaci helyzet\" \/>\n\t<link rel=\"canonical\" href=\"https:\/\/allasorias.hu\/hirek\/biztos-labakon-all-hazankban-a-munkaeropiac\/\" \/>\n\t<meta name=\"generator\" content=\"All in One SEO (AIOSEO) 5.0.0.1\" \/>\n\t\t<meta property=\"og:locale\" content=\"hu_HU\" \/>\n\t\t<meta property=\"og:site_name\" content=\"AllasOrias.hu | H\u00edrek-lapszemle | \u00dczleti h\u00edrek az \u00e1ll\u00e1s \u00e9s a munka vil\u00e1g\u00e1b\u00f3l\" \/>\n\t\t<meta property=\"og:type\" content=\"article\" \/>\n\t\t<meta property=\"og:title\" content=\"Biztos l\u00e1bakon \u00e1ll haz\u00e1nkban a munkaer\u0151piac | Allasorias.hu\" \/>\n\t\t<meta property=\"og:description\" content=\"A munkav\u00e9gz\u00e9sre alkalmas id\u0151sekre \u00e9s munkaer\u0151piacon jelen nem l\u00e9v\u0151 fiatalokra sz\u00e1m\u00edt a hazai munkaer\u0151piacon, elhelyezked\u00e9s\u00fcket t\u00f6bb program seg\u00edti.\" \/>\n\t\t<meta property=\"og:url\" content=\"https:\/\/allasorias.hu\/hirek\/biztos-labakon-all-hazankban-a-munkaeropiac\/\" \/>\n\t\t<meta property=\"og:image\" content=\"https:\/\/allasorias.hu\/hirek\/wp-content\/uploads\/2024\/02\/munkaeropiaci-helyzet.jpg\" \/>\n\t\t<meta property=\"og:image:secure_url\" content=\"https:\/\/allasorias.hu\/hirek\/wp-content\/uploads\/2024\/02\/munkaeropiaci-helyzet.jpg\" \/>\n\t\t<meta property=\"og:image:width\" content=\"1280\" \/>\n\t\t<meta property=\"og:image:height\" content=\"934\" \/>\n\t\t<meta property=\"article:published_time\" content=\"2024-02-26T07:40:40+00:00\" \/>\n\t\t<meta property=\"article:modified_time\" content=\"2024-02-26T07:41:52+00:00\" \/>\n\t\t<meta property=\"article:publisher\" content=\"https:\/\/www.facebook.com\/allasorias\" \/>\n\t\t<meta name=\"twitter:card\" content=\"summary_large_image\" \/>\n\t\t<meta name=\"twitter:title\" content=\"Biztos l\u00e1bakon \u00e1ll haz\u00e1nkban a munkaer\u0151piac | Allasorias.hu\" \/>\n\t\t<meta name=\"twitter:description\" content=\"A munkav\u00e9gz\u00e9sre alkalmas id\u0151sekre \u00e9s munkaer\u0151piacon jelen nem l\u00e9v\u0151 fiatalokra sz\u00e1m\u00edt a hazai munkaer\u0151piacon, elhelyezked\u00e9s\u00fcket t\u00f6bb program seg\u00edti.\" \/>\n\t\t<meta name=\"twitter:image\" content=\"https:\/\/allasorias.hu\/hirek\/wp-content\/uploads\/2024\/02\/munkaeropiaci-helyzet.jpg\" \/>\n\t\t<meta name=\"twitter:label1\" content=\"Written by\" \/>\n\t\t<meta name=\"twitter:data1\" content=\"Juh\u00e1sz P\u00e9ter\" \/>\n\t\t<meta name=\"twitter:label2\" content=\"Est. reading time\" \/>\n\t\t<meta name=\"twitter:data2\" content=\"2 minutes\" \/>\n\t\t<script type=\"application\/ld+json\" class=\"aioseo-schema\">\n\t\t\t{\"@context\":\"https:\\\/\\\/schema.org\",\"@graph\":[{\"@type\":\"Article\",\"@id\":\"https:\\\/\\\/allasorias.hu\\\/hirek\\\/biztos-labakon-all-hazankban-a-munkaeropiac\\\/#article\",\"name\":\"Biztos l\\u00e1bakon \\u00e1ll haz\\u00e1nkban a munkaer\\u0151piac | Allasorias.hu\",\"headline\":\"Biztos l\\u00e1bakon \\u00e1ll haz\\u00e1nkban a munkaer\\u0151piac\",\"author\":{\"@id\":\"https:\\\/\\\/allasorias.hu\\\/hirek\\\/author\\\/admin-allasorias\\\/#author\"},\"publisher\":{\"@id\":\"https:\\\/\\\/allasorias.hu\\\/hirek\\\/#organization\"},\"image\":{\"@type\":\"ImageObject\",\"url\":\"https:\\\/\\\/allasorias.hu\\\/hirek\\\/wp-content\\\/uploads\\\/2024\\\/02\\\/munkaeropiaci-helyzet.jpg\",\"width\":1280,\"height\":934,\"caption\":\"Biztos l\\u00e1bakon \\u00e1ll haz\\u00e1nkban a munkaer\\u0151piac - Allasorias.hu\\\/Hirek\"},\"datePublished\":\"2024-02-26T09:40:40+02:00\",\"dateModified\":\"2024-02-26T09:41:52+02:00\",\"inLanguage\":\"hu-HU\",\"mainEntityOfPage\":{\"@id\":\"https:\\\/\\\/allasorias.hu\\\/hirek\\\/biztos-labakon-all-hazankban-a-munkaeropiac\\\/#webpage\"},\"isPartOf\":{\"@id\":\"https:\\\/\\\/allasorias.hu\\\/hirek\\\/biztos-labakon-all-hazankban-a-munkaeropiac\\\/#webpage\"},\"articleSection\":\"Munkaer\\u0151piac, Munkaer\\u0151piaci helyzet\"},{\"@type\":\"BreadcrumbList\",\"@id\":\"https:\\\/\\\/allasorias.hu\\\/hirek\\\/biztos-labakon-all-hazankban-a-munkaeropiac\\\/#breadcrumblist\",\"itemListElement\":[{\"@type\":\"ListItem\",\"@id\":\"https:\\\/\\\/allasorias.hu\\\/hirek#listItem\",\"position\":1,\"name\":\"Home\",\"item\":\"https:\\\/\\\/allasorias.hu\\\/hirek\",\"nextItem\":{\"@type\":\"ListItem\",\"@id\":\"https:\\\/\\\/allasorias.hu\\\/hirek\\\/temak\\\/munkaeropiac\\\/#listItem\",\"name\":\"Munkaer\\u0151piac\"}},{\"@type\":\"ListItem\",\"@id\":\"https:\\\/\\\/allasorias.hu\\\/hirek\\\/temak\\\/munkaeropiac\\\/#listItem\",\"position\":2,\"name\":\"Munkaer\\u0151piac\",\"item\":\"https:\\\/\\\/allasorias.hu\\\/hirek\\\/temak\\\/munkaeropiac\\\/\",\"nextItem\":{\"@type\":\"ListItem\",\"@id\":\"https:\\\/\\\/allasorias.hu\\\/hirek\\\/biztos-labakon-all-hazankban-a-munkaeropiac\\\/#listItem\",\"name\":\"Biztos l\\u00e1bakon \\u00e1ll haz\\u00e1nkban a munkaer\\u0151piac\"},\"previousItem\":{\"@type\":\"ListItem\",\"@id\":\"https:\\\/\\\/allasorias.hu\\\/hirek#listItem\",\"name\":\"Home\"}},{\"@type\":\"ListItem\",\"@id\":\"https:\\\/\\\/allasorias.hu\\\/hirek\\\/biztos-labakon-all-hazankban-a-munkaeropiac\\\/#listItem\",\"position\":3,\"name\":\"Biztos l\\u00e1bakon \\u00e1ll haz\\u00e1nkban a munkaer\\u0151piac\",\"previousItem\":{\"@type\":\"ListItem\",\"@id\":\"https:\\\/\\\/allasorias.hu\\\/hirek\\\/temak\\\/munkaeropiac\\\/#listItem\",\"name\":\"Munkaer\\u0151piac\"}}]},{\"@type\":\"Organization\",\"@id\":\"https:\\\/\\\/allasorias.hu\\\/hirek\\\/#organization\",\"name\":\"AllasOrias.hu | H\\u00edrek-lapszemle\",\"description\":\"\\u00dczleti h\\u00edrek az \\u00e1ll\\u00e1s \\u00e9s a munka vil\\u00e1g\\u00e1b\\u00f3l\",\"url\":\"https:\\\/\\\/allasorias.hu\\\/hirek\\\/\",\"logo\":{\"@type\":\"ImageObject\",\"url\":\"https:\\\/\\\/allasorias.hu\\\/hirek\\\/wp-content\\\/uploads\\\/2022\\\/10\\\/allasorias_site_facebok_logo.png\",\"@id\":\"https:\\\/\\\/allasorias.hu\\\/hirek\\\/biztos-labakon-all-hazankban-a-munkaeropiac\\\/#organizationLogo\"},\"image\":{\"@id\":\"https:\\\/\\\/allasorias.hu\\\/hirek\\\/biztos-labakon-all-hazankban-a-munkaeropiac\\\/#organizationLogo\"},\"sameAs\":[\"https:\\\/\\\/www.facebook.com\\\/allasorias\",\"https:\\\/\\\/www.linkedin.com\\\/company\\\/allasorias\"]},{\"@type\":\"Person\",\"@id\":\"https:\\\/\\\/allasorias.hu\\\/hirek\\\/author\\\/admin-allasorias\\\/#author\",\"url\":\"https:\\\/\\\/allasorias.hu\\\/hirek\\\/author\\\/admin-allasorias\\\/\",\"name\":\"Juh\\u00e1sz P\\u00e9ter\",\"image\":{\"@type\":\"ImageObject\",\"@id\":\"https:\\\/\\\/allasorias.hu\\\/hirek\\\/biztos-labakon-all-hazankban-a-munkaeropiac\\\/#authorImage\",\"url\":\"https:\\\/\\\/secure.gravatar.com\\\/avatar\\\/36e6bcb83148978b992977cb0f54d22feb0cce8a0a849a9410532bb2623ba4c6?s=96&d=mm&r=g\",\"width\":96,\"height\":96,\"caption\":\"Juh\\u00e1sz P\\u00e9ter\"}},{\"@type\":\"WebPage\",\"@id\":\"https:\\\/\\\/allasorias.hu\\\/hirek\\\/biztos-labakon-all-hazankban-a-munkaeropiac\\\/#webpage\",\"url\":\"https:\\\/\\\/allasorias.hu\\\/hirek\\\/biztos-labakon-all-hazankban-a-munkaeropiac\\\/\",\"name\":\"Biztos l\\u00e1bakon \\u00e1ll haz\\u00e1nkban a munkaer\\u0151piac | Allasorias.hu\",\"description\":\"A munkav\\u00e9gz\\u00e9sre alkalmas id\\u0151sekre \\u00e9s munkaer\\u0151piacon jelen nem l\\u00e9v\\u0151 fiatalokra sz\\u00e1m\\u00edt a hazai munkaer\\u0151piacon, elhelyezked\\u00e9s\\u00fcket t\\u00f6bb program seg\\u00edti.\",\"inLanguage\":\"hu-HU\",\"isPartOf\":{\"@id\":\"https:\\\/\\\/allasorias.hu\\\/hirek\\\/#website\"},\"breadcrumb\":{\"@id\":\"https:\\\/\\\/allasorias.hu\\\/hirek\\\/biztos-labakon-all-hazankban-a-munkaeropiac\\\/#breadcrumblist\"},\"author\":{\"@id\":\"https:\\\/\\\/allasorias.hu\\\/hirek\\\/author\\\/admin-allasorias\\\/#author\"},\"creator\":{\"@id\":\"https:\\\/\\\/allasorias.hu\\\/hirek\\\/author\\\/admin-allasorias\\\/#author\"},\"image\":{\"@type\":\"ImageObject\",\"url\":\"https:\\\/\\\/allasorias.hu\\\/hirek\\\/wp-content\\\/uploads\\\/2024\\\/02\\\/munkaeropiaci-helyzet.jpg\",\"@id\":\"https:\\\/\\\/allasorias.hu\\\/hirek\\\/biztos-labakon-all-hazankban-a-munkaeropiac\\\/#mainImage\",\"width\":1280,\"height\":934,\"caption\":\"Biztos l\\u00e1bakon \\u00e1ll haz\\u00e1nkban a munkaer\\u0151piac - Allasorias.hu\\\/Hirek\"},\"primaryImageOfPage\":{\"@id\":\"https:\\\/\\\/allasorias.hu\\\/hirek\\\/biztos-labakon-all-hazankban-a-munkaeropiac\\\/#mainImage\"},\"datePublished\":\"2024-02-26T09:40:40+02:00\",\"dateModified\":\"2024-02-26T09:41:52+02:00\"},{\"@type\":\"WebSite\",\"@id\":\"https:\\\/\\\/allasorias.hu\\\/hirek\\\/#website\",\"url\":\"https:\\\/\\\/allasorias.hu\\\/hirek\\\/\",\"name\":\"AllasOrias.hu | H\\u00edrek-lapszemle\",\"description\":\"\\u00dczleti h\\u00edrek az \\u00e1ll\\u00e1s \\u00e9s a munka vil\\u00e1g\\u00e1b\\u00f3l\",\"inLanguage\":\"hu-HU\",\"publisher\":{\"@id\":\"https:\\\/\\\/allasorias.hu\\\/hirek\\\/#organization\"}}]}\n\t\t<\/script>\n\t\t<!-- All in One SEO -->\n\n","aioseo_head_json":{"title":"Biztos l\u00e1bakon \u00e1ll haz\u00e1nkban a munkaer\u0151piac | Allasorias.hu","description":"A munkav\u00e9gz\u00e9sre alkalmas id\u0151sekre \u00e9s munkaer\u0151piacon jelen nem l\u00e9v\u0151 fiatalokra sz\u00e1m\u00edt a hazai munkaer\u0151piacon, elhelyezked\u00e9s\u00fcket t\u00f6bb program seg\u00edti.","canonical_url":"https:\/\/allasorias.hu\/hirek\/biztos-labakon-all-hazankban-a-munkaeropiac\/","robots":"max-image-preview:large","keywords":"munkaer\u0151piaci helyzet","webmasterTools":{"miscellaneous":""},"schema":{"@context":"https:\/\/schema.org","@graph":[{"@type":"Article","@id":"https:\/\/allasorias.hu\/hirek\/biztos-labakon-all-hazankban-a-munkaeropiac\/#article","name":"Biztos l\u00e1bakon \u00e1ll haz\u00e1nkban a munkaer\u0151piac | Allasorias.hu","headline":"Biztos l\u00e1bakon \u00e1ll haz\u00e1nkban a munkaer\u0151piac","author":{"@id":"https:\/\/allasorias.hu\/hirek\/author\/admin-allasorias\/#author"},"publisher":{"@id":"https:\/\/allasorias.hu\/hirek\/#organization"},"image":{"@type":"ImageObject","url":"https:\/\/allasorias.hu\/hirek\/wp-content\/uploads\/2024\/02\/munkaeropiaci-helyzet.jpg","width":1280,"height":934,"caption":"Biztos l\u00e1bakon \u00e1ll haz\u00e1nkban a munkaer\u0151piac - Allasorias.hu\/Hirek"},"datePublished":"2024-02-26T09:40:40+02:00","dateModified":"2024-02-26T09:41:52+02:00","inLanguage":"hu-HU","mainEntityOfPage":{"@id":"https:\/\/allasorias.hu\/hirek\/biztos-labakon-all-hazankban-a-munkaeropiac\/#webpage"},"isPartOf":{"@id":"https:\/\/allasorias.hu\/hirek\/biztos-labakon-all-hazankban-a-munkaeropiac\/#webpage"},"articleSection":"Munkaer\u0151piac, Munkaer\u0151piaci helyzet"},{"@type":"BreadcrumbList","@id":"https:\/\/allasorias.hu\/hirek\/biztos-labakon-all-hazankban-a-munkaeropiac\/#breadcrumblist","itemListElement":[{"@type":"ListItem","@id":"https:\/\/allasorias.hu\/hirek#listItem","position":1,"name":"Home","item":"https:\/\/allasorias.hu\/hirek","nextItem":{"@type":"ListItem","@id":"https:\/\/allasorias.hu\/hirek\/temak\/munkaeropiac\/#listItem","name":"Munkaer\u0151piac"}},{"@type":"ListItem","@id":"https:\/\/allasorias.hu\/hirek\/temak\/munkaeropiac\/#listItem","position":2,"name":"Munkaer\u0151piac","item":"https:\/\/allasorias.hu\/hirek\/temak\/munkaeropiac\/","nextItem":{"@type":"ListItem","@id":"https:\/\/allasorias.hu\/hirek\/biztos-labakon-all-hazankban-a-munkaeropiac\/#listItem","name":"Biztos l\u00e1bakon \u00e1ll haz\u00e1nkban a munkaer\u0151piac"},"previousItem":{"@type":"ListItem","@id":"https:\/\/allasorias.hu\/hirek#listItem","name":"Home"}},{"@type":"ListItem","@id":"https:\/\/allasorias.hu\/hirek\/biztos-labakon-all-hazankban-a-munkaeropiac\/#listItem","position":3,"name":"Biztos l\u00e1bakon \u00e1ll haz\u00e1nkban a munkaer\u0151piac","previousItem":{"@type":"ListItem","@id":"https:\/\/allasorias.hu\/hirek\/temak\/munkaeropiac\/#listItem","name":"Munkaer\u0151piac"}}]},{"@type":"Organization","@id":"https:\/\/allasorias.hu\/hirek\/#organization","name":"AllasOrias.hu | H\u00edrek-lapszemle","description":"\u00dczleti h\u00edrek az \u00e1ll\u00e1s \u00e9s a munka vil\u00e1g\u00e1b\u00f3l","url":"https:\/\/allasorias.hu\/hirek\/","logo":{"@type":"ImageObject","url":"https:\/\/allasorias.hu\/hirek\/wp-content\/uploads\/2022\/10\/allasorias_site_facebok_logo.png","@id":"https:\/\/allasorias.hu\/hirek\/biztos-labakon-all-hazankban-a-munkaeropiac\/#organizationLogo"},"image":{"@id":"https:\/\/allasorias.hu\/hirek\/biztos-labakon-all-hazankban-a-munkaeropiac\/#organizationLogo"},"sameAs":["https:\/\/www.facebook.com\/allasorias","https:\/\/www.linkedin.com\/company\/allasorias"]},{"@type":"Person","@id":"https:\/\/allasorias.hu\/hirek\/author\/admin-allasorias\/#author","url":"https:\/\/allasorias.hu\/hirek\/author\/admin-allasorias\/","name":"Juh\u00e1sz P\u00e9ter","image":{"@type":"ImageObject","@id":"https:\/\/allasorias.hu\/hirek\/biztos-labakon-all-hazankban-a-munkaeropiac\/#authorImage","url":"https:\/\/secure.gravatar.com\/avatar\/36e6bcb83148978b992977cb0f54d22feb0cce8a0a849a9410532bb2623ba4c6?s=96&d=mm&r=g","width":96,"height":96,"caption":"Juh\u00e1sz P\u00e9ter"}},{"@type":"WebPage","@id":"https:\/\/allasorias.hu\/hirek\/biztos-labakon-all-hazankban-a-munkaeropiac\/#webpage","url":"https:\/\/allasorias.hu\/hirek\/biztos-labakon-all-hazankban-a-munkaeropiac\/","name":"Biztos l\u00e1bakon \u00e1ll haz\u00e1nkban a munkaer\u0151piac | Allasorias.hu","description":"A munkav\u00e9gz\u00e9sre alkalmas id\u0151sekre \u00e9s munkaer\u0151piacon jelen nem l\u00e9v\u0151 fiatalokra sz\u00e1m\u00edt a hazai munkaer\u0151piacon, elhelyezked\u00e9s\u00fcket t\u00f6bb program seg\u00edti.","inLanguage":"hu-HU","isPartOf":{"@id":"https:\/\/allasorias.hu\/hirek\/#website"},"breadcrumb":{"@id":"https:\/\/allasorias.hu\/hirek\/biztos-labakon-all-hazankban-a-munkaeropiac\/#breadcrumblist"},"author":{"@id":"https:\/\/allasorias.hu\/hirek\/author\/admin-allasorias\/#author"},"creator":{"@id":"https:\/\/allasorias.hu\/hirek\/author\/admin-allasorias\/#author"},"image":{"@type":"ImageObject","url":"https:\/\/allasorias.hu\/hirek\/wp-content\/uploads\/2024\/02\/munkaeropiaci-helyzet.jpg","@id":"https:\/\/allasorias.hu\/hirek\/biztos-labakon-all-hazankban-a-munkaeropiac\/#mainImage","width":1280,"height":934,"caption":"Biztos l\u00e1bakon \u00e1ll haz\u00e1nkban a munkaer\u0151piac - Allasorias.hu\/Hirek"},"primaryImageOfPage":{"@id":"https:\/\/allasorias.hu\/hirek\/biztos-labakon-all-hazankban-a-munkaeropiac\/#mainImage"},"datePublished":"2024-02-26T09:40:40+02:00","dateModified":"2024-02-26T09:41:52+02:00"},{"@type":"WebSite","@id":"https:\/\/allasorias.hu\/hirek\/#website","url":"https:\/\/allasorias.hu\/hirek\/","name":"AllasOrias.hu | H\u00edrek-lapszemle","description":"\u00dczleti h\u00edrek az \u00e1ll\u00e1s \u00e9s a munka vil\u00e1g\u00e1b\u00f3l","inLanguage":"hu-HU","publisher":{"@id":"https:\/\/allasorias.hu\/hirek\/#organization"}}]},"og:locale":"hu_HU","og:site_name":"AllasOrias.hu | H\u00edrek-lapszemle | \u00dczleti h\u00edrek az \u00e1ll\u00e1s \u00e9s a munka vil\u00e1g\u00e1b\u00f3l","og:type":"article","og:title":"Biztos l\u00e1bakon \u00e1ll haz\u00e1nkban a munkaer\u0151piac | Allasorias.hu","og:description":"A munkav\u00e9gz\u00e9sre alkalmas id\u0151sekre \u00e9s munkaer\u0151piacon jelen nem l\u00e9v\u0151 fiatalokra sz\u00e1m\u00edt a hazai munkaer\u0151piacon, elhelyezked\u00e9s\u00fcket t\u00f6bb program seg\u00edti.","og:url":"https:\/\/allasorias.hu\/hirek\/biztos-labakon-all-hazankban-a-munkaeropiac\/","og:image":"https:\/\/allasorias.hu\/hirek\/wp-content\/uploads\/2024\/02\/munkaeropiaci-helyzet.jpg","og:image:secure_url":"https:\/\/allasorias.hu\/hirek\/wp-content\/uploads\/2024\/02\/munkaeropiaci-helyzet.jpg","og:image:width":1280,"og:image:height":934,"article:published_time":"2024-02-26T07:40:40+00:00","article:modified_time":"2024-02-26T07:41:52+00:00","article:publisher":"https:\/\/www.facebook.com\/allasorias","twitter:card":"summary_large_image","twitter:title":"Biztos l\u00e1bakon \u00e1ll haz\u00e1nkban a munkaer\u0151piac | Allasorias.hu","twitter:description":"A munkav\u00e9gz\u00e9sre alkalmas id\u0151sekre \u00e9s munkaer\u0151piacon jelen nem l\u00e9v\u0151 fiatalokra sz\u00e1m\u00edt a hazai munkaer\u0151piacon, elhelyezked\u00e9s\u00fcket t\u00f6bb program seg\u00edti.","twitter:image":"https:\/\/allasorias.hu\/hirek\/wp-content\/uploads\/2024\/02\/munkaeropiaci-helyzet.jpg","twitter:label1":"Written by","twitter:data1":"Juh\u00e1sz P\u00e9ter","twitter:label2":"Est. reading time","twitter:data2":"2 minutes"},"aioseo_meta_data":{"post_id":"7369","title":"#post_title | Allasorias.hu","description":"A munkav\u00e9gz\u00e9sre alkalmas id\u0151sekre \u00e9s munkaer\u0151piacon jelen nem l\u00e9v\u0151 fiatalokra sz\u00e1m\u00edt a hazai munkaer\u0151piacon, elhelyezked\u00e9s\u00fcket t\u00f6bb program seg\u00edti.","keywords":[],"keyphrases":{"focus":{"keyphrase":"","score":0,"analysis":{"keyphraseInTitle":{"score":0,"maxScore":9,"error":1}}},"additional":[]},"primary_term":null,"canonical_url":null,"og_title":null,"og_description":null,"og_object_type":"default","og_image_type":"default","og_image_url":null,"og_image_width":null,"og_image_height":null,"og_image_custom_url":null,"og_image_custom_fields":null,"og_video":"","og_custom_url":null,"og_article_section":null,"og_article_tags":[],"twitter_use_og":true,"twitter_card":"default","twitter_image_type":"default","twitter_image_url":null,"twitter_image_custom_url":null,"twitter_image_custom_fields":null,"twitter_title":null,"twitter_description":null,"schema":{"blockGraphs":[],"customGraphs":[],"default":{"data":{"Article":[],"Course":[],"Dataset":[],"FAQPage":[],"Movie":[],"Person":[],"Product":[],"ProductReview":[],"Car":[],"Recipe":[],"Service":[],"SoftwareApplication":[],"WebPage":[]},"graphName":"Article","isEnabled":true},"graphs":[]},"schema_type":"default","schema_type_options":null,"pillar_content":false,"robots_default":true,"robots_noindex":false,"robots_noarchive":false,"robots_nosnippet":false,"robots_nofollow":false,"robots_noimageindex":false,"robots_noodp":false,"robots_notranslate":false,"robots_max_snippet":"-1","robots_max_videopreview":"-1","robots_max_imagepreview":"large","priority":null,"frequency":"default","location":null,"local_seo":null,"breadcrumb_settings":null,"limit_modified_date":false,"ai":null,"created":"2024-02-26 07:22:22","updated":"2025-10-02 19:38:02","seo_analyzer_scan_date":null,"focus_keyword":null,"additional_keywords":null,"truseo_locale":null},"aioseo_breadcrumb":"<div class=\"aioseo-breadcrumbs\"><span class=\"aioseo-breadcrumb\">\n\t\t\t<a href=\"https:\/\/allasorias.hu\/hirek\" title=\"Home\">Home<\/a>\n\t\t<\/span><span class=\"aioseo-breadcrumb-separator\">&raquo;<\/span><span class=\"aioseo-breadcrumb\">\n\t\t\t<a href=\"https:\/\/allasorias.hu\/hirek\/temak\/munkaeropiac\/\" title=\"Munkaer\u0151piac\">Munkaer\u0151piac<\/a>\n\t\t<\/span><span class=\"aioseo-breadcrumb-separator\">&raquo;<\/span><span class=\"aioseo-breadcrumb\">\n\t\t\tBiztos l\u00e1bakon \u00e1ll haz\u00e1nkban a munkaer\u0151piac\n\t\t<\/span><\/div>","aioseo_breadcrumb_json":[{"label":"Home","link":"https:\/\/allasorias.hu\/hirek"},{"label":"Munkaer\u0151piac","link":"https:\/\/allasorias.hu\/hirek\/temak\/munkaeropiac\/"},{"label":"Biztos l\u00e1bakon \u00e1ll haz\u00e1nkban a munkaer\u0151piac","link":"https:\/\/allasorias.hu\/hirek\/biztos-labakon-all-hazankban-a-munkaeropiac\/"}],"_links":{"self":[{"href":"https:\/\/allasorias.hu\/hirek\/wp-json\/wp\/v2\/posts\/7369","targetHints":{"allow":["GET"]}}],"collection":[{"href":"https:\/\/allasorias.hu\/hirek\/wp-json\/wp\/v2\/posts"}],"about":[{"href":"https:\/\/allasorias.hu\/hirek\/wp-json\/wp\/v2\/types\/post"}],"author":[{"embeddable":true,"href":"https:\/\/allasorias.hu\/hirek\/wp-json\/wp\/v2\/users\/1"}],"replies":[{"embeddable":true,"href":"https:\/\/allasorias.hu\/hirek\/wp-json\/wp\/v2\/comments?post=7369"}],"version-history":[{"count":2,"href":"https:\/\/allasorias.hu\/hirek\/wp-json\/wp\/v2\/posts\/7369\/revisions"}],"predecessor-version":[{"id":7372,"href":"https:\/\/allasorias.hu\/hirek\/wp-json\/wp\/v2\/posts\/7369\/revisions\/7372"}],"wp:featuredmedia":[{"embeddable":true,"href":"https:\/\/allasorias.hu\/hirek\/wp-json\/wp\/v2\/media\/7370"}],"wp:attachment":[{"href":"https:\/\/allasorias.hu\/hirek\/wp-json\/wp\/v2\/media?parent=7369"}],"wp:term":[{"taxonomy":"category","embeddable":true,"href":"https:\/\/allasorias.hu\/hirek\/wp-json\/wp\/v2\/categories?post=7369"},{"taxonomy":"post_tag","embeddable":true,"href":"https:\/\/allasorias.hu\/hirek\/wp-json\/wp\/v2\/tags?post=7369"}],"curies":[{"name":"wp","href":"https:\/\/api.w.org\/{rel}","templated":true}]}}