{"id":7345,"date":"2024-02-19T17:20:33","date_gmt":"2024-02-19T15:20:33","guid":{"rendered":"https:\/\/allasorias.hu\/hirek\/?p=7345"},"modified":"2024-02-19T17:20:33","modified_gmt":"2024-02-19T15:20:33","slug":"sokan-jutottak-allashoz-vas-megyeben","status":"publish","type":"post","link":"https:\/\/allasorias.hu\/hirek\/sokan-jutottak-allashoz-vas-megyeben\/","title":{"rendered":"Sokan jutottak \u00e1ll\u00e1shoz Vas megy\u00e9ben"},"content":{"rendered":"<p><strong>T\u00f6bb mint 6 milli\u00e1rd forintot ford\u00edthattak k\u00e9t munkaer\u0151piaci t\u00e1mogat\u00e1si programra Vasban 2015-t\u0151l 2023 v\u00e9g\u00e9ig, csaknem 10 ezer ember kapott valamilyen seg\u00edts\u00e9get a munkav\u00e1llal\u00e1shoz a Gazdas\u00e1gfejleszt\u00e9si \u00e9s Innov\u00e1ci\u00f3s Program (GINOP) keret\u00e9ben &#8211; k\u00f6z\u00f6lte a Vas V\u00e1rmegyei Korm\u00e1nyhivatal. <\/strong><\/p>\n<p>A korm\u00e1ny az Eur\u00f3pai Uni\u00f3val k\u00f6t\u00f6tt partners\u00e9gi meg\u00e1llapod\u00e1sban t\u0171zte ki c\u00e9lul, hogy akt\u00edv eszk\u00f6z\u00f6kkel n\u00f6veli a munkaer\u0151piaci k\u00edn\u00e1latot. Az \u00dat a munkaer\u0151piacra elnevez\u00e9s\u0171 kiemelt programra orsz\u00e1gosan 256,22 milli\u00e1rd forint \u00e1llt rendelkez\u00e9sre, amelyb\u0151l Vas v\u00e1rmegy\u00e9ben 5,582 milli\u00e1rd forintot haszn\u00e1lhattak fel. Ebb\u0151l 5238 ember kapott valamilyen seg\u00edts\u00e9get:<\/p>\n<ul>\n<li>624-en kaptak k\u00e9pz\u00e9si t\u00e1mogat\u00e1st,<\/li>\n<li>3394-en r\u00e9szes\u00fcltek foglalkoztat\u00e1si t\u00e1mogat\u00e1sban,<\/li>\n<li>1304 munkan\u00e9lk\u00fcli v\u00e1llalkoz\u00f3v\u00e1 v\u00e1l\u00e1s\u00e1t seg\u00edtett\u00e9k,<\/li>\n<li>illetve 55 embernek ny\u00fajtottak lakhat\u00e1si t\u00e1mogat\u00e1st- \u00edrt\u00e1k.<\/li>\n<\/ul>\n<p>Hozz\u00e1f\u0171zt\u00e9k: a munkaer\u0151piacra val\u00f3 visszajut\u00e1sban jelent\u0151s szerepe volt a programban ny\u00fajtott szolg\u00e1ltat\u00e1soknak, a munkaer\u0151piaci tr\u00e9ningeknek, tan\u00e1csad\u00e1soknak, amelyek hozz\u00e1j\u00e1rultak a r\u00e9sztvev\u0151k \u00e1ll\u00e1skeres\u00e9si k\u00e9szs\u00e9geinek \u00e9s k\u00e9pess\u00e9geinek n\u00f6vel\u00e9s\u00e9hez. A 15-25 \u00e9v k\u00f6z\u00f6tti fiatalokat c\u00e9lozta az Ifj\u00fas\u00e1gi Garancia Program, amelyre orsz\u00e1gosan 177,78 milli\u00e1rd forint, Vasban 3,13 milli\u00e1rd forint \u00e1llt rendelkez\u00e9sre. A Vasban megsz\u00f3l\u00edtott 10 837 fiatalb\u00f3l 4168 lett az Ifj\u00fas\u00e1gi Garancia Program r\u00e9sztvev\u0151je. T\u00e1mogat\u00e1sban 3228-an r\u00e9szes\u00fcltek.<\/p>\n<p>A projekt m\u0171k\u00f6d\u00e9se sor\u00e1n 523 fiatal k\u00e9pz\u00e9s\u00e9t t\u00e1mogatt\u00e1k, 2755 fiatal pedig foglalkoztat\u00e1st el\u0151seg\u00edt\u0151 t\u00e1mogat\u00e1sban vehetett r\u00e9szt &#8211; \u00edrt\u00e1k. A program keret\u00e9ben ny\u00fajthat\u00f3, elhelyezked\u00e9st seg\u00edt\u0151 t\u00e1mogat\u00e1sok k\u00f6z\u00f6tt szerepelt k\u00e9pz\u00e9si t\u00e1mogat\u00e1s, k\u00e9pz\u00e9shez kapcsol\u00f3d\u00f3 keresetp\u00f3tl\u00f3 juttat\u00e1s \u00e9s a helyk\u00f6zi utaz\u00e1s t\u00e1mogat\u00e1sa, valamint foglalkoztat\u00e1si t\u00e1mogat\u00e1sok (b\u00e9rt\u00e1mogat\u00e1s, b\u00e9rk\u00f6lts\u00e9g-t\u00e1mogat\u00e1s, v\u00e1llalkoz\u00f3v\u00e1 v\u00e1l\u00e1s t\u00e1mogat\u00e1sa).<\/p>\n<p>A programban r\u00e9sztvev\u0151k elhelyezked\u00e9s\u00e9t mobilit\u00e1si t\u00e1mogat\u00e1sok ny\u00fajt\u00e1s\u00e1val is seg\u00edtette a korm\u00e1nyhivatal, ezek a foglalkoztat\u00e1shoz kapcsol\u00f3d\u00f3 utaz\u00e1si k\u00f6lts\u00e9gt\u00e9r\u00edt\u00e9s \u00e9s a lakhat\u00e1si t\u00e1mogat\u00e1s voltak. A sikeres program megval\u00f3s\u00edt\u00e1s \u00e9rdek\u00e9ben szem\u00e9lyes mentori szolg\u00e1ltat\u00e1st, valamint \u00e1ll\u00e1skeres\u00e9si, munka- \u00e9s p\u00e1lyatan\u00e1csad\u00e1si szolg\u00e1ltat\u00e1sokat is biztos\u00edtott a korm\u00e1nyhivatal a r\u00e9sztvev\u0151k sz\u00e1m\u00e1ra.<\/p>\n<p>Forr\u00e1s: <a href=\"https:\/\/www.hellovidek.hu\/gazdasag\/2024\/02\/17\/kozel-10-ezer-ember-jutott-allashoz-vasban-mi-tortenik-ebben-a-megyeben\" target=\"_blank\" rel=\"nofollow noopener noreferrer\">hellovidek.hu<\/a><\/p>\n","protected":false},"excerpt":{"rendered":"<p>T\u00f6bb mint 6 milli\u00e1rd forintot ford\u00edthattak k\u00e9t munkaer\u0151piaci t\u00e1mogat\u00e1si programra Vasban 2015-t\u0151l 2023 v\u00e9g\u00e9ig, csaknem 10 ezer ember kapott valamilyen seg\u00edts\u00e9get a munkav\u00e1llal\u00e1shoz a Gazdas\u00e1gfejleszt\u00e9si \u00e9s Innov\u00e1ci\u00f3s Program (GINOP) keret\u00e9ben &#8211; k\u00f6z\u00f6lte a Vas V\u00e1rmegyei Korm\u00e1nyhivatal. A korm\u00e1ny az Eur\u00f3pai Uni\u00f3val k\u00f6t\u00f6tt partners\u00e9gi meg\u00e1llapod\u00e1sban t\u0171zte ki c\u00e9lul, hogy akt\u00edv eszk\u00f6z\u00f6kkel n\u00f6veli a munkaer\u0151piaci k\u00edn\u00e1latot. Az [&hellip;]<\/p>\n","protected":false},"author":1,"featured_media":7346,"comment_status":"closed","ping_status":"closed","sticky":false,"template":"","format":"standard","meta":{"_monsterinsights_skip_tracking":false,"footnotes":""},"categories":[200],"tags":[708],"class_list":["post-7345","post","type-post","status-publish","format-standard","has-post-thumbnail","hentry","category-munkaeropiac","tag-munkaeropiaci-tamogatas"],"aioseo_notices":[],"aioseo_head":"\n\t\t<!-- All in One SEO 5.0.0.1 - aioseo.com -->\n\t<meta name=\"description\" content=\"T\u00f6bb mint 6 milli\u00e1rd forintot ford\u00edthattak k\u00e9t munkaer\u0151piaci t\u00e1mogat\u00e1si programra Vasban 2015-t\u0151l 2023 v\u00e9g\u00e9ig.\" \/>\n\t<meta name=\"robots\" content=\"max-image-preview:large\" \/>\n\t<meta name=\"author\" content=\"Juh\u00e1sz P\u00e9ter\"\/>\n\t<meta name=\"keywords\" content=\"munkaer\u0151piaci t\u00e1mogat\u00e1s\" \/>\n\t<link rel=\"canonical\" href=\"https:\/\/allasorias.hu\/hirek\/sokan-jutottak-allashoz-vas-megyeben\/\" \/>\n\t<meta name=\"generator\" content=\"All in One SEO (AIOSEO) 5.0.0.1\" \/>\n\t\t<meta property=\"og:locale\" content=\"hu_HU\" \/>\n\t\t<meta property=\"og:site_name\" content=\"AllasOrias.hu | H\u00edrek-lapszemle | \u00dczleti h\u00edrek az \u00e1ll\u00e1s \u00e9s a munka vil\u00e1g\u00e1b\u00f3l\" \/>\n\t\t<meta property=\"og:type\" content=\"article\" \/>\n\t\t<meta property=\"og:title\" content=\"Sokan jutottak \u00e1ll\u00e1shoz Vas megy\u00e9ben | Allasorias.hu\" \/>\n\t\t<meta property=\"og:description\" content=\"T\u00f6bb mint 6 milli\u00e1rd forintot ford\u00edthattak k\u00e9t munkaer\u0151piaci t\u00e1mogat\u00e1si programra Vasban 2015-t\u0151l 2023 v\u00e9g\u00e9ig.\" \/>\n\t\t<meta property=\"og:url\" content=\"https:\/\/allasorias.hu\/hirek\/sokan-jutottak-allashoz-vas-megyeben\/\" \/>\n\t\t<meta property=\"og:image\" content=\"https:\/\/allasorias.hu\/hirek\/wp-content\/uploads\/2024\/02\/munkaeropiaco-tamogatasi-program.jpg\" \/>\n\t\t<meta property=\"og:image:secure_url\" content=\"https:\/\/allasorias.hu\/hirek\/wp-content\/uploads\/2024\/02\/munkaeropiaco-tamogatasi-program.jpg\" \/>\n\t\t<meta property=\"og:image:width\" content=\"1280\" \/>\n\t\t<meta property=\"og:image:height\" content=\"852\" \/>\n\t\t<meta property=\"article:published_time\" content=\"2024-02-19T15:20:33+00:00\" \/>\n\t\t<meta property=\"article:modified_time\" content=\"2024-02-19T15:20:33+00:00\" \/>\n\t\t<meta property=\"article:publisher\" content=\"https:\/\/www.facebook.com\/allasorias\" \/>\n\t\t<meta name=\"twitter:card\" content=\"summary_large_image\" \/>\n\t\t<meta name=\"twitter:title\" content=\"Sokan jutottak \u00e1ll\u00e1shoz Vas megy\u00e9ben | Allasorias.hu\" \/>\n\t\t<meta name=\"twitter:description\" content=\"T\u00f6bb mint 6 milli\u00e1rd forintot ford\u00edthattak k\u00e9t munkaer\u0151piaci t\u00e1mogat\u00e1si programra Vasban 2015-t\u0151l 2023 v\u00e9g\u00e9ig.\" \/>\n\t\t<meta name=\"twitter:image\" content=\"https:\/\/allasorias.hu\/hirek\/wp-content\/uploads\/2024\/02\/munkaeropiaco-tamogatasi-program.jpg\" \/>\n\t\t<meta name=\"twitter:label1\" content=\"Written by\" \/>\n\t\t<meta name=\"twitter:data1\" content=\"Juh\u00e1sz P\u00e9ter\" \/>\n\t\t<meta name=\"twitter:label2\" content=\"Est. reading time\" \/>\n\t\t<meta name=\"twitter:data2\" content=\"2 minutes\" \/>\n\t\t<script type=\"application\/ld+json\" class=\"aioseo-schema\">\n\t\t\t{\"@context\":\"https:\\\/\\\/schema.org\",\"@graph\":[{\"@type\":\"Article\",\"@id\":\"https:\\\/\\\/allasorias.hu\\\/hirek\\\/sokan-jutottak-allashoz-vas-megyeben\\\/#article\",\"name\":\"Sokan jutottak \\u00e1ll\\u00e1shoz Vas megy\\u00e9ben | Allasorias.hu\",\"headline\":\"Sokan jutottak \\u00e1ll\\u00e1shoz Vas megy\\u00e9ben\",\"author\":{\"@id\":\"https:\\\/\\\/allasorias.hu\\\/hirek\\\/author\\\/admin-allasorias\\\/#author\"},\"publisher\":{\"@id\":\"https:\\\/\\\/allasorias.hu\\\/hirek\\\/#organization\"},\"image\":{\"@type\":\"ImageObject\",\"url\":\"https:\\\/\\\/allasorias.hu\\\/hirek\\\/wp-content\\\/uploads\\\/2024\\\/02\\\/munkaeropiaco-tamogatasi-program.jpg\",\"width\":1280,\"height\":852,\"caption\":\"Sokan jutottak \\u00e1ll\\u00e1shoz Vas megy\\u00e9ben - Allasorias.hu\\\/Hirek\"},\"datePublished\":\"2024-02-19T17:20:33+02:00\",\"dateModified\":\"2024-02-19T17:20:33+02:00\",\"inLanguage\":\"hu-HU\",\"mainEntityOfPage\":{\"@id\":\"https:\\\/\\\/allasorias.hu\\\/hirek\\\/sokan-jutottak-allashoz-vas-megyeben\\\/#webpage\"},\"isPartOf\":{\"@id\":\"https:\\\/\\\/allasorias.hu\\\/hirek\\\/sokan-jutottak-allashoz-vas-megyeben\\\/#webpage\"},\"articleSection\":\"Munkaer\\u0151piac, munkaer\\u0151piaci t\\u00e1mogat\\u00e1s\"},{\"@type\":\"BreadcrumbList\",\"@id\":\"https:\\\/\\\/allasorias.hu\\\/hirek\\\/sokan-jutottak-allashoz-vas-megyeben\\\/#breadcrumblist\",\"itemListElement\":[{\"@type\":\"ListItem\",\"@id\":\"https:\\\/\\\/allasorias.hu\\\/hirek#listItem\",\"position\":1,\"name\":\"Home\",\"item\":\"https:\\\/\\\/allasorias.hu\\\/hirek\",\"nextItem\":{\"@type\":\"ListItem\",\"@id\":\"https:\\\/\\\/allasorias.hu\\\/hirek\\\/temak\\\/munkaeropiac\\\/#listItem\",\"name\":\"Munkaer\\u0151piac\"}},{\"@type\":\"ListItem\",\"@id\":\"https:\\\/\\\/allasorias.hu\\\/hirek\\\/temak\\\/munkaeropiac\\\/#listItem\",\"position\":2,\"name\":\"Munkaer\\u0151piac\",\"item\":\"https:\\\/\\\/allasorias.hu\\\/hirek\\\/temak\\\/munkaeropiac\\\/\",\"nextItem\":{\"@type\":\"ListItem\",\"@id\":\"https:\\\/\\\/allasorias.hu\\\/hirek\\\/sokan-jutottak-allashoz-vas-megyeben\\\/#listItem\",\"name\":\"Sokan jutottak \\u00e1ll\\u00e1shoz Vas megy\\u00e9ben\"},\"previousItem\":{\"@type\":\"ListItem\",\"@id\":\"https:\\\/\\\/allasorias.hu\\\/hirek#listItem\",\"name\":\"Home\"}},{\"@type\":\"ListItem\",\"@id\":\"https:\\\/\\\/allasorias.hu\\\/hirek\\\/sokan-jutottak-allashoz-vas-megyeben\\\/#listItem\",\"position\":3,\"name\":\"Sokan jutottak \\u00e1ll\\u00e1shoz Vas megy\\u00e9ben\",\"previousItem\":{\"@type\":\"ListItem\",\"@id\":\"https:\\\/\\\/allasorias.hu\\\/hirek\\\/temak\\\/munkaeropiac\\\/#listItem\",\"name\":\"Munkaer\\u0151piac\"}}]},{\"@type\":\"Organization\",\"@id\":\"https:\\\/\\\/allasorias.hu\\\/hirek\\\/#organization\",\"name\":\"AllasOrias.hu | H\\u00edrek-lapszemle\",\"description\":\"\\u00dczleti h\\u00edrek az \\u00e1ll\\u00e1s \\u00e9s a munka vil\\u00e1g\\u00e1b\\u00f3l\",\"url\":\"https:\\\/\\\/allasorias.hu\\\/hirek\\\/\",\"logo\":{\"@type\":\"ImageObject\",\"url\":\"https:\\\/\\\/allasorias.hu\\\/hirek\\\/wp-content\\\/uploads\\\/2022\\\/10\\\/allasorias_site_facebok_logo.png\",\"@id\":\"https:\\\/\\\/allasorias.hu\\\/hirek\\\/sokan-jutottak-allashoz-vas-megyeben\\\/#organizationLogo\"},\"image\":{\"@id\":\"https:\\\/\\\/allasorias.hu\\\/hirek\\\/sokan-jutottak-allashoz-vas-megyeben\\\/#organizationLogo\"},\"sameAs\":[\"https:\\\/\\\/www.facebook.com\\\/allasorias\",\"https:\\\/\\\/www.linkedin.com\\\/company\\\/allasorias\"]},{\"@type\":\"Person\",\"@id\":\"https:\\\/\\\/allasorias.hu\\\/hirek\\\/author\\\/admin-allasorias\\\/#author\",\"url\":\"https:\\\/\\\/allasorias.hu\\\/hirek\\\/author\\\/admin-allasorias\\\/\",\"name\":\"Juh\\u00e1sz P\\u00e9ter\",\"image\":{\"@type\":\"ImageObject\",\"@id\":\"https:\\\/\\\/allasorias.hu\\\/hirek\\\/sokan-jutottak-allashoz-vas-megyeben\\\/#authorImage\",\"url\":\"https:\\\/\\\/secure.gravatar.com\\\/avatar\\\/36e6bcb83148978b992977cb0f54d22feb0cce8a0a849a9410532bb2623ba4c6?s=96&d=mm&r=g\",\"width\":96,\"height\":96,\"caption\":\"Juh\\u00e1sz P\\u00e9ter\"}},{\"@type\":\"WebPage\",\"@id\":\"https:\\\/\\\/allasorias.hu\\\/hirek\\\/sokan-jutottak-allashoz-vas-megyeben\\\/#webpage\",\"url\":\"https:\\\/\\\/allasorias.hu\\\/hirek\\\/sokan-jutottak-allashoz-vas-megyeben\\\/\",\"name\":\"Sokan jutottak \\u00e1ll\\u00e1shoz Vas megy\\u00e9ben | Allasorias.hu\",\"description\":\"T\\u00f6bb mint 6 milli\\u00e1rd forintot ford\\u00edthattak k\\u00e9t munkaer\\u0151piaci t\\u00e1mogat\\u00e1si programra Vasban 2015-t\\u0151l 2023 v\\u00e9g\\u00e9ig.\",\"inLanguage\":\"hu-HU\",\"isPartOf\":{\"@id\":\"https:\\\/\\\/allasorias.hu\\\/hirek\\\/#website\"},\"breadcrumb\":{\"@id\":\"https:\\\/\\\/allasorias.hu\\\/hirek\\\/sokan-jutottak-allashoz-vas-megyeben\\\/#breadcrumblist\"},\"author\":{\"@id\":\"https:\\\/\\\/allasorias.hu\\\/hirek\\\/author\\\/admin-allasorias\\\/#author\"},\"creator\":{\"@id\":\"https:\\\/\\\/allasorias.hu\\\/hirek\\\/author\\\/admin-allasorias\\\/#author\"},\"image\":{\"@type\":\"ImageObject\",\"url\":\"https:\\\/\\\/allasorias.hu\\\/hirek\\\/wp-content\\\/uploads\\\/2024\\\/02\\\/munkaeropiaco-tamogatasi-program.jpg\",\"@id\":\"https:\\\/\\\/allasorias.hu\\\/hirek\\\/sokan-jutottak-allashoz-vas-megyeben\\\/#mainImage\",\"width\":1280,\"height\":852,\"caption\":\"Sokan jutottak \\u00e1ll\\u00e1shoz Vas megy\\u00e9ben - Allasorias.hu\\\/Hirek\"},\"primaryImageOfPage\":{\"@id\":\"https:\\\/\\\/allasorias.hu\\\/hirek\\\/sokan-jutottak-allashoz-vas-megyeben\\\/#mainImage\"},\"datePublished\":\"2024-02-19T17:20:33+02:00\",\"dateModified\":\"2024-02-19T17:20:33+02:00\"},{\"@type\":\"WebSite\",\"@id\":\"https:\\\/\\\/allasorias.hu\\\/hirek\\\/#website\",\"url\":\"https:\\\/\\\/allasorias.hu\\\/hirek\\\/\",\"name\":\"AllasOrias.hu | H\\u00edrek-lapszemle\",\"description\":\"\\u00dczleti h\\u00edrek az \\u00e1ll\\u00e1s \\u00e9s a munka vil\\u00e1g\\u00e1b\\u00f3l\",\"inLanguage\":\"hu-HU\",\"publisher\":{\"@id\":\"https:\\\/\\\/allasorias.hu\\\/hirek\\\/#organization\"}}]}\n\t\t<\/script>\n\t\t<!-- All in One SEO -->\n\n","aioseo_head_json":{"title":"Sokan jutottak \u00e1ll\u00e1shoz Vas megy\u00e9ben | Allasorias.hu","description":"T\u00f6bb mint 6 milli\u00e1rd forintot ford\u00edthattak k\u00e9t munkaer\u0151piaci t\u00e1mogat\u00e1si programra Vasban 2015-t\u0151l 2023 v\u00e9g\u00e9ig.","canonical_url":"https:\/\/allasorias.hu\/hirek\/sokan-jutottak-allashoz-vas-megyeben\/","robots":"max-image-preview:large","keywords":"munkaer\u0151piaci t\u00e1mogat\u00e1s","webmasterTools":{"miscellaneous":""},"schema":{"@context":"https:\/\/schema.org","@graph":[{"@type":"Article","@id":"https:\/\/allasorias.hu\/hirek\/sokan-jutottak-allashoz-vas-megyeben\/#article","name":"Sokan jutottak \u00e1ll\u00e1shoz Vas megy\u00e9ben | Allasorias.hu","headline":"Sokan jutottak \u00e1ll\u00e1shoz Vas megy\u00e9ben","author":{"@id":"https:\/\/allasorias.hu\/hirek\/author\/admin-allasorias\/#author"},"publisher":{"@id":"https:\/\/allasorias.hu\/hirek\/#organization"},"image":{"@type":"ImageObject","url":"https:\/\/allasorias.hu\/hirek\/wp-content\/uploads\/2024\/02\/munkaeropiaco-tamogatasi-program.jpg","width":1280,"height":852,"caption":"Sokan jutottak \u00e1ll\u00e1shoz Vas megy\u00e9ben - Allasorias.hu\/Hirek"},"datePublished":"2024-02-19T17:20:33+02:00","dateModified":"2024-02-19T17:20:33+02:00","inLanguage":"hu-HU","mainEntityOfPage":{"@id":"https:\/\/allasorias.hu\/hirek\/sokan-jutottak-allashoz-vas-megyeben\/#webpage"},"isPartOf":{"@id":"https:\/\/allasorias.hu\/hirek\/sokan-jutottak-allashoz-vas-megyeben\/#webpage"},"articleSection":"Munkaer\u0151piac, munkaer\u0151piaci t\u00e1mogat\u00e1s"},{"@type":"BreadcrumbList","@id":"https:\/\/allasorias.hu\/hirek\/sokan-jutottak-allashoz-vas-megyeben\/#breadcrumblist","itemListElement":[{"@type":"ListItem","@id":"https:\/\/allasorias.hu\/hirek#listItem","position":1,"name":"Home","item":"https:\/\/allasorias.hu\/hirek","nextItem":{"@type":"ListItem","@id":"https:\/\/allasorias.hu\/hirek\/temak\/munkaeropiac\/#listItem","name":"Munkaer\u0151piac"}},{"@type":"ListItem","@id":"https:\/\/allasorias.hu\/hirek\/temak\/munkaeropiac\/#listItem","position":2,"name":"Munkaer\u0151piac","item":"https:\/\/allasorias.hu\/hirek\/temak\/munkaeropiac\/","nextItem":{"@type":"ListItem","@id":"https:\/\/allasorias.hu\/hirek\/sokan-jutottak-allashoz-vas-megyeben\/#listItem","name":"Sokan jutottak \u00e1ll\u00e1shoz Vas megy\u00e9ben"},"previousItem":{"@type":"ListItem","@id":"https:\/\/allasorias.hu\/hirek#listItem","name":"Home"}},{"@type":"ListItem","@id":"https:\/\/allasorias.hu\/hirek\/sokan-jutottak-allashoz-vas-megyeben\/#listItem","position":3,"name":"Sokan jutottak \u00e1ll\u00e1shoz Vas megy\u00e9ben","previousItem":{"@type":"ListItem","@id":"https:\/\/allasorias.hu\/hirek\/temak\/munkaeropiac\/#listItem","name":"Munkaer\u0151piac"}}]},{"@type":"Organization","@id":"https:\/\/allasorias.hu\/hirek\/#organization","name":"AllasOrias.hu | H\u00edrek-lapszemle","description":"\u00dczleti h\u00edrek az \u00e1ll\u00e1s \u00e9s a munka vil\u00e1g\u00e1b\u00f3l","url":"https:\/\/allasorias.hu\/hirek\/","logo":{"@type":"ImageObject","url":"https:\/\/allasorias.hu\/hirek\/wp-content\/uploads\/2022\/10\/allasorias_site_facebok_logo.png","@id":"https:\/\/allasorias.hu\/hirek\/sokan-jutottak-allashoz-vas-megyeben\/#organizationLogo"},"image":{"@id":"https:\/\/allasorias.hu\/hirek\/sokan-jutottak-allashoz-vas-megyeben\/#organizationLogo"},"sameAs":["https:\/\/www.facebook.com\/allasorias","https:\/\/www.linkedin.com\/company\/allasorias"]},{"@type":"Person","@id":"https:\/\/allasorias.hu\/hirek\/author\/admin-allasorias\/#author","url":"https:\/\/allasorias.hu\/hirek\/author\/admin-allasorias\/","name":"Juh\u00e1sz P\u00e9ter","image":{"@type":"ImageObject","@id":"https:\/\/allasorias.hu\/hirek\/sokan-jutottak-allashoz-vas-megyeben\/#authorImage","url":"https:\/\/secure.gravatar.com\/avatar\/36e6bcb83148978b992977cb0f54d22feb0cce8a0a849a9410532bb2623ba4c6?s=96&d=mm&r=g","width":96,"height":96,"caption":"Juh\u00e1sz P\u00e9ter"}},{"@type":"WebPage","@id":"https:\/\/allasorias.hu\/hirek\/sokan-jutottak-allashoz-vas-megyeben\/#webpage","url":"https:\/\/allasorias.hu\/hirek\/sokan-jutottak-allashoz-vas-megyeben\/","name":"Sokan jutottak \u00e1ll\u00e1shoz Vas megy\u00e9ben | Allasorias.hu","description":"T\u00f6bb mint 6 milli\u00e1rd forintot ford\u00edthattak k\u00e9t munkaer\u0151piaci t\u00e1mogat\u00e1si programra Vasban 2015-t\u0151l 2023 v\u00e9g\u00e9ig.","inLanguage":"hu-HU","isPartOf":{"@id":"https:\/\/allasorias.hu\/hirek\/#website"},"breadcrumb":{"@id":"https:\/\/allasorias.hu\/hirek\/sokan-jutottak-allashoz-vas-megyeben\/#breadcrumblist"},"author":{"@id":"https:\/\/allasorias.hu\/hirek\/author\/admin-allasorias\/#author"},"creator":{"@id":"https:\/\/allasorias.hu\/hirek\/author\/admin-allasorias\/#author"},"image":{"@type":"ImageObject","url":"https:\/\/allasorias.hu\/hirek\/wp-content\/uploads\/2024\/02\/munkaeropiaco-tamogatasi-program.jpg","@id":"https:\/\/allasorias.hu\/hirek\/sokan-jutottak-allashoz-vas-megyeben\/#mainImage","width":1280,"height":852,"caption":"Sokan jutottak \u00e1ll\u00e1shoz Vas megy\u00e9ben - Allasorias.hu\/Hirek"},"primaryImageOfPage":{"@id":"https:\/\/allasorias.hu\/hirek\/sokan-jutottak-allashoz-vas-megyeben\/#mainImage"},"datePublished":"2024-02-19T17:20:33+02:00","dateModified":"2024-02-19T17:20:33+02:00"},{"@type":"WebSite","@id":"https:\/\/allasorias.hu\/hirek\/#website","url":"https:\/\/allasorias.hu\/hirek\/","name":"AllasOrias.hu | H\u00edrek-lapszemle","description":"\u00dczleti h\u00edrek az \u00e1ll\u00e1s \u00e9s a munka vil\u00e1g\u00e1b\u00f3l","inLanguage":"hu-HU","publisher":{"@id":"https:\/\/allasorias.hu\/hirek\/#organization"}}]},"og:locale":"hu_HU","og:site_name":"AllasOrias.hu | H\u00edrek-lapszemle | \u00dczleti h\u00edrek az \u00e1ll\u00e1s \u00e9s a munka vil\u00e1g\u00e1b\u00f3l","og:type":"article","og:title":"Sokan jutottak \u00e1ll\u00e1shoz Vas megy\u00e9ben | Allasorias.hu","og:description":"T\u00f6bb mint 6 milli\u00e1rd forintot ford\u00edthattak k\u00e9t munkaer\u0151piaci t\u00e1mogat\u00e1si programra Vasban 2015-t\u0151l 2023 v\u00e9g\u00e9ig.","og:url":"https:\/\/allasorias.hu\/hirek\/sokan-jutottak-allashoz-vas-megyeben\/","og:image":"https:\/\/allasorias.hu\/hirek\/wp-content\/uploads\/2024\/02\/munkaeropiaco-tamogatasi-program.jpg","og:image:secure_url":"https:\/\/allasorias.hu\/hirek\/wp-content\/uploads\/2024\/02\/munkaeropiaco-tamogatasi-program.jpg","og:image:width":1280,"og:image:height":852,"article:published_time":"2024-02-19T15:20:33+00:00","article:modified_time":"2024-02-19T15:20:33+00:00","article:publisher":"https:\/\/www.facebook.com\/allasorias","twitter:card":"summary_large_image","twitter:title":"Sokan jutottak \u00e1ll\u00e1shoz Vas megy\u00e9ben | Allasorias.hu","twitter:description":"T\u00f6bb mint 6 milli\u00e1rd forintot ford\u00edthattak k\u00e9t munkaer\u0151piaci t\u00e1mogat\u00e1si programra Vasban 2015-t\u0151l 2023 v\u00e9g\u00e9ig.","twitter:image":"https:\/\/allasorias.hu\/hirek\/wp-content\/uploads\/2024\/02\/munkaeropiaco-tamogatasi-program.jpg","twitter:label1":"Written by","twitter:data1":"Juh\u00e1sz P\u00e9ter","twitter:label2":"Est. reading time","twitter:data2":"2 minutes"},"aioseo_meta_data":{"post_id":"7345","title":"#post_title | Allasorias.hu","description":"T\u00f6bb mint 6 milli\u00e1rd forintot ford\u00edthattak k\u00e9t munkaer\u0151piaci t\u00e1mogat\u00e1si programra Vasban 2015-t\u0151l 2023 v\u00e9g\u00e9ig.","keywords":[],"keyphrases":{"focus":{"keyphrase":"","score":0,"analysis":{"keyphraseInTitle":{"score":0,"maxScore":9,"error":1}}},"additional":[]},"primary_term":null,"canonical_url":null,"og_title":null,"og_description":null,"og_object_type":"default","og_image_type":"default","og_image_url":null,"og_image_width":null,"og_image_height":null,"og_image_custom_url":null,"og_image_custom_fields":null,"og_video":"","og_custom_url":null,"og_article_section":null,"og_article_tags":[],"twitter_use_og":true,"twitter_card":"default","twitter_image_type":"default","twitter_image_url":null,"twitter_image_custom_url":null,"twitter_image_custom_fields":null,"twitter_title":null,"twitter_description":null,"schema":{"blockGraphs":[],"customGraphs":[],"default":{"data":{"Article":[],"Course":[],"Dataset":[],"FAQPage":[],"Movie":[],"Person":[],"Product":[],"ProductReview":[],"Car":[],"Recipe":[],"Service":[],"SoftwareApplication":[],"WebPage":[]},"graphName":"Article","isEnabled":true},"graphs":[]},"schema_type":"default","schema_type_options":null,"pillar_content":false,"robots_default":true,"robots_noindex":false,"robots_noarchive":false,"robots_nosnippet":false,"robots_nofollow":false,"robots_noimageindex":false,"robots_noodp":false,"robots_notranslate":false,"robots_max_snippet":"-1","robots_max_videopreview":"-1","robots_max_imagepreview":"large","priority":null,"frequency":"default","location":null,"local_seo":null,"breadcrumb_settings":null,"limit_modified_date":false,"ai":null,"created":"2024-02-19 15:03:59","updated":"2025-10-02 19:35:23","seo_analyzer_scan_date":null,"focus_keyword":null,"additional_keywords":null,"truseo_locale":null},"aioseo_breadcrumb":"<div class=\"aioseo-breadcrumbs\"><span class=\"aioseo-breadcrumb\">\n\t\t\t<a href=\"https:\/\/allasorias.hu\/hirek\" title=\"Home\">Home<\/a>\n\t\t<\/span><span class=\"aioseo-breadcrumb-separator\">&raquo;<\/span><span class=\"aioseo-breadcrumb\">\n\t\t\t<a href=\"https:\/\/allasorias.hu\/hirek\/temak\/munkaeropiac\/\" title=\"Munkaer\u0151piac\">Munkaer\u0151piac<\/a>\n\t\t<\/span><span class=\"aioseo-breadcrumb-separator\">&raquo;<\/span><span class=\"aioseo-breadcrumb\">\n\t\t\tSokan jutottak \u00e1ll\u00e1shoz Vas megy\u00e9ben\n\t\t<\/span><\/div>","aioseo_breadcrumb_json":[{"label":"Home","link":"https:\/\/allasorias.hu\/hirek"},{"label":"Munkaer\u0151piac","link":"https:\/\/allasorias.hu\/hirek\/temak\/munkaeropiac\/"},{"label":"Sokan jutottak \u00e1ll\u00e1shoz Vas megy\u00e9ben","link":"https:\/\/allasorias.hu\/hirek\/sokan-jutottak-allashoz-vas-megyeben\/"}],"_links":{"self":[{"href":"https:\/\/allasorias.hu\/hirek\/wp-json\/wp\/v2\/posts\/7345","targetHints":{"allow":["GET"]}}],"collection":[{"href":"https:\/\/allasorias.hu\/hirek\/wp-json\/wp\/v2\/posts"}],"about":[{"href":"https:\/\/allasorias.hu\/hirek\/wp-json\/wp\/v2\/types\/post"}],"author":[{"embeddable":true,"href":"https:\/\/allasorias.hu\/hirek\/wp-json\/wp\/v2\/users\/1"}],"replies":[{"embeddable":true,"href":"https:\/\/allasorias.hu\/hirek\/wp-json\/wp\/v2\/comments?post=7345"}],"version-history":[{"count":2,"href":"https:\/\/allasorias.hu\/hirek\/wp-json\/wp\/v2\/posts\/7345\/revisions"}],"predecessor-version":[{"id":7348,"href":"https:\/\/allasorias.hu\/hirek\/wp-json\/wp\/v2\/posts\/7345\/revisions\/7348"}],"wp:featuredmedia":[{"embeddable":true,"href":"https:\/\/allasorias.hu\/hirek\/wp-json\/wp\/v2\/media\/7346"}],"wp:attachment":[{"href":"https:\/\/allasorias.hu\/hirek\/wp-json\/wp\/v2\/media?parent=7345"}],"wp:term":[{"taxonomy":"category","embeddable":true,"href":"https:\/\/allasorias.hu\/hirek\/wp-json\/wp\/v2\/categories?post=7345"},{"taxonomy":"post_tag","embeddable":true,"href":"https:\/\/allasorias.hu\/hirek\/wp-json\/wp\/v2\/tags?post=7345"}],"curies":[{"name":"wp","href":"https:\/\/api.w.org\/{rel}","templated":true}]}}