{"id":7335,"date":"2024-02-15T11:28:12","date_gmt":"2024-02-15T09:28:12","guid":{"rendered":"https:\/\/allasorias.hu\/hirek\/?p=7335"},"modified":"2024-02-15T11:31:48","modified_gmt":"2024-02-15T09:31:48","slug":"meg-mindig-nepszeru-az-osztrak-munka","status":"publish","type":"post","link":"https:\/\/allasorias.hu\/hirek\/meg-mindig-nepszeru-az-osztrak-munka\/","title":{"rendered":"M\u00e9g mindig n\u00e9pszer\u0171 az osztr\u00e1k munka"},"content":{"rendered":"<p><strong>Lakoss\u00e1gar\u00e1nyosan sokkal t\u00f6bb magyar dolgozik a nyugati szomsz\u00e9dunkban, Ausztri\u00e1ban, mint n\u00e9met.<\/strong><\/p>\n<p>Tavaly k\u00f6r\u00fclbel\u00fcl <a href=\"https:\/\/allasorias.hu\/hirek\/a-magyar-kolonia-mar-a-legnepesebb-ausztriaban\/\">122 ezer magyar d\u00f6nt\u00f6tt \u00fagy, hogy Ausztri\u00e1ban v\u00e1llal munk\u00e1t<\/a> \u2013 \u00edrja a P\u00e9nzcentrum az \u00d6sterreichische Sozialversicherung oldal\u00e1n tal\u00e1lhat\u00f3 statisztik\u00e1k alapj\u00e1n. N\u00e9metorsz\u00e1g (123 ezer) ut\u00e1n Magyarorsz\u00e1gr\u00f3l (121 ezer) \u00e9rkezett a legt\u00f6bb dolgoz\u00f3 az orsz\u00e1gba\u00a0 a 2023-as \u00e9ves \u00e1tlag szerint. A harmadik helyen \u00c1zsia (83 ezer) \u00e1ll, majd Rom\u00e1nia (79 ezer) k\u00f6vetkezik a sorban.\u00a0 Az Ausztri\u00e1ban dolgoz\u00f3 k\u00fclf\u00f6ldi munkav\u00e1llal\u00f3k k\u00f6r\u00e9ben a h\u00e1rom legn\u00e9pszer\u0171bb szakma:<\/p>\n<ul>\n<li>gy\u00e1rt\u00e1s \/ \u00e1rutermel\u00e9s, a kereskedelem<\/li>\n<li>g\u00e9pj\u00e1rm\u0171vek \u00e9s motorker\u00e9kp\u00e1rok jav\u00edt\u00e1sa \u00e9s karbantart\u00e1sa<\/li>\n<li>a sz\u00e1llod\u00e1k \u00e9s \u00e9ttermek \/ sz\u00e1ll\u00e1shely-szolg\u00e1ltat\u00e1s \u00e9s vend\u00e9gl\u00e1t\u00e1s<\/li>\n<\/ul>\n<p>A k\u00fclf\u00f6ldi munkav\u00e1llal\u00f3k k\u00f6z\u00fcl a f\u00e9rfiak t\u00f6bbs\u00e9ge gy\u00e1rimunk\u00e1sk\u00e9nt, fizikai munk\u00e1sk\u00e9nt dolgozik, m\u00edg a n\u0151k az eg\u00e9szs\u00e9g\u00fcgyi szektorban, \u00e1pol\u00f3i munkak\u00f6rben helyezkednek el.<\/p>\n<p>Forr\u00e1s: <a href=\"https:\/\/www.hrportal.hu\/c\/ezek-a-legnepszerubb-munkak-az-ausztriaban-dolgozo-kulfoldiek-koreben-20240214.html\" target=\"_blank\" rel=\"nofollow noopener noreferrer\">hrportal.hu<\/a><\/p>\n","protected":false},"excerpt":{"rendered":"<p>Lakoss\u00e1gar\u00e1nyosan sokkal t\u00f6bb magyar dolgozik a nyugati szomsz\u00e9dunkban, Ausztri\u00e1ban, mint n\u00e9met. Tavaly k\u00f6r\u00fclbel\u00fcl 122 ezer magyar d\u00f6nt\u00f6tt \u00fagy, hogy Ausztri\u00e1ban v\u00e1llal munk\u00e1t \u2013 \u00edrja a P\u00e9nzcentrum az \u00d6sterreichische Sozialversicherung oldal\u00e1n tal\u00e1lhat\u00f3 statisztik\u00e1k alapj\u00e1n. N\u00e9metorsz\u00e1g (123 ezer) ut\u00e1n Magyarorsz\u00e1gr\u00f3l (121 ezer) \u00e9rkezett a legt\u00f6bb dolgoz\u00f3 az orsz\u00e1gba\u00a0 a 2023-as \u00e9ves \u00e1tlag szerint. A harmadik helyen \u00c1zsia [&hellip;]<\/p>\n","protected":false},"author":1,"featured_media":7336,"comment_status":"closed","ping_status":"closed","sticky":false,"template":"","format":"standard","meta":{"_monsterinsights_skip_tracking":false,"footnotes":""},"categories":[201],"tags":[402,707],"class_list":["post-7335","post","type-post","status-publish","format-standard","has-post-thumbnail","hentry","category-kulfold","tag-ausztria","tag-osztrak-munka"],"aioseo_notices":[],"aioseo_head":"\n\t\t<!-- All in One SEO 5.0.0.1 - aioseo.com -->\n\t<meta name=\"description\" content=\"Lakoss\u00e1gar\u00e1nyosan sokkal t\u00f6bb magyar dolgozik a nyugati szomsz\u00e9dunkban, Ausztri\u00e1ban, mint n\u00e9met.\" \/>\n\t<meta name=\"robots\" content=\"max-image-preview:large\" \/>\n\t<meta name=\"author\" content=\"Juh\u00e1sz P\u00e9ter\"\/>\n\t<meta name=\"keywords\" content=\"ausztria,osztr\u00e1k munka\" \/>\n\t<link rel=\"canonical\" href=\"https:\/\/allasorias.hu\/hirek\/meg-mindig-nepszeru-az-osztrak-munka\/\" \/>\n\t<meta name=\"generator\" content=\"All in One SEO (AIOSEO) 5.0.0.1\" \/>\n\t\t<meta property=\"og:locale\" content=\"hu_HU\" \/>\n\t\t<meta property=\"og:site_name\" content=\"AllasOrias.hu | H\u00edrek-lapszemle | \u00dczleti h\u00edrek az \u00e1ll\u00e1s \u00e9s a munka vil\u00e1g\u00e1b\u00f3l\" \/>\n\t\t<meta property=\"og:type\" content=\"article\" \/>\n\t\t<meta property=\"og:title\" content=\"M\u00e9g mindig n\u00e9pszer\u0171 az osztr\u00e1k munka | Allasoarias.hu\/Hirek\" \/>\n\t\t<meta property=\"og:description\" content=\"Lakoss\u00e1gar\u00e1nyosan sokkal t\u00f6bb magyar dolgozik a nyugati szomsz\u00e9dunkban, Ausztri\u00e1ban, mint n\u00e9met.\" \/>\n\t\t<meta property=\"og:url\" content=\"https:\/\/allasorias.hu\/hirek\/meg-mindig-nepszeru-az-osztrak-munka\/\" \/>\n\t\t<meta property=\"og:image\" content=\"https:\/\/allasorias.hu\/hirek\/wp-content\/uploads\/2024\/02\/osztrak-munka.jpg\" \/>\n\t\t<meta property=\"og:image:secure_url\" content=\"https:\/\/allasorias.hu\/hirek\/wp-content\/uploads\/2024\/02\/osztrak-munka.jpg\" \/>\n\t\t<meta property=\"og:image:width\" content=\"1280\" \/>\n\t\t<meta property=\"og:image:height\" content=\"731\" \/>\n\t\t<meta property=\"article:published_time\" content=\"2024-02-15T09:28:12+00:00\" \/>\n\t\t<meta property=\"article:modified_time\" content=\"2024-02-15T09:31:48+00:00\" \/>\n\t\t<meta property=\"article:publisher\" content=\"https:\/\/www.facebook.com\/allasorias\" \/>\n\t\t<meta name=\"twitter:card\" content=\"summary_large_image\" \/>\n\t\t<meta name=\"twitter:title\" content=\"M\u00e9g mindig n\u00e9pszer\u0171 az osztr\u00e1k munka | Allasoarias.hu\/Hirek\" \/>\n\t\t<meta name=\"twitter:description\" content=\"Lakoss\u00e1gar\u00e1nyosan sokkal t\u00f6bb magyar dolgozik a nyugati szomsz\u00e9dunkban, Ausztri\u00e1ban, mint n\u00e9met.\" \/>\n\t\t<meta name=\"twitter:image\" content=\"https:\/\/allasorias.hu\/hirek\/wp-content\/uploads\/2024\/02\/osztrak-munka.jpg\" \/>\n\t\t<meta name=\"twitter:label1\" content=\"Written by\" \/>\n\t\t<meta name=\"twitter:data1\" content=\"Juh\u00e1sz P\u00e9ter\" \/>\n\t\t<meta name=\"twitter:label2\" content=\"Est. reading time\" \/>\n\t\t<meta name=\"twitter:data2\" content=\"1 minute\" \/>\n\t\t<script type=\"application\/ld+json\" class=\"aioseo-schema\">\n\t\t\t{\"@context\":\"https:\\\/\\\/schema.org\",\"@graph\":[{\"@type\":\"Article\",\"@id\":\"https:\\\/\\\/allasorias.hu\\\/hirek\\\/meg-mindig-nepszeru-az-osztrak-munka\\\/#article\",\"name\":\"M\\u00e9g mindig n\\u00e9pszer\\u0171 az osztr\\u00e1k munka | Allasoarias.hu\\\/Hirek\",\"headline\":\"M\\u00e9g mindig n\\u00e9pszer\\u0171 az osztr\\u00e1k munka\",\"author\":{\"@id\":\"https:\\\/\\\/allasorias.hu\\\/hirek\\\/author\\\/admin-allasorias\\\/#author\"},\"publisher\":{\"@id\":\"https:\\\/\\\/allasorias.hu\\\/hirek\\\/#organization\"},\"image\":{\"@type\":\"ImageObject\",\"url\":\"https:\\\/\\\/allasorias.hu\\\/hirek\\\/wp-content\\\/uploads\\\/2024\\\/02\\\/osztrak-munka.jpg\",\"width\":1280,\"height\":731,\"caption\":\"M\\u00e9g mindig n\\u00e9pszer\\u0171 az osztr\\u00e1k munka - Allasorias.hu\\\/Hirek\"},\"datePublished\":\"2024-02-15T11:28:12+02:00\",\"dateModified\":\"2024-02-15T11:31:48+02:00\",\"inLanguage\":\"hu-HU\",\"mainEntityOfPage\":{\"@id\":\"https:\\\/\\\/allasorias.hu\\\/hirek\\\/meg-mindig-nepszeru-az-osztrak-munka\\\/#webpage\"},\"isPartOf\":{\"@id\":\"https:\\\/\\\/allasorias.hu\\\/hirek\\\/meg-mindig-nepszeru-az-osztrak-munka\\\/#webpage\"},\"articleSection\":\"K\\u00fclf\\u00f6ld, Ausztria, osztr\\u00e1k munka\"},{\"@type\":\"BreadcrumbList\",\"@id\":\"https:\\\/\\\/allasorias.hu\\\/hirek\\\/meg-mindig-nepszeru-az-osztrak-munka\\\/#breadcrumblist\",\"itemListElement\":[{\"@type\":\"ListItem\",\"@id\":\"https:\\\/\\\/allasorias.hu\\\/hirek#listItem\",\"position\":1,\"name\":\"Home\",\"item\":\"https:\\\/\\\/allasorias.hu\\\/hirek\",\"nextItem\":{\"@type\":\"ListItem\",\"@id\":\"https:\\\/\\\/allasorias.hu\\\/hirek\\\/temak\\\/kulfold\\\/#listItem\",\"name\":\"K\\u00fclf\\u00f6ld\"}},{\"@type\":\"ListItem\",\"@id\":\"https:\\\/\\\/allasorias.hu\\\/hirek\\\/temak\\\/kulfold\\\/#listItem\",\"position\":2,\"name\":\"K\\u00fclf\\u00f6ld\",\"item\":\"https:\\\/\\\/allasorias.hu\\\/hirek\\\/temak\\\/kulfold\\\/\",\"nextItem\":{\"@type\":\"ListItem\",\"@id\":\"https:\\\/\\\/allasorias.hu\\\/hirek\\\/meg-mindig-nepszeru-az-osztrak-munka\\\/#listItem\",\"name\":\"M\\u00e9g mindig n\\u00e9pszer\\u0171 az osztr\\u00e1k munka\"},\"previousItem\":{\"@type\":\"ListItem\",\"@id\":\"https:\\\/\\\/allasorias.hu\\\/hirek#listItem\",\"name\":\"Home\"}},{\"@type\":\"ListItem\",\"@id\":\"https:\\\/\\\/allasorias.hu\\\/hirek\\\/meg-mindig-nepszeru-az-osztrak-munka\\\/#listItem\",\"position\":3,\"name\":\"M\\u00e9g mindig n\\u00e9pszer\\u0171 az osztr\\u00e1k munka\",\"previousItem\":{\"@type\":\"ListItem\",\"@id\":\"https:\\\/\\\/allasorias.hu\\\/hirek\\\/temak\\\/kulfold\\\/#listItem\",\"name\":\"K\\u00fclf\\u00f6ld\"}}]},{\"@type\":\"Organization\",\"@id\":\"https:\\\/\\\/allasorias.hu\\\/hirek\\\/#organization\",\"name\":\"AllasOrias.hu | H\\u00edrek-lapszemle\",\"description\":\"\\u00dczleti h\\u00edrek az \\u00e1ll\\u00e1s \\u00e9s a munka vil\\u00e1g\\u00e1b\\u00f3l\",\"url\":\"https:\\\/\\\/allasorias.hu\\\/hirek\\\/\",\"logo\":{\"@type\":\"ImageObject\",\"url\":\"https:\\\/\\\/allasorias.hu\\\/hirek\\\/wp-content\\\/uploads\\\/2022\\\/10\\\/allasorias_site_facebok_logo.png\",\"@id\":\"https:\\\/\\\/allasorias.hu\\\/hirek\\\/meg-mindig-nepszeru-az-osztrak-munka\\\/#organizationLogo\"},\"image\":{\"@id\":\"https:\\\/\\\/allasorias.hu\\\/hirek\\\/meg-mindig-nepszeru-az-osztrak-munka\\\/#organizationLogo\"},\"sameAs\":[\"https:\\\/\\\/www.facebook.com\\\/allasorias\",\"https:\\\/\\\/www.linkedin.com\\\/company\\\/allasorias\"]},{\"@type\":\"Person\",\"@id\":\"https:\\\/\\\/allasorias.hu\\\/hirek\\\/author\\\/admin-allasorias\\\/#author\",\"url\":\"https:\\\/\\\/allasorias.hu\\\/hirek\\\/author\\\/admin-allasorias\\\/\",\"name\":\"Juh\\u00e1sz P\\u00e9ter\",\"image\":{\"@type\":\"ImageObject\",\"@id\":\"https:\\\/\\\/allasorias.hu\\\/hirek\\\/meg-mindig-nepszeru-az-osztrak-munka\\\/#authorImage\",\"url\":\"https:\\\/\\\/secure.gravatar.com\\\/avatar\\\/36e6bcb83148978b992977cb0f54d22feb0cce8a0a849a9410532bb2623ba4c6?s=96&d=mm&r=g\",\"width\":96,\"height\":96,\"caption\":\"Juh\\u00e1sz P\\u00e9ter\"}},{\"@type\":\"WebPage\",\"@id\":\"https:\\\/\\\/allasorias.hu\\\/hirek\\\/meg-mindig-nepszeru-az-osztrak-munka\\\/#webpage\",\"url\":\"https:\\\/\\\/allasorias.hu\\\/hirek\\\/meg-mindig-nepszeru-az-osztrak-munka\\\/\",\"name\":\"M\\u00e9g mindig n\\u00e9pszer\\u0171 az osztr\\u00e1k munka | Allasoarias.hu\\\/Hirek\",\"description\":\"Lakoss\\u00e1gar\\u00e1nyosan sokkal t\\u00f6bb magyar dolgozik a nyugati szomsz\\u00e9dunkban, Ausztri\\u00e1ban, mint n\\u00e9met.\",\"inLanguage\":\"hu-HU\",\"isPartOf\":{\"@id\":\"https:\\\/\\\/allasorias.hu\\\/hirek\\\/#website\"},\"breadcrumb\":{\"@id\":\"https:\\\/\\\/allasorias.hu\\\/hirek\\\/meg-mindig-nepszeru-az-osztrak-munka\\\/#breadcrumblist\"},\"author\":{\"@id\":\"https:\\\/\\\/allasorias.hu\\\/hirek\\\/author\\\/admin-allasorias\\\/#author\"},\"creator\":{\"@id\":\"https:\\\/\\\/allasorias.hu\\\/hirek\\\/author\\\/admin-allasorias\\\/#author\"},\"image\":{\"@type\":\"ImageObject\",\"url\":\"https:\\\/\\\/allasorias.hu\\\/hirek\\\/wp-content\\\/uploads\\\/2024\\\/02\\\/osztrak-munka.jpg\",\"@id\":\"https:\\\/\\\/allasorias.hu\\\/hirek\\\/meg-mindig-nepszeru-az-osztrak-munka\\\/#mainImage\",\"width\":1280,\"height\":731,\"caption\":\"M\\u00e9g mindig n\\u00e9pszer\\u0171 az osztr\\u00e1k munka - Allasorias.hu\\\/Hirek\"},\"primaryImageOfPage\":{\"@id\":\"https:\\\/\\\/allasorias.hu\\\/hirek\\\/meg-mindig-nepszeru-az-osztrak-munka\\\/#mainImage\"},\"datePublished\":\"2024-02-15T11:28:12+02:00\",\"dateModified\":\"2024-02-15T11:31:48+02:00\"},{\"@type\":\"WebSite\",\"@id\":\"https:\\\/\\\/allasorias.hu\\\/hirek\\\/#website\",\"url\":\"https:\\\/\\\/allasorias.hu\\\/hirek\\\/\",\"name\":\"AllasOrias.hu | H\\u00edrek-lapszemle\",\"description\":\"\\u00dczleti h\\u00edrek az \\u00e1ll\\u00e1s \\u00e9s a munka vil\\u00e1g\\u00e1b\\u00f3l\",\"inLanguage\":\"hu-HU\",\"publisher\":{\"@id\":\"https:\\\/\\\/allasorias.hu\\\/hirek\\\/#organization\"}}]}\n\t\t<\/script>\n\t\t<!-- All in One SEO -->\n\n","aioseo_head_json":{"title":"M\u00e9g mindig n\u00e9pszer\u0171 az osztr\u00e1k munka | Allasoarias.hu\/Hirek","description":"Lakoss\u00e1gar\u00e1nyosan sokkal t\u00f6bb magyar dolgozik a nyugati szomsz\u00e9dunkban, Ausztri\u00e1ban, mint n\u00e9met.","canonical_url":"https:\/\/allasorias.hu\/hirek\/meg-mindig-nepszeru-az-osztrak-munka\/","robots":"max-image-preview:large","keywords":"ausztria,osztr\u00e1k munka","webmasterTools":{"miscellaneous":""},"schema":{"@context":"https:\/\/schema.org","@graph":[{"@type":"Article","@id":"https:\/\/allasorias.hu\/hirek\/meg-mindig-nepszeru-az-osztrak-munka\/#article","name":"M\u00e9g mindig n\u00e9pszer\u0171 az osztr\u00e1k munka | Allasoarias.hu\/Hirek","headline":"M\u00e9g mindig n\u00e9pszer\u0171 az osztr\u00e1k munka","author":{"@id":"https:\/\/allasorias.hu\/hirek\/author\/admin-allasorias\/#author"},"publisher":{"@id":"https:\/\/allasorias.hu\/hirek\/#organization"},"image":{"@type":"ImageObject","url":"https:\/\/allasorias.hu\/hirek\/wp-content\/uploads\/2024\/02\/osztrak-munka.jpg","width":1280,"height":731,"caption":"M\u00e9g mindig n\u00e9pszer\u0171 az osztr\u00e1k munka - Allasorias.hu\/Hirek"},"datePublished":"2024-02-15T11:28:12+02:00","dateModified":"2024-02-15T11:31:48+02:00","inLanguage":"hu-HU","mainEntityOfPage":{"@id":"https:\/\/allasorias.hu\/hirek\/meg-mindig-nepszeru-az-osztrak-munka\/#webpage"},"isPartOf":{"@id":"https:\/\/allasorias.hu\/hirek\/meg-mindig-nepszeru-az-osztrak-munka\/#webpage"},"articleSection":"K\u00fclf\u00f6ld, Ausztria, osztr\u00e1k munka"},{"@type":"BreadcrumbList","@id":"https:\/\/allasorias.hu\/hirek\/meg-mindig-nepszeru-az-osztrak-munka\/#breadcrumblist","itemListElement":[{"@type":"ListItem","@id":"https:\/\/allasorias.hu\/hirek#listItem","position":1,"name":"Home","item":"https:\/\/allasorias.hu\/hirek","nextItem":{"@type":"ListItem","@id":"https:\/\/allasorias.hu\/hirek\/temak\/kulfold\/#listItem","name":"K\u00fclf\u00f6ld"}},{"@type":"ListItem","@id":"https:\/\/allasorias.hu\/hirek\/temak\/kulfold\/#listItem","position":2,"name":"K\u00fclf\u00f6ld","item":"https:\/\/allasorias.hu\/hirek\/temak\/kulfold\/","nextItem":{"@type":"ListItem","@id":"https:\/\/allasorias.hu\/hirek\/meg-mindig-nepszeru-az-osztrak-munka\/#listItem","name":"M\u00e9g mindig n\u00e9pszer\u0171 az osztr\u00e1k munka"},"previousItem":{"@type":"ListItem","@id":"https:\/\/allasorias.hu\/hirek#listItem","name":"Home"}},{"@type":"ListItem","@id":"https:\/\/allasorias.hu\/hirek\/meg-mindig-nepszeru-az-osztrak-munka\/#listItem","position":3,"name":"M\u00e9g mindig n\u00e9pszer\u0171 az osztr\u00e1k munka","previousItem":{"@type":"ListItem","@id":"https:\/\/allasorias.hu\/hirek\/temak\/kulfold\/#listItem","name":"K\u00fclf\u00f6ld"}}]},{"@type":"Organization","@id":"https:\/\/allasorias.hu\/hirek\/#organization","name":"AllasOrias.hu | H\u00edrek-lapszemle","description":"\u00dczleti h\u00edrek az \u00e1ll\u00e1s \u00e9s a munka vil\u00e1g\u00e1b\u00f3l","url":"https:\/\/allasorias.hu\/hirek\/","logo":{"@type":"ImageObject","url":"https:\/\/allasorias.hu\/hirek\/wp-content\/uploads\/2022\/10\/allasorias_site_facebok_logo.png","@id":"https:\/\/allasorias.hu\/hirek\/meg-mindig-nepszeru-az-osztrak-munka\/#organizationLogo"},"image":{"@id":"https:\/\/allasorias.hu\/hirek\/meg-mindig-nepszeru-az-osztrak-munka\/#organizationLogo"},"sameAs":["https:\/\/www.facebook.com\/allasorias","https:\/\/www.linkedin.com\/company\/allasorias"]},{"@type":"Person","@id":"https:\/\/allasorias.hu\/hirek\/author\/admin-allasorias\/#author","url":"https:\/\/allasorias.hu\/hirek\/author\/admin-allasorias\/","name":"Juh\u00e1sz P\u00e9ter","image":{"@type":"ImageObject","@id":"https:\/\/allasorias.hu\/hirek\/meg-mindig-nepszeru-az-osztrak-munka\/#authorImage","url":"https:\/\/secure.gravatar.com\/avatar\/36e6bcb83148978b992977cb0f54d22feb0cce8a0a849a9410532bb2623ba4c6?s=96&d=mm&r=g","width":96,"height":96,"caption":"Juh\u00e1sz P\u00e9ter"}},{"@type":"WebPage","@id":"https:\/\/allasorias.hu\/hirek\/meg-mindig-nepszeru-az-osztrak-munka\/#webpage","url":"https:\/\/allasorias.hu\/hirek\/meg-mindig-nepszeru-az-osztrak-munka\/","name":"M\u00e9g mindig n\u00e9pszer\u0171 az osztr\u00e1k munka | Allasoarias.hu\/Hirek","description":"Lakoss\u00e1gar\u00e1nyosan sokkal t\u00f6bb magyar dolgozik a nyugati szomsz\u00e9dunkban, Ausztri\u00e1ban, mint n\u00e9met.","inLanguage":"hu-HU","isPartOf":{"@id":"https:\/\/allasorias.hu\/hirek\/#website"},"breadcrumb":{"@id":"https:\/\/allasorias.hu\/hirek\/meg-mindig-nepszeru-az-osztrak-munka\/#breadcrumblist"},"author":{"@id":"https:\/\/allasorias.hu\/hirek\/author\/admin-allasorias\/#author"},"creator":{"@id":"https:\/\/allasorias.hu\/hirek\/author\/admin-allasorias\/#author"},"image":{"@type":"ImageObject","url":"https:\/\/allasorias.hu\/hirek\/wp-content\/uploads\/2024\/02\/osztrak-munka.jpg","@id":"https:\/\/allasorias.hu\/hirek\/meg-mindig-nepszeru-az-osztrak-munka\/#mainImage","width":1280,"height":731,"caption":"M\u00e9g mindig n\u00e9pszer\u0171 az osztr\u00e1k munka - Allasorias.hu\/Hirek"},"primaryImageOfPage":{"@id":"https:\/\/allasorias.hu\/hirek\/meg-mindig-nepszeru-az-osztrak-munka\/#mainImage"},"datePublished":"2024-02-15T11:28:12+02:00","dateModified":"2024-02-15T11:31:48+02:00"},{"@type":"WebSite","@id":"https:\/\/allasorias.hu\/hirek\/#website","url":"https:\/\/allasorias.hu\/hirek\/","name":"AllasOrias.hu | H\u00edrek-lapszemle","description":"\u00dczleti h\u00edrek az \u00e1ll\u00e1s \u00e9s a munka vil\u00e1g\u00e1b\u00f3l","inLanguage":"hu-HU","publisher":{"@id":"https:\/\/allasorias.hu\/hirek\/#organization"}}]},"og:locale":"hu_HU","og:site_name":"AllasOrias.hu | H\u00edrek-lapszemle | \u00dczleti h\u00edrek az \u00e1ll\u00e1s \u00e9s a munka vil\u00e1g\u00e1b\u00f3l","og:type":"article","og:title":"M\u00e9g mindig n\u00e9pszer\u0171 az osztr\u00e1k munka | Allasoarias.hu\/Hirek","og:description":"Lakoss\u00e1gar\u00e1nyosan sokkal t\u00f6bb magyar dolgozik a nyugati szomsz\u00e9dunkban, Ausztri\u00e1ban, mint n\u00e9met.","og:url":"https:\/\/allasorias.hu\/hirek\/meg-mindig-nepszeru-az-osztrak-munka\/","og:image":"https:\/\/allasorias.hu\/hirek\/wp-content\/uploads\/2024\/02\/osztrak-munka.jpg","og:image:secure_url":"https:\/\/allasorias.hu\/hirek\/wp-content\/uploads\/2024\/02\/osztrak-munka.jpg","og:image:width":1280,"og:image:height":731,"article:published_time":"2024-02-15T09:28:12+00:00","article:modified_time":"2024-02-15T09:31:48+00:00","article:publisher":"https:\/\/www.facebook.com\/allasorias","twitter:card":"summary_large_image","twitter:title":"M\u00e9g mindig n\u00e9pszer\u0171 az osztr\u00e1k munka | Allasoarias.hu\/Hirek","twitter:description":"Lakoss\u00e1gar\u00e1nyosan sokkal t\u00f6bb magyar dolgozik a nyugati szomsz\u00e9dunkban, Ausztri\u00e1ban, mint n\u00e9met.","twitter:image":"https:\/\/allasorias.hu\/hirek\/wp-content\/uploads\/2024\/02\/osztrak-munka.jpg","twitter:label1":"Written by","twitter:data1":"Juh\u00e1sz P\u00e9ter","twitter:label2":"Est. reading time","twitter:data2":"1 minute"},"aioseo_meta_data":{"post_id":"7335","title":"#post_title | Allasoarias.hu\/Hirek","description":"Lakoss\u00e1gar\u00e1nyosan sokkal t\u00f6bb magyar dolgozik a nyugati szomsz\u00e9dunkban, Ausztri\u00e1ban, mint n\u00e9met.","keywords":[],"keyphrases":{"focus":{"keyphrase":"","score":0,"analysis":{"keyphraseInTitle":{"score":0,"maxScore":9,"error":1}}},"additional":[]},"primary_term":null,"canonical_url":null,"og_title":null,"og_description":null,"og_object_type":"default","og_image_type":"default","og_image_url":null,"og_image_width":null,"og_image_height":null,"og_image_custom_url":null,"og_image_custom_fields":null,"og_video":"","og_custom_url":null,"og_article_section":null,"og_article_tags":[],"twitter_use_og":true,"twitter_card":"default","twitter_image_type":"default","twitter_image_url":null,"twitter_image_custom_url":null,"twitter_image_custom_fields":null,"twitter_title":null,"twitter_description":null,"schema":{"blockGraphs":[],"customGraphs":[],"default":{"data":{"Article":[],"Course":[],"Dataset":[],"FAQPage":[],"Movie":[],"Person":[],"Product":[],"ProductReview":[],"Car":[],"Recipe":[],"Service":[],"SoftwareApplication":[],"WebPage":[]},"graphName":"Article","isEnabled":true},"graphs":[]},"schema_type":"default","schema_type_options":null,"pillar_content":false,"robots_default":true,"robots_noindex":false,"robots_noarchive":false,"robots_nosnippet":false,"robots_nofollow":false,"robots_noimageindex":false,"robots_noodp":false,"robots_notranslate":false,"robots_max_snippet":"-1","robots_max_videopreview":"-1","robots_max_imagepreview":"large","priority":null,"frequency":"default","location":null,"local_seo":null,"breadcrumb_settings":null,"limit_modified_date":false,"ai":null,"created":"2024-02-15 08:47:58","updated":"2025-10-02 19:34:37","seo_analyzer_scan_date":null,"focus_keyword":null,"additional_keywords":null,"truseo_locale":null},"aioseo_breadcrumb":"<div class=\"aioseo-breadcrumbs\"><span class=\"aioseo-breadcrumb\">\n\t\t\t<a href=\"https:\/\/allasorias.hu\/hirek\" title=\"Home\">Home<\/a>\n\t\t<\/span><span class=\"aioseo-breadcrumb-separator\">&raquo;<\/span><span class=\"aioseo-breadcrumb\">\n\t\t\t<a href=\"https:\/\/allasorias.hu\/hirek\/temak\/kulfold\/\" title=\"K\u00fclf\u00f6ld\">K\u00fclf\u00f6ld<\/a>\n\t\t<\/span><span class=\"aioseo-breadcrumb-separator\">&raquo;<\/span><span class=\"aioseo-breadcrumb\">\n\t\t\tM\u00e9g mindig n\u00e9pszer\u0171 az osztr\u00e1k munka\n\t\t<\/span><\/div>","aioseo_breadcrumb_json":[{"label":"Home","link":"https:\/\/allasorias.hu\/hirek"},{"label":"K\u00fclf\u00f6ld","link":"https:\/\/allasorias.hu\/hirek\/temak\/kulfold\/"},{"label":"M\u00e9g mindig n\u00e9pszer\u0171 az osztr\u00e1k munka","link":"https:\/\/allasorias.hu\/hirek\/meg-mindig-nepszeru-az-osztrak-munka\/"}],"_links":{"self":[{"href":"https:\/\/allasorias.hu\/hirek\/wp-json\/wp\/v2\/posts\/7335","targetHints":{"allow":["GET"]}}],"collection":[{"href":"https:\/\/allasorias.hu\/hirek\/wp-json\/wp\/v2\/posts"}],"about":[{"href":"https:\/\/allasorias.hu\/hirek\/wp-json\/wp\/v2\/types\/post"}],"author":[{"embeddable":true,"href":"https:\/\/allasorias.hu\/hirek\/wp-json\/wp\/v2\/users\/1"}],"replies":[{"embeddable":true,"href":"https:\/\/allasorias.hu\/hirek\/wp-json\/wp\/v2\/comments?post=7335"}],"version-history":[{"count":2,"href":"https:\/\/allasorias.hu\/hirek\/wp-json\/wp\/v2\/posts\/7335\/revisions"}],"predecessor-version":[{"id":7338,"href":"https:\/\/allasorias.hu\/hirek\/wp-json\/wp\/v2\/posts\/7335\/revisions\/7338"}],"wp:featuredmedia":[{"embeddable":true,"href":"https:\/\/allasorias.hu\/hirek\/wp-json\/wp\/v2\/media\/7336"}],"wp:attachment":[{"href":"https:\/\/allasorias.hu\/hirek\/wp-json\/wp\/v2\/media?parent=7335"}],"wp:term":[{"taxonomy":"category","embeddable":true,"href":"https:\/\/allasorias.hu\/hirek\/wp-json\/wp\/v2\/categories?post=7335"},{"taxonomy":"post_tag","embeddable":true,"href":"https:\/\/allasorias.hu\/hirek\/wp-json\/wp\/v2\/tags?post=7335"}],"curies":[{"name":"wp","href":"https:\/\/api.w.org\/{rel}","templated":true}]}}