{"id":7330,"date":"2024-02-14T13:39:07","date_gmt":"2024-02-14T11:39:07","guid":{"rendered":"https:\/\/allasorias.hu\/hirek\/?p=7330"},"modified":"2024-02-14T13:42:41","modified_gmt":"2024-02-14T11:42:41","slug":"szamitanak-a-nyugdijasokra-a-munkaeropiacon","status":"publish","type":"post","link":"https:\/\/allasorias.hu\/hirek\/szamitanak-a-nyugdijasokra-a-munkaeropiacon\/","title":{"rendered":"Sz\u00e1m\u00edtanak a nyugd\u00edjasokra a munkaer\u0151piacon"},"content":{"rendered":"<p><strong>Egyre s\u00falyosabb a munkaer\u0151hi\u00e1ny Magyarorsz\u00e1gon. Szakemberek szerint a megold\u00e1st nemcsak a k\u00fclf\u00f6ldi munkav\u00e1llal\u00f3k behozatala jelentheti, hanem a munkaer\u0151-tartal\u00e9kok kiakn\u00e1z\u00e1sa \u00e9s ebben fontos szerepe lehet a nyugd\u00edjasoknak. <a href=\"https:\/\/allasorias.hu\/hirek\/emelni-kell-a-nyugdijkorhatart\/\">2,6 milli\u00f3 nyugd\u00edjas vagy nyugd\u00edjszer\u0171 ell\u00e1t\u00e1sban r\u00e9szes\u00fcl\u0151 szem\u00e9ly \u00e9l jelenleg Magyarorsz\u00e1gon<\/a>, k\u00f6z\u00fcl\u00fck 110 ezren dolgoznak. <\/strong><\/p>\n<p>2009-ben m\u00e9g csak 31 000-en \u00e1lltak alkalmaz\u00e1sban. 2019-t\u0151l megugrott a l\u00e9tsz\u00e1m, ekkort\u00f3l nem kellett j\u00e1rul\u00e9kot levonni a nyugd\u00edjas foglalkoztatottak b\u00e9r\u00e9b\u0151l, \u00e9s \u00fajabb seg\u00edts\u00e9g volt a sz\u00e9pkor\u00faaknak, hogy 2022-t\u0151l m\u00e1r szoch\u00f3-mentes is a kereset\u00fck, ami a foglalkoztat\u00f3t mentes\u00edti. \u201e<em>Ha a nyugat-eur\u00f3pai orsz\u00e1gok statisztik\u00e1it n\u00e9zz\u00fck, sokkal magasabb a nyugd\u00edjas foglalkoztatottak ar\u00e1nya, mint Magyarorsz\u00e1gon. Azt l\u00e1tom, hogy mi is ebben az ir\u00e1nyban haladunk<\/em>\u201d \u2013 mondja Dolgos Attila, az \u00c9szaki Szomsz\u00e9dok K\u00f6z\u00e9rdek\u0171 Nyugd\u00edjas Sz\u00f6vetkezet eln\u00f6ke.<\/p>\n<p>\u201e<em>Nagy seg\u00edts\u00e9g a nyugd\u00edjasoknak, hogy a munkav\u00e1llal\u00e1shoz el\u00e9g, ha bet\u00e9rnek egy \u00fcgyf\u00e9lszolg\u00e1lati irod\u00e1ba, nem kell \u00e1ll\u00e1sinterj\u00fakra j\u00e1rniuk, olyan seg\u00edts\u00e9get kapnak, amivel mind helyben mind pedig a v\u00e9gzetts\u00e9gnek, ig\u00e9nynek megfelel\u0151en gyorsan el tudnak helyezkedni<\/em>\u201d \u2013 \u00e1ll\u00edtja a szakember. \u201e<em>2017 j\u00falius 1-\u00e9n alakult sz\u00f6vetkezet\u00fcnk. Eleinte a h\u00f6lgyek, valamilyen <strong>adminisztrat\u00edv<\/strong>, legink\u00e1bb \u00fcl\u0151 munk\u00e1ra munk\u00e1ra v\u00e1gytak. A f\u00e9rfiak\u00a0 <strong>port\u00e1sk\u00e9nt<\/strong>, vagy <strong>biztons\u00e1gi \u0151rk\u00e9nt<\/strong> szerettek volna dolgozni, \u00e1m ilyen aj\u00e1nlatunk kevesebb volt akkoriban&#8221;<\/em> \u2013 mondta T\u00f3th Gabriella, a Viapan Group nyugd\u00edjas sz\u00f6vetkezet\u00e9nek eln\u00f6ke.<\/p>\n<p>Jelenleg sz\u00e1mos takar\u00edt\u00f3i \u00e1ll\u00e1suk van, viszonylag sok nyugd\u00edjasuk el is v\u00e1llalja ezt a munk\u00e1t, ezen k\u00edv\u00fcl konyhai <strong>kiseg\u00edt\u0151 \u00e9ttermi kiseg\u00edt\u0151, szak\u00e1cs, pultos, p\u00e9nzt\u00e1ros, elad\u00f3, \u00e1rufelt\u00f6lt\u0151<\/strong> munkak\u00f6rre is b\u0151ven v\u00e1rnak jelentkez\u0151ket, de betan\u00edtott munk\u00e1k is el\u00e9rhet\u0151k. El\u0151fordul, hogy k\u00f6nyvel\u0151i, adminisztr\u00e1tori munk\u00e1ra keresnek nyugd\u00edjast, m\u00e9rn\u00f6k\u00f6k, CNC-programoz\u00f3k, lakatosok, fest\u0151k is tal\u00e1lhatnak munk\u00e1t n\u00e1luk \u2013 teszi hozz\u00e1 T\u00f3th Gabriella.<\/p>\n<p>Emellett sz\u00e1mos <strong>mez\u0151gazdas\u00e1gi szakmunk\u00e1ra<\/strong> v\u00e1rj\u00e1k a nyugd\u00edjasokat, ezek persze t\u00f6bbnyire m\u00e1rciust\u00f3l novemberig tartanak. A nyugd\u00edjas munkav\u00e1llal\u00f3k a piacon fellelhet\u0151 szinte \u00f6sszes \u00e1ll\u00e1slehet\u0151s\u00e9get k\u00e9pesek bet\u00f6lteni, bele\u00e9rtve ak\u00e1r a divatszakm\u00e1kat is, mint az IT szektor. Term\u00e9szetesen nem ez a jellemz\u0151, de egy\u00e9bk\u00e9nt l\u00e9tezik kimondottan IT-szektorban teljes\u00edt\u0151 nyugd\u00edjas sz\u00f6vetkezet is, akiknek kiz\u00e1r\u00f3lag ez a profiljuk.<\/p>\n<p>Forr\u00e1s: <a href=\"https:\/\/www.hrportal.hu\/hr\/itt-a-titkos-munkaero-tartalek-mit-tudnak-a-nyugdijasok-20240214.html\" target=\"_blank\" rel=\"nofollow noopener noreferrer\">hrportal.hu<\/a><\/p>\n","protected":false},"excerpt":{"rendered":"<p>Egyre s\u00falyosabb a munkaer\u0151hi\u00e1ny Magyarorsz\u00e1gon. Szakemberek szerint a megold\u00e1st nemcsak a k\u00fclf\u00f6ldi munkav\u00e1llal\u00f3k behozatala jelentheti, hanem a munkaer\u0151-tartal\u00e9kok kiakn\u00e1z\u00e1sa \u00e9s ebben fontos szerepe lehet a nyugd\u00edjasoknak. 2,6 milli\u00f3 nyugd\u00edjas vagy nyugd\u00edjszer\u0171 ell\u00e1t\u00e1sban r\u00e9szes\u00fcl\u0151 szem\u00e9ly \u00e9l jelenleg Magyarorsz\u00e1gon, k\u00f6z\u00fcl\u00fck 110 ezren dolgoznak. 2009-ben m\u00e9g csak 31 000-en \u00e1lltak alkalmaz\u00e1sban. 2019-t\u0151l megugrott a l\u00e9tsz\u00e1m, ekkort\u00f3l nem kellett [&hellip;]<\/p>\n","protected":false},"author":1,"featured_media":7331,"comment_status":"closed","ping_status":"closed","sticky":false,"template":"","format":"standard","meta":{"_monsterinsights_skip_tracking":false,"footnotes":""},"categories":[200],"tags":[396,509],"class_list":["post-7330","post","type-post","status-publish","format-standard","has-post-thumbnail","hentry","category-munkaeropiac","tag-nyugdij","tag-nyugdijasok"],"aioseo_notices":[],"aioseo_head":"\n\t\t<!-- All in One SEO 5.0.0.1 - aioseo.com -->\n\t<meta name=\"description\" content=\"Szakemberek szerint a munkaer\u0151-tartal\u00e9kok kiakn\u00e1z\u00e1s\u00e1bann fontos szerepe lehet a nyug\u0111\u00edjasoknak.\" \/>\n\t<meta name=\"robots\" content=\"max-image-preview:large\" \/>\n\t<meta name=\"author\" content=\"Juh\u00e1sz P\u00e9ter\"\/>\n\t<meta name=\"keywords\" content=\"nyugd\u00edj,nyugd\u00edjasok\" \/>\n\t<link rel=\"canonical\" href=\"https:\/\/allasorias.hu\/hirek\/szamitanak-a-nyugdijasokra-a-munkaeropiacon\/\" \/>\n\t<meta name=\"generator\" content=\"All in One SEO (AIOSEO) 5.0.0.1\" \/>\n\t\t<meta property=\"og:locale\" content=\"hu_HU\" \/>\n\t\t<meta property=\"og:site_name\" content=\"AllasOrias.hu | H\u00edrek-lapszemle | \u00dczleti h\u00edrek az \u00e1ll\u00e1s \u00e9s a munka vil\u00e1g\u00e1b\u00f3l\" \/>\n\t\t<meta property=\"og:type\" content=\"article\" \/>\n\t\t<meta property=\"og:title\" content=\"Sz\u00e1m\u00edtanak a nyugd\u00edjasokra a munkaer\u0151piacon | Allasorias.hu\" \/>\n\t\t<meta property=\"og:description\" content=\"Szakemberek szerint a munkaer\u0151-tartal\u00e9kok kiakn\u00e1z\u00e1s\u00e1bann fontos szerepe lehet a nyug\u0111\u00edjasoknak.\" \/>\n\t\t<meta property=\"og:url\" content=\"https:\/\/allasorias.hu\/hirek\/szamitanak-a-nyugdijasokra-a-munkaeropiacon\/\" \/>\n\t\t<meta property=\"og:image\" content=\"https:\/\/allasorias.hu\/hirek\/wp-content\/uploads\/2024\/02\/nyugdijas-allasok.jpg\" \/>\n\t\t<meta property=\"og:image:secure_url\" content=\"https:\/\/allasorias.hu\/hirek\/wp-content\/uploads\/2024\/02\/nyugdijas-allasok.jpg\" \/>\n\t\t<meta property=\"og:image:width\" content=\"1280\" \/>\n\t\t<meta property=\"og:image:height\" content=\"853\" \/>\n\t\t<meta property=\"article:published_time\" content=\"2024-02-14T11:39:07+00:00\" \/>\n\t\t<meta property=\"article:modified_time\" content=\"2024-02-14T11:42:41+00:00\" \/>\n\t\t<meta property=\"article:publisher\" content=\"https:\/\/www.facebook.com\/allasorias\" \/>\n\t\t<meta name=\"twitter:card\" content=\"summary_large_image\" \/>\n\t\t<meta name=\"twitter:title\" content=\"Sz\u00e1m\u00edtanak a nyugd\u00edjasokra a munkaer\u0151piacon | Allasorias.hu\" \/>\n\t\t<meta name=\"twitter:description\" content=\"Szakemberek szerint a munkaer\u0151-tartal\u00e9kok kiakn\u00e1z\u00e1s\u00e1bann fontos szerepe lehet a nyug\u0111\u00edjasoknak.\" \/>\n\t\t<meta name=\"twitter:image\" content=\"https:\/\/allasorias.hu\/hirek\/wp-content\/uploads\/2024\/02\/nyugdijas-allasok.jpg\" \/>\n\t\t<meta name=\"twitter:label1\" content=\"Written by\" \/>\n\t\t<meta name=\"twitter:data1\" content=\"Juh\u00e1sz P\u00e9ter\" \/>\n\t\t<meta name=\"twitter:label2\" content=\"Est. reading time\" \/>\n\t\t<meta name=\"twitter:data2\" content=\"2 minutes\" \/>\n\t\t<script type=\"application\/ld+json\" class=\"aioseo-schema\">\n\t\t\t{\"@context\":\"https:\\\/\\\/schema.org\",\"@graph\":[{\"@type\":\"Article\",\"@id\":\"https:\\\/\\\/allasorias.hu\\\/hirek\\\/szamitanak-a-nyugdijasokra-a-munkaeropiacon\\\/#article\",\"name\":\"Sz\\u00e1m\\u00edtanak a nyugd\\u00edjasokra a munkaer\\u0151piacon | Allasorias.hu\",\"headline\":\"Sz\\u00e1m\\u00edtanak a nyugd\\u00edjasokra a munkaer\\u0151piacon\",\"author\":{\"@id\":\"https:\\\/\\\/allasorias.hu\\\/hirek\\\/author\\\/admin-allasorias\\\/#author\"},\"publisher\":{\"@id\":\"https:\\\/\\\/allasorias.hu\\\/hirek\\\/#organization\"},\"image\":{\"@type\":\"ImageObject\",\"url\":\"https:\\\/\\\/allasorias.hu\\\/hirek\\\/wp-content\\\/uploads\\\/2024\\\/02\\\/nyugdijas-allasok.jpg\",\"width\":1280,\"height\":853,\"caption\":\"Sz\\u00e1m\\u00edtanak a nyugd\\u00edjasokra a munkaer\\u0151piacon - Allasorias.hu\\\/Hirek\"},\"datePublished\":\"2024-02-14T13:39:07+02:00\",\"dateModified\":\"2024-02-14T13:42:41+02:00\",\"inLanguage\":\"hu-HU\",\"mainEntityOfPage\":{\"@id\":\"https:\\\/\\\/allasorias.hu\\\/hirek\\\/szamitanak-a-nyugdijasokra-a-munkaeropiacon\\\/#webpage\"},\"isPartOf\":{\"@id\":\"https:\\\/\\\/allasorias.hu\\\/hirek\\\/szamitanak-a-nyugdijasokra-a-munkaeropiacon\\\/#webpage\"},\"articleSection\":\"Munkaer\\u0151piac, nyugd\\u00edj, nyugd\\u00edjasok\"},{\"@type\":\"BreadcrumbList\",\"@id\":\"https:\\\/\\\/allasorias.hu\\\/hirek\\\/szamitanak-a-nyugdijasokra-a-munkaeropiacon\\\/#breadcrumblist\",\"itemListElement\":[{\"@type\":\"ListItem\",\"@id\":\"https:\\\/\\\/allasorias.hu\\\/hirek#listItem\",\"position\":1,\"name\":\"Home\",\"item\":\"https:\\\/\\\/allasorias.hu\\\/hirek\",\"nextItem\":{\"@type\":\"ListItem\",\"@id\":\"https:\\\/\\\/allasorias.hu\\\/hirek\\\/temak\\\/munkaeropiac\\\/#listItem\",\"name\":\"Munkaer\\u0151piac\"}},{\"@type\":\"ListItem\",\"@id\":\"https:\\\/\\\/allasorias.hu\\\/hirek\\\/temak\\\/munkaeropiac\\\/#listItem\",\"position\":2,\"name\":\"Munkaer\\u0151piac\",\"item\":\"https:\\\/\\\/allasorias.hu\\\/hirek\\\/temak\\\/munkaeropiac\\\/\",\"nextItem\":{\"@type\":\"ListItem\",\"@id\":\"https:\\\/\\\/allasorias.hu\\\/hirek\\\/szamitanak-a-nyugdijasokra-a-munkaeropiacon\\\/#listItem\",\"name\":\"Sz\\u00e1m\\u00edtanak a nyugd\\u00edjasokra a munkaer\\u0151piacon\"},\"previousItem\":{\"@type\":\"ListItem\",\"@id\":\"https:\\\/\\\/allasorias.hu\\\/hirek#listItem\",\"name\":\"Home\"}},{\"@type\":\"ListItem\",\"@id\":\"https:\\\/\\\/allasorias.hu\\\/hirek\\\/szamitanak-a-nyugdijasokra-a-munkaeropiacon\\\/#listItem\",\"position\":3,\"name\":\"Sz\\u00e1m\\u00edtanak a nyugd\\u00edjasokra a munkaer\\u0151piacon\",\"previousItem\":{\"@type\":\"ListItem\",\"@id\":\"https:\\\/\\\/allasorias.hu\\\/hirek\\\/temak\\\/munkaeropiac\\\/#listItem\",\"name\":\"Munkaer\\u0151piac\"}}]},{\"@type\":\"Organization\",\"@id\":\"https:\\\/\\\/allasorias.hu\\\/hirek\\\/#organization\",\"name\":\"AllasOrias.hu | H\\u00edrek-lapszemle\",\"description\":\"\\u00dczleti h\\u00edrek az \\u00e1ll\\u00e1s \\u00e9s a munka vil\\u00e1g\\u00e1b\\u00f3l\",\"url\":\"https:\\\/\\\/allasorias.hu\\\/hirek\\\/\",\"logo\":{\"@type\":\"ImageObject\",\"url\":\"https:\\\/\\\/allasorias.hu\\\/hirek\\\/wp-content\\\/uploads\\\/2022\\\/10\\\/allasorias_site_facebok_logo.png\",\"@id\":\"https:\\\/\\\/allasorias.hu\\\/hirek\\\/szamitanak-a-nyugdijasokra-a-munkaeropiacon\\\/#organizationLogo\"},\"image\":{\"@id\":\"https:\\\/\\\/allasorias.hu\\\/hirek\\\/szamitanak-a-nyugdijasokra-a-munkaeropiacon\\\/#organizationLogo\"},\"sameAs\":[\"https:\\\/\\\/www.facebook.com\\\/allasorias\",\"https:\\\/\\\/www.linkedin.com\\\/company\\\/allasorias\"]},{\"@type\":\"Person\",\"@id\":\"https:\\\/\\\/allasorias.hu\\\/hirek\\\/author\\\/admin-allasorias\\\/#author\",\"url\":\"https:\\\/\\\/allasorias.hu\\\/hirek\\\/author\\\/admin-allasorias\\\/\",\"name\":\"Juh\\u00e1sz P\\u00e9ter\",\"image\":{\"@type\":\"ImageObject\",\"@id\":\"https:\\\/\\\/allasorias.hu\\\/hirek\\\/szamitanak-a-nyugdijasokra-a-munkaeropiacon\\\/#authorImage\",\"url\":\"https:\\\/\\\/secure.gravatar.com\\\/avatar\\\/36e6bcb83148978b992977cb0f54d22feb0cce8a0a849a9410532bb2623ba4c6?s=96&d=mm&r=g\",\"width\":96,\"height\":96,\"caption\":\"Juh\\u00e1sz P\\u00e9ter\"}},{\"@type\":\"WebPage\",\"@id\":\"https:\\\/\\\/allasorias.hu\\\/hirek\\\/szamitanak-a-nyugdijasokra-a-munkaeropiacon\\\/#webpage\",\"url\":\"https:\\\/\\\/allasorias.hu\\\/hirek\\\/szamitanak-a-nyugdijasokra-a-munkaeropiacon\\\/\",\"name\":\"Sz\\u00e1m\\u00edtanak a nyugd\\u00edjasokra a munkaer\\u0151piacon | Allasorias.hu\",\"description\":\"Szakemberek szerint a munkaer\\u0151-tartal\\u00e9kok kiakn\\u00e1z\\u00e1s\\u00e1bann fontos szerepe lehet a nyug\\u0111\\u00edjasoknak.\",\"inLanguage\":\"hu-HU\",\"isPartOf\":{\"@id\":\"https:\\\/\\\/allasorias.hu\\\/hirek\\\/#website\"},\"breadcrumb\":{\"@id\":\"https:\\\/\\\/allasorias.hu\\\/hirek\\\/szamitanak-a-nyugdijasokra-a-munkaeropiacon\\\/#breadcrumblist\"},\"author\":{\"@id\":\"https:\\\/\\\/allasorias.hu\\\/hirek\\\/author\\\/admin-allasorias\\\/#author\"},\"creator\":{\"@id\":\"https:\\\/\\\/allasorias.hu\\\/hirek\\\/author\\\/admin-allasorias\\\/#author\"},\"image\":{\"@type\":\"ImageObject\",\"url\":\"https:\\\/\\\/allasorias.hu\\\/hirek\\\/wp-content\\\/uploads\\\/2024\\\/02\\\/nyugdijas-allasok.jpg\",\"@id\":\"https:\\\/\\\/allasorias.hu\\\/hirek\\\/szamitanak-a-nyugdijasokra-a-munkaeropiacon\\\/#mainImage\",\"width\":1280,\"height\":853,\"caption\":\"Sz\\u00e1m\\u00edtanak a nyugd\\u00edjasokra a munkaer\\u0151piacon - Allasorias.hu\\\/Hirek\"},\"primaryImageOfPage\":{\"@id\":\"https:\\\/\\\/allasorias.hu\\\/hirek\\\/szamitanak-a-nyugdijasokra-a-munkaeropiacon\\\/#mainImage\"},\"datePublished\":\"2024-02-14T13:39:07+02:00\",\"dateModified\":\"2024-02-14T13:42:41+02:00\"},{\"@type\":\"WebSite\",\"@id\":\"https:\\\/\\\/allasorias.hu\\\/hirek\\\/#website\",\"url\":\"https:\\\/\\\/allasorias.hu\\\/hirek\\\/\",\"name\":\"AllasOrias.hu | H\\u00edrek-lapszemle\",\"description\":\"\\u00dczleti h\\u00edrek az \\u00e1ll\\u00e1s \\u00e9s a munka vil\\u00e1g\\u00e1b\\u00f3l\",\"inLanguage\":\"hu-HU\",\"publisher\":{\"@id\":\"https:\\\/\\\/allasorias.hu\\\/hirek\\\/#organization\"}}]}\n\t\t<\/script>\n\t\t<!-- All in One SEO -->\n\n","aioseo_head_json":{"title":"Sz\u00e1m\u00edtanak a nyugd\u00edjasokra a munkaer\u0151piacon | Allasorias.hu","description":"Szakemberek szerint a munkaer\u0151-tartal\u00e9kok kiakn\u00e1z\u00e1s\u00e1bann fontos szerepe lehet a nyug\u0111\u00edjasoknak.","canonical_url":"https:\/\/allasorias.hu\/hirek\/szamitanak-a-nyugdijasokra-a-munkaeropiacon\/","robots":"max-image-preview:large","keywords":"nyugd\u00edj,nyugd\u00edjasok","webmasterTools":{"miscellaneous":""},"schema":{"@context":"https:\/\/schema.org","@graph":[{"@type":"Article","@id":"https:\/\/allasorias.hu\/hirek\/szamitanak-a-nyugdijasokra-a-munkaeropiacon\/#article","name":"Sz\u00e1m\u00edtanak a nyugd\u00edjasokra a munkaer\u0151piacon | Allasorias.hu","headline":"Sz\u00e1m\u00edtanak a nyugd\u00edjasokra a munkaer\u0151piacon","author":{"@id":"https:\/\/allasorias.hu\/hirek\/author\/admin-allasorias\/#author"},"publisher":{"@id":"https:\/\/allasorias.hu\/hirek\/#organization"},"image":{"@type":"ImageObject","url":"https:\/\/allasorias.hu\/hirek\/wp-content\/uploads\/2024\/02\/nyugdijas-allasok.jpg","width":1280,"height":853,"caption":"Sz\u00e1m\u00edtanak a nyugd\u00edjasokra a munkaer\u0151piacon - Allasorias.hu\/Hirek"},"datePublished":"2024-02-14T13:39:07+02:00","dateModified":"2024-02-14T13:42:41+02:00","inLanguage":"hu-HU","mainEntityOfPage":{"@id":"https:\/\/allasorias.hu\/hirek\/szamitanak-a-nyugdijasokra-a-munkaeropiacon\/#webpage"},"isPartOf":{"@id":"https:\/\/allasorias.hu\/hirek\/szamitanak-a-nyugdijasokra-a-munkaeropiacon\/#webpage"},"articleSection":"Munkaer\u0151piac, nyugd\u00edj, nyugd\u00edjasok"},{"@type":"BreadcrumbList","@id":"https:\/\/allasorias.hu\/hirek\/szamitanak-a-nyugdijasokra-a-munkaeropiacon\/#breadcrumblist","itemListElement":[{"@type":"ListItem","@id":"https:\/\/allasorias.hu\/hirek#listItem","position":1,"name":"Home","item":"https:\/\/allasorias.hu\/hirek","nextItem":{"@type":"ListItem","@id":"https:\/\/allasorias.hu\/hirek\/temak\/munkaeropiac\/#listItem","name":"Munkaer\u0151piac"}},{"@type":"ListItem","@id":"https:\/\/allasorias.hu\/hirek\/temak\/munkaeropiac\/#listItem","position":2,"name":"Munkaer\u0151piac","item":"https:\/\/allasorias.hu\/hirek\/temak\/munkaeropiac\/","nextItem":{"@type":"ListItem","@id":"https:\/\/allasorias.hu\/hirek\/szamitanak-a-nyugdijasokra-a-munkaeropiacon\/#listItem","name":"Sz\u00e1m\u00edtanak a nyugd\u00edjasokra a munkaer\u0151piacon"},"previousItem":{"@type":"ListItem","@id":"https:\/\/allasorias.hu\/hirek#listItem","name":"Home"}},{"@type":"ListItem","@id":"https:\/\/allasorias.hu\/hirek\/szamitanak-a-nyugdijasokra-a-munkaeropiacon\/#listItem","position":3,"name":"Sz\u00e1m\u00edtanak a nyugd\u00edjasokra a munkaer\u0151piacon","previousItem":{"@type":"ListItem","@id":"https:\/\/allasorias.hu\/hirek\/temak\/munkaeropiac\/#listItem","name":"Munkaer\u0151piac"}}]},{"@type":"Organization","@id":"https:\/\/allasorias.hu\/hirek\/#organization","name":"AllasOrias.hu | H\u00edrek-lapszemle","description":"\u00dczleti h\u00edrek az \u00e1ll\u00e1s \u00e9s a munka vil\u00e1g\u00e1b\u00f3l","url":"https:\/\/allasorias.hu\/hirek\/","logo":{"@type":"ImageObject","url":"https:\/\/allasorias.hu\/hirek\/wp-content\/uploads\/2022\/10\/allasorias_site_facebok_logo.png","@id":"https:\/\/allasorias.hu\/hirek\/szamitanak-a-nyugdijasokra-a-munkaeropiacon\/#organizationLogo"},"image":{"@id":"https:\/\/allasorias.hu\/hirek\/szamitanak-a-nyugdijasokra-a-munkaeropiacon\/#organizationLogo"},"sameAs":["https:\/\/www.facebook.com\/allasorias","https:\/\/www.linkedin.com\/company\/allasorias"]},{"@type":"Person","@id":"https:\/\/allasorias.hu\/hirek\/author\/admin-allasorias\/#author","url":"https:\/\/allasorias.hu\/hirek\/author\/admin-allasorias\/","name":"Juh\u00e1sz P\u00e9ter","image":{"@type":"ImageObject","@id":"https:\/\/allasorias.hu\/hirek\/szamitanak-a-nyugdijasokra-a-munkaeropiacon\/#authorImage","url":"https:\/\/secure.gravatar.com\/avatar\/36e6bcb83148978b992977cb0f54d22feb0cce8a0a849a9410532bb2623ba4c6?s=96&d=mm&r=g","width":96,"height":96,"caption":"Juh\u00e1sz P\u00e9ter"}},{"@type":"WebPage","@id":"https:\/\/allasorias.hu\/hirek\/szamitanak-a-nyugdijasokra-a-munkaeropiacon\/#webpage","url":"https:\/\/allasorias.hu\/hirek\/szamitanak-a-nyugdijasokra-a-munkaeropiacon\/","name":"Sz\u00e1m\u00edtanak a nyugd\u00edjasokra a munkaer\u0151piacon | Allasorias.hu","description":"Szakemberek szerint a munkaer\u0151-tartal\u00e9kok kiakn\u00e1z\u00e1s\u00e1bann fontos szerepe lehet a nyug\u0111\u00edjasoknak.","inLanguage":"hu-HU","isPartOf":{"@id":"https:\/\/allasorias.hu\/hirek\/#website"},"breadcrumb":{"@id":"https:\/\/allasorias.hu\/hirek\/szamitanak-a-nyugdijasokra-a-munkaeropiacon\/#breadcrumblist"},"author":{"@id":"https:\/\/allasorias.hu\/hirek\/author\/admin-allasorias\/#author"},"creator":{"@id":"https:\/\/allasorias.hu\/hirek\/author\/admin-allasorias\/#author"},"image":{"@type":"ImageObject","url":"https:\/\/allasorias.hu\/hirek\/wp-content\/uploads\/2024\/02\/nyugdijas-allasok.jpg","@id":"https:\/\/allasorias.hu\/hirek\/szamitanak-a-nyugdijasokra-a-munkaeropiacon\/#mainImage","width":1280,"height":853,"caption":"Sz\u00e1m\u00edtanak a nyugd\u00edjasokra a munkaer\u0151piacon - Allasorias.hu\/Hirek"},"primaryImageOfPage":{"@id":"https:\/\/allasorias.hu\/hirek\/szamitanak-a-nyugdijasokra-a-munkaeropiacon\/#mainImage"},"datePublished":"2024-02-14T13:39:07+02:00","dateModified":"2024-02-14T13:42:41+02:00"},{"@type":"WebSite","@id":"https:\/\/allasorias.hu\/hirek\/#website","url":"https:\/\/allasorias.hu\/hirek\/","name":"AllasOrias.hu | H\u00edrek-lapszemle","description":"\u00dczleti h\u00edrek az \u00e1ll\u00e1s \u00e9s a munka vil\u00e1g\u00e1b\u00f3l","inLanguage":"hu-HU","publisher":{"@id":"https:\/\/allasorias.hu\/hirek\/#organization"}}]},"og:locale":"hu_HU","og:site_name":"AllasOrias.hu | H\u00edrek-lapszemle | \u00dczleti h\u00edrek az \u00e1ll\u00e1s \u00e9s a munka vil\u00e1g\u00e1b\u00f3l","og:type":"article","og:title":"Sz\u00e1m\u00edtanak a nyugd\u00edjasokra a munkaer\u0151piacon | Allasorias.hu","og:description":"Szakemberek szerint a munkaer\u0151-tartal\u00e9kok kiakn\u00e1z\u00e1s\u00e1bann fontos szerepe lehet a nyug\u0111\u00edjasoknak.","og:url":"https:\/\/allasorias.hu\/hirek\/szamitanak-a-nyugdijasokra-a-munkaeropiacon\/","og:image":"https:\/\/allasorias.hu\/hirek\/wp-content\/uploads\/2024\/02\/nyugdijas-allasok.jpg","og:image:secure_url":"https:\/\/allasorias.hu\/hirek\/wp-content\/uploads\/2024\/02\/nyugdijas-allasok.jpg","og:image:width":1280,"og:image:height":853,"article:published_time":"2024-02-14T11:39:07+00:00","article:modified_time":"2024-02-14T11:42:41+00:00","article:publisher":"https:\/\/www.facebook.com\/allasorias","twitter:card":"summary_large_image","twitter:title":"Sz\u00e1m\u00edtanak a nyugd\u00edjasokra a munkaer\u0151piacon | Allasorias.hu","twitter:description":"Szakemberek szerint a munkaer\u0151-tartal\u00e9kok kiakn\u00e1z\u00e1s\u00e1bann fontos szerepe lehet a nyug\u0111\u00edjasoknak.","twitter:image":"https:\/\/allasorias.hu\/hirek\/wp-content\/uploads\/2024\/02\/nyugdijas-allasok.jpg","twitter:label1":"Written by","twitter:data1":"Juh\u00e1sz P\u00e9ter","twitter:label2":"Est. reading time","twitter:data2":"2 minutes"},"aioseo_meta_data":{"post_id":"7330","title":"#post_title | Allasorias.hu","description":"Szakemberek szerint a munkaer\u0151-tartal\u00e9kok kiakn\u00e1z\u00e1s\u00e1bann fontos szerepe lehet a nyug\u0111\u00edjasoknak.","keywords":[],"keyphrases":{"focus":{"keyphrase":"","score":0,"analysis":{"keyphraseInTitle":{"score":0,"maxScore":9,"error":1}}},"additional":[]},"primary_term":null,"canonical_url":null,"og_title":null,"og_description":null,"og_object_type":"default","og_image_type":"default","og_image_url":null,"og_image_width":null,"og_image_height":null,"og_image_custom_url":null,"og_image_custom_fields":null,"og_video":"","og_custom_url":null,"og_article_section":null,"og_article_tags":[],"twitter_use_og":true,"twitter_card":"default","twitter_image_type":"default","twitter_image_url":null,"twitter_image_custom_url":null,"twitter_image_custom_fields":null,"twitter_title":null,"twitter_description":null,"schema":{"blockGraphs":[],"customGraphs":[],"default":{"data":{"Article":[],"Course":[],"Dataset":[],"FAQPage":[],"Movie":[],"Person":[],"Product":[],"ProductReview":[],"Car":[],"Recipe":[],"Service":[],"SoftwareApplication":[],"WebPage":[]},"graphName":"Article","isEnabled":true},"graphs":[]},"schema_type":"default","schema_type_options":null,"pillar_content":false,"robots_default":true,"robots_noindex":false,"robots_noarchive":false,"robots_nosnippet":false,"robots_nofollow":false,"robots_noimageindex":false,"robots_noodp":false,"robots_notranslate":false,"robots_max_snippet":"-1","robots_max_videopreview":"-1","robots_max_imagepreview":"large","priority":null,"frequency":"default","location":null,"local_seo":null,"breadcrumb_settings":null,"limit_modified_date":false,"ai":null,"created":"2024-02-14 09:50:13","updated":"2025-10-02 19:34:37","seo_analyzer_scan_date":null,"focus_keyword":null,"additional_keywords":null,"truseo_locale":null},"aioseo_breadcrumb":"<div class=\"aioseo-breadcrumbs\"><span class=\"aioseo-breadcrumb\">\n\t\t\t<a href=\"https:\/\/allasorias.hu\/hirek\" title=\"Home\">Home<\/a>\n\t\t<\/span><span class=\"aioseo-breadcrumb-separator\">&raquo;<\/span><span class=\"aioseo-breadcrumb\">\n\t\t\t<a href=\"https:\/\/allasorias.hu\/hirek\/temak\/munkaeropiac\/\" title=\"Munkaer\u0151piac\">Munkaer\u0151piac<\/a>\n\t\t<\/span><span class=\"aioseo-breadcrumb-separator\">&raquo;<\/span><span class=\"aioseo-breadcrumb\">\n\t\t\tSz\u00e1m\u00edtanak a nyugd\u00edjasokra a munkaer\u0151piacon\n\t\t<\/span><\/div>","aioseo_breadcrumb_json":[{"label":"Home","link":"https:\/\/allasorias.hu\/hirek"},{"label":"Munkaer\u0151piac","link":"https:\/\/allasorias.hu\/hirek\/temak\/munkaeropiac\/"},{"label":"Sz\u00e1m\u00edtanak a nyugd\u00edjasokra a munkaer\u0151piacon","link":"https:\/\/allasorias.hu\/hirek\/szamitanak-a-nyugdijasokra-a-munkaeropiacon\/"}],"_links":{"self":[{"href":"https:\/\/allasorias.hu\/hirek\/wp-json\/wp\/v2\/posts\/7330","targetHints":{"allow":["GET"]}}],"collection":[{"href":"https:\/\/allasorias.hu\/hirek\/wp-json\/wp\/v2\/posts"}],"about":[{"href":"https:\/\/allasorias.hu\/hirek\/wp-json\/wp\/v2\/types\/post"}],"author":[{"embeddable":true,"href":"https:\/\/allasorias.hu\/hirek\/wp-json\/wp\/v2\/users\/1"}],"replies":[{"embeddable":true,"href":"https:\/\/allasorias.hu\/hirek\/wp-json\/wp\/v2\/comments?post=7330"}],"version-history":[{"count":3,"href":"https:\/\/allasorias.hu\/hirek\/wp-json\/wp\/v2\/posts\/7330\/revisions"}],"predecessor-version":[{"id":7334,"href":"https:\/\/allasorias.hu\/hirek\/wp-json\/wp\/v2\/posts\/7330\/revisions\/7334"}],"wp:featuredmedia":[{"embeddable":true,"href":"https:\/\/allasorias.hu\/hirek\/wp-json\/wp\/v2\/media\/7331"}],"wp:attachment":[{"href":"https:\/\/allasorias.hu\/hirek\/wp-json\/wp\/v2\/media?parent=7330"}],"wp:term":[{"taxonomy":"category","embeddable":true,"href":"https:\/\/allasorias.hu\/hirek\/wp-json\/wp\/v2\/categories?post=7330"},{"taxonomy":"post_tag","embeddable":true,"href":"https:\/\/allasorias.hu\/hirek\/wp-json\/wp\/v2\/tags?post=7330"}],"curies":[{"name":"wp","href":"https:\/\/api.w.org\/{rel}","templated":true}]}}