{"id":7324,"date":"2024-02-13T12:49:51","date_gmt":"2024-02-13T10:49:51","guid":{"rendered":"https:\/\/allasorias.hu\/hirek\/?p=7324"},"modified":"2024-02-13T12:53:34","modified_gmt":"2024-02-13T10:53:34","slug":"emelni-kell-a-nyugdijkorhatart","status":"publish","type":"post","link":"https:\/\/allasorias.hu\/hirek\/emelni-kell-a-nyugdijkorhatart\/","title":{"rendered":"Emelni kell a nyugd\u00edjkorhat\u00e1rt"},"content":{"rendered":"<p><strong>T\u00f6bb orsz\u00e1gban is foglalkoznak azzal a k\u00e9rd\u00e9ssel, hogy mennyi ideig kellene dolgozni a nyugd\u00edj el\u00e9r\u00e9s\u00e9hez. A nyugd\u00edjkorhat\u00e1r felemel\u00e9se foglalkoztatja a szakembereket Angli\u00e1ban is.\u00a0<\/strong><\/p>\n<p>A brit International Longevity Center (ILC) friss jelent\u00e9se szerint a t\u00e1rsadalom gyors el\u00f6reged\u00e9se miatt vil\u00e1gszerte sz\u00fcks\u00e9gess\u00e9 v\u00e1lhat, hogy 2050-re 71 \u00e9vre emelj\u00e9k az \u00e1llami nyugd\u00edjra jogosultak korhat\u00e1r\u00e1t \u2013 \u00edrja a VG. Egy felm\u00e9r\u00e9s szerint a megk\u00e9rdezettek 90 sz\u00e1zal\u00e9k\u00e1t aggasztja a javaslat, mert az Egyes\u00fclt Kir\u00e1lys\u00e1gban egyre t\u00f6bben vannak, akiknek az \u00f6tvenes-hatvanas \u00e9veikben el kell hagyniuk a munkaer\u0151piacot, egyr\u00e9szt a le\u00e9p\u00edt\u00e9sek, m\u00e1sr\u00e9szt az eg\u00e9szs\u00e9gi \u00e1llapotuk miatt. M\u00e1rpedig ebben az \u00e9letkorban nagyon neh\u00e9z \u00faj \u00e1ll\u00e1st tal\u00e1lni.<\/p>\n<p>Ros Altmann volt nyugd\u00edjas\u00fcgyi brit \u00e1llamtitk\u00e1r sem \u00e9rt egyet az ILC javaslat\u00e1val. Szerinte a n\u0151kre \u00e9s a t\u00e1rsadalom szeg\u00e9nyebb r\u00e9tegeinek okozn\u00e1 a legnagyobb neh\u00e9zs\u00e9get a d\u00f6nt\u00e9s, ugyanis nekik \u201ev\u00e9gkimer\u00fcl\u00e9sig\u201d kellene dolgozniuk, vagy nagyon alacsony sz\u00ednvonalon \u00e9lni\u00fck az alacsony mag\u00e1nnyugd\u00edjb\u00f3l, am\u00edg el nem \u00e9rik a 71 \u00e9vre emelt korhat\u00e1rt. Altmann felh\u00edvta a figyelmet, hogy a t\u00e1rsadalom legalacsonyabb j\u00f6vedelm\u0171 10 sz\u00e1zal\u00e9ka az adatok szerint az \u00f6tvenes \u00e9vei eleje ut\u00e1n nem marad eg\u00e9szs\u00e9ges, \u00edgy nagyobb es\u00e9llyel halnak meg 71 \u00e9ves koruk el\u0151tt. Andrew Scott k\u00f6zgazd\u00e1sz szerint a nyugd\u00edjkorhat\u00e1r emel\u00e9s\u00e9hez <a href=\"https:\/\/allasorias.hu\/hirek\/dolgozni-nyugdij-utan-is\/\">id\u0151sbar\u00e1t munkahelyek teremt\u00e9s\u00e9re<\/a> \u00e9s jobb eg\u00e9szs\u00e9g\u00fcgyi \u00e9s gondoz\u00e1si ell\u00e1t\u00f3rendszerre lenne sz\u00fcks\u00e9g.<\/p>\n<p>Forr\u00e1s: <a href=\"https:\/\/www.hrportal.hu\/c\/71-eves-korunkig-kene-dolgoznunk-hogy-ne-omoljon-ossze-a-nyugdijrendszer-20240212.html\" target=\"_blank\" rel=\"nofollow noopener noreferrer\">hrportal.hu<\/a><\/p>\n<p>&nbsp;<\/p>\n","protected":false},"excerpt":{"rendered":"<p>T\u00f6bb orsz\u00e1gban is foglalkoznak azzal a k\u00e9rd\u00e9ssel, hogy mennyi ideig kellene dolgozni a nyugd\u00edj el\u00e9r\u00e9s\u00e9hez. A nyugd\u00edjkorhat\u00e1r felemel\u00e9se foglalkoztatja a szakembereket Angli\u00e1ban is.\u00a0 A brit International Longevity Center (ILC) friss jelent\u00e9se szerint a t\u00e1rsadalom gyors el\u00f6reged\u00e9se miatt vil\u00e1gszerte sz\u00fcks\u00e9gess\u00e9 v\u00e1lhat, hogy 2050-re 71 \u00e9vre emelj\u00e9k az \u00e1llami nyugd\u00edjra jogosultak korhat\u00e1r\u00e1t \u2013 \u00edrja a VG. Egy [&hellip;]<\/p>\n","protected":false},"author":1,"featured_media":7325,"comment_status":"closed","ping_status":"closed","sticky":false,"template":"","format":"standard","meta":{"_monsterinsights_skip_tracking":false,"footnotes":""},"categories":[200],"tags":[591],"class_list":["post-7324","post","type-post","status-publish","format-standard","has-post-thumbnail","hentry","category-munkaeropiac","tag-nyugdijkorhatar"],"aioseo_notices":[],"aioseo_head":"\n\t\t<!-- All in One SEO 5.0.0.1 - aioseo.com -->\n\t<meta name=\"description\" content=\"T\u00f6bb orsz\u00e1gban is foglalkoznak azzal a k\u00e9rd\u00e9ssel, hogy mennyi ideig kellene dolgozni a nyugd\u00edj el\u00e9r\u00e9s\u00e9hez.\" \/>\n\t<meta name=\"robots\" content=\"max-image-preview:large\" \/>\n\t<meta name=\"author\" content=\"Juh\u00e1sz P\u00e9ter\"\/>\n\t<meta name=\"keywords\" content=\"nyugd\u00edjkorhat\u00e1r\" \/>\n\t<link rel=\"canonical\" href=\"https:\/\/allasorias.hu\/hirek\/emelni-kell-a-nyugdijkorhatart\/\" \/>\n\t<meta name=\"generator\" content=\"All in One SEO (AIOSEO) 5.0.0.1\" \/>\n\t\t<meta property=\"og:locale\" content=\"hu_HU\" \/>\n\t\t<meta property=\"og:site_name\" content=\"AllasOrias.hu | H\u00edrek-lapszemle | \u00dczleti h\u00edrek az \u00e1ll\u00e1s \u00e9s a munka vil\u00e1g\u00e1b\u00f3l\" \/>\n\t\t<meta property=\"og:type\" content=\"article\" \/>\n\t\t<meta property=\"og:title\" content=\"Emelni kell a nyugd\u00edjkorhat\u00e1rt | AllasOrias.hu\/Hirek\" \/>\n\t\t<meta property=\"og:description\" content=\"T\u00f6bb orsz\u00e1gban is foglalkoznak azzal a k\u00e9rd\u00e9ssel, hogy mennyi ideig kellene dolgozni a nyugd\u00edj el\u00e9r\u00e9s\u00e9hez.\" \/>\n\t\t<meta property=\"og:url\" content=\"https:\/\/allasorias.hu\/hirek\/emelni-kell-a-nyugdijkorhatart\/\" \/>\n\t\t<meta property=\"og:image\" content=\"https:\/\/allasorias.hu\/hirek\/wp-content\/uploads\/2024\/02\/nyugdijkorhatas-emeles.jpg\" \/>\n\t\t<meta property=\"og:image:secure_url\" content=\"https:\/\/allasorias.hu\/hirek\/wp-content\/uploads\/2024\/02\/nyugdijkorhatas-emeles.jpg\" \/>\n\t\t<meta property=\"og:image:width\" content=\"1280\" \/>\n\t\t<meta property=\"og:image:height\" content=\"854\" \/>\n\t\t<meta property=\"article:published_time\" content=\"2024-02-13T10:49:51+00:00\" \/>\n\t\t<meta property=\"article:modified_time\" content=\"2024-02-13T10:53:34+00:00\" \/>\n\t\t<meta property=\"article:publisher\" content=\"https:\/\/www.facebook.com\/allasorias\" \/>\n\t\t<meta name=\"twitter:card\" content=\"summary_large_image\" \/>\n\t\t<meta name=\"twitter:title\" content=\"Emelni kell a nyugd\u00edjkorhat\u00e1rt | AllasOrias.hu\/Hirek\" \/>\n\t\t<meta name=\"twitter:description\" content=\"T\u00f6bb orsz\u00e1gban is foglalkoznak azzal a k\u00e9rd\u00e9ssel, hogy mennyi ideig kellene dolgozni a nyugd\u00edj el\u00e9r\u00e9s\u00e9hez.\" \/>\n\t\t<meta name=\"twitter:image\" content=\"https:\/\/allasorias.hu\/hirek\/wp-content\/uploads\/2024\/02\/nyugdijkorhatas-emeles.jpg\" \/>\n\t\t<meta name=\"twitter:label1\" content=\"Written by\" \/>\n\t\t<meta name=\"twitter:data1\" content=\"Juh\u00e1sz P\u00e9ter\" \/>\n\t\t<meta name=\"twitter:label2\" content=\"Est. reading time\" \/>\n\t\t<meta name=\"twitter:data2\" content=\"1 minute\" \/>\n\t\t<script type=\"application\/ld+json\" class=\"aioseo-schema\">\n\t\t\t{\"@context\":\"https:\\\/\\\/schema.org\",\"@graph\":[{\"@type\":\"Article\",\"@id\":\"https:\\\/\\\/allasorias.hu\\\/hirek\\\/emelni-kell-a-nyugdijkorhatart\\\/#article\",\"name\":\"Emelni kell a nyugd\\u00edjkorhat\\u00e1rt | AllasOrias.hu\\\/Hirek\",\"headline\":\"Emelni kell a nyugd\\u00edjkorhat\\u00e1rt\",\"author\":{\"@id\":\"https:\\\/\\\/allasorias.hu\\\/hirek\\\/author\\\/admin-allasorias\\\/#author\"},\"publisher\":{\"@id\":\"https:\\\/\\\/allasorias.hu\\\/hirek\\\/#organization\"},\"image\":{\"@type\":\"ImageObject\",\"url\":\"https:\\\/\\\/allasorias.hu\\\/hirek\\\/wp-content\\\/uploads\\\/2024\\\/02\\\/nyugdijkorhatas-emeles.jpg\",\"width\":1280,\"height\":854,\"caption\":\"Emelni kell a nyugd\\u00edjkorhat\\u00e1rt - Allasorias.hu\\\/Hirek\"},\"datePublished\":\"2024-02-13T12:49:51+02:00\",\"dateModified\":\"2024-02-13T12:53:34+02:00\",\"inLanguage\":\"hu-HU\",\"mainEntityOfPage\":{\"@id\":\"https:\\\/\\\/allasorias.hu\\\/hirek\\\/emelni-kell-a-nyugdijkorhatart\\\/#webpage\"},\"isPartOf\":{\"@id\":\"https:\\\/\\\/allasorias.hu\\\/hirek\\\/emelni-kell-a-nyugdijkorhatart\\\/#webpage\"},\"articleSection\":\"Munkaer\\u0151piac, nyugd\\u00edjkorhat\\u00e1r\"},{\"@type\":\"BreadcrumbList\",\"@id\":\"https:\\\/\\\/allasorias.hu\\\/hirek\\\/emelni-kell-a-nyugdijkorhatart\\\/#breadcrumblist\",\"itemListElement\":[{\"@type\":\"ListItem\",\"@id\":\"https:\\\/\\\/allasorias.hu\\\/hirek#listItem\",\"position\":1,\"name\":\"Home\",\"item\":\"https:\\\/\\\/allasorias.hu\\\/hirek\",\"nextItem\":{\"@type\":\"ListItem\",\"@id\":\"https:\\\/\\\/allasorias.hu\\\/hirek\\\/temak\\\/munkaeropiac\\\/#listItem\",\"name\":\"Munkaer\\u0151piac\"}},{\"@type\":\"ListItem\",\"@id\":\"https:\\\/\\\/allasorias.hu\\\/hirek\\\/temak\\\/munkaeropiac\\\/#listItem\",\"position\":2,\"name\":\"Munkaer\\u0151piac\",\"item\":\"https:\\\/\\\/allasorias.hu\\\/hirek\\\/temak\\\/munkaeropiac\\\/\",\"nextItem\":{\"@type\":\"ListItem\",\"@id\":\"https:\\\/\\\/allasorias.hu\\\/hirek\\\/emelni-kell-a-nyugdijkorhatart\\\/#listItem\",\"name\":\"Emelni kell a nyugd\\u00edjkorhat\\u00e1rt\"},\"previousItem\":{\"@type\":\"ListItem\",\"@id\":\"https:\\\/\\\/allasorias.hu\\\/hirek#listItem\",\"name\":\"Home\"}},{\"@type\":\"ListItem\",\"@id\":\"https:\\\/\\\/allasorias.hu\\\/hirek\\\/emelni-kell-a-nyugdijkorhatart\\\/#listItem\",\"position\":3,\"name\":\"Emelni kell a nyugd\\u00edjkorhat\\u00e1rt\",\"previousItem\":{\"@type\":\"ListItem\",\"@id\":\"https:\\\/\\\/allasorias.hu\\\/hirek\\\/temak\\\/munkaeropiac\\\/#listItem\",\"name\":\"Munkaer\\u0151piac\"}}]},{\"@type\":\"Organization\",\"@id\":\"https:\\\/\\\/allasorias.hu\\\/hirek\\\/#organization\",\"name\":\"AllasOrias.hu | H\\u00edrek-lapszemle\",\"description\":\"\\u00dczleti h\\u00edrek az \\u00e1ll\\u00e1s \\u00e9s a munka vil\\u00e1g\\u00e1b\\u00f3l\",\"url\":\"https:\\\/\\\/allasorias.hu\\\/hirek\\\/\",\"logo\":{\"@type\":\"ImageObject\",\"url\":\"https:\\\/\\\/allasorias.hu\\\/hirek\\\/wp-content\\\/uploads\\\/2022\\\/10\\\/allasorias_site_facebok_logo.png\",\"@id\":\"https:\\\/\\\/allasorias.hu\\\/hirek\\\/emelni-kell-a-nyugdijkorhatart\\\/#organizationLogo\"},\"image\":{\"@id\":\"https:\\\/\\\/allasorias.hu\\\/hirek\\\/emelni-kell-a-nyugdijkorhatart\\\/#organizationLogo\"},\"sameAs\":[\"https:\\\/\\\/www.facebook.com\\\/allasorias\",\"https:\\\/\\\/www.linkedin.com\\\/company\\\/allasorias\"]},{\"@type\":\"Person\",\"@id\":\"https:\\\/\\\/allasorias.hu\\\/hirek\\\/author\\\/admin-allasorias\\\/#author\",\"url\":\"https:\\\/\\\/allasorias.hu\\\/hirek\\\/author\\\/admin-allasorias\\\/\",\"name\":\"Juh\\u00e1sz P\\u00e9ter\",\"image\":{\"@type\":\"ImageObject\",\"@id\":\"https:\\\/\\\/allasorias.hu\\\/hirek\\\/emelni-kell-a-nyugdijkorhatart\\\/#authorImage\",\"url\":\"https:\\\/\\\/secure.gravatar.com\\\/avatar\\\/36e6bcb83148978b992977cb0f54d22feb0cce8a0a849a9410532bb2623ba4c6?s=96&d=mm&r=g\",\"width\":96,\"height\":96,\"caption\":\"Juh\\u00e1sz P\\u00e9ter\"}},{\"@type\":\"WebPage\",\"@id\":\"https:\\\/\\\/allasorias.hu\\\/hirek\\\/emelni-kell-a-nyugdijkorhatart\\\/#webpage\",\"url\":\"https:\\\/\\\/allasorias.hu\\\/hirek\\\/emelni-kell-a-nyugdijkorhatart\\\/\",\"name\":\"Emelni kell a nyugd\\u00edjkorhat\\u00e1rt | AllasOrias.hu\\\/Hirek\",\"description\":\"T\\u00f6bb orsz\\u00e1gban is foglalkoznak azzal a k\\u00e9rd\\u00e9ssel, hogy mennyi ideig kellene dolgozni a nyugd\\u00edj el\\u00e9r\\u00e9s\\u00e9hez.\",\"inLanguage\":\"hu-HU\",\"isPartOf\":{\"@id\":\"https:\\\/\\\/allasorias.hu\\\/hirek\\\/#website\"},\"breadcrumb\":{\"@id\":\"https:\\\/\\\/allasorias.hu\\\/hirek\\\/emelni-kell-a-nyugdijkorhatart\\\/#breadcrumblist\"},\"author\":{\"@id\":\"https:\\\/\\\/allasorias.hu\\\/hirek\\\/author\\\/admin-allasorias\\\/#author\"},\"creator\":{\"@id\":\"https:\\\/\\\/allasorias.hu\\\/hirek\\\/author\\\/admin-allasorias\\\/#author\"},\"image\":{\"@type\":\"ImageObject\",\"url\":\"https:\\\/\\\/allasorias.hu\\\/hirek\\\/wp-content\\\/uploads\\\/2024\\\/02\\\/nyugdijkorhatas-emeles.jpg\",\"@id\":\"https:\\\/\\\/allasorias.hu\\\/hirek\\\/emelni-kell-a-nyugdijkorhatart\\\/#mainImage\",\"width\":1280,\"height\":854,\"caption\":\"Emelni kell a nyugd\\u00edjkorhat\\u00e1rt - Allasorias.hu\\\/Hirek\"},\"primaryImageOfPage\":{\"@id\":\"https:\\\/\\\/allasorias.hu\\\/hirek\\\/emelni-kell-a-nyugdijkorhatart\\\/#mainImage\"},\"datePublished\":\"2024-02-13T12:49:51+02:00\",\"dateModified\":\"2024-02-13T12:53:34+02:00\"},{\"@type\":\"WebSite\",\"@id\":\"https:\\\/\\\/allasorias.hu\\\/hirek\\\/#website\",\"url\":\"https:\\\/\\\/allasorias.hu\\\/hirek\\\/\",\"name\":\"AllasOrias.hu | H\\u00edrek-lapszemle\",\"description\":\"\\u00dczleti h\\u00edrek az \\u00e1ll\\u00e1s \\u00e9s a munka vil\\u00e1g\\u00e1b\\u00f3l\",\"inLanguage\":\"hu-HU\",\"publisher\":{\"@id\":\"https:\\\/\\\/allasorias.hu\\\/hirek\\\/#organization\"}}]}\n\t\t<\/script>\n\t\t<!-- All in One SEO -->\n\n","aioseo_head_json":{"title":"Emelni kell a nyugd\u00edjkorhat\u00e1rt | AllasOrias.hu\/Hirek","description":"T\u00f6bb orsz\u00e1gban is foglalkoznak azzal a k\u00e9rd\u00e9ssel, hogy mennyi ideig kellene dolgozni a nyugd\u00edj el\u00e9r\u00e9s\u00e9hez.","canonical_url":"https:\/\/allasorias.hu\/hirek\/emelni-kell-a-nyugdijkorhatart\/","robots":"max-image-preview:large","keywords":"nyugd\u00edjkorhat\u00e1r","webmasterTools":{"miscellaneous":""},"schema":{"@context":"https:\/\/schema.org","@graph":[{"@type":"Article","@id":"https:\/\/allasorias.hu\/hirek\/emelni-kell-a-nyugdijkorhatart\/#article","name":"Emelni kell a nyugd\u00edjkorhat\u00e1rt | AllasOrias.hu\/Hirek","headline":"Emelni kell a nyugd\u00edjkorhat\u00e1rt","author":{"@id":"https:\/\/allasorias.hu\/hirek\/author\/admin-allasorias\/#author"},"publisher":{"@id":"https:\/\/allasorias.hu\/hirek\/#organization"},"image":{"@type":"ImageObject","url":"https:\/\/allasorias.hu\/hirek\/wp-content\/uploads\/2024\/02\/nyugdijkorhatas-emeles.jpg","width":1280,"height":854,"caption":"Emelni kell a nyugd\u00edjkorhat\u00e1rt - Allasorias.hu\/Hirek"},"datePublished":"2024-02-13T12:49:51+02:00","dateModified":"2024-02-13T12:53:34+02:00","inLanguage":"hu-HU","mainEntityOfPage":{"@id":"https:\/\/allasorias.hu\/hirek\/emelni-kell-a-nyugdijkorhatart\/#webpage"},"isPartOf":{"@id":"https:\/\/allasorias.hu\/hirek\/emelni-kell-a-nyugdijkorhatart\/#webpage"},"articleSection":"Munkaer\u0151piac, nyugd\u00edjkorhat\u00e1r"},{"@type":"BreadcrumbList","@id":"https:\/\/allasorias.hu\/hirek\/emelni-kell-a-nyugdijkorhatart\/#breadcrumblist","itemListElement":[{"@type":"ListItem","@id":"https:\/\/allasorias.hu\/hirek#listItem","position":1,"name":"Home","item":"https:\/\/allasorias.hu\/hirek","nextItem":{"@type":"ListItem","@id":"https:\/\/allasorias.hu\/hirek\/temak\/munkaeropiac\/#listItem","name":"Munkaer\u0151piac"}},{"@type":"ListItem","@id":"https:\/\/allasorias.hu\/hirek\/temak\/munkaeropiac\/#listItem","position":2,"name":"Munkaer\u0151piac","item":"https:\/\/allasorias.hu\/hirek\/temak\/munkaeropiac\/","nextItem":{"@type":"ListItem","@id":"https:\/\/allasorias.hu\/hirek\/emelni-kell-a-nyugdijkorhatart\/#listItem","name":"Emelni kell a nyugd\u00edjkorhat\u00e1rt"},"previousItem":{"@type":"ListItem","@id":"https:\/\/allasorias.hu\/hirek#listItem","name":"Home"}},{"@type":"ListItem","@id":"https:\/\/allasorias.hu\/hirek\/emelni-kell-a-nyugdijkorhatart\/#listItem","position":3,"name":"Emelni kell a nyugd\u00edjkorhat\u00e1rt","previousItem":{"@type":"ListItem","@id":"https:\/\/allasorias.hu\/hirek\/temak\/munkaeropiac\/#listItem","name":"Munkaer\u0151piac"}}]},{"@type":"Organization","@id":"https:\/\/allasorias.hu\/hirek\/#organization","name":"AllasOrias.hu | H\u00edrek-lapszemle","description":"\u00dczleti h\u00edrek az \u00e1ll\u00e1s \u00e9s a munka vil\u00e1g\u00e1b\u00f3l","url":"https:\/\/allasorias.hu\/hirek\/","logo":{"@type":"ImageObject","url":"https:\/\/allasorias.hu\/hirek\/wp-content\/uploads\/2022\/10\/allasorias_site_facebok_logo.png","@id":"https:\/\/allasorias.hu\/hirek\/emelni-kell-a-nyugdijkorhatart\/#organizationLogo"},"image":{"@id":"https:\/\/allasorias.hu\/hirek\/emelni-kell-a-nyugdijkorhatart\/#organizationLogo"},"sameAs":["https:\/\/www.facebook.com\/allasorias","https:\/\/www.linkedin.com\/company\/allasorias"]},{"@type":"Person","@id":"https:\/\/allasorias.hu\/hirek\/author\/admin-allasorias\/#author","url":"https:\/\/allasorias.hu\/hirek\/author\/admin-allasorias\/","name":"Juh\u00e1sz P\u00e9ter","image":{"@type":"ImageObject","@id":"https:\/\/allasorias.hu\/hirek\/emelni-kell-a-nyugdijkorhatart\/#authorImage","url":"https:\/\/secure.gravatar.com\/avatar\/36e6bcb83148978b992977cb0f54d22feb0cce8a0a849a9410532bb2623ba4c6?s=96&d=mm&r=g","width":96,"height":96,"caption":"Juh\u00e1sz P\u00e9ter"}},{"@type":"WebPage","@id":"https:\/\/allasorias.hu\/hirek\/emelni-kell-a-nyugdijkorhatart\/#webpage","url":"https:\/\/allasorias.hu\/hirek\/emelni-kell-a-nyugdijkorhatart\/","name":"Emelni kell a nyugd\u00edjkorhat\u00e1rt | AllasOrias.hu\/Hirek","description":"T\u00f6bb orsz\u00e1gban is foglalkoznak azzal a k\u00e9rd\u00e9ssel, hogy mennyi ideig kellene dolgozni a nyugd\u00edj el\u00e9r\u00e9s\u00e9hez.","inLanguage":"hu-HU","isPartOf":{"@id":"https:\/\/allasorias.hu\/hirek\/#website"},"breadcrumb":{"@id":"https:\/\/allasorias.hu\/hirek\/emelni-kell-a-nyugdijkorhatart\/#breadcrumblist"},"author":{"@id":"https:\/\/allasorias.hu\/hirek\/author\/admin-allasorias\/#author"},"creator":{"@id":"https:\/\/allasorias.hu\/hirek\/author\/admin-allasorias\/#author"},"image":{"@type":"ImageObject","url":"https:\/\/allasorias.hu\/hirek\/wp-content\/uploads\/2024\/02\/nyugdijkorhatas-emeles.jpg","@id":"https:\/\/allasorias.hu\/hirek\/emelni-kell-a-nyugdijkorhatart\/#mainImage","width":1280,"height":854,"caption":"Emelni kell a nyugd\u00edjkorhat\u00e1rt - Allasorias.hu\/Hirek"},"primaryImageOfPage":{"@id":"https:\/\/allasorias.hu\/hirek\/emelni-kell-a-nyugdijkorhatart\/#mainImage"},"datePublished":"2024-02-13T12:49:51+02:00","dateModified":"2024-02-13T12:53:34+02:00"},{"@type":"WebSite","@id":"https:\/\/allasorias.hu\/hirek\/#website","url":"https:\/\/allasorias.hu\/hirek\/","name":"AllasOrias.hu | H\u00edrek-lapszemle","description":"\u00dczleti h\u00edrek az \u00e1ll\u00e1s \u00e9s a munka vil\u00e1g\u00e1b\u00f3l","inLanguage":"hu-HU","publisher":{"@id":"https:\/\/allasorias.hu\/hirek\/#organization"}}]},"og:locale":"hu_HU","og:site_name":"AllasOrias.hu | H\u00edrek-lapszemle | \u00dczleti h\u00edrek az \u00e1ll\u00e1s \u00e9s a munka vil\u00e1g\u00e1b\u00f3l","og:type":"article","og:title":"Emelni kell a nyugd\u00edjkorhat\u00e1rt | AllasOrias.hu\/Hirek","og:description":"T\u00f6bb orsz\u00e1gban is foglalkoznak azzal a k\u00e9rd\u00e9ssel, hogy mennyi ideig kellene dolgozni a nyugd\u00edj el\u00e9r\u00e9s\u00e9hez.","og:url":"https:\/\/allasorias.hu\/hirek\/emelni-kell-a-nyugdijkorhatart\/","og:image":"https:\/\/allasorias.hu\/hirek\/wp-content\/uploads\/2024\/02\/nyugdijkorhatas-emeles.jpg","og:image:secure_url":"https:\/\/allasorias.hu\/hirek\/wp-content\/uploads\/2024\/02\/nyugdijkorhatas-emeles.jpg","og:image:width":1280,"og:image:height":854,"article:published_time":"2024-02-13T10:49:51+00:00","article:modified_time":"2024-02-13T10:53:34+00:00","article:publisher":"https:\/\/www.facebook.com\/allasorias","twitter:card":"summary_large_image","twitter:title":"Emelni kell a nyugd\u00edjkorhat\u00e1rt | AllasOrias.hu\/Hirek","twitter:description":"T\u00f6bb orsz\u00e1gban is foglalkoznak azzal a k\u00e9rd\u00e9ssel, hogy mennyi ideig kellene dolgozni a nyugd\u00edj el\u00e9r\u00e9s\u00e9hez.","twitter:image":"https:\/\/allasorias.hu\/hirek\/wp-content\/uploads\/2024\/02\/nyugdijkorhatas-emeles.jpg","twitter:label1":"Written by","twitter:data1":"Juh\u00e1sz P\u00e9ter","twitter:label2":"Est. reading time","twitter:data2":"1 minute"},"aioseo_meta_data":{"post_id":"7324","title":"#post_title | AllasOrias.hu\/Hirek","description":"T\u00f6bb orsz\u00e1gban is foglalkoznak azzal a k\u00e9rd\u00e9ssel, hogy mennyi ideig kellene dolgozni a nyugd\u00edj el\u00e9r\u00e9s\u00e9hez.","keywords":[],"keyphrases":{"focus":{"keyphrase":"","score":0,"analysis":{"keyphraseInTitle":{"score":0,"maxScore":9,"error":1}}},"additional":[]},"primary_term":null,"canonical_url":null,"og_title":null,"og_description":null,"og_object_type":"default","og_image_type":"default","og_image_url":null,"og_image_width":null,"og_image_height":null,"og_image_custom_url":null,"og_image_custom_fields":null,"og_video":"","og_custom_url":null,"og_article_section":null,"og_article_tags":[],"twitter_use_og":true,"twitter_card":"default","twitter_image_type":"default","twitter_image_url":null,"twitter_image_custom_url":null,"twitter_image_custom_fields":null,"twitter_title":null,"twitter_description":null,"schema":{"blockGraphs":[],"customGraphs":[],"default":{"data":{"Article":[],"Course":[],"Dataset":[],"FAQPage":[],"Movie":[],"Person":[],"Product":[],"ProductReview":[],"Car":[],"Recipe":[],"Service":[],"SoftwareApplication":[],"WebPage":[]},"graphName":"Article","isEnabled":true},"graphs":[]},"schema_type":"default","schema_type_options":null,"pillar_content":false,"robots_default":true,"robots_noindex":false,"robots_noarchive":false,"robots_nosnippet":false,"robots_nofollow":false,"robots_noimageindex":false,"robots_noodp":false,"robots_notranslate":false,"robots_max_snippet":"-1","robots_max_videopreview":"-1","robots_max_imagepreview":"large","priority":null,"frequency":"default","location":null,"local_seo":null,"breadcrumb_settings":null,"limit_modified_date":false,"ai":null,"created":"2024-02-13 10:30:53","updated":"2025-10-02 19:34:37","seo_analyzer_scan_date":null,"focus_keyword":null,"additional_keywords":null,"truseo_locale":null},"aioseo_breadcrumb":"<div class=\"aioseo-breadcrumbs\"><span class=\"aioseo-breadcrumb\">\n\t\t\t<a href=\"https:\/\/allasorias.hu\/hirek\" title=\"Home\">Home<\/a>\n\t\t<\/span><span class=\"aioseo-breadcrumb-separator\">&raquo;<\/span><span class=\"aioseo-breadcrumb\">\n\t\t\t<a href=\"https:\/\/allasorias.hu\/hirek\/temak\/munkaeropiac\/\" title=\"Munkaer\u0151piac\">Munkaer\u0151piac<\/a>\n\t\t<\/span><span class=\"aioseo-breadcrumb-separator\">&raquo;<\/span><span class=\"aioseo-breadcrumb\">\n\t\t\tEmelni kell a nyugd\u00edjkorhat\u00e1rt\n\t\t<\/span><\/div>","aioseo_breadcrumb_json":[{"label":"Home","link":"https:\/\/allasorias.hu\/hirek"},{"label":"Munkaer\u0151piac","link":"https:\/\/allasorias.hu\/hirek\/temak\/munkaeropiac\/"},{"label":"Emelni kell a nyugd\u00edjkorhat\u00e1rt","link":"https:\/\/allasorias.hu\/hirek\/emelni-kell-a-nyugdijkorhatart\/"}],"_links":{"self":[{"href":"https:\/\/allasorias.hu\/hirek\/wp-json\/wp\/v2\/posts\/7324","targetHints":{"allow":["GET"]}}],"collection":[{"href":"https:\/\/allasorias.hu\/hirek\/wp-json\/wp\/v2\/posts"}],"about":[{"href":"https:\/\/allasorias.hu\/hirek\/wp-json\/wp\/v2\/types\/post"}],"author":[{"embeddable":true,"href":"https:\/\/allasorias.hu\/hirek\/wp-json\/wp\/v2\/users\/1"}],"replies":[{"embeddable":true,"href":"https:\/\/allasorias.hu\/hirek\/wp-json\/wp\/v2\/comments?post=7324"}],"version-history":[{"count":3,"href":"https:\/\/allasorias.hu\/hirek\/wp-json\/wp\/v2\/posts\/7324\/revisions"}],"predecessor-version":[{"id":7327,"href":"https:\/\/allasorias.hu\/hirek\/wp-json\/wp\/v2\/posts\/7324\/revisions\/7327"}],"wp:featuredmedia":[{"embeddable":true,"href":"https:\/\/allasorias.hu\/hirek\/wp-json\/wp\/v2\/media\/7325"}],"wp:attachment":[{"href":"https:\/\/allasorias.hu\/hirek\/wp-json\/wp\/v2\/media?parent=7324"}],"wp:term":[{"taxonomy":"category","embeddable":true,"href":"https:\/\/allasorias.hu\/hirek\/wp-json\/wp\/v2\/categories?post=7324"},{"taxonomy":"post_tag","embeddable":true,"href":"https:\/\/allasorias.hu\/hirek\/wp-json\/wp\/v2\/tags?post=7324"}],"curies":[{"name":"wp","href":"https:\/\/api.w.org\/{rel}","templated":true}]}}