{"id":7310,"date":"2024-02-08T12:02:14","date_gmt":"2024-02-08T10:02:14","guid":{"rendered":"https:\/\/allasorias.hu\/hirek\/?p=7310"},"modified":"2024-02-08T12:03:11","modified_gmt":"2024-02-08T10:03:11","slug":"atalakuloban-van-a-munka-vilaga","status":"publish","type":"post","link":"https:\/\/allasorias.hu\/hirek\/atalakuloban-van-a-munka-vilaga\/","title":{"rendered":"\u00c1talakul\u00f3ban van a munka vil\u00e1ga"},"content":{"rendered":"<p><strong>2030-ban l\u00e9tez\u0151 \u00e1ll\u00e1sok 85 sz\u00e1zal\u00e9k\u00e1t m\u00e9g fel sem tal\u00e1lt\u00e1k, \u00edgy az \u00faj tud\u00e1s megszerz\u00e9s\u00e9nek a k\u00e9pess\u00e9ge \u00e9rt\u00e9kesebb\u00e9 v\u00e1lik, mint a tud\u00e1s maga. Ez\u00e9rt is egyre fontosabb k\u00e9rd\u00e9s a fels\u0151fok\u00fa tanulm\u00e1nyaikat megkezd\u0151 hallgat\u00f3k sz\u00e1m\u00e1ra, hogy val\u00f3ban j\u00f6v\u0151biztos tud\u00e1st ad\u00f3 szakot v\u00e1lasszanak. <\/strong><\/p>\n<p>A felt\u00f6rekv\u0151 technol\u00f3gi\u00e1k, p\u00e9ld\u00e1ul a robotika, a mesters\u00e9ges intelligencia, a g\u00e9pi tanul\u00e1s, a virtu\u00e1lis \u00e9s kiterjesztett val\u00f3s\u00e1g, valamint az emberi agy m\u0171k\u00f6d\u00e9s\u00e9t ut\u00e1nz\u00f3 sz\u00e1m\u00edt\u00e1stechnika az el\u0151rejelz\u00e9sek szerint az elk\u00f6vetkez\u0151 \u00e9vtizedekben \u00e1talak\u00edtj\u00e1k majd az \u00e9let\u00fcnket \u00e9s a munk\u00e1nkat. A j\u00f6v\u0151 szakm\u00e1i mind a dinamikusan fejl\u0151d\u0151 ter\u00fcletekr\u0151l ker\u00fclnek ki, mint a mesters\u00e9ges intelligencia, az informatika, a gy\u00f3gyszer\u00e9szet, az orvosi technol\u00f3gi\u00e1k \u00e9s azok a hat\u00e1rter\u00fcleti k\u00e9pz\u00e9sek, amelyek t\u00f6bb tudom\u00e1nyter\u00fclet tud\u00e1s\u00e1t \u00f6tv\u00f6zik, ezek k\u00f6z\u00e9 tartozik a BME fizikus-m\u00e9rn\u00f6k k\u00e9pz\u00e9se is.<\/p>\n<p>A Boston Consulting Group tanulm\u00e1nya szerint a sz\u00e1m\u00edt\u00e1stechnikai, term\u00e9szettudom\u00e1nyos, technol\u00f3giai, matematikai \u00e9s m\u00e9rn\u00f6ki tud\u00e1sra hatv\u00e1nyozottan sz\u00fcks\u00e9g lesz. A ter\u00fcletekhez szorosan kapcsol\u00f3d\u00f3 k\u00e9pz\u00e9st ny\u00fajt\u00f3 fizikus-m\u00e9rn\u00f6k szak hallgat\u00f3i egym\u00e1sra \u00e9p\u00fcl\u0151, kompetit\u00edv tud\u00e1st szerezhetnek, a folyamatosan v\u00e1ltoz\u00f3 trendekhez igazodva az innov\u00e1ci\u00f3s k\u00e9pess\u00e9get \u00e9s a szellemi tulajdon fontoss\u00e1g\u00e1t is f\u00f3kuszba helyezve. Rab L\u00e1szl\u00f3 kultur\u00e1lis antropol\u00f3gus \u00e9s etnogr\u00e1fus szerint azok a szakm\u00e1k lesznek fontosak, amelyek adatokkal, inform\u00e1ci\u00f3kkal \u00e9s kontrollal foglalkoznak.<\/p>\n<h2>\u201eAz adat teh\u00e1t az \u00faj arany.\u201d<\/h2>\n<p>Hogy milyen dinamikusan fejl\u0151dik ez a ter\u00fclet, azt a KSH adatai is j\u00f3l mutatj\u00e1k: 2009-ben az inform\u00e1ci\u00f3, kommunik\u00e1ci\u00f3 \u00e1gazatban haz\u00e1nkban 92,4 ezer ember dolgozott, ez 2020-ra m\u00e1r 147,5 ezer f\u0151re n\u0151tt.\u00a0 Naponta sok milli\u00f3 terab\u00e1jtnyi adat keletkezik a vil\u00e1gban, az adatok feldolgoz\u00e1sa \u00e9s elemz\u00e9se a m\u00e1sik kulcster\u00fclet, amelyre a j\u00f6v\u0151ben is biztosan sz\u00fcks\u00e9g lesz. Ezt a Business Insider el\u0151rejelz\u00e9se is meger\u0151s\u00edti, szerint\u00fck az adattudom\u00e1nyi szakemberek az elk\u00f6vetkezend\u0151 \u00e9vtizedekben keresettek lesznek. Az adatelemz\u00e9s, modellez\u00e9s, algoritmusok, valamint a statisztika \u00e9s val\u00f3sz\u00edn\u0171s\u00e9gsz\u00e1m\u00edt\u00e1s kiemelt ter\u00fcletei a BME fizikus-m\u00e9rn\u00f6k k\u00e9pz\u00e9s\u00e9nek is.<\/p>\n<p>2025-re 133 milli\u00f3 ember fog \u00e9lni a f\u00f6ld\u00f6n, aki k\u00f6zvetetten vagy k\u00f6zvetve foglalkozik a mesters\u00e9ges intelligenci\u00e1val \u00e9s a g\u00e9pi tanul\u00e1ssal, ut\u00f3bbi egyre t\u00f6bb v\u00e1llalatn\u00e1l ker\u00fcl f\u00f3kuszba. <a href=\"https:\/\/allasorias.hu\/hirek\/tobbszaz-millio-munkahelyet-erint-a-vilagban-az-automatizalas\/\">Az automatiz\u00e1ci\u00f3 is egyre t\u00f6bb ter\u00fcleten lesz jelen<\/a>, a robotok azonban bizonyos szektorok munkak\u00f6reit biztosan nem fogj\u00e1k elvenni. A nehezebben automatiz\u00e1lhat\u00f3 munkak\u00f6r\u00f6kben v\u00e1rhat\u00f3an n\u0151ni fog a foglalkoztatotts\u00e1g. A m\u00e9rn\u00f6ki munka j\u00f6v\u0151je a technol\u00f3giai \u00faj\u00edt\u00e1sokt\u00f3l f\u00fcgg, hiszen a robotok megalkot\u00e1s\u00e1val a fenntart\u00e1suk \u00e9s fejleszt\u00e9s\u00fck is egy\u00fctt j\u00e1r. Ehhez kapcsol\u00f3dnak az optikai \u00e9s f\u00e9lvezet\u0151-technol\u00f3gi\u00e1k, amelyekben kiemelked\u0151 szerepet t\u00f6lt be a Bosch csoport \u00e9s a Semilab Zrt.<\/p>\n<h2>Technol\u00f3giai fejleszt\u00e9sek<\/h2>\n<p>A sz\u00e1m\u00edt\u00f3g\u00e9pek \u00e9s adatt\u00e1rol\u00f3k mellett az \u00e9let minden ter\u00fclet\u00e9n haszn\u00e1lt \u00e9rz\u00e9kel\u0151k, kijelz\u0151k \u00e9s kommunik\u00e1ci\u00f3s eszk\u00f6z\u00f6k is f\u00e9lvezet\u0151-technol\u00f3gi\u00e1t alkalmaznak. A fizikus-m\u00e9rn\u00f6k k\u00e9pz\u00e9sen a hallgat\u00f3k m\u00e1r egyetemi \u00e9veik alatt egy\u00fctt dolgoznak kutat\u00f3-fejleszt\u0151 v\u00e1llalatokkal \u00e9s betekint\u00e9st nyernek a leginnovat\u00edvabb K+F c\u00e9gek vil\u00e1g\u00e1ba. A technol\u00f3giai fejleszt\u00e9sek nemcsak hazai \u00e9s nemzetk\u00f6zi nagyv\u00e1llalatokn\u00e1l, hanem az egyetem berkein bel\u00fcl is megjelennek, izgalmas kutat\u00e1s-fejleszt\u00e9si kih\u00edv\u00e1sokat adva a hallgat\u00f3knak.<\/p>\n<p>Forr\u00e1s: <a href=\"https:\/\/www.hrportal.hu\/hr\/mi-lesz-a-szakmad-meg-fel-sem-talaltak-igy-keszulj-a-jovo-munkaeropiacara-20240206.html\" target=\"_blank\" rel=\"nofollow noopener noreferrer\">hrportal.hu<\/a><\/p>\n","protected":false},"excerpt":{"rendered":"<p>2030-ban l\u00e9tez\u0151 \u00e1ll\u00e1sok 85 sz\u00e1zal\u00e9k\u00e1t m\u00e9g fel sem tal\u00e1lt\u00e1k, \u00edgy az \u00faj tud\u00e1s megszerz\u00e9s\u00e9nek a k\u00e9pess\u00e9ge \u00e9rt\u00e9kesebb\u00e9 v\u00e1lik, mint a tud\u00e1s maga. Ez\u00e9rt is egyre fontosabb k\u00e9rd\u00e9s a fels\u0151fok\u00fa tanulm\u00e1nyaikat megkezd\u0151 hallgat\u00f3k sz\u00e1m\u00e1ra, hogy val\u00f3ban j\u00f6v\u0151biztos tud\u00e1st ad\u00f3 szakot v\u00e1lasszanak. A felt\u00f6rekv\u0151 technol\u00f3gi\u00e1k, p\u00e9ld\u00e1ul a robotika, a mesters\u00e9ges intelligencia, a g\u00e9pi tanul\u00e1s, a virtu\u00e1lis \u00e9s [&hellip;]<\/p>\n","protected":false},"author":1,"featured_media":7311,"comment_status":"closed","ping_status":"closed","sticky":false,"template":"","format":"standard","meta":{"_monsterinsights_skip_tracking":false,"footnotes":""},"categories":[200],"tags":[],"class_list":["post-7310","post","type-post","status-publish","format-standard","has-post-thumbnail","hentry","category-munkaeropiac"],"aioseo_notices":[],"aioseo_head":"\n\t\t<!-- All in One SEO 5.0.0.1 - aioseo.com -->\n\t<meta name=\"description\" content=\"2030-ban l\u00e9tez\u0151 \u00e1ll\u00e1sok 85 sz\u00e1zal\u00e9k\u00e1t m\u00e9g fel sem tal\u00e1lt\u00e1k, \u00edgy az \u00faj tud\u00e1s megszerz\u00e9s\u00e9nek a k\u00e9pess\u00e9ge \u00e9rt\u00e9kesebb\u00e9 v\u00e1lik, mint a tud\u00e1s maga.\" \/>\n\t<meta name=\"robots\" content=\"max-image-preview:large\" \/>\n\t<meta name=\"author\" content=\"Juh\u00e1sz P\u00e9ter\"\/>\n\t<link rel=\"canonical\" href=\"https:\/\/allasorias.hu\/hirek\/atalakuloban-van-a-munka-vilaga\/\" \/>\n\t<meta name=\"generator\" content=\"All in One SEO (AIOSEO) 5.0.0.1\" \/>\n\t\t<meta property=\"og:locale\" content=\"hu_HU\" \/>\n\t\t<meta property=\"og:site_name\" content=\"AllasOrias.hu | H\u00edrek-lapszemle | \u00dczleti h\u00edrek az \u00e1ll\u00e1s \u00e9s a munka vil\u00e1g\u00e1b\u00f3l\" \/>\n\t\t<meta property=\"og:type\" content=\"article\" \/>\n\t\t<meta property=\"og:title\" content=\"\u00c1talakul\u00f3ban van a munka vil\u00e1ga | Allasorias.hu\/Hirek\" \/>\n\t\t<meta property=\"og:description\" content=\"2030-ban l\u00e9tez\u0151 \u00e1ll\u00e1sok 85 sz\u00e1zal\u00e9k\u00e1t m\u00e9g fel sem tal\u00e1lt\u00e1k, \u00edgy az \u00faj tud\u00e1s megszerz\u00e9s\u00e9nek a k\u00e9pess\u00e9ge \u00e9rt\u00e9kesebb\u00e9 v\u00e1lik, mint a tud\u00e1s maga.\" \/>\n\t\t<meta property=\"og:url\" content=\"https:\/\/allasorias.hu\/hirek\/atalakuloban-van-a-munka-vilaga\/\" \/>\n\t\t<meta property=\"og:image\" content=\"https:\/\/allasorias.hu\/hirek\/wp-content\/uploads\/2024\/02\/a-jovo-munkai.jpg\" \/>\n\t\t<meta property=\"og:image:secure_url\" content=\"https:\/\/allasorias.hu\/hirek\/wp-content\/uploads\/2024\/02\/a-jovo-munkai.jpg\" \/>\n\t\t<meta property=\"og:image:width\" content=\"1280\" \/>\n\t\t<meta property=\"og:image:height\" content=\"778\" \/>\n\t\t<meta property=\"article:published_time\" content=\"2024-02-08T10:02:14+00:00\" \/>\n\t\t<meta property=\"article:modified_time\" content=\"2024-02-08T10:03:11+00:00\" \/>\n\t\t<meta property=\"article:publisher\" content=\"https:\/\/www.facebook.com\/allasorias\" \/>\n\t\t<meta name=\"twitter:card\" content=\"summary_large_image\" \/>\n\t\t<meta name=\"twitter:title\" content=\"\u00c1talakul\u00f3ban van a munka vil\u00e1ga | Allasorias.hu\/Hirek\" \/>\n\t\t<meta name=\"twitter:description\" content=\"2030-ban l\u00e9tez\u0151 \u00e1ll\u00e1sok 85 sz\u00e1zal\u00e9k\u00e1t m\u00e9g fel sem tal\u00e1lt\u00e1k, \u00edgy az \u00faj tud\u00e1s megszerz\u00e9s\u00e9nek a k\u00e9pess\u00e9ge \u00e9rt\u00e9kesebb\u00e9 v\u00e1lik, mint a tud\u00e1s maga.\" \/>\n\t\t<meta name=\"twitter:image\" content=\"https:\/\/allasorias.hu\/hirek\/wp-content\/uploads\/2024\/02\/a-jovo-munkai.jpg\" \/>\n\t\t<meta name=\"twitter:label1\" content=\"Written by\" \/>\n\t\t<meta name=\"twitter:data1\" content=\"Juh\u00e1sz P\u00e9ter\" \/>\n\t\t<meta name=\"twitter:label2\" content=\"Est. reading time\" \/>\n\t\t<meta name=\"twitter:data2\" content=\"3 minutes\" \/>\n\t\t<script type=\"application\/ld+json\" class=\"aioseo-schema\">\n\t\t\t{\"@context\":\"https:\\\/\\\/schema.org\",\"@graph\":[{\"@type\":\"Article\",\"@id\":\"https:\\\/\\\/allasorias.hu\\\/hirek\\\/atalakuloban-van-a-munka-vilaga\\\/#article\",\"name\":\"\\u00c1talakul\\u00f3ban van a munka vil\\u00e1ga | Allasorias.hu\\\/Hirek\",\"headline\":\"\\u00c1talakul\\u00f3ban van a munka vil\\u00e1ga\",\"author\":{\"@id\":\"https:\\\/\\\/allasorias.hu\\\/hirek\\\/author\\\/admin-allasorias\\\/#author\"},\"publisher\":{\"@id\":\"https:\\\/\\\/allasorias.hu\\\/hirek\\\/#organization\"},\"image\":{\"@type\":\"ImageObject\",\"url\":\"https:\\\/\\\/allasorias.hu\\\/hirek\\\/wp-content\\\/uploads\\\/2024\\\/02\\\/a-jovo-munkai.jpg\",\"width\":1280,\"height\":778,\"caption\":\"\\u00c1talakul\\u00f3ban van a munka vil\\u00e1ga - Allasorias.hu\\\/Hirek\"},\"datePublished\":\"2024-02-08T12:02:14+02:00\",\"dateModified\":\"2024-02-08T12:03:11+02:00\",\"inLanguage\":\"hu-HU\",\"mainEntityOfPage\":{\"@id\":\"https:\\\/\\\/allasorias.hu\\\/hirek\\\/atalakuloban-van-a-munka-vilaga\\\/#webpage\"},\"isPartOf\":{\"@id\":\"https:\\\/\\\/allasorias.hu\\\/hirek\\\/atalakuloban-van-a-munka-vilaga\\\/#webpage\"},\"articleSection\":\"Munkaer\\u0151piac\"},{\"@type\":\"BreadcrumbList\",\"@id\":\"https:\\\/\\\/allasorias.hu\\\/hirek\\\/atalakuloban-van-a-munka-vilaga\\\/#breadcrumblist\",\"itemListElement\":[{\"@type\":\"ListItem\",\"@id\":\"https:\\\/\\\/allasorias.hu\\\/hirek#listItem\",\"position\":1,\"name\":\"Home\",\"item\":\"https:\\\/\\\/allasorias.hu\\\/hirek\",\"nextItem\":{\"@type\":\"ListItem\",\"@id\":\"https:\\\/\\\/allasorias.hu\\\/hirek\\\/temak\\\/munkaeropiac\\\/#listItem\",\"name\":\"Munkaer\\u0151piac\"}},{\"@type\":\"ListItem\",\"@id\":\"https:\\\/\\\/allasorias.hu\\\/hirek\\\/temak\\\/munkaeropiac\\\/#listItem\",\"position\":2,\"name\":\"Munkaer\\u0151piac\",\"item\":\"https:\\\/\\\/allasorias.hu\\\/hirek\\\/temak\\\/munkaeropiac\\\/\",\"nextItem\":{\"@type\":\"ListItem\",\"@id\":\"https:\\\/\\\/allasorias.hu\\\/hirek\\\/atalakuloban-van-a-munka-vilaga\\\/#listItem\",\"name\":\"\\u00c1talakul\\u00f3ban van a munka vil\\u00e1ga\"},\"previousItem\":{\"@type\":\"ListItem\",\"@id\":\"https:\\\/\\\/allasorias.hu\\\/hirek#listItem\",\"name\":\"Home\"}},{\"@type\":\"ListItem\",\"@id\":\"https:\\\/\\\/allasorias.hu\\\/hirek\\\/atalakuloban-van-a-munka-vilaga\\\/#listItem\",\"position\":3,\"name\":\"\\u00c1talakul\\u00f3ban van a munka vil\\u00e1ga\",\"previousItem\":{\"@type\":\"ListItem\",\"@id\":\"https:\\\/\\\/allasorias.hu\\\/hirek\\\/temak\\\/munkaeropiac\\\/#listItem\",\"name\":\"Munkaer\\u0151piac\"}}]},{\"@type\":\"Organization\",\"@id\":\"https:\\\/\\\/allasorias.hu\\\/hirek\\\/#organization\",\"name\":\"AllasOrias.hu | H\\u00edrek-lapszemle\",\"description\":\"\\u00dczleti h\\u00edrek az \\u00e1ll\\u00e1s \\u00e9s a munka vil\\u00e1g\\u00e1b\\u00f3l\",\"url\":\"https:\\\/\\\/allasorias.hu\\\/hirek\\\/\",\"logo\":{\"@type\":\"ImageObject\",\"url\":\"https:\\\/\\\/allasorias.hu\\\/hirek\\\/wp-content\\\/uploads\\\/2022\\\/10\\\/allasorias_site_facebok_logo.png\",\"@id\":\"https:\\\/\\\/allasorias.hu\\\/hirek\\\/atalakuloban-van-a-munka-vilaga\\\/#organizationLogo\"},\"image\":{\"@id\":\"https:\\\/\\\/allasorias.hu\\\/hirek\\\/atalakuloban-van-a-munka-vilaga\\\/#organizationLogo\"},\"sameAs\":[\"https:\\\/\\\/www.facebook.com\\\/allasorias\",\"https:\\\/\\\/www.linkedin.com\\\/company\\\/allasorias\"]},{\"@type\":\"Person\",\"@id\":\"https:\\\/\\\/allasorias.hu\\\/hirek\\\/author\\\/admin-allasorias\\\/#author\",\"url\":\"https:\\\/\\\/allasorias.hu\\\/hirek\\\/author\\\/admin-allasorias\\\/\",\"name\":\"Juh\\u00e1sz P\\u00e9ter\",\"image\":{\"@type\":\"ImageObject\",\"@id\":\"https:\\\/\\\/allasorias.hu\\\/hirek\\\/atalakuloban-van-a-munka-vilaga\\\/#authorImage\",\"url\":\"https:\\\/\\\/secure.gravatar.com\\\/avatar\\\/36e6bcb83148978b992977cb0f54d22feb0cce8a0a849a9410532bb2623ba4c6?s=96&d=mm&r=g\",\"width\":96,\"height\":96,\"caption\":\"Juh\\u00e1sz P\\u00e9ter\"}},{\"@type\":\"WebPage\",\"@id\":\"https:\\\/\\\/allasorias.hu\\\/hirek\\\/atalakuloban-van-a-munka-vilaga\\\/#webpage\",\"url\":\"https:\\\/\\\/allasorias.hu\\\/hirek\\\/atalakuloban-van-a-munka-vilaga\\\/\",\"name\":\"\\u00c1talakul\\u00f3ban van a munka vil\\u00e1ga | Allasorias.hu\\\/Hirek\",\"description\":\"2030-ban l\\u00e9tez\\u0151 \\u00e1ll\\u00e1sok 85 sz\\u00e1zal\\u00e9k\\u00e1t m\\u00e9g fel sem tal\\u00e1lt\\u00e1k, \\u00edgy az \\u00faj tud\\u00e1s megszerz\\u00e9s\\u00e9nek a k\\u00e9pess\\u00e9ge \\u00e9rt\\u00e9kesebb\\u00e9 v\\u00e1lik, mint a tud\\u00e1s maga.\",\"inLanguage\":\"hu-HU\",\"isPartOf\":{\"@id\":\"https:\\\/\\\/allasorias.hu\\\/hirek\\\/#website\"},\"breadcrumb\":{\"@id\":\"https:\\\/\\\/allasorias.hu\\\/hirek\\\/atalakuloban-van-a-munka-vilaga\\\/#breadcrumblist\"},\"author\":{\"@id\":\"https:\\\/\\\/allasorias.hu\\\/hirek\\\/author\\\/admin-allasorias\\\/#author\"},\"creator\":{\"@id\":\"https:\\\/\\\/allasorias.hu\\\/hirek\\\/author\\\/admin-allasorias\\\/#author\"},\"image\":{\"@type\":\"ImageObject\",\"url\":\"https:\\\/\\\/allasorias.hu\\\/hirek\\\/wp-content\\\/uploads\\\/2024\\\/02\\\/a-jovo-munkai.jpg\",\"@id\":\"https:\\\/\\\/allasorias.hu\\\/hirek\\\/atalakuloban-van-a-munka-vilaga\\\/#mainImage\",\"width\":1280,\"height\":778,\"caption\":\"\\u00c1talakul\\u00f3ban van a munka vil\\u00e1ga - Allasorias.hu\\\/Hirek\"},\"primaryImageOfPage\":{\"@id\":\"https:\\\/\\\/allasorias.hu\\\/hirek\\\/atalakuloban-van-a-munka-vilaga\\\/#mainImage\"},\"datePublished\":\"2024-02-08T12:02:14+02:00\",\"dateModified\":\"2024-02-08T12:03:11+02:00\"},{\"@type\":\"WebSite\",\"@id\":\"https:\\\/\\\/allasorias.hu\\\/hirek\\\/#website\",\"url\":\"https:\\\/\\\/allasorias.hu\\\/hirek\\\/\",\"name\":\"AllasOrias.hu | H\\u00edrek-lapszemle\",\"description\":\"\\u00dczleti h\\u00edrek az \\u00e1ll\\u00e1s \\u00e9s a munka vil\\u00e1g\\u00e1b\\u00f3l\",\"inLanguage\":\"hu-HU\",\"publisher\":{\"@id\":\"https:\\\/\\\/allasorias.hu\\\/hirek\\\/#organization\"}}]}\n\t\t<\/script>\n\t\t<!-- All in One SEO -->\n\n","aioseo_head_json":{"title":"\u00c1talakul\u00f3ban van a munka vil\u00e1ga | Allasorias.hu\/Hirek","description":"2030-ban l\u00e9tez\u0151 \u00e1ll\u00e1sok 85 sz\u00e1zal\u00e9k\u00e1t m\u00e9g fel sem tal\u00e1lt\u00e1k, \u00edgy az \u00faj tud\u00e1s megszerz\u00e9s\u00e9nek a k\u00e9pess\u00e9ge \u00e9rt\u00e9kesebb\u00e9 v\u00e1lik, mint a tud\u00e1s maga.","canonical_url":"https:\/\/allasorias.hu\/hirek\/atalakuloban-van-a-munka-vilaga\/","robots":"max-image-preview:large","keywords":"","webmasterTools":{"miscellaneous":""},"schema":{"@context":"https:\/\/schema.org","@graph":[{"@type":"Article","@id":"https:\/\/allasorias.hu\/hirek\/atalakuloban-van-a-munka-vilaga\/#article","name":"\u00c1talakul\u00f3ban van a munka vil\u00e1ga | Allasorias.hu\/Hirek","headline":"\u00c1talakul\u00f3ban van a munka vil\u00e1ga","author":{"@id":"https:\/\/allasorias.hu\/hirek\/author\/admin-allasorias\/#author"},"publisher":{"@id":"https:\/\/allasorias.hu\/hirek\/#organization"},"image":{"@type":"ImageObject","url":"https:\/\/allasorias.hu\/hirek\/wp-content\/uploads\/2024\/02\/a-jovo-munkai.jpg","width":1280,"height":778,"caption":"\u00c1talakul\u00f3ban van a munka vil\u00e1ga - Allasorias.hu\/Hirek"},"datePublished":"2024-02-08T12:02:14+02:00","dateModified":"2024-02-08T12:03:11+02:00","inLanguage":"hu-HU","mainEntityOfPage":{"@id":"https:\/\/allasorias.hu\/hirek\/atalakuloban-van-a-munka-vilaga\/#webpage"},"isPartOf":{"@id":"https:\/\/allasorias.hu\/hirek\/atalakuloban-van-a-munka-vilaga\/#webpage"},"articleSection":"Munkaer\u0151piac"},{"@type":"BreadcrumbList","@id":"https:\/\/allasorias.hu\/hirek\/atalakuloban-van-a-munka-vilaga\/#breadcrumblist","itemListElement":[{"@type":"ListItem","@id":"https:\/\/allasorias.hu\/hirek#listItem","position":1,"name":"Home","item":"https:\/\/allasorias.hu\/hirek","nextItem":{"@type":"ListItem","@id":"https:\/\/allasorias.hu\/hirek\/temak\/munkaeropiac\/#listItem","name":"Munkaer\u0151piac"}},{"@type":"ListItem","@id":"https:\/\/allasorias.hu\/hirek\/temak\/munkaeropiac\/#listItem","position":2,"name":"Munkaer\u0151piac","item":"https:\/\/allasorias.hu\/hirek\/temak\/munkaeropiac\/","nextItem":{"@type":"ListItem","@id":"https:\/\/allasorias.hu\/hirek\/atalakuloban-van-a-munka-vilaga\/#listItem","name":"\u00c1talakul\u00f3ban van a munka vil\u00e1ga"},"previousItem":{"@type":"ListItem","@id":"https:\/\/allasorias.hu\/hirek#listItem","name":"Home"}},{"@type":"ListItem","@id":"https:\/\/allasorias.hu\/hirek\/atalakuloban-van-a-munka-vilaga\/#listItem","position":3,"name":"\u00c1talakul\u00f3ban van a munka vil\u00e1ga","previousItem":{"@type":"ListItem","@id":"https:\/\/allasorias.hu\/hirek\/temak\/munkaeropiac\/#listItem","name":"Munkaer\u0151piac"}}]},{"@type":"Organization","@id":"https:\/\/allasorias.hu\/hirek\/#organization","name":"AllasOrias.hu | H\u00edrek-lapszemle","description":"\u00dczleti h\u00edrek az \u00e1ll\u00e1s \u00e9s a munka vil\u00e1g\u00e1b\u00f3l","url":"https:\/\/allasorias.hu\/hirek\/","logo":{"@type":"ImageObject","url":"https:\/\/allasorias.hu\/hirek\/wp-content\/uploads\/2022\/10\/allasorias_site_facebok_logo.png","@id":"https:\/\/allasorias.hu\/hirek\/atalakuloban-van-a-munka-vilaga\/#organizationLogo"},"image":{"@id":"https:\/\/allasorias.hu\/hirek\/atalakuloban-van-a-munka-vilaga\/#organizationLogo"},"sameAs":["https:\/\/www.facebook.com\/allasorias","https:\/\/www.linkedin.com\/company\/allasorias"]},{"@type":"Person","@id":"https:\/\/allasorias.hu\/hirek\/author\/admin-allasorias\/#author","url":"https:\/\/allasorias.hu\/hirek\/author\/admin-allasorias\/","name":"Juh\u00e1sz P\u00e9ter","image":{"@type":"ImageObject","@id":"https:\/\/allasorias.hu\/hirek\/atalakuloban-van-a-munka-vilaga\/#authorImage","url":"https:\/\/secure.gravatar.com\/avatar\/36e6bcb83148978b992977cb0f54d22feb0cce8a0a849a9410532bb2623ba4c6?s=96&d=mm&r=g","width":96,"height":96,"caption":"Juh\u00e1sz P\u00e9ter"}},{"@type":"WebPage","@id":"https:\/\/allasorias.hu\/hirek\/atalakuloban-van-a-munka-vilaga\/#webpage","url":"https:\/\/allasorias.hu\/hirek\/atalakuloban-van-a-munka-vilaga\/","name":"\u00c1talakul\u00f3ban van a munka vil\u00e1ga | Allasorias.hu\/Hirek","description":"2030-ban l\u00e9tez\u0151 \u00e1ll\u00e1sok 85 sz\u00e1zal\u00e9k\u00e1t m\u00e9g fel sem tal\u00e1lt\u00e1k, \u00edgy az \u00faj tud\u00e1s megszerz\u00e9s\u00e9nek a k\u00e9pess\u00e9ge \u00e9rt\u00e9kesebb\u00e9 v\u00e1lik, mint a tud\u00e1s maga.","inLanguage":"hu-HU","isPartOf":{"@id":"https:\/\/allasorias.hu\/hirek\/#website"},"breadcrumb":{"@id":"https:\/\/allasorias.hu\/hirek\/atalakuloban-van-a-munka-vilaga\/#breadcrumblist"},"author":{"@id":"https:\/\/allasorias.hu\/hirek\/author\/admin-allasorias\/#author"},"creator":{"@id":"https:\/\/allasorias.hu\/hirek\/author\/admin-allasorias\/#author"},"image":{"@type":"ImageObject","url":"https:\/\/allasorias.hu\/hirek\/wp-content\/uploads\/2024\/02\/a-jovo-munkai.jpg","@id":"https:\/\/allasorias.hu\/hirek\/atalakuloban-van-a-munka-vilaga\/#mainImage","width":1280,"height":778,"caption":"\u00c1talakul\u00f3ban van a munka vil\u00e1ga - Allasorias.hu\/Hirek"},"primaryImageOfPage":{"@id":"https:\/\/allasorias.hu\/hirek\/atalakuloban-van-a-munka-vilaga\/#mainImage"},"datePublished":"2024-02-08T12:02:14+02:00","dateModified":"2024-02-08T12:03:11+02:00"},{"@type":"WebSite","@id":"https:\/\/allasorias.hu\/hirek\/#website","url":"https:\/\/allasorias.hu\/hirek\/","name":"AllasOrias.hu | H\u00edrek-lapszemle","description":"\u00dczleti h\u00edrek az \u00e1ll\u00e1s \u00e9s a munka vil\u00e1g\u00e1b\u00f3l","inLanguage":"hu-HU","publisher":{"@id":"https:\/\/allasorias.hu\/hirek\/#organization"}}]},"og:locale":"hu_HU","og:site_name":"AllasOrias.hu | H\u00edrek-lapszemle | \u00dczleti h\u00edrek az \u00e1ll\u00e1s \u00e9s a munka vil\u00e1g\u00e1b\u00f3l","og:type":"article","og:title":"\u00c1talakul\u00f3ban van a munka vil\u00e1ga | Allasorias.hu\/Hirek","og:description":"2030-ban l\u00e9tez\u0151 \u00e1ll\u00e1sok 85 sz\u00e1zal\u00e9k\u00e1t m\u00e9g fel sem tal\u00e1lt\u00e1k, \u00edgy az \u00faj tud\u00e1s megszerz\u00e9s\u00e9nek a k\u00e9pess\u00e9ge \u00e9rt\u00e9kesebb\u00e9 v\u00e1lik, mint a tud\u00e1s maga.","og:url":"https:\/\/allasorias.hu\/hirek\/atalakuloban-van-a-munka-vilaga\/","og:image":"https:\/\/allasorias.hu\/hirek\/wp-content\/uploads\/2024\/02\/a-jovo-munkai.jpg","og:image:secure_url":"https:\/\/allasorias.hu\/hirek\/wp-content\/uploads\/2024\/02\/a-jovo-munkai.jpg","og:image:width":1280,"og:image:height":778,"article:published_time":"2024-02-08T10:02:14+00:00","article:modified_time":"2024-02-08T10:03:11+00:00","article:publisher":"https:\/\/www.facebook.com\/allasorias","twitter:card":"summary_large_image","twitter:title":"\u00c1talakul\u00f3ban van a munka vil\u00e1ga | Allasorias.hu\/Hirek","twitter:description":"2030-ban l\u00e9tez\u0151 \u00e1ll\u00e1sok 85 sz\u00e1zal\u00e9k\u00e1t m\u00e9g fel sem tal\u00e1lt\u00e1k, \u00edgy az \u00faj tud\u00e1s megszerz\u00e9s\u00e9nek a k\u00e9pess\u00e9ge \u00e9rt\u00e9kesebb\u00e9 v\u00e1lik, mint a tud\u00e1s maga.","twitter:image":"https:\/\/allasorias.hu\/hirek\/wp-content\/uploads\/2024\/02\/a-jovo-munkai.jpg","twitter:label1":"Written by","twitter:data1":"Juh\u00e1sz P\u00e9ter","twitter:label2":"Est. reading time","twitter:data2":"3 minutes"},"aioseo_meta_data":{"post_id":"7310","title":"#post_title | Allasorias.hu\/Hirek","description":"2030-ban l\u00e9tez\u0151 \u00e1ll\u00e1sok 85 sz\u00e1zal\u00e9k\u00e1t m\u00e9g fel sem tal\u00e1lt\u00e1k, \u00edgy az \u00faj tud\u00e1s megszerz\u00e9s\u00e9nek a k\u00e9pess\u00e9ge \u00e9rt\u00e9kesebb\u00e9 v\u00e1lik, mint a tud\u00e1s maga.","keywords":[],"keyphrases":{"focus":{"keyphrase":"","score":0,"analysis":{"keyphraseInTitle":{"score":0,"maxScore":9,"error":1}}},"additional":[]},"primary_term":null,"canonical_url":null,"og_title":null,"og_description":null,"og_object_type":"default","og_image_type":"default","og_image_url":null,"og_image_width":null,"og_image_height":null,"og_image_custom_url":null,"og_image_custom_fields":null,"og_video":"","og_custom_url":null,"og_article_section":null,"og_article_tags":[],"twitter_use_og":true,"twitter_card":"default","twitter_image_type":"default","twitter_image_url":null,"twitter_image_custom_url":null,"twitter_image_custom_fields":null,"twitter_title":null,"twitter_description":null,"schema":{"blockGraphs":[],"customGraphs":[],"default":{"data":{"Article":[],"Course":[],"Dataset":[],"FAQPage":[],"Movie":[],"Person":[],"Product":[],"ProductReview":[],"Car":[],"Recipe":[],"Service":[],"SoftwareApplication":[],"WebPage":[]},"graphName":"Article","isEnabled":true},"graphs":[]},"schema_type":"default","schema_type_options":null,"pillar_content":false,"robots_default":true,"robots_noindex":false,"robots_noarchive":false,"robots_nosnippet":false,"robots_nofollow":false,"robots_noimageindex":false,"robots_noodp":false,"robots_notranslate":false,"robots_max_snippet":"-1","robots_max_videopreview":"-1","robots_max_imagepreview":"large","priority":null,"frequency":"default","location":null,"local_seo":null,"breadcrumb_settings":null,"limit_modified_date":false,"ai":null,"created":"2024-02-08 09:44:03","updated":"2025-10-02 19:33:25","seo_analyzer_scan_date":null,"focus_keyword":null,"additional_keywords":null,"truseo_locale":null},"aioseo_breadcrumb":"<div class=\"aioseo-breadcrumbs\"><span class=\"aioseo-breadcrumb\">\n\t\t\t<a href=\"https:\/\/allasorias.hu\/hirek\" title=\"Home\">Home<\/a>\n\t\t<\/span><span class=\"aioseo-breadcrumb-separator\">&raquo;<\/span><span class=\"aioseo-breadcrumb\">\n\t\t\t<a href=\"https:\/\/allasorias.hu\/hirek\/temak\/munkaeropiac\/\" title=\"Munkaer\u0151piac\">Munkaer\u0151piac<\/a>\n\t\t<\/span><span class=\"aioseo-breadcrumb-separator\">&raquo;<\/span><span class=\"aioseo-breadcrumb\">\n\t\t\t\u00c1talakul\u00f3ban van a munka vil\u00e1ga\n\t\t<\/span><\/div>","aioseo_breadcrumb_json":[{"label":"Home","link":"https:\/\/allasorias.hu\/hirek"},{"label":"Munkaer\u0151piac","link":"https:\/\/allasorias.hu\/hirek\/temak\/munkaeropiac\/"},{"label":"\u00c1talakul\u00f3ban van a munka vil\u00e1ga","link":"https:\/\/allasorias.hu\/hirek\/atalakuloban-van-a-munka-vilaga\/"}],"_links":{"self":[{"href":"https:\/\/allasorias.hu\/hirek\/wp-json\/wp\/v2\/posts\/7310","targetHints":{"allow":["GET"]}}],"collection":[{"href":"https:\/\/allasorias.hu\/hirek\/wp-json\/wp\/v2\/posts"}],"about":[{"href":"https:\/\/allasorias.hu\/hirek\/wp-json\/wp\/v2\/types\/post"}],"author":[{"embeddable":true,"href":"https:\/\/allasorias.hu\/hirek\/wp-json\/wp\/v2\/users\/1"}],"replies":[{"embeddable":true,"href":"https:\/\/allasorias.hu\/hirek\/wp-json\/wp\/v2\/comments?post=7310"}],"version-history":[{"count":2,"href":"https:\/\/allasorias.hu\/hirek\/wp-json\/wp\/v2\/posts\/7310\/revisions"}],"predecessor-version":[{"id":7313,"href":"https:\/\/allasorias.hu\/hirek\/wp-json\/wp\/v2\/posts\/7310\/revisions\/7313"}],"wp:featuredmedia":[{"embeddable":true,"href":"https:\/\/allasorias.hu\/hirek\/wp-json\/wp\/v2\/media\/7311"}],"wp:attachment":[{"href":"https:\/\/allasorias.hu\/hirek\/wp-json\/wp\/v2\/media?parent=7310"}],"wp:term":[{"taxonomy":"category","embeddable":true,"href":"https:\/\/allasorias.hu\/hirek\/wp-json\/wp\/v2\/categories?post=7310"},{"taxonomy":"post_tag","embeddable":true,"href":"https:\/\/allasorias.hu\/hirek\/wp-json\/wp\/v2\/tags?post=7310"}],"curies":[{"name":"wp","href":"https:\/\/api.w.org\/{rel}","templated":true}]}}