{"id":7300,"date":"2024-02-06T10:49:35","date_gmt":"2024-02-06T08:49:35","guid":{"rendered":"https:\/\/allasorias.hu\/hirek\/?p=7300"},"modified":"2024-02-06T10:57:06","modified_gmt":"2024-02-06T08:57:06","slug":"tovabb-emelkedhet-a-minimalber","status":"publish","type":"post","link":"https:\/\/allasorias.hu\/hirek\/tovabb-emelkedhet-a-minimalber\/","title":{"rendered":"Tov\u00e1bb emelkedhet a minim\u00e1lb\u00e9r"},"content":{"rendered":"<p><strong>A j\u00f6v\u0151ben v\u00e1rhat\u00f3an fesz\u00fclts\u00e9get fog okozni a munkaer\u0151piacon az, hogy egy EU-s rendelkez\u00e9s miatt a minim\u00e1lb\u00e9rt a medi\u00e1n kereset 60%-ra kell emelni.<\/strong><\/p>\n<p>A helyi \u00e9s region\u00e1lis munkaer\u0151piaci trendeket \u00e9s kih\u00edv\u00e1sokat j\u00e1rt\u00e1k k\u00f6rbe a t\u00e9rs\u00e9g legfontosabb gazdas\u00e1gi szerepl\u0151i Sz\u00e9kesfeh\u00e9rv\u00e1ron egy szakmai rendezv\u00e9nyen. A konferenci\u00e1t Cser-Palkovics Andr\u00e1s, a v\u00e1rmegyesz\u00e9khely polg\u00e1rmestere nyitotta meg, aki a r\u00e9gi\u00f3 gazdas\u00e1gi fejletts\u00e9ge kapcs\u00e1n t\u00f6bbek k\u00f6z\u00f6tt a rendk\u00edv\u00fcl alacsony munkan\u00e9lk\u00fclis\u00e9gre, \u00e9s az ezzel j\u00e1r\u00f3 munkaer\u0151hi\u00e1nyos \u00e1llapotra h\u00edvta fel a figyelmet. M\u00edg Rolek Ferenc, a Munkaad\u00f3k \u00e9s Gy\u00e1riparosok Orsz\u00e1gos Sz\u00f6vets\u00e9g\u00e9nek (MGYOSZ) aleln\u00f6ke arra vil\u00e1g\u00edtott r\u00e1, hogy az infl\u00e1ci\u00f3 drasztikus cs\u00f6kken\u00e9se miatt id\u00e9n m\u00e1r v\u00e1rhat\u00f3an enyh\u00fclni fog a munk\u00e1ltat\u00f3kra hat\u00f3 b\u00e9remel\u00e9si nyom\u00e1s, viszont a minim\u00e1lb\u00e9rt egy EU-s szab\u00e1lyoz\u00e1s miatt is legal\u00e1bb 10%-kal, vagy a feletti m\u00e9rt\u00e9kben kell majd emelni, ami fesz\u00fclts\u00e9gekhez is vezethet a munkaer\u0151piacon.<\/p>\n<p>Sz\u00e9kesfeh\u00e9rv\u00e1r \u00e9s a t\u00e1gabb r\u00e9gi\u00f3 gazdas\u00e1ga az elm\u00falt \u00e9vtizedben hatalmas fejl\u0151d\u00e9sen ment kereszt\u00fcl, aminek k\u00f6sz\u00f6nhet\u0151en rengeteg beruh\u00e1z\u00e1s \u00e9rkezett a t\u00e9rs\u00e9gbe, <a href=\"https:\/\/szekesfehervarallas.hu\/allasok\">t\u00f6bb t\u00edzezer \u00faj munkahelyet teremtve<\/a>. Ennek k\u00f6sz\u00f6nhet\u0151en a rendszerv\u00e1lt\u00e1st k\u00f6vet\u0151 gazdas\u00e1gi neh\u00e9zs\u00e9geket \u00e9s jelent\u0151s munkan\u00e9lk\u00fclis\u00e9get k\u00f6vet\u0151en a t\u00e9rs\u00e9g m\u00e1ra Magyarorsz\u00e1g egyik, gazdas\u00e1gilag legfejlettebb r\u00e9gi\u00f3j\u00e1v\u00e1 v\u00e1lt, mely sz\u00e1mos jelent\u0151s multinacion\u00e1lis \u00e9s hazai tulajdon\u00fa v\u00e1llalatnak ad otthont. A technikailag teljes foglalkoztat\u00e1s k\u00f6vetkezm\u00e9nyek\u00e9nt m\u00e1ra a r\u00e9gi\u00f3, \u00e9s egy\u00e9bk\u00e9nt az eg\u00e9sz orsz\u00e1g, leg\u00e9get\u0151bb munkaer\u0151piaci kih\u00edv\u00e1sa nem a munkan\u00e9lk\u00fclis\u00e9g, hanem a munkaer\u0151hi\u00e1ny lett \u2013 h\u00edvta fel a figyelmet Cser-Palkovics Andr\u00e1s, Sz\u00e9kesfeh\u00e9rv\u00e1r polg\u00e1rmestere a rendezv\u00e9nyen.<\/p>\n<h2>EU-s rendelkez\u00e9s a minim\u00e1lb\u00e9rr\u0151l<\/h2>\n<p>Rolek Ferenc, az MGYOSZ aleln\u00f6ke a b\u00e9remel\u00e9sre, juttat\u00e1sokra \u00e9s versenyk\u00e9pess\u00e9gre f\u00f3kusz\u00e1l\u00f3 besz\u00e9lget\u00e9s sor\u00e1n kifejtette, hogy a j\u00f6v\u0151ben v\u00e1rhat\u00f3an fesz\u00fclts\u00e9get fog okozni a munkaer\u0151piacon az, hogy egy EU-s rendelkez\u00e9s miatt a minim\u00e1lb\u00e9rt a medi\u00e1n kereset 60%-ra kell emelni, hiszen ez olyan \u00fctem\u0171, k\u00e9tsz\u00e1mjegy\u0171 sz\u00e1zal\u00e9kos emelked\u00e9st vet\u00edt el\u0151re, amit a magasabb b\u00e9rkateg\u00f3ri\u00e1ban dolgoz\u00f3 munkav\u00e1llal\u00f3k b\u00e9rfejleszt\u00e9se nem fog tudni lek\u00f6vetni. A panelbesz\u00e9lget\u00e9s sor\u00e1n Klesitz Eszter, a Valeo Automotive Hungary Kft. site HR managere arra h\u00edvta fel a figyelmet, hogy a juttat\u00e1sok ter\u00e9n nagyon kreat\u00edvnak kell lennie a munk\u00e1ltat\u00f3knak, mert ezeknek nemcsak a munkav\u00e1llal\u00f3k j\u00f3l\u00e9t\u00e9t (well-being) kell el\u0151seg\u00edtenie, hanem a fluktu\u00e1ci\u00f3 cs\u00f6kkent\u00e9s\u00e9ben is szerepet kell j\u00e1tszania.<\/p>\n<p>A szakember r\u00e1vil\u00e1g\u00edtott, hogy ez k\u00fcl\u00f6n\u00f6sen a fiatal gener\u00e1ci\u00f3k eset\u00e9ben kih\u00edv\u00e1s, hiszen tanulm\u00e1nyok bizony\u00edtj\u00e1k, hogy a 30 \u00e9v alatti munkav\u00e1llal\u00f3k 80%-a egy \u00e9ven bel\u00fcl munkahelyet v\u00e1lt. A munkaer\u0151hi\u00e1ny nemcsak Fej\u00e9r megy\u00e9ben \u00e9s azon bel\u00fcl Sz\u00e9kesfeh\u00e9rv\u00e1ron, hanem orsz\u00e1gos szinten is az egyik legjelent\u0151sebb gazdas\u00e1gi kih\u00edv\u00e1s jelenleg, mely m\u00e1r a n\u00f6veked\u00e9s g\u00e1tj\u00e1v\u00e1 is v\u00e1lhat. \u00c9ppen ez\u00e9rt a munk\u00e1ltat\u00f3knak \u00e9s az \u0151ket kiszolg\u00e1l\u00f3 munkaer\u0151 k\u00f6lcs\u00f6nz\u0151, &#8211; \u00e9s k\u00f6zvet\u00edt\u0151 HR szolg\u00e1ltat\u00f3knak is folyamatosan \u00faj megold\u00e1sokat kell tal\u00e1lnia a munkaer\u0151ig\u00e9ny kiel\u00e9g\u00edt\u00e9s\u00e9re. Ennek egyik kiv\u00e1l\u00f3 form\u00e1ja a sz\u00f6vetkezeti foglalkoztat\u00e1s, mely a munk\u00e1ltat\u00f3k sz\u00e1m\u00e1ra k\u00f6nny\u00edtett felt\u00e9telekkel biztos\u00edtja, hogy di\u00e1kokat, kisgyermekes sz\u00fcl\u0151ket vagy nyugd\u00edjasokat rugalmasan foglalkoztassanak.<\/p>\n<h2>Fontos a megl\u00e9v\u0151 munkaer\u0151 megtart\u00e1sa<\/h2>\n<p>A t\u00e9ma kapcs\u00e1n Nerhaft Marianna, a WHC sz\u00f6vetkezeti-szolg\u00e1ltat\u00e1s ter\u00fcleti vezet\u0151je elmondta, hogy jelenleg haz\u00e1nkban k\u00f6zel 2 milli\u00f3 nyugd\u00edjas kor\u00fa, 260 ezer kisgyermekes \u00e9s 431 ezer 16 \u00e9v feletti di\u00e1k, illetve hallgat\u00f3 \u00e9l, akik hatalmas, potenci\u00e1lis munkaer\u0151tartal\u00e9kot jelentenek a v\u00e1llalkoz\u00e1soknak. A jelenlegi munkaer\u0151hi\u00e1nyos k\u00f6rnyezetben a c\u00e9gek sz\u00e1m\u00e1ra nemcsak az \u00faj munkaer\u0151 toborz\u00e1sa, hanem a megl\u00e9v\u0151 munkat\u00e1rsak megtart\u00e1sa is egyre nagyobb kih\u00edv\u00e1ss\u00e1 \u00e9s feladatt\u00e1 v\u00e1lik. A megtart\u00e1s nagyon nagy f\u00f3kuszt kap az idei \u00e9vben. Nagyon fontos a megfelel\u0151 v\u00e1llalati kult\u00fara \u00e9s l\u00e9gk\u00f6r megteremt\u00e9se, ami egy hossz\u00fat\u00e1v\u00fa, proakt\u00edv folyamat, strat\u00e9giai elk\u00f6telez\u0151d\u00e9s a munk\u00e1ltat\u00f3 r\u00e9sz\u00e9r\u0151l. A munkav\u00e1llal\u00f3k elismer\u00e9s\u00e9re sz\u00e1mos eszk\u00f6z rendelkez\u00e9sre \u00e1ll a munk\u00e1ltat\u00f3k kez\u00e9ben, azonban a legfontosabb \u00e9s mindennek az alapja az, hogy a c\u00e9gek emberk\u00e9nt b\u00e1njanak a munkav\u00e1llal\u00f3kkal \u2013 hangs\u00falyozta a t\u00e9ma kapcs\u00e1n Horv\u00e1th \u00c1gnes, a WHC szellemi munkaer\u0151 k\u00f6zvet\u00edt\u00e9s \u00e9s k\u00f6lcs\u00f6nz\u00e9s \u00fczlet\u00e1g\u00e1nak vezet\u0151je.<\/p>\n<p>Forr\u00e1s: <a href=\"https:\/\/www.penzcentrum.hu\/karrier\/20240205\/komoly-minimalber-emeles-erik-magyarorszagon-kezd-tisztulni-a-kep-sokan-orulhetnek-1146646\" target=\"_blank\" rel=\"nofollow noopener noreferrer\">penzcentrum.hu<\/a><\/p>\n","protected":false},"excerpt":{"rendered":"<p>A j\u00f6v\u0151ben v\u00e1rhat\u00f3an fesz\u00fclts\u00e9get fog okozni a munkaer\u0151piacon az, hogy egy EU-s rendelkez\u00e9s miatt a minim\u00e1lb\u00e9rt a medi\u00e1n kereset 60%-ra kell emelni. A helyi \u00e9s region\u00e1lis munkaer\u0151piaci trendeket \u00e9s kih\u00edv\u00e1sokat j\u00e1rt\u00e1k k\u00f6rbe a t\u00e9rs\u00e9g legfontosabb gazdas\u00e1gi szerepl\u0151i Sz\u00e9kesfeh\u00e9rv\u00e1ron egy szakmai rendezv\u00e9nyen. A konferenci\u00e1t Cser-Palkovics Andr\u00e1s, a v\u00e1rmegyesz\u00e9khely polg\u00e1rmestere nyitotta meg, aki a r\u00e9gi\u00f3 gazdas\u00e1gi fejletts\u00e9ge [&hellip;]<\/p>\n","protected":false},"author":1,"featured_media":7302,"comment_status":"closed","ping_status":"closed","sticky":false,"template":"","format":"standard","meta":{"_monsterinsights_skip_tracking":false,"footnotes":""},"categories":[200],"tags":[300,703],"class_list":["post-7300","post","type-post","status-publish","format-standard","has-post-thumbnail","hentry","category-munkaeropiac","tag-minimalber","tag-rendezveny"],"aioseo_notices":[],"aioseo_head":"\n\t\t<!-- All in One SEO 5.0.0.1 - aioseo.com -->\n\t<meta name=\"description\" content=\"A j\u00f6v\u0151ben v\u00e1rhat\u00f3an fesz\u00fclts\u00e9get fog okozni a munkaer\u0151piacon az, hogy egy EU-s rendelkez\u00e9s miatt a minim\u00e1lb\u00e9rt a medi\u00e1n kereset 60%-ra kell emelni.\" \/>\n\t<meta name=\"robots\" content=\"max-image-preview:large\" \/>\n\t<meta name=\"author\" content=\"Juh\u00e1sz P\u00e9ter\"\/>\n\t<meta name=\"keywords\" content=\"minim\u00e1lb\u00e9r,rendezv\u00e9ny\" \/>\n\t<link rel=\"canonical\" href=\"https:\/\/allasorias.hu\/hirek\/tovabb-emelkedhet-a-minimalber\/\" \/>\n\t<meta name=\"generator\" content=\"All in One SEO (AIOSEO) 5.0.0.1\" \/>\n\t\t<meta property=\"og:locale\" content=\"hu_HU\" \/>\n\t\t<meta property=\"og:site_name\" content=\"AllasOrias.hu | H\u00edrek-lapszemle | \u00dczleti h\u00edrek az \u00e1ll\u00e1s \u00e9s a munka vil\u00e1g\u00e1b\u00f3l\" \/>\n\t\t<meta property=\"og:type\" content=\"article\" \/>\n\t\t<meta property=\"og:title\" content=\"Tov\u00e1bb emelkedhet a minim\u00e1lb\u00e9r | Allasorias.hu\/Hirek\" \/>\n\t\t<meta property=\"og:description\" content=\"A j\u00f6v\u0151ben v\u00e1rhat\u00f3an fesz\u00fclts\u00e9get fog okozni a munkaer\u0151piacon az, hogy egy EU-s rendelkez\u00e9s miatt a minim\u00e1lb\u00e9rt a medi\u00e1n kereset 60%-ra kell emelni.\" \/>\n\t\t<meta property=\"og:url\" content=\"https:\/\/allasorias.hu\/hirek\/tovabb-emelkedhet-a-minimalber\/\" \/>\n\t\t<meta property=\"og:image\" content=\"https:\/\/allasorias.hu\/hirek\/wp-content\/uploads\/2024\/02\/minimalber-emeles2024.jpg\" \/>\n\t\t<meta property=\"og:image:secure_url\" content=\"https:\/\/allasorias.hu\/hirek\/wp-content\/uploads\/2024\/02\/minimalber-emeles2024.jpg\" \/>\n\t\t<meta property=\"og:image:width\" content=\"1280\" \/>\n\t\t<meta property=\"og:image:height\" content=\"853\" \/>\n\t\t<meta property=\"article:published_time\" content=\"2024-02-06T08:49:35+00:00\" \/>\n\t\t<meta property=\"article:modified_time\" content=\"2024-02-06T08:57:06+00:00\" \/>\n\t\t<meta property=\"article:publisher\" content=\"https:\/\/www.facebook.com\/allasorias\" \/>\n\t\t<meta name=\"twitter:card\" content=\"summary_large_image\" \/>\n\t\t<meta name=\"twitter:title\" content=\"Tov\u00e1bb emelkedhet a minim\u00e1lb\u00e9r | Allasorias.hu\/Hirek\" \/>\n\t\t<meta name=\"twitter:description\" content=\"A j\u00f6v\u0151ben v\u00e1rhat\u00f3an fesz\u00fclts\u00e9get fog okozni a munkaer\u0151piacon az, hogy egy EU-s rendelkez\u00e9s miatt a minim\u00e1lb\u00e9rt a medi\u00e1n kereset 60%-ra kell emelni.\" \/>\n\t\t<meta name=\"twitter:image\" content=\"https:\/\/allasorias.hu\/hirek\/wp-content\/uploads\/2024\/02\/minimalber-emeles2024.jpg\" \/>\n\t\t<meta name=\"twitter:label1\" content=\"Written by\" \/>\n\t\t<meta name=\"twitter:data1\" content=\"Juh\u00e1sz P\u00e9ter\" \/>\n\t\t<meta name=\"twitter:label2\" content=\"Est. reading time\" \/>\n\t\t<meta name=\"twitter:data2\" content=\"5 minutes\" \/>\n\t\t<script type=\"application\/ld+json\" class=\"aioseo-schema\">\n\t\t\t{\"@context\":\"https:\\\/\\\/schema.org\",\"@graph\":[{\"@type\":\"Article\",\"@id\":\"https:\\\/\\\/allasorias.hu\\\/hirek\\\/tovabb-emelkedhet-a-minimalber\\\/#article\",\"name\":\"Tov\\u00e1bb emelkedhet a minim\\u00e1lb\\u00e9r | Allasorias.hu\\\/Hirek\",\"headline\":\"Tov\\u00e1bb emelkedhet a minim\\u00e1lb\\u00e9r\",\"author\":{\"@id\":\"https:\\\/\\\/allasorias.hu\\\/hirek\\\/author\\\/admin-allasorias\\\/#author\"},\"publisher\":{\"@id\":\"https:\\\/\\\/allasorias.hu\\\/hirek\\\/#organization\"},\"image\":{\"@type\":\"ImageObject\",\"url\":\"https:\\\/\\\/allasorias.hu\\\/hirek\\\/wp-content\\\/uploads\\\/2024\\\/02\\\/minimalber-emeles2024.jpg\",\"width\":1280,\"height\":853,\"caption\":\"Tov\\u00e1bb emelkedhet a minim\\u00e1lb\\u00e9r - Allasorias.hu\\\/Hirek\"},\"datePublished\":\"2024-02-06T10:49:35+02:00\",\"dateModified\":\"2024-02-06T10:57:06+02:00\",\"inLanguage\":\"hu-HU\",\"mainEntityOfPage\":{\"@id\":\"https:\\\/\\\/allasorias.hu\\\/hirek\\\/tovabb-emelkedhet-a-minimalber\\\/#webpage\"},\"isPartOf\":{\"@id\":\"https:\\\/\\\/allasorias.hu\\\/hirek\\\/tovabb-emelkedhet-a-minimalber\\\/#webpage\"},\"articleSection\":\"Munkaer\\u0151piac, minim\\u00e1lb\\u00e9r, rendezv\\u00e9ny\"},{\"@type\":\"BreadcrumbList\",\"@id\":\"https:\\\/\\\/allasorias.hu\\\/hirek\\\/tovabb-emelkedhet-a-minimalber\\\/#breadcrumblist\",\"itemListElement\":[{\"@type\":\"ListItem\",\"@id\":\"https:\\\/\\\/allasorias.hu\\\/hirek#listItem\",\"position\":1,\"name\":\"Home\",\"item\":\"https:\\\/\\\/allasorias.hu\\\/hirek\",\"nextItem\":{\"@type\":\"ListItem\",\"@id\":\"https:\\\/\\\/allasorias.hu\\\/hirek\\\/temak\\\/munkaeropiac\\\/#listItem\",\"name\":\"Munkaer\\u0151piac\"}},{\"@type\":\"ListItem\",\"@id\":\"https:\\\/\\\/allasorias.hu\\\/hirek\\\/temak\\\/munkaeropiac\\\/#listItem\",\"position\":2,\"name\":\"Munkaer\\u0151piac\",\"item\":\"https:\\\/\\\/allasorias.hu\\\/hirek\\\/temak\\\/munkaeropiac\\\/\",\"nextItem\":{\"@type\":\"ListItem\",\"@id\":\"https:\\\/\\\/allasorias.hu\\\/hirek\\\/tovabb-emelkedhet-a-minimalber\\\/#listItem\",\"name\":\"Tov\\u00e1bb emelkedhet a minim\\u00e1lb\\u00e9r\"},\"previousItem\":{\"@type\":\"ListItem\",\"@id\":\"https:\\\/\\\/allasorias.hu\\\/hirek#listItem\",\"name\":\"Home\"}},{\"@type\":\"ListItem\",\"@id\":\"https:\\\/\\\/allasorias.hu\\\/hirek\\\/tovabb-emelkedhet-a-minimalber\\\/#listItem\",\"position\":3,\"name\":\"Tov\\u00e1bb emelkedhet a minim\\u00e1lb\\u00e9r\",\"previousItem\":{\"@type\":\"ListItem\",\"@id\":\"https:\\\/\\\/allasorias.hu\\\/hirek\\\/temak\\\/munkaeropiac\\\/#listItem\",\"name\":\"Munkaer\\u0151piac\"}}]},{\"@type\":\"Organization\",\"@id\":\"https:\\\/\\\/allasorias.hu\\\/hirek\\\/#organization\",\"name\":\"AllasOrias.hu | H\\u00edrek-lapszemle\",\"description\":\"\\u00dczleti h\\u00edrek az \\u00e1ll\\u00e1s \\u00e9s a munka vil\\u00e1g\\u00e1b\\u00f3l\",\"url\":\"https:\\\/\\\/allasorias.hu\\\/hirek\\\/\",\"logo\":{\"@type\":\"ImageObject\",\"url\":\"https:\\\/\\\/allasorias.hu\\\/hirek\\\/wp-content\\\/uploads\\\/2022\\\/10\\\/allasorias_site_facebok_logo.png\",\"@id\":\"https:\\\/\\\/allasorias.hu\\\/hirek\\\/tovabb-emelkedhet-a-minimalber\\\/#organizationLogo\"},\"image\":{\"@id\":\"https:\\\/\\\/allasorias.hu\\\/hirek\\\/tovabb-emelkedhet-a-minimalber\\\/#organizationLogo\"},\"sameAs\":[\"https:\\\/\\\/www.facebook.com\\\/allasorias\",\"https:\\\/\\\/www.linkedin.com\\\/company\\\/allasorias\"]},{\"@type\":\"Person\",\"@id\":\"https:\\\/\\\/allasorias.hu\\\/hirek\\\/author\\\/admin-allasorias\\\/#author\",\"url\":\"https:\\\/\\\/allasorias.hu\\\/hirek\\\/author\\\/admin-allasorias\\\/\",\"name\":\"Juh\\u00e1sz P\\u00e9ter\",\"image\":{\"@type\":\"ImageObject\",\"@id\":\"https:\\\/\\\/allasorias.hu\\\/hirek\\\/tovabb-emelkedhet-a-minimalber\\\/#authorImage\",\"url\":\"https:\\\/\\\/secure.gravatar.com\\\/avatar\\\/36e6bcb83148978b992977cb0f54d22feb0cce8a0a849a9410532bb2623ba4c6?s=96&d=mm&r=g\",\"width\":96,\"height\":96,\"caption\":\"Juh\\u00e1sz P\\u00e9ter\"}},{\"@type\":\"WebPage\",\"@id\":\"https:\\\/\\\/allasorias.hu\\\/hirek\\\/tovabb-emelkedhet-a-minimalber\\\/#webpage\",\"url\":\"https:\\\/\\\/allasorias.hu\\\/hirek\\\/tovabb-emelkedhet-a-minimalber\\\/\",\"name\":\"Tov\\u00e1bb emelkedhet a minim\\u00e1lb\\u00e9r | Allasorias.hu\\\/Hirek\",\"description\":\"A j\\u00f6v\\u0151ben v\\u00e1rhat\\u00f3an fesz\\u00fclts\\u00e9get fog okozni a munkaer\\u0151piacon az, hogy egy EU-s rendelkez\\u00e9s miatt a minim\\u00e1lb\\u00e9rt a medi\\u00e1n kereset 60%-ra kell emelni.\",\"inLanguage\":\"hu-HU\",\"isPartOf\":{\"@id\":\"https:\\\/\\\/allasorias.hu\\\/hirek\\\/#website\"},\"breadcrumb\":{\"@id\":\"https:\\\/\\\/allasorias.hu\\\/hirek\\\/tovabb-emelkedhet-a-minimalber\\\/#breadcrumblist\"},\"author\":{\"@id\":\"https:\\\/\\\/allasorias.hu\\\/hirek\\\/author\\\/admin-allasorias\\\/#author\"},\"creator\":{\"@id\":\"https:\\\/\\\/allasorias.hu\\\/hirek\\\/author\\\/admin-allasorias\\\/#author\"},\"image\":{\"@type\":\"ImageObject\",\"url\":\"https:\\\/\\\/allasorias.hu\\\/hirek\\\/wp-content\\\/uploads\\\/2024\\\/02\\\/minimalber-emeles2024.jpg\",\"@id\":\"https:\\\/\\\/allasorias.hu\\\/hirek\\\/tovabb-emelkedhet-a-minimalber\\\/#mainImage\",\"width\":1280,\"height\":853,\"caption\":\"Tov\\u00e1bb emelkedhet a minim\\u00e1lb\\u00e9r - Allasorias.hu\\\/Hirek\"},\"primaryImageOfPage\":{\"@id\":\"https:\\\/\\\/allasorias.hu\\\/hirek\\\/tovabb-emelkedhet-a-minimalber\\\/#mainImage\"},\"datePublished\":\"2024-02-06T10:49:35+02:00\",\"dateModified\":\"2024-02-06T10:57:06+02:00\"},{\"@type\":\"WebSite\",\"@id\":\"https:\\\/\\\/allasorias.hu\\\/hirek\\\/#website\",\"url\":\"https:\\\/\\\/allasorias.hu\\\/hirek\\\/\",\"name\":\"AllasOrias.hu | H\\u00edrek-lapszemle\",\"description\":\"\\u00dczleti h\\u00edrek az \\u00e1ll\\u00e1s \\u00e9s a munka vil\\u00e1g\\u00e1b\\u00f3l\",\"inLanguage\":\"hu-HU\",\"publisher\":{\"@id\":\"https:\\\/\\\/allasorias.hu\\\/hirek\\\/#organization\"}}]}\n\t\t<\/script>\n\t\t<!-- All in One SEO -->\n\n","aioseo_head_json":{"title":"Tov\u00e1bb emelkedhet a minim\u00e1lb\u00e9r | Allasorias.hu\/Hirek","description":"A j\u00f6v\u0151ben v\u00e1rhat\u00f3an fesz\u00fclts\u00e9get fog okozni a munkaer\u0151piacon az, hogy egy EU-s rendelkez\u00e9s miatt a minim\u00e1lb\u00e9rt a medi\u00e1n kereset 60%-ra kell emelni.","canonical_url":"https:\/\/allasorias.hu\/hirek\/tovabb-emelkedhet-a-minimalber\/","robots":"max-image-preview:large","keywords":"minim\u00e1lb\u00e9r,rendezv\u00e9ny","webmasterTools":{"miscellaneous":""},"schema":{"@context":"https:\/\/schema.org","@graph":[{"@type":"Article","@id":"https:\/\/allasorias.hu\/hirek\/tovabb-emelkedhet-a-minimalber\/#article","name":"Tov\u00e1bb emelkedhet a minim\u00e1lb\u00e9r | Allasorias.hu\/Hirek","headline":"Tov\u00e1bb emelkedhet a minim\u00e1lb\u00e9r","author":{"@id":"https:\/\/allasorias.hu\/hirek\/author\/admin-allasorias\/#author"},"publisher":{"@id":"https:\/\/allasorias.hu\/hirek\/#organization"},"image":{"@type":"ImageObject","url":"https:\/\/allasorias.hu\/hirek\/wp-content\/uploads\/2024\/02\/minimalber-emeles2024.jpg","width":1280,"height":853,"caption":"Tov\u00e1bb emelkedhet a minim\u00e1lb\u00e9r - Allasorias.hu\/Hirek"},"datePublished":"2024-02-06T10:49:35+02:00","dateModified":"2024-02-06T10:57:06+02:00","inLanguage":"hu-HU","mainEntityOfPage":{"@id":"https:\/\/allasorias.hu\/hirek\/tovabb-emelkedhet-a-minimalber\/#webpage"},"isPartOf":{"@id":"https:\/\/allasorias.hu\/hirek\/tovabb-emelkedhet-a-minimalber\/#webpage"},"articleSection":"Munkaer\u0151piac, minim\u00e1lb\u00e9r, rendezv\u00e9ny"},{"@type":"BreadcrumbList","@id":"https:\/\/allasorias.hu\/hirek\/tovabb-emelkedhet-a-minimalber\/#breadcrumblist","itemListElement":[{"@type":"ListItem","@id":"https:\/\/allasorias.hu\/hirek#listItem","position":1,"name":"Home","item":"https:\/\/allasorias.hu\/hirek","nextItem":{"@type":"ListItem","@id":"https:\/\/allasorias.hu\/hirek\/temak\/munkaeropiac\/#listItem","name":"Munkaer\u0151piac"}},{"@type":"ListItem","@id":"https:\/\/allasorias.hu\/hirek\/temak\/munkaeropiac\/#listItem","position":2,"name":"Munkaer\u0151piac","item":"https:\/\/allasorias.hu\/hirek\/temak\/munkaeropiac\/","nextItem":{"@type":"ListItem","@id":"https:\/\/allasorias.hu\/hirek\/tovabb-emelkedhet-a-minimalber\/#listItem","name":"Tov\u00e1bb emelkedhet a minim\u00e1lb\u00e9r"},"previousItem":{"@type":"ListItem","@id":"https:\/\/allasorias.hu\/hirek#listItem","name":"Home"}},{"@type":"ListItem","@id":"https:\/\/allasorias.hu\/hirek\/tovabb-emelkedhet-a-minimalber\/#listItem","position":3,"name":"Tov\u00e1bb emelkedhet a minim\u00e1lb\u00e9r","previousItem":{"@type":"ListItem","@id":"https:\/\/allasorias.hu\/hirek\/temak\/munkaeropiac\/#listItem","name":"Munkaer\u0151piac"}}]},{"@type":"Organization","@id":"https:\/\/allasorias.hu\/hirek\/#organization","name":"AllasOrias.hu | H\u00edrek-lapszemle","description":"\u00dczleti h\u00edrek az \u00e1ll\u00e1s \u00e9s a munka vil\u00e1g\u00e1b\u00f3l","url":"https:\/\/allasorias.hu\/hirek\/","logo":{"@type":"ImageObject","url":"https:\/\/allasorias.hu\/hirek\/wp-content\/uploads\/2022\/10\/allasorias_site_facebok_logo.png","@id":"https:\/\/allasorias.hu\/hirek\/tovabb-emelkedhet-a-minimalber\/#organizationLogo"},"image":{"@id":"https:\/\/allasorias.hu\/hirek\/tovabb-emelkedhet-a-minimalber\/#organizationLogo"},"sameAs":["https:\/\/www.facebook.com\/allasorias","https:\/\/www.linkedin.com\/company\/allasorias"]},{"@type":"Person","@id":"https:\/\/allasorias.hu\/hirek\/author\/admin-allasorias\/#author","url":"https:\/\/allasorias.hu\/hirek\/author\/admin-allasorias\/","name":"Juh\u00e1sz P\u00e9ter","image":{"@type":"ImageObject","@id":"https:\/\/allasorias.hu\/hirek\/tovabb-emelkedhet-a-minimalber\/#authorImage","url":"https:\/\/secure.gravatar.com\/avatar\/36e6bcb83148978b992977cb0f54d22feb0cce8a0a849a9410532bb2623ba4c6?s=96&d=mm&r=g","width":96,"height":96,"caption":"Juh\u00e1sz P\u00e9ter"}},{"@type":"WebPage","@id":"https:\/\/allasorias.hu\/hirek\/tovabb-emelkedhet-a-minimalber\/#webpage","url":"https:\/\/allasorias.hu\/hirek\/tovabb-emelkedhet-a-minimalber\/","name":"Tov\u00e1bb emelkedhet a minim\u00e1lb\u00e9r | Allasorias.hu\/Hirek","description":"A j\u00f6v\u0151ben v\u00e1rhat\u00f3an fesz\u00fclts\u00e9get fog okozni a munkaer\u0151piacon az, hogy egy EU-s rendelkez\u00e9s miatt a minim\u00e1lb\u00e9rt a medi\u00e1n kereset 60%-ra kell emelni.","inLanguage":"hu-HU","isPartOf":{"@id":"https:\/\/allasorias.hu\/hirek\/#website"},"breadcrumb":{"@id":"https:\/\/allasorias.hu\/hirek\/tovabb-emelkedhet-a-minimalber\/#breadcrumblist"},"author":{"@id":"https:\/\/allasorias.hu\/hirek\/author\/admin-allasorias\/#author"},"creator":{"@id":"https:\/\/allasorias.hu\/hirek\/author\/admin-allasorias\/#author"},"image":{"@type":"ImageObject","url":"https:\/\/allasorias.hu\/hirek\/wp-content\/uploads\/2024\/02\/minimalber-emeles2024.jpg","@id":"https:\/\/allasorias.hu\/hirek\/tovabb-emelkedhet-a-minimalber\/#mainImage","width":1280,"height":853,"caption":"Tov\u00e1bb emelkedhet a minim\u00e1lb\u00e9r - Allasorias.hu\/Hirek"},"primaryImageOfPage":{"@id":"https:\/\/allasorias.hu\/hirek\/tovabb-emelkedhet-a-minimalber\/#mainImage"},"datePublished":"2024-02-06T10:49:35+02:00","dateModified":"2024-02-06T10:57:06+02:00"},{"@type":"WebSite","@id":"https:\/\/allasorias.hu\/hirek\/#website","url":"https:\/\/allasorias.hu\/hirek\/","name":"AllasOrias.hu | H\u00edrek-lapszemle","description":"\u00dczleti h\u00edrek az \u00e1ll\u00e1s \u00e9s a munka vil\u00e1g\u00e1b\u00f3l","inLanguage":"hu-HU","publisher":{"@id":"https:\/\/allasorias.hu\/hirek\/#organization"}}]},"og:locale":"hu_HU","og:site_name":"AllasOrias.hu | H\u00edrek-lapszemle | \u00dczleti h\u00edrek az \u00e1ll\u00e1s \u00e9s a munka vil\u00e1g\u00e1b\u00f3l","og:type":"article","og:title":"Tov\u00e1bb emelkedhet a minim\u00e1lb\u00e9r | Allasorias.hu\/Hirek","og:description":"A j\u00f6v\u0151ben v\u00e1rhat\u00f3an fesz\u00fclts\u00e9get fog okozni a munkaer\u0151piacon az, hogy egy EU-s rendelkez\u00e9s miatt a minim\u00e1lb\u00e9rt a medi\u00e1n kereset 60%-ra kell emelni.","og:url":"https:\/\/allasorias.hu\/hirek\/tovabb-emelkedhet-a-minimalber\/","og:image":"https:\/\/allasorias.hu\/hirek\/wp-content\/uploads\/2024\/02\/minimalber-emeles2024.jpg","og:image:secure_url":"https:\/\/allasorias.hu\/hirek\/wp-content\/uploads\/2024\/02\/minimalber-emeles2024.jpg","og:image:width":1280,"og:image:height":853,"article:published_time":"2024-02-06T08:49:35+00:00","article:modified_time":"2024-02-06T08:57:06+00:00","article:publisher":"https:\/\/www.facebook.com\/allasorias","twitter:card":"summary_large_image","twitter:title":"Tov\u00e1bb emelkedhet a minim\u00e1lb\u00e9r | Allasorias.hu\/Hirek","twitter:description":"A j\u00f6v\u0151ben v\u00e1rhat\u00f3an fesz\u00fclts\u00e9get fog okozni a munkaer\u0151piacon az, hogy egy EU-s rendelkez\u00e9s miatt a minim\u00e1lb\u00e9rt a medi\u00e1n kereset 60%-ra kell emelni.","twitter:image":"https:\/\/allasorias.hu\/hirek\/wp-content\/uploads\/2024\/02\/minimalber-emeles2024.jpg","twitter:label1":"Written by","twitter:data1":"Juh\u00e1sz P\u00e9ter","twitter:label2":"Est. reading time","twitter:data2":"5 minutes"},"aioseo_meta_data":{"post_id":"7300","title":"#post_title | Allasorias.hu\/Hirek","description":"A j\u00f6v\u0151ben v\u00e1rhat\u00f3an fesz\u00fclts\u00e9get fog okozni a munkaer\u0151piacon az, hogy egy EU-s rendelkez\u00e9s miatt a minim\u00e1lb\u00e9rt a medi\u00e1n kereset 60%-ra kell emelni.","keywords":[],"keyphrases":{"focus":{"keyphrase":"","score":0,"analysis":{"keyphraseInTitle":{"score":0,"maxScore":9,"error":1}}},"additional":[]},"primary_term":null,"canonical_url":null,"og_title":null,"og_description":null,"og_object_type":"default","og_image_type":"default","og_image_url":null,"og_image_width":null,"og_image_height":null,"og_image_custom_url":null,"og_image_custom_fields":null,"og_video":"","og_custom_url":null,"og_article_section":null,"og_article_tags":[],"twitter_use_og":true,"twitter_card":"default","twitter_image_type":"default","twitter_image_url":null,"twitter_image_custom_url":null,"twitter_image_custom_fields":null,"twitter_title":null,"twitter_description":null,"schema":{"blockGraphs":[],"customGraphs":[],"default":{"data":{"Article":[],"Course":[],"Dataset":[],"FAQPage":[],"Movie":[],"Person":[],"Product":[],"ProductReview":[],"Car":[],"Recipe":[],"Service":[],"SoftwareApplication":[],"WebPage":[]},"graphName":"Article","isEnabled":true},"graphs":[]},"schema_type":"default","schema_type_options":null,"pillar_content":false,"robots_default":true,"robots_noindex":false,"robots_noarchive":false,"robots_nosnippet":false,"robots_nofollow":false,"robots_noimageindex":false,"robots_noodp":false,"robots_notranslate":false,"robots_max_snippet":"-1","robots_max_videopreview":"-1","robots_max_imagepreview":"large","priority":null,"frequency":"default","location":null,"local_seo":null,"breadcrumb_settings":null,"limit_modified_date":false,"ai":null,"created":"2024-02-06 08:31:19","updated":"2025-10-02 19:33:25","seo_analyzer_scan_date":null,"focus_keyword":null,"additional_keywords":null,"truseo_locale":null},"aioseo_breadcrumb":"<div class=\"aioseo-breadcrumbs\"><span class=\"aioseo-breadcrumb\">\n\t\t\t<a href=\"https:\/\/allasorias.hu\/hirek\" title=\"Home\">Home<\/a>\n\t\t<\/span><span class=\"aioseo-breadcrumb-separator\">&raquo;<\/span><span class=\"aioseo-breadcrumb\">\n\t\t\t<a href=\"https:\/\/allasorias.hu\/hirek\/temak\/munkaeropiac\/\" title=\"Munkaer\u0151piac\">Munkaer\u0151piac<\/a>\n\t\t<\/span><span class=\"aioseo-breadcrumb-separator\">&raquo;<\/span><span class=\"aioseo-breadcrumb\">\n\t\t\tTov\u00e1bb emelkedhet a minim\u00e1lb\u00e9r\n\t\t<\/span><\/div>","aioseo_breadcrumb_json":[{"label":"Home","link":"https:\/\/allasorias.hu\/hirek"},{"label":"Munkaer\u0151piac","link":"https:\/\/allasorias.hu\/hirek\/temak\/munkaeropiac\/"},{"label":"Tov\u00e1bb emelkedhet a minim\u00e1lb\u00e9r","link":"https:\/\/allasorias.hu\/hirek\/tovabb-emelkedhet-a-minimalber\/"}],"_links":{"self":[{"href":"https:\/\/allasorias.hu\/hirek\/wp-json\/wp\/v2\/posts\/7300","targetHints":{"allow":["GET"]}}],"collection":[{"href":"https:\/\/allasorias.hu\/hirek\/wp-json\/wp\/v2\/posts"}],"about":[{"href":"https:\/\/allasorias.hu\/hirek\/wp-json\/wp\/v2\/types\/post"}],"author":[{"embeddable":true,"href":"https:\/\/allasorias.hu\/hirek\/wp-json\/wp\/v2\/users\/1"}],"replies":[{"embeddable":true,"href":"https:\/\/allasorias.hu\/hirek\/wp-json\/wp\/v2\/comments?post=7300"}],"version-history":[{"count":3,"href":"https:\/\/allasorias.hu\/hirek\/wp-json\/wp\/v2\/posts\/7300\/revisions"}],"predecessor-version":[{"id":7305,"href":"https:\/\/allasorias.hu\/hirek\/wp-json\/wp\/v2\/posts\/7300\/revisions\/7305"}],"wp:featuredmedia":[{"embeddable":true,"href":"https:\/\/allasorias.hu\/hirek\/wp-json\/wp\/v2\/media\/7302"}],"wp:attachment":[{"href":"https:\/\/allasorias.hu\/hirek\/wp-json\/wp\/v2\/media?parent=7300"}],"wp:term":[{"taxonomy":"category","embeddable":true,"href":"https:\/\/allasorias.hu\/hirek\/wp-json\/wp\/v2\/categories?post=7300"},{"taxonomy":"post_tag","embeddable":true,"href":"https:\/\/allasorias.hu\/hirek\/wp-json\/wp\/v2\/tags?post=7300"}],"curies":[{"name":"wp","href":"https:\/\/api.w.org\/{rel}","templated":true}]}}