{"id":7284,"date":"2024-02-01T09:52:17","date_gmt":"2024-02-01T07:52:17","guid":{"rendered":"https:\/\/allasorias.hu\/hirek\/?p=7284"},"modified":"2025-05-09T15:51:57","modified_gmt":"2025-05-09T13:51:57","slug":"meg-lehet-nyerni-a-fiatalokat-a-munka-vilagaban","status":"publish","type":"post","link":"https:\/\/allasorias.hu\/hirek\/meg-lehet-nyerni-a-fiatalokat-a-munka-vilagaban\/","title":{"rendered":"Meg lehet nyerni a fiatalokat a munka vil\u00e1g\u00e1ban"},"content":{"rendered":"<p><strong>Egyre nagyobb a r\u00e9s a 12-18 \u00e9v k\u00f6z\u00f6tti Z gener\u00e1ci\u00f3 \u00e9s a 30 \u00e9v felettiek \u2013 azaz az Y \u00e9s X gener\u00e1ci\u00f3 \u2013 k\u00f6z\u00f6tt. Annak, hogy nehezen tal\u00e1lj\u00e1k meg egym\u00e1ssal a k\u00f6z\u00f6s hangot, nem csup\u00e1n az az oka, hogy a fiatalok elt\u00e9r\u0151 nyelvezetet, kifejez\u00e9seket haszn\u00e1lnak. Sokkal ink\u00e1bb arr\u00f3l van sz\u00f3, hogy a Z gener\u00e1ci\u00f3t m\u00e1r olyannyira m\u00e1sk\u00e9nt kell megsz\u00f3l\u00edtani, hogy azt n\u00e9ha m\u00e9g a csup\u00e1n p\u00e1r \u00e9vvel id\u0151sebb Y gener\u00e1ci\u00f3 tagjai sem tudj\u00e1k megugrani. <\/strong><\/p>\n<p>A 30 \u00e9v alatti <a href=\"https:\/\/allasorias.hu\/hirek\/meghatarozoak-a-munkaeropiacon-a-z-generacio-tagjai\/\">Z gener\u00e1ci\u00f3nak m\u00e1r fogyaszt\u00f3k\u00e9nt \u00e9s a munkaer\u0151piacon is egyre meghat\u00e1roz\u00f3bb szerepe van<\/a>, sok c\u00e9g azonban m\u00e9g mindig k\u00fczd a megsz\u00f3l\u00edt\u00e1sukkal, megnyer\u00e9s\u00fckkel. A start it @K&amp;H startup inkub\u00e1torban fejl\u0151d\u00f6tt Diverzum azonban nemcsak el\u00e9rte \u0151ket, hanem k\u00f6z\u00f6ss\u00e9get is \u00e9p\u00edtett sz\u00e1mukra. \u00cdgy lett a n\u00e9h\u00e1ny \u00e9vvel ezel\u0151tt sz\u00fcletett \u00f6tletb\u0151l m\u00e1ra egy, a hazai di\u00e1ks\u00e1g t\u00f6bb mint negyed\u00e9t aktiviz\u00e1l\u00f3 v\u00e1llalkoz\u00e1s, aminek a siker\u00e9t most m\u00e1s startupok is megism\u00e9telhetik.<\/p>\n<h2>K\u00f6z\u00f6ss\u00e9gi oldalak \u00e9s alkalmaz\u00e1sok fontoss\u00e1ga<\/h2>\n<p>A term\u00e9szetes jelens\u00e9g mellett, hogy saj\u00e1t, a koroszt\u00e1lyra jellemz\u0151 sz\u00f3haszn\u00e1latuk van, olyan platformokon kommunik\u00e1lnak, mint p\u00e9ld\u00e1ul a Discord, a Twitch, a BeReal, no \u00e9s persze a TikTok, amelyeknek haszn\u00e1lat\u00e1ba a Z gener\u00e1ci\u00f3 term\u00e9szetesen \u201ebelen\u0151\u201d, a kor\u00e1bbi gener\u00e1ci\u00f3knak azonban id\u0151, energia \u00e9s nem kis elsz\u00e1nts\u00e1g a platformok megismer\u00e9s\u00e9be beletanulni. Emellett pedig azok a t\u00e9m\u00e1k is igen elt\u00e9r\u0151k, amelyek felkeltik a Gen Z (ejtsd: dzsenzi) figyelm\u00e9t, ami nemcsak az \u00e9letkorb\u00f3l fakad, hanem abb\u00f3l is, hogy ez a koroszt\u00e1ly az \u00e1ltal\u00e1nos tud\u00e1s helyett ink\u00e1bb a hozz\u00e1 k\u00f6zel \u00e1ll\u00f3 egy-k\u00e9t dologban mer\u00fcl el m\u00e9lyebben.<\/p>\n<p>Mindezek a saj\u00e1toss\u00e1gok k\u00fcl\u00f6n\u00f6sen fontosak azoknak a v\u00e1llalkoz\u00e1soknak, amelyek ezt a koroszt\u00e1lyt ak\u00e1r v\u00e1s\u00e1rl\u00f3k\u00e9nt, ak\u00e1r munkav\u00e1llal\u00f3k\u00e9nt el szeretn\u00e9k \u00e9rni. Gyarmati Fanni, a Diverzum t\u00e1rsalap\u00edt\u00f3ja a napokban rendezett Magyar Marketing Fesztiv\u00e1l megh\u00edvottjak\u00e9nt besz\u00e9lt arr\u00f3l, hogy mik\u00e9nt lehet el\u00e9rni \u00e9s bevonni a Gen Z tagjait: \u201e<em>M\u00e1sra vagyunk \u00e9rz\u00e9kenyek. Sz\u00e1munkra elengedhetetlen az interakci\u00f3, a visszajelz\u00e9s, a v\u00e1laszt\u00e1s, hogy mi d\u00f6nts\u00fck el, mikor \u00e9s melyik tartalomra vagyunk k\u00edv\u00e1ncsiak. Emiatt a Z gener\u00e1ci\u00f3 sokszor azt \u00e9rzi, hogy nem \u00e9rtik meg. Hiszen a t\u0151l\u00fck id\u0151sebbek azt szokt\u00e1k meg, hogy \u0151k igazodnak egy k\u00f6z\u00f6ss\u00e9g elv\u00e1r\u00e1saihoz, m\u00edg mi \u00e9ppen ford\u00edtva: ahhoz a k\u00f6z\u00f6ss\u00e9ghez csatlakozunk, amelyikkel azonosulni tudunk, aki meg\u00e9rt minket, ahhoz viszont nagyon is ragaszkodunk. Mi \u00e9ppen erre alapoztunk t\u00f6bb mint k\u00e9t \u00e9ve \u00e9s ind\u00edtottuk \u00fatj\u00e1ra a di\u00e1koknak sz\u00f3l\u00f3 Diverzum szolg\u00e1ltat\u00e1st, hogy hidat \u00e9p\u00edts\u00fcnk a m\u00e1rk\u00e1k a gener\u00e1ci\u00f3nk k\u00f6z\u00f6tt.<\/em>\u201d<\/p>\n<p>A di\u00e1kkedvezm\u00e9nyt ny\u00fajt\u00f3 szolg\u00e1ltat\u00e1snak ma m\u00e1r t\u00f6bb mint 185 ezer tagja van, azaz a hazai di\u00e1ks\u00e1g 28 sz\u00e1zal\u00e9ka. Teh\u00e1t nem \u201ecsup\u00e1n\u201d egy startupot, hanem egy \u00f3ri\u00e1si k\u00f6z\u00f6ss\u00e9get is \u00e9p\u00edtettek, k\u00f6sz\u00f6nhet\u0151en annak a tartalomnak, amellyel a koroszt\u00e1lyukat szeretn\u00e9k seg\u00edteni a tudatosabb v\u00e1s\u00e1rl\u00f3i d\u00f6nt\u00e9sek meghozatal\u00e1ban. P\u00e9ld\u00e1juk azonban m\u00e1s c\u00e9gek sz\u00e1m\u00e1ra is tanuls\u00e1gos lehet.<\/p>\n<h2>Hogyan lehet \u00e9s \u00e9rdemes kommunik\u00e1lni a mai fiatalokkal:<\/h2>\n<ul>\n<li>egy k\u00e9perny\u0151 mindenek felett: a mobiltelefon a legfontosabb \u00e9s szinte az egyetlen fel\u00fclet, ahol mindent (is) int\u00e9znek, \u00edgy arra optimaliz\u00e1lva kell minden c\u00e9ges megjelen\u00e9snek m\u0171k\u00f6dnie<\/li>\n<li>interakt\u00edv kommunik\u00e1ci\u00f3: ez nem az a gener\u00e1ci\u00f3, amelyre csak \u00fagy \u201er\u00e1\u00f6ntheted\u201d az inform\u00e1ci\u00f3kat, \u0151k ugyanis k\u00e9rdeznek, v\u00e9lem\u00e9ny\u00fck van, r\u00e9szesei akarnak lenni a k\u00f6z\u00f6ss\u00e9gnek<\/li>\n<li>nyitotts\u00e1g: legy\u00fcnk nyitottak a koroszt\u00e1ly sz\u00e1m\u00e1ra \u00e9rz\u00e9keny t\u00e9m\u00e1kra<\/li>\n<li>\u0151szintes\u00e9g \u00e9s \u00e1tl\u00e1that\u00f3s\u00e1g: maradjunk h\u0171ek a saj\u00e1t m\u00e1rk\u00e1nkhoz, st\u00edlusunkhoz, mert ezt a koroszt\u00e1lyt nem tudjuk \u00e1tverni, nem \u00e9rdemes a szlengj\u00fcket ut\u00e1nozni<\/li>\n<li>a v\u00e1lasz nem v\u00e1laszt\u00e1s: soha ne \u00e9rt\u00e9kelj\u00fck alul a v\u00e1laszad\u00e1s fontoss\u00e1g\u00e1t<\/li>\n<\/ul>\n<p>A Diverzum fejl\u0151d\u00e9s\u00e9t is seg\u00edt\u0151 start it @K&amp;H, Magyarorsz\u00e1g legnagyobb v\u00e1llalati inkub\u00e1torprogramja is egyfajta k\u00f6z\u00f6ss\u00e9g az innov\u00e1torok sz\u00e1m\u00e1ra, ami most ism\u00e9t v\u00e1rja azokat csapatokat, akik \u00fczleti \u00f6tlet\u00fcket sikeres v\u00e1llalkoz\u00e1ss\u00e1 szeretn\u00e9k form\u00e1lni, vagy a m\u00e1r megl\u00e9v\u0151t gyorsabban fejleszteni, nemzetk\u00f6zi piacra vinni. A digit\u00e1lis innov\u00e1ci\u00f3kra f\u00f3kusz\u00e1l\u00f3, \u00e1m ipar\u00e1gf\u00fcggetlen startup inkub\u00e1tor m\u00e1rcius 1-j\u00e9ig v\u00e1rja a jelentkez\u0151ket, hogy szakmai mentorokkal, technol\u00f3giai szolg\u00e1ltat\u00e1sokkal, a m\u00e1r sikeress\u00e9 v\u00e1lt startupok tapasztalataival \u00e9s kapcsolat\u00e9p\u00edt\u0151 esem\u00e9nyekkel is seg\u00edtse szintl\u00e9p\u00e9s\u00fcket.<\/p>\n<p>Forr\u00e1s: <a href=\"https:\/\/mmonline.hu\/cikk\/igy-lehet-megnyerni-a-z-generaciot\/\" target=\"_blank\" rel=\"nofollow noopener noreferrer\">mmonline.hu<\/a><\/p>\n","protected":false},"excerpt":{"rendered":"<p>Egyre nagyobb a r\u00e9s a 12-18 \u00e9v k\u00f6z\u00f6tti Z gener\u00e1ci\u00f3 \u00e9s a 30 \u00e9v felettiek \u2013 azaz az Y \u00e9s X gener\u00e1ci\u00f3 \u2013 k\u00f6z\u00f6tt. Annak, hogy nehezen tal\u00e1lj\u00e1k meg egym\u00e1ssal a k\u00f6z\u00f6s hangot, nem csup\u00e1n az az oka, hogy a fiatalok elt\u00e9r\u0151 nyelvezetet, kifejez\u00e9seket haszn\u00e1lnak. Sokkal ink\u00e1bb arr\u00f3l van sz\u00f3, hogy a Z gener\u00e1ci\u00f3t m\u00e1r [&hellip;]<\/p>\n","protected":false},"author":1,"featured_media":7285,"comment_status":"closed","ping_status":"closed","sticky":false,"template":"","format":"standard","meta":{"_monsterinsights_skip_tracking":false,"footnotes":""},"categories":[200],"tags":[701,581],"class_list":["post-7284","post","type-post","status-publish","format-standard","has-post-thumbnail","hentry","category-munkaeropiac","tag-gen-z","tag-z-generacio"],"aioseo_notices":[],"aioseo_head":"\n\t\t<!-- All in One SEO 5.0.0.1 - aioseo.com -->\n\t<meta name=\"description\" content=\"A Z gener\u00e1ci\u00f3t m\u00e1r olyannyira m\u00e1sk\u00e9nt kell megsz\u00f3l\u00edtani, hogy azt n\u00e9ha m\u00e9g a csup\u00e1n p\u00e1r \u00e9vvel id\u0151sebb Y gener\u00e1ci\u00f3 tagjai sem tudj\u00e1k megugrani.\" \/>\n\t<meta name=\"robots\" content=\"max-image-preview:large\" \/>\n\t<meta name=\"author\" content=\"Juh\u00e1sz P\u00e9ter\"\/>\n\t<meta name=\"keywords\" content=\"gen z,z gener\u00e1ci\u00f3\" \/>\n\t<link rel=\"canonical\" href=\"https:\/\/allasorias.hu\/hirek\/meg-lehet-nyerni-a-fiatalokat-a-munka-vilagaban\/\" \/>\n\t<meta name=\"generator\" content=\"All in One SEO (AIOSEO) 5.0.0.1\" \/>\n\t\t<meta property=\"og:locale\" content=\"hu_HU\" \/>\n\t\t<meta property=\"og:site_name\" content=\"AllasOrias.hu | H\u00edrek-lapszemle | \u00dczleti h\u00edrek az \u00e1ll\u00e1s \u00e9s a munka vil\u00e1g\u00e1b\u00f3l\" \/>\n\t\t<meta property=\"og:type\" content=\"article\" \/>\n\t\t<meta property=\"og:title\" content=\"Fiatalokat megnyerni a munka vil\u00e1g\u00e1nak fontos\" \/>\n\t\t<meta property=\"og:description\" content=\"A Z gener\u00e1ci\u00f3t m\u00e1r olyannyira m\u00e1sk\u00e9nt kell megsz\u00f3l\u00edtani, hogy azt n\u00e9ha m\u00e9g a csup\u00e1n p\u00e1r \u00e9vvel id\u0151sebb Y gener\u00e1ci\u00f3 tagjai sem tudj\u00e1k megugrani.\" \/>\n\t\t<meta property=\"og:url\" content=\"https:\/\/allasorias.hu\/hirek\/meg-lehet-nyerni-a-fiatalokat-a-munka-vilagaban\/\" \/>\n\t\t<meta property=\"og:image\" content=\"https:\/\/allasorias.hu\/hirek\/wp-content\/uploads\/2024\/02\/z-generacio-a-munka-vilagaban.jpg\" \/>\n\t\t<meta property=\"og:image:secure_url\" content=\"https:\/\/allasorias.hu\/hirek\/wp-content\/uploads\/2024\/02\/z-generacio-a-munka-vilagaban.jpg\" \/>\n\t\t<meta property=\"og:image:width\" content=\"1280\" \/>\n\t\t<meta property=\"og:image:height\" content=\"854\" \/>\n\t\t<meta property=\"article:published_time\" content=\"2024-02-01T07:52:17+00:00\" \/>\n\t\t<meta property=\"article:modified_time\" content=\"2025-05-09T13:51:57+00:00\" \/>\n\t\t<meta property=\"article:publisher\" content=\"https:\/\/www.facebook.com\/allasorias\" \/>\n\t\t<meta name=\"twitter:card\" content=\"summary_large_image\" \/>\n\t\t<meta name=\"twitter:title\" content=\"Fiatalokat megnyerni a munka vil\u00e1g\u00e1nak fontos\" \/>\n\t\t<meta name=\"twitter:description\" content=\"A Z gener\u00e1ci\u00f3t m\u00e1r olyannyira m\u00e1sk\u00e9nt kell megsz\u00f3l\u00edtani, hogy azt n\u00e9ha m\u00e9g a csup\u00e1n p\u00e1r \u00e9vvel id\u0151sebb Y gener\u00e1ci\u00f3 tagjai sem tudj\u00e1k megugrani.\" \/>\n\t\t<meta name=\"twitter:image\" content=\"https:\/\/allasorias.hu\/hirek\/wp-content\/uploads\/2024\/02\/z-generacio-a-munka-vilagaban.jpg\" \/>\n\t\t<meta name=\"twitter:label1\" content=\"Written by\" \/>\n\t\t<meta name=\"twitter:data1\" content=\"Juh\u00e1sz P\u00e9ter\" \/>\n\t\t<meta name=\"twitter:label2\" content=\"Est. reading time\" \/>\n\t\t<meta name=\"twitter:data2\" content=\"5 minutes\" \/>\n\t\t<script type=\"application\/ld+json\" class=\"aioseo-schema\">\n\t\t\t{\"@context\":\"https:\\\/\\\/schema.org\",\"@graph\":[{\"@type\":\"Article\",\"@id\":\"https:\\\/\\\/allasorias.hu\\\/hirek\\\/meg-lehet-nyerni-a-fiatalokat-a-munka-vilagaban\\\/#article\",\"name\":\"Fiatalokat megnyerni a munka vil\\u00e1g\\u00e1nak fontos\",\"headline\":\"Meg lehet nyerni a fiatalokat a munka vil\\u00e1g\\u00e1ban\",\"author\":{\"@id\":\"https:\\\/\\\/allasorias.hu\\\/hirek\\\/author\\\/admin-allasorias\\\/#author\"},\"publisher\":{\"@id\":\"https:\\\/\\\/allasorias.hu\\\/hirek\\\/#organization\"},\"image\":{\"@type\":\"ImageObject\",\"url\":\"https:\\\/\\\/allasorias.hu\\\/hirek\\\/wp-content\\\/uploads\\\/2024\\\/02\\\/z-generacio-a-munka-vilagaban.jpg\",\"width\":1280,\"height\":854,\"caption\":\"Meg lehet nyerni a fiatalokat a munka vil\\u00e1g\\u00e1ban - Allasorias.hu\\\/Hirek\"},\"datePublished\":\"2024-02-01T09:52:17+02:00\",\"dateModified\":\"2025-05-09T15:51:57+02:00\",\"inLanguage\":\"hu-HU\",\"mainEntityOfPage\":{\"@id\":\"https:\\\/\\\/allasorias.hu\\\/hirek\\\/meg-lehet-nyerni-a-fiatalokat-a-munka-vilagaban\\\/#webpage\"},\"isPartOf\":{\"@id\":\"https:\\\/\\\/allasorias.hu\\\/hirek\\\/meg-lehet-nyerni-a-fiatalokat-a-munka-vilagaban\\\/#webpage\"},\"articleSection\":\"Munkaer\\u0151piac, gen z, Z gener\\u00e1ci\\u00f3\"},{\"@type\":\"BreadcrumbList\",\"@id\":\"https:\\\/\\\/allasorias.hu\\\/hirek\\\/meg-lehet-nyerni-a-fiatalokat-a-munka-vilagaban\\\/#breadcrumblist\",\"itemListElement\":[{\"@type\":\"ListItem\",\"@id\":\"https:\\\/\\\/allasorias.hu\\\/hirek#listItem\",\"position\":1,\"name\":\"Home\",\"item\":\"https:\\\/\\\/allasorias.hu\\\/hirek\",\"nextItem\":{\"@type\":\"ListItem\",\"@id\":\"https:\\\/\\\/allasorias.hu\\\/hirek\\\/temak\\\/munkaeropiac\\\/#listItem\",\"name\":\"Munkaer\\u0151piac\"}},{\"@type\":\"ListItem\",\"@id\":\"https:\\\/\\\/allasorias.hu\\\/hirek\\\/temak\\\/munkaeropiac\\\/#listItem\",\"position\":2,\"name\":\"Munkaer\\u0151piac\",\"item\":\"https:\\\/\\\/allasorias.hu\\\/hirek\\\/temak\\\/munkaeropiac\\\/\",\"nextItem\":{\"@type\":\"ListItem\",\"@id\":\"https:\\\/\\\/allasorias.hu\\\/hirek\\\/meg-lehet-nyerni-a-fiatalokat-a-munka-vilagaban\\\/#listItem\",\"name\":\"Meg lehet nyerni a fiatalokat a munka vil\\u00e1g\\u00e1ban\"},\"previousItem\":{\"@type\":\"ListItem\",\"@id\":\"https:\\\/\\\/allasorias.hu\\\/hirek#listItem\",\"name\":\"Home\"}},{\"@type\":\"ListItem\",\"@id\":\"https:\\\/\\\/allasorias.hu\\\/hirek\\\/meg-lehet-nyerni-a-fiatalokat-a-munka-vilagaban\\\/#listItem\",\"position\":3,\"name\":\"Meg lehet nyerni a fiatalokat a munka vil\\u00e1g\\u00e1ban\",\"previousItem\":{\"@type\":\"ListItem\",\"@id\":\"https:\\\/\\\/allasorias.hu\\\/hirek\\\/temak\\\/munkaeropiac\\\/#listItem\",\"name\":\"Munkaer\\u0151piac\"}}]},{\"@type\":\"Organization\",\"@id\":\"https:\\\/\\\/allasorias.hu\\\/hirek\\\/#organization\",\"name\":\"AllasOrias.hu | H\\u00edrek-lapszemle\",\"description\":\"\\u00dczleti h\\u00edrek az \\u00e1ll\\u00e1s \\u00e9s a munka vil\\u00e1g\\u00e1b\\u00f3l\",\"url\":\"https:\\\/\\\/allasorias.hu\\\/hirek\\\/\",\"logo\":{\"@type\":\"ImageObject\",\"url\":\"https:\\\/\\\/allasorias.hu\\\/hirek\\\/wp-content\\\/uploads\\\/2022\\\/10\\\/allasorias_site_facebok_logo.png\",\"@id\":\"https:\\\/\\\/allasorias.hu\\\/hirek\\\/meg-lehet-nyerni-a-fiatalokat-a-munka-vilagaban\\\/#organizationLogo\"},\"image\":{\"@id\":\"https:\\\/\\\/allasorias.hu\\\/hirek\\\/meg-lehet-nyerni-a-fiatalokat-a-munka-vilagaban\\\/#organizationLogo\"},\"sameAs\":[\"https:\\\/\\\/www.facebook.com\\\/allasorias\",\"https:\\\/\\\/www.linkedin.com\\\/company\\\/allasorias\"]},{\"@type\":\"Person\",\"@id\":\"https:\\\/\\\/allasorias.hu\\\/hirek\\\/author\\\/admin-allasorias\\\/#author\",\"url\":\"https:\\\/\\\/allasorias.hu\\\/hirek\\\/author\\\/admin-allasorias\\\/\",\"name\":\"Juh\\u00e1sz P\\u00e9ter\",\"image\":{\"@type\":\"ImageObject\",\"@id\":\"https:\\\/\\\/allasorias.hu\\\/hirek\\\/meg-lehet-nyerni-a-fiatalokat-a-munka-vilagaban\\\/#authorImage\",\"url\":\"https:\\\/\\\/secure.gravatar.com\\\/avatar\\\/36e6bcb83148978b992977cb0f54d22feb0cce8a0a849a9410532bb2623ba4c6?s=96&d=mm&r=g\",\"width\":96,\"height\":96,\"caption\":\"Juh\\u00e1sz P\\u00e9ter\"}},{\"@type\":\"WebPage\",\"@id\":\"https:\\\/\\\/allasorias.hu\\\/hirek\\\/meg-lehet-nyerni-a-fiatalokat-a-munka-vilagaban\\\/#webpage\",\"url\":\"https:\\\/\\\/allasorias.hu\\\/hirek\\\/meg-lehet-nyerni-a-fiatalokat-a-munka-vilagaban\\\/\",\"name\":\"Fiatalokat megnyerni a munka vil\\u00e1g\\u00e1nak fontos\",\"description\":\"A Z gener\\u00e1ci\\u00f3t m\\u00e1r olyannyira m\\u00e1sk\\u00e9nt kell megsz\\u00f3l\\u00edtani, hogy azt n\\u00e9ha m\\u00e9g a csup\\u00e1n p\\u00e1r \\u00e9vvel id\\u0151sebb Y gener\\u00e1ci\\u00f3 tagjai sem tudj\\u00e1k megugrani.\",\"inLanguage\":\"hu-HU\",\"isPartOf\":{\"@id\":\"https:\\\/\\\/allasorias.hu\\\/hirek\\\/#website\"},\"breadcrumb\":{\"@id\":\"https:\\\/\\\/allasorias.hu\\\/hirek\\\/meg-lehet-nyerni-a-fiatalokat-a-munka-vilagaban\\\/#breadcrumblist\"},\"author\":{\"@id\":\"https:\\\/\\\/allasorias.hu\\\/hirek\\\/author\\\/admin-allasorias\\\/#author\"},\"creator\":{\"@id\":\"https:\\\/\\\/allasorias.hu\\\/hirek\\\/author\\\/admin-allasorias\\\/#author\"},\"image\":{\"@type\":\"ImageObject\",\"url\":\"https:\\\/\\\/allasorias.hu\\\/hirek\\\/wp-content\\\/uploads\\\/2024\\\/02\\\/z-generacio-a-munka-vilagaban.jpg\",\"@id\":\"https:\\\/\\\/allasorias.hu\\\/hirek\\\/meg-lehet-nyerni-a-fiatalokat-a-munka-vilagaban\\\/#mainImage\",\"width\":1280,\"height\":854,\"caption\":\"Meg lehet nyerni a fiatalokat a munka vil\\u00e1g\\u00e1ban - Allasorias.hu\\\/Hirek\"},\"primaryImageOfPage\":{\"@id\":\"https:\\\/\\\/allasorias.hu\\\/hirek\\\/meg-lehet-nyerni-a-fiatalokat-a-munka-vilagaban\\\/#mainImage\"},\"datePublished\":\"2024-02-01T09:52:17+02:00\",\"dateModified\":\"2025-05-09T15:51:57+02:00\"},{\"@type\":\"WebSite\",\"@id\":\"https:\\\/\\\/allasorias.hu\\\/hirek\\\/#website\",\"url\":\"https:\\\/\\\/allasorias.hu\\\/hirek\\\/\",\"name\":\"AllasOrias.hu | H\\u00edrek-lapszemle\",\"description\":\"\\u00dczleti h\\u00edrek az \\u00e1ll\\u00e1s \\u00e9s a munka vil\\u00e1g\\u00e1b\\u00f3l\",\"inLanguage\":\"hu-HU\",\"publisher\":{\"@id\":\"https:\\\/\\\/allasorias.hu\\\/hirek\\\/#organization\"}}]}\n\t\t<\/script>\n\t\t<!-- All in One SEO -->\n\n","aioseo_head_json":{"title":"Fiatalokat megnyerni a munka vil\u00e1g\u00e1nak fontos","description":"A Z gener\u00e1ci\u00f3t m\u00e1r olyannyira m\u00e1sk\u00e9nt kell megsz\u00f3l\u00edtani, hogy azt n\u00e9ha m\u00e9g a csup\u00e1n p\u00e1r \u00e9vvel id\u0151sebb Y gener\u00e1ci\u00f3 tagjai sem tudj\u00e1k megugrani.","canonical_url":"https:\/\/allasorias.hu\/hirek\/meg-lehet-nyerni-a-fiatalokat-a-munka-vilagaban\/","robots":"max-image-preview:large","keywords":"gen z,z gener\u00e1ci\u00f3","webmasterTools":{"miscellaneous":""},"schema":{"@context":"https:\/\/schema.org","@graph":[{"@type":"Article","@id":"https:\/\/allasorias.hu\/hirek\/meg-lehet-nyerni-a-fiatalokat-a-munka-vilagaban\/#article","name":"Fiatalokat megnyerni a munka vil\u00e1g\u00e1nak fontos","headline":"Meg lehet nyerni a fiatalokat a munka vil\u00e1g\u00e1ban","author":{"@id":"https:\/\/allasorias.hu\/hirek\/author\/admin-allasorias\/#author"},"publisher":{"@id":"https:\/\/allasorias.hu\/hirek\/#organization"},"image":{"@type":"ImageObject","url":"https:\/\/allasorias.hu\/hirek\/wp-content\/uploads\/2024\/02\/z-generacio-a-munka-vilagaban.jpg","width":1280,"height":854,"caption":"Meg lehet nyerni a fiatalokat a munka vil\u00e1g\u00e1ban - Allasorias.hu\/Hirek"},"datePublished":"2024-02-01T09:52:17+02:00","dateModified":"2025-05-09T15:51:57+02:00","inLanguage":"hu-HU","mainEntityOfPage":{"@id":"https:\/\/allasorias.hu\/hirek\/meg-lehet-nyerni-a-fiatalokat-a-munka-vilagaban\/#webpage"},"isPartOf":{"@id":"https:\/\/allasorias.hu\/hirek\/meg-lehet-nyerni-a-fiatalokat-a-munka-vilagaban\/#webpage"},"articleSection":"Munkaer\u0151piac, gen z, Z gener\u00e1ci\u00f3"},{"@type":"BreadcrumbList","@id":"https:\/\/allasorias.hu\/hirek\/meg-lehet-nyerni-a-fiatalokat-a-munka-vilagaban\/#breadcrumblist","itemListElement":[{"@type":"ListItem","@id":"https:\/\/allasorias.hu\/hirek#listItem","position":1,"name":"Home","item":"https:\/\/allasorias.hu\/hirek","nextItem":{"@type":"ListItem","@id":"https:\/\/allasorias.hu\/hirek\/temak\/munkaeropiac\/#listItem","name":"Munkaer\u0151piac"}},{"@type":"ListItem","@id":"https:\/\/allasorias.hu\/hirek\/temak\/munkaeropiac\/#listItem","position":2,"name":"Munkaer\u0151piac","item":"https:\/\/allasorias.hu\/hirek\/temak\/munkaeropiac\/","nextItem":{"@type":"ListItem","@id":"https:\/\/allasorias.hu\/hirek\/meg-lehet-nyerni-a-fiatalokat-a-munka-vilagaban\/#listItem","name":"Meg lehet nyerni a fiatalokat a munka vil\u00e1g\u00e1ban"},"previousItem":{"@type":"ListItem","@id":"https:\/\/allasorias.hu\/hirek#listItem","name":"Home"}},{"@type":"ListItem","@id":"https:\/\/allasorias.hu\/hirek\/meg-lehet-nyerni-a-fiatalokat-a-munka-vilagaban\/#listItem","position":3,"name":"Meg lehet nyerni a fiatalokat a munka vil\u00e1g\u00e1ban","previousItem":{"@type":"ListItem","@id":"https:\/\/allasorias.hu\/hirek\/temak\/munkaeropiac\/#listItem","name":"Munkaer\u0151piac"}}]},{"@type":"Organization","@id":"https:\/\/allasorias.hu\/hirek\/#organization","name":"AllasOrias.hu | H\u00edrek-lapszemle","description":"\u00dczleti h\u00edrek az \u00e1ll\u00e1s \u00e9s a munka vil\u00e1g\u00e1b\u00f3l","url":"https:\/\/allasorias.hu\/hirek\/","logo":{"@type":"ImageObject","url":"https:\/\/allasorias.hu\/hirek\/wp-content\/uploads\/2022\/10\/allasorias_site_facebok_logo.png","@id":"https:\/\/allasorias.hu\/hirek\/meg-lehet-nyerni-a-fiatalokat-a-munka-vilagaban\/#organizationLogo"},"image":{"@id":"https:\/\/allasorias.hu\/hirek\/meg-lehet-nyerni-a-fiatalokat-a-munka-vilagaban\/#organizationLogo"},"sameAs":["https:\/\/www.facebook.com\/allasorias","https:\/\/www.linkedin.com\/company\/allasorias"]},{"@type":"Person","@id":"https:\/\/allasorias.hu\/hirek\/author\/admin-allasorias\/#author","url":"https:\/\/allasorias.hu\/hirek\/author\/admin-allasorias\/","name":"Juh\u00e1sz P\u00e9ter","image":{"@type":"ImageObject","@id":"https:\/\/allasorias.hu\/hirek\/meg-lehet-nyerni-a-fiatalokat-a-munka-vilagaban\/#authorImage","url":"https:\/\/secure.gravatar.com\/avatar\/36e6bcb83148978b992977cb0f54d22feb0cce8a0a849a9410532bb2623ba4c6?s=96&d=mm&r=g","width":96,"height":96,"caption":"Juh\u00e1sz P\u00e9ter"}},{"@type":"WebPage","@id":"https:\/\/allasorias.hu\/hirek\/meg-lehet-nyerni-a-fiatalokat-a-munka-vilagaban\/#webpage","url":"https:\/\/allasorias.hu\/hirek\/meg-lehet-nyerni-a-fiatalokat-a-munka-vilagaban\/","name":"Fiatalokat megnyerni a munka vil\u00e1g\u00e1nak fontos","description":"A Z gener\u00e1ci\u00f3t m\u00e1r olyannyira m\u00e1sk\u00e9nt kell megsz\u00f3l\u00edtani, hogy azt n\u00e9ha m\u00e9g a csup\u00e1n p\u00e1r \u00e9vvel id\u0151sebb Y gener\u00e1ci\u00f3 tagjai sem tudj\u00e1k megugrani.","inLanguage":"hu-HU","isPartOf":{"@id":"https:\/\/allasorias.hu\/hirek\/#website"},"breadcrumb":{"@id":"https:\/\/allasorias.hu\/hirek\/meg-lehet-nyerni-a-fiatalokat-a-munka-vilagaban\/#breadcrumblist"},"author":{"@id":"https:\/\/allasorias.hu\/hirek\/author\/admin-allasorias\/#author"},"creator":{"@id":"https:\/\/allasorias.hu\/hirek\/author\/admin-allasorias\/#author"},"image":{"@type":"ImageObject","url":"https:\/\/allasorias.hu\/hirek\/wp-content\/uploads\/2024\/02\/z-generacio-a-munka-vilagaban.jpg","@id":"https:\/\/allasorias.hu\/hirek\/meg-lehet-nyerni-a-fiatalokat-a-munka-vilagaban\/#mainImage","width":1280,"height":854,"caption":"Meg lehet nyerni a fiatalokat a munka vil\u00e1g\u00e1ban - Allasorias.hu\/Hirek"},"primaryImageOfPage":{"@id":"https:\/\/allasorias.hu\/hirek\/meg-lehet-nyerni-a-fiatalokat-a-munka-vilagaban\/#mainImage"},"datePublished":"2024-02-01T09:52:17+02:00","dateModified":"2025-05-09T15:51:57+02:00"},{"@type":"WebSite","@id":"https:\/\/allasorias.hu\/hirek\/#website","url":"https:\/\/allasorias.hu\/hirek\/","name":"AllasOrias.hu | H\u00edrek-lapszemle","description":"\u00dczleti h\u00edrek az \u00e1ll\u00e1s \u00e9s a munka vil\u00e1g\u00e1b\u00f3l","inLanguage":"hu-HU","publisher":{"@id":"https:\/\/allasorias.hu\/hirek\/#organization"}}]},"og:locale":"hu_HU","og:site_name":"AllasOrias.hu | H\u00edrek-lapszemle | \u00dczleti h\u00edrek az \u00e1ll\u00e1s \u00e9s a munka vil\u00e1g\u00e1b\u00f3l","og:type":"article","og:title":"Fiatalokat megnyerni a munka vil\u00e1g\u00e1nak fontos","og:description":"A Z gener\u00e1ci\u00f3t m\u00e1r olyannyira m\u00e1sk\u00e9nt kell megsz\u00f3l\u00edtani, hogy azt n\u00e9ha m\u00e9g a csup\u00e1n p\u00e1r \u00e9vvel id\u0151sebb Y gener\u00e1ci\u00f3 tagjai sem tudj\u00e1k megugrani.","og:url":"https:\/\/allasorias.hu\/hirek\/meg-lehet-nyerni-a-fiatalokat-a-munka-vilagaban\/","og:image":"https:\/\/allasorias.hu\/hirek\/wp-content\/uploads\/2024\/02\/z-generacio-a-munka-vilagaban.jpg","og:image:secure_url":"https:\/\/allasorias.hu\/hirek\/wp-content\/uploads\/2024\/02\/z-generacio-a-munka-vilagaban.jpg","og:image:width":1280,"og:image:height":854,"article:published_time":"2024-02-01T07:52:17+00:00","article:modified_time":"2025-05-09T13:51:57+00:00","article:publisher":"https:\/\/www.facebook.com\/allasorias","twitter:card":"summary_large_image","twitter:title":"Fiatalokat megnyerni a munka vil\u00e1g\u00e1nak fontos","twitter:description":"A Z gener\u00e1ci\u00f3t m\u00e1r olyannyira m\u00e1sk\u00e9nt kell megsz\u00f3l\u00edtani, hogy azt n\u00e9ha m\u00e9g a csup\u00e1n p\u00e1r \u00e9vvel id\u0151sebb Y gener\u00e1ci\u00f3 tagjai sem tudj\u00e1k megugrani.","twitter:image":"https:\/\/allasorias.hu\/hirek\/wp-content\/uploads\/2024\/02\/z-generacio-a-munka-vilagaban.jpg","twitter:label1":"Written by","twitter:data1":"Juh\u00e1sz P\u00e9ter","twitter:label2":"Est. reading time","twitter:data2":"5 minutes"},"aioseo_meta_data":{"post_id":"7284","title":"Fiatalokat megnyerni a munka vil\u00e1g\u00e1nak fontos","description":"A Z gener\u00e1ci\u00f3t m\u00e1r olyannyira m\u00e1sk\u00e9nt kell megsz\u00f3l\u00edtani, hogy azt n\u00e9ha m\u00e9g a csup\u00e1n p\u00e1r \u00e9vvel id\u0151sebb Y gener\u00e1ci\u00f3 tagjai sem tudj\u00e1k megugrani.","keywords":null,"keyphrases":{"focus":{"keyphrase":"","score":0,"analysis":{"keyphraseInTitle":{"score":0,"maxScore":9,"error":1}}},"additional":[]},"primary_term":null,"canonical_url":null,"og_title":null,"og_description":null,"og_object_type":"default","og_image_type":"default","og_image_url":null,"og_image_width":null,"og_image_height":null,"og_image_custom_url":null,"og_image_custom_fields":null,"og_video":"","og_custom_url":null,"og_article_section":null,"og_article_tags":null,"twitter_use_og":true,"twitter_card":"default","twitter_image_type":"default","twitter_image_url":null,"twitter_image_custom_url":null,"twitter_image_custom_fields":null,"twitter_title":null,"twitter_description":null,"schema":{"blockGraphs":[],"customGraphs":[],"default":{"data":{"Article":[],"Course":[],"Dataset":[],"FAQPage":[],"Movie":[],"Person":[],"Product":[],"ProductReview":[],"Car":[],"Recipe":[],"Service":[],"SoftwareApplication":[],"WebPage":[]},"graphName":"Article","isEnabled":true},"graphs":[]},"schema_type":"default","schema_type_options":null,"pillar_content":false,"robots_default":true,"robots_noindex":false,"robots_noarchive":false,"robots_nosnippet":false,"robots_nofollow":false,"robots_noimageindex":false,"robots_noodp":false,"robots_notranslate":false,"robots_max_snippet":"-1","robots_max_videopreview":"-1","robots_max_imagepreview":"large","priority":null,"frequency":"default","location":null,"local_seo":null,"breadcrumb_settings":null,"limit_modified_date":false,"ai":null,"created":"2024-02-01 07:37:30","updated":"2025-10-02 19:32:53","seo_analyzer_scan_date":null,"focus_keyword":null,"additional_keywords":null,"truseo_locale":null},"aioseo_breadcrumb":"<div class=\"aioseo-breadcrumbs\"><span class=\"aioseo-breadcrumb\">\n\t\t\t<a href=\"https:\/\/allasorias.hu\/hirek\" title=\"Home\">Home<\/a>\n\t\t<\/span><span class=\"aioseo-breadcrumb-separator\">&raquo;<\/span><span class=\"aioseo-breadcrumb\">\n\t\t\t<a href=\"https:\/\/allasorias.hu\/hirek\/temak\/munkaeropiac\/\" title=\"Munkaer\u0151piac\">Munkaer\u0151piac<\/a>\n\t\t<\/span><span class=\"aioseo-breadcrumb-separator\">&raquo;<\/span><span class=\"aioseo-breadcrumb\">\n\t\t\tMeg lehet nyerni a fiatalokat a munka vil\u00e1g\u00e1ban\n\t\t<\/span><\/div>","aioseo_breadcrumb_json":[{"label":"Home","link":"https:\/\/allasorias.hu\/hirek"},{"label":"Munkaer\u0151piac","link":"https:\/\/allasorias.hu\/hirek\/temak\/munkaeropiac\/"},{"label":"Meg lehet nyerni a fiatalokat a munka vil\u00e1g\u00e1ban","link":"https:\/\/allasorias.hu\/hirek\/meg-lehet-nyerni-a-fiatalokat-a-munka-vilagaban\/"}],"_links":{"self":[{"href":"https:\/\/allasorias.hu\/hirek\/wp-json\/wp\/v2\/posts\/7284","targetHints":{"allow":["GET"]}}],"collection":[{"href":"https:\/\/allasorias.hu\/hirek\/wp-json\/wp\/v2\/posts"}],"about":[{"href":"https:\/\/allasorias.hu\/hirek\/wp-json\/wp\/v2\/types\/post"}],"author":[{"embeddable":true,"href":"https:\/\/allasorias.hu\/hirek\/wp-json\/wp\/v2\/users\/1"}],"replies":[{"embeddable":true,"href":"https:\/\/allasorias.hu\/hirek\/wp-json\/wp\/v2\/comments?post=7284"}],"version-history":[{"count":4,"href":"https:\/\/allasorias.hu\/hirek\/wp-json\/wp\/v2\/posts\/7284\/revisions"}],"predecessor-version":[{"id":7289,"href":"https:\/\/allasorias.hu\/hirek\/wp-json\/wp\/v2\/posts\/7284\/revisions\/7289"}],"wp:featuredmedia":[{"embeddable":true,"href":"https:\/\/allasorias.hu\/hirek\/wp-json\/wp\/v2\/media\/7285"}],"wp:attachment":[{"href":"https:\/\/allasorias.hu\/hirek\/wp-json\/wp\/v2\/media?parent=7284"}],"wp:term":[{"taxonomy":"category","embeddable":true,"href":"https:\/\/allasorias.hu\/hirek\/wp-json\/wp\/v2\/categories?post=7284"},{"taxonomy":"post_tag","embeddable":true,"href":"https:\/\/allasorias.hu\/hirek\/wp-json\/wp\/v2\/tags?post=7284"}],"curies":[{"name":"wp","href":"https:\/\/api.w.org\/{rel}","templated":true}]}}