{"id":7241,"date":"2024-01-18T12:49:05","date_gmt":"2024-01-18T10:49:05","guid":{"rendered":"https:\/\/allasorias.hu\/hirek\/?p=7241"},"modified":"2024-01-18T12:49:05","modified_gmt":"2024-01-18T10:49:05","slug":"uj-szakmakat-kell-elsajatitani","status":"publish","type":"post","link":"https:\/\/allasorias.hu\/hirek\/uj-szakmakat-kell-elsajatitani\/","title":{"rendered":"\u00daj szakm\u00e1kat kell elsaj\u00e1t\u00edtani"},"content":{"rendered":"<p><strong>Ma egyre t\u00f6bb az olyan szakma, amelyre m\u00e1r nincs sz\u00fcks\u00e9g, ugyanakkor lehet\u0151s\u00e9get kell adni a szakk\u00e9pz\u00e9sre olyan \u00faj szakm\u00e1kban, amelyekre m\u00e1r sz\u00fcks\u00e9g van, illetve a j\u00f6v\u0151ben sz\u00fcks\u00e9g lehet- k\u00f6z\u00f6lte a szakk\u00e9pz\u00e9s\u00e9rt felel\u0151s helyettes \u00e1llamtitk\u00e1r.<\/strong><\/p>\n<p>A szakk\u00e9pz\u00e9s kiemelt fontoss\u00e1g\u00fa feladata, hogy kiszolg\u00e1lja a munkaer\u0151piac ig\u00e9nyeit &#8211; hangoztatta a Kultur\u00e1lis \u00e9s Innov\u00e1ci\u00f3s Miniszt\u00e9rium (KIM) szakk\u00e9pz\u00e9s\u00e9rt felel\u0151s helyettes \u00e1llamtitk\u00e1ra a K\u00f6zleked\u00e9si k\u00e9pz\u00e9si- \u00e9s vizsgacentrum kialak\u00edt\u00e1sa elnevez\u00e9s\u0171 projekt z\u00e1r\u00f3esem\u00e9ny\u00e9n, Budapesten. P\u00f6l\u00f6skei G\u00e1born\u00e9 a szakk\u00e9pz\u00e9sben kiemelt jelent\u0151s\u00e9g\u0171nek nevezte a projektet, amelynek legfontosabb c\u00e9lja a k\u00f6zleked\u00e9si \u00e1gazatban \u00e9rz\u00e9kelhet\u0151 munkaer\u0151hi\u00e1ny cs\u00f6kkent\u00e9se volt.<\/p>\n<p>A k\u00e9pz\u00e9si \u00e9s vizsgacentrum platformot teremt a munkaer\u0151piac \u00e1ltal ig\u00e9nyelt r\u00f6vid idej\u0171 szakmai, valamint kompetencia- \u00e9s k\u00e9szs\u00e9gfejleszt\u0151 k\u00e9pz\u00e9seknek. A kialak\u00edtott elj\u00e1r\u00e1sok, eszk\u00f6z\u00f6k, rendszerek mintak\u00e9nt szolg\u00e1lnak tov\u00e1bbi szakk\u00e9pz\u00e9si fejleszt\u00e9sekhez &#8211; magyar\u00e1zta. A helyettes \u00e1llamtitk\u00e1r c\u00e9lk\u00e9nt fogalmazta meg, hogy a k\u00e9pz\u00e9sben r\u00e9szt vev\u0151k ezt k\u00f6vet\u0151en a megszerzett tud\u00e1ssal ne csak boldoguljanak, hanem az a &#8222;hitvall\u00e1sukat&#8221; is ki tudja szolg\u00e1lni. A lehet\u0151s\u00e9gek szerint mindenkit inspir\u00e1lni kell, hogy a v\u00e1ltoz\u00f3 t\u00e1rsadalmi \u00e9s gazdas\u00e1gi kih\u00edv\u00e1sok k\u00f6zepette is boldogulni tudjon &#8211; tette hozz\u00e1.<\/p>\n<p>A helyettes \u00e1llamtitk\u00e1r a szakk\u00e9pz\u00e9st a fels\u0151oktat\u00e1s el\u0151szob\u00e1j\u00e1nak nevezte, hozz\u00e1f\u0171zve, a projekt keret\u00e9ben megval\u00f3sul\u00f3 fejleszt\u00e9s j\u00f3 lehet\u0151s\u00e9get ad arra, hogy a szakk\u00e9pz\u00e9st a munkaer\u0151piac szolg\u00e1lat\u00e1ba \u00e1ll\u00edts\u00e1k. Kiemelte, hogy a 2018-ban indul\u00f3 k\u00e9pz\u00e9si projekt keret\u00e9ben a kilenc legnagyobb ipari \u00e1gazat egyik\u00e9t, a k\u00f6zleked\u00e9st v\u00e1lasztott\u00e1k ki komplex fejleszt\u00e9sre \u00e9s mivel ez az \u00e1gazat mindenkit \u00e9rint, ez\u00e9rt sok visszajelz\u00e9st kaphattak a projekt sikeress\u00e9g\u00e9vel kapcsolatban.<\/p>\n<h2>700 digit\u00e1lis tananyag j\u00f6tt l\u00e9tre<\/h2>\n<p>Ismertet\u00e9se szerint a fejleszt\u00e9ssel 700 digit\u00e1lis tananyag j\u00f6tt l\u00e9tre, de ezzel messze nem \u00e9rtek a munka v\u00e9g\u00e9re, b\u0151ven van m\u00e9g lehet\u0151s\u00e9g fejleszt\u00e9sekre. &#8222;<em>Ma nem k\u00f6nyveket, hanem digit\u00e1lis tananyagokat kell \u00edrni, hiszen ezek tartalm\u00e1n b\u00e1rmikor lehet v\u00e1ltoztatni, m\u00f3dos\u00edtani az ig\u00e9nyekhez, a k\u00f6rnyezet folyamatos v\u00e1ltoz\u00e1saihoz alkalmazkodva, \u00e9s mivel egyre t\u00f6bb tananyagot lehet beemelni a digit\u00e1lis oktat\u00e1sba, ehhez a tan\u00e1rokat is k\u00e9pezni kell<\/em>&#8221; &#8211; hangoztatta. Az eddigi eredm\u00e9nyeket ki kell terjeszteni, rendszerben kell gondolkodni, \u00e1lland\u00f3 monitoroz\u00e1sokat kell v\u00e9gezni &#8211; \u00f6sszegzett a helyettes \u00e1llamtitk\u00e1r.<\/p>\n<p>Mayer Andr\u00e1s, a KTI Magyar K\u00f6zleked\u00e9studom\u00e1nyi \u00e9s Logisztikai Int\u00e9zet Nonprofit Kft. \u00fcgyvezet\u0151je elmondta, hogy a vizsgacentrum kialak\u00edt\u00e1sa a Nemzeti Szakk\u00e9pz\u00e9si \u00e9s Feln\u0151ttk\u00e9pz\u00e9si Hivatallal \u00e9s a miniszt\u00e9riummal szoros egy\u00fcttm\u0171k\u00f6d\u00e9sben val\u00f3sult meg. Hangs\u00falyozta, hogy els\u0151sorban az\u00e9rt esett v\u00e1laszt\u00e1suk a k\u00f6zleked\u00e9sre, mert ez az \u00e1gazat jelent\u0151s emberier\u0151forr\u00e1s-hi\u00e1nnyal k\u00fczd.<\/p>\n<h2>A tanull\u00e1s hat\u00e9konyabb a virtu\u00e1lis oktat\u00e1si eszk\u00f6z\u00f6kkel<\/h2>\n<p>Az \u00fcgyvezet\u0151 sikeresnek \u00edt\u00e9lte a projektet, de hangs\u00falyozta, hogy m\u00e9g sok feladat \u00e1ll el\u0151tt\u00fck. Ol\u00e1h G\u00e1bor, a KTI k\u00e9pz\u00e9si \u00e9s vizsg\u00e1ztat\u00e1si igazgat\u00f3ja a projekt r\u00e9szleteinek bemutat\u00e1sa sor\u00e1n a t\u00f6bbi k\u00f6z\u00f6tt a m\u00f3dszertani fejleszt\u00e9s, illetve a szimul\u00e1torok szerep\u00e9t emelte ki, hangs\u00falyozva, hogy ezek az eszk\u00f6z\u00f6k az oktat\u00e1sban a gazdas\u00e1gi hat\u00e9konys\u00e1g szempontj\u00e1b\u00f3l is fontosak, hiszen a tanul\u00e1s 30-50 sz\u00e1zal\u00e9kkal hat\u00e9konyabb ezekkel a virtu\u00e1lis oktat\u00e1si eszk\u00f6z\u00f6kkel.<\/p>\n<p>Az esem\u00e9nyre k\u00e9sz\u00fclt h\u00e1tt\u00e9ranyagban azt \u00edrt\u00e1k, hogy a projekt a Sz\u00e9chenyi 2020 program keret\u00e9ben t\u00f6bb mint hat \u00e9s f\u00e9l milli\u00e1rd forint vissza nem t\u00e9r\u00edtend\u0151 eur\u00f3pai uni\u00f3s t\u00e1mogat\u00e1snak \u00e9s mintegy 827 milli\u00f3 forint hazai t\u00e1rsfinansz\u00edroz\u00e1snak k\u00f6sz\u00f6nhet\u0151en val\u00f3sult meg. A projekt eredm\u00e9nyek\u00e9nt t\u00f6bb mint 17 ezer ember k\u00e9pz\u00e9se val\u00f3sult meg, k\u00f6z\u00f6tt\u00fck a szakk\u00e9pz\u00e9sben tanul\u00f3 di\u00e1kok sz\u00e1ma meghaladta az \u00f6tezret. A k\u00f6zleked\u00e9si \u00e1gazat t\u00f6bb mint 12 ezer munkav\u00e1llal\u00f3ja vett r\u00e9szt korszer\u0171 k\u00e9pz\u00e9seken &#8211; \u00edrt\u00e1k az \u00f6sszegz\u00e9sben.<\/p>\n<p>Forr\u00e1s: <a href=\"https:\/\/www.hrportal.hu\/c\/poloskei-gaborne-a-szakkepzes-kiemelt-feladata-a-munkaeropiac-igenyeinek-kiszolgalasa-20240117.html\" target=\"_blank\" rel=\"nofollow noopener noreferrer\">hrportal.hu<\/a><\/p>\n","protected":false},"excerpt":{"rendered":"<p>Ma egyre t\u00f6bb az olyan szakma, amelyre m\u00e1r nincs sz\u00fcks\u00e9g, ugyanakkor lehet\u0151s\u00e9get kell adni a szakk\u00e9pz\u00e9sre olyan \u00faj szakm\u00e1kban, amelyekre m\u00e1r sz\u00fcks\u00e9g van, illetve a j\u00f6v\u0151ben sz\u00fcks\u00e9g lehet- k\u00f6z\u00f6lte a szakk\u00e9pz\u00e9s\u00e9rt felel\u0151s helyettes \u00e1llamtitk\u00e1r. A szakk\u00e9pz\u00e9s kiemelt fontoss\u00e1g\u00fa feladata, hogy kiszolg\u00e1lja a munkaer\u0151piac ig\u00e9nyeit &#8211; hangoztatta a Kultur\u00e1lis \u00e9s Innov\u00e1ci\u00f3s Miniszt\u00e9rium (KIM) szakk\u00e9pz\u00e9s\u00e9rt felel\u0151s helyettes [&hellip;]<\/p>\n","protected":false},"author":1,"featured_media":7242,"comment_status":"closed","ping_status":"closed","sticky":false,"template":"","format":"standard","meta":{"_monsterinsights_skip_tracking":false,"footnotes":""},"categories":[200],"tags":[687,215],"class_list":["post-7241","post","type-post","status-publish","format-standard","has-post-thumbnail","hentry","category-munkaeropiac","tag-digitalis-tananyag","tag-oktatas"],"aioseo_notices":[],"aioseo_head":"\n\t\t<!-- All in One SEO 5.0.0.1 - aioseo.com -->\n\t<meta name=\"description\" content=\"Ma egyre t\u00f6bb az olyan szakma, amelyre m\u00e1r nincs sz\u00fcks\u00e9g, ugyanakkor lehet\u0151s\u00e9get kell adni a szakk\u00e9pz\u00e9sre olyan \u00faj szakm\u00e1kban, amelyekre m\u00e1r sz\u00fcks\u00e9g van, illetve a j\u00f6v\u0151ben sz\u00fcks\u00e9g lehet.\" \/>\n\t<meta name=\"robots\" content=\"max-image-preview:large\" \/>\n\t<meta name=\"author\" content=\"Juh\u00e1sz P\u00e9ter\"\/>\n\t<meta name=\"keywords\" content=\"digit\u00e1lis tananyag,oktat\u00e1s\" \/>\n\t<link rel=\"canonical\" href=\"https:\/\/allasorias.hu\/hirek\/uj-szakmakat-kell-elsajatitani\/\" \/>\n\t<meta name=\"generator\" content=\"All in One SEO (AIOSEO) 5.0.0.1\" \/>\n\t\t<meta property=\"og:locale\" content=\"hu_HU\" \/>\n\t\t<meta property=\"og:site_name\" content=\"AllasOrias.hu | H\u00edrek-lapszemle | \u00dczleti h\u00edrek az \u00e1ll\u00e1s \u00e9s a munka vil\u00e1g\u00e1b\u00f3l\" \/>\n\t\t<meta property=\"og:type\" content=\"article\" \/>\n\t\t<meta property=\"og:title\" content=\"\u00daj szakm\u00e1kat kell elsaj\u00e1t\u00edtani | Allasorias.hu\" \/>\n\t\t<meta property=\"og:description\" content=\"Ma egyre t\u00f6bb az olyan szakma, amelyre m\u00e1r nincs sz\u00fcks\u00e9g, ugyanakkor lehet\u0151s\u00e9get kell adni a szakk\u00e9pz\u00e9sre olyan \u00faj szakm\u00e1kban, amelyekre m\u00e1r sz\u00fcks\u00e9g van, illetve a j\u00f6v\u0151ben sz\u00fcks\u00e9g lehet.\" \/>\n\t\t<meta property=\"og:url\" content=\"https:\/\/allasorias.hu\/hirek\/uj-szakmakat-kell-elsajatitani\/\" \/>\n\t\t<meta property=\"og:image\" content=\"https:\/\/allasorias.hu\/hirek\/wp-content\/uploads\/2024\/01\/digitalis-oktatas.jpg\" \/>\n\t\t<meta property=\"og:image:secure_url\" content=\"https:\/\/allasorias.hu\/hirek\/wp-content\/uploads\/2024\/01\/digitalis-oktatas.jpg\" \/>\n\t\t<meta property=\"og:image:width\" content=\"1280\" \/>\n\t\t<meta property=\"og:image:height\" content=\"719\" \/>\n\t\t<meta property=\"article:published_time\" content=\"2024-01-18T10:49:05+00:00\" \/>\n\t\t<meta property=\"article:modified_time\" content=\"2024-01-18T10:49:05+00:00\" \/>\n\t\t<meta property=\"article:publisher\" content=\"https:\/\/www.facebook.com\/allasorias\" \/>\n\t\t<meta name=\"twitter:card\" content=\"summary_large_image\" \/>\n\t\t<meta name=\"twitter:title\" content=\"\u00daj szakm\u00e1kat kell elsaj\u00e1t\u00edtani | Allasorias.hu\" \/>\n\t\t<meta name=\"twitter:description\" content=\"Ma egyre t\u00f6bb az olyan szakma, amelyre m\u00e1r nincs sz\u00fcks\u00e9g, ugyanakkor lehet\u0151s\u00e9get kell adni a szakk\u00e9pz\u00e9sre olyan \u00faj szakm\u00e1kban, amelyekre m\u00e1r sz\u00fcks\u00e9g van, illetve a j\u00f6v\u0151ben sz\u00fcks\u00e9g lehet.\" \/>\n\t\t<meta name=\"twitter:image\" content=\"https:\/\/allasorias.hu\/hirek\/wp-content\/uploads\/2024\/01\/digitalis-oktatas.jpg\" \/>\n\t\t<meta name=\"twitter:label1\" content=\"Written by\" \/>\n\t\t<meta name=\"twitter:data1\" content=\"Juh\u00e1sz P\u00e9ter\" \/>\n\t\t<meta name=\"twitter:label2\" content=\"Est. reading time\" \/>\n\t\t<meta name=\"twitter:data2\" content=\"4 minutes\" \/>\n\t\t<script type=\"application\/ld+json\" class=\"aioseo-schema\">\n\t\t\t{\"@context\":\"https:\\\/\\\/schema.org\",\"@graph\":[{\"@type\":\"Article\",\"@id\":\"https:\\\/\\\/allasorias.hu\\\/hirek\\\/uj-szakmakat-kell-elsajatitani\\\/#article\",\"name\":\"\\u00daj szakm\\u00e1kat kell elsaj\\u00e1t\\u00edtani | Allasorias.hu\",\"headline\":\"\\u00daj szakm\\u00e1kat kell elsaj\\u00e1t\\u00edtani\",\"author\":{\"@id\":\"https:\\\/\\\/allasorias.hu\\\/hirek\\\/author\\\/admin-allasorias\\\/#author\"},\"publisher\":{\"@id\":\"https:\\\/\\\/allasorias.hu\\\/hirek\\\/#organization\"},\"image\":{\"@type\":\"ImageObject\",\"url\":\"https:\\\/\\\/allasorias.hu\\\/hirek\\\/wp-content\\\/uploads\\\/2024\\\/01\\\/digitalis-oktatas.jpg\",\"width\":1280,\"height\":719,\"caption\":\"\\u00daj szakm\\u00e1kat kell elsaj\\u00e1t\\u00edtani - Allasorias.hu\\\/Hirek\"},\"datePublished\":\"2024-01-18T12:49:05+02:00\",\"dateModified\":\"2024-01-18T12:49:05+02:00\",\"inLanguage\":\"hu-HU\",\"mainEntityOfPage\":{\"@id\":\"https:\\\/\\\/allasorias.hu\\\/hirek\\\/uj-szakmakat-kell-elsajatitani\\\/#webpage\"},\"isPartOf\":{\"@id\":\"https:\\\/\\\/allasorias.hu\\\/hirek\\\/uj-szakmakat-kell-elsajatitani\\\/#webpage\"},\"articleSection\":\"Munkaer\\u0151piac, digit\\u00e1lis tananyag, Oktat\\u00e1s\"},{\"@type\":\"BreadcrumbList\",\"@id\":\"https:\\\/\\\/allasorias.hu\\\/hirek\\\/uj-szakmakat-kell-elsajatitani\\\/#breadcrumblist\",\"itemListElement\":[{\"@type\":\"ListItem\",\"@id\":\"https:\\\/\\\/allasorias.hu\\\/hirek#listItem\",\"position\":1,\"name\":\"Home\",\"item\":\"https:\\\/\\\/allasorias.hu\\\/hirek\",\"nextItem\":{\"@type\":\"ListItem\",\"@id\":\"https:\\\/\\\/allasorias.hu\\\/hirek\\\/temak\\\/munkaeropiac\\\/#listItem\",\"name\":\"Munkaer\\u0151piac\"}},{\"@type\":\"ListItem\",\"@id\":\"https:\\\/\\\/allasorias.hu\\\/hirek\\\/temak\\\/munkaeropiac\\\/#listItem\",\"position\":2,\"name\":\"Munkaer\\u0151piac\",\"item\":\"https:\\\/\\\/allasorias.hu\\\/hirek\\\/temak\\\/munkaeropiac\\\/\",\"nextItem\":{\"@type\":\"ListItem\",\"@id\":\"https:\\\/\\\/allasorias.hu\\\/hirek\\\/uj-szakmakat-kell-elsajatitani\\\/#listItem\",\"name\":\"\\u00daj szakm\\u00e1kat kell elsaj\\u00e1t\\u00edtani\"},\"previousItem\":{\"@type\":\"ListItem\",\"@id\":\"https:\\\/\\\/allasorias.hu\\\/hirek#listItem\",\"name\":\"Home\"}},{\"@type\":\"ListItem\",\"@id\":\"https:\\\/\\\/allasorias.hu\\\/hirek\\\/uj-szakmakat-kell-elsajatitani\\\/#listItem\",\"position\":3,\"name\":\"\\u00daj szakm\\u00e1kat kell elsaj\\u00e1t\\u00edtani\",\"previousItem\":{\"@type\":\"ListItem\",\"@id\":\"https:\\\/\\\/allasorias.hu\\\/hirek\\\/temak\\\/munkaeropiac\\\/#listItem\",\"name\":\"Munkaer\\u0151piac\"}}]},{\"@type\":\"Organization\",\"@id\":\"https:\\\/\\\/allasorias.hu\\\/hirek\\\/#organization\",\"name\":\"AllasOrias.hu | H\\u00edrek-lapszemle\",\"description\":\"\\u00dczleti h\\u00edrek az \\u00e1ll\\u00e1s \\u00e9s a munka vil\\u00e1g\\u00e1b\\u00f3l\",\"url\":\"https:\\\/\\\/allasorias.hu\\\/hirek\\\/\",\"logo\":{\"@type\":\"ImageObject\",\"url\":\"https:\\\/\\\/allasorias.hu\\\/hirek\\\/wp-content\\\/uploads\\\/2022\\\/10\\\/allasorias_site_facebok_logo.png\",\"@id\":\"https:\\\/\\\/allasorias.hu\\\/hirek\\\/uj-szakmakat-kell-elsajatitani\\\/#organizationLogo\"},\"image\":{\"@id\":\"https:\\\/\\\/allasorias.hu\\\/hirek\\\/uj-szakmakat-kell-elsajatitani\\\/#organizationLogo\"},\"sameAs\":[\"https:\\\/\\\/www.facebook.com\\\/allasorias\",\"https:\\\/\\\/www.linkedin.com\\\/company\\\/allasorias\"]},{\"@type\":\"Person\",\"@id\":\"https:\\\/\\\/allasorias.hu\\\/hirek\\\/author\\\/admin-allasorias\\\/#author\",\"url\":\"https:\\\/\\\/allasorias.hu\\\/hirek\\\/author\\\/admin-allasorias\\\/\",\"name\":\"Juh\\u00e1sz P\\u00e9ter\",\"image\":{\"@type\":\"ImageObject\",\"@id\":\"https:\\\/\\\/allasorias.hu\\\/hirek\\\/uj-szakmakat-kell-elsajatitani\\\/#authorImage\",\"url\":\"https:\\\/\\\/secure.gravatar.com\\\/avatar\\\/36e6bcb83148978b992977cb0f54d22feb0cce8a0a849a9410532bb2623ba4c6?s=96&d=mm&r=g\",\"width\":96,\"height\":96,\"caption\":\"Juh\\u00e1sz P\\u00e9ter\"}},{\"@type\":\"WebPage\",\"@id\":\"https:\\\/\\\/allasorias.hu\\\/hirek\\\/uj-szakmakat-kell-elsajatitani\\\/#webpage\",\"url\":\"https:\\\/\\\/allasorias.hu\\\/hirek\\\/uj-szakmakat-kell-elsajatitani\\\/\",\"name\":\"\\u00daj szakm\\u00e1kat kell elsaj\\u00e1t\\u00edtani | Allasorias.hu\",\"description\":\"Ma egyre t\\u00f6bb az olyan szakma, amelyre m\\u00e1r nincs sz\\u00fcks\\u00e9g, ugyanakkor lehet\\u0151s\\u00e9get kell adni a szakk\\u00e9pz\\u00e9sre olyan \\u00faj szakm\\u00e1kban, amelyekre m\\u00e1r sz\\u00fcks\\u00e9g van, illetve a j\\u00f6v\\u0151ben sz\\u00fcks\\u00e9g lehet.\",\"inLanguage\":\"hu-HU\",\"isPartOf\":{\"@id\":\"https:\\\/\\\/allasorias.hu\\\/hirek\\\/#website\"},\"breadcrumb\":{\"@id\":\"https:\\\/\\\/allasorias.hu\\\/hirek\\\/uj-szakmakat-kell-elsajatitani\\\/#breadcrumblist\"},\"author\":{\"@id\":\"https:\\\/\\\/allasorias.hu\\\/hirek\\\/author\\\/admin-allasorias\\\/#author\"},\"creator\":{\"@id\":\"https:\\\/\\\/allasorias.hu\\\/hirek\\\/author\\\/admin-allasorias\\\/#author\"},\"image\":{\"@type\":\"ImageObject\",\"url\":\"https:\\\/\\\/allasorias.hu\\\/hirek\\\/wp-content\\\/uploads\\\/2024\\\/01\\\/digitalis-oktatas.jpg\",\"@id\":\"https:\\\/\\\/allasorias.hu\\\/hirek\\\/uj-szakmakat-kell-elsajatitani\\\/#mainImage\",\"width\":1280,\"height\":719,\"caption\":\"\\u00daj szakm\\u00e1kat kell elsaj\\u00e1t\\u00edtani - Allasorias.hu\\\/Hirek\"},\"primaryImageOfPage\":{\"@id\":\"https:\\\/\\\/allasorias.hu\\\/hirek\\\/uj-szakmakat-kell-elsajatitani\\\/#mainImage\"},\"datePublished\":\"2024-01-18T12:49:05+02:00\",\"dateModified\":\"2024-01-18T12:49:05+02:00\"},{\"@type\":\"WebSite\",\"@id\":\"https:\\\/\\\/allasorias.hu\\\/hirek\\\/#website\",\"url\":\"https:\\\/\\\/allasorias.hu\\\/hirek\\\/\",\"name\":\"AllasOrias.hu | H\\u00edrek-lapszemle\",\"description\":\"\\u00dczleti h\\u00edrek az \\u00e1ll\\u00e1s \\u00e9s a munka vil\\u00e1g\\u00e1b\\u00f3l\",\"inLanguage\":\"hu-HU\",\"publisher\":{\"@id\":\"https:\\\/\\\/allasorias.hu\\\/hirek\\\/#organization\"}}]}\n\t\t<\/script>\n\t\t<!-- All in One SEO -->\n\n","aioseo_head_json":{"title":"\u00daj szakm\u00e1kat kell elsaj\u00e1t\u00edtani | Allasorias.hu","description":"Ma egyre t\u00f6bb az olyan szakma, amelyre m\u00e1r nincs sz\u00fcks\u00e9g, ugyanakkor lehet\u0151s\u00e9get kell adni a szakk\u00e9pz\u00e9sre olyan \u00faj szakm\u00e1kban, amelyekre m\u00e1r sz\u00fcks\u00e9g van, illetve a j\u00f6v\u0151ben sz\u00fcks\u00e9g lehet.","canonical_url":"https:\/\/allasorias.hu\/hirek\/uj-szakmakat-kell-elsajatitani\/","robots":"max-image-preview:large","keywords":"digit\u00e1lis tananyag,oktat\u00e1s","webmasterTools":{"miscellaneous":""},"schema":{"@context":"https:\/\/schema.org","@graph":[{"@type":"Article","@id":"https:\/\/allasorias.hu\/hirek\/uj-szakmakat-kell-elsajatitani\/#article","name":"\u00daj szakm\u00e1kat kell elsaj\u00e1t\u00edtani | Allasorias.hu","headline":"\u00daj szakm\u00e1kat kell elsaj\u00e1t\u00edtani","author":{"@id":"https:\/\/allasorias.hu\/hirek\/author\/admin-allasorias\/#author"},"publisher":{"@id":"https:\/\/allasorias.hu\/hirek\/#organization"},"image":{"@type":"ImageObject","url":"https:\/\/allasorias.hu\/hirek\/wp-content\/uploads\/2024\/01\/digitalis-oktatas.jpg","width":1280,"height":719,"caption":"\u00daj szakm\u00e1kat kell elsaj\u00e1t\u00edtani - Allasorias.hu\/Hirek"},"datePublished":"2024-01-18T12:49:05+02:00","dateModified":"2024-01-18T12:49:05+02:00","inLanguage":"hu-HU","mainEntityOfPage":{"@id":"https:\/\/allasorias.hu\/hirek\/uj-szakmakat-kell-elsajatitani\/#webpage"},"isPartOf":{"@id":"https:\/\/allasorias.hu\/hirek\/uj-szakmakat-kell-elsajatitani\/#webpage"},"articleSection":"Munkaer\u0151piac, digit\u00e1lis tananyag, Oktat\u00e1s"},{"@type":"BreadcrumbList","@id":"https:\/\/allasorias.hu\/hirek\/uj-szakmakat-kell-elsajatitani\/#breadcrumblist","itemListElement":[{"@type":"ListItem","@id":"https:\/\/allasorias.hu\/hirek#listItem","position":1,"name":"Home","item":"https:\/\/allasorias.hu\/hirek","nextItem":{"@type":"ListItem","@id":"https:\/\/allasorias.hu\/hirek\/temak\/munkaeropiac\/#listItem","name":"Munkaer\u0151piac"}},{"@type":"ListItem","@id":"https:\/\/allasorias.hu\/hirek\/temak\/munkaeropiac\/#listItem","position":2,"name":"Munkaer\u0151piac","item":"https:\/\/allasorias.hu\/hirek\/temak\/munkaeropiac\/","nextItem":{"@type":"ListItem","@id":"https:\/\/allasorias.hu\/hirek\/uj-szakmakat-kell-elsajatitani\/#listItem","name":"\u00daj szakm\u00e1kat kell elsaj\u00e1t\u00edtani"},"previousItem":{"@type":"ListItem","@id":"https:\/\/allasorias.hu\/hirek#listItem","name":"Home"}},{"@type":"ListItem","@id":"https:\/\/allasorias.hu\/hirek\/uj-szakmakat-kell-elsajatitani\/#listItem","position":3,"name":"\u00daj szakm\u00e1kat kell elsaj\u00e1t\u00edtani","previousItem":{"@type":"ListItem","@id":"https:\/\/allasorias.hu\/hirek\/temak\/munkaeropiac\/#listItem","name":"Munkaer\u0151piac"}}]},{"@type":"Organization","@id":"https:\/\/allasorias.hu\/hirek\/#organization","name":"AllasOrias.hu | H\u00edrek-lapszemle","description":"\u00dczleti h\u00edrek az \u00e1ll\u00e1s \u00e9s a munka vil\u00e1g\u00e1b\u00f3l","url":"https:\/\/allasorias.hu\/hirek\/","logo":{"@type":"ImageObject","url":"https:\/\/allasorias.hu\/hirek\/wp-content\/uploads\/2022\/10\/allasorias_site_facebok_logo.png","@id":"https:\/\/allasorias.hu\/hirek\/uj-szakmakat-kell-elsajatitani\/#organizationLogo"},"image":{"@id":"https:\/\/allasorias.hu\/hirek\/uj-szakmakat-kell-elsajatitani\/#organizationLogo"},"sameAs":["https:\/\/www.facebook.com\/allasorias","https:\/\/www.linkedin.com\/company\/allasorias"]},{"@type":"Person","@id":"https:\/\/allasorias.hu\/hirek\/author\/admin-allasorias\/#author","url":"https:\/\/allasorias.hu\/hirek\/author\/admin-allasorias\/","name":"Juh\u00e1sz P\u00e9ter","image":{"@type":"ImageObject","@id":"https:\/\/allasorias.hu\/hirek\/uj-szakmakat-kell-elsajatitani\/#authorImage","url":"https:\/\/secure.gravatar.com\/avatar\/36e6bcb83148978b992977cb0f54d22feb0cce8a0a849a9410532bb2623ba4c6?s=96&d=mm&r=g","width":96,"height":96,"caption":"Juh\u00e1sz P\u00e9ter"}},{"@type":"WebPage","@id":"https:\/\/allasorias.hu\/hirek\/uj-szakmakat-kell-elsajatitani\/#webpage","url":"https:\/\/allasorias.hu\/hirek\/uj-szakmakat-kell-elsajatitani\/","name":"\u00daj szakm\u00e1kat kell elsaj\u00e1t\u00edtani | Allasorias.hu","description":"Ma egyre t\u00f6bb az olyan szakma, amelyre m\u00e1r nincs sz\u00fcks\u00e9g, ugyanakkor lehet\u0151s\u00e9get kell adni a szakk\u00e9pz\u00e9sre olyan \u00faj szakm\u00e1kban, amelyekre m\u00e1r sz\u00fcks\u00e9g van, illetve a j\u00f6v\u0151ben sz\u00fcks\u00e9g lehet.","inLanguage":"hu-HU","isPartOf":{"@id":"https:\/\/allasorias.hu\/hirek\/#website"},"breadcrumb":{"@id":"https:\/\/allasorias.hu\/hirek\/uj-szakmakat-kell-elsajatitani\/#breadcrumblist"},"author":{"@id":"https:\/\/allasorias.hu\/hirek\/author\/admin-allasorias\/#author"},"creator":{"@id":"https:\/\/allasorias.hu\/hirek\/author\/admin-allasorias\/#author"},"image":{"@type":"ImageObject","url":"https:\/\/allasorias.hu\/hirek\/wp-content\/uploads\/2024\/01\/digitalis-oktatas.jpg","@id":"https:\/\/allasorias.hu\/hirek\/uj-szakmakat-kell-elsajatitani\/#mainImage","width":1280,"height":719,"caption":"\u00daj szakm\u00e1kat kell elsaj\u00e1t\u00edtani - Allasorias.hu\/Hirek"},"primaryImageOfPage":{"@id":"https:\/\/allasorias.hu\/hirek\/uj-szakmakat-kell-elsajatitani\/#mainImage"},"datePublished":"2024-01-18T12:49:05+02:00","dateModified":"2024-01-18T12:49:05+02:00"},{"@type":"WebSite","@id":"https:\/\/allasorias.hu\/hirek\/#website","url":"https:\/\/allasorias.hu\/hirek\/","name":"AllasOrias.hu | H\u00edrek-lapszemle","description":"\u00dczleti h\u00edrek az \u00e1ll\u00e1s \u00e9s a munka vil\u00e1g\u00e1b\u00f3l","inLanguage":"hu-HU","publisher":{"@id":"https:\/\/allasorias.hu\/hirek\/#organization"}}]},"og:locale":"hu_HU","og:site_name":"AllasOrias.hu | H\u00edrek-lapszemle | \u00dczleti h\u00edrek az \u00e1ll\u00e1s \u00e9s a munka vil\u00e1g\u00e1b\u00f3l","og:type":"article","og:title":"\u00daj szakm\u00e1kat kell elsaj\u00e1t\u00edtani | Allasorias.hu","og:description":"Ma egyre t\u00f6bb az olyan szakma, amelyre m\u00e1r nincs sz\u00fcks\u00e9g, ugyanakkor lehet\u0151s\u00e9get kell adni a szakk\u00e9pz\u00e9sre olyan \u00faj szakm\u00e1kban, amelyekre m\u00e1r sz\u00fcks\u00e9g van, illetve a j\u00f6v\u0151ben sz\u00fcks\u00e9g lehet.","og:url":"https:\/\/allasorias.hu\/hirek\/uj-szakmakat-kell-elsajatitani\/","og:image":"https:\/\/allasorias.hu\/hirek\/wp-content\/uploads\/2024\/01\/digitalis-oktatas.jpg","og:image:secure_url":"https:\/\/allasorias.hu\/hirek\/wp-content\/uploads\/2024\/01\/digitalis-oktatas.jpg","og:image:width":1280,"og:image:height":719,"article:published_time":"2024-01-18T10:49:05+00:00","article:modified_time":"2024-01-18T10:49:05+00:00","article:publisher":"https:\/\/www.facebook.com\/allasorias","twitter:card":"summary_large_image","twitter:title":"\u00daj szakm\u00e1kat kell elsaj\u00e1t\u00edtani | Allasorias.hu","twitter:description":"Ma egyre t\u00f6bb az olyan szakma, amelyre m\u00e1r nincs sz\u00fcks\u00e9g, ugyanakkor lehet\u0151s\u00e9get kell adni a szakk\u00e9pz\u00e9sre olyan \u00faj szakm\u00e1kban, amelyekre m\u00e1r sz\u00fcks\u00e9g van, illetve a j\u00f6v\u0151ben sz\u00fcks\u00e9g lehet.","twitter:image":"https:\/\/allasorias.hu\/hirek\/wp-content\/uploads\/2024\/01\/digitalis-oktatas.jpg","twitter:label1":"Written by","twitter:data1":"Juh\u00e1sz P\u00e9ter","twitter:label2":"Est. reading time","twitter:data2":"4 minutes"},"aioseo_meta_data":{"post_id":"7241","title":"#post_title | Allasorias.hu","description":"Ma egyre t\u00f6bb az olyan szakma, amelyre m\u00e1r nincs sz\u00fcks\u00e9g, ugyanakkor lehet\u0151s\u00e9get kell adni a szakk\u00e9pz\u00e9sre olyan \u00faj szakm\u00e1kban, amelyekre m\u00e1r sz\u00fcks\u00e9g van, illetve a j\u00f6v\u0151ben sz\u00fcks\u00e9g lehet.","keywords":[],"keyphrases":{"focus":{"keyphrase":"","score":0,"analysis":{"keyphraseInTitle":{"score":0,"maxScore":9,"error":1}}},"additional":[]},"primary_term":null,"canonical_url":null,"og_title":null,"og_description":null,"og_object_type":"default","og_image_type":"default","og_image_url":null,"og_image_width":null,"og_image_height":null,"og_image_custom_url":null,"og_image_custom_fields":null,"og_video":"","og_custom_url":null,"og_article_section":null,"og_article_tags":[],"twitter_use_og":true,"twitter_card":"default","twitter_image_type":"default","twitter_image_url":null,"twitter_image_custom_url":null,"twitter_image_custom_fields":null,"twitter_title":null,"twitter_description":null,"schema":{"blockGraphs":[],"customGraphs":[],"default":{"data":{"Article":[],"Course":[],"Dataset":[],"FAQPage":[],"Movie":[],"Person":[],"Product":[],"ProductReview":[],"Car":[],"Recipe":[],"Service":[],"SoftwareApplication":[],"WebPage":[]},"graphName":"Article","isEnabled":true},"graphs":[]},"schema_type":"default","schema_type_options":null,"pillar_content":false,"robots_default":true,"robots_noindex":false,"robots_noarchive":false,"robots_nosnippet":false,"robots_nofollow":false,"robots_noimageindex":false,"robots_noodp":false,"robots_notranslate":false,"robots_max_snippet":"-1","robots_max_videopreview":"-1","robots_max_imagepreview":"large","priority":null,"frequency":"default","location":null,"local_seo":null,"breadcrumb_settings":null,"limit_modified_date":false,"ai":null,"created":"2024-01-18 10:32:41","updated":"2025-10-02 19:27:23","seo_analyzer_scan_date":null,"focus_keyword":null,"additional_keywords":null,"truseo_locale":null},"aioseo_breadcrumb":"<div class=\"aioseo-breadcrumbs\"><span class=\"aioseo-breadcrumb\">\n\t\t\t<a href=\"https:\/\/allasorias.hu\/hirek\" title=\"Home\">Home<\/a>\n\t\t<\/span><span class=\"aioseo-breadcrumb-separator\">&raquo;<\/span><span class=\"aioseo-breadcrumb\">\n\t\t\t<a href=\"https:\/\/allasorias.hu\/hirek\/temak\/munkaeropiac\/\" title=\"Munkaer\u0151piac\">Munkaer\u0151piac<\/a>\n\t\t<\/span><span class=\"aioseo-breadcrumb-separator\">&raquo;<\/span><span class=\"aioseo-breadcrumb\">\n\t\t\t\u00daj szakm\u00e1kat kell elsaj\u00e1t\u00edtani\n\t\t<\/span><\/div>","aioseo_breadcrumb_json":[{"label":"Home","link":"https:\/\/allasorias.hu\/hirek"},{"label":"Munkaer\u0151piac","link":"https:\/\/allasorias.hu\/hirek\/temak\/munkaeropiac\/"},{"label":"\u00daj szakm\u00e1kat kell elsaj\u00e1t\u00edtani","link":"https:\/\/allasorias.hu\/hirek\/uj-szakmakat-kell-elsajatitani\/"}],"_links":{"self":[{"href":"https:\/\/allasorias.hu\/hirek\/wp-json\/wp\/v2\/posts\/7241","targetHints":{"allow":["GET"]}}],"collection":[{"href":"https:\/\/allasorias.hu\/hirek\/wp-json\/wp\/v2\/posts"}],"about":[{"href":"https:\/\/allasorias.hu\/hirek\/wp-json\/wp\/v2\/types\/post"}],"author":[{"embeddable":true,"href":"https:\/\/allasorias.hu\/hirek\/wp-json\/wp\/v2\/users\/1"}],"replies":[{"embeddable":true,"href":"https:\/\/allasorias.hu\/hirek\/wp-json\/wp\/v2\/comments?post=7241"}],"version-history":[{"count":1,"href":"https:\/\/allasorias.hu\/hirek\/wp-json\/wp\/v2\/posts\/7241\/revisions"}],"predecessor-version":[{"id":7243,"href":"https:\/\/allasorias.hu\/hirek\/wp-json\/wp\/v2\/posts\/7241\/revisions\/7243"}],"wp:featuredmedia":[{"embeddable":true,"href":"https:\/\/allasorias.hu\/hirek\/wp-json\/wp\/v2\/media\/7242"}],"wp:attachment":[{"href":"https:\/\/allasorias.hu\/hirek\/wp-json\/wp\/v2\/media?parent=7241"}],"wp:term":[{"taxonomy":"category","embeddable":true,"href":"https:\/\/allasorias.hu\/hirek\/wp-json\/wp\/v2\/categories?post=7241"},{"taxonomy":"post_tag","embeddable":true,"href":"https:\/\/allasorias.hu\/hirek\/wp-json\/wp\/v2\/tags?post=7241"}],"curies":[{"name":"wp","href":"https:\/\/api.w.org\/{rel}","templated":true}]}}