{"id":7227,"date":"2024-01-15T12:13:39","date_gmt":"2024-01-15T10:13:39","guid":{"rendered":"https:\/\/allasorias.hu\/hirek\/?p=7227"},"modified":"2024-01-15T12:18:03","modified_gmt":"2024-01-15T10:18:03","slug":"nepszeru-az-otthoni-munka","status":"publish","type":"post","link":"https:\/\/allasorias.hu\/hirek\/nepszeru-az-otthoni-munka\/","title":{"rendered":"N\u00e9pszer\u0171 az otthoni munka"},"content":{"rendered":"<p><strong>A Conference Board felm\u00e9r\u00e9se szerint egyre t\u00f6bb vez\u00e9rigazgat\u00f3 hagy fel azzal, hogy r\u00e1vegye a munkav\u00e1llal\u00f3it arra, hogy ism\u00e9t teljes munkaid\u0151ben \u00e9s az irod\u00e1ban dolgozzanak. Eg\u00e9sz pontosan az amerikai vez\u00e9rigazgat\u00f3k mind\u00f6ssze 4 sz\u00e1zal\u00e9ka nyilatkozott \u00fagy, hogy priorit\u00e1sk\u00e9nt kezeli a munkav\u00e1llal\u00f3k teljes munkaid\u0151ben t\u00f6rt\u00e9n\u0151 visszah\u00edv\u00e1s\u00e1t az irod\u00e1ba. Ehelyett az els\u0151dleges szempont a tehets\u00e9gek bevonz\u00e1sa \u00e9s megtart\u00e1sa lett. <\/strong><\/p>\n<p>Diana Scott, a Conference Board amerikai hum\u00e1ner\u0151forr\u00e1s-k\u00f6zpontj\u00e1nak vezet\u0151je a CNN-nek azt nyilatkozta, hogy a vez\u00e9rigazgat\u00f3k kezdik elengedni a k\u00f6telez\u0151 irodai munka k\u00e9rd\u00e9s\u00e9t. A k\u00f6zpont 1200 vezet\u0151t k\u00e9rdezett meg, az Egyes\u00fclt \u00c1llamok mellett Latin-Amerik\u00e1b\u00f3l, Jap\u00e1nb\u00f3l \u00e9s Eur\u00f3p\u00e1b\u00f3l. Ugyanakkor ez nem jelenti azt, hogy egyes v\u00e1llalatok nem foglalnak \u00e1ll\u00e1st: a UPS nemr\u00e9g jelentette be a munkav\u00e1llal\u00f3inak, hogy m\u00e1rcius 4-t\u0151l felhagy a hibrid munkapolitik\u00e1val \u00e9s minden v\u00e1llalati alkalmazottat visszah\u00edv teljes munkaid\u0151re, heti \u00f6t napra.<\/p>\n<h2>A hibrid munkav\u00e9gz\u00e9s szil\u00e1rd alapokon \u00e1ll<\/h2>\n<p>2023 m\u00e1sodik fel\u00e9ben sorra jelentett\u00e9k be a nagyv\u00e1llalatok, hogy szigor\u00edtj\u00e1k az irodai munkav\u00e9gz\u00e9st: augusztusban az Amazon vez\u00e9rigazgat\u00f3ja, Andy Jassy azt mondta, hogy amelyik alkalmazott nem tartja be a heti 3 napos irodai munkav\u00e9gz\u00e9s szab\u00e1ly\u00e1t, annak a napjai meg lesznek sz\u00e1ml\u00e1lva a c\u00e9gn\u00e9l. A Meta szint\u00e9n erre a l\u00e9p\u00e9sre sz\u00e1nta el mag\u00e1t, ahogy a <a href=\"https:\/\/allasorias.hu\/hirek\/cimke-temak\/home-office\/\">home office<\/a> munkav\u00e9gz\u00e9sben korszakv\u00e1lt\u00e1st jelent\u0151 Zoom is visszah\u00edvta az irod\u00e1ba alkalmazottjait.<\/p>\n<p>Ugyanakkor a tanulm\u00e1ny alapj\u00e1n nem csak a teljes munkaid\u0151 haldoklik, hanem annak ellenkez\u0151je is: az EY amerikai C-suite v\u00e1llalati vezet\u0151k k\u00f6r\u00e9ben v\u00e9gzett felm\u00e9r\u00e9se szerint a teljes munkaid\u0151s t\u00e1vmunka a 2022-es 34 sz\u00e1zal\u00e9kr\u00f3l 2023-ra mind\u00f6ssze 1 sz\u00e1zal\u00e9kra zuhant. A hibrid munkav\u00e9gz\u00e9s l\u00e9te ugyanakkor a tanulm\u00e1ny szerint szil\u00e1rd alapokon \u00e1ll. Diana Scott \u00fagy fogalmaz, hogy a hibrid munk\u00e1r\u00f3l az irod\u00e1kban \u00e9s a tud\u00e1salap\u00fa dolgoz\u00f3kat foglalkoztat\u00f3 ipar\u00e1gakban folyik a legt\u00f6bb vita.<\/p>\n<p>A munkav\u00e1llal\u00f3k jelent\u0151s r\u00e9sze ma m\u00e1r elv\u00e1rja az otthoni munkav\u00e9gz\u00e9s lehet\u0151s\u00e9g\u00e9t, sokakn\u00e1l kiemelt szempont az \u00e1ll\u00e1skeres\u00e9sn\u00e9l a rugalmass\u00e1g. Szakmai k\u00f6r\u00f6kben m\u00e9gis \u00e9l\u00e9nk vita folyik arr\u00f3l, hogy a home office t\u00f6rv\u00e9nyszer\u0171 lehet\u0151s\u00e9g-e, pedig a munka t\u00f6rv\u00e9nyk\u00f6nyve vil\u00e1gosan fogalmaz.<\/p>\n<p>Forr\u00e1s: <a href=\"https:\/\/www.economx.hu\/nemzetkozi-vallalatok\/covid-koronavirus-jarvany-home-office-hibrid-tavmunka.783376.html\" target=\"_blank\" rel=\"nofollow noopener noreferrer\">economix.hu<\/a><\/p>\n","protected":false},"excerpt":{"rendered":"<p>A Conference Board felm\u00e9r\u00e9se szerint egyre t\u00f6bb vez\u00e9rigazgat\u00f3 hagy fel azzal, hogy r\u00e1vegye a munkav\u00e1llal\u00f3it arra, hogy ism\u00e9t teljes munkaid\u0151ben \u00e9s az irod\u00e1ban dolgozzanak. Eg\u00e9sz pontosan az amerikai vez\u00e9rigazgat\u00f3k mind\u00f6ssze 4 sz\u00e1zal\u00e9ka nyilatkozott \u00fagy, hogy priorit\u00e1sk\u00e9nt kezeli a munkav\u00e1llal\u00f3k teljes munkaid\u0151ben t\u00f6rt\u00e9n\u0151 visszah\u00edv\u00e1s\u00e1t az irod\u00e1ba. Ehelyett az els\u0151dleges szempont a tehets\u00e9gek bevonz\u00e1sa \u00e9s megtart\u00e1sa lett. [&hellip;]<\/p>\n","protected":false},"author":1,"featured_media":7228,"comment_status":"closed","ping_status":"closed","sticky":false,"template":"","format":"standard","meta":{"_monsterinsights_skip_tracking":false,"footnotes":""},"categories":[200],"tags":[399,436],"class_list":["post-7227","post","type-post","status-publish","format-standard","has-post-thumbnail","hentry","category-munkaeropiac","tag-home-office","tag-otthoni-munka"],"aioseo_notices":[],"aioseo_head":"\n\t\t<!-- All in One SEO 5.0.0.1 - aioseo.com -->\n\t<meta name=\"description\" content=\"Amerikai vez\u00e9rigazgat\u00f3k mind\u00f6ssze 4 sz\u00e1zal\u00e9ka nyilatkozott \u00fagy, hogy priorit\u00e1sk\u00e9nt kezeli a munkav\u00e1llal\u00f3k teljes munkaid\u0151ben t\u00f6rt\u00e9n\u0151 visszah\u00edv\u00e1s\u00e1t az irod\u00e1ba.\" \/>\n\t<meta name=\"robots\" content=\"max-image-preview:large\" \/>\n\t<meta name=\"author\" content=\"Juh\u00e1sz P\u00e9ter\"\/>\n\t<meta name=\"keywords\" content=\"home office, otthoni munka,otthoni munka\" \/>\n\t<link rel=\"canonical\" href=\"https:\/\/allasorias.hu\/hirek\/nepszeru-az-otthoni-munka\/\" \/>\n\t<meta name=\"generator\" content=\"All in One SEO (AIOSEO) 5.0.0.1\" \/>\n\t\t<meta property=\"og:locale\" content=\"hu_HU\" \/>\n\t\t<meta property=\"og:site_name\" content=\"AllasOrias.hu | H\u00edrek-lapszemle | \u00dczleti h\u00edrek az \u00e1ll\u00e1s \u00e9s a munka vil\u00e1g\u00e1b\u00f3l\" \/>\n\t\t<meta property=\"og:type\" content=\"article\" \/>\n\t\t<meta property=\"og:title\" content=\"N\u00e9pszer\u0171 az otthoni munka | AllasOrias.hu | H\u00edrek-lapszemle\" \/>\n\t\t<meta property=\"og:description\" content=\"Amerikai vez\u00e9rigazgat\u00f3k mind\u00f6ssze 4 sz\u00e1zal\u00e9ka nyilatkozott \u00fagy, hogy priorit\u00e1sk\u00e9nt kezeli a munkav\u00e1llal\u00f3k teljes munkaid\u0151ben t\u00f6rt\u00e9n\u0151 visszah\u00edv\u00e1s\u00e1t az irod\u00e1ba.\" \/>\n\t\t<meta property=\"og:url\" content=\"https:\/\/allasorias.hu\/hirek\/nepszeru-az-otthoni-munka\/\" \/>\n\t\t<meta property=\"og:image\" content=\"https:\/\/allasorias.hu\/hirek\/wp-content\/uploads\/2024\/01\/otthoni-munkavegzes2024.jpg\" \/>\n\t\t<meta property=\"og:image:secure_url\" content=\"https:\/\/allasorias.hu\/hirek\/wp-content\/uploads\/2024\/01\/otthoni-munkavegzes2024.jpg\" \/>\n\t\t<meta property=\"og:image:width\" content=\"1280\" \/>\n\t\t<meta property=\"og:image:height\" content=\"854\" \/>\n\t\t<meta property=\"article:published_time\" content=\"2024-01-15T10:13:39+00:00\" \/>\n\t\t<meta property=\"article:modified_time\" content=\"2024-01-15T10:18:03+00:00\" \/>\n\t\t<meta property=\"article:publisher\" content=\"https:\/\/www.facebook.com\/allasorias\" \/>\n\t\t<meta name=\"twitter:card\" content=\"summary_large_image\" \/>\n\t\t<meta name=\"twitter:title\" content=\"N\u00e9pszer\u0171 az otthoni munka | AllasOrias.hu | H\u00edrek-lapszemle\" \/>\n\t\t<meta name=\"twitter:description\" content=\"Amerikai vez\u00e9rigazgat\u00f3k mind\u00f6ssze 4 sz\u00e1zal\u00e9ka nyilatkozott \u00fagy, hogy priorit\u00e1sk\u00e9nt kezeli a munkav\u00e1llal\u00f3k teljes munkaid\u0151ben t\u00f6rt\u00e9n\u0151 visszah\u00edv\u00e1s\u00e1t az irod\u00e1ba.\" \/>\n\t\t<meta name=\"twitter:image\" content=\"https:\/\/allasorias.hu\/hirek\/wp-content\/uploads\/2024\/01\/otthoni-munkavegzes2024.jpg\" \/>\n\t\t<meta name=\"twitter:label1\" content=\"Written by\" \/>\n\t\t<meta name=\"twitter:data1\" content=\"Juh\u00e1sz P\u00e9ter\" \/>\n\t\t<meta name=\"twitter:label2\" content=\"Est. reading time\" \/>\n\t\t<meta name=\"twitter:data2\" content=\"2 minutes\" \/>\n\t\t<script type=\"application\/ld+json\" class=\"aioseo-schema\">\n\t\t\t{\"@context\":\"https:\\\/\\\/schema.org\",\"@graph\":[{\"@type\":\"Article\",\"@id\":\"https:\\\/\\\/allasorias.hu\\\/hirek\\\/nepszeru-az-otthoni-munka\\\/#article\",\"name\":\"N\\u00e9pszer\\u0171 az otthoni munka | AllasOrias.hu | H\\u00edrek-lapszemle\",\"headline\":\"N\\u00e9pszer\\u0171 az otthoni munka\",\"author\":{\"@id\":\"https:\\\/\\\/allasorias.hu\\\/hirek\\\/author\\\/admin-allasorias\\\/#author\"},\"publisher\":{\"@id\":\"https:\\\/\\\/allasorias.hu\\\/hirek\\\/#organization\"},\"image\":{\"@type\":\"ImageObject\",\"url\":\"https:\\\/\\\/allasorias.hu\\\/hirek\\\/wp-content\\\/uploads\\\/2024\\\/01\\\/otthoni-munkavegzes2024.jpg\",\"width\":1280,\"height\":854,\"caption\":\"N\\u00e9pszer\\u0171 az otthoni munka - Allasorias.hu\\\/Hirek\"},\"datePublished\":\"2024-01-15T12:13:39+02:00\",\"dateModified\":\"2024-01-15T12:18:03+02:00\",\"inLanguage\":\"hu-HU\",\"mainEntityOfPage\":{\"@id\":\"https:\\\/\\\/allasorias.hu\\\/hirek\\\/nepszeru-az-otthoni-munka\\\/#webpage\"},\"isPartOf\":{\"@id\":\"https:\\\/\\\/allasorias.hu\\\/hirek\\\/nepszeru-az-otthoni-munka\\\/#webpage\"},\"articleSection\":\"Munkaer\\u0151piac, home office, otthoni munka, otthoni munka\"},{\"@type\":\"BreadcrumbList\",\"@id\":\"https:\\\/\\\/allasorias.hu\\\/hirek\\\/nepszeru-az-otthoni-munka\\\/#breadcrumblist\",\"itemListElement\":[{\"@type\":\"ListItem\",\"@id\":\"https:\\\/\\\/allasorias.hu\\\/hirek#listItem\",\"position\":1,\"name\":\"Home\",\"item\":\"https:\\\/\\\/allasorias.hu\\\/hirek\",\"nextItem\":{\"@type\":\"ListItem\",\"@id\":\"https:\\\/\\\/allasorias.hu\\\/hirek\\\/temak\\\/munkaeropiac\\\/#listItem\",\"name\":\"Munkaer\\u0151piac\"}},{\"@type\":\"ListItem\",\"@id\":\"https:\\\/\\\/allasorias.hu\\\/hirek\\\/temak\\\/munkaeropiac\\\/#listItem\",\"position\":2,\"name\":\"Munkaer\\u0151piac\",\"item\":\"https:\\\/\\\/allasorias.hu\\\/hirek\\\/temak\\\/munkaeropiac\\\/\",\"nextItem\":{\"@type\":\"ListItem\",\"@id\":\"https:\\\/\\\/allasorias.hu\\\/hirek\\\/nepszeru-az-otthoni-munka\\\/#listItem\",\"name\":\"N\\u00e9pszer\\u0171 az otthoni munka\"},\"previousItem\":{\"@type\":\"ListItem\",\"@id\":\"https:\\\/\\\/allasorias.hu\\\/hirek#listItem\",\"name\":\"Home\"}},{\"@type\":\"ListItem\",\"@id\":\"https:\\\/\\\/allasorias.hu\\\/hirek\\\/nepszeru-az-otthoni-munka\\\/#listItem\",\"position\":3,\"name\":\"N\\u00e9pszer\\u0171 az otthoni munka\",\"previousItem\":{\"@type\":\"ListItem\",\"@id\":\"https:\\\/\\\/allasorias.hu\\\/hirek\\\/temak\\\/munkaeropiac\\\/#listItem\",\"name\":\"Munkaer\\u0151piac\"}}]},{\"@type\":\"Organization\",\"@id\":\"https:\\\/\\\/allasorias.hu\\\/hirek\\\/#organization\",\"name\":\"AllasOrias.hu | H\\u00edrek-lapszemle\",\"description\":\"\\u00dczleti h\\u00edrek az \\u00e1ll\\u00e1s \\u00e9s a munka vil\\u00e1g\\u00e1b\\u00f3l\",\"url\":\"https:\\\/\\\/allasorias.hu\\\/hirek\\\/\",\"logo\":{\"@type\":\"ImageObject\",\"url\":\"https:\\\/\\\/allasorias.hu\\\/hirek\\\/wp-content\\\/uploads\\\/2022\\\/10\\\/allasorias_site_facebok_logo.png\",\"@id\":\"https:\\\/\\\/allasorias.hu\\\/hirek\\\/nepszeru-az-otthoni-munka\\\/#organizationLogo\"},\"image\":{\"@id\":\"https:\\\/\\\/allasorias.hu\\\/hirek\\\/nepszeru-az-otthoni-munka\\\/#organizationLogo\"},\"sameAs\":[\"https:\\\/\\\/www.facebook.com\\\/allasorias\",\"https:\\\/\\\/www.linkedin.com\\\/company\\\/allasorias\"]},{\"@type\":\"Person\",\"@id\":\"https:\\\/\\\/allasorias.hu\\\/hirek\\\/author\\\/admin-allasorias\\\/#author\",\"url\":\"https:\\\/\\\/allasorias.hu\\\/hirek\\\/author\\\/admin-allasorias\\\/\",\"name\":\"Juh\\u00e1sz P\\u00e9ter\",\"image\":{\"@type\":\"ImageObject\",\"@id\":\"https:\\\/\\\/allasorias.hu\\\/hirek\\\/nepszeru-az-otthoni-munka\\\/#authorImage\",\"url\":\"https:\\\/\\\/secure.gravatar.com\\\/avatar\\\/36e6bcb83148978b992977cb0f54d22feb0cce8a0a849a9410532bb2623ba4c6?s=96&d=mm&r=g\",\"width\":96,\"height\":96,\"caption\":\"Juh\\u00e1sz P\\u00e9ter\"}},{\"@type\":\"WebPage\",\"@id\":\"https:\\\/\\\/allasorias.hu\\\/hirek\\\/nepszeru-az-otthoni-munka\\\/#webpage\",\"url\":\"https:\\\/\\\/allasorias.hu\\\/hirek\\\/nepszeru-az-otthoni-munka\\\/\",\"name\":\"N\\u00e9pszer\\u0171 az otthoni munka | AllasOrias.hu | H\\u00edrek-lapszemle\",\"description\":\"Amerikai vez\\u00e9rigazgat\\u00f3k mind\\u00f6ssze 4 sz\\u00e1zal\\u00e9ka nyilatkozott \\u00fagy, hogy priorit\\u00e1sk\\u00e9nt kezeli a munkav\\u00e1llal\\u00f3k teljes munkaid\\u0151ben t\\u00f6rt\\u00e9n\\u0151 visszah\\u00edv\\u00e1s\\u00e1t az irod\\u00e1ba.\",\"inLanguage\":\"hu-HU\",\"isPartOf\":{\"@id\":\"https:\\\/\\\/allasorias.hu\\\/hirek\\\/#website\"},\"breadcrumb\":{\"@id\":\"https:\\\/\\\/allasorias.hu\\\/hirek\\\/nepszeru-az-otthoni-munka\\\/#breadcrumblist\"},\"author\":{\"@id\":\"https:\\\/\\\/allasorias.hu\\\/hirek\\\/author\\\/admin-allasorias\\\/#author\"},\"creator\":{\"@id\":\"https:\\\/\\\/allasorias.hu\\\/hirek\\\/author\\\/admin-allasorias\\\/#author\"},\"image\":{\"@type\":\"ImageObject\",\"url\":\"https:\\\/\\\/allasorias.hu\\\/hirek\\\/wp-content\\\/uploads\\\/2024\\\/01\\\/otthoni-munkavegzes2024.jpg\",\"@id\":\"https:\\\/\\\/allasorias.hu\\\/hirek\\\/nepszeru-az-otthoni-munka\\\/#mainImage\",\"width\":1280,\"height\":854,\"caption\":\"N\\u00e9pszer\\u0171 az otthoni munka - Allasorias.hu\\\/Hirek\"},\"primaryImageOfPage\":{\"@id\":\"https:\\\/\\\/allasorias.hu\\\/hirek\\\/nepszeru-az-otthoni-munka\\\/#mainImage\"},\"datePublished\":\"2024-01-15T12:13:39+02:00\",\"dateModified\":\"2024-01-15T12:18:03+02:00\"},{\"@type\":\"WebSite\",\"@id\":\"https:\\\/\\\/allasorias.hu\\\/hirek\\\/#website\",\"url\":\"https:\\\/\\\/allasorias.hu\\\/hirek\\\/\",\"name\":\"AllasOrias.hu | H\\u00edrek-lapszemle\",\"description\":\"\\u00dczleti h\\u00edrek az \\u00e1ll\\u00e1s \\u00e9s a munka vil\\u00e1g\\u00e1b\\u00f3l\",\"inLanguage\":\"hu-HU\",\"publisher\":{\"@id\":\"https:\\\/\\\/allasorias.hu\\\/hirek\\\/#organization\"}}]}\n\t\t<\/script>\n\t\t<!-- All in One SEO -->\n\n","aioseo_head_json":{"title":"N\u00e9pszer\u0171 az otthoni munka | AllasOrias.hu | H\u00edrek-lapszemle","description":"Amerikai vez\u00e9rigazgat\u00f3k mind\u00f6ssze 4 sz\u00e1zal\u00e9ka nyilatkozott \u00fagy, hogy priorit\u00e1sk\u00e9nt kezeli a munkav\u00e1llal\u00f3k teljes munkaid\u0151ben t\u00f6rt\u00e9n\u0151 visszah\u00edv\u00e1s\u00e1t az irod\u00e1ba.","canonical_url":"https:\/\/allasorias.hu\/hirek\/nepszeru-az-otthoni-munka\/","robots":"max-image-preview:large","keywords":"home office, otthoni munka,otthoni munka","webmasterTools":{"miscellaneous":""},"schema":{"@context":"https:\/\/schema.org","@graph":[{"@type":"Article","@id":"https:\/\/allasorias.hu\/hirek\/nepszeru-az-otthoni-munka\/#article","name":"N\u00e9pszer\u0171 az otthoni munka | AllasOrias.hu | H\u00edrek-lapszemle","headline":"N\u00e9pszer\u0171 az otthoni munka","author":{"@id":"https:\/\/allasorias.hu\/hirek\/author\/admin-allasorias\/#author"},"publisher":{"@id":"https:\/\/allasorias.hu\/hirek\/#organization"},"image":{"@type":"ImageObject","url":"https:\/\/allasorias.hu\/hirek\/wp-content\/uploads\/2024\/01\/otthoni-munkavegzes2024.jpg","width":1280,"height":854,"caption":"N\u00e9pszer\u0171 az otthoni munka - Allasorias.hu\/Hirek"},"datePublished":"2024-01-15T12:13:39+02:00","dateModified":"2024-01-15T12:18:03+02:00","inLanguage":"hu-HU","mainEntityOfPage":{"@id":"https:\/\/allasorias.hu\/hirek\/nepszeru-az-otthoni-munka\/#webpage"},"isPartOf":{"@id":"https:\/\/allasorias.hu\/hirek\/nepszeru-az-otthoni-munka\/#webpage"},"articleSection":"Munkaer\u0151piac, home office, otthoni munka, otthoni munka"},{"@type":"BreadcrumbList","@id":"https:\/\/allasorias.hu\/hirek\/nepszeru-az-otthoni-munka\/#breadcrumblist","itemListElement":[{"@type":"ListItem","@id":"https:\/\/allasorias.hu\/hirek#listItem","position":1,"name":"Home","item":"https:\/\/allasorias.hu\/hirek","nextItem":{"@type":"ListItem","@id":"https:\/\/allasorias.hu\/hirek\/temak\/munkaeropiac\/#listItem","name":"Munkaer\u0151piac"}},{"@type":"ListItem","@id":"https:\/\/allasorias.hu\/hirek\/temak\/munkaeropiac\/#listItem","position":2,"name":"Munkaer\u0151piac","item":"https:\/\/allasorias.hu\/hirek\/temak\/munkaeropiac\/","nextItem":{"@type":"ListItem","@id":"https:\/\/allasorias.hu\/hirek\/nepszeru-az-otthoni-munka\/#listItem","name":"N\u00e9pszer\u0171 az otthoni munka"},"previousItem":{"@type":"ListItem","@id":"https:\/\/allasorias.hu\/hirek#listItem","name":"Home"}},{"@type":"ListItem","@id":"https:\/\/allasorias.hu\/hirek\/nepszeru-az-otthoni-munka\/#listItem","position":3,"name":"N\u00e9pszer\u0171 az otthoni munka","previousItem":{"@type":"ListItem","@id":"https:\/\/allasorias.hu\/hirek\/temak\/munkaeropiac\/#listItem","name":"Munkaer\u0151piac"}}]},{"@type":"Organization","@id":"https:\/\/allasorias.hu\/hirek\/#organization","name":"AllasOrias.hu | H\u00edrek-lapszemle","description":"\u00dczleti h\u00edrek az \u00e1ll\u00e1s \u00e9s a munka vil\u00e1g\u00e1b\u00f3l","url":"https:\/\/allasorias.hu\/hirek\/","logo":{"@type":"ImageObject","url":"https:\/\/allasorias.hu\/hirek\/wp-content\/uploads\/2022\/10\/allasorias_site_facebok_logo.png","@id":"https:\/\/allasorias.hu\/hirek\/nepszeru-az-otthoni-munka\/#organizationLogo"},"image":{"@id":"https:\/\/allasorias.hu\/hirek\/nepszeru-az-otthoni-munka\/#organizationLogo"},"sameAs":["https:\/\/www.facebook.com\/allasorias","https:\/\/www.linkedin.com\/company\/allasorias"]},{"@type":"Person","@id":"https:\/\/allasorias.hu\/hirek\/author\/admin-allasorias\/#author","url":"https:\/\/allasorias.hu\/hirek\/author\/admin-allasorias\/","name":"Juh\u00e1sz P\u00e9ter","image":{"@type":"ImageObject","@id":"https:\/\/allasorias.hu\/hirek\/nepszeru-az-otthoni-munka\/#authorImage","url":"https:\/\/secure.gravatar.com\/avatar\/36e6bcb83148978b992977cb0f54d22feb0cce8a0a849a9410532bb2623ba4c6?s=96&d=mm&r=g","width":96,"height":96,"caption":"Juh\u00e1sz P\u00e9ter"}},{"@type":"WebPage","@id":"https:\/\/allasorias.hu\/hirek\/nepszeru-az-otthoni-munka\/#webpage","url":"https:\/\/allasorias.hu\/hirek\/nepszeru-az-otthoni-munka\/","name":"N\u00e9pszer\u0171 az otthoni munka | AllasOrias.hu | H\u00edrek-lapszemle","description":"Amerikai vez\u00e9rigazgat\u00f3k mind\u00f6ssze 4 sz\u00e1zal\u00e9ka nyilatkozott \u00fagy, hogy priorit\u00e1sk\u00e9nt kezeli a munkav\u00e1llal\u00f3k teljes munkaid\u0151ben t\u00f6rt\u00e9n\u0151 visszah\u00edv\u00e1s\u00e1t az irod\u00e1ba.","inLanguage":"hu-HU","isPartOf":{"@id":"https:\/\/allasorias.hu\/hirek\/#website"},"breadcrumb":{"@id":"https:\/\/allasorias.hu\/hirek\/nepszeru-az-otthoni-munka\/#breadcrumblist"},"author":{"@id":"https:\/\/allasorias.hu\/hirek\/author\/admin-allasorias\/#author"},"creator":{"@id":"https:\/\/allasorias.hu\/hirek\/author\/admin-allasorias\/#author"},"image":{"@type":"ImageObject","url":"https:\/\/allasorias.hu\/hirek\/wp-content\/uploads\/2024\/01\/otthoni-munkavegzes2024.jpg","@id":"https:\/\/allasorias.hu\/hirek\/nepszeru-az-otthoni-munka\/#mainImage","width":1280,"height":854,"caption":"N\u00e9pszer\u0171 az otthoni munka - Allasorias.hu\/Hirek"},"primaryImageOfPage":{"@id":"https:\/\/allasorias.hu\/hirek\/nepszeru-az-otthoni-munka\/#mainImage"},"datePublished":"2024-01-15T12:13:39+02:00","dateModified":"2024-01-15T12:18:03+02:00"},{"@type":"WebSite","@id":"https:\/\/allasorias.hu\/hirek\/#website","url":"https:\/\/allasorias.hu\/hirek\/","name":"AllasOrias.hu | H\u00edrek-lapszemle","description":"\u00dczleti h\u00edrek az \u00e1ll\u00e1s \u00e9s a munka vil\u00e1g\u00e1b\u00f3l","inLanguage":"hu-HU","publisher":{"@id":"https:\/\/allasorias.hu\/hirek\/#organization"}}]},"og:locale":"hu_HU","og:site_name":"AllasOrias.hu | H\u00edrek-lapszemle | \u00dczleti h\u00edrek az \u00e1ll\u00e1s \u00e9s a munka vil\u00e1g\u00e1b\u00f3l","og:type":"article","og:title":"N\u00e9pszer\u0171 az otthoni munka | AllasOrias.hu | H\u00edrek-lapszemle","og:description":"Amerikai vez\u00e9rigazgat\u00f3k mind\u00f6ssze 4 sz\u00e1zal\u00e9ka nyilatkozott \u00fagy, hogy priorit\u00e1sk\u00e9nt kezeli a munkav\u00e1llal\u00f3k teljes munkaid\u0151ben t\u00f6rt\u00e9n\u0151 visszah\u00edv\u00e1s\u00e1t az irod\u00e1ba.","og:url":"https:\/\/allasorias.hu\/hirek\/nepszeru-az-otthoni-munka\/","og:image":"https:\/\/allasorias.hu\/hirek\/wp-content\/uploads\/2024\/01\/otthoni-munkavegzes2024.jpg","og:image:secure_url":"https:\/\/allasorias.hu\/hirek\/wp-content\/uploads\/2024\/01\/otthoni-munkavegzes2024.jpg","og:image:width":1280,"og:image:height":854,"article:published_time":"2024-01-15T10:13:39+00:00","article:modified_time":"2024-01-15T10:18:03+00:00","article:publisher":"https:\/\/www.facebook.com\/allasorias","twitter:card":"summary_large_image","twitter:title":"N\u00e9pszer\u0171 az otthoni munka | AllasOrias.hu | H\u00edrek-lapszemle","twitter:description":"Amerikai vez\u00e9rigazgat\u00f3k mind\u00f6ssze 4 sz\u00e1zal\u00e9ka nyilatkozott \u00fagy, hogy priorit\u00e1sk\u00e9nt kezeli a munkav\u00e1llal\u00f3k teljes munkaid\u0151ben t\u00f6rt\u00e9n\u0151 visszah\u00edv\u00e1s\u00e1t az irod\u00e1ba.","twitter:image":"https:\/\/allasorias.hu\/hirek\/wp-content\/uploads\/2024\/01\/otthoni-munkavegzes2024.jpg","twitter:label1":"Written by","twitter:data1":"Juh\u00e1sz P\u00e9ter","twitter:label2":"Est. reading time","twitter:data2":"2 minutes"},"aioseo_meta_data":{"post_id":"7227","title":null,"description":"Amerikai vez\u00e9rigazgat\u00f3k mind\u00f6ssze 4 sz\u00e1zal\u00e9ka nyilatkozott \u00fagy, hogy priorit\u00e1sk\u00e9nt kezeli a munkav\u00e1llal\u00f3k teljes munkaid\u0151ben t\u00f6rt\u00e9n\u0151 visszah\u00edv\u00e1s\u00e1t az irod\u00e1ba.","keywords":[],"keyphrases":{"focus":{"keyphrase":"","score":0,"analysis":{"keyphraseInTitle":{"score":0,"maxScore":9,"error":1}}},"additional":[]},"primary_term":null,"canonical_url":null,"og_title":null,"og_description":null,"og_object_type":"default","og_image_type":"default","og_image_url":null,"og_image_width":null,"og_image_height":null,"og_image_custom_url":null,"og_image_custom_fields":null,"og_video":"","og_custom_url":null,"og_article_section":null,"og_article_tags":[],"twitter_use_og":true,"twitter_card":"default","twitter_image_type":"default","twitter_image_url":null,"twitter_image_custom_url":null,"twitter_image_custom_fields":null,"twitter_title":null,"twitter_description":null,"schema":{"blockGraphs":[],"customGraphs":[],"default":{"data":{"Article":[],"Course":[],"Dataset":[],"FAQPage":[],"Movie":[],"Person":[],"Product":[],"ProductReview":[],"Car":[],"Recipe":[],"Service":[],"SoftwareApplication":[],"WebPage":[]},"graphName":"Article","isEnabled":true},"graphs":[]},"schema_type":"default","schema_type_options":null,"pillar_content":false,"robots_default":true,"robots_noindex":false,"robots_noarchive":false,"robots_nosnippet":false,"robots_nofollow":false,"robots_noimageindex":false,"robots_noodp":false,"robots_notranslate":false,"robots_max_snippet":"-1","robots_max_videopreview":"-1","robots_max_imagepreview":"large","priority":null,"frequency":"default","location":null,"local_seo":null,"breadcrumb_settings":null,"limit_modified_date":false,"ai":null,"created":"2024-01-15 10:07:33","updated":"2025-10-02 19:27:23","seo_analyzer_scan_date":null,"focus_keyword":null,"additional_keywords":null,"truseo_locale":null},"aioseo_breadcrumb":"<div class=\"aioseo-breadcrumbs\"><span class=\"aioseo-breadcrumb\">\n\t\t\t<a href=\"https:\/\/allasorias.hu\/hirek\" title=\"Home\">Home<\/a>\n\t\t<\/span><span class=\"aioseo-breadcrumb-separator\">&raquo;<\/span><span class=\"aioseo-breadcrumb\">\n\t\t\t<a href=\"https:\/\/allasorias.hu\/hirek\/temak\/munkaeropiac\/\" title=\"Munkaer\u0151piac\">Munkaer\u0151piac<\/a>\n\t\t<\/span><span class=\"aioseo-breadcrumb-separator\">&raquo;<\/span><span class=\"aioseo-breadcrumb\">\n\t\t\tN\u00e9pszer\u0171 az otthoni munka\n\t\t<\/span><\/div>","aioseo_breadcrumb_json":[{"label":"Home","link":"https:\/\/allasorias.hu\/hirek"},{"label":"Munkaer\u0151piac","link":"https:\/\/allasorias.hu\/hirek\/temak\/munkaeropiac\/"},{"label":"N\u00e9pszer\u0171 az otthoni munka","link":"https:\/\/allasorias.hu\/hirek\/nepszeru-az-otthoni-munka\/"}],"_links":{"self":[{"href":"https:\/\/allasorias.hu\/hirek\/wp-json\/wp\/v2\/posts\/7227","targetHints":{"allow":["GET"]}}],"collection":[{"href":"https:\/\/allasorias.hu\/hirek\/wp-json\/wp\/v2\/posts"}],"about":[{"href":"https:\/\/allasorias.hu\/hirek\/wp-json\/wp\/v2\/types\/post"}],"author":[{"embeddable":true,"href":"https:\/\/allasorias.hu\/hirek\/wp-json\/wp\/v2\/users\/1"}],"replies":[{"embeddable":true,"href":"https:\/\/allasorias.hu\/hirek\/wp-json\/wp\/v2\/comments?post=7227"}],"version-history":[{"count":4,"href":"https:\/\/allasorias.hu\/hirek\/wp-json\/wp\/v2\/posts\/7227\/revisions"}],"predecessor-version":[{"id":7232,"href":"https:\/\/allasorias.hu\/hirek\/wp-json\/wp\/v2\/posts\/7227\/revisions\/7232"}],"wp:featuredmedia":[{"embeddable":true,"href":"https:\/\/allasorias.hu\/hirek\/wp-json\/wp\/v2\/media\/7228"}],"wp:attachment":[{"href":"https:\/\/allasorias.hu\/hirek\/wp-json\/wp\/v2\/media?parent=7227"}],"wp:term":[{"taxonomy":"category","embeddable":true,"href":"https:\/\/allasorias.hu\/hirek\/wp-json\/wp\/v2\/categories?post=7227"},{"taxonomy":"post_tag","embeddable":true,"href":"https:\/\/allasorias.hu\/hirek\/wp-json\/wp\/v2\/tags?post=7227"}],"curies":[{"name":"wp","href":"https:\/\/api.w.org\/{rel}","templated":true}]}}