{"id":7217,"date":"2024-01-11T14:08:39","date_gmt":"2024-01-11T12:08:39","guid":{"rendered":"https:\/\/allasorias.hu\/hirek\/?p=7217"},"modified":"2024-01-11T14:18:53","modified_gmt":"2024-01-11T12:18:53","slug":"tamogatas-a-foglalkoztatashoz","status":"publish","type":"post","link":"https:\/\/allasorias.hu\/hirek\/tamogatas-a-foglalkoztatashoz\/","title":{"rendered":"T\u00e1mogat\u00e1s a foglalkoztat\u00e1shoz"},"content":{"rendered":"<p><strong>Czomba S\u00e1ndor \u00e1llamtitk\u00e1r szerint kv\u00f3t\u00e1val v\u00e9dik a magyar munkaer\u0151piacot, csak annyi \u00e1ll\u00e1shelyet hirdetnek meg harmadik orsz\u00e1gbeli munkav\u00e1llal\u00f3knak, amennyi bet\u00f6ltetlen \u00e1ll\u00e1s van Magyarorsz\u00e1gon. Tavaly mintegy 80 ezer \u00fcres \u00e1ll\u00e1shely volt, m\u00edg a t\u00e9nylegesen kiadott munkav\u00e1llal\u00e1si enged\u00e9lyek sz\u00e1ma nem \u00e9rte el a 40 ezret &#8211; mutatott r\u00e1. <\/strong><\/p>\n<p>A regisztr\u00e1lt \u00e1ll\u00e1skeres\u0151 p\u00e1lyakezd\u0151k foglalkoztat\u00e1s\u00e1hoz a c\u00e9gek 244 500 forintig b\u00e9rt\u00e1mogat\u00e1st vehetnek ig\u00e9nybe. M\u00e1r lehet jelentkezni a munkahelyi gener\u00e1ci\u00f3v\u00e1lt\u00e1st el\u0151seg\u00edt\u0151 programra, ennek keret\u00e9ben b\u00e9rkieg\u00e9sz\u00edt\u00e9sre p\u00e1ly\u00e1zhatnak azok a c\u00e9gek, amelyek biztos\u00edtani szeretn\u00e9k a munkatapasztalatok \u00e1tad\u00e1s\u00e1t a nyugd\u00edj el\u0151tt \u00e1ll\u00f3 dolgoz\u00f3k \u00e9s a p\u00e1lyakezd\u0151 fiatalok k\u00f6z\u00f6tt &#8211; mondta a Nemzetgazdas\u00e1gi Miniszt\u00e9rium foglalkoztat\u00e1spolitik\u00e1\u00e9rt felel\u0151s \u00e1llamtitk\u00e1ra az M1 aktu\u00e1lis csatorn\u00e1n.<\/p>\n<h2>Foglalkoztat\u00e1si b\u00e9rt\u00e1mogat\u00e1s<\/h2>\n<p>Czomba S\u00e1ndor kifejtette: a munkahelyi gener\u00e1ci\u00f3v\u00e1lt\u00e1st seg\u00edti, ha a nyugd\u00edjba k\u00e9sz\u00fcl\u0151 tapasztalt munkav\u00e1llal\u00f3 \u00e9s a p\u00e1lyakezd\u0151 egy\u00fctt dolgozik. A p\u00e1ly\u00e1z\u00f3 munk\u00e1ltat\u00f3kn\u00e1l a nyugd\u00edj el\u0151tt \u00e1ll\u00f3 64 \u00e9ves dolgoz\u00f3 az utols\u00f3 \u00e9vben 8 \u00f3ra helyett 6 \u00f3r\u00e1s munkaid\u0151ben dolgozhat, ugyanakkor 150 ezer forintos mentor\u00e1l\u00e1si t\u00e1mogat\u00e1st kap. A regisztr\u00e1lt \u00e1ll\u00e1skeres\u0151 p\u00e1lyakezd\u0151k foglalkoztat\u00e1s\u00e1hoz a c\u00e9gek 244 500 forintig b\u00e9rt\u00e1mogat\u00e1st vehetnek ig\u00e9nybe &#8211; ismertette a r\u00e9szleteket az \u00e1llamtitk\u00e1r. A kezdem\u00e9nyez\u00e9s a p\u00e1lyakezd\u0151knek, a nyugd\u00edj el\u0151tt \u00e1ll\u00f3knak \u00e9s a munk\u00e1ltat\u00f3knak is j\u00f3, \u00edgy biztos\u00edthat\u00f3 a munkav\u00e9gz\u00e9shez sz\u00fcks\u00e9ges tud\u00e1s \u00e1tad\u00e1sa, ami hozz\u00e1j\u00e1rul a v\u00e1llalkoz\u00e1sok munkaer\u0151-ut\u00e1np\u00f3tl\u00e1s\u00e1nak z\u00f6kken\u0151mentes lebonyol\u00edt\u00e1s\u00e1hoz &#8211; jelezte.<\/p>\n<h2>S\u00e1mos program k\u00e9sz\u00fcl a j\u00f6v\u0151ben<\/h2>\n<p>Czomba S\u00e1ndor elmondta: most csaknem 12 ezer regisztr\u00e1lt p\u00e1lyakezd\u0151 \u00e1ll\u00e1skeres\u0151 van a nyilv\u00e1ntart\u00e1sban, a program n\u00e9h\u00e1ny sz\u00e1z embernek k\u00f6nny\u00edti majd meg a munk\u00e1ba \u00e1ll\u00e1st, ugyanakkor sz\u00e1mos olyan program lesz a k\u00f6vetkez\u0151 id\u0151szakban, ami seg\u00edt a munkalehet\u0151s\u00e9g megtal\u00e1l\u00e1s\u00e1ban, \u00e9s nem csak ennek a k\u00e9t koroszt\u00e1lynak. Az \u00e1llamtitk\u00e1r hangs\u00falyozta, am\u00edg van magyar munkaer\u0151, addig magyarokkal fogj\u00e1k a l\u00e9tsz\u00e1mot felt\u00f6lteni. <a href=\"https:\/\/allasorias.hu\/hirek\/csokkent-a-regisztralt-allaskeresok-szama-2023-januarjaban\/\">A regisztr\u00e1lt \u00e1ll\u00e1skeres\u0151k<\/a> \u00e9s az inakt\u00edvak sz\u00e1m\u00edthatnak arra, hogy a k\u00f6vetkez\u0151 h\u00f3napokban megkeresik \u0151ket &#8211; tette hozz\u00e1.<\/p>\n<p>Az \u00e1llamtitk\u00e1r a Kossuth r\u00e1di\u00f3 J\u00f3 reggelt, Magyarorsz\u00e1g! c\u00edm\u0171 m\u0171sor\u00e1ban az \u00faj foglalkoztat\u00e1si programmal kapcsolatban elmondta: a magyar munkaer\u0151piac feszes, magas a foglalkoztatotts\u00e1g \u00e9s alacsony a munkan\u00e9lk\u00fclis\u00e9g, de az 55 \u00e9v felettiekn\u00e9l \u00e9s a 25 \u00e9v alattiakn\u00e1l a foglalkoztat\u00e1si r\u00e1ta alacsonyabb az uni\u00f3s \u00e1tlagn\u00e1l. Pilot projektk\u00e9nt indul a program, a rendelkez\u00e9sre \u00e1ll\u00f3 keret 2,4 milli\u00e1rd forint, \u00e9s ha j\u00f3l m\u0171k\u00f6dik, akkor kib\u0151v\u00edten\u00e9k ezt a lehet\u0151s\u00e9get &#8211; ismertette Czomba S\u00e1ndor.<\/p>\n<p>Forr\u00e1s: <a href=\"https:\/\/www.hrportal.hu\/c\/mar-lehet-jelentkezni-a-munkahelyi-generaciovaltast-elosegito-programra-20240110.html\" target=\"_blank\" rel=\"nofollow noopener noreferrer\">hrportal.hu<\/a><\/p>\n","protected":false},"excerpt":{"rendered":"<p>Czomba S\u00e1ndor \u00e1llamtitk\u00e1r szerint kv\u00f3t\u00e1val v\u00e9dik a magyar munkaer\u0151piacot, csak annyi \u00e1ll\u00e1shelyet hirdetnek meg harmadik orsz\u00e1gbeli munkav\u00e1llal\u00f3knak, amennyi bet\u00f6ltetlen \u00e1ll\u00e1s van Magyarorsz\u00e1gon. Tavaly mintegy 80 ezer \u00fcres \u00e1ll\u00e1shely volt, m\u00edg a t\u00e9nylegesen kiadott munkav\u00e1llal\u00e1si enged\u00e9lyek sz\u00e1ma nem \u00e9rte el a 40 ezret &#8211; mutatott r\u00e1. A regisztr\u00e1lt \u00e1ll\u00e1skeres\u0151 p\u00e1lyakezd\u0151k foglalkoztat\u00e1s\u00e1hoz a c\u00e9gek 244 500 forintig [&hellip;]<\/p>\n","protected":false},"author":1,"featured_media":7218,"comment_status":"closed","ping_status":"closed","sticky":false,"template":"","format":"standard","meta":{"_monsterinsights_skip_tracking":false,"footnotes":""},"categories":[200],"tags":[684,592],"class_list":["post-7217","post","type-post","status-publish","format-standard","has-post-thumbnail","hentry","category-munkaeropiac","tag-bertamogatas","tag-tamogatas"],"aioseo_notices":[],"aioseo_head":"\n\t\t<!-- All in One SEO 5.0.0.1 - aioseo.com -->\n\t<meta name=\"description\" content=\"M\u00e1r lehet jelentkezni a munkahelyi gener\u00e1ci\u00f3v\u00e1lt\u00e1st el\u0151seg\u00edt\u0151 programra. A c\u00e9gek 244 500 forintig b\u00e9rt\u00e1mogat\u00e1st vehetnek ig\u00e9nybe.\" \/>\n\t<meta name=\"robots\" content=\"max-image-preview:large\" \/>\n\t<meta name=\"author\" content=\"Juh\u00e1sz P\u00e9ter\"\/>\n\t<meta name=\"keywords\" content=\"b\u00e9rt\u00e1mogat\u00e1s,t\u00e1mogat\u00e1s\" \/>\n\t<link rel=\"canonical\" href=\"https:\/\/allasorias.hu\/hirek\/tamogatas-a-foglalkoztatashoz\/\" \/>\n\t<meta name=\"generator\" content=\"All in One SEO (AIOSEO) 5.0.0.1\" \/>\n\t\t<meta property=\"og:locale\" content=\"hu_HU\" \/>\n\t\t<meta property=\"og:site_name\" content=\"AllasOrias.hu | H\u00edrek-lapszemle | \u00dczleti h\u00edrek az \u00e1ll\u00e1s \u00e9s a munka vil\u00e1g\u00e1b\u00f3l\" \/>\n\t\t<meta property=\"og:type\" content=\"article\" \/>\n\t\t<meta property=\"og:title\" content=\"T\u00e1mogat\u00e1s a foglalkoztat\u00e1shoz | Allasorias.hu\/Hirek\" \/>\n\t\t<meta property=\"og:description\" content=\"M\u00e1r lehet jelentkezni a munkahelyi gener\u00e1ci\u00f3v\u00e1lt\u00e1st el\u0151seg\u00edt\u0151 programra. A c\u00e9gek 244 500 forintig b\u00e9rt\u00e1mogat\u00e1st vehetnek ig\u00e9nybe.\" \/>\n\t\t<meta property=\"og:url\" content=\"https:\/\/allasorias.hu\/hirek\/tamogatas-a-foglalkoztatashoz\/\" \/>\n\t\t<meta property=\"og:image\" content=\"https:\/\/allasorias.hu\/hirek\/wp-content\/uploads\/2024\/01\/bertamogatasi-program.jpg\" \/>\n\t\t<meta property=\"og:image:secure_url\" content=\"https:\/\/allasorias.hu\/hirek\/wp-content\/uploads\/2024\/01\/bertamogatasi-program.jpg\" \/>\n\t\t<meta property=\"og:image:width\" content=\"1280\" \/>\n\t\t<meta property=\"og:image:height\" content=\"853\" \/>\n\t\t<meta property=\"article:published_time\" content=\"2024-01-11T12:08:39+00:00\" \/>\n\t\t<meta property=\"article:modified_time\" content=\"2024-01-11T12:18:53+00:00\" \/>\n\t\t<meta property=\"article:publisher\" content=\"https:\/\/www.facebook.com\/allasorias\" \/>\n\t\t<meta name=\"twitter:card\" content=\"summary_large_image\" \/>\n\t\t<meta name=\"twitter:title\" content=\"T\u00e1mogat\u00e1s a foglalkoztat\u00e1shoz | Allasorias.hu\/Hirek\" \/>\n\t\t<meta name=\"twitter:description\" content=\"M\u00e1r lehet jelentkezni a munkahelyi gener\u00e1ci\u00f3v\u00e1lt\u00e1st el\u0151seg\u00edt\u0151 programra. A c\u00e9gek 244 500 forintig b\u00e9rt\u00e1mogat\u00e1st vehetnek ig\u00e9nybe.\" \/>\n\t\t<meta name=\"twitter:image\" content=\"https:\/\/allasorias.hu\/hirek\/wp-content\/uploads\/2024\/01\/bertamogatasi-program.jpg\" \/>\n\t\t<meta name=\"twitter:label1\" content=\"Written by\" \/>\n\t\t<meta name=\"twitter:data1\" content=\"Juh\u00e1sz P\u00e9ter\" \/>\n\t\t<meta name=\"twitter:label2\" content=\"Est. reading time\" \/>\n\t\t<meta name=\"twitter:data2\" content=\"3 minutes\" \/>\n\t\t<script type=\"application\/ld+json\" class=\"aioseo-schema\">\n\t\t\t{\"@context\":\"https:\\\/\\\/schema.org\",\"@graph\":[{\"@type\":\"Article\",\"@id\":\"https:\\\/\\\/allasorias.hu\\\/hirek\\\/tamogatas-a-foglalkoztatashoz\\\/#article\",\"name\":\"T\\u00e1mogat\\u00e1s a foglalkoztat\\u00e1shoz | Allasorias.hu\\\/Hirek\",\"headline\":\"T\\u00e1mogat\\u00e1s a foglalkoztat\\u00e1shoz\",\"author\":{\"@id\":\"https:\\\/\\\/allasorias.hu\\\/hirek\\\/author\\\/admin-allasorias\\\/#author\"},\"publisher\":{\"@id\":\"https:\\\/\\\/allasorias.hu\\\/hirek\\\/#organization\"},\"image\":{\"@type\":\"ImageObject\",\"url\":\"https:\\\/\\\/allasorias.hu\\\/hirek\\\/wp-content\\\/uploads\\\/2024\\\/01\\\/bertamogatasi-program.jpg\",\"width\":1280,\"height\":853,\"caption\":\"T\\u00e1mogat\\u00e1s a foglalkoztat\\u00e1shoz - Allasorias.hu\\\/Hirek\"},\"datePublished\":\"2024-01-11T14:08:39+02:00\",\"dateModified\":\"2024-01-11T14:18:53+02:00\",\"inLanguage\":\"hu-HU\",\"mainEntityOfPage\":{\"@id\":\"https:\\\/\\\/allasorias.hu\\\/hirek\\\/tamogatas-a-foglalkoztatashoz\\\/#webpage\"},\"isPartOf\":{\"@id\":\"https:\\\/\\\/allasorias.hu\\\/hirek\\\/tamogatas-a-foglalkoztatashoz\\\/#webpage\"},\"articleSection\":\"Munkaer\\u0151piac, b\\u00e9rt\\u00e1mogat\\u00e1s, t\\u00e1mogat\\u00e1s\"},{\"@type\":\"BreadcrumbList\",\"@id\":\"https:\\\/\\\/allasorias.hu\\\/hirek\\\/tamogatas-a-foglalkoztatashoz\\\/#breadcrumblist\",\"itemListElement\":[{\"@type\":\"ListItem\",\"@id\":\"https:\\\/\\\/allasorias.hu\\\/hirek#listItem\",\"position\":1,\"name\":\"Home\",\"item\":\"https:\\\/\\\/allasorias.hu\\\/hirek\",\"nextItem\":{\"@type\":\"ListItem\",\"@id\":\"https:\\\/\\\/allasorias.hu\\\/hirek\\\/temak\\\/munkaeropiac\\\/#listItem\",\"name\":\"Munkaer\\u0151piac\"}},{\"@type\":\"ListItem\",\"@id\":\"https:\\\/\\\/allasorias.hu\\\/hirek\\\/temak\\\/munkaeropiac\\\/#listItem\",\"position\":2,\"name\":\"Munkaer\\u0151piac\",\"item\":\"https:\\\/\\\/allasorias.hu\\\/hirek\\\/temak\\\/munkaeropiac\\\/\",\"nextItem\":{\"@type\":\"ListItem\",\"@id\":\"https:\\\/\\\/allasorias.hu\\\/hirek\\\/tamogatas-a-foglalkoztatashoz\\\/#listItem\",\"name\":\"T\\u00e1mogat\\u00e1s a foglalkoztat\\u00e1shoz\"},\"previousItem\":{\"@type\":\"ListItem\",\"@id\":\"https:\\\/\\\/allasorias.hu\\\/hirek#listItem\",\"name\":\"Home\"}},{\"@type\":\"ListItem\",\"@id\":\"https:\\\/\\\/allasorias.hu\\\/hirek\\\/tamogatas-a-foglalkoztatashoz\\\/#listItem\",\"position\":3,\"name\":\"T\\u00e1mogat\\u00e1s a foglalkoztat\\u00e1shoz\",\"previousItem\":{\"@type\":\"ListItem\",\"@id\":\"https:\\\/\\\/allasorias.hu\\\/hirek\\\/temak\\\/munkaeropiac\\\/#listItem\",\"name\":\"Munkaer\\u0151piac\"}}]},{\"@type\":\"Organization\",\"@id\":\"https:\\\/\\\/allasorias.hu\\\/hirek\\\/#organization\",\"name\":\"AllasOrias.hu | H\\u00edrek-lapszemle\",\"description\":\"\\u00dczleti h\\u00edrek az \\u00e1ll\\u00e1s \\u00e9s a munka vil\\u00e1g\\u00e1b\\u00f3l\",\"url\":\"https:\\\/\\\/allasorias.hu\\\/hirek\\\/\",\"logo\":{\"@type\":\"ImageObject\",\"url\":\"https:\\\/\\\/allasorias.hu\\\/hirek\\\/wp-content\\\/uploads\\\/2022\\\/10\\\/allasorias_site_facebok_logo.png\",\"@id\":\"https:\\\/\\\/allasorias.hu\\\/hirek\\\/tamogatas-a-foglalkoztatashoz\\\/#organizationLogo\"},\"image\":{\"@id\":\"https:\\\/\\\/allasorias.hu\\\/hirek\\\/tamogatas-a-foglalkoztatashoz\\\/#organizationLogo\"},\"sameAs\":[\"https:\\\/\\\/www.facebook.com\\\/allasorias\",\"https:\\\/\\\/www.linkedin.com\\\/company\\\/allasorias\"]},{\"@type\":\"Person\",\"@id\":\"https:\\\/\\\/allasorias.hu\\\/hirek\\\/author\\\/admin-allasorias\\\/#author\",\"url\":\"https:\\\/\\\/allasorias.hu\\\/hirek\\\/author\\\/admin-allasorias\\\/\",\"name\":\"Juh\\u00e1sz P\\u00e9ter\",\"image\":{\"@type\":\"ImageObject\",\"@id\":\"https:\\\/\\\/allasorias.hu\\\/hirek\\\/tamogatas-a-foglalkoztatashoz\\\/#authorImage\",\"url\":\"https:\\\/\\\/secure.gravatar.com\\\/avatar\\\/36e6bcb83148978b992977cb0f54d22feb0cce8a0a849a9410532bb2623ba4c6?s=96&d=mm&r=g\",\"width\":96,\"height\":96,\"caption\":\"Juh\\u00e1sz P\\u00e9ter\"}},{\"@type\":\"WebPage\",\"@id\":\"https:\\\/\\\/allasorias.hu\\\/hirek\\\/tamogatas-a-foglalkoztatashoz\\\/#webpage\",\"url\":\"https:\\\/\\\/allasorias.hu\\\/hirek\\\/tamogatas-a-foglalkoztatashoz\\\/\",\"name\":\"T\\u00e1mogat\\u00e1s a foglalkoztat\\u00e1shoz | Allasorias.hu\\\/Hirek\",\"description\":\"M\\u00e1r lehet jelentkezni a munkahelyi gener\\u00e1ci\\u00f3v\\u00e1lt\\u00e1st el\\u0151seg\\u00edt\\u0151 programra. A c\\u00e9gek 244 500 forintig b\\u00e9rt\\u00e1mogat\\u00e1st vehetnek ig\\u00e9nybe.\",\"inLanguage\":\"hu-HU\",\"isPartOf\":{\"@id\":\"https:\\\/\\\/allasorias.hu\\\/hirek\\\/#website\"},\"breadcrumb\":{\"@id\":\"https:\\\/\\\/allasorias.hu\\\/hirek\\\/tamogatas-a-foglalkoztatashoz\\\/#breadcrumblist\"},\"author\":{\"@id\":\"https:\\\/\\\/allasorias.hu\\\/hirek\\\/author\\\/admin-allasorias\\\/#author\"},\"creator\":{\"@id\":\"https:\\\/\\\/allasorias.hu\\\/hirek\\\/author\\\/admin-allasorias\\\/#author\"},\"image\":{\"@type\":\"ImageObject\",\"url\":\"https:\\\/\\\/allasorias.hu\\\/hirek\\\/wp-content\\\/uploads\\\/2024\\\/01\\\/bertamogatasi-program.jpg\",\"@id\":\"https:\\\/\\\/allasorias.hu\\\/hirek\\\/tamogatas-a-foglalkoztatashoz\\\/#mainImage\",\"width\":1280,\"height\":853,\"caption\":\"T\\u00e1mogat\\u00e1s a foglalkoztat\\u00e1shoz - Allasorias.hu\\\/Hirek\"},\"primaryImageOfPage\":{\"@id\":\"https:\\\/\\\/allasorias.hu\\\/hirek\\\/tamogatas-a-foglalkoztatashoz\\\/#mainImage\"},\"datePublished\":\"2024-01-11T14:08:39+02:00\",\"dateModified\":\"2024-01-11T14:18:53+02:00\"},{\"@type\":\"WebSite\",\"@id\":\"https:\\\/\\\/allasorias.hu\\\/hirek\\\/#website\",\"url\":\"https:\\\/\\\/allasorias.hu\\\/hirek\\\/\",\"name\":\"AllasOrias.hu | H\\u00edrek-lapszemle\",\"description\":\"\\u00dczleti h\\u00edrek az \\u00e1ll\\u00e1s \\u00e9s a munka vil\\u00e1g\\u00e1b\\u00f3l\",\"inLanguage\":\"hu-HU\",\"publisher\":{\"@id\":\"https:\\\/\\\/allasorias.hu\\\/hirek\\\/#organization\"}}]}\n\t\t<\/script>\n\t\t<!-- All in One SEO -->\n\n","aioseo_head_json":{"title":"T\u00e1mogat\u00e1s a foglalkoztat\u00e1shoz | Allasorias.hu\/Hirek","description":"M\u00e1r lehet jelentkezni a munkahelyi gener\u00e1ci\u00f3v\u00e1lt\u00e1st el\u0151seg\u00edt\u0151 programra. A c\u00e9gek 244 500 forintig b\u00e9rt\u00e1mogat\u00e1st vehetnek ig\u00e9nybe.","canonical_url":"https:\/\/allasorias.hu\/hirek\/tamogatas-a-foglalkoztatashoz\/","robots":"max-image-preview:large","keywords":"b\u00e9rt\u00e1mogat\u00e1s,t\u00e1mogat\u00e1s","webmasterTools":{"miscellaneous":""},"schema":{"@context":"https:\/\/schema.org","@graph":[{"@type":"Article","@id":"https:\/\/allasorias.hu\/hirek\/tamogatas-a-foglalkoztatashoz\/#article","name":"T\u00e1mogat\u00e1s a foglalkoztat\u00e1shoz | Allasorias.hu\/Hirek","headline":"T\u00e1mogat\u00e1s a foglalkoztat\u00e1shoz","author":{"@id":"https:\/\/allasorias.hu\/hirek\/author\/admin-allasorias\/#author"},"publisher":{"@id":"https:\/\/allasorias.hu\/hirek\/#organization"},"image":{"@type":"ImageObject","url":"https:\/\/allasorias.hu\/hirek\/wp-content\/uploads\/2024\/01\/bertamogatasi-program.jpg","width":1280,"height":853,"caption":"T\u00e1mogat\u00e1s a foglalkoztat\u00e1shoz - Allasorias.hu\/Hirek"},"datePublished":"2024-01-11T14:08:39+02:00","dateModified":"2024-01-11T14:18:53+02:00","inLanguage":"hu-HU","mainEntityOfPage":{"@id":"https:\/\/allasorias.hu\/hirek\/tamogatas-a-foglalkoztatashoz\/#webpage"},"isPartOf":{"@id":"https:\/\/allasorias.hu\/hirek\/tamogatas-a-foglalkoztatashoz\/#webpage"},"articleSection":"Munkaer\u0151piac, b\u00e9rt\u00e1mogat\u00e1s, t\u00e1mogat\u00e1s"},{"@type":"BreadcrumbList","@id":"https:\/\/allasorias.hu\/hirek\/tamogatas-a-foglalkoztatashoz\/#breadcrumblist","itemListElement":[{"@type":"ListItem","@id":"https:\/\/allasorias.hu\/hirek#listItem","position":1,"name":"Home","item":"https:\/\/allasorias.hu\/hirek","nextItem":{"@type":"ListItem","@id":"https:\/\/allasorias.hu\/hirek\/temak\/munkaeropiac\/#listItem","name":"Munkaer\u0151piac"}},{"@type":"ListItem","@id":"https:\/\/allasorias.hu\/hirek\/temak\/munkaeropiac\/#listItem","position":2,"name":"Munkaer\u0151piac","item":"https:\/\/allasorias.hu\/hirek\/temak\/munkaeropiac\/","nextItem":{"@type":"ListItem","@id":"https:\/\/allasorias.hu\/hirek\/tamogatas-a-foglalkoztatashoz\/#listItem","name":"T\u00e1mogat\u00e1s a foglalkoztat\u00e1shoz"},"previousItem":{"@type":"ListItem","@id":"https:\/\/allasorias.hu\/hirek#listItem","name":"Home"}},{"@type":"ListItem","@id":"https:\/\/allasorias.hu\/hirek\/tamogatas-a-foglalkoztatashoz\/#listItem","position":3,"name":"T\u00e1mogat\u00e1s a foglalkoztat\u00e1shoz","previousItem":{"@type":"ListItem","@id":"https:\/\/allasorias.hu\/hirek\/temak\/munkaeropiac\/#listItem","name":"Munkaer\u0151piac"}}]},{"@type":"Organization","@id":"https:\/\/allasorias.hu\/hirek\/#organization","name":"AllasOrias.hu | H\u00edrek-lapszemle","description":"\u00dczleti h\u00edrek az \u00e1ll\u00e1s \u00e9s a munka vil\u00e1g\u00e1b\u00f3l","url":"https:\/\/allasorias.hu\/hirek\/","logo":{"@type":"ImageObject","url":"https:\/\/allasorias.hu\/hirek\/wp-content\/uploads\/2022\/10\/allasorias_site_facebok_logo.png","@id":"https:\/\/allasorias.hu\/hirek\/tamogatas-a-foglalkoztatashoz\/#organizationLogo"},"image":{"@id":"https:\/\/allasorias.hu\/hirek\/tamogatas-a-foglalkoztatashoz\/#organizationLogo"},"sameAs":["https:\/\/www.facebook.com\/allasorias","https:\/\/www.linkedin.com\/company\/allasorias"]},{"@type":"Person","@id":"https:\/\/allasorias.hu\/hirek\/author\/admin-allasorias\/#author","url":"https:\/\/allasorias.hu\/hirek\/author\/admin-allasorias\/","name":"Juh\u00e1sz P\u00e9ter","image":{"@type":"ImageObject","@id":"https:\/\/allasorias.hu\/hirek\/tamogatas-a-foglalkoztatashoz\/#authorImage","url":"https:\/\/secure.gravatar.com\/avatar\/36e6bcb83148978b992977cb0f54d22feb0cce8a0a849a9410532bb2623ba4c6?s=96&d=mm&r=g","width":96,"height":96,"caption":"Juh\u00e1sz P\u00e9ter"}},{"@type":"WebPage","@id":"https:\/\/allasorias.hu\/hirek\/tamogatas-a-foglalkoztatashoz\/#webpage","url":"https:\/\/allasorias.hu\/hirek\/tamogatas-a-foglalkoztatashoz\/","name":"T\u00e1mogat\u00e1s a foglalkoztat\u00e1shoz | Allasorias.hu\/Hirek","description":"M\u00e1r lehet jelentkezni a munkahelyi gener\u00e1ci\u00f3v\u00e1lt\u00e1st el\u0151seg\u00edt\u0151 programra. A c\u00e9gek 244 500 forintig b\u00e9rt\u00e1mogat\u00e1st vehetnek ig\u00e9nybe.","inLanguage":"hu-HU","isPartOf":{"@id":"https:\/\/allasorias.hu\/hirek\/#website"},"breadcrumb":{"@id":"https:\/\/allasorias.hu\/hirek\/tamogatas-a-foglalkoztatashoz\/#breadcrumblist"},"author":{"@id":"https:\/\/allasorias.hu\/hirek\/author\/admin-allasorias\/#author"},"creator":{"@id":"https:\/\/allasorias.hu\/hirek\/author\/admin-allasorias\/#author"},"image":{"@type":"ImageObject","url":"https:\/\/allasorias.hu\/hirek\/wp-content\/uploads\/2024\/01\/bertamogatasi-program.jpg","@id":"https:\/\/allasorias.hu\/hirek\/tamogatas-a-foglalkoztatashoz\/#mainImage","width":1280,"height":853,"caption":"T\u00e1mogat\u00e1s a foglalkoztat\u00e1shoz - Allasorias.hu\/Hirek"},"primaryImageOfPage":{"@id":"https:\/\/allasorias.hu\/hirek\/tamogatas-a-foglalkoztatashoz\/#mainImage"},"datePublished":"2024-01-11T14:08:39+02:00","dateModified":"2024-01-11T14:18:53+02:00"},{"@type":"WebSite","@id":"https:\/\/allasorias.hu\/hirek\/#website","url":"https:\/\/allasorias.hu\/hirek\/","name":"AllasOrias.hu | H\u00edrek-lapszemle","description":"\u00dczleti h\u00edrek az \u00e1ll\u00e1s \u00e9s a munka vil\u00e1g\u00e1b\u00f3l","inLanguage":"hu-HU","publisher":{"@id":"https:\/\/allasorias.hu\/hirek\/#organization"}}]},"og:locale":"hu_HU","og:site_name":"AllasOrias.hu | H\u00edrek-lapszemle | \u00dczleti h\u00edrek az \u00e1ll\u00e1s \u00e9s a munka vil\u00e1g\u00e1b\u00f3l","og:type":"article","og:title":"T\u00e1mogat\u00e1s a foglalkoztat\u00e1shoz | Allasorias.hu\/Hirek","og:description":"M\u00e1r lehet jelentkezni a munkahelyi gener\u00e1ci\u00f3v\u00e1lt\u00e1st el\u0151seg\u00edt\u0151 programra. A c\u00e9gek 244 500 forintig b\u00e9rt\u00e1mogat\u00e1st vehetnek ig\u00e9nybe.","og:url":"https:\/\/allasorias.hu\/hirek\/tamogatas-a-foglalkoztatashoz\/","og:image":"https:\/\/allasorias.hu\/hirek\/wp-content\/uploads\/2024\/01\/bertamogatasi-program.jpg","og:image:secure_url":"https:\/\/allasorias.hu\/hirek\/wp-content\/uploads\/2024\/01\/bertamogatasi-program.jpg","og:image:width":1280,"og:image:height":853,"article:published_time":"2024-01-11T12:08:39+00:00","article:modified_time":"2024-01-11T12:18:53+00:00","article:publisher":"https:\/\/www.facebook.com\/allasorias","twitter:card":"summary_large_image","twitter:title":"T\u00e1mogat\u00e1s a foglalkoztat\u00e1shoz | Allasorias.hu\/Hirek","twitter:description":"M\u00e1r lehet jelentkezni a munkahelyi gener\u00e1ci\u00f3v\u00e1lt\u00e1st el\u0151seg\u00edt\u0151 programra. A c\u00e9gek 244 500 forintig b\u00e9rt\u00e1mogat\u00e1st vehetnek ig\u00e9nybe.","twitter:image":"https:\/\/allasorias.hu\/hirek\/wp-content\/uploads\/2024\/01\/bertamogatasi-program.jpg","twitter:label1":"Written by","twitter:data1":"Juh\u00e1sz P\u00e9ter","twitter:label2":"Est. reading time","twitter:data2":"3 minutes"},"aioseo_meta_data":{"post_id":"7217","title":"#post_title | Allasorias.hu\/Hirek","description":"M\u00e1r lehet jelentkezni a munkahelyi gener\u00e1ci\u00f3v\u00e1lt\u00e1st el\u0151seg\u00edt\u0151 programra. A c\u00e9gek 244 500 forintig b\u00e9rt\u00e1mogat\u00e1st vehetnek ig\u00e9nybe.","keywords":[],"keyphrases":{"focus":{"keyphrase":"","score":0,"analysis":{"keyphraseInTitle":{"score":0,"maxScore":9,"error":1}}},"additional":[]},"primary_term":null,"canonical_url":null,"og_title":null,"og_description":null,"og_object_type":"default","og_image_type":"default","og_image_url":null,"og_image_width":null,"og_image_height":null,"og_image_custom_url":null,"og_image_custom_fields":null,"og_video":"","og_custom_url":null,"og_article_section":null,"og_article_tags":[],"twitter_use_og":true,"twitter_card":"default","twitter_image_type":"default","twitter_image_url":null,"twitter_image_custom_url":null,"twitter_image_custom_fields":null,"twitter_title":null,"twitter_description":null,"schema":{"blockGraphs":[],"customGraphs":[],"default":{"data":{"Article":[],"Course":[],"Dataset":[],"FAQPage":[],"Movie":[],"Person":[],"Product":[],"ProductReview":[],"Car":[],"Recipe":[],"Service":[],"SoftwareApplication":[],"WebPage":[]},"graphName":"Article","isEnabled":true},"graphs":[]},"schema_type":"default","schema_type_options":null,"pillar_content":false,"robots_default":true,"robots_noindex":false,"robots_noarchive":false,"robots_nosnippet":false,"robots_nofollow":false,"robots_noimageindex":false,"robots_noodp":false,"robots_notranslate":false,"robots_max_snippet":"-1","robots_max_videopreview":"-1","robots_max_imagepreview":"large","priority":null,"frequency":"default","location":null,"local_seo":null,"breadcrumb_settings":null,"limit_modified_date":false,"ai":null,"created":"2024-01-11 11:53:19","updated":"2025-10-02 19:26:48","seo_analyzer_scan_date":null,"focus_keyword":null,"additional_keywords":null,"truseo_locale":null},"aioseo_breadcrumb":"<div class=\"aioseo-breadcrumbs\"><span class=\"aioseo-breadcrumb\">\n\t\t\t<a href=\"https:\/\/allasorias.hu\/hirek\" title=\"Home\">Home<\/a>\n\t\t<\/span><span class=\"aioseo-breadcrumb-separator\">&raquo;<\/span><span class=\"aioseo-breadcrumb\">\n\t\t\t<a href=\"https:\/\/allasorias.hu\/hirek\/temak\/munkaeropiac\/\" title=\"Munkaer\u0151piac\">Munkaer\u0151piac<\/a>\n\t\t<\/span><span class=\"aioseo-breadcrumb-separator\">&raquo;<\/span><span class=\"aioseo-breadcrumb\">\n\t\t\tT\u00e1mogat\u00e1s a foglalkoztat\u00e1shoz\n\t\t<\/span><\/div>","aioseo_breadcrumb_json":[{"label":"Home","link":"https:\/\/allasorias.hu\/hirek"},{"label":"Munkaer\u0151piac","link":"https:\/\/allasorias.hu\/hirek\/temak\/munkaeropiac\/"},{"label":"T\u00e1mogat\u00e1s a foglalkoztat\u00e1shoz","link":"https:\/\/allasorias.hu\/hirek\/tamogatas-a-foglalkoztatashoz\/"}],"_links":{"self":[{"href":"https:\/\/allasorias.hu\/hirek\/wp-json\/wp\/v2\/posts\/7217","targetHints":{"allow":["GET"]}}],"collection":[{"href":"https:\/\/allasorias.hu\/hirek\/wp-json\/wp\/v2\/posts"}],"about":[{"href":"https:\/\/allasorias.hu\/hirek\/wp-json\/wp\/v2\/types\/post"}],"author":[{"embeddable":true,"href":"https:\/\/allasorias.hu\/hirek\/wp-json\/wp\/v2\/users\/1"}],"replies":[{"embeddable":true,"href":"https:\/\/allasorias.hu\/hirek\/wp-json\/wp\/v2\/comments?post=7217"}],"version-history":[{"count":2,"href":"https:\/\/allasorias.hu\/hirek\/wp-json\/wp\/v2\/posts\/7217\/revisions"}],"predecessor-version":[{"id":7220,"href":"https:\/\/allasorias.hu\/hirek\/wp-json\/wp\/v2\/posts\/7217\/revisions\/7220"}],"wp:featuredmedia":[{"embeddable":true,"href":"https:\/\/allasorias.hu\/hirek\/wp-json\/wp\/v2\/media\/7218"}],"wp:attachment":[{"href":"https:\/\/allasorias.hu\/hirek\/wp-json\/wp\/v2\/media?parent=7217"}],"wp:term":[{"taxonomy":"category","embeddable":true,"href":"https:\/\/allasorias.hu\/hirek\/wp-json\/wp\/v2\/categories?post=7217"},{"taxonomy":"post_tag","embeddable":true,"href":"https:\/\/allasorias.hu\/hirek\/wp-json\/wp\/v2\/tags?post=7217"}],"curies":[{"name":"wp","href":"https:\/\/api.w.org\/{rel}","templated":true}]}}