{"id":7212,"date":"2024-01-10T11:28:21","date_gmt":"2024-01-10T09:28:21","guid":{"rendered":"https:\/\/allasorias.hu\/hirek\/?p=7212"},"modified":"2024-01-10T11:29:05","modified_gmt":"2024-01-10T09:29:05","slug":"nincs-fellendules-az-allaspiacon","status":"publish","type":"post","link":"https:\/\/allasorias.hu\/hirek\/nincs-fellendules-az-allaspiacon\/","title":{"rendered":"Nincs fellend\u00fcl\u00e9s az \u00e1ll\u00e1spiacon"},"content":{"rendered":"<p><strong>Egyre kevesebben keresnek \u00e1ll\u00e1st, de a munk\u00e1ltat\u00f3k sem sz\u00f3rj\u00e1k tele hirdet\u00e9sekkel a k\u00fcl\u00f6nb\u00f6z\u0151 platformokat. Az \u00e1ll\u00e1spiac lassul\u00e1s\u00e1ra m\u00e1r t\u00f6bb munkaer\u0151-toborz\u00f3 v\u00e1llalat figyelmeztetett. A jelens\u00e9g miatt az egyik\u00fck j\u00f3csk\u00e1n alacsonyabb \u00fczemi eredm\u00e9nyt v\u00e1r a tavalyi \u00e9v m\u00e1sodik f\u00e9l\u00e9v\u00e9re.<\/strong><\/p>\n<p>A vil\u00e1ggazdas\u00e1gban tapasztalt bizonytalans\u00e1g miatt a dolgoz\u00f3k kev\u00e9sb\u00e9 kock\u00e1ztatj\u00e1k az \u00e1ll\u00e1sv\u00e1lt\u00e1st, m\u00edg a hirdet\u0151k is kevesebb \u00e1ll\u00e1st hirdetnek, r\u00e1ad\u00e1sul egy\u00e1ltal\u00e1n nem vonz\u00f3 fizet\u00e9si \u00edg\u00e9rettel. A piaci k\u00f6rnyezet a tavalyi \u00e9v negyedik negyed\u00e9v\u00e9ben, abban is kifejezetten decemberben v\u00e1lt kih\u00edv\u00e1soss\u00e1 a Hays szerint, \u00e1m a v\u00e1llalat m\u00e1r okt\u00f3berben felh\u00edvta a figyelmet a munkaer\u0151-k\u00f6lcs\u00f6nz\u00e9s \u00e9s a k\u00ednai kereslet tart\u00f3s gyenges\u00e9g\u00e9re. James Hilton p\u00e9nz\u00fcgyi igazgat\u00f3 kedden arr\u00f3l t\u00e1j\u00e9koztatott, hogy a Haysn\u00e9l <a href=\"https:\/\/allasorias.hu\/hirek\/csokken-a-regisztralt-allaskeresok-szama\/\">regisztr\u00e1lt \u00e1ll\u00e1skeres\u0151k sz\u00e1ma \u00e9vr\u0151l \u00e9vre cs\u00f6kken<\/a>, \u00e1m az tov\u00e1bbra is \u00f6sszhangban van a szezon\u00e1lis trendekkel.<\/p>\n<p>Hilton hozz\u00e1tette, hogy a felv\u00e9teli id\u0151 ugyanakkor egyre hosszabb. A munka\u00fcgyi szolg\u00e1ltat\u00f3 \u00e9s toborz\u00f3 v\u00e1llalat a piaci becsl\u00e9sekn\u00e9l szer\u00e9nyebb \u00fczemi eredm\u00e9nyt v\u00e1r a lassul\u00f3 munkaer\u0151piac miatt. A londoni k\u00f6zpont\u00fa munkaer\u0151k\u00f6zvet\u00edt\u0151 60 milli\u00f3 angol font m\u0171k\u00f6d\u00e9si eredm\u00e9nnyel sz\u00e1mol a p\u00e9nz\u00fcgyi \u00e9v els\u0151 fel\u00e9re, m\u00edg a piac v\u00e1rakoz\u00e1sa erre az id\u0151szakra 73 milli\u00f3 angol font \u2013 der\u00fclt ki a v\u00e1llalat kedd reggeli jelent\u00e9s\u00e9b\u0151l. A hat\u00e1rozatlan idej\u0171 munkaszerz\u0151d\u00e9ssel foglalkoztatott alkalmazottak piaca k\u00fcl\u00f6n\u00f6sen nagy kih\u00edv\u00e1st jelentett. Mivel az \u00fcgyfelek \u00e9s a jel\u00f6ltek lassabb d\u00f6nt\u00e9shozatala visszafogta a sikeres k\u00f6zvet\u00edt\u00e9seket, ebben a szegmensben a c\u00e9gcsoport d\u00edjbev\u00e9tele \u00f6sszess\u00e9g\u00e9ben 17 sz\u00e1zal\u00e9kkal zuhant vil\u00e1gszerte.<\/p>\n<h2>K\u00f6lts\u00e9gcs\u00f6kkent\u00e9si sorozat<\/h2>\n<p>A Hays legnagyobb \u00fczlet\u00e1g\u00e1ban, azaz a r\u00f6vidt\u00e1v\u00fa munkaer\u0151-k\u00f6lcs\u00f6nz\u00e9s ter\u00fclet\u00e9n is cs\u00f6kkent a d\u00edjbev\u00e9tele, ott 5 sz\u00e1zal\u00e9kkal az el\u0151z\u0151 \u00e9v azonos id\u0151szak\u00e1hoz k\u00e9pest. A toborz\u00f3 a kereslet lassul\u00e1s\u00e1ra reag\u00e1lva k\u00f6lts\u00e9gcs\u00f6kkent\u00e9si sorozatba kezdett, a legut\u00f3bbi negyed\u00e9v\u00e9ben 5 sz\u00e1zal\u00e9kkal cs\u00f6kkentette tan\u00e1csad\u00f3k l\u00e9tsz\u00e1m\u00e1t, 3 sz\u00e1zal\u00e9kkal pedig az egy\u00e9b alkalmazottak sz\u00e1m\u00e1t, \u00edgy a 2024-es p\u00e9nz\u00fcgyi \u00e9v els\u0151 fel\u00e9ben mintegy 12 milli\u00f3 fonttal alakultak alacsonyabban a kiad\u00e1sai. Dirk Hahn \u00fcgyvezet\u0151 igazgat\u00f3 a k\u00f6zelj\u00f6v\u0151ben sem sz\u00e1m\u00edt fellend\u00fcl\u00e9sre a gy\u00e9r makro\u00f6kon\u00f3miai kil\u00e1t\u00e1sokra hivatkozva.<\/p>\n<p>A vezet\u0151 szerint m\u00e9g nem l\u00e1tni, hogy meddig tartanak ki a gyenge adatok. Az Egyes\u00fclt Kir\u00e1lys\u00e1gban p\u00e9ld\u00e1ul a munkan\u00e9lk\u00fcliek sz\u00e1ma decemberben m\u00e1r tizedik h\u00f3napja cs\u00f6kkent egy h\u00e9tf\u0151n k\u00f6zz\u00e9tett kutat\u00e1s szerint, amelyet r\u00e9szben a KPMG k\u00e9sz\u00edtett. Az \u00fczleti tan\u00e1csad\u00f3 c\u00e9g munkat\u00e1rsa, Justine Andrew, a jelent\u00e9sben besz\u00e1molt, hogy a v\u00e1llalkoz\u00e1sok p\u00e9nz\u00fcgyi nyom\u00e1s alatt \u00e1llnak. A feszes k\u00f6lts\u00e9gvet\u00e9sek miatt pedig a toborz\u00f3k att\u00f3l tartanak, hogy ez a nyom\u00e1s a hat\u00e1rozott idej\u0171 szerz\u0151d\u00e9sekre is hat\u00e1ssal lesz, a gazdas\u00e1g ugyanis kevesebb embert alkalmaz r\u00f6vid t\u00e1vra. Senkinek sem kell a magyar munkaer\u0151 \u2013 szomor\u00faak az eur\u00f3pai munkaer\u0151piaci kil\u00e1t\u00e1sok.<\/p>\n<p>Forr\u00e1s: <a href=\"https:\/\/www.vg.hu\/nemzetkozi-gazdasag\/2024\/01\/borus-az-allaspiac-a-jelentkezok-es-a-hirdetok-is-alabbhagytak-az-aktivitassal\" target=\"_blank\" rel=\"nofollow noopener noreferrer\">vg.hu<\/a><\/p>\n","protected":false},"excerpt":{"rendered":"<p>Egyre kevesebben keresnek \u00e1ll\u00e1st, de a munk\u00e1ltat\u00f3k sem sz\u00f3rj\u00e1k tele hirdet\u00e9sekkel a k\u00fcl\u00f6nb\u00f6z\u0151 platformokat. Az \u00e1ll\u00e1spiac lassul\u00e1s\u00e1ra m\u00e1r t\u00f6bb munkaer\u0151-toborz\u00f3 v\u00e1llalat figyelmeztetett. A jelens\u00e9g miatt az egyik\u00fck j\u00f3csk\u00e1n alacsonyabb \u00fczemi eredm\u00e9nyt v\u00e1r a tavalyi \u00e9v m\u00e1sodik f\u00e9l\u00e9v\u00e9re. A vil\u00e1ggazdas\u00e1gban tapasztalt bizonytalans\u00e1g miatt a dolgoz\u00f3k kev\u00e9sb\u00e9 kock\u00e1ztatj\u00e1k az \u00e1ll\u00e1sv\u00e1lt\u00e1st, m\u00edg a hirdet\u0151k is kevesebb \u00e1ll\u00e1st hirdetnek, [&hellip;]<\/p>\n","protected":false},"author":1,"featured_media":7213,"comment_status":"closed","ping_status":"closed","sticky":false,"template":"","format":"standard","meta":{"_monsterinsights_skip_tracking":false,"footnotes":""},"categories":[200],"tags":[602,683],"class_list":["post-7212","post","type-post","status-publish","format-standard","has-post-thumbnail","hentry","category-munkaeropiac","tag-allaspiac","tag-munkaero-kolcsonzes"],"aioseo_notices":[],"aioseo_head":"\n\t\t<!-- All in One SEO 5.0.0.1 - aioseo.com -->\n\t<meta name=\"description\" content=\"Egyre kevesebben keresnek \u00e1ll\u00e1st, de a munk\u00e1ltat\u00f3k sem sz\u00f3rj\u00e1k tele hirdet\u00e9sekkel a k\u00fcl\u00f6nb\u00f6z\u0151 platformokat, lassul az \u00e1ll\u00e1spiac.\" \/>\n\t<meta name=\"robots\" content=\"max-image-preview:large\" \/>\n\t<meta name=\"author\" content=\"Juh\u00e1sz P\u00e9ter\"\/>\n\t<meta name=\"keywords\" content=\"\u00e1ll\u00e1spiac,munkaer\u0151-k\u00f6lcs\u00f6nz\u00e9s\" \/>\n\t<link rel=\"canonical\" href=\"https:\/\/allasorias.hu\/hirek\/nincs-fellendules-az-allaspiacon\/\" \/>\n\t<meta name=\"generator\" content=\"All in One SEO (AIOSEO) 5.0.0.1\" \/>\n\t\t<meta property=\"og:locale\" content=\"hu_HU\" \/>\n\t\t<meta property=\"og:site_name\" content=\"AllasOrias.hu | H\u00edrek-lapszemle | \u00dczleti h\u00edrek az \u00e1ll\u00e1s \u00e9s a munka vil\u00e1g\u00e1b\u00f3l\" \/>\n\t\t<meta property=\"og:type\" content=\"article\" \/>\n\t\t<meta property=\"og:title\" content=\"Nincs fellend\u00fcl\u00e9s az \u00e1ll\u00e1spiacon | Allasorias.hu\/Hirek\" \/>\n\t\t<meta property=\"og:description\" content=\"Egyre kevesebben keresnek \u00e1ll\u00e1st, de a munk\u00e1ltat\u00f3k sem sz\u00f3rj\u00e1k tele hirdet\u00e9sekkel a k\u00fcl\u00f6nb\u00f6z\u0151 platformokat, lassul az \u00e1ll\u00e1spiac.\" \/>\n\t\t<meta property=\"og:url\" content=\"https:\/\/allasorias.hu\/hirek\/nincs-fellendules-az-allaspiacon\/\" \/>\n\t\t<meta property=\"og:image\" content=\"https:\/\/allasorias.hu\/hirek\/wp-content\/uploads\/2024\/01\/europai-munkaeropiac.jpg\" \/>\n\t\t<meta property=\"og:image:secure_url\" content=\"https:\/\/allasorias.hu\/hirek\/wp-content\/uploads\/2024\/01\/europai-munkaeropiac.jpg\" \/>\n\t\t<meta property=\"og:image:width\" content=\"1280\" \/>\n\t\t<meta property=\"og:image:height\" content=\"853\" \/>\n\t\t<meta property=\"article:published_time\" content=\"2024-01-10T09:28:21+00:00\" \/>\n\t\t<meta property=\"article:modified_time\" content=\"2024-01-10T09:29:05+00:00\" \/>\n\t\t<meta property=\"article:publisher\" content=\"https:\/\/www.facebook.com\/allasorias\" \/>\n\t\t<meta name=\"twitter:card\" content=\"summary_large_image\" \/>\n\t\t<meta name=\"twitter:title\" content=\"Nincs fellend\u00fcl\u00e9s az \u00e1ll\u00e1spiacon | Allasorias.hu\/Hirek\" \/>\n\t\t<meta name=\"twitter:description\" content=\"Egyre kevesebben keresnek \u00e1ll\u00e1st, de a munk\u00e1ltat\u00f3k sem sz\u00f3rj\u00e1k tele hirdet\u00e9sekkel a k\u00fcl\u00f6nb\u00f6z\u0151 platformokat, lassul az \u00e1ll\u00e1spiac.\" \/>\n\t\t<meta name=\"twitter:image\" content=\"https:\/\/allasorias.hu\/hirek\/wp-content\/uploads\/2024\/01\/europai-munkaeropiac.jpg\" \/>\n\t\t<meta name=\"twitter:label1\" content=\"Written by\" \/>\n\t\t<meta name=\"twitter:data1\" content=\"Juh\u00e1sz P\u00e9ter\" \/>\n\t\t<meta name=\"twitter:label2\" content=\"Est. reading time\" \/>\n\t\t<meta name=\"twitter:data2\" content=\"3 minutes\" \/>\n\t\t<script type=\"application\/ld+json\" class=\"aioseo-schema\">\n\t\t\t{\"@context\":\"https:\\\/\\\/schema.org\",\"@graph\":[{\"@type\":\"Article\",\"@id\":\"https:\\\/\\\/allasorias.hu\\\/hirek\\\/nincs-fellendules-az-allaspiacon\\\/#article\",\"name\":\"Nincs fellend\\u00fcl\\u00e9s az \\u00e1ll\\u00e1spiacon | Allasorias.hu\\\/Hirek\",\"headline\":\"Nincs fellend\\u00fcl\\u00e9s az \\u00e1ll\\u00e1spiacon\",\"author\":{\"@id\":\"https:\\\/\\\/allasorias.hu\\\/hirek\\\/author\\\/admin-allasorias\\\/#author\"},\"publisher\":{\"@id\":\"https:\\\/\\\/allasorias.hu\\\/hirek\\\/#organization\"},\"image\":{\"@type\":\"ImageObject\",\"url\":\"https:\\\/\\\/allasorias.hu\\\/hirek\\\/wp-content\\\/uploads\\\/2024\\\/01\\\/europai-munkaeropiac.jpg\",\"width\":1280,\"height\":853,\"caption\":\"Nincs fellend\\u00fcl\\u00e9s az \\u00e1ll\\u00e1spiacon - Allasorias.hu\\\/Hirek\"},\"datePublished\":\"2024-01-10T11:28:21+02:00\",\"dateModified\":\"2024-01-10T11:29:05+02:00\",\"inLanguage\":\"hu-HU\",\"mainEntityOfPage\":{\"@id\":\"https:\\\/\\\/allasorias.hu\\\/hirek\\\/nincs-fellendules-az-allaspiacon\\\/#webpage\"},\"isPartOf\":{\"@id\":\"https:\\\/\\\/allasorias.hu\\\/hirek\\\/nincs-fellendules-az-allaspiacon\\\/#webpage\"},\"articleSection\":\"Munkaer\\u0151piac, \\u00e1ll\\u00e1spiac, munkaer\\u0151-k\\u00f6lcs\\u00f6nz\\u00e9s\"},{\"@type\":\"BreadcrumbList\",\"@id\":\"https:\\\/\\\/allasorias.hu\\\/hirek\\\/nincs-fellendules-az-allaspiacon\\\/#breadcrumblist\",\"itemListElement\":[{\"@type\":\"ListItem\",\"@id\":\"https:\\\/\\\/allasorias.hu\\\/hirek#listItem\",\"position\":1,\"name\":\"Home\",\"item\":\"https:\\\/\\\/allasorias.hu\\\/hirek\",\"nextItem\":{\"@type\":\"ListItem\",\"@id\":\"https:\\\/\\\/allasorias.hu\\\/hirek\\\/temak\\\/munkaeropiac\\\/#listItem\",\"name\":\"Munkaer\\u0151piac\"}},{\"@type\":\"ListItem\",\"@id\":\"https:\\\/\\\/allasorias.hu\\\/hirek\\\/temak\\\/munkaeropiac\\\/#listItem\",\"position\":2,\"name\":\"Munkaer\\u0151piac\",\"item\":\"https:\\\/\\\/allasorias.hu\\\/hirek\\\/temak\\\/munkaeropiac\\\/\",\"nextItem\":{\"@type\":\"ListItem\",\"@id\":\"https:\\\/\\\/allasorias.hu\\\/hirek\\\/nincs-fellendules-az-allaspiacon\\\/#listItem\",\"name\":\"Nincs fellend\\u00fcl\\u00e9s az \\u00e1ll\\u00e1spiacon\"},\"previousItem\":{\"@type\":\"ListItem\",\"@id\":\"https:\\\/\\\/allasorias.hu\\\/hirek#listItem\",\"name\":\"Home\"}},{\"@type\":\"ListItem\",\"@id\":\"https:\\\/\\\/allasorias.hu\\\/hirek\\\/nincs-fellendules-az-allaspiacon\\\/#listItem\",\"position\":3,\"name\":\"Nincs fellend\\u00fcl\\u00e9s az \\u00e1ll\\u00e1spiacon\",\"previousItem\":{\"@type\":\"ListItem\",\"@id\":\"https:\\\/\\\/allasorias.hu\\\/hirek\\\/temak\\\/munkaeropiac\\\/#listItem\",\"name\":\"Munkaer\\u0151piac\"}}]},{\"@type\":\"Organization\",\"@id\":\"https:\\\/\\\/allasorias.hu\\\/hirek\\\/#organization\",\"name\":\"AllasOrias.hu | H\\u00edrek-lapszemle\",\"description\":\"\\u00dczleti h\\u00edrek az \\u00e1ll\\u00e1s \\u00e9s a munka vil\\u00e1g\\u00e1b\\u00f3l\",\"url\":\"https:\\\/\\\/allasorias.hu\\\/hirek\\\/\",\"logo\":{\"@type\":\"ImageObject\",\"url\":\"https:\\\/\\\/allasorias.hu\\\/hirek\\\/wp-content\\\/uploads\\\/2022\\\/10\\\/allasorias_site_facebok_logo.png\",\"@id\":\"https:\\\/\\\/allasorias.hu\\\/hirek\\\/nincs-fellendules-az-allaspiacon\\\/#organizationLogo\"},\"image\":{\"@id\":\"https:\\\/\\\/allasorias.hu\\\/hirek\\\/nincs-fellendules-az-allaspiacon\\\/#organizationLogo\"},\"sameAs\":[\"https:\\\/\\\/www.facebook.com\\\/allasorias\",\"https:\\\/\\\/www.linkedin.com\\\/company\\\/allasorias\"]},{\"@type\":\"Person\",\"@id\":\"https:\\\/\\\/allasorias.hu\\\/hirek\\\/author\\\/admin-allasorias\\\/#author\",\"url\":\"https:\\\/\\\/allasorias.hu\\\/hirek\\\/author\\\/admin-allasorias\\\/\",\"name\":\"Juh\\u00e1sz P\\u00e9ter\",\"image\":{\"@type\":\"ImageObject\",\"@id\":\"https:\\\/\\\/allasorias.hu\\\/hirek\\\/nincs-fellendules-az-allaspiacon\\\/#authorImage\",\"url\":\"https:\\\/\\\/secure.gravatar.com\\\/avatar\\\/36e6bcb83148978b992977cb0f54d22feb0cce8a0a849a9410532bb2623ba4c6?s=96&d=mm&r=g\",\"width\":96,\"height\":96,\"caption\":\"Juh\\u00e1sz P\\u00e9ter\"}},{\"@type\":\"WebPage\",\"@id\":\"https:\\\/\\\/allasorias.hu\\\/hirek\\\/nincs-fellendules-az-allaspiacon\\\/#webpage\",\"url\":\"https:\\\/\\\/allasorias.hu\\\/hirek\\\/nincs-fellendules-az-allaspiacon\\\/\",\"name\":\"Nincs fellend\\u00fcl\\u00e9s az \\u00e1ll\\u00e1spiacon | Allasorias.hu\\\/Hirek\",\"description\":\"Egyre kevesebben keresnek \\u00e1ll\\u00e1st, de a munk\\u00e1ltat\\u00f3k sem sz\\u00f3rj\\u00e1k tele hirdet\\u00e9sekkel a k\\u00fcl\\u00f6nb\\u00f6z\\u0151 platformokat, lassul az \\u00e1ll\\u00e1spiac.\",\"inLanguage\":\"hu-HU\",\"isPartOf\":{\"@id\":\"https:\\\/\\\/allasorias.hu\\\/hirek\\\/#website\"},\"breadcrumb\":{\"@id\":\"https:\\\/\\\/allasorias.hu\\\/hirek\\\/nincs-fellendules-az-allaspiacon\\\/#breadcrumblist\"},\"author\":{\"@id\":\"https:\\\/\\\/allasorias.hu\\\/hirek\\\/author\\\/admin-allasorias\\\/#author\"},\"creator\":{\"@id\":\"https:\\\/\\\/allasorias.hu\\\/hirek\\\/author\\\/admin-allasorias\\\/#author\"},\"image\":{\"@type\":\"ImageObject\",\"url\":\"https:\\\/\\\/allasorias.hu\\\/hirek\\\/wp-content\\\/uploads\\\/2024\\\/01\\\/europai-munkaeropiac.jpg\",\"@id\":\"https:\\\/\\\/allasorias.hu\\\/hirek\\\/nincs-fellendules-az-allaspiacon\\\/#mainImage\",\"width\":1280,\"height\":853,\"caption\":\"Nincs fellend\\u00fcl\\u00e9s az \\u00e1ll\\u00e1spiacon - Allasorias.hu\\\/Hirek\"},\"primaryImageOfPage\":{\"@id\":\"https:\\\/\\\/allasorias.hu\\\/hirek\\\/nincs-fellendules-az-allaspiacon\\\/#mainImage\"},\"datePublished\":\"2024-01-10T11:28:21+02:00\",\"dateModified\":\"2024-01-10T11:29:05+02:00\"},{\"@type\":\"WebSite\",\"@id\":\"https:\\\/\\\/allasorias.hu\\\/hirek\\\/#website\",\"url\":\"https:\\\/\\\/allasorias.hu\\\/hirek\\\/\",\"name\":\"AllasOrias.hu | H\\u00edrek-lapszemle\",\"description\":\"\\u00dczleti h\\u00edrek az \\u00e1ll\\u00e1s \\u00e9s a munka vil\\u00e1g\\u00e1b\\u00f3l\",\"inLanguage\":\"hu-HU\",\"publisher\":{\"@id\":\"https:\\\/\\\/allasorias.hu\\\/hirek\\\/#organization\"}}]}\n\t\t<\/script>\n\t\t<!-- All in One SEO -->\n\n","aioseo_head_json":{"title":"Nincs fellend\u00fcl\u00e9s az \u00e1ll\u00e1spiacon | Allasorias.hu\/Hirek","description":"Egyre kevesebben keresnek \u00e1ll\u00e1st, de a munk\u00e1ltat\u00f3k sem sz\u00f3rj\u00e1k tele hirdet\u00e9sekkel a k\u00fcl\u00f6nb\u00f6z\u0151 platformokat, lassul az \u00e1ll\u00e1spiac.","canonical_url":"https:\/\/allasorias.hu\/hirek\/nincs-fellendules-az-allaspiacon\/","robots":"max-image-preview:large","keywords":"\u00e1ll\u00e1spiac,munkaer\u0151-k\u00f6lcs\u00f6nz\u00e9s","webmasterTools":{"miscellaneous":""},"schema":{"@context":"https:\/\/schema.org","@graph":[{"@type":"Article","@id":"https:\/\/allasorias.hu\/hirek\/nincs-fellendules-az-allaspiacon\/#article","name":"Nincs fellend\u00fcl\u00e9s az \u00e1ll\u00e1spiacon | Allasorias.hu\/Hirek","headline":"Nincs fellend\u00fcl\u00e9s az \u00e1ll\u00e1spiacon","author":{"@id":"https:\/\/allasorias.hu\/hirek\/author\/admin-allasorias\/#author"},"publisher":{"@id":"https:\/\/allasorias.hu\/hirek\/#organization"},"image":{"@type":"ImageObject","url":"https:\/\/allasorias.hu\/hirek\/wp-content\/uploads\/2024\/01\/europai-munkaeropiac.jpg","width":1280,"height":853,"caption":"Nincs fellend\u00fcl\u00e9s az \u00e1ll\u00e1spiacon - Allasorias.hu\/Hirek"},"datePublished":"2024-01-10T11:28:21+02:00","dateModified":"2024-01-10T11:29:05+02:00","inLanguage":"hu-HU","mainEntityOfPage":{"@id":"https:\/\/allasorias.hu\/hirek\/nincs-fellendules-az-allaspiacon\/#webpage"},"isPartOf":{"@id":"https:\/\/allasorias.hu\/hirek\/nincs-fellendules-az-allaspiacon\/#webpage"},"articleSection":"Munkaer\u0151piac, \u00e1ll\u00e1spiac, munkaer\u0151-k\u00f6lcs\u00f6nz\u00e9s"},{"@type":"BreadcrumbList","@id":"https:\/\/allasorias.hu\/hirek\/nincs-fellendules-az-allaspiacon\/#breadcrumblist","itemListElement":[{"@type":"ListItem","@id":"https:\/\/allasorias.hu\/hirek#listItem","position":1,"name":"Home","item":"https:\/\/allasorias.hu\/hirek","nextItem":{"@type":"ListItem","@id":"https:\/\/allasorias.hu\/hirek\/temak\/munkaeropiac\/#listItem","name":"Munkaer\u0151piac"}},{"@type":"ListItem","@id":"https:\/\/allasorias.hu\/hirek\/temak\/munkaeropiac\/#listItem","position":2,"name":"Munkaer\u0151piac","item":"https:\/\/allasorias.hu\/hirek\/temak\/munkaeropiac\/","nextItem":{"@type":"ListItem","@id":"https:\/\/allasorias.hu\/hirek\/nincs-fellendules-az-allaspiacon\/#listItem","name":"Nincs fellend\u00fcl\u00e9s az \u00e1ll\u00e1spiacon"},"previousItem":{"@type":"ListItem","@id":"https:\/\/allasorias.hu\/hirek#listItem","name":"Home"}},{"@type":"ListItem","@id":"https:\/\/allasorias.hu\/hirek\/nincs-fellendules-az-allaspiacon\/#listItem","position":3,"name":"Nincs fellend\u00fcl\u00e9s az \u00e1ll\u00e1spiacon","previousItem":{"@type":"ListItem","@id":"https:\/\/allasorias.hu\/hirek\/temak\/munkaeropiac\/#listItem","name":"Munkaer\u0151piac"}}]},{"@type":"Organization","@id":"https:\/\/allasorias.hu\/hirek\/#organization","name":"AllasOrias.hu | H\u00edrek-lapszemle","description":"\u00dczleti h\u00edrek az \u00e1ll\u00e1s \u00e9s a munka vil\u00e1g\u00e1b\u00f3l","url":"https:\/\/allasorias.hu\/hirek\/","logo":{"@type":"ImageObject","url":"https:\/\/allasorias.hu\/hirek\/wp-content\/uploads\/2022\/10\/allasorias_site_facebok_logo.png","@id":"https:\/\/allasorias.hu\/hirek\/nincs-fellendules-az-allaspiacon\/#organizationLogo"},"image":{"@id":"https:\/\/allasorias.hu\/hirek\/nincs-fellendules-az-allaspiacon\/#organizationLogo"},"sameAs":["https:\/\/www.facebook.com\/allasorias","https:\/\/www.linkedin.com\/company\/allasorias"]},{"@type":"Person","@id":"https:\/\/allasorias.hu\/hirek\/author\/admin-allasorias\/#author","url":"https:\/\/allasorias.hu\/hirek\/author\/admin-allasorias\/","name":"Juh\u00e1sz P\u00e9ter","image":{"@type":"ImageObject","@id":"https:\/\/allasorias.hu\/hirek\/nincs-fellendules-az-allaspiacon\/#authorImage","url":"https:\/\/secure.gravatar.com\/avatar\/36e6bcb83148978b992977cb0f54d22feb0cce8a0a849a9410532bb2623ba4c6?s=96&d=mm&r=g","width":96,"height":96,"caption":"Juh\u00e1sz P\u00e9ter"}},{"@type":"WebPage","@id":"https:\/\/allasorias.hu\/hirek\/nincs-fellendules-az-allaspiacon\/#webpage","url":"https:\/\/allasorias.hu\/hirek\/nincs-fellendules-az-allaspiacon\/","name":"Nincs fellend\u00fcl\u00e9s az \u00e1ll\u00e1spiacon | Allasorias.hu\/Hirek","description":"Egyre kevesebben keresnek \u00e1ll\u00e1st, de a munk\u00e1ltat\u00f3k sem sz\u00f3rj\u00e1k tele hirdet\u00e9sekkel a k\u00fcl\u00f6nb\u00f6z\u0151 platformokat, lassul az \u00e1ll\u00e1spiac.","inLanguage":"hu-HU","isPartOf":{"@id":"https:\/\/allasorias.hu\/hirek\/#website"},"breadcrumb":{"@id":"https:\/\/allasorias.hu\/hirek\/nincs-fellendules-az-allaspiacon\/#breadcrumblist"},"author":{"@id":"https:\/\/allasorias.hu\/hirek\/author\/admin-allasorias\/#author"},"creator":{"@id":"https:\/\/allasorias.hu\/hirek\/author\/admin-allasorias\/#author"},"image":{"@type":"ImageObject","url":"https:\/\/allasorias.hu\/hirek\/wp-content\/uploads\/2024\/01\/europai-munkaeropiac.jpg","@id":"https:\/\/allasorias.hu\/hirek\/nincs-fellendules-az-allaspiacon\/#mainImage","width":1280,"height":853,"caption":"Nincs fellend\u00fcl\u00e9s az \u00e1ll\u00e1spiacon - Allasorias.hu\/Hirek"},"primaryImageOfPage":{"@id":"https:\/\/allasorias.hu\/hirek\/nincs-fellendules-az-allaspiacon\/#mainImage"},"datePublished":"2024-01-10T11:28:21+02:00","dateModified":"2024-01-10T11:29:05+02:00"},{"@type":"WebSite","@id":"https:\/\/allasorias.hu\/hirek\/#website","url":"https:\/\/allasorias.hu\/hirek\/","name":"AllasOrias.hu | H\u00edrek-lapszemle","description":"\u00dczleti h\u00edrek az \u00e1ll\u00e1s \u00e9s a munka vil\u00e1g\u00e1b\u00f3l","inLanguage":"hu-HU","publisher":{"@id":"https:\/\/allasorias.hu\/hirek\/#organization"}}]},"og:locale":"hu_HU","og:site_name":"AllasOrias.hu | H\u00edrek-lapszemle | \u00dczleti h\u00edrek az \u00e1ll\u00e1s \u00e9s a munka vil\u00e1g\u00e1b\u00f3l","og:type":"article","og:title":"Nincs fellend\u00fcl\u00e9s az \u00e1ll\u00e1spiacon | Allasorias.hu\/Hirek","og:description":"Egyre kevesebben keresnek \u00e1ll\u00e1st, de a munk\u00e1ltat\u00f3k sem sz\u00f3rj\u00e1k tele hirdet\u00e9sekkel a k\u00fcl\u00f6nb\u00f6z\u0151 platformokat, lassul az \u00e1ll\u00e1spiac.","og:url":"https:\/\/allasorias.hu\/hirek\/nincs-fellendules-az-allaspiacon\/","og:image":"https:\/\/allasorias.hu\/hirek\/wp-content\/uploads\/2024\/01\/europai-munkaeropiac.jpg","og:image:secure_url":"https:\/\/allasorias.hu\/hirek\/wp-content\/uploads\/2024\/01\/europai-munkaeropiac.jpg","og:image:width":1280,"og:image:height":853,"article:published_time":"2024-01-10T09:28:21+00:00","article:modified_time":"2024-01-10T09:29:05+00:00","article:publisher":"https:\/\/www.facebook.com\/allasorias","twitter:card":"summary_large_image","twitter:title":"Nincs fellend\u00fcl\u00e9s az \u00e1ll\u00e1spiacon | Allasorias.hu\/Hirek","twitter:description":"Egyre kevesebben keresnek \u00e1ll\u00e1st, de a munk\u00e1ltat\u00f3k sem sz\u00f3rj\u00e1k tele hirdet\u00e9sekkel a k\u00fcl\u00f6nb\u00f6z\u0151 platformokat, lassul az \u00e1ll\u00e1spiac.","twitter:image":"https:\/\/allasorias.hu\/hirek\/wp-content\/uploads\/2024\/01\/europai-munkaeropiac.jpg","twitter:label1":"Written by","twitter:data1":"Juh\u00e1sz P\u00e9ter","twitter:label2":"Est. reading time","twitter:data2":"3 minutes"},"aioseo_meta_data":{"post_id":"7212","title":"#post_title | Allasorias.hu\/Hirek","description":"Egyre kevesebben keresnek \u00e1ll\u00e1st, de a munk\u00e1ltat\u00f3k sem sz\u00f3rj\u00e1k tele hirdet\u00e9sekkel a k\u00fcl\u00f6nb\u00f6z\u0151 platformokat, lassul az \u00e1ll\u00e1spiac.","keywords":[],"keyphrases":{"focus":{"keyphrase":"","score":0,"analysis":{"keyphraseInTitle":{"score":0,"maxScore":9,"error":1}}},"additional":[]},"primary_term":null,"canonical_url":null,"og_title":null,"og_description":null,"og_object_type":"default","og_image_type":"default","og_image_url":null,"og_image_width":null,"og_image_height":null,"og_image_custom_url":null,"og_image_custom_fields":null,"og_video":"","og_custom_url":null,"og_article_section":null,"og_article_tags":[],"twitter_use_og":true,"twitter_card":"default","twitter_image_type":"default","twitter_image_url":null,"twitter_image_custom_url":null,"twitter_image_custom_fields":null,"twitter_title":null,"twitter_description":null,"schema":{"blockGraphs":[],"customGraphs":[],"default":{"data":{"Article":[],"Course":[],"Dataset":[],"FAQPage":[],"Movie":[],"Person":[],"Product":[],"ProductReview":[],"Car":[],"Recipe":[],"Service":[],"SoftwareApplication":[],"WebPage":[]},"graphName":"Article","isEnabled":true},"graphs":[]},"schema_type":"default","schema_type_options":null,"pillar_content":false,"robots_default":true,"robots_noindex":false,"robots_noarchive":false,"robots_nosnippet":false,"robots_nofollow":false,"robots_noimageindex":false,"robots_noodp":false,"robots_notranslate":false,"robots_max_snippet":"-1","robots_max_videopreview":"-1","robots_max_imagepreview":"large","priority":null,"frequency":"default","location":null,"local_seo":null,"breadcrumb_settings":null,"limit_modified_date":false,"ai":null,"created":"2024-01-10 09:08:39","updated":"2025-10-02 19:26:48","seo_analyzer_scan_date":null,"focus_keyword":null,"additional_keywords":null,"truseo_locale":null},"aioseo_breadcrumb":"<div class=\"aioseo-breadcrumbs\"><span class=\"aioseo-breadcrumb\">\n\t\t\t<a href=\"https:\/\/allasorias.hu\/hirek\" title=\"Home\">Home<\/a>\n\t\t<\/span><span class=\"aioseo-breadcrumb-separator\">&raquo;<\/span><span class=\"aioseo-breadcrumb\">\n\t\t\t<a href=\"https:\/\/allasorias.hu\/hirek\/temak\/munkaeropiac\/\" title=\"Munkaer\u0151piac\">Munkaer\u0151piac<\/a>\n\t\t<\/span><span class=\"aioseo-breadcrumb-separator\">&raquo;<\/span><span class=\"aioseo-breadcrumb\">\n\t\t\tNincs fellend\u00fcl\u00e9s az \u00e1ll\u00e1spiacon\n\t\t<\/span><\/div>","aioseo_breadcrumb_json":[{"label":"Home","link":"https:\/\/allasorias.hu\/hirek"},{"label":"Munkaer\u0151piac","link":"https:\/\/allasorias.hu\/hirek\/temak\/munkaeropiac\/"},{"label":"Nincs fellend\u00fcl\u00e9s az \u00e1ll\u00e1spiacon","link":"https:\/\/allasorias.hu\/hirek\/nincs-fellendules-az-allaspiacon\/"}],"_links":{"self":[{"href":"https:\/\/allasorias.hu\/hirek\/wp-json\/wp\/v2\/posts\/7212","targetHints":{"allow":["GET"]}}],"collection":[{"href":"https:\/\/allasorias.hu\/hirek\/wp-json\/wp\/v2\/posts"}],"about":[{"href":"https:\/\/allasorias.hu\/hirek\/wp-json\/wp\/v2\/types\/post"}],"author":[{"embeddable":true,"href":"https:\/\/allasorias.hu\/hirek\/wp-json\/wp\/v2\/users\/1"}],"replies":[{"embeddable":true,"href":"https:\/\/allasorias.hu\/hirek\/wp-json\/wp\/v2\/comments?post=7212"}],"version-history":[{"count":2,"href":"https:\/\/allasorias.hu\/hirek\/wp-json\/wp\/v2\/posts\/7212\/revisions"}],"predecessor-version":[{"id":7215,"href":"https:\/\/allasorias.hu\/hirek\/wp-json\/wp\/v2\/posts\/7212\/revisions\/7215"}],"wp:featuredmedia":[{"embeddable":true,"href":"https:\/\/allasorias.hu\/hirek\/wp-json\/wp\/v2\/media\/7213"}],"wp:attachment":[{"href":"https:\/\/allasorias.hu\/hirek\/wp-json\/wp\/v2\/media?parent=7212"}],"wp:term":[{"taxonomy":"category","embeddable":true,"href":"https:\/\/allasorias.hu\/hirek\/wp-json\/wp\/v2\/categories?post=7212"},{"taxonomy":"post_tag","embeddable":true,"href":"https:\/\/allasorias.hu\/hirek\/wp-json\/wp\/v2\/tags?post=7212"}],"curies":[{"name":"wp","href":"https:\/\/api.w.org\/{rel}","templated":true}]}}