{"id":7203,"date":"2024-01-08T09:29:05","date_gmt":"2024-01-08T07:29:05","guid":{"rendered":"https:\/\/allasorias.hu\/hirek\/?p=7203"},"modified":"2024-01-09T10:48:39","modified_gmt":"2024-01-09T08:48:39","slug":"egyszerre-van-munkanelkuliseg-es-munkaerohiany","status":"publish","type":"post","link":"https:\/\/allasorias.hu\/hirek\/egyszerre-van-munkanelkuliseg-es-munkaerohiany\/","title":{"rendered":"Egyszerre van munkan\u00e9lk\u00fclis\u00e9g \u00e9s munkaer\u0151hi\u00e1ny"},"content":{"rendered":"<p><strong>V\u00e1rhat\u00f3 volt, hogy n\u0151ni fog az \u00e1ll\u00e1skeres\u0151k sz\u00e1ma, sz\u00e1mos ter\u00fcleten sz\u0171ntek meg v\u00e1llalkoz\u00e1sok, illetve k\u00f6vetkeztek be l\u00e9tsz\u00e1mle\u00e9p\u00edt\u00e9sek, -cs\u00f6kkent\u00e9sek. Ezeknek egyr\u00e9szt gazdas\u00e1gi okai voltak, m\u00e1sr\u00e9szt technol\u00f3giav\u00e1lt\u00e1s is lezajlott t\u00f6bb szektorban \u2013 fogalmazott az Economxnak M\u00e9sz\u00e1ros Melinda, a Liga Szakszervezetek eln\u00f6ke.<\/strong><\/p>\n<p>A K\u00f6zponti Statisztikai Hivatal (KSH) legfrissebb kimutat\u00e1sa szerint 2023 november\u00e9ben ism\u00e9t egyszerre n\u0151tt a foglalkoztatottak \u00e9s a munkakeres\u0151 ar\u00e1nya. S\u0151t, a munkan\u00e9lk\u00fcliek sz\u00e1ma 2023 november\u00e9ben 207 ezer f\u0151re, m\u00edg a munkan\u00e9lk\u00fclis\u00e9gi r\u00e1ta 4,2 sz\u00e1zal\u00e9kra emelkedett, mik\u00f6zben okt\u00f3berben m\u00e9g csak 202 ezer f\u0151 volt a regisztr\u00e1lt \u00e1ll\u00e1skeres\u0151k sz\u00e1ma (az ar\u00e1nyuk 4,1 sz\u00e1zal\u00e9k volt).<\/p>\n<p>Horv\u00e1th Andr\u00e1s, az MBH Bank vezet\u0151 elemz\u0151je az adatok alapj\u00e1n meg\u00e1llap\u00edtotta, a szeptember-novemberi id\u0151szakban tov\u00e1bbra is cs\u00facson \u00e1llt a foglalkoztatotts\u00e1g, a hazai els\u0151dleges munkaer\u0151piacon 34 ezer \u00faj munkahely j\u00f6tt l\u00e9tre az el\u0151z\u0151 \u00e9v azonos id\u0151szak\u00e1hoz k\u00e9pest, a k\u00f6zfoglalkoztatottak sz\u00e1ma 6 ezer f\u0151vel cs\u00f6kkent, <a href=\"https:\/\/allasorias.hu\/hirek\/tobb-szazezer-magyar-el-es-dolgozik-kulfoldon\/\">a k\u00fclf\u00f6ldre ing\u00e1z\u00f3k pedig 13 ezerrel voltak t\u00f6bben<\/a>, \u00edgy a legutols\u00f3 h\u00e1romhavi \u00e1tlag alapj\u00e1n a gazdas\u00e1g teljes foglalkoztatotti l\u00e9tsz\u00e1ma 4 755 ezer f\u0151 volt.<\/p>\n<h2>Tov\u00e1bbra is er\u0151s a kereslet a munkaer\u0151 ir\u00e1nt<\/h2>\n<p>Mik\u00f6zben az NFSZ nyilv\u00e1ntart\u00e1s\u00e1ban 226 ezer regisztr\u00e1lt \u00e1ll\u00e1skeres\u0151 szerepelt, ami az el\u0151z\u0151 \u00e9v azonos id\u0151szak\u00e1hoz k\u00e9pest 3,2 sz\u00e1zal\u00e9kos cs\u00f6kken\u00e9st mutat, a bejelentett bet\u00f6ltetlen \u00e1ll\u00e1shelyek sz\u00e1ma a szeptember-novemberi id\u0151szak v\u00e9g\u00e9n 85 ezer volt az azt megel\u0151z\u0151 h\u00f3nap v\u00e9g\u00e9n nyilv\u00e1ntartott 78 ezer ut\u00e1n. Az MBH Bank vezet\u0151 elemz\u0151je szerint ez azt mutatja, hogy tov\u00e1bb emelkedett a munkaer\u0151piaci feszess\u00e9g, tov\u00e1bbra is er\u0151s kereslet mutatkozik a munkaer\u0151 ir\u00e1nt, amit jelez a b\u00e9rnyom\u00e1s m\u00e9rt\u00e9ke is, amely b\u00e1r kism\u00e9rt\u00e9kben lassult, de tov\u00e1bbra is k\u00f6zel van a 15 sz\u00e1zal\u00e9kos szinthez.<\/p>\n<p>Ez egyben a legut\u00f3bbi infl\u00e1ci\u00f3s sz\u00e1mok alapj\u00e1n m\u00e1r pozit\u00edv re\u00e1lb\u00e9r n\u00f6veked\u00e9st is jelez, fokozatosan t\u00e1mogatva a gyeng\u00e9bb fogyaszt\u00e1s helyre\u00e1ll\u00e1s\u00e1t &#8211; k\u00f6z\u00f6lte a p\u00e9nz\u00fcgyi szak\u00e9rt\u0151. A foglalkoztat\u00e1si r\u00e1t\u00e1t tov\u00e1bbra is historikusan magasnak tartja Horv\u00e1th Andr\u00e1s, ugyanis a legutols\u00f3 negyed\u00e9vben a 15-64 \u00e9ves n\u00e9pess\u00e9g 75 sz\u00e1zal\u00e9ka dolgozott a megel\u0151z\u0151 negyed\u00e9v 74,7 sz\u00e1zal\u00e9kos, illetve az el\u0151z\u0151 \u00e9v azonos id\u0151szak\u00e1ban m\u00e9rt 74,6 sz\u00e1zal\u00e9kos szinttel \u00f6sszevetve.<\/p>\n<h2>Nehezen tal\u00e1lkozik az \u00e1ll\u00e1skeres\u0151k szakmaismere a munk\u00e1ltat\u00f3k ig\u00e9nyeivel<\/h2>\n<p>Az \u00e9rdekv\u00e9delmi konglomer\u00e1tum vezet\u0151je hangs\u00falyozta, alapvet\u0151en m\u00e1s t\u00edpus\u00fa munkav\u00e1llal\u00f3k ut\u00e1n n\u0151tt meg a kereslet, m\u00e1s szakk\u00e9pes\u00edt\u00e9ssel, m\u00e1s t\u00edpus\u00fa gyakorlattal rendelkez\u0151 munkav\u00e1llal\u00f3k ir\u00e1nt ny\u00fajtanak be ig\u00e9nyeket az \u00e1ll\u00e1skeres\u0151k fel\u00e9 a munk\u00e1ltat\u00f3k. A probl\u00e9m\u00e1t szerinte az okozza, hogy a keresleti \u00e9s k\u00edn\u00e1lati oldal \u00e1ltal t\u00e1masztott elv\u00e1r\u00e1sok nem feleltethet\u0151k meg egym\u00e1snak. Az \u00e1ll\u00e1skeres\u0151k szakmaismerete, gyakorlata nem azonos azzal, mint amilyen ig\u00e9nyeket jelenleg a munk\u00e1ltat\u00f3k t\u00e1masztanak a munkav\u00e1llal\u00f3kkal szemben.<\/p>\n<p>M\u00e9sz\u00e1ros arra is felh\u00edvta a figyelmet, hogy tov\u00e1bbra is gondot okoznak a f\u00f6ldrajzi szempontok: egyr\u00e9szt m\u00e9g mindig nagyon kev\u00e9ss\u00e9 hajland\u00f3k a munkav\u00e1llal\u00f3k a mobilit\u00e1s v\u00e1llal\u00e1s\u00e1ra, m\u00e1sr\u00e9szt a meg\u00fcresedett \u00e1ll\u00e1shelyek jelenleg nem ott keletkeznek, ahol nagy sz\u00e1mban \u00e9lnek \u00e1ll\u00e1skeres\u0151k. A szakszervezeti vezet\u0151 szerint a mobilit\u00e1st seg\u00edthetn\u00e9 el\u0151 olyan min\u0151s\u00e9gi sz\u00e1ll\u00e1shelyek kialak\u00edt\u00e1sa, amelyek alkalmasak csal\u00e1dok elhelyez\u00e9s\u00e9re is, valamint \u201e<em>le kell szokni a t\u00f6megsz\u00e1ll\u00e1s-elgondol\u00e1sr\u00f3l<\/em>\u201d, amelyet egy\u00e9bk\u00e9nt Nyugat-Eur\u00f3p\u00e1ban egy\u00e1ltal\u00e1n nem alkalmaznak m\u00e1r. \u00daj t\u00edpus\u00fa elhelyez\u00e9si form\u00e1kkal lehet m\u00e9g ink\u00e1bb arra sarkallni az \u00e1ll\u00e1skeres\u0151ket, hogy ak\u00e1r az orsz\u00e1g m\u00e1sik v\u00e9g\u00e9ben is munk\u00e1t v\u00e1llaljanak \u2013 tette hozz\u00e1.<\/p>\n<p>Forr\u00e1s: <a href=\"https:\/\/www.economx.hu\/gazdasag\/munkanelkuliseg-liga-szakszervezet-munkaero-gazdasag-mbh-bank.782974.html\" target=\"_blank\" rel=\"nofollow noopener noreferrer\">economx.hu<\/a><\/p>\n<p>&nbsp;<\/p>\n","protected":false},"excerpt":{"rendered":"<p>V\u00e1rhat\u00f3 volt, hogy n\u0151ni fog az \u00e1ll\u00e1skeres\u0151k sz\u00e1ma, sz\u00e1mos ter\u00fcleten sz\u0171ntek meg v\u00e1llalkoz\u00e1sok, illetve k\u00f6vetkeztek be l\u00e9tsz\u00e1mle\u00e9p\u00edt\u00e9sek, -cs\u00f6kkent\u00e9sek. Ezeknek egyr\u00e9szt gazdas\u00e1gi okai voltak, m\u00e1sr\u00e9szt technol\u00f3giav\u00e1lt\u00e1s is lezajlott t\u00f6bb szektorban \u2013 fogalmazott az Economxnak M\u00e9sz\u00e1ros Melinda, a Liga Szakszervezetek eln\u00f6ke. A K\u00f6zponti Statisztikai Hivatal (KSH) legfrissebb kimutat\u00e1sa szerint 2023 november\u00e9ben ism\u00e9t egyszerre n\u0151tt a foglalkoztatottak \u00e9s [&hellip;]<\/p>\n","protected":false},"author":1,"featured_media":7204,"comment_status":"closed","ping_status":"closed","sticky":false,"template":"","format":"standard","meta":{"_monsterinsights_skip_tracking":false,"footnotes":""},"categories":[200],"tags":[682,81],"class_list":["post-7203","post","type-post","status-publish","format-standard","has-post-thumbnail","hentry","category-munkaeropiac","tag-munaerohiany","tag-munkanelkuliseg-2"],"aioseo_notices":[],"aioseo_head":"\n\t\t<!-- All in One SEO 5.0.0.1 - aioseo.com -->\n\t<meta name=\"description\" content=\"Sz\u00e1mos ter\u00fcleten sz\u0171ntek meg v\u00e1llalkoz\u00e1sok, illetve k\u00f6vetkeztek be l\u00e9tsz\u00e1mle\u00e9p\u00edt\u00e9sek, -cs\u00f6kkent\u00e9sek. Ezeknek egyr\u00e9szt gazdas\u00e1gi okai voltak.\" \/>\n\t<meta name=\"robots\" content=\"max-image-preview:large\" \/>\n\t<meta name=\"author\" content=\"Juh\u00e1sz P\u00e9ter\"\/>\n\t<meta name=\"keywords\" content=\"munaer\u0151hi\u00e1ny,munkan\u00e9lk\u00fclis\u00e9g\" \/>\n\t<link rel=\"canonical\" href=\"https:\/\/allasorias.hu\/hirek\/egyszerre-van-munkanelkuliseg-es-munkaerohiany\/\" \/>\n\t<meta name=\"generator\" content=\"All in One SEO (AIOSEO) 5.0.0.1\" \/>\n\t\t<meta property=\"og:locale\" content=\"hu_HU\" \/>\n\t\t<meta property=\"og:site_name\" content=\"AllasOrias.hu | H\u00edrek-lapszemle | \u00dczleti h\u00edrek az \u00e1ll\u00e1s \u00e9s a munka vil\u00e1g\u00e1b\u00f3l\" \/>\n\t\t<meta property=\"og:type\" content=\"article\" \/>\n\t\t<meta property=\"og:title\" content=\"Egyszerre van munkan\u00e9lk\u00fclis\u00e9g \u00e9s munkaer\u0151hi\u00e1ny | Allasorias\" \/>\n\t\t<meta property=\"og:description\" content=\"Sz\u00e1mos ter\u00fcleten sz\u0171ntek meg v\u00e1llalkoz\u00e1sok, illetve k\u00f6vetkeztek be l\u00e9tsz\u00e1mle\u00e9p\u00edt\u00e9sek, -cs\u00f6kkent\u00e9sek. Ezeknek egyr\u00e9szt gazdas\u00e1gi okai voltak.\" \/>\n\t\t<meta property=\"og:url\" content=\"https:\/\/allasorias.hu\/hirek\/egyszerre-van-munkanelkuliseg-es-munkaerohiany\/\" \/>\n\t\t<meta property=\"og:image\" content=\"https:\/\/allasorias.hu\/hirek\/wp-content\/uploads\/2024\/01\/munkanelkuliseg-munkaerohiany.jpg\" \/>\n\t\t<meta property=\"og:image:secure_url\" content=\"https:\/\/allasorias.hu\/hirek\/wp-content\/uploads\/2024\/01\/munkanelkuliseg-munkaerohiany.jpg\" \/>\n\t\t<meta property=\"og:image:width\" content=\"1280\" \/>\n\t\t<meta property=\"og:image:height\" content=\"780\" \/>\n\t\t<meta property=\"article:published_time\" content=\"2024-01-08T07:29:05+00:00\" \/>\n\t\t<meta property=\"article:modified_time\" content=\"2024-01-09T08:48:39+00:00\" \/>\n\t\t<meta property=\"article:publisher\" content=\"https:\/\/www.facebook.com\/allasorias\" \/>\n\t\t<meta name=\"twitter:card\" content=\"summary_large_image\" \/>\n\t\t<meta name=\"twitter:title\" content=\"Egyszerre van munkan\u00e9lk\u00fclis\u00e9g \u00e9s munkaer\u0151hi\u00e1ny | Allasorias\" \/>\n\t\t<meta name=\"twitter:description\" content=\"Sz\u00e1mos ter\u00fcleten sz\u0171ntek meg v\u00e1llalkoz\u00e1sok, illetve k\u00f6vetkeztek be l\u00e9tsz\u00e1mle\u00e9p\u00edt\u00e9sek, -cs\u00f6kkent\u00e9sek. Ezeknek egyr\u00e9szt gazdas\u00e1gi okai voltak.\" \/>\n\t\t<meta name=\"twitter:image\" content=\"https:\/\/allasorias.hu\/hirek\/wp-content\/uploads\/2024\/01\/munkanelkuliseg-munkaerohiany.jpg\" \/>\n\t\t<meta name=\"twitter:label1\" content=\"Written by\" \/>\n\t\t<meta name=\"twitter:data1\" content=\"Juh\u00e1sz P\u00e9ter\" \/>\n\t\t<meta name=\"twitter:label2\" content=\"Est. reading time\" \/>\n\t\t<meta name=\"twitter:data2\" content=\"4 minutes\" \/>\n\t\t<script type=\"application\/ld+json\" class=\"aioseo-schema\">\n\t\t\t{\"@context\":\"https:\\\/\\\/schema.org\",\"@graph\":[{\"@type\":\"Article\",\"@id\":\"https:\\\/\\\/allasorias.hu\\\/hirek\\\/egyszerre-van-munkanelkuliseg-es-munkaerohiany\\\/#article\",\"name\":\"Egyszerre van munkan\\u00e9lk\\u00fclis\\u00e9g \\u00e9s munkaer\\u0151hi\\u00e1ny | Allasorias\",\"headline\":\"Egyszerre van munkan\\u00e9lk\\u00fclis\\u00e9g \\u00e9s munkaer\\u0151hi\\u00e1ny\",\"author\":{\"@id\":\"https:\\\/\\\/allasorias.hu\\\/hirek\\\/author\\\/admin-allasorias\\\/#author\"},\"publisher\":{\"@id\":\"https:\\\/\\\/allasorias.hu\\\/hirek\\\/#organization\"},\"image\":{\"@type\":\"ImageObject\",\"url\":\"https:\\\/\\\/allasorias.hu\\\/hirek\\\/wp-content\\\/uploads\\\/2024\\\/01\\\/munkanelkuliseg-munkaerohiany.jpg\",\"width\":1280,\"height\":780,\"caption\":\"Egyszerre van munkan\\u00e9lk\\u00fclis\\u00e9g \\u00e9s munkaer\\u0151hi\\u00e1ny - Allasorias.hu\\\/Hirek\"},\"datePublished\":\"2024-01-08T09:29:05+02:00\",\"dateModified\":\"2024-01-09T10:48:39+02:00\",\"inLanguage\":\"hu-HU\",\"mainEntityOfPage\":{\"@id\":\"https:\\\/\\\/allasorias.hu\\\/hirek\\\/egyszerre-van-munkanelkuliseg-es-munkaerohiany\\\/#webpage\"},\"isPartOf\":{\"@id\":\"https:\\\/\\\/allasorias.hu\\\/hirek\\\/egyszerre-van-munkanelkuliseg-es-munkaerohiany\\\/#webpage\"},\"articleSection\":\"Munkaer\\u0151piac, munaer\\u0151hi\\u00e1ny, munkan\\u00e9lk\\u00fclis\\u00e9g\"},{\"@type\":\"BreadcrumbList\",\"@id\":\"https:\\\/\\\/allasorias.hu\\\/hirek\\\/egyszerre-van-munkanelkuliseg-es-munkaerohiany\\\/#breadcrumblist\",\"itemListElement\":[{\"@type\":\"ListItem\",\"@id\":\"https:\\\/\\\/allasorias.hu\\\/hirek#listItem\",\"position\":1,\"name\":\"Home\",\"item\":\"https:\\\/\\\/allasorias.hu\\\/hirek\",\"nextItem\":{\"@type\":\"ListItem\",\"@id\":\"https:\\\/\\\/allasorias.hu\\\/hirek\\\/temak\\\/munkaeropiac\\\/#listItem\",\"name\":\"Munkaer\\u0151piac\"}},{\"@type\":\"ListItem\",\"@id\":\"https:\\\/\\\/allasorias.hu\\\/hirek\\\/temak\\\/munkaeropiac\\\/#listItem\",\"position\":2,\"name\":\"Munkaer\\u0151piac\",\"item\":\"https:\\\/\\\/allasorias.hu\\\/hirek\\\/temak\\\/munkaeropiac\\\/\",\"nextItem\":{\"@type\":\"ListItem\",\"@id\":\"https:\\\/\\\/allasorias.hu\\\/hirek\\\/egyszerre-van-munkanelkuliseg-es-munkaerohiany\\\/#listItem\",\"name\":\"Egyszerre van munkan\\u00e9lk\\u00fclis\\u00e9g \\u00e9s munkaer\\u0151hi\\u00e1ny\"},\"previousItem\":{\"@type\":\"ListItem\",\"@id\":\"https:\\\/\\\/allasorias.hu\\\/hirek#listItem\",\"name\":\"Home\"}},{\"@type\":\"ListItem\",\"@id\":\"https:\\\/\\\/allasorias.hu\\\/hirek\\\/egyszerre-van-munkanelkuliseg-es-munkaerohiany\\\/#listItem\",\"position\":3,\"name\":\"Egyszerre van munkan\\u00e9lk\\u00fclis\\u00e9g \\u00e9s munkaer\\u0151hi\\u00e1ny\",\"previousItem\":{\"@type\":\"ListItem\",\"@id\":\"https:\\\/\\\/allasorias.hu\\\/hirek\\\/temak\\\/munkaeropiac\\\/#listItem\",\"name\":\"Munkaer\\u0151piac\"}}]},{\"@type\":\"Organization\",\"@id\":\"https:\\\/\\\/allasorias.hu\\\/hirek\\\/#organization\",\"name\":\"AllasOrias.hu | H\\u00edrek-lapszemle\",\"description\":\"\\u00dczleti h\\u00edrek az \\u00e1ll\\u00e1s \\u00e9s a munka vil\\u00e1g\\u00e1b\\u00f3l\",\"url\":\"https:\\\/\\\/allasorias.hu\\\/hirek\\\/\",\"logo\":{\"@type\":\"ImageObject\",\"url\":\"https:\\\/\\\/allasorias.hu\\\/hirek\\\/wp-content\\\/uploads\\\/2022\\\/10\\\/allasorias_site_facebok_logo.png\",\"@id\":\"https:\\\/\\\/allasorias.hu\\\/hirek\\\/egyszerre-van-munkanelkuliseg-es-munkaerohiany\\\/#organizationLogo\"},\"image\":{\"@id\":\"https:\\\/\\\/allasorias.hu\\\/hirek\\\/egyszerre-van-munkanelkuliseg-es-munkaerohiany\\\/#organizationLogo\"},\"sameAs\":[\"https:\\\/\\\/www.facebook.com\\\/allasorias\",\"https:\\\/\\\/www.linkedin.com\\\/company\\\/allasorias\"]},{\"@type\":\"Person\",\"@id\":\"https:\\\/\\\/allasorias.hu\\\/hirek\\\/author\\\/admin-allasorias\\\/#author\",\"url\":\"https:\\\/\\\/allasorias.hu\\\/hirek\\\/author\\\/admin-allasorias\\\/\",\"name\":\"Juh\\u00e1sz P\\u00e9ter\",\"image\":{\"@type\":\"ImageObject\",\"@id\":\"https:\\\/\\\/allasorias.hu\\\/hirek\\\/egyszerre-van-munkanelkuliseg-es-munkaerohiany\\\/#authorImage\",\"url\":\"https:\\\/\\\/secure.gravatar.com\\\/avatar\\\/36e6bcb83148978b992977cb0f54d22feb0cce8a0a849a9410532bb2623ba4c6?s=96&d=mm&r=g\",\"width\":96,\"height\":96,\"caption\":\"Juh\\u00e1sz P\\u00e9ter\"}},{\"@type\":\"WebPage\",\"@id\":\"https:\\\/\\\/allasorias.hu\\\/hirek\\\/egyszerre-van-munkanelkuliseg-es-munkaerohiany\\\/#webpage\",\"url\":\"https:\\\/\\\/allasorias.hu\\\/hirek\\\/egyszerre-van-munkanelkuliseg-es-munkaerohiany\\\/\",\"name\":\"Egyszerre van munkan\\u00e9lk\\u00fclis\\u00e9g \\u00e9s munkaer\\u0151hi\\u00e1ny | Allasorias\",\"description\":\"Sz\\u00e1mos ter\\u00fcleten sz\\u0171ntek meg v\\u00e1llalkoz\\u00e1sok, illetve k\\u00f6vetkeztek be l\\u00e9tsz\\u00e1mle\\u00e9p\\u00edt\\u00e9sek, -cs\\u00f6kkent\\u00e9sek. Ezeknek egyr\\u00e9szt gazdas\\u00e1gi okai voltak.\",\"inLanguage\":\"hu-HU\",\"isPartOf\":{\"@id\":\"https:\\\/\\\/allasorias.hu\\\/hirek\\\/#website\"},\"breadcrumb\":{\"@id\":\"https:\\\/\\\/allasorias.hu\\\/hirek\\\/egyszerre-van-munkanelkuliseg-es-munkaerohiany\\\/#breadcrumblist\"},\"author\":{\"@id\":\"https:\\\/\\\/allasorias.hu\\\/hirek\\\/author\\\/admin-allasorias\\\/#author\"},\"creator\":{\"@id\":\"https:\\\/\\\/allasorias.hu\\\/hirek\\\/author\\\/admin-allasorias\\\/#author\"},\"image\":{\"@type\":\"ImageObject\",\"url\":\"https:\\\/\\\/allasorias.hu\\\/hirek\\\/wp-content\\\/uploads\\\/2024\\\/01\\\/munkanelkuliseg-munkaerohiany.jpg\",\"@id\":\"https:\\\/\\\/allasorias.hu\\\/hirek\\\/egyszerre-van-munkanelkuliseg-es-munkaerohiany\\\/#mainImage\",\"width\":1280,\"height\":780,\"caption\":\"Egyszerre van munkan\\u00e9lk\\u00fclis\\u00e9g \\u00e9s munkaer\\u0151hi\\u00e1ny - Allasorias.hu\\\/Hirek\"},\"primaryImageOfPage\":{\"@id\":\"https:\\\/\\\/allasorias.hu\\\/hirek\\\/egyszerre-van-munkanelkuliseg-es-munkaerohiany\\\/#mainImage\"},\"datePublished\":\"2024-01-08T09:29:05+02:00\",\"dateModified\":\"2024-01-09T10:48:39+02:00\"},{\"@type\":\"WebSite\",\"@id\":\"https:\\\/\\\/allasorias.hu\\\/hirek\\\/#website\",\"url\":\"https:\\\/\\\/allasorias.hu\\\/hirek\\\/\",\"name\":\"AllasOrias.hu | H\\u00edrek-lapszemle\",\"description\":\"\\u00dczleti h\\u00edrek az \\u00e1ll\\u00e1s \\u00e9s a munka vil\\u00e1g\\u00e1b\\u00f3l\",\"inLanguage\":\"hu-HU\",\"publisher\":{\"@id\":\"https:\\\/\\\/allasorias.hu\\\/hirek\\\/#organization\"}}]}\n\t\t<\/script>\n\t\t<!-- All in One SEO -->\n\n","aioseo_head_json":{"title":"Egyszerre van munkan\u00e9lk\u00fclis\u00e9g \u00e9s munkaer\u0151hi\u00e1ny | Allasorias","description":"Sz\u00e1mos ter\u00fcleten sz\u0171ntek meg v\u00e1llalkoz\u00e1sok, illetve k\u00f6vetkeztek be l\u00e9tsz\u00e1mle\u00e9p\u00edt\u00e9sek, -cs\u00f6kkent\u00e9sek. Ezeknek egyr\u00e9szt gazdas\u00e1gi okai voltak.","canonical_url":"https:\/\/allasorias.hu\/hirek\/egyszerre-van-munkanelkuliseg-es-munkaerohiany\/","robots":"max-image-preview:large","keywords":"munaer\u0151hi\u00e1ny,munkan\u00e9lk\u00fclis\u00e9g","webmasterTools":{"miscellaneous":""},"schema":{"@context":"https:\/\/schema.org","@graph":[{"@type":"Article","@id":"https:\/\/allasorias.hu\/hirek\/egyszerre-van-munkanelkuliseg-es-munkaerohiany\/#article","name":"Egyszerre van munkan\u00e9lk\u00fclis\u00e9g \u00e9s munkaer\u0151hi\u00e1ny | Allasorias","headline":"Egyszerre van munkan\u00e9lk\u00fclis\u00e9g \u00e9s munkaer\u0151hi\u00e1ny","author":{"@id":"https:\/\/allasorias.hu\/hirek\/author\/admin-allasorias\/#author"},"publisher":{"@id":"https:\/\/allasorias.hu\/hirek\/#organization"},"image":{"@type":"ImageObject","url":"https:\/\/allasorias.hu\/hirek\/wp-content\/uploads\/2024\/01\/munkanelkuliseg-munkaerohiany.jpg","width":1280,"height":780,"caption":"Egyszerre van munkan\u00e9lk\u00fclis\u00e9g \u00e9s munkaer\u0151hi\u00e1ny - Allasorias.hu\/Hirek"},"datePublished":"2024-01-08T09:29:05+02:00","dateModified":"2024-01-09T10:48:39+02:00","inLanguage":"hu-HU","mainEntityOfPage":{"@id":"https:\/\/allasorias.hu\/hirek\/egyszerre-van-munkanelkuliseg-es-munkaerohiany\/#webpage"},"isPartOf":{"@id":"https:\/\/allasorias.hu\/hirek\/egyszerre-van-munkanelkuliseg-es-munkaerohiany\/#webpage"},"articleSection":"Munkaer\u0151piac, munaer\u0151hi\u00e1ny, munkan\u00e9lk\u00fclis\u00e9g"},{"@type":"BreadcrumbList","@id":"https:\/\/allasorias.hu\/hirek\/egyszerre-van-munkanelkuliseg-es-munkaerohiany\/#breadcrumblist","itemListElement":[{"@type":"ListItem","@id":"https:\/\/allasorias.hu\/hirek#listItem","position":1,"name":"Home","item":"https:\/\/allasorias.hu\/hirek","nextItem":{"@type":"ListItem","@id":"https:\/\/allasorias.hu\/hirek\/temak\/munkaeropiac\/#listItem","name":"Munkaer\u0151piac"}},{"@type":"ListItem","@id":"https:\/\/allasorias.hu\/hirek\/temak\/munkaeropiac\/#listItem","position":2,"name":"Munkaer\u0151piac","item":"https:\/\/allasorias.hu\/hirek\/temak\/munkaeropiac\/","nextItem":{"@type":"ListItem","@id":"https:\/\/allasorias.hu\/hirek\/egyszerre-van-munkanelkuliseg-es-munkaerohiany\/#listItem","name":"Egyszerre van munkan\u00e9lk\u00fclis\u00e9g \u00e9s munkaer\u0151hi\u00e1ny"},"previousItem":{"@type":"ListItem","@id":"https:\/\/allasorias.hu\/hirek#listItem","name":"Home"}},{"@type":"ListItem","@id":"https:\/\/allasorias.hu\/hirek\/egyszerre-van-munkanelkuliseg-es-munkaerohiany\/#listItem","position":3,"name":"Egyszerre van munkan\u00e9lk\u00fclis\u00e9g \u00e9s munkaer\u0151hi\u00e1ny","previousItem":{"@type":"ListItem","@id":"https:\/\/allasorias.hu\/hirek\/temak\/munkaeropiac\/#listItem","name":"Munkaer\u0151piac"}}]},{"@type":"Organization","@id":"https:\/\/allasorias.hu\/hirek\/#organization","name":"AllasOrias.hu | H\u00edrek-lapszemle","description":"\u00dczleti h\u00edrek az \u00e1ll\u00e1s \u00e9s a munka vil\u00e1g\u00e1b\u00f3l","url":"https:\/\/allasorias.hu\/hirek\/","logo":{"@type":"ImageObject","url":"https:\/\/allasorias.hu\/hirek\/wp-content\/uploads\/2022\/10\/allasorias_site_facebok_logo.png","@id":"https:\/\/allasorias.hu\/hirek\/egyszerre-van-munkanelkuliseg-es-munkaerohiany\/#organizationLogo"},"image":{"@id":"https:\/\/allasorias.hu\/hirek\/egyszerre-van-munkanelkuliseg-es-munkaerohiany\/#organizationLogo"},"sameAs":["https:\/\/www.facebook.com\/allasorias","https:\/\/www.linkedin.com\/company\/allasorias"]},{"@type":"Person","@id":"https:\/\/allasorias.hu\/hirek\/author\/admin-allasorias\/#author","url":"https:\/\/allasorias.hu\/hirek\/author\/admin-allasorias\/","name":"Juh\u00e1sz P\u00e9ter","image":{"@type":"ImageObject","@id":"https:\/\/allasorias.hu\/hirek\/egyszerre-van-munkanelkuliseg-es-munkaerohiany\/#authorImage","url":"https:\/\/secure.gravatar.com\/avatar\/36e6bcb83148978b992977cb0f54d22feb0cce8a0a849a9410532bb2623ba4c6?s=96&d=mm&r=g","width":96,"height":96,"caption":"Juh\u00e1sz P\u00e9ter"}},{"@type":"WebPage","@id":"https:\/\/allasorias.hu\/hirek\/egyszerre-van-munkanelkuliseg-es-munkaerohiany\/#webpage","url":"https:\/\/allasorias.hu\/hirek\/egyszerre-van-munkanelkuliseg-es-munkaerohiany\/","name":"Egyszerre van munkan\u00e9lk\u00fclis\u00e9g \u00e9s munkaer\u0151hi\u00e1ny | Allasorias","description":"Sz\u00e1mos ter\u00fcleten sz\u0171ntek meg v\u00e1llalkoz\u00e1sok, illetve k\u00f6vetkeztek be l\u00e9tsz\u00e1mle\u00e9p\u00edt\u00e9sek, -cs\u00f6kkent\u00e9sek. Ezeknek egyr\u00e9szt gazdas\u00e1gi okai voltak.","inLanguage":"hu-HU","isPartOf":{"@id":"https:\/\/allasorias.hu\/hirek\/#website"},"breadcrumb":{"@id":"https:\/\/allasorias.hu\/hirek\/egyszerre-van-munkanelkuliseg-es-munkaerohiany\/#breadcrumblist"},"author":{"@id":"https:\/\/allasorias.hu\/hirek\/author\/admin-allasorias\/#author"},"creator":{"@id":"https:\/\/allasorias.hu\/hirek\/author\/admin-allasorias\/#author"},"image":{"@type":"ImageObject","url":"https:\/\/allasorias.hu\/hirek\/wp-content\/uploads\/2024\/01\/munkanelkuliseg-munkaerohiany.jpg","@id":"https:\/\/allasorias.hu\/hirek\/egyszerre-van-munkanelkuliseg-es-munkaerohiany\/#mainImage","width":1280,"height":780,"caption":"Egyszerre van munkan\u00e9lk\u00fclis\u00e9g \u00e9s munkaer\u0151hi\u00e1ny - Allasorias.hu\/Hirek"},"primaryImageOfPage":{"@id":"https:\/\/allasorias.hu\/hirek\/egyszerre-van-munkanelkuliseg-es-munkaerohiany\/#mainImage"},"datePublished":"2024-01-08T09:29:05+02:00","dateModified":"2024-01-09T10:48:39+02:00"},{"@type":"WebSite","@id":"https:\/\/allasorias.hu\/hirek\/#website","url":"https:\/\/allasorias.hu\/hirek\/","name":"AllasOrias.hu | H\u00edrek-lapszemle","description":"\u00dczleti h\u00edrek az \u00e1ll\u00e1s \u00e9s a munka vil\u00e1g\u00e1b\u00f3l","inLanguage":"hu-HU","publisher":{"@id":"https:\/\/allasorias.hu\/hirek\/#organization"}}]},"og:locale":"hu_HU","og:site_name":"AllasOrias.hu | H\u00edrek-lapszemle | \u00dczleti h\u00edrek az \u00e1ll\u00e1s \u00e9s a munka vil\u00e1g\u00e1b\u00f3l","og:type":"article","og:title":"Egyszerre van munkan\u00e9lk\u00fclis\u00e9g \u00e9s munkaer\u0151hi\u00e1ny | Allasorias","og:description":"Sz\u00e1mos ter\u00fcleten sz\u0171ntek meg v\u00e1llalkoz\u00e1sok, illetve k\u00f6vetkeztek be l\u00e9tsz\u00e1mle\u00e9p\u00edt\u00e9sek, -cs\u00f6kkent\u00e9sek. Ezeknek egyr\u00e9szt gazdas\u00e1gi okai voltak.","og:url":"https:\/\/allasorias.hu\/hirek\/egyszerre-van-munkanelkuliseg-es-munkaerohiany\/","og:image":"https:\/\/allasorias.hu\/hirek\/wp-content\/uploads\/2024\/01\/munkanelkuliseg-munkaerohiany.jpg","og:image:secure_url":"https:\/\/allasorias.hu\/hirek\/wp-content\/uploads\/2024\/01\/munkanelkuliseg-munkaerohiany.jpg","og:image:width":1280,"og:image:height":780,"article:published_time":"2024-01-08T07:29:05+00:00","article:modified_time":"2024-01-09T08:48:39+00:00","article:publisher":"https:\/\/www.facebook.com\/allasorias","twitter:card":"summary_large_image","twitter:title":"Egyszerre van munkan\u00e9lk\u00fclis\u00e9g \u00e9s munkaer\u0151hi\u00e1ny | Allasorias","twitter:description":"Sz\u00e1mos ter\u00fcleten sz\u0171ntek meg v\u00e1llalkoz\u00e1sok, illetve k\u00f6vetkeztek be l\u00e9tsz\u00e1mle\u00e9p\u00edt\u00e9sek, -cs\u00f6kkent\u00e9sek. Ezeknek egyr\u00e9szt gazdas\u00e1gi okai voltak.","twitter:image":"https:\/\/allasorias.hu\/hirek\/wp-content\/uploads\/2024\/01\/munkanelkuliseg-munkaerohiany.jpg","twitter:label1":"Written by","twitter:data1":"Juh\u00e1sz P\u00e9ter","twitter:label2":"Est. reading time","twitter:data2":"4 minutes"},"aioseo_meta_data":{"post_id":"7203","title":"#post_title | Allasorias","description":"Sz\u00e1mos ter\u00fcleten sz\u0171ntek meg v\u00e1llalkoz\u00e1sok, illetve k\u00f6vetkeztek be l\u00e9tsz\u00e1mle\u00e9p\u00edt\u00e9sek, -cs\u00f6kkent\u00e9sek. Ezeknek egyr\u00e9szt gazdas\u00e1gi okai voltak.","keywords":[],"keyphrases":{"focus":{"keyphrase":"","score":0,"analysis":{"keyphraseInTitle":{"score":0,"maxScore":9,"error":1}}},"additional":[]},"primary_term":null,"canonical_url":null,"og_title":null,"og_description":null,"og_object_type":"default","og_image_type":"default","og_image_url":null,"og_image_width":null,"og_image_height":null,"og_image_custom_url":null,"og_image_custom_fields":null,"og_video":"","og_custom_url":null,"og_article_section":null,"og_article_tags":[],"twitter_use_og":true,"twitter_card":"default","twitter_image_type":"default","twitter_image_url":null,"twitter_image_custom_url":null,"twitter_image_custom_fields":null,"twitter_title":null,"twitter_description":null,"schema":{"blockGraphs":[],"customGraphs":[],"default":{"data":{"Article":[],"Course":[],"Dataset":[],"FAQPage":[],"Movie":[],"Person":[],"Product":[],"ProductReview":[],"Car":[],"Recipe":[],"Service":[],"SoftwareApplication":[],"WebPage":[]},"graphName":"Article","isEnabled":true},"graphs":[]},"schema_type":"default","schema_type_options":null,"pillar_content":false,"robots_default":true,"robots_noindex":false,"robots_noarchive":false,"robots_nosnippet":false,"robots_nofollow":false,"robots_noimageindex":false,"robots_noodp":false,"robots_notranslate":false,"robots_max_snippet":"-1","robots_max_videopreview":"-1","robots_max_imagepreview":"large","priority":null,"frequency":"default","location":null,"local_seo":null,"breadcrumb_settings":null,"limit_modified_date":false,"ai":null,"created":"2024-01-09 08:29:05","updated":"2025-10-02 19:26:48","seo_analyzer_scan_date":null,"focus_keyword":null,"additional_keywords":null,"truseo_locale":null},"aioseo_breadcrumb":"<div class=\"aioseo-breadcrumbs\"><span class=\"aioseo-breadcrumb\">\n\t\t\t<a href=\"https:\/\/allasorias.hu\/hirek\" title=\"Home\">Home<\/a>\n\t\t<\/span><span class=\"aioseo-breadcrumb-separator\">&raquo;<\/span><span class=\"aioseo-breadcrumb\">\n\t\t\t<a href=\"https:\/\/allasorias.hu\/hirek\/temak\/munkaeropiac\/\" title=\"Munkaer\u0151piac\">Munkaer\u0151piac<\/a>\n\t\t<\/span><span class=\"aioseo-breadcrumb-separator\">&raquo;<\/span><span class=\"aioseo-breadcrumb\">\n\t\t\tEgyszerre van munkan\u00e9lk\u00fclis\u00e9g \u00e9s munkaer\u0151hi\u00e1ny\n\t\t<\/span><\/div>","aioseo_breadcrumb_json":[{"label":"Home","link":"https:\/\/allasorias.hu\/hirek"},{"label":"Munkaer\u0151piac","link":"https:\/\/allasorias.hu\/hirek\/temak\/munkaeropiac\/"},{"label":"Egyszerre van munkan\u00e9lk\u00fclis\u00e9g \u00e9s munkaer\u0151hi\u00e1ny","link":"https:\/\/allasorias.hu\/hirek\/egyszerre-van-munkanelkuliseg-es-munkaerohiany\/"}],"_links":{"self":[{"href":"https:\/\/allasorias.hu\/hirek\/wp-json\/wp\/v2\/posts\/7203","targetHints":{"allow":["GET"]}}],"collection":[{"href":"https:\/\/allasorias.hu\/hirek\/wp-json\/wp\/v2\/posts"}],"about":[{"href":"https:\/\/allasorias.hu\/hirek\/wp-json\/wp\/v2\/types\/post"}],"author":[{"embeddable":true,"href":"https:\/\/allasorias.hu\/hirek\/wp-json\/wp\/v2\/users\/1"}],"replies":[{"embeddable":true,"href":"https:\/\/allasorias.hu\/hirek\/wp-json\/wp\/v2\/comments?post=7203"}],"version-history":[{"count":2,"href":"https:\/\/allasorias.hu\/hirek\/wp-json\/wp\/v2\/posts\/7203\/revisions"}],"predecessor-version":[{"id":7206,"href":"https:\/\/allasorias.hu\/hirek\/wp-json\/wp\/v2\/posts\/7203\/revisions\/7206"}],"wp:featuredmedia":[{"embeddable":true,"href":"https:\/\/allasorias.hu\/hirek\/wp-json\/wp\/v2\/media\/7204"}],"wp:attachment":[{"href":"https:\/\/allasorias.hu\/hirek\/wp-json\/wp\/v2\/media?parent=7203"}],"wp:term":[{"taxonomy":"category","embeddable":true,"href":"https:\/\/allasorias.hu\/hirek\/wp-json\/wp\/v2\/categories?post=7203"},{"taxonomy":"post_tag","embeddable":true,"href":"https:\/\/allasorias.hu\/hirek\/wp-json\/wp\/v2\/tags?post=7203"}],"curies":[{"name":"wp","href":"https:\/\/api.w.org\/{rel}","templated":true}]}}