{"id":7190,"date":"2024-01-02T12:58:24","date_gmt":"2024-01-02T10:58:24","guid":{"rendered":"https:\/\/allasorias.hu\/hirek\/?p=7190"},"modified":"2024-01-02T12:59:35","modified_gmt":"2024-01-02T10:59:35","slug":"nehez-helyzetben-a-z-generacio","status":"publish","type":"post","link":"https:\/\/allasorias.hu\/hirek\/nehez-helyzetben-a-z-generacio\/","title":{"rendered":"Neh\u00e9z helyzetben a Z gener\u00e1ci\u00f3"},"content":{"rendered":"<p><strong>Stresszesek a <a href=\"https:\/\/allasorias.hu\/hirek\/meghatarozoak-a-munkaeropiacon-a-z-generacio-tagjai\/\">Z gener\u00e1ci\u00f3 tagjai<\/a> a munkahelyeiken. 2025-re a Z gener\u00e1ci\u00f3 a nyugati orsz\u00e1gokban a munkaer\u0151 27%-\u00e1t \u00e9s a vil\u00e1g n\u00e9pess\u00e9g\u00e9nek egyharmad\u00e1t fogja k\u00e9pviselni. Ha \u0151k mind t\u00fals\u00e1gosan stresszesek maradnak ahhoz, hogy hat\u00e9konyan vegyenek r\u00e9szt a munkaer\u0151piacon, a szak\u00e9rt\u0151k szerint puszt\u00edt\u00f3 k\u00f6vetkezm\u00e9nyekre sz\u00e1m\u00edthatunk gazdas\u00e1gi \u00e9s t\u00e1rsadalmi szempontb\u00f3l is.<\/strong><\/p>\n<p>M\u00e1r-m\u00e1r k\u00f6zhely a kijelent\u00e9s, de nem lehet el\u00e9gszer hangs\u00falyozni: a vil\u00e1gj\u00e1rv\u00e1ny teljesen \u00e1t\u00edrta a munkaer\u0151piac t\u00f6rv\u00e9nyszer\u0171s\u00e9geit. A t\u00e1vmunka minden eddigin\u00e9l elterjedtebb\u00e9 v\u00e1lt \u2013 sz\u00e1mos el\u0151nye mellett j\u00f3l kimutathat\u00f3 h\u00e1tr\u00e1nyokkal. Ha otthonr\u00f3l dolgozunk, a laptop\u00e9rtes\u00edt\u00e9sek folyamatos \u00e1radata m\u00e1r \u00f6nmag\u00e1ban is ijeszt\u0151 lehet \u2013 arr\u00f3l nem is besz\u00e9lve, hogy a javar\u00e9szt csak virtu\u00e1lisan ismert munkat\u00e1rsak \u00fczeneteit nem mindig k\u00f6nny\u0171 \u00e9rtelmezni. A non-verb\u00e1lis kommunik\u00e1ci\u00f3 hi\u00e1ny\u00e1ban sokkal nehezebb eld\u00f6nten\u00fcnk, ki milyen t\u00f3nusban besz\u00e9l hozz\u00e1nk, ebben a szitu\u00e1ci\u00f3ban pedig k\u00f6nny\u0171 egyfajta negat\u00edv spir\u00e1lba ker\u00fclni.<\/p>\n<p>Ennek a m\u00e9ly\u00e9n hajlamosak vagyunk a lehet\u0151 legrosszabb jelent\u00e9st t\u00e1rs\u00edtani a koll\u00e9g\u00e1k vagy az \u00fcgyfelek szavaihoz, pedig val\u00f3sz\u00edn\u0171leg teljesen j\u00f3 sz\u00e1nd\u00e9kkal \u201esz\u00f3ltak\u201d hozz\u00e1nk. Innen m\u00e1r egyenes \u00fat vezet az \u00e1lland\u00f3 idegesked\u00e9shez \u2013 a pand\u00e9mia okozta lez\u00e1r\u00e1s olyan instabilit\u00e1st k\u00f3dolt bel\u00e9nk, ami miatt sokkal nehezebb elengedni a napi stresszt. Mindez sz\u00e1mokban is egy\u00e9rtelm\u0171en tetten \u00e9rhet\u0151. A Business Insider szerint a Gallup 2022-es munkahelyi felm\u00e9r\u00e9se alapj\u00e1n az Amerikai Egyes\u00fclt \u00c1llamokban \u00e9s Kanad\u00e1ban a megk\u00e9rdezett munkav\u00e1llal\u00f3k 52%-a stresszelt napi szinten a munkahely\u00e9n \u2013 ez az \u00e9rt\u00e9k rekordnak sz\u00e1m\u00edt.<\/p>\n<h2>A legt\u00f6bbet a \u201eremote generation\u201d vagy t\u00e1vgener\u00e1ci\u00f3 szorong<\/h2>\n<p>Az Egyes\u00fclt Kir\u00e1lys\u00e1gban az Eg\u00e9szs\u00e9gv\u00e9delmi \u00e9s Biztons\u00e1gi V\u00e9grehajt\u00f3 Hat\u00f3s\u00e1g statisztik\u00e1i alapj\u00e1n 14%-kal n\u0151tt a munkahelyi stresszel, szorong\u00e1ssal \u00e9s depresszi\u00f3val k\u00fczd\u0151k sz\u00e1ma 2020 \u00f3ta. A \u201eremote generation\u201d-nek, vagyis t\u00e1vgener\u00e1ci\u00f3nak is nevezett, 1995 ut\u00e1n sz\u00fcletett fiatalokb\u00f3l \u00e1ll\u00f3 demogr\u00e1fiai csoport minden eddigin\u00e9l t\u00f6bbet szorong. A Calm nev\u0171 medit\u00e1ci\u00f3s app felm\u00e9r\u00e9se szerint 2022-ben 58%-uk szorongott szinte folyamatosan, munkahelyt\u0151l f\u00fcggetlen\u00fcl \u2013 \u00f6sszehasonl\u00edt\u00e1sk\u00e9pp: az Y gener\u00e1ci\u00f3, vagyis az 1980 \u00e9s 1996 k\u00f6z\u00f6tt sz\u00fcletett emberek 39%-a vallott \u00edgy.<\/p>\n<p>A Z gener\u00e1ci\u00f3 nagyj\u00e1b\u00f3l a t\u00e1vmunka elterjed\u00e9s\u00e9vel egyszerre l\u00e9pett be a munkaer\u0151piacra, tagjai pedig emiatt sokszor nem megfelel\u0151 munkahelyi tr\u00e9ninget kapnak. R\u00e1ad\u00e1sul ahelyett, hogy szem\u00e9lyesen ismerkedn\u00e9nek meg koll\u00e9g\u00e1ikkal \u00e9s az \u0151 professzion\u00e1lis hozz\u00e1\u00e1ll\u00e1sukkal, meg \u00fagy \u00e1ltal\u00e1ban azzal, hogyan mennek a dolgok egy \u00e1tlagos munkahelyen, rengeteg dolgot saj\u00e1t k\u00fatf\u0151b\u0151l kell megoldaniuk. A probl\u00e9ma nagyon is val\u00f3s, \u00e9s \u00e9get\u0151 sz\u00fcks\u00e9g van egy \u00e1tfog\u00f3 megold\u00e1sra, ugyanis a szorong\u00f3 egy\u00e9nekb\u0151l \u00e1ll\u00f3 csoportok bizony\u00edtottan alacsonyabb hat\u00e9konys\u00e1ggal dolgoznak, \u00e9s kevesebb kock\u00e1zatot v\u00e1llalnak.<\/p>\n<p>Mindez az adatokb\u00f3l is j\u00f3l l\u00e1tszik: az Anxiety and Depression Association of America 2021-es munkahelyi felm\u00e9r\u00e9s\u00e9ben a megk\u00e9rdezett alkalmazottak 56%-a nyilatkozott \u00fagy, hogy a szorong\u00e1s befoly\u00e1solta az elv\u00e9gzett munk\u00e1ja min\u0151s\u00e9g\u00e9t. 2025-re a Z gener\u00e1ci\u00f3 a nyugati orsz\u00e1gokban a munkaer\u0151 27%-\u00e1t \u00e9s a vil\u00e1g n\u00e9pess\u00e9g\u00e9nek egyharmad\u00e1t fogja k\u00e9pviselni. Ha \u0151k mind t\u00fals\u00e1gosan stresszesek maradnak ahhoz, hogy hat\u00e9konyan vegyenek r\u00e9szt a munkaer\u0151piacon, a szak\u00e9rt\u0151k szerint puszt\u00edt\u00f3 k\u00f6vetkezm\u00e9nyekre sz\u00e1m\u00edthatunk gazdas\u00e1gi \u00e9s t\u00e1rsadalmi szempontb\u00f3l is.<\/p>\n<p>Forr\u00e1s: <a href=\"https:\/\/haszon.hu\/megkeresni\/munka\/munkahelyi-stressz-z-generacio\" target=\"_blank\" rel=\"nofollow noopener noreferrer\">haszon.hu<\/a><\/p>\n","protected":false},"excerpt":{"rendered":"<p>Stresszesek a Z gener\u00e1ci\u00f3 tagjai a munkahelyeiken. 2025-re a Z gener\u00e1ci\u00f3 a nyugati orsz\u00e1gokban a munkaer\u0151 27%-\u00e1t \u00e9s a vil\u00e1g n\u00e9pess\u00e9g\u00e9nek egyharmad\u00e1t fogja k\u00e9pviselni. Ha \u0151k mind t\u00fals\u00e1gosan stresszesek maradnak ahhoz, hogy hat\u00e9konyan vegyenek r\u00e9szt a munkaer\u0151piacon, a szak\u00e9rt\u0151k szerint puszt\u00edt\u00f3 k\u00f6vetkezm\u00e9nyekre sz\u00e1m\u00edthatunk gazdas\u00e1gi \u00e9s t\u00e1rsadalmi szempontb\u00f3l is. M\u00e1r-m\u00e1r k\u00f6zhely a kijelent\u00e9s, de nem lehet [&hellip;]<\/p>\n","protected":false},"author":1,"featured_media":7191,"comment_status":"closed","ping_status":"closed","sticky":false,"template":"","format":"standard","meta":{"_monsterinsights_skip_tracking":false,"footnotes":""},"categories":[200],"tags":[679,581],"class_list":["post-7190","post","type-post","status-publish","format-standard","has-post-thumbnail","hentry","category-munkaeropiac","tag-munkahelyi-stressz","tag-z-generacio"],"aioseo_notices":[],"aioseo_head":"\n\t\t<!-- All in One SEO 5.0.0.1 - aioseo.com -->\n\t<meta name=\"description\" content=\"Stresszesek a Z gener\u00e1ci\u00f3 tagjai a munkahelyeiken. 2025-re a Z gener\u00e1ci\u00f3 a nyugati orsz\u00e1gokban a munkaer\u0151 27%-\u00e1t fogja k\u00e9pviselni.\" \/>\n\t<meta name=\"robots\" content=\"max-image-preview:large\" \/>\n\t<meta name=\"author\" content=\"Juh\u00e1sz P\u00e9ter\"\/>\n\t<meta name=\"keywords\" content=\"munkahelyi stressz,z gener\u00e1ci\u00f3\" \/>\n\t<link rel=\"canonical\" href=\"https:\/\/allasorias.hu\/hirek\/nehez-helyzetben-a-z-generacio\/\" \/>\n\t<meta name=\"generator\" content=\"All in One SEO (AIOSEO) 5.0.0.1\" \/>\n\t\t<meta property=\"og:locale\" content=\"hu_HU\" \/>\n\t\t<meta property=\"og:site_name\" content=\"AllasOrias.hu | H\u00edrek-lapszemle | \u00dczleti h\u00edrek az \u00e1ll\u00e1s \u00e9s a munka vil\u00e1g\u00e1b\u00f3l\" \/>\n\t\t<meta property=\"og:type\" content=\"article\" \/>\n\t\t<meta property=\"og:title\" content=\"Neh\u00e9z helyzetben a Z gener\u00e1ci\u00f3 | Allasorias.hu\/Hirek\" \/>\n\t\t<meta property=\"og:description\" content=\"Stresszesek a Z gener\u00e1ci\u00f3 tagjai a munkahelyeiken. 2025-re a Z gener\u00e1ci\u00f3 a nyugati orsz\u00e1gokban a munkaer\u0151 27%-\u00e1t fogja k\u00e9pviselni.\" \/>\n\t\t<meta property=\"og:url\" content=\"https:\/\/allasorias.hu\/hirek\/nehez-helyzetben-a-z-generacio\/\" \/>\n\t\t<meta property=\"og:image\" content=\"https:\/\/allasorias.hu\/hirek\/wp-content\/uploads\/2024\/01\/munkahelyi-stressz.jpg\" \/>\n\t\t<meta property=\"og:image:secure_url\" content=\"https:\/\/allasorias.hu\/hirek\/wp-content\/uploads\/2024\/01\/munkahelyi-stressz.jpg\" \/>\n\t\t<meta property=\"og:image:width\" content=\"1280\" \/>\n\t\t<meta property=\"og:image:height\" content=\"854\" \/>\n\t\t<meta property=\"article:published_time\" content=\"2024-01-02T10:58:24+00:00\" \/>\n\t\t<meta property=\"article:modified_time\" content=\"2024-01-02T10:59:35+00:00\" \/>\n\t\t<meta property=\"article:publisher\" content=\"https:\/\/www.facebook.com\/allasorias\" \/>\n\t\t<meta name=\"twitter:card\" content=\"summary_large_image\" \/>\n\t\t<meta name=\"twitter:title\" content=\"Neh\u00e9z helyzetben a Z gener\u00e1ci\u00f3 | Allasorias.hu\/Hirek\" \/>\n\t\t<meta name=\"twitter:description\" content=\"Stresszesek a Z gener\u00e1ci\u00f3 tagjai a munkahelyeiken. 2025-re a Z gener\u00e1ci\u00f3 a nyugati orsz\u00e1gokban a munkaer\u0151 27%-\u00e1t fogja k\u00e9pviselni.\" \/>\n\t\t<meta name=\"twitter:image\" content=\"https:\/\/allasorias.hu\/hirek\/wp-content\/uploads\/2024\/01\/munkahelyi-stressz.jpg\" \/>\n\t\t<meta name=\"twitter:label1\" content=\"Written by\" \/>\n\t\t<meta name=\"twitter:data1\" content=\"Juh\u00e1sz P\u00e9ter\" \/>\n\t\t<meta name=\"twitter:label2\" content=\"Est. reading time\" \/>\n\t\t<meta name=\"twitter:data2\" content=\"3 minutes\" \/>\n\t\t<script type=\"application\/ld+json\" class=\"aioseo-schema\">\n\t\t\t{\"@context\":\"https:\\\/\\\/schema.org\",\"@graph\":[{\"@type\":\"Article\",\"@id\":\"https:\\\/\\\/allasorias.hu\\\/hirek\\\/nehez-helyzetben-a-z-generacio\\\/#article\",\"name\":\"Neh\\u00e9z helyzetben a Z gener\\u00e1ci\\u00f3 | Allasorias.hu\\\/Hirek\",\"headline\":\"Neh\\u00e9z helyzetben a Z gener\\u00e1ci\\u00f3\",\"author\":{\"@id\":\"https:\\\/\\\/allasorias.hu\\\/hirek\\\/author\\\/admin-allasorias\\\/#author\"},\"publisher\":{\"@id\":\"https:\\\/\\\/allasorias.hu\\\/hirek\\\/#organization\"},\"image\":{\"@type\":\"ImageObject\",\"url\":\"https:\\\/\\\/allasorias.hu\\\/hirek\\\/wp-content\\\/uploads\\\/2024\\\/01\\\/munkahelyi-stressz.jpg\",\"width\":1280,\"height\":854,\"caption\":\"Neh\\u00e9z helyzetben a Z gener\\u00e1ci\\u00f3 - Allasorias.hu\\\/Hirek\"},\"datePublished\":\"2024-01-02T12:58:24+02:00\",\"dateModified\":\"2024-01-02T12:59:35+02:00\",\"inLanguage\":\"hu-HU\",\"mainEntityOfPage\":{\"@id\":\"https:\\\/\\\/allasorias.hu\\\/hirek\\\/nehez-helyzetben-a-z-generacio\\\/#webpage\"},\"isPartOf\":{\"@id\":\"https:\\\/\\\/allasorias.hu\\\/hirek\\\/nehez-helyzetben-a-z-generacio\\\/#webpage\"},\"articleSection\":\"Munkaer\\u0151piac, munkahelyi stressz, Z gener\\u00e1ci\\u00f3\"},{\"@type\":\"BreadcrumbList\",\"@id\":\"https:\\\/\\\/allasorias.hu\\\/hirek\\\/nehez-helyzetben-a-z-generacio\\\/#breadcrumblist\",\"itemListElement\":[{\"@type\":\"ListItem\",\"@id\":\"https:\\\/\\\/allasorias.hu\\\/hirek#listItem\",\"position\":1,\"name\":\"Home\",\"item\":\"https:\\\/\\\/allasorias.hu\\\/hirek\",\"nextItem\":{\"@type\":\"ListItem\",\"@id\":\"https:\\\/\\\/allasorias.hu\\\/hirek\\\/temak\\\/munkaeropiac\\\/#listItem\",\"name\":\"Munkaer\\u0151piac\"}},{\"@type\":\"ListItem\",\"@id\":\"https:\\\/\\\/allasorias.hu\\\/hirek\\\/temak\\\/munkaeropiac\\\/#listItem\",\"position\":2,\"name\":\"Munkaer\\u0151piac\",\"item\":\"https:\\\/\\\/allasorias.hu\\\/hirek\\\/temak\\\/munkaeropiac\\\/\",\"nextItem\":{\"@type\":\"ListItem\",\"@id\":\"https:\\\/\\\/allasorias.hu\\\/hirek\\\/nehez-helyzetben-a-z-generacio\\\/#listItem\",\"name\":\"Neh\\u00e9z helyzetben a Z gener\\u00e1ci\\u00f3\"},\"previousItem\":{\"@type\":\"ListItem\",\"@id\":\"https:\\\/\\\/allasorias.hu\\\/hirek#listItem\",\"name\":\"Home\"}},{\"@type\":\"ListItem\",\"@id\":\"https:\\\/\\\/allasorias.hu\\\/hirek\\\/nehez-helyzetben-a-z-generacio\\\/#listItem\",\"position\":3,\"name\":\"Neh\\u00e9z helyzetben a Z gener\\u00e1ci\\u00f3\",\"previousItem\":{\"@type\":\"ListItem\",\"@id\":\"https:\\\/\\\/allasorias.hu\\\/hirek\\\/temak\\\/munkaeropiac\\\/#listItem\",\"name\":\"Munkaer\\u0151piac\"}}]},{\"@type\":\"Organization\",\"@id\":\"https:\\\/\\\/allasorias.hu\\\/hirek\\\/#organization\",\"name\":\"AllasOrias.hu | H\\u00edrek-lapszemle\",\"description\":\"\\u00dczleti h\\u00edrek az \\u00e1ll\\u00e1s \\u00e9s a munka vil\\u00e1g\\u00e1b\\u00f3l\",\"url\":\"https:\\\/\\\/allasorias.hu\\\/hirek\\\/\",\"logo\":{\"@type\":\"ImageObject\",\"url\":\"https:\\\/\\\/allasorias.hu\\\/hirek\\\/wp-content\\\/uploads\\\/2022\\\/10\\\/allasorias_site_facebok_logo.png\",\"@id\":\"https:\\\/\\\/allasorias.hu\\\/hirek\\\/nehez-helyzetben-a-z-generacio\\\/#organizationLogo\"},\"image\":{\"@id\":\"https:\\\/\\\/allasorias.hu\\\/hirek\\\/nehez-helyzetben-a-z-generacio\\\/#organizationLogo\"},\"sameAs\":[\"https:\\\/\\\/www.facebook.com\\\/allasorias\",\"https:\\\/\\\/www.linkedin.com\\\/company\\\/allasorias\"]},{\"@type\":\"Person\",\"@id\":\"https:\\\/\\\/allasorias.hu\\\/hirek\\\/author\\\/admin-allasorias\\\/#author\",\"url\":\"https:\\\/\\\/allasorias.hu\\\/hirek\\\/author\\\/admin-allasorias\\\/\",\"name\":\"Juh\\u00e1sz P\\u00e9ter\",\"image\":{\"@type\":\"ImageObject\",\"@id\":\"https:\\\/\\\/allasorias.hu\\\/hirek\\\/nehez-helyzetben-a-z-generacio\\\/#authorImage\",\"url\":\"https:\\\/\\\/secure.gravatar.com\\\/avatar\\\/36e6bcb83148978b992977cb0f54d22feb0cce8a0a849a9410532bb2623ba4c6?s=96&d=mm&r=g\",\"width\":96,\"height\":96,\"caption\":\"Juh\\u00e1sz P\\u00e9ter\"}},{\"@type\":\"WebPage\",\"@id\":\"https:\\\/\\\/allasorias.hu\\\/hirek\\\/nehez-helyzetben-a-z-generacio\\\/#webpage\",\"url\":\"https:\\\/\\\/allasorias.hu\\\/hirek\\\/nehez-helyzetben-a-z-generacio\\\/\",\"name\":\"Neh\\u00e9z helyzetben a Z gener\\u00e1ci\\u00f3 | Allasorias.hu\\\/Hirek\",\"description\":\"Stresszesek a Z gener\\u00e1ci\\u00f3 tagjai a munkahelyeiken. 2025-re a Z gener\\u00e1ci\\u00f3 a nyugati orsz\\u00e1gokban a munkaer\\u0151 27%-\\u00e1t fogja k\\u00e9pviselni.\",\"inLanguage\":\"hu-HU\",\"isPartOf\":{\"@id\":\"https:\\\/\\\/allasorias.hu\\\/hirek\\\/#website\"},\"breadcrumb\":{\"@id\":\"https:\\\/\\\/allasorias.hu\\\/hirek\\\/nehez-helyzetben-a-z-generacio\\\/#breadcrumblist\"},\"author\":{\"@id\":\"https:\\\/\\\/allasorias.hu\\\/hirek\\\/author\\\/admin-allasorias\\\/#author\"},\"creator\":{\"@id\":\"https:\\\/\\\/allasorias.hu\\\/hirek\\\/author\\\/admin-allasorias\\\/#author\"},\"image\":{\"@type\":\"ImageObject\",\"url\":\"https:\\\/\\\/allasorias.hu\\\/hirek\\\/wp-content\\\/uploads\\\/2024\\\/01\\\/munkahelyi-stressz.jpg\",\"@id\":\"https:\\\/\\\/allasorias.hu\\\/hirek\\\/nehez-helyzetben-a-z-generacio\\\/#mainImage\",\"width\":1280,\"height\":854,\"caption\":\"Neh\\u00e9z helyzetben a Z gener\\u00e1ci\\u00f3 - Allasorias.hu\\\/Hirek\"},\"primaryImageOfPage\":{\"@id\":\"https:\\\/\\\/allasorias.hu\\\/hirek\\\/nehez-helyzetben-a-z-generacio\\\/#mainImage\"},\"datePublished\":\"2024-01-02T12:58:24+02:00\",\"dateModified\":\"2024-01-02T12:59:35+02:00\"},{\"@type\":\"WebSite\",\"@id\":\"https:\\\/\\\/allasorias.hu\\\/hirek\\\/#website\",\"url\":\"https:\\\/\\\/allasorias.hu\\\/hirek\\\/\",\"name\":\"AllasOrias.hu | H\\u00edrek-lapszemle\",\"description\":\"\\u00dczleti h\\u00edrek az \\u00e1ll\\u00e1s \\u00e9s a munka vil\\u00e1g\\u00e1b\\u00f3l\",\"inLanguage\":\"hu-HU\",\"publisher\":{\"@id\":\"https:\\\/\\\/allasorias.hu\\\/hirek\\\/#organization\"}}]}\n\t\t<\/script>\n\t\t<!-- All in One SEO -->\n\n","aioseo_head_json":{"title":"Neh\u00e9z helyzetben a Z gener\u00e1ci\u00f3 | Allasorias.hu\/Hirek","description":"Stresszesek a Z gener\u00e1ci\u00f3 tagjai a munkahelyeiken. 2025-re a Z gener\u00e1ci\u00f3 a nyugati orsz\u00e1gokban a munkaer\u0151 27%-\u00e1t fogja k\u00e9pviselni.","canonical_url":"https:\/\/allasorias.hu\/hirek\/nehez-helyzetben-a-z-generacio\/","robots":"max-image-preview:large","keywords":"munkahelyi stressz,z gener\u00e1ci\u00f3","webmasterTools":{"miscellaneous":""},"schema":{"@context":"https:\/\/schema.org","@graph":[{"@type":"Article","@id":"https:\/\/allasorias.hu\/hirek\/nehez-helyzetben-a-z-generacio\/#article","name":"Neh\u00e9z helyzetben a Z gener\u00e1ci\u00f3 | Allasorias.hu\/Hirek","headline":"Neh\u00e9z helyzetben a Z gener\u00e1ci\u00f3","author":{"@id":"https:\/\/allasorias.hu\/hirek\/author\/admin-allasorias\/#author"},"publisher":{"@id":"https:\/\/allasorias.hu\/hirek\/#organization"},"image":{"@type":"ImageObject","url":"https:\/\/allasorias.hu\/hirek\/wp-content\/uploads\/2024\/01\/munkahelyi-stressz.jpg","width":1280,"height":854,"caption":"Neh\u00e9z helyzetben a Z gener\u00e1ci\u00f3 - Allasorias.hu\/Hirek"},"datePublished":"2024-01-02T12:58:24+02:00","dateModified":"2024-01-02T12:59:35+02:00","inLanguage":"hu-HU","mainEntityOfPage":{"@id":"https:\/\/allasorias.hu\/hirek\/nehez-helyzetben-a-z-generacio\/#webpage"},"isPartOf":{"@id":"https:\/\/allasorias.hu\/hirek\/nehez-helyzetben-a-z-generacio\/#webpage"},"articleSection":"Munkaer\u0151piac, munkahelyi stressz, Z gener\u00e1ci\u00f3"},{"@type":"BreadcrumbList","@id":"https:\/\/allasorias.hu\/hirek\/nehez-helyzetben-a-z-generacio\/#breadcrumblist","itemListElement":[{"@type":"ListItem","@id":"https:\/\/allasorias.hu\/hirek#listItem","position":1,"name":"Home","item":"https:\/\/allasorias.hu\/hirek","nextItem":{"@type":"ListItem","@id":"https:\/\/allasorias.hu\/hirek\/temak\/munkaeropiac\/#listItem","name":"Munkaer\u0151piac"}},{"@type":"ListItem","@id":"https:\/\/allasorias.hu\/hirek\/temak\/munkaeropiac\/#listItem","position":2,"name":"Munkaer\u0151piac","item":"https:\/\/allasorias.hu\/hirek\/temak\/munkaeropiac\/","nextItem":{"@type":"ListItem","@id":"https:\/\/allasorias.hu\/hirek\/nehez-helyzetben-a-z-generacio\/#listItem","name":"Neh\u00e9z helyzetben a Z gener\u00e1ci\u00f3"},"previousItem":{"@type":"ListItem","@id":"https:\/\/allasorias.hu\/hirek#listItem","name":"Home"}},{"@type":"ListItem","@id":"https:\/\/allasorias.hu\/hirek\/nehez-helyzetben-a-z-generacio\/#listItem","position":3,"name":"Neh\u00e9z helyzetben a Z gener\u00e1ci\u00f3","previousItem":{"@type":"ListItem","@id":"https:\/\/allasorias.hu\/hirek\/temak\/munkaeropiac\/#listItem","name":"Munkaer\u0151piac"}}]},{"@type":"Organization","@id":"https:\/\/allasorias.hu\/hirek\/#organization","name":"AllasOrias.hu | H\u00edrek-lapszemle","description":"\u00dczleti h\u00edrek az \u00e1ll\u00e1s \u00e9s a munka vil\u00e1g\u00e1b\u00f3l","url":"https:\/\/allasorias.hu\/hirek\/","logo":{"@type":"ImageObject","url":"https:\/\/allasorias.hu\/hirek\/wp-content\/uploads\/2022\/10\/allasorias_site_facebok_logo.png","@id":"https:\/\/allasorias.hu\/hirek\/nehez-helyzetben-a-z-generacio\/#organizationLogo"},"image":{"@id":"https:\/\/allasorias.hu\/hirek\/nehez-helyzetben-a-z-generacio\/#organizationLogo"},"sameAs":["https:\/\/www.facebook.com\/allasorias","https:\/\/www.linkedin.com\/company\/allasorias"]},{"@type":"Person","@id":"https:\/\/allasorias.hu\/hirek\/author\/admin-allasorias\/#author","url":"https:\/\/allasorias.hu\/hirek\/author\/admin-allasorias\/","name":"Juh\u00e1sz P\u00e9ter","image":{"@type":"ImageObject","@id":"https:\/\/allasorias.hu\/hirek\/nehez-helyzetben-a-z-generacio\/#authorImage","url":"https:\/\/secure.gravatar.com\/avatar\/36e6bcb83148978b992977cb0f54d22feb0cce8a0a849a9410532bb2623ba4c6?s=96&d=mm&r=g","width":96,"height":96,"caption":"Juh\u00e1sz P\u00e9ter"}},{"@type":"WebPage","@id":"https:\/\/allasorias.hu\/hirek\/nehez-helyzetben-a-z-generacio\/#webpage","url":"https:\/\/allasorias.hu\/hirek\/nehez-helyzetben-a-z-generacio\/","name":"Neh\u00e9z helyzetben a Z gener\u00e1ci\u00f3 | Allasorias.hu\/Hirek","description":"Stresszesek a Z gener\u00e1ci\u00f3 tagjai a munkahelyeiken. 2025-re a Z gener\u00e1ci\u00f3 a nyugati orsz\u00e1gokban a munkaer\u0151 27%-\u00e1t fogja k\u00e9pviselni.","inLanguage":"hu-HU","isPartOf":{"@id":"https:\/\/allasorias.hu\/hirek\/#website"},"breadcrumb":{"@id":"https:\/\/allasorias.hu\/hirek\/nehez-helyzetben-a-z-generacio\/#breadcrumblist"},"author":{"@id":"https:\/\/allasorias.hu\/hirek\/author\/admin-allasorias\/#author"},"creator":{"@id":"https:\/\/allasorias.hu\/hirek\/author\/admin-allasorias\/#author"},"image":{"@type":"ImageObject","url":"https:\/\/allasorias.hu\/hirek\/wp-content\/uploads\/2024\/01\/munkahelyi-stressz.jpg","@id":"https:\/\/allasorias.hu\/hirek\/nehez-helyzetben-a-z-generacio\/#mainImage","width":1280,"height":854,"caption":"Neh\u00e9z helyzetben a Z gener\u00e1ci\u00f3 - Allasorias.hu\/Hirek"},"primaryImageOfPage":{"@id":"https:\/\/allasorias.hu\/hirek\/nehez-helyzetben-a-z-generacio\/#mainImage"},"datePublished":"2024-01-02T12:58:24+02:00","dateModified":"2024-01-02T12:59:35+02:00"},{"@type":"WebSite","@id":"https:\/\/allasorias.hu\/hirek\/#website","url":"https:\/\/allasorias.hu\/hirek\/","name":"AllasOrias.hu | H\u00edrek-lapszemle","description":"\u00dczleti h\u00edrek az \u00e1ll\u00e1s \u00e9s a munka vil\u00e1g\u00e1b\u00f3l","inLanguage":"hu-HU","publisher":{"@id":"https:\/\/allasorias.hu\/hirek\/#organization"}}]},"og:locale":"hu_HU","og:site_name":"AllasOrias.hu | H\u00edrek-lapszemle | \u00dczleti h\u00edrek az \u00e1ll\u00e1s \u00e9s a munka vil\u00e1g\u00e1b\u00f3l","og:type":"article","og:title":"Neh\u00e9z helyzetben a Z gener\u00e1ci\u00f3 | Allasorias.hu\/Hirek","og:description":"Stresszesek a Z gener\u00e1ci\u00f3 tagjai a munkahelyeiken. 2025-re a Z gener\u00e1ci\u00f3 a nyugati orsz\u00e1gokban a munkaer\u0151 27%-\u00e1t fogja k\u00e9pviselni.","og:url":"https:\/\/allasorias.hu\/hirek\/nehez-helyzetben-a-z-generacio\/","og:image":"https:\/\/allasorias.hu\/hirek\/wp-content\/uploads\/2024\/01\/munkahelyi-stressz.jpg","og:image:secure_url":"https:\/\/allasorias.hu\/hirek\/wp-content\/uploads\/2024\/01\/munkahelyi-stressz.jpg","og:image:width":1280,"og:image:height":854,"article:published_time":"2024-01-02T10:58:24+00:00","article:modified_time":"2024-01-02T10:59:35+00:00","article:publisher":"https:\/\/www.facebook.com\/allasorias","twitter:card":"summary_large_image","twitter:title":"Neh\u00e9z helyzetben a Z gener\u00e1ci\u00f3 | Allasorias.hu\/Hirek","twitter:description":"Stresszesek a Z gener\u00e1ci\u00f3 tagjai a munkahelyeiken. 2025-re a Z gener\u00e1ci\u00f3 a nyugati orsz\u00e1gokban a munkaer\u0151 27%-\u00e1t fogja k\u00e9pviselni.","twitter:image":"https:\/\/allasorias.hu\/hirek\/wp-content\/uploads\/2024\/01\/munkahelyi-stressz.jpg","twitter:label1":"Written by","twitter:data1":"Juh\u00e1sz P\u00e9ter","twitter:label2":"Est. reading time","twitter:data2":"3 minutes"},"aioseo_meta_data":{"post_id":"7190","title":"#post_title | Allasorias.hu\/Hirek","description":"Stresszesek a Z gener\u00e1ci\u00f3 tagjai a munkahelyeiken. 2025-re a Z gener\u00e1ci\u00f3 a nyugati orsz\u00e1gokban a munkaer\u0151 27%-\u00e1t fogja k\u00e9pviselni.","keywords":[],"keyphrases":{"focus":{"keyphrase":"","score":0,"analysis":{"keyphraseInTitle":{"score":0,"maxScore":9,"error":1}}},"additional":[]},"primary_term":null,"canonical_url":null,"og_title":null,"og_description":null,"og_object_type":"default","og_image_type":"default","og_image_url":null,"og_image_width":null,"og_image_height":null,"og_image_custom_url":null,"og_image_custom_fields":null,"og_video":"","og_custom_url":null,"og_article_section":null,"og_article_tags":[],"twitter_use_og":true,"twitter_card":"default","twitter_image_type":"default","twitter_image_url":null,"twitter_image_custom_url":null,"twitter_image_custom_fields":null,"twitter_title":null,"twitter_description":null,"schema":{"blockGraphs":[],"customGraphs":[],"default":{"data":{"Article":[],"Course":[],"Dataset":[],"FAQPage":[],"Movie":[],"Person":[],"Product":[],"ProductReview":[],"Car":[],"Recipe":[],"Service":[],"SoftwareApplication":[],"WebPage":[]},"graphName":"Article","isEnabled":true},"graphs":[]},"schema_type":"default","schema_type_options":null,"pillar_content":false,"robots_default":true,"robots_noindex":false,"robots_noarchive":false,"robots_nosnippet":false,"robots_nofollow":false,"robots_noimageindex":false,"robots_noodp":false,"robots_notranslate":false,"robots_max_snippet":"-1","robots_max_videopreview":"-1","robots_max_imagepreview":"large","priority":null,"frequency":"default","location":null,"local_seo":null,"breadcrumb_settings":null,"limit_modified_date":false,"ai":null,"created":"2024-01-02 10:51:42","updated":"2025-10-02 19:24:41","seo_analyzer_scan_date":null,"focus_keyword":null,"additional_keywords":null,"truseo_locale":null},"aioseo_breadcrumb":"<div class=\"aioseo-breadcrumbs\"><span class=\"aioseo-breadcrumb\">\n\t\t\t<a href=\"https:\/\/allasorias.hu\/hirek\" title=\"Home\">Home<\/a>\n\t\t<\/span><span class=\"aioseo-breadcrumb-separator\">&raquo;<\/span><span class=\"aioseo-breadcrumb\">\n\t\t\t<a href=\"https:\/\/allasorias.hu\/hirek\/temak\/munkaeropiac\/\" title=\"Munkaer\u0151piac\">Munkaer\u0151piac<\/a>\n\t\t<\/span><span class=\"aioseo-breadcrumb-separator\">&raquo;<\/span><span class=\"aioseo-breadcrumb\">\n\t\t\tNeh\u00e9z helyzetben a Z gener\u00e1ci\u00f3\n\t\t<\/span><\/div>","aioseo_breadcrumb_json":[{"label":"Home","link":"https:\/\/allasorias.hu\/hirek"},{"label":"Munkaer\u0151piac","link":"https:\/\/allasorias.hu\/hirek\/temak\/munkaeropiac\/"},{"label":"Neh\u00e9z helyzetben a Z gener\u00e1ci\u00f3","link":"https:\/\/allasorias.hu\/hirek\/nehez-helyzetben-a-z-generacio\/"}],"_links":{"self":[{"href":"https:\/\/allasorias.hu\/hirek\/wp-json\/wp\/v2\/posts\/7190","targetHints":{"allow":["GET"]}}],"collection":[{"href":"https:\/\/allasorias.hu\/hirek\/wp-json\/wp\/v2\/posts"}],"about":[{"href":"https:\/\/allasorias.hu\/hirek\/wp-json\/wp\/v2\/types\/post"}],"author":[{"embeddable":true,"href":"https:\/\/allasorias.hu\/hirek\/wp-json\/wp\/v2\/users\/1"}],"replies":[{"embeddable":true,"href":"https:\/\/allasorias.hu\/hirek\/wp-json\/wp\/v2\/comments?post=7190"}],"version-history":[{"count":2,"href":"https:\/\/allasorias.hu\/hirek\/wp-json\/wp\/v2\/posts\/7190\/revisions"}],"predecessor-version":[{"id":7193,"href":"https:\/\/allasorias.hu\/hirek\/wp-json\/wp\/v2\/posts\/7190\/revisions\/7193"}],"wp:featuredmedia":[{"embeddable":true,"href":"https:\/\/allasorias.hu\/hirek\/wp-json\/wp\/v2\/media\/7191"}],"wp:attachment":[{"href":"https:\/\/allasorias.hu\/hirek\/wp-json\/wp\/v2\/media?parent=7190"}],"wp:term":[{"taxonomy":"category","embeddable":true,"href":"https:\/\/allasorias.hu\/hirek\/wp-json\/wp\/v2\/categories?post=7190"},{"taxonomy":"post_tag","embeddable":true,"href":"https:\/\/allasorias.hu\/hirek\/wp-json\/wp\/v2\/tags?post=7190"}],"curies":[{"name":"wp","href":"https:\/\/api.w.org\/{rel}","templated":true}]}}