{"id":7176,"date":"2023-12-27T12:08:03","date_gmt":"2023-12-27T10:08:03","guid":{"rendered":"https:\/\/allasorias.hu\/hirek\/?p=7176"},"modified":"2024-01-02T12:20:40","modified_gmt":"2024-01-02T10:20:40","slug":"uj-munkahelyeket-teremtenek","status":"publish","type":"post","link":"https:\/\/allasorias.hu\/hirek\/uj-munkahelyeket-teremtenek\/","title":{"rendered":"\u00daj munkahelyeket teremtenek"},"content":{"rendered":"<p><strong>Szeptemberig t\u00f6bb mint 20 ezer milli\u00e1rd forintnyi bev\u00e9telt regisztr\u00e1l\u00f3, nagyj\u00e1b\u00f3l 630 ezer f\u0151nek munk\u00e1t ad\u00f3 BYD nem akkumul\u00e1torokat, hanem elektromos aut\u00f3kat fog el\u0151\u00e1ll\u00edtani Magyarorsz\u00e1gon, \u00e9s ez a projekt a magyar gazdas\u00e1gt\u00f6rt\u00e9net egyik legnagyobb beruh\u00e1z\u00e1sa lesz, amely nyom\u00e1n t\u00f6bb ezer \u00faj munkahely j\u00f6n l\u00e9tre. <\/strong><\/p>\n<p>Szegeden \u00e9p\u00edti meg els\u0151 eur\u00f3pai \u00fczem\u00e9t a vil\u00e1g legnagyobb elektromos aut\u00f3gy\u00e1rt\u00f3j\u00e1nak sz\u00e1m\u00edt\u00f3, k\u00ednai BYD. Ez a magyar gazdas\u00e1gt\u00f6rt\u00e9net egyik legjelent\u0151sebb beruh\u00e1z\u00e1sa lesz, amelynek nyom\u00e1n t\u00f6bb ezer \u00faj munkahely j\u00f6n l\u00e9tre &#8211; jelentette be a t\u00e1rca k\u00f6zl\u00e9se szerint Szijj\u00e1rt\u00f3 P\u00e9ter k\u00fclgazdas\u00e1gi \u00e9s k\u00fcl\u00fcgyminiszter. A t\u00e1rcavezet\u0151 arr\u00f3l sz\u00e1molt be, hogy a glob\u00e1lisan id\u00e9n minden negyedik elektromos aut\u00f3t elad\u00f3 v\u00e1llalat a vil\u00e1gpiaci sikerei nyom\u00e1n \u00fajabb gy\u00e1rakat \u00e9p\u00edt, \u00e9s \u00edgy Eur\u00f3p\u00e1ban is sok\u00e1ig helysz\u00ednt keresett ehhez.<\/p>\n<h2>A hatodik autgy\u00e1r haz\u00e1nkban<\/h2>\n<p>A c\u00e9g igazgat\u00f3s\u00e1ga pedig v\u00e9g\u00fcl a Nemzeti Befektet\u00e9si \u00dcgyn\u00f6ks\u00e9ggel lefolytatott 224 t\u00e1rgyal\u00e1si fordul\u00f3t k\u00f6vet\u0151en \u00fagy d\u00f6nt\u00f6tt, hogy Szegeden \u00e9p\u00edti fel els\u0151 \u00fczem\u00e9t a kontinensen, amely haz\u00e1nkban imm\u00e1r a hatodik aut\u00f3gy\u00e1r lesz &#8211; t\u00e1j\u00e9koztatott. Majd arra is kit\u00e9rt, hogy a korm\u00e1ny p\u00e9nz\u00fcgyi t\u00e1mogat\u00e1st ny\u00fajt a beruh\u00e1z\u00e1shoz, viszont ennek m\u00e9rt\u00e9k\u00e9t csak az Eur\u00f3pai Bizotts\u00e1g j\u00f3v\u00e1hagy\u00e1s\u00e1t k\u00f6vet\u0151en hozz\u00e1k majd nyilv\u00e1noss\u00e1gra.<\/p>\n<p>Szijj\u00e1rt\u00f3 P\u00e9ter k\u00f6z\u00f6lte, hogy mindez tov\u00e1bb er\u0151s\u00edti a magyar gazdas\u00e1g poz\u00edci\u00f3it, a hossz\u00fa t\u00e1v\u00fa gazdas\u00e1gi n\u00f6veked\u00e9s alapjait, egy\u00fattal pedig haz\u00e1nk szerep\u00e9t is a glob\u00e1lis elektromos aut\u00f3ipari \u00e1t\u00e1ll\u00e1sban. &#8222;<em>Ez a beruh\u00e1z\u00e1s is al\u00e1h\u00fazza, hogy Magyarorsz\u00e1g vezet\u0151 szerepet j\u00e1tszik a technol\u00f3giai forradalomban. Nagyon r\u00e9gen volt m\u00e1r olyan, hogy ilyen alapvet\u0151 glob\u00e1lis technol\u00f3giai meg\u00fajul\u00e1sban Magyarorsz\u00e1g az \u00e9len ment volna, most ez t\u00f6rt\u00e9nik<\/em>&#8221; &#8211; mutatott r\u00e1. Valamint k\u00f6sz\u00f6netet mondott k\u00e9pvisel\u0151t\u00e1rsainak, a szegedi v\u00e1rosvezet\u00e9snek \u00e9s a Nemzeti Befektet\u00e9si \u00dcgyn\u00f6ks\u00e9gn\u00e9l dolgoz\u00f3 koll\u00e9g\u00e1inak az egy\u00fcttm\u0171k\u00f6d\u00e9s\u00e9rt.<\/p>\n<h2>Az aut\u00f3ipar elektromos \u00e1t\u00e1ll\u00e1sa<\/h2>\n<p>&#8222;<em>Az elm\u00falt 224 t\u00e1rgyal\u00e1si fordul\u00f3 alatt vil\u00e1gosan bebizony\u00edtottuk azt, hogy egy nemzetgazdas\u00e1g van, \u00e9s ennek a nemzetgazdas\u00e1gnak a siker\u00e9ben mindannyian \u00e9rdekeltek kell, hogy legy\u00fcnk, f\u00fcggetlen\u00fcl att\u00f3l, hogy milyen politikai n\u00e9zeteket vallunk vagy milyen p\u00e1rtban politiz\u00e1lunk<\/em>&#8221; &#8211; fogalmazott. A miniszter hangs\u00falyozta, hogy az ut\u00f3bbi \u00e9vek sor\u00e1n v\u00e1ls\u00e1gok sorozat\u00e1n ment kereszt\u00fcl a vil\u00e1g, viszont volt egy folyamat, amely minden bizonytalans\u00e1g ellen\u00e9re is t\u00f6retlen\u00fcl, stabilan ment el\u0151re, ez pedig az eur\u00f3pai \u00e9s a glob\u00e1lis <a href=\"https:\/\/allasorias.hu\/hirek\/az-autoipar-huzza-a-gazdasagot\/\">gazdas\u00e1g egyfajta gerincoszlop\u00e1nak sz\u00e1m\u00edt\u00f3 aut\u00f3ipar<\/a> elektromos \u00e1t\u00e1ll\u00e1sa.<\/p>\n<p>Szavai szerint ez a folyamat meghat\u00e1roz\u00f3 lesz a k\u00f6vetkez\u0151 vil\u00e1ggazdas\u00e1gi korszak szempontj\u00e1b\u00f3l, \u00e9s ez az \u00faj ipar\u00e1g d\u00f6nti majd el, hogy a vil\u00e1g mely orsz\u00e1gai lesznek ennek a nyertesei \u00e9s melyek a vesztesei. &#8222;<em>Hogy melyik orsz\u00e1g mely kateg\u00f3ri\u00e1ba ker\u00fcl, azt pedig az d\u00f6nti el, hogy mely orsz\u00e1gok tudj\u00e1k magukhoz vonzani ezen \u00faj aut\u00f3ipari korszak beruh\u00e1z\u00e1sait<\/em>&#8221; &#8211; mondta. V\u00e9g\u00fcl pedig eml\u00e9keztetett, hogy a h\u00e1rom pr\u00e9mium n\u00e9met aut\u00f3m\u00e1rka m\u00e1r jelen van Magyarorsz\u00e1gon, \u00e9s az Audi, a BMW, illetve a Mercedes is ide helyezte elektromobilit\u00e1si strat\u00e9gi\u00e1ja egy jelent\u0151s r\u00e9sz\u00e9t.<\/p>\n<p>A szegedi \u00f6nkorm\u00e1nyzat k\u00f6zlem\u00e9ny\u00e9ben azt \u00edrta, a dinamikusan fejl\u0151d\u0151 vil\u00e1gc\u00e9g Szegeden, a v\u00e1ros hat\u00e1r\u00e1ban l\u00e9v\u0151 mintegy 300 hekt\u00e1ros ipari parkban, az ELI-ALPS l\u00e9zeres kutat\u00f3int\u00e9zet \u00e9s a Science Park szomsz\u00e9ds\u00e1g\u00e1ban \u00e9p\u00edti fel az elektromosaut\u00f3-gy\u00e1r\u00e1t, ahonnan az eur\u00f3pai piacot szolg\u00e1lja majd ki. A t\u00f6bb ezer \u00faj munkahelyet l\u00e9trehoz\u00f3 BYD az akkumul\u00e1torgy\u00e1rt\u00e1s \u00e9s a vegyipari tev\u00e9kenys\u00e9gek kiv\u00e9tel\u00e9vel a teljes gy\u00e1rt\u00e1si folyamatot Szegeden val\u00f3s\u00edtja meg. A vil\u00e1g vezet\u0151 elektromos \u00e9s plug-in hibrid aut\u00f3 gy\u00e1rt\u00f3ja, a k\u00ednai BYD Szegedet a nemzetk\u00f6zi szint\u0171 kutat\u00f3i h\u00e1ttere, tudom\u00e1nyos rangja, kiv\u00e1l\u00f3 infrastrukt\u00far\u00e1ja, kedvez\u0151 elhelyezked\u00e9se, z\u00f6ld szeml\u00e9lete miatt v\u00e1lasztotta eur\u00f3pai gy\u00e1rt\u00f3k\u00f6zpontj\u00e1nak &#8211; \u00e1ll az \u00f6nkorm\u00e1nyzati k\u00f6zlem\u00e9nyben.<\/p>\n<p>Forr\u00e1s: <a href=\"https:\/\/www.hrportal.hu\/c\/tobb-ezer-uj-munkahelyet-teremt-a-byd-magyarorszagon-20231226.html\" target=\"_blank\" rel=\"nofollow noopener noreferrer\">hrportal.hu<\/a><\/p>\n","protected":false},"excerpt":{"rendered":"<p>Szeptemberig t\u00f6bb mint 20 ezer milli\u00e1rd forintnyi bev\u00e9telt regisztr\u00e1l\u00f3, nagyj\u00e1b\u00f3l 630 ezer f\u0151nek munk\u00e1t ad\u00f3 BYD nem akkumul\u00e1torokat, hanem elektromos aut\u00f3kat fog el\u0151\u00e1ll\u00edtani Magyarorsz\u00e1gon, \u00e9s ez a projekt a magyar gazdas\u00e1gt\u00f6rt\u00e9net egyik legnagyobb beruh\u00e1z\u00e1sa lesz, amely nyom\u00e1n t\u00f6bb ezer \u00faj munkahely j\u00f6n l\u00e9tre. Szegeden \u00e9p\u00edti meg els\u0151 eur\u00f3pai \u00fczem\u00e9t a vil\u00e1g legnagyobb elektromos aut\u00f3gy\u00e1rt\u00f3j\u00e1nak sz\u00e1m\u00edt\u00f3, [&hellip;]<\/p>\n","protected":false},"author":1,"featured_media":7177,"comment_status":"closed","ping_status":"closed","sticky":false,"template":"","format":"standard","meta":{"_monsterinsights_skip_tracking":false,"footnotes":""},"categories":[200],"tags":[674,675,676],"class_list":["post-7176","post","type-post","status-publish","format-standard","has-post-thumbnail","hentry","category-munkaeropiac","tag-byd","tag-elektromos-auto","tag-szeged"],"aioseo_notices":[],"aioseo_head":"\n\t\t<!-- All in One SEO 5.0.0.1 - aioseo.com -->\n\t<meta name=\"description\" content=\"Szegeden \u00e9p\u00edti meg els\u0151 eur\u00f3pai \u00fczem\u00e9t a vil\u00e1g legnagyobb elektromos aut\u00f3gy\u00e1rt\u00f3j\u00e1nak sz\u00e1m\u00edt\u00f3, k\u00ednai BYD.\" \/>\n\t<meta name=\"robots\" content=\"max-image-preview:large\" \/>\n\t<meta name=\"author\" content=\"Juh\u00e1sz P\u00e9ter\"\/>\n\t<meta name=\"keywords\" content=\"byd,elektromos aut\u00f3,szeged\" \/>\n\t<link rel=\"canonical\" href=\"https:\/\/allasorias.hu\/hirek\/uj-munkahelyeket-teremtenek\/\" \/>\n\t<meta name=\"generator\" content=\"All in One SEO (AIOSEO) 5.0.0.1\" \/>\n\t\t<meta property=\"og:locale\" content=\"hu_HU\" \/>\n\t\t<meta property=\"og:site_name\" content=\"AllasOrias.hu | H\u00edrek-lapszemle | \u00dczleti h\u00edrek az \u00e1ll\u00e1s \u00e9s a munka vil\u00e1g\u00e1b\u00f3l\" \/>\n\t\t<meta property=\"og:type\" content=\"article\" \/>\n\t\t<meta property=\"og:title\" content=\"\u00daj munkahelyeket teremtenek | Allasorias.hu\/Hirek\" \/>\n\t\t<meta property=\"og:description\" content=\"Szegeden \u00e9p\u00edti meg els\u0151 eur\u00f3pai \u00fczem\u00e9t a vil\u00e1g legnagyobb elektromos aut\u00f3gy\u00e1rt\u00f3j\u00e1nak sz\u00e1m\u00edt\u00f3, k\u00ednai BYD.\" \/>\n\t\t<meta property=\"og:url\" content=\"https:\/\/allasorias.hu\/hirek\/uj-munkahelyeket-teremtenek\/\" \/>\n\t\t<meta property=\"og:image\" content=\"https:\/\/allasorias.hu\/hirek\/wp-content\/uploads\/2024\/01\/elektromos-autogyar.jpg\" \/>\n\t\t<meta property=\"og:image:secure_url\" content=\"https:\/\/allasorias.hu\/hirek\/wp-content\/uploads\/2024\/01\/elektromos-autogyar.jpg\" \/>\n\t\t<meta property=\"og:image:width\" content=\"1280\" \/>\n\t\t<meta property=\"og:image:height\" content=\"853\" \/>\n\t\t<meta property=\"article:published_time\" content=\"2023-12-27T10:08:03+00:00\" \/>\n\t\t<meta property=\"article:modified_time\" content=\"2024-01-02T10:20:40+00:00\" \/>\n\t\t<meta property=\"article:publisher\" content=\"https:\/\/www.facebook.com\/allasorias\" \/>\n\t\t<meta name=\"twitter:card\" content=\"summary_large_image\" \/>\n\t\t<meta name=\"twitter:title\" content=\"\u00daj munkahelyeket teremtenek | Allasorias.hu\/Hirek\" \/>\n\t\t<meta name=\"twitter:description\" content=\"Szegeden \u00e9p\u00edti meg els\u0151 eur\u00f3pai \u00fczem\u00e9t a vil\u00e1g legnagyobb elektromos aut\u00f3gy\u00e1rt\u00f3j\u00e1nak sz\u00e1m\u00edt\u00f3, k\u00ednai BYD.\" \/>\n\t\t<meta name=\"twitter:image\" content=\"https:\/\/allasorias.hu\/hirek\/wp-content\/uploads\/2024\/01\/elektromos-autogyar.jpg\" \/>\n\t\t<meta name=\"twitter:label1\" content=\"Written by\" \/>\n\t\t<meta name=\"twitter:data1\" content=\"Juh\u00e1sz P\u00e9ter\" \/>\n\t\t<meta name=\"twitter:label2\" content=\"Est. reading time\" \/>\n\t\t<meta name=\"twitter:data2\" content=\"4 minutes\" \/>\n\t\t<script type=\"application\/ld+json\" class=\"aioseo-schema\">\n\t\t\t{\"@context\":\"https:\\\/\\\/schema.org\",\"@graph\":[{\"@type\":\"Article\",\"@id\":\"https:\\\/\\\/allasorias.hu\\\/hirek\\\/uj-munkahelyeket-teremtenek\\\/#article\",\"name\":\"\\u00daj munkahelyeket teremtenek | Allasorias.hu\\\/Hirek\",\"headline\":\"\\u00daj munkahelyeket teremtenek\",\"author\":{\"@id\":\"https:\\\/\\\/allasorias.hu\\\/hirek\\\/author\\\/admin-allasorias\\\/#author\"},\"publisher\":{\"@id\":\"https:\\\/\\\/allasorias.hu\\\/hirek\\\/#organization\"},\"image\":{\"@type\":\"ImageObject\",\"url\":\"https:\\\/\\\/allasorias.hu\\\/hirek\\\/wp-content\\\/uploads\\\/2024\\\/01\\\/elektromos-autogyar.jpg\",\"width\":1280,\"height\":853,\"caption\":\"Elektromos aut\\u00f3gy\\u00e1r szegeden - Allasorias.hu\\\/Hirek\"},\"datePublished\":\"2023-12-27T12:08:03+02:00\",\"dateModified\":\"2024-01-02T12:20:40+02:00\",\"inLanguage\":\"hu-HU\",\"mainEntityOfPage\":{\"@id\":\"https:\\\/\\\/allasorias.hu\\\/hirek\\\/uj-munkahelyeket-teremtenek\\\/#webpage\"},\"isPartOf\":{\"@id\":\"https:\\\/\\\/allasorias.hu\\\/hirek\\\/uj-munkahelyeket-teremtenek\\\/#webpage\"},\"articleSection\":\"Munkaer\\u0151piac, BYD, elektromos aut\\u00f3, Szeged\"},{\"@type\":\"BreadcrumbList\",\"@id\":\"https:\\\/\\\/allasorias.hu\\\/hirek\\\/uj-munkahelyeket-teremtenek\\\/#breadcrumblist\",\"itemListElement\":[{\"@type\":\"ListItem\",\"@id\":\"https:\\\/\\\/allasorias.hu\\\/hirek#listItem\",\"position\":1,\"name\":\"Home\",\"item\":\"https:\\\/\\\/allasorias.hu\\\/hirek\",\"nextItem\":{\"@type\":\"ListItem\",\"@id\":\"https:\\\/\\\/allasorias.hu\\\/hirek\\\/temak\\\/munkaeropiac\\\/#listItem\",\"name\":\"Munkaer\\u0151piac\"}},{\"@type\":\"ListItem\",\"@id\":\"https:\\\/\\\/allasorias.hu\\\/hirek\\\/temak\\\/munkaeropiac\\\/#listItem\",\"position\":2,\"name\":\"Munkaer\\u0151piac\",\"item\":\"https:\\\/\\\/allasorias.hu\\\/hirek\\\/temak\\\/munkaeropiac\\\/\",\"nextItem\":{\"@type\":\"ListItem\",\"@id\":\"https:\\\/\\\/allasorias.hu\\\/hirek\\\/uj-munkahelyeket-teremtenek\\\/#listItem\",\"name\":\"\\u00daj munkahelyeket teremtenek\"},\"previousItem\":{\"@type\":\"ListItem\",\"@id\":\"https:\\\/\\\/allasorias.hu\\\/hirek#listItem\",\"name\":\"Home\"}},{\"@type\":\"ListItem\",\"@id\":\"https:\\\/\\\/allasorias.hu\\\/hirek\\\/uj-munkahelyeket-teremtenek\\\/#listItem\",\"position\":3,\"name\":\"\\u00daj munkahelyeket teremtenek\",\"previousItem\":{\"@type\":\"ListItem\",\"@id\":\"https:\\\/\\\/allasorias.hu\\\/hirek\\\/temak\\\/munkaeropiac\\\/#listItem\",\"name\":\"Munkaer\\u0151piac\"}}]},{\"@type\":\"Organization\",\"@id\":\"https:\\\/\\\/allasorias.hu\\\/hirek\\\/#organization\",\"name\":\"AllasOrias.hu | H\\u00edrek-lapszemle\",\"description\":\"\\u00dczleti h\\u00edrek az \\u00e1ll\\u00e1s \\u00e9s a munka vil\\u00e1g\\u00e1b\\u00f3l\",\"url\":\"https:\\\/\\\/allasorias.hu\\\/hirek\\\/\",\"logo\":{\"@type\":\"ImageObject\",\"url\":\"https:\\\/\\\/allasorias.hu\\\/hirek\\\/wp-content\\\/uploads\\\/2022\\\/10\\\/allasorias_site_facebok_logo.png\",\"@id\":\"https:\\\/\\\/allasorias.hu\\\/hirek\\\/uj-munkahelyeket-teremtenek\\\/#organizationLogo\"},\"image\":{\"@id\":\"https:\\\/\\\/allasorias.hu\\\/hirek\\\/uj-munkahelyeket-teremtenek\\\/#organizationLogo\"},\"sameAs\":[\"https:\\\/\\\/www.facebook.com\\\/allasorias\",\"https:\\\/\\\/www.linkedin.com\\\/company\\\/allasorias\"]},{\"@type\":\"Person\",\"@id\":\"https:\\\/\\\/allasorias.hu\\\/hirek\\\/author\\\/admin-allasorias\\\/#author\",\"url\":\"https:\\\/\\\/allasorias.hu\\\/hirek\\\/author\\\/admin-allasorias\\\/\",\"name\":\"Juh\\u00e1sz P\\u00e9ter\",\"image\":{\"@type\":\"ImageObject\",\"@id\":\"https:\\\/\\\/allasorias.hu\\\/hirek\\\/uj-munkahelyeket-teremtenek\\\/#authorImage\",\"url\":\"https:\\\/\\\/secure.gravatar.com\\\/avatar\\\/36e6bcb83148978b992977cb0f54d22feb0cce8a0a849a9410532bb2623ba4c6?s=96&d=mm&r=g\",\"width\":96,\"height\":96,\"caption\":\"Juh\\u00e1sz P\\u00e9ter\"}},{\"@type\":\"WebPage\",\"@id\":\"https:\\\/\\\/allasorias.hu\\\/hirek\\\/uj-munkahelyeket-teremtenek\\\/#webpage\",\"url\":\"https:\\\/\\\/allasorias.hu\\\/hirek\\\/uj-munkahelyeket-teremtenek\\\/\",\"name\":\"\\u00daj munkahelyeket teremtenek | Allasorias.hu\\\/Hirek\",\"description\":\"Szegeden \\u00e9p\\u00edti meg els\\u0151 eur\\u00f3pai \\u00fczem\\u00e9t a vil\\u00e1g legnagyobb elektromos aut\\u00f3gy\\u00e1rt\\u00f3j\\u00e1nak sz\\u00e1m\\u00edt\\u00f3, k\\u00ednai BYD.\",\"inLanguage\":\"hu-HU\",\"isPartOf\":{\"@id\":\"https:\\\/\\\/allasorias.hu\\\/hirek\\\/#website\"},\"breadcrumb\":{\"@id\":\"https:\\\/\\\/allasorias.hu\\\/hirek\\\/uj-munkahelyeket-teremtenek\\\/#breadcrumblist\"},\"author\":{\"@id\":\"https:\\\/\\\/allasorias.hu\\\/hirek\\\/author\\\/admin-allasorias\\\/#author\"},\"creator\":{\"@id\":\"https:\\\/\\\/allasorias.hu\\\/hirek\\\/author\\\/admin-allasorias\\\/#author\"},\"image\":{\"@type\":\"ImageObject\",\"url\":\"https:\\\/\\\/allasorias.hu\\\/hirek\\\/wp-content\\\/uploads\\\/2024\\\/01\\\/elektromos-autogyar.jpg\",\"@id\":\"https:\\\/\\\/allasorias.hu\\\/hirek\\\/uj-munkahelyeket-teremtenek\\\/#mainImage\",\"width\":1280,\"height\":853,\"caption\":\"Elektromos aut\\u00f3gy\\u00e1r szegeden - Allasorias.hu\\\/Hirek\"},\"primaryImageOfPage\":{\"@id\":\"https:\\\/\\\/allasorias.hu\\\/hirek\\\/uj-munkahelyeket-teremtenek\\\/#mainImage\"},\"datePublished\":\"2023-12-27T12:08:03+02:00\",\"dateModified\":\"2024-01-02T12:20:40+02:00\"},{\"@type\":\"WebSite\",\"@id\":\"https:\\\/\\\/allasorias.hu\\\/hirek\\\/#website\",\"url\":\"https:\\\/\\\/allasorias.hu\\\/hirek\\\/\",\"name\":\"AllasOrias.hu | H\\u00edrek-lapszemle\",\"description\":\"\\u00dczleti h\\u00edrek az \\u00e1ll\\u00e1s \\u00e9s a munka vil\\u00e1g\\u00e1b\\u00f3l\",\"inLanguage\":\"hu-HU\",\"publisher\":{\"@id\":\"https:\\\/\\\/allasorias.hu\\\/hirek\\\/#organization\"}}]}\n\t\t<\/script>\n\t\t<!-- All in One SEO -->\n\n","aioseo_head_json":{"title":"\u00daj munkahelyeket teremtenek | Allasorias.hu\/Hirek","description":"Szegeden \u00e9p\u00edti meg els\u0151 eur\u00f3pai \u00fczem\u00e9t a vil\u00e1g legnagyobb elektromos aut\u00f3gy\u00e1rt\u00f3j\u00e1nak sz\u00e1m\u00edt\u00f3, k\u00ednai BYD.","canonical_url":"https:\/\/allasorias.hu\/hirek\/uj-munkahelyeket-teremtenek\/","robots":"max-image-preview:large","keywords":"byd,elektromos aut\u00f3,szeged","webmasterTools":{"miscellaneous":""},"schema":{"@context":"https:\/\/schema.org","@graph":[{"@type":"Article","@id":"https:\/\/allasorias.hu\/hirek\/uj-munkahelyeket-teremtenek\/#article","name":"\u00daj munkahelyeket teremtenek | Allasorias.hu\/Hirek","headline":"\u00daj munkahelyeket teremtenek","author":{"@id":"https:\/\/allasorias.hu\/hirek\/author\/admin-allasorias\/#author"},"publisher":{"@id":"https:\/\/allasorias.hu\/hirek\/#organization"},"image":{"@type":"ImageObject","url":"https:\/\/allasorias.hu\/hirek\/wp-content\/uploads\/2024\/01\/elektromos-autogyar.jpg","width":1280,"height":853,"caption":"Elektromos aut\u00f3gy\u00e1r szegeden - Allasorias.hu\/Hirek"},"datePublished":"2023-12-27T12:08:03+02:00","dateModified":"2024-01-02T12:20:40+02:00","inLanguage":"hu-HU","mainEntityOfPage":{"@id":"https:\/\/allasorias.hu\/hirek\/uj-munkahelyeket-teremtenek\/#webpage"},"isPartOf":{"@id":"https:\/\/allasorias.hu\/hirek\/uj-munkahelyeket-teremtenek\/#webpage"},"articleSection":"Munkaer\u0151piac, BYD, elektromos aut\u00f3, Szeged"},{"@type":"BreadcrumbList","@id":"https:\/\/allasorias.hu\/hirek\/uj-munkahelyeket-teremtenek\/#breadcrumblist","itemListElement":[{"@type":"ListItem","@id":"https:\/\/allasorias.hu\/hirek#listItem","position":1,"name":"Home","item":"https:\/\/allasorias.hu\/hirek","nextItem":{"@type":"ListItem","@id":"https:\/\/allasorias.hu\/hirek\/temak\/munkaeropiac\/#listItem","name":"Munkaer\u0151piac"}},{"@type":"ListItem","@id":"https:\/\/allasorias.hu\/hirek\/temak\/munkaeropiac\/#listItem","position":2,"name":"Munkaer\u0151piac","item":"https:\/\/allasorias.hu\/hirek\/temak\/munkaeropiac\/","nextItem":{"@type":"ListItem","@id":"https:\/\/allasorias.hu\/hirek\/uj-munkahelyeket-teremtenek\/#listItem","name":"\u00daj munkahelyeket teremtenek"},"previousItem":{"@type":"ListItem","@id":"https:\/\/allasorias.hu\/hirek#listItem","name":"Home"}},{"@type":"ListItem","@id":"https:\/\/allasorias.hu\/hirek\/uj-munkahelyeket-teremtenek\/#listItem","position":3,"name":"\u00daj munkahelyeket teremtenek","previousItem":{"@type":"ListItem","@id":"https:\/\/allasorias.hu\/hirek\/temak\/munkaeropiac\/#listItem","name":"Munkaer\u0151piac"}}]},{"@type":"Organization","@id":"https:\/\/allasorias.hu\/hirek\/#organization","name":"AllasOrias.hu | H\u00edrek-lapszemle","description":"\u00dczleti h\u00edrek az \u00e1ll\u00e1s \u00e9s a munka vil\u00e1g\u00e1b\u00f3l","url":"https:\/\/allasorias.hu\/hirek\/","logo":{"@type":"ImageObject","url":"https:\/\/allasorias.hu\/hirek\/wp-content\/uploads\/2022\/10\/allasorias_site_facebok_logo.png","@id":"https:\/\/allasorias.hu\/hirek\/uj-munkahelyeket-teremtenek\/#organizationLogo"},"image":{"@id":"https:\/\/allasorias.hu\/hirek\/uj-munkahelyeket-teremtenek\/#organizationLogo"},"sameAs":["https:\/\/www.facebook.com\/allasorias","https:\/\/www.linkedin.com\/company\/allasorias"]},{"@type":"Person","@id":"https:\/\/allasorias.hu\/hirek\/author\/admin-allasorias\/#author","url":"https:\/\/allasorias.hu\/hirek\/author\/admin-allasorias\/","name":"Juh\u00e1sz P\u00e9ter","image":{"@type":"ImageObject","@id":"https:\/\/allasorias.hu\/hirek\/uj-munkahelyeket-teremtenek\/#authorImage","url":"https:\/\/secure.gravatar.com\/avatar\/36e6bcb83148978b992977cb0f54d22feb0cce8a0a849a9410532bb2623ba4c6?s=96&d=mm&r=g","width":96,"height":96,"caption":"Juh\u00e1sz P\u00e9ter"}},{"@type":"WebPage","@id":"https:\/\/allasorias.hu\/hirek\/uj-munkahelyeket-teremtenek\/#webpage","url":"https:\/\/allasorias.hu\/hirek\/uj-munkahelyeket-teremtenek\/","name":"\u00daj munkahelyeket teremtenek | Allasorias.hu\/Hirek","description":"Szegeden \u00e9p\u00edti meg els\u0151 eur\u00f3pai \u00fczem\u00e9t a vil\u00e1g legnagyobb elektromos aut\u00f3gy\u00e1rt\u00f3j\u00e1nak sz\u00e1m\u00edt\u00f3, k\u00ednai BYD.","inLanguage":"hu-HU","isPartOf":{"@id":"https:\/\/allasorias.hu\/hirek\/#website"},"breadcrumb":{"@id":"https:\/\/allasorias.hu\/hirek\/uj-munkahelyeket-teremtenek\/#breadcrumblist"},"author":{"@id":"https:\/\/allasorias.hu\/hirek\/author\/admin-allasorias\/#author"},"creator":{"@id":"https:\/\/allasorias.hu\/hirek\/author\/admin-allasorias\/#author"},"image":{"@type":"ImageObject","url":"https:\/\/allasorias.hu\/hirek\/wp-content\/uploads\/2024\/01\/elektromos-autogyar.jpg","@id":"https:\/\/allasorias.hu\/hirek\/uj-munkahelyeket-teremtenek\/#mainImage","width":1280,"height":853,"caption":"Elektromos aut\u00f3gy\u00e1r szegeden - Allasorias.hu\/Hirek"},"primaryImageOfPage":{"@id":"https:\/\/allasorias.hu\/hirek\/uj-munkahelyeket-teremtenek\/#mainImage"},"datePublished":"2023-12-27T12:08:03+02:00","dateModified":"2024-01-02T12:20:40+02:00"},{"@type":"WebSite","@id":"https:\/\/allasorias.hu\/hirek\/#website","url":"https:\/\/allasorias.hu\/hirek\/","name":"AllasOrias.hu | H\u00edrek-lapszemle","description":"\u00dczleti h\u00edrek az \u00e1ll\u00e1s \u00e9s a munka vil\u00e1g\u00e1b\u00f3l","inLanguage":"hu-HU","publisher":{"@id":"https:\/\/allasorias.hu\/hirek\/#organization"}}]},"og:locale":"hu_HU","og:site_name":"AllasOrias.hu | H\u00edrek-lapszemle | \u00dczleti h\u00edrek az \u00e1ll\u00e1s \u00e9s a munka vil\u00e1g\u00e1b\u00f3l","og:type":"article","og:title":"\u00daj munkahelyeket teremtenek | Allasorias.hu\/Hirek","og:description":"Szegeden \u00e9p\u00edti meg els\u0151 eur\u00f3pai \u00fczem\u00e9t a vil\u00e1g legnagyobb elektromos aut\u00f3gy\u00e1rt\u00f3j\u00e1nak sz\u00e1m\u00edt\u00f3, k\u00ednai BYD.","og:url":"https:\/\/allasorias.hu\/hirek\/uj-munkahelyeket-teremtenek\/","og:image":"https:\/\/allasorias.hu\/hirek\/wp-content\/uploads\/2024\/01\/elektromos-autogyar.jpg","og:image:secure_url":"https:\/\/allasorias.hu\/hirek\/wp-content\/uploads\/2024\/01\/elektromos-autogyar.jpg","og:image:width":1280,"og:image:height":853,"article:published_time":"2023-12-27T10:08:03+00:00","article:modified_time":"2024-01-02T10:20:40+00:00","article:publisher":"https:\/\/www.facebook.com\/allasorias","twitter:card":"summary_large_image","twitter:title":"\u00daj munkahelyeket teremtenek | Allasorias.hu\/Hirek","twitter:description":"Szegeden \u00e9p\u00edti meg els\u0151 eur\u00f3pai \u00fczem\u00e9t a vil\u00e1g legnagyobb elektromos aut\u00f3gy\u00e1rt\u00f3j\u00e1nak sz\u00e1m\u00edt\u00f3, k\u00ednai BYD.","twitter:image":"https:\/\/allasorias.hu\/hirek\/wp-content\/uploads\/2024\/01\/elektromos-autogyar.jpg","twitter:label1":"Written by","twitter:data1":"Juh\u00e1sz P\u00e9ter","twitter:label2":"Est. reading time","twitter:data2":"4 minutes"},"aioseo_meta_data":{"post_id":"7176","title":"#post_title | Allasorias.hu\/Hirek","description":"Szegeden \u00e9p\u00edti meg els\u0151 eur\u00f3pai \u00fczem\u00e9t a vil\u00e1g legnagyobb elektromos aut\u00f3gy\u00e1rt\u00f3j\u00e1nak sz\u00e1m\u00edt\u00f3, k\u00ednai BYD.","keywords":[],"keyphrases":{"focus":{"keyphrase":"","score":0,"analysis":{"keyphraseInTitle":{"score":0,"maxScore":9,"error":1}}},"additional":[]},"primary_term":null,"canonical_url":null,"og_title":null,"og_description":null,"og_object_type":"default","og_image_type":"default","og_image_url":null,"og_image_width":null,"og_image_height":null,"og_image_custom_url":null,"og_image_custom_fields":null,"og_video":"","og_custom_url":null,"og_article_section":null,"og_article_tags":[],"twitter_use_og":true,"twitter_card":"default","twitter_image_type":"default","twitter_image_url":null,"twitter_image_custom_url":null,"twitter_image_custom_fields":null,"twitter_title":null,"twitter_description":null,"schema":{"blockGraphs":[],"customGraphs":[],"default":{"data":{"Article":[],"Course":[],"Dataset":[],"FAQPage":[],"Movie":[],"Person":[],"Product":[],"ProductReview":[],"Car":[],"Recipe":[],"Service":[],"SoftwareApplication":[],"WebPage":[]},"graphName":"Article","isEnabled":true},"graphs":[]},"schema_type":"default","schema_type_options":null,"pillar_content":false,"robots_default":true,"robots_noindex":false,"robots_noarchive":false,"robots_nosnippet":false,"robots_nofollow":false,"robots_noimageindex":false,"robots_noodp":false,"robots_notranslate":false,"robots_max_snippet":"-1","robots_max_videopreview":"-1","robots_max_imagepreview":"large","priority":null,"frequency":"default","location":null,"local_seo":null,"breadcrumb_settings":null,"limit_modified_date":false,"ai":null,"created":"2024-01-02 09:57:00","updated":"2025-10-02 19:23:21","seo_analyzer_scan_date":null,"focus_keyword":null,"additional_keywords":null,"truseo_locale":null},"aioseo_breadcrumb":"<div class=\"aioseo-breadcrumbs\"><span class=\"aioseo-breadcrumb\">\n\t\t\t<a href=\"https:\/\/allasorias.hu\/hirek\" title=\"Home\">Home<\/a>\n\t\t<\/span><span class=\"aioseo-breadcrumb-separator\">&raquo;<\/span><span class=\"aioseo-breadcrumb\">\n\t\t\t<a href=\"https:\/\/allasorias.hu\/hirek\/temak\/munkaeropiac\/\" title=\"Munkaer\u0151piac\">Munkaer\u0151piac<\/a>\n\t\t<\/span><span class=\"aioseo-breadcrumb-separator\">&raquo;<\/span><span class=\"aioseo-breadcrumb\">\n\t\t\t\u00daj munkahelyeket teremtenek\n\t\t<\/span><\/div>","aioseo_breadcrumb_json":[{"label":"Home","link":"https:\/\/allasorias.hu\/hirek"},{"label":"Munkaer\u0151piac","link":"https:\/\/allasorias.hu\/hirek\/temak\/munkaeropiac\/"},{"label":"\u00daj munkahelyeket teremtenek","link":"https:\/\/allasorias.hu\/hirek\/uj-munkahelyeket-teremtenek\/"}],"_links":{"self":[{"href":"https:\/\/allasorias.hu\/hirek\/wp-json\/wp\/v2\/posts\/7176","targetHints":{"allow":["GET"]}}],"collection":[{"href":"https:\/\/allasorias.hu\/hirek\/wp-json\/wp\/v2\/posts"}],"about":[{"href":"https:\/\/allasorias.hu\/hirek\/wp-json\/wp\/v2\/types\/post"}],"author":[{"embeddable":true,"href":"https:\/\/allasorias.hu\/hirek\/wp-json\/wp\/v2\/users\/1"}],"replies":[{"embeddable":true,"href":"https:\/\/allasorias.hu\/hirek\/wp-json\/wp\/v2\/comments?post=7176"}],"version-history":[{"count":4,"href":"https:\/\/allasorias.hu\/hirek\/wp-json\/wp\/v2\/posts\/7176\/revisions"}],"predecessor-version":[{"id":7182,"href":"https:\/\/allasorias.hu\/hirek\/wp-json\/wp\/v2\/posts\/7176\/revisions\/7182"}],"wp:featuredmedia":[{"embeddable":true,"href":"https:\/\/allasorias.hu\/hirek\/wp-json\/wp\/v2\/media\/7177"}],"wp:attachment":[{"href":"https:\/\/allasorias.hu\/hirek\/wp-json\/wp\/v2\/media?parent=7176"}],"wp:term":[{"taxonomy":"category","embeddable":true,"href":"https:\/\/allasorias.hu\/hirek\/wp-json\/wp\/v2\/categories?post=7176"},{"taxonomy":"post_tag","embeddable":true,"href":"https:\/\/allasorias.hu\/hirek\/wp-json\/wp\/v2\/tags?post=7176"}],"curies":[{"name":"wp","href":"https:\/\/api.w.org\/{rel}","templated":true}]}}