{"id":7144,"date":"2023-12-14T10:55:16","date_gmt":"2023-12-14T08:55:16","guid":{"rendered":"https:\/\/allasorias.hu\/hirek\/?p=7144"},"modified":"2025-05-09T11:15:31","modified_gmt":"2025-05-09T09:15:31","slug":"egyszerusodhetnek-a-munkahoz-kotheto-szabalyozasok","status":"publish","type":"post","link":"https:\/\/allasorias.hu\/hirek\/egyszerusodhetnek-a-munkahoz-kotheto-szabalyozasok\/","title":{"rendered":"Egyszer\u0171s\u00f6dhetnek a munk\u00e1hoz k\u00f6thet\u0151 szab\u00e1lyoz\u00e1sok"},"content":{"rendered":"<p><strong>T\u00f6rv\u00e9nyjavaslat k\u00e9sz\u00fclt a munkahelyi alkalmass\u00e1gi vizsg\u00e1latok elt\u00f6rl\u00e9s\u00e9r\u0151l. C\u00e9l az\u00a0 adminisztrat\u00edv terhek cs\u00f6kkent\u00e9se \u00e9s b\u00e1r ez \u00e1ltal\u00e1nos jelleg\u0171, a korm\u00e1ny fenntartja mag\u00e1nak a jogot, hogy bizonyos munkak\u00f6r\u00f6kben m\u00e9gis k\u00f6telez\u0151v\u00e9 tegye a vizsg\u00e1latot, valamint a munk\u00e1ltat\u00f3ra van b\u00edzva, hogy \u0151k k\u00f6telez\u0151v\u00e9 teszik-e azt az alkalmass\u00e1ghoz vagy sem.\u00a0 <\/strong><\/p>\n<p>Egy \u00faj javaslat szerint nem lesz a j\u00f6v\u0151ben k\u00f6telez\u0151 r\u00e9sze a munkahelyi alkalmass\u00e1gi elj\u00e1r\u00e1snak az orvosi vizsg\u00e1lat, adminisztrat\u00edv terhek cs\u00f6kkent\u00e9se v\u00e9gett. Egy Semj\u00e9n Zsolt minisztereln\u00f6k-helyettes \u00e1ltal beny\u00fajtott \u00e9s az Orsz\u00e1ggy\u0171l\u00e9s \u00e1ltal el is fogadott t\u00f6rv\u00e9nyjavaslat t\u00f6bbek k\u00f6z\u00f6tt \u201ea munk\u00e1ltat\u00f3k \u00e9s munkav\u00e1llal\u00f3k \u00e9rdek\u00e9ben\u201d m\u00f3dos\u00edtja a munkahelyi alkalmass\u00e1gi vizsg\u00e1latok menet\u00e9t, a legfontosabb v\u00e1ltoz\u00e1s, hogy a k\u00f6telez\u0151 orvosi vizsg\u00e1latok opcion\u00e1liss\u00e1 v\u00e1lnak, \u00edrja az Index.<\/p>\n<p>Egy\u00e9b elj\u00e1r\u00e1segyszer\u0171s\u00edt\u0151 int\u00e9zked\u00e9sek is szerepelnek a csomagban, t\u00f6bbek k\u00f6z\u00f6tt 2025-t\u0151l kezdve a munk\u00e1ltat\u00f3knak nem kell a nyugd\u00edjkorhat\u00e1r ut\u00e1n 5 \u00e9vig meg\u0151rizni a munkav\u00e1llal\u00f3k munka\u00fcgyi pap\u00edrjait, valamint az \u00faj hitelek ig\u00e9nyl\u00e9s\u00e9n\u00e9l az \u00fcgyfelek beleegyez\u00e9se eset\u00e9n a hitelint\u00e9zet maga ig\u00e9nyelheti meg m\u00e1s int\u00e9zm\u00e9nyekn\u00e9l az \u00fcgyint\u00e9z\u00e9shez sz\u00fcks\u00e9ges dokumentumokat. A k\u00fclf\u00f6ldr\u0151l hazak\u00f6lt\u00f6z\u0151knek is k\u00f6nnyebb lesz a dolguk, egyszer\u0171s\u00f6dik a kinti okm\u00e1nyok honos\u00edt\u00e1sa \u00e9s elfogadtat\u00e1sa, illetve b\u0151v\u00fcl azoknak az okm\u00e1nyoknak a csoportja, amelyekn\u00e9l el lehet hagyni a diplom\u00e1ciai fel\u00fclhiteles\u00edt\u00e9st, ebbe a csoportba fognak p\u00e9ld\u00e1ul tartozni az anyak\u00f6nyvi kivonatok is.<\/p>\n<p>Forr\u00e1s: <a href=\"https:\/\/liner.hu\/munkahelyi-orvosi-vizsgalat-kotelezo-megszunik\/\" target=\"_blank\" rel=\"nofollow noopener noreferrer\">liner.hu<\/a><\/p>\n","protected":false},"excerpt":{"rendered":"<p>T\u00f6rv\u00e9nyjavaslat k\u00e9sz\u00fclt a munkahelyi alkalmass\u00e1gi vizsg\u00e1latok elt\u00f6rl\u00e9s\u00e9r\u0151l. C\u00e9l az\u00a0 adminisztrat\u00edv terhek cs\u00f6kkent\u00e9se \u00e9s b\u00e1r ez \u00e1ltal\u00e1nos jelleg\u0171, a korm\u00e1ny fenntartja mag\u00e1nak a jogot, hogy bizonyos munkak\u00f6r\u00f6kben m\u00e9gis k\u00f6telez\u0151v\u00e9 tegye a vizsg\u00e1latot, valamint a munk\u00e1ltat\u00f3ra van b\u00edzva, hogy \u0151k k\u00f6telez\u0151v\u00e9 teszik-e azt az alkalmass\u00e1ghoz vagy sem.\u00a0 Egy \u00faj javaslat szerint nem lesz a j\u00f6v\u0151ben k\u00f6telez\u0151 r\u00e9sze [&hellip;]<\/p>\n","protected":false},"author":1,"featured_media":7145,"comment_status":"closed","ping_status":"closed","sticky":false,"template":"","format":"standard","meta":{"_monsterinsights_skip_tracking":false,"footnotes":""},"categories":[200],"tags":[668,667,666],"class_list":["post-7144","post","type-post","status-publish","format-standard","has-post-thumbnail","hentry","category-munkaeropiac","tag-alkalmassagi-vizsgalat","tag-jogszabaly","tag-szabalyozasok"],"aioseo_notices":[],"aioseo_head":"\n\t\t<!-- All in One SEO 5.0.0.1 - aioseo.com -->\n\t<meta name=\"description\" content=\"T\u00f6rv\u00e9nyjavaslat k\u00e9sz\u00fclt a munkahelyi alkalmass\u00e1gi vizsg\u00e1latok elt\u00f6rl\u00e9s\u00e9r\u0151l. C\u00e9l az adminisztrat\u00edv terhek cs\u00f6kkent\u00e9se.\" \/>\n\t<meta name=\"robots\" content=\"max-image-preview:large\" \/>\n\t<meta name=\"author\" content=\"Juh\u00e1sz P\u00e9ter\"\/>\n\t<meta name=\"keywords\" content=\"alkalmass\u00e1gi vizsg\u00e1lat,jogszab\u00e1ly,szab\u00e1lyoz\u00e1sok\" \/>\n\t<link rel=\"canonical\" href=\"https:\/\/allasorias.hu\/hirek\/egyszerusodhetnek-a-munkahoz-kotheto-szabalyozasok\/\" \/>\n\t<meta name=\"generator\" content=\"All in One SEO (AIOSEO) 5.0.0.1\" \/>\n\t\t<meta property=\"og:locale\" content=\"hu_HU\" \/>\n\t\t<meta property=\"og:site_name\" content=\"AllasOrias.hu | H\u00edrek-lapszemle | \u00dczleti h\u00edrek az \u00e1ll\u00e1s \u00e9s a munka vil\u00e1g\u00e1b\u00f3l\" \/>\n\t\t<meta property=\"og:type\" content=\"article\" \/>\n\t\t<meta property=\"og:title\" content=\"Munk\u00e1hoz k\u00f6t\u0151d\u0151 szab\u00e1lyok egyszer\u0171s\u00f6dhetnek\" \/>\n\t\t<meta property=\"og:description\" content=\"T\u00f6rv\u00e9nyjavaslat k\u00e9sz\u00fclt a munkahelyi alkalmass\u00e1gi vizsg\u00e1latok elt\u00f6rl\u00e9s\u00e9r\u0151l. C\u00e9l az adminisztrat\u00edv terhek cs\u00f6kkent\u00e9se.\" \/>\n\t\t<meta property=\"og:url\" content=\"https:\/\/allasorias.hu\/hirek\/egyszerusodhetnek-a-munkahoz-kotheto-szabalyozasok\/\" \/>\n\t\t<meta property=\"og:image\" content=\"https:\/\/allasorias.hu\/hirek\/wp-content\/uploads\/2023\/12\/munkahoz-kotheto-szabalyozasok.jpg\" \/>\n\t\t<meta property=\"og:image:secure_url\" content=\"https:\/\/allasorias.hu\/hirek\/wp-content\/uploads\/2023\/12\/munkahoz-kotheto-szabalyozasok.jpg\" \/>\n\t\t<meta property=\"og:image:width\" content=\"1280\" \/>\n\t\t<meta property=\"og:image:height\" content=\"853\" \/>\n\t\t<meta property=\"article:published_time\" content=\"2023-12-14T08:55:16+00:00\" \/>\n\t\t<meta property=\"article:modified_time\" content=\"2025-05-09T09:15:31+00:00\" \/>\n\t\t<meta property=\"article:publisher\" content=\"https:\/\/www.facebook.com\/allasorias\" \/>\n\t\t<meta name=\"twitter:card\" content=\"summary_large_image\" \/>\n\t\t<meta name=\"twitter:title\" content=\"Munk\u00e1hoz k\u00f6t\u0151d\u0151 szab\u00e1lyok egyszer\u0171s\u00f6dhetnek\" \/>\n\t\t<meta name=\"twitter:description\" content=\"T\u00f6rv\u00e9nyjavaslat k\u00e9sz\u00fclt a munkahelyi alkalmass\u00e1gi vizsg\u00e1latok elt\u00f6rl\u00e9s\u00e9r\u0151l. C\u00e9l az adminisztrat\u00edv terhek cs\u00f6kkent\u00e9se.\" \/>\n\t\t<meta name=\"twitter:image\" content=\"https:\/\/allasorias.hu\/hirek\/wp-content\/uploads\/2023\/12\/munkahoz-kotheto-szabalyozasok.jpg\" \/>\n\t\t<meta name=\"twitter:label1\" content=\"Written by\" \/>\n\t\t<meta name=\"twitter:data1\" content=\"Juh\u00e1sz P\u00e9ter\" \/>\n\t\t<meta name=\"twitter:label2\" content=\"Est. reading time\" \/>\n\t\t<meta name=\"twitter:data2\" content=\"2 minutes\" \/>\n\t\t<script type=\"application\/ld+json\" class=\"aioseo-schema\">\n\t\t\t{\"@context\":\"https:\\\/\\\/schema.org\",\"@graph\":[{\"@type\":\"Article\",\"@id\":\"https:\\\/\\\/allasorias.hu\\\/hirek\\\/egyszerusodhetnek-a-munkahoz-kotheto-szabalyozasok\\\/#article\",\"name\":\"Munk\\u00e1hoz k\\u00f6t\\u0151d\\u0151 szab\\u00e1lyok egyszer\\u0171s\\u00f6dhetnek\",\"headline\":\"Egyszer\\u0171s\\u00f6dhetnek a munk\\u00e1hoz k\\u00f6thet\\u0151 szab\\u00e1lyoz\\u00e1sok\",\"author\":{\"@id\":\"https:\\\/\\\/allasorias.hu\\\/hirek\\\/author\\\/admin-allasorias\\\/#author\"},\"publisher\":{\"@id\":\"https:\\\/\\\/allasorias.hu\\\/hirek\\\/#organization\"},\"image\":{\"@type\":\"ImageObject\",\"url\":\"https:\\\/\\\/allasorias.hu\\\/hirek\\\/wp-content\\\/uploads\\\/2023\\\/12\\\/munkahoz-kotheto-szabalyozasok.jpg\",\"width\":1280,\"height\":853,\"caption\":\"Egyszer\\u0171s\\u00f6dhetnek a munk\\u00e1hoz k\\u00f6thet\\u0151 szab\\u00e1lyoz\\u00e1sok - Allasorias.hu\\\/Hirek\"},\"datePublished\":\"2023-12-14T10:55:16+02:00\",\"dateModified\":\"2025-05-09T11:15:31+02:00\",\"inLanguage\":\"hu-HU\",\"mainEntityOfPage\":{\"@id\":\"https:\\\/\\\/allasorias.hu\\\/hirek\\\/egyszerusodhetnek-a-munkahoz-kotheto-szabalyozasok\\\/#webpage\"},\"isPartOf\":{\"@id\":\"https:\\\/\\\/allasorias.hu\\\/hirek\\\/egyszerusodhetnek-a-munkahoz-kotheto-szabalyozasok\\\/#webpage\"},\"articleSection\":\"Munkaer\\u0151piac, alkalmass\\u00e1gi vizsg\\u00e1lat, jogszab\\u00e1ly, szab\\u00e1lyoz\\u00e1sok\"},{\"@type\":\"BreadcrumbList\",\"@id\":\"https:\\\/\\\/allasorias.hu\\\/hirek\\\/egyszerusodhetnek-a-munkahoz-kotheto-szabalyozasok\\\/#breadcrumblist\",\"itemListElement\":[{\"@type\":\"ListItem\",\"@id\":\"https:\\\/\\\/allasorias.hu\\\/hirek#listItem\",\"position\":1,\"name\":\"Home\",\"item\":\"https:\\\/\\\/allasorias.hu\\\/hirek\",\"nextItem\":{\"@type\":\"ListItem\",\"@id\":\"https:\\\/\\\/allasorias.hu\\\/hirek\\\/temak\\\/munkaeropiac\\\/#listItem\",\"name\":\"Munkaer\\u0151piac\"}},{\"@type\":\"ListItem\",\"@id\":\"https:\\\/\\\/allasorias.hu\\\/hirek\\\/temak\\\/munkaeropiac\\\/#listItem\",\"position\":2,\"name\":\"Munkaer\\u0151piac\",\"item\":\"https:\\\/\\\/allasorias.hu\\\/hirek\\\/temak\\\/munkaeropiac\\\/\",\"nextItem\":{\"@type\":\"ListItem\",\"@id\":\"https:\\\/\\\/allasorias.hu\\\/hirek\\\/egyszerusodhetnek-a-munkahoz-kotheto-szabalyozasok\\\/#listItem\",\"name\":\"Egyszer\\u0171s\\u00f6dhetnek a munk\\u00e1hoz k\\u00f6thet\\u0151 szab\\u00e1lyoz\\u00e1sok\"},\"previousItem\":{\"@type\":\"ListItem\",\"@id\":\"https:\\\/\\\/allasorias.hu\\\/hirek#listItem\",\"name\":\"Home\"}},{\"@type\":\"ListItem\",\"@id\":\"https:\\\/\\\/allasorias.hu\\\/hirek\\\/egyszerusodhetnek-a-munkahoz-kotheto-szabalyozasok\\\/#listItem\",\"position\":3,\"name\":\"Egyszer\\u0171s\\u00f6dhetnek a munk\\u00e1hoz k\\u00f6thet\\u0151 szab\\u00e1lyoz\\u00e1sok\",\"previousItem\":{\"@type\":\"ListItem\",\"@id\":\"https:\\\/\\\/allasorias.hu\\\/hirek\\\/temak\\\/munkaeropiac\\\/#listItem\",\"name\":\"Munkaer\\u0151piac\"}}]},{\"@type\":\"Organization\",\"@id\":\"https:\\\/\\\/allasorias.hu\\\/hirek\\\/#organization\",\"name\":\"AllasOrias.hu | H\\u00edrek-lapszemle\",\"description\":\"\\u00dczleti h\\u00edrek az \\u00e1ll\\u00e1s \\u00e9s a munka vil\\u00e1g\\u00e1b\\u00f3l\",\"url\":\"https:\\\/\\\/allasorias.hu\\\/hirek\\\/\",\"logo\":{\"@type\":\"ImageObject\",\"url\":\"https:\\\/\\\/allasorias.hu\\\/hirek\\\/wp-content\\\/uploads\\\/2022\\\/10\\\/allasorias_site_facebok_logo.png\",\"@id\":\"https:\\\/\\\/allasorias.hu\\\/hirek\\\/egyszerusodhetnek-a-munkahoz-kotheto-szabalyozasok\\\/#organizationLogo\"},\"image\":{\"@id\":\"https:\\\/\\\/allasorias.hu\\\/hirek\\\/egyszerusodhetnek-a-munkahoz-kotheto-szabalyozasok\\\/#organizationLogo\"},\"sameAs\":[\"https:\\\/\\\/www.facebook.com\\\/allasorias\",\"https:\\\/\\\/www.linkedin.com\\\/company\\\/allasorias\"]},{\"@type\":\"Person\",\"@id\":\"https:\\\/\\\/allasorias.hu\\\/hirek\\\/author\\\/admin-allasorias\\\/#author\",\"url\":\"https:\\\/\\\/allasorias.hu\\\/hirek\\\/author\\\/admin-allasorias\\\/\",\"name\":\"Juh\\u00e1sz P\\u00e9ter\",\"image\":{\"@type\":\"ImageObject\",\"@id\":\"https:\\\/\\\/allasorias.hu\\\/hirek\\\/egyszerusodhetnek-a-munkahoz-kotheto-szabalyozasok\\\/#authorImage\",\"url\":\"https:\\\/\\\/secure.gravatar.com\\\/avatar\\\/36e6bcb83148978b992977cb0f54d22feb0cce8a0a849a9410532bb2623ba4c6?s=96&d=mm&r=g\",\"width\":96,\"height\":96,\"caption\":\"Juh\\u00e1sz P\\u00e9ter\"}},{\"@type\":\"WebPage\",\"@id\":\"https:\\\/\\\/allasorias.hu\\\/hirek\\\/egyszerusodhetnek-a-munkahoz-kotheto-szabalyozasok\\\/#webpage\",\"url\":\"https:\\\/\\\/allasorias.hu\\\/hirek\\\/egyszerusodhetnek-a-munkahoz-kotheto-szabalyozasok\\\/\",\"name\":\"Munk\\u00e1hoz k\\u00f6t\\u0151d\\u0151 szab\\u00e1lyok egyszer\\u0171s\\u00f6dhetnek\",\"description\":\"T\\u00f6rv\\u00e9nyjavaslat k\\u00e9sz\\u00fclt a munkahelyi alkalmass\\u00e1gi vizsg\\u00e1latok elt\\u00f6rl\\u00e9s\\u00e9r\\u0151l. C\\u00e9l az adminisztrat\\u00edv terhek cs\\u00f6kkent\\u00e9se.\",\"inLanguage\":\"hu-HU\",\"isPartOf\":{\"@id\":\"https:\\\/\\\/allasorias.hu\\\/hirek\\\/#website\"},\"breadcrumb\":{\"@id\":\"https:\\\/\\\/allasorias.hu\\\/hirek\\\/egyszerusodhetnek-a-munkahoz-kotheto-szabalyozasok\\\/#breadcrumblist\"},\"author\":{\"@id\":\"https:\\\/\\\/allasorias.hu\\\/hirek\\\/author\\\/admin-allasorias\\\/#author\"},\"creator\":{\"@id\":\"https:\\\/\\\/allasorias.hu\\\/hirek\\\/author\\\/admin-allasorias\\\/#author\"},\"image\":{\"@type\":\"ImageObject\",\"url\":\"https:\\\/\\\/allasorias.hu\\\/hirek\\\/wp-content\\\/uploads\\\/2023\\\/12\\\/munkahoz-kotheto-szabalyozasok.jpg\",\"@id\":\"https:\\\/\\\/allasorias.hu\\\/hirek\\\/egyszerusodhetnek-a-munkahoz-kotheto-szabalyozasok\\\/#mainImage\",\"width\":1280,\"height\":853,\"caption\":\"Egyszer\\u0171s\\u00f6dhetnek a munk\\u00e1hoz k\\u00f6thet\\u0151 szab\\u00e1lyoz\\u00e1sok - Allasorias.hu\\\/Hirek\"},\"primaryImageOfPage\":{\"@id\":\"https:\\\/\\\/allasorias.hu\\\/hirek\\\/egyszerusodhetnek-a-munkahoz-kotheto-szabalyozasok\\\/#mainImage\"},\"datePublished\":\"2023-12-14T10:55:16+02:00\",\"dateModified\":\"2025-05-09T11:15:31+02:00\"},{\"@type\":\"WebSite\",\"@id\":\"https:\\\/\\\/allasorias.hu\\\/hirek\\\/#website\",\"url\":\"https:\\\/\\\/allasorias.hu\\\/hirek\\\/\",\"name\":\"AllasOrias.hu | H\\u00edrek-lapszemle\",\"description\":\"\\u00dczleti h\\u00edrek az \\u00e1ll\\u00e1s \\u00e9s a munka vil\\u00e1g\\u00e1b\\u00f3l\",\"inLanguage\":\"hu-HU\",\"publisher\":{\"@id\":\"https:\\\/\\\/allasorias.hu\\\/hirek\\\/#organization\"}}]}\n\t\t<\/script>\n\t\t<!-- All in One SEO -->\n\n","aioseo_head_json":{"title":"Munk\u00e1hoz k\u00f6t\u0151d\u0151 szab\u00e1lyok egyszer\u0171s\u00f6dhetnek","description":"T\u00f6rv\u00e9nyjavaslat k\u00e9sz\u00fclt a munkahelyi alkalmass\u00e1gi vizsg\u00e1latok elt\u00f6rl\u00e9s\u00e9r\u0151l. C\u00e9l az adminisztrat\u00edv terhek cs\u00f6kkent\u00e9se.","canonical_url":"https:\/\/allasorias.hu\/hirek\/egyszerusodhetnek-a-munkahoz-kotheto-szabalyozasok\/","robots":"max-image-preview:large","keywords":"alkalmass\u00e1gi vizsg\u00e1lat,jogszab\u00e1ly,szab\u00e1lyoz\u00e1sok","webmasterTools":{"miscellaneous":""},"schema":{"@context":"https:\/\/schema.org","@graph":[{"@type":"Article","@id":"https:\/\/allasorias.hu\/hirek\/egyszerusodhetnek-a-munkahoz-kotheto-szabalyozasok\/#article","name":"Munk\u00e1hoz k\u00f6t\u0151d\u0151 szab\u00e1lyok egyszer\u0171s\u00f6dhetnek","headline":"Egyszer\u0171s\u00f6dhetnek a munk\u00e1hoz k\u00f6thet\u0151 szab\u00e1lyoz\u00e1sok","author":{"@id":"https:\/\/allasorias.hu\/hirek\/author\/admin-allasorias\/#author"},"publisher":{"@id":"https:\/\/allasorias.hu\/hirek\/#organization"},"image":{"@type":"ImageObject","url":"https:\/\/allasorias.hu\/hirek\/wp-content\/uploads\/2023\/12\/munkahoz-kotheto-szabalyozasok.jpg","width":1280,"height":853,"caption":"Egyszer\u0171s\u00f6dhetnek a munk\u00e1hoz k\u00f6thet\u0151 szab\u00e1lyoz\u00e1sok - Allasorias.hu\/Hirek"},"datePublished":"2023-12-14T10:55:16+02:00","dateModified":"2025-05-09T11:15:31+02:00","inLanguage":"hu-HU","mainEntityOfPage":{"@id":"https:\/\/allasorias.hu\/hirek\/egyszerusodhetnek-a-munkahoz-kotheto-szabalyozasok\/#webpage"},"isPartOf":{"@id":"https:\/\/allasorias.hu\/hirek\/egyszerusodhetnek-a-munkahoz-kotheto-szabalyozasok\/#webpage"},"articleSection":"Munkaer\u0151piac, alkalmass\u00e1gi vizsg\u00e1lat, jogszab\u00e1ly, szab\u00e1lyoz\u00e1sok"},{"@type":"BreadcrumbList","@id":"https:\/\/allasorias.hu\/hirek\/egyszerusodhetnek-a-munkahoz-kotheto-szabalyozasok\/#breadcrumblist","itemListElement":[{"@type":"ListItem","@id":"https:\/\/allasorias.hu\/hirek#listItem","position":1,"name":"Home","item":"https:\/\/allasorias.hu\/hirek","nextItem":{"@type":"ListItem","@id":"https:\/\/allasorias.hu\/hirek\/temak\/munkaeropiac\/#listItem","name":"Munkaer\u0151piac"}},{"@type":"ListItem","@id":"https:\/\/allasorias.hu\/hirek\/temak\/munkaeropiac\/#listItem","position":2,"name":"Munkaer\u0151piac","item":"https:\/\/allasorias.hu\/hirek\/temak\/munkaeropiac\/","nextItem":{"@type":"ListItem","@id":"https:\/\/allasorias.hu\/hirek\/egyszerusodhetnek-a-munkahoz-kotheto-szabalyozasok\/#listItem","name":"Egyszer\u0171s\u00f6dhetnek a munk\u00e1hoz k\u00f6thet\u0151 szab\u00e1lyoz\u00e1sok"},"previousItem":{"@type":"ListItem","@id":"https:\/\/allasorias.hu\/hirek#listItem","name":"Home"}},{"@type":"ListItem","@id":"https:\/\/allasorias.hu\/hirek\/egyszerusodhetnek-a-munkahoz-kotheto-szabalyozasok\/#listItem","position":3,"name":"Egyszer\u0171s\u00f6dhetnek a munk\u00e1hoz k\u00f6thet\u0151 szab\u00e1lyoz\u00e1sok","previousItem":{"@type":"ListItem","@id":"https:\/\/allasorias.hu\/hirek\/temak\/munkaeropiac\/#listItem","name":"Munkaer\u0151piac"}}]},{"@type":"Organization","@id":"https:\/\/allasorias.hu\/hirek\/#organization","name":"AllasOrias.hu | H\u00edrek-lapszemle","description":"\u00dczleti h\u00edrek az \u00e1ll\u00e1s \u00e9s a munka vil\u00e1g\u00e1b\u00f3l","url":"https:\/\/allasorias.hu\/hirek\/","logo":{"@type":"ImageObject","url":"https:\/\/allasorias.hu\/hirek\/wp-content\/uploads\/2022\/10\/allasorias_site_facebok_logo.png","@id":"https:\/\/allasorias.hu\/hirek\/egyszerusodhetnek-a-munkahoz-kotheto-szabalyozasok\/#organizationLogo"},"image":{"@id":"https:\/\/allasorias.hu\/hirek\/egyszerusodhetnek-a-munkahoz-kotheto-szabalyozasok\/#organizationLogo"},"sameAs":["https:\/\/www.facebook.com\/allasorias","https:\/\/www.linkedin.com\/company\/allasorias"]},{"@type":"Person","@id":"https:\/\/allasorias.hu\/hirek\/author\/admin-allasorias\/#author","url":"https:\/\/allasorias.hu\/hirek\/author\/admin-allasorias\/","name":"Juh\u00e1sz P\u00e9ter","image":{"@type":"ImageObject","@id":"https:\/\/allasorias.hu\/hirek\/egyszerusodhetnek-a-munkahoz-kotheto-szabalyozasok\/#authorImage","url":"https:\/\/secure.gravatar.com\/avatar\/36e6bcb83148978b992977cb0f54d22feb0cce8a0a849a9410532bb2623ba4c6?s=96&d=mm&r=g","width":96,"height":96,"caption":"Juh\u00e1sz P\u00e9ter"}},{"@type":"WebPage","@id":"https:\/\/allasorias.hu\/hirek\/egyszerusodhetnek-a-munkahoz-kotheto-szabalyozasok\/#webpage","url":"https:\/\/allasorias.hu\/hirek\/egyszerusodhetnek-a-munkahoz-kotheto-szabalyozasok\/","name":"Munk\u00e1hoz k\u00f6t\u0151d\u0151 szab\u00e1lyok egyszer\u0171s\u00f6dhetnek","description":"T\u00f6rv\u00e9nyjavaslat k\u00e9sz\u00fclt a munkahelyi alkalmass\u00e1gi vizsg\u00e1latok elt\u00f6rl\u00e9s\u00e9r\u0151l. C\u00e9l az adminisztrat\u00edv terhek cs\u00f6kkent\u00e9se.","inLanguage":"hu-HU","isPartOf":{"@id":"https:\/\/allasorias.hu\/hirek\/#website"},"breadcrumb":{"@id":"https:\/\/allasorias.hu\/hirek\/egyszerusodhetnek-a-munkahoz-kotheto-szabalyozasok\/#breadcrumblist"},"author":{"@id":"https:\/\/allasorias.hu\/hirek\/author\/admin-allasorias\/#author"},"creator":{"@id":"https:\/\/allasorias.hu\/hirek\/author\/admin-allasorias\/#author"},"image":{"@type":"ImageObject","url":"https:\/\/allasorias.hu\/hirek\/wp-content\/uploads\/2023\/12\/munkahoz-kotheto-szabalyozasok.jpg","@id":"https:\/\/allasorias.hu\/hirek\/egyszerusodhetnek-a-munkahoz-kotheto-szabalyozasok\/#mainImage","width":1280,"height":853,"caption":"Egyszer\u0171s\u00f6dhetnek a munk\u00e1hoz k\u00f6thet\u0151 szab\u00e1lyoz\u00e1sok - Allasorias.hu\/Hirek"},"primaryImageOfPage":{"@id":"https:\/\/allasorias.hu\/hirek\/egyszerusodhetnek-a-munkahoz-kotheto-szabalyozasok\/#mainImage"},"datePublished":"2023-12-14T10:55:16+02:00","dateModified":"2025-05-09T11:15:31+02:00"},{"@type":"WebSite","@id":"https:\/\/allasorias.hu\/hirek\/#website","url":"https:\/\/allasorias.hu\/hirek\/","name":"AllasOrias.hu | H\u00edrek-lapszemle","description":"\u00dczleti h\u00edrek az \u00e1ll\u00e1s \u00e9s a munka vil\u00e1g\u00e1b\u00f3l","inLanguage":"hu-HU","publisher":{"@id":"https:\/\/allasorias.hu\/hirek\/#organization"}}]},"og:locale":"hu_HU","og:site_name":"AllasOrias.hu | H\u00edrek-lapszemle | \u00dczleti h\u00edrek az \u00e1ll\u00e1s \u00e9s a munka vil\u00e1g\u00e1b\u00f3l","og:type":"article","og:title":"Munk\u00e1hoz k\u00f6t\u0151d\u0151 szab\u00e1lyok egyszer\u0171s\u00f6dhetnek","og:description":"T\u00f6rv\u00e9nyjavaslat k\u00e9sz\u00fclt a munkahelyi alkalmass\u00e1gi vizsg\u00e1latok elt\u00f6rl\u00e9s\u00e9r\u0151l. C\u00e9l az adminisztrat\u00edv terhek cs\u00f6kkent\u00e9se.","og:url":"https:\/\/allasorias.hu\/hirek\/egyszerusodhetnek-a-munkahoz-kotheto-szabalyozasok\/","og:image":"https:\/\/allasorias.hu\/hirek\/wp-content\/uploads\/2023\/12\/munkahoz-kotheto-szabalyozasok.jpg","og:image:secure_url":"https:\/\/allasorias.hu\/hirek\/wp-content\/uploads\/2023\/12\/munkahoz-kotheto-szabalyozasok.jpg","og:image:width":1280,"og:image:height":853,"article:published_time":"2023-12-14T08:55:16+00:00","article:modified_time":"2025-05-09T09:15:31+00:00","article:publisher":"https:\/\/www.facebook.com\/allasorias","twitter:card":"summary_large_image","twitter:title":"Munk\u00e1hoz k\u00f6t\u0151d\u0151 szab\u00e1lyok egyszer\u0171s\u00f6dhetnek","twitter:description":"T\u00f6rv\u00e9nyjavaslat k\u00e9sz\u00fclt a munkahelyi alkalmass\u00e1gi vizsg\u00e1latok elt\u00f6rl\u00e9s\u00e9r\u0151l. C\u00e9l az adminisztrat\u00edv terhek cs\u00f6kkent\u00e9se.","twitter:image":"https:\/\/allasorias.hu\/hirek\/wp-content\/uploads\/2023\/12\/munkahoz-kotheto-szabalyozasok.jpg","twitter:label1":"Written by","twitter:data1":"Juh\u00e1sz P\u00e9ter","twitter:label2":"Est. reading time","twitter:data2":"2 minutes"},"aioseo_meta_data":{"post_id":"7144","title":"Munk\u00e1hoz k\u00f6t\u0151d\u0151 szab\u00e1lyok egyszer\u0171s\u00f6dhetnek","description":"T\u00f6rv\u00e9nyjavaslat k\u00e9sz\u00fclt a munkahelyi alkalmass\u00e1gi vizsg\u00e1latok elt\u00f6rl\u00e9s\u00e9r\u0151l. C\u00e9l az adminisztrat\u00edv terhek cs\u00f6kkent\u00e9se.","keywords":null,"keyphrases":{"focus":{"keyphrase":"","score":0,"analysis":{"keyphraseInTitle":{"score":0,"maxScore":9,"error":1}}},"additional":[]},"primary_term":null,"canonical_url":null,"og_title":null,"og_description":null,"og_object_type":"default","og_image_type":"default","og_image_url":null,"og_image_width":null,"og_image_height":null,"og_image_custom_url":null,"og_image_custom_fields":null,"og_video":"","og_custom_url":null,"og_article_section":null,"og_article_tags":null,"twitter_use_og":true,"twitter_card":"default","twitter_image_type":"default","twitter_image_url":null,"twitter_image_custom_url":null,"twitter_image_custom_fields":null,"twitter_title":null,"twitter_description":null,"schema":{"blockGraphs":[],"customGraphs":[],"default":{"data":{"Article":[],"Course":[],"Dataset":[],"FAQPage":[],"Movie":[],"Person":[],"Product":[],"ProductReview":[],"Car":[],"Recipe":[],"Service":[],"SoftwareApplication":[],"WebPage":[]},"graphName":"Article","isEnabled":true},"graphs":[]},"schema_type":"default","schema_type_options":null,"pillar_content":false,"robots_default":true,"robots_noindex":false,"robots_noarchive":false,"robots_nosnippet":false,"robots_nofollow":false,"robots_noimageindex":false,"robots_noodp":false,"robots_notranslate":false,"robots_max_snippet":"-1","robots_max_videopreview":"-1","robots_max_imagepreview":"large","priority":null,"frequency":"default","location":null,"local_seo":null,"breadcrumb_settings":null,"limit_modified_date":false,"ai":null,"created":"2023-12-14 08:34:08","updated":"2025-10-02 19:22:24","seo_analyzer_scan_date":null,"focus_keyword":null,"additional_keywords":null,"truseo_locale":null},"aioseo_breadcrumb":"<div class=\"aioseo-breadcrumbs\"><span class=\"aioseo-breadcrumb\">\n\t\t\t<a href=\"https:\/\/allasorias.hu\/hirek\" title=\"Home\">Home<\/a>\n\t\t<\/span><span class=\"aioseo-breadcrumb-separator\">&raquo;<\/span><span class=\"aioseo-breadcrumb\">\n\t\t\t<a href=\"https:\/\/allasorias.hu\/hirek\/temak\/munkaeropiac\/\" title=\"Munkaer\u0151piac\">Munkaer\u0151piac<\/a>\n\t\t<\/span><span class=\"aioseo-breadcrumb-separator\">&raquo;<\/span><span class=\"aioseo-breadcrumb\">\n\t\t\tEgyszer\u0171s\u00f6dhetnek a munk\u00e1hoz k\u00f6thet\u0151 szab\u00e1lyoz\u00e1sok\n\t\t<\/span><\/div>","aioseo_breadcrumb_json":[{"label":"Home","link":"https:\/\/allasorias.hu\/hirek"},{"label":"Munkaer\u0151piac","link":"https:\/\/allasorias.hu\/hirek\/temak\/munkaeropiac\/"},{"label":"Egyszer\u0171s\u00f6dhetnek a munk\u00e1hoz k\u00f6thet\u0151 szab\u00e1lyoz\u00e1sok","link":"https:\/\/allasorias.hu\/hirek\/egyszerusodhetnek-a-munkahoz-kotheto-szabalyozasok\/"}],"_links":{"self":[{"href":"https:\/\/allasorias.hu\/hirek\/wp-json\/wp\/v2\/posts\/7144","targetHints":{"allow":["GET"]}}],"collection":[{"href":"https:\/\/allasorias.hu\/hirek\/wp-json\/wp\/v2\/posts"}],"about":[{"href":"https:\/\/allasorias.hu\/hirek\/wp-json\/wp\/v2\/types\/post"}],"author":[{"embeddable":true,"href":"https:\/\/allasorias.hu\/hirek\/wp-json\/wp\/v2\/users\/1"}],"replies":[{"embeddable":true,"href":"https:\/\/allasorias.hu\/hirek\/wp-json\/wp\/v2\/comments?post=7144"}],"version-history":[{"count":1,"href":"https:\/\/allasorias.hu\/hirek\/wp-json\/wp\/v2\/posts\/7144\/revisions"}],"predecessor-version":[{"id":7146,"href":"https:\/\/allasorias.hu\/hirek\/wp-json\/wp\/v2\/posts\/7144\/revisions\/7146"}],"wp:featuredmedia":[{"embeddable":true,"href":"https:\/\/allasorias.hu\/hirek\/wp-json\/wp\/v2\/media\/7145"}],"wp:attachment":[{"href":"https:\/\/allasorias.hu\/hirek\/wp-json\/wp\/v2\/media?parent=7144"}],"wp:term":[{"taxonomy":"category","embeddable":true,"href":"https:\/\/allasorias.hu\/hirek\/wp-json\/wp\/v2\/categories?post=7144"},{"taxonomy":"post_tag","embeddable":true,"href":"https:\/\/allasorias.hu\/hirek\/wp-json\/wp\/v2\/tags?post=7144"}],"curies":[{"name":"wp","href":"https:\/\/api.w.org\/{rel}","templated":true}]}}