{"id":7130,"date":"2023-12-11T14:07:15","date_gmt":"2023-12-11T12:07:15","guid":{"rendered":"https:\/\/allasorias.hu\/hirek\/?p=7130"},"modified":"2023-12-11T14:11:04","modified_gmt":"2023-12-11T12:11:04","slug":"sokan-nem-kaptak-meg-az-iden-beremelest","status":"publish","type":"post","link":"https:\/\/allasorias.hu\/hirek\/sokan-nem-kaptak-meg-az-iden-beremelest\/","title":{"rendered":"Sokan nem kaptak m\u00e9g az id\u00e9n b\u00e9remel\u00e9st"},"content":{"rendered":"<p><strong>Akiknek 2021 \u00f3ta nem emelkedett a fizet\u00e9s\u00fcnk, j\u00f6v\u0151re 30-40 sz\u00e1zal\u00e9kos b\u00e9remel\u00e9st kellene kapnunk (ha alacsony lesz 2024-ben az infl\u00e1ci\u00f3), hogy ugyanazon az \u00e9letsz\u00ednvonalon \u00e9lhessenek, mint p\u00e1r \u00e9ve.<\/strong><\/p>\n<p>\u00c9v v\u00e9g\u00e9re <a href=\"https:\/\/allasorias.hu\/hirek\/nott-az-atlagkereset-magyarorszagon-a-ksh-szerint\/\">emelkedett az \u00e1tlagkereset Magyarorsz\u00e1gon<\/a>: a 2022. \u00e9v v\u00e9gi mutat\u00f3hoz k\u00e9pest csak 14,1 sz\u00e1zal\u00e9kkal n\u0151tt a brutt\u00f3 \u00e1tlagkereset a K\u00f6zponti Statisztikai Hivatal adatai szerint, m\u00e9gis sokan nem kaptak m\u00e9g id\u00e9n infl\u00e1ci\u00f3k\u00f6vet\u0151 b\u00e9remel\u00e9st. Mit tehet\u00fcnk, hogy megkapjuk azt a fizet\u00e9semel\u00e9st, ami j\u00e1rna? Akik az elm\u00falt k\u00e9t \u00e9vben nem r\u00e9szes\u00fcltek semmif\u00e9le b\u00e9rkorrekci\u00f3ban, napr\u00f3l napra azzal szembes\u00fclhetnek, hogy j\u00f3val kevesebbet \u00e9r a p\u00e9nz\u00fck, ez pedig sz\u00e1mukra komoly \u00e9letsz\u00ednvonal cs\u00f6kken\u00e9st jelent.<\/p>\n<p>Az olyan munkak\u00f6r\u00f6kben emelt\u00e9k fel gyorsan a b\u00e9reket, amelyekn\u00e9l jelent\u0151s munkaer\u0151hi\u00e1ny tapasztalhat\u00f3, de rengeteg olyan szakma van, ahol hi\u00e1ba dolgoznak k\u00e9pzett, tapasztalt munkav\u00e1llal\u00f3k, nem kapt\u00e1k meg a b\u00e9remel\u00e9st id\u00e9n. M\u00e9g a magasan k\u00e9pzett, diplom\u00e1val rendelkez\u0151 munkaer\u0151 sem r\u00e9szes\u00fclt megfelel\u0151 b\u00e9rkorrekci\u00f3t, a legl\u00e1tv\u00e1nyosabb a m\u00e9rn\u00f6k\u00f6k, kutat\u00f3 tud\u00f3sok, a kommunik\u00e1ci\u00f3s szakemberek \u00e9s a m\u00e9di\u00e1ban dolgoz\u00f3k re\u00e1lkereset\u00e9nek cs\u00f6kken\u00e9se.<\/p>\n<p>Forr\u00e1s: <a href=\"https:\/\/piacesprofit.hu\/cikkek\/gazdasag\/elmaradt-berkorrekcio-mit-tehetunk-hogy-megkapjuk-azt-a-fizetesemelest-ami-jarna.html\" target=\"_blank\" rel=\"nofollow noopener noreferrer\">piacesprofit.hu<\/a><\/p>\n","protected":false},"excerpt":{"rendered":"<p>Akiknek 2021 \u00f3ta nem emelkedett a fizet\u00e9s\u00fcnk, j\u00f6v\u0151re 30-40 sz\u00e1zal\u00e9kos b\u00e9remel\u00e9st kellene kapnunk (ha alacsony lesz 2024-ben az infl\u00e1ci\u00f3), hogy ugyanazon az \u00e9letsz\u00ednvonalon \u00e9lhessenek, mint p\u00e1r \u00e9ve. \u00c9v v\u00e9g\u00e9re emelkedett az \u00e1tlagkereset Magyarorsz\u00e1gon: a 2022. \u00e9v v\u00e9gi mutat\u00f3hoz k\u00e9pest csak 14,1 sz\u00e1zal\u00e9kkal n\u0151tt a brutt\u00f3 \u00e1tlagkereset a K\u00f6zponti Statisztikai Hivatal adatai szerint, m\u00e9gis sokan nem [&hellip;]<\/p>\n","protected":false},"author":1,"featured_media":7131,"comment_status":"closed","ping_status":"closed","sticky":false,"template":"","format":"standard","meta":{"_monsterinsights_skip_tracking":false,"footnotes":""},"categories":[198],"tags":[256],"class_list":["post-7130","post","type-post","status-publish","format-standard","has-post-thumbnail","hentry","category-gazdasag","tag-beremeles"],"aioseo_notices":[],"aioseo_head":"\n\t\t<!-- All in One SEO 5.0.0.1 - aioseo.com -->\n\t<meta name=\"description\" content=\"Akiknek 2021 \u00f3ta nem emelkedett a fizet\u00e9s\u00fcnk, j\u00f6v\u0151re 30-40 sz\u00e1zal\u00e9kos b\u00e9remel\u00e9st kellene kapnunk hogy ugyanazon az \u00e9letsz\u00ednvonalon \u00e9lhessenek, mint p\u00e1r \u00e9ve.\" \/>\n\t<meta name=\"robots\" content=\"max-image-preview:large\" \/>\n\t<meta name=\"author\" content=\"Juh\u00e1sz P\u00e9ter\"\/>\n\t<meta name=\"keywords\" content=\"b\u00e9remel\u00e9s\" \/>\n\t<link rel=\"canonical\" href=\"https:\/\/allasorias.hu\/hirek\/sokan-nem-kaptak-meg-az-iden-beremelest\/\" \/>\n\t<meta name=\"generator\" content=\"All in One SEO (AIOSEO) 5.0.0.1\" \/>\n\t\t<meta property=\"og:locale\" content=\"hu_HU\" \/>\n\t\t<meta property=\"og:site_name\" content=\"AllasOrias.hu | H\u00edrek-lapszemle | \u00dczleti h\u00edrek az \u00e1ll\u00e1s \u00e9s a munka vil\u00e1g\u00e1b\u00f3l\" \/>\n\t\t<meta property=\"og:type\" content=\"article\" \/>\n\t\t<meta property=\"og:title\" content=\"Sokan nem kaptak m\u00e9g az id\u00e9n b\u00e9remel\u00e9st | Allasorias.hu\" \/>\n\t\t<meta property=\"og:description\" content=\"Akiknek 2021 \u00f3ta nem emelkedett a fizet\u00e9s\u00fcnk, j\u00f6v\u0151re 30-40 sz\u00e1zal\u00e9kos b\u00e9remel\u00e9st kellene kapnunk hogy ugyanazon az \u00e9letsz\u00ednvonalon \u00e9lhessenek, mint p\u00e1r \u00e9ve.\" \/>\n\t\t<meta property=\"og:url\" content=\"https:\/\/allasorias.hu\/hirek\/sokan-nem-kaptak-meg-az-iden-beremelest\/\" \/>\n\t\t<meta property=\"og:image\" content=\"https:\/\/allasorias.hu\/hirek\/wp-content\/uploads\/2023\/12\/elmaradt-a-beremeles.jpg\" \/>\n\t\t<meta property=\"og:image:secure_url\" content=\"https:\/\/allasorias.hu\/hirek\/wp-content\/uploads\/2023\/12\/elmaradt-a-beremeles.jpg\" \/>\n\t\t<meta property=\"og:image:width\" content=\"1280\" \/>\n\t\t<meta property=\"og:image:height\" content=\"854\" \/>\n\t\t<meta property=\"article:published_time\" content=\"2023-12-11T12:07:15+00:00\" \/>\n\t\t<meta property=\"article:modified_time\" content=\"2023-12-11T12:11:04+00:00\" \/>\n\t\t<meta property=\"article:publisher\" content=\"https:\/\/www.facebook.com\/allasorias\" \/>\n\t\t<meta name=\"twitter:card\" content=\"summary_large_image\" \/>\n\t\t<meta name=\"twitter:title\" content=\"Sokan nem kaptak m\u00e9g az id\u00e9n b\u00e9remel\u00e9st | Allasorias.hu\" \/>\n\t\t<meta name=\"twitter:description\" content=\"Akiknek 2021 \u00f3ta nem emelkedett a fizet\u00e9s\u00fcnk, j\u00f6v\u0151re 30-40 sz\u00e1zal\u00e9kos b\u00e9remel\u00e9st kellene kapnunk hogy ugyanazon az \u00e9letsz\u00ednvonalon \u00e9lhessenek, mint p\u00e1r \u00e9ve.\" \/>\n\t\t<meta name=\"twitter:image\" content=\"https:\/\/allasorias.hu\/hirek\/wp-content\/uploads\/2023\/12\/elmaradt-a-beremeles.jpg\" \/>\n\t\t<meta name=\"twitter:label1\" content=\"Written by\" \/>\n\t\t<meta name=\"twitter:data1\" content=\"Juh\u00e1sz P\u00e9ter\" \/>\n\t\t<meta name=\"twitter:label2\" content=\"Est. reading time\" \/>\n\t\t<meta name=\"twitter:data2\" content=\"1 minute\" \/>\n\t\t<script type=\"application\/ld+json\" class=\"aioseo-schema\">\n\t\t\t{\"@context\":\"https:\\\/\\\/schema.org\",\"@graph\":[{\"@type\":\"Article\",\"@id\":\"https:\\\/\\\/allasorias.hu\\\/hirek\\\/sokan-nem-kaptak-meg-az-iden-beremelest\\\/#article\",\"name\":\"Sokan nem kaptak m\\u00e9g az id\\u00e9n b\\u00e9remel\\u00e9st | Allasorias.hu\",\"headline\":\"Sokan nem kaptak m\\u00e9g az id\\u00e9n b\\u00e9remel\\u00e9st\",\"author\":{\"@id\":\"https:\\\/\\\/allasorias.hu\\\/hirek\\\/author\\\/admin-allasorias\\\/#author\"},\"publisher\":{\"@id\":\"https:\\\/\\\/allasorias.hu\\\/hirek\\\/#organization\"},\"image\":{\"@type\":\"ImageObject\",\"url\":\"https:\\\/\\\/allasorias.hu\\\/hirek\\\/wp-content\\\/uploads\\\/2023\\\/12\\\/elmaradt-a-beremeles.jpg\",\"width\":1280,\"height\":854,\"caption\":\"Sokan nem kaptak m\\u00e9g az id\\u00e9n b\\u00e9remel\\u00e9st - Allasorias.hu\\\/Hirek\"},\"datePublished\":\"2023-12-11T14:07:15+02:00\",\"dateModified\":\"2023-12-11T14:11:04+02:00\",\"inLanguage\":\"hu-HU\",\"mainEntityOfPage\":{\"@id\":\"https:\\\/\\\/allasorias.hu\\\/hirek\\\/sokan-nem-kaptak-meg-az-iden-beremelest\\\/#webpage\"},\"isPartOf\":{\"@id\":\"https:\\\/\\\/allasorias.hu\\\/hirek\\\/sokan-nem-kaptak-meg-az-iden-beremelest\\\/#webpage\"},\"articleSection\":\"Gazdas\\u00e1g, b\\u00e9remel\\u00e9s\"},{\"@type\":\"BreadcrumbList\",\"@id\":\"https:\\\/\\\/allasorias.hu\\\/hirek\\\/sokan-nem-kaptak-meg-az-iden-beremelest\\\/#breadcrumblist\",\"itemListElement\":[{\"@type\":\"ListItem\",\"@id\":\"https:\\\/\\\/allasorias.hu\\\/hirek#listItem\",\"position\":1,\"name\":\"Home\",\"item\":\"https:\\\/\\\/allasorias.hu\\\/hirek\",\"nextItem\":{\"@type\":\"ListItem\",\"@id\":\"https:\\\/\\\/allasorias.hu\\\/hirek\\\/temak\\\/gazdasag\\\/#listItem\",\"name\":\"Gazdas\\u00e1g\"}},{\"@type\":\"ListItem\",\"@id\":\"https:\\\/\\\/allasorias.hu\\\/hirek\\\/temak\\\/gazdasag\\\/#listItem\",\"position\":2,\"name\":\"Gazdas\\u00e1g\",\"item\":\"https:\\\/\\\/allasorias.hu\\\/hirek\\\/temak\\\/gazdasag\\\/\",\"nextItem\":{\"@type\":\"ListItem\",\"@id\":\"https:\\\/\\\/allasorias.hu\\\/hirek\\\/sokan-nem-kaptak-meg-az-iden-beremelest\\\/#listItem\",\"name\":\"Sokan nem kaptak m\\u00e9g az id\\u00e9n b\\u00e9remel\\u00e9st\"},\"previousItem\":{\"@type\":\"ListItem\",\"@id\":\"https:\\\/\\\/allasorias.hu\\\/hirek#listItem\",\"name\":\"Home\"}},{\"@type\":\"ListItem\",\"@id\":\"https:\\\/\\\/allasorias.hu\\\/hirek\\\/sokan-nem-kaptak-meg-az-iden-beremelest\\\/#listItem\",\"position\":3,\"name\":\"Sokan nem kaptak m\\u00e9g az id\\u00e9n b\\u00e9remel\\u00e9st\",\"previousItem\":{\"@type\":\"ListItem\",\"@id\":\"https:\\\/\\\/allasorias.hu\\\/hirek\\\/temak\\\/gazdasag\\\/#listItem\",\"name\":\"Gazdas\\u00e1g\"}}]},{\"@type\":\"Organization\",\"@id\":\"https:\\\/\\\/allasorias.hu\\\/hirek\\\/#organization\",\"name\":\"AllasOrias.hu | H\\u00edrek-lapszemle\",\"description\":\"\\u00dczleti h\\u00edrek az \\u00e1ll\\u00e1s \\u00e9s a munka vil\\u00e1g\\u00e1b\\u00f3l\",\"url\":\"https:\\\/\\\/allasorias.hu\\\/hirek\\\/\",\"logo\":{\"@type\":\"ImageObject\",\"url\":\"https:\\\/\\\/allasorias.hu\\\/hirek\\\/wp-content\\\/uploads\\\/2022\\\/10\\\/allasorias_site_facebok_logo.png\",\"@id\":\"https:\\\/\\\/allasorias.hu\\\/hirek\\\/sokan-nem-kaptak-meg-az-iden-beremelest\\\/#organizationLogo\"},\"image\":{\"@id\":\"https:\\\/\\\/allasorias.hu\\\/hirek\\\/sokan-nem-kaptak-meg-az-iden-beremelest\\\/#organizationLogo\"},\"sameAs\":[\"https:\\\/\\\/www.facebook.com\\\/allasorias\",\"https:\\\/\\\/www.linkedin.com\\\/company\\\/allasorias\"]},{\"@type\":\"Person\",\"@id\":\"https:\\\/\\\/allasorias.hu\\\/hirek\\\/author\\\/admin-allasorias\\\/#author\",\"url\":\"https:\\\/\\\/allasorias.hu\\\/hirek\\\/author\\\/admin-allasorias\\\/\",\"name\":\"Juh\\u00e1sz P\\u00e9ter\",\"image\":{\"@type\":\"ImageObject\",\"@id\":\"https:\\\/\\\/allasorias.hu\\\/hirek\\\/sokan-nem-kaptak-meg-az-iden-beremelest\\\/#authorImage\",\"url\":\"https:\\\/\\\/secure.gravatar.com\\\/avatar\\\/36e6bcb83148978b992977cb0f54d22feb0cce8a0a849a9410532bb2623ba4c6?s=96&d=mm&r=g\",\"width\":96,\"height\":96,\"caption\":\"Juh\\u00e1sz P\\u00e9ter\"}},{\"@type\":\"WebPage\",\"@id\":\"https:\\\/\\\/allasorias.hu\\\/hirek\\\/sokan-nem-kaptak-meg-az-iden-beremelest\\\/#webpage\",\"url\":\"https:\\\/\\\/allasorias.hu\\\/hirek\\\/sokan-nem-kaptak-meg-az-iden-beremelest\\\/\",\"name\":\"Sokan nem kaptak m\\u00e9g az id\\u00e9n b\\u00e9remel\\u00e9st | Allasorias.hu\",\"description\":\"Akiknek 2021 \\u00f3ta nem emelkedett a fizet\\u00e9s\\u00fcnk, j\\u00f6v\\u0151re 30-40 sz\\u00e1zal\\u00e9kos b\\u00e9remel\\u00e9st kellene kapnunk hogy ugyanazon az \\u00e9letsz\\u00ednvonalon \\u00e9lhessenek, mint p\\u00e1r \\u00e9ve.\",\"inLanguage\":\"hu-HU\",\"isPartOf\":{\"@id\":\"https:\\\/\\\/allasorias.hu\\\/hirek\\\/#website\"},\"breadcrumb\":{\"@id\":\"https:\\\/\\\/allasorias.hu\\\/hirek\\\/sokan-nem-kaptak-meg-az-iden-beremelest\\\/#breadcrumblist\"},\"author\":{\"@id\":\"https:\\\/\\\/allasorias.hu\\\/hirek\\\/author\\\/admin-allasorias\\\/#author\"},\"creator\":{\"@id\":\"https:\\\/\\\/allasorias.hu\\\/hirek\\\/author\\\/admin-allasorias\\\/#author\"},\"image\":{\"@type\":\"ImageObject\",\"url\":\"https:\\\/\\\/allasorias.hu\\\/hirek\\\/wp-content\\\/uploads\\\/2023\\\/12\\\/elmaradt-a-beremeles.jpg\",\"@id\":\"https:\\\/\\\/allasorias.hu\\\/hirek\\\/sokan-nem-kaptak-meg-az-iden-beremelest\\\/#mainImage\",\"width\":1280,\"height\":854,\"caption\":\"Sokan nem kaptak m\\u00e9g az id\\u00e9n b\\u00e9remel\\u00e9st - Allasorias.hu\\\/Hirek\"},\"primaryImageOfPage\":{\"@id\":\"https:\\\/\\\/allasorias.hu\\\/hirek\\\/sokan-nem-kaptak-meg-az-iden-beremelest\\\/#mainImage\"},\"datePublished\":\"2023-12-11T14:07:15+02:00\",\"dateModified\":\"2023-12-11T14:11:04+02:00\"},{\"@type\":\"WebSite\",\"@id\":\"https:\\\/\\\/allasorias.hu\\\/hirek\\\/#website\",\"url\":\"https:\\\/\\\/allasorias.hu\\\/hirek\\\/\",\"name\":\"AllasOrias.hu | H\\u00edrek-lapszemle\",\"description\":\"\\u00dczleti h\\u00edrek az \\u00e1ll\\u00e1s \\u00e9s a munka vil\\u00e1g\\u00e1b\\u00f3l\",\"inLanguage\":\"hu-HU\",\"publisher\":{\"@id\":\"https:\\\/\\\/allasorias.hu\\\/hirek\\\/#organization\"}}]}\n\t\t<\/script>\n\t\t<!-- All in One SEO -->\n\n","aioseo_head_json":{"title":"Sokan nem kaptak m\u00e9g az id\u00e9n b\u00e9remel\u00e9st | Allasorias.hu","description":"Akiknek 2021 \u00f3ta nem emelkedett a fizet\u00e9s\u00fcnk, j\u00f6v\u0151re 30-40 sz\u00e1zal\u00e9kos b\u00e9remel\u00e9st kellene kapnunk hogy ugyanazon az \u00e9letsz\u00ednvonalon \u00e9lhessenek, mint p\u00e1r \u00e9ve.","canonical_url":"https:\/\/allasorias.hu\/hirek\/sokan-nem-kaptak-meg-az-iden-beremelest\/","robots":"max-image-preview:large","keywords":"b\u00e9remel\u00e9s","webmasterTools":{"miscellaneous":""},"schema":{"@context":"https:\/\/schema.org","@graph":[{"@type":"Article","@id":"https:\/\/allasorias.hu\/hirek\/sokan-nem-kaptak-meg-az-iden-beremelest\/#article","name":"Sokan nem kaptak m\u00e9g az id\u00e9n b\u00e9remel\u00e9st | Allasorias.hu","headline":"Sokan nem kaptak m\u00e9g az id\u00e9n b\u00e9remel\u00e9st","author":{"@id":"https:\/\/allasorias.hu\/hirek\/author\/admin-allasorias\/#author"},"publisher":{"@id":"https:\/\/allasorias.hu\/hirek\/#organization"},"image":{"@type":"ImageObject","url":"https:\/\/allasorias.hu\/hirek\/wp-content\/uploads\/2023\/12\/elmaradt-a-beremeles.jpg","width":1280,"height":854,"caption":"Sokan nem kaptak m\u00e9g az id\u00e9n b\u00e9remel\u00e9st - Allasorias.hu\/Hirek"},"datePublished":"2023-12-11T14:07:15+02:00","dateModified":"2023-12-11T14:11:04+02:00","inLanguage":"hu-HU","mainEntityOfPage":{"@id":"https:\/\/allasorias.hu\/hirek\/sokan-nem-kaptak-meg-az-iden-beremelest\/#webpage"},"isPartOf":{"@id":"https:\/\/allasorias.hu\/hirek\/sokan-nem-kaptak-meg-az-iden-beremelest\/#webpage"},"articleSection":"Gazdas\u00e1g, b\u00e9remel\u00e9s"},{"@type":"BreadcrumbList","@id":"https:\/\/allasorias.hu\/hirek\/sokan-nem-kaptak-meg-az-iden-beremelest\/#breadcrumblist","itemListElement":[{"@type":"ListItem","@id":"https:\/\/allasorias.hu\/hirek#listItem","position":1,"name":"Home","item":"https:\/\/allasorias.hu\/hirek","nextItem":{"@type":"ListItem","@id":"https:\/\/allasorias.hu\/hirek\/temak\/gazdasag\/#listItem","name":"Gazdas\u00e1g"}},{"@type":"ListItem","@id":"https:\/\/allasorias.hu\/hirek\/temak\/gazdasag\/#listItem","position":2,"name":"Gazdas\u00e1g","item":"https:\/\/allasorias.hu\/hirek\/temak\/gazdasag\/","nextItem":{"@type":"ListItem","@id":"https:\/\/allasorias.hu\/hirek\/sokan-nem-kaptak-meg-az-iden-beremelest\/#listItem","name":"Sokan nem kaptak m\u00e9g az id\u00e9n b\u00e9remel\u00e9st"},"previousItem":{"@type":"ListItem","@id":"https:\/\/allasorias.hu\/hirek#listItem","name":"Home"}},{"@type":"ListItem","@id":"https:\/\/allasorias.hu\/hirek\/sokan-nem-kaptak-meg-az-iden-beremelest\/#listItem","position":3,"name":"Sokan nem kaptak m\u00e9g az id\u00e9n b\u00e9remel\u00e9st","previousItem":{"@type":"ListItem","@id":"https:\/\/allasorias.hu\/hirek\/temak\/gazdasag\/#listItem","name":"Gazdas\u00e1g"}}]},{"@type":"Organization","@id":"https:\/\/allasorias.hu\/hirek\/#organization","name":"AllasOrias.hu | H\u00edrek-lapszemle","description":"\u00dczleti h\u00edrek az \u00e1ll\u00e1s \u00e9s a munka vil\u00e1g\u00e1b\u00f3l","url":"https:\/\/allasorias.hu\/hirek\/","logo":{"@type":"ImageObject","url":"https:\/\/allasorias.hu\/hirek\/wp-content\/uploads\/2022\/10\/allasorias_site_facebok_logo.png","@id":"https:\/\/allasorias.hu\/hirek\/sokan-nem-kaptak-meg-az-iden-beremelest\/#organizationLogo"},"image":{"@id":"https:\/\/allasorias.hu\/hirek\/sokan-nem-kaptak-meg-az-iden-beremelest\/#organizationLogo"},"sameAs":["https:\/\/www.facebook.com\/allasorias","https:\/\/www.linkedin.com\/company\/allasorias"]},{"@type":"Person","@id":"https:\/\/allasorias.hu\/hirek\/author\/admin-allasorias\/#author","url":"https:\/\/allasorias.hu\/hirek\/author\/admin-allasorias\/","name":"Juh\u00e1sz P\u00e9ter","image":{"@type":"ImageObject","@id":"https:\/\/allasorias.hu\/hirek\/sokan-nem-kaptak-meg-az-iden-beremelest\/#authorImage","url":"https:\/\/secure.gravatar.com\/avatar\/36e6bcb83148978b992977cb0f54d22feb0cce8a0a849a9410532bb2623ba4c6?s=96&d=mm&r=g","width":96,"height":96,"caption":"Juh\u00e1sz P\u00e9ter"}},{"@type":"WebPage","@id":"https:\/\/allasorias.hu\/hirek\/sokan-nem-kaptak-meg-az-iden-beremelest\/#webpage","url":"https:\/\/allasorias.hu\/hirek\/sokan-nem-kaptak-meg-az-iden-beremelest\/","name":"Sokan nem kaptak m\u00e9g az id\u00e9n b\u00e9remel\u00e9st | Allasorias.hu","description":"Akiknek 2021 \u00f3ta nem emelkedett a fizet\u00e9s\u00fcnk, j\u00f6v\u0151re 30-40 sz\u00e1zal\u00e9kos b\u00e9remel\u00e9st kellene kapnunk hogy ugyanazon az \u00e9letsz\u00ednvonalon \u00e9lhessenek, mint p\u00e1r \u00e9ve.","inLanguage":"hu-HU","isPartOf":{"@id":"https:\/\/allasorias.hu\/hirek\/#website"},"breadcrumb":{"@id":"https:\/\/allasorias.hu\/hirek\/sokan-nem-kaptak-meg-az-iden-beremelest\/#breadcrumblist"},"author":{"@id":"https:\/\/allasorias.hu\/hirek\/author\/admin-allasorias\/#author"},"creator":{"@id":"https:\/\/allasorias.hu\/hirek\/author\/admin-allasorias\/#author"},"image":{"@type":"ImageObject","url":"https:\/\/allasorias.hu\/hirek\/wp-content\/uploads\/2023\/12\/elmaradt-a-beremeles.jpg","@id":"https:\/\/allasorias.hu\/hirek\/sokan-nem-kaptak-meg-az-iden-beremelest\/#mainImage","width":1280,"height":854,"caption":"Sokan nem kaptak m\u00e9g az id\u00e9n b\u00e9remel\u00e9st - Allasorias.hu\/Hirek"},"primaryImageOfPage":{"@id":"https:\/\/allasorias.hu\/hirek\/sokan-nem-kaptak-meg-az-iden-beremelest\/#mainImage"},"datePublished":"2023-12-11T14:07:15+02:00","dateModified":"2023-12-11T14:11:04+02:00"},{"@type":"WebSite","@id":"https:\/\/allasorias.hu\/hirek\/#website","url":"https:\/\/allasorias.hu\/hirek\/","name":"AllasOrias.hu | H\u00edrek-lapszemle","description":"\u00dczleti h\u00edrek az \u00e1ll\u00e1s \u00e9s a munka vil\u00e1g\u00e1b\u00f3l","inLanguage":"hu-HU","publisher":{"@id":"https:\/\/allasorias.hu\/hirek\/#organization"}}]},"og:locale":"hu_HU","og:site_name":"AllasOrias.hu | H\u00edrek-lapszemle | \u00dczleti h\u00edrek az \u00e1ll\u00e1s \u00e9s a munka vil\u00e1g\u00e1b\u00f3l","og:type":"article","og:title":"Sokan nem kaptak m\u00e9g az id\u00e9n b\u00e9remel\u00e9st | Allasorias.hu","og:description":"Akiknek 2021 \u00f3ta nem emelkedett a fizet\u00e9s\u00fcnk, j\u00f6v\u0151re 30-40 sz\u00e1zal\u00e9kos b\u00e9remel\u00e9st kellene kapnunk hogy ugyanazon az \u00e9letsz\u00ednvonalon \u00e9lhessenek, mint p\u00e1r \u00e9ve.","og:url":"https:\/\/allasorias.hu\/hirek\/sokan-nem-kaptak-meg-az-iden-beremelest\/","og:image":"https:\/\/allasorias.hu\/hirek\/wp-content\/uploads\/2023\/12\/elmaradt-a-beremeles.jpg","og:image:secure_url":"https:\/\/allasorias.hu\/hirek\/wp-content\/uploads\/2023\/12\/elmaradt-a-beremeles.jpg","og:image:width":1280,"og:image:height":854,"article:published_time":"2023-12-11T12:07:15+00:00","article:modified_time":"2023-12-11T12:11:04+00:00","article:publisher":"https:\/\/www.facebook.com\/allasorias","twitter:card":"summary_large_image","twitter:title":"Sokan nem kaptak m\u00e9g az id\u00e9n b\u00e9remel\u00e9st | Allasorias.hu","twitter:description":"Akiknek 2021 \u00f3ta nem emelkedett a fizet\u00e9s\u00fcnk, j\u00f6v\u0151re 30-40 sz\u00e1zal\u00e9kos b\u00e9remel\u00e9st kellene kapnunk hogy ugyanazon az \u00e9letsz\u00ednvonalon \u00e9lhessenek, mint p\u00e1r \u00e9ve.","twitter:image":"https:\/\/allasorias.hu\/hirek\/wp-content\/uploads\/2023\/12\/elmaradt-a-beremeles.jpg","twitter:label1":"Written by","twitter:data1":"Juh\u00e1sz P\u00e9ter","twitter:label2":"Est. reading time","twitter:data2":"1 minute"},"aioseo_meta_data":{"post_id":"7130","title":"#post_title | Allasorias.hu","description":"Akiknek 2021 \u00f3ta nem emelkedett a fizet\u00e9s\u00fcnk, j\u00f6v\u0151re 30-40 sz\u00e1zal\u00e9kos b\u00e9remel\u00e9st kellene kapnunk hogy ugyanazon az \u00e9letsz\u00ednvonalon \u00e9lhessenek, mint p\u00e1r \u00e9ve.","keywords":[],"keyphrases":{"focus":{"keyphrase":"","score":0,"analysis":{"keyphraseInTitle":{"score":0,"maxScore":9,"error":1}}},"additional":[]},"primary_term":null,"canonical_url":null,"og_title":null,"og_description":null,"og_object_type":"default","og_image_type":"default","og_image_url":null,"og_image_width":null,"og_image_height":null,"og_image_custom_url":null,"og_image_custom_fields":null,"og_video":"","og_custom_url":null,"og_article_section":null,"og_article_tags":[],"twitter_use_og":true,"twitter_card":"default","twitter_image_type":"default","twitter_image_url":null,"twitter_image_custom_url":null,"twitter_image_custom_fields":null,"twitter_title":null,"twitter_description":null,"schema":{"blockGraphs":[],"customGraphs":[],"default":{"data":{"Article":[],"Course":[],"Dataset":[],"FAQPage":[],"Movie":[],"Person":[],"Product":[],"ProductReview":[],"Car":[],"Recipe":[],"Service":[],"SoftwareApplication":[],"WebPage":[]},"graphName":"Article","isEnabled":true},"graphs":[]},"schema_type":"default","schema_type_options":null,"pillar_content":false,"robots_default":true,"robots_noindex":false,"robots_noarchive":false,"robots_nosnippet":false,"robots_nofollow":false,"robots_noimageindex":false,"robots_noodp":false,"robots_notranslate":false,"robots_max_snippet":"-1","robots_max_videopreview":"-1","robots_max_imagepreview":"large","priority":null,"frequency":"default","location":null,"local_seo":null,"breadcrumb_settings":null,"limit_modified_date":false,"ai":null,"created":"2023-12-11 12:00:47","updated":"2025-10-02 19:20:56","seo_analyzer_scan_date":null,"focus_keyword":null,"additional_keywords":null,"truseo_locale":null},"aioseo_breadcrumb":"<div class=\"aioseo-breadcrumbs\"><span class=\"aioseo-breadcrumb\">\n\t\t\t<a href=\"https:\/\/allasorias.hu\/hirek\" title=\"Home\">Home<\/a>\n\t\t<\/span><span class=\"aioseo-breadcrumb-separator\">&raquo;<\/span><span class=\"aioseo-breadcrumb\">\n\t\t\t<a href=\"https:\/\/allasorias.hu\/hirek\/temak\/gazdasag\/\" title=\"Gazdas\u00e1g\">Gazdas\u00e1g<\/a>\n\t\t<\/span><span class=\"aioseo-breadcrumb-separator\">&raquo;<\/span><span class=\"aioseo-breadcrumb\">\n\t\t\tSokan nem kaptak m\u00e9g az id\u00e9n b\u00e9remel\u00e9st\n\t\t<\/span><\/div>","aioseo_breadcrumb_json":[{"label":"Home","link":"https:\/\/allasorias.hu\/hirek"},{"label":"Gazdas\u00e1g","link":"https:\/\/allasorias.hu\/hirek\/temak\/gazdasag\/"},{"label":"Sokan nem kaptak m\u00e9g az id\u00e9n b\u00e9remel\u00e9st","link":"https:\/\/allasorias.hu\/hirek\/sokan-nem-kaptak-meg-az-iden-beremelest\/"}],"_links":{"self":[{"href":"https:\/\/allasorias.hu\/hirek\/wp-json\/wp\/v2\/posts\/7130","targetHints":{"allow":["GET"]}}],"collection":[{"href":"https:\/\/allasorias.hu\/hirek\/wp-json\/wp\/v2\/posts"}],"about":[{"href":"https:\/\/allasorias.hu\/hirek\/wp-json\/wp\/v2\/types\/post"}],"author":[{"embeddable":true,"href":"https:\/\/allasorias.hu\/hirek\/wp-json\/wp\/v2\/users\/1"}],"replies":[{"embeddable":true,"href":"https:\/\/allasorias.hu\/hirek\/wp-json\/wp\/v2\/comments?post=7130"}],"version-history":[{"count":3,"href":"https:\/\/allasorias.hu\/hirek\/wp-json\/wp\/v2\/posts\/7130\/revisions"}],"predecessor-version":[{"id":7133,"href":"https:\/\/allasorias.hu\/hirek\/wp-json\/wp\/v2\/posts\/7130\/revisions\/7133"}],"wp:featuredmedia":[{"embeddable":true,"href":"https:\/\/allasorias.hu\/hirek\/wp-json\/wp\/v2\/media\/7131"}],"wp:attachment":[{"href":"https:\/\/allasorias.hu\/hirek\/wp-json\/wp\/v2\/media?parent=7130"}],"wp:term":[{"taxonomy":"category","embeddable":true,"href":"https:\/\/allasorias.hu\/hirek\/wp-json\/wp\/v2\/categories?post=7130"},{"taxonomy":"post_tag","embeddable":true,"href":"https:\/\/allasorias.hu\/hirek\/wp-json\/wp\/v2\/tags?post=7130"}],"curies":[{"name":"wp","href":"https:\/\/api.w.org\/{rel}","templated":true}]}}