{"id":7119,"date":"2023-12-07T10:00:06","date_gmt":"2023-12-07T08:00:06","guid":{"rendered":"https:\/\/allasorias.hu\/hirek\/?p=7119"},"modified":"2023-12-11T12:42:57","modified_gmt":"2023-12-11T10:42:57","slug":"tamogatni-kell-a-hazai-munkaerot","status":"publish","type":"post","link":"https:\/\/allasorias.hu\/hirek\/tamogatni-kell-a-hazai-munkaerot\/","title":{"rendered":"T\u00e1mogatni kell a hazai munkaer\u0151t"},"content":{"rendered":"<p><strong>A magyar munkaer\u0151 nem szereti az ing\u00e1z\u00e1st, a lak\u00f3helyt\u0151l val\u00f3 hossz\u00fa t\u00e1vols\u00e1got, ugyanakkor nagy sz\u00fcks\u00e9g lenne a hazai munk\u00e1sk\u00e9zre.<\/strong><\/p>\n<p>H\u00faszmilli\u00e1rd forinttal indul a munk\u00e1ssz\u00e1ll\u00e1sok \u00e9p\u00edt\u00e9s\u00e9t t\u00e1mogat\u00f3 \u00faj program, ez 3500 ember sz\u00e1m\u00e1ra biztos\u00edt majd lakhat\u00e1st. A sz\u00e1ll\u00e1shelyek legal\u00e1bb 50 sz\u00e1zal\u00e9k\u00e1t magyar munkav\u00e1llal\u00f3k sz\u00e1m\u00e1ra kell biztos\u00edtani \u2013 mondta Czomba S\u00e1ndor, a Gazdas\u00e1gfejleszt\u00e9si Miniszt\u00e9rium (GFM) foglalkoztat\u00e1spolitik\u00e1\u00e9rt felel\u0151s \u00e1llamtitk\u00e1ra az M1 m\u0171sor\u00e1ban.<\/p>\n<p>Az \u00e1llamtitk\u00e1r \u00fagy fogalmazott: j\u00f3l ismert a magyar munkaer\u0151 csek\u00e9ly mobilit\u00e1si hajland\u00f3s\u00e1ga, de a munkaer\u0151piacra most minden munk\u00e1sk\u00e9z kell. Hangs\u00falyozta: a beruh\u00e1z\u00e1sok d\u00f6nt\u0151 t\u00f6bbs\u00e9ge oda ir\u00e1nyul, ahol a munkaer\u0151 rendelkez\u00e9sre \u00e1ll. Ugyanakkor l\u00e1tni kell, hogy m\u00e1ra dolgoz\u00f3knak 50-60 kilom\u00e9teres t\u00e1vols\u00e1g is probl\u00e9m\u00e1t okoz a munkav\u00e1llal\u00e1sban, ez\u00e9rt sz\u00fcks\u00e9g van lakhat\u00e1si lehet\u0151s\u00e9gre \u2013 f\u0171zte hozz\u00e1.<\/p>\n<p>Kiemelte, jelenleg is l\u00e9teznek erre vonatkoz\u00f3 t\u00e1mogat\u00e1sok, utaz\u00e1si \u00e9s lakhat\u00e1si t\u00e1mogat\u00e1s is, mindkett\u0151 6 h\u00f3napig j\u00e1rhat. Lakhat\u00e1si t\u00e1mogat\u00e1sra p\u00e1ly\u00e1zni kell, a mindenkori minim\u00e1lb\u00e9r 70 sz\u00e1zal\u00e9k\u00e1t fizeti ki az \u00e1llam. Czomba S\u00e1ndor eml\u00e9keztetett arra, <a href=\"https:\/\/allasorias.hu\/hirek\/masfel-milliard-forintbol-epult-munkasszallo\/\">a munk\u00e1ssz\u00e1ll\u00f3k \u00e9p\u00edt\u00e9s\u00e9t t\u00e1mogat\u00e1si programok 2017 \u00f3ta futnak<\/a>, \u2013 24 milli\u00e1rd forint r\u00e1ford\u00edt\u00e1ssal, 4000 ember elsz\u00e1ll\u00e1sol\u00e1s\u00e1t oldott\u00e1k meg \u2013 most csak szigorodnak a felt\u00e9telek.<\/p>\n<p>Forr\u00e1s: <a href=\"https:\/\/hirado.hu\/belfold\/gazdasag\/cikk\/2023\/12\/07\/szigorodnak-a-munkasszallas-epites-tamogatasanak-feltetelei\" target=\"_blank\" rel=\"nofollow noopener noreferrer\">hirado.hu<\/a><\/p>\n","protected":false},"excerpt":{"rendered":"<p>A magyar munkaer\u0151 nem szereti az ing\u00e1z\u00e1st, a lak\u00f3helyt\u0151l val\u00f3 hossz\u00fa t\u00e1vols\u00e1got, ugyanakkor nagy sz\u00fcks\u00e9g lenne a hazai munk\u00e1sk\u00e9zre. H\u00faszmilli\u00e1rd forinttal indul a munk\u00e1ssz\u00e1ll\u00e1sok \u00e9p\u00edt\u00e9s\u00e9t t\u00e1mogat\u00f3 \u00faj program, ez 3500 ember sz\u00e1m\u00e1ra biztos\u00edt majd lakhat\u00e1st. A sz\u00e1ll\u00e1shelyek legal\u00e1bb 50 sz\u00e1zal\u00e9k\u00e1t magyar munkav\u00e1llal\u00f3k sz\u00e1m\u00e1ra kell biztos\u00edtani \u2013 mondta Czomba S\u00e1ndor, a Gazdas\u00e1gfejleszt\u00e9si Miniszt\u00e9rium (GFM) foglalkoztat\u00e1spolitik\u00e1\u00e9rt felel\u0151s [&hellip;]<\/p>\n","protected":false},"author":1,"featured_media":7120,"comment_status":"closed","ping_status":"closed","sticky":false,"template":"","format":"standard","meta":{"_monsterinsights_skip_tracking":false,"footnotes":""},"categories":[200],"tags":[661,662],"class_list":["post-7119","post","type-post","status-publish","format-standard","has-post-thumbnail","hentry","category-munkaeropiac","tag-munkasszallas","tag-munkasszallo"],"aioseo_notices":[],"aioseo_head":"\n\t\t<!-- All in One SEO 5.0.0.1 - aioseo.com -->\n\t<meta name=\"description\" content=\"A magyar munkaer\u0151 nem szereti az ing\u00e1z\u00e1st, a lak\u00f3helyt\u0151l val\u00f3 hossz\u00fa t\u00e1vols\u00e1got, ugyanakkor nagy sz\u00fcks\u00e9g lenne a hazai munk\u00e1sk\u00e9zre.\" \/>\n\t<meta name=\"robots\" content=\"max-image-preview:large\" \/>\n\t<meta name=\"author\" content=\"Juh\u00e1sz P\u00e9ter\"\/>\n\t<meta name=\"keywords\" content=\"munk\u00e1ssz\u00e1ll\u00e1s,munk\u00e1ssz\u00e1ll\u00f3\" \/>\n\t<link rel=\"canonical\" href=\"https:\/\/allasorias.hu\/hirek\/tamogatni-kell-a-hazai-munkaerot\/\" \/>\n\t<meta name=\"generator\" content=\"All in One SEO (AIOSEO) 5.0.0.1\" \/>\n\t\t<meta property=\"og:locale\" content=\"hu_HU\" \/>\n\t\t<meta property=\"og:site_name\" content=\"AllasOrias.hu | H\u00edrek-lapszemle | \u00dczleti h\u00edrek az \u00e1ll\u00e1s \u00e9s a munka vil\u00e1g\u00e1b\u00f3l\" \/>\n\t\t<meta property=\"og:type\" content=\"article\" \/>\n\t\t<meta property=\"og:title\" content=\"T\u00e1mogatni kell a hazai munkaer\u0151t | Allasorias.hu\/Hirek\" \/>\n\t\t<meta property=\"og:description\" content=\"A magyar munkaer\u0151 nem szereti az ing\u00e1z\u00e1st, a lak\u00f3helyt\u0151l val\u00f3 hossz\u00fa t\u00e1vols\u00e1got, ugyanakkor nagy sz\u00fcks\u00e9g lenne a hazai munk\u00e1sk\u00e9zre.\" \/>\n\t\t<meta property=\"og:url\" content=\"https:\/\/allasorias.hu\/hirek\/tamogatni-kell-a-hazai-munkaerot\/\" \/>\n\t\t<meta property=\"og:image\" content=\"https:\/\/allasorias.hu\/hirek\/wp-content\/uploads\/2023\/12\/munkasszallok-epitese.jpg\" \/>\n\t\t<meta property=\"og:image:secure_url\" content=\"https:\/\/allasorias.hu\/hirek\/wp-content\/uploads\/2023\/12\/munkasszallok-epitese.jpg\" \/>\n\t\t<meta property=\"og:image:width\" content=\"1280\" \/>\n\t\t<meta property=\"og:image:height\" content=\"854\" \/>\n\t\t<meta property=\"article:published_time\" content=\"2023-12-07T08:00:06+00:00\" \/>\n\t\t<meta property=\"article:modified_time\" content=\"2023-12-11T10:42:57+00:00\" \/>\n\t\t<meta property=\"article:publisher\" content=\"https:\/\/www.facebook.com\/allasorias\" \/>\n\t\t<meta name=\"twitter:card\" content=\"summary_large_image\" \/>\n\t\t<meta name=\"twitter:title\" content=\"T\u00e1mogatni kell a hazai munkaer\u0151t | Allasorias.hu\/Hirek\" \/>\n\t\t<meta name=\"twitter:description\" content=\"A magyar munkaer\u0151 nem szereti az ing\u00e1z\u00e1st, a lak\u00f3helyt\u0151l val\u00f3 hossz\u00fa t\u00e1vols\u00e1got, ugyanakkor nagy sz\u00fcks\u00e9g lenne a hazai munk\u00e1sk\u00e9zre.\" \/>\n\t\t<meta name=\"twitter:image\" content=\"https:\/\/allasorias.hu\/hirek\/wp-content\/uploads\/2023\/12\/munkasszallok-epitese.jpg\" \/>\n\t\t<meta name=\"twitter:label1\" content=\"Written by\" \/>\n\t\t<meta name=\"twitter:data1\" content=\"Juh\u00e1sz P\u00e9ter\" \/>\n\t\t<meta name=\"twitter:label2\" content=\"Est. reading time\" \/>\n\t\t<meta name=\"twitter:data2\" content=\"1 minute\" \/>\n\t\t<script type=\"application\/ld+json\" class=\"aioseo-schema\">\n\t\t\t{\"@context\":\"https:\\\/\\\/schema.org\",\"@graph\":[{\"@type\":\"Article\",\"@id\":\"https:\\\/\\\/allasorias.hu\\\/hirek\\\/tamogatni-kell-a-hazai-munkaerot\\\/#article\",\"name\":\"T\\u00e1mogatni kell a hazai munkaer\\u0151t | Allasorias.hu\\\/Hirek\",\"headline\":\"T\\u00e1mogatni kell a hazai munkaer\\u0151t\",\"author\":{\"@id\":\"https:\\\/\\\/allasorias.hu\\\/hirek\\\/author\\\/admin-allasorias\\\/#author\"},\"publisher\":{\"@id\":\"https:\\\/\\\/allasorias.hu\\\/hirek\\\/#organization\"},\"image\":{\"@type\":\"ImageObject\",\"url\":\"https:\\\/\\\/allasorias.hu\\\/hirek\\\/wp-content\\\/uploads\\\/2023\\\/12\\\/munkasszallok-epitese.jpg\",\"width\":1280,\"height\":854,\"caption\":\"T\\u00e1mogatni kell a hazai munkaer\\u0151t - Allasorias.hu\\\/Hirek\"},\"datePublished\":\"2023-12-07T10:00:06+02:00\",\"dateModified\":\"2023-12-11T12:42:57+02:00\",\"inLanguage\":\"hu-HU\",\"mainEntityOfPage\":{\"@id\":\"https:\\\/\\\/allasorias.hu\\\/hirek\\\/tamogatni-kell-a-hazai-munkaerot\\\/#webpage\"},\"isPartOf\":{\"@id\":\"https:\\\/\\\/allasorias.hu\\\/hirek\\\/tamogatni-kell-a-hazai-munkaerot\\\/#webpage\"},\"articleSection\":\"Munkaer\\u0151piac, munk\\u00e1ssz\\u00e1ll\\u00e1s, munk\\u00e1ssz\\u00e1ll\\u00f3\"},{\"@type\":\"BreadcrumbList\",\"@id\":\"https:\\\/\\\/allasorias.hu\\\/hirek\\\/tamogatni-kell-a-hazai-munkaerot\\\/#breadcrumblist\",\"itemListElement\":[{\"@type\":\"ListItem\",\"@id\":\"https:\\\/\\\/allasorias.hu\\\/hirek#listItem\",\"position\":1,\"name\":\"Home\",\"item\":\"https:\\\/\\\/allasorias.hu\\\/hirek\",\"nextItem\":{\"@type\":\"ListItem\",\"@id\":\"https:\\\/\\\/allasorias.hu\\\/hirek\\\/temak\\\/munkaeropiac\\\/#listItem\",\"name\":\"Munkaer\\u0151piac\"}},{\"@type\":\"ListItem\",\"@id\":\"https:\\\/\\\/allasorias.hu\\\/hirek\\\/temak\\\/munkaeropiac\\\/#listItem\",\"position\":2,\"name\":\"Munkaer\\u0151piac\",\"item\":\"https:\\\/\\\/allasorias.hu\\\/hirek\\\/temak\\\/munkaeropiac\\\/\",\"nextItem\":{\"@type\":\"ListItem\",\"@id\":\"https:\\\/\\\/allasorias.hu\\\/hirek\\\/tamogatni-kell-a-hazai-munkaerot\\\/#listItem\",\"name\":\"T\\u00e1mogatni kell a hazai munkaer\\u0151t\"},\"previousItem\":{\"@type\":\"ListItem\",\"@id\":\"https:\\\/\\\/allasorias.hu\\\/hirek#listItem\",\"name\":\"Home\"}},{\"@type\":\"ListItem\",\"@id\":\"https:\\\/\\\/allasorias.hu\\\/hirek\\\/tamogatni-kell-a-hazai-munkaerot\\\/#listItem\",\"position\":3,\"name\":\"T\\u00e1mogatni kell a hazai munkaer\\u0151t\",\"previousItem\":{\"@type\":\"ListItem\",\"@id\":\"https:\\\/\\\/allasorias.hu\\\/hirek\\\/temak\\\/munkaeropiac\\\/#listItem\",\"name\":\"Munkaer\\u0151piac\"}}]},{\"@type\":\"Organization\",\"@id\":\"https:\\\/\\\/allasorias.hu\\\/hirek\\\/#organization\",\"name\":\"AllasOrias.hu | H\\u00edrek-lapszemle\",\"description\":\"\\u00dczleti h\\u00edrek az \\u00e1ll\\u00e1s \\u00e9s a munka vil\\u00e1g\\u00e1b\\u00f3l\",\"url\":\"https:\\\/\\\/allasorias.hu\\\/hirek\\\/\",\"logo\":{\"@type\":\"ImageObject\",\"url\":\"https:\\\/\\\/allasorias.hu\\\/hirek\\\/wp-content\\\/uploads\\\/2022\\\/10\\\/allasorias_site_facebok_logo.png\",\"@id\":\"https:\\\/\\\/allasorias.hu\\\/hirek\\\/tamogatni-kell-a-hazai-munkaerot\\\/#organizationLogo\"},\"image\":{\"@id\":\"https:\\\/\\\/allasorias.hu\\\/hirek\\\/tamogatni-kell-a-hazai-munkaerot\\\/#organizationLogo\"},\"sameAs\":[\"https:\\\/\\\/www.facebook.com\\\/allasorias\",\"https:\\\/\\\/www.linkedin.com\\\/company\\\/allasorias\"]},{\"@type\":\"Person\",\"@id\":\"https:\\\/\\\/allasorias.hu\\\/hirek\\\/author\\\/admin-allasorias\\\/#author\",\"url\":\"https:\\\/\\\/allasorias.hu\\\/hirek\\\/author\\\/admin-allasorias\\\/\",\"name\":\"Juh\\u00e1sz P\\u00e9ter\",\"image\":{\"@type\":\"ImageObject\",\"@id\":\"https:\\\/\\\/allasorias.hu\\\/hirek\\\/tamogatni-kell-a-hazai-munkaerot\\\/#authorImage\",\"url\":\"https:\\\/\\\/secure.gravatar.com\\\/avatar\\\/36e6bcb83148978b992977cb0f54d22feb0cce8a0a849a9410532bb2623ba4c6?s=96&d=mm&r=g\",\"width\":96,\"height\":96,\"caption\":\"Juh\\u00e1sz P\\u00e9ter\"}},{\"@type\":\"WebPage\",\"@id\":\"https:\\\/\\\/allasorias.hu\\\/hirek\\\/tamogatni-kell-a-hazai-munkaerot\\\/#webpage\",\"url\":\"https:\\\/\\\/allasorias.hu\\\/hirek\\\/tamogatni-kell-a-hazai-munkaerot\\\/\",\"name\":\"T\\u00e1mogatni kell a hazai munkaer\\u0151t | Allasorias.hu\\\/Hirek\",\"description\":\"A magyar munkaer\\u0151 nem szereti az ing\\u00e1z\\u00e1st, a lak\\u00f3helyt\\u0151l val\\u00f3 hossz\\u00fa t\\u00e1vols\\u00e1got, ugyanakkor nagy sz\\u00fcks\\u00e9g lenne a hazai munk\\u00e1sk\\u00e9zre.\",\"inLanguage\":\"hu-HU\",\"isPartOf\":{\"@id\":\"https:\\\/\\\/allasorias.hu\\\/hirek\\\/#website\"},\"breadcrumb\":{\"@id\":\"https:\\\/\\\/allasorias.hu\\\/hirek\\\/tamogatni-kell-a-hazai-munkaerot\\\/#breadcrumblist\"},\"author\":{\"@id\":\"https:\\\/\\\/allasorias.hu\\\/hirek\\\/author\\\/admin-allasorias\\\/#author\"},\"creator\":{\"@id\":\"https:\\\/\\\/allasorias.hu\\\/hirek\\\/author\\\/admin-allasorias\\\/#author\"},\"image\":{\"@type\":\"ImageObject\",\"url\":\"https:\\\/\\\/allasorias.hu\\\/hirek\\\/wp-content\\\/uploads\\\/2023\\\/12\\\/munkasszallok-epitese.jpg\",\"@id\":\"https:\\\/\\\/allasorias.hu\\\/hirek\\\/tamogatni-kell-a-hazai-munkaerot\\\/#mainImage\",\"width\":1280,\"height\":854,\"caption\":\"T\\u00e1mogatni kell a hazai munkaer\\u0151t - Allasorias.hu\\\/Hirek\"},\"primaryImageOfPage\":{\"@id\":\"https:\\\/\\\/allasorias.hu\\\/hirek\\\/tamogatni-kell-a-hazai-munkaerot\\\/#mainImage\"},\"datePublished\":\"2023-12-07T10:00:06+02:00\",\"dateModified\":\"2023-12-11T12:42:57+02:00\"},{\"@type\":\"WebSite\",\"@id\":\"https:\\\/\\\/allasorias.hu\\\/hirek\\\/#website\",\"url\":\"https:\\\/\\\/allasorias.hu\\\/hirek\\\/\",\"name\":\"AllasOrias.hu | H\\u00edrek-lapszemle\",\"description\":\"\\u00dczleti h\\u00edrek az \\u00e1ll\\u00e1s \\u00e9s a munka vil\\u00e1g\\u00e1b\\u00f3l\",\"inLanguage\":\"hu-HU\",\"publisher\":{\"@id\":\"https:\\\/\\\/allasorias.hu\\\/hirek\\\/#organization\"}}]}\n\t\t<\/script>\n\t\t<!-- All in One SEO -->\n\n","aioseo_head_json":{"title":"T\u00e1mogatni kell a hazai munkaer\u0151t | Allasorias.hu\/Hirek","description":"A magyar munkaer\u0151 nem szereti az ing\u00e1z\u00e1st, a lak\u00f3helyt\u0151l val\u00f3 hossz\u00fa t\u00e1vols\u00e1got, ugyanakkor nagy sz\u00fcks\u00e9g lenne a hazai munk\u00e1sk\u00e9zre.","canonical_url":"https:\/\/allasorias.hu\/hirek\/tamogatni-kell-a-hazai-munkaerot\/","robots":"max-image-preview:large","keywords":"munk\u00e1ssz\u00e1ll\u00e1s,munk\u00e1ssz\u00e1ll\u00f3","webmasterTools":{"miscellaneous":""},"schema":{"@context":"https:\/\/schema.org","@graph":[{"@type":"Article","@id":"https:\/\/allasorias.hu\/hirek\/tamogatni-kell-a-hazai-munkaerot\/#article","name":"T\u00e1mogatni kell a hazai munkaer\u0151t | Allasorias.hu\/Hirek","headline":"T\u00e1mogatni kell a hazai munkaer\u0151t","author":{"@id":"https:\/\/allasorias.hu\/hirek\/author\/admin-allasorias\/#author"},"publisher":{"@id":"https:\/\/allasorias.hu\/hirek\/#organization"},"image":{"@type":"ImageObject","url":"https:\/\/allasorias.hu\/hirek\/wp-content\/uploads\/2023\/12\/munkasszallok-epitese.jpg","width":1280,"height":854,"caption":"T\u00e1mogatni kell a hazai munkaer\u0151t - Allasorias.hu\/Hirek"},"datePublished":"2023-12-07T10:00:06+02:00","dateModified":"2023-12-11T12:42:57+02:00","inLanguage":"hu-HU","mainEntityOfPage":{"@id":"https:\/\/allasorias.hu\/hirek\/tamogatni-kell-a-hazai-munkaerot\/#webpage"},"isPartOf":{"@id":"https:\/\/allasorias.hu\/hirek\/tamogatni-kell-a-hazai-munkaerot\/#webpage"},"articleSection":"Munkaer\u0151piac, munk\u00e1ssz\u00e1ll\u00e1s, munk\u00e1ssz\u00e1ll\u00f3"},{"@type":"BreadcrumbList","@id":"https:\/\/allasorias.hu\/hirek\/tamogatni-kell-a-hazai-munkaerot\/#breadcrumblist","itemListElement":[{"@type":"ListItem","@id":"https:\/\/allasorias.hu\/hirek#listItem","position":1,"name":"Home","item":"https:\/\/allasorias.hu\/hirek","nextItem":{"@type":"ListItem","@id":"https:\/\/allasorias.hu\/hirek\/temak\/munkaeropiac\/#listItem","name":"Munkaer\u0151piac"}},{"@type":"ListItem","@id":"https:\/\/allasorias.hu\/hirek\/temak\/munkaeropiac\/#listItem","position":2,"name":"Munkaer\u0151piac","item":"https:\/\/allasorias.hu\/hirek\/temak\/munkaeropiac\/","nextItem":{"@type":"ListItem","@id":"https:\/\/allasorias.hu\/hirek\/tamogatni-kell-a-hazai-munkaerot\/#listItem","name":"T\u00e1mogatni kell a hazai munkaer\u0151t"},"previousItem":{"@type":"ListItem","@id":"https:\/\/allasorias.hu\/hirek#listItem","name":"Home"}},{"@type":"ListItem","@id":"https:\/\/allasorias.hu\/hirek\/tamogatni-kell-a-hazai-munkaerot\/#listItem","position":3,"name":"T\u00e1mogatni kell a hazai munkaer\u0151t","previousItem":{"@type":"ListItem","@id":"https:\/\/allasorias.hu\/hirek\/temak\/munkaeropiac\/#listItem","name":"Munkaer\u0151piac"}}]},{"@type":"Organization","@id":"https:\/\/allasorias.hu\/hirek\/#organization","name":"AllasOrias.hu | H\u00edrek-lapszemle","description":"\u00dczleti h\u00edrek az \u00e1ll\u00e1s \u00e9s a munka vil\u00e1g\u00e1b\u00f3l","url":"https:\/\/allasorias.hu\/hirek\/","logo":{"@type":"ImageObject","url":"https:\/\/allasorias.hu\/hirek\/wp-content\/uploads\/2022\/10\/allasorias_site_facebok_logo.png","@id":"https:\/\/allasorias.hu\/hirek\/tamogatni-kell-a-hazai-munkaerot\/#organizationLogo"},"image":{"@id":"https:\/\/allasorias.hu\/hirek\/tamogatni-kell-a-hazai-munkaerot\/#organizationLogo"},"sameAs":["https:\/\/www.facebook.com\/allasorias","https:\/\/www.linkedin.com\/company\/allasorias"]},{"@type":"Person","@id":"https:\/\/allasorias.hu\/hirek\/author\/admin-allasorias\/#author","url":"https:\/\/allasorias.hu\/hirek\/author\/admin-allasorias\/","name":"Juh\u00e1sz P\u00e9ter","image":{"@type":"ImageObject","@id":"https:\/\/allasorias.hu\/hirek\/tamogatni-kell-a-hazai-munkaerot\/#authorImage","url":"https:\/\/secure.gravatar.com\/avatar\/36e6bcb83148978b992977cb0f54d22feb0cce8a0a849a9410532bb2623ba4c6?s=96&d=mm&r=g","width":96,"height":96,"caption":"Juh\u00e1sz P\u00e9ter"}},{"@type":"WebPage","@id":"https:\/\/allasorias.hu\/hirek\/tamogatni-kell-a-hazai-munkaerot\/#webpage","url":"https:\/\/allasorias.hu\/hirek\/tamogatni-kell-a-hazai-munkaerot\/","name":"T\u00e1mogatni kell a hazai munkaer\u0151t | Allasorias.hu\/Hirek","description":"A magyar munkaer\u0151 nem szereti az ing\u00e1z\u00e1st, a lak\u00f3helyt\u0151l val\u00f3 hossz\u00fa t\u00e1vols\u00e1got, ugyanakkor nagy sz\u00fcks\u00e9g lenne a hazai munk\u00e1sk\u00e9zre.","inLanguage":"hu-HU","isPartOf":{"@id":"https:\/\/allasorias.hu\/hirek\/#website"},"breadcrumb":{"@id":"https:\/\/allasorias.hu\/hirek\/tamogatni-kell-a-hazai-munkaerot\/#breadcrumblist"},"author":{"@id":"https:\/\/allasorias.hu\/hirek\/author\/admin-allasorias\/#author"},"creator":{"@id":"https:\/\/allasorias.hu\/hirek\/author\/admin-allasorias\/#author"},"image":{"@type":"ImageObject","url":"https:\/\/allasorias.hu\/hirek\/wp-content\/uploads\/2023\/12\/munkasszallok-epitese.jpg","@id":"https:\/\/allasorias.hu\/hirek\/tamogatni-kell-a-hazai-munkaerot\/#mainImage","width":1280,"height":854,"caption":"T\u00e1mogatni kell a hazai munkaer\u0151t - Allasorias.hu\/Hirek"},"primaryImageOfPage":{"@id":"https:\/\/allasorias.hu\/hirek\/tamogatni-kell-a-hazai-munkaerot\/#mainImage"},"datePublished":"2023-12-07T10:00:06+02:00","dateModified":"2023-12-11T12:42:57+02:00"},{"@type":"WebSite","@id":"https:\/\/allasorias.hu\/hirek\/#website","url":"https:\/\/allasorias.hu\/hirek\/","name":"AllasOrias.hu | H\u00edrek-lapszemle","description":"\u00dczleti h\u00edrek az \u00e1ll\u00e1s \u00e9s a munka vil\u00e1g\u00e1b\u00f3l","inLanguage":"hu-HU","publisher":{"@id":"https:\/\/allasorias.hu\/hirek\/#organization"}}]},"og:locale":"hu_HU","og:site_name":"AllasOrias.hu | H\u00edrek-lapszemle | \u00dczleti h\u00edrek az \u00e1ll\u00e1s \u00e9s a munka vil\u00e1g\u00e1b\u00f3l","og:type":"article","og:title":"T\u00e1mogatni kell a hazai munkaer\u0151t | Allasorias.hu\/Hirek","og:description":"A magyar munkaer\u0151 nem szereti az ing\u00e1z\u00e1st, a lak\u00f3helyt\u0151l val\u00f3 hossz\u00fa t\u00e1vols\u00e1got, ugyanakkor nagy sz\u00fcks\u00e9g lenne a hazai munk\u00e1sk\u00e9zre.","og:url":"https:\/\/allasorias.hu\/hirek\/tamogatni-kell-a-hazai-munkaerot\/","og:image":"https:\/\/allasorias.hu\/hirek\/wp-content\/uploads\/2023\/12\/munkasszallok-epitese.jpg","og:image:secure_url":"https:\/\/allasorias.hu\/hirek\/wp-content\/uploads\/2023\/12\/munkasszallok-epitese.jpg","og:image:width":1280,"og:image:height":854,"article:published_time":"2023-12-07T08:00:06+00:00","article:modified_time":"2023-12-11T10:42:57+00:00","article:publisher":"https:\/\/www.facebook.com\/allasorias","twitter:card":"summary_large_image","twitter:title":"T\u00e1mogatni kell a hazai munkaer\u0151t | Allasorias.hu\/Hirek","twitter:description":"A magyar munkaer\u0151 nem szereti az ing\u00e1z\u00e1st, a lak\u00f3helyt\u0151l val\u00f3 hossz\u00fa t\u00e1vols\u00e1got, ugyanakkor nagy sz\u00fcks\u00e9g lenne a hazai munk\u00e1sk\u00e9zre.","twitter:image":"https:\/\/allasorias.hu\/hirek\/wp-content\/uploads\/2023\/12\/munkasszallok-epitese.jpg","twitter:label1":"Written by","twitter:data1":"Juh\u00e1sz P\u00e9ter","twitter:label2":"Est. reading time","twitter:data2":"1 minute"},"aioseo_meta_data":{"post_id":"7119","title":"#post_title | Allasorias.hu\/Hirek","description":"A magyar munkaer\u0151 nem szereti az ing\u00e1z\u00e1st, a lak\u00f3helyt\u0151l val\u00f3 hossz\u00fa t\u00e1vols\u00e1got, ugyanakkor nagy sz\u00fcks\u00e9g lenne a hazai munk\u00e1sk\u00e9zre.","keywords":[],"keyphrases":{"focus":{"keyphrase":"","score":0,"analysis":{"keyphraseInTitle":{"score":0,"maxScore":9,"error":1}}},"additional":[]},"primary_term":null,"canonical_url":null,"og_title":null,"og_description":null,"og_object_type":"default","og_image_type":"default","og_image_url":null,"og_image_width":null,"og_image_height":null,"og_image_custom_url":null,"og_image_custom_fields":null,"og_video":"","og_custom_url":null,"og_article_section":null,"og_article_tags":[],"twitter_use_og":true,"twitter_card":"default","twitter_image_type":"default","twitter_image_url":null,"twitter_image_custom_url":null,"twitter_image_custom_fields":null,"twitter_title":null,"twitter_description":null,"schema":{"blockGraphs":[],"customGraphs":[],"default":{"data":{"Article":[],"Course":[],"Dataset":[],"FAQPage":[],"Movie":[],"Person":[],"Product":[],"ProductReview":[],"Car":[],"Recipe":[],"Service":[],"SoftwareApplication":[],"WebPage":[]},"graphName":"Article","isEnabled":true},"graphs":[]},"schema_type":"default","schema_type_options":null,"pillar_content":false,"robots_default":true,"robots_noindex":false,"robots_noarchive":false,"robots_nosnippet":false,"robots_nofollow":false,"robots_noimageindex":false,"robots_noodp":false,"robots_notranslate":false,"robots_max_snippet":"-1","robots_max_videopreview":"-1","robots_max_imagepreview":"large","priority":null,"frequency":"default","location":null,"local_seo":null,"breadcrumb_settings":null,"limit_modified_date":false,"ai":null,"created":"2023-12-11 10:32:06","updated":"2025-10-02 19:20:56","seo_analyzer_scan_date":null,"focus_keyword":null,"additional_keywords":null,"truseo_locale":null},"aioseo_breadcrumb":"<div class=\"aioseo-breadcrumbs\"><span class=\"aioseo-breadcrumb\">\n\t\t\t<a href=\"https:\/\/allasorias.hu\/hirek\" title=\"Home\">Home<\/a>\n\t\t<\/span><span class=\"aioseo-breadcrumb-separator\">&raquo;<\/span><span class=\"aioseo-breadcrumb\">\n\t\t\t<a href=\"https:\/\/allasorias.hu\/hirek\/temak\/munkaeropiac\/\" title=\"Munkaer\u0151piac\">Munkaer\u0151piac<\/a>\n\t\t<\/span><span class=\"aioseo-breadcrumb-separator\">&raquo;<\/span><span class=\"aioseo-breadcrumb\">\n\t\t\tT\u00e1mogatni kell a hazai munkaer\u0151t\n\t\t<\/span><\/div>","aioseo_breadcrumb_json":[{"label":"Home","link":"https:\/\/allasorias.hu\/hirek"},{"label":"Munkaer\u0151piac","link":"https:\/\/allasorias.hu\/hirek\/temak\/munkaeropiac\/"},{"label":"T\u00e1mogatni kell a hazai munkaer\u0151t","link":"https:\/\/allasorias.hu\/hirek\/tamogatni-kell-a-hazai-munkaerot\/"}],"_links":{"self":[{"href":"https:\/\/allasorias.hu\/hirek\/wp-json\/wp\/v2\/posts\/7119","targetHints":{"allow":["GET"]}}],"collection":[{"href":"https:\/\/allasorias.hu\/hirek\/wp-json\/wp\/v2\/posts"}],"about":[{"href":"https:\/\/allasorias.hu\/hirek\/wp-json\/wp\/v2\/types\/post"}],"author":[{"embeddable":true,"href":"https:\/\/allasorias.hu\/hirek\/wp-json\/wp\/v2\/users\/1"}],"replies":[{"embeddable":true,"href":"https:\/\/allasorias.hu\/hirek\/wp-json\/wp\/v2\/comments?post=7119"}],"version-history":[{"count":3,"href":"https:\/\/allasorias.hu\/hirek\/wp-json\/wp\/v2\/posts\/7119\/revisions"}],"predecessor-version":[{"id":7123,"href":"https:\/\/allasorias.hu\/hirek\/wp-json\/wp\/v2\/posts\/7119\/revisions\/7123"}],"wp:featuredmedia":[{"embeddable":true,"href":"https:\/\/allasorias.hu\/hirek\/wp-json\/wp\/v2\/media\/7120"}],"wp:attachment":[{"href":"https:\/\/allasorias.hu\/hirek\/wp-json\/wp\/v2\/media?parent=7119"}],"wp:term":[{"taxonomy":"category","embeddable":true,"href":"https:\/\/allasorias.hu\/hirek\/wp-json\/wp\/v2\/categories?post=7119"},{"taxonomy":"post_tag","embeddable":true,"href":"https:\/\/allasorias.hu\/hirek\/wp-json\/wp\/v2\/tags?post=7119"}],"curies":[{"name":"wp","href":"https:\/\/api.w.org\/{rel}","templated":true}]}}