{"id":7110,"date":"2023-12-05T14:13:14","date_gmt":"2023-12-05T12:13:14","guid":{"rendered":"https:\/\/allasorias.hu\/hirek\/?p=7110"},"modified":"2023-12-05T14:15:26","modified_gmt":"2023-12-05T12:15:26","slug":"sokat-koltenek-a-magyarok","status":"publish","type":"post","link":"https:\/\/allasorias.hu\/hirek\/sokat-koltenek-a-magyarok\/","title":{"rendered":"Sokat k\u00f6ltenek a magyarok"},"content":{"rendered":"<p><strong>Az eur\u00f3pai fogyaszt\u00f3k fele (49 sz\u00e1zal\u00e9k) azt \u00e1ll\u00edtja, hogy az alapvet\u0151 sz\u00e1ml\u00e1k kifizet\u00e9se ut\u00e1n kevesebb p\u00e9nze marad, mint egy \u00e9vvel ezel\u0151tt. A megk\u00e9rdezettek jelent\u0151s r\u00e9sz\u00e9nek alig, vagy egy\u00e1ltal\u00e1n nincs megtakar\u00edt\u00e1sa amire t\u00e1maszkodhatna, ha v\u00e1ratlan kiad\u00e1sok mer\u00fclnek fel a h\u00f3nap sor\u00e1n.<\/strong><\/p>\n<p>A magyarok nehezebb helyzetben vannak, mint az el\u0151z\u0151 \u00e9vekben b\u00e1rmikor: jelent\u0151s r\u00e9sz\u00fck <a href=\"https:\/\/allasorias.hu\/hirek\/mire-szamitanak-a-magyarok-az-anyagi-helyzetuk-teren\/\">kil\u00e1t\u00e1stalannak l\u00e1tja a j\u00f6v\u0151t<\/a>, jelenlegi j\u00f6vedelm\u00fck nem fedezi a mindennapi kiad\u00e1saikat, \u00edgy legink\u00e1bb a mindennapos k\u00f6lt\u00e9seiken, az \u00e9tkez\u00e9seken \u00e9s ezen fel\u00fcl id\u00e9n m\u00e9g a kar\u00e1csonyi kiad\u00e1saikon is pr\u00f3b\u00e1lnak sp\u00f3rolni \u2013 der\u00fcl ki az Intrum Eur\u00f3pai Fogyaszt\u00f3i Fizet\u00e9si Felm\u00e9r\u00e9s\u00e9b\u0151l.<\/p>\n<p>Az eur\u00f3pai fogyaszt\u00f3k 20 sz\u00e1zal\u00e9ka nem rendelkezik megtakar\u00edt\u00e1ssal. Magyarorsz\u00e1gon azonban a helyzet j\u00f3val s\u00falyosabb: a lakoss\u00e1g 31 sz\u00e1zal\u00e9k\u00e1nak egy\u00e1ltal\u00e1n nincs v\u00e9sztartal\u00e9ka. Tov\u00e1bb\u00e1 a magyarok 16 sz\u00e1zal\u00e9ka csak egy havi fizet\u00e9sre tud t\u00e1maszkodni v\u00e1ratlan k\u00f6lts\u00e9gek eset\u00e9n. A magyar fogyaszt\u00f3k 21 sz\u00e1zal\u00e9ka t\u00falk\u00f6ltekezik: m\u00e9gpedig egy h\u00f3napban az \u00e1tlagos havi bev\u00e9tel\u00fck 26,1 sz\u00e1zal\u00e9k\u00e1val.<\/p>\n<p>A magyar fogyaszt\u00f3k 75 sz\u00e1zal\u00e9k\u00e1nak az alapvet\u0151 sz\u00e1ml\u00e1k kifizet\u00e9se ut\u00e1n kevesebb k\u00f6lt\u0151p\u00e9nze marad, mint egy \u00e9vvel ezel\u0151tt. Ennek k\u00f6sz\u00f6nhet\u0151 sajnos az is, hogy a magyar v\u00e1laszad\u00f3k 33 sz\u00e1zal\u00e9ka k\u00e9sve fizetett be legal\u00e1bb egy sz\u00e1ml\u00e1t az elm\u00falt \u00e9vben.<\/p>\n<p>Forr\u00e1s: <a href=\"https:\/\/hvg.hu\/gazdasag\/20231205_karacsony_koltes_sporolas\" target=\"_blank\" rel=\"nofollow noopener noreferrer\">hvg.hu<\/a><\/p>\n","protected":false},"excerpt":{"rendered":"<p>Az eur\u00f3pai fogyaszt\u00f3k fele (49 sz\u00e1zal\u00e9k) azt \u00e1ll\u00edtja, hogy az alapvet\u0151 sz\u00e1ml\u00e1k kifizet\u00e9se ut\u00e1n kevesebb p\u00e9nze marad, mint egy \u00e9vvel ezel\u0151tt. A megk\u00e9rdezettek jelent\u0151s r\u00e9sz\u00e9nek alig, vagy egy\u00e1ltal\u00e1n nincs megtakar\u00edt\u00e1sa amire t\u00e1maszkodhatna, ha v\u00e1ratlan kiad\u00e1sok mer\u00fclnek fel a h\u00f3nap sor\u00e1n. A magyarok nehezebb helyzetben vannak, mint az el\u0151z\u0151 \u00e9vekben b\u00e1rmikor: jelent\u0151s r\u00e9sz\u00fck kil\u00e1t\u00e1stalannak l\u00e1tja a [&hellip;]<\/p>\n","protected":false},"author":1,"featured_media":7111,"comment_status":"closed","ping_status":"closed","sticky":false,"template":"","format":"standard","meta":{"_monsterinsights_skip_tracking":false,"footnotes":""},"categories":[198],"tags":[213,659],"class_list":["post-7110","post","type-post","status-publish","format-standard","has-post-thumbnail","hentry","category-gazdasag","tag-felmeres","tag-koltekezes"],"aioseo_notices":[],"aioseo_head":"\n\t\t<!-- All in One SEO 5.0.0.1 - aioseo.com -->\n\t<meta name=\"description\" content=\"A lakoss\u00e1g 31 sz\u00e1zal\u00e9k\u00e1nak egy\u00e1ltal\u00e1n nincs v\u00e9sztartal\u00e9ka. Tov\u00e1bb\u00e1 a magyarok 16 sz\u00e1zal\u00e9ka csak egy havi fizet\u00e9sre tud t\u00e1maszkodni v\u00e1ratlan k\u00f6lts\u00e9gek eset\u00e9n.\" \/>\n\t<meta name=\"robots\" content=\"max-image-preview:large\" \/>\n\t<meta name=\"author\" content=\"Juh\u00e1sz P\u00e9ter\"\/>\n\t<meta name=\"keywords\" content=\"felm\u00e9r\u00e9s,k\u00f6ltekez\u00e9s\" \/>\n\t<link rel=\"canonical\" href=\"https:\/\/allasorias.hu\/hirek\/sokat-koltenek-a-magyarok\/\" \/>\n\t<meta name=\"generator\" content=\"All in One SEO (AIOSEO) 5.0.0.1\" \/>\n\t\t<meta property=\"og:locale\" content=\"hu_HU\" \/>\n\t\t<meta property=\"og:site_name\" content=\"AllasOrias.hu | H\u00edrek-lapszemle | \u00dczleti h\u00edrek az \u00e1ll\u00e1s \u00e9s a munka vil\u00e1g\u00e1b\u00f3l\" \/>\n\t\t<meta property=\"og:type\" content=\"article\" \/>\n\t\t<meta property=\"og:title\" content=\"Sokat k\u00f6ltenek a magyarok | AllasOrias.hu | H\u00edrek-lapszemle\" \/>\n\t\t<meta property=\"og:description\" content=\"A lakoss\u00e1g 31 sz\u00e1zal\u00e9k\u00e1nak egy\u00e1ltal\u00e1n nincs v\u00e9sztartal\u00e9ka. Tov\u00e1bb\u00e1 a magyarok 16 sz\u00e1zal\u00e9ka csak egy havi fizet\u00e9sre tud t\u00e1maszkodni v\u00e1ratlan k\u00f6lts\u00e9gek eset\u00e9n.\" \/>\n\t\t<meta property=\"og:url\" content=\"https:\/\/allasorias.hu\/hirek\/sokat-koltenek-a-magyarok\/\" \/>\n\t\t<meta property=\"og:image\" content=\"https:\/\/allasorias.hu\/hirek\/wp-content\/uploads\/2023\/12\/nincs-megtakaritassa-a-magyaroknak.jpg\" \/>\n\t\t<meta property=\"og:image:secure_url\" content=\"https:\/\/allasorias.hu\/hirek\/wp-content\/uploads\/2023\/12\/nincs-megtakaritassa-a-magyaroknak.jpg\" \/>\n\t\t<meta property=\"og:image:width\" content=\"1280\" \/>\n\t\t<meta property=\"og:image:height\" content=\"853\" \/>\n\t\t<meta property=\"article:published_time\" content=\"2023-12-05T12:13:14+00:00\" \/>\n\t\t<meta property=\"article:modified_time\" content=\"2023-12-05T12:15:26+00:00\" \/>\n\t\t<meta property=\"article:publisher\" content=\"https:\/\/www.facebook.com\/allasorias\" \/>\n\t\t<meta name=\"twitter:card\" content=\"summary_large_image\" \/>\n\t\t<meta name=\"twitter:title\" content=\"Sokat k\u00f6ltenek a magyarok | AllasOrias.hu | H\u00edrek-lapszemle\" \/>\n\t\t<meta name=\"twitter:description\" content=\"A lakoss\u00e1g 31 sz\u00e1zal\u00e9k\u00e1nak egy\u00e1ltal\u00e1n nincs v\u00e9sztartal\u00e9ka. Tov\u00e1bb\u00e1 a magyarok 16 sz\u00e1zal\u00e9ka csak egy havi fizet\u00e9sre tud t\u00e1maszkodni v\u00e1ratlan k\u00f6lts\u00e9gek eset\u00e9n.\" \/>\n\t\t<meta name=\"twitter:image\" content=\"https:\/\/allasorias.hu\/hirek\/wp-content\/uploads\/2023\/12\/nincs-megtakaritassa-a-magyaroknak.jpg\" \/>\n\t\t<meta name=\"twitter:label1\" content=\"Written by\" \/>\n\t\t<meta name=\"twitter:data1\" content=\"Juh\u00e1sz P\u00e9ter\" \/>\n\t\t<meta name=\"twitter:label2\" content=\"Est. reading time\" \/>\n\t\t<meta name=\"twitter:data2\" content=\"1 minute\" \/>\n\t\t<script type=\"application\/ld+json\" class=\"aioseo-schema\">\n\t\t\t{\"@context\":\"https:\\\/\\\/schema.org\",\"@graph\":[{\"@type\":\"Article\",\"@id\":\"https:\\\/\\\/allasorias.hu\\\/hirek\\\/sokat-koltenek-a-magyarok\\\/#article\",\"name\":\"Sokat k\\u00f6ltenek a magyarok | AllasOrias.hu | H\\u00edrek-lapszemle\",\"headline\":\"Sokat k\\u00f6ltenek a magyarok\",\"author\":{\"@id\":\"https:\\\/\\\/allasorias.hu\\\/hirek\\\/author\\\/admin-allasorias\\\/#author\"},\"publisher\":{\"@id\":\"https:\\\/\\\/allasorias.hu\\\/hirek\\\/#organization\"},\"image\":{\"@type\":\"ImageObject\",\"url\":\"https:\\\/\\\/allasorias.hu\\\/hirek\\\/wp-content\\\/uploads\\\/2023\\\/12\\\/nincs-megtakaritassa-a-magyaroknak.jpg\",\"width\":1280,\"height\":853,\"caption\":\"Sokat k\\u00f6ltenek a magyarok - Allasorias.hu\\\/Hirek\"},\"datePublished\":\"2023-12-05T14:13:14+02:00\",\"dateModified\":\"2023-12-05T14:15:26+02:00\",\"inLanguage\":\"hu-HU\",\"mainEntityOfPage\":{\"@id\":\"https:\\\/\\\/allasorias.hu\\\/hirek\\\/sokat-koltenek-a-magyarok\\\/#webpage\"},\"isPartOf\":{\"@id\":\"https:\\\/\\\/allasorias.hu\\\/hirek\\\/sokat-koltenek-a-magyarok\\\/#webpage\"},\"articleSection\":\"Gazdas\\u00e1g, Felm\\u00e9r\\u00e9s, k\\u00f6ltekez\\u00e9s\"},{\"@type\":\"BreadcrumbList\",\"@id\":\"https:\\\/\\\/allasorias.hu\\\/hirek\\\/sokat-koltenek-a-magyarok\\\/#breadcrumblist\",\"itemListElement\":[{\"@type\":\"ListItem\",\"@id\":\"https:\\\/\\\/allasorias.hu\\\/hirek#listItem\",\"position\":1,\"name\":\"Home\",\"item\":\"https:\\\/\\\/allasorias.hu\\\/hirek\",\"nextItem\":{\"@type\":\"ListItem\",\"@id\":\"https:\\\/\\\/allasorias.hu\\\/hirek\\\/temak\\\/gazdasag\\\/#listItem\",\"name\":\"Gazdas\\u00e1g\"}},{\"@type\":\"ListItem\",\"@id\":\"https:\\\/\\\/allasorias.hu\\\/hirek\\\/temak\\\/gazdasag\\\/#listItem\",\"position\":2,\"name\":\"Gazdas\\u00e1g\",\"item\":\"https:\\\/\\\/allasorias.hu\\\/hirek\\\/temak\\\/gazdasag\\\/\",\"nextItem\":{\"@type\":\"ListItem\",\"@id\":\"https:\\\/\\\/allasorias.hu\\\/hirek\\\/sokat-koltenek-a-magyarok\\\/#listItem\",\"name\":\"Sokat k\\u00f6ltenek a magyarok\"},\"previousItem\":{\"@type\":\"ListItem\",\"@id\":\"https:\\\/\\\/allasorias.hu\\\/hirek#listItem\",\"name\":\"Home\"}},{\"@type\":\"ListItem\",\"@id\":\"https:\\\/\\\/allasorias.hu\\\/hirek\\\/sokat-koltenek-a-magyarok\\\/#listItem\",\"position\":3,\"name\":\"Sokat k\\u00f6ltenek a magyarok\",\"previousItem\":{\"@type\":\"ListItem\",\"@id\":\"https:\\\/\\\/allasorias.hu\\\/hirek\\\/temak\\\/gazdasag\\\/#listItem\",\"name\":\"Gazdas\\u00e1g\"}}]},{\"@type\":\"Organization\",\"@id\":\"https:\\\/\\\/allasorias.hu\\\/hirek\\\/#organization\",\"name\":\"AllasOrias.hu | H\\u00edrek-lapszemle\",\"description\":\"\\u00dczleti h\\u00edrek az \\u00e1ll\\u00e1s \\u00e9s a munka vil\\u00e1g\\u00e1b\\u00f3l\",\"url\":\"https:\\\/\\\/allasorias.hu\\\/hirek\\\/\",\"logo\":{\"@type\":\"ImageObject\",\"url\":\"https:\\\/\\\/allasorias.hu\\\/hirek\\\/wp-content\\\/uploads\\\/2022\\\/10\\\/allasorias_site_facebok_logo.png\",\"@id\":\"https:\\\/\\\/allasorias.hu\\\/hirek\\\/sokat-koltenek-a-magyarok\\\/#organizationLogo\"},\"image\":{\"@id\":\"https:\\\/\\\/allasorias.hu\\\/hirek\\\/sokat-koltenek-a-magyarok\\\/#organizationLogo\"},\"sameAs\":[\"https:\\\/\\\/www.facebook.com\\\/allasorias\",\"https:\\\/\\\/www.linkedin.com\\\/company\\\/allasorias\"]},{\"@type\":\"Person\",\"@id\":\"https:\\\/\\\/allasorias.hu\\\/hirek\\\/author\\\/admin-allasorias\\\/#author\",\"url\":\"https:\\\/\\\/allasorias.hu\\\/hirek\\\/author\\\/admin-allasorias\\\/\",\"name\":\"Juh\\u00e1sz P\\u00e9ter\",\"image\":{\"@type\":\"ImageObject\",\"@id\":\"https:\\\/\\\/allasorias.hu\\\/hirek\\\/sokat-koltenek-a-magyarok\\\/#authorImage\",\"url\":\"https:\\\/\\\/secure.gravatar.com\\\/avatar\\\/36e6bcb83148978b992977cb0f54d22feb0cce8a0a849a9410532bb2623ba4c6?s=96&d=mm&r=g\",\"width\":96,\"height\":96,\"caption\":\"Juh\\u00e1sz P\\u00e9ter\"}},{\"@type\":\"WebPage\",\"@id\":\"https:\\\/\\\/allasorias.hu\\\/hirek\\\/sokat-koltenek-a-magyarok\\\/#webpage\",\"url\":\"https:\\\/\\\/allasorias.hu\\\/hirek\\\/sokat-koltenek-a-magyarok\\\/\",\"name\":\"Sokat k\\u00f6ltenek a magyarok | AllasOrias.hu | H\\u00edrek-lapszemle\",\"description\":\"A lakoss\\u00e1g 31 sz\\u00e1zal\\u00e9k\\u00e1nak egy\\u00e1ltal\\u00e1n nincs v\\u00e9sztartal\\u00e9ka. Tov\\u00e1bb\\u00e1 a magyarok 16 sz\\u00e1zal\\u00e9ka csak egy havi fizet\\u00e9sre tud t\\u00e1maszkodni v\\u00e1ratlan k\\u00f6lts\\u00e9gek eset\\u00e9n.\",\"inLanguage\":\"hu-HU\",\"isPartOf\":{\"@id\":\"https:\\\/\\\/allasorias.hu\\\/hirek\\\/#website\"},\"breadcrumb\":{\"@id\":\"https:\\\/\\\/allasorias.hu\\\/hirek\\\/sokat-koltenek-a-magyarok\\\/#breadcrumblist\"},\"author\":{\"@id\":\"https:\\\/\\\/allasorias.hu\\\/hirek\\\/author\\\/admin-allasorias\\\/#author\"},\"creator\":{\"@id\":\"https:\\\/\\\/allasorias.hu\\\/hirek\\\/author\\\/admin-allasorias\\\/#author\"},\"image\":{\"@type\":\"ImageObject\",\"url\":\"https:\\\/\\\/allasorias.hu\\\/hirek\\\/wp-content\\\/uploads\\\/2023\\\/12\\\/nincs-megtakaritassa-a-magyaroknak.jpg\",\"@id\":\"https:\\\/\\\/allasorias.hu\\\/hirek\\\/sokat-koltenek-a-magyarok\\\/#mainImage\",\"width\":1280,\"height\":853,\"caption\":\"Sokat k\\u00f6ltenek a magyarok - Allasorias.hu\\\/Hirek\"},\"primaryImageOfPage\":{\"@id\":\"https:\\\/\\\/allasorias.hu\\\/hirek\\\/sokat-koltenek-a-magyarok\\\/#mainImage\"},\"datePublished\":\"2023-12-05T14:13:14+02:00\",\"dateModified\":\"2023-12-05T14:15:26+02:00\"},{\"@type\":\"WebSite\",\"@id\":\"https:\\\/\\\/allasorias.hu\\\/hirek\\\/#website\",\"url\":\"https:\\\/\\\/allasorias.hu\\\/hirek\\\/\",\"name\":\"AllasOrias.hu | H\\u00edrek-lapszemle\",\"description\":\"\\u00dczleti h\\u00edrek az \\u00e1ll\\u00e1s \\u00e9s a munka vil\\u00e1g\\u00e1b\\u00f3l\",\"inLanguage\":\"hu-HU\",\"publisher\":{\"@id\":\"https:\\\/\\\/allasorias.hu\\\/hirek\\\/#organization\"}}]}\n\t\t<\/script>\n\t\t<!-- All in One SEO -->\n\n","aioseo_head_json":{"title":"Sokat k\u00f6ltenek a magyarok | AllasOrias.hu | H\u00edrek-lapszemle","description":"A lakoss\u00e1g 31 sz\u00e1zal\u00e9k\u00e1nak egy\u00e1ltal\u00e1n nincs v\u00e9sztartal\u00e9ka. Tov\u00e1bb\u00e1 a magyarok 16 sz\u00e1zal\u00e9ka csak egy havi fizet\u00e9sre tud t\u00e1maszkodni v\u00e1ratlan k\u00f6lts\u00e9gek eset\u00e9n.","canonical_url":"https:\/\/allasorias.hu\/hirek\/sokat-koltenek-a-magyarok\/","robots":"max-image-preview:large","keywords":"felm\u00e9r\u00e9s,k\u00f6ltekez\u00e9s","webmasterTools":{"miscellaneous":""},"schema":{"@context":"https:\/\/schema.org","@graph":[{"@type":"Article","@id":"https:\/\/allasorias.hu\/hirek\/sokat-koltenek-a-magyarok\/#article","name":"Sokat k\u00f6ltenek a magyarok | AllasOrias.hu | H\u00edrek-lapszemle","headline":"Sokat k\u00f6ltenek a magyarok","author":{"@id":"https:\/\/allasorias.hu\/hirek\/author\/admin-allasorias\/#author"},"publisher":{"@id":"https:\/\/allasorias.hu\/hirek\/#organization"},"image":{"@type":"ImageObject","url":"https:\/\/allasorias.hu\/hirek\/wp-content\/uploads\/2023\/12\/nincs-megtakaritassa-a-magyaroknak.jpg","width":1280,"height":853,"caption":"Sokat k\u00f6ltenek a magyarok - Allasorias.hu\/Hirek"},"datePublished":"2023-12-05T14:13:14+02:00","dateModified":"2023-12-05T14:15:26+02:00","inLanguage":"hu-HU","mainEntityOfPage":{"@id":"https:\/\/allasorias.hu\/hirek\/sokat-koltenek-a-magyarok\/#webpage"},"isPartOf":{"@id":"https:\/\/allasorias.hu\/hirek\/sokat-koltenek-a-magyarok\/#webpage"},"articleSection":"Gazdas\u00e1g, Felm\u00e9r\u00e9s, k\u00f6ltekez\u00e9s"},{"@type":"BreadcrumbList","@id":"https:\/\/allasorias.hu\/hirek\/sokat-koltenek-a-magyarok\/#breadcrumblist","itemListElement":[{"@type":"ListItem","@id":"https:\/\/allasorias.hu\/hirek#listItem","position":1,"name":"Home","item":"https:\/\/allasorias.hu\/hirek","nextItem":{"@type":"ListItem","@id":"https:\/\/allasorias.hu\/hirek\/temak\/gazdasag\/#listItem","name":"Gazdas\u00e1g"}},{"@type":"ListItem","@id":"https:\/\/allasorias.hu\/hirek\/temak\/gazdasag\/#listItem","position":2,"name":"Gazdas\u00e1g","item":"https:\/\/allasorias.hu\/hirek\/temak\/gazdasag\/","nextItem":{"@type":"ListItem","@id":"https:\/\/allasorias.hu\/hirek\/sokat-koltenek-a-magyarok\/#listItem","name":"Sokat k\u00f6ltenek a magyarok"},"previousItem":{"@type":"ListItem","@id":"https:\/\/allasorias.hu\/hirek#listItem","name":"Home"}},{"@type":"ListItem","@id":"https:\/\/allasorias.hu\/hirek\/sokat-koltenek-a-magyarok\/#listItem","position":3,"name":"Sokat k\u00f6ltenek a magyarok","previousItem":{"@type":"ListItem","@id":"https:\/\/allasorias.hu\/hirek\/temak\/gazdasag\/#listItem","name":"Gazdas\u00e1g"}}]},{"@type":"Organization","@id":"https:\/\/allasorias.hu\/hirek\/#organization","name":"AllasOrias.hu | H\u00edrek-lapszemle","description":"\u00dczleti h\u00edrek az \u00e1ll\u00e1s \u00e9s a munka vil\u00e1g\u00e1b\u00f3l","url":"https:\/\/allasorias.hu\/hirek\/","logo":{"@type":"ImageObject","url":"https:\/\/allasorias.hu\/hirek\/wp-content\/uploads\/2022\/10\/allasorias_site_facebok_logo.png","@id":"https:\/\/allasorias.hu\/hirek\/sokat-koltenek-a-magyarok\/#organizationLogo"},"image":{"@id":"https:\/\/allasorias.hu\/hirek\/sokat-koltenek-a-magyarok\/#organizationLogo"},"sameAs":["https:\/\/www.facebook.com\/allasorias","https:\/\/www.linkedin.com\/company\/allasorias"]},{"@type":"Person","@id":"https:\/\/allasorias.hu\/hirek\/author\/admin-allasorias\/#author","url":"https:\/\/allasorias.hu\/hirek\/author\/admin-allasorias\/","name":"Juh\u00e1sz P\u00e9ter","image":{"@type":"ImageObject","@id":"https:\/\/allasorias.hu\/hirek\/sokat-koltenek-a-magyarok\/#authorImage","url":"https:\/\/secure.gravatar.com\/avatar\/36e6bcb83148978b992977cb0f54d22feb0cce8a0a849a9410532bb2623ba4c6?s=96&d=mm&r=g","width":96,"height":96,"caption":"Juh\u00e1sz P\u00e9ter"}},{"@type":"WebPage","@id":"https:\/\/allasorias.hu\/hirek\/sokat-koltenek-a-magyarok\/#webpage","url":"https:\/\/allasorias.hu\/hirek\/sokat-koltenek-a-magyarok\/","name":"Sokat k\u00f6ltenek a magyarok | AllasOrias.hu | H\u00edrek-lapszemle","description":"A lakoss\u00e1g 31 sz\u00e1zal\u00e9k\u00e1nak egy\u00e1ltal\u00e1n nincs v\u00e9sztartal\u00e9ka. Tov\u00e1bb\u00e1 a magyarok 16 sz\u00e1zal\u00e9ka csak egy havi fizet\u00e9sre tud t\u00e1maszkodni v\u00e1ratlan k\u00f6lts\u00e9gek eset\u00e9n.","inLanguage":"hu-HU","isPartOf":{"@id":"https:\/\/allasorias.hu\/hirek\/#website"},"breadcrumb":{"@id":"https:\/\/allasorias.hu\/hirek\/sokat-koltenek-a-magyarok\/#breadcrumblist"},"author":{"@id":"https:\/\/allasorias.hu\/hirek\/author\/admin-allasorias\/#author"},"creator":{"@id":"https:\/\/allasorias.hu\/hirek\/author\/admin-allasorias\/#author"},"image":{"@type":"ImageObject","url":"https:\/\/allasorias.hu\/hirek\/wp-content\/uploads\/2023\/12\/nincs-megtakaritassa-a-magyaroknak.jpg","@id":"https:\/\/allasorias.hu\/hirek\/sokat-koltenek-a-magyarok\/#mainImage","width":1280,"height":853,"caption":"Sokat k\u00f6ltenek a magyarok - Allasorias.hu\/Hirek"},"primaryImageOfPage":{"@id":"https:\/\/allasorias.hu\/hirek\/sokat-koltenek-a-magyarok\/#mainImage"},"datePublished":"2023-12-05T14:13:14+02:00","dateModified":"2023-12-05T14:15:26+02:00"},{"@type":"WebSite","@id":"https:\/\/allasorias.hu\/hirek\/#website","url":"https:\/\/allasorias.hu\/hirek\/","name":"AllasOrias.hu | H\u00edrek-lapszemle","description":"\u00dczleti h\u00edrek az \u00e1ll\u00e1s \u00e9s a munka vil\u00e1g\u00e1b\u00f3l","inLanguage":"hu-HU","publisher":{"@id":"https:\/\/allasorias.hu\/hirek\/#organization"}}]},"og:locale":"hu_HU","og:site_name":"AllasOrias.hu | H\u00edrek-lapszemle | \u00dczleti h\u00edrek az \u00e1ll\u00e1s \u00e9s a munka vil\u00e1g\u00e1b\u00f3l","og:type":"article","og:title":"Sokat k\u00f6ltenek a magyarok | AllasOrias.hu | H\u00edrek-lapszemle","og:description":"A lakoss\u00e1g 31 sz\u00e1zal\u00e9k\u00e1nak egy\u00e1ltal\u00e1n nincs v\u00e9sztartal\u00e9ka. Tov\u00e1bb\u00e1 a magyarok 16 sz\u00e1zal\u00e9ka csak egy havi fizet\u00e9sre tud t\u00e1maszkodni v\u00e1ratlan k\u00f6lts\u00e9gek eset\u00e9n.","og:url":"https:\/\/allasorias.hu\/hirek\/sokat-koltenek-a-magyarok\/","og:image":"https:\/\/allasorias.hu\/hirek\/wp-content\/uploads\/2023\/12\/nincs-megtakaritassa-a-magyaroknak.jpg","og:image:secure_url":"https:\/\/allasorias.hu\/hirek\/wp-content\/uploads\/2023\/12\/nincs-megtakaritassa-a-magyaroknak.jpg","og:image:width":1280,"og:image:height":853,"article:published_time":"2023-12-05T12:13:14+00:00","article:modified_time":"2023-12-05T12:15:26+00:00","article:publisher":"https:\/\/www.facebook.com\/allasorias","twitter:card":"summary_large_image","twitter:title":"Sokat k\u00f6ltenek a magyarok | AllasOrias.hu | H\u00edrek-lapszemle","twitter:description":"A lakoss\u00e1g 31 sz\u00e1zal\u00e9k\u00e1nak egy\u00e1ltal\u00e1n nincs v\u00e9sztartal\u00e9ka. Tov\u00e1bb\u00e1 a magyarok 16 sz\u00e1zal\u00e9ka csak egy havi fizet\u00e9sre tud t\u00e1maszkodni v\u00e1ratlan k\u00f6lts\u00e9gek eset\u00e9n.","twitter:image":"https:\/\/allasorias.hu\/hirek\/wp-content\/uploads\/2023\/12\/nincs-megtakaritassa-a-magyaroknak.jpg","twitter:label1":"Written by","twitter:data1":"Juh\u00e1sz P\u00e9ter","twitter:label2":"Est. reading time","twitter:data2":"1 minute"},"aioseo_meta_data":{"post_id":"7110","title":null,"description":"A lakoss\u00e1g 31 sz\u00e1zal\u00e9k\u00e1nak egy\u00e1ltal\u00e1n nincs v\u00e9sztartal\u00e9ka. Tov\u00e1bb\u00e1 a magyarok 16 sz\u00e1zal\u00e9ka csak egy havi fizet\u00e9sre tud t\u00e1maszkodni v\u00e1ratlan k\u00f6lts\u00e9gek eset\u00e9n.","keywords":[],"keyphrases":{"focus":{"keyphrase":"","score":0,"analysis":{"keyphraseInTitle":{"score":0,"maxScore":9,"error":1}}},"additional":[]},"primary_term":null,"canonical_url":null,"og_title":null,"og_description":null,"og_object_type":"default","og_image_type":"default","og_image_url":null,"og_image_width":null,"og_image_height":null,"og_image_custom_url":null,"og_image_custom_fields":null,"og_video":"","og_custom_url":null,"og_article_section":null,"og_article_tags":[],"twitter_use_og":true,"twitter_card":"default","twitter_image_type":"default","twitter_image_url":null,"twitter_image_custom_url":null,"twitter_image_custom_fields":null,"twitter_title":null,"twitter_description":null,"schema":{"blockGraphs":[],"customGraphs":[],"default":{"data":{"Article":[],"Course":[],"Dataset":[],"FAQPage":[],"Movie":[],"Person":[],"Product":[],"ProductReview":[],"Car":[],"Recipe":[],"Service":[],"SoftwareApplication":[],"WebPage":[]},"graphName":"Article","isEnabled":true},"graphs":[]},"schema_type":"default","schema_type_options":null,"pillar_content":false,"robots_default":true,"robots_noindex":false,"robots_noarchive":false,"robots_nosnippet":false,"robots_nofollow":false,"robots_noimageindex":false,"robots_noodp":false,"robots_notranslate":false,"robots_max_snippet":"-1","robots_max_videopreview":"-1","robots_max_imagepreview":"large","priority":null,"frequency":"default","location":null,"local_seo":null,"breadcrumb_settings":null,"limit_modified_date":false,"ai":null,"created":"2023-12-05 11:48:56","updated":"2025-10-02 19:20:56","seo_analyzer_scan_date":null,"focus_keyword":null,"additional_keywords":null,"truseo_locale":null},"aioseo_breadcrumb":"<div class=\"aioseo-breadcrumbs\"><span class=\"aioseo-breadcrumb\">\n\t\t\t<a href=\"https:\/\/allasorias.hu\/hirek\" title=\"Home\">Home<\/a>\n\t\t<\/span><span class=\"aioseo-breadcrumb-separator\">&raquo;<\/span><span class=\"aioseo-breadcrumb\">\n\t\t\t<a href=\"https:\/\/allasorias.hu\/hirek\/temak\/gazdasag\/\" title=\"Gazdas\u00e1g\">Gazdas\u00e1g<\/a>\n\t\t<\/span><span class=\"aioseo-breadcrumb-separator\">&raquo;<\/span><span class=\"aioseo-breadcrumb\">\n\t\t\tSokat k\u00f6ltenek a magyarok\n\t\t<\/span><\/div>","aioseo_breadcrumb_json":[{"label":"Home","link":"https:\/\/allasorias.hu\/hirek"},{"label":"Gazdas\u00e1g","link":"https:\/\/allasorias.hu\/hirek\/temak\/gazdasag\/"},{"label":"Sokat k\u00f6ltenek a magyarok","link":"https:\/\/allasorias.hu\/hirek\/sokat-koltenek-a-magyarok\/"}],"_links":{"self":[{"href":"https:\/\/allasorias.hu\/hirek\/wp-json\/wp\/v2\/posts\/7110","targetHints":{"allow":["GET"]}}],"collection":[{"href":"https:\/\/allasorias.hu\/hirek\/wp-json\/wp\/v2\/posts"}],"about":[{"href":"https:\/\/allasorias.hu\/hirek\/wp-json\/wp\/v2\/types\/post"}],"author":[{"embeddable":true,"href":"https:\/\/allasorias.hu\/hirek\/wp-json\/wp\/v2\/users\/1"}],"replies":[{"embeddable":true,"href":"https:\/\/allasorias.hu\/hirek\/wp-json\/wp\/v2\/comments?post=7110"}],"version-history":[{"count":2,"href":"https:\/\/allasorias.hu\/hirek\/wp-json\/wp\/v2\/posts\/7110\/revisions"}],"predecessor-version":[{"id":7113,"href":"https:\/\/allasorias.hu\/hirek\/wp-json\/wp\/v2\/posts\/7110\/revisions\/7113"}],"wp:featuredmedia":[{"embeddable":true,"href":"https:\/\/allasorias.hu\/hirek\/wp-json\/wp\/v2\/media\/7111"}],"wp:attachment":[{"href":"https:\/\/allasorias.hu\/hirek\/wp-json\/wp\/v2\/media?parent=7110"}],"wp:term":[{"taxonomy":"category","embeddable":true,"href":"https:\/\/allasorias.hu\/hirek\/wp-json\/wp\/v2\/categories?post=7110"},{"taxonomy":"post_tag","embeddable":true,"href":"https:\/\/allasorias.hu\/hirek\/wp-json\/wp\/v2\/tags?post=7110"}],"curies":[{"name":"wp","href":"https:\/\/api.w.org\/{rel}","templated":true}]}}