{"id":7105,"date":"2023-12-04T15:53:33","date_gmt":"2023-12-04T13:53:33","guid":{"rendered":"https:\/\/allasorias.hu\/hirek\/?p=7105"},"modified":"2023-12-04T15:57:20","modified_gmt":"2023-12-04T13:57:20","slug":"kik-keresnek-ma-munkat","status":"publish","type":"post","link":"https:\/\/allasorias.hu\/hirek\/kik-keresnek-ma-munkat\/","title":{"rendered":"Kik keresnek ma munk\u00e1t?"},"content":{"rendered":"<p><strong>Azok a munkav\u00e1llal\u00f3k jelentek meg a munkaer\u0151piacon, akiknek ugyan van \u00e1ll\u00e1suk, de a re\u00e1lb\u00e9r-cs\u00f6kken\u00e9st s\u00falyosnak \u00e9rzik.\u00a0<\/strong><\/p>\n<p>Az \u00e1ll\u00e1shirdet\u00e9sekre j\u00f3val t\u00f6bben jelentkeznek manaps\u00e1g, mint kor\u00e1bban, mindez azonban \u00fagy t\u00f6rt\u00e9nik, hogy a munkan\u00e9lk\u00fcliek sz\u00e1ma nem n\u0151tt. Szak\u00e9rt\u0151 szerint <a href=\"https:\/\/allasorias.hu\/hirek\/csokkennek-a-realberek-tobb-eu-tagallamban\/\">a re\u00e9lb\u00e9rek cs\u00f6kken\u00e9se miatt keresnek sokan jobban fizet\u0151 munk\u00e1t<\/a>. A hazai infl\u00e1ci\u00f3s v\u00e1ls\u00e1g kiss\u00e9 szokatlan m\u00f3don nem j\u00e1r egy\u00fctt le\u00e9p\u00edt\u00e9sekkel, \u00e9s a munkan\u00e9lk\u00fcliek sz\u00e1ma csak eleny\u00e9sz\u0151 m\u00e9rt\u00e9kben n\u0151tt.<\/p>\n<p>A jobban keres\u0151k \u00e9s a k\u00e9pzettek ker\u00fcltek el\u0151, de ebbe beletartoznak a szakmunk\u00e1sok is olyan szakm\u00e1kban, amelyekre kor\u00e1bban egy\u00e1ltal\u00e1n nem volt jelentkez\u0151, ilyen p\u00e9ld\u00e1ul a villanyszerel\u0151, az aut\u00f3szerel\u0151 vagy a hegeszt\u0151 is \u2013 mondja N\u00f3gr\u00e1di J\u00f3zsef, az emberi er\u0151forr\u00e1s szolg\u00e1ltat\u00e1sokkal foglalkoz\u00f3 Trenkwalder csoport kereskedelmi igazgat\u00f3ja a g7.hu-nak.<\/p>\n<p>Tapasztalatai szerint a szellemi poz\u00edci\u00f3kra is egyre t\u00f6bb a jelentkez\u0151, ak\u00e1r 50-100 \u00f6n\u00e9letrajz is be\u00e9rkezik manaps\u00e1g egy-egy grafikus, marketinges, \u00e9rt\u00e9kes\u00edt\u0151 vagy ak\u00e1r jog\u00e1sz \u00e1ll\u00e1shirdet\u00e9sre. M\u00e1rpedig erre \u00e9vek \u00f3ta nem volt p\u00e9lda. Mint mondta, ma m\u00e1r ak\u00e1r egy junior informatikus is j\u00f3val nehezebben helyezkedik el, mert a legt\u00f6bb c\u00e9g csak senior, azaz t\u00f6bb \u00e9ves tapasztalattal rendelkez\u0151 szakembert hajland\u00f3 felvenni.<\/p>\n<p>Forr\u00e1s: <a href=\"https:\/\/www.penzcentrum.hu\/karrier\/20231201\/megroggyant-a-hazai-munkaeropiac-mar-reg-nem-igaz-hogy-konnyu-munkat-talalni-1144212\" target=\"_blank\" rel=\"nofollow noopener noreferrer\">penzcentrum.hu<\/a><\/p>\n","protected":false},"excerpt":{"rendered":"<p>Azok a munkav\u00e1llal\u00f3k jelentek meg a munkaer\u0151piacon, akiknek ugyan van \u00e1ll\u00e1suk, de a re\u00e1lb\u00e9r-cs\u00f6kken\u00e9st s\u00falyosnak \u00e9rzik.\u00a0 Az \u00e1ll\u00e1shirdet\u00e9sekre j\u00f3val t\u00f6bben jelentkeznek manaps\u00e1g, mint kor\u00e1bban, mindez azonban \u00fagy t\u00f6rt\u00e9nik, hogy a munkan\u00e9lk\u00fcliek sz\u00e1ma nem n\u0151tt. Szak\u00e9rt\u0151 szerint a re\u00e9lb\u00e9rek cs\u00f6kken\u00e9se miatt keresnek sokan jobban fizet\u0151 munk\u00e1t. A hazai infl\u00e1ci\u00f3s v\u00e1ls\u00e1g kiss\u00e9 szokatlan m\u00f3don nem j\u00e1r egy\u00fctt [&hellip;]<\/p>\n","protected":false},"author":1,"featured_media":7106,"comment_status":"closed","ping_status":"closed","sticky":false,"template":"","format":"standard","meta":{"_monsterinsights_skip_tracking":false,"footnotes":""},"categories":[200],"tags":[284,658],"class_list":["post-7105","post","type-post","status-publish","format-standard","has-post-thumbnail","hentry","category-munkaeropiac","tag-allashirdetes","tag-jelentkezok"],"aioseo_notices":[],"aioseo_head":"\n\t\t<!-- All in One SEO 5.0.0.1 - aioseo.com -->\n\t<meta name=\"description\" content=\"Azok a munkav\u00e1llal\u00f3k jelentkeznek, akiknek van \u00e1ll\u00e1suk, de a re\u00e1lb\u00e9r-cs\u00f6kken\u00e9st s\u00falyosnak \u00e9rzik. A szellemi poz\u00edci\u00f3kra is egyre t\u00f6bb a jelentkez\u0151\" \/>\n\t<meta name=\"robots\" content=\"max-image-preview:large\" \/>\n\t<meta name=\"author\" content=\"Juh\u00e1sz P\u00e9ter\"\/>\n\t<meta name=\"keywords\" content=\"\u00e1ll\u00e1shirdet\u00e9s,jelentkez\u0151k\" \/>\n\t<link rel=\"canonical\" href=\"https:\/\/allasorias.hu\/hirek\/kik-keresnek-ma-munkat\/\" \/>\n\t<meta name=\"generator\" content=\"All in One SEO (AIOSEO) 5.0.0.1\" \/>\n\t\t<meta property=\"og:locale\" content=\"hu_HU\" \/>\n\t\t<meta property=\"og:site_name\" content=\"AllasOrias.hu | H\u00edrek-lapszemle | \u00dczleti h\u00edrek az \u00e1ll\u00e1s \u00e9s a munka vil\u00e1g\u00e1b\u00f3l\" \/>\n\t\t<meta property=\"og:type\" content=\"article\" \/>\n\t\t<meta property=\"og:title\" content=\"Kik keresnek ma munk\u00e1t? | AllasOrias.hu | H\u00edrek-lapszemle\" \/>\n\t\t<meta property=\"og:description\" content=\"Azok a munkav\u00e1llal\u00f3k jelentkeznek, akiknek van \u00e1ll\u00e1suk, de a re\u00e1lb\u00e9r-cs\u00f6kken\u00e9st s\u00falyosnak \u00e9rzik. A szellemi poz\u00edci\u00f3kra is egyre t\u00f6bb a jelentkez\u0151\" \/>\n\t\t<meta property=\"og:url\" content=\"https:\/\/allasorias.hu\/hirek\/kik-keresnek-ma-munkat\/\" \/>\n\t\t<meta property=\"og:image\" content=\"https:\/\/allasorias.hu\/hirek\/wp-content\/uploads\/2023\/12\/allashirdetes-jelentkezes.jpg\" \/>\n\t\t<meta property=\"og:image:secure_url\" content=\"https:\/\/allasorias.hu\/hirek\/wp-content\/uploads\/2023\/12\/allashirdetes-jelentkezes.jpg\" \/>\n\t\t<meta property=\"og:image:width\" content=\"1280\" \/>\n\t\t<meta property=\"og:image:height\" content=\"853\" \/>\n\t\t<meta property=\"article:published_time\" content=\"2023-12-04T13:53:33+00:00\" \/>\n\t\t<meta property=\"article:modified_time\" content=\"2023-12-04T13:57:20+00:00\" \/>\n\t\t<meta property=\"article:publisher\" content=\"https:\/\/www.facebook.com\/allasorias\" \/>\n\t\t<meta name=\"twitter:card\" content=\"summary_large_image\" \/>\n\t\t<meta name=\"twitter:title\" content=\"Kik keresnek ma munk\u00e1t? | AllasOrias.hu | H\u00edrek-lapszemle\" \/>\n\t\t<meta name=\"twitter:description\" content=\"Azok a munkav\u00e1llal\u00f3k jelentkeznek, akiknek van \u00e1ll\u00e1suk, de a re\u00e1lb\u00e9r-cs\u00f6kken\u00e9st s\u00falyosnak \u00e9rzik. A szellemi poz\u00edci\u00f3kra is egyre t\u00f6bb a jelentkez\u0151\" \/>\n\t\t<meta name=\"twitter:image\" content=\"https:\/\/allasorias.hu\/hirek\/wp-content\/uploads\/2023\/12\/allashirdetes-jelentkezes.jpg\" \/>\n\t\t<meta name=\"twitter:label1\" content=\"Written by\" \/>\n\t\t<meta name=\"twitter:data1\" content=\"Juh\u00e1sz P\u00e9ter\" \/>\n\t\t<meta name=\"twitter:label2\" content=\"Est. reading time\" \/>\n\t\t<meta name=\"twitter:data2\" content=\"1 minute\" \/>\n\t\t<script type=\"application\/ld+json\" class=\"aioseo-schema\">\n\t\t\t{\"@context\":\"https:\\\/\\\/schema.org\",\"@graph\":[{\"@type\":\"Article\",\"@id\":\"https:\\\/\\\/allasorias.hu\\\/hirek\\\/kik-keresnek-ma-munkat\\\/#article\",\"name\":\"Kik keresnek ma munk\\u00e1t? | AllasOrias.hu | H\\u00edrek-lapszemle\",\"headline\":\"Kik keresnek ma munk\\u00e1t?\",\"author\":{\"@id\":\"https:\\\/\\\/allasorias.hu\\\/hirek\\\/author\\\/admin-allasorias\\\/#author\"},\"publisher\":{\"@id\":\"https:\\\/\\\/allasorias.hu\\\/hirek\\\/#organization\"},\"image\":{\"@type\":\"ImageObject\",\"url\":\"https:\\\/\\\/allasorias.hu\\\/hirek\\\/wp-content\\\/uploads\\\/2023\\\/12\\\/allashirdetes-jelentkezes.jpg\",\"width\":1280,\"height\":853,\"caption\":\"Kik keresnek ma munk\\u00e1t? - Allasorias.hu\\\/Hirek\"},\"datePublished\":\"2023-12-04T15:53:33+02:00\",\"dateModified\":\"2023-12-04T15:57:20+02:00\",\"inLanguage\":\"hu-HU\",\"mainEntityOfPage\":{\"@id\":\"https:\\\/\\\/allasorias.hu\\\/hirek\\\/kik-keresnek-ma-munkat\\\/#webpage\"},\"isPartOf\":{\"@id\":\"https:\\\/\\\/allasorias.hu\\\/hirek\\\/kik-keresnek-ma-munkat\\\/#webpage\"},\"articleSection\":\"Munkaer\\u0151piac, \\u00e1ll\\u00e1shirdet\\u00e9s, jelentkez\\u0151k\"},{\"@type\":\"BreadcrumbList\",\"@id\":\"https:\\\/\\\/allasorias.hu\\\/hirek\\\/kik-keresnek-ma-munkat\\\/#breadcrumblist\",\"itemListElement\":[{\"@type\":\"ListItem\",\"@id\":\"https:\\\/\\\/allasorias.hu\\\/hirek#listItem\",\"position\":1,\"name\":\"Home\",\"item\":\"https:\\\/\\\/allasorias.hu\\\/hirek\",\"nextItem\":{\"@type\":\"ListItem\",\"@id\":\"https:\\\/\\\/allasorias.hu\\\/hirek\\\/temak\\\/munkaeropiac\\\/#listItem\",\"name\":\"Munkaer\\u0151piac\"}},{\"@type\":\"ListItem\",\"@id\":\"https:\\\/\\\/allasorias.hu\\\/hirek\\\/temak\\\/munkaeropiac\\\/#listItem\",\"position\":2,\"name\":\"Munkaer\\u0151piac\",\"item\":\"https:\\\/\\\/allasorias.hu\\\/hirek\\\/temak\\\/munkaeropiac\\\/\",\"nextItem\":{\"@type\":\"ListItem\",\"@id\":\"https:\\\/\\\/allasorias.hu\\\/hirek\\\/kik-keresnek-ma-munkat\\\/#listItem\",\"name\":\"Kik keresnek ma munk\\u00e1t?\"},\"previousItem\":{\"@type\":\"ListItem\",\"@id\":\"https:\\\/\\\/allasorias.hu\\\/hirek#listItem\",\"name\":\"Home\"}},{\"@type\":\"ListItem\",\"@id\":\"https:\\\/\\\/allasorias.hu\\\/hirek\\\/kik-keresnek-ma-munkat\\\/#listItem\",\"position\":3,\"name\":\"Kik keresnek ma munk\\u00e1t?\",\"previousItem\":{\"@type\":\"ListItem\",\"@id\":\"https:\\\/\\\/allasorias.hu\\\/hirek\\\/temak\\\/munkaeropiac\\\/#listItem\",\"name\":\"Munkaer\\u0151piac\"}}]},{\"@type\":\"Organization\",\"@id\":\"https:\\\/\\\/allasorias.hu\\\/hirek\\\/#organization\",\"name\":\"AllasOrias.hu | H\\u00edrek-lapszemle\",\"description\":\"\\u00dczleti h\\u00edrek az \\u00e1ll\\u00e1s \\u00e9s a munka vil\\u00e1g\\u00e1b\\u00f3l\",\"url\":\"https:\\\/\\\/allasorias.hu\\\/hirek\\\/\",\"logo\":{\"@type\":\"ImageObject\",\"url\":\"https:\\\/\\\/allasorias.hu\\\/hirek\\\/wp-content\\\/uploads\\\/2022\\\/10\\\/allasorias_site_facebok_logo.png\",\"@id\":\"https:\\\/\\\/allasorias.hu\\\/hirek\\\/kik-keresnek-ma-munkat\\\/#organizationLogo\"},\"image\":{\"@id\":\"https:\\\/\\\/allasorias.hu\\\/hirek\\\/kik-keresnek-ma-munkat\\\/#organizationLogo\"},\"sameAs\":[\"https:\\\/\\\/www.facebook.com\\\/allasorias\",\"https:\\\/\\\/www.linkedin.com\\\/company\\\/allasorias\"]},{\"@type\":\"Person\",\"@id\":\"https:\\\/\\\/allasorias.hu\\\/hirek\\\/author\\\/admin-allasorias\\\/#author\",\"url\":\"https:\\\/\\\/allasorias.hu\\\/hirek\\\/author\\\/admin-allasorias\\\/\",\"name\":\"Juh\\u00e1sz P\\u00e9ter\",\"image\":{\"@type\":\"ImageObject\",\"@id\":\"https:\\\/\\\/allasorias.hu\\\/hirek\\\/kik-keresnek-ma-munkat\\\/#authorImage\",\"url\":\"https:\\\/\\\/secure.gravatar.com\\\/avatar\\\/36e6bcb83148978b992977cb0f54d22feb0cce8a0a849a9410532bb2623ba4c6?s=96&d=mm&r=g\",\"width\":96,\"height\":96,\"caption\":\"Juh\\u00e1sz P\\u00e9ter\"}},{\"@type\":\"WebPage\",\"@id\":\"https:\\\/\\\/allasorias.hu\\\/hirek\\\/kik-keresnek-ma-munkat\\\/#webpage\",\"url\":\"https:\\\/\\\/allasorias.hu\\\/hirek\\\/kik-keresnek-ma-munkat\\\/\",\"name\":\"Kik keresnek ma munk\\u00e1t? | AllasOrias.hu | H\\u00edrek-lapszemle\",\"description\":\"Azok a munkav\\u00e1llal\\u00f3k jelentkeznek, akiknek van \\u00e1ll\\u00e1suk, de a re\\u00e1lb\\u00e9r-cs\\u00f6kken\\u00e9st s\\u00falyosnak \\u00e9rzik. A szellemi poz\\u00edci\\u00f3kra is egyre t\\u00f6bb a jelentkez\\u0151\",\"inLanguage\":\"hu-HU\",\"isPartOf\":{\"@id\":\"https:\\\/\\\/allasorias.hu\\\/hirek\\\/#website\"},\"breadcrumb\":{\"@id\":\"https:\\\/\\\/allasorias.hu\\\/hirek\\\/kik-keresnek-ma-munkat\\\/#breadcrumblist\"},\"author\":{\"@id\":\"https:\\\/\\\/allasorias.hu\\\/hirek\\\/author\\\/admin-allasorias\\\/#author\"},\"creator\":{\"@id\":\"https:\\\/\\\/allasorias.hu\\\/hirek\\\/author\\\/admin-allasorias\\\/#author\"},\"image\":{\"@type\":\"ImageObject\",\"url\":\"https:\\\/\\\/allasorias.hu\\\/hirek\\\/wp-content\\\/uploads\\\/2023\\\/12\\\/allashirdetes-jelentkezes.jpg\",\"@id\":\"https:\\\/\\\/allasorias.hu\\\/hirek\\\/kik-keresnek-ma-munkat\\\/#mainImage\",\"width\":1280,\"height\":853,\"caption\":\"Kik keresnek ma munk\\u00e1t? - Allasorias.hu\\\/Hirek\"},\"primaryImageOfPage\":{\"@id\":\"https:\\\/\\\/allasorias.hu\\\/hirek\\\/kik-keresnek-ma-munkat\\\/#mainImage\"},\"datePublished\":\"2023-12-04T15:53:33+02:00\",\"dateModified\":\"2023-12-04T15:57:20+02:00\"},{\"@type\":\"WebSite\",\"@id\":\"https:\\\/\\\/allasorias.hu\\\/hirek\\\/#website\",\"url\":\"https:\\\/\\\/allasorias.hu\\\/hirek\\\/\",\"name\":\"AllasOrias.hu | H\\u00edrek-lapszemle\",\"description\":\"\\u00dczleti h\\u00edrek az \\u00e1ll\\u00e1s \\u00e9s a munka vil\\u00e1g\\u00e1b\\u00f3l\",\"inLanguage\":\"hu-HU\",\"publisher\":{\"@id\":\"https:\\\/\\\/allasorias.hu\\\/hirek\\\/#organization\"}}]}\n\t\t<\/script>\n\t\t<!-- All in One SEO -->\n\n","aioseo_head_json":{"title":"Kik keresnek ma munk\u00e1t? | AllasOrias.hu | H\u00edrek-lapszemle","description":"Azok a munkav\u00e1llal\u00f3k jelentkeznek, akiknek van \u00e1ll\u00e1suk, de a re\u00e1lb\u00e9r-cs\u00f6kken\u00e9st s\u00falyosnak \u00e9rzik. A szellemi poz\u00edci\u00f3kra is egyre t\u00f6bb a jelentkez\u0151","canonical_url":"https:\/\/allasorias.hu\/hirek\/kik-keresnek-ma-munkat\/","robots":"max-image-preview:large","keywords":"\u00e1ll\u00e1shirdet\u00e9s,jelentkez\u0151k","webmasterTools":{"miscellaneous":""},"schema":{"@context":"https:\/\/schema.org","@graph":[{"@type":"Article","@id":"https:\/\/allasorias.hu\/hirek\/kik-keresnek-ma-munkat\/#article","name":"Kik keresnek ma munk\u00e1t? | AllasOrias.hu | H\u00edrek-lapszemle","headline":"Kik keresnek ma munk\u00e1t?","author":{"@id":"https:\/\/allasorias.hu\/hirek\/author\/admin-allasorias\/#author"},"publisher":{"@id":"https:\/\/allasorias.hu\/hirek\/#organization"},"image":{"@type":"ImageObject","url":"https:\/\/allasorias.hu\/hirek\/wp-content\/uploads\/2023\/12\/allashirdetes-jelentkezes.jpg","width":1280,"height":853,"caption":"Kik keresnek ma munk\u00e1t? - Allasorias.hu\/Hirek"},"datePublished":"2023-12-04T15:53:33+02:00","dateModified":"2023-12-04T15:57:20+02:00","inLanguage":"hu-HU","mainEntityOfPage":{"@id":"https:\/\/allasorias.hu\/hirek\/kik-keresnek-ma-munkat\/#webpage"},"isPartOf":{"@id":"https:\/\/allasorias.hu\/hirek\/kik-keresnek-ma-munkat\/#webpage"},"articleSection":"Munkaer\u0151piac, \u00e1ll\u00e1shirdet\u00e9s, jelentkez\u0151k"},{"@type":"BreadcrumbList","@id":"https:\/\/allasorias.hu\/hirek\/kik-keresnek-ma-munkat\/#breadcrumblist","itemListElement":[{"@type":"ListItem","@id":"https:\/\/allasorias.hu\/hirek#listItem","position":1,"name":"Home","item":"https:\/\/allasorias.hu\/hirek","nextItem":{"@type":"ListItem","@id":"https:\/\/allasorias.hu\/hirek\/temak\/munkaeropiac\/#listItem","name":"Munkaer\u0151piac"}},{"@type":"ListItem","@id":"https:\/\/allasorias.hu\/hirek\/temak\/munkaeropiac\/#listItem","position":2,"name":"Munkaer\u0151piac","item":"https:\/\/allasorias.hu\/hirek\/temak\/munkaeropiac\/","nextItem":{"@type":"ListItem","@id":"https:\/\/allasorias.hu\/hirek\/kik-keresnek-ma-munkat\/#listItem","name":"Kik keresnek ma munk\u00e1t?"},"previousItem":{"@type":"ListItem","@id":"https:\/\/allasorias.hu\/hirek#listItem","name":"Home"}},{"@type":"ListItem","@id":"https:\/\/allasorias.hu\/hirek\/kik-keresnek-ma-munkat\/#listItem","position":3,"name":"Kik keresnek ma munk\u00e1t?","previousItem":{"@type":"ListItem","@id":"https:\/\/allasorias.hu\/hirek\/temak\/munkaeropiac\/#listItem","name":"Munkaer\u0151piac"}}]},{"@type":"Organization","@id":"https:\/\/allasorias.hu\/hirek\/#organization","name":"AllasOrias.hu | H\u00edrek-lapszemle","description":"\u00dczleti h\u00edrek az \u00e1ll\u00e1s \u00e9s a munka vil\u00e1g\u00e1b\u00f3l","url":"https:\/\/allasorias.hu\/hirek\/","logo":{"@type":"ImageObject","url":"https:\/\/allasorias.hu\/hirek\/wp-content\/uploads\/2022\/10\/allasorias_site_facebok_logo.png","@id":"https:\/\/allasorias.hu\/hirek\/kik-keresnek-ma-munkat\/#organizationLogo"},"image":{"@id":"https:\/\/allasorias.hu\/hirek\/kik-keresnek-ma-munkat\/#organizationLogo"},"sameAs":["https:\/\/www.facebook.com\/allasorias","https:\/\/www.linkedin.com\/company\/allasorias"]},{"@type":"Person","@id":"https:\/\/allasorias.hu\/hirek\/author\/admin-allasorias\/#author","url":"https:\/\/allasorias.hu\/hirek\/author\/admin-allasorias\/","name":"Juh\u00e1sz P\u00e9ter","image":{"@type":"ImageObject","@id":"https:\/\/allasorias.hu\/hirek\/kik-keresnek-ma-munkat\/#authorImage","url":"https:\/\/secure.gravatar.com\/avatar\/36e6bcb83148978b992977cb0f54d22feb0cce8a0a849a9410532bb2623ba4c6?s=96&d=mm&r=g","width":96,"height":96,"caption":"Juh\u00e1sz P\u00e9ter"}},{"@type":"WebPage","@id":"https:\/\/allasorias.hu\/hirek\/kik-keresnek-ma-munkat\/#webpage","url":"https:\/\/allasorias.hu\/hirek\/kik-keresnek-ma-munkat\/","name":"Kik keresnek ma munk\u00e1t? | AllasOrias.hu | H\u00edrek-lapszemle","description":"Azok a munkav\u00e1llal\u00f3k jelentkeznek, akiknek van \u00e1ll\u00e1suk, de a re\u00e1lb\u00e9r-cs\u00f6kken\u00e9st s\u00falyosnak \u00e9rzik. A szellemi poz\u00edci\u00f3kra is egyre t\u00f6bb a jelentkez\u0151","inLanguage":"hu-HU","isPartOf":{"@id":"https:\/\/allasorias.hu\/hirek\/#website"},"breadcrumb":{"@id":"https:\/\/allasorias.hu\/hirek\/kik-keresnek-ma-munkat\/#breadcrumblist"},"author":{"@id":"https:\/\/allasorias.hu\/hirek\/author\/admin-allasorias\/#author"},"creator":{"@id":"https:\/\/allasorias.hu\/hirek\/author\/admin-allasorias\/#author"},"image":{"@type":"ImageObject","url":"https:\/\/allasorias.hu\/hirek\/wp-content\/uploads\/2023\/12\/allashirdetes-jelentkezes.jpg","@id":"https:\/\/allasorias.hu\/hirek\/kik-keresnek-ma-munkat\/#mainImage","width":1280,"height":853,"caption":"Kik keresnek ma munk\u00e1t? - Allasorias.hu\/Hirek"},"primaryImageOfPage":{"@id":"https:\/\/allasorias.hu\/hirek\/kik-keresnek-ma-munkat\/#mainImage"},"datePublished":"2023-12-04T15:53:33+02:00","dateModified":"2023-12-04T15:57:20+02:00"},{"@type":"WebSite","@id":"https:\/\/allasorias.hu\/hirek\/#website","url":"https:\/\/allasorias.hu\/hirek\/","name":"AllasOrias.hu | H\u00edrek-lapszemle","description":"\u00dczleti h\u00edrek az \u00e1ll\u00e1s \u00e9s a munka vil\u00e1g\u00e1b\u00f3l","inLanguage":"hu-HU","publisher":{"@id":"https:\/\/allasorias.hu\/hirek\/#organization"}}]},"og:locale":"hu_HU","og:site_name":"AllasOrias.hu | H\u00edrek-lapszemle | \u00dczleti h\u00edrek az \u00e1ll\u00e1s \u00e9s a munka vil\u00e1g\u00e1b\u00f3l","og:type":"article","og:title":"Kik keresnek ma munk\u00e1t? | AllasOrias.hu | H\u00edrek-lapszemle","og:description":"Azok a munkav\u00e1llal\u00f3k jelentkeznek, akiknek van \u00e1ll\u00e1suk, de a re\u00e1lb\u00e9r-cs\u00f6kken\u00e9st s\u00falyosnak \u00e9rzik. A szellemi poz\u00edci\u00f3kra is egyre t\u00f6bb a jelentkez\u0151","og:url":"https:\/\/allasorias.hu\/hirek\/kik-keresnek-ma-munkat\/","og:image":"https:\/\/allasorias.hu\/hirek\/wp-content\/uploads\/2023\/12\/allashirdetes-jelentkezes.jpg","og:image:secure_url":"https:\/\/allasorias.hu\/hirek\/wp-content\/uploads\/2023\/12\/allashirdetes-jelentkezes.jpg","og:image:width":1280,"og:image:height":853,"article:published_time":"2023-12-04T13:53:33+00:00","article:modified_time":"2023-12-04T13:57:20+00:00","article:publisher":"https:\/\/www.facebook.com\/allasorias","twitter:card":"summary_large_image","twitter:title":"Kik keresnek ma munk\u00e1t? | AllasOrias.hu | H\u00edrek-lapszemle","twitter:description":"Azok a munkav\u00e1llal\u00f3k jelentkeznek, akiknek van \u00e1ll\u00e1suk, de a re\u00e1lb\u00e9r-cs\u00f6kken\u00e9st s\u00falyosnak \u00e9rzik. A szellemi poz\u00edci\u00f3kra is egyre t\u00f6bb a jelentkez\u0151","twitter:image":"https:\/\/allasorias.hu\/hirek\/wp-content\/uploads\/2023\/12\/allashirdetes-jelentkezes.jpg","twitter:label1":"Written by","twitter:data1":"Juh\u00e1sz P\u00e9ter","twitter:label2":"Est. reading time","twitter:data2":"1 minute"},"aioseo_meta_data":{"post_id":"7105","title":null,"description":"Azok a munkav\u00e1llal\u00f3k jelentkeznek, akiknek van \u00e1ll\u00e1suk, de a re\u00e1lb\u00e9r-cs\u00f6kken\u00e9st s\u00falyosnak \u00e9rzik. A szellemi poz\u00edci\u00f3kra is egyre t\u00f6bb a jelentkez\u0151","keywords":[],"keyphrases":{"focus":{"keyphrase":"","score":0,"analysis":{"keyphraseInTitle":{"score":0,"maxScore":9,"error":1}}},"additional":[]},"primary_term":null,"canonical_url":null,"og_title":null,"og_description":null,"og_object_type":"default","og_image_type":"default","og_image_url":null,"og_image_width":null,"og_image_height":null,"og_image_custom_url":null,"og_image_custom_fields":null,"og_video":"","og_custom_url":null,"og_article_section":null,"og_article_tags":[],"twitter_use_og":true,"twitter_card":"default","twitter_image_type":"default","twitter_image_url":null,"twitter_image_custom_url":null,"twitter_image_custom_fields":null,"twitter_title":null,"twitter_description":null,"schema":{"blockGraphs":[],"customGraphs":[],"default":{"data":{"Article":[],"Course":[],"Dataset":[],"FAQPage":[],"Movie":[],"Person":[],"Product":[],"ProductReview":[],"Car":[],"Recipe":[],"Service":[],"SoftwareApplication":[],"WebPage":[]},"graphName":"Article","isEnabled":true},"graphs":[]},"schema_type":"default","schema_type_options":null,"pillar_content":false,"robots_default":true,"robots_noindex":false,"robots_noarchive":false,"robots_nosnippet":false,"robots_nofollow":false,"robots_noimageindex":false,"robots_noodp":false,"robots_notranslate":false,"robots_max_snippet":"-1","robots_max_videopreview":"-1","robots_max_imagepreview":"large","priority":null,"frequency":"default","location":null,"local_seo":null,"breadcrumb_settings":null,"limit_modified_date":false,"ai":null,"created":"2023-12-04 13:33:45","updated":"2025-10-02 19:19:09","seo_analyzer_scan_date":null,"focus_keyword":null,"additional_keywords":null,"truseo_locale":null},"aioseo_breadcrumb":"<div class=\"aioseo-breadcrumbs\"><span class=\"aioseo-breadcrumb\">\n\t\t\t<a href=\"https:\/\/allasorias.hu\/hirek\" title=\"Home\">Home<\/a>\n\t\t<\/span><span class=\"aioseo-breadcrumb-separator\">&raquo;<\/span><span class=\"aioseo-breadcrumb\">\n\t\t\t<a href=\"https:\/\/allasorias.hu\/hirek\/temak\/munkaeropiac\/\" title=\"Munkaer\u0151piac\">Munkaer\u0151piac<\/a>\n\t\t<\/span><span class=\"aioseo-breadcrumb-separator\">&raquo;<\/span><span class=\"aioseo-breadcrumb\">\n\t\t\tKik keresnek ma munk\u00e1t?\n\t\t<\/span><\/div>","aioseo_breadcrumb_json":[{"label":"Home","link":"https:\/\/allasorias.hu\/hirek"},{"label":"Munkaer\u0151piac","link":"https:\/\/allasorias.hu\/hirek\/temak\/munkaeropiac\/"},{"label":"Kik keresnek ma munk\u00e1t?","link":"https:\/\/allasorias.hu\/hirek\/kik-keresnek-ma-munkat\/"}],"_links":{"self":[{"href":"https:\/\/allasorias.hu\/hirek\/wp-json\/wp\/v2\/posts\/7105","targetHints":{"allow":["GET"]}}],"collection":[{"href":"https:\/\/allasorias.hu\/hirek\/wp-json\/wp\/v2\/posts"}],"about":[{"href":"https:\/\/allasorias.hu\/hirek\/wp-json\/wp\/v2\/types\/post"}],"author":[{"embeddable":true,"href":"https:\/\/allasorias.hu\/hirek\/wp-json\/wp\/v2\/users\/1"}],"replies":[{"embeddable":true,"href":"https:\/\/allasorias.hu\/hirek\/wp-json\/wp\/v2\/comments?post=7105"}],"version-history":[{"count":3,"href":"https:\/\/allasorias.hu\/hirek\/wp-json\/wp\/v2\/posts\/7105\/revisions"}],"predecessor-version":[{"id":7109,"href":"https:\/\/allasorias.hu\/hirek\/wp-json\/wp\/v2\/posts\/7105\/revisions\/7109"}],"wp:featuredmedia":[{"embeddable":true,"href":"https:\/\/allasorias.hu\/hirek\/wp-json\/wp\/v2\/media\/7106"}],"wp:attachment":[{"href":"https:\/\/allasorias.hu\/hirek\/wp-json\/wp\/v2\/media?parent=7105"}],"wp:term":[{"taxonomy":"category","embeddable":true,"href":"https:\/\/allasorias.hu\/hirek\/wp-json\/wp\/v2\/categories?post=7105"},{"taxonomy":"post_tag","embeddable":true,"href":"https:\/\/allasorias.hu\/hirek\/wp-json\/wp\/v2\/tags?post=7105"}],"curies":[{"name":"wp","href":"https:\/\/api.w.org\/{rel}","templated":true}]}}