{"id":7101,"date":"2023-12-01T11:53:25","date_gmt":"2023-12-01T09:53:25","guid":{"rendered":"https:\/\/allasorias.hu\/hirek\/?p=7101"},"modified":"2025-05-09T15:59:51","modified_gmt":"2025-05-09T13:59:51","slug":"milyen-a-nemek-kozotti-kulonbseg-a-foglalkoztatottak-koreben","status":"publish","type":"post","link":"https:\/\/allasorias.hu\/hirek\/milyen-a-nemek-kozotti-kulonbseg-a-foglalkoztatottak-koreben\/","title":{"rendered":"Milyen a nemek k\u00f6z\u00f6tti k\u00fcl\u00f6nbs\u00e9g a foglalkoztatottak k\u00f6r\u00e9ben"},"content":{"rendered":"<p><strong>Magyarorsz\u00e1got n\u00e9zve a n\u0151k foglalkoztatotts\u00e1gi ar\u00e1nya Ausztri\u00e1hoz \u00e1s N\u00e9metorsz\u00e1ghoz hasonl\u00f3, a kelet-k\u00f6z\u00e9p-eur\u00f3pai t\u00e9rs\u00e9get n\u00e9zve Csehorsz\u00e1gban, Rom\u00e1ni\u00e1ban, Szerbi\u00e1ban nagyobb a nemek k\u00f6zti egyenl\u0151tlens\u00e9g a munka vil\u00e1g\u00e1ban: nagyj\u00e1b\u00f3l 13,5 sz\u00e1zal\u00e9kpontos az elt\u00e9r\u00e9s. A n\u0151k foglalkoztat\u00e1si ar\u00e1nya az \u00c9szak-Magyarorsz\u00e1gon a legalacsonyabb: 66 sz\u00e1zal\u00e9kuknak van munk\u00e1ja \u2212 \u00f6sszegezte a G7 az Eurostat most k\u00f6zz\u00e9tett a 2022-es \u00e9vre vonatkoz\u00f3 adatait. <\/strong><\/p>\n<p>Magyarorsz\u00e1gon a 20-64 \u00e9v k\u00f6z\u00f6tti <a href=\"https:\/\/allasorias.hu\/hirek\/kozelednek-a-nok-es-a-ferfiak-eselyei-a-munkaban\/\">f\u00e9rfiak \u00e9s n\u0151k foglalkoztatotts\u00e1ga<\/a> k\u00f6z\u00f6tt csak 9 sz\u00e1zal\u00e9kpontos k\u00fcl\u00f6nbs\u00e9g van, az Eurostat adatai szerint ebben az uni\u00f3 k\u00f6z\u00e9pmez\u0151ny\u00e9ben vagyunk. A teljes magyar n\u00e9pess\u00e9gben a <strong>f\u00e9rfiak 79 sz\u00e1zal\u00e9ka, a n\u0151k 70 sz\u00e1zal\u00e9ka dolgozik<\/strong>, Budapesten ebb\u0151l a szempontb\u00f3l csak 6,5 sz\u00e1zal\u00e9kospontos a k\u00fcl\u00f6nbs\u00e9g, a t\u00f6bbi r\u00e9gi\u00f3ban \u00e1tlagosan 10 sz\u00e1zal\u00e9kpontos.<\/p>\n<p>Az uni\u00f3s statisztikai hivatal felm\u00e9r\u00e9se szerint a 9-10 sz\u00e1zal\u00e9kpontos k\u00fcl\u00f6nbs\u00e9g \u00e1tlagosnak sz\u00e1m\u00edt a tag\u00e1llamok sor\u00e1ban, a legkisebb nemek k\u00f6zti k\u00fcl\u00f6nbs\u00e9get az \u00e9szak-eur\u00f3pai orsz\u00e1gokban m\u00e9rtek, a Baltikumban \u00e9s Skandin\u00e1vi\u00e1ban 3 sz\u00e1zal\u00e9k alatti az elt\u00e9r\u00e9s a f\u00e9rfiak \u00e9s n\u0151k munkaer\u0151piaci jelenl\u00e9te k\u00f6z\u00f6tt. K\u00e9t r\u00e9gi\u00f3ban: Vilniusban \u00e9s Helsinkit\u0151l \u00e9szakra fekv\u0151 k\u00f6zigazgat\u00e1si ter\u00fcleten pedig t\u00f6bb n\u0151 dolgozik, mint f\u00e9rfi. A litv\u00e1n f\u0151v\u00e1rosban 1,2 sz\u00e1zal\u00e9kponttal t\u00f6bb n\u0151, Finnorsz\u00e1g k\u00f6zpontj\u00e1ban pedig 0,2 sz\u00e1zal\u00e9kponttal haladj\u00e1k meg a f\u00e9rfi alkalmazottak ar\u00e1ny\u00e1t.<\/p>\n<p>A felm\u00e9r\u00e9st az Eurostat az\u00e9rt k\u00e9sz\u00edtette, hogy pontosabb k\u00e9pet kapjanak arr\u00f3l mekkora a tag\u00e1llamok k\u00f6z\u00f6tt a foglalkoztatotts\u00e1gi adatokban a nemek k\u00f6zti k\u00fcl\u00f6nbs\u00e9g, ugyanis az Eur\u00f3pai Uni\u00f3 m\u00e9g 2019-ben c\u00e9lul t\u0171zte ki, hogy 2030-ra ezt 5,3 sz\u00e1zal\u00e9kpont al\u00e1 cs\u00f6kkenti, a 2022-es adatok szerint az uni\u00f3s \u00e1tlag 10,7 sz\u00e1zal\u00e9kpont volt, ami az egy \u00e9vvel kor\u00e1bbihoz k\u00e9pest csak 0,2 sz\u00e1zal\u00e9kpontos cs\u00f6kken\u00e9s. Az uni\u00f3s statisztikai hivatal jelent\u00e9s\u00e9ben kiemeli, hogy a n\u0151k alul foglalkoztatotts\u00e1g\u00e1nak t\u00f6bb oka van. A gyermeknevel\u00e9s, az otthon\u00e1pol\u00e1s miatt is kiesnek a munk\u00e1b\u00f3l, de a a munkaer\u0151piaci szegreg\u00e1ci\u00f3 m\u00e9g az EGT orsz\u00e1gaiban is m\u00e9rhet\u0151en jelen van, ezt mutatja az a t\u00e9ny is, hogy j\u00f3val kevesebb vezet\u0151 poz\u00edci\u00f3t t\u00f6lteten be a n\u0151k \u2013 \u00edrt\u00e1k.<\/p>\n<p>Forr\u00e1s: <a href=\"https:\/\/index.hu\/gazdasag\/2023\/11\/30\/ferfiak-nok-foglalkoztatottsag-kulonbseg-europai-unio\/\" target=\"_blank\" rel=\"nofollow noopener noreferrer\">index.hu<\/a><\/p>\n","protected":false},"excerpt":{"rendered":"<p>Magyarorsz\u00e1got n\u00e9zve a n\u0151k foglalkoztatotts\u00e1gi ar\u00e1nya Ausztri\u00e1hoz \u00e1s N\u00e9metorsz\u00e1ghoz hasonl\u00f3, a kelet-k\u00f6z\u00e9p-eur\u00f3pai t\u00e9rs\u00e9get n\u00e9zve Csehorsz\u00e1gban, Rom\u00e1ni\u00e1ban, Szerbi\u00e1ban nagyobb a nemek k\u00f6zti egyenl\u0151tlens\u00e9g a munka vil\u00e1g\u00e1ban: nagyj\u00e1b\u00f3l 13,5 sz\u00e1zal\u00e9kpontos az elt\u00e9r\u00e9s. A n\u0151k foglalkoztat\u00e1si ar\u00e1nya az \u00c9szak-Magyarorsz\u00e1gon a legalacsonyabb: 66 sz\u00e1zal\u00e9kuknak van munk\u00e1ja \u2212 \u00f6sszegezte a G7 az Eurostat most k\u00f6zz\u00e9tett a 2022-es \u00e9vre vonatkoz\u00f3 adatait. [&hellip;]<\/p>\n","protected":false},"author":1,"featured_media":7102,"comment_status":"closed","ping_status":"closed","sticky":false,"template":"","format":"standard","meta":{"_monsterinsights_skip_tracking":false,"footnotes":""},"categories":[200],"tags":[656,405,657],"class_list":["post-7101","post","type-post","status-publish","format-standard","has-post-thumbnail","hentry","category-munkaeropiac","tag-elemzes","tag-foglalkoztatottsag","tag-nemek-kozotti-kulonbseg"],"aioseo_notices":[],"aioseo_head":"\n\t\t<!-- All in One SEO 5.0.0.1 - aioseo.com -->\n\t<meta name=\"description\" content=\"Magyarorsz\u00e1gon a nemek k\u00f6z\u00f6tti munkaer\u0151piaci egyenl\u0151tlens\u00e9g 9%-os, c\u00e9l az EU-s \u00e1tlag 2030-ra 5,3%.\" \/>\n\t<meta name=\"robots\" content=\"max-image-preview:large\" \/>\n\t<meta name=\"author\" content=\"Juh\u00e1sz P\u00e9ter\"\/>\n\t<meta name=\"keywords\" content=\"elemz\u00e9s,foglalkoztatotts\u00e1g,nemek k\u00f6z\u00f6tti k\u00fcl\u00f6nbs\u00e9g\" \/>\n\t<link rel=\"canonical\" href=\"https:\/\/allasorias.hu\/hirek\/milyen-a-nemek-kozotti-kulonbseg-a-foglalkoztatottak-koreben\/\" \/>\n\t<meta name=\"generator\" content=\"All in One SEO (AIOSEO) 5.0.0.1\" \/>\n\t\t<meta property=\"og:locale\" content=\"hu_HU\" \/>\n\t\t<meta property=\"og:site_name\" content=\"AllasOrias.hu | H\u00edrek-lapszemle | \u00dczleti h\u00edrek az \u00e1ll\u00e1s \u00e9s a munka vil\u00e1g\u00e1b\u00f3l\" \/>\n\t\t<meta property=\"og:type\" content=\"article\" \/>\n\t\t<meta property=\"og:title\" content=\"Nemek k\u00f6z\u00f6tti foglalkoztat\u00e1si k\u00fcl\u00f6nbs\u00e9gek\" \/>\n\t\t<meta property=\"og:description\" content=\"Magyarorsz\u00e1gon a nemek k\u00f6z\u00f6tti munkaer\u0151piaci egyenl\u0151tlens\u00e9g 9%-os, c\u00e9l az EU-s \u00e1tlag 2030-ra 5,3%.\" \/>\n\t\t<meta property=\"og:url\" content=\"https:\/\/allasorias.hu\/hirek\/milyen-a-nemek-kozotti-kulonbseg-a-foglalkoztatottak-koreben\/\" \/>\n\t\t<meta property=\"og:image\" content=\"https:\/\/allasorias.hu\/hirek\/wp-content\/uploads\/2023\/12\/foglalkoztatottsagi-felmeres-scaled.jpg\" \/>\n\t\t<meta property=\"og:image:secure_url\" content=\"https:\/\/allasorias.hu\/hirek\/wp-content\/uploads\/2023\/12\/foglalkoztatottsagi-felmeres-scaled.jpg\" \/>\n\t\t<meta property=\"og:image:width\" content=\"2560\" \/>\n\t\t<meta property=\"og:image:height\" content=\"1707\" \/>\n\t\t<meta property=\"article:published_time\" content=\"2023-12-01T09:53:25+00:00\" \/>\n\t\t<meta property=\"article:modified_time\" content=\"2025-05-09T13:59:51+00:00\" \/>\n\t\t<meta property=\"article:publisher\" content=\"https:\/\/www.facebook.com\/allasorias\" \/>\n\t\t<meta name=\"twitter:card\" content=\"summary_large_image\" \/>\n\t\t<meta name=\"twitter:title\" content=\"Nemek k\u00f6z\u00f6tti foglalkoztat\u00e1si k\u00fcl\u00f6nbs\u00e9gek\" \/>\n\t\t<meta name=\"twitter:description\" content=\"Magyarorsz\u00e1gon a nemek k\u00f6z\u00f6tti munkaer\u0151piaci egyenl\u0151tlens\u00e9g 9%-os, c\u00e9l az EU-s \u00e1tlag 2030-ra 5,3%.\" \/>\n\t\t<meta name=\"twitter:image\" content=\"https:\/\/allasorias.hu\/hirek\/wp-content\/uploads\/2023\/12\/foglalkoztatottsagi-felmeres-scaled.jpg\" \/>\n\t\t<meta name=\"twitter:label1\" content=\"Written by\" \/>\n\t\t<meta name=\"twitter:data1\" content=\"Juh\u00e1sz P\u00e9ter\" \/>\n\t\t<meta name=\"twitter:label2\" content=\"Est. reading time\" \/>\n\t\t<meta name=\"twitter:data2\" content=\"2 minutes\" \/>\n\t\t<script type=\"application\/ld+json\" class=\"aioseo-schema\">\n\t\t\t{\"@context\":\"https:\\\/\\\/schema.org\",\"@graph\":[{\"@type\":\"Article\",\"@id\":\"https:\\\/\\\/allasorias.hu\\\/hirek\\\/milyen-a-nemek-kozotti-kulonbseg-a-foglalkoztatottak-koreben\\\/#article\",\"name\":\"Nemek k\\u00f6z\\u00f6tti foglalkoztat\\u00e1si k\\u00fcl\\u00f6nbs\\u00e9gek\",\"headline\":\"Milyen a nemek k\\u00f6z\\u00f6tti k\\u00fcl\\u00f6nbs\\u00e9g a foglalkoztatottak k\\u00f6r\\u00e9ben\",\"author\":{\"@id\":\"https:\\\/\\\/allasorias.hu\\\/hirek\\\/author\\\/admin-allasorias\\\/#author\"},\"publisher\":{\"@id\":\"https:\\\/\\\/allasorias.hu\\\/hirek\\\/#organization\"},\"image\":{\"@type\":\"ImageObject\",\"url\":\"https:\\\/\\\/allasorias.hu\\\/hirek\\\/wp-content\\\/uploads\\\/2023\\\/12\\\/foglalkoztatottsagi-felmeres-scaled.jpg\",\"width\":2560,\"height\":1707,\"caption\":\"Milyen a nemek k\\u00f6z\\u00f6tti k\\u00fcl\\u00f6nbs\\u00e9g a foglalkoztatottak k\\u00f6r\\u00e9ben - Allasorias.hu\\\/Hirek\"},\"datePublished\":\"2023-12-01T11:53:25+02:00\",\"dateModified\":\"2025-05-09T15:59:51+02:00\",\"inLanguage\":\"hu-HU\",\"mainEntityOfPage\":{\"@id\":\"https:\\\/\\\/allasorias.hu\\\/hirek\\\/milyen-a-nemek-kozotti-kulonbseg-a-foglalkoztatottak-koreben\\\/#webpage\"},\"isPartOf\":{\"@id\":\"https:\\\/\\\/allasorias.hu\\\/hirek\\\/milyen-a-nemek-kozotti-kulonbseg-a-foglalkoztatottak-koreben\\\/#webpage\"},\"articleSection\":\"Munkaer\\u0151piac, elemz\\u00e9s, foglalkoztatotts\\u00e1g, nemek k\\u00f6z\\u00f6tti k\\u00fcl\\u00f6nbs\\u00e9g\"},{\"@type\":\"BreadcrumbList\",\"@id\":\"https:\\\/\\\/allasorias.hu\\\/hirek\\\/milyen-a-nemek-kozotti-kulonbseg-a-foglalkoztatottak-koreben\\\/#breadcrumblist\",\"itemListElement\":[{\"@type\":\"ListItem\",\"@id\":\"https:\\\/\\\/allasorias.hu\\\/hirek#listItem\",\"position\":1,\"name\":\"Home\",\"item\":\"https:\\\/\\\/allasorias.hu\\\/hirek\",\"nextItem\":{\"@type\":\"ListItem\",\"@id\":\"https:\\\/\\\/allasorias.hu\\\/hirek\\\/temak\\\/munkaeropiac\\\/#listItem\",\"name\":\"Munkaer\\u0151piac\"}},{\"@type\":\"ListItem\",\"@id\":\"https:\\\/\\\/allasorias.hu\\\/hirek\\\/temak\\\/munkaeropiac\\\/#listItem\",\"position\":2,\"name\":\"Munkaer\\u0151piac\",\"item\":\"https:\\\/\\\/allasorias.hu\\\/hirek\\\/temak\\\/munkaeropiac\\\/\",\"nextItem\":{\"@type\":\"ListItem\",\"@id\":\"https:\\\/\\\/allasorias.hu\\\/hirek\\\/milyen-a-nemek-kozotti-kulonbseg-a-foglalkoztatottak-koreben\\\/#listItem\",\"name\":\"Milyen a nemek k\\u00f6z\\u00f6tti k\\u00fcl\\u00f6nbs\\u00e9g a foglalkoztatottak k\\u00f6r\\u00e9ben\"},\"previousItem\":{\"@type\":\"ListItem\",\"@id\":\"https:\\\/\\\/allasorias.hu\\\/hirek#listItem\",\"name\":\"Home\"}},{\"@type\":\"ListItem\",\"@id\":\"https:\\\/\\\/allasorias.hu\\\/hirek\\\/milyen-a-nemek-kozotti-kulonbseg-a-foglalkoztatottak-koreben\\\/#listItem\",\"position\":3,\"name\":\"Milyen a nemek k\\u00f6z\\u00f6tti k\\u00fcl\\u00f6nbs\\u00e9g a foglalkoztatottak k\\u00f6r\\u00e9ben\",\"previousItem\":{\"@type\":\"ListItem\",\"@id\":\"https:\\\/\\\/allasorias.hu\\\/hirek\\\/temak\\\/munkaeropiac\\\/#listItem\",\"name\":\"Munkaer\\u0151piac\"}}]},{\"@type\":\"Organization\",\"@id\":\"https:\\\/\\\/allasorias.hu\\\/hirek\\\/#organization\",\"name\":\"AllasOrias.hu | H\\u00edrek-lapszemle\",\"description\":\"\\u00dczleti h\\u00edrek az \\u00e1ll\\u00e1s \\u00e9s a munka vil\\u00e1g\\u00e1b\\u00f3l\",\"url\":\"https:\\\/\\\/allasorias.hu\\\/hirek\\\/\",\"logo\":{\"@type\":\"ImageObject\",\"url\":\"https:\\\/\\\/allasorias.hu\\\/hirek\\\/wp-content\\\/uploads\\\/2022\\\/10\\\/allasorias_site_facebok_logo.png\",\"@id\":\"https:\\\/\\\/allasorias.hu\\\/hirek\\\/milyen-a-nemek-kozotti-kulonbseg-a-foglalkoztatottak-koreben\\\/#organizationLogo\"},\"image\":{\"@id\":\"https:\\\/\\\/allasorias.hu\\\/hirek\\\/milyen-a-nemek-kozotti-kulonbseg-a-foglalkoztatottak-koreben\\\/#organizationLogo\"},\"sameAs\":[\"https:\\\/\\\/www.facebook.com\\\/allasorias\",\"https:\\\/\\\/www.linkedin.com\\\/company\\\/allasorias\"]},{\"@type\":\"Person\",\"@id\":\"https:\\\/\\\/allasorias.hu\\\/hirek\\\/author\\\/admin-allasorias\\\/#author\",\"url\":\"https:\\\/\\\/allasorias.hu\\\/hirek\\\/author\\\/admin-allasorias\\\/\",\"name\":\"Juh\\u00e1sz P\\u00e9ter\",\"image\":{\"@type\":\"ImageObject\",\"@id\":\"https:\\\/\\\/allasorias.hu\\\/hirek\\\/milyen-a-nemek-kozotti-kulonbseg-a-foglalkoztatottak-koreben\\\/#authorImage\",\"url\":\"https:\\\/\\\/secure.gravatar.com\\\/avatar\\\/36e6bcb83148978b992977cb0f54d22feb0cce8a0a849a9410532bb2623ba4c6?s=96&d=mm&r=g\",\"width\":96,\"height\":96,\"caption\":\"Juh\\u00e1sz P\\u00e9ter\"}},{\"@type\":\"WebPage\",\"@id\":\"https:\\\/\\\/allasorias.hu\\\/hirek\\\/milyen-a-nemek-kozotti-kulonbseg-a-foglalkoztatottak-koreben\\\/#webpage\",\"url\":\"https:\\\/\\\/allasorias.hu\\\/hirek\\\/milyen-a-nemek-kozotti-kulonbseg-a-foglalkoztatottak-koreben\\\/\",\"name\":\"Nemek k\\u00f6z\\u00f6tti foglalkoztat\\u00e1si k\\u00fcl\\u00f6nbs\\u00e9gek\",\"description\":\"Magyarorsz\\u00e1gon a nemek k\\u00f6z\\u00f6tti munkaer\\u0151piaci egyenl\\u0151tlens\\u00e9g 9%-os, c\\u00e9l az EU-s \\u00e1tlag 2030-ra 5,3%.\",\"inLanguage\":\"hu-HU\",\"isPartOf\":{\"@id\":\"https:\\\/\\\/allasorias.hu\\\/hirek\\\/#website\"},\"breadcrumb\":{\"@id\":\"https:\\\/\\\/allasorias.hu\\\/hirek\\\/milyen-a-nemek-kozotti-kulonbseg-a-foglalkoztatottak-koreben\\\/#breadcrumblist\"},\"author\":{\"@id\":\"https:\\\/\\\/allasorias.hu\\\/hirek\\\/author\\\/admin-allasorias\\\/#author\"},\"creator\":{\"@id\":\"https:\\\/\\\/allasorias.hu\\\/hirek\\\/author\\\/admin-allasorias\\\/#author\"},\"image\":{\"@type\":\"ImageObject\",\"url\":\"https:\\\/\\\/allasorias.hu\\\/hirek\\\/wp-content\\\/uploads\\\/2023\\\/12\\\/foglalkoztatottsagi-felmeres-scaled.jpg\",\"@id\":\"https:\\\/\\\/allasorias.hu\\\/hirek\\\/milyen-a-nemek-kozotti-kulonbseg-a-foglalkoztatottak-koreben\\\/#mainImage\",\"width\":2560,\"height\":1707,\"caption\":\"Milyen a nemek k\\u00f6z\\u00f6tti k\\u00fcl\\u00f6nbs\\u00e9g a foglalkoztatottak k\\u00f6r\\u00e9ben - Allasorias.hu\\\/Hirek\"},\"primaryImageOfPage\":{\"@id\":\"https:\\\/\\\/allasorias.hu\\\/hirek\\\/milyen-a-nemek-kozotti-kulonbseg-a-foglalkoztatottak-koreben\\\/#mainImage\"},\"datePublished\":\"2023-12-01T11:53:25+02:00\",\"dateModified\":\"2025-05-09T15:59:51+02:00\"},{\"@type\":\"WebSite\",\"@id\":\"https:\\\/\\\/allasorias.hu\\\/hirek\\\/#website\",\"url\":\"https:\\\/\\\/allasorias.hu\\\/hirek\\\/\",\"name\":\"AllasOrias.hu | H\\u00edrek-lapszemle\",\"description\":\"\\u00dczleti h\\u00edrek az \\u00e1ll\\u00e1s \\u00e9s a munka vil\\u00e1g\\u00e1b\\u00f3l\",\"inLanguage\":\"hu-HU\",\"publisher\":{\"@id\":\"https:\\\/\\\/allasorias.hu\\\/hirek\\\/#organization\"}}]}\n\t\t<\/script>\n\t\t<!-- All in One SEO -->\n\n","aioseo_head_json":{"title":"Nemek k\u00f6z\u00f6tti foglalkoztat\u00e1si k\u00fcl\u00f6nbs\u00e9gek","description":"Magyarorsz\u00e1gon a nemek k\u00f6z\u00f6tti munkaer\u0151piaci egyenl\u0151tlens\u00e9g 9%-os, c\u00e9l az EU-s \u00e1tlag 2030-ra 5,3%.","canonical_url":"https:\/\/allasorias.hu\/hirek\/milyen-a-nemek-kozotti-kulonbseg-a-foglalkoztatottak-koreben\/","robots":"max-image-preview:large","keywords":"elemz\u00e9s,foglalkoztatotts\u00e1g,nemek k\u00f6z\u00f6tti k\u00fcl\u00f6nbs\u00e9g","webmasterTools":{"miscellaneous":""},"schema":{"@context":"https:\/\/schema.org","@graph":[{"@type":"Article","@id":"https:\/\/allasorias.hu\/hirek\/milyen-a-nemek-kozotti-kulonbseg-a-foglalkoztatottak-koreben\/#article","name":"Nemek k\u00f6z\u00f6tti foglalkoztat\u00e1si k\u00fcl\u00f6nbs\u00e9gek","headline":"Milyen a nemek k\u00f6z\u00f6tti k\u00fcl\u00f6nbs\u00e9g a foglalkoztatottak k\u00f6r\u00e9ben","author":{"@id":"https:\/\/allasorias.hu\/hirek\/author\/admin-allasorias\/#author"},"publisher":{"@id":"https:\/\/allasorias.hu\/hirek\/#organization"},"image":{"@type":"ImageObject","url":"https:\/\/allasorias.hu\/hirek\/wp-content\/uploads\/2023\/12\/foglalkoztatottsagi-felmeres-scaled.jpg","width":2560,"height":1707,"caption":"Milyen a nemek k\u00f6z\u00f6tti k\u00fcl\u00f6nbs\u00e9g a foglalkoztatottak k\u00f6r\u00e9ben - Allasorias.hu\/Hirek"},"datePublished":"2023-12-01T11:53:25+02:00","dateModified":"2025-05-09T15:59:51+02:00","inLanguage":"hu-HU","mainEntityOfPage":{"@id":"https:\/\/allasorias.hu\/hirek\/milyen-a-nemek-kozotti-kulonbseg-a-foglalkoztatottak-koreben\/#webpage"},"isPartOf":{"@id":"https:\/\/allasorias.hu\/hirek\/milyen-a-nemek-kozotti-kulonbseg-a-foglalkoztatottak-koreben\/#webpage"},"articleSection":"Munkaer\u0151piac, elemz\u00e9s, foglalkoztatotts\u00e1g, nemek k\u00f6z\u00f6tti k\u00fcl\u00f6nbs\u00e9g"},{"@type":"BreadcrumbList","@id":"https:\/\/allasorias.hu\/hirek\/milyen-a-nemek-kozotti-kulonbseg-a-foglalkoztatottak-koreben\/#breadcrumblist","itemListElement":[{"@type":"ListItem","@id":"https:\/\/allasorias.hu\/hirek#listItem","position":1,"name":"Home","item":"https:\/\/allasorias.hu\/hirek","nextItem":{"@type":"ListItem","@id":"https:\/\/allasorias.hu\/hirek\/temak\/munkaeropiac\/#listItem","name":"Munkaer\u0151piac"}},{"@type":"ListItem","@id":"https:\/\/allasorias.hu\/hirek\/temak\/munkaeropiac\/#listItem","position":2,"name":"Munkaer\u0151piac","item":"https:\/\/allasorias.hu\/hirek\/temak\/munkaeropiac\/","nextItem":{"@type":"ListItem","@id":"https:\/\/allasorias.hu\/hirek\/milyen-a-nemek-kozotti-kulonbseg-a-foglalkoztatottak-koreben\/#listItem","name":"Milyen a nemek k\u00f6z\u00f6tti k\u00fcl\u00f6nbs\u00e9g a foglalkoztatottak k\u00f6r\u00e9ben"},"previousItem":{"@type":"ListItem","@id":"https:\/\/allasorias.hu\/hirek#listItem","name":"Home"}},{"@type":"ListItem","@id":"https:\/\/allasorias.hu\/hirek\/milyen-a-nemek-kozotti-kulonbseg-a-foglalkoztatottak-koreben\/#listItem","position":3,"name":"Milyen a nemek k\u00f6z\u00f6tti k\u00fcl\u00f6nbs\u00e9g a foglalkoztatottak k\u00f6r\u00e9ben","previousItem":{"@type":"ListItem","@id":"https:\/\/allasorias.hu\/hirek\/temak\/munkaeropiac\/#listItem","name":"Munkaer\u0151piac"}}]},{"@type":"Organization","@id":"https:\/\/allasorias.hu\/hirek\/#organization","name":"AllasOrias.hu | H\u00edrek-lapszemle","description":"\u00dczleti h\u00edrek az \u00e1ll\u00e1s \u00e9s a munka vil\u00e1g\u00e1b\u00f3l","url":"https:\/\/allasorias.hu\/hirek\/","logo":{"@type":"ImageObject","url":"https:\/\/allasorias.hu\/hirek\/wp-content\/uploads\/2022\/10\/allasorias_site_facebok_logo.png","@id":"https:\/\/allasorias.hu\/hirek\/milyen-a-nemek-kozotti-kulonbseg-a-foglalkoztatottak-koreben\/#organizationLogo"},"image":{"@id":"https:\/\/allasorias.hu\/hirek\/milyen-a-nemek-kozotti-kulonbseg-a-foglalkoztatottak-koreben\/#organizationLogo"},"sameAs":["https:\/\/www.facebook.com\/allasorias","https:\/\/www.linkedin.com\/company\/allasorias"]},{"@type":"Person","@id":"https:\/\/allasorias.hu\/hirek\/author\/admin-allasorias\/#author","url":"https:\/\/allasorias.hu\/hirek\/author\/admin-allasorias\/","name":"Juh\u00e1sz P\u00e9ter","image":{"@type":"ImageObject","@id":"https:\/\/allasorias.hu\/hirek\/milyen-a-nemek-kozotti-kulonbseg-a-foglalkoztatottak-koreben\/#authorImage","url":"https:\/\/secure.gravatar.com\/avatar\/36e6bcb83148978b992977cb0f54d22feb0cce8a0a849a9410532bb2623ba4c6?s=96&d=mm&r=g","width":96,"height":96,"caption":"Juh\u00e1sz P\u00e9ter"}},{"@type":"WebPage","@id":"https:\/\/allasorias.hu\/hirek\/milyen-a-nemek-kozotti-kulonbseg-a-foglalkoztatottak-koreben\/#webpage","url":"https:\/\/allasorias.hu\/hirek\/milyen-a-nemek-kozotti-kulonbseg-a-foglalkoztatottak-koreben\/","name":"Nemek k\u00f6z\u00f6tti foglalkoztat\u00e1si k\u00fcl\u00f6nbs\u00e9gek","description":"Magyarorsz\u00e1gon a nemek k\u00f6z\u00f6tti munkaer\u0151piaci egyenl\u0151tlens\u00e9g 9%-os, c\u00e9l az EU-s \u00e1tlag 2030-ra 5,3%.","inLanguage":"hu-HU","isPartOf":{"@id":"https:\/\/allasorias.hu\/hirek\/#website"},"breadcrumb":{"@id":"https:\/\/allasorias.hu\/hirek\/milyen-a-nemek-kozotti-kulonbseg-a-foglalkoztatottak-koreben\/#breadcrumblist"},"author":{"@id":"https:\/\/allasorias.hu\/hirek\/author\/admin-allasorias\/#author"},"creator":{"@id":"https:\/\/allasorias.hu\/hirek\/author\/admin-allasorias\/#author"},"image":{"@type":"ImageObject","url":"https:\/\/allasorias.hu\/hirek\/wp-content\/uploads\/2023\/12\/foglalkoztatottsagi-felmeres-scaled.jpg","@id":"https:\/\/allasorias.hu\/hirek\/milyen-a-nemek-kozotti-kulonbseg-a-foglalkoztatottak-koreben\/#mainImage","width":2560,"height":1707,"caption":"Milyen a nemek k\u00f6z\u00f6tti k\u00fcl\u00f6nbs\u00e9g a foglalkoztatottak k\u00f6r\u00e9ben - Allasorias.hu\/Hirek"},"primaryImageOfPage":{"@id":"https:\/\/allasorias.hu\/hirek\/milyen-a-nemek-kozotti-kulonbseg-a-foglalkoztatottak-koreben\/#mainImage"},"datePublished":"2023-12-01T11:53:25+02:00","dateModified":"2025-05-09T15:59:51+02:00"},{"@type":"WebSite","@id":"https:\/\/allasorias.hu\/hirek\/#website","url":"https:\/\/allasorias.hu\/hirek\/","name":"AllasOrias.hu | H\u00edrek-lapszemle","description":"\u00dczleti h\u00edrek az \u00e1ll\u00e1s \u00e9s a munka vil\u00e1g\u00e1b\u00f3l","inLanguage":"hu-HU","publisher":{"@id":"https:\/\/allasorias.hu\/hirek\/#organization"}}]},"og:locale":"hu_HU","og:site_name":"AllasOrias.hu | H\u00edrek-lapszemle | \u00dczleti h\u00edrek az \u00e1ll\u00e1s \u00e9s a munka vil\u00e1g\u00e1b\u00f3l","og:type":"article","og:title":"Nemek k\u00f6z\u00f6tti foglalkoztat\u00e1si k\u00fcl\u00f6nbs\u00e9gek","og:description":"Magyarorsz\u00e1gon a nemek k\u00f6z\u00f6tti munkaer\u0151piaci egyenl\u0151tlens\u00e9g 9%-os, c\u00e9l az EU-s \u00e1tlag 2030-ra 5,3%.","og:url":"https:\/\/allasorias.hu\/hirek\/milyen-a-nemek-kozotti-kulonbseg-a-foglalkoztatottak-koreben\/","og:image":"https:\/\/allasorias.hu\/hirek\/wp-content\/uploads\/2023\/12\/foglalkoztatottsagi-felmeres-scaled.jpg","og:image:secure_url":"https:\/\/allasorias.hu\/hirek\/wp-content\/uploads\/2023\/12\/foglalkoztatottsagi-felmeres-scaled.jpg","og:image:width":2560,"og:image:height":1707,"article:published_time":"2023-12-01T09:53:25+00:00","article:modified_time":"2025-05-09T13:59:51+00:00","article:publisher":"https:\/\/www.facebook.com\/allasorias","twitter:card":"summary_large_image","twitter:title":"Nemek k\u00f6z\u00f6tti foglalkoztat\u00e1si k\u00fcl\u00f6nbs\u00e9gek","twitter:description":"Magyarorsz\u00e1gon a nemek k\u00f6z\u00f6tti munkaer\u0151piaci egyenl\u0151tlens\u00e9g 9%-os, c\u00e9l az EU-s \u00e1tlag 2030-ra 5,3%.","twitter:image":"https:\/\/allasorias.hu\/hirek\/wp-content\/uploads\/2023\/12\/foglalkoztatottsagi-felmeres-scaled.jpg","twitter:label1":"Written by","twitter:data1":"Juh\u00e1sz P\u00e9ter","twitter:label2":"Est. reading time","twitter:data2":"2 minutes"},"aioseo_meta_data":{"post_id":"7101","title":"Nemek k\u00f6z\u00f6tti foglalkoztat\u00e1si k\u00fcl\u00f6nbs\u00e9gek","description":"Magyarorsz\u00e1gon a nemek k\u00f6z\u00f6tti munkaer\u0151piaci egyenl\u0151tlens\u00e9g 9%-os, c\u00e9l az EU-s \u00e1tlag 2030-ra 5,3%.","keywords":null,"keyphrases":{"focus":{"keyphrase":"","score":0,"analysis":{"keyphraseInTitle":{"score":0,"maxScore":9,"error":1}}},"additional":[]},"primary_term":null,"canonical_url":null,"og_title":null,"og_description":null,"og_object_type":"default","og_image_type":"default","og_image_url":null,"og_image_width":null,"og_image_height":null,"og_image_custom_url":null,"og_image_custom_fields":null,"og_video":"","og_custom_url":null,"og_article_section":null,"og_article_tags":null,"twitter_use_og":true,"twitter_card":"default","twitter_image_type":"default","twitter_image_url":null,"twitter_image_custom_url":null,"twitter_image_custom_fields":null,"twitter_title":null,"twitter_description":null,"schema":{"blockGraphs":[],"customGraphs":[],"default":{"data":{"Article":[],"Course":[],"Dataset":[],"FAQPage":[],"Movie":[],"Person":[],"Product":[],"ProductReview":[],"Car":[],"Recipe":[],"Service":[],"SoftwareApplication":[],"WebPage":[]},"graphName":"Article","isEnabled":true},"graphs":[]},"schema_type":"default","schema_type_options":null,"pillar_content":false,"robots_default":true,"robots_noindex":false,"robots_noarchive":false,"robots_nosnippet":false,"robots_nofollow":false,"robots_noimageindex":false,"robots_noodp":false,"robots_notranslate":false,"robots_max_snippet":"-1","robots_max_videopreview":"-1","robots_max_imagepreview":"large","priority":null,"frequency":"default","location":null,"local_seo":null,"breadcrumb_settings":null,"limit_modified_date":false,"ai":null,"created":"2023-12-01 09:03:44","updated":"2025-10-02 19:19:09","seo_analyzer_scan_date":null,"focus_keyword":null,"additional_keywords":null,"truseo_locale":null},"aioseo_breadcrumb":"<div class=\"aioseo-breadcrumbs\"><span class=\"aioseo-breadcrumb\">\n\t\t\t<a href=\"https:\/\/allasorias.hu\/hirek\" title=\"Home\">Home<\/a>\n\t\t<\/span><span class=\"aioseo-breadcrumb-separator\">&raquo;<\/span><span class=\"aioseo-breadcrumb\">\n\t\t\t<a href=\"https:\/\/allasorias.hu\/hirek\/temak\/munkaeropiac\/\" title=\"Munkaer\u0151piac\">Munkaer\u0151piac<\/a>\n\t\t<\/span><span class=\"aioseo-breadcrumb-separator\">&raquo;<\/span><span class=\"aioseo-breadcrumb\">\n\t\t\tMilyen a nemek k\u00f6z\u00f6tti k\u00fcl\u00f6nbs\u00e9g a foglalkoztatottak k\u00f6r\u00e9ben\n\t\t<\/span><\/div>","aioseo_breadcrumb_json":[{"label":"Home","link":"https:\/\/allasorias.hu\/hirek"},{"label":"Munkaer\u0151piac","link":"https:\/\/allasorias.hu\/hirek\/temak\/munkaeropiac\/"},{"label":"Milyen a nemek k\u00f6z\u00f6tti k\u00fcl\u00f6nbs\u00e9g a foglalkoztatottak k\u00f6r\u00e9ben","link":"https:\/\/allasorias.hu\/hirek\/milyen-a-nemek-kozotti-kulonbseg-a-foglalkoztatottak-koreben\/"}],"_links":{"self":[{"href":"https:\/\/allasorias.hu\/hirek\/wp-json\/wp\/v2\/posts\/7101","targetHints":{"allow":["GET"]}}],"collection":[{"href":"https:\/\/allasorias.hu\/hirek\/wp-json\/wp\/v2\/posts"}],"about":[{"href":"https:\/\/allasorias.hu\/hirek\/wp-json\/wp\/v2\/types\/post"}],"author":[{"embeddable":true,"href":"https:\/\/allasorias.hu\/hirek\/wp-json\/wp\/v2\/users\/1"}],"replies":[{"embeddable":true,"href":"https:\/\/allasorias.hu\/hirek\/wp-json\/wp\/v2\/comments?post=7101"}],"version-history":[{"count":2,"href":"https:\/\/allasorias.hu\/hirek\/wp-json\/wp\/v2\/posts\/7101\/revisions"}],"predecessor-version":[{"id":7104,"href":"https:\/\/allasorias.hu\/hirek\/wp-json\/wp\/v2\/posts\/7101\/revisions\/7104"}],"wp:featuredmedia":[{"embeddable":true,"href":"https:\/\/allasorias.hu\/hirek\/wp-json\/wp\/v2\/media\/7102"}],"wp:attachment":[{"href":"https:\/\/allasorias.hu\/hirek\/wp-json\/wp\/v2\/media?parent=7101"}],"wp:term":[{"taxonomy":"category","embeddable":true,"href":"https:\/\/allasorias.hu\/hirek\/wp-json\/wp\/v2\/categories?post=7101"},{"taxonomy":"post_tag","embeddable":true,"href":"https:\/\/allasorias.hu\/hirek\/wp-json\/wp\/v2\/tags?post=7101"}],"curies":[{"name":"wp","href":"https:\/\/api.w.org\/{rel}","templated":true}]}}