{"id":7007,"date":"2023-11-16T10:49:39","date_gmt":"2023-11-16T08:49:39","guid":{"rendered":"https:\/\/allasorias.hu\/hirek\/?p=7007"},"modified":"2025-05-09T16:12:46","modified_gmt":"2025-05-09T14:12:46","slug":"nem-szeretnenek-alkalmazottak-lenni-a-fiatalok","status":"publish","type":"post","link":"https:\/\/allasorias.hu\/hirek\/nem-szeretnenek-alkalmazottak-lenni-a-fiatalok\/","title":{"rendered":"Nem szeretn\u00e9nek alkalmazottak lenni a fiatalok"},"content":{"rendered":"<p><strong>A p\u00e1r \u00e9v m\u00falva a munkaer\u0151piacra l\u00e9p\u0151 fiatalok nagy t\u00f6bbs\u00e9ge nem szeretne alkalmazott lenni. Az Alfa gener\u00e1ci\u00f3s gyerekek egy sokkal z\u00f6kken\u0151mentesebb, k\u00e9nyelmesebb vil\u00e1got k\u00e9pzelnek el &#8211; mutat r\u00e1 egy kutat\u00e1s.<\/strong><\/p>\n<p>A 2010 ut\u00e1n sz\u00fcletett koroszt\u00e1ly els\u0151 tagjai n\u00e9gy \u00e9ven bel\u00fcl bel\u00e9pnek a munkaer\u0151piacra. Az Alfa gener\u00e1ci\u00f3 munkav\u00e1llal\u00e1ssal kapcsolatos elk\u00e9pzel\u00e9sei nagyon elt\u00e9rnek a jelenleg megszokott\u00f3l, a 8-14 \u00e9ves magyar gyerekek 79 sz\u00e1zal\u00e9ka saj\u00e1t v\u00e1llalkoz\u00e1st szeretne alap\u00edtani, \u00e9s azt f\u0151- vagy mell\u00e9k\u00e1ll\u00e1sban m\u0171k\u00f6dtetni &#8211; k\u00f6z\u00f6lte a Visa az MTI-vel, \u00faj kutat\u00e1sa alapj\u00e1n. A digit\u00e1lis fizet\u00e9si szolg\u00e1ltat\u00f3 t\u00e1j\u00e9koztat\u00e1sa szerint ennek a koroszt\u00e1lynak csak 6 sz\u00e1zal\u00e9ka szeretne alkalmazottk\u00e9nt dolgozni.<\/p>\n<h2>Fontos sz\u00e1mukra a k\u00f6z\u00f6ss\u00e9gi m\u00e9dia<\/h2>\n<p>A magyar Alfa gener\u00e1ci\u00f3nak 55 sz\u00e1zal\u00e9ka keresett p\u00e9nzt az elm\u00falt 12 h\u00f3napban, ebb\u0151l 66 sz\u00e1zal\u00e9k \u00e1ll\u00edtotta, hogy a technol\u00f3gia seg\u00edtette ebben. A leggyakrabban haszn\u00e1lt technol\u00f3gi\u00e1k a k\u00f6z\u00f6ss\u00e9gi m\u00e9dia platformok (53 sz\u00e1zal\u00e9k), illetve az online streamel\u00e9s (25 sz\u00e1zal\u00e9k). A 14 \u00e9ves gyerekek negyede \u00fagy gondolja, hogy <a href=\"https:\/\/allasorias.hu\/hirek\/par-even-belul-a-mesterseges-intelligencia-atalakitja-a-munkaeropiacot\/\">a mesters\u00e9ges intelligencia seg\u00edteni fogja j\u00f6v\u0151beni munk\u00e1j\u00e1t<\/a>. A gyerekek h\u00e1romszor nagyobb val\u00f3sz\u00edn\u0171s\u00e9ggel tanulnak meg p\u00e9nzt keresni digit\u00e1lis tartalomk\u00e9sz\u00edt\u0151kt\u0151l, mint k\u00f6nyvekb\u0151l.<\/p>\n<p>Inspir\u00e1ci\u00f3s \u00e9s \u00faj \u00f6tletek forr\u00e1sak\u00e9nt a gyerekek 48 sz\u00e1zal\u00e9ka a k\u00f6z\u00f6ss\u00e9gi m\u00e9di\u00e1t \u00e9s a tartalomk\u00e9sz\u00edt\u0151ket jel\u00f6lte meg, megel\u0151zve a feln\u0151ttekkel val\u00f3 besz\u00e9lget\u00e9st (43 sz\u00e1zal\u00e9k), illetve a rajzol\u00e1st \u00e9s \u00edr\u00e1st (37 sz\u00e1zal\u00e9k). A 14 \u00e9ves magyar gyerekek 20 sz\u00e1zal\u00e9ka online \u00e9rt\u00e9kes\u00edt\u00e9ssel keres p\u00e9nzt; a t\u00e1rgyak online kereskedelm\u00e9nek, m\u00e1sodlagos piac\u00e1nak ilyen korai \u00e9letszakaszban val\u00f3 megjelen\u00e9se egy z\u00f6ldebb, k\u00f6rnyezettudatosabb j\u00f6v\u0151t vet\u00edt el\u0151re a k\u00f6zlem\u00e9ny szerint. A Visa megb\u00edz\u00e1s\u00e1b\u00f3l az Opinium v\u00e9gezte a kutat\u00e1st augusztus 16-20. k\u00f6z\u00f6tt, 550, 8-14 \u00e9ves kor\u00fa gyerek bevon\u00e1s\u00e1val.<\/p>\n<p>Forr\u00e1s: <a href=\"https:\/\/www.ma.hu\/uzlet\/394817\/A_814_eves_gyerekek_haromnegyede_vallalkozast_alapitana_egy_kutatas_szerint\" target=\"_blank\" rel=\"nofollow noopener noreferrer\">ma.hu<\/a><\/p>\n","protected":false},"excerpt":{"rendered":"<p>A p\u00e1r \u00e9v m\u00falva a munkaer\u0151piacra l\u00e9p\u0151 fiatalok nagy t\u00f6bbs\u00e9ge nem szeretne alkalmazott lenni. Az Alfa gener\u00e1ci\u00f3s gyerekek egy sokkal z\u00f6kken\u0151mentesebb, k\u00e9nyelmesebb vil\u00e1got k\u00e9pzelnek el &#8211; mutat r\u00e1 egy kutat\u00e1s. A 2010 ut\u00e1n sz\u00fcletett koroszt\u00e1ly els\u0151 tagjai n\u00e9gy \u00e9ven bel\u00fcl bel\u00e9pnek a munkaer\u0151piacra. Az Alfa gener\u00e1ci\u00f3 munkav\u00e1llal\u00e1ssal kapcsolatos elk\u00e9pzel\u00e9sei nagyon elt\u00e9rnek a jelenleg megszokott\u00f3l, a [&hellip;]<\/p>\n","protected":false},"author":1,"featured_media":7008,"comment_status":"closed","ping_status":"closed","sticky":false,"template":"","format":"standard","meta":{"_monsterinsights_skip_tracking":false,"footnotes":""},"categories":[200],"tags":[650,221,158],"class_list":["post-7007","post","type-post","status-publish","format-standard","has-post-thumbnail","hentry","category-munkaeropiac","tag-alfa-generacio","tag-fiatalok","tag-kozossegi-media"],"aioseo_notices":[],"aioseo_head":"\n\t\t<!-- All in One SEO 5.0.0.1 - aioseo.com -->\n\t<meta name=\"description\" content=\"A p\u00e1r \u00e9v m\u00falva a munkaer\u0151piacra l\u00e9p\u0151 fiatalok nem szeretn\u00e9nek alkalmazottak lenni. Az Alfa gener\u00e1ci\u00f3s gyerekek egy sokkal k\u00e9nyelmesebb vil\u00e1got k\u00e9pzelnek el.\" \/>\n\t<meta name=\"robots\" content=\"max-image-preview:large\" \/>\n\t<meta name=\"author\" content=\"Juh\u00e1sz P\u00e9ter\"\/>\n\t<meta name=\"keywords\" content=\"alfa gener\u00e1ci\u00f3,fiatalok,k\u00f6z\u00f6ss\u00e9gi m\u00e9dia\" \/>\n\t<link rel=\"canonical\" href=\"https:\/\/allasorias.hu\/hirek\/nem-szeretnenek-alkalmazottak-lenni-a-fiatalok\/\" \/>\n\t<meta name=\"generator\" content=\"All in One SEO (AIOSEO) 5.0.0.1\" \/>\n\t\t<meta property=\"og:locale\" content=\"hu_HU\" \/>\n\t\t<meta property=\"og:site_name\" content=\"AllasOrias.hu | H\u00edrek-lapszemle | \u00dczleti h\u00edrek az \u00e1ll\u00e1s \u00e9s a munka vil\u00e1g\u00e1b\u00f3l\" \/>\n\t\t<meta property=\"og:type\" content=\"article\" \/>\n\t\t<meta property=\"og:title\" content=\"A fiatalok t\u00f6bbs\u00e9ge nem akar alkalmazott lenni\" \/>\n\t\t<meta property=\"og:description\" content=\"A p\u00e1r \u00e9v m\u00falva a munkaer\u0151piacra l\u00e9p\u0151 fiatalok nem szeretn\u00e9nek alkalmazottak lenni. Az Alfa gener\u00e1ci\u00f3s gyerekek egy sokkal k\u00e9nyelmesebb vil\u00e1got k\u00e9pzelnek el.\" \/>\n\t\t<meta property=\"og:url\" content=\"https:\/\/allasorias.hu\/hirek\/nem-szeretnenek-alkalmazottak-lenni-a-fiatalok\/\" \/>\n\t\t<meta property=\"og:image\" content=\"https:\/\/allasorias.hu\/hirek\/wp-content\/uploads\/2023\/11\/alfa-generacio.jpg\" \/>\n\t\t<meta property=\"og:image:secure_url\" content=\"https:\/\/allasorias.hu\/hirek\/wp-content\/uploads\/2023\/11\/alfa-generacio.jpg\" \/>\n\t\t<meta property=\"og:image:width\" content=\"1280\" \/>\n\t\t<meta property=\"og:image:height\" content=\"854\" \/>\n\t\t<meta property=\"article:published_time\" content=\"2023-11-16T08:49:39+00:00\" \/>\n\t\t<meta property=\"article:modified_time\" content=\"2025-05-09T14:12:46+00:00\" \/>\n\t\t<meta property=\"article:publisher\" content=\"https:\/\/www.facebook.com\/allasorias\" \/>\n\t\t<meta name=\"twitter:card\" content=\"summary_large_image\" \/>\n\t\t<meta name=\"twitter:title\" content=\"A fiatalok t\u00f6bbs\u00e9ge nem akar alkalmazott lenni\" \/>\n\t\t<meta name=\"twitter:description\" content=\"A p\u00e1r \u00e9v m\u00falva a munkaer\u0151piacra l\u00e9p\u0151 fiatalok nem szeretn\u00e9nek alkalmazottak lenni. Az Alfa gener\u00e1ci\u00f3s gyerekek egy sokkal k\u00e9nyelmesebb vil\u00e1got k\u00e9pzelnek el.\" \/>\n\t\t<meta name=\"twitter:image\" content=\"https:\/\/allasorias.hu\/hirek\/wp-content\/uploads\/2023\/11\/alfa-generacio.jpg\" \/>\n\t\t<meta name=\"twitter:label1\" content=\"Written by\" \/>\n\t\t<meta name=\"twitter:data1\" content=\"Juh\u00e1sz P\u00e9ter\" \/>\n\t\t<meta name=\"twitter:label2\" content=\"Est. reading time\" \/>\n\t\t<meta name=\"twitter:data2\" content=\"2 minutes\" \/>\n\t\t<script type=\"application\/ld+json\" class=\"aioseo-schema\">\n\t\t\t{\"@context\":\"https:\\\/\\\/schema.org\",\"@graph\":[{\"@type\":\"Article\",\"@id\":\"https:\\\/\\\/allasorias.hu\\\/hirek\\\/nem-szeretnenek-alkalmazottak-lenni-a-fiatalok\\\/#article\",\"name\":\"A fiatalok t\\u00f6bbs\\u00e9ge nem akar alkalmazott lenni\",\"headline\":\"Nem szeretn\\u00e9nek alkalmazottak lenni a fiatalok\",\"author\":{\"@id\":\"https:\\\/\\\/allasorias.hu\\\/hirek\\\/author\\\/admin-allasorias\\\/#author\"},\"publisher\":{\"@id\":\"https:\\\/\\\/allasorias.hu\\\/hirek\\\/#organization\"},\"image\":{\"@type\":\"ImageObject\",\"url\":\"https:\\\/\\\/allasorias.hu\\\/hirek\\\/wp-content\\\/uploads\\\/2023\\\/11\\\/alfa-generacio.jpg\",\"width\":1280,\"height\":854,\"caption\":\"Nem szeretn\\u00e9nek alkalmazottak lenni a fiatalok - Allasorias.hu\\\/Hirek\"},\"datePublished\":\"2023-11-16T10:49:39+02:00\",\"dateModified\":\"2025-05-09T16:12:46+02:00\",\"inLanguage\":\"hu-HU\",\"mainEntityOfPage\":{\"@id\":\"https:\\\/\\\/allasorias.hu\\\/hirek\\\/nem-szeretnenek-alkalmazottak-lenni-a-fiatalok\\\/#webpage\"},\"isPartOf\":{\"@id\":\"https:\\\/\\\/allasorias.hu\\\/hirek\\\/nem-szeretnenek-alkalmazottak-lenni-a-fiatalok\\\/#webpage\"},\"articleSection\":\"Munkaer\\u0151piac, alfa gener\\u00e1ci\\u00f3, fiatalok, k\\u00f6z\\u00f6ss\\u00e9gi m\\u00e9dia\"},{\"@type\":\"BreadcrumbList\",\"@id\":\"https:\\\/\\\/allasorias.hu\\\/hirek\\\/nem-szeretnenek-alkalmazottak-lenni-a-fiatalok\\\/#breadcrumblist\",\"itemListElement\":[{\"@type\":\"ListItem\",\"@id\":\"https:\\\/\\\/allasorias.hu\\\/hirek#listItem\",\"position\":1,\"name\":\"Home\",\"item\":\"https:\\\/\\\/allasorias.hu\\\/hirek\",\"nextItem\":{\"@type\":\"ListItem\",\"@id\":\"https:\\\/\\\/allasorias.hu\\\/hirek\\\/temak\\\/munkaeropiac\\\/#listItem\",\"name\":\"Munkaer\\u0151piac\"}},{\"@type\":\"ListItem\",\"@id\":\"https:\\\/\\\/allasorias.hu\\\/hirek\\\/temak\\\/munkaeropiac\\\/#listItem\",\"position\":2,\"name\":\"Munkaer\\u0151piac\",\"item\":\"https:\\\/\\\/allasorias.hu\\\/hirek\\\/temak\\\/munkaeropiac\\\/\",\"nextItem\":{\"@type\":\"ListItem\",\"@id\":\"https:\\\/\\\/allasorias.hu\\\/hirek\\\/nem-szeretnenek-alkalmazottak-lenni-a-fiatalok\\\/#listItem\",\"name\":\"Nem szeretn\\u00e9nek alkalmazottak lenni a fiatalok\"},\"previousItem\":{\"@type\":\"ListItem\",\"@id\":\"https:\\\/\\\/allasorias.hu\\\/hirek#listItem\",\"name\":\"Home\"}},{\"@type\":\"ListItem\",\"@id\":\"https:\\\/\\\/allasorias.hu\\\/hirek\\\/nem-szeretnenek-alkalmazottak-lenni-a-fiatalok\\\/#listItem\",\"position\":3,\"name\":\"Nem szeretn\\u00e9nek alkalmazottak lenni a fiatalok\",\"previousItem\":{\"@type\":\"ListItem\",\"@id\":\"https:\\\/\\\/allasorias.hu\\\/hirek\\\/temak\\\/munkaeropiac\\\/#listItem\",\"name\":\"Munkaer\\u0151piac\"}}]},{\"@type\":\"Organization\",\"@id\":\"https:\\\/\\\/allasorias.hu\\\/hirek\\\/#organization\",\"name\":\"AllasOrias.hu | H\\u00edrek-lapszemle\",\"description\":\"\\u00dczleti h\\u00edrek az \\u00e1ll\\u00e1s \\u00e9s a munka vil\\u00e1g\\u00e1b\\u00f3l\",\"url\":\"https:\\\/\\\/allasorias.hu\\\/hirek\\\/\",\"logo\":{\"@type\":\"ImageObject\",\"url\":\"https:\\\/\\\/allasorias.hu\\\/hirek\\\/wp-content\\\/uploads\\\/2022\\\/10\\\/allasorias_site_facebok_logo.png\",\"@id\":\"https:\\\/\\\/allasorias.hu\\\/hirek\\\/nem-szeretnenek-alkalmazottak-lenni-a-fiatalok\\\/#organizationLogo\"},\"image\":{\"@id\":\"https:\\\/\\\/allasorias.hu\\\/hirek\\\/nem-szeretnenek-alkalmazottak-lenni-a-fiatalok\\\/#organizationLogo\"},\"sameAs\":[\"https:\\\/\\\/www.facebook.com\\\/allasorias\",\"https:\\\/\\\/www.linkedin.com\\\/company\\\/allasorias\"]},{\"@type\":\"Person\",\"@id\":\"https:\\\/\\\/allasorias.hu\\\/hirek\\\/author\\\/admin-allasorias\\\/#author\",\"url\":\"https:\\\/\\\/allasorias.hu\\\/hirek\\\/author\\\/admin-allasorias\\\/\",\"name\":\"Juh\\u00e1sz P\\u00e9ter\",\"image\":{\"@type\":\"ImageObject\",\"@id\":\"https:\\\/\\\/allasorias.hu\\\/hirek\\\/nem-szeretnenek-alkalmazottak-lenni-a-fiatalok\\\/#authorImage\",\"url\":\"https:\\\/\\\/secure.gravatar.com\\\/avatar\\\/36e6bcb83148978b992977cb0f54d22feb0cce8a0a849a9410532bb2623ba4c6?s=96&d=mm&r=g\",\"width\":96,\"height\":96,\"caption\":\"Juh\\u00e1sz P\\u00e9ter\"}},{\"@type\":\"WebPage\",\"@id\":\"https:\\\/\\\/allasorias.hu\\\/hirek\\\/nem-szeretnenek-alkalmazottak-lenni-a-fiatalok\\\/#webpage\",\"url\":\"https:\\\/\\\/allasorias.hu\\\/hirek\\\/nem-szeretnenek-alkalmazottak-lenni-a-fiatalok\\\/\",\"name\":\"A fiatalok t\\u00f6bbs\\u00e9ge nem akar alkalmazott lenni\",\"description\":\"A p\\u00e1r \\u00e9v m\\u00falva a munkaer\\u0151piacra l\\u00e9p\\u0151 fiatalok nem szeretn\\u00e9nek alkalmazottak lenni. Az Alfa gener\\u00e1ci\\u00f3s gyerekek egy sokkal k\\u00e9nyelmesebb vil\\u00e1got k\\u00e9pzelnek el.\",\"inLanguage\":\"hu-HU\",\"isPartOf\":{\"@id\":\"https:\\\/\\\/allasorias.hu\\\/hirek\\\/#website\"},\"breadcrumb\":{\"@id\":\"https:\\\/\\\/allasorias.hu\\\/hirek\\\/nem-szeretnenek-alkalmazottak-lenni-a-fiatalok\\\/#breadcrumblist\"},\"author\":{\"@id\":\"https:\\\/\\\/allasorias.hu\\\/hirek\\\/author\\\/admin-allasorias\\\/#author\"},\"creator\":{\"@id\":\"https:\\\/\\\/allasorias.hu\\\/hirek\\\/author\\\/admin-allasorias\\\/#author\"},\"image\":{\"@type\":\"ImageObject\",\"url\":\"https:\\\/\\\/allasorias.hu\\\/hirek\\\/wp-content\\\/uploads\\\/2023\\\/11\\\/alfa-generacio.jpg\",\"@id\":\"https:\\\/\\\/allasorias.hu\\\/hirek\\\/nem-szeretnenek-alkalmazottak-lenni-a-fiatalok\\\/#mainImage\",\"width\":1280,\"height\":854,\"caption\":\"Nem szeretn\\u00e9nek alkalmazottak lenni a fiatalok - Allasorias.hu\\\/Hirek\"},\"primaryImageOfPage\":{\"@id\":\"https:\\\/\\\/allasorias.hu\\\/hirek\\\/nem-szeretnenek-alkalmazottak-lenni-a-fiatalok\\\/#mainImage\"},\"datePublished\":\"2023-11-16T10:49:39+02:00\",\"dateModified\":\"2025-05-09T16:12:46+02:00\"},{\"@type\":\"WebSite\",\"@id\":\"https:\\\/\\\/allasorias.hu\\\/hirek\\\/#website\",\"url\":\"https:\\\/\\\/allasorias.hu\\\/hirek\\\/\",\"name\":\"AllasOrias.hu | H\\u00edrek-lapszemle\",\"description\":\"\\u00dczleti h\\u00edrek az \\u00e1ll\\u00e1s \\u00e9s a munka vil\\u00e1g\\u00e1b\\u00f3l\",\"inLanguage\":\"hu-HU\",\"publisher\":{\"@id\":\"https:\\\/\\\/allasorias.hu\\\/hirek\\\/#organization\"}}]}\n\t\t<\/script>\n\t\t<!-- All in One SEO -->\n\n","aioseo_head_json":{"title":"A fiatalok t\u00f6bbs\u00e9ge nem akar alkalmazott lenni","description":"A p\u00e1r \u00e9v m\u00falva a munkaer\u0151piacra l\u00e9p\u0151 fiatalok nem szeretn\u00e9nek alkalmazottak lenni. Az Alfa gener\u00e1ci\u00f3s gyerekek egy sokkal k\u00e9nyelmesebb vil\u00e1got k\u00e9pzelnek el.","canonical_url":"https:\/\/allasorias.hu\/hirek\/nem-szeretnenek-alkalmazottak-lenni-a-fiatalok\/","robots":"max-image-preview:large","keywords":"alfa gener\u00e1ci\u00f3,fiatalok,k\u00f6z\u00f6ss\u00e9gi m\u00e9dia","webmasterTools":{"miscellaneous":""},"schema":{"@context":"https:\/\/schema.org","@graph":[{"@type":"Article","@id":"https:\/\/allasorias.hu\/hirek\/nem-szeretnenek-alkalmazottak-lenni-a-fiatalok\/#article","name":"A fiatalok t\u00f6bbs\u00e9ge nem akar alkalmazott lenni","headline":"Nem szeretn\u00e9nek alkalmazottak lenni a fiatalok","author":{"@id":"https:\/\/allasorias.hu\/hirek\/author\/admin-allasorias\/#author"},"publisher":{"@id":"https:\/\/allasorias.hu\/hirek\/#organization"},"image":{"@type":"ImageObject","url":"https:\/\/allasorias.hu\/hirek\/wp-content\/uploads\/2023\/11\/alfa-generacio.jpg","width":1280,"height":854,"caption":"Nem szeretn\u00e9nek alkalmazottak lenni a fiatalok - Allasorias.hu\/Hirek"},"datePublished":"2023-11-16T10:49:39+02:00","dateModified":"2025-05-09T16:12:46+02:00","inLanguage":"hu-HU","mainEntityOfPage":{"@id":"https:\/\/allasorias.hu\/hirek\/nem-szeretnenek-alkalmazottak-lenni-a-fiatalok\/#webpage"},"isPartOf":{"@id":"https:\/\/allasorias.hu\/hirek\/nem-szeretnenek-alkalmazottak-lenni-a-fiatalok\/#webpage"},"articleSection":"Munkaer\u0151piac, alfa gener\u00e1ci\u00f3, fiatalok, k\u00f6z\u00f6ss\u00e9gi m\u00e9dia"},{"@type":"BreadcrumbList","@id":"https:\/\/allasorias.hu\/hirek\/nem-szeretnenek-alkalmazottak-lenni-a-fiatalok\/#breadcrumblist","itemListElement":[{"@type":"ListItem","@id":"https:\/\/allasorias.hu\/hirek#listItem","position":1,"name":"Home","item":"https:\/\/allasorias.hu\/hirek","nextItem":{"@type":"ListItem","@id":"https:\/\/allasorias.hu\/hirek\/temak\/munkaeropiac\/#listItem","name":"Munkaer\u0151piac"}},{"@type":"ListItem","@id":"https:\/\/allasorias.hu\/hirek\/temak\/munkaeropiac\/#listItem","position":2,"name":"Munkaer\u0151piac","item":"https:\/\/allasorias.hu\/hirek\/temak\/munkaeropiac\/","nextItem":{"@type":"ListItem","@id":"https:\/\/allasorias.hu\/hirek\/nem-szeretnenek-alkalmazottak-lenni-a-fiatalok\/#listItem","name":"Nem szeretn\u00e9nek alkalmazottak lenni a fiatalok"},"previousItem":{"@type":"ListItem","@id":"https:\/\/allasorias.hu\/hirek#listItem","name":"Home"}},{"@type":"ListItem","@id":"https:\/\/allasorias.hu\/hirek\/nem-szeretnenek-alkalmazottak-lenni-a-fiatalok\/#listItem","position":3,"name":"Nem szeretn\u00e9nek alkalmazottak lenni a fiatalok","previousItem":{"@type":"ListItem","@id":"https:\/\/allasorias.hu\/hirek\/temak\/munkaeropiac\/#listItem","name":"Munkaer\u0151piac"}}]},{"@type":"Organization","@id":"https:\/\/allasorias.hu\/hirek\/#organization","name":"AllasOrias.hu | H\u00edrek-lapszemle","description":"\u00dczleti h\u00edrek az \u00e1ll\u00e1s \u00e9s a munka vil\u00e1g\u00e1b\u00f3l","url":"https:\/\/allasorias.hu\/hirek\/","logo":{"@type":"ImageObject","url":"https:\/\/allasorias.hu\/hirek\/wp-content\/uploads\/2022\/10\/allasorias_site_facebok_logo.png","@id":"https:\/\/allasorias.hu\/hirek\/nem-szeretnenek-alkalmazottak-lenni-a-fiatalok\/#organizationLogo"},"image":{"@id":"https:\/\/allasorias.hu\/hirek\/nem-szeretnenek-alkalmazottak-lenni-a-fiatalok\/#organizationLogo"},"sameAs":["https:\/\/www.facebook.com\/allasorias","https:\/\/www.linkedin.com\/company\/allasorias"]},{"@type":"Person","@id":"https:\/\/allasorias.hu\/hirek\/author\/admin-allasorias\/#author","url":"https:\/\/allasorias.hu\/hirek\/author\/admin-allasorias\/","name":"Juh\u00e1sz P\u00e9ter","image":{"@type":"ImageObject","@id":"https:\/\/allasorias.hu\/hirek\/nem-szeretnenek-alkalmazottak-lenni-a-fiatalok\/#authorImage","url":"https:\/\/secure.gravatar.com\/avatar\/36e6bcb83148978b992977cb0f54d22feb0cce8a0a849a9410532bb2623ba4c6?s=96&d=mm&r=g","width":96,"height":96,"caption":"Juh\u00e1sz P\u00e9ter"}},{"@type":"WebPage","@id":"https:\/\/allasorias.hu\/hirek\/nem-szeretnenek-alkalmazottak-lenni-a-fiatalok\/#webpage","url":"https:\/\/allasorias.hu\/hirek\/nem-szeretnenek-alkalmazottak-lenni-a-fiatalok\/","name":"A fiatalok t\u00f6bbs\u00e9ge nem akar alkalmazott lenni","description":"A p\u00e1r \u00e9v m\u00falva a munkaer\u0151piacra l\u00e9p\u0151 fiatalok nem szeretn\u00e9nek alkalmazottak lenni. Az Alfa gener\u00e1ci\u00f3s gyerekek egy sokkal k\u00e9nyelmesebb vil\u00e1got k\u00e9pzelnek el.","inLanguage":"hu-HU","isPartOf":{"@id":"https:\/\/allasorias.hu\/hirek\/#website"},"breadcrumb":{"@id":"https:\/\/allasorias.hu\/hirek\/nem-szeretnenek-alkalmazottak-lenni-a-fiatalok\/#breadcrumblist"},"author":{"@id":"https:\/\/allasorias.hu\/hirek\/author\/admin-allasorias\/#author"},"creator":{"@id":"https:\/\/allasorias.hu\/hirek\/author\/admin-allasorias\/#author"},"image":{"@type":"ImageObject","url":"https:\/\/allasorias.hu\/hirek\/wp-content\/uploads\/2023\/11\/alfa-generacio.jpg","@id":"https:\/\/allasorias.hu\/hirek\/nem-szeretnenek-alkalmazottak-lenni-a-fiatalok\/#mainImage","width":1280,"height":854,"caption":"Nem szeretn\u00e9nek alkalmazottak lenni a fiatalok - Allasorias.hu\/Hirek"},"primaryImageOfPage":{"@id":"https:\/\/allasorias.hu\/hirek\/nem-szeretnenek-alkalmazottak-lenni-a-fiatalok\/#mainImage"},"datePublished":"2023-11-16T10:49:39+02:00","dateModified":"2025-05-09T16:12:46+02:00"},{"@type":"WebSite","@id":"https:\/\/allasorias.hu\/hirek\/#website","url":"https:\/\/allasorias.hu\/hirek\/","name":"AllasOrias.hu | H\u00edrek-lapszemle","description":"\u00dczleti h\u00edrek az \u00e1ll\u00e1s \u00e9s a munka vil\u00e1g\u00e1b\u00f3l","inLanguage":"hu-HU","publisher":{"@id":"https:\/\/allasorias.hu\/hirek\/#organization"}}]},"og:locale":"hu_HU","og:site_name":"AllasOrias.hu | H\u00edrek-lapszemle | \u00dczleti h\u00edrek az \u00e1ll\u00e1s \u00e9s a munka vil\u00e1g\u00e1b\u00f3l","og:type":"article","og:title":"A fiatalok t\u00f6bbs\u00e9ge nem akar alkalmazott lenni","og:description":"A p\u00e1r \u00e9v m\u00falva a munkaer\u0151piacra l\u00e9p\u0151 fiatalok nem szeretn\u00e9nek alkalmazottak lenni. Az Alfa gener\u00e1ci\u00f3s gyerekek egy sokkal k\u00e9nyelmesebb vil\u00e1got k\u00e9pzelnek el.","og:url":"https:\/\/allasorias.hu\/hirek\/nem-szeretnenek-alkalmazottak-lenni-a-fiatalok\/","og:image":"https:\/\/allasorias.hu\/hirek\/wp-content\/uploads\/2023\/11\/alfa-generacio.jpg","og:image:secure_url":"https:\/\/allasorias.hu\/hirek\/wp-content\/uploads\/2023\/11\/alfa-generacio.jpg","og:image:width":1280,"og:image:height":854,"article:published_time":"2023-11-16T08:49:39+00:00","article:modified_time":"2025-05-09T14:12:46+00:00","article:publisher":"https:\/\/www.facebook.com\/allasorias","twitter:card":"summary_large_image","twitter:title":"A fiatalok t\u00f6bbs\u00e9ge nem akar alkalmazott lenni","twitter:description":"A p\u00e1r \u00e9v m\u00falva a munkaer\u0151piacra l\u00e9p\u0151 fiatalok nem szeretn\u00e9nek alkalmazottak lenni. Az Alfa gener\u00e1ci\u00f3s gyerekek egy sokkal k\u00e9nyelmesebb vil\u00e1got k\u00e9pzelnek el.","twitter:image":"https:\/\/allasorias.hu\/hirek\/wp-content\/uploads\/2023\/11\/alfa-generacio.jpg","twitter:label1":"Written by","twitter:data1":"Juh\u00e1sz P\u00e9ter","twitter:label2":"Est. reading time","twitter:data2":"2 minutes"},"aioseo_meta_data":{"post_id":"7007","title":"A fiatalok t\u00f6bbs\u00e9ge nem akar alkalmazott lenni","description":"A p\u00e1r \u00e9v m\u00falva a munkaer\u0151piacra l\u00e9p\u0151 fiatalok nem szeretn\u00e9nek alkalmazottak lenni. Az Alfa gener\u00e1ci\u00f3s gyerekek egy sokkal k\u00e9nyelmesebb vil\u00e1got k\u00e9pzelnek el.","keywords":null,"keyphrases":{"focus":{"keyphrase":"","score":0,"analysis":{"keyphraseInTitle":{"score":0,"maxScore":9,"error":1}}},"additional":[]},"primary_term":null,"canonical_url":null,"og_title":null,"og_description":null,"og_object_type":"default","og_image_type":"default","og_image_url":null,"og_image_width":null,"og_image_height":null,"og_image_custom_url":null,"og_image_custom_fields":null,"og_video":"","og_custom_url":null,"og_article_section":null,"og_article_tags":null,"twitter_use_og":true,"twitter_card":"default","twitter_image_type":"default","twitter_image_url":null,"twitter_image_custom_url":null,"twitter_image_custom_fields":null,"twitter_title":null,"twitter_description":null,"schema":{"blockGraphs":[],"customGraphs":[],"default":{"data":{"Article":[],"Course":[],"Dataset":[],"FAQPage":[],"Movie":[],"Person":[],"Product":[],"ProductReview":[],"Car":[],"Recipe":[],"Service":[],"SoftwareApplication":[],"WebPage":[]},"graphName":"Article","isEnabled":true},"graphs":[]},"schema_type":"default","schema_type_options":null,"pillar_content":false,"robots_default":true,"robots_noindex":false,"robots_noarchive":false,"robots_nosnippet":false,"robots_nofollow":false,"robots_noimageindex":false,"robots_noodp":false,"robots_notranslate":false,"robots_max_snippet":"-1","robots_max_videopreview":"-1","robots_max_imagepreview":"large","priority":null,"frequency":"default","location":null,"local_seo":null,"breadcrumb_settings":null,"limit_modified_date":false,"ai":null,"created":"2023-11-16 08:18:04","updated":"2025-10-02 19:13:35","seo_analyzer_scan_date":null,"focus_keyword":null,"additional_keywords":null,"truseo_locale":null},"aioseo_breadcrumb":"<div class=\"aioseo-breadcrumbs\"><span class=\"aioseo-breadcrumb\">\n\t\t\t<a href=\"https:\/\/allasorias.hu\/hirek\" title=\"Home\">Home<\/a>\n\t\t<\/span><span class=\"aioseo-breadcrumb-separator\">&raquo;<\/span><span class=\"aioseo-breadcrumb\">\n\t\t\t<a href=\"https:\/\/allasorias.hu\/hirek\/temak\/munkaeropiac\/\" title=\"Munkaer\u0151piac\">Munkaer\u0151piac<\/a>\n\t\t<\/span><span class=\"aioseo-breadcrumb-separator\">&raquo;<\/span><span class=\"aioseo-breadcrumb\">\n\t\t\tNem szeretn\u00e9nek alkalmazottak lenni a fiatalok\n\t\t<\/span><\/div>","aioseo_breadcrumb_json":[{"label":"Home","link":"https:\/\/allasorias.hu\/hirek"},{"label":"Munkaer\u0151piac","link":"https:\/\/allasorias.hu\/hirek\/temak\/munkaeropiac\/"},{"label":"Nem szeretn\u00e9nek alkalmazottak lenni a fiatalok","link":"https:\/\/allasorias.hu\/hirek\/nem-szeretnenek-alkalmazottak-lenni-a-fiatalok\/"}],"_links":{"self":[{"href":"https:\/\/allasorias.hu\/hirek\/wp-json\/wp\/v2\/posts\/7007","targetHints":{"allow":["GET"]}}],"collection":[{"href":"https:\/\/allasorias.hu\/hirek\/wp-json\/wp\/v2\/posts"}],"about":[{"href":"https:\/\/allasorias.hu\/hirek\/wp-json\/wp\/v2\/types\/post"}],"author":[{"embeddable":true,"href":"https:\/\/allasorias.hu\/hirek\/wp-json\/wp\/v2\/users\/1"}],"replies":[{"embeddable":true,"href":"https:\/\/allasorias.hu\/hirek\/wp-json\/wp\/v2\/comments?post=7007"}],"version-history":[{"count":3,"href":"https:\/\/allasorias.hu\/hirek\/wp-json\/wp\/v2\/posts\/7007\/revisions"}],"predecessor-version":[{"id":7011,"href":"https:\/\/allasorias.hu\/hirek\/wp-json\/wp\/v2\/posts\/7007\/revisions\/7011"}],"wp:featuredmedia":[{"embeddable":true,"href":"https:\/\/allasorias.hu\/hirek\/wp-json\/wp\/v2\/media\/7008"}],"wp:attachment":[{"href":"https:\/\/allasorias.hu\/hirek\/wp-json\/wp\/v2\/media?parent=7007"}],"wp:term":[{"taxonomy":"category","embeddable":true,"href":"https:\/\/allasorias.hu\/hirek\/wp-json\/wp\/v2\/categories?post=7007"},{"taxonomy":"post_tag","embeddable":true,"href":"https:\/\/allasorias.hu\/hirek\/wp-json\/wp\/v2\/tags?post=7007"}],"curies":[{"name":"wp","href":"https:\/\/api.w.org\/{rel}","templated":true}]}}