{"id":7003,"date":"2023-11-15T11:23:47","date_gmt":"2023-11-15T09:23:47","guid":{"rendered":"https:\/\/allasorias.hu\/hirek\/?p=7003"},"modified":"2025-05-09T10:53:12","modified_gmt":"2025-05-09T08:53:12","slug":"az-unio-minden-orszaga-erintett-a-kepzett-munkaero-hianyaval","status":"publish","type":"post","link":"https:\/\/allasorias.hu\/hirek\/az-unio-minden-orszaga-erintett-a-kepzett-munkaero-hianyaval\/","title":{"rendered":"Az uni\u00f3 minden orsz\u00e1ga \u00e9rintett a k\u00e9pzett munkaer\u0151 hi\u00e1ny\u00e1val"},"content":{"rendered":"<p><strong>Az eur\u00f3pai kkv-k csaknem fele &#8211; 42 sz\u00e1zal\u00e9ka &#8211;\u00a0 jelezte, hogy k\u00fczd a k\u00e9pzett munkaer\u0151 hi\u00e1ny\u00e1val. K\u00fcl\u00f6n\u00f6sen az ipari \u00e9s a feldolgoz\u00f3ipari v\u00e1llalkoz\u00e1sok sz\u00e1m\u00e1ra jelent ez gondot. A szakk\u00e9pzetts\u00e9ghi\u00e1ny t\u00f6bbf\u00e9lek\u00e9ppen \u00e9rinti a kkv-kat: a megl\u00e9v\u0151 szem\u00e9lyzet munkaterhel\u00e9s\u00e9nek n\u00f6veked\u00e9s\u00e9hez, az \u00e9rt\u00e9kes\u00edt\u00e9s vagy \u00e9rt\u00e9kes\u00edt\u00e9si lehet\u0151s\u00e9gek cs\u00f6kken\u00e9s\u00e9hez, valamint a nyeres\u00e9gess\u00e9g \u00e9s a n\u00f6veked\u00e9s visszaes\u00e9s\u00e9hez vezet. <\/strong><\/p>\n<p>A szakk\u00e9pzetts\u00e9g hi\u00e1nya az egyik legs\u00falyosabb probl\u00e9ma az EU kis- \u00e9s k\u00f6z\u00e9pv\u00e1llalkoz\u00e1sai (kkv-k) sz\u00e1m\u00e1ra, a k\u00e9szs\u00e9ghi\u00e1ny okozta kih\u00edv\u00e1s az \u00e9vek sor\u00e1n egyre nagyobb m\u00e9reteket \u00f6lt\u00f6tt, \u00e9s ma m\u00e1r az EU valamennyi tag\u00e1llam\u00e1t \u00e9s a gazdas\u00e1g valamennyi \u00e1gazat\u00e1t \u00e9rinti &#8211; der\u00fclt ki az Eur\u00f3pai Bizotts\u00e1g \u00e1ltal kedden k\u00f6zz\u00e9tett Eurobarom\u00e9ter-felm\u00e9r\u00e9sb\u0151l. A kkv-k leggyakrabban a m\u0171szaki k\u00e9pzetts\u00e9g\u0171 munkaer\u0151, p\u00e9ld\u00e1ul a laborat\u00f3riumi dolgoz\u00f3k, a szerel\u0151k \u00e9s m\u00e1sok eset\u00e9ben szembes\u00fclnek a k\u00e9szs\u00e9ghi\u00e1nnyal.<\/p>\n<p>A kkv-k 14 sz\u00e1zal\u00e9ka sz\u00e1molt be arr\u00f3l, hogy a szakk\u00e9pzetts\u00e9gi hi\u00e1ny kezel\u00e9s\u00e9re m\u00e1s uni\u00f3s tag\u00e1llamokb\u00f3l sz\u00e1rmaz\u00f3 szem\u00e9lyzetet alkalmaz, b\u00e1r ez az ar\u00e1ny a nagyobb kkv-k eset\u00e9ben magasabb. Az EU-n bel\u00fcli szakk\u00e9pzett munkaer\u0151 felv\u00e9tel\u00e9nek legf\u0151bb akad\u00e1lyak\u00e9nt a nyelvi akad\u00e1lyokat, kisebb m\u00e9rt\u00e9kben az adminisztrat\u00edv neh\u00e9zs\u00e9geket jel\u00f6lt\u00e9k meg. A <a href=\"https:\/\/allasorias.hu\/hirek\/erositeni-kell-a-kis-es-kozepvallalkozasokat\/\">kis- \u00e9s k\u00f6z\u00e9pv\u00e1llalkoz\u00e1sok<\/a> t\u00f6bbs\u00e9ge viszonylag el\u00e9gedett a szakk\u00e9pzetts\u00e9gi hi\u00e1ny kezel\u00e9s\u00e9re kapott szakpolitikai t\u00e1mogat\u00e1ssal, ugyanakkor jelezt\u00e9k, hogy van m\u00e9g mit jav\u00edtani.<\/p>\n<p>Az ig\u00e9nyeiket legink\u00e1bb t\u00e1mogat\u00f3 szakpolitik\u00e1k tekintet\u00e9ben a mikrov\u00e1llalkoz\u00e1sok f\u0151k\u00e9nt az ad\u00f3z\u00e1si \u00f6szt\u00f6nz\u0151ket \u00e9s a k\u00f6zvetlen t\u00e1mogat\u00e1sokat eml\u00edtik, m\u00edg a k\u00f6zepes m\u00e9ret\u0171 v\u00e1llalkoz\u00e1sok a tov\u00e1bbk\u00e9pz\u00e9si lehet\u0151s\u00e9geket tartj\u00e1k a leghasznosabbnak. A felm\u00e9r\u00e9st, amelynek keret\u00e9ben t\u00f6bb mint 19 ezer v\u00e1llalatot k\u00e9rdeztek meg, 2023 szeptembere \u00e9s okt\u00f3bere k\u00f6z\u00f6tt v\u00e9gezt\u00e9k a 27 uni\u00f3s tag\u00e1llamban, valamint Izlandon, Norv\u00e9gi\u00e1ban, Sv\u00e1jcban, az Egyes\u00fclt Kir\u00e1lys\u00e1gban, \u00c9szak-Maced\u00f3ni\u00e1ban, T\u00f6r\u00f6korsz\u00e1gban, az Egyes\u00fclt \u00c1llamokban, Kanad\u00e1ban \u00e9s Jap\u00e1nban. A jelent\u00e9s f\u0151k\u00e9nt EU-ban m\u0171k\u00f6d\u0151 kkv-kra \u00f6sszpontos\u00edt, amelyek adatait \u00f6sszehasonl\u00edtott\u00e1k az EU-ban megk\u00e9rdezett nagyv\u00e1llalatok, valamint az EU-n k\u00edv\u00fcli orsz\u00e1gok kis- \u00e9s k\u00f6z\u00e9pv\u00e1llalkoz\u00e1sainak adataival.<\/p>\n<p>Forr\u00e1s: <a href=\"https:\/\/www.hrportal.hu\/c\/a-kepzett-munkaero-hianyaval-kuzdenek-az-eu-minden-orszagaban-20231114.html\" target=\"_blank\" rel=\"nofollow noopener noreferrer\">hrportal.hu<\/a><\/p>\n","protected":false},"excerpt":{"rendered":"<p>Az eur\u00f3pai kkv-k csaknem fele &#8211; 42 sz\u00e1zal\u00e9ka &#8211;\u00a0 jelezte, hogy k\u00fczd a k\u00e9pzett munkaer\u0151 hi\u00e1ny\u00e1val. K\u00fcl\u00f6n\u00f6sen az ipari \u00e9s a feldolgoz\u00f3ipari v\u00e1llalkoz\u00e1sok sz\u00e1m\u00e1ra jelent ez gondot. A szakk\u00e9pzetts\u00e9ghi\u00e1ny t\u00f6bbf\u00e9lek\u00e9ppen \u00e9rinti a kkv-kat: a megl\u00e9v\u0151 szem\u00e9lyzet munkaterhel\u00e9s\u00e9nek n\u00f6veked\u00e9s\u00e9hez, az \u00e9rt\u00e9kes\u00edt\u00e9s vagy \u00e9rt\u00e9kes\u00edt\u00e9si lehet\u0151s\u00e9gek cs\u00f6kken\u00e9s\u00e9hez, valamint a nyeres\u00e9gess\u00e9g \u00e9s a n\u00f6veked\u00e9s visszaes\u00e9s\u00e9hez vezet. A szakk\u00e9pzetts\u00e9g hi\u00e1nya [&hellip;]<\/p>\n","protected":false},"author":1,"featured_media":7004,"comment_status":"closed","ping_status":"closed","sticky":false,"template":"","format":"standard","meta":{"_monsterinsights_skip_tracking":false,"footnotes":""},"categories":[201],"tags":[296,649],"class_list":["post-7003","post","type-post","status-publish","format-standard","has-post-thumbnail","hentry","category-kulfold","tag-munkaerohiany","tag-szakkepzettsag"],"aioseo_notices":[],"aioseo_head":"\n\t\t<!-- All in One SEO 5.0.0.1 - aioseo.com -->\n\t<meta name=\"description\" content=\"Az eur\u00f3pai kkv-k csaknem fele - 42 sz\u00e1zal\u00e9ka - jelezte, hogy k\u00fczd a k\u00e9pzett munkaer\u0151 hi\u00e1ny\u00e1val. K\u00fcl\u00f6n\u00f6sen az ipari \u00e9s a feldolgoz\u00f3ipari v\u00e1llalkoz\u00e1sok.\" \/>\n\t<meta name=\"robots\" content=\"max-image-preview:large\" \/>\n\t<meta name=\"author\" content=\"Juh\u00e1sz P\u00e9ter\"\/>\n\t<meta name=\"keywords\" content=\"munkaer\u0151hi\u00e1ny,szakk\u00e9pzetts\u00e1g\" \/>\n\t<link rel=\"canonical\" href=\"https:\/\/allasorias.hu\/hirek\/az-unio-minden-orszaga-erintett-a-kepzett-munkaero-hianyaval\/\" \/>\n\t<meta name=\"generator\" content=\"All in One SEO (AIOSEO) 5.0.0.1\" \/>\n\t\t<meta property=\"og:locale\" content=\"hu_HU\" \/>\n\t\t<meta property=\"og:site_name\" content=\"AllasOrias.hu | H\u00edrek-lapszemle | \u00dczleti h\u00edrek az \u00e1ll\u00e1s \u00e9s a munka vil\u00e1g\u00e1b\u00f3l\" \/>\n\t\t<meta property=\"og:type\" content=\"article\" \/>\n\t\t<meta property=\"og:title\" content=\"Minden uni\u00f3s orsz\u00e1gban hi\u00e1ny a szaktud\u00e1s\" \/>\n\t\t<meta property=\"og:description\" content=\"Az eur\u00f3pai kkv-k csaknem fele - 42 sz\u00e1zal\u00e9ka - jelezte, hogy k\u00fczd a k\u00e9pzett munkaer\u0151 hi\u00e1ny\u00e1val. K\u00fcl\u00f6n\u00f6sen az ipari \u00e9s a feldolgoz\u00f3ipari v\u00e1llalkoz\u00e1sok.\" \/>\n\t\t<meta property=\"og:url\" content=\"https:\/\/allasorias.hu\/hirek\/az-unio-minden-orszaga-erintett-a-kepzett-munkaero-hianyaval\/\" \/>\n\t\t<meta property=\"og:image\" content=\"https:\/\/allasorias.hu\/hirek\/wp-content\/uploads\/2023\/11\/szakkepzett-munkaerohiany.jpg\" \/>\n\t\t<meta property=\"og:image:secure_url\" content=\"https:\/\/allasorias.hu\/hirek\/wp-content\/uploads\/2023\/11\/szakkepzett-munkaerohiany.jpg\" \/>\n\t\t<meta property=\"og:image:width\" content=\"1280\" \/>\n\t\t<meta property=\"og:image:height\" content=\"853\" \/>\n\t\t<meta property=\"article:published_time\" content=\"2023-11-15T09:23:47+00:00\" \/>\n\t\t<meta property=\"article:modified_time\" content=\"2025-05-09T08:53:12+00:00\" \/>\n\t\t<meta property=\"article:publisher\" content=\"https:\/\/www.facebook.com\/allasorias\" \/>\n\t\t<meta name=\"twitter:card\" content=\"summary_large_image\" \/>\n\t\t<meta name=\"twitter:title\" content=\"Minden uni\u00f3s orsz\u00e1gban hi\u00e1ny a szaktud\u00e1s\" \/>\n\t\t<meta name=\"twitter:description\" content=\"Az eur\u00f3pai kkv-k csaknem fele - 42 sz\u00e1zal\u00e9ka - jelezte, hogy k\u00fczd a k\u00e9pzett munkaer\u0151 hi\u00e1ny\u00e1val. K\u00fcl\u00f6n\u00f6sen az ipari \u00e9s a feldolgoz\u00f3ipari v\u00e1llalkoz\u00e1sok.\" \/>\n\t\t<meta name=\"twitter:image\" content=\"https:\/\/allasorias.hu\/hirek\/wp-content\/uploads\/2023\/11\/szakkepzett-munkaerohiany.jpg\" \/>\n\t\t<meta name=\"twitter:label1\" content=\"Written by\" \/>\n\t\t<meta name=\"twitter:data1\" content=\"Juh\u00e1sz P\u00e9ter\" \/>\n\t\t<meta name=\"twitter:label2\" content=\"Est. reading time\" \/>\n\t\t<meta name=\"twitter:data2\" content=\"2 minutes\" \/>\n\t\t<script type=\"application\/ld+json\" class=\"aioseo-schema\">\n\t\t\t{\"@context\":\"https:\\\/\\\/schema.org\",\"@graph\":[{\"@type\":\"Article\",\"@id\":\"https:\\\/\\\/allasorias.hu\\\/hirek\\\/az-unio-minden-orszaga-erintett-a-kepzett-munkaero-hianyaval\\\/#article\",\"name\":\"Minden uni\\u00f3s orsz\\u00e1gban hi\\u00e1ny a szaktud\\u00e1s\",\"headline\":\"Az uni\\u00f3 minden orsz\\u00e1ga \\u00e9rintett a k\\u00e9pzett munkaer\\u0151 hi\\u00e1ny\\u00e1val\",\"author\":{\"@id\":\"https:\\\/\\\/allasorias.hu\\\/hirek\\\/author\\\/admin-allasorias\\\/#author\"},\"publisher\":{\"@id\":\"https:\\\/\\\/allasorias.hu\\\/hirek\\\/#organization\"},\"image\":{\"@type\":\"ImageObject\",\"url\":\"https:\\\/\\\/allasorias.hu\\\/hirek\\\/wp-content\\\/uploads\\\/2023\\\/11\\\/szakkepzett-munkaerohiany.jpg\",\"width\":1280,\"height\":853,\"caption\":\"Az uni\\u00f3 minden orsz\\u00e1ga \\u00e9rintett a k\\u00e9pzett munkaer\\u0151 hi\\u00e1ny\\u00e1val - Allasorias.hu\\\/Hirek\"},\"datePublished\":\"2023-11-15T11:23:47+02:00\",\"dateModified\":\"2025-05-09T10:53:12+02:00\",\"inLanguage\":\"hu-HU\",\"mainEntityOfPage\":{\"@id\":\"https:\\\/\\\/allasorias.hu\\\/hirek\\\/az-unio-minden-orszaga-erintett-a-kepzett-munkaero-hianyaval\\\/#webpage\"},\"isPartOf\":{\"@id\":\"https:\\\/\\\/allasorias.hu\\\/hirek\\\/az-unio-minden-orszaga-erintett-a-kepzett-munkaero-hianyaval\\\/#webpage\"},\"articleSection\":\"K\\u00fclf\\u00f6ld, munkaer\\u0151hi\\u00e1ny, szakk\\u00e9pzetts\\u00e1g\"},{\"@type\":\"BreadcrumbList\",\"@id\":\"https:\\\/\\\/allasorias.hu\\\/hirek\\\/az-unio-minden-orszaga-erintett-a-kepzett-munkaero-hianyaval\\\/#breadcrumblist\",\"itemListElement\":[{\"@type\":\"ListItem\",\"@id\":\"https:\\\/\\\/allasorias.hu\\\/hirek#listItem\",\"position\":1,\"name\":\"Home\",\"item\":\"https:\\\/\\\/allasorias.hu\\\/hirek\",\"nextItem\":{\"@type\":\"ListItem\",\"@id\":\"https:\\\/\\\/allasorias.hu\\\/hirek\\\/temak\\\/kulfold\\\/#listItem\",\"name\":\"K\\u00fclf\\u00f6ld\"}},{\"@type\":\"ListItem\",\"@id\":\"https:\\\/\\\/allasorias.hu\\\/hirek\\\/temak\\\/kulfold\\\/#listItem\",\"position\":2,\"name\":\"K\\u00fclf\\u00f6ld\",\"item\":\"https:\\\/\\\/allasorias.hu\\\/hirek\\\/temak\\\/kulfold\\\/\",\"nextItem\":{\"@type\":\"ListItem\",\"@id\":\"https:\\\/\\\/allasorias.hu\\\/hirek\\\/az-unio-minden-orszaga-erintett-a-kepzett-munkaero-hianyaval\\\/#listItem\",\"name\":\"Az uni\\u00f3 minden orsz\\u00e1ga \\u00e9rintett a k\\u00e9pzett munkaer\\u0151 hi\\u00e1ny\\u00e1val\"},\"previousItem\":{\"@type\":\"ListItem\",\"@id\":\"https:\\\/\\\/allasorias.hu\\\/hirek#listItem\",\"name\":\"Home\"}},{\"@type\":\"ListItem\",\"@id\":\"https:\\\/\\\/allasorias.hu\\\/hirek\\\/az-unio-minden-orszaga-erintett-a-kepzett-munkaero-hianyaval\\\/#listItem\",\"position\":3,\"name\":\"Az uni\\u00f3 minden orsz\\u00e1ga \\u00e9rintett a k\\u00e9pzett munkaer\\u0151 hi\\u00e1ny\\u00e1val\",\"previousItem\":{\"@type\":\"ListItem\",\"@id\":\"https:\\\/\\\/allasorias.hu\\\/hirek\\\/temak\\\/kulfold\\\/#listItem\",\"name\":\"K\\u00fclf\\u00f6ld\"}}]},{\"@type\":\"Organization\",\"@id\":\"https:\\\/\\\/allasorias.hu\\\/hirek\\\/#organization\",\"name\":\"AllasOrias.hu | H\\u00edrek-lapszemle\",\"description\":\"\\u00dczleti h\\u00edrek az \\u00e1ll\\u00e1s \\u00e9s a munka vil\\u00e1g\\u00e1b\\u00f3l\",\"url\":\"https:\\\/\\\/allasorias.hu\\\/hirek\\\/\",\"logo\":{\"@type\":\"ImageObject\",\"url\":\"https:\\\/\\\/allasorias.hu\\\/hirek\\\/wp-content\\\/uploads\\\/2022\\\/10\\\/allasorias_site_facebok_logo.png\",\"@id\":\"https:\\\/\\\/allasorias.hu\\\/hirek\\\/az-unio-minden-orszaga-erintett-a-kepzett-munkaero-hianyaval\\\/#organizationLogo\"},\"image\":{\"@id\":\"https:\\\/\\\/allasorias.hu\\\/hirek\\\/az-unio-minden-orszaga-erintett-a-kepzett-munkaero-hianyaval\\\/#organizationLogo\"},\"sameAs\":[\"https:\\\/\\\/www.facebook.com\\\/allasorias\",\"https:\\\/\\\/www.linkedin.com\\\/company\\\/allasorias\"]},{\"@type\":\"Person\",\"@id\":\"https:\\\/\\\/allasorias.hu\\\/hirek\\\/author\\\/admin-allasorias\\\/#author\",\"url\":\"https:\\\/\\\/allasorias.hu\\\/hirek\\\/author\\\/admin-allasorias\\\/\",\"name\":\"Juh\\u00e1sz P\\u00e9ter\",\"image\":{\"@type\":\"ImageObject\",\"@id\":\"https:\\\/\\\/allasorias.hu\\\/hirek\\\/az-unio-minden-orszaga-erintett-a-kepzett-munkaero-hianyaval\\\/#authorImage\",\"url\":\"https:\\\/\\\/secure.gravatar.com\\\/avatar\\\/36e6bcb83148978b992977cb0f54d22feb0cce8a0a849a9410532bb2623ba4c6?s=96&d=mm&r=g\",\"width\":96,\"height\":96,\"caption\":\"Juh\\u00e1sz P\\u00e9ter\"}},{\"@type\":\"WebPage\",\"@id\":\"https:\\\/\\\/allasorias.hu\\\/hirek\\\/az-unio-minden-orszaga-erintett-a-kepzett-munkaero-hianyaval\\\/#webpage\",\"url\":\"https:\\\/\\\/allasorias.hu\\\/hirek\\\/az-unio-minden-orszaga-erintett-a-kepzett-munkaero-hianyaval\\\/\",\"name\":\"Minden uni\\u00f3s orsz\\u00e1gban hi\\u00e1ny a szaktud\\u00e1s\",\"description\":\"Az eur\\u00f3pai kkv-k csaknem fele - 42 sz\\u00e1zal\\u00e9ka - jelezte, hogy k\\u00fczd a k\\u00e9pzett munkaer\\u0151 hi\\u00e1ny\\u00e1val. K\\u00fcl\\u00f6n\\u00f6sen az ipari \\u00e9s a feldolgoz\\u00f3ipari v\\u00e1llalkoz\\u00e1sok.\",\"inLanguage\":\"hu-HU\",\"isPartOf\":{\"@id\":\"https:\\\/\\\/allasorias.hu\\\/hirek\\\/#website\"},\"breadcrumb\":{\"@id\":\"https:\\\/\\\/allasorias.hu\\\/hirek\\\/az-unio-minden-orszaga-erintett-a-kepzett-munkaero-hianyaval\\\/#breadcrumblist\"},\"author\":{\"@id\":\"https:\\\/\\\/allasorias.hu\\\/hirek\\\/author\\\/admin-allasorias\\\/#author\"},\"creator\":{\"@id\":\"https:\\\/\\\/allasorias.hu\\\/hirek\\\/author\\\/admin-allasorias\\\/#author\"},\"image\":{\"@type\":\"ImageObject\",\"url\":\"https:\\\/\\\/allasorias.hu\\\/hirek\\\/wp-content\\\/uploads\\\/2023\\\/11\\\/szakkepzett-munkaerohiany.jpg\",\"@id\":\"https:\\\/\\\/allasorias.hu\\\/hirek\\\/az-unio-minden-orszaga-erintett-a-kepzett-munkaero-hianyaval\\\/#mainImage\",\"width\":1280,\"height\":853,\"caption\":\"Az uni\\u00f3 minden orsz\\u00e1ga \\u00e9rintett a k\\u00e9pzett munkaer\\u0151 hi\\u00e1ny\\u00e1val - Allasorias.hu\\\/Hirek\"},\"primaryImageOfPage\":{\"@id\":\"https:\\\/\\\/allasorias.hu\\\/hirek\\\/az-unio-minden-orszaga-erintett-a-kepzett-munkaero-hianyaval\\\/#mainImage\"},\"datePublished\":\"2023-11-15T11:23:47+02:00\",\"dateModified\":\"2025-05-09T10:53:12+02:00\"},{\"@type\":\"WebSite\",\"@id\":\"https:\\\/\\\/allasorias.hu\\\/hirek\\\/#website\",\"url\":\"https:\\\/\\\/allasorias.hu\\\/hirek\\\/\",\"name\":\"AllasOrias.hu | H\\u00edrek-lapszemle\",\"description\":\"\\u00dczleti h\\u00edrek az \\u00e1ll\\u00e1s \\u00e9s a munka vil\\u00e1g\\u00e1b\\u00f3l\",\"inLanguage\":\"hu-HU\",\"publisher\":{\"@id\":\"https:\\\/\\\/allasorias.hu\\\/hirek\\\/#organization\"}}]}\n\t\t<\/script>\n\t\t<!-- All in One SEO -->\n\n","aioseo_head_json":{"title":"Minden uni\u00f3s orsz\u00e1gban hi\u00e1ny a szaktud\u00e1s","description":"Az eur\u00f3pai kkv-k csaknem fele - 42 sz\u00e1zal\u00e9ka - jelezte, hogy k\u00fczd a k\u00e9pzett munkaer\u0151 hi\u00e1ny\u00e1val. K\u00fcl\u00f6n\u00f6sen az ipari \u00e9s a feldolgoz\u00f3ipari v\u00e1llalkoz\u00e1sok.","canonical_url":"https:\/\/allasorias.hu\/hirek\/az-unio-minden-orszaga-erintett-a-kepzett-munkaero-hianyaval\/","robots":"max-image-preview:large","keywords":"munkaer\u0151hi\u00e1ny,szakk\u00e9pzetts\u00e1g","webmasterTools":{"miscellaneous":""},"schema":{"@context":"https:\/\/schema.org","@graph":[{"@type":"Article","@id":"https:\/\/allasorias.hu\/hirek\/az-unio-minden-orszaga-erintett-a-kepzett-munkaero-hianyaval\/#article","name":"Minden uni\u00f3s orsz\u00e1gban hi\u00e1ny a szaktud\u00e1s","headline":"Az uni\u00f3 minden orsz\u00e1ga \u00e9rintett a k\u00e9pzett munkaer\u0151 hi\u00e1ny\u00e1val","author":{"@id":"https:\/\/allasorias.hu\/hirek\/author\/admin-allasorias\/#author"},"publisher":{"@id":"https:\/\/allasorias.hu\/hirek\/#organization"},"image":{"@type":"ImageObject","url":"https:\/\/allasorias.hu\/hirek\/wp-content\/uploads\/2023\/11\/szakkepzett-munkaerohiany.jpg","width":1280,"height":853,"caption":"Az uni\u00f3 minden orsz\u00e1ga \u00e9rintett a k\u00e9pzett munkaer\u0151 hi\u00e1ny\u00e1val - Allasorias.hu\/Hirek"},"datePublished":"2023-11-15T11:23:47+02:00","dateModified":"2025-05-09T10:53:12+02:00","inLanguage":"hu-HU","mainEntityOfPage":{"@id":"https:\/\/allasorias.hu\/hirek\/az-unio-minden-orszaga-erintett-a-kepzett-munkaero-hianyaval\/#webpage"},"isPartOf":{"@id":"https:\/\/allasorias.hu\/hirek\/az-unio-minden-orszaga-erintett-a-kepzett-munkaero-hianyaval\/#webpage"},"articleSection":"K\u00fclf\u00f6ld, munkaer\u0151hi\u00e1ny, szakk\u00e9pzetts\u00e1g"},{"@type":"BreadcrumbList","@id":"https:\/\/allasorias.hu\/hirek\/az-unio-minden-orszaga-erintett-a-kepzett-munkaero-hianyaval\/#breadcrumblist","itemListElement":[{"@type":"ListItem","@id":"https:\/\/allasorias.hu\/hirek#listItem","position":1,"name":"Home","item":"https:\/\/allasorias.hu\/hirek","nextItem":{"@type":"ListItem","@id":"https:\/\/allasorias.hu\/hirek\/temak\/kulfold\/#listItem","name":"K\u00fclf\u00f6ld"}},{"@type":"ListItem","@id":"https:\/\/allasorias.hu\/hirek\/temak\/kulfold\/#listItem","position":2,"name":"K\u00fclf\u00f6ld","item":"https:\/\/allasorias.hu\/hirek\/temak\/kulfold\/","nextItem":{"@type":"ListItem","@id":"https:\/\/allasorias.hu\/hirek\/az-unio-minden-orszaga-erintett-a-kepzett-munkaero-hianyaval\/#listItem","name":"Az uni\u00f3 minden orsz\u00e1ga \u00e9rintett a k\u00e9pzett munkaer\u0151 hi\u00e1ny\u00e1val"},"previousItem":{"@type":"ListItem","@id":"https:\/\/allasorias.hu\/hirek#listItem","name":"Home"}},{"@type":"ListItem","@id":"https:\/\/allasorias.hu\/hirek\/az-unio-minden-orszaga-erintett-a-kepzett-munkaero-hianyaval\/#listItem","position":3,"name":"Az uni\u00f3 minden orsz\u00e1ga \u00e9rintett a k\u00e9pzett munkaer\u0151 hi\u00e1ny\u00e1val","previousItem":{"@type":"ListItem","@id":"https:\/\/allasorias.hu\/hirek\/temak\/kulfold\/#listItem","name":"K\u00fclf\u00f6ld"}}]},{"@type":"Organization","@id":"https:\/\/allasorias.hu\/hirek\/#organization","name":"AllasOrias.hu | H\u00edrek-lapszemle","description":"\u00dczleti h\u00edrek az \u00e1ll\u00e1s \u00e9s a munka vil\u00e1g\u00e1b\u00f3l","url":"https:\/\/allasorias.hu\/hirek\/","logo":{"@type":"ImageObject","url":"https:\/\/allasorias.hu\/hirek\/wp-content\/uploads\/2022\/10\/allasorias_site_facebok_logo.png","@id":"https:\/\/allasorias.hu\/hirek\/az-unio-minden-orszaga-erintett-a-kepzett-munkaero-hianyaval\/#organizationLogo"},"image":{"@id":"https:\/\/allasorias.hu\/hirek\/az-unio-minden-orszaga-erintett-a-kepzett-munkaero-hianyaval\/#organizationLogo"},"sameAs":["https:\/\/www.facebook.com\/allasorias","https:\/\/www.linkedin.com\/company\/allasorias"]},{"@type":"Person","@id":"https:\/\/allasorias.hu\/hirek\/author\/admin-allasorias\/#author","url":"https:\/\/allasorias.hu\/hirek\/author\/admin-allasorias\/","name":"Juh\u00e1sz P\u00e9ter","image":{"@type":"ImageObject","@id":"https:\/\/allasorias.hu\/hirek\/az-unio-minden-orszaga-erintett-a-kepzett-munkaero-hianyaval\/#authorImage","url":"https:\/\/secure.gravatar.com\/avatar\/36e6bcb83148978b992977cb0f54d22feb0cce8a0a849a9410532bb2623ba4c6?s=96&d=mm&r=g","width":96,"height":96,"caption":"Juh\u00e1sz P\u00e9ter"}},{"@type":"WebPage","@id":"https:\/\/allasorias.hu\/hirek\/az-unio-minden-orszaga-erintett-a-kepzett-munkaero-hianyaval\/#webpage","url":"https:\/\/allasorias.hu\/hirek\/az-unio-minden-orszaga-erintett-a-kepzett-munkaero-hianyaval\/","name":"Minden uni\u00f3s orsz\u00e1gban hi\u00e1ny a szaktud\u00e1s","description":"Az eur\u00f3pai kkv-k csaknem fele - 42 sz\u00e1zal\u00e9ka - jelezte, hogy k\u00fczd a k\u00e9pzett munkaer\u0151 hi\u00e1ny\u00e1val. K\u00fcl\u00f6n\u00f6sen az ipari \u00e9s a feldolgoz\u00f3ipari v\u00e1llalkoz\u00e1sok.","inLanguage":"hu-HU","isPartOf":{"@id":"https:\/\/allasorias.hu\/hirek\/#website"},"breadcrumb":{"@id":"https:\/\/allasorias.hu\/hirek\/az-unio-minden-orszaga-erintett-a-kepzett-munkaero-hianyaval\/#breadcrumblist"},"author":{"@id":"https:\/\/allasorias.hu\/hirek\/author\/admin-allasorias\/#author"},"creator":{"@id":"https:\/\/allasorias.hu\/hirek\/author\/admin-allasorias\/#author"},"image":{"@type":"ImageObject","url":"https:\/\/allasorias.hu\/hirek\/wp-content\/uploads\/2023\/11\/szakkepzett-munkaerohiany.jpg","@id":"https:\/\/allasorias.hu\/hirek\/az-unio-minden-orszaga-erintett-a-kepzett-munkaero-hianyaval\/#mainImage","width":1280,"height":853,"caption":"Az uni\u00f3 minden orsz\u00e1ga \u00e9rintett a k\u00e9pzett munkaer\u0151 hi\u00e1ny\u00e1val - Allasorias.hu\/Hirek"},"primaryImageOfPage":{"@id":"https:\/\/allasorias.hu\/hirek\/az-unio-minden-orszaga-erintett-a-kepzett-munkaero-hianyaval\/#mainImage"},"datePublished":"2023-11-15T11:23:47+02:00","dateModified":"2025-05-09T10:53:12+02:00"},{"@type":"WebSite","@id":"https:\/\/allasorias.hu\/hirek\/#website","url":"https:\/\/allasorias.hu\/hirek\/","name":"AllasOrias.hu | H\u00edrek-lapszemle","description":"\u00dczleti h\u00edrek az \u00e1ll\u00e1s \u00e9s a munka vil\u00e1g\u00e1b\u00f3l","inLanguage":"hu-HU","publisher":{"@id":"https:\/\/allasorias.hu\/hirek\/#organization"}}]},"og:locale":"hu_HU","og:site_name":"AllasOrias.hu | H\u00edrek-lapszemle | \u00dczleti h\u00edrek az \u00e1ll\u00e1s \u00e9s a munka vil\u00e1g\u00e1b\u00f3l","og:type":"article","og:title":"Minden uni\u00f3s orsz\u00e1gban hi\u00e1ny a szaktud\u00e1s","og:description":"Az eur\u00f3pai kkv-k csaknem fele - 42 sz\u00e1zal\u00e9ka - jelezte, hogy k\u00fczd a k\u00e9pzett munkaer\u0151 hi\u00e1ny\u00e1val. K\u00fcl\u00f6n\u00f6sen az ipari \u00e9s a feldolgoz\u00f3ipari v\u00e1llalkoz\u00e1sok.","og:url":"https:\/\/allasorias.hu\/hirek\/az-unio-minden-orszaga-erintett-a-kepzett-munkaero-hianyaval\/","og:image":"https:\/\/allasorias.hu\/hirek\/wp-content\/uploads\/2023\/11\/szakkepzett-munkaerohiany.jpg","og:image:secure_url":"https:\/\/allasorias.hu\/hirek\/wp-content\/uploads\/2023\/11\/szakkepzett-munkaerohiany.jpg","og:image:width":1280,"og:image:height":853,"article:published_time":"2023-11-15T09:23:47+00:00","article:modified_time":"2025-05-09T08:53:12+00:00","article:publisher":"https:\/\/www.facebook.com\/allasorias","twitter:card":"summary_large_image","twitter:title":"Minden uni\u00f3s orsz\u00e1gban hi\u00e1ny a szaktud\u00e1s","twitter:description":"Az eur\u00f3pai kkv-k csaknem fele - 42 sz\u00e1zal\u00e9ka - jelezte, hogy k\u00fczd a k\u00e9pzett munkaer\u0151 hi\u00e1ny\u00e1val. K\u00fcl\u00f6n\u00f6sen az ipari \u00e9s a feldolgoz\u00f3ipari v\u00e1llalkoz\u00e1sok.","twitter:image":"https:\/\/allasorias.hu\/hirek\/wp-content\/uploads\/2023\/11\/szakkepzett-munkaerohiany.jpg","twitter:label1":"Written by","twitter:data1":"Juh\u00e1sz P\u00e9ter","twitter:label2":"Est. reading time","twitter:data2":"2 minutes"},"aioseo_meta_data":{"post_id":"7003","title":"Minden uni\u00f3s orsz\u00e1gban hi\u00e1ny a szaktud\u00e1s","description":"Az eur\u00f3pai kkv-k csaknem fele - 42 sz\u00e1zal\u00e9ka - jelezte, hogy k\u00fczd a k\u00e9pzett munkaer\u0151 hi\u00e1ny\u00e1val. K\u00fcl\u00f6n\u00f6sen az ipari \u00e9s a feldolgoz\u00f3ipari v\u00e1llalkoz\u00e1sok.","keywords":null,"keyphrases":{"focus":{"keyphrase":"","score":0,"analysis":{"keyphraseInTitle":{"score":0,"maxScore":9,"error":1}}},"additional":[]},"primary_term":null,"canonical_url":null,"og_title":null,"og_description":null,"og_object_type":"default","og_image_type":"default","og_image_url":null,"og_image_width":null,"og_image_height":null,"og_image_custom_url":null,"og_image_custom_fields":null,"og_video":"","og_custom_url":null,"og_article_section":null,"og_article_tags":null,"twitter_use_og":true,"twitter_card":"default","twitter_image_type":"default","twitter_image_url":null,"twitter_image_custom_url":null,"twitter_image_custom_fields":null,"twitter_title":null,"twitter_description":null,"schema":{"blockGraphs":[],"customGraphs":[],"default":{"data":{"Article":[],"Course":[],"Dataset":[],"FAQPage":[],"Movie":[],"Person":[],"Product":[],"ProductReview":[],"Car":[],"Recipe":[],"Service":[],"SoftwareApplication":[],"WebPage":[]},"graphName":"Article","isEnabled":true},"graphs":[]},"schema_type":"default","schema_type_options":null,"pillar_content":false,"robots_default":true,"robots_noindex":false,"robots_noarchive":false,"robots_nosnippet":false,"robots_nofollow":false,"robots_noimageindex":false,"robots_noodp":false,"robots_notranslate":false,"robots_max_snippet":"-1","robots_max_videopreview":"-1","robots_max_imagepreview":"large","priority":null,"frequency":"default","location":null,"local_seo":null,"breadcrumb_settings":null,"limit_modified_date":false,"ai":null,"created":"2023-11-15 09:06:41","updated":"2025-10-02 19:13:35","seo_analyzer_scan_date":null,"focus_keyword":null,"additional_keywords":null,"truseo_locale":null},"aioseo_breadcrumb":"<div class=\"aioseo-breadcrumbs\"><span class=\"aioseo-breadcrumb\">\n\t\t\t<a href=\"https:\/\/allasorias.hu\/hirek\" title=\"Home\">Home<\/a>\n\t\t<\/span><span class=\"aioseo-breadcrumb-separator\">&raquo;<\/span><span class=\"aioseo-breadcrumb\">\n\t\t\t<a href=\"https:\/\/allasorias.hu\/hirek\/temak\/kulfold\/\" title=\"K\u00fclf\u00f6ld\">K\u00fclf\u00f6ld<\/a>\n\t\t<\/span><span class=\"aioseo-breadcrumb-separator\">&raquo;<\/span><span class=\"aioseo-breadcrumb\">\n\t\t\tAz uni\u00f3 minden orsz\u00e1ga \u00e9rintett a k\u00e9pzett munkaer\u0151 hi\u00e1ny\u00e1val\n\t\t<\/span><\/div>","aioseo_breadcrumb_json":[{"label":"Home","link":"https:\/\/allasorias.hu\/hirek"},{"label":"K\u00fclf\u00f6ld","link":"https:\/\/allasorias.hu\/hirek\/temak\/kulfold\/"},{"label":"Az uni\u00f3 minden orsz\u00e1ga \u00e9rintett a k\u00e9pzett munkaer\u0151 hi\u00e1ny\u00e1val","link":"https:\/\/allasorias.hu\/hirek\/az-unio-minden-orszaga-erintett-a-kepzett-munkaero-hianyaval\/"}],"_links":{"self":[{"href":"https:\/\/allasorias.hu\/hirek\/wp-json\/wp\/v2\/posts\/7003","targetHints":{"allow":["GET"]}}],"collection":[{"href":"https:\/\/allasorias.hu\/hirek\/wp-json\/wp\/v2\/posts"}],"about":[{"href":"https:\/\/allasorias.hu\/hirek\/wp-json\/wp\/v2\/types\/post"}],"author":[{"embeddable":true,"href":"https:\/\/allasorias.hu\/hirek\/wp-json\/wp\/v2\/users\/1"}],"replies":[{"embeddable":true,"href":"https:\/\/allasorias.hu\/hirek\/wp-json\/wp\/v2\/comments?post=7003"}],"version-history":[{"count":3,"href":"https:\/\/allasorias.hu\/hirek\/wp-json\/wp\/v2\/posts\/7003\/revisions"}],"predecessor-version":[{"id":8409,"href":"https:\/\/allasorias.hu\/hirek\/wp-json\/wp\/v2\/posts\/7003\/revisions\/8409"}],"wp:featuredmedia":[{"embeddable":true,"href":"https:\/\/allasorias.hu\/hirek\/wp-json\/wp\/v2\/media\/7004"}],"wp:attachment":[{"href":"https:\/\/allasorias.hu\/hirek\/wp-json\/wp\/v2\/media?parent=7003"}],"wp:term":[{"taxonomy":"category","embeddable":true,"href":"https:\/\/allasorias.hu\/hirek\/wp-json\/wp\/v2\/categories?post=7003"},{"taxonomy":"post_tag","embeddable":true,"href":"https:\/\/allasorias.hu\/hirek\/wp-json\/wp\/v2\/tags?post=7003"}],"curies":[{"name":"wp","href":"https:\/\/api.w.org\/{rel}","templated":true}]}}