{"id":6993,"date":"2023-11-13T12:57:30","date_gmt":"2023-11-13T10:57:30","guid":{"rendered":"https:\/\/allasorias.hu\/hirek\/?p=6993"},"modified":"2023-11-13T12:59:47","modified_gmt":"2023-11-13T10:59:47","slug":"felemasan-alakulnak-a-berek","status":"publish","type":"post","link":"https:\/\/allasorias.hu\/hirek\/felemasan-alakulnak-a-berek\/","title":{"rendered":"Felem\u00e1san alakulnak a b\u00e9rek"},"content":{"rendered":"<p><strong>A b\u00e9rek dinamik\u00e1ja az idei \u00e9v els\u0151 \u00e9s m\u00e1sodik fel\u00e9ben \u00e9rdekes kett\u0151ss\u00e9get mutatott. Az els\u0151 f\u00e9l\u00e9vben a feszes munkaer\u0151piac, a magas infl\u00e1ci\u00f3s v\u00e1rakoz\u00e1sok, valamint a garant\u00e1lt b\u00e9rminimum \u00e9s a minim\u00e1lb\u00e9r jelent\u0151s m\u00e9rt\u00e9k\u0171 n\u00f6vel\u00e9se miatt magas b\u00e9remel\u00e9sek mellett is cs\u00f6kkentek a re\u00e1lb\u00e9rek, az infl\u00e1ci\u00f3 p\u00e1rhuzamos tet\u0151z\u00e9s\u00e9nek eredm\u00e9nyek\u00e9ppen &#8211; \u00edrja az Egyens\u00faly Int\u00e9zet.<\/strong><\/p>\n<p>Id\u00e9n a k\u00e9tsz\u00e1mjegy\u0171 b\u00e9remelked\u00e9s ellen\u00e9re is 1,6 sz\u00e1zal\u00e9kkal cs\u00f6kken a b\u00e9rek v\u00e1s\u00e1rl\u00f3ereje, miut\u00e1n az infl\u00e1ci\u00f3 meghaladja a keresetek n\u00f6veked\u00e9si \u00fctem\u00e9t. A k\u00f6vetkez\u0151 \u00e9vekben ugyanakkor a feszes munkaer\u0151piaci kond\u00edci\u00f3k \u00e9s az \u00fajraindul\u00f3 gazdas\u00e1gi n\u00f6veked\u00e9s miatt k\u00e9tsz\u00e1mjegy\u0171 b\u00e9remelked\u00e9s \u00e9s a re\u00e1lb\u00e9rek \u00fajb\u00f3li n\u00f6veked\u00e9se val\u00f3sz\u00edn\u0171s\u00edthet\u0151 &#8211; der\u00fclt ki az Egyens\u00faly Int\u00e9zet friss elemz\u00e9s\u00e9b\u0151l.<\/p>\n<p>A m\u00e1sodik f\u00e9l\u00e9vben a gyenge kereslet miatt alacsonyabb b\u00e9rn\u00f6veked\u00e9s ellen\u00e9re a dezinfl\u00e1ci\u00f3s folyamatok miatt a re\u00e1lb\u00e9rek \u00fajb\u00f3l emelkedni kezdtek. \u00d6sszess\u00e9g\u00e9ben 2023 sor\u00e1n a versenyszf\u00e9r\u00e1ban k\u00f6zel 16 sz\u00e1zal\u00e9kos \u00e1tlagb\u00e9r-emelked\u00e9s sem lesz elegend\u0151 a b\u00e9rek v\u00e1s\u00e1rl\u00f3erej\u00e9nek szinten tart\u00e1s\u00e1hoz: az Egyens\u00faly Int\u00e9zet 2023-ra 1,6 sz\u00e1zal\u00e9kos re\u00e1lb\u00e9rcs\u00f6kken\u00e9ssel sz\u00e1mol. Az \u00fajraindul\u00f3 gazdas\u00e1gi n\u00f6veked\u00e9s \u00e9s a munkaer\u0151piac feszess\u00e9ge miatt azonban a k\u00f6vetkez\u0151 k\u00e9t \u00e9vben a dinamikus b\u00e9rn\u00f6veked\u00e9s fennmarad\u00e1sa val\u00f3sz\u00edn\u0171s\u00edthet\u0151, \u00edgy a kutat\u00f3k szerint 2024-ben 6,7 sz\u00e1zal\u00e9kos, 2025-ben pedig 3,9 sz\u00e1zal\u00e9kos re\u00e1lb\u00e9r-n\u00f6veked\u00e9s v\u00e1rhat\u00f3 a versenyszf\u00e9r\u00e1ban.<\/p>\n<h2>minim\u00e1lb\u00e9r \u00e9s a garant\u00e1lt b\u00e9rminimum \u00f6sszeolvad\u00e1s<\/h2>\n<p>Az ut\u00f3bbi id\u0151ben komolyan felmer\u00fclt a minim\u00e1lb\u00e9r \u00e9s a garant\u00e1lt b\u00e9rminimum \u00f6sszeolvad\u00e1s\u00e1nak \u00f6tlete, a j\u00f6v\u0151 \u00e9vi b\u00e9rfolyamatok alakul\u00e1s\u00e1t pedig \u00e9rdemben befoly\u00e1solja a minim\u00e1lb\u00e9r-t\u00e1rgyal\u00e1sok kimenetele &#8211; emeli ki az Egyens\u00faly Int\u00e9zet. A jelenleg el\u00e9rhet\u0151 inform\u00e1ci\u00f3k alapj\u00e1n komoly es\u00e9ly mutatkozik egy hosszabb t\u00e1v\u00fa, 4 \u00e9vre sz\u00f3l\u00f3 b\u00e9rmeg\u00e1llapod\u00e1sra, amelynek sor\u00e1n a minim\u00e1lb\u00e9r \u00e9s a garant\u00e1lt b\u00e9rminimum 2027 v\u00e9g\u00e9re \u00f6sszeolvadna. Eml\u00e9keztetnek, hogy j\u00f6v\u0151re a garant\u00e1lt b\u00e9rminimum 10 sz\u00e1zal\u00e9kkal, m\u00edg a minim\u00e1lb\u00e9r 15 sz\u00e1zal\u00e9kkal emelkedhet.<\/p>\n<p>&#8222;Noha a sajt\u00f3ban 400 000 forint feletti szinten val\u00f3 \u00f6sszeolvad\u00e1sr\u00f3l is sz\u00f3 esett, az Egyens\u00faly Int\u00e9zet GDP- \u00e9s infl\u00e1ci\u00f3s el\u0151rejelz\u00e9se alapj\u00e1n a folyamat v\u00e9g\u00e9re val\u00f3sz\u00edn\u0171bbnek t\u0171nik egy 350\u2013370 ezer forintos szint&#8221; &#8211; \u00edrj\u00e1k. Ezzel a minim\u00e1lb\u00e9r az \u00e1tlagb\u00e9r jelenlegi 39 sz\u00e1zal\u00e9k\u00e1r\u00f3l a 44 sz\u00e1zal\u00e9k\u00e1ra emelkedne. Az Egyens\u00faly Int\u00e9zet szerint a brutt\u00f3 \u00e1tlagb\u00e9r j\u00f6v\u0151re 666 ezer, 2025-ben pedig 717 ezer forintra emelkedhet.<\/p>\n<p>Forr\u00e1s: <a href=\"https:\/\/www.portfolio.hu\/gazdasag\/20231112\/karnyujtasnyira-a-700-ezer-forintos-fizetes-magyarorszagon-650913\" target=\"_blank\" rel=\"nofollow noopener noreferrer\">portfolio.hu<\/a><\/p>\n","protected":false},"excerpt":{"rendered":"<p>A b\u00e9rek dinamik\u00e1ja az idei \u00e9v els\u0151 \u00e9s m\u00e1sodik fel\u00e9ben \u00e9rdekes kett\u0151ss\u00e9get mutatott. Az els\u0151 f\u00e9l\u00e9vben a feszes munkaer\u0151piac, a magas infl\u00e1ci\u00f3s v\u00e1rakoz\u00e1sok, valamint a garant\u00e1lt b\u00e9rminimum \u00e9s a minim\u00e1lb\u00e9r jelent\u0151s m\u00e9rt\u00e9k\u0171 n\u00f6vel\u00e9se miatt magas b\u00e9remel\u00e9sek mellett is cs\u00f6kkentek a re\u00e1lb\u00e9rek, az infl\u00e1ci\u00f3 p\u00e1rhuzamos tet\u0151z\u00e9s\u00e9nek eredm\u00e9nyek\u00e9ppen &#8211; \u00edrja az Egyens\u00faly Int\u00e9zet. Id\u00e9n a k\u00e9tsz\u00e1mjegy\u0171 b\u00e9remelked\u00e9s [&hellip;]<\/p>\n","protected":false},"author":1,"featured_media":6994,"comment_status":"open","ping_status":"open","sticky":false,"template":"","format":"standard","meta":{"_monsterinsights_skip_tracking":false,"footnotes":""},"categories":[198],"tags":[229,646,647],"class_list":["post-6993","post","type-post","status-publish","format-standard","has-post-thumbnail","hentry","category-gazdasag","tag-berek","tag-garatntalt-berminimum","tag-minimal-ber"],"aioseo_notices":[],"aioseo_head":"\n\t\t<!-- All in One SEO 5.0.0.1 - aioseo.com -->\n\t<meta name=\"description\" content=\"Az els\u0151 f\u00e9l\u00e9vben a feszes munkaer\u0151piac, a magas infl\u00e1ci\u00f3s v\u00e1rakoz\u00e1sok, \u00e9s a magas b\u00e9remel\u00e9sek mellett is cs\u00f6kkentek a re\u00e1lb\u00e9rek\" \/>\n\t<meta name=\"robots\" content=\"max-image-preview:large\" \/>\n\t<meta name=\"author\" content=\"Juh\u00e1sz P\u00e9ter\"\/>\n\t<meta name=\"keywords\" content=\"b\u00e9rek,garatnt\u00e1lt b\u00e9rminimum,minim\u00e1l b\u00e9r\" \/>\n\t<link rel=\"canonical\" href=\"https:\/\/allasorias.hu\/hirek\/felemasan-alakulnak-a-berek\/\" \/>\n\t<meta name=\"generator\" content=\"All in One SEO (AIOSEO) 5.0.0.1\" \/>\n\t\t<meta property=\"og:locale\" content=\"hu_HU\" \/>\n\t\t<meta property=\"og:site_name\" content=\"AllasOrias.hu | H\u00edrek-lapszemle | \u00dczleti h\u00edrek az \u00e1ll\u00e1s \u00e9s a munka vil\u00e1g\u00e1b\u00f3l\" \/>\n\t\t<meta property=\"og:type\" content=\"article\" \/>\n\t\t<meta property=\"og:title\" content=\"Felem\u00e1san alakulnak a b\u00e9rek | Allasorias.hu\/Hirek\" \/>\n\t\t<meta property=\"og:description\" content=\"Az els\u0151 f\u00e9l\u00e9vben a feszes munkaer\u0151piac, a magas infl\u00e1ci\u00f3s v\u00e1rakoz\u00e1sok, \u00e9s a magas b\u00e9remel\u00e9sek mellett is cs\u00f6kkentek a re\u00e1lb\u00e9rek\" \/>\n\t\t<meta property=\"og:url\" content=\"https:\/\/allasorias.hu\/hirek\/felemasan-alakulnak-a-berek\/\" \/>\n\t\t<meta property=\"og:image\" content=\"https:\/\/allasorias.hu\/hirek\/wp-content\/uploads\/2023\/11\/magyar-berek2023.jpg\" \/>\n\t\t<meta property=\"og:image:secure_url\" content=\"https:\/\/allasorias.hu\/hirek\/wp-content\/uploads\/2023\/11\/magyar-berek2023.jpg\" \/>\n\t\t<meta property=\"og:image:width\" content=\"1280\" \/>\n\t\t<meta property=\"og:image:height\" content=\"853\" \/>\n\t\t<meta property=\"article:published_time\" content=\"2023-11-13T10:57:30+00:00\" \/>\n\t\t<meta property=\"article:modified_time\" content=\"2023-11-13T10:59:47+00:00\" \/>\n\t\t<meta property=\"article:publisher\" content=\"https:\/\/www.facebook.com\/allasorias\" \/>\n\t\t<meta name=\"twitter:card\" content=\"summary_large_image\" \/>\n\t\t<meta name=\"twitter:title\" content=\"Felem\u00e1san alakulnak a b\u00e9rek | Allasorias.hu\/Hirek\" \/>\n\t\t<meta name=\"twitter:description\" content=\"Az els\u0151 f\u00e9l\u00e9vben a feszes munkaer\u0151piac, a magas infl\u00e1ci\u00f3s v\u00e1rakoz\u00e1sok, \u00e9s a magas b\u00e9remel\u00e9sek mellett is cs\u00f6kkentek a re\u00e1lb\u00e9rek\" \/>\n\t\t<meta name=\"twitter:image\" content=\"https:\/\/allasorias.hu\/hirek\/wp-content\/uploads\/2023\/11\/magyar-berek2023.jpg\" \/>\n\t\t<meta name=\"twitter:label1\" content=\"Written by\" \/>\n\t\t<meta name=\"twitter:data1\" content=\"Juh\u00e1sz P\u00e9ter\" \/>\n\t\t<meta name=\"twitter:label2\" content=\"Est. reading time\" \/>\n\t\t<meta name=\"twitter:data2\" content=\"3 minutes\" \/>\n\t\t<script type=\"application\/ld+json\" class=\"aioseo-schema\">\n\t\t\t{\"@context\":\"https:\\\/\\\/schema.org\",\"@graph\":[{\"@type\":\"Article\",\"@id\":\"https:\\\/\\\/allasorias.hu\\\/hirek\\\/felemasan-alakulnak-a-berek\\\/#article\",\"name\":\"Felem\\u00e1san alakulnak a b\\u00e9rek | Allasorias.hu\\\/Hirek\",\"headline\":\"Felem\\u00e1san alakulnak a b\\u00e9rek\",\"author\":{\"@id\":\"https:\\\/\\\/allasorias.hu\\\/hirek\\\/author\\\/admin-allasorias\\\/#author\"},\"publisher\":{\"@id\":\"https:\\\/\\\/allasorias.hu\\\/hirek\\\/#organization\"},\"image\":{\"@type\":\"ImageObject\",\"url\":\"https:\\\/\\\/allasorias.hu\\\/hirek\\\/wp-content\\\/uploads\\\/2023\\\/11\\\/magyar-berek2023.jpg\",\"width\":1280,\"height\":853,\"caption\":\"Felem\\u00e1san alakulnak a b\\u00e9rek - Allasorias.hu\\\/Hirek\"},\"datePublished\":\"2023-11-13T12:57:30+02:00\",\"dateModified\":\"2023-11-13T12:59:47+02:00\",\"inLanguage\":\"hu-HU\",\"mainEntityOfPage\":{\"@id\":\"https:\\\/\\\/allasorias.hu\\\/hirek\\\/felemasan-alakulnak-a-berek\\\/#webpage\"},\"isPartOf\":{\"@id\":\"https:\\\/\\\/allasorias.hu\\\/hirek\\\/felemasan-alakulnak-a-berek\\\/#webpage\"},\"articleSection\":\"Gazdas\\u00e1g, b\\u00e9rek, garatnt\\u00e1lt b\\u00e9rminimum, minim\\u00e1l b\\u00e9r\"},{\"@type\":\"BreadcrumbList\",\"@id\":\"https:\\\/\\\/allasorias.hu\\\/hirek\\\/felemasan-alakulnak-a-berek\\\/#breadcrumblist\",\"itemListElement\":[{\"@type\":\"ListItem\",\"@id\":\"https:\\\/\\\/allasorias.hu\\\/hirek#listItem\",\"position\":1,\"name\":\"Home\",\"item\":\"https:\\\/\\\/allasorias.hu\\\/hirek\",\"nextItem\":{\"@type\":\"ListItem\",\"@id\":\"https:\\\/\\\/allasorias.hu\\\/hirek\\\/temak\\\/gazdasag\\\/#listItem\",\"name\":\"Gazdas\\u00e1g\"}},{\"@type\":\"ListItem\",\"@id\":\"https:\\\/\\\/allasorias.hu\\\/hirek\\\/temak\\\/gazdasag\\\/#listItem\",\"position\":2,\"name\":\"Gazdas\\u00e1g\",\"item\":\"https:\\\/\\\/allasorias.hu\\\/hirek\\\/temak\\\/gazdasag\\\/\",\"nextItem\":{\"@type\":\"ListItem\",\"@id\":\"https:\\\/\\\/allasorias.hu\\\/hirek\\\/felemasan-alakulnak-a-berek\\\/#listItem\",\"name\":\"Felem\\u00e1san alakulnak a b\\u00e9rek\"},\"previousItem\":{\"@type\":\"ListItem\",\"@id\":\"https:\\\/\\\/allasorias.hu\\\/hirek#listItem\",\"name\":\"Home\"}},{\"@type\":\"ListItem\",\"@id\":\"https:\\\/\\\/allasorias.hu\\\/hirek\\\/felemasan-alakulnak-a-berek\\\/#listItem\",\"position\":3,\"name\":\"Felem\\u00e1san alakulnak a b\\u00e9rek\",\"previousItem\":{\"@type\":\"ListItem\",\"@id\":\"https:\\\/\\\/allasorias.hu\\\/hirek\\\/temak\\\/gazdasag\\\/#listItem\",\"name\":\"Gazdas\\u00e1g\"}}]},{\"@type\":\"Organization\",\"@id\":\"https:\\\/\\\/allasorias.hu\\\/hirek\\\/#organization\",\"name\":\"AllasOrias.hu | H\\u00edrek-lapszemle\",\"description\":\"\\u00dczleti h\\u00edrek az \\u00e1ll\\u00e1s \\u00e9s a munka vil\\u00e1g\\u00e1b\\u00f3l\",\"url\":\"https:\\\/\\\/allasorias.hu\\\/hirek\\\/\",\"logo\":{\"@type\":\"ImageObject\",\"url\":\"https:\\\/\\\/allasorias.hu\\\/hirek\\\/wp-content\\\/uploads\\\/2022\\\/10\\\/allasorias_site_facebok_logo.png\",\"@id\":\"https:\\\/\\\/allasorias.hu\\\/hirek\\\/felemasan-alakulnak-a-berek\\\/#organizationLogo\"},\"image\":{\"@id\":\"https:\\\/\\\/allasorias.hu\\\/hirek\\\/felemasan-alakulnak-a-berek\\\/#organizationLogo\"},\"sameAs\":[\"https:\\\/\\\/www.facebook.com\\\/allasorias\",\"https:\\\/\\\/www.linkedin.com\\\/company\\\/allasorias\"]},{\"@type\":\"Person\",\"@id\":\"https:\\\/\\\/allasorias.hu\\\/hirek\\\/author\\\/admin-allasorias\\\/#author\",\"url\":\"https:\\\/\\\/allasorias.hu\\\/hirek\\\/author\\\/admin-allasorias\\\/\",\"name\":\"Juh\\u00e1sz P\\u00e9ter\",\"image\":{\"@type\":\"ImageObject\",\"@id\":\"https:\\\/\\\/allasorias.hu\\\/hirek\\\/felemasan-alakulnak-a-berek\\\/#authorImage\",\"url\":\"https:\\\/\\\/secure.gravatar.com\\\/avatar\\\/36e6bcb83148978b992977cb0f54d22feb0cce8a0a849a9410532bb2623ba4c6?s=96&d=mm&r=g\",\"width\":96,\"height\":96,\"caption\":\"Juh\\u00e1sz P\\u00e9ter\"}},{\"@type\":\"WebPage\",\"@id\":\"https:\\\/\\\/allasorias.hu\\\/hirek\\\/felemasan-alakulnak-a-berek\\\/#webpage\",\"url\":\"https:\\\/\\\/allasorias.hu\\\/hirek\\\/felemasan-alakulnak-a-berek\\\/\",\"name\":\"Felem\\u00e1san alakulnak a b\\u00e9rek | Allasorias.hu\\\/Hirek\",\"description\":\"Az els\\u0151 f\\u00e9l\\u00e9vben a feszes munkaer\\u0151piac, a magas infl\\u00e1ci\\u00f3s v\\u00e1rakoz\\u00e1sok, \\u00e9s a magas b\\u00e9remel\\u00e9sek mellett is cs\\u00f6kkentek a re\\u00e1lb\\u00e9rek\",\"inLanguage\":\"hu-HU\",\"isPartOf\":{\"@id\":\"https:\\\/\\\/allasorias.hu\\\/hirek\\\/#website\"},\"breadcrumb\":{\"@id\":\"https:\\\/\\\/allasorias.hu\\\/hirek\\\/felemasan-alakulnak-a-berek\\\/#breadcrumblist\"},\"author\":{\"@id\":\"https:\\\/\\\/allasorias.hu\\\/hirek\\\/author\\\/admin-allasorias\\\/#author\"},\"creator\":{\"@id\":\"https:\\\/\\\/allasorias.hu\\\/hirek\\\/author\\\/admin-allasorias\\\/#author\"},\"image\":{\"@type\":\"ImageObject\",\"url\":\"https:\\\/\\\/allasorias.hu\\\/hirek\\\/wp-content\\\/uploads\\\/2023\\\/11\\\/magyar-berek2023.jpg\",\"@id\":\"https:\\\/\\\/allasorias.hu\\\/hirek\\\/felemasan-alakulnak-a-berek\\\/#mainImage\",\"width\":1280,\"height\":853,\"caption\":\"Felem\\u00e1san alakulnak a b\\u00e9rek - Allasorias.hu\\\/Hirek\"},\"primaryImageOfPage\":{\"@id\":\"https:\\\/\\\/allasorias.hu\\\/hirek\\\/felemasan-alakulnak-a-berek\\\/#mainImage\"},\"datePublished\":\"2023-11-13T12:57:30+02:00\",\"dateModified\":\"2023-11-13T12:59:47+02:00\"},{\"@type\":\"WebSite\",\"@id\":\"https:\\\/\\\/allasorias.hu\\\/hirek\\\/#website\",\"url\":\"https:\\\/\\\/allasorias.hu\\\/hirek\\\/\",\"name\":\"AllasOrias.hu | H\\u00edrek-lapszemle\",\"description\":\"\\u00dczleti h\\u00edrek az \\u00e1ll\\u00e1s \\u00e9s a munka vil\\u00e1g\\u00e1b\\u00f3l\",\"inLanguage\":\"hu-HU\",\"publisher\":{\"@id\":\"https:\\\/\\\/allasorias.hu\\\/hirek\\\/#organization\"}}]}\n\t\t<\/script>\n\t\t<!-- All in One SEO -->\n\n","aioseo_head_json":{"title":"Felem\u00e1san alakulnak a b\u00e9rek | Allasorias.hu\/Hirek","description":"Az els\u0151 f\u00e9l\u00e9vben a feszes munkaer\u0151piac, a magas infl\u00e1ci\u00f3s v\u00e1rakoz\u00e1sok, \u00e9s a magas b\u00e9remel\u00e9sek mellett is cs\u00f6kkentek a re\u00e1lb\u00e9rek","canonical_url":"https:\/\/allasorias.hu\/hirek\/felemasan-alakulnak-a-berek\/","robots":"max-image-preview:large","keywords":"b\u00e9rek,garatnt\u00e1lt b\u00e9rminimum,minim\u00e1l b\u00e9r","webmasterTools":{"miscellaneous":""},"schema":{"@context":"https:\/\/schema.org","@graph":[{"@type":"Article","@id":"https:\/\/allasorias.hu\/hirek\/felemasan-alakulnak-a-berek\/#article","name":"Felem\u00e1san alakulnak a b\u00e9rek | Allasorias.hu\/Hirek","headline":"Felem\u00e1san alakulnak a b\u00e9rek","author":{"@id":"https:\/\/allasorias.hu\/hirek\/author\/admin-allasorias\/#author"},"publisher":{"@id":"https:\/\/allasorias.hu\/hirek\/#organization"},"image":{"@type":"ImageObject","url":"https:\/\/allasorias.hu\/hirek\/wp-content\/uploads\/2023\/11\/magyar-berek2023.jpg","width":1280,"height":853,"caption":"Felem\u00e1san alakulnak a b\u00e9rek - Allasorias.hu\/Hirek"},"datePublished":"2023-11-13T12:57:30+02:00","dateModified":"2023-11-13T12:59:47+02:00","inLanguage":"hu-HU","mainEntityOfPage":{"@id":"https:\/\/allasorias.hu\/hirek\/felemasan-alakulnak-a-berek\/#webpage"},"isPartOf":{"@id":"https:\/\/allasorias.hu\/hirek\/felemasan-alakulnak-a-berek\/#webpage"},"articleSection":"Gazdas\u00e1g, b\u00e9rek, garatnt\u00e1lt b\u00e9rminimum, minim\u00e1l b\u00e9r"},{"@type":"BreadcrumbList","@id":"https:\/\/allasorias.hu\/hirek\/felemasan-alakulnak-a-berek\/#breadcrumblist","itemListElement":[{"@type":"ListItem","@id":"https:\/\/allasorias.hu\/hirek#listItem","position":1,"name":"Home","item":"https:\/\/allasorias.hu\/hirek","nextItem":{"@type":"ListItem","@id":"https:\/\/allasorias.hu\/hirek\/temak\/gazdasag\/#listItem","name":"Gazdas\u00e1g"}},{"@type":"ListItem","@id":"https:\/\/allasorias.hu\/hirek\/temak\/gazdasag\/#listItem","position":2,"name":"Gazdas\u00e1g","item":"https:\/\/allasorias.hu\/hirek\/temak\/gazdasag\/","nextItem":{"@type":"ListItem","@id":"https:\/\/allasorias.hu\/hirek\/felemasan-alakulnak-a-berek\/#listItem","name":"Felem\u00e1san alakulnak a b\u00e9rek"},"previousItem":{"@type":"ListItem","@id":"https:\/\/allasorias.hu\/hirek#listItem","name":"Home"}},{"@type":"ListItem","@id":"https:\/\/allasorias.hu\/hirek\/felemasan-alakulnak-a-berek\/#listItem","position":3,"name":"Felem\u00e1san alakulnak a b\u00e9rek","previousItem":{"@type":"ListItem","@id":"https:\/\/allasorias.hu\/hirek\/temak\/gazdasag\/#listItem","name":"Gazdas\u00e1g"}}]},{"@type":"Organization","@id":"https:\/\/allasorias.hu\/hirek\/#organization","name":"AllasOrias.hu | H\u00edrek-lapszemle","description":"\u00dczleti h\u00edrek az \u00e1ll\u00e1s \u00e9s a munka vil\u00e1g\u00e1b\u00f3l","url":"https:\/\/allasorias.hu\/hirek\/","logo":{"@type":"ImageObject","url":"https:\/\/allasorias.hu\/hirek\/wp-content\/uploads\/2022\/10\/allasorias_site_facebok_logo.png","@id":"https:\/\/allasorias.hu\/hirek\/felemasan-alakulnak-a-berek\/#organizationLogo"},"image":{"@id":"https:\/\/allasorias.hu\/hirek\/felemasan-alakulnak-a-berek\/#organizationLogo"},"sameAs":["https:\/\/www.facebook.com\/allasorias","https:\/\/www.linkedin.com\/company\/allasorias"]},{"@type":"Person","@id":"https:\/\/allasorias.hu\/hirek\/author\/admin-allasorias\/#author","url":"https:\/\/allasorias.hu\/hirek\/author\/admin-allasorias\/","name":"Juh\u00e1sz P\u00e9ter","image":{"@type":"ImageObject","@id":"https:\/\/allasorias.hu\/hirek\/felemasan-alakulnak-a-berek\/#authorImage","url":"https:\/\/secure.gravatar.com\/avatar\/36e6bcb83148978b992977cb0f54d22feb0cce8a0a849a9410532bb2623ba4c6?s=96&d=mm&r=g","width":96,"height":96,"caption":"Juh\u00e1sz P\u00e9ter"}},{"@type":"WebPage","@id":"https:\/\/allasorias.hu\/hirek\/felemasan-alakulnak-a-berek\/#webpage","url":"https:\/\/allasorias.hu\/hirek\/felemasan-alakulnak-a-berek\/","name":"Felem\u00e1san alakulnak a b\u00e9rek | Allasorias.hu\/Hirek","description":"Az els\u0151 f\u00e9l\u00e9vben a feszes munkaer\u0151piac, a magas infl\u00e1ci\u00f3s v\u00e1rakoz\u00e1sok, \u00e9s a magas b\u00e9remel\u00e9sek mellett is cs\u00f6kkentek a re\u00e1lb\u00e9rek","inLanguage":"hu-HU","isPartOf":{"@id":"https:\/\/allasorias.hu\/hirek\/#website"},"breadcrumb":{"@id":"https:\/\/allasorias.hu\/hirek\/felemasan-alakulnak-a-berek\/#breadcrumblist"},"author":{"@id":"https:\/\/allasorias.hu\/hirek\/author\/admin-allasorias\/#author"},"creator":{"@id":"https:\/\/allasorias.hu\/hirek\/author\/admin-allasorias\/#author"},"image":{"@type":"ImageObject","url":"https:\/\/allasorias.hu\/hirek\/wp-content\/uploads\/2023\/11\/magyar-berek2023.jpg","@id":"https:\/\/allasorias.hu\/hirek\/felemasan-alakulnak-a-berek\/#mainImage","width":1280,"height":853,"caption":"Felem\u00e1san alakulnak a b\u00e9rek - Allasorias.hu\/Hirek"},"primaryImageOfPage":{"@id":"https:\/\/allasorias.hu\/hirek\/felemasan-alakulnak-a-berek\/#mainImage"},"datePublished":"2023-11-13T12:57:30+02:00","dateModified":"2023-11-13T12:59:47+02:00"},{"@type":"WebSite","@id":"https:\/\/allasorias.hu\/hirek\/#website","url":"https:\/\/allasorias.hu\/hirek\/","name":"AllasOrias.hu | H\u00edrek-lapszemle","description":"\u00dczleti h\u00edrek az \u00e1ll\u00e1s \u00e9s a munka vil\u00e1g\u00e1b\u00f3l","inLanguage":"hu-HU","publisher":{"@id":"https:\/\/allasorias.hu\/hirek\/#organization"}}]},"og:locale":"hu_HU","og:site_name":"AllasOrias.hu | H\u00edrek-lapszemle | \u00dczleti h\u00edrek az \u00e1ll\u00e1s \u00e9s a munka vil\u00e1g\u00e1b\u00f3l","og:type":"article","og:title":"Felem\u00e1san alakulnak a b\u00e9rek | Allasorias.hu\/Hirek","og:description":"Az els\u0151 f\u00e9l\u00e9vben a feszes munkaer\u0151piac, a magas infl\u00e1ci\u00f3s v\u00e1rakoz\u00e1sok, \u00e9s a magas b\u00e9remel\u00e9sek mellett is cs\u00f6kkentek a re\u00e1lb\u00e9rek","og:url":"https:\/\/allasorias.hu\/hirek\/felemasan-alakulnak-a-berek\/","og:image":"https:\/\/allasorias.hu\/hirek\/wp-content\/uploads\/2023\/11\/magyar-berek2023.jpg","og:image:secure_url":"https:\/\/allasorias.hu\/hirek\/wp-content\/uploads\/2023\/11\/magyar-berek2023.jpg","og:image:width":1280,"og:image:height":853,"article:published_time":"2023-11-13T10:57:30+00:00","article:modified_time":"2023-11-13T10:59:47+00:00","article:publisher":"https:\/\/www.facebook.com\/allasorias","twitter:card":"summary_large_image","twitter:title":"Felem\u00e1san alakulnak a b\u00e9rek | Allasorias.hu\/Hirek","twitter:description":"Az els\u0151 f\u00e9l\u00e9vben a feszes munkaer\u0151piac, a magas infl\u00e1ci\u00f3s v\u00e1rakoz\u00e1sok, \u00e9s a magas b\u00e9remel\u00e9sek mellett is cs\u00f6kkentek a re\u00e1lb\u00e9rek","twitter:image":"https:\/\/allasorias.hu\/hirek\/wp-content\/uploads\/2023\/11\/magyar-berek2023.jpg","twitter:label1":"Written by","twitter:data1":"Juh\u00e1sz P\u00e9ter","twitter:label2":"Est. reading time","twitter:data2":"3 minutes"},"aioseo_meta_data":{"post_id":"6993","title":"#post_title | Allasorias.hu\/Hirek","description":"Az els\u0151 f\u00e9l\u00e9vben a feszes munkaer\u0151piac, a magas infl\u00e1ci\u00f3s v\u00e1rakoz\u00e1sok, \u00e9s a magas b\u00e9remel\u00e9sek mellett is cs\u00f6kkentek a re\u00e1lb\u00e9rek","keywords":[],"keyphrases":{"focus":{"keyphrase":"","score":0,"analysis":{"keyphraseInTitle":{"score":0,"maxScore":9,"error":1}}},"additional":[]},"primary_term":null,"canonical_url":null,"og_title":null,"og_description":null,"og_object_type":"default","og_image_type":"default","og_image_url":null,"og_image_width":null,"og_image_height":null,"og_image_custom_url":null,"og_image_custom_fields":null,"og_video":"","og_custom_url":null,"og_article_section":null,"og_article_tags":[],"twitter_use_og":true,"twitter_card":"default","twitter_image_type":"default","twitter_image_url":null,"twitter_image_custom_url":null,"twitter_image_custom_fields":null,"twitter_title":null,"twitter_description":null,"schema":{"blockGraphs":[],"customGraphs":[],"default":{"data":{"Article":[],"Course":[],"Dataset":[],"FAQPage":[],"Movie":[],"Person":[],"Product":[],"ProductReview":[],"Car":[],"Recipe":[],"Service":[],"SoftwareApplication":[],"WebPage":[]},"graphName":"Article","isEnabled":true},"graphs":[]},"schema_type":"default","schema_type_options":null,"pillar_content":false,"robots_default":true,"robots_noindex":false,"robots_noarchive":false,"robots_nosnippet":false,"robots_nofollow":false,"robots_noimageindex":false,"robots_noodp":false,"robots_notranslate":false,"robots_max_snippet":"-1","robots_max_videopreview":"-1","robots_max_imagepreview":"large","priority":null,"frequency":"default","location":null,"local_seo":null,"breadcrumb_settings":null,"limit_modified_date":false,"ai":null,"created":"2023-11-13 10:46:59","updated":"2025-10-02 19:12:29","seo_analyzer_scan_date":null,"focus_keyword":null,"additional_keywords":null,"truseo_locale":null},"aioseo_breadcrumb":"<div class=\"aioseo-breadcrumbs\"><span class=\"aioseo-breadcrumb\">\n\t\t\t<a href=\"https:\/\/allasorias.hu\/hirek\" title=\"Home\">Home<\/a>\n\t\t<\/span><span class=\"aioseo-breadcrumb-separator\">&raquo;<\/span><span class=\"aioseo-breadcrumb\">\n\t\t\t<a href=\"https:\/\/allasorias.hu\/hirek\/temak\/gazdasag\/\" title=\"Gazdas\u00e1g\">Gazdas\u00e1g<\/a>\n\t\t<\/span><span class=\"aioseo-breadcrumb-separator\">&raquo;<\/span><span class=\"aioseo-breadcrumb\">\n\t\t\tFelem\u00e1san alakulnak a b\u00e9rek\n\t\t<\/span><\/div>","aioseo_breadcrumb_json":[{"label":"Home","link":"https:\/\/allasorias.hu\/hirek"},{"label":"Gazdas\u00e1g","link":"https:\/\/allasorias.hu\/hirek\/temak\/gazdasag\/"},{"label":"Felem\u00e1san alakulnak a b\u00e9rek","link":"https:\/\/allasorias.hu\/hirek\/felemasan-alakulnak-a-berek\/"}],"_links":{"self":[{"href":"https:\/\/allasorias.hu\/hirek\/wp-json\/wp\/v2\/posts\/6993","targetHints":{"allow":["GET"]}}],"collection":[{"href":"https:\/\/allasorias.hu\/hirek\/wp-json\/wp\/v2\/posts"}],"about":[{"href":"https:\/\/allasorias.hu\/hirek\/wp-json\/wp\/v2\/types\/post"}],"author":[{"embeddable":true,"href":"https:\/\/allasorias.hu\/hirek\/wp-json\/wp\/v2\/users\/1"}],"replies":[{"embeddable":true,"href":"https:\/\/allasorias.hu\/hirek\/wp-json\/wp\/v2\/comments?post=6993"}],"version-history":[{"count":3,"href":"https:\/\/allasorias.hu\/hirek\/wp-json\/wp\/v2\/posts\/6993\/revisions"}],"predecessor-version":[{"id":6997,"href":"https:\/\/allasorias.hu\/hirek\/wp-json\/wp\/v2\/posts\/6993\/revisions\/6997"}],"wp:featuredmedia":[{"embeddable":true,"href":"https:\/\/allasorias.hu\/hirek\/wp-json\/wp\/v2\/media\/6994"}],"wp:attachment":[{"href":"https:\/\/allasorias.hu\/hirek\/wp-json\/wp\/v2\/media?parent=6993"}],"wp:term":[{"taxonomy":"category","embeddable":true,"href":"https:\/\/allasorias.hu\/hirek\/wp-json\/wp\/v2\/categories?post=6993"},{"taxonomy":"post_tag","embeddable":true,"href":"https:\/\/allasorias.hu\/hirek\/wp-json\/wp\/v2\/tags?post=6993"}],"curies":[{"name":"wp","href":"https:\/\/api.w.org\/{rel}","templated":true}]}}