{"id":6988,"date":"2023-11-10T11:20:07","date_gmt":"2023-11-10T09:20:07","guid":{"rendered":"https:\/\/allasorias.hu\/hirek\/?p=6988"},"modified":"2023-11-10T11:21:41","modified_gmt":"2023-11-10T09:21:41","slug":"dolgozni-nyugdij-utan-is","status":"publish","type":"post","link":"https:\/\/allasorias.hu\/hirek\/dolgozni-nyugdij-utan-is\/","title":{"rendered":"Dolgozni nyugd\u00edj ut\u00e1n is"},"content":{"rendered":"<p><strong>Magyarorsz\u00e1gon a nyugd\u00edj el\u0151tt \u00e1ll\u00f3k k\u00f6r\u00e9ben a legmagasabb az elszeg\u00e9nyed\u00e9s \u00e9s a t\u00e1rsadalmi kirekeszt\u0151d\u00e9s kock\u00e1zata az Eurostat adatai alapj\u00e1n. Az eltelt \u00e9vtizedben nem csak demogr\u00e1fiai v\u00e1ltoz\u00e1sok t\u00f6rt\u00e9ntek, a munkav\u00e1llal\u00f3knak hosszabb ideig kell dolgozniuk, miel\u0151tt jogosultak lesznek az \u00f6regs\u00e9gi nyugd\u00edjra.<\/strong><\/p>\n<p>Az \u00f6nfenntart\u00e1s \u00e9s meg\u00e9lhet\u00e9s biztos\u00edt\u00e1sa miatt tov\u00e1bbra is magas az id\u0151sek akt\u00edv munkaer\u0151piaci jelenl\u00e9te. Az elm\u00falt t\u00edz \u00e9vben tapasztalhat\u00f3 n\u00e9pess\u00e9gcs\u00f6kken\u00e9s ellen\u00e9re a KSH legut\u00f3bbi n\u00e9psz\u00e1ml\u00e1l\u00e1si adatai azt mutatj\u00e1k, hogy a munkaer\u0151piaci aktivit\u00e1s magasabb a gener\u00e1ci\u00f3k k\u00f6z\u00f6tt, k\u00fcl\u00f6n\u00f6sen 65 \u00e9v felett. M\u00e9gis, aggodalomra ad okot, hogy Magyarorsz\u00e1gon a <a href=\"https:\/\/allasorias.hu\/hirek\/nyugdij-elott-allokat-erint-a-valtozas\/\">nyugd\u00edj el\u0151tt \u00e1ll\u00f3k<\/a> k\u00f6r\u00e9ben a legmagasabb az elszeg\u00e9nyed\u00e9s \u00e9s a t\u00e1rsadalmi kirekeszt\u0151d\u00e9s kock\u00e1zata az Eurostat adatai alapj\u00e1n.<\/p>\n<p>Az OTP Nyugd\u00edjp\u00e9nzt\u00e1r szerint mindebben szerepet j\u00e1tszhat a gazdas\u00e1gi k\u00f6rnyezet megv\u00e1ltoz\u00e1sa, a j\u00f6vedelmi bizonytalans\u00e1g, valamint az \u00f6regs\u00e9gi nyugd\u00edjkorhat\u00e1r kitol\u00f3d\u00e1sa is, mely a kor\u00e1bbi, 2011. \u00e9vi n\u00e9psz\u00e1ml\u00e1l\u00e1s \u00f3ta 62-r\u0151l 65 \u00e9vre emelkedett. A 2022-es n\u00e9psz\u00e1ml\u00e1l\u00e1si adatok szerint a magyar foglalkoztatottak sz\u00e1ma k\u00f6zel 776 ezer f\u0151vel emelkedett, mik\u00f6zben a n\u00e9pess\u00e9g t\u00f6bb mint 330 ezer f\u0151vel cs\u00f6kkent a kor\u00e1bbi cenzus adataihoz k\u00e9pest. Az eltelt \u00e9vtizedben nem csak demogr\u00e1fiai v\u00e1ltoz\u00e1sok t\u00f6rt\u00e9ntek, a munkav\u00e1llal\u00f3knak hosszabb ideig kell dolgozniuk, miel\u0151tt jogosultak lesznek az \u00f6regs\u00e9gi nyugd\u00edjra.<\/p>\n<h2>65 \u00e9v felett is sokan maradnak a munkaer\u0151piacon<\/h2>\n<p>Az infl\u00e1ci\u00f3, az alacsony re\u00e1lb\u00e9rek \u00e9s az elszeg\u00e9nyed\u00e9st\u0151l val\u00f3 f\u00e9lelem pedig a 65 \u00e9v felettieket mind-mind arra sarkallhatja, hogy maradjanak m\u00e9g a munkaer\u0151piacon. A nyugd\u00edjkorhat\u00e1r-emel\u00e9s hat\u00e1sa a KSH 2022-es adatsor\u00e1ban szembet\u0171n\u0151, a 60-69 \u00e9ves koroszt\u00e1ly 34,3 sz\u00e1zal\u00e9ka dolgozott, m\u00edg ez az ar\u00e1ny 2011-ben \u2013 figyelembev\u00e9ve, hogy a korcsoport tagjainak sz\u00e1ma alacsonyabb \u2013 12,6 sz\u00e1zal\u00e9k volt. A 70 \u00e9ves \u00e9s id\u0151sebb munkav\u00e1llal\u00f3kn\u00e1l is hasonl\u00f3 tendencia mutatkozott \u2013 emelkedett a foglalkoztatottak ar\u00e1nya az el\u0151z\u0151 cenzus id\u0151szak\u00e1hoz k\u00e9pest.<\/p>\n<p>A KSH adatai szerint a 30 \u00e9s 59 \u00e9vesek k\u00f6z\u00f6tt sokkal egyenl\u0151bb \u00e9s magasabb a foglalkoztatottak sz\u00e1ma, \u00e1tlagosan 83,2 sz\u00e1zal\u00e9k, a 2011. \u00e9vi n\u00e9psz\u00e1ml\u00e1l\u00e1s adataival \u00f6sszevetve. Az elszeg\u00e9nyed\u00e9s kock\u00e1zata \u00e9s a kirekeszt\u00e9s azonban a foglalkoztatottakat is \u00e9rintheti az Eurostat statisztik\u00e1i alapj\u00e1n \u2013 tavaly Magyarorsz\u00e1gon kifejezetten magas (13,3 sz\u00e1zal\u00e9k) volt a fenyegetetts\u00e9g ar\u00e1nya az 50-64 \u00e9vesek k\u00f6z\u00f6tt az azt megel\u0151z\u0151 \u00e9vhez k\u00e9pest (11,7 sz\u00e1zal\u00e9k). M\u00edg ezen \u00e9rt\u00e9kek a 18-24 \u00e9ves \u00e9s 25-49 \u00e9ves akt\u00edv munkav\u00e1llal\u00f3k k\u00f6r\u00e9ben 7 \u00e9s 9,6 sz\u00e1zal\u00e9k volt. A teljes lakoss\u00e1ghoz viszony\u00edtva a felsorolt korcsoportokn\u00e1l nagyobb az elt\u00e9r\u00e9s, a fiatalabbak k\u00f6r\u00e9ben alacsonyabb, m\u00edg 50-64 \u00e9v k\u00f6z\u00f6tt \u00e9s afelett m\u00e1r 18-22,5 sz\u00e1zal\u00e9k volt a kitetts\u00e9g.<\/p>\n<p>Forr\u00e1s: <a href=\"https:\/\/infostart.hu\/belfold\/2023\/11\/10\/nehez-dontes-var-a-nyugdij-elott-allokra\" target=\"_blank\" rel=\"nofollow noopener noreferrer\">infostart.hu<\/a><\/p>\n","protected":false},"excerpt":{"rendered":"<p>Magyarorsz\u00e1gon a nyugd\u00edj el\u0151tt \u00e1ll\u00f3k k\u00f6r\u00e9ben a legmagasabb az elszeg\u00e9nyed\u00e9s \u00e9s a t\u00e1rsadalmi kirekeszt\u0151d\u00e9s kock\u00e1zata az Eurostat adatai alapj\u00e1n. Az eltelt \u00e9vtizedben nem csak demogr\u00e1fiai v\u00e1ltoz\u00e1sok t\u00f6rt\u00e9ntek, a munkav\u00e1llal\u00f3knak hosszabb ideig kell dolgozniuk, miel\u0151tt jogosultak lesznek az \u00f6regs\u00e9gi nyugd\u00edjra. Az \u00f6nfenntart\u00e1s \u00e9s meg\u00e9lhet\u00e9s biztos\u00edt\u00e1sa miatt tov\u00e1bbra is magas az id\u0151sek akt\u00edv munkaer\u0151piaci jelenl\u00e9te. Az elm\u00falt [&hellip;]<\/p>\n","protected":false},"author":1,"featured_media":6989,"comment_status":"open","ping_status":"open","sticky":false,"template":"","format":"standard","meta":{"_monsterinsights_skip_tracking":false,"footnotes":""},"categories":[200],"tags":[396,591],"class_list":["post-6988","post","type-post","status-publish","format-standard","has-post-thumbnail","hentry","category-munkaeropiac","tag-nyugdij","tag-nyugdijkorhatar"],"aioseo_notices":[],"aioseo_head":"\n\t\t<!-- All in One SEO 5.0.0.1 - aioseo.com -->\n\t<meta name=\"description\" content=\"Magyarorsz\u00e1gon a nyugd\u00edj el\u0151tt \u00e1ll\u00f3k k\u00f6r\u00e9ben a legmagasabb az elszeg\u00e9nyed\u00e9s \u00e9s a t\u00e1rsadalmi kirekeszt\u0151d\u00e9s kock\u00e1zata az Eurostat adatai alapj\u00e1n.\" \/>\n\t<meta name=\"robots\" content=\"max-image-preview:large\" \/>\n\t<meta name=\"author\" content=\"Juh\u00e1sz P\u00e9ter\"\/>\n\t<meta name=\"keywords\" content=\"nyugd\u00edj,nyugd\u00edjkorhat\u00e1r\" \/>\n\t<link rel=\"canonical\" href=\"https:\/\/allasorias.hu\/hirek\/dolgozni-nyugdij-utan-is\/\" \/>\n\t<meta name=\"generator\" content=\"All in One SEO (AIOSEO) 5.0.0.1\" \/>\n\t\t<meta property=\"og:locale\" content=\"hu_HU\" \/>\n\t\t<meta property=\"og:site_name\" content=\"AllasOrias.hu | H\u00edrek-lapszemle | \u00dczleti h\u00edrek az \u00e1ll\u00e1s \u00e9s a munka vil\u00e1g\u00e1b\u00f3l\" \/>\n\t\t<meta property=\"og:type\" content=\"article\" \/>\n\t\t<meta property=\"og:title\" content=\"Dolgozni nyugd\u00edj ut\u00e1n is | AllasOrias.hu | H\u00edrek-lapszemle\" \/>\n\t\t<meta property=\"og:description\" content=\"Magyarorsz\u00e1gon a nyugd\u00edj el\u0151tt \u00e1ll\u00f3k k\u00f6r\u00e9ben a legmagasabb az elszeg\u00e9nyed\u00e9s \u00e9s a t\u00e1rsadalmi kirekeszt\u0151d\u00e9s kock\u00e1zata az Eurostat adatai alapj\u00e1n.\" \/>\n\t\t<meta property=\"og:url\" content=\"https:\/\/allasorias.hu\/hirek\/dolgozni-nyugdij-utan-is\/\" \/>\n\t\t<meta property=\"og:image\" content=\"https:\/\/allasorias.hu\/hirek\/wp-content\/uploads\/2023\/11\/nyugdijas-munkavegzes.jpg\" \/>\n\t\t<meta property=\"og:image:secure_url\" content=\"https:\/\/allasorias.hu\/hirek\/wp-content\/uploads\/2023\/11\/nyugdijas-munkavegzes.jpg\" \/>\n\t\t<meta property=\"og:image:width\" content=\"1280\" \/>\n\t\t<meta property=\"og:image:height\" content=\"853\" \/>\n\t\t<meta property=\"article:published_time\" content=\"2023-11-10T09:20:07+00:00\" \/>\n\t\t<meta property=\"article:modified_time\" content=\"2023-11-10T09:21:41+00:00\" \/>\n\t\t<meta property=\"article:publisher\" content=\"https:\/\/www.facebook.com\/allasorias\" \/>\n\t\t<meta name=\"twitter:card\" content=\"summary_large_image\" \/>\n\t\t<meta name=\"twitter:title\" content=\"Dolgozni nyugd\u00edj ut\u00e1n is | AllasOrias.hu | H\u00edrek-lapszemle\" \/>\n\t\t<meta name=\"twitter:description\" content=\"Magyarorsz\u00e1gon a nyugd\u00edj el\u0151tt \u00e1ll\u00f3k k\u00f6r\u00e9ben a legmagasabb az elszeg\u00e9nyed\u00e9s \u00e9s a t\u00e1rsadalmi kirekeszt\u0151d\u00e9s kock\u00e1zata az Eurostat adatai alapj\u00e1n.\" \/>\n\t\t<meta name=\"twitter:image\" content=\"https:\/\/allasorias.hu\/hirek\/wp-content\/uploads\/2023\/11\/nyugdijas-munkavegzes.jpg\" \/>\n\t\t<meta name=\"twitter:label1\" content=\"Written by\" \/>\n\t\t<meta name=\"twitter:data1\" content=\"Juh\u00e1sz P\u00e9ter\" \/>\n\t\t<meta name=\"twitter:label2\" content=\"Est. reading time\" \/>\n\t\t<meta name=\"twitter:data2\" content=\"3 minutes\" \/>\n\t\t<script type=\"application\/ld+json\" class=\"aioseo-schema\">\n\t\t\t{\"@context\":\"https:\\\/\\\/schema.org\",\"@graph\":[{\"@type\":\"Article\",\"@id\":\"https:\\\/\\\/allasorias.hu\\\/hirek\\\/dolgozni-nyugdij-utan-is\\\/#article\",\"name\":\"Dolgozni nyugd\\u00edj ut\\u00e1n is | AllasOrias.hu | H\\u00edrek-lapszemle\",\"headline\":\"Dolgozni nyugd\\u00edj ut\\u00e1n is\",\"author\":{\"@id\":\"https:\\\/\\\/allasorias.hu\\\/hirek\\\/author\\\/admin-allasorias\\\/#author\"},\"publisher\":{\"@id\":\"https:\\\/\\\/allasorias.hu\\\/hirek\\\/#organization\"},\"image\":{\"@type\":\"ImageObject\",\"url\":\"https:\\\/\\\/allasorias.hu\\\/hirek\\\/wp-content\\\/uploads\\\/2023\\\/11\\\/nyugdijas-munkavegzes.jpg\",\"width\":1280,\"height\":853,\"caption\":\"Dolgozni nyugd\\u00edj ut\\u00e1n is - Allasorias.hu\\\/Hirek\"},\"datePublished\":\"2023-11-10T11:20:07+02:00\",\"dateModified\":\"2023-11-10T11:21:41+02:00\",\"inLanguage\":\"hu-HU\",\"mainEntityOfPage\":{\"@id\":\"https:\\\/\\\/allasorias.hu\\\/hirek\\\/dolgozni-nyugdij-utan-is\\\/#webpage\"},\"isPartOf\":{\"@id\":\"https:\\\/\\\/allasorias.hu\\\/hirek\\\/dolgozni-nyugdij-utan-is\\\/#webpage\"},\"articleSection\":\"Munkaer\\u0151piac, nyugd\\u00edj, nyugd\\u00edjkorhat\\u00e1r\"},{\"@type\":\"BreadcrumbList\",\"@id\":\"https:\\\/\\\/allasorias.hu\\\/hirek\\\/dolgozni-nyugdij-utan-is\\\/#breadcrumblist\",\"itemListElement\":[{\"@type\":\"ListItem\",\"@id\":\"https:\\\/\\\/allasorias.hu\\\/hirek#listItem\",\"position\":1,\"name\":\"Home\",\"item\":\"https:\\\/\\\/allasorias.hu\\\/hirek\",\"nextItem\":{\"@type\":\"ListItem\",\"@id\":\"https:\\\/\\\/allasorias.hu\\\/hirek\\\/temak\\\/munkaeropiac\\\/#listItem\",\"name\":\"Munkaer\\u0151piac\"}},{\"@type\":\"ListItem\",\"@id\":\"https:\\\/\\\/allasorias.hu\\\/hirek\\\/temak\\\/munkaeropiac\\\/#listItem\",\"position\":2,\"name\":\"Munkaer\\u0151piac\",\"item\":\"https:\\\/\\\/allasorias.hu\\\/hirek\\\/temak\\\/munkaeropiac\\\/\",\"nextItem\":{\"@type\":\"ListItem\",\"@id\":\"https:\\\/\\\/allasorias.hu\\\/hirek\\\/dolgozni-nyugdij-utan-is\\\/#listItem\",\"name\":\"Dolgozni nyugd\\u00edj ut\\u00e1n is\"},\"previousItem\":{\"@type\":\"ListItem\",\"@id\":\"https:\\\/\\\/allasorias.hu\\\/hirek#listItem\",\"name\":\"Home\"}},{\"@type\":\"ListItem\",\"@id\":\"https:\\\/\\\/allasorias.hu\\\/hirek\\\/dolgozni-nyugdij-utan-is\\\/#listItem\",\"position\":3,\"name\":\"Dolgozni nyugd\\u00edj ut\\u00e1n is\",\"previousItem\":{\"@type\":\"ListItem\",\"@id\":\"https:\\\/\\\/allasorias.hu\\\/hirek\\\/temak\\\/munkaeropiac\\\/#listItem\",\"name\":\"Munkaer\\u0151piac\"}}]},{\"@type\":\"Organization\",\"@id\":\"https:\\\/\\\/allasorias.hu\\\/hirek\\\/#organization\",\"name\":\"AllasOrias.hu | H\\u00edrek-lapszemle\",\"description\":\"\\u00dczleti h\\u00edrek az \\u00e1ll\\u00e1s \\u00e9s a munka vil\\u00e1g\\u00e1b\\u00f3l\",\"url\":\"https:\\\/\\\/allasorias.hu\\\/hirek\\\/\",\"logo\":{\"@type\":\"ImageObject\",\"url\":\"https:\\\/\\\/allasorias.hu\\\/hirek\\\/wp-content\\\/uploads\\\/2022\\\/10\\\/allasorias_site_facebok_logo.png\",\"@id\":\"https:\\\/\\\/allasorias.hu\\\/hirek\\\/dolgozni-nyugdij-utan-is\\\/#organizationLogo\"},\"image\":{\"@id\":\"https:\\\/\\\/allasorias.hu\\\/hirek\\\/dolgozni-nyugdij-utan-is\\\/#organizationLogo\"},\"sameAs\":[\"https:\\\/\\\/www.facebook.com\\\/allasorias\",\"https:\\\/\\\/www.linkedin.com\\\/company\\\/allasorias\"]},{\"@type\":\"Person\",\"@id\":\"https:\\\/\\\/allasorias.hu\\\/hirek\\\/author\\\/admin-allasorias\\\/#author\",\"url\":\"https:\\\/\\\/allasorias.hu\\\/hirek\\\/author\\\/admin-allasorias\\\/\",\"name\":\"Juh\\u00e1sz P\\u00e9ter\",\"image\":{\"@type\":\"ImageObject\",\"@id\":\"https:\\\/\\\/allasorias.hu\\\/hirek\\\/dolgozni-nyugdij-utan-is\\\/#authorImage\",\"url\":\"https:\\\/\\\/secure.gravatar.com\\\/avatar\\\/36e6bcb83148978b992977cb0f54d22feb0cce8a0a849a9410532bb2623ba4c6?s=96&d=mm&r=g\",\"width\":96,\"height\":96,\"caption\":\"Juh\\u00e1sz P\\u00e9ter\"}},{\"@type\":\"WebPage\",\"@id\":\"https:\\\/\\\/allasorias.hu\\\/hirek\\\/dolgozni-nyugdij-utan-is\\\/#webpage\",\"url\":\"https:\\\/\\\/allasorias.hu\\\/hirek\\\/dolgozni-nyugdij-utan-is\\\/\",\"name\":\"Dolgozni nyugd\\u00edj ut\\u00e1n is | AllasOrias.hu | H\\u00edrek-lapszemle\",\"description\":\"Magyarorsz\\u00e1gon a nyugd\\u00edj el\\u0151tt \\u00e1ll\\u00f3k k\\u00f6r\\u00e9ben a legmagasabb az elszeg\\u00e9nyed\\u00e9s \\u00e9s a t\\u00e1rsadalmi kirekeszt\\u0151d\\u00e9s kock\\u00e1zata az Eurostat adatai alapj\\u00e1n.\",\"inLanguage\":\"hu-HU\",\"isPartOf\":{\"@id\":\"https:\\\/\\\/allasorias.hu\\\/hirek\\\/#website\"},\"breadcrumb\":{\"@id\":\"https:\\\/\\\/allasorias.hu\\\/hirek\\\/dolgozni-nyugdij-utan-is\\\/#breadcrumblist\"},\"author\":{\"@id\":\"https:\\\/\\\/allasorias.hu\\\/hirek\\\/author\\\/admin-allasorias\\\/#author\"},\"creator\":{\"@id\":\"https:\\\/\\\/allasorias.hu\\\/hirek\\\/author\\\/admin-allasorias\\\/#author\"},\"image\":{\"@type\":\"ImageObject\",\"url\":\"https:\\\/\\\/allasorias.hu\\\/hirek\\\/wp-content\\\/uploads\\\/2023\\\/11\\\/nyugdijas-munkavegzes.jpg\",\"@id\":\"https:\\\/\\\/allasorias.hu\\\/hirek\\\/dolgozni-nyugdij-utan-is\\\/#mainImage\",\"width\":1280,\"height\":853,\"caption\":\"Dolgozni nyugd\\u00edj ut\\u00e1n is - Allasorias.hu\\\/Hirek\"},\"primaryImageOfPage\":{\"@id\":\"https:\\\/\\\/allasorias.hu\\\/hirek\\\/dolgozni-nyugdij-utan-is\\\/#mainImage\"},\"datePublished\":\"2023-11-10T11:20:07+02:00\",\"dateModified\":\"2023-11-10T11:21:41+02:00\"},{\"@type\":\"WebSite\",\"@id\":\"https:\\\/\\\/allasorias.hu\\\/hirek\\\/#website\",\"url\":\"https:\\\/\\\/allasorias.hu\\\/hirek\\\/\",\"name\":\"AllasOrias.hu | H\\u00edrek-lapszemle\",\"description\":\"\\u00dczleti h\\u00edrek az \\u00e1ll\\u00e1s \\u00e9s a munka vil\\u00e1g\\u00e1b\\u00f3l\",\"inLanguage\":\"hu-HU\",\"publisher\":{\"@id\":\"https:\\\/\\\/allasorias.hu\\\/hirek\\\/#organization\"}}]}\n\t\t<\/script>\n\t\t<!-- All in One SEO -->\n\n","aioseo_head_json":{"title":"Dolgozni nyugd\u00edj ut\u00e1n is | AllasOrias.hu | H\u00edrek-lapszemle","description":"Magyarorsz\u00e1gon a nyugd\u00edj el\u0151tt \u00e1ll\u00f3k k\u00f6r\u00e9ben a legmagasabb az elszeg\u00e9nyed\u00e9s \u00e9s a t\u00e1rsadalmi kirekeszt\u0151d\u00e9s kock\u00e1zata az Eurostat adatai alapj\u00e1n.","canonical_url":"https:\/\/allasorias.hu\/hirek\/dolgozni-nyugdij-utan-is\/","robots":"max-image-preview:large","keywords":"nyugd\u00edj,nyugd\u00edjkorhat\u00e1r","webmasterTools":{"miscellaneous":""},"schema":{"@context":"https:\/\/schema.org","@graph":[{"@type":"Article","@id":"https:\/\/allasorias.hu\/hirek\/dolgozni-nyugdij-utan-is\/#article","name":"Dolgozni nyugd\u00edj ut\u00e1n is | AllasOrias.hu | H\u00edrek-lapszemle","headline":"Dolgozni nyugd\u00edj ut\u00e1n is","author":{"@id":"https:\/\/allasorias.hu\/hirek\/author\/admin-allasorias\/#author"},"publisher":{"@id":"https:\/\/allasorias.hu\/hirek\/#organization"},"image":{"@type":"ImageObject","url":"https:\/\/allasorias.hu\/hirek\/wp-content\/uploads\/2023\/11\/nyugdijas-munkavegzes.jpg","width":1280,"height":853,"caption":"Dolgozni nyugd\u00edj ut\u00e1n is - Allasorias.hu\/Hirek"},"datePublished":"2023-11-10T11:20:07+02:00","dateModified":"2023-11-10T11:21:41+02:00","inLanguage":"hu-HU","mainEntityOfPage":{"@id":"https:\/\/allasorias.hu\/hirek\/dolgozni-nyugdij-utan-is\/#webpage"},"isPartOf":{"@id":"https:\/\/allasorias.hu\/hirek\/dolgozni-nyugdij-utan-is\/#webpage"},"articleSection":"Munkaer\u0151piac, nyugd\u00edj, nyugd\u00edjkorhat\u00e1r"},{"@type":"BreadcrumbList","@id":"https:\/\/allasorias.hu\/hirek\/dolgozni-nyugdij-utan-is\/#breadcrumblist","itemListElement":[{"@type":"ListItem","@id":"https:\/\/allasorias.hu\/hirek#listItem","position":1,"name":"Home","item":"https:\/\/allasorias.hu\/hirek","nextItem":{"@type":"ListItem","@id":"https:\/\/allasorias.hu\/hirek\/temak\/munkaeropiac\/#listItem","name":"Munkaer\u0151piac"}},{"@type":"ListItem","@id":"https:\/\/allasorias.hu\/hirek\/temak\/munkaeropiac\/#listItem","position":2,"name":"Munkaer\u0151piac","item":"https:\/\/allasorias.hu\/hirek\/temak\/munkaeropiac\/","nextItem":{"@type":"ListItem","@id":"https:\/\/allasorias.hu\/hirek\/dolgozni-nyugdij-utan-is\/#listItem","name":"Dolgozni nyugd\u00edj ut\u00e1n is"},"previousItem":{"@type":"ListItem","@id":"https:\/\/allasorias.hu\/hirek#listItem","name":"Home"}},{"@type":"ListItem","@id":"https:\/\/allasorias.hu\/hirek\/dolgozni-nyugdij-utan-is\/#listItem","position":3,"name":"Dolgozni nyugd\u00edj ut\u00e1n is","previousItem":{"@type":"ListItem","@id":"https:\/\/allasorias.hu\/hirek\/temak\/munkaeropiac\/#listItem","name":"Munkaer\u0151piac"}}]},{"@type":"Organization","@id":"https:\/\/allasorias.hu\/hirek\/#organization","name":"AllasOrias.hu | H\u00edrek-lapszemle","description":"\u00dczleti h\u00edrek az \u00e1ll\u00e1s \u00e9s a munka vil\u00e1g\u00e1b\u00f3l","url":"https:\/\/allasorias.hu\/hirek\/","logo":{"@type":"ImageObject","url":"https:\/\/allasorias.hu\/hirek\/wp-content\/uploads\/2022\/10\/allasorias_site_facebok_logo.png","@id":"https:\/\/allasorias.hu\/hirek\/dolgozni-nyugdij-utan-is\/#organizationLogo"},"image":{"@id":"https:\/\/allasorias.hu\/hirek\/dolgozni-nyugdij-utan-is\/#organizationLogo"},"sameAs":["https:\/\/www.facebook.com\/allasorias","https:\/\/www.linkedin.com\/company\/allasorias"]},{"@type":"Person","@id":"https:\/\/allasorias.hu\/hirek\/author\/admin-allasorias\/#author","url":"https:\/\/allasorias.hu\/hirek\/author\/admin-allasorias\/","name":"Juh\u00e1sz P\u00e9ter","image":{"@type":"ImageObject","@id":"https:\/\/allasorias.hu\/hirek\/dolgozni-nyugdij-utan-is\/#authorImage","url":"https:\/\/secure.gravatar.com\/avatar\/36e6bcb83148978b992977cb0f54d22feb0cce8a0a849a9410532bb2623ba4c6?s=96&d=mm&r=g","width":96,"height":96,"caption":"Juh\u00e1sz P\u00e9ter"}},{"@type":"WebPage","@id":"https:\/\/allasorias.hu\/hirek\/dolgozni-nyugdij-utan-is\/#webpage","url":"https:\/\/allasorias.hu\/hirek\/dolgozni-nyugdij-utan-is\/","name":"Dolgozni nyugd\u00edj ut\u00e1n is | AllasOrias.hu | H\u00edrek-lapszemle","description":"Magyarorsz\u00e1gon a nyugd\u00edj el\u0151tt \u00e1ll\u00f3k k\u00f6r\u00e9ben a legmagasabb az elszeg\u00e9nyed\u00e9s \u00e9s a t\u00e1rsadalmi kirekeszt\u0151d\u00e9s kock\u00e1zata az Eurostat adatai alapj\u00e1n.","inLanguage":"hu-HU","isPartOf":{"@id":"https:\/\/allasorias.hu\/hirek\/#website"},"breadcrumb":{"@id":"https:\/\/allasorias.hu\/hirek\/dolgozni-nyugdij-utan-is\/#breadcrumblist"},"author":{"@id":"https:\/\/allasorias.hu\/hirek\/author\/admin-allasorias\/#author"},"creator":{"@id":"https:\/\/allasorias.hu\/hirek\/author\/admin-allasorias\/#author"},"image":{"@type":"ImageObject","url":"https:\/\/allasorias.hu\/hirek\/wp-content\/uploads\/2023\/11\/nyugdijas-munkavegzes.jpg","@id":"https:\/\/allasorias.hu\/hirek\/dolgozni-nyugdij-utan-is\/#mainImage","width":1280,"height":853,"caption":"Dolgozni nyugd\u00edj ut\u00e1n is - Allasorias.hu\/Hirek"},"primaryImageOfPage":{"@id":"https:\/\/allasorias.hu\/hirek\/dolgozni-nyugdij-utan-is\/#mainImage"},"datePublished":"2023-11-10T11:20:07+02:00","dateModified":"2023-11-10T11:21:41+02:00"},{"@type":"WebSite","@id":"https:\/\/allasorias.hu\/hirek\/#website","url":"https:\/\/allasorias.hu\/hirek\/","name":"AllasOrias.hu | H\u00edrek-lapszemle","description":"\u00dczleti h\u00edrek az \u00e1ll\u00e1s \u00e9s a munka vil\u00e1g\u00e1b\u00f3l","inLanguage":"hu-HU","publisher":{"@id":"https:\/\/allasorias.hu\/hirek\/#organization"}}]},"og:locale":"hu_HU","og:site_name":"AllasOrias.hu | H\u00edrek-lapszemle | \u00dczleti h\u00edrek az \u00e1ll\u00e1s \u00e9s a munka vil\u00e1g\u00e1b\u00f3l","og:type":"article","og:title":"Dolgozni nyugd\u00edj ut\u00e1n is | AllasOrias.hu | H\u00edrek-lapszemle","og:description":"Magyarorsz\u00e1gon a nyugd\u00edj el\u0151tt \u00e1ll\u00f3k k\u00f6r\u00e9ben a legmagasabb az elszeg\u00e9nyed\u00e9s \u00e9s a t\u00e1rsadalmi kirekeszt\u0151d\u00e9s kock\u00e1zata az Eurostat adatai alapj\u00e1n.","og:url":"https:\/\/allasorias.hu\/hirek\/dolgozni-nyugdij-utan-is\/","og:image":"https:\/\/allasorias.hu\/hirek\/wp-content\/uploads\/2023\/11\/nyugdijas-munkavegzes.jpg","og:image:secure_url":"https:\/\/allasorias.hu\/hirek\/wp-content\/uploads\/2023\/11\/nyugdijas-munkavegzes.jpg","og:image:width":1280,"og:image:height":853,"article:published_time":"2023-11-10T09:20:07+00:00","article:modified_time":"2023-11-10T09:21:41+00:00","article:publisher":"https:\/\/www.facebook.com\/allasorias","twitter:card":"summary_large_image","twitter:title":"Dolgozni nyugd\u00edj ut\u00e1n is | AllasOrias.hu | H\u00edrek-lapszemle","twitter:description":"Magyarorsz\u00e1gon a nyugd\u00edj el\u0151tt \u00e1ll\u00f3k k\u00f6r\u00e9ben a legmagasabb az elszeg\u00e9nyed\u00e9s \u00e9s a t\u00e1rsadalmi kirekeszt\u0151d\u00e9s kock\u00e1zata az Eurostat adatai alapj\u00e1n.","twitter:image":"https:\/\/allasorias.hu\/hirek\/wp-content\/uploads\/2023\/11\/nyugdijas-munkavegzes.jpg","twitter:label1":"Written by","twitter:data1":"Juh\u00e1sz P\u00e9ter","twitter:label2":"Est. reading time","twitter:data2":"3 minutes"},"aioseo_meta_data":{"post_id":"6988","title":null,"description":"Magyarorsz\u00e1gon a nyugd\u00edj el\u0151tt \u00e1ll\u00f3k k\u00f6r\u00e9ben a legmagasabb az elszeg\u00e9nyed\u00e9s \u00e9s a t\u00e1rsadalmi kirekeszt\u0151d\u00e9s kock\u00e1zata az Eurostat adatai alapj\u00e1n.","keywords":[],"keyphrases":{"focus":{"keyphrase":"","score":0,"analysis":{"keyphraseInTitle":{"score":0,"maxScore":9,"error":1}}},"additional":[]},"primary_term":null,"canonical_url":null,"og_title":null,"og_description":null,"og_object_type":"default","og_image_type":"default","og_image_url":null,"og_image_width":null,"og_image_height":null,"og_image_custom_url":null,"og_image_custom_fields":null,"og_video":"","og_custom_url":null,"og_article_section":null,"og_article_tags":[],"twitter_use_og":true,"twitter_card":"default","twitter_image_type":"default","twitter_image_url":null,"twitter_image_custom_url":null,"twitter_image_custom_fields":null,"twitter_title":null,"twitter_description":null,"schema":{"blockGraphs":[],"customGraphs":[],"default":{"data":{"Article":[],"Course":[],"Dataset":[],"FAQPage":[],"Movie":[],"Person":[],"Product":[],"ProductReview":[],"Car":[],"Recipe":[],"Service":[],"SoftwareApplication":[],"WebPage":[]},"graphName":"Article","isEnabled":true},"graphs":[]},"schema_type":"default","schema_type_options":null,"pillar_content":false,"robots_default":true,"robots_noindex":false,"robots_noarchive":false,"robots_nosnippet":false,"robots_nofollow":false,"robots_noimageindex":false,"robots_noodp":false,"robots_notranslate":false,"robots_max_snippet":"-1","robots_max_videopreview":"-1","robots_max_imagepreview":"large","priority":null,"frequency":"default","location":null,"local_seo":null,"breadcrumb_settings":null,"limit_modified_date":false,"ai":null,"created":"2023-11-10 09:04:44","updated":"2025-10-02 19:12:29","seo_analyzer_scan_date":null,"focus_keyword":null,"additional_keywords":null,"truseo_locale":null},"aioseo_breadcrumb":"<div class=\"aioseo-breadcrumbs\"><span class=\"aioseo-breadcrumb\">\n\t\t\t<a href=\"https:\/\/allasorias.hu\/hirek\" title=\"Home\">Home<\/a>\n\t\t<\/span><span class=\"aioseo-breadcrumb-separator\">&raquo;<\/span><span class=\"aioseo-breadcrumb\">\n\t\t\t<a href=\"https:\/\/allasorias.hu\/hirek\/temak\/munkaeropiac\/\" title=\"Munkaer\u0151piac\">Munkaer\u0151piac<\/a>\n\t\t<\/span><span class=\"aioseo-breadcrumb-separator\">&raquo;<\/span><span class=\"aioseo-breadcrumb\">\n\t\t\tDolgozni nyugd\u00edj ut\u00e1n is\n\t\t<\/span><\/div>","aioseo_breadcrumb_json":[{"label":"Home","link":"https:\/\/allasorias.hu\/hirek"},{"label":"Munkaer\u0151piac","link":"https:\/\/allasorias.hu\/hirek\/temak\/munkaeropiac\/"},{"label":"Dolgozni nyugd\u00edj ut\u00e1n is","link":"https:\/\/allasorias.hu\/hirek\/dolgozni-nyugdij-utan-is\/"}],"_links":{"self":[{"href":"https:\/\/allasorias.hu\/hirek\/wp-json\/wp\/v2\/posts\/6988","targetHints":{"allow":["GET"]}}],"collection":[{"href":"https:\/\/allasorias.hu\/hirek\/wp-json\/wp\/v2\/posts"}],"about":[{"href":"https:\/\/allasorias.hu\/hirek\/wp-json\/wp\/v2\/types\/post"}],"author":[{"embeddable":true,"href":"https:\/\/allasorias.hu\/hirek\/wp-json\/wp\/v2\/users\/1"}],"replies":[{"embeddable":true,"href":"https:\/\/allasorias.hu\/hirek\/wp-json\/wp\/v2\/comments?post=6988"}],"version-history":[{"count":3,"href":"https:\/\/allasorias.hu\/hirek\/wp-json\/wp\/v2\/posts\/6988\/revisions"}],"predecessor-version":[{"id":6992,"href":"https:\/\/allasorias.hu\/hirek\/wp-json\/wp\/v2\/posts\/6988\/revisions\/6992"}],"wp:featuredmedia":[{"embeddable":true,"href":"https:\/\/allasorias.hu\/hirek\/wp-json\/wp\/v2\/media\/6989"}],"wp:attachment":[{"href":"https:\/\/allasorias.hu\/hirek\/wp-json\/wp\/v2\/media?parent=6988"}],"wp:term":[{"taxonomy":"category","embeddable":true,"href":"https:\/\/allasorias.hu\/hirek\/wp-json\/wp\/v2\/categories?post=6988"},{"taxonomy":"post_tag","embeddable":true,"href":"https:\/\/allasorias.hu\/hirek\/wp-json\/wp\/v2\/tags?post=6988"}],"curies":[{"name":"wp","href":"https:\/\/api.w.org\/{rel}","templated":true}]}}